{"id":227115,"date":"2021-11-23T15:22:51","date_gmt":"2021-11-23T11:22:51","guid":{"rendered":"https:\/\/www.meydan.tv\/?p=227115"},"modified":"2021-11-23T15:22:52","modified_gmt":"2021-11-23T11:22:52","slug":"sumqayitdan-1013-imza-ve-1013-problemli-insan","status":"publish","type":"post","link":"https:\/\/www.meydan.tv\/az\/article\/sumqayitdan-1013-imza-ve-1013-problemli-insan\/","title":{"rendered":"Sumqay\u0131tdan 1013 imza v\u0259 1013 problemli insan"},"content":{"rendered":"\n<p>Sakinl\u0259r Prezidentd\u0259n k\u00f6m\u0259k ist\u0259di<br><\/p>\n\n\n\n<p>Sumqay\u0131t \u015f\u0259h\u0259ri yax\u0131nl\u0131\u011f\u0131ndak\u0131 zavodlardan g\u0259l\u0259n t\u00fcst\u00fcl\u0259r \u015f\u0259h\u0259rin sakinl\u0259rini narahat edir. Son bir ild\u0259 daha da g\u00fccl\u0259n\u0259n zavod t\u00fcst\u00fcl\u0259rin\u0259 g\u00f6r\u0259 sakinl\u0259rin \u00fcz tutmad\u0131qlar\u0131 qurum qalmay\u0131b.<br><\/p>\n\n\n\n<p>Sumqay\u0131t sakini Aynur \u018fliyeva deyir ki, bu hal ill\u0259rdir davam edir, amma son zamanlar daha da art\u0131b. S\u0259b\u0259bi is\u0259 m\u0259lum deyil. O t\u0259xmin edir ki, s\u0259b\u0259b \u0259halinin art\u0131m\u0131 ola bil\u0259r:<br><\/p>\n\n\n\n<p>\u201c\u0130stehlak art\u0131r, n\u0259tic\u0259d\u0259 m\u0259i\u015f\u0259t tullant\u0131lar\u0131 da art\u0131r. Poliqon tez-tez dolur. Ora baxanlar da h\u0259min poliqonu yand\u0131r\u0131r v\u0259 bizim qara g\u00fcnl\u0259rimiz ba\u015flay\u0131r. Bu yay p\u0259nc\u0259r\u0259ni a\u00e7mad\u0131m. O\u011flum kondisioner ald\u0131, \u00e7\u00f6l\u00fcn havas\u0131n\u0131 filterd\u0259n ke\u00e7irib i\u00e7\u0259ri verirdi. \u0130nan\u0131n, onda bel\u0259 azca qoxu g\u0259lirdi\u201d.<br><\/p>\n\n\n\n<p>Aynur \u018fliyeva h\u0259y\u0259t evind\u0259 ya\u015fay\u0131r. Evl\u0259rinin r\u00fctub\u0259tli olmas\u0131ndan \u015fikay\u0259tl\u0259nir. Dem\u0259sin\u0259 g\u00f6r\u0259, bel\u0259 evl\u0259r \u0259slind\u0259 tez-tez havaland\u0131r\u0131lmal\u0131d\u0131r, ancaq qoxu \u0259lind\u0259n p\u0259nc\u0259r\u0259ni a\u00e7a bilmir:<br><\/p>\n\n\n\n<p>\u201cEv\u0259 pis qoxu girm\u0259sin dey\u0259 p\u0259nc\u0259r\u0259ni a\u00e7m\u0131r\u0131q. Paltarlar\u0131m\u0131zdan, \u015fkaflar\u0131m\u0131zdan r\u00fctub\u0259t qoxusu g\u0259lir. Kim\u0259 deyirs\u0259n, m\u00fcraci\u0259t edirs\u0259n, g\u0259lib poliqona baxanlar\u0131 c\u0259rim\u0259l\u0259yib, gedirl\u0259r. Guya bilmirl\u0259r? Yax\u015f\u0131 da x\u0259b\u0259rl\u0259ri var. Ham\u0131s\u0131 g\u00f6zd\u0259n p\u0259rd\u0259 asmaq \u00fc\u00e7\u00fcnd\u00fcr\u201d.<br><\/p>\n\n\n\n<p>Sumqay\u0131t\u0131n sakinl\u0259ri yerli icra hakimiyy\u0259tind\u0259n tutmu\u015f Ekologiya v\u0259 T\u0259bii S\u0259rv\u0259tl\u0259r Nazirliyin\u0259c\u0259n gedib \u00e7\u0131x\u0131blar. Ancaq bir n\u0259tic\u0259si olmay\u0131b.<br><\/p>\n\n\n\n<p>Dem\u0259l\u0259rin\u0259 g\u00f6r\u0259, yayda \u015f\u0259h\u0259rin \u00fcz\u0259rini alan t\u00fcst\u00fc, eyni zamanda \u0259traf\u0131 b\u00fcr\u00fcy\u0259n \u00fcfun\u0259t iyind\u0259n bezibl\u0259r. X\u00fcsus\u0259n d\u0259 zavodlar olan \u0259razil\u0259r\u0259 yax\u0131n ya\u015fayanlar. Gah deyibl\u0259r ki, kims\u0259 zibil poliqonuna qanunsuz od vurub, gah da deyibl\u0259r ki, d\u00fcz\u0259l\u0259c\u0259k, m\u00fcv\u0259qq\u0259ti problem yaran\u0131bm\u0131\u015f. Ancaq sakinl\u0259r bildirirl\u0259r ki, b\u00fct\u00fcn bu t\u0259dbirl\u0259r i\u015f\u0259 yaramay\u0131b. Art\u0131q \u0259laclar\u0131 b\u00fct\u00fcn d\u00f6vl\u0259t qurumlar\u0131ndan k\u0259sil\u0259n Sumqay\u0131t sakinl\u0259ri Prezident \u0130lham \u018fliyev\u0259 m\u00fcraci\u0259t etm\u0259k q\u0259rar\u0131na g\u0259libl\u0259r.<br><\/p>\n\n\n\n<p>Sentyabr\u0131n 14-d\u0259n \u015f\u0259h\u0259rin sakinl\u0259ri \u201cEcofront\u201d eko aktivist qrupunun t\u0259\u015f\u0259bb\u00fcs\u00fc il\u0259 imzatoplama kampaniyas\u0131na ba\u015flay\u0131blar. N\u0259hay\u0259t, bu g\u00fcnl\u0259rd\u0259 1013 imza toplay\u0131b, m\u00fcraci\u0259t formas\u0131 il\u0259 birlikd\u0259 Prezident \u0130lham \u018fliyev\u0259 g\u00f6nd\u0259ribl\u0259r.<br><\/p>\n\n\n\n<p>Sakinl\u0259r bildirirl\u0259r ki, Sumqay\u0131t \u015f\u0259h\u0259rinin m\u0259i\u015f\u0259t tullant\u0131lar\u0131n\u0131n idar\u0259 edilm\u0259si poliqonunda ba\u015f ver\u0259n yan\u011f\u0131nlardan da, \u015f\u0259h\u0259r \u0259traf\u0131ndak\u0131 s\u0259naye m\u00fc\u0259ssis\u0259l\u0259rinin \u00e7irkli f\u0259aliyy\u0259tind\u0259n d\u0259 \u00e7ox yorulublar. H\u0259min yan\u011f\u0131nlar\u0131n t\u00fcst\u00fcs\u00fc, zavodlardan \u00e7\u0131xan z\u0259r\u0259rli qazlar k\u00fcl\u0259yin istiqam\u0259tind\u0259n as\u0131l\u0131 olaraq Sumqay\u0131t \u015f\u0259h\u0259ri, Ceyranbatan v\u0259 Hac\u0131 Zeynalabdin q\u0259s\u0259b\u0259l\u0259rinin v\u0259 dig\u0259r ya\u015fay\u0131\u015f massivl\u0259rinin sakinl\u0259rini hava \u00e7irkl\u0259nm\u0259sin\u0259 m\u0259ruz qoyur:<br><\/p>\n\n\n\n<p>\u201cSon ill\u0259r Sumqay\u0131t \u015f\u0259h\u0259rinin \u0259halisi v\u0259 istehlak\u0131 art\u0131b. Bu, m\u0259i\u015f\u0259t tullant\u0131lar\u0131n\u0131n h\u0259cminin artmas\u0131na s\u0259b\u0259b olub. \u018fvv\u0259ll\u0259r poliqon \u015f\u0259h\u0259rd\u0259n k\u0259narda, bo\u015f sah\u0259d\u0259 idi. Son ill\u0259r Sumqay\u0131t \u015f\u0259h\u0259ri poliqon istiqam\u0259tind\u0259 xeyli geni\u015fl\u0259nib. Dig\u0259r istiqam\u0259tl\u0259rd\u0259 d\u0259 poliqonun yax\u0131n \u0259traf\u0131nda yeni ya\u015fay\u0131\u015f massivl\u0259ri sal\u0131n\u0131b. N\u0259tic\u0259d\u0259 insanlar h\u0259min poliqonun qoxusundan v\u0259 yan\u011f\u0131nlar\u0131n t\u00fcst\u00fcs\u00fcnd\u0259n bezib\u201d.<\/p>\n\n\n\n<figure class=\"wp-block-image size-large\"><img decoding=\"async\" width=\"1095\" height=\"821\" data-src=\"https:\/\/www.meydan.tv\/wp-content\/uploads\/230063765_4185252341523599_8466832600019229247_n-1095x821.jpg\" alt=\"\" class=\"wp-image-227116 lazyload\" src=\"data:image\/svg+xml;base64,PHN2ZyB3aWR0aD0iMSIgaGVpZ2h0PSIxIiB4bWxucz0iaHR0cDovL3d3dy53My5vcmcvMjAwMC9zdmciPjwvc3ZnPg==\" style=\"--smush-placeholder-width: 1095px; --smush-placeholder-aspect-ratio: 1095\/821;\" \/><figcaption>Sumqay\u0131t, Foto: Ecofront<\/figcaption><\/figure>\n\n\n\n<p>Sumqay\u0131tl\u0131lar bildirir ki, h\u0259tta orada yan\u011f\u0131n olmad\u0131qda bel\u0259 k\u00fcl\u0259yin istiqam\u0259tind\u0259n as\u0131l\u0131 olaraq yax\u0131nl\u0131qda ya\u015fayan sakinl\u0259r poliqonun \u00fcfun\u0259t qoxusunda n\u0259f\u0259s almal\u0131 olur. He\u00e7 bir infrastrukturu olmayan bu poliqon Sumqay\u0131t \u015f\u0259h\u0259rinin v\u0259 \u0259traf q\u0259s\u0259b\u0259l\u0259rin artan m\u0259i\u015f\u0259t tullant\u0131lar\u0131n\u0131 q\u0259bul etm\u0259k potensial\u0131nda deyil.<br><\/p>\n\n\n\n<p>Sakinl\u0259r deyirl\u0259r ki, ETSN-in a\u00e7\u0131qlamalar\u0131 v\u0259 \u00f6zl\u0259rinin apard\u0131qlar\u0131 monitorinql\u0259r\u0259 \u0259sas\u0259n, \u015f\u0259h\u0259rin havas\u0131n\u0131 \u0259n \u00e7ox \u00e7irkl\u0259ndir\u0259n m\u00fc\u0259ssis\u0259l\u0259r bunlard\u0131r:<\/p>\n\n\n\n<ul class=\"wp-block-list\"><li>Sumqay\u0131t m\u0259i\u015f\u0259t tullant\u0131lar\u0131n\u0131n idar\u0259edilm\u0259si poliqonu<\/li><li>Sumqay\u0131t Kimya S\u0259naye Park\u0131nda yerl\u0259\u015f\u0259n \u201cBaku Non Ferrous and Foundry Company\u201d MMC-y\u0259 m\u0259xsus \u0259lvan metallar v\u0259 ferro\u0259rintil\u0259r zavodu<\/li><li>\u201cAz\u0259rsun\u201dun S\u0259naye Pak\u0131nda yerl\u0259\u015f\u0259n ya\u011f zavodu<\/li><li>Ceyranbatan q\u0259s\u0259b\u0259sind\u0259 yerl\u0259\u015f\u0259n \u201cAzMet\u201d QSC-y\u0259 m\u0259xsus metallurgiya zavodu<\/li><li>Sumqay\u0131t \u015f\u0259h\u0259rind\u0259 yerl\u0259\u015f\u0259n Etilen Polietilen Zavodu<\/li><li>v\u0259 \u015f\u0259h\u0259rin \u0259traf\u0131nda yerl\u0259\u015f\u0259n kustar \u00fcsullarla f\u0259aliyy\u0259t g\u00f6st\u0259r\u0259n metallurgiya m\u00fc\u0259ssis\u0259l\u0259ri<br>Sakinl\u0259r Prezident \u0130lham \u018fliyev\u0259 m\u00fcraci\u0259tl\u0259 bildirirl\u0259r ki, bu adlar\u0131 \u00e7\u0259kil\u0259n m\u00fc\u0259ssis\u0259l\u0259rin \u0259ks\u0259riyy\u0259tinin a\u00e7\u0131l\u0131\u015f\u0131nda o i\u015ftirak edib. Odur ki, m\u00fc\u0259ssis\u0259 sahibl\u0259ri etirazlara \u201cPrezident a\u00e7\u0131l\u0131\u015fda i\u015ftirak edib, dem\u0259li, laz\u0131ml\u0131 m\u00fc\u0259ssis\u0259dir\u201d, \u2013 dey\u0259 cavab verirl\u0259r:    <\/li><\/ul>\n\n\n\n<p>\u201cSizin a\u00e7\u0131l\u0131\u015fda i\u015ftirak\u0131n\u0131z\u0131 keyfiyy\u0259t g\u00f6st\u0259ricisi kimi t\u0259qdim edirl\u0259r. Bu m\u00fc\u0259ssis\u0259l\u0259r m\u00fcasir texnologiyalara sahib olsalar da, qaz-toz tutucu qur\u011fular\u0131 vaxt\u0131nda yenil\u0259mirl\u0259r v\u0259 onlar\u0131n istismar qaydalar\u0131na \u0259m\u0259l etmirl\u0259r. Aylard\u0131r m\u0259s\u0259l\u0259nin g\u00fcnd\u0259md\u0259 olmas\u0131na, v\u0259t\u0259nda\u015flar\u0131n \u00e7oxsayl\u0131 \u015fikay\u0259tl\u0259rin\u0259, Ekologiya v\u0259 T\u0259bii S\u0259rv\u0259tl\u0259r Nazirliyinin s\u00f6z\u00fcged\u0259n poliqona v\u0259 yuxar\u0131da adlar\u0131 \u00e7\u0259kil\u0259n bir ne\u00e7\u0259 \u00e7irkli s\u0259naye m\u00fc\u0259ssis\u0259sin\u0259 d\u0259f\u0259l\u0259rl\u0259 c\u0259rim\u0259 yazmas\u0131na baxmayaraq, \u00e7irkli f\u0259aliyy\u0259tl\u0259r oldu\u011fu kimi davam edir\u201d.<\/p>\n\n\n\n<p>Sumqay\u0131t sakinl\u0259ri Prezident \u0130lham \u018fliyevd\u0259n Sumqay\u0131t \u015f\u0259h\u0259rinin m\u0259i\u015f\u0259t tullant\u0131lar\u0131n\u0131n idar\u0259 edilm\u0259si poliqonunun f\u0259aliyy\u0259tini dayand\u0131rmas\u0131na g\u00f6st\u0259ri\u015f verm\u0259sini xahi\u015f edirl\u0259r:<\/p>\n\n\n\n<p>\u201cRica edirik, \u015f\u0259h\u0259r \u0259traf\u0131nda havan\u0131n yol veril\u0259n h\u0259dd\u0259n art\u0131q \u00e7irkl\u0259nm\u0259sin\u0259 s\u0259b\u0259b olan m\u00fc\u0259ssis\u0259l\u0259rin qaz-toz tutucu qur\u011fular qura\u015fd\u0131rmalar\u0131na v\u0259 onlar\u0131n istismar qaydalar\u0131na \u0259m\u0259l etm\u0259l\u0259rin\u0259 d\u0259 g\u00f6st\u0259ri\u015f verin. Sumqay\u0131t \u015f\u0259h\u0259ri ba\u015fda olmaqla dig\u0259r b\u00f6y\u00fck s\u0259naye \u015f\u0259h\u0259rl\u0259rind\u0259 v\u0259 \u00f6lk\u0259 \u0259razisind\u0259 havan\u0131n keyfiyy\u0259tinin davaml\u0131 monitorinqinin apar\u0131lmas\u0131 \u00fc\u00e7\u00fcn infrastrukturun qurulmas\u0131na v\u0259 monitorinql\u0259rin n\u0259tic\u0259l\u0259rinin ictimaiyy\u0259t\u0259 \u0259l\u00e7atanl\u0131\u011f\u0131n\u0131 t\u0259min etm\u0259k \u00fc\u00e7\u00fcn onlayn platforman\u0131n yarad\u0131lmas\u0131na da g\u00f6st\u0259ri\u015f vers\u0259niz \u00e7ox sevin\u0259rik\u201d.<br><\/p>\n\n\n\n<p>Sakinl\u0259r Prezident \u0130lham \u018fliyevd\u0259n onu da xahi\u015f edirl\u0259r ki, havan\u0131n keyfiyy\u0259tinin yax\u015f\u0131la\u015fd\u0131r\u0131lmas\u0131 \u00fc\u00e7\u00fcn qar\u015f\u0131dak\u0131 ill\u0259rl\u0259 ba\u011fl\u0131 h\u0259d\u0259fl\u0259rin t\u0259yin edilm\u0259sin\u0259 v\u0259 f\u0259aliyy\u0259t plan\u0131n\u0131n haz\u0131rlanmas\u0131na d\u0259st\u0259k versin.<br><\/p>\n\n\n\n<p>Ekologiya v\u0259 T\u0259bii S\u0259rv\u0259tl\u0259r Nazirliyinin \u201cQaynar X\u0259tt\u201dind\u0259n Meydan TV-y\u0259 bildirilib ki, d\u0259f\u0259l\u0259rl\u0259 bu probleml\u0259 ba\u011fl\u0131 Sumqay\u0131t \u015f\u0259h\u0259rind\u0259 monitorinql\u0259r apar\u0131l\u0131b. H\u0259tta bir ne\u00e7\u0259 m\u00fc\u0259ssis\u0259 c\u0259rim\u0259l\u0259nib:<br><\/p>\n\n\n\n<p>\u201cMonitorinql\u0259r vaxta\u015f\u0131r\u0131 t\u0259krarlan\u0131r v\u0259 oradak\u0131 v\u0259ziyy\u0259t n\u0259zar\u0259t alt\u0131ndad\u0131r\u201d.<br><\/p>\n\n\n\n<p>Nazirliyin daha \u00f6nc\u0259 bununla ba\u011fl\u0131 yayd\u0131\u011f\u0131 <a href=\"http:\/\/eco.gov.az\/az\/nazirlik\/xeber?newsID=12918\" target=\"_blank\" rel=\"noreferrer noopener\">m\u0259lumat<\/a>da qeyd olunub ki, Sumqay\u0131t \u015f\u0259h\u0259rind\u0259 havada t\u00fcst\u00fcn\u00fcn, xo\u015fag\u0259lm\u0259z qoxunun qeyd\u0259 al\u0131nmas\u0131, atmosferin \u00e7irkl\u0259nm\u0259si son zamanlar vaxta\u015f\u0131r\u0131 m\u00fc\u015fahid\u0259 edilir. Bu s\u0259b\u0259bd\u0259n, D\u00f6vl\u0259t Ekoloji T\u0259hl\u00fck\u0259sizlik Xidm\u0259tinin \u0259m\u0259kda\u015flar\u0131 t\u0259r\u0259find\u0259n Sumqay\u0131t \u015f\u0259h\u0259rinin m\u00fcxt\u0259lif \u0259razil\u0259rind\u0259 tez-tez monitorinq ke\u00e7irilib v\u0259 m\u00fcasir cihazlarla havan\u0131n t\u0259rkibi yoxlan\u0131l\u0131b.<br><\/p>\n\n\n\n<p>Xidm\u0259t r\u0259isi Hikm\u0259t \u018flizad\u0259nin dem\u0259sin\u0259 g\u00f6r\u0259, ke\u00e7iril\u0259n monitorinql\u0259r zaman\u0131 Sumqay\u0131t Kimya S\u0259naye Park\u0131 \u0259razisind\u0259 f\u0259aliyy\u0259t g\u00f6st\u0259r\u0259n \u201cBaku Non Ferrous and Foundry Company\u201d MMC v\u0259 H.Z.Ta\u011f\u0131yev ad\u0131na q\u0259s\u0259b\u0259d\u0259 f\u0259aliyy\u0259t g\u00f6st\u0259r\u0259n ya\u011f zavodundan atmosfer\u0259 normadan art\u0131q hidrogen-sulfidin at\u0131ld\u0131\u011f\u0131 m\u00fc\u0259yy\u0259n edilib:<br><\/p>\n\n\n\n<p>\u201cFaktla ba\u011fl\u0131 h\u0259r iki m\u00fc\u0259ssis\u0259 bar\u0259sind\u0259 akt v\u0259 protokol t\u0259rtib olunub v\u0259 onlar\u0131n h\u00fcquqi \u015f\u0259xs qismind\u0259 10 500 manatdan 12 500 manatad\u0259k c\u0259rim\u0259l\u0259nm\u0259l\u0259ri \u00fc\u00e7\u00fcn toplanm\u0131\u015f s\u0259n\u0259dl\u0259r Sumqay\u0131t \u015e\u0259h\u0259r M\u0259hk\u0259m\u0259sin\u0259 g\u00f6nd\u0259rilib. Dig\u0259r bir ne\u00e7\u0259 m\u00fc\u0259ssis\u0259d\u0259 d\u0259 g\u00fcn\u00fcn m\u00fcxt\u0259lif saatlar\u0131nda, eyni zamanda, gec\u0259 saatlar\u0131nda monitorinql\u0259r ke\u00e7irildi v\u0259 n\u0259tic\u0259l\u0259r norma daxilind\u0259 m\u00fc\u0259yy\u0259n olundu\u201d.<br><\/p>\n\n\n\n<p>Aynur \u018fliyeva deyir ki, art\u0131q i\u015fin c\u0259rim\u0259, monitorinq, m\u0259hk\u0259m\u0259 il\u0259 h\u0259ll olunaca\u011f\u0131na \u00fcmidi yoxdur, b\u0259lk\u0259 Prezident \u0130lham \u018fliyev bu i\u015fi n\u0259zar\u0259t\u0259 g\u00f6t\u00fcrs\u0259, n\u0259s\u0259 ba\u015f ver\u0259 bil\u0259r:<br><\/p>\n\n\n\n<p>\u201c\u00dcmid edir\u0259m bizim Prezidentimiz bir \u015f\u0259h\u0259rin, o \u015f\u0259h\u0259rin insanlar\u0131n\u0131n m\u0259hv olmas\u0131na g\u00f6z yummaz. \u00d6z\u00fc d\u0259 o \u015f\u0259h\u0259r \u00f6lk\u0259nin paytaxt\u0131na bir-iki add\u0131m m\u0259saf\u0259d\u0259dirs\u0259\u2026\u201d.<\/p>\n","protected":false},"excerpt":{"rendered":"<p>Sakinl\u0259r Prezidentd\u0259n k\u00f6m\u0259k ist\u0259di Sumqay\u0131t \u015f\u0259h\u0259ri yax\u0131nl\u0131\u011f\u0131ndak\u0131 zavodlardan g\u0259l\u0259n t\u00fcst\u00fcl\u0259r &#8230; <\/p>\n<p class=\"read-more-container\"><a title=\"Sumqay\u0131tdan 1013 imza v\u0259 1013 problemli insan\" class=\"read-more button\" href=\"https:\/\/www.meydan.tv\/az\/article\/sumqayitdan-1013-imza-ve-1013-problemli-insan\/#more-227115\" aria-label=\"Read more about Sumqay\u0131tdan 1013 imza v\u0259 1013 problemli insan\">Davam\u0131<\/a><\/p>\n","protected":false},"author":8,"featured_media":227119,"comment_status":"closed","ping_status":"closed","sticky":false,"template":"","format":"standard","meta":{"_acf_changed":false,"_sitemap_exclude":false,"_sitemap_priority":"","_sitemap_frequency":"","footnotes":""},"categories":[60,79,56],"tags":[],"class_list":["post-227115","post","type-post","status-publish","format-standard","has-post-thumbnail","hentry","category-bolge","category-featured","category-xeberler","infinite-scroll-item","generate-columns","tablet-grid-50","mobile-grid-100","grid-parent","grid-33","no-featured-image-padding"],"acf":[],"yoast_head":"<!-- This site is optimized with the Yoast SEO plugin v27.5 - https:\/\/yoast.com\/product\/yoast-seo-wordpress\/ -->\n<title>Sumqay\u0131tdan 1013 imza v\u0259 1013 problemli insan - MEYDAN.TV<\/title>\n<meta name=\"robots\" content=\"index, follow, max-snippet:-1, max-image-preview:large, max-video-preview:-1\" \/>\n<link rel=\"canonical\" href=\"https:\/\/www.meydan.tv\/az\/article\/sumqayitdan-1013-imza-ve-1013-problemli-insan\/\" \/>\n<meta property=\"og:locale\" content=\"az_AZ\" \/>\n<meta property=\"og:type\" content=\"article\" \/>\n<meta property=\"og:title\" content=\"Sumqay\u0131tdan 1013 imza v\u0259 1013 problemli insan - MEYDAN.TV\" \/>\n<meta property=\"og:description\" content=\"Sakinl\u0259r Prezidentd\u0259n k\u00f6m\u0259k ist\u0259di Sumqay\u0131t \u015f\u0259h\u0259ri yax\u0131nl\u0131\u011f\u0131ndak\u0131 zavodlardan g\u0259l\u0259n t\u00fcst\u00fcl\u0259r ... Davam\u0131\" \/>\n<meta property=\"og:url\" content=\"https:\/\/www.meydan.tv\/az\/article\/sumqayitdan-1013-imza-ve-1013-problemli-insan\/\" \/>\n<meta property=\"og:site_name\" content=\"MEYDAN.TV\" \/>\n<meta property=\"article:published_time\" content=\"2021-11-23T11:22:51+00:00\" \/>\n<meta property=\"article:modified_time\" content=\"2021-11-23T11:22:52+00:00\" \/>\n<meta property=\"og:image\" content=\"https:\/\/www.meydan.tv\/wp-content\/uploads\/233141116_4195333227182177_6650416965057116865_n.jpg\" \/>\n\t<meta property=\"og:image:width\" content=\"1427\" \/>\n\t<meta property=\"og:image:height\" content=\"800\" \/>\n\t<meta property=\"og:image:type\" content=\"image\/jpeg\" \/>\n<meta name=\"author\" content=\"elli\" \/>\n<meta name=\"twitter:card\" content=\"summary_large_image\" \/>\n<meta name=\"twitter:creator\" content=\"@elli\" \/>\n<script type=\"application\/ld+json\" class=\"yoast-schema-graph\">{\"@context\":\"https:\\\/\\\/schema.org\",\"@graph\":[{\"@type\":\"Article\",\"@id\":\"https:\\\/\\\/www.meydan.tv\\\/az\\\/article\\\/sumqayitdan-1013-imza-ve-1013-problemli-insan\\\/#article\",\"isPartOf\":{\"@id\":\"https:\\\/\\\/www.meydan.tv\\\/az\\\/article\\\/sumqayitdan-1013-imza-ve-1013-problemli-insan\\\/\"},\"author\":{\"name\":\"elli\",\"@id\":\"https:\\\/\\\/www.meydan.tv\\\/az\\\/#\\\/schema\\\/person\\\/9cdbecf90d17180ce1dfbd95b08dcf47\"},\"headline\":\"Sumqay\u0131tdan 1013 imza v\u0259 1013 problemli insan\",\"datePublished\":\"2021-11-23T11:22:51+00:00\",\"dateModified\":\"2021-11-23T11:22:52+00:00\",\"mainEntityOfPage\":{\"@id\":\"https:\\\/\\\/www.meydan.tv\\\/az\\\/article\\\/sumqayitdan-1013-imza-ve-1013-problemli-insan\\\/\"},\"wordCount\":1603,\"publisher\":{\"@id\":\"https:\\\/\\\/www.meydan.tv\\\/az\\\/#organization\"},\"image\":{\"@id\":\"https:\\\/\\\/www.meydan.tv\\\/az\\\/article\\\/sumqayitdan-1013-imza-ve-1013-problemli-insan\\\/#primaryimage\"},\"thumbnailUrl\":\"https:\\\/\\\/www.meydan.tv\\\/wp-content\\\/uploads\\\/233141116_4195333227182177_6650416965057116865_n.jpg\",\"articleSection\":[\"B\u00f6lg\u0259\",\"T\u00f6vsiy\u0259\",\"X\u0259b\u0259rl\u0259r\"],\"inLanguage\":\"az\"},{\"@type\":\"WebPage\",\"@id\":\"https:\\\/\\\/www.meydan.tv\\\/az\\\/article\\\/sumqayitdan-1013-imza-ve-1013-problemli-insan\\\/\",\"url\":\"https:\\\/\\\/www.meydan.tv\\\/az\\\/article\\\/sumqayitdan-1013-imza-ve-1013-problemli-insan\\\/\",\"name\":\"Sumqay\u0131tdan 1013 imza v\u0259 1013 problemli insan - MEYDAN.TV\",\"isPartOf\":{\"@id\":\"https:\\\/\\\/www.meydan.tv\\\/az\\\/#website\"},\"primaryImageOfPage\":{\"@id\":\"https:\\\/\\\/www.meydan.tv\\\/az\\\/article\\\/sumqayitdan-1013-imza-ve-1013-problemli-insan\\\/#primaryimage\"},\"image\":{\"@id\":\"https:\\\/\\\/www.meydan.tv\\\/az\\\/article\\\/sumqayitdan-1013-imza-ve-1013-problemli-insan\\\/#primaryimage\"},\"thumbnailUrl\":\"https:\\\/\\\/www.meydan.tv\\\/wp-content\\\/uploads\\\/233141116_4195333227182177_6650416965057116865_n.jpg\",\"datePublished\":\"2021-11-23T11:22:51+00:00\",\"dateModified\":\"2021-11-23T11:22:52+00:00\",\"breadcrumb\":{\"@id\":\"https:\\\/\\\/www.meydan.tv\\\/az\\\/article\\\/sumqayitdan-1013-imza-ve-1013-problemli-insan\\\/#breadcrumb\"},\"inLanguage\":\"az\",\"potentialAction\":[{\"@type\":\"ReadAction\",\"target\":[\"https:\\\/\\\/www.meydan.tv\\\/az\\\/article\\\/sumqayitdan-1013-imza-ve-1013-problemli-insan\\\/\"]}]},{\"@type\":\"ImageObject\",\"inLanguage\":\"az\",\"@id\":\"https:\\\/\\\/www.meydan.tv\\\/az\\\/article\\\/sumqayitdan-1013-imza-ve-1013-problemli-insan\\\/#primaryimage\",\"url\":\"https:\\\/\\\/www.meydan.tv\\\/wp-content\\\/uploads\\\/233141116_4195333227182177_6650416965057116865_n.jpg\",\"contentUrl\":\"https:\\\/\\\/www.meydan.tv\\\/wp-content\\\/uploads\\\/233141116_4195333227182177_6650416965057116865_n.jpg\",\"width\":1427,\"height\":800,\"caption\":\"Sumqay\u0131t, Foto: Ecofront\"},{\"@type\":\"BreadcrumbList\",\"@id\":\"https:\\\/\\\/www.meydan.tv\\\/az\\\/article\\\/sumqayitdan-1013-imza-ve-1013-problemli-insan\\\/#breadcrumb\",\"itemListElement\":[{\"@type\":\"ListItem\",\"position\":1,\"name\":\"Ana s\u0259hif\u0259\",\"item\":\"https:\\\/\\\/www.meydan.tv\\\/az\\\/\"},{\"@type\":\"ListItem\",\"position\":2,\"name\":\"B\u00f6lg\u0259\",\"item\":\"https:\\\/\\\/www.meydan.tv\\\/az\\\/section\\\/bolge\\\/\"},{\"@type\":\"ListItem\",\"position\":3,\"name\":\"Sumqay\u0131tdan 1013 imza v\u0259 1013 problemli insan\"}]},{\"@type\":\"WebSite\",\"@id\":\"https:\\\/\\\/www.meydan.tv\\\/az\\\/#website\",\"url\":\"https:\\\/\\\/www.meydan.tv\\\/az\\\/\",\"name\":\"MEYDAN.TV\",\"description\":\"Meydan TV Az\u0259rbaycan\u0131n media m\u0259kan\u0131ndak\u0131 alternativ s\u0259sidir\",\"publisher\":{\"@id\":\"https:\\\/\\\/www.meydan.tv\\\/az\\\/#organization\"},\"potentialAction\":[{\"@type\":\"SearchAction\",\"target\":{\"@type\":\"EntryPoint\",\"urlTemplate\":\"https:\\\/\\\/www.meydan.tv\\\/az\\\/?s={search_term_string}\"},\"query-input\":{\"@type\":\"PropertyValueSpecification\",\"valueRequired\":true,\"valueName\":\"search_term_string\"}}],\"inLanguage\":\"az\"},{\"@type\":\"Organization\",\"@id\":\"https:\\\/\\\/www.meydan.tv\\\/az\\\/#organization\",\"name\":\"Meydan TV\",\"url\":\"https:\\\/\\\/www.meydan.tv\\\/az\\\/\",\"logo\":{\"@type\":\"ImageObject\",\"inLanguage\":\"az\",\"@id\":\"https:\\\/\\\/www.meydan.tv\\\/az\\\/#\\\/schema\\\/logo\\\/image\\\/\",\"url\":\"https:\\\/\\\/www.meydan.tv\\\/wp-content\\\/uploads\\\/2021\\\/07\\\/meydan-logo.svg\",\"contentUrl\":\"https:\\\/\\\/www.meydan.tv\\\/wp-content\\\/uploads\\\/2021\\\/07\\\/meydan-logo.svg\",\"width\":195,\"height\":46,\"caption\":\"Meydan TV\"},\"image\":{\"@id\":\"https:\\\/\\\/www.meydan.tv\\\/az\\\/#\\\/schema\\\/logo\\\/image\\\/\"}},{\"@type\":\"Person\",\"@id\":\"https:\\\/\\\/www.meydan.tv\\\/az\\\/#\\\/schema\\\/person\\\/9cdbecf90d17180ce1dfbd95b08dcf47\",\"name\":\"elli\",\"sameAs\":[\"https:\\\/\\\/x.com\\\/elli\"]}]}<\/script>\n<!-- \/ Yoast SEO plugin. -->","yoast_head_json":{"title":"Sumqay\u0131tdan 1013 imza v\u0259 1013 problemli insan - MEYDAN.TV","robots":{"index":"index","follow":"follow","max-snippet":"max-snippet:-1","max-image-preview":"max-image-preview:large","max-video-preview":"max-video-preview:-1"},"canonical":"https:\/\/www.meydan.tv\/az\/article\/sumqayitdan-1013-imza-ve-1013-problemli-insan\/","og_locale":"az_AZ","og_type":"article","og_title":"Sumqay\u0131tdan 1013 imza v\u0259 1013 problemli insan - MEYDAN.TV","og_description":"Sakinl\u0259r Prezidentd\u0259n k\u00f6m\u0259k ist\u0259di Sumqay\u0131t \u015f\u0259h\u0259ri yax\u0131nl\u0131\u011f\u0131ndak\u0131 zavodlardan g\u0259l\u0259n t\u00fcst\u00fcl\u0259r ... Davam\u0131","og_url":"https:\/\/www.meydan.tv\/az\/article\/sumqayitdan-1013-imza-ve-1013-problemli-insan\/","og_site_name":"MEYDAN.TV","article_published_time":"2021-11-23T11:22:51+00:00","article_modified_time":"2021-11-23T11:22:52+00:00","og_image":[{"width":1427,"height":800,"url":"https:\/\/www.meydan.tv\/wp-content\/uploads\/233141116_4195333227182177_6650416965057116865_n.jpg","type":"image\/jpeg"}],"author":"elli","twitter_card":"summary_large_image","twitter_creator":"@elli","schema":{"@context":"https:\/\/schema.org","@graph":[{"@type":"Article","@id":"https:\/\/www.meydan.tv\/az\/article\/sumqayitdan-1013-imza-ve-1013-problemli-insan\/#article","isPartOf":{"@id":"https:\/\/www.meydan.tv\/az\/article\/sumqayitdan-1013-imza-ve-1013-problemli-insan\/"},"author":{"name":"elli","@id":"https:\/\/www.meydan.tv\/az\/#\/schema\/person\/9cdbecf90d17180ce1dfbd95b08dcf47"},"headline":"Sumqay\u0131tdan 1013 imza v\u0259 1013 problemli insan","datePublished":"2021-11-23T11:22:51+00:00","dateModified":"2021-11-23T11:22:52+00:00","mainEntityOfPage":{"@id":"https:\/\/www.meydan.tv\/az\/article\/sumqayitdan-1013-imza-ve-1013-problemli-insan\/"},"wordCount":1603,"publisher":{"@id":"https:\/\/www.meydan.tv\/az\/#organization"},"image":{"@id":"https:\/\/www.meydan.tv\/az\/article\/sumqayitdan-1013-imza-ve-1013-problemli-insan\/#primaryimage"},"thumbnailUrl":"https:\/\/www.meydan.tv\/wp-content\/uploads\/233141116_4195333227182177_6650416965057116865_n.jpg","articleSection":["B\u00f6lg\u0259","T\u00f6vsiy\u0259","X\u0259b\u0259rl\u0259r"],"inLanguage":"az"},{"@type":"WebPage","@id":"https:\/\/www.meydan.tv\/az\/article\/sumqayitdan-1013-imza-ve-1013-problemli-insan\/","url":"https:\/\/www.meydan.tv\/az\/article\/sumqayitdan-1013-imza-ve-1013-problemli-insan\/","name":"Sumqay\u0131tdan 1013 imza v\u0259 1013 problemli insan - MEYDAN.TV","isPartOf":{"@id":"https:\/\/www.meydan.tv\/az\/#website"},"primaryImageOfPage":{"@id":"https:\/\/www.meydan.tv\/az\/article\/sumqayitdan-1013-imza-ve-1013-problemli-insan\/#primaryimage"},"image":{"@id":"https:\/\/www.meydan.tv\/az\/article\/sumqayitdan-1013-imza-ve-1013-problemli-insan\/#primaryimage"},"thumbnailUrl":"https:\/\/www.meydan.tv\/wp-content\/uploads\/233141116_4195333227182177_6650416965057116865_n.jpg","datePublished":"2021-11-23T11:22:51+00:00","dateModified":"2021-11-23T11:22:52+00:00","breadcrumb":{"@id":"https:\/\/www.meydan.tv\/az\/article\/sumqayitdan-1013-imza-ve-1013-problemli-insan\/#breadcrumb"},"inLanguage":"az","potentialAction":[{"@type":"ReadAction","target":["https:\/\/www.meydan.tv\/az\/article\/sumqayitdan-1013-imza-ve-1013-problemli-insan\/"]}]},{"@type":"ImageObject","inLanguage":"az","@id":"https:\/\/www.meydan.tv\/az\/article\/sumqayitdan-1013-imza-ve-1013-problemli-insan\/#primaryimage","url":"https:\/\/www.meydan.tv\/wp-content\/uploads\/233141116_4195333227182177_6650416965057116865_n.jpg","contentUrl":"https:\/\/www.meydan.tv\/wp-content\/uploads\/233141116_4195333227182177_6650416965057116865_n.jpg","width":1427,"height":800,"caption":"Sumqay\u0131t, Foto: Ecofront"},{"@type":"BreadcrumbList","@id":"https:\/\/www.meydan.tv\/az\/article\/sumqayitdan-1013-imza-ve-1013-problemli-insan\/#breadcrumb","itemListElement":[{"@type":"ListItem","position":1,"name":"Ana s\u0259hif\u0259","item":"https:\/\/www.meydan.tv\/az\/"},{"@type":"ListItem","position":2,"name":"B\u00f6lg\u0259","item":"https:\/\/www.meydan.tv\/az\/section\/bolge\/"},{"@type":"ListItem","position":3,"name":"Sumqay\u0131tdan 1013 imza v\u0259 1013 problemli insan"}]},{"@type":"WebSite","@id":"https:\/\/www.meydan.tv\/az\/#website","url":"https:\/\/www.meydan.tv\/az\/","name":"MEYDAN.TV","description":"Meydan TV Az\u0259rbaycan\u0131n media m\u0259kan\u0131ndak\u0131 alternativ s\u0259sidir","publisher":{"@id":"https:\/\/www.meydan.tv\/az\/#organization"},"potentialAction":[{"@type":"SearchAction","target":{"@type":"EntryPoint","urlTemplate":"https:\/\/www.meydan.tv\/az\/?s={search_term_string}"},"query-input":{"@type":"PropertyValueSpecification","valueRequired":true,"valueName":"search_term_string"}}],"inLanguage":"az"},{"@type":"Organization","@id":"https:\/\/www.meydan.tv\/az\/#organization","name":"Meydan TV","url":"https:\/\/www.meydan.tv\/az\/","logo":{"@type":"ImageObject","inLanguage":"az","@id":"https:\/\/www.meydan.tv\/az\/#\/schema\/logo\/image\/","url":"https:\/\/www.meydan.tv\/wp-content\/uploads\/2021\/07\/meydan-logo.svg","contentUrl":"https:\/\/www.meydan.tv\/wp-content\/uploads\/2021\/07\/meydan-logo.svg","width":195,"height":46,"caption":"Meydan TV"},"image":{"@id":"https:\/\/www.meydan.tv\/az\/#\/schema\/logo\/image\/"}},{"@type":"Person","@id":"https:\/\/www.meydan.tv\/az\/#\/schema\/person\/9cdbecf90d17180ce1dfbd95b08dcf47","name":"elli","sameAs":["https:\/\/x.com\/elli"]}]}},"_links":{"self":[{"href":"https:\/\/www.meydan.tv\/az\/wp-json\/wp\/v2\/posts\/227115","targetHints":{"allow":["GET"]}}],"collection":[{"href":"https:\/\/www.meydan.tv\/az\/wp-json\/wp\/v2\/posts"}],"about":[{"href":"https:\/\/www.meydan.tv\/az\/wp-json\/wp\/v2\/types\/post"}],"author":[{"embeddable":true,"href":"https:\/\/www.meydan.tv\/az\/wp-json\/wp\/v2\/users\/8"}],"replies":[{"embeddable":true,"href":"https:\/\/www.meydan.tv\/az\/wp-json\/wp\/v2\/comments?post=227115"}],"version-history":[{"count":1,"href":"https:\/\/www.meydan.tv\/az\/wp-json\/wp\/v2\/posts\/227115\/revisions"}],"predecessor-version":[{"id":227123,"href":"https:\/\/www.meydan.tv\/az\/wp-json\/wp\/v2\/posts\/227115\/revisions\/227123"}],"wp:featuredmedia":[{"embeddable":true,"href":"https:\/\/www.meydan.tv\/az\/wp-json\/wp\/v2\/media\/227119"}],"wp:attachment":[{"href":"https:\/\/www.meydan.tv\/az\/wp-json\/wp\/v2\/media?parent=227115"}],"wp:term":[{"taxonomy":"category","embeddable":true,"href":"https:\/\/www.meydan.tv\/az\/wp-json\/wp\/v2\/categories?post=227115"},{"taxonomy":"post_tag","embeddable":true,"href":"https:\/\/www.meydan.tv\/az\/wp-json\/wp\/v2\/tags?post=227115"}],"curies":[{"name":"wp","href":"https:\/\/api.w.org\/{rel}","templated":true}]}}