{"id":227107,"date":"2021-11-23T14:22:08","date_gmt":"2021-11-23T10:22:08","guid":{"rendered":"https:\/\/www.meydan.tv\/?p=227107"},"modified":"2021-11-23T14:22:10","modified_gmt":"2021-11-23T10:22:10","slug":"ana-9-ayliq-korpeme-orqan-kocurulmelidir-evde-satilacaq-hec-ne-qalmayib","status":"publish","type":"post","link":"https:\/\/www.meydan.tv\/az\/article\/ana-9-ayliq-korpeme-orqan-kocurulmelidir-evde-satilacaq-hec-ne-qalmayib\/","title":{"rendered":"Ana: \u201c9 ayl\u0131q k\u00f6rp\u0259m\u0259 orqan k\u00f6\u00e7\u00fcr\u00fclm\u0259lidir, evd\u0259 sat\u0131lacaq he\u00e7 n\u0259 qalmay\u0131b\u201d"},"content":{"rendered":"\n<p>\u201cA\u011fr\u0131dan q\u0131vr\u0131lan u\u015fa\u011f\u0131 sakitl\u0259\u015fdirm\u0259k h\u0259r g\u00fcn bir az daha \u00e7\u0259tinl\u0259\u015fir\u201d<br><\/p>\n\n\n\n<p>9 ayl\u0131q \u00d6m\u0259r Etibar o\u011flu \u0130sayev x\u0259r\u00e7\u0259ng x\u0259st\u0259liyind\u0259n \u0259ziyy\u0259t \u00e7\u0259kir. Ail\u0259si deyir ki, \u00d6m\u0259r q\u0131sa zamanda \u0259m\u0259liyyat olunmal\u0131d\u0131r, h\u0259kim c\u0259mi bir ay vaxt qoyub. Lakin ail\u0259 u\u015fa\u011f\u0131n d\u0259rman v\u0259 \u0259m\u0259liyyat x\u0259rcl\u0259rini qar\u015f\u0131laya bilmir. \u018fm\u0259liyyat \u00fc\u00e7\u00fcn t\u0259l\u0259b olunan pul tap\u0131larsa, ana donor olacaq.<br><\/p>\n\n\n\n<p>Meydan TV-y\u0259 \u00fcz tutan \u00d6m\u0259rin anas\u0131 Tamella \u0130sayeva deyir ki, u\u015fa\u011f\u0131n qaraciy\u0259rinin 80 faizi s\u0131radan \u00e7\u0131x\u0131b. 5 ayd\u0131r kimy\u0259vi terapeya al\u0131r, lakin art\u0131q m\u00fcalic\u0259l\u0259r\u0259 d\u0259 cavab vermir.<br><\/p>\n\n\n\n<p>\u0130sayevl\u0259r ail\u0259si Goranboy rayonunun Qizilhac\u0131l\u0131 q\u0259s\u0259b\u0259sind\u0259 ya\u015fay\u0131r. \u00d6m\u0259rin atas\u0131 g\u00fcn\u0259muzd f\u0259hl\u0259 i\u015fl\u0259yir. <\/p>\n\n\n\n<p>Tamella \u0130sayeva deyir ki, evd\u0259 satma\u011fa da he\u00e7 n\u0259 qalmay\u0131b.<br><\/p>\n\n\n\n<figure class=\"wp-block-image size-full\"><img decoding=\"async\" width=\"1200\" height=\"800\" data-src=\"https:\/\/www.meydan.tv\/wp-content\/uploads\/untitled-design-4-1.gif\" alt=\"\" class=\"wp-image-227104 lazyload\" src=\"data:image\/svg+xml;base64,PHN2ZyB3aWR0aD0iMSIgaGVpZ2h0PSIxIiB4bWxucz0iaHR0cDovL3d3dy53My5vcmcvMjAwMC9zdmciPjwvc3ZnPg==\" style=\"--smush-placeholder-width: 1200px; --smush-placeholder-aspect-ratio: 1200\/800;\" \/><figcaption>\u00dcz m\u00fcayin\u0259 raporu, Foto: \u0130sayevl\u0259rin ail\u0259 arxivind\u0259n<\/figcaption><\/figure>\n\n\n\n<p>\u201cD\u00f6rd\u00fcnc\u00fc ay\u0131nda \u00d6m\u0259rin qarn\u0131nda \u015fi\u015fkinlik yarand\u0131, a\u011fr\u0131dan gec\u0259l\u0259r yata bilm\u0259di. H\u0259kim qaraciy\u0259t \u00e7at\u0131\u015fmazl\u0131\u011f\u0131 diaqnozu qoydu. Dedil\u0259r ki, kimy\u0259vi terapeya olunsun, n\u0259tic\u0259l\u0259rini izl\u0259y\u0259k. Sonradan b\u0259lli oldu ki, qaraciy\u0259r s\u00fcr\u0259tl\u0259 s\u0131radan \u00e7\u0131x\u0131b. \u0130ki g\u00fcn bundan \u0259vv\u0259l h\u0259kim bir ay vaxt qoydu, m\u00fcdd\u0259t daral\u0131r, amma \u0259m\u0259liyyat \u00fc\u00e7\u00fcn t\u0259l\u0259b olunan v\u0259saiti toplaya bilm\u0259mi\u015fik\u201d, -\u0130sayeva s\u00f6yl\u0259yib.<br><\/p>\n\n\n\n<p>Ana qeyd edib ki, hamil\u0259lik d\u00f6vr\u00fcnd\u0259 h\u0259r ay vaxtl\u0131-vaxt\u0131nda m\u00fcayin\u0259l\u0259rd\u0259n ke\u00e7ib, h\u0259tta doppler m\u00fcayin\u0259si (ayr\u0131lt\u0131l\u0131 ultras\u0259s m\u00fcayin\u0259) olunub: \u201cH\u0259kim deyir ki, doppler m\u00fcayin\u0259sind\u0259 u\u015fa\u011f\u0131n qaraciy\u0259rinin v\u0259ziyy\u0259ti bilinm\u0259li idi, sad\u0259c\u0259, m\u00fcayin\u0259ni aparan h\u0259kim savads\u0131z olub. \u00d6m\u0259r t\u0259cili \u0259m\u0259liyyat olunmal\u0131d\u0131r ki, ya\u015fas\u0131n\u201d.<br><\/p>\n\n\n\n<p>Ail\u0259 \u00f6lk\u0259d\u0259ki xeyriyy\u0259 fondlar\u0131na, i\u015f adamlar\u0131na m\u00fcraci\u0259t \u00fcnvanlay\u0131b. \u018fm\u0259liyyat \u00fc\u00e7\u00fcn 50 min manat v\u0259sait laz\u0131md\u0131r. Tamella \u0130sayeva s\u00f6yl\u0259yib ki, maddi imkans\u0131zl\u0131qdan k\u00f6rp\u0259sin\u0259 k\u00f6m\u0259k ed\u0259 bilmir, a\u011fr\u0131dan q\u0131vr\u0131lan u\u015fa\u011f\u0131 sakitl\u0259\u015fdirm\u0259k h\u0259r g\u00fcn bir az daha \u00e7\u0259tinl\u0259\u015fir.<br><\/p>\n\n\n\n<p>\u00d6m\u0259r kimi x\u0259r\u00e7\u0259ng x\u0259st\u0259liyind\u0259n \u0259ziyy\u0259t \u00e7\u0259k\u0259n u\u015faqlara orqan k\u00f6\u00e7\u00fcr\u00fclm\u0259si \u0259m\u0259liyyatlar\u0131 d\u00f6vl\u0259t v\u0259saiti hesab\u0131na apar\u0131lm\u0131r.<\/p>\n","protected":false},"excerpt":{"rendered":"<p>\u201cA\u011fr\u0131dan q\u0131vr\u0131lan u\u015fa\u011f\u0131 sakitl\u0259\u015fdirm\u0259k h\u0259r g\u00fcn bir az daha \u00e7\u0259tinl\u0259\u015fir\u201d &#8230; <\/p>\n<p class=\"read-more-container\"><a title=\"Ana: \u201c9 ayl\u0131q k\u00f6rp\u0259m\u0259 orqan k\u00f6\u00e7\u00fcr\u00fclm\u0259lidir, evd\u0259 sat\u0131lacaq he\u00e7 n\u0259 qalmay\u0131b\u201d\" class=\"read-more button\" href=\"https:\/\/www.meydan.tv\/az\/article\/ana-9-ayliq-korpeme-orqan-kocurulmelidir-evde-satilacaq-hec-ne-qalmayib\/#more-227107\" aria-label=\"Read more about Ana: \u201c9 ayl\u0131q k\u00f6rp\u0259m\u0259 orqan k\u00f6\u00e7\u00fcr\u00fclm\u0259lidir, evd\u0259 sat\u0131lacaq he\u00e7 n\u0259 qalmay\u0131b\u201d\">Davam\u0131<\/a><\/p>\n","protected":false},"author":8,"featured_media":227100,"comment_status":"closed","ping_status":"closed","sticky":false,"template":"","format":"standard","meta":{"_acf_changed":false,"_sitemap_exclude":false,"_sitemap_priority":"","_sitemap_frequency":"","footnotes":""},"categories":[54,79,56],"tags":[],"class_list":["post-227107","post","type-post","status-publish","format-standard","has-post-thumbnail","hentry","category-sagliq","category-featured","category-xeberler","infinite-scroll-item","generate-columns","tablet-grid-50","mobile-grid-100","grid-parent","grid-33","no-featured-image-padding"],"acf":[],"yoast_head":"<!-- This site is optimized with the Yoast SEO plugin v27.4 - https:\/\/yoast.com\/product\/yoast-seo-wordpress\/ -->\n<title>Ana: \u201c9 ayl\u0131q k\u00f6rp\u0259m\u0259 orqan k\u00f6\u00e7\u00fcr\u00fclm\u0259lidir, evd\u0259 sat\u0131lacaq he\u00e7 n\u0259 qalmay\u0131b\u201d - MEYDAN.TV<\/title>\n<meta name=\"robots\" content=\"index, follow, max-snippet:-1, max-image-preview:large, max-video-preview:-1\" \/>\n<link rel=\"canonical\" href=\"https:\/\/www.meydan.tv\/az\/article\/ana-9-ayliq-korpeme-orqan-kocurulmelidir-evde-satilacaq-hec-ne-qalmayib\/\" \/>\n<meta property=\"og:locale\" content=\"az_AZ\" \/>\n<meta property=\"og:type\" content=\"article\" \/>\n<meta property=\"og:title\" content=\"Ana: \u201c9 ayl\u0131q k\u00f6rp\u0259m\u0259 orqan k\u00f6\u00e7\u00fcr\u00fclm\u0259lidir, evd\u0259 sat\u0131lacaq he\u00e7 n\u0259 qalmay\u0131b\u201d - MEYDAN.TV\" \/>\n<meta property=\"og:description\" content=\"\u201cA\u011fr\u0131dan q\u0131vr\u0131lan u\u015fa\u011f\u0131 sakitl\u0259\u015fdirm\u0259k h\u0259r g\u00fcn bir az daha \u00e7\u0259tinl\u0259\u015fir\u201d ... Davam\u0131\" \/>\n<meta property=\"og:url\" content=\"https:\/\/www.meydan.tv\/az\/article\/ana-9-ayliq-korpeme-orqan-kocurulmelidir-evde-satilacaq-hec-ne-qalmayib\/\" \/>\n<meta property=\"og:site_name\" content=\"MEYDAN.TV\" \/>\n<meta property=\"article:published_time\" content=\"2021-11-23T10:22:08+00:00\" \/>\n<meta property=\"article:modified_time\" content=\"2021-11-23T10:22:10+00:00\" \/>\n<meta property=\"og:image\" content=\"https:\/\/www.meydan.tv\/wp-content\/uploads\/untitled-design-2-1-e1637662748188.gif\" \/>\n\t<meta property=\"og:image:width\" content=\"1200\" \/>\n\t<meta property=\"og:image:height\" content=\"800\" \/>\n\t<meta property=\"og:image:type\" content=\"image\/gif\" \/>\n<meta name=\"author\" content=\"elli\" \/>\n<meta name=\"twitter:card\" content=\"summary_large_image\" \/>\n<meta name=\"twitter:creator\" content=\"@elli\" \/>\n<script type=\"application\/ld+json\" class=\"yoast-schema-graph\">{\"@context\":\"https:\\\/\\\/schema.org\",\"@graph\":[{\"@type\":\"Article\",\"@id\":\"https:\\\/\\\/www.meydan.tv\\\/az\\\/article\\\/ana-9-ayliq-korpeme-orqan-kocurulmelidir-evde-satilacaq-hec-ne-qalmayib\\\/#article\",\"isPartOf\":{\"@id\":\"https:\\\/\\\/www.meydan.tv\\\/az\\\/article\\\/ana-9-ayliq-korpeme-orqan-kocurulmelidir-evde-satilacaq-hec-ne-qalmayib\\\/\"},\"author\":{\"name\":\"elli\",\"@id\":\"https:\\\/\\\/www.meydan.tv\\\/az\\\/#\\\/schema\\\/person\\\/9cdbecf90d17180ce1dfbd95b08dcf47\"},\"headline\":\"Ana: \u201c9 ayl\u0131q k\u00f6rp\u0259m\u0259 orqan k\u00f6\u00e7\u00fcr\u00fclm\u0259lidir, evd\u0259 sat\u0131lacaq he\u00e7 n\u0259 qalmay\u0131b\u201d\",\"datePublished\":\"2021-11-23T10:22:08+00:00\",\"dateModified\":\"2021-11-23T10:22:10+00:00\",\"mainEntityOfPage\":{\"@id\":\"https:\\\/\\\/www.meydan.tv\\\/az\\\/article\\\/ana-9-ayliq-korpeme-orqan-kocurulmelidir-evde-satilacaq-hec-ne-qalmayib\\\/\"},\"wordCount\":461,\"publisher\":{\"@id\":\"https:\\\/\\\/www.meydan.tv\\\/az\\\/#organization\"},\"image\":{\"@id\":\"https:\\\/\\\/www.meydan.tv\\\/az\\\/article\\\/ana-9-ayliq-korpeme-orqan-kocurulmelidir-evde-satilacaq-hec-ne-qalmayib\\\/#primaryimage\"},\"thumbnailUrl\":\"https:\\\/\\\/www.meydan.tv\\\/wp-content\\\/uploads\\\/untitled-design-2-1-e1637662748188.gif\",\"articleSection\":[\"Sa\u011fl\u0131q\",\"T\u00f6vsiy\u0259\",\"X\u0259b\u0259rl\u0259r\"],\"inLanguage\":\"az\"},{\"@type\":\"WebPage\",\"@id\":\"https:\\\/\\\/www.meydan.tv\\\/az\\\/article\\\/ana-9-ayliq-korpeme-orqan-kocurulmelidir-evde-satilacaq-hec-ne-qalmayib\\\/\",\"url\":\"https:\\\/\\\/www.meydan.tv\\\/az\\\/article\\\/ana-9-ayliq-korpeme-orqan-kocurulmelidir-evde-satilacaq-hec-ne-qalmayib\\\/\",\"name\":\"Ana: \u201c9 ayl\u0131q k\u00f6rp\u0259m\u0259 orqan k\u00f6\u00e7\u00fcr\u00fclm\u0259lidir, evd\u0259 sat\u0131lacaq he\u00e7 n\u0259 qalmay\u0131b\u201d - MEYDAN.TV\",\"isPartOf\":{\"@id\":\"https:\\\/\\\/www.meydan.tv\\\/az\\\/#website\"},\"primaryImageOfPage\":{\"@id\":\"https:\\\/\\\/www.meydan.tv\\\/az\\\/article\\\/ana-9-ayliq-korpeme-orqan-kocurulmelidir-evde-satilacaq-hec-ne-qalmayib\\\/#primaryimage\"},\"image\":{\"@id\":\"https:\\\/\\\/www.meydan.tv\\\/az\\\/article\\\/ana-9-ayliq-korpeme-orqan-kocurulmelidir-evde-satilacaq-hec-ne-qalmayib\\\/#primaryimage\"},\"thumbnailUrl\":\"https:\\\/\\\/www.meydan.tv\\\/wp-content\\\/uploads\\\/untitled-design-2-1-e1637662748188.gif\",\"datePublished\":\"2021-11-23T10:22:08+00:00\",\"dateModified\":\"2021-11-23T10:22:10+00:00\",\"breadcrumb\":{\"@id\":\"https:\\\/\\\/www.meydan.tv\\\/az\\\/article\\\/ana-9-ayliq-korpeme-orqan-kocurulmelidir-evde-satilacaq-hec-ne-qalmayib\\\/#breadcrumb\"},\"inLanguage\":\"az\",\"potentialAction\":[{\"@type\":\"ReadAction\",\"target\":[\"https:\\\/\\\/www.meydan.tv\\\/az\\\/article\\\/ana-9-ayliq-korpeme-orqan-kocurulmelidir-evde-satilacaq-hec-ne-qalmayib\\\/\"]}]},{\"@type\":\"ImageObject\",\"inLanguage\":\"az\",\"@id\":\"https:\\\/\\\/www.meydan.tv\\\/az\\\/article\\\/ana-9-ayliq-korpeme-orqan-kocurulmelidir-evde-satilacaq-hec-ne-qalmayib\\\/#primaryimage\",\"url\":\"https:\\\/\\\/www.meydan.tv\\\/wp-content\\\/uploads\\\/untitled-design-2-1-e1637662748188.gif\",\"contentUrl\":\"https:\\\/\\\/www.meydan.tv\\\/wp-content\\\/uploads\\\/untitled-design-2-1-e1637662748188.gif\",\"width\":1200,\"height\":800,\"caption\":\"\u00d6m\u0259r \u0130sayev, Foto: \u0130sayevl\u0259rin ail\u0259 arxivind\u0259n\"},{\"@type\":\"BreadcrumbList\",\"@id\":\"https:\\\/\\\/www.meydan.tv\\\/az\\\/article\\\/ana-9-ayliq-korpeme-orqan-kocurulmelidir-evde-satilacaq-hec-ne-qalmayib\\\/#breadcrumb\",\"itemListElement\":[{\"@type\":\"ListItem\",\"position\":1,\"name\":\"Ana s\u0259hif\u0259\",\"item\":\"https:\\\/\\\/www.meydan.tv\\\/az\\\/\"},{\"@type\":\"ListItem\",\"position\":2,\"name\":\"Sa\u011fl\u0131q\",\"item\":\"https:\\\/\\\/www.meydan.tv\\\/az\\\/section\\\/sagliq\\\/\"},{\"@type\":\"ListItem\",\"position\":3,\"name\":\"Ana: \u201c9 ayl\u0131q k\u00f6rp\u0259m\u0259 orqan k\u00f6\u00e7\u00fcr\u00fclm\u0259lidir, evd\u0259 sat\u0131lacaq he\u00e7 n\u0259 qalmay\u0131b\u201d\"}]},{\"@type\":\"WebSite\",\"@id\":\"https:\\\/\\\/www.meydan.tv\\\/az\\\/#website\",\"url\":\"https:\\\/\\\/www.meydan.tv\\\/az\\\/\",\"name\":\"MEYDAN.TV\",\"description\":\"Meydan TV Az\u0259rbaycan\u0131n media m\u0259kan\u0131ndak\u0131 alternativ s\u0259sidir\",\"publisher\":{\"@id\":\"https:\\\/\\\/www.meydan.tv\\\/az\\\/#organization\"},\"potentialAction\":[{\"@type\":\"SearchAction\",\"target\":{\"@type\":\"EntryPoint\",\"urlTemplate\":\"https:\\\/\\\/www.meydan.tv\\\/az\\\/?s={search_term_string}\"},\"query-input\":{\"@type\":\"PropertyValueSpecification\",\"valueRequired\":true,\"valueName\":\"search_term_string\"}}],\"inLanguage\":\"az\"},{\"@type\":\"Organization\",\"@id\":\"https:\\\/\\\/www.meydan.tv\\\/az\\\/#organization\",\"name\":\"Meydan TV\",\"url\":\"https:\\\/\\\/www.meydan.tv\\\/az\\\/\",\"logo\":{\"@type\":\"ImageObject\",\"inLanguage\":\"az\",\"@id\":\"https:\\\/\\\/www.meydan.tv\\\/az\\\/#\\\/schema\\\/logo\\\/image\\\/\",\"url\":\"https:\\\/\\\/www.meydan.tv\\\/wp-content\\\/uploads\\\/2021\\\/07\\\/meydan-logo.svg\",\"contentUrl\":\"https:\\\/\\\/www.meydan.tv\\\/wp-content\\\/uploads\\\/2021\\\/07\\\/meydan-logo.svg\",\"width\":195,\"height\":46,\"caption\":\"Meydan TV\"},\"image\":{\"@id\":\"https:\\\/\\\/www.meydan.tv\\\/az\\\/#\\\/schema\\\/logo\\\/image\\\/\"}},{\"@type\":\"Person\",\"@id\":\"https:\\\/\\\/www.meydan.tv\\\/az\\\/#\\\/schema\\\/person\\\/9cdbecf90d17180ce1dfbd95b08dcf47\",\"name\":\"elli\",\"sameAs\":[\"https:\\\/\\\/x.com\\\/elli\"]}]}<\/script>\n<!-- \/ Yoast SEO plugin. -->","yoast_head_json":{"title":"Ana: \u201c9 ayl\u0131q k\u00f6rp\u0259m\u0259 orqan k\u00f6\u00e7\u00fcr\u00fclm\u0259lidir, evd\u0259 sat\u0131lacaq he\u00e7 n\u0259 qalmay\u0131b\u201d - MEYDAN.TV","robots":{"index":"index","follow":"follow","max-snippet":"max-snippet:-1","max-image-preview":"max-image-preview:large","max-video-preview":"max-video-preview:-1"},"canonical":"https:\/\/www.meydan.tv\/az\/article\/ana-9-ayliq-korpeme-orqan-kocurulmelidir-evde-satilacaq-hec-ne-qalmayib\/","og_locale":"az_AZ","og_type":"article","og_title":"Ana: \u201c9 ayl\u0131q k\u00f6rp\u0259m\u0259 orqan k\u00f6\u00e7\u00fcr\u00fclm\u0259lidir, evd\u0259 sat\u0131lacaq he\u00e7 n\u0259 qalmay\u0131b\u201d - MEYDAN.TV","og_description":"\u201cA\u011fr\u0131dan q\u0131vr\u0131lan u\u015fa\u011f\u0131 sakitl\u0259\u015fdirm\u0259k h\u0259r g\u00fcn bir az daha \u00e7\u0259tinl\u0259\u015fir\u201d ... Davam\u0131","og_url":"https:\/\/www.meydan.tv\/az\/article\/ana-9-ayliq-korpeme-orqan-kocurulmelidir-evde-satilacaq-hec-ne-qalmayib\/","og_site_name":"MEYDAN.TV","article_published_time":"2021-11-23T10:22:08+00:00","article_modified_time":"2021-11-23T10:22:10+00:00","og_image":[{"width":1200,"height":800,"url":"https:\/\/www.meydan.tv\/wp-content\/uploads\/untitled-design-2-1-e1637662748188.gif","type":"image\/gif"}],"author":"elli","twitter_card":"summary_large_image","twitter_creator":"@elli","schema":{"@context":"https:\/\/schema.org","@graph":[{"@type":"Article","@id":"https:\/\/www.meydan.tv\/az\/article\/ana-9-ayliq-korpeme-orqan-kocurulmelidir-evde-satilacaq-hec-ne-qalmayib\/#article","isPartOf":{"@id":"https:\/\/www.meydan.tv\/az\/article\/ana-9-ayliq-korpeme-orqan-kocurulmelidir-evde-satilacaq-hec-ne-qalmayib\/"},"author":{"name":"elli","@id":"https:\/\/www.meydan.tv\/az\/#\/schema\/person\/9cdbecf90d17180ce1dfbd95b08dcf47"},"headline":"Ana: \u201c9 ayl\u0131q k\u00f6rp\u0259m\u0259 orqan k\u00f6\u00e7\u00fcr\u00fclm\u0259lidir, evd\u0259 sat\u0131lacaq he\u00e7 n\u0259 qalmay\u0131b\u201d","datePublished":"2021-11-23T10:22:08+00:00","dateModified":"2021-11-23T10:22:10+00:00","mainEntityOfPage":{"@id":"https:\/\/www.meydan.tv\/az\/article\/ana-9-ayliq-korpeme-orqan-kocurulmelidir-evde-satilacaq-hec-ne-qalmayib\/"},"wordCount":461,"publisher":{"@id":"https:\/\/www.meydan.tv\/az\/#organization"},"image":{"@id":"https:\/\/www.meydan.tv\/az\/article\/ana-9-ayliq-korpeme-orqan-kocurulmelidir-evde-satilacaq-hec-ne-qalmayib\/#primaryimage"},"thumbnailUrl":"https:\/\/www.meydan.tv\/wp-content\/uploads\/untitled-design-2-1-e1637662748188.gif","articleSection":["Sa\u011fl\u0131q","T\u00f6vsiy\u0259","X\u0259b\u0259rl\u0259r"],"inLanguage":"az"},{"@type":"WebPage","@id":"https:\/\/www.meydan.tv\/az\/article\/ana-9-ayliq-korpeme-orqan-kocurulmelidir-evde-satilacaq-hec-ne-qalmayib\/","url":"https:\/\/www.meydan.tv\/az\/article\/ana-9-ayliq-korpeme-orqan-kocurulmelidir-evde-satilacaq-hec-ne-qalmayib\/","name":"Ana: \u201c9 ayl\u0131q k\u00f6rp\u0259m\u0259 orqan k\u00f6\u00e7\u00fcr\u00fclm\u0259lidir, evd\u0259 sat\u0131lacaq he\u00e7 n\u0259 qalmay\u0131b\u201d - MEYDAN.TV","isPartOf":{"@id":"https:\/\/www.meydan.tv\/az\/#website"},"primaryImageOfPage":{"@id":"https:\/\/www.meydan.tv\/az\/article\/ana-9-ayliq-korpeme-orqan-kocurulmelidir-evde-satilacaq-hec-ne-qalmayib\/#primaryimage"},"image":{"@id":"https:\/\/www.meydan.tv\/az\/article\/ana-9-ayliq-korpeme-orqan-kocurulmelidir-evde-satilacaq-hec-ne-qalmayib\/#primaryimage"},"thumbnailUrl":"https:\/\/www.meydan.tv\/wp-content\/uploads\/untitled-design-2-1-e1637662748188.gif","datePublished":"2021-11-23T10:22:08+00:00","dateModified":"2021-11-23T10:22:10+00:00","breadcrumb":{"@id":"https:\/\/www.meydan.tv\/az\/article\/ana-9-ayliq-korpeme-orqan-kocurulmelidir-evde-satilacaq-hec-ne-qalmayib\/#breadcrumb"},"inLanguage":"az","potentialAction":[{"@type":"ReadAction","target":["https:\/\/www.meydan.tv\/az\/article\/ana-9-ayliq-korpeme-orqan-kocurulmelidir-evde-satilacaq-hec-ne-qalmayib\/"]}]},{"@type":"ImageObject","inLanguage":"az","@id":"https:\/\/www.meydan.tv\/az\/article\/ana-9-ayliq-korpeme-orqan-kocurulmelidir-evde-satilacaq-hec-ne-qalmayib\/#primaryimage","url":"https:\/\/www.meydan.tv\/wp-content\/uploads\/untitled-design-2-1-e1637662748188.gif","contentUrl":"https:\/\/www.meydan.tv\/wp-content\/uploads\/untitled-design-2-1-e1637662748188.gif","width":1200,"height":800,"caption":"\u00d6m\u0259r \u0130sayev, Foto: \u0130sayevl\u0259rin ail\u0259 arxivind\u0259n"},{"@type":"BreadcrumbList","@id":"https:\/\/www.meydan.tv\/az\/article\/ana-9-ayliq-korpeme-orqan-kocurulmelidir-evde-satilacaq-hec-ne-qalmayib\/#breadcrumb","itemListElement":[{"@type":"ListItem","position":1,"name":"Ana s\u0259hif\u0259","item":"https:\/\/www.meydan.tv\/az\/"},{"@type":"ListItem","position":2,"name":"Sa\u011fl\u0131q","item":"https:\/\/www.meydan.tv\/az\/section\/sagliq\/"},{"@type":"ListItem","position":3,"name":"Ana: \u201c9 ayl\u0131q k\u00f6rp\u0259m\u0259 orqan k\u00f6\u00e7\u00fcr\u00fclm\u0259lidir, evd\u0259 sat\u0131lacaq he\u00e7 n\u0259 qalmay\u0131b\u201d"}]},{"@type":"WebSite","@id":"https:\/\/www.meydan.tv\/az\/#website","url":"https:\/\/www.meydan.tv\/az\/","name":"MEYDAN.TV","description":"Meydan TV Az\u0259rbaycan\u0131n media m\u0259kan\u0131ndak\u0131 alternativ s\u0259sidir","publisher":{"@id":"https:\/\/www.meydan.tv\/az\/#organization"},"potentialAction":[{"@type":"SearchAction","target":{"@type":"EntryPoint","urlTemplate":"https:\/\/www.meydan.tv\/az\/?s={search_term_string}"},"query-input":{"@type":"PropertyValueSpecification","valueRequired":true,"valueName":"search_term_string"}}],"inLanguage":"az"},{"@type":"Organization","@id":"https:\/\/www.meydan.tv\/az\/#organization","name":"Meydan TV","url":"https:\/\/www.meydan.tv\/az\/","logo":{"@type":"ImageObject","inLanguage":"az","@id":"https:\/\/www.meydan.tv\/az\/#\/schema\/logo\/image\/","url":"https:\/\/www.meydan.tv\/wp-content\/uploads\/2021\/07\/meydan-logo.svg","contentUrl":"https:\/\/www.meydan.tv\/wp-content\/uploads\/2021\/07\/meydan-logo.svg","width":195,"height":46,"caption":"Meydan TV"},"image":{"@id":"https:\/\/www.meydan.tv\/az\/#\/schema\/logo\/image\/"}},{"@type":"Person","@id":"https:\/\/www.meydan.tv\/az\/#\/schema\/person\/9cdbecf90d17180ce1dfbd95b08dcf47","name":"elli","sameAs":["https:\/\/x.com\/elli"]}]}},"_links":{"self":[{"href":"https:\/\/www.meydan.tv\/az\/wp-json\/wp\/v2\/posts\/227107","targetHints":{"allow":["GET"]}}],"collection":[{"href":"https:\/\/www.meydan.tv\/az\/wp-json\/wp\/v2\/posts"}],"about":[{"href":"https:\/\/www.meydan.tv\/az\/wp-json\/wp\/v2\/types\/post"}],"author":[{"embeddable":true,"href":"https:\/\/www.meydan.tv\/az\/wp-json\/wp\/v2\/users\/8"}],"replies":[{"embeddable":true,"href":"https:\/\/www.meydan.tv\/az\/wp-json\/wp\/v2\/comments?post=227107"}],"version-history":[{"count":1,"href":"https:\/\/www.meydan.tv\/az\/wp-json\/wp\/v2\/posts\/227107\/revisions"}],"predecessor-version":[{"id":227108,"href":"https:\/\/www.meydan.tv\/az\/wp-json\/wp\/v2\/posts\/227107\/revisions\/227108"}],"wp:featuredmedia":[{"embeddable":true,"href":"https:\/\/www.meydan.tv\/az\/wp-json\/wp\/v2\/media\/227100"}],"wp:attachment":[{"href":"https:\/\/www.meydan.tv\/az\/wp-json\/wp\/v2\/media?parent=227107"}],"wp:term":[{"taxonomy":"category","embeddable":true,"href":"https:\/\/www.meydan.tv\/az\/wp-json\/wp\/v2\/categories?post=227107"},{"taxonomy":"post_tag","embeddable":true,"href":"https:\/\/www.meydan.tv\/az\/wp-json\/wp\/v2\/tags?post=227107"}],"curies":[{"name":"wp","href":"https:\/\/api.w.org\/{rel}","templated":true}]}}