{"id":227094,"date":"2021-11-23T14:42:59","date_gmt":"2021-11-23T10:42:59","guid":{"rendered":"https:\/\/www.meydan.tv\/?p=227094"},"modified":"2021-11-23T14:43:00","modified_gmt":"2021-11-23T10:43:00","slug":"jurnalistler-saleh-rustemovla-ile-bagli-muraciet-yaydilar","status":"publish","type":"post","link":"https:\/\/www.meydan.tv\/az\/article\/jurnalistler-saleh-rustemovla-ile-bagli-muraciet-yaydilar\/","title":{"rendered":"Jurnalistl\u0259r Saleh R\u00fcst\u0259movla ba\u011fl\u0131 m\u00fcraci\u0259t yayd\u0131lar"},"content":{"rendered":"\n<p>&#8220;Bu aksiya g\u00fcnahs\u0131z c\u0259zaya qar\u015f\u0131 dir\u0259ni\u015fdir&#8221;<br><\/p>\n\n\n\n<p>Noyabr\u0131n 23-d\u0259 bir qrup jurnalist 18 g\u00fcnd\u00fcr ki, h\u0259bsxanada acl\u0131q aksiyas\u0131 ke\u00e7ir\u0259n Saleh R\u00fcst\u0259movla ba\u011fl\u0131 m\u00fcraci\u0259t yay\u0131b.<br><\/p>\n\n\n\n<p>Onlar d\u00f6vl\u0259t r\u0259smil\u0259rin\u0259, \u00f6lk\u0259 ba\u015f\u00e7\u0131s\u0131na m\u00fcraci\u0259t ed\u0259r\u0259k Saleh R\u00fcst\u0259movun azad edilm\u0259sini t\u0259l\u0259b etdikl\u0259rini bildirib, c\u0259miyy\u0259ti bu m\u0259s\u0259l\u0259d\u0259 h\u0259mr\u0259y olma\u011fa \u00e7a\u011f\u0131r\u0131blar.<br><\/p>\n\n\n\n<p>M\u00fcraci\u0259ti jurnalistl\u0259r &#8211; X\u0259dic\u0259 \u0130smay\u0131l, \u015eahv\u0259l\u0259d \u00c7obano\u011flu, Xaliq Bahad\u0131r, Elnur Astanb\u0259yli, Aynur Elg\u00fcn\u0259\u015f, R\u00f6v\u015f\u0259n Hac\u0131b\u0259yli, Fizz\u0259 Heyd\u0259rova, Sevinc Vaqifq\u0131z\u0131, Natiq Cavadl\u0131, Samir Kaz\u0131ml\u0131, H\u0259bib M\u00fcnt\u0259zir, \u018ffqan Muxtarl\u0131, \u015e\u0259m\u015fad A\u011fa, \u00dclk\u0259r Abdullayeva, Q\u0259nim\u0259t Zahid, Ramin Deko, El\u015f\u0259n Balaxanski, Rahim Hac\u0131yev, Al\u0131 Rza, Vidadi M\u0259mm\u0259dov, T\u0259z\u0259xan Mir\u0259l\u0259mli, P\u0259rviz C\u0259bray\u0131l, X\u0259yal Babayev, \u00c7ingiz Sultansoy v\u0259 El\u00e7in R\u00fcst\u0259mli imzalay\u0131b.<br><\/p>\n\n\n\n<p>Jurnalistl\u0259r G\u0259d\u0259b\u0259yin sabiq icra ba\u015f\u00e7\u0131s\u0131 Saleh R\u00fcst\u0259movun \u00f6l\u00fcm acl\u0131\u011f\u0131na ba\u015flad\u0131\u011f\u0131n\u0131 xat\u0131rladaraq bildiribl\u0259r ki, acl\u0131q aksiyas\u0131, \u00f6l\u00fcm acl\u0131\u011f\u0131 q\u0259rar\u0131 s\u0131radan bir etiraz aksiyas\u0131 deyil: <\/p>\n\n\n\n<p>&#8220;Bu, bir irad\u0259 m\u0259s\u0259l\u0259sidir. \u00d6z \u0259m\u0259lind\u0259 z\u0259rr\u0259 q\u0259d\u0259r d\u0259 olsa, g\u00fcnah elementinin varl\u0131\u011f\u0131n\u0131 hiss ed\u0259n \u015f\u0259xs bel\u0259 q\u0259ti q\u0259rar ver\u0259 bilm\u0259z. Y\u0259ni ham\u0131n\u0131n bildiyi h\u0259qiq\u0259ti Saleh R\u00fcst\u0259mov ham\u0131dan daha art\u0131q bilir ki, o, g\u00fcnahs\u0131z oldu\u011fu halda c\u0259zaland\u0131r\u0131l\u0131b. Saleh b\u0259y inadla davam edir: ya haqq etdiyi azadl\u0131\u011f\u0131 \u0259ld\u0259 ed\u0259c\u0259yin\u0259, ya da cans\u0131z c\u0259s\u0259dinin c\u0259za evind\u0259n \u00e7\u0131xar\u0131laca\u011f\u0131na israrl\u0131d\u0131r&#8221;.<br><\/p>\n\n\n\n<p>M\u00fcraci\u0259td\u0259 Saleh R\u00fcst\u0259mova veril\u0259n c\u0259zan\u0131n siyasi m\u00fclahiz\u0259l\u0259rl\u0259 se\u00e7ildiyi vur\u011fulan\u0131b: <\/p>\n\n\n\n<p>&#8220;Saleh b\u0259y qanun pozuntusu say\u0131la bil\u0259c\u0259k he\u00e7 bir \u0259m\u0259l\u0259 yol verm\u0259yib. Ad\u0259t\u0259n, bu c\u00fcr hallarda bel\u0259 bir ifad\u0259y\u0259 \u00fcst\u00fcnl\u00fck verirl\u0259r: <\/p>\n\n\n\n<p>&#8220;H\u0259tta g\u00fcnah\u0131 olubsa da, art\u0131q 4 il\u0259 yax\u0131nd\u0131r h\u0259bsxanadad\u0131r v\u0259 onu azad etm\u0259k m\u00fcmk\u00fcnd\u00fcr&#8221;. Buna g\u00f6r\u0259 d\u0259, biz d\u0259 bu ifad\u0259ni se\u00e7\u0259r\u0259k d\u00f6vl\u0259t qurumlar\u0131na, d\u00f6vl\u0259t ba\u015f\u00e7\u0131s\u0131na v\u0259 bu q\u0259rar\u0131 verm\u0259k s\u0259lahiyy\u0259ti olanlara m\u00fcraci\u0259t edirik. Saleh R\u00fcst\u0259movun h\u0259bsxanada ba\u015flatd\u0131\u011f\u0131 bu aksiya g\u00fcnahs\u0131z c\u0259zaya qar\u015f\u0131 dir\u0259ni\u015fdir, bu aksiya davam ed\u0259rs\u0259, onun lab\u00fcd \u00f6l\u00fcm\u00fc Az\u0259rbaycanda \u00e7ox arzuolunmaz presedent yaradacaq. El\u0259 Az\u0259rbaycan \u00fc\u00e7\u00fcn d\u0259 \u00e7ox arzuolunmaz presedentl\u0259r yaradacaq&#8221;. <\/p>\n\n\n\n<p>M\u00fcraci\u0259t m\u00fc\u0259llifl\u0259ri qeyd edibl\u0259r ki, Saleh R\u00fcst\u0259mov ziyal\u0131 v\u0259 yetkin bir \u015f\u0259xsdir, n\u0259 etdiyini, hans\u0131 q\u0259rar\u0131 verdiyini \u00e7ox yax\u015f\u0131 d\u0259y\u0259rl\u0259ndir\u0259 bil\u0259n insand\u0131r: <\/p>\n\n\n\n<p>&#8220;Biz onun h\u0259yat\u0131 \u00fc\u00e7\u00fcn n\u0259 q\u0259d\u0259r narahat\u0131qsa, onun h\u0259yat\u0131n\u0131n bitm\u0259si il\u0259 yarana bil\u0259c\u0259k h\u0259min o arzuolunmaz presedentl\u0259rd\u0259n d\u0259 o q\u0259d\u0259r narahat\u0131q.<br>Buna g\u00f6r\u0259 d\u0259, h\u0259m d\u00f6vl\u0259t r\u0259smil\u0259rin\u0259, h\u0259m d\u0259 b\u00fct\u00fcn c\u0259miyy\u0259t\u0259 m\u00fcraci\u0259t edirik: &#8211; Saleh R\u00fcst\u0259movun bir an \u00f6nc\u0259 azad edilm\u0259si \u00fc\u00e7\u00fcn \u0259linizd\u0259n g\u0259l\u0259ni \u0259sirg\u0259m\u0259yin!&#8221;.<br><\/p>\n\n\n\n<p>Noyabr\u0131n 19-da h\u00fcquq m\u00fcdafi\u0259\u00e7il\u0259ri, QHT n\u00fcmay\u0259nd\u0259l\u0259ri, ard\u0131nca h\u00fcquq\u015f\u00fcnaslar, ictimai xadiml\u0259r Saleh R\u00fcst\u0259movun azad olunmas\u0131 \u00fc\u00e7\u00fcn d\u00f6vl\u0259t ba\u015f\u00e7\u0131s\u0131na m\u00fcraci\u0259t <a href=\"https:\/\/www.meydan.tv\/az\/article\/bir-qrup-ictimai-xadim-saleh-rustemova-azadliq-teleb-edir\/\" target=\"_blank\" rel=\"noreferrer noopener\">edibl\u0259r<\/a>. Amma h\u0259l\u0259 reaksiya <a href=\"https:\/\/www.meydan.tv\/az\/article\/huquq-mudafiecileri-saleh-rustemovla-bagli-prezidentden-cavab-gozleyirler\/\" target=\"_blank\" rel=\"noreferrer noopener\">yoxdur<\/a>.<br><\/p>\n\n\n\n<p>18 g\u00fcnd\u00fcr acl\u0131q aksiyas\u0131 ke\u00e7ir\u0259n S.R\u00fcst\u0259movun o\u011flu v\u0259 v\u0259kili onun durumunun a\u011f\u0131r oldu\u011funu <a href=\"\/\/www.meydan.tv\/az\/article\/saleh-rustemovun-oglu-atam-hefte-erzinde-quru-acliga-kececeyini-deyib\/\" target=\"_blank\" rel=\"noreferrer noopener\">bildirib<\/a>.<br><\/p>\n\n\n\n<p>Saleh R\u00fcst\u0259mov 1998-ci ild\u0259n Rusiyada ya\u015fay\u0131b.<br><\/p>\n\n\n\n<p>2018-ci ild\u0259 yax\u0131nlar\u0131n\u0131 g\u00f6rm\u0259k \u00fc\u00e7\u00fcn Az\u0259rbaycana g\u0259l\u0259n R\u00fcst\u0259mov \u015e\u0259mkird\u0259 saxlan\u0131l\u0131b.<br>Bak\u0131ya \u2013 Ba\u015f M\u00fct\u0259\u015f\u0259kkil Cinay\u0259tkarl\u0131qla M\u00fcbariz\u0259 \u0130dar\u0259sin\u0259 g\u0259tiril\u0259n Saleh R\u00fcst\u0259mova qar\u015f\u0131 narkotik ittiham\u0131 ir\u0259li s\u00fcr\u00fcl\u00fcb.<br><\/p>\n\n\n\n<p>\u0130ki g\u00fcn sonra onun qarda\u015f\u0131 o\u011flu Vidadi R\u00fcst\u0259mov d\u0259 eyni ittihamla saxlan\u0131l\u0131b.<br><\/p>\n\n\n\n<p>Onlar bu idar\u0259d\u0259 20 g\u00fcn\u0259 yax\u0131n i\u015fg\u0259nc\u0259y\u0259 m\u0259ruz qald\u0131qlar\u0131n\u0131 bildiribl\u0259r.<br><\/p>\n\n\n\n<p>Ba\u015f Prokurorluq v\u0259 Daxili \u0130\u015fl\u0259r Nazirliyinin (D\u0130N) yayd\u0131\u011f\u0131 birg\u0259 m\u0259lumatda iddia olunub ki, onlar \u00e7irkli pul v\u0259saitl\u0259rini leqalla\u015fd\u0131rmaqda ittiham olunurlar. Amma Saleh R\u00fcst\u0259mov ittiham\u0131 r\u0259dd edib.<br><\/p>\n\n\n\n<p>O bildirib ki, uzun ill\u0259r Xalq C\u0259bh\u0259sinin \u00fczv\u00fc olub.<br><\/p>\n\n\n\n<p>Rusiyada h\u0259m \u00f6z\u00fc, h\u0259m d\u0259 dig\u0259r az\u0259rbaycanl\u0131lar qazanclar\u0131ndan siyasi m\u0259hbuslar\u0131n ail\u0259l\u0259rin\u0259 yard\u0131m m\u0259qs\u0259dil\u0259 pul g\u00f6nd\u0259ribl\u0259r.<br><\/p>\n\n\n\n<p>Bak\u0131 A\u011f\u0131r Cinay\u0259tl\u0259r M\u0259hk\u0259m\u0259sinin h\u00f6km\u00fc il\u0259 Saleh R\u00fcst\u0259mov 7 il 3 ay azadl\u0131qdan m\u0259hrum edilib.<br><\/p>\n\n\n\n<p>Vidadi R\u00fcst\u0259mova is\u0259 \u015f\u0259rti c\u0259za verilib. Sonradan Ali M\u0259hk\u0259m\u0259 Saleh R\u00fcst\u0259movun c\u0259zas\u0131n\u0131 2 ay azald\u0131b.<br><\/p>\n\n\n\n<p>M\u0259hk\u0259m\u0259nin h\u00f6km\u00fcnd\u0259 Saleh R\u00fcst\u0259movun yax\u0131nlar\u0131na m\u0259xsus m\u0259nzil v\u0259 ba\u015fqa da\u015f\u0131nmaz \u0259mlaklar\u0131n, h\u0259tta atalar\u0131ndan qalma evin d\u0259 m\u00fcsadir\u0259 olunmas\u0131 \u0259ksini tap\u0131b.<\/p>\n","protected":false},"excerpt":{"rendered":"<p>&#8220;Bu aksiya g\u00fcnahs\u0131z c\u0259zaya qar\u015f\u0131 dir\u0259ni\u015fdir&#8221; Noyabr\u0131n 23-d\u0259 bir qrup &#8230; <\/p>\n<p class=\"read-more-container\"><a title=\"Jurnalistl\u0259r Saleh R\u00fcst\u0259movla ba\u011fl\u0131 m\u00fcraci\u0259t yayd\u0131lar\" class=\"read-more button\" href=\"https:\/\/www.meydan.tv\/az\/article\/jurnalistler-saleh-rustemovla-ile-bagli-muraciet-yaydilar\/#more-227094\" aria-label=\"Read more about Jurnalistl\u0259r Saleh R\u00fcst\u0259movla ba\u011fl\u0131 m\u00fcraci\u0259t yayd\u0131lar\">Davam\u0131<\/a><\/p>\n","protected":false},"author":8,"featured_media":226437,"comment_status":"closed","ping_status":"closed","sticky":false,"template":"","format":"standard","meta":{"_acf_changed":false,"_sitemap_exclude":false,"_sitemap_priority":"","_sitemap_frequency":"","footnotes":""},"categories":[59,79,56],"tags":[],"class_list":["post-227094","post","type-post","status-publish","format-standard","has-post-thumbnail","hentry","category-siyaset","category-featured","category-xeberler","infinite-scroll-item","generate-columns","tablet-grid-50","mobile-grid-100","grid-parent","grid-33","no-featured-image-padding"],"acf":[],"yoast_head":"<!-- This site is optimized with the Yoast SEO plugin v27.4 - https:\/\/yoast.com\/product\/yoast-seo-wordpress\/ -->\n<title>Jurnalistl\u0259r Saleh R\u00fcst\u0259movla ba\u011fl\u0131 m\u00fcraci\u0259t yayd\u0131lar - MEYDAN.TV<\/title>\n<meta name=\"robots\" content=\"index, follow, max-snippet:-1, max-image-preview:large, max-video-preview:-1\" \/>\n<link rel=\"canonical\" href=\"https:\/\/www.meydan.tv\/az\/article\/jurnalistler-saleh-rustemovla-ile-bagli-muraciet-yaydilar\/\" \/>\n<meta property=\"og:locale\" content=\"az_AZ\" \/>\n<meta property=\"og:type\" content=\"article\" \/>\n<meta property=\"og:title\" content=\"Jurnalistl\u0259r Saleh R\u00fcst\u0259movla ba\u011fl\u0131 m\u00fcraci\u0259t yayd\u0131lar - MEYDAN.TV\" \/>\n<meta property=\"og:description\" content=\"&#8220;Bu aksiya g\u00fcnahs\u0131z c\u0259zaya qar\u015f\u0131 dir\u0259ni\u015fdir&#8221; Noyabr\u0131n 23-d\u0259 bir qrup ... Davam\u0131\" \/>\n<meta property=\"og:url\" content=\"https:\/\/www.meydan.tv\/az\/article\/jurnalistler-saleh-rustemovla-ile-bagli-muraciet-yaydilar\/\" \/>\n<meta property=\"og:site_name\" content=\"MEYDAN.TV\" \/>\n<meta property=\"article:published_time\" content=\"2021-11-23T10:42:59+00:00\" \/>\n<meta property=\"article:modified_time\" content=\"2021-11-23T10:43:00+00:00\" \/>\n<meta property=\"og:image\" content=\"https:\/\/www.meydan.tv\/wp-content\/uploads\/untitled_artwork__7_-scaled.jpg\" \/>\n\t<meta property=\"og:image:width\" content=\"2560\" \/>\n\t<meta property=\"og:image:height\" content=\"1707\" \/>\n\t<meta property=\"og:image:type\" content=\"image\/jpeg\" \/>\n<meta name=\"author\" content=\"elli\" \/>\n<meta name=\"twitter:card\" content=\"summary_large_image\" \/>\n<meta name=\"twitter:creator\" content=\"@elli\" \/>\n<script type=\"application\/ld+json\" class=\"yoast-schema-graph\">{\"@context\":\"https:\\\/\\\/schema.org\",\"@graph\":[{\"@type\":\"Article\",\"@id\":\"https:\\\/\\\/www.meydan.tv\\\/az\\\/article\\\/jurnalistler-saleh-rustemovla-ile-bagli-muraciet-yaydilar\\\/#article\",\"isPartOf\":{\"@id\":\"https:\\\/\\\/www.meydan.tv\\\/az\\\/article\\\/jurnalistler-saleh-rustemovla-ile-bagli-muraciet-yaydilar\\\/\"},\"author\":{\"name\":\"elli\",\"@id\":\"https:\\\/\\\/www.meydan.tv\\\/az\\\/#\\\/schema\\\/person\\\/9cdbecf90d17180ce1dfbd95b08dcf47\"},\"headline\":\"Jurnalistl\u0259r Saleh R\u00fcst\u0259movla ba\u011fl\u0131 m\u00fcraci\u0259t yayd\u0131lar\",\"datePublished\":\"2021-11-23T10:42:59+00:00\",\"dateModified\":\"2021-11-23T10:43:00+00:00\",\"mainEntityOfPage\":{\"@id\":\"https:\\\/\\\/www.meydan.tv\\\/az\\\/article\\\/jurnalistler-saleh-rustemovla-ile-bagli-muraciet-yaydilar\\\/\"},\"wordCount\":945,\"publisher\":{\"@id\":\"https:\\\/\\\/www.meydan.tv\\\/az\\\/#organization\"},\"image\":{\"@id\":\"https:\\\/\\\/www.meydan.tv\\\/az\\\/article\\\/jurnalistler-saleh-rustemovla-ile-bagli-muraciet-yaydilar\\\/#primaryimage\"},\"thumbnailUrl\":\"https:\\\/\\\/www.meydan.tv\\\/wp-content\\\/uploads\\\/untitled_artwork__7_-scaled-e1763558338626.jpg\",\"articleSection\":[\"Siyas\u0259t\",\"T\u00f6vsiy\u0259\",\"X\u0259b\u0259rl\u0259r\"],\"inLanguage\":\"az\"},{\"@type\":\"WebPage\",\"@id\":\"https:\\\/\\\/www.meydan.tv\\\/az\\\/article\\\/jurnalistler-saleh-rustemovla-ile-bagli-muraciet-yaydilar\\\/\",\"url\":\"https:\\\/\\\/www.meydan.tv\\\/az\\\/article\\\/jurnalistler-saleh-rustemovla-ile-bagli-muraciet-yaydilar\\\/\",\"name\":\"Jurnalistl\u0259r Saleh R\u00fcst\u0259movla ba\u011fl\u0131 m\u00fcraci\u0259t yayd\u0131lar - MEYDAN.TV\",\"isPartOf\":{\"@id\":\"https:\\\/\\\/www.meydan.tv\\\/az\\\/#website\"},\"primaryImageOfPage\":{\"@id\":\"https:\\\/\\\/www.meydan.tv\\\/az\\\/article\\\/jurnalistler-saleh-rustemovla-ile-bagli-muraciet-yaydilar\\\/#primaryimage\"},\"image\":{\"@id\":\"https:\\\/\\\/www.meydan.tv\\\/az\\\/article\\\/jurnalistler-saleh-rustemovla-ile-bagli-muraciet-yaydilar\\\/#primaryimage\"},\"thumbnailUrl\":\"https:\\\/\\\/www.meydan.tv\\\/wp-content\\\/uploads\\\/untitled_artwork__7_-scaled-e1763558338626.jpg\",\"datePublished\":\"2021-11-23T10:42:59+00:00\",\"dateModified\":\"2021-11-23T10:43:00+00:00\",\"breadcrumb\":{\"@id\":\"https:\\\/\\\/www.meydan.tv\\\/az\\\/article\\\/jurnalistler-saleh-rustemovla-ile-bagli-muraciet-yaydilar\\\/#breadcrumb\"},\"inLanguage\":\"az\",\"potentialAction\":[{\"@type\":\"ReadAction\",\"target\":[\"https:\\\/\\\/www.meydan.tv\\\/az\\\/article\\\/jurnalistler-saleh-rustemovla-ile-bagli-muraciet-yaydilar\\\/\"]}]},{\"@type\":\"ImageObject\",\"inLanguage\":\"az\",\"@id\":\"https:\\\/\\\/www.meydan.tv\\\/az\\\/article\\\/jurnalistler-saleh-rustemovla-ile-bagli-muraciet-yaydilar\\\/#primaryimage\",\"url\":\"https:\\\/\\\/www.meydan.tv\\\/wp-content\\\/uploads\\\/untitled_artwork__7_-scaled-e1763558338626.jpg\",\"contentUrl\":\"https:\\\/\\\/www.meydan.tv\\\/wp-content\\\/uploads\\\/untitled_artwork__7_-scaled-e1763558338626.jpg\",\"width\":1000,\"height\":585,\"caption\":\"Saleh R\u00fcst\u0259mov, Foto: Meydan TV\"},{\"@type\":\"BreadcrumbList\",\"@id\":\"https:\\\/\\\/www.meydan.tv\\\/az\\\/article\\\/jurnalistler-saleh-rustemovla-ile-bagli-muraciet-yaydilar\\\/#breadcrumb\",\"itemListElement\":[{\"@type\":\"ListItem\",\"position\":1,\"name\":\"Ana s\u0259hif\u0259\",\"item\":\"https:\\\/\\\/www.meydan.tv\\\/az\\\/\"},{\"@type\":\"ListItem\",\"position\":2,\"name\":\"Siyas\u0259t\",\"item\":\"https:\\\/\\\/www.meydan.tv\\\/az\\\/section\\\/siyaset\\\/\"},{\"@type\":\"ListItem\",\"position\":3,\"name\":\"Jurnalistl\u0259r Saleh R\u00fcst\u0259movla ba\u011fl\u0131 m\u00fcraci\u0259t yayd\u0131lar\"}]},{\"@type\":\"WebSite\",\"@id\":\"https:\\\/\\\/www.meydan.tv\\\/az\\\/#website\",\"url\":\"https:\\\/\\\/www.meydan.tv\\\/az\\\/\",\"name\":\"MEYDAN.TV\",\"description\":\"Meydan TV Az\u0259rbaycan\u0131n media m\u0259kan\u0131ndak\u0131 alternativ s\u0259sidir\",\"publisher\":{\"@id\":\"https:\\\/\\\/www.meydan.tv\\\/az\\\/#organization\"},\"potentialAction\":[{\"@type\":\"SearchAction\",\"target\":{\"@type\":\"EntryPoint\",\"urlTemplate\":\"https:\\\/\\\/www.meydan.tv\\\/az\\\/?s={search_term_string}\"},\"query-input\":{\"@type\":\"PropertyValueSpecification\",\"valueRequired\":true,\"valueName\":\"search_term_string\"}}],\"inLanguage\":\"az\"},{\"@type\":\"Organization\",\"@id\":\"https:\\\/\\\/www.meydan.tv\\\/az\\\/#organization\",\"name\":\"Meydan TV\",\"url\":\"https:\\\/\\\/www.meydan.tv\\\/az\\\/\",\"logo\":{\"@type\":\"ImageObject\",\"inLanguage\":\"az\",\"@id\":\"https:\\\/\\\/www.meydan.tv\\\/az\\\/#\\\/schema\\\/logo\\\/image\\\/\",\"url\":\"https:\\\/\\\/www.meydan.tv\\\/wp-content\\\/uploads\\\/2021\\\/07\\\/meydan-logo.svg\",\"contentUrl\":\"https:\\\/\\\/www.meydan.tv\\\/wp-content\\\/uploads\\\/2021\\\/07\\\/meydan-logo.svg\",\"width\":195,\"height\":46,\"caption\":\"Meydan TV\"},\"image\":{\"@id\":\"https:\\\/\\\/www.meydan.tv\\\/az\\\/#\\\/schema\\\/logo\\\/image\\\/\"}},{\"@type\":\"Person\",\"@id\":\"https:\\\/\\\/www.meydan.tv\\\/az\\\/#\\\/schema\\\/person\\\/9cdbecf90d17180ce1dfbd95b08dcf47\",\"name\":\"elli\",\"sameAs\":[\"https:\\\/\\\/x.com\\\/elli\"]}]}<\/script>\n<!-- \/ Yoast SEO plugin. -->","yoast_head_json":{"title":"Jurnalistl\u0259r Saleh R\u00fcst\u0259movla ba\u011fl\u0131 m\u00fcraci\u0259t yayd\u0131lar - MEYDAN.TV","robots":{"index":"index","follow":"follow","max-snippet":"max-snippet:-1","max-image-preview":"max-image-preview:large","max-video-preview":"max-video-preview:-1"},"canonical":"https:\/\/www.meydan.tv\/az\/article\/jurnalistler-saleh-rustemovla-ile-bagli-muraciet-yaydilar\/","og_locale":"az_AZ","og_type":"article","og_title":"Jurnalistl\u0259r Saleh R\u00fcst\u0259movla ba\u011fl\u0131 m\u00fcraci\u0259t yayd\u0131lar - MEYDAN.TV","og_description":"&#8220;Bu aksiya g\u00fcnahs\u0131z c\u0259zaya qar\u015f\u0131 dir\u0259ni\u015fdir&#8221; Noyabr\u0131n 23-d\u0259 bir qrup ... Davam\u0131","og_url":"https:\/\/www.meydan.tv\/az\/article\/jurnalistler-saleh-rustemovla-ile-bagli-muraciet-yaydilar\/","og_site_name":"MEYDAN.TV","article_published_time":"2021-11-23T10:42:59+00:00","article_modified_time":"2021-11-23T10:43:00+00:00","og_image":[{"width":2560,"height":1707,"url":"https:\/\/www.meydan.tv\/wp-content\/uploads\/untitled_artwork__7_-scaled.jpg","type":"image\/jpeg"}],"author":"elli","twitter_card":"summary_large_image","twitter_creator":"@elli","schema":{"@context":"https:\/\/schema.org","@graph":[{"@type":"Article","@id":"https:\/\/www.meydan.tv\/az\/article\/jurnalistler-saleh-rustemovla-ile-bagli-muraciet-yaydilar\/#article","isPartOf":{"@id":"https:\/\/www.meydan.tv\/az\/article\/jurnalistler-saleh-rustemovla-ile-bagli-muraciet-yaydilar\/"},"author":{"name":"elli","@id":"https:\/\/www.meydan.tv\/az\/#\/schema\/person\/9cdbecf90d17180ce1dfbd95b08dcf47"},"headline":"Jurnalistl\u0259r Saleh R\u00fcst\u0259movla ba\u011fl\u0131 m\u00fcraci\u0259t yayd\u0131lar","datePublished":"2021-11-23T10:42:59+00:00","dateModified":"2021-11-23T10:43:00+00:00","mainEntityOfPage":{"@id":"https:\/\/www.meydan.tv\/az\/article\/jurnalistler-saleh-rustemovla-ile-bagli-muraciet-yaydilar\/"},"wordCount":945,"publisher":{"@id":"https:\/\/www.meydan.tv\/az\/#organization"},"image":{"@id":"https:\/\/www.meydan.tv\/az\/article\/jurnalistler-saleh-rustemovla-ile-bagli-muraciet-yaydilar\/#primaryimage"},"thumbnailUrl":"https:\/\/www.meydan.tv\/wp-content\/uploads\/untitled_artwork__7_-scaled-e1763558338626.jpg","articleSection":["Siyas\u0259t","T\u00f6vsiy\u0259","X\u0259b\u0259rl\u0259r"],"inLanguage":"az"},{"@type":"WebPage","@id":"https:\/\/www.meydan.tv\/az\/article\/jurnalistler-saleh-rustemovla-ile-bagli-muraciet-yaydilar\/","url":"https:\/\/www.meydan.tv\/az\/article\/jurnalistler-saleh-rustemovla-ile-bagli-muraciet-yaydilar\/","name":"Jurnalistl\u0259r Saleh R\u00fcst\u0259movla ba\u011fl\u0131 m\u00fcraci\u0259t yayd\u0131lar - MEYDAN.TV","isPartOf":{"@id":"https:\/\/www.meydan.tv\/az\/#website"},"primaryImageOfPage":{"@id":"https:\/\/www.meydan.tv\/az\/article\/jurnalistler-saleh-rustemovla-ile-bagli-muraciet-yaydilar\/#primaryimage"},"image":{"@id":"https:\/\/www.meydan.tv\/az\/article\/jurnalistler-saleh-rustemovla-ile-bagli-muraciet-yaydilar\/#primaryimage"},"thumbnailUrl":"https:\/\/www.meydan.tv\/wp-content\/uploads\/untitled_artwork__7_-scaled-e1763558338626.jpg","datePublished":"2021-11-23T10:42:59+00:00","dateModified":"2021-11-23T10:43:00+00:00","breadcrumb":{"@id":"https:\/\/www.meydan.tv\/az\/article\/jurnalistler-saleh-rustemovla-ile-bagli-muraciet-yaydilar\/#breadcrumb"},"inLanguage":"az","potentialAction":[{"@type":"ReadAction","target":["https:\/\/www.meydan.tv\/az\/article\/jurnalistler-saleh-rustemovla-ile-bagli-muraciet-yaydilar\/"]}]},{"@type":"ImageObject","inLanguage":"az","@id":"https:\/\/www.meydan.tv\/az\/article\/jurnalistler-saleh-rustemovla-ile-bagli-muraciet-yaydilar\/#primaryimage","url":"https:\/\/www.meydan.tv\/wp-content\/uploads\/untitled_artwork__7_-scaled-e1763558338626.jpg","contentUrl":"https:\/\/www.meydan.tv\/wp-content\/uploads\/untitled_artwork__7_-scaled-e1763558338626.jpg","width":1000,"height":585,"caption":"Saleh R\u00fcst\u0259mov, Foto: Meydan TV"},{"@type":"BreadcrumbList","@id":"https:\/\/www.meydan.tv\/az\/article\/jurnalistler-saleh-rustemovla-ile-bagli-muraciet-yaydilar\/#breadcrumb","itemListElement":[{"@type":"ListItem","position":1,"name":"Ana s\u0259hif\u0259","item":"https:\/\/www.meydan.tv\/az\/"},{"@type":"ListItem","position":2,"name":"Siyas\u0259t","item":"https:\/\/www.meydan.tv\/az\/section\/siyaset\/"},{"@type":"ListItem","position":3,"name":"Jurnalistl\u0259r Saleh R\u00fcst\u0259movla ba\u011fl\u0131 m\u00fcraci\u0259t yayd\u0131lar"}]},{"@type":"WebSite","@id":"https:\/\/www.meydan.tv\/az\/#website","url":"https:\/\/www.meydan.tv\/az\/","name":"MEYDAN.TV","description":"Meydan TV Az\u0259rbaycan\u0131n media m\u0259kan\u0131ndak\u0131 alternativ s\u0259sidir","publisher":{"@id":"https:\/\/www.meydan.tv\/az\/#organization"},"potentialAction":[{"@type":"SearchAction","target":{"@type":"EntryPoint","urlTemplate":"https:\/\/www.meydan.tv\/az\/?s={search_term_string}"},"query-input":{"@type":"PropertyValueSpecification","valueRequired":true,"valueName":"search_term_string"}}],"inLanguage":"az"},{"@type":"Organization","@id":"https:\/\/www.meydan.tv\/az\/#organization","name":"Meydan TV","url":"https:\/\/www.meydan.tv\/az\/","logo":{"@type":"ImageObject","inLanguage":"az","@id":"https:\/\/www.meydan.tv\/az\/#\/schema\/logo\/image\/","url":"https:\/\/www.meydan.tv\/wp-content\/uploads\/2021\/07\/meydan-logo.svg","contentUrl":"https:\/\/www.meydan.tv\/wp-content\/uploads\/2021\/07\/meydan-logo.svg","width":195,"height":46,"caption":"Meydan TV"},"image":{"@id":"https:\/\/www.meydan.tv\/az\/#\/schema\/logo\/image\/"}},{"@type":"Person","@id":"https:\/\/www.meydan.tv\/az\/#\/schema\/person\/9cdbecf90d17180ce1dfbd95b08dcf47","name":"elli","sameAs":["https:\/\/x.com\/elli"]}]}},"_links":{"self":[{"href":"https:\/\/www.meydan.tv\/az\/wp-json\/wp\/v2\/posts\/227094","targetHints":{"allow":["GET"]}}],"collection":[{"href":"https:\/\/www.meydan.tv\/az\/wp-json\/wp\/v2\/posts"}],"about":[{"href":"https:\/\/www.meydan.tv\/az\/wp-json\/wp\/v2\/types\/post"}],"author":[{"embeddable":true,"href":"https:\/\/www.meydan.tv\/az\/wp-json\/wp\/v2\/users\/8"}],"replies":[{"embeddable":true,"href":"https:\/\/www.meydan.tv\/az\/wp-json\/wp\/v2\/comments?post=227094"}],"version-history":[{"count":4,"href":"https:\/\/www.meydan.tv\/az\/wp-json\/wp\/v2\/posts\/227094\/revisions"}],"predecessor-version":[{"id":227111,"href":"https:\/\/www.meydan.tv\/az\/wp-json\/wp\/v2\/posts\/227094\/revisions\/227111"}],"wp:featuredmedia":[{"embeddable":true,"href":"https:\/\/www.meydan.tv\/az\/wp-json\/wp\/v2\/media\/226437"}],"wp:attachment":[{"href":"https:\/\/www.meydan.tv\/az\/wp-json\/wp\/v2\/media?parent=227094"}],"wp:term":[{"taxonomy":"category","embeddable":true,"href":"https:\/\/www.meydan.tv\/az\/wp-json\/wp\/v2\/categories?post=227094"},{"taxonomy":"post_tag","embeddable":true,"href":"https:\/\/www.meydan.tv\/az\/wp-json\/wp\/v2\/tags?post=227094"}],"curies":[{"name":"wp","href":"https:\/\/api.w.org\/{rel}","templated":true}]}}