{"id":227001,"date":"2021-11-23T08:11:55","date_gmt":"2021-11-23T04:11:55","guid":{"rendered":"https:\/\/www.meydan.tv\/?p=227001"},"modified":"2021-11-23T08:11:57","modified_gmt":"2021-11-23T04:11:57","slug":"iki-p-arasinda","status":"publish","type":"post","link":"https:\/\/www.meydan.tv\/az\/article\/iki-p-arasinda\/","title":{"rendered":"\u0130ki \u201cP\u201d  aras\u0131nda"},"content":{"rendered":"\n<p>\u018frdo\u011fan \u00fc\u00e7\u00fcn Putinl\u0259 Pa\u015finyan\u0131n f\u0259rqi n\u0259dir?<br><\/p>\n\n\n\n<p>Noyabr\u0131n \u0259vv\u0259ll\u0259rind\u0259 T\u00fcrkiy\u0259d\u0259 T\u00fcrk \u015euras\u0131 d\u00f6vl\u0259tl\u0259rinin g\u00f6r\u00fc\u015f\u00fc ke\u00e7irildi. T\u0259dbird\u0259 6 t\u00fcrk d\u00f6vl\u0259tinin ba\u015f\u00e7\u0131s\u0131 i\u015ftirak edirdi. T\u00fcrkiy\u0259 prezidenti R\u0259c\u0259b Tayyib \u018frdo\u011fan h\u0259min t\u0259dbird\u0259 \u00e7\u0131x\u0131\u015f\u0131nda \u00e7ox maraql\u0131 bir fakt s\u00f6yl\u0259di. Dedi ki, T\u00fcrk \u015euras\u0131na \u00fczv olan d\u00f6vl\u0259tl\u0259rin qar\u015f\u0131l\u0131ql\u0131 ticar\u0259t d\u00f6vriyy\u0259si yerd\u0259 qalan b\u00fct\u00fcn d\u00f6vl\u0259tl\u0259rl\u0259 olan d\u00f6vriyy\u0259nin 3 faizin\u0259 barab\u0259rdir. Ona g\u00f6r\u0259 d\u0259 h\u0259d\u0259f bu r\u0259q\u0259mi 10 faiz\u0259 qald\u0131rmaq olmal\u0131d\u0131r. Amma \u018frdo\u011fan idxal iqtisadiyyat\u0131n\u0131n \u00f6nd\u0259ged\u0259n liderl\u0259rin\u0259 dem\u0259di ki, onlar bir-birl\u0259rin\u0259 n\u0259 al\u0131b, n\u0259 satmal\u0131d\u0131rlar.<br><\/p>\n\n\n\n<p>Az\u0259rbaycan\u0131n T\u00fcrkiy\u0259d\u0259n idxal etdiyi tekstild\u0259n daha qiym\u0259tli \u015feyl\u0259r var. M\u0259s\u0259l\u0259n, siyasi f\u0259allar\u0131, m\u00fchacirl\u0259ri v\u0259 jurnalistl\u0259ri T\u00fcrkiy\u0259d\u0259 h\u0259bs etdirib \u00f6lk\u0259y\u0259 idxal edir. \u018fg\u0259r bunun qar\u015f\u0131l\u0131\u011f\u0131nda \u018frdo\u011fan h\u00f6kum\u0259tin\u0259 edil\u0259n g\u00f6r\u00fcm-bax\u0131m r\u0259smil\u0259\u015fs\u0259, onda, \u015f\u00fcbh\u0259siz ki, \u00f6lk\u0259l\u0259r aras\u0131ndak\u0131 ticar\u0259t d\u00f6vriyy\u0259si artar.<br><\/p>\n\n\n\n<p>T\u00fcrkiy\u0259 d\u0259 bizd\u0259n alma\u011fa bir \u015fey tapar, amma bu aralar r\u0259smi Ankaran\u0131n pul verm\u0259kl\u0259 i\u015fi yoxdur. \u201cSezon\u201dun ax\u0131r\u0131d\u0131r dey\u0259 ancaq ala bilir. He\u00e7 kim el\u0259 d\u00fc\u015f\u00fcnm\u0259sin ki, bu k\u00f6hn\u0259 m\u00f6vzudan giri\u015f etm\u0259kd\u0259 hans\u0131sa ba\u015fqa m\u0259qs\u0259dim var. \u018fsla. Burada \u0259n ciddi m\u0259qs\u0259dim &#8220;iki d\u00f6vl\u0259t, bir mill\u0259t&#8221;in ticar\u0259t v\u0259 ekonomikas\u0131nda \u015f\u0259ffafl\u0131\u011f\u0131n hans\u0131 s\u0259viyy\u0259d\u0259 oldu\u011funu ayd\u0131nla\u015fd\u0131rmaqd\u0131r. Diqq\u0259t\u00e7\u0259k\u0259n ikinci m\u00fch\u00fcm m\u0259s\u0259l\u0259 is\u0259 q\u0259dim da\u015f abid\u0259l\u0259rd\u0259n g\u00f6t\u00fcr\u00fclm\u00fc\u015f \u201ckene\u015f\u201d s\u00f6z\u00fc idi. Y\u0259ni m\u0259sl\u0259h\u0259t, \u015fura, bir s\u00f6zl\u0259 \u201csovet\u201d.<br><\/p>\n\n\n\n<p>Bu s\u00f6z\u00fc se\u00e7m\u0259k pis deyil, amma antik variant\u0131n\u0131 se\u00e7m\u0259k bir q\u0259d\u0259r ba\u015fad\u00fc\u015f\u00fcl\u0259n deyil. M\u0259s\u0259l\u0259n, \u201ckene\u015f\u201d orta \u0259srl\u0259rd\u0259 \u201cg\u0259n\u0259\u015fik\u201d olub. Bildiyiniz \u201cgen\u0259\u015fm\u0259k\u201d m\u0259sl\u0259h\u0259tl\u0259\u015fm\u0259k s\u00f6z\u00fcnd\u0259ndir. \u018fsas m\u0259s\u0259l\u0259 bu deyil\u2026<br><\/p>\n\n\n\n<p><strong>\u0130ki \u201cP\u201d aras\u0131nda<br><\/strong><\/p>\n\n\n\n<p>M\u0259s\u0259l\u0259 budur ki, \u018frdo\u011fan T\u00fcrk d\u00fcnyas\u0131n\u0131n \u0259halic\u0259 \u0259n b\u00f6y\u00fck, ordu v\u0259 siyasi bax\u0131mdan is\u0259 \u0259n q\u00fcdr\u0259tli \u00f6lk\u0259sinin prezidentidir. Onun haz\u0131rk\u0131 tarixi siyasi missiyas\u0131 1990-c\u0131 ild\u0259 yenic\u0259 m\u00fcst\u0259qillik qazanm\u0131\u015f \u00f6lk\u0259l\u0259r\u0259 s\u0259f\u0259r ed\u0259n Turqut Ozal\u0131n missiyas\u0131n\u0131n davam\u0131d\u0131r. Daha do\u011frusu, bel\u0259 olmal\u0131d\u0131r. Y\u0259ni t\u00fcrk d\u00f6vl\u0259tl\u0259rini Rusiyan\u0131n siyasi-h\u0259rbi t\u0259sirind\u0259n \u00e7\u0131xarmaq, onlar\u0131n probleml\u0259rinin yerli v\u0259 beyn\u0259lxalq m\u00fcst\u0259vid\u0259 h\u0259llin\u0259 \u00e7al\u0131\u015fmaq, demokratik prinsipl\u0259ri yaymaq, g\u00fccl\u00fc, a\u00e7\u0131q c\u0259miyy\u0259tl\u0259rin qurulmas\u0131 \u00fc\u00e7\u00fcn \u00f6nd\u0259rlik etm\u0259k, bu d\u00f6vl\u0259tl\u0259r \u00fc\u00e7\u00fcn g\u0259l\u0259c\u0259y\u0259 ged\u0259n bir yol a\u00e7maq.<br><\/p>\n\n\n\n<p>Amma haz\u0131rda prosesin bel\u0259 davam etdiyini n\u0259inki g\u00f6rm\u0259k, t\u0259s\u0259vv\u00fcr etm\u0259k \u00fc\u00e7\u00fcn d\u0259 he\u00e7 bir \u0259sas yoxdur. T\u00fcrkiy\u0259 44 g\u00fcnl\u00fck Qaraba\u011f sava\u015f\u0131nda \u0259ld\u0259 edilmi\u015f h\u0259rbi z\u0259f\u0259rin add\u0131m add\u0131m \u0259ld\u0259n \u00e7\u0131xmas\u0131na \u201cT\u00fcrk kene\u015fi\u201d yaratmaqla reaksiya verir. B\u0259la\u011f\u0259tli nitql\u0259rin arxas\u0131nca he\u00e7 bir ki\u00e7ik add\u0131m at\u0131lm\u0131r. Rusiya il\u0259 birg\u0259 yarad\u0131lm\u0131\u015f s\u00fclh\u00fc qoruma missiyas\u0131 h\u0259l\u0259 d\u0259 \u201cat\u0259\u015fk\u0259s\u201dd\u0259n sonra \u015f\u0259hid olmu\u015f ondan \u00e7ox Az\u0259rbaycan \u0259sg\u0259ri v\u0259 zabiti haqda bir k\u0259lm\u0259 d\u0259 k\u0259sm\u0259yib. Bunun \u0259v\u0259zind\u0259 is\u0259 T\u00fcrkiy\u0259 zabitinin bu s\u00fclh\u00fc qoruma m\u0259nt\u0259q\u0259sind\u0259 Rusiya zabiti il\u0259 z\u0259r at\u0131b n\u0259rd oynad\u0131\u011f\u0131na dair fotolar yay\u0131l\u0131r. Dem\u0259li, Qaraba\u011fda oyun gedir, \u00f6z\u00fc d\u0259 Az\u0259rbaycan \u0259sg\u0259rinin can\u0131 va a\u011fl\u0131 bahas\u0131na oynad\u0131\u011f\u0131 oyundan yox, z\u0259r v\u0259 b\u0259xt oyunu\u2026<br><\/p>\n\n\n\n<p>Putinl\u0259 Pa\u015finyan aras\u0131nda se\u00e7im etm\u0259k T\u00fcrkiy\u0259 \u00fc\u00e7\u00fcn he\u00e7 d\u0259 u\u011furlu gedi\u015f olmad\u0131, \u00e7\u00fcnki T\u00fcrkiy\u0259 onlar\u0131n daxili m\u00fcnasib\u0259tl\u0259rind\u0259 t\u0259r\u0259f olmamal\u0131 idi.<br><\/p>\n\n\n\n<p>\u018frdo\u011fan Pa\u015finyan\u0131n dialoq t\u0259klifin\u0259 cavab verm\u0259m\u0259kl\u0259 Putinl\u0259 z\u0259r atmaqda maraql\u0131 oldu\u011funu ortaya qoydu. Halbuki biz T\u00fcrkiy\u0259nin Rusiyan\u0131 oyundan \u00e7\u0131xaraca\u011f\u0131n\u0131 d\u00fc\u015f\u00fcn\u00fcrd\u00fck.<br><\/p>\n\n\n\n<p>T\u00fcrkiy\u0259 bu g\u00fcnl\u0259rd\u0259 Avropa Birliyi \u015euras\u0131n\u0131n prezidenti \u015earl Mi\u015felin etdiyini ed\u0259 bil\u0259rdi, amma etm\u0259di. S\u0259b\u0259bini is\u0259 sonra bil\u0259c\u0259yik. \u018fg\u0259r bu z\u0259r atmada \u0259limiz g\u0259tirs\u0259\u2026<\/p>\n","protected":false},"excerpt":{"rendered":"<p>\u018frdo\u011fan \u00fc\u00e7\u00fcn Putinl\u0259 Pa\u015finyan\u0131n f\u0259rqi n\u0259dir? Noyabr\u0131n \u0259vv\u0259ll\u0259rind\u0259 T\u00fcrkiy\u0259d\u0259 T\u00fcrk &#8230; <\/p>\n<p class=\"read-more-container\"><a title=\"\u0130ki \u201cP\u201d  aras\u0131nda\" class=\"read-more button\" href=\"https:\/\/www.meydan.tv\/az\/article\/iki-p-arasinda\/#more-227001\" aria-label=\"Read more about \u0130ki \u201cP\u201d  aras\u0131nda\">Davam\u0131<\/a><\/p>\n","protected":false},"author":8,"featured_media":129937,"comment_status":"closed","ping_status":"closed","sticky":false,"template":"","format":"standard","meta":{"_acf_changed":false,"_sitemap_exclude":false,"_sitemap_priority":"","_sitemap_frequency":"","footnotes":""},"categories":[57],"tags":[],"class_list":["post-227001","post","type-post","status-publish","format-standard","has-post-thumbnail","hentry","category-menim-fikrimce","infinite-scroll-item","generate-columns","tablet-grid-50","mobile-grid-100","grid-parent","grid-33","no-featured-image-padding"],"acf":[],"yoast_head":"<!-- This site is optimized with the Yoast SEO plugin v27.4 - https:\/\/yoast.com\/product\/yoast-seo-wordpress\/ -->\n<title>\u0130ki \u201cP\u201d aras\u0131nda - MEYDAN.TV<\/title>\n<meta name=\"robots\" content=\"index, follow, max-snippet:-1, max-image-preview:large, max-video-preview:-1\" \/>\n<link rel=\"canonical\" href=\"https:\/\/www.meydan.tv\/az\/article\/iki-p-arasinda\/\" \/>\n<meta property=\"og:locale\" content=\"az_AZ\" \/>\n<meta property=\"og:type\" content=\"article\" \/>\n<meta property=\"og:title\" content=\"\u0130ki \u201cP\u201d aras\u0131nda - MEYDAN.TV\" \/>\n<meta property=\"og:description\" content=\"\u018frdo\u011fan \u00fc\u00e7\u00fcn Putinl\u0259 Pa\u015finyan\u0131n f\u0259rqi n\u0259dir? Noyabr\u0131n \u0259vv\u0259ll\u0259rind\u0259 T\u00fcrkiy\u0259d\u0259 T\u00fcrk ... Davam\u0131\" \/>\n<meta property=\"og:url\" content=\"https:\/\/www.meydan.tv\/az\/article\/iki-p-arasinda\/\" \/>\n<meta property=\"og:site_name\" content=\"MEYDAN.TV\" \/>\n<meta property=\"article:published_time\" content=\"2021-11-23T04:11:55+00:00\" \/>\n<meta property=\"article:modified_time\" content=\"2021-11-23T04:11:57+00:00\" \/>\n<meta property=\"og:image\" content=\"https:\/\/www.meydan.tv\/wp-content\/uploads\/untitled_artwork_5iccn6j-scaled.jpg\" \/>\n\t<meta property=\"og:image:width\" content=\"2560\" \/>\n\t<meta property=\"og:image:height\" content=\"1440\" \/>\n\t<meta property=\"og:image:type\" content=\"image\/jpeg\" \/>\n<meta name=\"author\" content=\"elli\" \/>\n<meta name=\"twitter:card\" content=\"summary_large_image\" \/>\n<meta name=\"twitter:creator\" content=\"@elli\" \/>\n<script type=\"application\/ld+json\" class=\"yoast-schema-graph\">{\"@context\":\"https:\\\/\\\/schema.org\",\"@graph\":[{\"@type\":\"Article\",\"@id\":\"https:\\\/\\\/www.meydan.tv\\\/az\\\/article\\\/iki-p-arasinda\\\/#article\",\"isPartOf\":{\"@id\":\"https:\\\/\\\/www.meydan.tv\\\/az\\\/article\\\/iki-p-arasinda\\\/\"},\"author\":{\"name\":\"elli\",\"@id\":\"https:\\\/\\\/www.meydan.tv\\\/az\\\/#\\\/schema\\\/person\\\/9cdbecf90d17180ce1dfbd95b08dcf47\"},\"headline\":\"\u0130ki \u201cP\u201d aras\u0131nda\",\"datePublished\":\"2021-11-23T04:11:55+00:00\",\"dateModified\":\"2021-11-23T04:11:57+00:00\",\"mainEntityOfPage\":{\"@id\":\"https:\\\/\\\/www.meydan.tv\\\/az\\\/article\\\/iki-p-arasinda\\\/\"},\"wordCount\":811,\"publisher\":{\"@id\":\"https:\\\/\\\/www.meydan.tv\\\/az\\\/#organization\"},\"image\":{\"@id\":\"https:\\\/\\\/www.meydan.tv\\\/az\\\/article\\\/iki-p-arasinda\\\/#primaryimage\"},\"thumbnailUrl\":\"https:\\\/\\\/www.meydan.tv\\\/wp-content\\\/uploads\\\/untitled_artwork_5iccn6j-scaled.jpg\",\"articleSection\":[\"M\u0259nim Fikrimc\u0259\"],\"inLanguage\":\"az\"},{\"@type\":\"WebPage\",\"@id\":\"https:\\\/\\\/www.meydan.tv\\\/az\\\/article\\\/iki-p-arasinda\\\/\",\"url\":\"https:\\\/\\\/www.meydan.tv\\\/az\\\/article\\\/iki-p-arasinda\\\/\",\"name\":\"\u0130ki \u201cP\u201d aras\u0131nda - MEYDAN.TV\",\"isPartOf\":{\"@id\":\"https:\\\/\\\/www.meydan.tv\\\/az\\\/#website\"},\"primaryImageOfPage\":{\"@id\":\"https:\\\/\\\/www.meydan.tv\\\/az\\\/article\\\/iki-p-arasinda\\\/#primaryimage\"},\"image\":{\"@id\":\"https:\\\/\\\/www.meydan.tv\\\/az\\\/article\\\/iki-p-arasinda\\\/#primaryimage\"},\"thumbnailUrl\":\"https:\\\/\\\/www.meydan.tv\\\/wp-content\\\/uploads\\\/untitled_artwork_5iccn6j-scaled.jpg\",\"datePublished\":\"2021-11-23T04:11:55+00:00\",\"dateModified\":\"2021-11-23T04:11:57+00:00\",\"breadcrumb\":{\"@id\":\"https:\\\/\\\/www.meydan.tv\\\/az\\\/article\\\/iki-p-arasinda\\\/#breadcrumb\"},\"inLanguage\":\"az\",\"potentialAction\":[{\"@type\":\"ReadAction\",\"target\":[\"https:\\\/\\\/www.meydan.tv\\\/az\\\/article\\\/iki-p-arasinda\\\/\"]}]},{\"@type\":\"ImageObject\",\"inLanguage\":\"az\",\"@id\":\"https:\\\/\\\/www.meydan.tv\\\/az\\\/article\\\/iki-p-arasinda\\\/#primaryimage\",\"url\":\"https:\\\/\\\/www.meydan.tv\\\/wp-content\\\/uploads\\\/untitled_artwork_5iccn6j-scaled.jpg\",\"contentUrl\":\"https:\\\/\\\/www.meydan.tv\\\/wp-content\\\/uploads\\\/untitled_artwork_5iccn6j-scaled.jpg\",\"width\":2560,\"height\":1440,\"caption\":\"Seymur H\u0259zi, Foto:: Meydan TV\"},{\"@type\":\"BreadcrumbList\",\"@id\":\"https:\\\/\\\/www.meydan.tv\\\/az\\\/article\\\/iki-p-arasinda\\\/#breadcrumb\",\"itemListElement\":[{\"@type\":\"ListItem\",\"position\":1,\"name\":\"Ana s\u0259hif\u0259\",\"item\":\"https:\\\/\\\/www.meydan.tv\\\/az\\\/\"},{\"@type\":\"ListItem\",\"position\":2,\"name\":\"M\u0259nim Fikrimc\u0259\",\"item\":\"https:\\\/\\\/www.meydan.tv\\\/az\\\/section\\\/menim-fikrimce\\\/\"},{\"@type\":\"ListItem\",\"position\":3,\"name\":\"\u0130ki \u201cP\u201d aras\u0131nda\"}]},{\"@type\":\"WebSite\",\"@id\":\"https:\\\/\\\/www.meydan.tv\\\/az\\\/#website\",\"url\":\"https:\\\/\\\/www.meydan.tv\\\/az\\\/\",\"name\":\"MEYDAN.TV\",\"description\":\"Meydan TV Az\u0259rbaycan\u0131n media m\u0259kan\u0131ndak\u0131 alternativ s\u0259sidir\",\"publisher\":{\"@id\":\"https:\\\/\\\/www.meydan.tv\\\/az\\\/#organization\"},\"potentialAction\":[{\"@type\":\"SearchAction\",\"target\":{\"@type\":\"EntryPoint\",\"urlTemplate\":\"https:\\\/\\\/www.meydan.tv\\\/az\\\/?s={search_term_string}\"},\"query-input\":{\"@type\":\"PropertyValueSpecification\",\"valueRequired\":true,\"valueName\":\"search_term_string\"}}],\"inLanguage\":\"az\"},{\"@type\":\"Organization\",\"@id\":\"https:\\\/\\\/www.meydan.tv\\\/az\\\/#organization\",\"name\":\"Meydan TV\",\"url\":\"https:\\\/\\\/www.meydan.tv\\\/az\\\/\",\"logo\":{\"@type\":\"ImageObject\",\"inLanguage\":\"az\",\"@id\":\"https:\\\/\\\/www.meydan.tv\\\/az\\\/#\\\/schema\\\/logo\\\/image\\\/\",\"url\":\"https:\\\/\\\/www.meydan.tv\\\/wp-content\\\/uploads\\\/2021\\\/07\\\/meydan-logo.svg\",\"contentUrl\":\"https:\\\/\\\/www.meydan.tv\\\/wp-content\\\/uploads\\\/2021\\\/07\\\/meydan-logo.svg\",\"width\":195,\"height\":46,\"caption\":\"Meydan TV\"},\"image\":{\"@id\":\"https:\\\/\\\/www.meydan.tv\\\/az\\\/#\\\/schema\\\/logo\\\/image\\\/\"}},{\"@type\":\"Person\",\"@id\":\"https:\\\/\\\/www.meydan.tv\\\/az\\\/#\\\/schema\\\/person\\\/9cdbecf90d17180ce1dfbd95b08dcf47\",\"name\":\"elli\",\"sameAs\":[\"https:\\\/\\\/x.com\\\/elli\"]}]}<\/script>\n<!-- \/ Yoast SEO plugin. -->","yoast_head_json":{"title":"\u0130ki \u201cP\u201d aras\u0131nda - MEYDAN.TV","robots":{"index":"index","follow":"follow","max-snippet":"max-snippet:-1","max-image-preview":"max-image-preview:large","max-video-preview":"max-video-preview:-1"},"canonical":"https:\/\/www.meydan.tv\/az\/article\/iki-p-arasinda\/","og_locale":"az_AZ","og_type":"article","og_title":"\u0130ki \u201cP\u201d aras\u0131nda - MEYDAN.TV","og_description":"\u018frdo\u011fan \u00fc\u00e7\u00fcn Putinl\u0259 Pa\u015finyan\u0131n f\u0259rqi n\u0259dir? Noyabr\u0131n \u0259vv\u0259ll\u0259rind\u0259 T\u00fcrkiy\u0259d\u0259 T\u00fcrk ... Davam\u0131","og_url":"https:\/\/www.meydan.tv\/az\/article\/iki-p-arasinda\/","og_site_name":"MEYDAN.TV","article_published_time":"2021-11-23T04:11:55+00:00","article_modified_time":"2021-11-23T04:11:57+00:00","og_image":[{"width":2560,"height":1440,"url":"https:\/\/www.meydan.tv\/wp-content\/uploads\/untitled_artwork_5iccn6j-scaled.jpg","type":"image\/jpeg"}],"author":"elli","twitter_card":"summary_large_image","twitter_creator":"@elli","schema":{"@context":"https:\/\/schema.org","@graph":[{"@type":"Article","@id":"https:\/\/www.meydan.tv\/az\/article\/iki-p-arasinda\/#article","isPartOf":{"@id":"https:\/\/www.meydan.tv\/az\/article\/iki-p-arasinda\/"},"author":{"name":"elli","@id":"https:\/\/www.meydan.tv\/az\/#\/schema\/person\/9cdbecf90d17180ce1dfbd95b08dcf47"},"headline":"\u0130ki \u201cP\u201d aras\u0131nda","datePublished":"2021-11-23T04:11:55+00:00","dateModified":"2021-11-23T04:11:57+00:00","mainEntityOfPage":{"@id":"https:\/\/www.meydan.tv\/az\/article\/iki-p-arasinda\/"},"wordCount":811,"publisher":{"@id":"https:\/\/www.meydan.tv\/az\/#organization"},"image":{"@id":"https:\/\/www.meydan.tv\/az\/article\/iki-p-arasinda\/#primaryimage"},"thumbnailUrl":"https:\/\/www.meydan.tv\/wp-content\/uploads\/untitled_artwork_5iccn6j-scaled.jpg","articleSection":["M\u0259nim Fikrimc\u0259"],"inLanguage":"az"},{"@type":"WebPage","@id":"https:\/\/www.meydan.tv\/az\/article\/iki-p-arasinda\/","url":"https:\/\/www.meydan.tv\/az\/article\/iki-p-arasinda\/","name":"\u0130ki \u201cP\u201d aras\u0131nda - MEYDAN.TV","isPartOf":{"@id":"https:\/\/www.meydan.tv\/az\/#website"},"primaryImageOfPage":{"@id":"https:\/\/www.meydan.tv\/az\/article\/iki-p-arasinda\/#primaryimage"},"image":{"@id":"https:\/\/www.meydan.tv\/az\/article\/iki-p-arasinda\/#primaryimage"},"thumbnailUrl":"https:\/\/www.meydan.tv\/wp-content\/uploads\/untitled_artwork_5iccn6j-scaled.jpg","datePublished":"2021-11-23T04:11:55+00:00","dateModified":"2021-11-23T04:11:57+00:00","breadcrumb":{"@id":"https:\/\/www.meydan.tv\/az\/article\/iki-p-arasinda\/#breadcrumb"},"inLanguage":"az","potentialAction":[{"@type":"ReadAction","target":["https:\/\/www.meydan.tv\/az\/article\/iki-p-arasinda\/"]}]},{"@type":"ImageObject","inLanguage":"az","@id":"https:\/\/www.meydan.tv\/az\/article\/iki-p-arasinda\/#primaryimage","url":"https:\/\/www.meydan.tv\/wp-content\/uploads\/untitled_artwork_5iccn6j-scaled.jpg","contentUrl":"https:\/\/www.meydan.tv\/wp-content\/uploads\/untitled_artwork_5iccn6j-scaled.jpg","width":2560,"height":1440,"caption":"Seymur H\u0259zi, Foto:: Meydan TV"},{"@type":"BreadcrumbList","@id":"https:\/\/www.meydan.tv\/az\/article\/iki-p-arasinda\/#breadcrumb","itemListElement":[{"@type":"ListItem","position":1,"name":"Ana s\u0259hif\u0259","item":"https:\/\/www.meydan.tv\/az\/"},{"@type":"ListItem","position":2,"name":"M\u0259nim Fikrimc\u0259","item":"https:\/\/www.meydan.tv\/az\/section\/menim-fikrimce\/"},{"@type":"ListItem","position":3,"name":"\u0130ki \u201cP\u201d aras\u0131nda"}]},{"@type":"WebSite","@id":"https:\/\/www.meydan.tv\/az\/#website","url":"https:\/\/www.meydan.tv\/az\/","name":"MEYDAN.TV","description":"Meydan TV Az\u0259rbaycan\u0131n media m\u0259kan\u0131ndak\u0131 alternativ s\u0259sidir","publisher":{"@id":"https:\/\/www.meydan.tv\/az\/#organization"},"potentialAction":[{"@type":"SearchAction","target":{"@type":"EntryPoint","urlTemplate":"https:\/\/www.meydan.tv\/az\/?s={search_term_string}"},"query-input":{"@type":"PropertyValueSpecification","valueRequired":true,"valueName":"search_term_string"}}],"inLanguage":"az"},{"@type":"Organization","@id":"https:\/\/www.meydan.tv\/az\/#organization","name":"Meydan TV","url":"https:\/\/www.meydan.tv\/az\/","logo":{"@type":"ImageObject","inLanguage":"az","@id":"https:\/\/www.meydan.tv\/az\/#\/schema\/logo\/image\/","url":"https:\/\/www.meydan.tv\/wp-content\/uploads\/2021\/07\/meydan-logo.svg","contentUrl":"https:\/\/www.meydan.tv\/wp-content\/uploads\/2021\/07\/meydan-logo.svg","width":195,"height":46,"caption":"Meydan TV"},"image":{"@id":"https:\/\/www.meydan.tv\/az\/#\/schema\/logo\/image\/"}},{"@type":"Person","@id":"https:\/\/www.meydan.tv\/az\/#\/schema\/person\/9cdbecf90d17180ce1dfbd95b08dcf47","name":"elli","sameAs":["https:\/\/x.com\/elli"]}]}},"_links":{"self":[{"href":"https:\/\/www.meydan.tv\/az\/wp-json\/wp\/v2\/posts\/227001","targetHints":{"allow":["GET"]}}],"collection":[{"href":"https:\/\/www.meydan.tv\/az\/wp-json\/wp\/v2\/posts"}],"about":[{"href":"https:\/\/www.meydan.tv\/az\/wp-json\/wp\/v2\/types\/post"}],"author":[{"embeddable":true,"href":"https:\/\/www.meydan.tv\/az\/wp-json\/wp\/v2\/users\/8"}],"replies":[{"embeddable":true,"href":"https:\/\/www.meydan.tv\/az\/wp-json\/wp\/v2\/comments?post=227001"}],"version-history":[{"count":2,"href":"https:\/\/www.meydan.tv\/az\/wp-json\/wp\/v2\/posts\/227001\/revisions"}],"predecessor-version":[{"id":228324,"href":"https:\/\/www.meydan.tv\/az\/wp-json\/wp\/v2\/posts\/227001\/revisions\/228324"}],"wp:featuredmedia":[{"embeddable":true,"href":"https:\/\/www.meydan.tv\/az\/wp-json\/wp\/v2\/media\/129937"}],"wp:attachment":[{"href":"https:\/\/www.meydan.tv\/az\/wp-json\/wp\/v2\/media?parent=227001"}],"wp:term":[{"taxonomy":"category","embeddable":true,"href":"https:\/\/www.meydan.tv\/az\/wp-json\/wp\/v2\/categories?post=227001"},{"taxonomy":"post_tag","embeddable":true,"href":"https:\/\/www.meydan.tv\/az\/wp-json\/wp\/v2\/tags?post=227001"}],"curies":[{"name":"wp","href":"https:\/\/api.w.org\/{rel}","templated":true}]}}