{"id":226981,"date":"2021-11-22T20:20:20","date_gmt":"2021-11-22T16:20:20","guid":{"rendered":"https:\/\/www.meydan.tv\/?p=226981"},"modified":"2021-11-22T20:20:22","modified_gmt":"2021-11-22T16:20:22","slug":"evi-raketden-dagilan-aile-kirayehaqqi-odemeye-imkanimiz-catmir-hokumet-komek-etmir","status":"publish","type":"post","link":"https:\/\/www.meydan.tv\/az\/article\/evi-raketden-dagilan-aile-kirayehaqqi-odemeye-imkanimiz-catmir-hokumet-komek-etmir\/","title":{"rendered":"Evi raketd\u0259n da\u011f\u0131lan ail\u0259: \u201cKiray\u0259haqq\u0131 \u00f6d\u0259m\u0259y\u0259 imkan\u0131m\u0131z \u00e7atm\u0131r, h\u00f6kum\u0259t k\u00f6m\u0259k etmir\u201d"},"content":{"rendered":"\n<p>\u201cBizi yataqxanaya yax\u0131n qoymad\u0131lar, indi deyirl\u0259r, orada qalmayana yard\u0131m d\u00fc\u015fm\u00fcr\u201d<br><\/p>\n\n\n\n<p>\u201cRaket bizim evin 30 metrliyin\u0259 d\u00fc\u015fm\u00fc\u015fd\u00fc, evimiz da\u011f\u0131lm\u0131\u015fd\u0131. Biz\u0259 \u201cyataqxanada bo\u015f yer yoxdur\u201d deyib, yer verm\u0259dil\u0259r. \u0130ndi d\u0259 deyirl\u0259r, yataqxanadan k\u0259narda qalanlara kiray\u0259haqq\u0131 verilmir\u201d.<br><\/p>\n\n\n\n<p>\u00d6t\u0259n il \u0130kinci Qaraba\u011f M\u00fcharib\u0259si zaman\u0131, oktyabr\u0131n 17-d\u0259 G\u0259nc\u0259y\u0259 endiril\u0259n raket z\u0259rb\u0259l\u0259ri n\u0259tic\u0259sind\u0259 evind\u0259n did\u0259rgin d\u00fc\u015f\u0259nl\u0259rd\u0259n biri d\u0259 Zeynalovlar ail\u0259sidir. G\u0259nc\u0259 \u015f\u0259h\u0259ri, Muxtar Hac\u0131yev k\u00fc\u00e7\u0259si, 2-ci d\u00f6ng\u0259, ev 8 \u00fcnvan\u0131nda yerl\u0259\u015f\u0259n ikim\u0259rt\u0259b\u0259li \u015f\u0259xsi m\u00fclk raketin d\u00fc\u015fd\u00fcy\u00fc n\u00f6qt\u0259d\u0259n 30 metr aral\u0131da \u2013 hadis\u0259 ba\u015f ver\u0259n \u0259n yax\u0131n \u0259razid\u0259 olub. <\/p>\n\n\n\n<figure class=\"wp-block-image size-large\"><img decoding=\"async\" width=\"1200\" height=\"675\" data-src=\"https:\/\/www.meydan.tv\/wp-content\/uploads\/photo-2021-11-22-15-52-36-1200x675.jpg\" alt=\"\" class=\"wp-image-226951 lazyload\" src=\"data:image\/svg+xml;base64,PHN2ZyB3aWR0aD0iMSIgaGVpZ2h0PSIxIiB4bWxucz0iaHR0cDovL3d3dy53My5vcmcvMjAwMC9zdmciPjwvc3ZnPg==\" style=\"--smush-placeholder-width: 1200px; --smush-placeholder-aspect-ratio: 1200\/675;\" \/><figcaption>G\u0259nc\u0259 \u015f\u0259h\u0259ri, Muxtar Hac\u0131yev k\u00fc\u00e7\u0259si, Foto: Meydan TV<\/figcaption><\/figure>\n\n\n\n<p>\u015eahnaz Zeynalova deyir, onun evin\u0259 yax\u0131n bir ne\u00e7\u0259 ev tamamil\u0259 da\u011f\u0131l\u0131b, onun evi is\u0259 ya\u015famaq \u00fc\u00e7\u00fcn yarars\u0131z v\u0259ziyy\u0259t\u0259 d\u00fc\u015f\u00fcb:<br><\/p>\n\n\n\n<p>\u201cHadis\u0259nin \u00fcst\u00fcnd\u0259n 1 il ke\u00e7ir, bu m\u00fcdd\u0259t \u0259rzind\u0259 c\u0259mi iki ev tikilib, \u015f\u0259xs\u0259n bizim evin tikintisin\u0259 h\u0259l\u0259 bu ilin sentyabr\u0131ndan ba\u015flay\u0131blar. Bunu da ke\u00e7\u0259k, i\u015f oras\u0131ndad\u0131r ki, biz\u0259 he\u00e7 kiray\u0259haqq\u0131 da \u00f6d\u0259nilmir. Evimiz da\u011f\u0131landan sonra 3 ay qap\u0131larda qald\u0131q, icra hakimiyy\u0259tin\u0259 gedib-g\u0259ldik ki, he\u00e7 olmasa biz\u0259 d\u0259 bir s\u0131\u011f\u0131nacaq verin, evimiz tikil\u0259n\u0259d\u0259k k\u00fc\u00e7\u0259d\u0259 qalmayaq, dedil\u0259r, imkan yoxdur, qohumlar\u0131n\u0131z\u0131n evind\u0259 qal\u0131n\u201d.<br><\/p>\n\n\n\n<figure class=\"wp-block-image size-large\"><img decoding=\"async\" width=\"1200\" height=\"675\" data-src=\"https:\/\/www.meydan.tv\/wp-content\/uploads\/photo-2021-11-22-15-52-42-1200x675.jpg\" alt=\"\" class=\"wp-image-226972 lazyload\" src=\"data:image\/svg+xml;base64,PHN2ZyB3aWR0aD0iMSIgaGVpZ2h0PSIxIiB4bWxucz0iaHR0cDovL3d3dy53My5vcmcvMjAwMC9zdmciPjwvc3ZnPg==\" style=\"--smush-placeholder-width: 1200px; --smush-placeholder-aspect-ratio: 1200\/675;\" \/><figcaption>G\u0259nc\u0259 \u015f\u0259h\u0259ri, Muxtar Hac\u0131yev k\u00fc\u00e7\u0259si, Foto: Meydan TV<\/figcaption><\/figure>\n\n\n\n<p>\u015eahnaz Zeynalovan\u0131n s\u00f6zl\u0259rin\u0259 g\u00f6r\u0259, icra hakimiyy\u0259tinin bu ail\u0259y\u0259 \u0259l tutmamas\u0131n\u0131n s\u0259b\u0259bi yataqxanada qalmamaqlar\u0131 olub:<br><\/p>\n\n\n\n<p>\u201cEv da\u011f\u0131ld\u0131, \u00f6vlad\u0131m ba\u015f vermi\u015f hadis\u0259d\u0259n psixoloji sars\u0131nt\u0131 ke\u00e7irtdi, m\u0259cbur olub Bak\u0131ya apard\u0131q, ba\u015f\u0131m\u0131z iki ay onun sa\u011flaml\u0131\u011f\u0131n\u0131n b\u0259rpas\u0131na qar\u0131\u015fd\u0131. G\u0259nc\u0259y\u0259 qay\u0131td\u0131q, evl\u0259ri da\u011f\u0131lan ail\u0259l\u0259ri yataqxanaya yerl\u0259\u015fdirmi\u015fdil\u0259r, biz d\u0259 yataqxanaya yerl\u0259\u015fm\u0259k ist\u0259dik, dedil\u0259r ki, gec m\u00fcraci\u0259t etmisiz, yer yoxdur. D\u0259f\u0259l\u0259rl\u0259 icra hakimiyy\u0259tin\u0259 m\u00fcraci\u0259t ets\u0259k d\u0259, biz\u0259 yataqxanadan yer verilm\u0259di, el\u0259c\u0259, dedil\u0259r, bir qohum evi tap\u0131n, eviniz d\u00fcz\u0259l\u0259n\u0259c\u0259n orda ya\u015fay\u0131n. Qohum da adam\u0131 3-5 g\u00fcn saxlayar. M\u0259cbur olduq ki, \u00f6z da\u011f\u0131lm\u0131\u015f evimizin \u0259traf\u0131n\u0131, \u00fcst\u00fcn\u00fc sellofanlayaq, orada ya\u015fayaq. El\u0259 d\u0259 etdik. Sentyabr ay\u0131nad\u0259k o da\u011f\u0131lm\u0131\u015f evd\u0259 z\u00fclm \u00e7\u0259kdik\u201d.<br><\/p>\n\n\n\n<figure class=\"wp-block-image size-large\"><img decoding=\"async\" width=\"1200\" height=\"675\" data-src=\"https:\/\/www.meydan.tv\/wp-content\/uploads\/photo-2021-11-22-15-52-37-1200x675.jpg\" alt=\"\" class=\"wp-image-226960 lazyload\" src=\"data:image\/svg+xml;base64,PHN2ZyB3aWR0aD0iMSIgaGVpZ2h0PSIxIiB4bWxucz0iaHR0cDovL3d3dy53My5vcmcvMjAwMC9zdmciPjwvc3ZnPg==\" style=\"--smush-placeholder-width: 1200px; --smush-placeholder-aspect-ratio: 1200\/675;\" \/><figcaption>G\u0259nc\u0259 \u015f\u0259h\u0259ri, Muxtar Hac\u0131yev k\u00fc\u00e7\u0259si, Foto: Meydan TV<\/figcaption><\/figure>\n\n\n\n<p>Bu il sentyabr\u0131n ortalar\u0131 ail\u0259 da\u011f\u0131lm\u0131\u015f evind\u0259n d\u0259 \u00e7\u0131xar\u0131l\u0131b, sentyabr\u0131n 25-d\u0259n is\u0259 ke\u00e7mi\u015f evin yerind\u0259 yenisinin tikintisi ba\u015flan\u0131b. \u0130ndi d\u0259 Zeynalovlara kiray\u0259 k\u00f6\u00e7d\u00fckl\u0259ri evin kirahaqq\u0131s\u0131 \u00f6d\u0259nilmir:<br><\/p>\n\n\n\n<p>\u201cEl\u0259 deyirl\u0259r, yataqxanaya yerl\u0259\u015fm\u0259diyiniz \u00fc\u00e7\u00fcn siz\u0259 he\u00e7 bir maddi yard\u0131m d\u00fc\u015fm\u00fcr. Halbuki, dediyim kimi, bizi yataqxanaya \u00f6zl\u0259ri yax\u0131n buraxmad\u0131lar. K\u00fc\u00e7\u0259mizd\u0259 bizd\u0259n ba\u015fqa daha \u00fc\u00e7 ail\u0259y\u0259 he\u00e7 bir maddi yard\u0131m olunmur. Ancaq bizd\u0259n v\u0259 raketin d\u00fc\u015fd\u00fcy\u00fc n\u00f6qt\u0259d\u0259n aral\u0131da bina evinin q\u0131r\u0131lm\u0131\u015f \u015f\u00fc\u015f\u0259l\u0259rin\u0259 g\u00f6r\u0259 h\u0259r yard\u0131m\u0131 etdil\u0259r o binalarda ya\u015fayanlara\u2026 \u0130cra hakimiyy\u0259ti z\u0259r\u0259r\u00e7\u0259kmi\u015f v\u0259t\u0259nda\u015flar aras\u0131nda ayr\u0131-se\u00e7kilik edir\u201d.<br><\/p>\n\n\n\n<figure class=\"wp-block-image size-large\"><img decoding=\"async\" width=\"1200\" height=\"675\" data-src=\"https:\/\/www.meydan.tv\/wp-content\/uploads\/photo-2021-11-22-15-52-40-1200x675.jpg\" alt=\"\" class=\"wp-image-226966 lazyload\" src=\"data:image\/svg+xml;base64,PHN2ZyB3aWR0aD0iMSIgaGVpZ2h0PSIxIiB4bWxucz0iaHR0cDovL3d3dy53My5vcmcvMjAwMC9zdmciPjwvc3ZnPg==\" style=\"--smush-placeholder-width: 1200px; --smush-placeholder-aspect-ratio: 1200\/675;\" \/><figcaption>G\u0259nc\u0259 \u015f\u0259h\u0259ri, Muxtar Hac\u0131yev k\u00fc\u00e7\u0259si, Foto: Meydan TV<\/figcaption><\/figure>\n\n\n\n<p>Zeynalovlar h\u0259r ay 250 manat kiray\u0259haqq\u0131 \u00f6d\u0259yirl\u0259r. Evl\u0259rinin tikintisinin n\u0259 zaman ba\u015fa \u00e7ataca\u011f\u0131n\u0131 bilmirl\u0259r.<br>G\u0259nc\u0259d\u0259ki m\u0259lum da\u011f\u0131nt\u0131larla ba\u011fl\u0131 sakinl\u0259rd\u0259n Meydan TV-y\u0259 vaxta\u015f\u0131r\u0131 naraz\u0131lq\u0131lar daxil olur. M\u0259s\u0259l\u0259n, bu yax\u0131nlarda Aida \u0130manquliyeva k\u00fc\u00e7\u0259sinin sakinl\u0259ri tikinti i\u015fl\u0259rinin l\u0259\u011fn getm\u0259sind\u0259n gileyl\u0259nib. Bir qisim sakin is\u0259 kompensasiyalar\u0131n \u00f6d\u0259nilm\u0259sind\u0259 ayr\u0131-se\u00e7kiliy\u0259 yol veriliyini dil\u0259 g\u0259tirib.<br><\/p>\n\n\n\n<p>G\u0259nc\u0259 \u015e\u0259h\u0259r \u0130cra Hakimiyy\u0259tind\u0259n bildirilib ki, m\u00fcharib\u0259 zaman\u0131 z\u0259r\u0259r g\u00f6r\u0259n ya\u015fay\u0131\u015f obyektl\u0259rinin tikintisin\u0259 D\u00f6vl\u0259t \u015e\u0259h\u0259rsalama v\u0259 Arxitektura Komit\u0259si n\u0259zar\u0259t edir. <\/p>\n\n\n\n<figure class=\"wp-block-image size-large\"><img decoding=\"async\" width=\"1200\" height=\"675\" data-src=\"https:\/\/www.meydan.tv\/wp-content\/uploads\/photo-2021-11-22-15-52-36-1-1200x675.jpg\" alt=\"\" class=\"wp-image-226954 lazyload\" src=\"data:image\/svg+xml;base64,PHN2ZyB3aWR0aD0iMSIgaGVpZ2h0PSIxIiB4bWxucz0iaHR0cDovL3d3dy53My5vcmcvMjAwMC9zdmciPjwvc3ZnPg==\" style=\"--smush-placeholder-width: 1200px; --smush-placeholder-aspect-ratio: 1200\/675;\" \/><figcaption>G\u0259nc\u0259 \u015f\u0259h\u0259ri, Muxtar Hac\u0131yev k\u00fc\u00e7\u0259si, Foto: Meydan TV<\/figcaption><\/figure>\n\n\n\n<p>\u00d6t\u0259n il Erm\u0259nistan Silahl\u0131 Q\u00fcvv\u0259l\u0259ri t\u0259r\u0259find\u0259n G\u0259nc\u0259y\u0259 raket at\u0131lmas\u0131 n\u0259tic\u0259sind\u0259 t\u0259xmin\u0259n 3800 tikili ya tamamil\u0259 da\u011f\u0131l\u0131b, ya da qism\u0259n q\u0259zal\u0131 v\u0259ziyy\u0259t\u0259 d\u00fc\u015f\u00fcb. 35-\u0259 yax\u0131n ev yenid\u0259n tikilir. 2300 tikilinin t\u0259miri ba\u015fa \u00e7at\u0131b. Qalan evl\u0259rin t\u0259mir-b\u0259rpas\u0131 i\u015fl\u0259ri davam etdirilir. Kompensasiyalar yaln\u0131z az z\u0259r\u0259r\u00e7\u0259kmi\u015f tikilil\u0259rin sahibl\u0259rin\u0259 \u00f6d\u0259nilib. <\/p>\n\n\n\n<p>Muxtar Hac\u0131yev k\u00fc\u00e7\u0259si, 2-ci d\u00f6ng\u0259, ev 8 \u00fcnvan\u0131nda yerl\u0259\u015f\u0259n v\u0259 raket at\u0131lmas\u0131 n\u0259tic\u0259sind\u0259 q\u0259zal\u0131 v\u0259ziyy\u0259t\u0259 d\u00fc\u015fm\u00fc\u015f ikim\u0259rt\u0259b\u0259li \u015f\u0259xsi tikilinin yerind\u0259 d\u0259 yeni ev in\u015fas\u0131na ba\u015flan\u0131l\u0131b. Zeynalovlar ail\u0259sinin kiray\u0259haqq\u0131yla ba\u011fl\u0131 dedikl\u0259rin\u0259 g\u0259linc\u0259, icra hakimiyy\u0259tind\u0259n bildirilib ki, v\u0259t\u0259nda\u015f m\u00fcraci\u0259t ets\u0259, m\u0259s\u0259l\u0259y\u0259 ayd\u0131nl\u0131q g\u0259tiril\u0259r.<br><\/p>\n\n\n\n<figure class=\"wp-block-image size-full\"><img decoding=\"async\" width=\"1200\" height=\"800\" data-src=\"https:\/\/www.meydan.tv\/wp-content\/uploads\/untitled-design-16.gif\" alt=\"\" class=\"wp-image-226978 lazyload\" src=\"data:image\/svg+xml;base64,PHN2ZyB3aWR0aD0iMSIgaGVpZ2h0PSIxIiB4bWxucz0iaHR0cDovL3d3dy53My5vcmcvMjAwMC9zdmciPjwvc3ZnPg==\" style=\"--smush-placeholder-width: 1200px; --smush-placeholder-aspect-ratio: 1200\/800;\" \/><figcaption>G\u0259nc\u0259 \u015f\u0259h\u0259ri, Muxtar Hac\u0131yev k\u00fc\u00e7\u0259si, Foto: Meydan TV<\/figcaption><\/figure>\n\n\n\n<p>Prezident \u0130lham \u018fliyev z\u0259r\u0259r \u00e7\u0259kmi\u015f binalarda ya\u015fayan \u0259halinin \u015f\u0259xsi \u0259\u015fyalar\u0131na d\u0259ymi\u015f ziyan\u0131n d\u0259rhal \u00f6d\u0259nilm\u0259si il\u0259 \u0259laq\u0259dar 2020-ci ilin dekabr\u0131n 14-d\u0259 S\u0259r\u0259ncam imzalam\u0131\u015fd\u0131. H\u0259min s\u0259r\u0259ncama g\u00f6r\u0259, q\u0259zal\u0131 v\u0259ziyy\u0259t\u0259 d\u00fc\u015fm\u00fc\u015f ya\u015fay\u0131\u015f evl\u0259rin\u0259 d\u0259ymi\u015f ziyanla \u0259laq\u0259dar h\u0259r ail\u0259y\u0259 6000, h\u0259r ail\u0259 \u00fczv\u00fcn\u0259 1500 manat v\u0259 ziyan d\u0259ymi\u015f dig\u0259r ail\u0259l\u0259r\u0259 1000 manat ayr\u0131lmas\u0131 n\u0259z\u0259rd\u0259 tutulmu\u015fdu.<\/p>\n\n\n\n<p><\/p>\n","protected":false},"excerpt":{"rendered":"<p>\u201cBizi yataqxanaya yax\u0131n qoymad\u0131lar, indi deyirl\u0259r, orada qalmayana yard\u0131m d\u00fc\u015fm\u00fcr\u201d &#8230; <\/p>\n<p class=\"read-more-container\"><a title=\"Evi raketd\u0259n da\u011f\u0131lan ail\u0259: \u201cKiray\u0259haqq\u0131 \u00f6d\u0259m\u0259y\u0259 imkan\u0131m\u0131z \u00e7atm\u0131r, h\u00f6kum\u0259t k\u00f6m\u0259k etmir\u201d\" class=\"read-more button\" href=\"https:\/\/www.meydan.tv\/az\/article\/evi-raketden-dagilan-aile-kirayehaqqi-odemeye-imkanimiz-catmir-hokumet-komek-etmir\/#more-226981\" aria-label=\"Read more about Evi raketd\u0259n da\u011f\u0131lan ail\u0259: \u201cKiray\u0259haqq\u0131 \u00f6d\u0259m\u0259y\u0259 imkan\u0131m\u0131z \u00e7atm\u0131r, h\u00f6kum\u0259t k\u00f6m\u0259k etmir\u201d\">Davam\u0131<\/a><\/p>\n","protected":false},"author":8,"featured_media":226963,"comment_status":"closed","ping_status":"closed","sticky":false,"template":"","format":"standard","meta":{"_acf_changed":false,"_sitemap_exclude":false,"_sitemap_priority":"","_sitemap_frequency":"","footnotes":""},"categories":[60,79,56],"tags":[],"class_list":["post-226981","post","type-post","status-publish","format-standard","has-post-thumbnail","hentry","category-bolge","category-featured","category-xeberler","infinite-scroll-item","generate-columns","tablet-grid-50","mobile-grid-100","grid-parent","grid-33","no-featured-image-padding"],"acf":[],"yoast_head":"<!-- This site is optimized with the Yoast SEO plugin v27.5 - https:\/\/yoast.com\/product\/yoast-seo-wordpress\/ -->\n<title>Evi raketd\u0259n da\u011f\u0131lan ail\u0259: \u201cKiray\u0259haqq\u0131 \u00f6d\u0259m\u0259y\u0259 imkan\u0131m\u0131z \u00e7atm\u0131r, h\u00f6kum\u0259t k\u00f6m\u0259k etmir\u201d - MEYDAN.TV<\/title>\n<meta name=\"robots\" content=\"index, follow, max-snippet:-1, max-image-preview:large, max-video-preview:-1\" \/>\n<link rel=\"canonical\" href=\"https:\/\/www.meydan.tv\/az\/article\/evi-raketden-dagilan-aile-kirayehaqqi-odemeye-imkanimiz-catmir-hokumet-komek-etmir\/\" \/>\n<meta property=\"og:locale\" content=\"az_AZ\" \/>\n<meta property=\"og:type\" content=\"article\" \/>\n<meta property=\"og:title\" content=\"Evi raketd\u0259n da\u011f\u0131lan ail\u0259: \u201cKiray\u0259haqq\u0131 \u00f6d\u0259m\u0259y\u0259 imkan\u0131m\u0131z \u00e7atm\u0131r, h\u00f6kum\u0259t k\u00f6m\u0259k etmir\u201d - MEYDAN.TV\" \/>\n<meta property=\"og:description\" content=\"\u201cBizi yataqxanaya yax\u0131n qoymad\u0131lar, indi deyirl\u0259r, orada qalmayana yard\u0131m d\u00fc\u015fm\u00fcr\u201d ... Davam\u0131\" \/>\n<meta property=\"og:url\" content=\"https:\/\/www.meydan.tv\/az\/article\/evi-raketden-dagilan-aile-kirayehaqqi-odemeye-imkanimiz-catmir-hokumet-komek-etmir\/\" \/>\n<meta property=\"og:site_name\" content=\"MEYDAN.TV\" \/>\n<meta property=\"article:published_time\" content=\"2021-11-22T16:20:20+00:00\" \/>\n<meta property=\"article:modified_time\" content=\"2021-11-22T16:20:22+00:00\" \/>\n<meta property=\"og:image\" content=\"https:\/\/www.meydan.tv\/wp-content\/uploads\/photo-2021-11-22-15-52-40-1-e1637597752597.jpg\" \/>\n\t<meta property=\"og:image:width\" content=\"1280\" \/>\n\t<meta property=\"og:image:height\" content=\"720\" \/>\n\t<meta property=\"og:image:type\" content=\"image\/jpeg\" \/>\n<meta name=\"author\" content=\"elli\" \/>\n<meta name=\"twitter:card\" content=\"summary_large_image\" \/>\n<meta name=\"twitter:creator\" content=\"@elli\" \/>\n<script type=\"application\/ld+json\" class=\"yoast-schema-graph\">{\"@context\":\"https:\\\/\\\/schema.org\",\"@graph\":[{\"@type\":\"Article\",\"@id\":\"https:\\\/\\\/www.meydan.tv\\\/az\\\/article\\\/evi-raketden-dagilan-aile-kirayehaqqi-odemeye-imkanimiz-catmir-hokumet-komek-etmir\\\/#article\",\"isPartOf\":{\"@id\":\"https:\\\/\\\/www.meydan.tv\\\/az\\\/article\\\/evi-raketden-dagilan-aile-kirayehaqqi-odemeye-imkanimiz-catmir-hokumet-komek-etmir\\\/\"},\"author\":{\"name\":\"elli\",\"@id\":\"https:\\\/\\\/www.meydan.tv\\\/az\\\/#\\\/schema\\\/person\\\/9cdbecf90d17180ce1dfbd95b08dcf47\"},\"headline\":\"Evi raketd\u0259n da\u011f\u0131lan ail\u0259: \u201cKiray\u0259haqq\u0131 \u00f6d\u0259m\u0259y\u0259 imkan\u0131m\u0131z \u00e7atm\u0131r, h\u00f6kum\u0259t k\u00f6m\u0259k etmir\u201d\",\"datePublished\":\"2021-11-22T16:20:20+00:00\",\"dateModified\":\"2021-11-22T16:20:22+00:00\",\"mainEntityOfPage\":{\"@id\":\"https:\\\/\\\/www.meydan.tv\\\/az\\\/article\\\/evi-raketden-dagilan-aile-kirayehaqqi-odemeye-imkanimiz-catmir-hokumet-komek-etmir\\\/\"},\"wordCount\":1017,\"publisher\":{\"@id\":\"https:\\\/\\\/www.meydan.tv\\\/az\\\/#organization\"},\"image\":{\"@id\":\"https:\\\/\\\/www.meydan.tv\\\/az\\\/article\\\/evi-raketden-dagilan-aile-kirayehaqqi-odemeye-imkanimiz-catmir-hokumet-komek-etmir\\\/#primaryimage\"},\"thumbnailUrl\":\"https:\\\/\\\/www.meydan.tv\\\/wp-content\\\/uploads\\\/photo-2021-11-22-15-52-40-1-e1637597752597.jpg\",\"articleSection\":[\"B\u00f6lg\u0259\",\"T\u00f6vsiy\u0259\",\"X\u0259b\u0259rl\u0259r\"],\"inLanguage\":\"az\"},{\"@type\":\"WebPage\",\"@id\":\"https:\\\/\\\/www.meydan.tv\\\/az\\\/article\\\/evi-raketden-dagilan-aile-kirayehaqqi-odemeye-imkanimiz-catmir-hokumet-komek-etmir\\\/\",\"url\":\"https:\\\/\\\/www.meydan.tv\\\/az\\\/article\\\/evi-raketden-dagilan-aile-kirayehaqqi-odemeye-imkanimiz-catmir-hokumet-komek-etmir\\\/\",\"name\":\"Evi raketd\u0259n da\u011f\u0131lan ail\u0259: \u201cKiray\u0259haqq\u0131 \u00f6d\u0259m\u0259y\u0259 imkan\u0131m\u0131z \u00e7atm\u0131r, h\u00f6kum\u0259t k\u00f6m\u0259k etmir\u201d - MEYDAN.TV\",\"isPartOf\":{\"@id\":\"https:\\\/\\\/www.meydan.tv\\\/az\\\/#website\"},\"primaryImageOfPage\":{\"@id\":\"https:\\\/\\\/www.meydan.tv\\\/az\\\/article\\\/evi-raketden-dagilan-aile-kirayehaqqi-odemeye-imkanimiz-catmir-hokumet-komek-etmir\\\/#primaryimage\"},\"image\":{\"@id\":\"https:\\\/\\\/www.meydan.tv\\\/az\\\/article\\\/evi-raketden-dagilan-aile-kirayehaqqi-odemeye-imkanimiz-catmir-hokumet-komek-etmir\\\/#primaryimage\"},\"thumbnailUrl\":\"https:\\\/\\\/www.meydan.tv\\\/wp-content\\\/uploads\\\/photo-2021-11-22-15-52-40-1-e1637597752597.jpg\",\"datePublished\":\"2021-11-22T16:20:20+00:00\",\"dateModified\":\"2021-11-22T16:20:22+00:00\",\"breadcrumb\":{\"@id\":\"https:\\\/\\\/www.meydan.tv\\\/az\\\/article\\\/evi-raketden-dagilan-aile-kirayehaqqi-odemeye-imkanimiz-catmir-hokumet-komek-etmir\\\/#breadcrumb\"},\"inLanguage\":\"az\",\"potentialAction\":[{\"@type\":\"ReadAction\",\"target\":[\"https:\\\/\\\/www.meydan.tv\\\/az\\\/article\\\/evi-raketden-dagilan-aile-kirayehaqqi-odemeye-imkanimiz-catmir-hokumet-komek-etmir\\\/\"]}]},{\"@type\":\"ImageObject\",\"inLanguage\":\"az\",\"@id\":\"https:\\\/\\\/www.meydan.tv\\\/az\\\/article\\\/evi-raketden-dagilan-aile-kirayehaqqi-odemeye-imkanimiz-catmir-hokumet-komek-etmir\\\/#primaryimage\",\"url\":\"https:\\\/\\\/www.meydan.tv\\\/wp-content\\\/uploads\\\/photo-2021-11-22-15-52-40-1-e1637597752597.jpg\",\"contentUrl\":\"https:\\\/\\\/www.meydan.tv\\\/wp-content\\\/uploads\\\/photo-2021-11-22-15-52-40-1-e1637597752597.jpg\",\"width\":1280,\"height\":720,\"caption\":\"G\u0259nc\u0259 \u015f\u0259h\u0259ri, Muxtar Hac\u0131yev k\u00fc\u00e7\u0259si, Foto: Meydan TV\"},{\"@type\":\"BreadcrumbList\",\"@id\":\"https:\\\/\\\/www.meydan.tv\\\/az\\\/article\\\/evi-raketden-dagilan-aile-kirayehaqqi-odemeye-imkanimiz-catmir-hokumet-komek-etmir\\\/#breadcrumb\",\"itemListElement\":[{\"@type\":\"ListItem\",\"position\":1,\"name\":\"Ana s\u0259hif\u0259\",\"item\":\"https:\\\/\\\/www.meydan.tv\\\/az\\\/\"},{\"@type\":\"ListItem\",\"position\":2,\"name\":\"B\u00f6lg\u0259\",\"item\":\"https:\\\/\\\/www.meydan.tv\\\/az\\\/section\\\/bolge\\\/\"},{\"@type\":\"ListItem\",\"position\":3,\"name\":\"Evi raketd\u0259n da\u011f\u0131lan ail\u0259: \u201cKiray\u0259haqq\u0131 \u00f6d\u0259m\u0259y\u0259 imkan\u0131m\u0131z \u00e7atm\u0131r, h\u00f6kum\u0259t k\u00f6m\u0259k etmir\u201d\"}]},{\"@type\":\"WebSite\",\"@id\":\"https:\\\/\\\/www.meydan.tv\\\/az\\\/#website\",\"url\":\"https:\\\/\\\/www.meydan.tv\\\/az\\\/\",\"name\":\"MEYDAN.TV\",\"description\":\"Meydan TV Az\u0259rbaycan\u0131n media m\u0259kan\u0131ndak\u0131 alternativ s\u0259sidir\",\"publisher\":{\"@id\":\"https:\\\/\\\/www.meydan.tv\\\/az\\\/#organization\"},\"potentialAction\":[{\"@type\":\"SearchAction\",\"target\":{\"@type\":\"EntryPoint\",\"urlTemplate\":\"https:\\\/\\\/www.meydan.tv\\\/az\\\/?s={search_term_string}\"},\"query-input\":{\"@type\":\"PropertyValueSpecification\",\"valueRequired\":true,\"valueName\":\"search_term_string\"}}],\"inLanguage\":\"az\"},{\"@type\":\"Organization\",\"@id\":\"https:\\\/\\\/www.meydan.tv\\\/az\\\/#organization\",\"name\":\"Meydan TV\",\"url\":\"https:\\\/\\\/www.meydan.tv\\\/az\\\/\",\"logo\":{\"@type\":\"ImageObject\",\"inLanguage\":\"az\",\"@id\":\"https:\\\/\\\/www.meydan.tv\\\/az\\\/#\\\/schema\\\/logo\\\/image\\\/\",\"url\":\"https:\\\/\\\/www.meydan.tv\\\/wp-content\\\/uploads\\\/2021\\\/07\\\/meydan-logo.svg\",\"contentUrl\":\"https:\\\/\\\/www.meydan.tv\\\/wp-content\\\/uploads\\\/2021\\\/07\\\/meydan-logo.svg\",\"width\":195,\"height\":46,\"caption\":\"Meydan TV\"},\"image\":{\"@id\":\"https:\\\/\\\/www.meydan.tv\\\/az\\\/#\\\/schema\\\/logo\\\/image\\\/\"}},{\"@type\":\"Person\",\"@id\":\"https:\\\/\\\/www.meydan.tv\\\/az\\\/#\\\/schema\\\/person\\\/9cdbecf90d17180ce1dfbd95b08dcf47\",\"name\":\"elli\",\"sameAs\":[\"https:\\\/\\\/x.com\\\/elli\"]}]}<\/script>\n<!-- \/ Yoast SEO plugin. -->","yoast_head_json":{"title":"Evi raketd\u0259n da\u011f\u0131lan ail\u0259: \u201cKiray\u0259haqq\u0131 \u00f6d\u0259m\u0259y\u0259 imkan\u0131m\u0131z \u00e7atm\u0131r, h\u00f6kum\u0259t k\u00f6m\u0259k etmir\u201d - MEYDAN.TV","robots":{"index":"index","follow":"follow","max-snippet":"max-snippet:-1","max-image-preview":"max-image-preview:large","max-video-preview":"max-video-preview:-1"},"canonical":"https:\/\/www.meydan.tv\/az\/article\/evi-raketden-dagilan-aile-kirayehaqqi-odemeye-imkanimiz-catmir-hokumet-komek-etmir\/","og_locale":"az_AZ","og_type":"article","og_title":"Evi raketd\u0259n da\u011f\u0131lan ail\u0259: \u201cKiray\u0259haqq\u0131 \u00f6d\u0259m\u0259y\u0259 imkan\u0131m\u0131z \u00e7atm\u0131r, h\u00f6kum\u0259t k\u00f6m\u0259k etmir\u201d - MEYDAN.TV","og_description":"\u201cBizi yataqxanaya yax\u0131n qoymad\u0131lar, indi deyirl\u0259r, orada qalmayana yard\u0131m d\u00fc\u015fm\u00fcr\u201d ... Davam\u0131","og_url":"https:\/\/www.meydan.tv\/az\/article\/evi-raketden-dagilan-aile-kirayehaqqi-odemeye-imkanimiz-catmir-hokumet-komek-etmir\/","og_site_name":"MEYDAN.TV","article_published_time":"2021-11-22T16:20:20+00:00","article_modified_time":"2021-11-22T16:20:22+00:00","og_image":[{"width":1280,"height":720,"url":"https:\/\/www.meydan.tv\/wp-content\/uploads\/photo-2021-11-22-15-52-40-1-e1637597752597.jpg","type":"image\/jpeg"}],"author":"elli","twitter_card":"summary_large_image","twitter_creator":"@elli","schema":{"@context":"https:\/\/schema.org","@graph":[{"@type":"Article","@id":"https:\/\/www.meydan.tv\/az\/article\/evi-raketden-dagilan-aile-kirayehaqqi-odemeye-imkanimiz-catmir-hokumet-komek-etmir\/#article","isPartOf":{"@id":"https:\/\/www.meydan.tv\/az\/article\/evi-raketden-dagilan-aile-kirayehaqqi-odemeye-imkanimiz-catmir-hokumet-komek-etmir\/"},"author":{"name":"elli","@id":"https:\/\/www.meydan.tv\/az\/#\/schema\/person\/9cdbecf90d17180ce1dfbd95b08dcf47"},"headline":"Evi raketd\u0259n da\u011f\u0131lan ail\u0259: \u201cKiray\u0259haqq\u0131 \u00f6d\u0259m\u0259y\u0259 imkan\u0131m\u0131z \u00e7atm\u0131r, h\u00f6kum\u0259t k\u00f6m\u0259k etmir\u201d","datePublished":"2021-11-22T16:20:20+00:00","dateModified":"2021-11-22T16:20:22+00:00","mainEntityOfPage":{"@id":"https:\/\/www.meydan.tv\/az\/article\/evi-raketden-dagilan-aile-kirayehaqqi-odemeye-imkanimiz-catmir-hokumet-komek-etmir\/"},"wordCount":1017,"publisher":{"@id":"https:\/\/www.meydan.tv\/az\/#organization"},"image":{"@id":"https:\/\/www.meydan.tv\/az\/article\/evi-raketden-dagilan-aile-kirayehaqqi-odemeye-imkanimiz-catmir-hokumet-komek-etmir\/#primaryimage"},"thumbnailUrl":"https:\/\/www.meydan.tv\/wp-content\/uploads\/photo-2021-11-22-15-52-40-1-e1637597752597.jpg","articleSection":["B\u00f6lg\u0259","T\u00f6vsiy\u0259","X\u0259b\u0259rl\u0259r"],"inLanguage":"az"},{"@type":"WebPage","@id":"https:\/\/www.meydan.tv\/az\/article\/evi-raketden-dagilan-aile-kirayehaqqi-odemeye-imkanimiz-catmir-hokumet-komek-etmir\/","url":"https:\/\/www.meydan.tv\/az\/article\/evi-raketden-dagilan-aile-kirayehaqqi-odemeye-imkanimiz-catmir-hokumet-komek-etmir\/","name":"Evi raketd\u0259n da\u011f\u0131lan ail\u0259: \u201cKiray\u0259haqq\u0131 \u00f6d\u0259m\u0259y\u0259 imkan\u0131m\u0131z \u00e7atm\u0131r, h\u00f6kum\u0259t k\u00f6m\u0259k etmir\u201d - MEYDAN.TV","isPartOf":{"@id":"https:\/\/www.meydan.tv\/az\/#website"},"primaryImageOfPage":{"@id":"https:\/\/www.meydan.tv\/az\/article\/evi-raketden-dagilan-aile-kirayehaqqi-odemeye-imkanimiz-catmir-hokumet-komek-etmir\/#primaryimage"},"image":{"@id":"https:\/\/www.meydan.tv\/az\/article\/evi-raketden-dagilan-aile-kirayehaqqi-odemeye-imkanimiz-catmir-hokumet-komek-etmir\/#primaryimage"},"thumbnailUrl":"https:\/\/www.meydan.tv\/wp-content\/uploads\/photo-2021-11-22-15-52-40-1-e1637597752597.jpg","datePublished":"2021-11-22T16:20:20+00:00","dateModified":"2021-11-22T16:20:22+00:00","breadcrumb":{"@id":"https:\/\/www.meydan.tv\/az\/article\/evi-raketden-dagilan-aile-kirayehaqqi-odemeye-imkanimiz-catmir-hokumet-komek-etmir\/#breadcrumb"},"inLanguage":"az","potentialAction":[{"@type":"ReadAction","target":["https:\/\/www.meydan.tv\/az\/article\/evi-raketden-dagilan-aile-kirayehaqqi-odemeye-imkanimiz-catmir-hokumet-komek-etmir\/"]}]},{"@type":"ImageObject","inLanguage":"az","@id":"https:\/\/www.meydan.tv\/az\/article\/evi-raketden-dagilan-aile-kirayehaqqi-odemeye-imkanimiz-catmir-hokumet-komek-etmir\/#primaryimage","url":"https:\/\/www.meydan.tv\/wp-content\/uploads\/photo-2021-11-22-15-52-40-1-e1637597752597.jpg","contentUrl":"https:\/\/www.meydan.tv\/wp-content\/uploads\/photo-2021-11-22-15-52-40-1-e1637597752597.jpg","width":1280,"height":720,"caption":"G\u0259nc\u0259 \u015f\u0259h\u0259ri, Muxtar Hac\u0131yev k\u00fc\u00e7\u0259si, Foto: Meydan TV"},{"@type":"BreadcrumbList","@id":"https:\/\/www.meydan.tv\/az\/article\/evi-raketden-dagilan-aile-kirayehaqqi-odemeye-imkanimiz-catmir-hokumet-komek-etmir\/#breadcrumb","itemListElement":[{"@type":"ListItem","position":1,"name":"Ana s\u0259hif\u0259","item":"https:\/\/www.meydan.tv\/az\/"},{"@type":"ListItem","position":2,"name":"B\u00f6lg\u0259","item":"https:\/\/www.meydan.tv\/az\/section\/bolge\/"},{"@type":"ListItem","position":3,"name":"Evi raketd\u0259n da\u011f\u0131lan ail\u0259: \u201cKiray\u0259haqq\u0131 \u00f6d\u0259m\u0259y\u0259 imkan\u0131m\u0131z \u00e7atm\u0131r, h\u00f6kum\u0259t k\u00f6m\u0259k etmir\u201d"}]},{"@type":"WebSite","@id":"https:\/\/www.meydan.tv\/az\/#website","url":"https:\/\/www.meydan.tv\/az\/","name":"MEYDAN.TV","description":"Meydan TV Az\u0259rbaycan\u0131n media m\u0259kan\u0131ndak\u0131 alternativ s\u0259sidir","publisher":{"@id":"https:\/\/www.meydan.tv\/az\/#organization"},"potentialAction":[{"@type":"SearchAction","target":{"@type":"EntryPoint","urlTemplate":"https:\/\/www.meydan.tv\/az\/?s={search_term_string}"},"query-input":{"@type":"PropertyValueSpecification","valueRequired":true,"valueName":"search_term_string"}}],"inLanguage":"az"},{"@type":"Organization","@id":"https:\/\/www.meydan.tv\/az\/#organization","name":"Meydan TV","url":"https:\/\/www.meydan.tv\/az\/","logo":{"@type":"ImageObject","inLanguage":"az","@id":"https:\/\/www.meydan.tv\/az\/#\/schema\/logo\/image\/","url":"https:\/\/www.meydan.tv\/wp-content\/uploads\/2021\/07\/meydan-logo.svg","contentUrl":"https:\/\/www.meydan.tv\/wp-content\/uploads\/2021\/07\/meydan-logo.svg","width":195,"height":46,"caption":"Meydan TV"},"image":{"@id":"https:\/\/www.meydan.tv\/az\/#\/schema\/logo\/image\/"}},{"@type":"Person","@id":"https:\/\/www.meydan.tv\/az\/#\/schema\/person\/9cdbecf90d17180ce1dfbd95b08dcf47","name":"elli","sameAs":["https:\/\/x.com\/elli"]}]}},"_links":{"self":[{"href":"https:\/\/www.meydan.tv\/az\/wp-json\/wp\/v2\/posts\/226981","targetHints":{"allow":["GET"]}}],"collection":[{"href":"https:\/\/www.meydan.tv\/az\/wp-json\/wp\/v2\/posts"}],"about":[{"href":"https:\/\/www.meydan.tv\/az\/wp-json\/wp\/v2\/types\/post"}],"author":[{"embeddable":true,"href":"https:\/\/www.meydan.tv\/az\/wp-json\/wp\/v2\/users\/8"}],"replies":[{"embeddable":true,"href":"https:\/\/www.meydan.tv\/az\/wp-json\/wp\/v2\/comments?post=226981"}],"version-history":[{"count":2,"href":"https:\/\/www.meydan.tv\/az\/wp-json\/wp\/v2\/posts\/226981\/revisions"}],"predecessor-version":[{"id":226983,"href":"https:\/\/www.meydan.tv\/az\/wp-json\/wp\/v2\/posts\/226981\/revisions\/226983"}],"wp:featuredmedia":[{"embeddable":true,"href":"https:\/\/www.meydan.tv\/az\/wp-json\/wp\/v2\/media\/226963"}],"wp:attachment":[{"href":"https:\/\/www.meydan.tv\/az\/wp-json\/wp\/v2\/media?parent=226981"}],"wp:term":[{"taxonomy":"category","embeddable":true,"href":"https:\/\/www.meydan.tv\/az\/wp-json\/wp\/v2\/categories?post=226981"},{"taxonomy":"post_tag","embeddable":true,"href":"https:\/\/www.meydan.tv\/az\/wp-json\/wp\/v2\/tags?post=226981"}],"curies":[{"name":"wp","href":"https:\/\/api.w.org\/{rel}","templated":true}]}}