{"id":226906,"date":"2021-11-22T16:46:27","date_gmt":"2021-11-22T12:46:27","guid":{"rendered":"https:\/\/www.meydan.tv\/?p=226906"},"modified":"2021-11-23T20:26:07","modified_gmt":"2021-11-23T16:26:07","slug":"ugur-sahin-peyvend-virusdan-doqquz-aya-qeder-qoruyur","status":"publish","type":"post","link":"https:\/\/www.meydan.tv\/az\/article\/ugur-sahin-peyvend-virusdan-doqquz-aya-qeder-qoruyur\/","title":{"rendered":"U\u011fur \u015eahin: &#8220;Peyv\u0259nd virusdan doqquz aya q\u0259d\u0259r qoruyur&#8221;"},"content":{"rendered":"\n<p><em>&#8220;Vaksinasiya olunan adamlar aras\u0131nda ciddi a\u011f\u0131rla\u015fmalara nadir hallarda rast g\u0259linir&#8221;<br><\/em><\/p>\n\n\n\n<p>BioNTech \u015firk\u0259tinin qurucular\u0131ndan olan U\u011fur \u015eahin bildirib ki, yeni ara\u015fd\u0131rma n\u0259tic\u0259l\u0259ri Covid-19 peyv\u0259ndl\u0259rinin 9 aya q\u0259d\u0259r qorudu\u011funu ortaya qoyub.<br><\/p>\n\n\n\n<p>\u0130mmunoloq vaksinasiya olunan adamlar aras\u0131nda ciddi a\u011f\u0131rla\u015fmalara nadir hallarda rast g\u0259lindiyini <a href=\"https:\/\/tr.euronews.com\/2021\/11\/22\/ugur-sahin-covid-19-as-s-9-aya-kadar-koruma-sagl-yor-4-doz-icin-henuz-elimizde-veri-yok?utm_medium=Social&amp;utm_source=Facebook&amp;fbclid=IwAR0fwCpySB3KFdqCICyGighri1KwQXivNI1mRsvD2l-CW_Kldpa_Q6JTPOg#Echobox=1637566068\" target=\"_blank\" rel=\"noreferrer noopener\">bildirib<\/a>.<br><\/p>\n\n\n\n<p>Onun s\u00f6zl\u0259rin\u0259 g\u00f6r\u0259, 3-c\u00fc doza (buster) COV\u0130D-19 x\u0259st\u0259liyin\u0259 qar\u015f\u0131 \u0259lav\u0259 qorunman\u0131 t\u0259min edir: <\/p>\n\n\n\n<p>\u201cD\u00f6rd\u00fcnc\u00fc dozan\u0131n faydal\u0131 olmas\u0131 il\u0259 ba\u011fl\u0131 m\u0259lumat\u0131m\u0131z yoxdur. D\u00f6rd\u00fcnc\u00fc dozan\u0131n t\u0259tbiqi virusun ba\u015fqa variantlar\u0131n\u0131n olub-olmayaca\u011f\u0131na ba\u011fl\u0131d\u0131r. Biz virusun immun m\u00fcdafi\u0259d\u0259n yay\u0131na bil\u0259n variantlar\u0131na qar\u015f\u0131 tez h\u0259r\u0259k\u0259t\u0259 ke\u00e7\u0259n peyv\u0259nd istehsal\u0131 istiqam\u0259tind\u0259 i\u015fl\u0259r g\u00f6r\u00fcr\u00fck\u201d.<br><\/p>\n\n\n\n<figure class=\"wp-block-image size-large\"><img decoding=\"async\" width=\"1200\" height=\"676\" data-src=\"https:\/\/www.meydan.tv\/wp-content\/uploads\/773x435_cmsv2_788d5027-0287-5c45-bbed-0f4abb19ec81-6251092-1200x676.jpg\" alt=\"\" class=\"wp-image-226907 lazyload\" src=\"data:image\/svg+xml;base64,PHN2ZyB3aWR0aD0iMSIgaGVpZ2h0PSIxIiB4bWxucz0iaHR0cDovL3d3dy53My5vcmcvMjAwMC9zdmciPjwvc3ZnPg==\" style=\"--smush-placeholder-width: 1200px; --smush-placeholder-aspect-ratio: 1200\/676;\" \/><figcaption>U\u011fur \u015eahin, Foto: https:\/\/tr.euronews.com\/<\/figcaption><\/figure>\n\n\n\n<p>Avropa Tibb Agentliyi (EMA) bu il oktyabr\u0131n 4-d\u0259 yayd\u0131\u011f\u0131 a\u00e7\u0131qlamas\u0131nda bildirib ki, ya\u015f\u0131 18-d\u0259n yuxar\u0131 olanlara ikinci dozadan az\u0131 6 sonra buster dozalar\u0131n vurulmas\u0131 n\u0259z\u0259rd\u0259n ke\u00e7iril\u0259 bil\u0259r.<br><\/p>\n\n\n\n<p>EMA immun sistemi k\u0259skin z\u0259if olanlar \u00fc\u00e7\u00fcn ikinci dozadan az\u0131 28 g\u00fcn sonra BioNTech\/Pfizer v\u0259 Moderna vaksinl\u0259rinin buster dozalar\u0131n\u0131 vurma\u011f\u0131 t\u00f6vsiy\u0259 edib.<br><\/p>\n\n\n\n<p>BMT-nin ba\u015f katibi Antonio Quterres is\u0259 oktyabr\u0131n 9-da D\u00fcnya S\u0259hiyy\u0259 T\u0259\u015fkilat\u0131n\u0131n (DST) m\u0259tbuat konfrans\u0131nda deyib ki, \u00e7ox tezlikl\u0259 vaksinl\u0259r\u0259 m\u00fcqavim\u0259tli koronavirus variantlar\u0131 yarana bil\u0259r.<br><\/p>\n\n\n\n<p>DST-nin COVID 19-a Qar\u015f\u0131 Qlobal Vaksinl\u0259m\u0259y\u0259 Nail Olunmas\u0131 Srtrategiyas\u0131 adlanan plan\u0131 2021-ci ilin sonunad\u0259k h\u0259r bir \u00f6lk\u0259d\u0259 \u0259halinin minimum 40 faizinin, 2022-ci ilin ortalar\u0131nad\u0259k is\u0259 70 faizinin peyv\u0259ndl\u0259m\u0259sini h\u0259d\u0259f edir.<br><\/p>\n\n\n\n<p>Bu strategiyan\u0131n h\u0259yata ke\u00e7irilm\u0259si \u00fc\u00e7\u00fcn az\u0131 11 milyard doza vaksin\u0259 ehtiyac var.<br><\/p>\n\n\n\n<p>Ekspertl\u0259r bildirirl\u0259r ki, bu, vaksinl\u0259rin haz\u0131rk\u0131 qlobal t\u0259chizat templ\u0259ri \u2013 y\u0259ni aya 1.5 milyard dozan\u0131n istehsal\u0131 il\u0259 tamamil\u0259 real h\u0259d\u0259fdir.<br><\/p>\n\n\n\n<p>Planda habel\u0259 b\u00fct\u00fcn ya\u015fl\u0131lar\u0131n v\u0259 b\u00fct\u00fcn tibb i\u015f\u00e7il\u0259rinin ilk n\u00f6vb\u0259d\u0259 peyv\u0259nd olunmas\u0131 n\u0259z\u0259rd\u0259 tutulub.<br>Az\u0259rbaycanda 2021-ci il yanvar\u0131n 9-dan peyv\u0259ndl\u0259nm\u0259 ba\u015flan\u0131b.<br><\/p>\n\n\n\n<p>\u00d6lk\u0259d\u0259 4 istehsal\u00e7\u0131n\u0131n vaksini t\u0259tbiq olunur: SINOVAC (\u00c7in), AstraZeneca\/Vaxzevria (\u0130ngilt\u0259r\u0259), Biontech\/Pfizer (Almaniya\/AB\u015e), Sputnik V (Rusiya).<br><\/p>\n\n\n\n<p>Az\u0259rbaycan S\u0259hiyy\u0259 Nazirliyi d\u0259 \u0259haliy\u0259 COVID 19-a qar\u015f\u0131 immuniteti art\u0131rmaq \u00fc\u00e7\u00fcn 3-c\u00fc doza peyv\u0259ndin vurulmas\u0131n\u0131 m\u0259sl\u0259h\u0259t g\u00f6r\u00fcr.<\/p>\n","protected":false},"excerpt":{"rendered":"<p>&#8220;Vaksinasiya olunan adamlar aras\u0131nda ciddi a\u011f\u0131rla\u015fmalara nadir hallarda rast g\u0259linir&#8221; &#8230; <\/p>\n<p class=\"read-more-container\"><a title=\"U\u011fur \u015eahin: &#8220;Peyv\u0259nd virusdan doqquz aya q\u0259d\u0259r qoruyur&#8221;\" class=\"read-more button\" href=\"https:\/\/www.meydan.tv\/az\/article\/ugur-sahin-peyvend-virusdan-doqquz-aya-qeder-qoruyur\/#more-226906\" aria-label=\"Read more about U\u011fur \u015eahin: &#8220;Peyv\u0259nd virusdan doqquz aya q\u0259d\u0259r qoruyur&#8221;\">Davam\u0131<\/a><\/p>\n","protected":false},"author":8,"featured_media":209309,"comment_status":"closed","ping_status":"closed","sticky":false,"template":"","format":"standard","meta":{"_acf_changed":false,"_sitemap_exclude":false,"_sitemap_priority":"","_sitemap_frequency":"","footnotes":""},"categories":[54,79,56],"tags":[],"class_list":["post-226906","post","type-post","status-publish","format-standard","has-post-thumbnail","hentry","category-sagliq","category-featured","category-xeberler","infinite-scroll-item","generate-columns","tablet-grid-50","mobile-grid-100","grid-parent","grid-33","no-featured-image-padding"],"acf":[],"yoast_head":"<!-- This site is optimized with the Yoast SEO plugin v27.4 - https:\/\/yoast.com\/product\/yoast-seo-wordpress\/ -->\n<title>U\u011fur \u015eahin: &quot;Peyv\u0259nd virusdan doqquz aya q\u0259d\u0259r qoruyur&quot; - MEYDAN.TV<\/title>\n<meta name=\"robots\" content=\"index, follow, max-snippet:-1, max-image-preview:large, max-video-preview:-1\" \/>\n<link rel=\"canonical\" href=\"https:\/\/www.meydan.tv\/az\/article\/ugur-sahin-peyvend-virusdan-doqquz-aya-qeder-qoruyur\/\" \/>\n<meta property=\"og:locale\" content=\"az_AZ\" \/>\n<meta property=\"og:type\" content=\"article\" \/>\n<meta property=\"og:title\" content=\"U\u011fur \u015eahin: &quot;Peyv\u0259nd virusdan doqquz aya q\u0259d\u0259r qoruyur&quot; - MEYDAN.TV\" \/>\n<meta property=\"og:description\" content=\"&#8220;Vaksinasiya olunan adamlar aras\u0131nda ciddi a\u011f\u0131rla\u015fmalara nadir hallarda rast g\u0259linir&#8221; ... Davam\u0131\" \/>\n<meta property=\"og:url\" content=\"https:\/\/www.meydan.tv\/az\/article\/ugur-sahin-peyvend-virusdan-doqquz-aya-qeder-qoruyur\/\" \/>\n<meta property=\"og:site_name\" content=\"MEYDAN.TV\" \/>\n<meta property=\"article:published_time\" content=\"2021-11-22T12:46:27+00:00\" \/>\n<meta property=\"article:modified_time\" content=\"2021-11-23T16:26:07+00:00\" \/>\n<meta property=\"og:image\" content=\"https:\/\/www.meydan.tv\/wp-content\/uploads\/vaksina_clej6kg-scaled-e1637583164818.jpg\" \/>\n\t<meta property=\"og:image:width\" content=\"1422\" \/>\n\t<meta property=\"og:image:height\" content=\"800\" \/>\n\t<meta property=\"og:image:type\" content=\"image\/jpeg\" \/>\n<meta name=\"author\" content=\"elli\" \/>\n<meta name=\"twitter:card\" content=\"summary_large_image\" \/>\n<meta name=\"twitter:creator\" content=\"@elli\" \/>\n<script type=\"application\/ld+json\" class=\"yoast-schema-graph\">{\"@context\":\"https:\\\/\\\/schema.org\",\"@graph\":[{\"@type\":\"Article\",\"@id\":\"https:\\\/\\\/www.meydan.tv\\\/az\\\/article\\\/ugur-sahin-peyvend-virusdan-doqquz-aya-qeder-qoruyur\\\/#article\",\"isPartOf\":{\"@id\":\"https:\\\/\\\/www.meydan.tv\\\/az\\\/article\\\/ugur-sahin-peyvend-virusdan-doqquz-aya-qeder-qoruyur\\\/\"},\"author\":{\"name\":\"elli\",\"@id\":\"https:\\\/\\\/www.meydan.tv\\\/az\\\/#\\\/schema\\\/person\\\/9cdbecf90d17180ce1dfbd95b08dcf47\"},\"headline\":\"U\u011fur \u015eahin: &#8220;Peyv\u0259nd virusdan doqquz aya q\u0259d\u0259r qoruyur&#8221;\",\"datePublished\":\"2021-11-22T12:46:27+00:00\",\"dateModified\":\"2021-11-23T16:26:07+00:00\",\"mainEntityOfPage\":{\"@id\":\"https:\\\/\\\/www.meydan.tv\\\/az\\\/article\\\/ugur-sahin-peyvend-virusdan-doqquz-aya-qeder-qoruyur\\\/\"},\"wordCount\":441,\"publisher\":{\"@id\":\"https:\\\/\\\/www.meydan.tv\\\/az\\\/#organization\"},\"image\":{\"@id\":\"https:\\\/\\\/www.meydan.tv\\\/az\\\/article\\\/ugur-sahin-peyvend-virusdan-doqquz-aya-qeder-qoruyur\\\/#primaryimage\"},\"thumbnailUrl\":\"https:\\\/\\\/www.meydan.tv\\\/wp-content\\\/uploads\\\/vaksina_clej6kg-scaled-e1637583164818.jpg\",\"articleSection\":[\"Sa\u011fl\u0131q\",\"T\u00f6vsiy\u0259\",\"X\u0259b\u0259rl\u0259r\"],\"inLanguage\":\"az\"},{\"@type\":\"WebPage\",\"@id\":\"https:\\\/\\\/www.meydan.tv\\\/az\\\/article\\\/ugur-sahin-peyvend-virusdan-doqquz-aya-qeder-qoruyur\\\/\",\"url\":\"https:\\\/\\\/www.meydan.tv\\\/az\\\/article\\\/ugur-sahin-peyvend-virusdan-doqquz-aya-qeder-qoruyur\\\/\",\"name\":\"U\u011fur \u015eahin: \\\"Peyv\u0259nd virusdan doqquz aya q\u0259d\u0259r qoruyur\\\" - MEYDAN.TV\",\"isPartOf\":{\"@id\":\"https:\\\/\\\/www.meydan.tv\\\/az\\\/#website\"},\"primaryImageOfPage\":{\"@id\":\"https:\\\/\\\/www.meydan.tv\\\/az\\\/article\\\/ugur-sahin-peyvend-virusdan-doqquz-aya-qeder-qoruyur\\\/#primaryimage\"},\"image\":{\"@id\":\"https:\\\/\\\/www.meydan.tv\\\/az\\\/article\\\/ugur-sahin-peyvend-virusdan-doqquz-aya-qeder-qoruyur\\\/#primaryimage\"},\"thumbnailUrl\":\"https:\\\/\\\/www.meydan.tv\\\/wp-content\\\/uploads\\\/vaksina_clej6kg-scaled-e1637583164818.jpg\",\"datePublished\":\"2021-11-22T12:46:27+00:00\",\"dateModified\":\"2021-11-23T16:26:07+00:00\",\"breadcrumb\":{\"@id\":\"https:\\\/\\\/www.meydan.tv\\\/az\\\/article\\\/ugur-sahin-peyvend-virusdan-doqquz-aya-qeder-qoruyur\\\/#breadcrumb\"},\"inLanguage\":\"az\",\"potentialAction\":[{\"@type\":\"ReadAction\",\"target\":[\"https:\\\/\\\/www.meydan.tv\\\/az\\\/article\\\/ugur-sahin-peyvend-virusdan-doqquz-aya-qeder-qoruyur\\\/\"]}]},{\"@type\":\"ImageObject\",\"inLanguage\":\"az\",\"@id\":\"https:\\\/\\\/www.meydan.tv\\\/az\\\/article\\\/ugur-sahin-peyvend-virusdan-doqquz-aya-qeder-qoruyur\\\/#primaryimage\",\"url\":\"https:\\\/\\\/www.meydan.tv\\\/wp-content\\\/uploads\\\/vaksina_clej6kg-scaled-e1637583164818.jpg\",\"contentUrl\":\"https:\\\/\\\/www.meydan.tv\\\/wp-content\\\/uploads\\\/vaksina_clej6kg-scaled-e1637583164818.jpg\",\"width\":1422,\"height\":800,\"caption\":\"Foto: Meydan TV\"},{\"@type\":\"BreadcrumbList\",\"@id\":\"https:\\\/\\\/www.meydan.tv\\\/az\\\/article\\\/ugur-sahin-peyvend-virusdan-doqquz-aya-qeder-qoruyur\\\/#breadcrumb\",\"itemListElement\":[{\"@type\":\"ListItem\",\"position\":1,\"name\":\"Ana s\u0259hif\u0259\",\"item\":\"https:\\\/\\\/www.meydan.tv\\\/az\\\/\"},{\"@type\":\"ListItem\",\"position\":2,\"name\":\"Sa\u011fl\u0131q\",\"item\":\"https:\\\/\\\/www.meydan.tv\\\/az\\\/section\\\/sagliq\\\/\"},{\"@type\":\"ListItem\",\"position\":3,\"name\":\"U\u011fur \u015eahin: &#8220;Peyv\u0259nd virusdan doqquz aya q\u0259d\u0259r qoruyur&#8221;\"}]},{\"@type\":\"WebSite\",\"@id\":\"https:\\\/\\\/www.meydan.tv\\\/az\\\/#website\",\"url\":\"https:\\\/\\\/www.meydan.tv\\\/az\\\/\",\"name\":\"MEYDAN.TV\",\"description\":\"Meydan TV Az\u0259rbaycan\u0131n media m\u0259kan\u0131ndak\u0131 alternativ s\u0259sidir\",\"publisher\":{\"@id\":\"https:\\\/\\\/www.meydan.tv\\\/az\\\/#organization\"},\"potentialAction\":[{\"@type\":\"SearchAction\",\"target\":{\"@type\":\"EntryPoint\",\"urlTemplate\":\"https:\\\/\\\/www.meydan.tv\\\/az\\\/?s={search_term_string}\"},\"query-input\":{\"@type\":\"PropertyValueSpecification\",\"valueRequired\":true,\"valueName\":\"search_term_string\"}}],\"inLanguage\":\"az\"},{\"@type\":\"Organization\",\"@id\":\"https:\\\/\\\/www.meydan.tv\\\/az\\\/#organization\",\"name\":\"Meydan TV\",\"url\":\"https:\\\/\\\/www.meydan.tv\\\/az\\\/\",\"logo\":{\"@type\":\"ImageObject\",\"inLanguage\":\"az\",\"@id\":\"https:\\\/\\\/www.meydan.tv\\\/az\\\/#\\\/schema\\\/logo\\\/image\\\/\",\"url\":\"https:\\\/\\\/www.meydan.tv\\\/wp-content\\\/uploads\\\/2021\\\/07\\\/meydan-logo.svg\",\"contentUrl\":\"https:\\\/\\\/www.meydan.tv\\\/wp-content\\\/uploads\\\/2021\\\/07\\\/meydan-logo.svg\",\"width\":195,\"height\":46,\"caption\":\"Meydan TV\"},\"image\":{\"@id\":\"https:\\\/\\\/www.meydan.tv\\\/az\\\/#\\\/schema\\\/logo\\\/image\\\/\"}},{\"@type\":\"Person\",\"@id\":\"https:\\\/\\\/www.meydan.tv\\\/az\\\/#\\\/schema\\\/person\\\/9cdbecf90d17180ce1dfbd95b08dcf47\",\"name\":\"elli\",\"sameAs\":[\"https:\\\/\\\/x.com\\\/elli\"]}]}<\/script>\n<!-- \/ Yoast SEO plugin. -->","yoast_head_json":{"title":"U\u011fur \u015eahin: \"Peyv\u0259nd virusdan doqquz aya q\u0259d\u0259r qoruyur\" - MEYDAN.TV","robots":{"index":"index","follow":"follow","max-snippet":"max-snippet:-1","max-image-preview":"max-image-preview:large","max-video-preview":"max-video-preview:-1"},"canonical":"https:\/\/www.meydan.tv\/az\/article\/ugur-sahin-peyvend-virusdan-doqquz-aya-qeder-qoruyur\/","og_locale":"az_AZ","og_type":"article","og_title":"U\u011fur \u015eahin: \"Peyv\u0259nd virusdan doqquz aya q\u0259d\u0259r qoruyur\" - MEYDAN.TV","og_description":"&#8220;Vaksinasiya olunan adamlar aras\u0131nda ciddi a\u011f\u0131rla\u015fmalara nadir hallarda rast g\u0259linir&#8221; ... Davam\u0131","og_url":"https:\/\/www.meydan.tv\/az\/article\/ugur-sahin-peyvend-virusdan-doqquz-aya-qeder-qoruyur\/","og_site_name":"MEYDAN.TV","article_published_time":"2021-11-22T12:46:27+00:00","article_modified_time":"2021-11-23T16:26:07+00:00","og_image":[{"width":1422,"height":800,"url":"https:\/\/www.meydan.tv\/wp-content\/uploads\/vaksina_clej6kg-scaled-e1637583164818.jpg","type":"image\/jpeg"}],"author":"elli","twitter_card":"summary_large_image","twitter_creator":"@elli","schema":{"@context":"https:\/\/schema.org","@graph":[{"@type":"Article","@id":"https:\/\/www.meydan.tv\/az\/article\/ugur-sahin-peyvend-virusdan-doqquz-aya-qeder-qoruyur\/#article","isPartOf":{"@id":"https:\/\/www.meydan.tv\/az\/article\/ugur-sahin-peyvend-virusdan-doqquz-aya-qeder-qoruyur\/"},"author":{"name":"elli","@id":"https:\/\/www.meydan.tv\/az\/#\/schema\/person\/9cdbecf90d17180ce1dfbd95b08dcf47"},"headline":"U\u011fur \u015eahin: &#8220;Peyv\u0259nd virusdan doqquz aya q\u0259d\u0259r qoruyur&#8221;","datePublished":"2021-11-22T12:46:27+00:00","dateModified":"2021-11-23T16:26:07+00:00","mainEntityOfPage":{"@id":"https:\/\/www.meydan.tv\/az\/article\/ugur-sahin-peyvend-virusdan-doqquz-aya-qeder-qoruyur\/"},"wordCount":441,"publisher":{"@id":"https:\/\/www.meydan.tv\/az\/#organization"},"image":{"@id":"https:\/\/www.meydan.tv\/az\/article\/ugur-sahin-peyvend-virusdan-doqquz-aya-qeder-qoruyur\/#primaryimage"},"thumbnailUrl":"https:\/\/www.meydan.tv\/wp-content\/uploads\/vaksina_clej6kg-scaled-e1637583164818.jpg","articleSection":["Sa\u011fl\u0131q","T\u00f6vsiy\u0259","X\u0259b\u0259rl\u0259r"],"inLanguage":"az"},{"@type":"WebPage","@id":"https:\/\/www.meydan.tv\/az\/article\/ugur-sahin-peyvend-virusdan-doqquz-aya-qeder-qoruyur\/","url":"https:\/\/www.meydan.tv\/az\/article\/ugur-sahin-peyvend-virusdan-doqquz-aya-qeder-qoruyur\/","name":"U\u011fur \u015eahin: \"Peyv\u0259nd virusdan doqquz aya q\u0259d\u0259r qoruyur\" - MEYDAN.TV","isPartOf":{"@id":"https:\/\/www.meydan.tv\/az\/#website"},"primaryImageOfPage":{"@id":"https:\/\/www.meydan.tv\/az\/article\/ugur-sahin-peyvend-virusdan-doqquz-aya-qeder-qoruyur\/#primaryimage"},"image":{"@id":"https:\/\/www.meydan.tv\/az\/article\/ugur-sahin-peyvend-virusdan-doqquz-aya-qeder-qoruyur\/#primaryimage"},"thumbnailUrl":"https:\/\/www.meydan.tv\/wp-content\/uploads\/vaksina_clej6kg-scaled-e1637583164818.jpg","datePublished":"2021-11-22T12:46:27+00:00","dateModified":"2021-11-23T16:26:07+00:00","breadcrumb":{"@id":"https:\/\/www.meydan.tv\/az\/article\/ugur-sahin-peyvend-virusdan-doqquz-aya-qeder-qoruyur\/#breadcrumb"},"inLanguage":"az","potentialAction":[{"@type":"ReadAction","target":["https:\/\/www.meydan.tv\/az\/article\/ugur-sahin-peyvend-virusdan-doqquz-aya-qeder-qoruyur\/"]}]},{"@type":"ImageObject","inLanguage":"az","@id":"https:\/\/www.meydan.tv\/az\/article\/ugur-sahin-peyvend-virusdan-doqquz-aya-qeder-qoruyur\/#primaryimage","url":"https:\/\/www.meydan.tv\/wp-content\/uploads\/vaksina_clej6kg-scaled-e1637583164818.jpg","contentUrl":"https:\/\/www.meydan.tv\/wp-content\/uploads\/vaksina_clej6kg-scaled-e1637583164818.jpg","width":1422,"height":800,"caption":"Foto: Meydan TV"},{"@type":"BreadcrumbList","@id":"https:\/\/www.meydan.tv\/az\/article\/ugur-sahin-peyvend-virusdan-doqquz-aya-qeder-qoruyur\/#breadcrumb","itemListElement":[{"@type":"ListItem","position":1,"name":"Ana s\u0259hif\u0259","item":"https:\/\/www.meydan.tv\/az\/"},{"@type":"ListItem","position":2,"name":"Sa\u011fl\u0131q","item":"https:\/\/www.meydan.tv\/az\/section\/sagliq\/"},{"@type":"ListItem","position":3,"name":"U\u011fur \u015eahin: &#8220;Peyv\u0259nd virusdan doqquz aya q\u0259d\u0259r qoruyur&#8221;"}]},{"@type":"WebSite","@id":"https:\/\/www.meydan.tv\/az\/#website","url":"https:\/\/www.meydan.tv\/az\/","name":"MEYDAN.TV","description":"Meydan TV Az\u0259rbaycan\u0131n media m\u0259kan\u0131ndak\u0131 alternativ s\u0259sidir","publisher":{"@id":"https:\/\/www.meydan.tv\/az\/#organization"},"potentialAction":[{"@type":"SearchAction","target":{"@type":"EntryPoint","urlTemplate":"https:\/\/www.meydan.tv\/az\/?s={search_term_string}"},"query-input":{"@type":"PropertyValueSpecification","valueRequired":true,"valueName":"search_term_string"}}],"inLanguage":"az"},{"@type":"Organization","@id":"https:\/\/www.meydan.tv\/az\/#organization","name":"Meydan TV","url":"https:\/\/www.meydan.tv\/az\/","logo":{"@type":"ImageObject","inLanguage":"az","@id":"https:\/\/www.meydan.tv\/az\/#\/schema\/logo\/image\/","url":"https:\/\/www.meydan.tv\/wp-content\/uploads\/2021\/07\/meydan-logo.svg","contentUrl":"https:\/\/www.meydan.tv\/wp-content\/uploads\/2021\/07\/meydan-logo.svg","width":195,"height":46,"caption":"Meydan TV"},"image":{"@id":"https:\/\/www.meydan.tv\/az\/#\/schema\/logo\/image\/"}},{"@type":"Person","@id":"https:\/\/www.meydan.tv\/az\/#\/schema\/person\/9cdbecf90d17180ce1dfbd95b08dcf47","name":"elli","sameAs":["https:\/\/x.com\/elli"]}]}},"_links":{"self":[{"href":"https:\/\/www.meydan.tv\/az\/wp-json\/wp\/v2\/posts\/226906","targetHints":{"allow":["GET"]}}],"collection":[{"href":"https:\/\/www.meydan.tv\/az\/wp-json\/wp\/v2\/posts"}],"about":[{"href":"https:\/\/www.meydan.tv\/az\/wp-json\/wp\/v2\/types\/post"}],"author":[{"embeddable":true,"href":"https:\/\/www.meydan.tv\/az\/wp-json\/wp\/v2\/users\/8"}],"replies":[{"embeddable":true,"href":"https:\/\/www.meydan.tv\/az\/wp-json\/wp\/v2\/comments?post=226906"}],"version-history":[{"count":3,"href":"https:\/\/www.meydan.tv\/az\/wp-json\/wp\/v2\/posts\/226906\/revisions"}],"predecessor-version":[{"id":227246,"href":"https:\/\/www.meydan.tv\/az\/wp-json\/wp\/v2\/posts\/226906\/revisions\/227246"}],"wp:featuredmedia":[{"embeddable":true,"href":"https:\/\/www.meydan.tv\/az\/wp-json\/wp\/v2\/media\/209309"}],"wp:attachment":[{"href":"https:\/\/www.meydan.tv\/az\/wp-json\/wp\/v2\/media?parent=226906"}],"wp:term":[{"taxonomy":"category","embeddable":true,"href":"https:\/\/www.meydan.tv\/az\/wp-json\/wp\/v2\/categories?post=226906"},{"taxonomy":"post_tag","embeddable":true,"href":"https:\/\/www.meydan.tv\/az\/wp-json\/wp\/v2\/tags?post=226906"}],"curies":[{"name":"wp","href":"https:\/\/api.w.org\/{rel}","templated":true}]}}