{"id":226900,"date":"2021-11-22T15:46:29","date_gmt":"2021-11-22T11:46:29","guid":{"rendered":"https:\/\/www.meydan.tv\/?p=226900"},"modified":"2021-11-22T15:47:31","modified_gmt":"2021-11-22T11:47:31","slug":"saleh-rustemovun-oglu-atam-hefte-erzinde-quru-acliga-kececeyini-deyib","status":"publish","type":"post","link":"https:\/\/www.meydan.tv\/az\/article\/saleh-rustemovun-oglu-atam-hefte-erzinde-quru-acliga-kececeyini-deyib\/","title":{"rendered":"Saleh R\u00fcst\u0259movun o\u011flu: \u201cAtam h\u0259ft\u0259 \u0259rzind\u0259 quru acl\u0131\u011fa ke\u00e7\u0259c\u0259yini deyib\u201d"},"content":{"rendered":"\n<p>\u201cEl\u0259 durumdad\u0131r ki, h\u0259tta dan\u0131\u015fmaqda da \u00e7\u0259tinlik \u00e7\u0259kir, q\u0131r\u0131q-q\u0131r\u0131q s\u00f6zl\u0259r dey\u0259 bilir\u201d<br><\/p>\n\n\n\n<p>Xalq C\u0259bh\u0259sinin hakimiyy\u0259ti d\u00f6vr\u00fcnd\u0259 (1992-1993) G\u0259d\u0259b\u0259yin icra ba\u015f\u00e7\u0131s\u0131 olmu\u015f, AXCP-y\u0259 maliyy\u0259 yard\u0131m\u0131nda ittiham edil\u0259r\u0259k h\u0259bs olunan Saleh R\u00fcst\u0259mov 17 g\u00fcnd\u00fcr ki, acl\u0131q aksiyas\u0131 ke\u00e7irir. V\u0259kili B\u0259hrum Bayramov noyabr\u0131n 22-d\u0259 Penitensiar Xidm\u0259tin M\u00fcalic\u0259 M\u00fc\u0259ssis\u0259sind\u0259 ona ba\u015f \u00e7\u0259kib.<br><\/p>\n\n\n\n<p>V\u0259kilin onun ail\u0259 \u00fczvl\u0259rin\u0259 verdiyi m\u0259lumata g\u00f6r\u0259, Saleh R\u00fcst\u0259movun durumu a\u011f\u0131rd\u0131r. O, m\u00fcdafi\u0259\u00e7isi il\u0259 g\u00f6r\u00fc\u015fd\u0259 10 d\u0259qiq\u0259d\u0259n art\u0131q dayana bilm\u0259yib. B\u0259hruz Bayramov m\u00fcv\u0259kkilini acl\u0131\u011f\u0131 dayand\u0131rma\u011fa raz\u0131 salma\u011fa \u00e7al\u0131\u015fsa da, bu d\u0259f\u0259 d\u0259 c\u0259hdi n\u0259tic\u0259siz qal\u0131b. \u018fksin\u0259, Saleh R\u00fcst\u0259mov deyib ki, \u0259g\u0259r bu h\u0259ft\u0259 \u0259rzind\u0259 t\u0259l\u0259bl\u0259ri yerin\u0259 yetirm\u0259s\u0259, su i\u00e7m\u0259kd\u0259n d\u0259 imtina ed\u0259c\u0259k, quru acl\u0131\u011fa ke\u00e7\u0259c\u0259k.<br><\/p>\n\n\n\n<p>\u201cAtam\u0131n v\u0259ziyy\u0259ti kritikdir, h\u0259r an komaya d\u00fc\u015f\u0259 bil\u0259r. El\u0259 durumdad\u0131r ki, h\u0259tta dan\u0131\u015fmaqda da \u00e7\u0259tinlik \u00e7\u0259kir, q\u0131r\u0131q-q\u0131r\u0131q s\u00f6zl\u0259r dey\u0259 bilir. Acl\u0131\u011f\u0131 q\u0259tiyy\u0259n dayand\u0131rmayaca\u011f\u0131n\u0131, h\u0259ft\u0259 \u0259rzind\u0259 n\u0259tic\u0259ni tezl\u0259\u015fdirm\u0259k \u00fc\u00e7\u00fcn quru acl\u0131\u011fa ke\u00e7\u0259c\u0259yini deyib. Atama bir \u015fey olarsa m\u0259suliyy\u0259ti onun h\u0259bs q\u0259rar\u0131n\u0131 ver\u0259n \u015f\u0259xs &#8211; \u0130lham \u018fliyev da\u015f\u0131y\u0131r\u201d, &#8211; Sezgin R\u00fcst\u0259mov Meydan TV-y\u0259 bildirib.<br><\/p>\n\n\n\n<p>Onun s\u00f6zl\u0259rin\u0259 g\u00f6r\u0259, noyabr\u0131n 19-da Saleh R\u00fcst\u0259movun qay\u0131n\u0131, noyabr\u0131n 20-d\u0259 is\u0259 bac\u0131s\u0131 onunla g\u00f6r\u00fc\u015fm\u0259k \u00fc\u00e7\u00fcn Penitensiar Xidm\u0259tin M\u00fcalic\u0259 M\u00fc\u0259ssis\u0259sin\u0259 gets\u0259 d\u0259, onlara g\u00f6r\u00fc\u015f verilm\u0259yib. Bu da ail\u0259 \u00fczvl\u0259rind\u0259 onun durumu il\u0259 ba\u011fl\u0131 narahatl\u0131\u011f\u0131 daha da art\u0131r\u0131b: <\/p>\n\n\n\n<p>\u201cG\u00fcman edirik ki, onun v\u0259ziyy\u0259ti a\u011f\u0131r oldu\u011funa g\u00f6r\u0259 yax\u0131nlar\u0131 il\u0259 g\u00f6r\u00fc\u015fm\u0259y\u0259 qoymurlar\u201d.<br><\/p>\n\n\n\n<p>Son on g\u00fcnd\u0259 Norve\u00e7 Helsinki Komissiyas\u0131 ikinci d\u0259f\u0259 Az\u0259rbaycan hakimiyy\u0259tin\u0259 m\u00fcraci\u0259t ed\u0259r\u0259k, Saleh R\u00fcst\u0259movu azad etm\u0259y\u0259 \u00e7a\u011f\u0131r\u0131b.<br><\/p>\n\n\n\n<p>\u00d6lk\u0259 daxilind\u0259 d\u0259 ictimai-siyasi f\u0259allar, t\u0259\u015fkilat r\u0259hb\u0259rl\u0259ri Saleh R\u00fcst\u0259movun azadl\u0131\u011fa burax\u0131lmas\u0131 \u00fc\u00e7\u00fcn Prezident \u0130lham \u018fliyev\u0259 m\u00fcraci\u0259t <a href=\"https:\/\/www.meydan.tv\/az\/article\/bir-qrup-qht-saleh-rustemovla-bagli-ilham-eliyeve-muraciet-etdi\/\" target=\"_blank\" rel=\"noreferrer noopener\">edibl\u0259r<\/a>. M\u00fcraci\u0259td\u0259 Saleh R\u00fcst\u0259movun \u00f6lk\u0259nin m\u00fcst\u0259qilliyi v\u0259 \u0259razi b\u00fct\u00f6vl\u00fcy\u00fcn\u00fcn qorunmas\u0131nda xidm\u0259tl\u0259ri, icra ba\u015f\u00e7\u0131s\u0131 oldu\u011fu d\u00f6vrd\u0259 Qaraba\u011f d\u00f6y\u00fc\u015fl\u0259rind\u0259 i\u015ftirak\u0131, u\u015furlu Ba\u015fk\u0259nd \u0259m\u0259liyyat\u0131na r\u0259hb\u0259rlik etm\u0259si yada sal\u0131n\u0131b.<br><\/p>\n\n\n\n<p>H\u0259l\u0259 ki r\u0259smi qurumlar Saleh R\u00fcst\u0259movun acl\u0131q etm\u0259si v\u0259 onun azadl\u0131\u011fa burax\u0131lmas\u0131 \u00fc\u00e7\u00fcn m\u00fcraci\u0259tl\u0259r\u0259 m\u00fcnasib\u0259t bildirm\u0259yib.<br><\/p>\n\n\n\n<p>Saleh R\u00fcst\u0259mov 1998-ci ild\u0259 o\u011flunun x\u0259st\u0259liyi il\u0259 \u0259laq\u0259dar Rusiyaya gedib v\u0259 o vaxtdan ail\u0259sil\u0259 birlikd\u0259 orada ya\u015fay\u0131rd\u0131. 2018-ci ilin may\u0131nda bac\u0131-qarda\u015f\u0131n\u0131 g\u00f6rm\u0259k \u00fc\u00e7\u00fcn Az\u0259rbaycana g\u0259l\u0259n sabiq icra ba\u015f\u00e7\u0131s\u0131 qarda\u015f\u0131 v\u0259 onun ail\u0259sil\u0259 ma\u015f\u0131nda ged\u0259rk\u0259n \u015e\u0259mkird\u0259 saxlan\u0131l\u0131b. Bak\u0131ya \u2013 Ba\u015f M\u00fct\u0259\u015f\u0259kkil Cinay\u0259tkarl\u0131qla M\u00fcbariz\u0259 \u0130dar\u0259sin\u0259 g\u0259tiril\u0259n Saleh R\u00fcst\u0259mova qar\u015f\u0131 narkotik ittiham\u0131 ir\u0259li s\u00fcr\u00fcl\u00fcb. \u0130ki g\u00fcn sonra onun qarda\u015f\u0131 o\u011flu Vidadi R\u00fcst\u0259mli d\u0259 eyni ittihamla saxlan\u0131b. Onlar bu idar\u0259d\u0259 20 g\u00fcn\u0259 yax\u0131n i\u015fg\u0259nc\u0259y\u0259 m\u0259ruz qald\u0131qlar\u0131n\u0131 bildiribl\u0259r.<br><\/p>\n\n\n\n<p>Bundan sonra &#8211; may\u0131n 25-d\u0259 AXCP funksionerl\u0259ri Bab\u0259k H\u0259s\u0259nov, Aqil M\u0259h\u0259rr\u0259mli v\u0259 Ruslan N\u0259sirli tutulub. Onlar\u0131n saxlanmas\u0131 il\u0259 ba\u011fl\u0131 Ba\u015f Prokurorluq v\u0259 Daxili \u0130\u015fl\u0259r Nazirliyinin (D\u0130N) yayd\u0131\u011f\u0131 birg\u0259 m\u0259lumatda iddia olunub ki, bu be\u015f n\u0259f\u0259r \u00e7irkli pul v\u0259saitl\u0259rini leqalla\u015fd\u0131rmaqda ittiham olunurlar. \u0130ddiaya g\u00f6r\u0259, Saleh R\u00fcst\u0259mov AXCP-y\u0259 420 min dollar pul g\u00f6nd\u0259rib.<br><\/p>\n\n\n\n<p>Lakin adlar\u0131 \u00e7\u0259kil\u0259n \u015f\u0259xsl\u0259r \u00e7irkli pullar\u0131n leqalla\u015fd\u0131r\u0131lmas\u0131 ittiham\u0131n\u0131 r\u0259dd edir. Saleh R\u00fcst\u0259mov bildirib ki, uzun ill\u0259r Xalq C\u0259bh\u0259sinin \u00fczv\u00fc olub. Rusiyada h\u0259m \u00f6z\u00fc, h\u0259m d\u0259 dig\u0259r az\u0259rbaycanl\u0131lar qazanclar\u0131ndan siyasi m\u0259hbuslar\u0131n ail\u0259l\u0259rin\u0259 yard\u0131m m\u0259qs\u0259dil\u0259 pul g\u00f6nd\u0259ribl\u0259r. T\u0259xmin\u0259n iki il \u0259rzind\u0259 siyasi m\u0259hbus ail\u0259l\u0259rin\u0259 g\u00f6nd\u0259ril\u0259n v\u0259sait is\u0259 10 min dollar olard\u0131.<br><\/p>\n\n\n\n<p>Bak\u0131 A\u011f\u0131r Cinay\u0259tl\u0259r M\u0259hk\u0259m\u0259sinin h\u00f6km\u00fc il\u0259 Saleh R\u00fcst\u0259mov 7 il 3 ay, Aqil M\u0259h\u0259rr\u0259mov 4 il, Bab\u0259k H\u0259s\u0259nov is\u0259 3 il azadl\u0131qdan m\u0259hrum edilib. Vidadi R\u00fcst\u0259mli v\u0259 Ruslan N\u0259sirliy\u0259 \u015f\u0259rti c\u0259za verilib. Sonradan Ali M\u0259hk\u0259m\u0259 Saleh R\u00fcst\u0259mlinin c\u0259zas\u0131n\u0131 2 ay azald\u0131b.<br><\/p>\n\n\n\n<p>M\u0259hk\u0259m\u0259nin h\u00f6km\u00fcnd\u0259 Saleh R\u00fcst\u0259movun yax\u0131nlar\u0131na m\u0259xsus m\u0259nzil v\u0259 ba\u015fqa da\u015f\u0131nmaz \u0259mlaklar\u0131n, h\u0259tta atalar\u0131ndan qalma evin d\u0259 m\u00fcsadir\u0259 olunmas\u0131 \u0259ksini tap\u0131b.<br><\/p>\n\n\n\n<p>Bab\u0259k H\u0259s\u0259nov c\u0259zas\u0131n\u0131n ba\u015fa \u00e7atmas\u0131na iki ay qalm\u0131\u015f \u2013 mart\u0131n 17-d\u0259 imzalanan sonuncu \u0259fv s\u0259r\u0259ncam\u0131 il\u0259 azadl\u0131\u011fa burax\u0131ld\u0131.<br><\/p>\n\n\n\n<p>AXCP bu cinay\u0259t i\u015finin qondarma oldu\u011funu b\u0259yan edib, partiyaya qar\u015f\u0131 ill\u0259rdir davam ed\u0259n repressiyalar\u0131n davam\u0131 kimi qiym\u0259tl\u0259ndirib.<\/p>\n","protected":false},"excerpt":{"rendered":"<p>\u201cEl\u0259 durumdad\u0131r ki, h\u0259tta dan\u0131\u015fmaqda da \u00e7\u0259tinlik \u00e7\u0259kir, q\u0131r\u0131q-q\u0131r\u0131q s\u00f6zl\u0259r &#8230; <\/p>\n<p class=\"read-more-container\"><a title=\"Saleh R\u00fcst\u0259movun o\u011flu: \u201cAtam h\u0259ft\u0259 \u0259rzind\u0259 quru acl\u0131\u011fa ke\u00e7\u0259c\u0259yini deyib\u201d\" class=\"read-more button\" href=\"https:\/\/www.meydan.tv\/az\/article\/saleh-rustemovun-oglu-atam-hefte-erzinde-quru-acliga-kececeyini-deyib\/#more-226900\" aria-label=\"Read more about Saleh R\u00fcst\u0259movun o\u011flu: \u201cAtam h\u0259ft\u0259 \u0259rzind\u0259 quru acl\u0131\u011fa ke\u00e7\u0259c\u0259yini deyib\u201d\">Davam\u0131<\/a><\/p>\n","protected":false},"author":8,"featured_media":226437,"comment_status":"closed","ping_status":"closed","sticky":false,"template":"","format":"standard","meta":{"_acf_changed":false,"_sitemap_exclude":false,"_sitemap_priority":"","_sitemap_frequency":"","footnotes":""},"categories":[59,79,56],"tags":[],"class_list":["post-226900","post","type-post","status-publish","format-standard","has-post-thumbnail","hentry","category-siyaset","category-featured","category-xeberler","infinite-scroll-item","generate-columns","tablet-grid-50","mobile-grid-100","grid-parent","grid-33","no-featured-image-padding"],"acf":[],"yoast_head":"<!-- This site is optimized with the Yoast SEO plugin v27.4 - https:\/\/yoast.com\/product\/yoast-seo-wordpress\/ -->\n<title>Saleh R\u00fcst\u0259movun o\u011flu: \u201cAtam h\u0259ft\u0259 \u0259rzind\u0259 quru acl\u0131\u011fa ke\u00e7\u0259c\u0259yini deyib\u201d - MEYDAN.TV<\/title>\n<meta name=\"robots\" content=\"index, follow, max-snippet:-1, max-image-preview:large, max-video-preview:-1\" \/>\n<link rel=\"canonical\" href=\"https:\/\/www.meydan.tv\/az\/article\/saleh-rustemovun-oglu-atam-hefte-erzinde-quru-acliga-kececeyini-deyib\/\" \/>\n<meta property=\"og:locale\" content=\"az_AZ\" \/>\n<meta property=\"og:type\" content=\"article\" \/>\n<meta property=\"og:title\" content=\"Saleh R\u00fcst\u0259movun o\u011flu: \u201cAtam h\u0259ft\u0259 \u0259rzind\u0259 quru acl\u0131\u011fa ke\u00e7\u0259c\u0259yini deyib\u201d - MEYDAN.TV\" \/>\n<meta property=\"og:description\" content=\"\u201cEl\u0259 durumdad\u0131r ki, h\u0259tta dan\u0131\u015fmaqda da \u00e7\u0259tinlik \u00e7\u0259kir, q\u0131r\u0131q-q\u0131r\u0131q s\u00f6zl\u0259r ... Davam\u0131\" \/>\n<meta property=\"og:url\" content=\"https:\/\/www.meydan.tv\/az\/article\/saleh-rustemovun-oglu-atam-hefte-erzinde-quru-acliga-kececeyini-deyib\/\" \/>\n<meta property=\"og:site_name\" content=\"MEYDAN.TV\" \/>\n<meta property=\"article:published_time\" content=\"2021-11-22T11:46:29+00:00\" \/>\n<meta property=\"article:modified_time\" content=\"2021-11-22T11:47:31+00:00\" \/>\n<meta property=\"og:image\" content=\"https:\/\/www.meydan.tv\/wp-content\/uploads\/untitled_artwork__7_-scaled.jpg\" \/>\n\t<meta property=\"og:image:width\" content=\"2560\" \/>\n\t<meta property=\"og:image:height\" content=\"1707\" \/>\n\t<meta property=\"og:image:type\" content=\"image\/jpeg\" \/>\n<meta name=\"author\" content=\"elli\" \/>\n<meta name=\"twitter:card\" content=\"summary_large_image\" \/>\n<meta name=\"twitter:creator\" content=\"@elli\" \/>\n<script type=\"application\/ld+json\" class=\"yoast-schema-graph\">{\"@context\":\"https:\\\/\\\/schema.org\",\"@graph\":[{\"@type\":\"Article\",\"@id\":\"https:\\\/\\\/www.meydan.tv\\\/az\\\/article\\\/saleh-rustemovun-oglu-atam-hefte-erzinde-quru-acliga-kececeyini-deyib\\\/#article\",\"isPartOf\":{\"@id\":\"https:\\\/\\\/www.meydan.tv\\\/az\\\/article\\\/saleh-rustemovun-oglu-atam-hefte-erzinde-quru-acliga-kececeyini-deyib\\\/\"},\"author\":{\"name\":\"elli\",\"@id\":\"https:\\\/\\\/www.meydan.tv\\\/az\\\/#\\\/schema\\\/person\\\/9cdbecf90d17180ce1dfbd95b08dcf47\"},\"headline\":\"Saleh R\u00fcst\u0259movun o\u011flu: \u201cAtam h\u0259ft\u0259 \u0259rzind\u0259 quru acl\u0131\u011fa ke\u00e7\u0259c\u0259yini deyib\u201d\",\"datePublished\":\"2021-11-22T11:46:29+00:00\",\"dateModified\":\"2021-11-22T11:47:31+00:00\",\"mainEntityOfPage\":{\"@id\":\"https:\\\/\\\/www.meydan.tv\\\/az\\\/article\\\/saleh-rustemovun-oglu-atam-hefte-erzinde-quru-acliga-kececeyini-deyib\\\/\"},\"wordCount\":956,\"publisher\":{\"@id\":\"https:\\\/\\\/www.meydan.tv\\\/az\\\/#organization\"},\"image\":{\"@id\":\"https:\\\/\\\/www.meydan.tv\\\/az\\\/article\\\/saleh-rustemovun-oglu-atam-hefte-erzinde-quru-acliga-kececeyini-deyib\\\/#primaryimage\"},\"thumbnailUrl\":\"https:\\\/\\\/www.meydan.tv\\\/wp-content\\\/uploads\\\/untitled_artwork__7_-scaled-e1763558338626.jpg\",\"articleSection\":[\"Siyas\u0259t\",\"T\u00f6vsiy\u0259\",\"X\u0259b\u0259rl\u0259r\"],\"inLanguage\":\"az\"},{\"@type\":\"WebPage\",\"@id\":\"https:\\\/\\\/www.meydan.tv\\\/az\\\/article\\\/saleh-rustemovun-oglu-atam-hefte-erzinde-quru-acliga-kececeyini-deyib\\\/\",\"url\":\"https:\\\/\\\/www.meydan.tv\\\/az\\\/article\\\/saleh-rustemovun-oglu-atam-hefte-erzinde-quru-acliga-kececeyini-deyib\\\/\",\"name\":\"Saleh R\u00fcst\u0259movun o\u011flu: \u201cAtam h\u0259ft\u0259 \u0259rzind\u0259 quru acl\u0131\u011fa ke\u00e7\u0259c\u0259yini deyib\u201d - MEYDAN.TV\",\"isPartOf\":{\"@id\":\"https:\\\/\\\/www.meydan.tv\\\/az\\\/#website\"},\"primaryImageOfPage\":{\"@id\":\"https:\\\/\\\/www.meydan.tv\\\/az\\\/article\\\/saleh-rustemovun-oglu-atam-hefte-erzinde-quru-acliga-kececeyini-deyib\\\/#primaryimage\"},\"image\":{\"@id\":\"https:\\\/\\\/www.meydan.tv\\\/az\\\/article\\\/saleh-rustemovun-oglu-atam-hefte-erzinde-quru-acliga-kececeyini-deyib\\\/#primaryimage\"},\"thumbnailUrl\":\"https:\\\/\\\/www.meydan.tv\\\/wp-content\\\/uploads\\\/untitled_artwork__7_-scaled-e1763558338626.jpg\",\"datePublished\":\"2021-11-22T11:46:29+00:00\",\"dateModified\":\"2021-11-22T11:47:31+00:00\",\"breadcrumb\":{\"@id\":\"https:\\\/\\\/www.meydan.tv\\\/az\\\/article\\\/saleh-rustemovun-oglu-atam-hefte-erzinde-quru-acliga-kececeyini-deyib\\\/#breadcrumb\"},\"inLanguage\":\"az\",\"potentialAction\":[{\"@type\":\"ReadAction\",\"target\":[\"https:\\\/\\\/www.meydan.tv\\\/az\\\/article\\\/saleh-rustemovun-oglu-atam-hefte-erzinde-quru-acliga-kececeyini-deyib\\\/\"]}]},{\"@type\":\"ImageObject\",\"inLanguage\":\"az\",\"@id\":\"https:\\\/\\\/www.meydan.tv\\\/az\\\/article\\\/saleh-rustemovun-oglu-atam-hefte-erzinde-quru-acliga-kececeyini-deyib\\\/#primaryimage\",\"url\":\"https:\\\/\\\/www.meydan.tv\\\/wp-content\\\/uploads\\\/untitled_artwork__7_-scaled-e1763558338626.jpg\",\"contentUrl\":\"https:\\\/\\\/www.meydan.tv\\\/wp-content\\\/uploads\\\/untitled_artwork__7_-scaled-e1763558338626.jpg\",\"width\":1000,\"height\":585,\"caption\":\"Saleh R\u00fcst\u0259mov, Foto: Meydan TV\"},{\"@type\":\"BreadcrumbList\",\"@id\":\"https:\\\/\\\/www.meydan.tv\\\/az\\\/article\\\/saleh-rustemovun-oglu-atam-hefte-erzinde-quru-acliga-kececeyini-deyib\\\/#breadcrumb\",\"itemListElement\":[{\"@type\":\"ListItem\",\"position\":1,\"name\":\"Ana s\u0259hif\u0259\",\"item\":\"https:\\\/\\\/www.meydan.tv\\\/az\\\/\"},{\"@type\":\"ListItem\",\"position\":2,\"name\":\"Siyas\u0259t\",\"item\":\"https:\\\/\\\/www.meydan.tv\\\/az\\\/section\\\/siyaset\\\/\"},{\"@type\":\"ListItem\",\"position\":3,\"name\":\"Saleh R\u00fcst\u0259movun o\u011flu: \u201cAtam h\u0259ft\u0259 \u0259rzind\u0259 quru acl\u0131\u011fa ke\u00e7\u0259c\u0259yini deyib\u201d\"}]},{\"@type\":\"WebSite\",\"@id\":\"https:\\\/\\\/www.meydan.tv\\\/az\\\/#website\",\"url\":\"https:\\\/\\\/www.meydan.tv\\\/az\\\/\",\"name\":\"MEYDAN.TV\",\"description\":\"Meydan TV Az\u0259rbaycan\u0131n media m\u0259kan\u0131ndak\u0131 alternativ s\u0259sidir\",\"publisher\":{\"@id\":\"https:\\\/\\\/www.meydan.tv\\\/az\\\/#organization\"},\"potentialAction\":[{\"@type\":\"SearchAction\",\"target\":{\"@type\":\"EntryPoint\",\"urlTemplate\":\"https:\\\/\\\/www.meydan.tv\\\/az\\\/?s={search_term_string}\"},\"query-input\":{\"@type\":\"PropertyValueSpecification\",\"valueRequired\":true,\"valueName\":\"search_term_string\"}}],\"inLanguage\":\"az\"},{\"@type\":\"Organization\",\"@id\":\"https:\\\/\\\/www.meydan.tv\\\/az\\\/#organization\",\"name\":\"Meydan TV\",\"url\":\"https:\\\/\\\/www.meydan.tv\\\/az\\\/\",\"logo\":{\"@type\":\"ImageObject\",\"inLanguage\":\"az\",\"@id\":\"https:\\\/\\\/www.meydan.tv\\\/az\\\/#\\\/schema\\\/logo\\\/image\\\/\",\"url\":\"https:\\\/\\\/www.meydan.tv\\\/wp-content\\\/uploads\\\/2021\\\/07\\\/meydan-logo.svg\",\"contentUrl\":\"https:\\\/\\\/www.meydan.tv\\\/wp-content\\\/uploads\\\/2021\\\/07\\\/meydan-logo.svg\",\"width\":195,\"height\":46,\"caption\":\"Meydan TV\"},\"image\":{\"@id\":\"https:\\\/\\\/www.meydan.tv\\\/az\\\/#\\\/schema\\\/logo\\\/image\\\/\"}},{\"@type\":\"Person\",\"@id\":\"https:\\\/\\\/www.meydan.tv\\\/az\\\/#\\\/schema\\\/person\\\/9cdbecf90d17180ce1dfbd95b08dcf47\",\"name\":\"elli\",\"sameAs\":[\"https:\\\/\\\/x.com\\\/elli\"]}]}<\/script>\n<!-- \/ Yoast SEO plugin. -->","yoast_head_json":{"title":"Saleh R\u00fcst\u0259movun o\u011flu: \u201cAtam h\u0259ft\u0259 \u0259rzind\u0259 quru acl\u0131\u011fa ke\u00e7\u0259c\u0259yini deyib\u201d - MEYDAN.TV","robots":{"index":"index","follow":"follow","max-snippet":"max-snippet:-1","max-image-preview":"max-image-preview:large","max-video-preview":"max-video-preview:-1"},"canonical":"https:\/\/www.meydan.tv\/az\/article\/saleh-rustemovun-oglu-atam-hefte-erzinde-quru-acliga-kececeyini-deyib\/","og_locale":"az_AZ","og_type":"article","og_title":"Saleh R\u00fcst\u0259movun o\u011flu: \u201cAtam h\u0259ft\u0259 \u0259rzind\u0259 quru acl\u0131\u011fa ke\u00e7\u0259c\u0259yini deyib\u201d - MEYDAN.TV","og_description":"\u201cEl\u0259 durumdad\u0131r ki, h\u0259tta dan\u0131\u015fmaqda da \u00e7\u0259tinlik \u00e7\u0259kir, q\u0131r\u0131q-q\u0131r\u0131q s\u00f6zl\u0259r ... Davam\u0131","og_url":"https:\/\/www.meydan.tv\/az\/article\/saleh-rustemovun-oglu-atam-hefte-erzinde-quru-acliga-kececeyini-deyib\/","og_site_name":"MEYDAN.TV","article_published_time":"2021-11-22T11:46:29+00:00","article_modified_time":"2021-11-22T11:47:31+00:00","og_image":[{"width":2560,"height":1707,"url":"https:\/\/www.meydan.tv\/wp-content\/uploads\/untitled_artwork__7_-scaled.jpg","type":"image\/jpeg"}],"author":"elli","twitter_card":"summary_large_image","twitter_creator":"@elli","schema":{"@context":"https:\/\/schema.org","@graph":[{"@type":"Article","@id":"https:\/\/www.meydan.tv\/az\/article\/saleh-rustemovun-oglu-atam-hefte-erzinde-quru-acliga-kececeyini-deyib\/#article","isPartOf":{"@id":"https:\/\/www.meydan.tv\/az\/article\/saleh-rustemovun-oglu-atam-hefte-erzinde-quru-acliga-kececeyini-deyib\/"},"author":{"name":"elli","@id":"https:\/\/www.meydan.tv\/az\/#\/schema\/person\/9cdbecf90d17180ce1dfbd95b08dcf47"},"headline":"Saleh R\u00fcst\u0259movun o\u011flu: \u201cAtam h\u0259ft\u0259 \u0259rzind\u0259 quru acl\u0131\u011fa ke\u00e7\u0259c\u0259yini deyib\u201d","datePublished":"2021-11-22T11:46:29+00:00","dateModified":"2021-11-22T11:47:31+00:00","mainEntityOfPage":{"@id":"https:\/\/www.meydan.tv\/az\/article\/saleh-rustemovun-oglu-atam-hefte-erzinde-quru-acliga-kececeyini-deyib\/"},"wordCount":956,"publisher":{"@id":"https:\/\/www.meydan.tv\/az\/#organization"},"image":{"@id":"https:\/\/www.meydan.tv\/az\/article\/saleh-rustemovun-oglu-atam-hefte-erzinde-quru-acliga-kececeyini-deyib\/#primaryimage"},"thumbnailUrl":"https:\/\/www.meydan.tv\/wp-content\/uploads\/untitled_artwork__7_-scaled-e1763558338626.jpg","articleSection":["Siyas\u0259t","T\u00f6vsiy\u0259","X\u0259b\u0259rl\u0259r"],"inLanguage":"az"},{"@type":"WebPage","@id":"https:\/\/www.meydan.tv\/az\/article\/saleh-rustemovun-oglu-atam-hefte-erzinde-quru-acliga-kececeyini-deyib\/","url":"https:\/\/www.meydan.tv\/az\/article\/saleh-rustemovun-oglu-atam-hefte-erzinde-quru-acliga-kececeyini-deyib\/","name":"Saleh R\u00fcst\u0259movun o\u011flu: \u201cAtam h\u0259ft\u0259 \u0259rzind\u0259 quru acl\u0131\u011fa ke\u00e7\u0259c\u0259yini deyib\u201d - MEYDAN.TV","isPartOf":{"@id":"https:\/\/www.meydan.tv\/az\/#website"},"primaryImageOfPage":{"@id":"https:\/\/www.meydan.tv\/az\/article\/saleh-rustemovun-oglu-atam-hefte-erzinde-quru-acliga-kececeyini-deyib\/#primaryimage"},"image":{"@id":"https:\/\/www.meydan.tv\/az\/article\/saleh-rustemovun-oglu-atam-hefte-erzinde-quru-acliga-kececeyini-deyib\/#primaryimage"},"thumbnailUrl":"https:\/\/www.meydan.tv\/wp-content\/uploads\/untitled_artwork__7_-scaled-e1763558338626.jpg","datePublished":"2021-11-22T11:46:29+00:00","dateModified":"2021-11-22T11:47:31+00:00","breadcrumb":{"@id":"https:\/\/www.meydan.tv\/az\/article\/saleh-rustemovun-oglu-atam-hefte-erzinde-quru-acliga-kececeyini-deyib\/#breadcrumb"},"inLanguage":"az","potentialAction":[{"@type":"ReadAction","target":["https:\/\/www.meydan.tv\/az\/article\/saleh-rustemovun-oglu-atam-hefte-erzinde-quru-acliga-kececeyini-deyib\/"]}]},{"@type":"ImageObject","inLanguage":"az","@id":"https:\/\/www.meydan.tv\/az\/article\/saleh-rustemovun-oglu-atam-hefte-erzinde-quru-acliga-kececeyini-deyib\/#primaryimage","url":"https:\/\/www.meydan.tv\/wp-content\/uploads\/untitled_artwork__7_-scaled-e1763558338626.jpg","contentUrl":"https:\/\/www.meydan.tv\/wp-content\/uploads\/untitled_artwork__7_-scaled-e1763558338626.jpg","width":1000,"height":585,"caption":"Saleh R\u00fcst\u0259mov, Foto: Meydan TV"},{"@type":"BreadcrumbList","@id":"https:\/\/www.meydan.tv\/az\/article\/saleh-rustemovun-oglu-atam-hefte-erzinde-quru-acliga-kececeyini-deyib\/#breadcrumb","itemListElement":[{"@type":"ListItem","position":1,"name":"Ana s\u0259hif\u0259","item":"https:\/\/www.meydan.tv\/az\/"},{"@type":"ListItem","position":2,"name":"Siyas\u0259t","item":"https:\/\/www.meydan.tv\/az\/section\/siyaset\/"},{"@type":"ListItem","position":3,"name":"Saleh R\u00fcst\u0259movun o\u011flu: \u201cAtam h\u0259ft\u0259 \u0259rzind\u0259 quru acl\u0131\u011fa ke\u00e7\u0259c\u0259yini deyib\u201d"}]},{"@type":"WebSite","@id":"https:\/\/www.meydan.tv\/az\/#website","url":"https:\/\/www.meydan.tv\/az\/","name":"MEYDAN.TV","description":"Meydan TV Az\u0259rbaycan\u0131n media m\u0259kan\u0131ndak\u0131 alternativ s\u0259sidir","publisher":{"@id":"https:\/\/www.meydan.tv\/az\/#organization"},"potentialAction":[{"@type":"SearchAction","target":{"@type":"EntryPoint","urlTemplate":"https:\/\/www.meydan.tv\/az\/?s={search_term_string}"},"query-input":{"@type":"PropertyValueSpecification","valueRequired":true,"valueName":"search_term_string"}}],"inLanguage":"az"},{"@type":"Organization","@id":"https:\/\/www.meydan.tv\/az\/#organization","name":"Meydan TV","url":"https:\/\/www.meydan.tv\/az\/","logo":{"@type":"ImageObject","inLanguage":"az","@id":"https:\/\/www.meydan.tv\/az\/#\/schema\/logo\/image\/","url":"https:\/\/www.meydan.tv\/wp-content\/uploads\/2021\/07\/meydan-logo.svg","contentUrl":"https:\/\/www.meydan.tv\/wp-content\/uploads\/2021\/07\/meydan-logo.svg","width":195,"height":46,"caption":"Meydan TV"},"image":{"@id":"https:\/\/www.meydan.tv\/az\/#\/schema\/logo\/image\/"}},{"@type":"Person","@id":"https:\/\/www.meydan.tv\/az\/#\/schema\/person\/9cdbecf90d17180ce1dfbd95b08dcf47","name":"elli","sameAs":["https:\/\/x.com\/elli"]}]}},"_links":{"self":[{"href":"https:\/\/www.meydan.tv\/az\/wp-json\/wp\/v2\/posts\/226900","targetHints":{"allow":["GET"]}}],"collection":[{"href":"https:\/\/www.meydan.tv\/az\/wp-json\/wp\/v2\/posts"}],"about":[{"href":"https:\/\/www.meydan.tv\/az\/wp-json\/wp\/v2\/types\/post"}],"author":[{"embeddable":true,"href":"https:\/\/www.meydan.tv\/az\/wp-json\/wp\/v2\/users\/8"}],"replies":[{"embeddable":true,"href":"https:\/\/www.meydan.tv\/az\/wp-json\/wp\/v2\/comments?post=226900"}],"version-history":[{"count":2,"href":"https:\/\/www.meydan.tv\/az\/wp-json\/wp\/v2\/posts\/226900\/revisions"}],"predecessor-version":[{"id":226903,"href":"https:\/\/www.meydan.tv\/az\/wp-json\/wp\/v2\/posts\/226900\/revisions\/226903"}],"wp:featuredmedia":[{"embeddable":true,"href":"https:\/\/www.meydan.tv\/az\/wp-json\/wp\/v2\/media\/226437"}],"wp:attachment":[{"href":"https:\/\/www.meydan.tv\/az\/wp-json\/wp\/v2\/media?parent=226900"}],"wp:term":[{"taxonomy":"category","embeddable":true,"href":"https:\/\/www.meydan.tv\/az\/wp-json\/wp\/v2\/categories?post=226900"},{"taxonomy":"post_tag","embeddable":true,"href":"https:\/\/www.meydan.tv\/az\/wp-json\/wp\/v2\/tags?post=226900"}],"curies":[{"name":"wp","href":"https:\/\/api.w.org\/{rel}","templated":true}]}}