{"id":226880,"date":"2021-11-22T15:28:19","date_gmt":"2021-11-22T11:28:19","guid":{"rendered":"https:\/\/www.meydan.tv\/?p=226880"},"modified":"2021-11-22T15:34:36","modified_gmt":"2021-11-22T11:34:36","slug":"huquq-mudafiecileri-saleh-rustemovla-bagli-prezidentden-cavab-gozleyirler","status":"publish","type":"post","link":"https:\/\/www.meydan.tv\/az\/article\/huquq-mudafiecileri-saleh-rustemovla-bagli-prezidentden-cavab-gozleyirler\/","title":{"rendered":"H\u00fcquq m\u00fcdafi\u0259\u00e7il\u0259ri Saleh R\u00fcst\u0259movla ba\u011fl\u0131 Prezidentd\u0259n cavab g\u00f6zl\u0259yir"},"content":{"rendered":"\n<p>Sahib M\u0259mm\u0259dov: &#8220;Saleh R\u00fcst\u0259mlinin ac\u0131l\u0131q aksiyas\u0131 ke\u00e7irm\u0259si ictimai rezonans do\u011furan m\u0259s\u0259l\u0259dir&#8221;<br><\/p>\n\n\n\n<p>&#8220;Saleh R\u00fcst\u0259movla ba\u011fl\u0131 m\u00fcraci\u0259t\u0259 reaksiyan\u0131n tezlikl\u0259 veril\u0259c\u0259yini d\u00fc\u015f\u00fcnm\u00fcr\u0259m. B\u0259z\u0259n operativ reaksiyalar olur, amma m\u0259n e\u015fitm\u0259mi\u015f\u0259m&#8221;.<br><\/p>\n\n\n\n<p>Bunu Meydan TV-y\u0259 h\u00fcquq m\u00fcdafi\u0259\u00e7isi Sahib M\u0259mm\u0259dov haz\u0131rda acl\u0131q aksiyas\u0131 ke\u00e7ir\u0259n Saleh R\u00fcst\u0259movla ba\u011fl\u0131 noyabr\u0131n 19-da Prezident \u0130lham \u018fliyev\u0259 \u00fcnvanlad\u0131qlar\u0131 m\u00fcraci\u0259ti \u015f\u0259rh ed\u0259rk\u0259n deyib.<br><\/p>\n\n\n\n<p>Sahib M\u0259mm\u0259dov deyib ki, d\u00f6vl\u0259t ba\u015f\u00e7\u0131s\u0131na m\u00fcraci\u0259ti imzalayandan sonra aidiyyat\u0131 \u00fczr\u0259 g\u00f6nd\u0259rilm\u0259sini t\u0259klif edib, y\u0259ni m\u0259tbuatda yay\u0131lmas\u0131n\u0131n t\u0259r\u0259fdar\u0131 olmay\u0131b.<br><\/p>\n\n\n\n<p>Noyabr\u0131n 19-da bir qrup qeyri-h\u00f6kum\u0259t t\u0259\u015fkilat\u0131 (QHT) n\u00fcmay\u0259nd\u0259si, media r\u0259hb\u0259ri v\u0259 h\u00fcquq m\u00fcdafi\u0259\u00e7isi 13 sayl\u0131 C\u0259za\u00e7\u0259km\u0259 m\u00fc\u0259ssis\u0259sind\u0259 acl\u0131q aksiyas\u0131 ke\u00e7ir\u0259n Saleh R\u00fcst\u0259movla ba\u011fl\u0131 Prezident \u0130lham \u018fliyev\u0259 m\u00fcraci\u0259t <a href=\"https:\/\/www.meydan.tv\/az\/article\/bir-qrup-qht-saleh-rustemovla-bagli-ilham-eliyeve-muraciet-etdi\/\" target=\"_blank\" rel=\"noreferrer noopener\">edib<\/a>.<br><\/p>\n\n\n\n<p>Onlar bildiribl\u0259r ki, Penitensiar Xidm\u0259tin 13 sayl\u0131 C\u0259za\u00e7\u0259km\u0259 m\u00fc\u0259ssis\u0259sind\u0259 c\u0259za \u00e7\u0259k\u0259n m\u0259hbus Saleh R\u00fcst\u0259movun s\u0259hh\u0259tind\u0259 ciddi probleml\u0259r yaran\u0131b.<br><\/p>\n\n\n\n<p>Saleh R\u00fcst\u0259mov  17 g\u00fcnd\u00fcr acl\u0131q aksiyas\u0131 ke\u00e7irir.<br><\/p>\n\n\n\n<p>Noyabr\u0131n 22-d\u0259 m\u0259hbusla g\u00f6r\u00fc\u015f\u0259n v\u0259kil B\u0259hruz Bayramov onun durumunun a\u011f\u0131r oldu\u011funu a\u00e7\u0131qlay\u0131b.<br><\/p>\n\n\n\n<p>Sahib M\u0259mm\u0259dov Saleh R\u00fcst\u0259mlinin ac\u0131l\u0131q aksiyas\u0131 ke\u00e7irm\u0259sini ictimai rezonans do\u011furan m\u0259s\u0259l\u0259 say\u0131r: <\/p>\n\n\n\n<figure class=\"wp-block-image size-large\"><img decoding=\"async\" width=\"1200\" height=\"675\" data-src=\"https:\/\/www.meydan.tv\/wp-content\/uploads\/sahib_memmedov2-1200x675.jpg\" alt=\"\" class=\"wp-image-226886 lazyload\" src=\"data:image\/svg+xml;base64,PHN2ZyB3aWR0aD0iMSIgaGVpZ2h0PSIxIiB4bWxucz0iaHR0cDovL3d3dy53My5vcmcvMjAwMC9zdmciPjwvc3ZnPg==\" style=\"--smush-placeholder-width: 1200px; --smush-placeholder-aspect-ratio: 1200\/675;\" \/><figcaption>Sahib M\u0259mm\u0259dov, Foto: axar.az<\/figcaption><\/figure>\n\n\n\n<p>&#8220;Bel\u0259 m\u0259s\u0259l\u0259l\u0259rin m\u0259tbuatda yay\u0131lmas\u0131n\u0131 ist\u0259mir\u0259m. Amma m\u00fcraci\u0259t bir ne\u00e7\u0259 g\u00fcn \u0259vv\u0259l g\u00f6nd\u0259rilib. Reaksiya bel\u0259 olmal\u0131d\u0131r da: m\u00fcvafiq orqan m\u00fcraci\u0259tin \u00fcst\u00fcn yaz\u0131b aidiyyat\u0131 orqanlara g\u00f6nd\u0259rm\u0259lidir. Bu da zaman \u00e7\u0259k\u0259r. H\u0259r halda ictimai rezonans do\u011furan m\u0259s\u0259l\u0259dir ki, \u00f6lk\u0259nin bir qrup h\u00fcquq m\u00fcdafi\u0259\u00e7isi, ziyal\u0131lar\u0131, m\u0259tbuat n\u00fcmay\u0259nd\u0259l\u0259ri m\u0259hbusun ke\u00e7mi\u015f xidm\u0259tl\u0259ri n\u0259z\u0259r\u0259 al\u0131naraq humanist m\u00fcnasib\u0259t g\u00f6st\u0259rilm\u0259sini ist\u0259yib&#8221;.<\/p>\n\n\n\n<p><strong>Qulu M\u0259h\u0259rr\u0259mli: &#8220;Bu m\u0259s\u0259l\u0259y\u0259 ciddi yana\u015f\u0131lmal\u0131d\u0131r&#8221;<\/strong><br><\/p>\n\n\n\n<p>M\u00fcraci\u0259t\u0259 imza atanlardan telejurnalist Qulu M\u0259h\u0259rr\u0259mli bildirib ki, bu m\u0259s\u0259l\u0259y\u0259 ciddi yana\u015f\u0131lmal\u0131d\u0131r.<br>Onun s\u00f6zl\u0259rin\u0259 g\u00f6r\u0259, i\u015fl\u0259 m\u00fcraci\u0259ti haz\u0131rlayan T\u0259\u015fkilat Komit\u0259si m\u0259\u015f\u011ful olur: <\/p>\n\n\n\n<p>&#8220;Onlar m\u00fcraci\u0259ti Prezident\u0259 g\u00f6nd\u0259ribl\u0259r v\u0259 m\u00fc\u0259yy\u0259n adamlarla \u0259laq\u0259 saxlay\u0131rlar. G\u00fcman edir\u0259m ki, reaksiya olmal\u0131d\u0131r, \u00e7\u00fcnki tan\u0131nm\u0131\u015f siyasi fiqur \u0259sass\u0131z h\u0259bs olundu\u011fu \u00fc\u00e7\u00fcn acl\u0131q aksiyas\u0131 ke\u00e7irir. Ona g\u00f6r\u0259 hakimiyy\u0259t orqanlar\u0131n\u0131n m\u00fcnasib\u0259ti olmal\u0131d\u0131r&#8221;.<br><\/p>\n\n\n\n<figure class=\"wp-block-image size-large\"><img decoding=\"async\" width=\"1200\" height=\"800\" data-src=\"https:\/\/www.meydan.tv\/wp-content\/uploads\/qulu-meherremli-6-1200x800.jpg\" alt=\"\" class=\"wp-image-226881 lazyload\" src=\"data:image\/svg+xml;base64,PHN2ZyB3aWR0aD0iMSIgaGVpZ2h0PSIxIiB4bWxucz0iaHR0cDovL3d3dy53My5vcmcvMjAwMC9zdmciPjwvc3ZnPg==\" style=\"--smush-placeholder-width: 1200px; --smush-placeholder-aspect-ratio: 1200\/800;\" \/><figcaption>Qulu M\u0259h\u0259rr\u0259mli, Foto: Meydan TV<\/figcaption><\/figure>\n\n\n\n<p><strong>Novella C\u0259f\u0259ro\u011flu: &#8220;Saleh R\u00fcst\u0259movla ba\u011fl\u0131 Prezident\u0259 m\u00fcraci\u0259timiz\u0259 cavab g\u00f6zl\u0259yirik&#8221;<br><\/strong><\/p>\n\n\n\n<p>H\u00fcquq m\u00fcdafi\u0259\u00e7isi Novella C\u0259f\u0259ro\u011flu is\u0259 deyir ki, m\u00fcraci\u0259t\u0259 cavab g\u00f6zl\u0259yirl\u0259r: <\/p>\n\n\n\n<p>&#8220;Biz Saleh R\u00fcst\u0259movun amnistiyaya sal\u0131nmas\u0131n\u0131 ist\u0259yirik. \u0130mkan daxilind\u0259 b\u00fct\u00fcn vasit\u0259l\u0259ri i\u015f\u0259 salm\u0131\u015f\u0131q, g\u00f6r\u00fc\u015fl\u0259r ke\u00e7irdirik, dan\u0131\u015f\u0131qlar apar\u0131r\u0131q. \u018fmin\u0259m ki, Saleh b\u0259yin azad olunmas\u0131na nail olaca\u011f\u0131q&#8221;.<br><\/p>\n\n\n\n<p>&#8220;Bildiyimiz\u0259 g\u00f6r\u0259, Saleh R\u00fcst\u0259mov h\u0259kim n\u0259zar\u0259tind\u0259dir, Penitensiar Xidm\u0259tl\u0259 h\u0259r g\u00fcn \u0259laq\u0259l\u0259rimiz var. Ombudsmanla da dan\u0131\u015f\u0131b v\u0259ziyy\u0259ti diqq\u0259tin\u0259 \u00e7atd\u0131rm\u0131\u015f\u0131q&#8221;, &#8211; Novella C\u0259f\u0259ro\u011flu bel\u0259 deyir.<br><\/p>\n\n\n\n<figure class=\"wp-block-image size-full\"><img decoding=\"async\" width=\"1200\" height=\"800\" data-src=\"https:\/\/www.meydan.tv\/wp-content\/uploads\/novella_ceferoglu_5.jpg\" alt=\"\" class=\"wp-image-226889 lazyload\" src=\"data:image\/svg+xml;base64,PHN2ZyB3aWR0aD0iMSIgaGVpZ2h0PSIxIiB4bWxucz0iaHR0cDovL3d3dy53My5vcmcvMjAwMC9zdmciPjwvc3ZnPg==\" style=\"--smush-placeholder-width: 1200px; --smush-placeholder-aspect-ratio: 1200\/800;\" \/><figcaption>Novella C\u0259f\u0259ro\u011flu, Foto: Teleqraf.com<\/figcaption><\/figure>\n\n\n\n<p>M\u0259s\u0259l\u0259yl\u0259 ba\u011fl\u0131 Penitensiar Xidm\u0259t v\u0259 \u018fdliyy\u0259 Nazirliyinin Tibb Ba\u015f \u0130dar\u0259sind\u0259n m\u00fcnasib\u0259t almaq m\u00fcmk\u00fcn olmay\u0131b.<br><\/p>\n\n\n\n<p>Saleh R\u00fcst\u0259mov 1998-ci ild\u0259n Rusiyada ya\u015fay\u0131b.<br><\/p>\n\n\n\n<p>2018-ci ild\u0259 yax\u0131nlar\u0131n\u0131 g\u00f6rm\u0259k \u00fc\u00e7\u00fcn Az\u0259rbaycana g\u0259l\u0259n R\u00fcst\u0259mov \u015e\u0259mkird\u0259 saxlan\u0131l\u0131b.<br><\/p>\n\n\n\n<p>Bak\u0131ya \u2013 Ba\u015f M\u00fct\u0259\u015f\u0259kkil Cinay\u0259tkarl\u0131qla M\u00fcbariz\u0259 \u0130dar\u0259sin\u0259 g\u0259tiril\u0259n Saleh R\u00fcst\u0259mova qar\u015f\u0131 narkotik ittiham\u0131 ir\u0259li s\u00fcr\u00fcl\u00fcb.<br><\/p>\n\n\n\n<p>\u0130ki g\u00fcn sonra onun qarda\u015f\u0131 o\u011flu Vidadi R\u00fcst\u0259mov d\u0259 eyni ittihamla saxlan\u0131l\u0131b.<br><\/p>\n\n\n\n<p>Onlar bu idar\u0259d\u0259 20 g\u00fcn\u0259 yax\u0131n i\u015fg\u0259nc\u0259y\u0259 m\u0259ruz qald\u0131qlar\u0131n\u0131 bildiribl\u0259r.<br><\/p>\n\n\n\n<p>Ba\u015f Prokurorluq v\u0259 Daxili \u0130\u015fl\u0259r Nazirliyinin (D\u0130N) yayd\u0131\u011f\u0131 birg\u0259 m\u0259lumatda iddia olunub ki, onlar \u00e7irkli pul v\u0259saitl\u0259rini leqalla\u015fd\u0131rmaqda ittiham olunurlar. Amma Saleh R\u00fcst\u0259mov ittiham\u0131 r\u0259dd edib.<br><\/p>\n\n\n\n<p>O bildirib ki, uzun ill\u0259r Xalq C\u0259bh\u0259sinin \u00fczv\u00fc olub.<br><\/p>\n\n\n\n<p>Rusiyada h\u0259m \u00f6z\u00fc, h\u0259m d\u0259 dig\u0259r az\u0259rbaycanl\u0131lar qazanclar\u0131ndan siyasi m\u0259hbuslar\u0131n ail\u0259l\u0259rin\u0259 yard\u0131m m\u0259qs\u0259dil\u0259 pul g\u00f6nd\u0259ribl\u0259r.<br><\/p>\n\n\n\n<p>Bak\u0131 A\u011f\u0131r Cinay\u0259tl\u0259r M\u0259hk\u0259m\u0259sinin h\u00f6km\u00fc il\u0259 Saleh R\u00fcst\u0259mov 7 il 3 ay azadl\u0131qdan m\u0259hrum edilib.<br><\/p>\n\n\n\n<p>Vidadi R\u00fcst\u0259mova is\u0259 \u015f\u0259rti c\u0259za verilib. Sonradan Ali M\u0259hk\u0259m\u0259 Saleh R\u00fcst\u0259movun c\u0259zas\u0131n\u0131 2 ay azald\u0131b.<br><\/p>\n\n\n\n<p>M\u0259hk\u0259m\u0259nin h\u00f6km\u00fcnd\u0259 Saleh R\u00fcst\u0259movun yax\u0131nlar\u0131na m\u0259xsus m\u0259nzil v\u0259 ba\u015fqa da\u015f\u0131nmaz \u0259mlaklar\u0131n, h\u0259tta atalar\u0131ndan qalma evin d\u0259 m\u00fcsadir\u0259 olunmas\u0131 \u0259ksini tap\u0131b.<\/p>\n","protected":false},"excerpt":{"rendered":"<p>Sahib M\u0259mm\u0259dov: &#8220;Saleh R\u00fcst\u0259mlinin ac\u0131l\u0131q aksiyas\u0131 ke\u00e7irm\u0259si ictimai rezonans do\u011furan &#8230; <\/p>\n<p class=\"read-more-container\"><a title=\"H\u00fcquq m\u00fcdafi\u0259\u00e7il\u0259ri Saleh R\u00fcst\u0259movla ba\u011fl\u0131 Prezidentd\u0259n cavab g\u00f6zl\u0259yir\" class=\"read-more button\" href=\"https:\/\/www.meydan.tv\/az\/article\/huquq-mudafiecileri-saleh-rustemovla-bagli-prezidentden-cavab-gozleyirler\/#more-226880\" aria-label=\"Read more about H\u00fcquq m\u00fcdafi\u0259\u00e7il\u0259ri Saleh R\u00fcst\u0259movla ba\u011fl\u0131 Prezidentd\u0259n cavab g\u00f6zl\u0259yir\">Davam\u0131<\/a><\/p>\n","protected":false},"author":8,"featured_media":226437,"comment_status":"closed","ping_status":"closed","sticky":false,"template":"","format":"standard","meta":{"_acf_changed":false,"_sitemap_exclude":false,"_sitemap_priority":"","_sitemap_frequency":"","footnotes":""},"categories":[59,79,56],"tags":[],"class_list":["post-226880","post","type-post","status-publish","format-standard","has-post-thumbnail","hentry","category-siyaset","category-featured","category-xeberler","infinite-scroll-item","generate-columns","tablet-grid-50","mobile-grid-100","grid-parent","grid-33","no-featured-image-padding"],"acf":[],"yoast_head":"<!-- This site is optimized with the Yoast SEO plugin v27.4 - https:\/\/yoast.com\/product\/yoast-seo-wordpress\/ -->\n<title>H\u00fcquq m\u00fcdafi\u0259\u00e7il\u0259ri Saleh R\u00fcst\u0259movla ba\u011fl\u0131 Prezidentd\u0259n cavab g\u00f6zl\u0259yir - MEYDAN.TV<\/title>\n<meta name=\"robots\" content=\"index, follow, max-snippet:-1, max-image-preview:large, max-video-preview:-1\" \/>\n<link rel=\"canonical\" href=\"https:\/\/www.meydan.tv\/az\/article\/huquq-mudafiecileri-saleh-rustemovla-bagli-prezidentden-cavab-gozleyirler\/\" \/>\n<meta property=\"og:locale\" content=\"az_AZ\" \/>\n<meta property=\"og:type\" content=\"article\" \/>\n<meta property=\"og:title\" content=\"H\u00fcquq m\u00fcdafi\u0259\u00e7il\u0259ri Saleh R\u00fcst\u0259movla ba\u011fl\u0131 Prezidentd\u0259n cavab g\u00f6zl\u0259yir - MEYDAN.TV\" \/>\n<meta property=\"og:description\" content=\"Sahib M\u0259mm\u0259dov: &#8220;Saleh R\u00fcst\u0259mlinin ac\u0131l\u0131q aksiyas\u0131 ke\u00e7irm\u0259si ictimai rezonans do\u011furan ... Davam\u0131\" \/>\n<meta property=\"og:url\" content=\"https:\/\/www.meydan.tv\/az\/article\/huquq-mudafiecileri-saleh-rustemovla-bagli-prezidentden-cavab-gozleyirler\/\" \/>\n<meta property=\"og:site_name\" content=\"MEYDAN.TV\" \/>\n<meta property=\"article:published_time\" content=\"2021-11-22T11:28:19+00:00\" \/>\n<meta property=\"article:modified_time\" content=\"2021-11-22T11:34:36+00:00\" \/>\n<meta property=\"og:image\" content=\"https:\/\/www.meydan.tv\/wp-content\/uploads\/untitled_artwork__7_-scaled.jpg\" \/>\n\t<meta property=\"og:image:width\" content=\"2560\" \/>\n\t<meta property=\"og:image:height\" content=\"1707\" \/>\n\t<meta property=\"og:image:type\" content=\"image\/jpeg\" \/>\n<meta name=\"author\" content=\"elli\" \/>\n<meta name=\"twitter:card\" content=\"summary_large_image\" \/>\n<meta name=\"twitter:creator\" content=\"@elli\" \/>\n<script type=\"application\/ld+json\" class=\"yoast-schema-graph\">{\"@context\":\"https:\\\/\\\/schema.org\",\"@graph\":[{\"@type\":\"Article\",\"@id\":\"https:\\\/\\\/www.meydan.tv\\\/az\\\/article\\\/huquq-mudafiecileri-saleh-rustemovla-bagli-prezidentden-cavab-gozleyirler\\\/#article\",\"isPartOf\":{\"@id\":\"https:\\\/\\\/www.meydan.tv\\\/az\\\/article\\\/huquq-mudafiecileri-saleh-rustemovla-bagli-prezidentden-cavab-gozleyirler\\\/\"},\"author\":{\"name\":\"elli\",\"@id\":\"https:\\\/\\\/www.meydan.tv\\\/az\\\/#\\\/schema\\\/person\\\/9cdbecf90d17180ce1dfbd95b08dcf47\"},\"headline\":\"H\u00fcquq m\u00fcdafi\u0259\u00e7il\u0259ri Saleh R\u00fcst\u0259movla ba\u011fl\u0131 Prezidentd\u0259n cavab g\u00f6zl\u0259yir\",\"datePublished\":\"2021-11-22T11:28:19+00:00\",\"dateModified\":\"2021-11-22T11:34:36+00:00\",\"mainEntityOfPage\":{\"@id\":\"https:\\\/\\\/www.meydan.tv\\\/az\\\/article\\\/huquq-mudafiecileri-saleh-rustemovla-bagli-prezidentden-cavab-gozleyirler\\\/\"},\"wordCount\":957,\"publisher\":{\"@id\":\"https:\\\/\\\/www.meydan.tv\\\/az\\\/#organization\"},\"image\":{\"@id\":\"https:\\\/\\\/www.meydan.tv\\\/az\\\/article\\\/huquq-mudafiecileri-saleh-rustemovla-bagli-prezidentden-cavab-gozleyirler\\\/#primaryimage\"},\"thumbnailUrl\":\"https:\\\/\\\/www.meydan.tv\\\/wp-content\\\/uploads\\\/untitled_artwork__7_-scaled-e1763558338626.jpg\",\"articleSection\":[\"Siyas\u0259t\",\"T\u00f6vsiy\u0259\",\"X\u0259b\u0259rl\u0259r\"],\"inLanguage\":\"az\"},{\"@type\":\"WebPage\",\"@id\":\"https:\\\/\\\/www.meydan.tv\\\/az\\\/article\\\/huquq-mudafiecileri-saleh-rustemovla-bagli-prezidentden-cavab-gozleyirler\\\/\",\"url\":\"https:\\\/\\\/www.meydan.tv\\\/az\\\/article\\\/huquq-mudafiecileri-saleh-rustemovla-bagli-prezidentden-cavab-gozleyirler\\\/\",\"name\":\"H\u00fcquq m\u00fcdafi\u0259\u00e7il\u0259ri Saleh R\u00fcst\u0259movla ba\u011fl\u0131 Prezidentd\u0259n cavab g\u00f6zl\u0259yir - MEYDAN.TV\",\"isPartOf\":{\"@id\":\"https:\\\/\\\/www.meydan.tv\\\/az\\\/#website\"},\"primaryImageOfPage\":{\"@id\":\"https:\\\/\\\/www.meydan.tv\\\/az\\\/article\\\/huquq-mudafiecileri-saleh-rustemovla-bagli-prezidentden-cavab-gozleyirler\\\/#primaryimage\"},\"image\":{\"@id\":\"https:\\\/\\\/www.meydan.tv\\\/az\\\/article\\\/huquq-mudafiecileri-saleh-rustemovla-bagli-prezidentden-cavab-gozleyirler\\\/#primaryimage\"},\"thumbnailUrl\":\"https:\\\/\\\/www.meydan.tv\\\/wp-content\\\/uploads\\\/untitled_artwork__7_-scaled-e1763558338626.jpg\",\"datePublished\":\"2021-11-22T11:28:19+00:00\",\"dateModified\":\"2021-11-22T11:34:36+00:00\",\"breadcrumb\":{\"@id\":\"https:\\\/\\\/www.meydan.tv\\\/az\\\/article\\\/huquq-mudafiecileri-saleh-rustemovla-bagli-prezidentden-cavab-gozleyirler\\\/#breadcrumb\"},\"inLanguage\":\"az\",\"potentialAction\":[{\"@type\":\"ReadAction\",\"target\":[\"https:\\\/\\\/www.meydan.tv\\\/az\\\/article\\\/huquq-mudafiecileri-saleh-rustemovla-bagli-prezidentden-cavab-gozleyirler\\\/\"]}]},{\"@type\":\"ImageObject\",\"inLanguage\":\"az\",\"@id\":\"https:\\\/\\\/www.meydan.tv\\\/az\\\/article\\\/huquq-mudafiecileri-saleh-rustemovla-bagli-prezidentden-cavab-gozleyirler\\\/#primaryimage\",\"url\":\"https:\\\/\\\/www.meydan.tv\\\/wp-content\\\/uploads\\\/untitled_artwork__7_-scaled-e1763558338626.jpg\",\"contentUrl\":\"https:\\\/\\\/www.meydan.tv\\\/wp-content\\\/uploads\\\/untitled_artwork__7_-scaled-e1763558338626.jpg\",\"width\":1000,\"height\":585,\"caption\":\"Saleh R\u00fcst\u0259mov, Foto: Meydan TV\"},{\"@type\":\"BreadcrumbList\",\"@id\":\"https:\\\/\\\/www.meydan.tv\\\/az\\\/article\\\/huquq-mudafiecileri-saleh-rustemovla-bagli-prezidentden-cavab-gozleyirler\\\/#breadcrumb\",\"itemListElement\":[{\"@type\":\"ListItem\",\"position\":1,\"name\":\"Ana s\u0259hif\u0259\",\"item\":\"https:\\\/\\\/www.meydan.tv\\\/az\\\/\"},{\"@type\":\"ListItem\",\"position\":2,\"name\":\"Siyas\u0259t\",\"item\":\"https:\\\/\\\/www.meydan.tv\\\/az\\\/section\\\/siyaset\\\/\"},{\"@type\":\"ListItem\",\"position\":3,\"name\":\"H\u00fcquq m\u00fcdafi\u0259\u00e7il\u0259ri Saleh R\u00fcst\u0259movla ba\u011fl\u0131 Prezidentd\u0259n cavab g\u00f6zl\u0259yir\"}]},{\"@type\":\"WebSite\",\"@id\":\"https:\\\/\\\/www.meydan.tv\\\/az\\\/#website\",\"url\":\"https:\\\/\\\/www.meydan.tv\\\/az\\\/\",\"name\":\"MEYDAN.TV\",\"description\":\"Meydan TV Az\u0259rbaycan\u0131n media m\u0259kan\u0131ndak\u0131 alternativ s\u0259sidir\",\"publisher\":{\"@id\":\"https:\\\/\\\/www.meydan.tv\\\/az\\\/#organization\"},\"potentialAction\":[{\"@type\":\"SearchAction\",\"target\":{\"@type\":\"EntryPoint\",\"urlTemplate\":\"https:\\\/\\\/www.meydan.tv\\\/az\\\/?s={search_term_string}\"},\"query-input\":{\"@type\":\"PropertyValueSpecification\",\"valueRequired\":true,\"valueName\":\"search_term_string\"}}],\"inLanguage\":\"az\"},{\"@type\":\"Organization\",\"@id\":\"https:\\\/\\\/www.meydan.tv\\\/az\\\/#organization\",\"name\":\"Meydan TV\",\"url\":\"https:\\\/\\\/www.meydan.tv\\\/az\\\/\",\"logo\":{\"@type\":\"ImageObject\",\"inLanguage\":\"az\",\"@id\":\"https:\\\/\\\/www.meydan.tv\\\/az\\\/#\\\/schema\\\/logo\\\/image\\\/\",\"url\":\"https:\\\/\\\/www.meydan.tv\\\/wp-content\\\/uploads\\\/2021\\\/07\\\/meydan-logo.svg\",\"contentUrl\":\"https:\\\/\\\/www.meydan.tv\\\/wp-content\\\/uploads\\\/2021\\\/07\\\/meydan-logo.svg\",\"width\":195,\"height\":46,\"caption\":\"Meydan TV\"},\"image\":{\"@id\":\"https:\\\/\\\/www.meydan.tv\\\/az\\\/#\\\/schema\\\/logo\\\/image\\\/\"}},{\"@type\":\"Person\",\"@id\":\"https:\\\/\\\/www.meydan.tv\\\/az\\\/#\\\/schema\\\/person\\\/9cdbecf90d17180ce1dfbd95b08dcf47\",\"name\":\"elli\",\"sameAs\":[\"https:\\\/\\\/x.com\\\/elli\"]}]}<\/script>\n<!-- \/ Yoast SEO plugin. -->","yoast_head_json":{"title":"H\u00fcquq m\u00fcdafi\u0259\u00e7il\u0259ri Saleh R\u00fcst\u0259movla ba\u011fl\u0131 Prezidentd\u0259n cavab g\u00f6zl\u0259yir - MEYDAN.TV","robots":{"index":"index","follow":"follow","max-snippet":"max-snippet:-1","max-image-preview":"max-image-preview:large","max-video-preview":"max-video-preview:-1"},"canonical":"https:\/\/www.meydan.tv\/az\/article\/huquq-mudafiecileri-saleh-rustemovla-bagli-prezidentden-cavab-gozleyirler\/","og_locale":"az_AZ","og_type":"article","og_title":"H\u00fcquq m\u00fcdafi\u0259\u00e7il\u0259ri Saleh R\u00fcst\u0259movla ba\u011fl\u0131 Prezidentd\u0259n cavab g\u00f6zl\u0259yir - MEYDAN.TV","og_description":"Sahib M\u0259mm\u0259dov: &#8220;Saleh R\u00fcst\u0259mlinin ac\u0131l\u0131q aksiyas\u0131 ke\u00e7irm\u0259si ictimai rezonans do\u011furan ... Davam\u0131","og_url":"https:\/\/www.meydan.tv\/az\/article\/huquq-mudafiecileri-saleh-rustemovla-bagli-prezidentden-cavab-gozleyirler\/","og_site_name":"MEYDAN.TV","article_published_time":"2021-11-22T11:28:19+00:00","article_modified_time":"2021-11-22T11:34:36+00:00","og_image":[{"width":2560,"height":1707,"url":"https:\/\/www.meydan.tv\/wp-content\/uploads\/untitled_artwork__7_-scaled.jpg","type":"image\/jpeg"}],"author":"elli","twitter_card":"summary_large_image","twitter_creator":"@elli","schema":{"@context":"https:\/\/schema.org","@graph":[{"@type":"Article","@id":"https:\/\/www.meydan.tv\/az\/article\/huquq-mudafiecileri-saleh-rustemovla-bagli-prezidentden-cavab-gozleyirler\/#article","isPartOf":{"@id":"https:\/\/www.meydan.tv\/az\/article\/huquq-mudafiecileri-saleh-rustemovla-bagli-prezidentden-cavab-gozleyirler\/"},"author":{"name":"elli","@id":"https:\/\/www.meydan.tv\/az\/#\/schema\/person\/9cdbecf90d17180ce1dfbd95b08dcf47"},"headline":"H\u00fcquq m\u00fcdafi\u0259\u00e7il\u0259ri Saleh R\u00fcst\u0259movla ba\u011fl\u0131 Prezidentd\u0259n cavab g\u00f6zl\u0259yir","datePublished":"2021-11-22T11:28:19+00:00","dateModified":"2021-11-22T11:34:36+00:00","mainEntityOfPage":{"@id":"https:\/\/www.meydan.tv\/az\/article\/huquq-mudafiecileri-saleh-rustemovla-bagli-prezidentden-cavab-gozleyirler\/"},"wordCount":957,"publisher":{"@id":"https:\/\/www.meydan.tv\/az\/#organization"},"image":{"@id":"https:\/\/www.meydan.tv\/az\/article\/huquq-mudafiecileri-saleh-rustemovla-bagli-prezidentden-cavab-gozleyirler\/#primaryimage"},"thumbnailUrl":"https:\/\/www.meydan.tv\/wp-content\/uploads\/untitled_artwork__7_-scaled-e1763558338626.jpg","articleSection":["Siyas\u0259t","T\u00f6vsiy\u0259","X\u0259b\u0259rl\u0259r"],"inLanguage":"az"},{"@type":"WebPage","@id":"https:\/\/www.meydan.tv\/az\/article\/huquq-mudafiecileri-saleh-rustemovla-bagli-prezidentden-cavab-gozleyirler\/","url":"https:\/\/www.meydan.tv\/az\/article\/huquq-mudafiecileri-saleh-rustemovla-bagli-prezidentden-cavab-gozleyirler\/","name":"H\u00fcquq m\u00fcdafi\u0259\u00e7il\u0259ri Saleh R\u00fcst\u0259movla ba\u011fl\u0131 Prezidentd\u0259n cavab g\u00f6zl\u0259yir - MEYDAN.TV","isPartOf":{"@id":"https:\/\/www.meydan.tv\/az\/#website"},"primaryImageOfPage":{"@id":"https:\/\/www.meydan.tv\/az\/article\/huquq-mudafiecileri-saleh-rustemovla-bagli-prezidentden-cavab-gozleyirler\/#primaryimage"},"image":{"@id":"https:\/\/www.meydan.tv\/az\/article\/huquq-mudafiecileri-saleh-rustemovla-bagli-prezidentden-cavab-gozleyirler\/#primaryimage"},"thumbnailUrl":"https:\/\/www.meydan.tv\/wp-content\/uploads\/untitled_artwork__7_-scaled-e1763558338626.jpg","datePublished":"2021-11-22T11:28:19+00:00","dateModified":"2021-11-22T11:34:36+00:00","breadcrumb":{"@id":"https:\/\/www.meydan.tv\/az\/article\/huquq-mudafiecileri-saleh-rustemovla-bagli-prezidentden-cavab-gozleyirler\/#breadcrumb"},"inLanguage":"az","potentialAction":[{"@type":"ReadAction","target":["https:\/\/www.meydan.tv\/az\/article\/huquq-mudafiecileri-saleh-rustemovla-bagli-prezidentden-cavab-gozleyirler\/"]}]},{"@type":"ImageObject","inLanguage":"az","@id":"https:\/\/www.meydan.tv\/az\/article\/huquq-mudafiecileri-saleh-rustemovla-bagli-prezidentden-cavab-gozleyirler\/#primaryimage","url":"https:\/\/www.meydan.tv\/wp-content\/uploads\/untitled_artwork__7_-scaled-e1763558338626.jpg","contentUrl":"https:\/\/www.meydan.tv\/wp-content\/uploads\/untitled_artwork__7_-scaled-e1763558338626.jpg","width":1000,"height":585,"caption":"Saleh R\u00fcst\u0259mov, Foto: Meydan TV"},{"@type":"BreadcrumbList","@id":"https:\/\/www.meydan.tv\/az\/article\/huquq-mudafiecileri-saleh-rustemovla-bagli-prezidentden-cavab-gozleyirler\/#breadcrumb","itemListElement":[{"@type":"ListItem","position":1,"name":"Ana s\u0259hif\u0259","item":"https:\/\/www.meydan.tv\/az\/"},{"@type":"ListItem","position":2,"name":"Siyas\u0259t","item":"https:\/\/www.meydan.tv\/az\/section\/siyaset\/"},{"@type":"ListItem","position":3,"name":"H\u00fcquq m\u00fcdafi\u0259\u00e7il\u0259ri Saleh R\u00fcst\u0259movla ba\u011fl\u0131 Prezidentd\u0259n cavab g\u00f6zl\u0259yir"}]},{"@type":"WebSite","@id":"https:\/\/www.meydan.tv\/az\/#website","url":"https:\/\/www.meydan.tv\/az\/","name":"MEYDAN.TV","description":"Meydan TV Az\u0259rbaycan\u0131n media m\u0259kan\u0131ndak\u0131 alternativ s\u0259sidir","publisher":{"@id":"https:\/\/www.meydan.tv\/az\/#organization"},"potentialAction":[{"@type":"SearchAction","target":{"@type":"EntryPoint","urlTemplate":"https:\/\/www.meydan.tv\/az\/?s={search_term_string}"},"query-input":{"@type":"PropertyValueSpecification","valueRequired":true,"valueName":"search_term_string"}}],"inLanguage":"az"},{"@type":"Organization","@id":"https:\/\/www.meydan.tv\/az\/#organization","name":"Meydan TV","url":"https:\/\/www.meydan.tv\/az\/","logo":{"@type":"ImageObject","inLanguage":"az","@id":"https:\/\/www.meydan.tv\/az\/#\/schema\/logo\/image\/","url":"https:\/\/www.meydan.tv\/wp-content\/uploads\/2021\/07\/meydan-logo.svg","contentUrl":"https:\/\/www.meydan.tv\/wp-content\/uploads\/2021\/07\/meydan-logo.svg","width":195,"height":46,"caption":"Meydan TV"},"image":{"@id":"https:\/\/www.meydan.tv\/az\/#\/schema\/logo\/image\/"}},{"@type":"Person","@id":"https:\/\/www.meydan.tv\/az\/#\/schema\/person\/9cdbecf90d17180ce1dfbd95b08dcf47","name":"elli","sameAs":["https:\/\/x.com\/elli"]}]}},"_links":{"self":[{"href":"https:\/\/www.meydan.tv\/az\/wp-json\/wp\/v2\/posts\/226880","targetHints":{"allow":["GET"]}}],"collection":[{"href":"https:\/\/www.meydan.tv\/az\/wp-json\/wp\/v2\/posts"}],"about":[{"href":"https:\/\/www.meydan.tv\/az\/wp-json\/wp\/v2\/types\/post"}],"author":[{"embeddable":true,"href":"https:\/\/www.meydan.tv\/az\/wp-json\/wp\/v2\/users\/8"}],"replies":[{"embeddable":true,"href":"https:\/\/www.meydan.tv\/az\/wp-json\/wp\/v2\/comments?post=226880"}],"version-history":[{"count":4,"href":"https:\/\/www.meydan.tv\/az\/wp-json\/wp\/v2\/posts\/226880\/revisions"}],"predecessor-version":[{"id":226899,"href":"https:\/\/www.meydan.tv\/az\/wp-json\/wp\/v2\/posts\/226880\/revisions\/226899"}],"wp:featuredmedia":[{"embeddable":true,"href":"https:\/\/www.meydan.tv\/az\/wp-json\/wp\/v2\/media\/226437"}],"wp:attachment":[{"href":"https:\/\/www.meydan.tv\/az\/wp-json\/wp\/v2\/media?parent=226880"}],"wp:term":[{"taxonomy":"category","embeddable":true,"href":"https:\/\/www.meydan.tv\/az\/wp-json\/wp\/v2\/categories?post=226880"},{"taxonomy":"post_tag","embeddable":true,"href":"https:\/\/www.meydan.tv\/az\/wp-json\/wp\/v2\/tags?post=226880"}],"curies":[{"name":"wp","href":"https:\/\/api.w.org\/{rel}","templated":true}]}}