{"id":226857,"date":"2021-11-21T10:19:20","date_gmt":"2021-11-21T06:19:20","guid":{"rendered":"https:\/\/www.meydan.tv\/?p=226857"},"modified":"2021-11-21T10:19:22","modified_gmt":"2021-11-21T06:19:22","slug":"azerbaycan-huququ-felsefesi-ve-gercekleri-3","status":"publish","type":"post","link":"https:\/\/www.meydan.tv\/az\/article\/azerbaycan-huququ-felsefesi-ve-gercekleri-3\/","title":{"rendered":"Az\u0259rbaycan h\u00fcququ: f\u0259ls\u0259f\u0259si v\u0259 ger\u00e7\u0259kl\u0259ri"},"content":{"rendered":"\n<p>\u0130cra hakimiyy\u0259ti<\/p>\n\n\n\n<p>(\u00fc\u00e7\u00fcnc\u00fc yaz\u0131)<br><\/p>\n\n\n\n<p>Bizd\u0259 qanunvericilik var, h\u00fcquqyaratma prosesi yoxdur. Birinci formal qanunlar yaratmaqla, ikinci h\u00fcquq qanunlar\u0131 yaratmaqla m\u0259\u015f\u011ful olur. Birinci &#8211; hakimiyy\u0259tin h\u00fcququnu, ikinci &#8211; h\u00fcququn hakimiyy\u0259tini yarad\u0131r.<br><\/p>\n\n\n\n<p>\u00d6lk\u0259d\u0259 m\u00f6vcud durum \u2013 hakimiyy\u0259tin h\u00fcququnun h\u00fcququn hakimiyy\u0259tini \u00fcst\u0259l\u0259m\u0259si m\u0259hz bundan qaynaqlan\u0131r. Bu durumun konstitusion v\u0259 qanuni \u0259saslar\u0131 yarad\u0131l\u0131b.<br><\/p>\n\n\n\n<p>Konstitusiyan\u0131n 96-c\u0131 madd\u0259sind\u0259 deyilir: &#8220;Qanunvericilik t\u0259\u015f\u0259bb\u00fcs\u00fc h\u00fcququ (qanun layih\u0259l\u0259rini v\u0259 ba\u015fqa m\u0259s\u0259l\u0259l\u0259ri Milli M\u0259clisin m\u00fczakir\u0259sin\u0259 t\u0259qdim etm\u0259k h\u00fcququ) Milli M\u0259clisin deputatlar\u0131na, \u00f6lk\u0259 Prezidentin\u0259, Ali M\u0259hk\u0259m\u0259y\u0259, se\u00e7ki h\u00fcququ olan 40 min v\u0259t\u0259nda\u015fa, AR Prokurorlu\u011funa v\u0259 Nax\u00e7\u0131van Muxtar Respublikas\u0131n\u0131n Ali M\u0259clisin\u0259 m\u0259nsubdur.<br><\/p>\n\n\n\n<p>\u00d6lk\u0259 Prezidentinin, Ali M\u0259hk\u0259m\u0259nin, se\u00e7ki h\u00fcququ olan 40 min v\u0259t\u0259nda\u015f\u0131n, Prokurorlu\u011fun v\u0259 Nax\u00e7\u0131van Ali M\u0259clisinin qanunvericilik t\u0259\u015f\u0259bb\u00fcs\u00fc qaydas\u0131nda Milli M\u0259clisin m\u00fczakir\u0259sin\u0259 verdiyi qanun v\u0259 ya q\u0259rar layih\u0259l\u0259ri m\u00fczakir\u0259y\u0259 t\u0259qdim olunmu\u015f \u015f\u0259kild\u0259 \u00e7\u0131xar\u0131l\u0131r v\u0259 s\u0259s\u0259 qoyulur. Bel\u0259 qanun v\u0259 ya q\u0259rar layih\u0259l\u0259rind\u0259 d\u0259yi\u015fiklikl\u0259r qanunvericilik t\u0259\u015f\u0259bb\u00fcs\u00fc h\u00fcququndan istifad\u0259 ed\u0259n subyektin raz\u0131l\u0131\u011f\u0131 il\u0259 edil\u0259 bil\u0259r\u201d.<br><\/p>\n\n\n\n<p>\u00d6lk\u0259d\u0259 qanunvericilik t\u0259\u015f\u0259bb\u00fcs\u00fc h\u00fcququndan gen-bol yararlanan bir subyekt var: Prezident.<br><\/p>\n\n\n\n<p>Bu h\u00fcququn ba\u015fqa subyektl\u0259rinin \u201cpassivliyini\u201d q\u0131ra\u011fa qoyaq v\u0259 ali qanunverici orqan\u0131 \u2013 Milli M\u0259clisi faktiki \u0259v\u0259z etmi\u015f Prezidentin hakim m\u00f6vqeyini t\u0259min ed\u0259n ba\u015fqa qaydalara baxaq: Prezident qanun layih\u0259sini haz\u0131rlay\u0131b parlament\u0259 t\u0259qdim edir, layih\u0259y\u0259 d\u0259yi\u015fiklik etm\u0259y\u0259 raz\u0131l\u0131q verir, qanun layih\u0259l\u0259rini v\u0259 h\u0259tta q\u0259bul edilmi\u015f qanunlar\u0131 ekspertizadan ke\u00e7irir, qanunu imzalay\u0131b q\u00fcvv\u0259y\u0259 mindirir, qanuna veto qoyur, onun icras\u0131 bar\u0259d\u0259 F\u0259rman verir, onun t\u0259tbiqi il\u0259 ba\u011fl\u0131 normativ akt (f\u0259rmanlar) q\u0259bul edir, n\u0259hay\u0259t, bu qanunlar\u0131 q\u0259bul ed\u0259n ali qanunverici orqan\u0131 \u2013 parlamenti buraxa bilir.<br><\/p>\n\n\n\n<p>\u00dcmumiyy\u0259tl\u0259, icra hakimiyy\u0259tinin qanunverici hakimiyy\u0259t\u0259 v\u0259 onun s\u0259lahiyy\u0259tl\u0259rin\u0259 t\u0259cav\u00fcz\u00fc \u0259sas\u0259n \u00fc\u00e7 formada t\u0259zah\u00fcr edir:<\/p>\n\n\n\n<h5 class=\"gb-headline gb-headline-f10a8464 gb-headline-text\"><strong>1)<\/strong> Parlamentin icra hakimiyy\u0259tinin irad\u0259si il\u0259 formala\u015fmas\u0131;<br><\/h5>\n\n\n\n<h5 class=\"gb-headline gb-headline-efb35b50 gb-headline-text\"><strong>2)<\/strong> Qanunvericilik t\u0259\u015f\u0259bb\u00fcs\u00fc h\u00fcququndan a\u015f\u0131r\u0131 yararlanmas\u0131;<br><\/h5>\n\n\n\n<h5 class=\"gb-headline gb-headline-f9380e06 gb-headline-text\"><strong>3)<\/strong> F\u0259rmanlarla \u00e7oxsayl\u0131 yeni, b\u0259z\u0259n h\u0259tta qanuna zidd normalar q\u0259bul edilm\u0259si.<br><\/h5>\n\n\n\n<p>Konstitusiya q\u0259bul edildikd\u0259n sonra onda d\u0259yi\u015fiklik edilm\u0259si bar\u0259d\u0259 ondan art\u0131q referendum ke\u00e7irilib, lakin \u201cQanunlar\u0131n imzalanmas\u0131\u201d adlanan 110-cu madd\u0259 toxunulmaz qal\u0131b, 96-c\u0131 madd\u0259y\u0259 is\u0259 \u201cAz\u0259rbaycan Respublikas\u0131n\u0131n se\u00e7ki h\u00fcququ olan 40 min v\u0259t\u0259nda\u015f\u0131\u201d s\u00f6zl\u0259ri \u0259lav\u0259 edilib. Bu \u0259lav\u0259nin i\u015f\u0259 sal\u0131nmas\u0131na c\u0259hdl\u0259r is\u0259 12 il ke\u00e7m\u0259sin\u0259 baxmayaraq h\u0259l\u0259 d\u0259 n\u0259tic\u0259 verm\u0259yib.<br><\/p>\n\n\n\n<p>\u00d6lk\u0259 ictimai r\u0259yin\u0259 g\u00f6r\u0259 parlament icra hakimiyy\u0259tinin qanun t\u0259sdiqetm\u0259 kontoruna \u00e7evrilib\u2026<br><\/p>\n\n\n\n<p>Qanunvericilik t\u0259\u015f\u0259bb\u00fcs\u00fcn\u00fcn faktiki olaraq bir \u0259ld\u0259 c\u0259ml\u0259\u015fm\u0259si Konstitusiyaya uy\u011fun deyil, ba\u015fqa subyektl\u0259rin, onlar\u0131n vasit\u0259sil\u0259 v\u0259 ya vasit\u0259siz olaraq toplumun d\u00f6vl\u0259tin idar\u0259 edilm\u0259sind\u0259 i\u015ftirak, d\u00f6vl\u0259t irad\u0259sinin formala\u015fmas\u0131 v\u0259 ger\u00e7\u0259kl\u0259\u015fdirilm\u0259si prinsip v\u0259 qaydalar\u0131n\u0131n pozulmas\u0131 v\u0259 x\u0259yali h\u00fcquqa \u00e7evrilm\u0259sidir.<br><\/p>\n\n\n\n<p>Konstitusiyan\u0131n 1-ci madd\u0259sin\u0259 \u0259sas\u0259n, Az\u0259rbaycan Respublikas\u0131nda d\u00f6vl\u0259t hakimiyy\u0259tinin yegan\u0259 m\u0259nb\u0259yi Az\u0259rbaycan xalq\u0131d\u0131r.<br><\/p>\n\n\n\n<p>Hakimiyy\u0259tin bir \u0259ld\u0259 c\u0259ml\u0259\u015fm\u0259si o dem\u0259kdir ki, hakimiyy\u0259tin ger\u00e7\u0259kd\u0259n m\u0259nb\u0259yi yegan\u0259dir, lakin o, xalq deyil, prezidentdir. Azad, \u0259dal\u0259tli, demokratik se\u00e7kil\u0259r yolu il\u0259 d\u00f6vl\u0259t hakimiyy\u0259tini formala\u015fd\u0131ra bilm\u0259y\u0259n xalq hakimiyy\u0259tin m\u0259nb\u0259yi say\u0131la bilm\u0259z.<br><\/p>\n\n\n\n<p>Qanun \u00e7e\u015fidli m\u0259nafel\u0259rin kompromisidir. Qanunvericilik prosesi, qanunlar\u0131n qiym\u0259tl\u0259ndirilm\u0259si f\u0259aliyy\u0259ti bir hakimiyy\u0259t buda\u011f\u0131n\u0131n, h\u0259tta t\u0259kc\u0259 hakimiyy\u0259tin inhisar\u0131nda olmamal\u0131d\u0131r.<br><\/p>\n\n\n\n<p>Qanun, ad\u0259t\u0259n, b\u00fct\u00fcn c\u0259miyy\u0259t \u00fc\u00e7\u00fcn yaz\u0131ld\u0131\u011f\u0131ndan onu icra etm\u0259li adamlar\u0131n da r\u0259yi b\u00fct\u00fcn qanunvericilik prosesi boyu n\u0259z\u0259r\u0259 al\u0131nmal\u0131d\u0131r. Son ill\u0259r \u00f6lk\u0259d\u0259 m\u00f6vcud olan real durum budur ki, siyasi partiyalar, v\u0259t\u0259nda\u015f c\u0259miyy\u0259ti, m\u00fct\u0259x\u0259ssisl\u0259r qanunvericilik prosesind\u0259n k\u0259narda qal\u0131blar.<br><\/p>\n\n\n\n<p>\u00d6lk\u0259d\u0259 ictimai r\u0259y diqq\u0259t obyektind\u0259n \u00e7ox inkar obyektin\u0259 \u00e7evrilib.<br><\/p>\n\n\n\n<p>Hakimiyy\u0259tl\u0259rin b\u00f6l\u00fcnm\u0259si prinsipini \u00e7\u0259tin anlayanlar \u00fc\u00e7\u00fcn sad\u0259 \u015f\u0259kild\u0259 dey\u0259k: d\u00f6vl\u0259t hakimiyy\u0259tinin qanunverici, icra, m\u0259hk\u0259m\u0259 hakimiyy\u0259tin\u0259 b\u00f6l\u00fcnm\u0259si o dem\u0259kdir ki, parlament ancaq qanunlar q\u0259bul etm\u0259li, icra hakimiyy\u0259ti qanunlar\u0131 ger\u00e7\u0259kl\u0259\u015fdirm\u0259li, m\u0259hk\u0259m\u0259 hakimiyy\u0259ti \u0259dal\u0259t m\u00fchakim\u0259sini h\u0259yata ke\u00e7irm\u0259lidir.<br>Bel\u0259dirs\u0259, icra hakimiyy\u0259tinin qanunvericilik s\u0259lahiyy\u0259tini \u0259slind\u0259 monopoliyaya almas\u0131 hans\u0131 h\u00fcquq f\u0259ls\u0259f\u0259sin\u0259 s\u00f6yk\u0259nir?<br><\/p>\n\n\n\n<p>B\u0259s hakimiyy\u0259t nec\u0259, b\u00f6l\u00fcn\u00fcbm\u00fc v\u0259 ya parlament adlanan m\u0259nas\u0131z quruma bu q\u0259d\u0259r d\u00f6vl\u0259t v\u0259saiti israf edilm\u0259sinin m\u0259nas\u0131 n\u0259dir?<br><\/p>\n\n\n\n<p>H\u00fcquq f\u0259ls\u0259f\u0259sini q\u0131ra\u011fa qoyub Az\u0259rbaycan Konstitusiyas\u0131n\u0131n \u00f6z\u00fcn\u00fcn elan etdiyi prinsipl\u0259r\u0259 baxaq:<br><\/p>\n\n\n\n<p>\u201cAz\u0259rbaycan d\u00f6vl\u0259ti\u201d adlanan 7-ci madd\u0259d\u0259 deyilir: \u201cAz\u0259rbaycan d\u00f6vl\u0259ti demokratik, h\u00fcquqi, d\u00fcny\u0259vi, unitar respublikad\u0131r. Az\u0259rbaycan Respublikas\u0131nda d\u00f6vl\u0259t hakimiyy\u0259ti hakimiyy\u0259tl\u0259rin b\u00f6l\u00fcnm\u0259si prinsipi \u0259sas\u0131nda t\u0259\u015fkil edilir v\u0259 qanunvericilik hakimiyy\u0259tini Az\u0259rbaycan Respublikas\u0131n\u0131n Milli M\u0259clisi h\u0259yata ke\u00e7irir\u201d.<br><\/p>\n\n\n\n<p>Parlamentin ali qanunverici orqan statusu onun konstitusion s\u0259lahiyy\u0259tl\u0259ri v\u0259 m\u00fcst\u0259qilliyi il\u0259 t\u0259min edilir. <\/p>\n\n\n\n<p>Ger\u00e7\u0259k qanun yarad\u0131c\u0131l\u0131\u011f\u0131 prosesi kims\u0259nin m\u00fcdaxil\u0259si olmadan, parlamentin qanun yarad\u0131c\u0131l\u0131\u011f\u0131 v\u0259 qanunlar\u0131n s\u0259rb\u0259st m\u00fczakir\u0259si v\u0259 q\u0259bulu dem\u0259kdir.<br><\/p>\n\n\n\n<p>M\u00fczakir\u0259 etdiyi layih\u0259y\u0259 kimd\u0259ns\u0259 raz\u0131l\u0131q almadan d\u0259yi\u015fiklik ed\u0259 bilm\u0259y\u0259n orqan ali qanunverici orqan say\u0131la bilm\u0259z. T\u0259sad\u00fcfi deyil ki, biz bir ne\u00e7\u0259 d\u0259f\u0259 hakim partiyan\u0131n parlamentd\u0259ki \u00fczvl\u0259rinin \u201cM\u00f6ht\u0259r\u0259m Prezidentin g\u00f6nd\u0259rdiyi layih\u0259nin m\u00fczakir\u0259y\u0259 ehtiyac\u0131 yoxdur\u201d kimi Konstitusiya v\u0259 qanunlara zidd, sarsaq \u00e7\u0131x\u0131\u015flar\u0131n \u015fahidi olmu\u015fuq.<br><\/p>\n\n\n\n<p>\u201cLiberalizmin atas\u0131\u201d C.Lokk \u201cQanun c\u0259miyy\u0259tin irad\u0259si olmal\u0131d\u0131r\u201d dey\u0259nd\u0259 hardan bil\u0259 bil\u0259rdi ki, ondan d\u00f6rd y\u00fcz il sonra da buna \u015f\u00fcbh\u0259 ed\u0259nl\u0259r olacaq\u2026<br><\/p>\n\n\n\n<p>Layih\u0259 m\u00fc\u0259llifinin raz\u0131l\u0131\u011f\u0131 il\u0259 qanun q\u0259bul edilm\u0259si qaydas\u0131 qanunvericilik prosesin\u0259 m\u00fclkiyy\u0259t m\u00fcnasib\u0259tl\u0259rinin g\u0259tirilm\u0259si dem\u0259kdir. Bu qayda m\u0259hz prezident layih\u0259l\u0259rinin toxunulmazl\u0131\u011f\u0131n\u0131 t\u0259min etm\u0259k \u00fc\u00e7\u00fcn Konstitusiyaya daxil edilib. \u00c7\u00fcnki qanunvericilik t\u0259\u015f\u0259bb\u00fcs\u00fc h\u00fcququ faktiki olaraq onun monopoliyas\u0131na \u00e7evrilib. Cari qanunvericilik d\u0259 bu y\u00f6nd\u0259 formala\u015fd\u0131r\u0131l\u0131b.<br><\/p>\n\n\n\n<p>\u201cNormativ h\u00fcquqi aktlar haqq\u0131nda\u201d Konstitusiya Qanununun (bundan sonra &#8211; KQ) \u201cNormayaratma prosesi\u201d adlanan VIII F\u0259slinin qaydalar\u0131na g\u00f6r\u0259, normativ h\u00fcquqi akt\u0131n layih\u0259sinin haz\u0131rlanmas\u0131 normayaratma t\u0259\u015f\u0259bb\u00fcs\u00fcn\u0259 bax\u0131lmas\u0131 v\u0259 layih\u0259nin haz\u0131rlanmas\u0131 \u00fczr\u0259 q\u0259rar q\u0259bul edilm\u0259si, layih\u0259nin haz\u0131rlanmas\u0131n\u0131n t\u0259\u015fkilati-texniki v\u0259 maliyy\u0259 t\u0259minat\u0131, z\u0259ruri materiallar\u0131n v\u0259 m\u0259lumatlar\u0131n toplanmas\u0131, layih\u0259nin konsepsiyas\u0131n\u0131n haz\u0131rlanmas\u0131, layih\u0259nin m\u0259tninin t\u0259rtib edilm\u0259si, layih\u0259nin raz\u0131la\u015fd\u0131r\u0131lmas\u0131, h\u00fcquqi, linqvistik, maliyy\u0259 v\u0259 ba\u015fqa z\u0259ruri ekspertizalar\u0131n ke\u00e7irilm\u0259sind\u0259n ibar\u0259t olmal\u0131d\u0131r.<br><\/p>\n\n\n\n<p>Praktikada \u0259ks\u0259r hallarda b\u00fct\u00fcn bu etaplar hans\u0131sa \u00f6lk\u0259nin (ad\u0259t\u0259n Rusiyan\u0131n) ox\u015far qanununun t\u0259rc\u00fcm\u0259si v\u0259 axtalanmas\u0131 prosesi il\u0259 qapan\u0131r.<br><\/p>\n\n\n\n<p>KQ-nin t\u0259l\u0259bin\u0259 g\u00f6r\u0259, normayaratma orqan\u0131 normativ h\u00fcquqi akt\u0131n layih\u0259sinin haz\u0131rlanmas\u0131n\u0131 m\u00fcst\u0259qil sur\u0259td\u0259 h\u0259yata ke\u00e7ir\u0259 v\u0259 ya normayaratma t\u0259\u015f\u0259bb\u00fcs\u00fcn\u00fcn ba\u015fqa subyektinin s\u0259lahiyy\u0259tl\u0259rin\u0259 aid edil\u0259n m\u0259s\u0259l\u0259l\u0259r \u00fczr\u0259 h\u0259min subyekt\u0259 tap\u015f\u0131ra bil\u0259r, layih\u0259nin haz\u0131rlanmas\u0131na m\u00fct\u0259x\u0259ssisl\u0259ri c\u0259lb ed\u0259, bunun \u00fc\u00e7\u00fcn x\u00fcsusi yarad\u0131lm\u0131\u015f m\u00fcv\u0259qq\u0259ti komissiyalara v\u0259 ya i\u015f\u00e7i qruplar\u0131na tap\u015f\u0131r\u0131q ver\u0259 bil\u0259r.<br><\/p>\n\n\n\n<p>Bu qayda sifari\u015fli qanunlar\u0131n q\u0259bulu kimi icra edilir. Polis, \u0259dliyy\u0259, prokurorluq, icra hakimiyy\u0259ti orqanlar\u0131 qanun layih\u0259sini ist\u0259diyi kimi haz\u0131rlay\u0131b parlament\u0259 t\u0259qdim edir v\u0259 c\u00fczi d\u0259yi\u015fiklikl\u0259rl\u0259 onun q\u0259buluna nail olur.<br><\/p>\n\n\n\n<p>Qanunun t\u0259l\u0259bin\u0259 g\u00f6r\u0259 qanun layih\u0259l\u0259rinin ekspertizas\u0131n\u0131 Milli M\u0259clisin aparat\u0131 h\u0259yata ke\u00e7irir. Ba\u015fqa subyektl\u0259rd\u0259n daxil olan qanun layih\u0259l\u0259ri az-\u00e7ox ekspertizaya m\u0259ruz qalsa da, Prezident Administrasiyas\u0131ndan daxil olan layih\u0259l\u0259r dem\u0259k olar oldu\u011fu kimi q\u0259bul edilir, ekspertiza formal xarakter da\u015f\u0131y\u0131r. Bu halda qanunvericilik hakimiyy\u0259ti icra hakimiyy\u0259ti il\u0259 \u0259v\u0259zl\u0259nir, icra hakimiyy\u0259ti \u0259slind\u0259 b\u00fct\u00fcn hakimiyy\u0259tl\u0259rin da\u015f\u0131y\u0131c\u0131s\u0131 statusu \u0259ld\u0259 edir. Bu durumun yaranmas\u0131n\u0131n bir s\u0259b\u0259bi d\u0259 m\u0259hk\u0259m\u0259 hakimiyy\u0259tinin, o s\u0131radan Konstitusiya M\u0259hk\u0259m\u0259sinin icra hakimiyy\u0259tind\u0259n tam as\u0131l\u0131l\u0131\u011f\u0131d\u0131r.<br><\/p>\n\n\n\n<p>\u00c7a\u011fda\u015f h\u00fcquq prinsipl\u0259ri \u0259sas\u0131nda yeni, proqressiv Konstitusiyan\u0131n q\u0259buluna ciddi ehtiyac var. D\u00f6vl\u0259tin n\u00fcfuzu v\u0259 inki\u015faf\u0131, insan h\u00fcquq v\u0259 azadl\u0131qlar\u0131n\u0131n t\u0259min olunmas\u0131, \u00f6lk\u0259d\u0259 qanunun hakimiyy\u0259tinin yarad\u0131lmas\u0131 ondan \u00e7ox as\u0131l\u0131d\u0131r.<br><\/p>\n\n\n\n<p>Qanunla v\u0259 ba\u015fqa normativ aktlarla nizamlanmal\u0131 m\u00fcnasib\u0259tl\u0259rin dair\u0259sinin d\u0259qiq m\u00fc\u0259yy\u0259n edilm\u0259si, prezident f\u0259rmanlar\u0131n\u0131n yeni norma yaratmaq h\u0259dl\u0259rinin c\u0131z\u0131lmas\u0131, icra hakimiyy\u0259tinin qanunvericilik prosesin\u0259 m\u00fcdaxil\u0259sinin qar\u015f\u0131s\u0131n\u0131n al\u0131nmas\u0131, hakimiyy\u0259tin b\u00f6l\u00fcnm\u0259si v\u0259 tarazla\u015fd\u0131r\u0131lmas\u0131 v\u0259 ba\u015fqa m\u0259s\u0259l\u0259l\u0259rin h\u0259llinin vaxt\u0131 \u00e7oxdan \u00e7at\u0131b.<\/p>\n","protected":false},"excerpt":{"rendered":"<p>\u0130cra hakimiyy\u0259ti (\u00fc\u00e7\u00fcnc\u00fc yaz\u0131) Bizd\u0259 qanunvericilik var, h\u00fcquqyaratma prosesi yoxdur. &#8230; <\/p>\n<p class=\"read-more-container\"><a title=\"Az\u0259rbaycan h\u00fcququ: f\u0259ls\u0259f\u0259si v\u0259 ger\u00e7\u0259kl\u0259ri\" class=\"read-more button\" href=\"https:\/\/www.meydan.tv\/az\/article\/azerbaycan-huququ-felsefesi-ve-gercekleri-3\/#more-226857\" aria-label=\"Read more about Az\u0259rbaycan h\u00fcququ: f\u0259ls\u0259f\u0259si v\u0259 ger\u00e7\u0259kl\u0259ri\">Davam\u0131<\/a><\/p>\n","protected":false},"author":8,"featured_media":213950,"comment_status":"closed","ping_status":"closed","sticky":false,"template":"","format":"standard","meta":{"_acf_changed":false,"_sitemap_exclude":false,"_sitemap_priority":"","_sitemap_frequency":"","footnotes":""},"categories":[57],"tags":[],"class_list":["post-226857","post","type-post","status-publish","format-standard","has-post-thumbnail","hentry","category-menim-fikrimce","infinite-scroll-item","generate-columns","tablet-grid-50","mobile-grid-100","grid-parent","grid-33","no-featured-image-padding"],"acf":[],"yoast_head":"<!-- This site is optimized with the Yoast SEO plugin v27.4 - https:\/\/yoast.com\/product\/yoast-seo-wordpress\/ -->\n<title>Az\u0259rbaycan h\u00fcququ: f\u0259ls\u0259f\u0259si v\u0259 ger\u00e7\u0259kl\u0259ri - MEYDAN.TV<\/title>\n<meta name=\"robots\" content=\"index, follow, max-snippet:-1, max-image-preview:large, max-video-preview:-1\" \/>\n<link rel=\"canonical\" href=\"https:\/\/www.meydan.tv\/az\/article\/azerbaycan-huququ-felsefesi-ve-gercekleri-3\/\" \/>\n<meta property=\"og:locale\" content=\"az_AZ\" \/>\n<meta property=\"og:type\" content=\"article\" \/>\n<meta property=\"og:title\" content=\"Az\u0259rbaycan h\u00fcququ: f\u0259ls\u0259f\u0259si v\u0259 ger\u00e7\u0259kl\u0259ri - MEYDAN.TV\" \/>\n<meta property=\"og:description\" content=\"\u0130cra hakimiyy\u0259ti (\u00fc\u00e7\u00fcnc\u00fc yaz\u0131) Bizd\u0259 qanunvericilik var, h\u00fcquqyaratma prosesi yoxdur. ... Davam\u0131\" \/>\n<meta property=\"og:url\" content=\"https:\/\/www.meydan.tv\/az\/article\/azerbaycan-huququ-felsefesi-ve-gercekleri-3\/\" \/>\n<meta property=\"og:site_name\" content=\"MEYDAN.TV\" \/>\n<meta property=\"article:published_time\" content=\"2021-11-21T06:19:20+00:00\" \/>\n<meta property=\"article:modified_time\" content=\"2021-11-21T06:19:22+00:00\" \/>\n<meta property=\"og:image\" content=\"https:\/\/www.meydan.tv\/wp-content\/uploads\/annaqi-1.jpg\" \/>\n\t<meta property=\"og:image:width\" content=\"1200\" \/>\n\t<meta property=\"og:image:height\" content=\"900\" \/>\n\t<meta property=\"og:image:type\" content=\"image\/jpeg\" \/>\n<meta name=\"author\" content=\"elli\" \/>\n<meta name=\"twitter:card\" content=\"summary_large_image\" \/>\n<meta name=\"twitter:creator\" content=\"@elli\" \/>\n<script type=\"application\/ld+json\" class=\"yoast-schema-graph\">{\"@context\":\"https:\\\/\\\/schema.org\",\"@graph\":[{\"@type\":\"Article\",\"@id\":\"https:\\\/\\\/www.meydan.tv\\\/az\\\/article\\\/azerbaycan-huququ-felsefesi-ve-gercekleri-3\\\/#article\",\"isPartOf\":{\"@id\":\"https:\\\/\\\/www.meydan.tv\\\/az\\\/article\\\/azerbaycan-huququ-felsefesi-ve-gercekleri-3\\\/\"},\"author\":{\"name\":\"elli\",\"@id\":\"https:\\\/\\\/www.meydan.tv\\\/az\\\/#\\\/schema\\\/person\\\/9cdbecf90d17180ce1dfbd95b08dcf47\"},\"headline\":\"Az\u0259rbaycan h\u00fcququ: f\u0259ls\u0259f\u0259si v\u0259 ger\u00e7\u0259kl\u0259ri\",\"datePublished\":\"2021-11-21T06:19:20+00:00\",\"dateModified\":\"2021-11-21T06:19:22+00:00\",\"mainEntityOfPage\":{\"@id\":\"https:\\\/\\\/www.meydan.tv\\\/az\\\/article\\\/azerbaycan-huququ-felsefesi-ve-gercekleri-3\\\/\"},\"wordCount\":1739,\"publisher\":{\"@id\":\"https:\\\/\\\/www.meydan.tv\\\/az\\\/#organization\"},\"image\":{\"@id\":\"https:\\\/\\\/www.meydan.tv\\\/az\\\/article\\\/azerbaycan-huququ-felsefesi-ve-gercekleri-3\\\/#primaryimage\"},\"thumbnailUrl\":\"https:\\\/\\\/www.meydan.tv\\\/wp-content\\\/uploads\\\/annaqi-1-e1652622738889.jpg\",\"articleSection\":[\"M\u0259nim Fikrimc\u0259\"],\"inLanguage\":\"az\"},{\"@type\":\"WebPage\",\"@id\":\"https:\\\/\\\/www.meydan.tv\\\/az\\\/article\\\/azerbaycan-huququ-felsefesi-ve-gercekleri-3\\\/\",\"url\":\"https:\\\/\\\/www.meydan.tv\\\/az\\\/article\\\/azerbaycan-huququ-felsefesi-ve-gercekleri-3\\\/\",\"name\":\"Az\u0259rbaycan h\u00fcququ: f\u0259ls\u0259f\u0259si v\u0259 ger\u00e7\u0259kl\u0259ri - MEYDAN.TV\",\"isPartOf\":{\"@id\":\"https:\\\/\\\/www.meydan.tv\\\/az\\\/#website\"},\"primaryImageOfPage\":{\"@id\":\"https:\\\/\\\/www.meydan.tv\\\/az\\\/article\\\/azerbaycan-huququ-felsefesi-ve-gercekleri-3\\\/#primaryimage\"},\"image\":{\"@id\":\"https:\\\/\\\/www.meydan.tv\\\/az\\\/article\\\/azerbaycan-huququ-felsefesi-ve-gercekleri-3\\\/#primaryimage\"},\"thumbnailUrl\":\"https:\\\/\\\/www.meydan.tv\\\/wp-content\\\/uploads\\\/annaqi-1-e1652622738889.jpg\",\"datePublished\":\"2021-11-21T06:19:20+00:00\",\"dateModified\":\"2021-11-21T06:19:22+00:00\",\"breadcrumb\":{\"@id\":\"https:\\\/\\\/www.meydan.tv\\\/az\\\/article\\\/azerbaycan-huququ-felsefesi-ve-gercekleri-3\\\/#breadcrumb\"},\"inLanguage\":\"az\",\"potentialAction\":[{\"@type\":\"ReadAction\",\"target\":[\"https:\\\/\\\/www.meydan.tv\\\/az\\\/article\\\/azerbaycan-huququ-felsefesi-ve-gercekleri-3\\\/\"]}]},{\"@type\":\"ImageObject\",\"inLanguage\":\"az\",\"@id\":\"https:\\\/\\\/www.meydan.tv\\\/az\\\/article\\\/azerbaycan-huququ-felsefesi-ve-gercekleri-3\\\/#primaryimage\",\"url\":\"https:\\\/\\\/www.meydan.tv\\\/wp-content\\\/uploads\\\/annaqi-1-e1652622738889.jpg\",\"contentUrl\":\"https:\\\/\\\/www.meydan.tv\\\/wp-content\\\/uploads\\\/annaqi-1-e1652622738889.jpg\",\"width\":1200,\"height\":762,\"caption\":\"Foto: Meydan TV\"},{\"@type\":\"BreadcrumbList\",\"@id\":\"https:\\\/\\\/www.meydan.tv\\\/az\\\/article\\\/azerbaycan-huququ-felsefesi-ve-gercekleri-3\\\/#breadcrumb\",\"itemListElement\":[{\"@type\":\"ListItem\",\"position\":1,\"name\":\"Ana s\u0259hif\u0259\",\"item\":\"https:\\\/\\\/www.meydan.tv\\\/az\\\/\"},{\"@type\":\"ListItem\",\"position\":2,\"name\":\"M\u0259nim Fikrimc\u0259\",\"item\":\"https:\\\/\\\/www.meydan.tv\\\/az\\\/section\\\/menim-fikrimce\\\/\"},{\"@type\":\"ListItem\",\"position\":3,\"name\":\"Az\u0259rbaycan h\u00fcququ: f\u0259ls\u0259f\u0259si v\u0259 ger\u00e7\u0259kl\u0259ri\"}]},{\"@type\":\"WebSite\",\"@id\":\"https:\\\/\\\/www.meydan.tv\\\/az\\\/#website\",\"url\":\"https:\\\/\\\/www.meydan.tv\\\/az\\\/\",\"name\":\"MEYDAN.TV\",\"description\":\"Meydan TV Az\u0259rbaycan\u0131n media m\u0259kan\u0131ndak\u0131 alternativ s\u0259sidir\",\"publisher\":{\"@id\":\"https:\\\/\\\/www.meydan.tv\\\/az\\\/#organization\"},\"potentialAction\":[{\"@type\":\"SearchAction\",\"target\":{\"@type\":\"EntryPoint\",\"urlTemplate\":\"https:\\\/\\\/www.meydan.tv\\\/az\\\/?s={search_term_string}\"},\"query-input\":{\"@type\":\"PropertyValueSpecification\",\"valueRequired\":true,\"valueName\":\"search_term_string\"}}],\"inLanguage\":\"az\"},{\"@type\":\"Organization\",\"@id\":\"https:\\\/\\\/www.meydan.tv\\\/az\\\/#organization\",\"name\":\"Meydan TV\",\"url\":\"https:\\\/\\\/www.meydan.tv\\\/az\\\/\",\"logo\":{\"@type\":\"ImageObject\",\"inLanguage\":\"az\",\"@id\":\"https:\\\/\\\/www.meydan.tv\\\/az\\\/#\\\/schema\\\/logo\\\/image\\\/\",\"url\":\"https:\\\/\\\/www.meydan.tv\\\/wp-content\\\/uploads\\\/2021\\\/07\\\/meydan-logo.svg\",\"contentUrl\":\"https:\\\/\\\/www.meydan.tv\\\/wp-content\\\/uploads\\\/2021\\\/07\\\/meydan-logo.svg\",\"width\":195,\"height\":46,\"caption\":\"Meydan TV\"},\"image\":{\"@id\":\"https:\\\/\\\/www.meydan.tv\\\/az\\\/#\\\/schema\\\/logo\\\/image\\\/\"}},{\"@type\":\"Person\",\"@id\":\"https:\\\/\\\/www.meydan.tv\\\/az\\\/#\\\/schema\\\/person\\\/9cdbecf90d17180ce1dfbd95b08dcf47\",\"name\":\"elli\",\"sameAs\":[\"https:\\\/\\\/x.com\\\/elli\"]}]}<\/script>\n<!-- \/ Yoast SEO plugin. -->","yoast_head_json":{"title":"Az\u0259rbaycan h\u00fcququ: f\u0259ls\u0259f\u0259si v\u0259 ger\u00e7\u0259kl\u0259ri - MEYDAN.TV","robots":{"index":"index","follow":"follow","max-snippet":"max-snippet:-1","max-image-preview":"max-image-preview:large","max-video-preview":"max-video-preview:-1"},"canonical":"https:\/\/www.meydan.tv\/az\/article\/azerbaycan-huququ-felsefesi-ve-gercekleri-3\/","og_locale":"az_AZ","og_type":"article","og_title":"Az\u0259rbaycan h\u00fcququ: f\u0259ls\u0259f\u0259si v\u0259 ger\u00e7\u0259kl\u0259ri - MEYDAN.TV","og_description":"\u0130cra hakimiyy\u0259ti (\u00fc\u00e7\u00fcnc\u00fc yaz\u0131) Bizd\u0259 qanunvericilik var, h\u00fcquqyaratma prosesi yoxdur. ... Davam\u0131","og_url":"https:\/\/www.meydan.tv\/az\/article\/azerbaycan-huququ-felsefesi-ve-gercekleri-3\/","og_site_name":"MEYDAN.TV","article_published_time":"2021-11-21T06:19:20+00:00","article_modified_time":"2021-11-21T06:19:22+00:00","og_image":[{"width":1200,"height":900,"url":"https:\/\/www.meydan.tv\/wp-content\/uploads\/annaqi-1.jpg","type":"image\/jpeg"}],"author":"elli","twitter_card":"summary_large_image","twitter_creator":"@elli","schema":{"@context":"https:\/\/schema.org","@graph":[{"@type":"Article","@id":"https:\/\/www.meydan.tv\/az\/article\/azerbaycan-huququ-felsefesi-ve-gercekleri-3\/#article","isPartOf":{"@id":"https:\/\/www.meydan.tv\/az\/article\/azerbaycan-huququ-felsefesi-ve-gercekleri-3\/"},"author":{"name":"elli","@id":"https:\/\/www.meydan.tv\/az\/#\/schema\/person\/9cdbecf90d17180ce1dfbd95b08dcf47"},"headline":"Az\u0259rbaycan h\u00fcququ: f\u0259ls\u0259f\u0259si v\u0259 ger\u00e7\u0259kl\u0259ri","datePublished":"2021-11-21T06:19:20+00:00","dateModified":"2021-11-21T06:19:22+00:00","mainEntityOfPage":{"@id":"https:\/\/www.meydan.tv\/az\/article\/azerbaycan-huququ-felsefesi-ve-gercekleri-3\/"},"wordCount":1739,"publisher":{"@id":"https:\/\/www.meydan.tv\/az\/#organization"},"image":{"@id":"https:\/\/www.meydan.tv\/az\/article\/azerbaycan-huququ-felsefesi-ve-gercekleri-3\/#primaryimage"},"thumbnailUrl":"https:\/\/www.meydan.tv\/wp-content\/uploads\/annaqi-1-e1652622738889.jpg","articleSection":["M\u0259nim Fikrimc\u0259"],"inLanguage":"az"},{"@type":"WebPage","@id":"https:\/\/www.meydan.tv\/az\/article\/azerbaycan-huququ-felsefesi-ve-gercekleri-3\/","url":"https:\/\/www.meydan.tv\/az\/article\/azerbaycan-huququ-felsefesi-ve-gercekleri-3\/","name":"Az\u0259rbaycan h\u00fcququ: f\u0259ls\u0259f\u0259si v\u0259 ger\u00e7\u0259kl\u0259ri - MEYDAN.TV","isPartOf":{"@id":"https:\/\/www.meydan.tv\/az\/#website"},"primaryImageOfPage":{"@id":"https:\/\/www.meydan.tv\/az\/article\/azerbaycan-huququ-felsefesi-ve-gercekleri-3\/#primaryimage"},"image":{"@id":"https:\/\/www.meydan.tv\/az\/article\/azerbaycan-huququ-felsefesi-ve-gercekleri-3\/#primaryimage"},"thumbnailUrl":"https:\/\/www.meydan.tv\/wp-content\/uploads\/annaqi-1-e1652622738889.jpg","datePublished":"2021-11-21T06:19:20+00:00","dateModified":"2021-11-21T06:19:22+00:00","breadcrumb":{"@id":"https:\/\/www.meydan.tv\/az\/article\/azerbaycan-huququ-felsefesi-ve-gercekleri-3\/#breadcrumb"},"inLanguage":"az","potentialAction":[{"@type":"ReadAction","target":["https:\/\/www.meydan.tv\/az\/article\/azerbaycan-huququ-felsefesi-ve-gercekleri-3\/"]}]},{"@type":"ImageObject","inLanguage":"az","@id":"https:\/\/www.meydan.tv\/az\/article\/azerbaycan-huququ-felsefesi-ve-gercekleri-3\/#primaryimage","url":"https:\/\/www.meydan.tv\/wp-content\/uploads\/annaqi-1-e1652622738889.jpg","contentUrl":"https:\/\/www.meydan.tv\/wp-content\/uploads\/annaqi-1-e1652622738889.jpg","width":1200,"height":762,"caption":"Foto: Meydan TV"},{"@type":"BreadcrumbList","@id":"https:\/\/www.meydan.tv\/az\/article\/azerbaycan-huququ-felsefesi-ve-gercekleri-3\/#breadcrumb","itemListElement":[{"@type":"ListItem","position":1,"name":"Ana s\u0259hif\u0259","item":"https:\/\/www.meydan.tv\/az\/"},{"@type":"ListItem","position":2,"name":"M\u0259nim Fikrimc\u0259","item":"https:\/\/www.meydan.tv\/az\/section\/menim-fikrimce\/"},{"@type":"ListItem","position":3,"name":"Az\u0259rbaycan h\u00fcququ: f\u0259ls\u0259f\u0259si v\u0259 ger\u00e7\u0259kl\u0259ri"}]},{"@type":"WebSite","@id":"https:\/\/www.meydan.tv\/az\/#website","url":"https:\/\/www.meydan.tv\/az\/","name":"MEYDAN.TV","description":"Meydan TV Az\u0259rbaycan\u0131n media m\u0259kan\u0131ndak\u0131 alternativ s\u0259sidir","publisher":{"@id":"https:\/\/www.meydan.tv\/az\/#organization"},"potentialAction":[{"@type":"SearchAction","target":{"@type":"EntryPoint","urlTemplate":"https:\/\/www.meydan.tv\/az\/?s={search_term_string}"},"query-input":{"@type":"PropertyValueSpecification","valueRequired":true,"valueName":"search_term_string"}}],"inLanguage":"az"},{"@type":"Organization","@id":"https:\/\/www.meydan.tv\/az\/#organization","name":"Meydan TV","url":"https:\/\/www.meydan.tv\/az\/","logo":{"@type":"ImageObject","inLanguage":"az","@id":"https:\/\/www.meydan.tv\/az\/#\/schema\/logo\/image\/","url":"https:\/\/www.meydan.tv\/wp-content\/uploads\/2021\/07\/meydan-logo.svg","contentUrl":"https:\/\/www.meydan.tv\/wp-content\/uploads\/2021\/07\/meydan-logo.svg","width":195,"height":46,"caption":"Meydan TV"},"image":{"@id":"https:\/\/www.meydan.tv\/az\/#\/schema\/logo\/image\/"}},{"@type":"Person","@id":"https:\/\/www.meydan.tv\/az\/#\/schema\/person\/9cdbecf90d17180ce1dfbd95b08dcf47","name":"elli","sameAs":["https:\/\/x.com\/elli"]}]}},"_links":{"self":[{"href":"https:\/\/www.meydan.tv\/az\/wp-json\/wp\/v2\/posts\/226857","targetHints":{"allow":["GET"]}}],"collection":[{"href":"https:\/\/www.meydan.tv\/az\/wp-json\/wp\/v2\/posts"}],"about":[{"href":"https:\/\/www.meydan.tv\/az\/wp-json\/wp\/v2\/types\/post"}],"author":[{"embeddable":true,"href":"https:\/\/www.meydan.tv\/az\/wp-json\/wp\/v2\/users\/8"}],"replies":[{"embeddable":true,"href":"https:\/\/www.meydan.tv\/az\/wp-json\/wp\/v2\/comments?post=226857"}],"version-history":[{"count":5,"href":"https:\/\/www.meydan.tv\/az\/wp-json\/wp\/v2\/posts\/226857\/revisions"}],"predecessor-version":[{"id":226862,"href":"https:\/\/www.meydan.tv\/az\/wp-json\/wp\/v2\/posts\/226857\/revisions\/226862"}],"wp:featuredmedia":[{"embeddable":true,"href":"https:\/\/www.meydan.tv\/az\/wp-json\/wp\/v2\/media\/213950"}],"wp:attachment":[{"href":"https:\/\/www.meydan.tv\/az\/wp-json\/wp\/v2\/media?parent=226857"}],"wp:term":[{"taxonomy":"category","embeddable":true,"href":"https:\/\/www.meydan.tv\/az\/wp-json\/wp\/v2\/categories?post=226857"},{"taxonomy":"post_tag","embeddable":true,"href":"https:\/\/www.meydan.tv\/az\/wp-json\/wp\/v2\/tags?post=226857"}],"curies":[{"name":"wp","href":"https:\/\/api.w.org\/{rel}","templated":true}]}}