{"id":226834,"date":"2021-11-20T15:49:55","date_gmt":"2021-11-20T11:49:55","guid":{"rendered":"https:\/\/www.meydan.tv\/?p=226834"},"modified":"2021-11-20T16:22:17","modified_gmt":"2021-11-20T12:22:17","slug":"keyfiyyetsiz-gubre-lifli-ciyid-ve-su-qitligi-bizi-bu-il-mehsulsuz-qoydu","status":"publish","type":"post","link":"https:\/\/www.meydan.tv\/az\/article\/keyfiyyetsiz-gubre-lifli-ciyid-ve-su-qitligi-bizi-bu-il-mehsulsuz-qoydu\/","title":{"rendered":"\u201cKeyfiyy\u0259tsiz g\u00fcbr\u0259, lifli \u00e7iyid v\u0259 su q\u0131tl\u0131\u011f\u0131 bizi bu il m\u0259hsulsuz qoydu\u201d"},"content":{"rendered":"\n<p>Fermer h\u0259r k\u0259s\u0259 borclu qald\u0131\u011f\u0131n\u0131 deyir<br><\/p>\n\n\n\n<p>Lifli \u00e7iyid, xarab g\u00fcbr\u0259 v\u0259 \u015for su. Bunlar birlikd\u0259 bu il Bil\u0259suvarda bir \u00e7ox fermerin dolan\u0131\u015f\u0131\u011f\u0131n\u0131 alt-\u00fcst edib.<br>Bil\u0259suvar\u0131n Aranl\u0131 k\u0259ndind\u0259n olan 26 ya\u015fl\u0131 fermer H\u0259s\u0259n\u0259li \u0130bayev ill\u0259rdir pamb\u0131q \u0259kini il\u0259 8 n\u0259f\u0259rlik ail\u0259sini doland\u0131rd\u0131\u011f\u0131n\u0131 s\u00f6yl\u0259yir. Deyir, h\u0259r il az\u0131 35 &#8211; 40 sentner pamb\u0131q g\u00f6t\u00fcr\u00fcb. Bununla birt\u0259h\u0259r dolan\u0131b. Bu il is\u0259 o, c\u0259mi 13 sentner m\u0259hsul g\u00f6t\u00fcr\u00fcb, rayonlar\u0131ndak\u0131 pamb\u0131q zavoduna borclu qal\u0131b:<br><\/p>\n\n\n\n<p>\u201cSah\u0259d\u0259 alaq otu t\u0259mizl\u0259y\u0259n qad\u0131nlardan tutmu\u015f, ham\u0131ya, h\u0259r yer\u0259 borcum var. K\u0259nd\u0259 \u00e7\u0131xa bilmir\u0259m. \u00d6d\u0259m\u0259y\u0259 d\u0259 pulum yoxdur. Bir ara dedil\u0259r ki, guya d\u00f6vl\u0259t kompensasiya \u00f6d\u0259y\u0259c\u0259k, ondan da s\u0259s \u00e7\u0131xmad\u0131\u201d.<br><\/p>\n\n\n\n<p>H\u0259s\u0259n\u0259li \u0130bayev deyir ki, h\u0259r il m\u0259hsula azot g\u00fcbr\u0259si verib, naraz\u0131 da qalmay\u0131b. Bu il\u0259 is\u0259 azot \u0259v\u0259zin\u0259 karvovit veribl\u0259r:<br><\/p>\n\n\n\n<p>\u201cZavoda \u015firk\u0259tl\u0259rd\u0259n g\u0259lir. Onlar da xaricd\u0259n g\u0259tirir. Dem\u0259li, m\u0259nim ald\u0131\u011f\u0131m h\u0259min g\u00fcbr\u0259nin \u00fcz\u0259rind\u0259 SOCAR-\u0131n etiketi var idi. T\u0259kc\u0259 m\u0259n yox, bu il rayonda m\u0259hsul \u0259k\u0259nl\u0259rin ham\u0131s\u0131 o g\u00fcbr\u0259d\u0259n istifad\u0259 edib. Hektar\u0131na 250 kilo alm\u0131\u015fd\u0131q. D\u00fc\u015f\u00fcn\u00fcr\u00fck ki, g\u00fcbr\u0259 keyfiyy\u0259tsiz olub\u201d.<br><\/p>\n\n\n\n<p>Fermerl\u0259r bu il g\u00fcbr\u0259 il\u0259 yana\u015f\u0131, quraql\u0131qdan da \u0259ziyy\u0259t \u00e7\u0259kibl\u0259r. H\u0259s\u0259n\u0259li \u0130bayev deyir ki, pamb\u0131q \u00e7ox nazl\u0131 bitkidir, g\u0259r\u0259k onunla yax\u015f\u0131 davranasan. Bura vaxtl\u0131-vaxt\u0131nda suvarmaq, alaqlar\u0131n\u0131 t\u0259mizl\u0259m\u0259k daxildir:<br><\/p>\n\n\n\n<p>\u201cM\u0259n d\u00fc\u015f\u00fcn\u00fcr\u0259m ki, minimum 5 d\u0259f\u0259 su verm\u0259k laz\u0131md\u0131r. Ancaq bu il sah\u0259m\u0259 d\u00f6vl\u0259t c\u0259mi bir d\u0259f\u0259 su a\u00e7d\u0131. O da min bir m\u00fcsib\u0259td\u0259n sonra. \u0130cra Hakimiyy\u0259tin\u0259 getdim, q\u0259bulda oldum. H\u0259m d\u0259 \u015f\u0259hid ail\u0259si oldu\u011fumuzdan bizim sah\u0259y\u0259 bir d\u0259f\u0259 su a\u00e7d\u0131lar\u201d.<br><\/p>\n\n\n\n<p>H\u0259s\u0259n\u0259li \u0130bayev bu il pamb\u0131\u011fa c\u0259mi iki d\u0259f\u0259 su ver\u0259 bilib. Biri icra ba\u015f\u00e7\u0131s\u0131n\u0131n tap\u015f\u0131r\u0131\u011f\u0131 il\u0259 a\u00e7\u0131lan su, dig\u0259ri is\u0259 \u015for su kollektorundan g\u00f6t\u00fcrd\u00fcy\u00fc su il\u0259:<br><\/p>\n\n\n\n<p>\u201c\u018fslind\u0259 m\u0259hsulu \u015for su il\u0259 suvarmazlar. Amma \u0259lac\u0131m qalmad\u0131, m\u0259cburiyy\u0259td\u0259n \u015for su kollektorunun \u00f6n\u00fcn\u00fc ba\u011flad\u0131m. Orda toplanan suyu motorla, borularla sah\u0259y\u0259 verdim. El\u0259 m\u0259hsuldarl\u0131\u011f\u0131n bu s\u0259viyy\u0259d\u0259 olmas\u0131n\u0131n bir s\u0259b\u0259bi d\u0259 h\u0259min \u015for sudur. Bir s\u00f6zl\u0259, k\u0259ndlini pis duruma salmaq \u00fc\u00e7\u00fcn \u0259ll\u0259rind\u0259n g\u0259l\u0259ni edirl\u0259r\u201d.<br>Daha bir problem is\u0259 \u00e7iyidl\u0259 ba\u011fl\u0131d\u0131r. H\u0259s\u0259n\u0259li \u0130bayev bildirir ki, bu il d\u00f6vl\u0259td\u0259n ald\u0131\u011f\u0131 \u00e7iyid lifli olub. <\/p>\n\n\n\n<p>M\u0259hsuldarl\u0131\u011f\u0131 pis olmas\u0131nda onun da rolu var:<br><\/p>\n\n\n\n<p>\u201c24 hektarda pamb\u0131q \u0259kmi\u015fdim. Gec\u0259-g\u00fcnd\u00fcz i\u015fl\u0259mi\u015f\u0259m. Sonda n\u0259tic\u0259si bu oldu. \u0130\u015f el\u0259 g\u0259tirdi ki, indi d\u0259 gec\u0259-g\u00fcnd\u00fcz Bak\u0131da f\u0259hl\u0259lik edib, g\u0259tirib zavoda olan borcumu \u00f6d\u0259yir\u0259m. Quzu alm\u0131\u015fd\u0131m, deyirdim k\u00f6k\u0259ldim sat\u0131m. U\u015faqlar\u0131n geyimin\u0259, anam\u0131n-atam\u0131n d\u0259rmanlar\u0131na, h\u0259kimin\u0259 x\u0259rcl\u0259y\u0259r\u0259m. Onlar\u0131 da sat\u0131b borca verm\u0259li oldum. Bir s\u00f6zl\u0259, m\u0259n h\u0259m \u0259ziyy\u0259t \u00e7\u0259kdim m\u0259hsul \u0259kdim, indi d\u0259 o m\u0259hsulun zibilin\u0259 d\u00fc\u015fm\u00fc\u015f\u0259m. B\u00fct\u00fcn g\u00fcn\u00fc i\u015fl\u0259yib borc qaytar\u0131ram. Ail\u0259m d\u0259 qal\u0131b pis durumda. Bu g\u00fcn qaza 250 manat borcum var, \u00f6d\u0259y\u0259 bilmir\u0259m. Y\u0259qin bu g\u00fcn, sabah onu da k\u0259s\u0259rl\u0259r\u201d.<br><\/p>\n\n\n\n<p class=\"has-text-align-left\">\u201cG\u00f6z\u00fcm qorxmu\u015fdu, d\u00fc\u015f\u00fcn\u00fcrd\u00fcm ki, bu il he\u00e7 n\u0259 \u0259km\u0259r\u0259m. Rayon r\u0259hb\u0259rliyi iclas etdi, s\u00f6z verdil\u0259r ki, bu il bel\u0259 problem olmayacaq. \u0130nand\u0131q, \u0259kdik, ba\u015f\u0131m\u0131za da bu g\u0259ldi. \u0130ndi d\u0259 deyirl\u0259r guya Prezident bu i\u015fl\u0259 m\u0259\u015f\u011fuldur, kompensasiya veril\u0259c\u0259k. H\u0259l\u0259 bir s\u0259s yoxdur, g\u00f6zl\u0259yir\u0259m\u201d.<\/p>\n\n\n\n<div class=\"wp-block-image\"><figure class=\"alignleft size-large is-resized\"><img decoding=\"async\" data-src=\"https:\/\/www.meydan.tv\/wp-content\/uploads\/img_1050-1095x821.jpg\" alt=\"\" class=\"wp-image-226825 lazyload\" width=\"514\" height=\"385\" src=\"data:image\/svg+xml;base64,PHN2ZyB3aWR0aD0iMSIgaGVpZ2h0PSIxIiB4bWxucz0iaHR0cDovL3d3dy53My5vcmcvMjAwMC9zdmciPjwvc3ZnPg==\" style=\"--smush-placeholder-width: 514px; --smush-placeholder-aspect-ratio: 514\/385;\" \/><figcaption>Foto: Meydan TV<\/figcaption><\/figure><\/div>\n\n\n\n<p>H\u0259s\u0259n\u0259li \u0130bayev deyir ki, bu g\u00fcn ail\u0259si ba\u015flar\u0131na g\u0259l\u0259n bu hadis\u0259y\u0259 g\u00f6r\u0259 \u00e7\u0259tin durumda ya\u015fay\u0131r:<\/p>\n\n\n\n<p>\u201cAtam \u00fcr\u0259k x\u0259st\u0259sidir, anam\u0131n qolunda \u015fi\u015f var. Bac\u0131m\u0131n u\u015fa\u011f\u0131 x\u0259st\u0259dir, h\u0259r yer\u0259 m\u00fcraci\u0259t edirik, he\u00e7 ona da k\u00f6m\u0259k etmirl\u0259r. Bu g\u00fcn deputat g\u0259lib deyirl\u0259r, probleml\u0259ri dinl\u0259y\u0259c\u0259k. Ged\u0259c\u0259m q\u0259buluna, bir \u00fcmid. G\u00f6r\u00fcm n\u0259s\u0259 k\u00f6m\u0259k ed\u0259 bil\u0259rmi. H\u0259r \u015fey normal olanda \u00f6z\u00fcm\u00fcz\u00fc doland\u0131r\u0131rd\u0131q. \u015e\u0259rait yoxdur dey\u0259, pis g\u00fcn\u0259 d\u00fc\u015fm\u00fc\u015f\u00fck. D\u00f6vl\u0259t ara\u015fd\u0131rmal\u0131d\u0131r, niy\u0259 su verilmir. O veril\u0259n g\u00fcbr\u0259 niy\u0259 keyfiyy\u0259tsizdir\u201d.<\/p>\n\n\n\n<p>K\u0259nd T\u0259s\u0259rr\u00fcfat Nazirliyinin m\u0259tbuat xidm\u0259tinin r\u0259hb\u0259ri V\u00fcqar H\u00fcseynov Meydan TV-y\u0259 bildirib ki, g\u00fcbr\u0259 il\u0259 ba\u011fl\u0131 i\u015f onlar\u0131n n\u0259zar\u0259tind\u0259 deyil. Qida T\u0259hl\u00fck\u0259sizliyi Agentliyin\u0259 m\u00fcraci\u0259t etm\u0259k laz\u0131md\u0131r. \u00c7\u00fcnki \u00f6lk\u0259y\u0259 g\u0259tiril\u0259n g\u00fcbr\u0259nin keyfiyy\u0259tin\u0259, t\u0259rkibin\u0259 onlar cavabdehdir:<br><\/p>\n\n\n\n<p>V\u00fcqar H\u00fcseynov deyir ki, Qida T\u0259hl\u00fck\u0259sizliyi Agentliyinin \u00f6z\u00fcn\u00fcn laboratoriyalar\u0131 var v\u0259 fermer m\u00fcraci\u0259t ed\u0259, orada h\u0259min g\u00fcbr\u0259nin keyfiyy\u0259tini yoxlada bil\u0259r.<br><\/p>\n\n\n\n<p>Qida T\u0259hl\u00fck\u0259sizliyi Agentliyind\u0259n probleml\u0259 ba\u011fl\u0131 cavab almaq m\u00fcmk\u00fcn olmay\u0131b.<br><\/p>\n\n\n\n<p>Bil\u0259suvar Sukanal Sah\u0259sind\u0259n bildirilib ki, b\u0259li, 2 ildir ki, isti havalarda su q\u0131tl\u0131\u011f\u0131 ya\u015fan\u0131r. Ancaq bu, \u00fcmumi problemdir v\u0259 t\u0259kc\u0259 Bil\u0259suvarda yox, yax\u0131n bir ne\u00e7\u0259 rayonlarda olub:<br><\/p>\n\n\n\n<p>\u201cProblemin h\u0259lli \u00fc\u00e7\u00fcn m\u00fcraci\u0259t olunub. \u00dcmid edirik g\u0259l\u0259n ild\u0259n bu probleml\u0259 \u00fczl\u0259\u015fm\u0259y\u0259c\u0259k fermerl\u0259r\u201d.<br>Bu ilin iyulunda Bil\u0259suvar sakinl\u0259ri su problemin\u0259 g\u00f6r\u0259 h\u0259tta yollar\u0131 da ba\u011flay\u0131b. Etiraz ed\u0259nl\u0259r i\u00e7ind\u0259 saxlananlar da olub.<br><\/p>\n\n\n\n<p>Bir ne\u00e7\u0259 il bundan \u0259vv\u0259l pamb\u0131q\u00e7\u0131l\u0131q Az\u0259rbaycanda prioritet sah\u0259l\u0259rd\u0259n biri elan edilib. R\u0259smil\u0259r son ill\u0259r pamb\u0131q\u00e7\u0131l\u0131\u011f\u0131n \u00f6lk\u0259d\u0259 inki\u015faf etdirildiyini vur\u011fulayaraq \u0259lav\u0259 edibl\u0259r ki, pamb\u0131q Az\u0259rbaycan\u0131n ixrac potensial\u0131nda \u00f6n\u0259mli yer tutur. H\u0259tta &#8220;Az\u0259rbaycan Respublikas\u0131nda pamb\u0131q\u00e7\u0131l\u0131\u011f\u0131n inki\u015faf\u0131na dair 2017-2022-ci ill\u0259r \u00fc\u00e7\u00fcn D\u00f6vl\u0259t Proqram\u0131&#8221; da q\u0259bul olunub.<\/p>\n\n\n\n<div class=\"wp-block-image\"><figure class=\"alignleft size-large is-resized\"><img decoding=\"async\" data-src=\"https:\/\/www.meydan.tv\/wp-content\/uploads\/img_3194-1095x821.jpg\" alt=\"\" class=\"wp-image-226828 lazyload\" width=\"508\" height=\"380\" src=\"data:image\/svg+xml;base64,PHN2ZyB3aWR0aD0iMSIgaGVpZ2h0PSIxIiB4bWxucz0iaHR0cDovL3d3dy53My5vcmcvMjAwMC9zdmciPjwvc3ZnPg==\" style=\"--smush-placeholder-width: 508px; --smush-placeholder-aspect-ratio: 508\/380;\" \/><figcaption>Foto: Meydan TV<\/figcaption><\/figure><\/div>\n\n\n\n<p>R\u0259smi m\u0259lumata g\u00f6r\u0259, 2018-ci ilin 8 ay\u0131nda \u00f6lk\u0259d\u0259 156 min hektarda pamb\u0131q \u0259kilib. Pamb\u0131q q\u0259bulu m\u0259nt\u0259q\u0259l\u0259rin\u0259 is\u0259 158 min 83 ton m\u0259hsul t\u0259hvil verilib. D\u00f6vl\u0259t Statistika Komit\u0259sinin vur\u011fulamas\u0131na g\u00f6r\u0259, bu, 2017-cu ilin eyni d\u00f6vr\u00fc il\u0259 m\u00fcqayis\u0259d\u0259 38 min 343 ton \u00e7ox idi.<\/p>\n\n\n\n<p>2020-ci ilin iyulunda Prezident \u0130lham \u018fliyevin yan\u0131nda su t\u0259s\u0259rr\u00fcfat\u0131n\u0131n v\u0259ziyy\u0259tin\u0259 h\u0259sr olunan m\u00fczakir\u0259l\u0259rd\u0259 K\u0259nd T\u0259s\u0259rr\u00fcfat\u0131 naziri \u0130nam K\u0259rimov bildirib ki, 100 min hektardan \u00e7ox sah\u0259d\u0259 pamb\u0131q \u0259kini h\u0259yata ke\u00e7irilib. Lakin qeyd edildiyin\u0259 g\u00f6r\u0259, 7 min hektar sah\u0259d\u0259 birinci vegetasiya suvarmas\u0131 ba\u015fa \u00e7atmay\u0131b: \u201cEyni zamanda, 49 min hektar sah\u0259d\u0259 ikinci vegetasiya suvarmas\u0131 h\u0259yata ke\u00e7irilib ki, bu g\u00f6st\u0259rici \u00f6t\u0259n ilin m\u00fcvafiq d\u00f6vr\u00fc il\u0259 m\u00fcqayis\u0259d\u0259 23 min hektar azd\u0131r. Pamb\u0131\u011f\u0131n suvar\u0131lmas\u0131nda \u0259n kritik faza ikinci vegetasiya suvarmas\u0131d\u0131r. Pamb\u0131\u011f\u0131n ikinci vegetasiya suvarmas\u0131 vaxt\u0131nda apar\u0131lmasa, m\u0259hsuldarl\u0131\u011f\u0131n 25-40 faiz a\u015fa\u011f\u0131 d\u00fc\u015fm\u0259si il\u0259 \u00fczl\u0259\u015f\u0259 bil\u0259rik\u201d.<\/p>\n\n\n\n<p>Onun qeyd etm\u0259sin\u0259 g\u00f6r\u0259, pamb\u0131\u011f\u0131n suvar\u0131lmas\u0131 \u00fczr\u0259 \u0259sas probleml\u0259r daha \u00e7ox Saatl\u0131, Sabirabad, Bil\u0259suvar, Z\u0259rdab, Salyan v\u0259 Neft\u00e7ala rayonlar\u0131nda m\u00fc\u015fahid\u0259 olunur.<\/p>\n","protected":false},"excerpt":{"rendered":"<p>Fermer h\u0259r k\u0259s\u0259 borclu qald\u0131\u011f\u0131n\u0131 deyir Lifli \u00e7iyid, xarab g\u00fcbr\u0259 &#8230; <\/p>\n<p class=\"read-more-container\"><a title=\"\u201cKeyfiyy\u0259tsiz g\u00fcbr\u0259, lifli \u00e7iyid v\u0259 su q\u0131tl\u0131\u011f\u0131 bizi bu il m\u0259hsulsuz qoydu\u201d\" class=\"read-more button\" href=\"https:\/\/www.meydan.tv\/az\/article\/keyfiyyetsiz-gubre-lifli-ciyid-ve-su-qitligi-bizi-bu-il-mehsulsuz-qoydu\/#more-226834\" aria-label=\"Read more about \u201cKeyfiyy\u0259tsiz g\u00fcbr\u0259, lifli \u00e7iyid v\u0259 su q\u0131tl\u0131\u011f\u0131 bizi bu il m\u0259hsulsuz qoydu\u201d\">Davam\u0131<\/a><\/p>\n","protected":false},"author":8,"featured_media":226831,"comment_status":"closed","ping_status":"closed","sticky":false,"template":"","format":"standard","meta":{"_acf_changed":false,"_sitemap_exclude":false,"_sitemap_priority":"","_sitemap_frequency":"","footnotes":""},"categories":[60,79,56],"tags":[],"class_list":["post-226834","post","type-post","status-publish","format-standard","has-post-thumbnail","hentry","category-bolge","category-featured","category-xeberler","infinite-scroll-item","generate-columns","tablet-grid-50","mobile-grid-100","grid-parent","grid-33","no-featured-image-padding"],"acf":[],"yoast_head":"<!-- This site is optimized with the Yoast SEO plugin v27.5 - https:\/\/yoast.com\/product\/yoast-seo-wordpress\/ -->\n<title>\u201cKeyfiyy\u0259tsiz g\u00fcbr\u0259, lifli \u00e7iyid v\u0259 su q\u0131tl\u0131\u011f\u0131 bizi bu il m\u0259hsulsuz qoydu\u201d - MEYDAN.TV<\/title>\n<meta name=\"robots\" content=\"index, follow, max-snippet:-1, max-image-preview:large, max-video-preview:-1\" \/>\n<link rel=\"canonical\" href=\"https:\/\/www.meydan.tv\/az\/article\/keyfiyyetsiz-gubre-lifli-ciyid-ve-su-qitligi-bizi-bu-il-mehsulsuz-qoydu\/\" \/>\n<meta property=\"og:locale\" content=\"az_AZ\" \/>\n<meta property=\"og:type\" content=\"article\" \/>\n<meta property=\"og:title\" content=\"\u201cKeyfiyy\u0259tsiz g\u00fcbr\u0259, lifli \u00e7iyid v\u0259 su q\u0131tl\u0131\u011f\u0131 bizi bu il m\u0259hsulsuz qoydu\u201d - MEYDAN.TV\" \/>\n<meta property=\"og:description\" content=\"Fermer h\u0259r k\u0259s\u0259 borclu qald\u0131\u011f\u0131n\u0131 deyir Lifli \u00e7iyid, xarab g\u00fcbr\u0259 ... Davam\u0131\" \/>\n<meta property=\"og:url\" content=\"https:\/\/www.meydan.tv\/az\/article\/keyfiyyetsiz-gubre-lifli-ciyid-ve-su-qitligi-bizi-bu-il-mehsulsuz-qoydu\/\" \/>\n<meta property=\"og:site_name\" content=\"MEYDAN.TV\" \/>\n<meta property=\"article:published_time\" content=\"2021-11-20T11:49:55+00:00\" \/>\n<meta property=\"article:modified_time\" content=\"2021-11-20T12:22:17+00:00\" \/>\n<meta property=\"og:image\" content=\"https:\/\/www.meydan.tv\/wp-content\/uploads\/img_3179.jpg\" \/>\n\t<meta property=\"og:image:width\" content=\"1200\" \/>\n\t<meta property=\"og:image:height\" content=\"900\" \/>\n\t<meta property=\"og:image:type\" content=\"image\/jpeg\" \/>\n<meta name=\"author\" content=\"elli\" \/>\n<meta name=\"twitter:card\" content=\"summary_large_image\" \/>\n<meta name=\"twitter:creator\" content=\"@elli\" \/>\n<script type=\"application\/ld+json\" class=\"yoast-schema-graph\">{\"@context\":\"https:\\\/\\\/schema.org\",\"@graph\":[{\"@type\":\"Article\",\"@id\":\"https:\\\/\\\/www.meydan.tv\\\/az\\\/article\\\/keyfiyyetsiz-gubre-lifli-ciyid-ve-su-qitligi-bizi-bu-il-mehsulsuz-qoydu\\\/#article\",\"isPartOf\":{\"@id\":\"https:\\\/\\\/www.meydan.tv\\\/az\\\/article\\\/keyfiyyetsiz-gubre-lifli-ciyid-ve-su-qitligi-bizi-bu-il-mehsulsuz-qoydu\\\/\"},\"author\":{\"name\":\"elli\",\"@id\":\"https:\\\/\\\/www.meydan.tv\\\/az\\\/#\\\/schema\\\/person\\\/9cdbecf90d17180ce1dfbd95b08dcf47\"},\"headline\":\"\u201cKeyfiyy\u0259tsiz g\u00fcbr\u0259, lifli \u00e7iyid v\u0259 su q\u0131tl\u0131\u011f\u0131 bizi bu il m\u0259hsulsuz qoydu\u201d\",\"datePublished\":\"2021-11-20T11:49:55+00:00\",\"dateModified\":\"2021-11-20T12:22:17+00:00\",\"mainEntityOfPage\":{\"@id\":\"https:\\\/\\\/www.meydan.tv\\\/az\\\/article\\\/keyfiyyetsiz-gubre-lifli-ciyid-ve-su-qitligi-bizi-bu-il-mehsulsuz-qoydu\\\/\"},\"wordCount\":1376,\"publisher\":{\"@id\":\"https:\\\/\\\/www.meydan.tv\\\/az\\\/#organization\"},\"image\":{\"@id\":\"https:\\\/\\\/www.meydan.tv\\\/az\\\/article\\\/keyfiyyetsiz-gubre-lifli-ciyid-ve-su-qitligi-bizi-bu-il-mehsulsuz-qoydu\\\/#primaryimage\"},\"thumbnailUrl\":\"https:\\\/\\\/www.meydan.tv\\\/wp-content\\\/uploads\\\/img_3179.jpg\",\"articleSection\":[\"B\u00f6lg\u0259\",\"T\u00f6vsiy\u0259\",\"X\u0259b\u0259rl\u0259r\"],\"inLanguage\":\"az\"},{\"@type\":\"WebPage\",\"@id\":\"https:\\\/\\\/www.meydan.tv\\\/az\\\/article\\\/keyfiyyetsiz-gubre-lifli-ciyid-ve-su-qitligi-bizi-bu-il-mehsulsuz-qoydu\\\/\",\"url\":\"https:\\\/\\\/www.meydan.tv\\\/az\\\/article\\\/keyfiyyetsiz-gubre-lifli-ciyid-ve-su-qitligi-bizi-bu-il-mehsulsuz-qoydu\\\/\",\"name\":\"\u201cKeyfiyy\u0259tsiz g\u00fcbr\u0259, lifli \u00e7iyid v\u0259 su q\u0131tl\u0131\u011f\u0131 bizi bu il m\u0259hsulsuz qoydu\u201d - MEYDAN.TV\",\"isPartOf\":{\"@id\":\"https:\\\/\\\/www.meydan.tv\\\/az\\\/#website\"},\"primaryImageOfPage\":{\"@id\":\"https:\\\/\\\/www.meydan.tv\\\/az\\\/article\\\/keyfiyyetsiz-gubre-lifli-ciyid-ve-su-qitligi-bizi-bu-il-mehsulsuz-qoydu\\\/#primaryimage\"},\"image\":{\"@id\":\"https:\\\/\\\/www.meydan.tv\\\/az\\\/article\\\/keyfiyyetsiz-gubre-lifli-ciyid-ve-su-qitligi-bizi-bu-il-mehsulsuz-qoydu\\\/#primaryimage\"},\"thumbnailUrl\":\"https:\\\/\\\/www.meydan.tv\\\/wp-content\\\/uploads\\\/img_3179.jpg\",\"datePublished\":\"2021-11-20T11:49:55+00:00\",\"dateModified\":\"2021-11-20T12:22:17+00:00\",\"breadcrumb\":{\"@id\":\"https:\\\/\\\/www.meydan.tv\\\/az\\\/article\\\/keyfiyyetsiz-gubre-lifli-ciyid-ve-su-qitligi-bizi-bu-il-mehsulsuz-qoydu\\\/#breadcrumb\"},\"inLanguage\":\"az\",\"potentialAction\":[{\"@type\":\"ReadAction\",\"target\":[\"https:\\\/\\\/www.meydan.tv\\\/az\\\/article\\\/keyfiyyetsiz-gubre-lifli-ciyid-ve-su-qitligi-bizi-bu-il-mehsulsuz-qoydu\\\/\"]}]},{\"@type\":\"ImageObject\",\"inLanguage\":\"az\",\"@id\":\"https:\\\/\\\/www.meydan.tv\\\/az\\\/article\\\/keyfiyyetsiz-gubre-lifli-ciyid-ve-su-qitligi-bizi-bu-il-mehsulsuz-qoydu\\\/#primaryimage\",\"url\":\"https:\\\/\\\/www.meydan.tv\\\/wp-content\\\/uploads\\\/img_3179.jpg\",\"contentUrl\":\"https:\\\/\\\/www.meydan.tv\\\/wp-content\\\/uploads\\\/img_3179.jpg\",\"width\":1200,\"height\":900,\"caption\":\"Bil\u0259suvar rayonu, Aranl\u0131 k\u0259ndi, Foto: Meydan TV\"},{\"@type\":\"BreadcrumbList\",\"@id\":\"https:\\\/\\\/www.meydan.tv\\\/az\\\/article\\\/keyfiyyetsiz-gubre-lifli-ciyid-ve-su-qitligi-bizi-bu-il-mehsulsuz-qoydu\\\/#breadcrumb\",\"itemListElement\":[{\"@type\":\"ListItem\",\"position\":1,\"name\":\"Ana s\u0259hif\u0259\",\"item\":\"https:\\\/\\\/www.meydan.tv\\\/az\\\/\"},{\"@type\":\"ListItem\",\"position\":2,\"name\":\"B\u00f6lg\u0259\",\"item\":\"https:\\\/\\\/www.meydan.tv\\\/az\\\/section\\\/bolge\\\/\"},{\"@type\":\"ListItem\",\"position\":3,\"name\":\"\u201cKeyfiyy\u0259tsiz g\u00fcbr\u0259, lifli \u00e7iyid v\u0259 su q\u0131tl\u0131\u011f\u0131 bizi bu il m\u0259hsulsuz qoydu\u201d\"}]},{\"@type\":\"WebSite\",\"@id\":\"https:\\\/\\\/www.meydan.tv\\\/az\\\/#website\",\"url\":\"https:\\\/\\\/www.meydan.tv\\\/az\\\/\",\"name\":\"MEYDAN.TV\",\"description\":\"Meydan TV Az\u0259rbaycan\u0131n media m\u0259kan\u0131ndak\u0131 alternativ s\u0259sidir\",\"publisher\":{\"@id\":\"https:\\\/\\\/www.meydan.tv\\\/az\\\/#organization\"},\"potentialAction\":[{\"@type\":\"SearchAction\",\"target\":{\"@type\":\"EntryPoint\",\"urlTemplate\":\"https:\\\/\\\/www.meydan.tv\\\/az\\\/?s={search_term_string}\"},\"query-input\":{\"@type\":\"PropertyValueSpecification\",\"valueRequired\":true,\"valueName\":\"search_term_string\"}}],\"inLanguage\":\"az\"},{\"@type\":\"Organization\",\"@id\":\"https:\\\/\\\/www.meydan.tv\\\/az\\\/#organization\",\"name\":\"Meydan TV\",\"url\":\"https:\\\/\\\/www.meydan.tv\\\/az\\\/\",\"logo\":{\"@type\":\"ImageObject\",\"inLanguage\":\"az\",\"@id\":\"https:\\\/\\\/www.meydan.tv\\\/az\\\/#\\\/schema\\\/logo\\\/image\\\/\",\"url\":\"https:\\\/\\\/www.meydan.tv\\\/wp-content\\\/uploads\\\/2021\\\/07\\\/meydan-logo.svg\",\"contentUrl\":\"https:\\\/\\\/www.meydan.tv\\\/wp-content\\\/uploads\\\/2021\\\/07\\\/meydan-logo.svg\",\"width\":195,\"height\":46,\"caption\":\"Meydan TV\"},\"image\":{\"@id\":\"https:\\\/\\\/www.meydan.tv\\\/az\\\/#\\\/schema\\\/logo\\\/image\\\/\"}},{\"@type\":\"Person\",\"@id\":\"https:\\\/\\\/www.meydan.tv\\\/az\\\/#\\\/schema\\\/person\\\/9cdbecf90d17180ce1dfbd95b08dcf47\",\"name\":\"elli\",\"sameAs\":[\"https:\\\/\\\/x.com\\\/elli\"]}]}<\/script>\n<!-- \/ Yoast SEO plugin. -->","yoast_head_json":{"title":"\u201cKeyfiyy\u0259tsiz g\u00fcbr\u0259, lifli \u00e7iyid v\u0259 su q\u0131tl\u0131\u011f\u0131 bizi bu il m\u0259hsulsuz qoydu\u201d - MEYDAN.TV","robots":{"index":"index","follow":"follow","max-snippet":"max-snippet:-1","max-image-preview":"max-image-preview:large","max-video-preview":"max-video-preview:-1"},"canonical":"https:\/\/www.meydan.tv\/az\/article\/keyfiyyetsiz-gubre-lifli-ciyid-ve-su-qitligi-bizi-bu-il-mehsulsuz-qoydu\/","og_locale":"az_AZ","og_type":"article","og_title":"\u201cKeyfiyy\u0259tsiz g\u00fcbr\u0259, lifli \u00e7iyid v\u0259 su q\u0131tl\u0131\u011f\u0131 bizi bu il m\u0259hsulsuz qoydu\u201d - MEYDAN.TV","og_description":"Fermer h\u0259r k\u0259s\u0259 borclu qald\u0131\u011f\u0131n\u0131 deyir Lifli \u00e7iyid, xarab g\u00fcbr\u0259 ... Davam\u0131","og_url":"https:\/\/www.meydan.tv\/az\/article\/keyfiyyetsiz-gubre-lifli-ciyid-ve-su-qitligi-bizi-bu-il-mehsulsuz-qoydu\/","og_site_name":"MEYDAN.TV","article_published_time":"2021-11-20T11:49:55+00:00","article_modified_time":"2021-11-20T12:22:17+00:00","og_image":[{"width":1200,"height":900,"url":"https:\/\/www.meydan.tv\/wp-content\/uploads\/img_3179.jpg","type":"image\/jpeg"}],"author":"elli","twitter_card":"summary_large_image","twitter_creator":"@elli","schema":{"@context":"https:\/\/schema.org","@graph":[{"@type":"Article","@id":"https:\/\/www.meydan.tv\/az\/article\/keyfiyyetsiz-gubre-lifli-ciyid-ve-su-qitligi-bizi-bu-il-mehsulsuz-qoydu\/#article","isPartOf":{"@id":"https:\/\/www.meydan.tv\/az\/article\/keyfiyyetsiz-gubre-lifli-ciyid-ve-su-qitligi-bizi-bu-il-mehsulsuz-qoydu\/"},"author":{"name":"elli","@id":"https:\/\/www.meydan.tv\/az\/#\/schema\/person\/9cdbecf90d17180ce1dfbd95b08dcf47"},"headline":"\u201cKeyfiyy\u0259tsiz g\u00fcbr\u0259, lifli \u00e7iyid v\u0259 su q\u0131tl\u0131\u011f\u0131 bizi bu il m\u0259hsulsuz qoydu\u201d","datePublished":"2021-11-20T11:49:55+00:00","dateModified":"2021-11-20T12:22:17+00:00","mainEntityOfPage":{"@id":"https:\/\/www.meydan.tv\/az\/article\/keyfiyyetsiz-gubre-lifli-ciyid-ve-su-qitligi-bizi-bu-il-mehsulsuz-qoydu\/"},"wordCount":1376,"publisher":{"@id":"https:\/\/www.meydan.tv\/az\/#organization"},"image":{"@id":"https:\/\/www.meydan.tv\/az\/article\/keyfiyyetsiz-gubre-lifli-ciyid-ve-su-qitligi-bizi-bu-il-mehsulsuz-qoydu\/#primaryimage"},"thumbnailUrl":"https:\/\/www.meydan.tv\/wp-content\/uploads\/img_3179.jpg","articleSection":["B\u00f6lg\u0259","T\u00f6vsiy\u0259","X\u0259b\u0259rl\u0259r"],"inLanguage":"az"},{"@type":"WebPage","@id":"https:\/\/www.meydan.tv\/az\/article\/keyfiyyetsiz-gubre-lifli-ciyid-ve-su-qitligi-bizi-bu-il-mehsulsuz-qoydu\/","url":"https:\/\/www.meydan.tv\/az\/article\/keyfiyyetsiz-gubre-lifli-ciyid-ve-su-qitligi-bizi-bu-il-mehsulsuz-qoydu\/","name":"\u201cKeyfiyy\u0259tsiz g\u00fcbr\u0259, lifli \u00e7iyid v\u0259 su q\u0131tl\u0131\u011f\u0131 bizi bu il m\u0259hsulsuz qoydu\u201d - MEYDAN.TV","isPartOf":{"@id":"https:\/\/www.meydan.tv\/az\/#website"},"primaryImageOfPage":{"@id":"https:\/\/www.meydan.tv\/az\/article\/keyfiyyetsiz-gubre-lifli-ciyid-ve-su-qitligi-bizi-bu-il-mehsulsuz-qoydu\/#primaryimage"},"image":{"@id":"https:\/\/www.meydan.tv\/az\/article\/keyfiyyetsiz-gubre-lifli-ciyid-ve-su-qitligi-bizi-bu-il-mehsulsuz-qoydu\/#primaryimage"},"thumbnailUrl":"https:\/\/www.meydan.tv\/wp-content\/uploads\/img_3179.jpg","datePublished":"2021-11-20T11:49:55+00:00","dateModified":"2021-11-20T12:22:17+00:00","breadcrumb":{"@id":"https:\/\/www.meydan.tv\/az\/article\/keyfiyyetsiz-gubre-lifli-ciyid-ve-su-qitligi-bizi-bu-il-mehsulsuz-qoydu\/#breadcrumb"},"inLanguage":"az","potentialAction":[{"@type":"ReadAction","target":["https:\/\/www.meydan.tv\/az\/article\/keyfiyyetsiz-gubre-lifli-ciyid-ve-su-qitligi-bizi-bu-il-mehsulsuz-qoydu\/"]}]},{"@type":"ImageObject","inLanguage":"az","@id":"https:\/\/www.meydan.tv\/az\/article\/keyfiyyetsiz-gubre-lifli-ciyid-ve-su-qitligi-bizi-bu-il-mehsulsuz-qoydu\/#primaryimage","url":"https:\/\/www.meydan.tv\/wp-content\/uploads\/img_3179.jpg","contentUrl":"https:\/\/www.meydan.tv\/wp-content\/uploads\/img_3179.jpg","width":1200,"height":900,"caption":"Bil\u0259suvar rayonu, Aranl\u0131 k\u0259ndi, Foto: Meydan TV"},{"@type":"BreadcrumbList","@id":"https:\/\/www.meydan.tv\/az\/article\/keyfiyyetsiz-gubre-lifli-ciyid-ve-su-qitligi-bizi-bu-il-mehsulsuz-qoydu\/#breadcrumb","itemListElement":[{"@type":"ListItem","position":1,"name":"Ana s\u0259hif\u0259","item":"https:\/\/www.meydan.tv\/az\/"},{"@type":"ListItem","position":2,"name":"B\u00f6lg\u0259","item":"https:\/\/www.meydan.tv\/az\/section\/bolge\/"},{"@type":"ListItem","position":3,"name":"\u201cKeyfiyy\u0259tsiz g\u00fcbr\u0259, lifli \u00e7iyid v\u0259 su q\u0131tl\u0131\u011f\u0131 bizi bu il m\u0259hsulsuz qoydu\u201d"}]},{"@type":"WebSite","@id":"https:\/\/www.meydan.tv\/az\/#website","url":"https:\/\/www.meydan.tv\/az\/","name":"MEYDAN.TV","description":"Meydan TV Az\u0259rbaycan\u0131n media m\u0259kan\u0131ndak\u0131 alternativ s\u0259sidir","publisher":{"@id":"https:\/\/www.meydan.tv\/az\/#organization"},"potentialAction":[{"@type":"SearchAction","target":{"@type":"EntryPoint","urlTemplate":"https:\/\/www.meydan.tv\/az\/?s={search_term_string}"},"query-input":{"@type":"PropertyValueSpecification","valueRequired":true,"valueName":"search_term_string"}}],"inLanguage":"az"},{"@type":"Organization","@id":"https:\/\/www.meydan.tv\/az\/#organization","name":"Meydan TV","url":"https:\/\/www.meydan.tv\/az\/","logo":{"@type":"ImageObject","inLanguage":"az","@id":"https:\/\/www.meydan.tv\/az\/#\/schema\/logo\/image\/","url":"https:\/\/www.meydan.tv\/wp-content\/uploads\/2021\/07\/meydan-logo.svg","contentUrl":"https:\/\/www.meydan.tv\/wp-content\/uploads\/2021\/07\/meydan-logo.svg","width":195,"height":46,"caption":"Meydan TV"},"image":{"@id":"https:\/\/www.meydan.tv\/az\/#\/schema\/logo\/image\/"}},{"@type":"Person","@id":"https:\/\/www.meydan.tv\/az\/#\/schema\/person\/9cdbecf90d17180ce1dfbd95b08dcf47","name":"elli","sameAs":["https:\/\/x.com\/elli"]}]}},"_links":{"self":[{"href":"https:\/\/www.meydan.tv\/az\/wp-json\/wp\/v2\/posts\/226834","targetHints":{"allow":["GET"]}}],"collection":[{"href":"https:\/\/www.meydan.tv\/az\/wp-json\/wp\/v2\/posts"}],"about":[{"href":"https:\/\/www.meydan.tv\/az\/wp-json\/wp\/v2\/types\/post"}],"author":[{"embeddable":true,"href":"https:\/\/www.meydan.tv\/az\/wp-json\/wp\/v2\/users\/8"}],"replies":[{"embeddable":true,"href":"https:\/\/www.meydan.tv\/az\/wp-json\/wp\/v2\/comments?post=226834"}],"version-history":[{"count":2,"href":"https:\/\/www.meydan.tv\/az\/wp-json\/wp\/v2\/posts\/226834\/revisions"}],"predecessor-version":[{"id":226845,"href":"https:\/\/www.meydan.tv\/az\/wp-json\/wp\/v2\/posts\/226834\/revisions\/226845"}],"wp:featuredmedia":[{"embeddable":true,"href":"https:\/\/www.meydan.tv\/az\/wp-json\/wp\/v2\/media\/226831"}],"wp:attachment":[{"href":"https:\/\/www.meydan.tv\/az\/wp-json\/wp\/v2\/media?parent=226834"}],"wp:term":[{"taxonomy":"category","embeddable":true,"href":"https:\/\/www.meydan.tv\/az\/wp-json\/wp\/v2\/categories?post=226834"},{"taxonomy":"post_tag","embeddable":true,"href":"https:\/\/www.meydan.tv\/az\/wp-json\/wp\/v2\/tags?post=226834"}],"curies":[{"name":"wp","href":"https:\/\/api.w.org\/{rel}","templated":true}]}}