{"id":226718,"date":"2021-11-19T15:59:58","date_gmt":"2021-11-19T11:59:58","guid":{"rendered":"https:\/\/www.meydan.tv\/?p=226718"},"modified":"2021-11-19T16:14:47","modified_gmt":"2021-11-19T12:14:47","slug":"tengivanlilar-qum-cinqil-karxanasi-kendi-yerle-yeksan-edib","status":"publish","type":"post","link":"https:\/\/www.meydan.tv\/az\/article\/tengivanlilar-qum-cinqil-karxanasi-kendi-yerle-yeksan-edib\/","title":{"rendered":"T\u0259ngivanl\u0131lar: Qum-\u00e7\u0131nq\u0131l karxanas\u0131 k\u0259ndi yerl\u0259-yeksan edib"},"content":{"rendered":"\n<p>\u201cL\u0259nk\u0259ran Rayon M\u0259hk\u0259m\u0259si bu sahibkarla ba\u011fl\u0131 h\u0259tta d\u00f6vl\u0259t qurumlar\u0131ndan daxil olan \u015fikay\u0259tl\u0259ri d\u0259 \u00f6rt-basd\u0131r edir\u201d<br><\/p>\n\n\n\n<p>\u201c12 ild\u0259n \u00e7oxdur ki, k\u0259ndimiz bir qum-\u00e7\u0131nq\u0131l karxanas\u0131 t\u0259r\u0259find\u0259n yerl\u0259-yeksan olunur. B\u00fct\u00fcn d\u00f6vl\u0259t orqanlar\u0131 buna g\u00f6z yumur. L\u0259nk\u0259ran\u00e7ay\u0131 qazandan sonra ke\u00e7dil\u0259r \u00f6r\u00fc\u015f yerl\u0259rimiz\u0259, yollarm\u0131za, pay torpaqlar\u0131m\u0131za\u201d.<br><\/p>\n\n\n\n<p>L\u0259nk\u0259ran\u0131n A\u015fa\u011f\u0131 T\u0259ngivan k\u0259nd sakini Zakir \u018fliyev deyir, h\u0259r g\u00fcn \u00e7aya yax\u0131n \u0259razid\u0259ki mal-qara yerin\u0259 g\u0259lib \u00e7atmaq \u00fc\u00e7\u00fcn 2 saatdan \u00e7ox vaxt s\u0259rf edir. S\u0259b\u0259bs\u0259 karxanan\u0131n \u0259razid\u0259 qaz\u0131nt\u0131lar aparmaqla yollar\u0131 ke\u00e7ilm\u0259z etm\u0259sidir:<br><\/p>\n\n\n\n<p>\u201c\u00c7ay\u0131n sahilind\u0259ki 50 hektardan \u00e7ox torpaq sah\u0259sini 10 metr d\u0259rinliyind\u0259 qaz\u0131b da\u015f\u0131d\u0131lar. 10 hektarlarla feyxoa ba\u011flar\u0131 m\u0259hv edilib. Ancaq bu acg\u00f6zl\u0259r h\u0259l\u0259 d\u0259 dayanmaq bilmirl\u0259r v\u0259 bunlar\u0131 he\u00e7 k\u0259s dayand\u0131rm\u0131r\u201d.<br><\/p>\n\n\n\n<p>T\u0259ngivanl\u0131lar bundan \u0259vv\u0259l d\u0259 Meydan TV-y\u0259 m\u00fcraci\u0259t <a href=\"https:\/\/www.meydan.tv\/az\/article\/qaza-qaza-gelib-pay-torpaqlarimiza-catiblar\/?ref=article-related-artciles\" target=\"_blank\" rel=\"noreferrer noopener\">edibl\u0259r<\/a>. Ancaq problem h\u0259llini tapmay\u0131b, \u0259ksin\u0259, qaz\u0131nt\u0131n\u0131n miqyas\u0131 daha da b\u00f6y\u00fcy\u00fcb:<br><\/p>\n\n\n\n<p>\u201cY\u00fczl\u0259rl\u0259 a\u011fac \u00e7\u0131xar\u0131l\u0131b, m\u0259hv edilib, qalan y\u00fczl\u0259rl\u0259 a\u011facsa quruyub gedir. 40-50 il \u0259vv\u0259l \u0259kdiyimiz a\u011faclardan iz qalmay\u0131b. O vaxtlar \u0259ll\u0259riizl\u0259 qazd\u0131\u011f\u0131m\u0131z su kanallar\u0131n\u0131 texnikalarla da\u011f\u0131d\u0131blar, a\u011faclar\u0131 suvara bilm\u0259dik. M\u0259n ill\u0259rl\u0259 bu ba\u011f\u0131n meyv\u0259sini sat\u0131b ail\u0259mi doland\u0131rm\u0131\u015fam. Ancaq ne\u00e7\u0259 ildir ki, n\u0259 a\u011fac var, n\u0259 meyv\u0259\u2026 K\u0259ndlil\u0259r dolan\u0131\u015f\u0131qlar\u0131n\u0131 ba\u011flardan, \u0259kin sash\u0259l\u0259rind\u0259n t\u0259min edirdil\u0259r, indi ham\u0131 ac-susuz qal\u0131b\u201d.<br><\/p>\n\n\n\n<p>K\u0259ndlil\u0259r t\u0259\u0259ss\u00fcfl\u0259nirl\u0259r ki, bundan sonra buralarda \u0259kin aparmaq, m\u0259hsul g\u00f6t\u00fcrm\u0259k m\u00fcmk\u00fcn deyil:<br><\/p>\n\n\n\n<p>\u201cPay torpaqlar\u0131m\u0131za ged\u0259n yollar\u0131m\u0131z da darmada\u011f\u0131n edilib, pay torpaqlar\u0131m\u0131zdan \u0259limizi \u00fczm\u00fc\u015f\u00fck. Burda o q\u0259d\u0259r qaz\u0131nt\u0131 apar\u0131l\u0131b ki, daha burda n\u0259 \u0259kin i\u015fi aparmaq, n\u0259 d\u0259 m\u0259hsul g\u00f6t\u00fcrm\u0259k olar\u201d. <\/p>\n\n\n\n<p>\u015eikay\u0259t\u00e7il\u0259r deyirl\u0259r ki, t\u0259ngivanl\u0131lar g\u00f6zl\u0259rini bu pay torpaqlar\u0131na dikmi\u015fdil\u0259r, onu da bu v\u0259ziyy\u0259t\u0259 sal\u0131blar:<br><\/p>\n\n\n\n<p>\u201cKarxanan\u0131n sahibi \u015eaiq H\u0259s\u0259nov deyir, hara yaz\u0131rs\u0131z yaz\u0131n, m\u0259n\u0259 he\u00e7 kim he\u00e7 n\u0259 ed\u0259 bilm\u0259z. Siz\u0259 fotolar, videolar g\u00f6nd\u0259rmi\u015fik, bax\u0131n, A\u015fa\u011f\u0131 v\u0259 Yuxar\u0131 T\u0259ngivan bel\u0259c\u0259 viran qal\u0131b. Hara yaz\u0131r\u0131qsa, m\u0259ktublar\u0131m\u0131z guya ara\u015fd\u0131r\u0131lmas\u0131 \u00fc\u00e7\u00fcn L\u0259nk\u0259rana qay\u0131d\u0131r, burda da \u00f6rt-basd\u0131r olunur. Bu sahibkar m\u0259hk\u0259m\u0259ni d\u0259 \u0259l\u0259 al\u0131b\u201d.<br><\/p>\n\n\n\n<p>K\u0259ndlil\u0259rin s\u00f6zl\u0259rin\u0259 g\u00f6r\u0259, k\u0259ndin \u0259razisind\u0259n ke\u00e7\u0259n 10 min voltluq elektrik dir\u0259kl\u0259rinin \u0259traflar\u0131 da d\u0259rin qaz\u0131lmaqla t\u0259hl\u00fck\u0259li v\u0259ziyy\u0259t yarad\u0131l\u0131b:<br><\/p>\n\n\n\n<p>\u201c\u0130cra hakimiyy\u0259ti ba\u015f\u00e7\u0131s\u0131n\u0131n m\u00fcavini d\u0259 g\u0259lib baxd\u0131, dedi, bunlar n\u0259 oyun \u00e7\u0131xar\u0131rlar, bu g\u0259rginlikd\u0259 elektrik dir\u0259kl\u0259rinin dibini nec\u0259 qazmaq olar? Dedi, getdi, n\u0259 karxana sahibin\u0259 s\u00f6z dey\u0259n oldu, n\u0259 d\u0259 bir t\u0259dbir g\u00f6r\u0259n\u2026\u201d<br><\/p>\n\n\n\n<p>Ekologiya v\u0259 T\u0259bii S\u0259rv\u0259tl\u0259r Nazirliyinin D\u00f6vl\u0259t Mineral Xammal Ehtiyatlar\u0131ndan \u0130stifad\u0259 Agentliyi \u00f6t\u0259n ay k\u0259nd sakinl\u0259rin\u0259 m\u0259ktub g\u00f6nd\u0259rib. H\u0259min m\u0259ktubda yaz\u0131lanlar nazirliyin avqustda yayd\u0131\u011f\u0131 a\u00e7\u0131qlamada da yer al\u0131b.<br><\/p>\n\n\n\n<figure class=\"wp-block-image size-large\"><img decoding=\"async\" width=\"1200\" height=\"675\" data-src=\"https:\/\/www.meydan.tv\/wp-content\/uploads\/photo-2021-11-17-14-39-14-1200x675.jpg\" alt=\"\" class=\"wp-image-226715 lazyload\" src=\"data:image\/svg+xml;base64,PHN2ZyB3aWR0aD0iMSIgaGVpZ2h0PSIxIiB4bWxucz0iaHR0cDovL3d3dy53My5vcmcvMjAwMC9zdmciPjwvc3ZnPg==\" style=\"--smush-placeholder-width: 1200px; --smush-placeholder-aspect-ratio: 1200\/675;\" \/><figcaption>A\u015fa\u011f\u0131 T\u0259ngivan k\u0259ndi, Foto: Meydan TV<\/figcaption><\/figure>\n\n\n\n<p>Nazirliyin bu ilin avqustunda yayd\u0131\u011f\u0131 a\u00e7\u0131qlamada bildirilir ki, v\u0259t\u0259nda\u015flar\u0131n m\u00fcraci\u0259tin\u0259 \u0259sas\u0259n Ekologiya v\u0259 T\u0259bii S\u0259rv\u0259tl\u0259r Nazirliyinin Yan\u0131nda Milli Hidrometrologiya Xidm\u0259tinin \u0259m\u0259kda\u015flar\u0131 t\u0259r\u0259find\u0259n L\u0259nk\u0259ran rayonu T\u0259ngivan k\u0259ndi \u0259razisind\u0259 f\u0259aliyy\u0259t g\u00f6st\u0259r\u0259n \u201cPROFCO\u201d MMC qum-\u00e7\u0131nq\u0131l karxanas\u0131n\u0131n ya\u015fay\u0131\u015f evl\u0259rin\u0259 yax\u0131n \u0259razid\u0259 monitorinq apar\u0131l\u0131b:<br><\/p>\n\n\n\n<p>1 sayl\u0131 Regional Ekologiya v\u0259 T\u0259bii S\u0259rv\u0259tl\u0259r \u0130dar\u0259sind\u0259n Meydan TV-y\u0259 bildirilib ki, bir ne\u00e7\u0259 ay \u0259vv\u0259l L\u0259nk\u0259ran\u00e7ay qum-\u00e7\u0131nq\u0131l yata\u011f\u0131na yen\u0259 bax\u0131\u015f ke\u00e7irilib. Bax\u0131\u015f zaman\u0131 \u201cProfco\u201d MMC-nin m\u00fcvafiq icaz\u0259 s\u0259n\u0259di olmadan qanunsuz f\u0259aliyy\u0259t g\u00f6st\u0259rdiyi m\u00fc\u0259yy\u0259n edilib. \u0130nzibati X\u0259talar M\u0259c\u0259ll\u0259sinin 228-ci madd\u0259si il\u0259 t\u0259rtib olunmu\u015f inzibati protokol yen\u0259 L\u0259nk\u0259ran Rayon M\u0259hk\u0259m\u0259sin\u0259 g\u00f6nd\u0259rilib. Bu d\u0259f\u0259 d\u0259 m\u0259hk\u0259m\u0259 t\u0259r\u0259find\u0259 i\u015f \u00fczr\u0259 icraata xitam verib. Eyni zamanda toplanm\u0131\u015f materiallar Ba\u015f Prokurorlu\u011fa da g\u00f6nd\u0259rilib.<br><\/p>\n\n\n\n<p>K\u0259nd sakinl\u0259ri deyir, onlar bu m\u0259hk\u0259m\u0259d\u0259 i\u015ftirak etm\u0259k ist\u0259s\u0259l\u0259r d\u0259, imkan verilm\u0259yib:<br><\/p>\n\n\n\n<p>\u201c\u0130ki d\u0259f\u0259 m\u0259hk\u0259m\u0259y\u0259 getdik, hakim R\u0259\u015fad M\u0259mm\u0259dov bizi g\u00f6r\u00fcb, h\u0259r ikisind\u0259 iclas\u0131 t\u0259xir\u0259 sald\u0131. \u00dc\u00e7\u00fcnc\u00fc d\u0259f\u0259 ged\u0259nd\u0259 is\u0259 bizi m\u0259hk\u0259m\u0259 salonuna buraxmad\u0131. Hakim karxanan\u0131n sahibiyl\u0259 \u0259lbir olub, el\u0259 oradaca i\u015f\u0259 bax\u0131lmas\u0131na xitam verdi. L\u0259nk\u0259ran Rayon M\u0259hk\u0259m\u0259si bu sahibkarla ba\u011fl\u0131 h\u0259tta d\u00f6vl\u0259t qurumlar\u0131ndan daxil olan \u015fikay\u0259tl\u0259ri d\u0259 \u00f6rt-basd\u0131r edir\u201d.<br><\/p>\n\n\n\n<p>L\u0259nk\u0259ran \u015e\u0259h\u0259r \u0130cra Hakimiyy\u0259ti ba\u015f\u00e7\u0131s\u0131n\u0131n 13.05.2014-c\u00fc il tarixli 127 sayl\u0131 s\u0259r\u0259ncam\u0131 il\u0259 \u201cL\u0259nk\u0259ran\u00e7ay-2\u201d qum-\u00e7\u0131nq\u0131l yata\u011f\u0131ndan 7.0 ha torpaq sah\u0259si \u201cPROFCO\u201d MMC v\u0259 \u201cBayram-M\u201d \u015firk\u0259tin\u0259 ayr\u0131l\u0131b. H\u0259min torpaq sah\u0259sinin 1.0 ha-da da\u015f q\u0131rma materiallar\u0131n\u0131n istehsal\u0131 \u00fc\u00e7\u00fcn avadanl\u0131qlar\u0131n qura\u015fd\u0131r\u0131lmas\u0131na v\u0259 6.0 ha-da is\u0259 qum-\u00e7\u0131nq\u0131l material\u0131n\u0131n g\u00f6t\u00fcr\u00fclm\u0259sin\u0259 icaz\u0259 verilib. \u0130cra hakimiyy\u0259tind\u0259n Meydan TV-y\u0259 bildirilib ki, karxan\u0131n f\u0259aliyy\u0259ti tam qanunidir v\u0259 b\u00fct\u00fcn normativl\u0259r\u0259 cavab verir.<br><\/p>\n\n\n\n<p>Meydan TV s\u00f6z\u00fcged\u0259n \u015firk\u0259tin sahibi il\u0259 \u0259laq\u0259 saxlaya bilm\u0259yib.<br><\/p>\n\n\n\n<figure class=\"wp-block-image size-large\"><img decoding=\"async\" width=\"1200\" height=\"675\" data-src=\"https:\/\/www.meydan.tv\/wp-content\/uploads\/photo-2021-11-17-14-39-14-1-1200x675.jpg\" alt=\"\" class=\"wp-image-226712 lazyload\" src=\"data:image\/svg+xml;base64,PHN2ZyB3aWR0aD0iMSIgaGVpZ2h0PSIxIiB4bWxucz0iaHR0cDovL3d3dy53My5vcmcvMjAwMC9zdmciPjwvc3ZnPg==\" style=\"--smush-placeholder-width: 1200px; --smush-placeholder-aspect-ratio: 1200\/675;\" \/><figcaption>A\u015fa\u011f\u0131 T\u0259ngivan k\u0259ndi, Foto: Meydan TV<\/figcaption><\/figure>\n\n\n\n<p>Bu k\u0259nd \u0259vv\u0259ll\u0259r rayonun Rvo k\u0259nd inzibati \u0259razi dair\u0259sinin t\u0259rkibind\u0259 olub. 2011-ci ilin oktyabr\u0131nda Milli M\u0259clisin q\u0259rar\u0131 il\u0259 m\u0259rk\u0259zi \u015eovu k\u0259ndi olmaqla \u015eovu k\u0259nd inzibati \u0259razi dair\u0259si yarad\u0131l\u0131b v\u0259 T\u0259ngivan da \u0259vv\u0259lki \u0259razi dair\u0259sinin t\u0259rkibind\u0259n ayr\u0131laraq yeri \u0259razi dair\u0259sinin t\u0259rkibin\u0259 ke\u00e7ib. Da\u011f\u0259t\u0259yi k\u0259ndi L\u0259nk\u0259ran\u00e7ay iki hiss\u0259y\u0259 b\u00f6l\u00fcr \u2013 Yuxar\u0131 T\u0259ngivan \u00e7ay\u0131n sol, A\u015fa\u011f\u0131 T\u0259ngivan is\u0259 sa\u011f qolunda yerl\u0259\u015fir.<br><\/p>\n\n\n\n<p>A\u015fa\u011f\u0131 v\u0259 Yuxar\u0131 T\u0259ngivanda \u0259halinin say\u0131 500 n\u0259f\u0259r civar\u0131ndad\u0131r. \u018fhalinin dolan\u0131\u015f\u011f\u0131 k\u0259ndi iki hiss\u0259y\u0259 b\u00f6l\u0259n L\u0259nk\u0259ran\u00e7ay\u0131n o tay\u0131ndak\u0131 pay torpaqlar\u0131ndan \u00e7\u0131x\u0131r. \u00c7\u00fcnki k\u0259ndlil\u0259rin \u0259sas m\u0259\u015f\u011fuliyy\u0259ti \u0259kin\u00e7ilik v\u0259 heyvandarl\u0131qdan ibar\u0259tdir. Ancaq qaz\u0131nt\u0131lar k\u0259ndlil\u0259ri k\u0259nd t\u0259s\u0259rr\u00fcfat\u0131 il\u0259 m\u0259\u015f\u011ful olmaqdan m\u0259hrum edib.<\/p>\n","protected":false},"excerpt":{"rendered":"<p>\u201cL\u0259nk\u0259ran Rayon M\u0259hk\u0259m\u0259si bu sahibkarla ba\u011fl\u0131 h\u0259tta d\u00f6vl\u0259t qurumlar\u0131ndan daxil &#8230; <\/p>\n<p class=\"read-more-container\"><a title=\"T\u0259ngivanl\u0131lar: Qum-\u00e7\u0131nq\u0131l karxanas\u0131 k\u0259ndi yerl\u0259-yeksan edib\" class=\"read-more button\" href=\"https:\/\/www.meydan.tv\/az\/article\/tengivanlilar-qum-cinqil-karxanasi-kendi-yerle-yeksan-edib\/#more-226718\" aria-label=\"Read more about T\u0259ngivanl\u0131lar: Qum-\u00e7\u0131nq\u0131l karxanas\u0131 k\u0259ndi yerl\u0259-yeksan edib\">Davam\u0131<\/a><\/p>\n","protected":false},"author":8,"featured_media":226709,"comment_status":"closed","ping_status":"closed","sticky":false,"template":"","format":"standard","meta":{"_acf_changed":false,"_sitemap_exclude":false,"_sitemap_priority":"","_sitemap_frequency":"","footnotes":""},"categories":[60,88,79,56],"tags":[],"class_list":["post-226718","post","type-post","status-publish","format-standard","has-post-thumbnail","hentry","category-bolge","category-redaktor-secimi","category-featured","category-xeberler","infinite-scroll-item","generate-columns","tablet-grid-50","mobile-grid-100","grid-parent","grid-33","no-featured-image-padding"],"acf":[],"yoast_head":"<!-- This site is optimized with the Yoast SEO plugin v27.5 - https:\/\/yoast.com\/product\/yoast-seo-wordpress\/ -->\n<title>T\u0259ngivanl\u0131lar: Qum-\u00e7\u0131nq\u0131l karxanas\u0131 k\u0259ndi yerl\u0259-yeksan edib - MEYDAN.TV<\/title>\n<meta name=\"robots\" content=\"index, follow, max-snippet:-1, max-image-preview:large, max-video-preview:-1\" \/>\n<link rel=\"canonical\" href=\"https:\/\/www.meydan.tv\/az\/article\/tengivanlilar-qum-cinqil-karxanasi-kendi-yerle-yeksan-edib\/\" \/>\n<meta property=\"og:locale\" content=\"az_AZ\" \/>\n<meta property=\"og:type\" content=\"article\" \/>\n<meta property=\"og:title\" content=\"T\u0259ngivanl\u0131lar: Qum-\u00e7\u0131nq\u0131l karxanas\u0131 k\u0259ndi yerl\u0259-yeksan edib - MEYDAN.TV\" \/>\n<meta property=\"og:description\" content=\"\u201cL\u0259nk\u0259ran Rayon M\u0259hk\u0259m\u0259si bu sahibkarla ba\u011fl\u0131 h\u0259tta d\u00f6vl\u0259t qurumlar\u0131ndan daxil ... Davam\u0131\" \/>\n<meta property=\"og:url\" content=\"https:\/\/www.meydan.tv\/az\/article\/tengivanlilar-qum-cinqil-karxanasi-kendi-yerle-yeksan-edib\/\" \/>\n<meta property=\"og:site_name\" content=\"MEYDAN.TV\" \/>\n<meta property=\"article:published_time\" content=\"2021-11-19T11:59:58+00:00\" \/>\n<meta property=\"article:modified_time\" content=\"2021-11-19T12:14:47+00:00\" \/>\n<meta property=\"og:image\" content=\"https:\/\/www.meydan.tv\/wp-content\/uploads\/photo-2021-11-17-14-39-15.jpg\" \/>\n\t<meta property=\"og:image:width\" content=\"1423\" \/>\n\t<meta property=\"og:image:height\" content=\"800\" \/>\n\t<meta property=\"og:image:type\" content=\"image\/jpeg\" \/>\n<meta name=\"author\" content=\"elli\" \/>\n<meta name=\"twitter:card\" content=\"summary_large_image\" \/>\n<meta name=\"twitter:creator\" content=\"@elli\" \/>\n<script type=\"application\/ld+json\" class=\"yoast-schema-graph\">{\"@context\":\"https:\\\/\\\/schema.org\",\"@graph\":[{\"@type\":\"Article\",\"@id\":\"https:\\\/\\\/www.meydan.tv\\\/az\\\/article\\\/tengivanlilar-qum-cinqil-karxanasi-kendi-yerle-yeksan-edib\\\/#article\",\"isPartOf\":{\"@id\":\"https:\\\/\\\/www.meydan.tv\\\/az\\\/article\\\/tengivanlilar-qum-cinqil-karxanasi-kendi-yerle-yeksan-edib\\\/\"},\"author\":{\"name\":\"elli\",\"@id\":\"https:\\\/\\\/www.meydan.tv\\\/az\\\/#\\\/schema\\\/person\\\/9cdbecf90d17180ce1dfbd95b08dcf47\"},\"headline\":\"T\u0259ngivanl\u0131lar: Qum-\u00e7\u0131nq\u0131l karxanas\u0131 k\u0259ndi yerl\u0259-yeksan edib\",\"datePublished\":\"2021-11-19T11:59:58+00:00\",\"dateModified\":\"2021-11-19T12:14:47+00:00\",\"mainEntityOfPage\":{\"@id\":\"https:\\\/\\\/www.meydan.tv\\\/az\\\/article\\\/tengivanlilar-qum-cinqil-karxanasi-kendi-yerle-yeksan-edib\\\/\"},\"wordCount\":1207,\"publisher\":{\"@id\":\"https:\\\/\\\/www.meydan.tv\\\/az\\\/#organization\"},\"image\":{\"@id\":\"https:\\\/\\\/www.meydan.tv\\\/az\\\/article\\\/tengivanlilar-qum-cinqil-karxanasi-kendi-yerle-yeksan-edib\\\/#primaryimage\"},\"thumbnailUrl\":\"https:\\\/\\\/www.meydan.tv\\\/wp-content\\\/uploads\\\/photo-2021-11-17-14-39-15.jpg\",\"articleSection\":[\"B\u00f6lg\u0259\",\"Redaktor se\u00e7imi\",\"T\u00f6vsiy\u0259\",\"X\u0259b\u0259rl\u0259r\"],\"inLanguage\":\"az\"},{\"@type\":\"WebPage\",\"@id\":\"https:\\\/\\\/www.meydan.tv\\\/az\\\/article\\\/tengivanlilar-qum-cinqil-karxanasi-kendi-yerle-yeksan-edib\\\/\",\"url\":\"https:\\\/\\\/www.meydan.tv\\\/az\\\/article\\\/tengivanlilar-qum-cinqil-karxanasi-kendi-yerle-yeksan-edib\\\/\",\"name\":\"T\u0259ngivanl\u0131lar: Qum-\u00e7\u0131nq\u0131l karxanas\u0131 k\u0259ndi yerl\u0259-yeksan edib - MEYDAN.TV\",\"isPartOf\":{\"@id\":\"https:\\\/\\\/www.meydan.tv\\\/az\\\/#website\"},\"primaryImageOfPage\":{\"@id\":\"https:\\\/\\\/www.meydan.tv\\\/az\\\/article\\\/tengivanlilar-qum-cinqil-karxanasi-kendi-yerle-yeksan-edib\\\/#primaryimage\"},\"image\":{\"@id\":\"https:\\\/\\\/www.meydan.tv\\\/az\\\/article\\\/tengivanlilar-qum-cinqil-karxanasi-kendi-yerle-yeksan-edib\\\/#primaryimage\"},\"thumbnailUrl\":\"https:\\\/\\\/www.meydan.tv\\\/wp-content\\\/uploads\\\/photo-2021-11-17-14-39-15.jpg\",\"datePublished\":\"2021-11-19T11:59:58+00:00\",\"dateModified\":\"2021-11-19T12:14:47+00:00\",\"breadcrumb\":{\"@id\":\"https:\\\/\\\/www.meydan.tv\\\/az\\\/article\\\/tengivanlilar-qum-cinqil-karxanasi-kendi-yerle-yeksan-edib\\\/#breadcrumb\"},\"inLanguage\":\"az\",\"potentialAction\":[{\"@type\":\"ReadAction\",\"target\":[\"https:\\\/\\\/www.meydan.tv\\\/az\\\/article\\\/tengivanlilar-qum-cinqil-karxanasi-kendi-yerle-yeksan-edib\\\/\"]}]},{\"@type\":\"ImageObject\",\"inLanguage\":\"az\",\"@id\":\"https:\\\/\\\/www.meydan.tv\\\/az\\\/article\\\/tengivanlilar-qum-cinqil-karxanasi-kendi-yerle-yeksan-edib\\\/#primaryimage\",\"url\":\"https:\\\/\\\/www.meydan.tv\\\/wp-content\\\/uploads\\\/photo-2021-11-17-14-39-15.jpg\",\"contentUrl\":\"https:\\\/\\\/www.meydan.tv\\\/wp-content\\\/uploads\\\/photo-2021-11-17-14-39-15.jpg\",\"width\":1423,\"height\":800,\"caption\":\"A\u015fa\u011f\u0131 T\u0259ngivan k\u0259ndi, Foto: Meydan TV\"},{\"@type\":\"BreadcrumbList\",\"@id\":\"https:\\\/\\\/www.meydan.tv\\\/az\\\/article\\\/tengivanlilar-qum-cinqil-karxanasi-kendi-yerle-yeksan-edib\\\/#breadcrumb\",\"itemListElement\":[{\"@type\":\"ListItem\",\"position\":1,\"name\":\"Ana s\u0259hif\u0259\",\"item\":\"https:\\\/\\\/www.meydan.tv\\\/az\\\/\"},{\"@type\":\"ListItem\",\"position\":2,\"name\":\"B\u00f6lg\u0259\",\"item\":\"https:\\\/\\\/www.meydan.tv\\\/az\\\/section\\\/bolge\\\/\"},{\"@type\":\"ListItem\",\"position\":3,\"name\":\"T\u0259ngivanl\u0131lar: Qum-\u00e7\u0131nq\u0131l karxanas\u0131 k\u0259ndi yerl\u0259-yeksan edib\"}]},{\"@type\":\"WebSite\",\"@id\":\"https:\\\/\\\/www.meydan.tv\\\/az\\\/#website\",\"url\":\"https:\\\/\\\/www.meydan.tv\\\/az\\\/\",\"name\":\"MEYDAN.TV\",\"description\":\"Meydan TV Az\u0259rbaycan\u0131n media m\u0259kan\u0131ndak\u0131 alternativ s\u0259sidir\",\"publisher\":{\"@id\":\"https:\\\/\\\/www.meydan.tv\\\/az\\\/#organization\"},\"potentialAction\":[{\"@type\":\"SearchAction\",\"target\":{\"@type\":\"EntryPoint\",\"urlTemplate\":\"https:\\\/\\\/www.meydan.tv\\\/az\\\/?s={search_term_string}\"},\"query-input\":{\"@type\":\"PropertyValueSpecification\",\"valueRequired\":true,\"valueName\":\"search_term_string\"}}],\"inLanguage\":\"az\"},{\"@type\":\"Organization\",\"@id\":\"https:\\\/\\\/www.meydan.tv\\\/az\\\/#organization\",\"name\":\"Meydan TV\",\"url\":\"https:\\\/\\\/www.meydan.tv\\\/az\\\/\",\"logo\":{\"@type\":\"ImageObject\",\"inLanguage\":\"az\",\"@id\":\"https:\\\/\\\/www.meydan.tv\\\/az\\\/#\\\/schema\\\/logo\\\/image\\\/\",\"url\":\"https:\\\/\\\/www.meydan.tv\\\/wp-content\\\/uploads\\\/2021\\\/07\\\/meydan-logo.svg\",\"contentUrl\":\"https:\\\/\\\/www.meydan.tv\\\/wp-content\\\/uploads\\\/2021\\\/07\\\/meydan-logo.svg\",\"width\":195,\"height\":46,\"caption\":\"Meydan TV\"},\"image\":{\"@id\":\"https:\\\/\\\/www.meydan.tv\\\/az\\\/#\\\/schema\\\/logo\\\/image\\\/\"}},{\"@type\":\"Person\",\"@id\":\"https:\\\/\\\/www.meydan.tv\\\/az\\\/#\\\/schema\\\/person\\\/9cdbecf90d17180ce1dfbd95b08dcf47\",\"name\":\"elli\",\"sameAs\":[\"https:\\\/\\\/x.com\\\/elli\"]}]}<\/script>\n<!-- \/ Yoast SEO plugin. -->","yoast_head_json":{"title":"T\u0259ngivanl\u0131lar: Qum-\u00e7\u0131nq\u0131l karxanas\u0131 k\u0259ndi yerl\u0259-yeksan edib - MEYDAN.TV","robots":{"index":"index","follow":"follow","max-snippet":"max-snippet:-1","max-image-preview":"max-image-preview:large","max-video-preview":"max-video-preview:-1"},"canonical":"https:\/\/www.meydan.tv\/az\/article\/tengivanlilar-qum-cinqil-karxanasi-kendi-yerle-yeksan-edib\/","og_locale":"az_AZ","og_type":"article","og_title":"T\u0259ngivanl\u0131lar: Qum-\u00e7\u0131nq\u0131l karxanas\u0131 k\u0259ndi yerl\u0259-yeksan edib - MEYDAN.TV","og_description":"\u201cL\u0259nk\u0259ran Rayon M\u0259hk\u0259m\u0259si bu sahibkarla ba\u011fl\u0131 h\u0259tta d\u00f6vl\u0259t qurumlar\u0131ndan daxil ... Davam\u0131","og_url":"https:\/\/www.meydan.tv\/az\/article\/tengivanlilar-qum-cinqil-karxanasi-kendi-yerle-yeksan-edib\/","og_site_name":"MEYDAN.TV","article_published_time":"2021-11-19T11:59:58+00:00","article_modified_time":"2021-11-19T12:14:47+00:00","og_image":[{"width":1423,"height":800,"url":"https:\/\/www.meydan.tv\/wp-content\/uploads\/photo-2021-11-17-14-39-15.jpg","type":"image\/jpeg"}],"author":"elli","twitter_card":"summary_large_image","twitter_creator":"@elli","schema":{"@context":"https:\/\/schema.org","@graph":[{"@type":"Article","@id":"https:\/\/www.meydan.tv\/az\/article\/tengivanlilar-qum-cinqil-karxanasi-kendi-yerle-yeksan-edib\/#article","isPartOf":{"@id":"https:\/\/www.meydan.tv\/az\/article\/tengivanlilar-qum-cinqil-karxanasi-kendi-yerle-yeksan-edib\/"},"author":{"name":"elli","@id":"https:\/\/www.meydan.tv\/az\/#\/schema\/person\/9cdbecf90d17180ce1dfbd95b08dcf47"},"headline":"T\u0259ngivanl\u0131lar: Qum-\u00e7\u0131nq\u0131l karxanas\u0131 k\u0259ndi yerl\u0259-yeksan edib","datePublished":"2021-11-19T11:59:58+00:00","dateModified":"2021-11-19T12:14:47+00:00","mainEntityOfPage":{"@id":"https:\/\/www.meydan.tv\/az\/article\/tengivanlilar-qum-cinqil-karxanasi-kendi-yerle-yeksan-edib\/"},"wordCount":1207,"publisher":{"@id":"https:\/\/www.meydan.tv\/az\/#organization"},"image":{"@id":"https:\/\/www.meydan.tv\/az\/article\/tengivanlilar-qum-cinqil-karxanasi-kendi-yerle-yeksan-edib\/#primaryimage"},"thumbnailUrl":"https:\/\/www.meydan.tv\/wp-content\/uploads\/photo-2021-11-17-14-39-15.jpg","articleSection":["B\u00f6lg\u0259","Redaktor se\u00e7imi","T\u00f6vsiy\u0259","X\u0259b\u0259rl\u0259r"],"inLanguage":"az"},{"@type":"WebPage","@id":"https:\/\/www.meydan.tv\/az\/article\/tengivanlilar-qum-cinqil-karxanasi-kendi-yerle-yeksan-edib\/","url":"https:\/\/www.meydan.tv\/az\/article\/tengivanlilar-qum-cinqil-karxanasi-kendi-yerle-yeksan-edib\/","name":"T\u0259ngivanl\u0131lar: Qum-\u00e7\u0131nq\u0131l karxanas\u0131 k\u0259ndi yerl\u0259-yeksan edib - MEYDAN.TV","isPartOf":{"@id":"https:\/\/www.meydan.tv\/az\/#website"},"primaryImageOfPage":{"@id":"https:\/\/www.meydan.tv\/az\/article\/tengivanlilar-qum-cinqil-karxanasi-kendi-yerle-yeksan-edib\/#primaryimage"},"image":{"@id":"https:\/\/www.meydan.tv\/az\/article\/tengivanlilar-qum-cinqil-karxanasi-kendi-yerle-yeksan-edib\/#primaryimage"},"thumbnailUrl":"https:\/\/www.meydan.tv\/wp-content\/uploads\/photo-2021-11-17-14-39-15.jpg","datePublished":"2021-11-19T11:59:58+00:00","dateModified":"2021-11-19T12:14:47+00:00","breadcrumb":{"@id":"https:\/\/www.meydan.tv\/az\/article\/tengivanlilar-qum-cinqil-karxanasi-kendi-yerle-yeksan-edib\/#breadcrumb"},"inLanguage":"az","potentialAction":[{"@type":"ReadAction","target":["https:\/\/www.meydan.tv\/az\/article\/tengivanlilar-qum-cinqil-karxanasi-kendi-yerle-yeksan-edib\/"]}]},{"@type":"ImageObject","inLanguage":"az","@id":"https:\/\/www.meydan.tv\/az\/article\/tengivanlilar-qum-cinqil-karxanasi-kendi-yerle-yeksan-edib\/#primaryimage","url":"https:\/\/www.meydan.tv\/wp-content\/uploads\/photo-2021-11-17-14-39-15.jpg","contentUrl":"https:\/\/www.meydan.tv\/wp-content\/uploads\/photo-2021-11-17-14-39-15.jpg","width":1423,"height":800,"caption":"A\u015fa\u011f\u0131 T\u0259ngivan k\u0259ndi, Foto: Meydan TV"},{"@type":"BreadcrumbList","@id":"https:\/\/www.meydan.tv\/az\/article\/tengivanlilar-qum-cinqil-karxanasi-kendi-yerle-yeksan-edib\/#breadcrumb","itemListElement":[{"@type":"ListItem","position":1,"name":"Ana s\u0259hif\u0259","item":"https:\/\/www.meydan.tv\/az\/"},{"@type":"ListItem","position":2,"name":"B\u00f6lg\u0259","item":"https:\/\/www.meydan.tv\/az\/section\/bolge\/"},{"@type":"ListItem","position":3,"name":"T\u0259ngivanl\u0131lar: Qum-\u00e7\u0131nq\u0131l karxanas\u0131 k\u0259ndi yerl\u0259-yeksan edib"}]},{"@type":"WebSite","@id":"https:\/\/www.meydan.tv\/az\/#website","url":"https:\/\/www.meydan.tv\/az\/","name":"MEYDAN.TV","description":"Meydan TV Az\u0259rbaycan\u0131n media m\u0259kan\u0131ndak\u0131 alternativ s\u0259sidir","publisher":{"@id":"https:\/\/www.meydan.tv\/az\/#organization"},"potentialAction":[{"@type":"SearchAction","target":{"@type":"EntryPoint","urlTemplate":"https:\/\/www.meydan.tv\/az\/?s={search_term_string}"},"query-input":{"@type":"PropertyValueSpecification","valueRequired":true,"valueName":"search_term_string"}}],"inLanguage":"az"},{"@type":"Organization","@id":"https:\/\/www.meydan.tv\/az\/#organization","name":"Meydan TV","url":"https:\/\/www.meydan.tv\/az\/","logo":{"@type":"ImageObject","inLanguage":"az","@id":"https:\/\/www.meydan.tv\/az\/#\/schema\/logo\/image\/","url":"https:\/\/www.meydan.tv\/wp-content\/uploads\/2021\/07\/meydan-logo.svg","contentUrl":"https:\/\/www.meydan.tv\/wp-content\/uploads\/2021\/07\/meydan-logo.svg","width":195,"height":46,"caption":"Meydan TV"},"image":{"@id":"https:\/\/www.meydan.tv\/az\/#\/schema\/logo\/image\/"}},{"@type":"Person","@id":"https:\/\/www.meydan.tv\/az\/#\/schema\/person\/9cdbecf90d17180ce1dfbd95b08dcf47","name":"elli","sameAs":["https:\/\/x.com\/elli"]}]}},"_links":{"self":[{"href":"https:\/\/www.meydan.tv\/az\/wp-json\/wp\/v2\/posts\/226718","targetHints":{"allow":["GET"]}}],"collection":[{"href":"https:\/\/www.meydan.tv\/az\/wp-json\/wp\/v2\/posts"}],"about":[{"href":"https:\/\/www.meydan.tv\/az\/wp-json\/wp\/v2\/types\/post"}],"author":[{"embeddable":true,"href":"https:\/\/www.meydan.tv\/az\/wp-json\/wp\/v2\/users\/8"}],"replies":[{"embeddable":true,"href":"https:\/\/www.meydan.tv\/az\/wp-json\/wp\/v2\/comments?post=226718"}],"version-history":[{"count":3,"href":"https:\/\/www.meydan.tv\/az\/wp-json\/wp\/v2\/posts\/226718\/revisions"}],"predecessor-version":[{"id":226724,"href":"https:\/\/www.meydan.tv\/az\/wp-json\/wp\/v2\/posts\/226718\/revisions\/226724"}],"wp:featuredmedia":[{"embeddable":true,"href":"https:\/\/www.meydan.tv\/az\/wp-json\/wp\/v2\/media\/226709"}],"wp:attachment":[{"href":"https:\/\/www.meydan.tv\/az\/wp-json\/wp\/v2\/media?parent=226718"}],"wp:term":[{"taxonomy":"category","embeddable":true,"href":"https:\/\/www.meydan.tv\/az\/wp-json\/wp\/v2\/categories?post=226718"},{"taxonomy":"post_tag","embeddable":true,"href":"https:\/\/www.meydan.tv\/az\/wp-json\/wp\/v2\/tags?post=226718"}],"curies":[{"name":"wp","href":"https:\/\/api.w.org\/{rel}","templated":true}]}}