{"id":226635,"date":"2021-11-19T13:17:23","date_gmt":"2021-11-19T09:17:23","guid":{"rendered":"https:\/\/www.meydan.tv\/?p=226635"},"modified":"2021-11-19T13:17:25","modified_gmt":"2021-11-19T09:17:25","slug":"bir-qrup-qht-saleh-rustemovla-bagli-ilham-eliyeve-muraciet-etdi","status":"publish","type":"post","link":"https:\/\/www.meydan.tv\/az\/article\/bir-qrup-qht-saleh-rustemovla-bagli-ilham-eliyeve-muraciet-etdi\/","title":{"rendered":"Bir qrup QHT Saleh R\u00fcst\u0259movla ba\u011fl\u0131 \u0130lham \u018fliyev\u0259 m\u00fcraci\u0259t etdi"},"content":{"rendered":"\n<p>Onlar Saleh R\u00fcst\u0259movun h\u0259bsd\u0259n azad edilm\u0259sini xahi\u015f edibl\u0259r<br><\/p>\n\n\n\n<p>Bir qrup qeyri-h\u00f6kum\u0259t t\u0259\u015fkilat\u0131 (QHT) n\u00fcmay\u0259nd\u0259si, media r\u0259hb\u0259ri v\u0259 h\u00fcquq m\u00fcdafi\u0259\u00e7isi 13 sayl\u0131 C\u0259za\u00e7\u0259km\u0259 m\u00fc\u0259ssis\u0259sind\u0259 acl\u0131q aksiyas\u0131 ke\u00e7ir\u0259n Saleh R\u00fcst\u0259movla ba\u011fl\u0131 Prezident \u0130lham \u018fliyev\u0259 m\u00fcraci\u0259t edib.<br><\/p>\n\n\n\n<p>Onlar bildiribl\u0259r ki, Penitensiar Xidm\u0259tin 13 sayl\u0131 C\u0259za\u00e7\u0259km\u0259 m\u00fc\u0259ssis\u0259sind\u0259 c\u0259za \u00e7\u0259k\u0259n m\u0259hbus Saleh R\u00fcst\u0259movun s\u0259hh\u0259tind\u0259 ciddi probleml\u0259r yaran\u0131b.<br><\/p>\n\n\n\n<p>M\u00fcraci\u0259ti Novella C\u0259f\u0259ro\u011flu, S\u0259id\u0259 Qocamanl\u0131, \u018flim\u0259mm\u0259d Nuriyev, \u00c7ingiz Q\u0259nizad\u0259, Hafiz H\u0259s\u0259nov, \u018fv\u0259z H\u0259s\u0259nov, Osman G\u00fcnd\u00fcz, El\u015fad Eyvazl\u0131, Sahib M\u0259mm\u0259dov, Bah\u0259ddin H\u0259ziyev, Sabit Ba\u011f\u0131rov, Arif \u018fliyev, Mehman \u018fliyev, Qulu M\u0259h\u0259r\u0259mli v\u0259 dig\u0259rl\u0259ri imzalay\u0131b.<br><\/p>\n\n\n\n<p>&#8220;Haz\u0131rda c\u0259za \u00e7\u0259kdiyi m\u00fc\u0259ssis\u0259d\u0259 10 g\u00fcnd\u0259n art\u0131qd\u0131r ki, davaml\u0131 acl\u0131q aksiyas\u0131 ke\u00e7irm\u0259si onun s\u0259hh\u0259tind\u0259ki probleml\u0259ri daha da k\u0259skinl\u0259\u015fdirib. Prosesl\u0259rin bu c\u00fcr gedi\u015fi onun h\u0259yat\u0131n\u0131n real t\u0259hl\u00fck\u0259 alt\u0131nda oldu\u011funu v\u0259 h\u0259yat\u0131n\u0131 itir\u0259c\u0259yi ehtimal\u0131n\u0131 art\u0131r\u0131r&#8221;, &#8211; dey\u0259 m\u00fcraci\u0259t m\u00fc\u0259llifl\u0259ri bildiribl\u0259r.<br><\/p>\n\n\n\n<p>Onlar Saleh R\u00fcst\u0259movun Az\u0259rbaycan\u0131n \u0259razi b\u00fct\u00f6vl\u00fcy\u00fc u\u011frunda d\u00f6y\u00fc\u015fl\u0259rd\u0259 i\u015ftirak\u0131n\u0131 \u0259sas g\u0259tir\u0259r\u0259k onun azadl\u0131\u011fa burax\u0131lmas\u0131n\u0131 xahi\u015f edibl\u0259r: <\/p>\n\n\n\n<p>&#8220;C\u0259nab Prezident, Saleh R\u00fcst\u0259mov G\u0259d\u0259b\u0259y rayonunun erm\u0259ni t\u0259cav\u00fczkarlar\u0131ndan t\u0259mizl\u0259nm\u0259sind\u0259 vaxtil\u0259 b\u00f6y\u00fck rol oynay\u0131b, u\u011furlu Ba\u015fk\u0259nd \u0259m\u0259liyyat\u0131nda igidlikl\u0259 i\u015ftirak edib. Eyni zamanda, o, Az\u0259rbaycan\u0131n d\u00f6vl\u0259t m\u00fcst\u0259qilliyinin \u0259ld\u0259 edilm\u0259si prosesl\u0259rinin f\u0259al i\u015ftirak\u00e7\u0131lar\u0131ndand\u0131r. Bunlardan \u0259lav\u0259, haz\u0131rda onun \u00f6vlad\u0131 20 il\u0259 yax\u0131nd\u0131r ki, b\u00f6yr\u0259k \u00e7at\u0131\u015fmazl\u0131\u011f\u0131ndan \u0259ziyy\u0259t \u00e7\u0259kir v\u0259 ail\u0259 h\u0259l\u0259 d\u0259 aradan qald\u0131r\u0131la bilm\u0259y\u0259n bu probleml\u0259 m\u0259\u015f\u011fuldur. \u0130nsanlar\u0131n \u00f6z d\u00f6vl\u0259tind\u0259n humanizm g\u00f6zl\u0259ntil\u0259ri h\u0259mi\u015f\u0259 b\u00f6y\u00fck olub v\u0259 Z\u0259f\u0259r G\u00fcn\u00fc m\u00fcnasib\u0259til\u0259 Sizin t\u0259\u015f\u0259bb\u00fcs\u00fcn\u00fczl\u0259 veril\u0259n Amnistiya Akt\u0131 da bu g\u00f6zl\u0259ntil\u0259rin bariz n\u00fcmun\u0259l\u0259rind\u0259ndir&#8221;.<br><\/p>\n\n\n\n<p>&#8220;B\u00fct\u00fcn bunlara g\u00f6r\u0259 Siz\u0259 b\u00f6y\u00fck inam v\u0259 ehtiramla xahi\u015f edirik ki, Saleh R\u00fcst\u0259movun c\u0259zas\u0131n\u0131n qalan hiss\u0259sini \u00e7\u0259km\u0259kd\u0259n azad edilm\u0259si il\u0259 ba\u011fl\u0131 \u00f6z s\u0259lahiyy\u0259tl\u0259riniz daxilind\u0259 m\u00fcvafiq g\u00f6st\u0259ri\u015f ver\u0259siniz. Bel\u0259 bir add\u0131m h\u0259m d\u0259, ya\u015fad\u0131\u011f\u0131m\u0131z haz\u0131rk\u0131 Z\u0259f\u0259r g\u00fcnl\u0259rind\u0259 Sizin ictimai fikird\u0259 y\u00fcks\u0259k minn\u0259tdarl\u0131qla qar\u015f\u0131lanan t\u0259dbirl\u0259riniz i\u00e7\u0259risind\u0259 xeyirxah n\u00fcmun\u0259l\u0259rd\u0259n biri olard\u0131&#8221;, &#8211; dey\u0259 m\u00fc\u0259llifl\u0259r qeyd edibl\u0259r.<br><\/p>\n\n\n\n<p>Haz\u0131rda h\u0259bsd\u0259 olan Saleh R\u00fcst\u0259mov 14 g\u00fcnd\u00fcr ki, acl\u0131q aksiyas\u0131n\u0131 davam etdirir.<br><\/p>\n\n\n\n<p>V\u0259kili v\u0259 qarda\u015f\u0131 ondan n\u00f6vb\u0259ti d\u0259f\u0259 acl\u0131\u011f\u0131 dayand\u0131rma\u011f\u0131 xahi\u015f ets\u0259 d\u0259,<a href=\"https:\/\/www.meydan.tv\/az\/article\/vekil-saleh-rustemli-cetinlikle-yeriyir-cetinlikle-danisir\/\" target=\"_blank\" rel=\"noreferrer noopener\"> raz\u0131la\u015fmay\u0131b<\/a>.<br><\/p>\n\n\n\n<p>O, 1998-ci ild\u0259n Rusiyada ya\u015fay\u0131b. 2018-ci ild\u0259 yax\u0131nlar\u0131n\u0131 g\u00f6rm\u0259k \u00fc\u00e7\u00fcn Az\u0259rbaycana g\u0259l\u0259n R\u00fcst\u0259mov \u015e\u0259mkird\u0259 saxlan\u0131l\u0131b.<br><\/p>\n\n\n\n<p>Bak\u0131ya \u2013 Ba\u015f M\u00fct\u0259\u015f\u0259kkil Cinay\u0259tkarl\u0131qla M\u00fcbariz\u0259 \u0130dar\u0259sin\u0259 g\u0259tiril\u0259n Saleh R\u00fcst\u0259mova qar\u015f\u0131 narkotik ittiham\u0131 ir\u0259li s\u00fcr\u00fcl\u00fcb.<br><\/p>\n\n\n\n<p>\u0130ki g\u00fcn sonra onun qarda\u015f\u0131 o\u011flu Vidadi R\u00fcst\u0259mov d\u0259 eyni ittihamla saxlan\u0131l\u0131b.<br><\/p>\n\n\n\n<p>Onlar bu idar\u0259d\u0259 20 g\u00fcn\u0259 yax\u0131n i\u015fg\u0259nc\u0259y\u0259 m\u0259ruz qald\u0131qlar\u0131n\u0131 bildiribl\u0259r.<br><\/p>\n\n\n\n<p>Ba\u015f Prokurorluq v\u0259 Daxili \u0130\u015fl\u0259r Nazirliyinin (D\u0130N) yayd\u0131\u011f\u0131 birg\u0259 m\u0259lumatda iddia olunub ki, onlar \u00e7irkli pul v\u0259saitl\u0259rini leqalla\u015fd\u0131rmaqda ittiham olunurlar. Amma Saleh R\u00fcst\u0259mov ittiham\u0131 r\u0259dd edib.<br><\/p>\n\n\n\n<p>O bildirib ki, uzun ill\u0259r Xalq C\u0259bh\u0259sinin \u00fczv\u00fc olub. Rusiyada h\u0259m \u00f6z\u00fc, h\u0259m d\u0259 dig\u0259r az\u0259rbaycanl\u0131lar qazanclar\u0131ndan siyasi m\u0259hbuslar\u0131n ail\u0259l\u0259rin\u0259 yard\u0131m m\u0259qs\u0259dil\u0259 pul g\u00f6nd\u0259ribl\u0259r.<br><\/p>\n\n\n\n<p>Bak\u0131 A\u011f\u0131r Cinay\u0259tl\u0259r M\u0259hk\u0259m\u0259sinin h\u00f6km\u00fc il\u0259 Saleh R\u00fcst\u0259mov 7 il 3 ay azadl\u0131qdan m\u0259hrum edilib.<br><\/p>\n\n\n\n<p>Vidadi R\u00fcst\u0259mova is\u0259 \u015f\u0259rti c\u0259za verilib. Sonradan Ali M\u0259hk\u0259m\u0259 Saleh R\u00fcst\u0259movun c\u0259zas\u0131n\u0131 2 ay azald\u0131b.<br>M\u0259hk\u0259m\u0259nin h\u00f6km\u00fcnd\u0259 Saleh R\u00fcst\u0259movun yax\u0131nlar\u0131na m\u0259xsus m\u0259nzil v\u0259 ba\u015fqa da\u015f\u0131nmaz \u0259mlaklar\u0131n, h\u0259tta atalar\u0131ndan qalma evin d\u0259 m\u00fcsadir\u0259 olunmas\u0131 \u0259ksini tap\u0131b.<\/p>\n","protected":false},"excerpt":{"rendered":"<p>Onlar Saleh R\u00fcst\u0259movun h\u0259bsd\u0259n azad edilm\u0259sini xahi\u015f edibl\u0259r Bir qrup &#8230; <\/p>\n<p class=\"read-more-container\"><a title=\"Bir qrup QHT Saleh R\u00fcst\u0259movla ba\u011fl\u0131 \u0130lham \u018fliyev\u0259 m\u00fcraci\u0259t etdi\" class=\"read-more button\" href=\"https:\/\/www.meydan.tv\/az\/article\/bir-qrup-qht-saleh-rustemovla-bagli-ilham-eliyeve-muraciet-etdi\/#more-226635\" aria-label=\"Read more about Bir qrup QHT Saleh R\u00fcst\u0259movla ba\u011fl\u0131 \u0130lham \u018fliyev\u0259 m\u00fcraci\u0259t etdi\">Davam\u0131<\/a><\/p>\n","protected":false},"author":8,"featured_media":226437,"comment_status":"closed","ping_status":"closed","sticky":false,"template":"","format":"standard","meta":{"_acf_changed":false,"_sitemap_exclude":false,"_sitemap_priority":"","_sitemap_frequency":"","footnotes":""},"categories":[59,79,56],"tags":[],"class_list":["post-226635","post","type-post","status-publish","format-standard","has-post-thumbnail","hentry","category-siyaset","category-featured","category-xeberler","infinite-scroll-item","generate-columns","tablet-grid-50","mobile-grid-100","grid-parent","grid-33","no-featured-image-padding"],"acf":[],"yoast_head":"<!-- This site is optimized with the Yoast SEO plugin v27.4 - https:\/\/yoast.com\/product\/yoast-seo-wordpress\/ -->\n<title>Bir qrup QHT Saleh R\u00fcst\u0259movla ba\u011fl\u0131 \u0130lham \u018fliyev\u0259 m\u00fcraci\u0259t etdi - MEYDAN.TV<\/title>\n<meta name=\"robots\" content=\"index, follow, max-snippet:-1, max-image-preview:large, max-video-preview:-1\" \/>\n<link rel=\"canonical\" href=\"https:\/\/www.meydan.tv\/az\/article\/bir-qrup-qht-saleh-rustemovla-bagli-ilham-eliyeve-muraciet-etdi\/\" \/>\n<meta property=\"og:locale\" content=\"az_AZ\" \/>\n<meta property=\"og:type\" content=\"article\" \/>\n<meta property=\"og:title\" content=\"Bir qrup QHT Saleh R\u00fcst\u0259movla ba\u011fl\u0131 \u0130lham \u018fliyev\u0259 m\u00fcraci\u0259t etdi - MEYDAN.TV\" \/>\n<meta property=\"og:description\" content=\"Onlar Saleh R\u00fcst\u0259movun h\u0259bsd\u0259n azad edilm\u0259sini xahi\u015f edibl\u0259r Bir qrup ... Davam\u0131\" \/>\n<meta property=\"og:url\" content=\"https:\/\/www.meydan.tv\/az\/article\/bir-qrup-qht-saleh-rustemovla-bagli-ilham-eliyeve-muraciet-etdi\/\" \/>\n<meta property=\"og:site_name\" content=\"MEYDAN.TV\" \/>\n<meta property=\"article:published_time\" content=\"2021-11-19T09:17:23+00:00\" \/>\n<meta property=\"article:modified_time\" content=\"2021-11-19T09:17:25+00:00\" \/>\n<meta property=\"og:image\" content=\"https:\/\/www.meydan.tv\/wp-content\/uploads\/untitled_artwork__7_-scaled.jpg\" \/>\n\t<meta property=\"og:image:width\" content=\"2560\" \/>\n\t<meta property=\"og:image:height\" content=\"1707\" \/>\n\t<meta property=\"og:image:type\" content=\"image\/jpeg\" \/>\n<meta name=\"author\" content=\"elli\" \/>\n<meta name=\"twitter:card\" content=\"summary_large_image\" \/>\n<meta name=\"twitter:creator\" content=\"@elli\" \/>\n<script type=\"application\/ld+json\" class=\"yoast-schema-graph\">{\"@context\":\"https:\\\/\\\/schema.org\",\"@graph\":[{\"@type\":\"Article\",\"@id\":\"https:\\\/\\\/www.meydan.tv\\\/az\\\/article\\\/bir-qrup-qht-saleh-rustemovla-bagli-ilham-eliyeve-muraciet-etdi\\\/#article\",\"isPartOf\":{\"@id\":\"https:\\\/\\\/www.meydan.tv\\\/az\\\/article\\\/bir-qrup-qht-saleh-rustemovla-bagli-ilham-eliyeve-muraciet-etdi\\\/\"},\"author\":{\"name\":\"elli\",\"@id\":\"https:\\\/\\\/www.meydan.tv\\\/az\\\/#\\\/schema\\\/person\\\/9cdbecf90d17180ce1dfbd95b08dcf47\"},\"headline\":\"Bir qrup QHT Saleh R\u00fcst\u0259movla ba\u011fl\u0131 \u0130lham \u018fliyev\u0259 m\u00fcraci\u0259t etdi\",\"datePublished\":\"2021-11-19T09:17:23+00:00\",\"dateModified\":\"2021-11-19T09:17:25+00:00\",\"mainEntityOfPage\":{\"@id\":\"https:\\\/\\\/www.meydan.tv\\\/az\\\/article\\\/bir-qrup-qht-saleh-rustemovla-bagli-ilham-eliyeve-muraciet-etdi\\\/\"},\"wordCount\":830,\"publisher\":{\"@id\":\"https:\\\/\\\/www.meydan.tv\\\/az\\\/#organization\"},\"image\":{\"@id\":\"https:\\\/\\\/www.meydan.tv\\\/az\\\/article\\\/bir-qrup-qht-saleh-rustemovla-bagli-ilham-eliyeve-muraciet-etdi\\\/#primaryimage\"},\"thumbnailUrl\":\"https:\\\/\\\/www.meydan.tv\\\/wp-content\\\/uploads\\\/untitled_artwork__7_-scaled-e1763558338626.jpg\",\"articleSection\":[\"Siyas\u0259t\",\"T\u00f6vsiy\u0259\",\"X\u0259b\u0259rl\u0259r\"],\"inLanguage\":\"az\"},{\"@type\":\"WebPage\",\"@id\":\"https:\\\/\\\/www.meydan.tv\\\/az\\\/article\\\/bir-qrup-qht-saleh-rustemovla-bagli-ilham-eliyeve-muraciet-etdi\\\/\",\"url\":\"https:\\\/\\\/www.meydan.tv\\\/az\\\/article\\\/bir-qrup-qht-saleh-rustemovla-bagli-ilham-eliyeve-muraciet-etdi\\\/\",\"name\":\"Bir qrup QHT Saleh R\u00fcst\u0259movla ba\u011fl\u0131 \u0130lham \u018fliyev\u0259 m\u00fcraci\u0259t etdi - MEYDAN.TV\",\"isPartOf\":{\"@id\":\"https:\\\/\\\/www.meydan.tv\\\/az\\\/#website\"},\"primaryImageOfPage\":{\"@id\":\"https:\\\/\\\/www.meydan.tv\\\/az\\\/article\\\/bir-qrup-qht-saleh-rustemovla-bagli-ilham-eliyeve-muraciet-etdi\\\/#primaryimage\"},\"image\":{\"@id\":\"https:\\\/\\\/www.meydan.tv\\\/az\\\/article\\\/bir-qrup-qht-saleh-rustemovla-bagli-ilham-eliyeve-muraciet-etdi\\\/#primaryimage\"},\"thumbnailUrl\":\"https:\\\/\\\/www.meydan.tv\\\/wp-content\\\/uploads\\\/untitled_artwork__7_-scaled-e1763558338626.jpg\",\"datePublished\":\"2021-11-19T09:17:23+00:00\",\"dateModified\":\"2021-11-19T09:17:25+00:00\",\"breadcrumb\":{\"@id\":\"https:\\\/\\\/www.meydan.tv\\\/az\\\/article\\\/bir-qrup-qht-saleh-rustemovla-bagli-ilham-eliyeve-muraciet-etdi\\\/#breadcrumb\"},\"inLanguage\":\"az\",\"potentialAction\":[{\"@type\":\"ReadAction\",\"target\":[\"https:\\\/\\\/www.meydan.tv\\\/az\\\/article\\\/bir-qrup-qht-saleh-rustemovla-bagli-ilham-eliyeve-muraciet-etdi\\\/\"]}]},{\"@type\":\"ImageObject\",\"inLanguage\":\"az\",\"@id\":\"https:\\\/\\\/www.meydan.tv\\\/az\\\/article\\\/bir-qrup-qht-saleh-rustemovla-bagli-ilham-eliyeve-muraciet-etdi\\\/#primaryimage\",\"url\":\"https:\\\/\\\/www.meydan.tv\\\/wp-content\\\/uploads\\\/untitled_artwork__7_-scaled-e1763558338626.jpg\",\"contentUrl\":\"https:\\\/\\\/www.meydan.tv\\\/wp-content\\\/uploads\\\/untitled_artwork__7_-scaled-e1763558338626.jpg\",\"width\":1000,\"height\":585,\"caption\":\"Saleh R\u00fcst\u0259mov, Foto: Meydan TV\"},{\"@type\":\"BreadcrumbList\",\"@id\":\"https:\\\/\\\/www.meydan.tv\\\/az\\\/article\\\/bir-qrup-qht-saleh-rustemovla-bagli-ilham-eliyeve-muraciet-etdi\\\/#breadcrumb\",\"itemListElement\":[{\"@type\":\"ListItem\",\"position\":1,\"name\":\"Ana s\u0259hif\u0259\",\"item\":\"https:\\\/\\\/www.meydan.tv\\\/az\\\/\"},{\"@type\":\"ListItem\",\"position\":2,\"name\":\"Siyas\u0259t\",\"item\":\"https:\\\/\\\/www.meydan.tv\\\/az\\\/section\\\/siyaset\\\/\"},{\"@type\":\"ListItem\",\"position\":3,\"name\":\"Bir qrup QHT Saleh R\u00fcst\u0259movla ba\u011fl\u0131 \u0130lham \u018fliyev\u0259 m\u00fcraci\u0259t etdi\"}]},{\"@type\":\"WebSite\",\"@id\":\"https:\\\/\\\/www.meydan.tv\\\/az\\\/#website\",\"url\":\"https:\\\/\\\/www.meydan.tv\\\/az\\\/\",\"name\":\"MEYDAN.TV\",\"description\":\"Meydan TV Az\u0259rbaycan\u0131n media m\u0259kan\u0131ndak\u0131 alternativ s\u0259sidir\",\"publisher\":{\"@id\":\"https:\\\/\\\/www.meydan.tv\\\/az\\\/#organization\"},\"potentialAction\":[{\"@type\":\"SearchAction\",\"target\":{\"@type\":\"EntryPoint\",\"urlTemplate\":\"https:\\\/\\\/www.meydan.tv\\\/az\\\/?s={search_term_string}\"},\"query-input\":{\"@type\":\"PropertyValueSpecification\",\"valueRequired\":true,\"valueName\":\"search_term_string\"}}],\"inLanguage\":\"az\"},{\"@type\":\"Organization\",\"@id\":\"https:\\\/\\\/www.meydan.tv\\\/az\\\/#organization\",\"name\":\"Meydan TV\",\"url\":\"https:\\\/\\\/www.meydan.tv\\\/az\\\/\",\"logo\":{\"@type\":\"ImageObject\",\"inLanguage\":\"az\",\"@id\":\"https:\\\/\\\/www.meydan.tv\\\/az\\\/#\\\/schema\\\/logo\\\/image\\\/\",\"url\":\"https:\\\/\\\/www.meydan.tv\\\/wp-content\\\/uploads\\\/2021\\\/07\\\/meydan-logo.svg\",\"contentUrl\":\"https:\\\/\\\/www.meydan.tv\\\/wp-content\\\/uploads\\\/2021\\\/07\\\/meydan-logo.svg\",\"width\":195,\"height\":46,\"caption\":\"Meydan TV\"},\"image\":{\"@id\":\"https:\\\/\\\/www.meydan.tv\\\/az\\\/#\\\/schema\\\/logo\\\/image\\\/\"}},{\"@type\":\"Person\",\"@id\":\"https:\\\/\\\/www.meydan.tv\\\/az\\\/#\\\/schema\\\/person\\\/9cdbecf90d17180ce1dfbd95b08dcf47\",\"name\":\"elli\",\"sameAs\":[\"https:\\\/\\\/x.com\\\/elli\"]}]}<\/script>\n<!-- \/ Yoast SEO plugin. -->","yoast_head_json":{"title":"Bir qrup QHT Saleh R\u00fcst\u0259movla ba\u011fl\u0131 \u0130lham \u018fliyev\u0259 m\u00fcraci\u0259t etdi - MEYDAN.TV","robots":{"index":"index","follow":"follow","max-snippet":"max-snippet:-1","max-image-preview":"max-image-preview:large","max-video-preview":"max-video-preview:-1"},"canonical":"https:\/\/www.meydan.tv\/az\/article\/bir-qrup-qht-saleh-rustemovla-bagli-ilham-eliyeve-muraciet-etdi\/","og_locale":"az_AZ","og_type":"article","og_title":"Bir qrup QHT Saleh R\u00fcst\u0259movla ba\u011fl\u0131 \u0130lham \u018fliyev\u0259 m\u00fcraci\u0259t etdi - MEYDAN.TV","og_description":"Onlar Saleh R\u00fcst\u0259movun h\u0259bsd\u0259n azad edilm\u0259sini xahi\u015f edibl\u0259r Bir qrup ... Davam\u0131","og_url":"https:\/\/www.meydan.tv\/az\/article\/bir-qrup-qht-saleh-rustemovla-bagli-ilham-eliyeve-muraciet-etdi\/","og_site_name":"MEYDAN.TV","article_published_time":"2021-11-19T09:17:23+00:00","article_modified_time":"2021-11-19T09:17:25+00:00","og_image":[{"width":2560,"height":1707,"url":"https:\/\/www.meydan.tv\/wp-content\/uploads\/untitled_artwork__7_-scaled.jpg","type":"image\/jpeg"}],"author":"elli","twitter_card":"summary_large_image","twitter_creator":"@elli","schema":{"@context":"https:\/\/schema.org","@graph":[{"@type":"Article","@id":"https:\/\/www.meydan.tv\/az\/article\/bir-qrup-qht-saleh-rustemovla-bagli-ilham-eliyeve-muraciet-etdi\/#article","isPartOf":{"@id":"https:\/\/www.meydan.tv\/az\/article\/bir-qrup-qht-saleh-rustemovla-bagli-ilham-eliyeve-muraciet-etdi\/"},"author":{"name":"elli","@id":"https:\/\/www.meydan.tv\/az\/#\/schema\/person\/9cdbecf90d17180ce1dfbd95b08dcf47"},"headline":"Bir qrup QHT Saleh R\u00fcst\u0259movla ba\u011fl\u0131 \u0130lham \u018fliyev\u0259 m\u00fcraci\u0259t etdi","datePublished":"2021-11-19T09:17:23+00:00","dateModified":"2021-11-19T09:17:25+00:00","mainEntityOfPage":{"@id":"https:\/\/www.meydan.tv\/az\/article\/bir-qrup-qht-saleh-rustemovla-bagli-ilham-eliyeve-muraciet-etdi\/"},"wordCount":830,"publisher":{"@id":"https:\/\/www.meydan.tv\/az\/#organization"},"image":{"@id":"https:\/\/www.meydan.tv\/az\/article\/bir-qrup-qht-saleh-rustemovla-bagli-ilham-eliyeve-muraciet-etdi\/#primaryimage"},"thumbnailUrl":"https:\/\/www.meydan.tv\/wp-content\/uploads\/untitled_artwork__7_-scaled-e1763558338626.jpg","articleSection":["Siyas\u0259t","T\u00f6vsiy\u0259","X\u0259b\u0259rl\u0259r"],"inLanguage":"az"},{"@type":"WebPage","@id":"https:\/\/www.meydan.tv\/az\/article\/bir-qrup-qht-saleh-rustemovla-bagli-ilham-eliyeve-muraciet-etdi\/","url":"https:\/\/www.meydan.tv\/az\/article\/bir-qrup-qht-saleh-rustemovla-bagli-ilham-eliyeve-muraciet-etdi\/","name":"Bir qrup QHT Saleh R\u00fcst\u0259movla ba\u011fl\u0131 \u0130lham \u018fliyev\u0259 m\u00fcraci\u0259t etdi - MEYDAN.TV","isPartOf":{"@id":"https:\/\/www.meydan.tv\/az\/#website"},"primaryImageOfPage":{"@id":"https:\/\/www.meydan.tv\/az\/article\/bir-qrup-qht-saleh-rustemovla-bagli-ilham-eliyeve-muraciet-etdi\/#primaryimage"},"image":{"@id":"https:\/\/www.meydan.tv\/az\/article\/bir-qrup-qht-saleh-rustemovla-bagli-ilham-eliyeve-muraciet-etdi\/#primaryimage"},"thumbnailUrl":"https:\/\/www.meydan.tv\/wp-content\/uploads\/untitled_artwork__7_-scaled-e1763558338626.jpg","datePublished":"2021-11-19T09:17:23+00:00","dateModified":"2021-11-19T09:17:25+00:00","breadcrumb":{"@id":"https:\/\/www.meydan.tv\/az\/article\/bir-qrup-qht-saleh-rustemovla-bagli-ilham-eliyeve-muraciet-etdi\/#breadcrumb"},"inLanguage":"az","potentialAction":[{"@type":"ReadAction","target":["https:\/\/www.meydan.tv\/az\/article\/bir-qrup-qht-saleh-rustemovla-bagli-ilham-eliyeve-muraciet-etdi\/"]}]},{"@type":"ImageObject","inLanguage":"az","@id":"https:\/\/www.meydan.tv\/az\/article\/bir-qrup-qht-saleh-rustemovla-bagli-ilham-eliyeve-muraciet-etdi\/#primaryimage","url":"https:\/\/www.meydan.tv\/wp-content\/uploads\/untitled_artwork__7_-scaled-e1763558338626.jpg","contentUrl":"https:\/\/www.meydan.tv\/wp-content\/uploads\/untitled_artwork__7_-scaled-e1763558338626.jpg","width":1000,"height":585,"caption":"Saleh R\u00fcst\u0259mov, Foto: Meydan TV"},{"@type":"BreadcrumbList","@id":"https:\/\/www.meydan.tv\/az\/article\/bir-qrup-qht-saleh-rustemovla-bagli-ilham-eliyeve-muraciet-etdi\/#breadcrumb","itemListElement":[{"@type":"ListItem","position":1,"name":"Ana s\u0259hif\u0259","item":"https:\/\/www.meydan.tv\/az\/"},{"@type":"ListItem","position":2,"name":"Siyas\u0259t","item":"https:\/\/www.meydan.tv\/az\/section\/siyaset\/"},{"@type":"ListItem","position":3,"name":"Bir qrup QHT Saleh R\u00fcst\u0259movla ba\u011fl\u0131 \u0130lham \u018fliyev\u0259 m\u00fcraci\u0259t etdi"}]},{"@type":"WebSite","@id":"https:\/\/www.meydan.tv\/az\/#website","url":"https:\/\/www.meydan.tv\/az\/","name":"MEYDAN.TV","description":"Meydan TV Az\u0259rbaycan\u0131n media m\u0259kan\u0131ndak\u0131 alternativ s\u0259sidir","publisher":{"@id":"https:\/\/www.meydan.tv\/az\/#organization"},"potentialAction":[{"@type":"SearchAction","target":{"@type":"EntryPoint","urlTemplate":"https:\/\/www.meydan.tv\/az\/?s={search_term_string}"},"query-input":{"@type":"PropertyValueSpecification","valueRequired":true,"valueName":"search_term_string"}}],"inLanguage":"az"},{"@type":"Organization","@id":"https:\/\/www.meydan.tv\/az\/#organization","name":"Meydan TV","url":"https:\/\/www.meydan.tv\/az\/","logo":{"@type":"ImageObject","inLanguage":"az","@id":"https:\/\/www.meydan.tv\/az\/#\/schema\/logo\/image\/","url":"https:\/\/www.meydan.tv\/wp-content\/uploads\/2021\/07\/meydan-logo.svg","contentUrl":"https:\/\/www.meydan.tv\/wp-content\/uploads\/2021\/07\/meydan-logo.svg","width":195,"height":46,"caption":"Meydan TV"},"image":{"@id":"https:\/\/www.meydan.tv\/az\/#\/schema\/logo\/image\/"}},{"@type":"Person","@id":"https:\/\/www.meydan.tv\/az\/#\/schema\/person\/9cdbecf90d17180ce1dfbd95b08dcf47","name":"elli","sameAs":["https:\/\/x.com\/elli"]}]}},"_links":{"self":[{"href":"https:\/\/www.meydan.tv\/az\/wp-json\/wp\/v2\/posts\/226635","targetHints":{"allow":["GET"]}}],"collection":[{"href":"https:\/\/www.meydan.tv\/az\/wp-json\/wp\/v2\/posts"}],"about":[{"href":"https:\/\/www.meydan.tv\/az\/wp-json\/wp\/v2\/types\/post"}],"author":[{"embeddable":true,"href":"https:\/\/www.meydan.tv\/az\/wp-json\/wp\/v2\/users\/8"}],"replies":[{"embeddable":true,"href":"https:\/\/www.meydan.tv\/az\/wp-json\/wp\/v2\/comments?post=226635"}],"version-history":[{"count":3,"href":"https:\/\/www.meydan.tv\/az\/wp-json\/wp\/v2\/posts\/226635\/revisions"}],"predecessor-version":[{"id":226646,"href":"https:\/\/www.meydan.tv\/az\/wp-json\/wp\/v2\/posts\/226635\/revisions\/226646"}],"wp:featuredmedia":[{"embeddable":true,"href":"https:\/\/www.meydan.tv\/az\/wp-json\/wp\/v2\/media\/226437"}],"wp:attachment":[{"href":"https:\/\/www.meydan.tv\/az\/wp-json\/wp\/v2\/media?parent=226635"}],"wp:term":[{"taxonomy":"category","embeddable":true,"href":"https:\/\/www.meydan.tv\/az\/wp-json\/wp\/v2\/categories?post=226635"},{"taxonomy":"post_tag","embeddable":true,"href":"https:\/\/www.meydan.tv\/az\/wp-json\/wp\/v2\/tags?post=226635"}],"curies":[{"name":"wp","href":"https:\/\/api.w.org\/{rel}","templated":true}]}}