{"id":226528,"date":"2021-11-18T12:21:52","date_gmt":"2021-11-18T08:21:52","guid":{"rendered":"https:\/\/www.meydan.tv\/?p=226528"},"modified":"2021-11-18T12:27:54","modified_gmt":"2021-11-18T08:27:54","slug":"dondar-quscu-kendinin-182-sakini-ilkin-suleymanovla-bagli-prezidente-muraciet-etdi","status":"publish","type":"post","link":"https:\/\/www.meydan.tv\/az\/article\/dondar-quscu-kendinin-182-sakini-ilkin-suleymanovla-bagli-prezidente-muraciet-etdi\/","title":{"rendered":"Dondar Qu\u015f\u00e7u k\u0259ndinin 182 sakini \u0130lkin S\u00fcleymanovla ba\u011fl\u0131 Prezident\u0259 m\u00fcraci\u0259t etdi"},"content":{"rendered":"\n<p>Hakiml\u0259r m\u0259ktubun cinay\u0259t i\u015fin\u0259 \u0259lav\u0259 olunmas\u0131na q\u0259rar verib<\/p>\n\n\n\n<p>Tovuz rayonunun Dondar Qu\u015f\u00e7u k\u0259ndind\u0259 10 ya\u015fl\u0131 N\u0259rmin Quliyevan\u0131n itkin d\u00fc\u015fm\u0259si, daha sonra yand\u0131r\u0131lm\u0131\u015f meyitinin tap\u0131lmas\u0131yla ba\u011fl\u0131 ara\u015fd\u0131rmalar G\u0259nc\u0259 A\u011f\u0131r Cinay\u0259tl\u0259r M\u0259hk\u0259m\u0259sind\u0259 davam edir.<br><\/p>\n\n\n\n<p>Noyabr\u0131n 17-d\u0259 hakim Dada\u015f \u0130manovun s\u0259drliyil\u0259 ke\u00e7iril\u0259n m\u0259hk\u0259m\u0259 iclas\u0131nda m\u0259lum olub ki, Dondar Qu\u015f\u00e7u k\u0259ndinin sakinl\u0259ri 182 n\u0259f\u0259rin imzas\u0131yla Prezident \u0130lham \u018fliyev\u0259 v\u0259 Birinci vitse-prezident Mehriban \u018fliyevaya m\u00fcraci\u0259t edibl\u0259r. Onlar bu cinay\u0259t i\u015fi \u00fczr\u0259 iki il\u0259 yax\u0131nd\u0131r h\u0259bsd\u0259 olan \u0130lkin S\u00fcleymanovun t\u0259qsirsiz oldu\u011funu vur\u011fulayaraq, bu i\u015fin diqq\u0259td\u0259 saxlanmas\u0131n\u0131, \u0259sl cinay\u0259tkarlar\u0131n tap\u0131lmas\u0131 \u00fc\u00e7\u00fcn k\u00f6m\u0259k ist\u0259yibl\u0259r.<br><\/p>\n\n\n\n<p>\u201c\u0130lkin S\u00fcleymanovun 2020-ci il yanvar\u0131n 10-da tutulmas\u0131 do\u011fru deyil. Biz sakinl\u0259r \u015fahidik ki, onu yanvar\u0131n 6-da polis \u015f\u00f6b\u0259sin\u0259 apar\u0131b, bir daha buraxmay\u0131blar\u201d, &#8211; k\u0259nd sakinl\u0259ri m\u00fcraci\u0259td\u0259 yaz\u0131blar. Onlar vur\u011fulay\u0131b ki, bu, \u0130lkin S\u00fcleymanovla ba\u011fl\u0131 cinay\u0259t i\u015find\u0259ki yalanlardan sad\u0259c\u0259, biridir.<br><\/p>\n\n\n\n<p>M\u0259hk\u0259m\u0259 q\u0259rar verib ki, bu m\u0259ktub cinay\u0259t i\u015fin\u0259 \u0259lav\u0259 olunsun.<br><\/p>\n\n\n\n<p>Hakim Dada\u015f \u0130manov \u0130lkin S\u00fcleymanovun atas\u0131 \u0130brahim S\u00fcleymanovun prezident, vitse-prezident, Ba\u015f prokuror, \u0259dliyy\u0259, daxili i\u015fl\u0259r nazirl\u0259ri, D\u00f6vl\u0259t T\u0259hl\u00fck\u0259sizliyi Xidm\u0259tinin r\u0259isi, Ombudsman v\u0259 s. qurumlara \u00fcnvanlad\u0131\u011f\u0131 m\u0259ktubun m\u0259tnini d\u0259 m\u0259hk\u0259m\u0259d\u0259 elan edib.<br><\/p>\n\n\n\n<p>\u201cHam\u0131ya m\u0259lumdur ki, evimizin yax\u0131nl\u0131\u011f\u0131nda yanan meyiti o\u011flum \u0130lkin S\u00fcleymanov g\u00f6r\u00fcb. D\u0259rhal qon\u015fulara x\u0259b\u0259r verib v\u0259 \u0259trafdak\u0131lar\u0131n da k\u00f6m\u0259yil\u0259 meyit s\u00f6nd\u00fcr\u00fcl\u00fcb. H\u0259min g\u00fcn o\u011flumu ba\u015f ver\u0259nl\u0259ri ilk g\u00f6r\u0259n \u015f\u0259xs kimi polis \u015f\u00f6b\u0259sin\u0259 apar\u0131b, bir daha buraxmay\u0131blar. Onun saxlanmas\u0131yla ba\u011fl\u0131 he\u00e7 bir s\u0259n\u0259dl\u0259\u015fm\u0259 aparmadan d\u00f6rd g\u00fcn ona amans\u0131z, \u00f6l\u00fcmc\u00fcl i\u015fg\u0259nc\u0259l\u0259r veribl\u0259r. Onun ba\u015f\u0131na vedr\u0259 ke\u00e7irib, k\u00fct al\u0259tl\u0259rl\u0259 vurublar, toka veribl\u0259r, diz v\u0259 \u0259ll\u0259rinin \u00fcst\u00fcnd\u0259n dubinka il\u0259 d\u00f6y\u00fcbl\u0259r\u2026 O\u011flum d\u00f6z\u0259 bilm\u0259yib, onlar\u0131n ist\u0259diyi ifad\u0259ni imzalama\u011fa raz\u0131l\u0131q ver\u0259nd\u0259 &#8211; yanvar\u0131n 10-da onun tutulmas\u0131n\u0131 r\u0259smil\u0259\u015fdiribl\u0259r. Ail\u0259mizin m\u00fcqavil\u0259 ba\u011flad\u0131\u011f\u0131 v\u0259kilin onunla g\u00f6r\u00fc\u015fm\u0259sin\u0259 imkan verilm\u0259yib. V\u0259kil yaln\u0131z yanvar\u0131n 30-da onunla g\u00f6r\u00fc\u015f\u0259 bilib. Onun m\u00fcdafi\u0259 h\u00fcququ kobud \u015f\u0259kild\u0259 pozulub\u201d, &#8211; \u0130brahim S\u00fcleymanov yaz\u0131b.<br><\/p>\n\n\n\n<p>Atas\u0131n\u0131n s\u00f6zl\u0259rin\u0259 g\u00f6r\u0259, \u0130lkin S\u00fcleymanovun i\u015fi \u00fczr\u0259 m\u0259hk\u0259m\u0259d\u0259 indiy\u0259 q\u0259d\u0259r olanlar da onun g\u00fcnahs\u0131z oldu\u011funu g\u00f6st\u0259rir:<br><\/p>\n\n\n\n<p>\u201cBu cinay\u0259tin \u00fcst\u00fcn\u00fcn a\u00e7\u0131lmas\u0131nda \u0259n \u00e7ox maraql\u0131 N\u0259rminin valideynl\u0259ri olmal\u0131d\u0131r. Amma onlar cinay\u0259tin a\u00e7\u0131lmas\u0131nda yox, \u00f6rt-basd\u0131r edilm\u0259sind\u0259 maraql\u0131 g\u00f6r\u00fcn\u00fcrl\u0259r. M\u0259hk\u0259m\u0259d\u0259 yalan v\u0259 ziddiyy\u0259tli ifad\u0259l\u0259r verirl\u0259r, suallara d\u0259qiq, d\u00fczg\u00fcn cavab verm\u0259kd\u0259n yay\u0131n\u0131rlar. \u00dc\u00e7 m\u00fcxt\u0259lif m\u0259nb\u0259d\u0259n \u0259ld\u0259 olunan s\u00fcbutlarla (\u015f\u0259xsiyy\u0259t v\u0259siq\u0259si, tibb m\u0259nt\u0259q\u0259sind\u0259ki qeydiyyat kitab\u00e7as\u0131) t\u0259sdiql\u0259nir ki, N\u0259rmin Quliyevan\u0131n qan qrupu IV olub. Meyitin ekspertizas\u0131n\u0131n r\u0259yin\u0259 \u0259sas\u0259n, onun qan\u0131 is\u0259 II qrupdur. Meyitin boyu il\u0259 N\u0259rminin boyu uy\u011fun g\u0259lmir. Meyit 142 santimetrd\u0259n d\u0259 uzun adama m\u0259xsusdur. Valideynl\u0259r tap\u0131lm\u0131\u015f meyit\u0259 baxmaqda maraql\u0131 olmay\u0131b. Bunu \u00f6zl\u0259rinin m\u0259hk\u0259m\u0259d\u0259 verdikl\u0259ri ifad\u0259l\u0259r d\u0259 t\u0259sdiql\u0259yir. B\u00fct\u00fcn bunlar o meyitin N\u0259rmin Quliyevaya aid olmas\u0131na ciddi \u015f\u00fcbh\u0259l\u0259r yarad\u0131r. Meyitin cinsiyy\u0259t orqan\u0131 yerl\u0259\u015f\u0259n hiss\u0259si x\u00fcsusi olaraq yand\u0131r\u0131l\u0131b ki, bunun da n\u0259tic\u0259sind\u0259 ekspertiza onun t\u0259cav\u00fcz\u0259 m\u0259ruz qal\u0131b-qalmad\u0131\u011f\u0131n\u0131 m\u00fc\u0259yy\u0259nl\u0259\u015fdir\u0259 bilm\u0259yib. T\u0259hlill\u0259r g\u00f6st\u0259rir ki, meyit orada yand\u0131r\u0131lmam\u0131\u015fdan \u0259vv\u0259l d\u0259 bir d\u0259f\u0259 yand\u0131r\u0131l\u0131b, sonra ora at\u0131l\u0131b v\u0259 orada ikinci d\u0259f\u0259 yand\u0131r\u0131l\u0131b. \u018fks halda, meyit h\u0259m \u00f6n, h\u0259m d\u0259 arxa hiss\u0259d\u0259n eyni d\u0259r\u0259c\u0259d\u0259 yana bilm\u0259zdi. \u00c7\u00fcnki bir t\u0259r\u0259f \u00fcst\u00fcnd\u0259 at\u0131lm\u0131\u015fd\u0131. \u00dcst\u0259lik, t\u0259xmin\u0259n 5 d\u0259qiq\u0259 davam ed\u0259n yan\u011f\u0131n n\u0259tic\u0259sind\u0259 meyitin o v\u0259ziyy\u0259t\u0259 d\u00fc\u015fm\u0259si d\u0259 m\u00fcmk\u00fcn deyildi. Paltarlarla ba\u011fl\u0131 da ciddi ziddiyy\u0259tl\u0259r var. Valideynl\u0259rin h\u0259r biri u\u015fa\u011f\u0131n \u0259ynind\u0259 olan paltarlarla ba\u011fl\u0131 f\u0259rqli ifad\u0259 verir. O h\u0259dd\u0259 yanm\u0131\u015f meyitin \u00fcst\u00fcnd\u0259ki paltarlar\u0131n bir hiss\u0259sinin yanmamas\u0131 da inand\u0131r\u0131c\u0131 deyil\u201d.<br>\u0130brahim S\u00fcleymanov m\u0259ktubun sonunda \u0259lav\u0259 edib ki, b\u00fct\u00fcn bunlara baxmayaraq, o\u011fluna b\u0259ra\u0259t veril\u0259c\u0259yin\u0259, \u0259dal\u0259tli q\u0259rar \u00e7\u0131xar\u0131laca\u011f\u0131na inam\u0131 \u00e7ox azd\u0131r. Bu s\u0259b\u0259bd\u0259n prezidentd\u0259n k\u00f6m\u0259k ist\u0259yir ki, bu i\u015fi n\u0259zar\u0259td\u0259 saxlas\u0131n: \u201c\u018fsl cinay\u0259tkarlar\u0131n tap\u0131lmas\u0131, qanunsuzlu\u011fa yol vermi\u015f s\u0259lahiyy\u0259tli \u015f\u0259xsl\u0259rin c\u0259zaland\u0131r\u0131lmas\u0131 \u00fc\u00e7\u00fcn bu i\u015fi diqq\u0259td\u0259 saxlama\u011f\u0131n\u0131z\u0131 xahi\u015f edir\u0259m\u201d.<br><\/p>\n\n\n\n<p>Hakiml\u0259r bu m\u0259ktubun da cinay\u0259t i\u015fin\u0259 \u0259lav\u0259 olunmas\u0131na q\u0259rar verib.<br><\/p>\n\n\n\n<p>Daha sonra m\u0259hk\u0259m\u0259d\u0259 N\u0259rmin Quliyevan\u0131n b\u00f6y\u00fck bac\u0131s\u0131 \u015e\u0259bn\u0259m Quliyeva v\u0259 ki\u00e7ik bac\u0131s\u0131 \u015e\u0259han\u0259 Quliyeva dindirilib.<br><\/p>\n\n\n\n<p>\u201cBiz bac\u0131m \u015e\u0259bn\u0259ml\u0259 m\u0259kt\u0259bd\u0259n g\u0259l\u0259nd\u0259 N\u0259rmin art\u0131q evd\u0259 idi. O, bizd\u0259n t\u0259xmin\u0259n yar\u0131m saat, 1 saat \u0259vv\u0259l g\u0259lmi\u015fdi. M\u0259n m\u0259kt\u0259bd\u0259n g\u0259l\u0259nd\u0259n sonra yatd\u0131m, bir d\u0259 ax\u015fam oyananda g\u00f6rd\u00fcm ki, evimizd\u0259 polisl\u0259r var\u201d, &#8211; haz\u0131rda 6-c\u0131 sinif \u015fagirdi olan 11 ya\u015fl\u0131 \u015e\u0259han\u0259 Quliyeva bildirib.<br><\/p>\n\n\n\n<p>Valideynl\u0259ri m\u0259hk\u0259m\u0259d\u0259 bildirmi\u015fdi ki, N\u0259rminin g\u00f6d\u0259k\u00e7\u0259 arxas\u0131nca \u0259misigil\u0259 gedib, geri qay\u0131tmad\u0131\u011f\u0131n\u0131 g\u00f6r\u0259nd\u0259 onun n\u0259n\u0259si Minay\u0259gild\u0259 oldu\u011funu g\u00fcman edibl\u0259r. Bu s\u0259b\u0259bd\u0259n ax\u015fama q\u0259d\u0259r axtarmay\u0131blar.<br>Lakin \u015e\u0259han\u0259 Quliyeva bildirib ki, Minay\u0259 n\u0259n\u0259sigil xeyli uzaqda ya\u015fay\u0131r. Onlar n\u0259n\u0259sigil\u0259 anas\u0131ndan icaz\u0259siz getm\u0259zdi. H\u0259m d\u0259 hava qaralana q\u0259d\u0259r qay\u0131d\u0131rd\u0131lar.<br><\/p>\n\n\n\n<p>M\u0259hk\u0259m\u0259 prosesi noyabr\u0131n 24-d\u0259 davam ed\u0259c\u0259k.<br><\/p>\n\n\n\n<p>1973-c\u00fc il t\u0259v\u0259ll\u00fcdl\u00fc \u0130lkin S\u00fcleymanov Cinay\u0259t M\u0259c\u0259ll\u0259sinin 120.2.4 (x\u00fcsusi amans\u0131zl\u0131qla q\u0259sd\u0259n adam \u00f6ld\u00fcrm\u0259), 120.2.9 (t\u0259qsirkar \u015f\u0259xs \u00fc\u00e7\u00fcn a\u015fkar sur\u0259td\u0259 k\u00f6m\u0259ksiz v\u0259ziyy\u0259td\u0259 olan adam\u0131 q\u0259sd\u0259n \u00f6ld\u00fcrm\u0259), 144.3 (adam o\u011furlu\u011fu) v\u0259 ba\u015fqa madd\u0259l\u0259ril\u0259 ittiham <a href=\"https:\/\/www.meydan.tv\/az\/article\/10-yasli-qizin-qetli-ile-bagli-yeni-hebs-qerari\/\" target=\"_blank\" rel=\"noreferrer noopener\">olunur<\/a>. <\/p>\n\n\n\n<p>\u0130ttihama \u0259sas\u0259n, o, sinif yolda\u015f\u0131 \u015e\u0259rif Quliyevin ail\u0259si, u\u015faqlar\u0131 oldu\u011funa g\u00f6r\u0259 onu q\u0131sqan\u0131b, buna g\u00f6r\u0259 d\u0259 onun q\u0131z\u0131 N\u0259rmini o\u011furlayaraq, 47 g\u00fcn sonra q\u0259tl\u0259 yetirib.<br><\/p>\n\n\n\n<p>\u0130lkin S\u00fcleymanov is\u0259 azya\u015fl\u0131n\u0131n \u00f6l\u00fcm\u00fcn\u0259 aidiyy\u0259ti olmad\u0131\u011f\u0131n\u0131 deyir. \u0130lkin ifad\u0259sind\u0259ki etirafa g\u0259linc\u0259, o bildirib ki, 2020-ci il yanvar\u0131n 6-dan 10-na q\u0259d\u0259r Tovuz rayon Polis \u015e\u00f6b\u0259sind\u0259 i\u015fg\u0259nc\u0259y\u0259 m\u0259ruz qal\u0131b. D\u00f6rd g\u00fcn sonra i\u015fg\u0259nc\u0259l\u0259r\u0259 d\u00f6zm\u0259y\u0259r\u0259k, etiraf ifad\u0259sin\u0259 imza atma\u011fa m\u0259cbur olub.<\/p>\n","protected":false},"excerpt":{"rendered":"<p>Hakiml\u0259r m\u0259ktubun cinay\u0259t i\u015fin\u0259 \u0259lav\u0259 olunmas\u0131na q\u0259rar verib Tovuz rayonunun &#8230; <\/p>\n<p class=\"read-more-container\"><a title=\"Dondar Qu\u015f\u00e7u k\u0259ndinin 182 sakini \u0130lkin S\u00fcleymanovla ba\u011fl\u0131 Prezident\u0259 m\u00fcraci\u0259t etdi\" class=\"read-more button\" href=\"https:\/\/www.meydan.tv\/az\/article\/dondar-quscu-kendinin-182-sakini-ilkin-suleymanovla-bagli-prezidente-muraciet-etdi\/#more-226528\" aria-label=\"Read more about Dondar Qu\u015f\u00e7u k\u0259ndinin 182 sakini \u0130lkin S\u00fcleymanovla ba\u011fl\u0131 Prezident\u0259 m\u00fcraci\u0259t etdi\">Davam\u0131<\/a><\/p>\n","protected":false},"author":8,"featured_media":161622,"comment_status":"closed","ping_status":"closed","sticky":false,"template":"","format":"standard","meta":{"_acf_changed":false,"_sitemap_exclude":false,"_sitemap_priority":"","_sitemap_frequency":"","footnotes":""},"categories":[60,79,56],"tags":[],"class_list":["post-226528","post","type-post","status-publish","format-standard","has-post-thumbnail","hentry","category-bolge","category-featured","category-xeberler","infinite-scroll-item","generate-columns","tablet-grid-50","mobile-grid-100","grid-parent","grid-33","no-featured-image-padding"],"acf":[],"yoast_head":"<!-- This site is optimized with the Yoast SEO plugin v27.5 - https:\/\/yoast.com\/product\/yoast-seo-wordpress\/ -->\n<title>Dondar Qu\u015f\u00e7u k\u0259ndinin 182 sakini \u0130lkin S\u00fcleymanovla ba\u011fl\u0131 Prezident\u0259 m\u00fcraci\u0259t etdi - MEYDAN.TV<\/title>\n<meta name=\"robots\" content=\"index, follow, max-snippet:-1, max-image-preview:large, max-video-preview:-1\" \/>\n<link rel=\"canonical\" href=\"https:\/\/www.meydan.tv\/az\/article\/dondar-quscu-kendinin-182-sakini-ilkin-suleymanovla-bagli-prezidente-muraciet-etdi\/\" \/>\n<meta property=\"og:locale\" content=\"az_AZ\" \/>\n<meta property=\"og:type\" content=\"article\" \/>\n<meta property=\"og:title\" content=\"Dondar Qu\u015f\u00e7u k\u0259ndinin 182 sakini \u0130lkin S\u00fcleymanovla ba\u011fl\u0131 Prezident\u0259 m\u00fcraci\u0259t etdi - MEYDAN.TV\" \/>\n<meta property=\"og:description\" content=\"Hakiml\u0259r m\u0259ktubun cinay\u0259t i\u015fin\u0259 \u0259lav\u0259 olunmas\u0131na q\u0259rar verib Tovuz rayonunun ... Davam\u0131\" \/>\n<meta property=\"og:url\" content=\"https:\/\/www.meydan.tv\/az\/article\/dondar-quscu-kendinin-182-sakini-ilkin-suleymanovla-bagli-prezidente-muraciet-etdi\/\" \/>\n<meta property=\"og:site_name\" content=\"MEYDAN.TV\" \/>\n<meta property=\"article:published_time\" content=\"2021-11-18T08:21:52+00:00\" \/>\n<meta property=\"article:modified_time\" content=\"2021-11-18T08:27:54+00:00\" \/>\n<meta property=\"og:image\" content=\"https:\/\/www.meydan.tv\/wp-content\/uploads\/ilkinhebs.jpeg\" \/>\n\t<meta property=\"og:image:width\" content=\"764\" \/>\n\t<meta property=\"og:image:height\" content=\"480\" \/>\n\t<meta property=\"og:image:type\" content=\"image\/jpeg\" \/>\n<meta name=\"author\" content=\"elli\" \/>\n<meta name=\"twitter:card\" content=\"summary_large_image\" \/>\n<meta name=\"twitter:creator\" content=\"@elli\" \/>\n<script type=\"application\/ld+json\" class=\"yoast-schema-graph\">{\"@context\":\"https:\\\/\\\/schema.org\",\"@graph\":[{\"@type\":\"Article\",\"@id\":\"https:\\\/\\\/www.meydan.tv\\\/az\\\/article\\\/dondar-quscu-kendinin-182-sakini-ilkin-suleymanovla-bagli-prezidente-muraciet-etdi\\\/#article\",\"isPartOf\":{\"@id\":\"https:\\\/\\\/www.meydan.tv\\\/az\\\/article\\\/dondar-quscu-kendinin-182-sakini-ilkin-suleymanovla-bagli-prezidente-muraciet-etdi\\\/\"},\"author\":{\"name\":\"elli\",\"@id\":\"https:\\\/\\\/www.meydan.tv\\\/az\\\/#\\\/schema\\\/person\\\/9cdbecf90d17180ce1dfbd95b08dcf47\"},\"headline\":\"Dondar Qu\u015f\u00e7u k\u0259ndinin 182 sakini \u0130lkin S\u00fcleymanovla ba\u011fl\u0131 Prezident\u0259 m\u00fcraci\u0259t etdi\",\"datePublished\":\"2021-11-18T08:21:52+00:00\",\"dateModified\":\"2021-11-18T08:27:54+00:00\",\"mainEntityOfPage\":{\"@id\":\"https:\\\/\\\/www.meydan.tv\\\/az\\\/article\\\/dondar-quscu-kendinin-182-sakini-ilkin-suleymanovla-bagli-prezidente-muraciet-etdi\\\/\"},\"wordCount\":1328,\"publisher\":{\"@id\":\"https:\\\/\\\/www.meydan.tv\\\/az\\\/#organization\"},\"image\":{\"@id\":\"https:\\\/\\\/www.meydan.tv\\\/az\\\/article\\\/dondar-quscu-kendinin-182-sakini-ilkin-suleymanovla-bagli-prezidente-muraciet-etdi\\\/#primaryimage\"},\"thumbnailUrl\":\"https:\\\/\\\/www.meydan.tv\\\/wp-content\\\/uploads\\\/ilkinhebs.jpeg\",\"articleSection\":[\"B\u00f6lg\u0259\",\"T\u00f6vsiy\u0259\",\"X\u0259b\u0259rl\u0259r\"],\"inLanguage\":\"az\"},{\"@type\":\"WebPage\",\"@id\":\"https:\\\/\\\/www.meydan.tv\\\/az\\\/article\\\/dondar-quscu-kendinin-182-sakini-ilkin-suleymanovla-bagli-prezidente-muraciet-etdi\\\/\",\"url\":\"https:\\\/\\\/www.meydan.tv\\\/az\\\/article\\\/dondar-quscu-kendinin-182-sakini-ilkin-suleymanovla-bagli-prezidente-muraciet-etdi\\\/\",\"name\":\"Dondar Qu\u015f\u00e7u k\u0259ndinin 182 sakini \u0130lkin S\u00fcleymanovla ba\u011fl\u0131 Prezident\u0259 m\u00fcraci\u0259t etdi - MEYDAN.TV\",\"isPartOf\":{\"@id\":\"https:\\\/\\\/www.meydan.tv\\\/az\\\/#website\"},\"primaryImageOfPage\":{\"@id\":\"https:\\\/\\\/www.meydan.tv\\\/az\\\/article\\\/dondar-quscu-kendinin-182-sakini-ilkin-suleymanovla-bagli-prezidente-muraciet-etdi\\\/#primaryimage\"},\"image\":{\"@id\":\"https:\\\/\\\/www.meydan.tv\\\/az\\\/article\\\/dondar-quscu-kendinin-182-sakini-ilkin-suleymanovla-bagli-prezidente-muraciet-etdi\\\/#primaryimage\"},\"thumbnailUrl\":\"https:\\\/\\\/www.meydan.tv\\\/wp-content\\\/uploads\\\/ilkinhebs.jpeg\",\"datePublished\":\"2021-11-18T08:21:52+00:00\",\"dateModified\":\"2021-11-18T08:27:54+00:00\",\"breadcrumb\":{\"@id\":\"https:\\\/\\\/www.meydan.tv\\\/az\\\/article\\\/dondar-quscu-kendinin-182-sakini-ilkin-suleymanovla-bagli-prezidente-muraciet-etdi\\\/#breadcrumb\"},\"inLanguage\":\"az\",\"potentialAction\":[{\"@type\":\"ReadAction\",\"target\":[\"https:\\\/\\\/www.meydan.tv\\\/az\\\/article\\\/dondar-quscu-kendinin-182-sakini-ilkin-suleymanovla-bagli-prezidente-muraciet-etdi\\\/\"]}]},{\"@type\":\"ImageObject\",\"inLanguage\":\"az\",\"@id\":\"https:\\\/\\\/www.meydan.tv\\\/az\\\/article\\\/dondar-quscu-kendinin-182-sakini-ilkin-suleymanovla-bagli-prezidente-muraciet-etdi\\\/#primaryimage\",\"url\":\"https:\\\/\\\/www.meydan.tv\\\/wp-content\\\/uploads\\\/ilkinhebs.jpeg\",\"contentUrl\":\"https:\\\/\\\/www.meydan.tv\\\/wp-content\\\/uploads\\\/ilkinhebs.jpeg\",\"width\":764,\"height\":480,\"caption\":\"\u0130lkin S\u00fcleymanov, Foto: F\u0259rid \u0130mran\"},{\"@type\":\"BreadcrumbList\",\"@id\":\"https:\\\/\\\/www.meydan.tv\\\/az\\\/article\\\/dondar-quscu-kendinin-182-sakini-ilkin-suleymanovla-bagli-prezidente-muraciet-etdi\\\/#breadcrumb\",\"itemListElement\":[{\"@type\":\"ListItem\",\"position\":1,\"name\":\"Ana s\u0259hif\u0259\",\"item\":\"https:\\\/\\\/www.meydan.tv\\\/az\\\/\"},{\"@type\":\"ListItem\",\"position\":2,\"name\":\"B\u00f6lg\u0259\",\"item\":\"https:\\\/\\\/www.meydan.tv\\\/az\\\/section\\\/bolge\\\/\"},{\"@type\":\"ListItem\",\"position\":3,\"name\":\"Dondar Qu\u015f\u00e7u k\u0259ndinin 182 sakini \u0130lkin S\u00fcleymanovla ba\u011fl\u0131 Prezident\u0259 m\u00fcraci\u0259t etdi\"}]},{\"@type\":\"WebSite\",\"@id\":\"https:\\\/\\\/www.meydan.tv\\\/az\\\/#website\",\"url\":\"https:\\\/\\\/www.meydan.tv\\\/az\\\/\",\"name\":\"MEYDAN.TV\",\"description\":\"Meydan TV Az\u0259rbaycan\u0131n media m\u0259kan\u0131ndak\u0131 alternativ s\u0259sidir\",\"publisher\":{\"@id\":\"https:\\\/\\\/www.meydan.tv\\\/az\\\/#organization\"},\"potentialAction\":[{\"@type\":\"SearchAction\",\"target\":{\"@type\":\"EntryPoint\",\"urlTemplate\":\"https:\\\/\\\/www.meydan.tv\\\/az\\\/?s={search_term_string}\"},\"query-input\":{\"@type\":\"PropertyValueSpecification\",\"valueRequired\":true,\"valueName\":\"search_term_string\"}}],\"inLanguage\":\"az\"},{\"@type\":\"Organization\",\"@id\":\"https:\\\/\\\/www.meydan.tv\\\/az\\\/#organization\",\"name\":\"Meydan TV\",\"url\":\"https:\\\/\\\/www.meydan.tv\\\/az\\\/\",\"logo\":{\"@type\":\"ImageObject\",\"inLanguage\":\"az\",\"@id\":\"https:\\\/\\\/www.meydan.tv\\\/az\\\/#\\\/schema\\\/logo\\\/image\\\/\",\"url\":\"https:\\\/\\\/www.meydan.tv\\\/wp-content\\\/uploads\\\/2021\\\/07\\\/meydan-logo.svg\",\"contentUrl\":\"https:\\\/\\\/www.meydan.tv\\\/wp-content\\\/uploads\\\/2021\\\/07\\\/meydan-logo.svg\",\"width\":195,\"height\":46,\"caption\":\"Meydan TV\"},\"image\":{\"@id\":\"https:\\\/\\\/www.meydan.tv\\\/az\\\/#\\\/schema\\\/logo\\\/image\\\/\"}},{\"@type\":\"Person\",\"@id\":\"https:\\\/\\\/www.meydan.tv\\\/az\\\/#\\\/schema\\\/person\\\/9cdbecf90d17180ce1dfbd95b08dcf47\",\"name\":\"elli\",\"sameAs\":[\"https:\\\/\\\/x.com\\\/elli\"]}]}<\/script>\n<!-- \/ Yoast SEO plugin. -->","yoast_head_json":{"title":"Dondar Qu\u015f\u00e7u k\u0259ndinin 182 sakini \u0130lkin S\u00fcleymanovla ba\u011fl\u0131 Prezident\u0259 m\u00fcraci\u0259t etdi - MEYDAN.TV","robots":{"index":"index","follow":"follow","max-snippet":"max-snippet:-1","max-image-preview":"max-image-preview:large","max-video-preview":"max-video-preview:-1"},"canonical":"https:\/\/www.meydan.tv\/az\/article\/dondar-quscu-kendinin-182-sakini-ilkin-suleymanovla-bagli-prezidente-muraciet-etdi\/","og_locale":"az_AZ","og_type":"article","og_title":"Dondar Qu\u015f\u00e7u k\u0259ndinin 182 sakini \u0130lkin S\u00fcleymanovla ba\u011fl\u0131 Prezident\u0259 m\u00fcraci\u0259t etdi - MEYDAN.TV","og_description":"Hakiml\u0259r m\u0259ktubun cinay\u0259t i\u015fin\u0259 \u0259lav\u0259 olunmas\u0131na q\u0259rar verib Tovuz rayonunun ... Davam\u0131","og_url":"https:\/\/www.meydan.tv\/az\/article\/dondar-quscu-kendinin-182-sakini-ilkin-suleymanovla-bagli-prezidente-muraciet-etdi\/","og_site_name":"MEYDAN.TV","article_published_time":"2021-11-18T08:21:52+00:00","article_modified_time":"2021-11-18T08:27:54+00:00","og_image":[{"width":764,"height":480,"url":"https:\/\/www.meydan.tv\/wp-content\/uploads\/ilkinhebs.jpeg","type":"image\/jpeg"}],"author":"elli","twitter_card":"summary_large_image","twitter_creator":"@elli","schema":{"@context":"https:\/\/schema.org","@graph":[{"@type":"Article","@id":"https:\/\/www.meydan.tv\/az\/article\/dondar-quscu-kendinin-182-sakini-ilkin-suleymanovla-bagli-prezidente-muraciet-etdi\/#article","isPartOf":{"@id":"https:\/\/www.meydan.tv\/az\/article\/dondar-quscu-kendinin-182-sakini-ilkin-suleymanovla-bagli-prezidente-muraciet-etdi\/"},"author":{"name":"elli","@id":"https:\/\/www.meydan.tv\/az\/#\/schema\/person\/9cdbecf90d17180ce1dfbd95b08dcf47"},"headline":"Dondar Qu\u015f\u00e7u k\u0259ndinin 182 sakini \u0130lkin S\u00fcleymanovla ba\u011fl\u0131 Prezident\u0259 m\u00fcraci\u0259t etdi","datePublished":"2021-11-18T08:21:52+00:00","dateModified":"2021-11-18T08:27:54+00:00","mainEntityOfPage":{"@id":"https:\/\/www.meydan.tv\/az\/article\/dondar-quscu-kendinin-182-sakini-ilkin-suleymanovla-bagli-prezidente-muraciet-etdi\/"},"wordCount":1328,"publisher":{"@id":"https:\/\/www.meydan.tv\/az\/#organization"},"image":{"@id":"https:\/\/www.meydan.tv\/az\/article\/dondar-quscu-kendinin-182-sakini-ilkin-suleymanovla-bagli-prezidente-muraciet-etdi\/#primaryimage"},"thumbnailUrl":"https:\/\/www.meydan.tv\/wp-content\/uploads\/ilkinhebs.jpeg","articleSection":["B\u00f6lg\u0259","T\u00f6vsiy\u0259","X\u0259b\u0259rl\u0259r"],"inLanguage":"az"},{"@type":"WebPage","@id":"https:\/\/www.meydan.tv\/az\/article\/dondar-quscu-kendinin-182-sakini-ilkin-suleymanovla-bagli-prezidente-muraciet-etdi\/","url":"https:\/\/www.meydan.tv\/az\/article\/dondar-quscu-kendinin-182-sakini-ilkin-suleymanovla-bagli-prezidente-muraciet-etdi\/","name":"Dondar Qu\u015f\u00e7u k\u0259ndinin 182 sakini \u0130lkin S\u00fcleymanovla ba\u011fl\u0131 Prezident\u0259 m\u00fcraci\u0259t etdi - MEYDAN.TV","isPartOf":{"@id":"https:\/\/www.meydan.tv\/az\/#website"},"primaryImageOfPage":{"@id":"https:\/\/www.meydan.tv\/az\/article\/dondar-quscu-kendinin-182-sakini-ilkin-suleymanovla-bagli-prezidente-muraciet-etdi\/#primaryimage"},"image":{"@id":"https:\/\/www.meydan.tv\/az\/article\/dondar-quscu-kendinin-182-sakini-ilkin-suleymanovla-bagli-prezidente-muraciet-etdi\/#primaryimage"},"thumbnailUrl":"https:\/\/www.meydan.tv\/wp-content\/uploads\/ilkinhebs.jpeg","datePublished":"2021-11-18T08:21:52+00:00","dateModified":"2021-11-18T08:27:54+00:00","breadcrumb":{"@id":"https:\/\/www.meydan.tv\/az\/article\/dondar-quscu-kendinin-182-sakini-ilkin-suleymanovla-bagli-prezidente-muraciet-etdi\/#breadcrumb"},"inLanguage":"az","potentialAction":[{"@type":"ReadAction","target":["https:\/\/www.meydan.tv\/az\/article\/dondar-quscu-kendinin-182-sakini-ilkin-suleymanovla-bagli-prezidente-muraciet-etdi\/"]}]},{"@type":"ImageObject","inLanguage":"az","@id":"https:\/\/www.meydan.tv\/az\/article\/dondar-quscu-kendinin-182-sakini-ilkin-suleymanovla-bagli-prezidente-muraciet-etdi\/#primaryimage","url":"https:\/\/www.meydan.tv\/wp-content\/uploads\/ilkinhebs.jpeg","contentUrl":"https:\/\/www.meydan.tv\/wp-content\/uploads\/ilkinhebs.jpeg","width":764,"height":480,"caption":"\u0130lkin S\u00fcleymanov, Foto: F\u0259rid \u0130mran"},{"@type":"BreadcrumbList","@id":"https:\/\/www.meydan.tv\/az\/article\/dondar-quscu-kendinin-182-sakini-ilkin-suleymanovla-bagli-prezidente-muraciet-etdi\/#breadcrumb","itemListElement":[{"@type":"ListItem","position":1,"name":"Ana s\u0259hif\u0259","item":"https:\/\/www.meydan.tv\/az\/"},{"@type":"ListItem","position":2,"name":"B\u00f6lg\u0259","item":"https:\/\/www.meydan.tv\/az\/section\/bolge\/"},{"@type":"ListItem","position":3,"name":"Dondar Qu\u015f\u00e7u k\u0259ndinin 182 sakini \u0130lkin S\u00fcleymanovla ba\u011fl\u0131 Prezident\u0259 m\u00fcraci\u0259t etdi"}]},{"@type":"WebSite","@id":"https:\/\/www.meydan.tv\/az\/#website","url":"https:\/\/www.meydan.tv\/az\/","name":"MEYDAN.TV","description":"Meydan TV Az\u0259rbaycan\u0131n media m\u0259kan\u0131ndak\u0131 alternativ s\u0259sidir","publisher":{"@id":"https:\/\/www.meydan.tv\/az\/#organization"},"potentialAction":[{"@type":"SearchAction","target":{"@type":"EntryPoint","urlTemplate":"https:\/\/www.meydan.tv\/az\/?s={search_term_string}"},"query-input":{"@type":"PropertyValueSpecification","valueRequired":true,"valueName":"search_term_string"}}],"inLanguage":"az"},{"@type":"Organization","@id":"https:\/\/www.meydan.tv\/az\/#organization","name":"Meydan TV","url":"https:\/\/www.meydan.tv\/az\/","logo":{"@type":"ImageObject","inLanguage":"az","@id":"https:\/\/www.meydan.tv\/az\/#\/schema\/logo\/image\/","url":"https:\/\/www.meydan.tv\/wp-content\/uploads\/2021\/07\/meydan-logo.svg","contentUrl":"https:\/\/www.meydan.tv\/wp-content\/uploads\/2021\/07\/meydan-logo.svg","width":195,"height":46,"caption":"Meydan TV"},"image":{"@id":"https:\/\/www.meydan.tv\/az\/#\/schema\/logo\/image\/"}},{"@type":"Person","@id":"https:\/\/www.meydan.tv\/az\/#\/schema\/person\/9cdbecf90d17180ce1dfbd95b08dcf47","name":"elli","sameAs":["https:\/\/x.com\/elli"]}]}},"_links":{"self":[{"href":"https:\/\/www.meydan.tv\/az\/wp-json\/wp\/v2\/posts\/226528","targetHints":{"allow":["GET"]}}],"collection":[{"href":"https:\/\/www.meydan.tv\/az\/wp-json\/wp\/v2\/posts"}],"about":[{"href":"https:\/\/www.meydan.tv\/az\/wp-json\/wp\/v2\/types\/post"}],"author":[{"embeddable":true,"href":"https:\/\/www.meydan.tv\/az\/wp-json\/wp\/v2\/users\/8"}],"replies":[{"embeddable":true,"href":"https:\/\/www.meydan.tv\/az\/wp-json\/wp\/v2\/comments?post=226528"}],"version-history":[{"count":3,"href":"https:\/\/www.meydan.tv\/az\/wp-json\/wp\/v2\/posts\/226528\/revisions"}],"predecessor-version":[{"id":226531,"href":"https:\/\/www.meydan.tv\/az\/wp-json\/wp\/v2\/posts\/226528\/revisions\/226531"}],"wp:featuredmedia":[{"embeddable":true,"href":"https:\/\/www.meydan.tv\/az\/wp-json\/wp\/v2\/media\/161622"}],"wp:attachment":[{"href":"https:\/\/www.meydan.tv\/az\/wp-json\/wp\/v2\/media?parent=226528"}],"wp:term":[{"taxonomy":"category","embeddable":true,"href":"https:\/\/www.meydan.tv\/az\/wp-json\/wp\/v2\/categories?post=226528"},{"taxonomy":"post_tag","embeddable":true,"href":"https:\/\/www.meydan.tv\/az\/wp-json\/wp\/v2\/tags?post=226528"}],"curies":[{"name":"wp","href":"https:\/\/api.w.org\/{rel}","templated":true}]}}