{"id":226453,"date":"2021-11-17T20:51:47","date_gmt":"2021-11-17T16:51:47","guid":{"rendered":"https:\/\/www.meydan.tv\/?p=226453"},"modified":"2021-11-18T00:47:38","modified_gmt":"2021-11-17T20:47:38","slug":"samil-eliyev-tek-kino-cekmekle-is-bitmir","status":"publish","type":"post","link":"https:\/\/www.meydan.tv\/az\/article\/samil-eliyev-tek-kino-cekmekle-is-bitmir\/","title":{"rendered":"\u015eamil \u018fliyev: T\u0259k kino \u00e7\u0259km\u0259kl\u0259 i\u015f bitmir&#8230;"},"content":{"rendered":"\n<p>Az\u0259rbaycan Kinematoqraf\u00e7\u0131lar \u0130ttifaq\u0131 \u201cOskar\u201d m\u00fckafat\u0131na t\u0259qdim<br>olunacaq filmi m\u00fc\u0259yy\u0259nl\u0259\u015fdirib<br><\/p>\n\n\n\n<p>\u0130ttifaq\u0131n \u201cOskar\u201d komit\u0259si \u00fczvl\u0259rinin se\u00e7imi il\u0259 rejissor R\u00fcf\u0259t H\u0259s\u0259novun \u201cDaxild\u0259ki ada\u201d filmi Amerika Kino Akademiyas\u0131na <a href=\"https:\/\/www.arki.az\/az\/news\/725\/kinematoqrafcilar-ittifaqinin-oskar-komitesinin-secdiyi-daxildeki-ada-filmi-oskara-teqdim-edilib\" target=\"_blank\" rel=\"noreferrer noopener\">g\u00f6nd\u0259rilib<\/a>.<br><br>ARK\u0130-nin \u201cOskar\u201d komit\u0259si filml\u0259ri 2021-ci il sentyabr\u0131n 7-d\u0259n 20-d\u0259k q\u0259bul <a href=\"https:\/\/d9mc3ts4czbpr.cloudfront.net\/az\/article\/oskar-mukafatina-teqdim-olunacaq-filmlerin-qebulu-baslayib\/\" target=\"_blank\" rel=\"noreferrer noopener\">edib<\/a>.<br><\/p>\n\n\n\n<p>\u201cDaxild\u0259ki ada\u201d filminin m\u00fckafata layiq g\u00f6r\u00fcl\u00fcb-g\u00f6r\u00fclm\u0259y\u0259c\u0259yi is\u0259 bu il dekabr\u0131n 21-d\u0259 b\u0259lli olacaq. H\u0259min tarixd\u0259 \u201cXarici dild\u0259 \u0259n yax\u015f\u0131 film\u201d nominasiyas\u0131nda \u201cshortlist\u201d\u0259 daxil edilmi\u015f 15 filmin ad\u0131 a\u00e7\u0131qlanacaq. <\/p>\n\n\n\n<p>Ekran i\u015finin ssenari m\u00fc\u0259llifi v\u0259 rejissoru R\u00fcf\u0259t H\u0259s\u0259novdur.<br><\/p>\n\n\n\n<p>Filmd\u0259 \u0259sas rollar\u0131 Orxan Ata, Vidadi H\u0259s\u0259nov, Qurban \u0130smay\u0131lov, Rafiq \u018fzimov v\u0259 Elvin Ad\u0131g\u00f6z\u0259l canland\u0131r\u0131b.<br><\/p>\n\n\n\n<p>M\u0259d\u0259niyy\u0259t Nazirliyinin sifari\u015fi il\u0259 \u201cAz\u0259rbaycanfilm\u201d kinostudiyas\u0131, \u201cArizona Production\u201d, \u201cCoyote Cinema\u201d, \u201cMandarin Agency\u201d v\u0259 \u201cDeb\u00fct\u201d Studiyas\u0131n\u0131n birg\u0259 istehsal\u0131 olaraq \u00e7\u0259kil\u0259n \u201cDaxild\u0259ki ada\u201d b\u0259dii filmi Sarayevo Film Festival\u0131n\u0131n \u201c\u018fn yax\u015f\u0131 rejissor\u201d nominasiyas\u0131n\u0131n qalibi olub.<br><\/p>\n\n\n\n<p>\u201cH\u0259r il Amerikan\u0131n H\u0259r\u0259k\u0259tli \u015e\u0259kil S\u0259n\u0259tl\u0259ri v\u0259 Elml\u0259ri Akademiyas\u0131na film g\u00f6nd\u0259rm\u0259k \u015f\u0259rtdir. Burada m\u00fc\u0259yy\u0259n bir siyas\u0259t var ki, onu n\u0259z\u0259rd\u0259 tutmal\u0131y\u0131q\u201d, &#8211; \u201cOskar\u201d komit\u0259sinin katibi, kinorejissor \u015eamil \u018fliyev Meydan TV-y\u0259 a\u00e7\u0131qlamas\u0131nda bel\u0259 deyir:<br><\/p>\n\n\n\n<p>\u201cAz\u0259rbaycan kino s\u0259nay\u0259si h\u0259l\u0259 ki formala\u015fmaqdad\u0131r. T\u0259k kino \u00e7\u0259km\u0259kl\u0259 i\u015f bitmir. \u018fsas m\u0259s\u0259l\u0259 onun d\u00fcnyada yay\u0131m\u0131d\u0131r. El\u0259 \u201cOskar\u201d\u0131n t\u0259l\u0259bl\u0259rind\u0259n \u0259n vacibi d\u0259 budur. B\u00fcdc\u0259si y\u00fcz milyonlarla \u00f6l\u00e7\u00fcl\u0259n Amerika filml\u0259rinin t\u0259bli\u011fin\u0259 milyonlarla pul x\u0259rcl\u0259nir. \u00dcmid edir\u0259m ki, Az\u0259rbaycan kino s\u0259nayesi h\u0259min s\u0259viyy\u0259y\u0259 \u00e7atacaq\u201d.<br><\/p>\n\n\n\n<p>94-c\u00fc \u201cOskar\u201d m\u00fckafatland\u0131rma m\u0259rasimi 2022-ci il mart 27-d\u0259 ke\u00e7iril\u0259c\u0259k. Az\u0259rbaycan 2007-ci ild\u0259n \u201cXarici dild\u0259 \u0259n yax\u015f\u0131 film\u201d \u00fczr\u0259 \u201cOskar\u201d m\u00fckafat\u0131na filml\u0259rini t\u0259qdim edir. \u201cQafqaz\u201d (\u201cCaucasia\u201d) \u2013 rejissor F\u0259rid H\u00fcmb\u0259tov (2007), \u201cQala\u201d (\u201cFortress\u201d) \u2013 rejissor \u015eamil N\u0259c\u0259fzad\u0259 (2008), \u201cSah\u0259\u201d (\u201cThePrecinct\u201d) rejissor \u0130lqar Safat (2010), \u201cButa\u201d (\u201cButa\u201d) &#8211; rejissor \u0130qlar N\u0259c\u0259f(2012), \u201c\u00c7\u00f6l\u00e7\u00fc\u201d (\u201cSteppe Man\u201d) &#8211; rejissor \u015eamil \u018fliyev (2013), \u201cNabat\u201d (\u201cNabat\u201d) &#8211; rejissor: El\u00e7in Musao\u011flu (2014), \u201cNar ba\u011f\u0131\u201d (\u201cPomegranate Orchard\u201d)\u2013 rejissor \u0130lqar N\u0259c\u0259f (2017) filml\u0259ri \u201cOskar\u201da t\u0259qdim olunsa da, namiz\u0259dlikl\u0259ri ir\u0259li s\u00fcr\u00fclm\u0259yib.<\/p>\n","protected":false},"excerpt":{"rendered":"<p>Az\u0259rbaycan Kinematoqraf\u00e7\u0131lar \u0130ttifaq\u0131 \u201cOskar\u201d m\u00fckafat\u0131na t\u0259qdimolunacaq filmi m\u00fc\u0259yy\u0259nl\u0259\u015fdirib \u0130ttifaq\u0131n \u201cOskar\u201d &#8230; <\/p>\n<p class=\"read-more-container\"><a title=\"\u015eamil \u018fliyev: T\u0259k kino \u00e7\u0259km\u0259kl\u0259 i\u015f bitmir&#8230;\" class=\"read-more button\" href=\"https:\/\/www.meydan.tv\/az\/article\/samil-eliyev-tek-kino-cekmekle-is-bitmir\/#more-226453\" aria-label=\"Read more about \u015eamil \u018fliyev: T\u0259k kino \u00e7\u0259km\u0259kl\u0259 i\u015f bitmir&#8230;\">Davam\u0131<\/a><\/p>\n","protected":false},"author":8,"featured_media":226457,"comment_status":"closed","ping_status":"closed","sticky":false,"template":"","format":"standard","meta":{"_acf_changed":false,"_sitemap_exclude":false,"_sitemap_priority":"","_sitemap_frequency":"","footnotes":""},"categories":[52,56],"tags":[],"class_list":["post-226453","post","type-post","status-publish","format-standard","has-post-thumbnail","hentry","category-medeniyyet","category-xeberler","infinite-scroll-item","generate-columns","tablet-grid-50","mobile-grid-100","grid-parent","grid-33","no-featured-image-padding"],"acf":[],"yoast_head":"<!-- This site is optimized with the Yoast SEO plugin v27.4 - https:\/\/yoast.com\/product\/yoast-seo-wordpress\/ -->\n<title>\u015eamil \u018fliyev: T\u0259k kino \u00e7\u0259km\u0259kl\u0259 i\u015f bitmir... - MEYDAN.TV<\/title>\n<meta name=\"robots\" content=\"index, follow, max-snippet:-1, max-image-preview:large, max-video-preview:-1\" \/>\n<link rel=\"canonical\" href=\"https:\/\/www.meydan.tv\/az\/article\/samil-eliyev-tek-kino-cekmekle-is-bitmir\/\" \/>\n<meta property=\"og:locale\" content=\"az_AZ\" \/>\n<meta property=\"og:type\" content=\"article\" \/>\n<meta property=\"og:title\" content=\"\u015eamil \u018fliyev: T\u0259k kino \u00e7\u0259km\u0259kl\u0259 i\u015f bitmir... - MEYDAN.TV\" \/>\n<meta property=\"og:description\" content=\"Az\u0259rbaycan Kinematoqraf\u00e7\u0131lar \u0130ttifaq\u0131 \u201cOskar\u201d m\u00fckafat\u0131na t\u0259qdimolunacaq filmi m\u00fc\u0259yy\u0259nl\u0259\u015fdirib \u0130ttifaq\u0131n \u201cOskar\u201d ... Davam\u0131\" \/>\n<meta property=\"og:url\" content=\"https:\/\/www.meydan.tv\/az\/article\/samil-eliyev-tek-kino-cekmekle-is-bitmir\/\" \/>\n<meta property=\"og:site_name\" content=\"MEYDAN.TV\" \/>\n<meta property=\"article:published_time\" content=\"2021-11-17T16:51:47+00:00\" \/>\n<meta property=\"article:modified_time\" content=\"2021-11-17T20:47:38+00:00\" \/>\n<meta property=\"og:image\" content=\"https:\/\/www.meydan.tv\/wp-content\/uploads\/shutterstock_1329164267-1.jpg\" \/>\n\t<meta property=\"og:image:width\" content=\"1422\" \/>\n\t<meta property=\"og:image:height\" content=\"800\" \/>\n\t<meta property=\"og:image:type\" content=\"image\/jpeg\" \/>\n<meta name=\"author\" content=\"elli\" \/>\n<meta name=\"twitter:card\" content=\"summary_large_image\" \/>\n<meta name=\"twitter:creator\" content=\"@elli\" \/>\n<script type=\"application\/ld+json\" class=\"yoast-schema-graph\">{\"@context\":\"https:\\\/\\\/schema.org\",\"@graph\":[{\"@type\":\"Article\",\"@id\":\"https:\\\/\\\/www.meydan.tv\\\/az\\\/article\\\/samil-eliyev-tek-kino-cekmekle-is-bitmir\\\/#article\",\"isPartOf\":{\"@id\":\"https:\\\/\\\/www.meydan.tv\\\/az\\\/article\\\/samil-eliyev-tek-kino-cekmekle-is-bitmir\\\/\"},\"author\":{\"name\":\"elli\",\"@id\":\"https:\\\/\\\/www.meydan.tv\\\/az\\\/#\\\/schema\\\/person\\\/9cdbecf90d17180ce1dfbd95b08dcf47\"},\"headline\":\"\u015eamil \u018fliyev: T\u0259k kino \u00e7\u0259km\u0259kl\u0259 i\u015f bitmir&#8230;\",\"datePublished\":\"2021-11-17T16:51:47+00:00\",\"dateModified\":\"2021-11-17T20:47:38+00:00\",\"mainEntityOfPage\":{\"@id\":\"https:\\\/\\\/www.meydan.tv\\\/az\\\/article\\\/samil-eliyev-tek-kino-cekmekle-is-bitmir\\\/\"},\"wordCount\":434,\"publisher\":{\"@id\":\"https:\\\/\\\/www.meydan.tv\\\/az\\\/#organization\"},\"image\":{\"@id\":\"https:\\\/\\\/www.meydan.tv\\\/az\\\/article\\\/samil-eliyev-tek-kino-cekmekle-is-bitmir\\\/#primaryimage\"},\"thumbnailUrl\":\"https:\\\/\\\/www.meydan.tv\\\/wp-content\\\/uploads\\\/shutterstock_1329164267-1.jpg\",\"articleSection\":[\"M\u0259d\u0259niyy\u0259t\",\"X\u0259b\u0259rl\u0259r\"],\"inLanguage\":\"az\"},{\"@type\":\"WebPage\",\"@id\":\"https:\\\/\\\/www.meydan.tv\\\/az\\\/article\\\/samil-eliyev-tek-kino-cekmekle-is-bitmir\\\/\",\"url\":\"https:\\\/\\\/www.meydan.tv\\\/az\\\/article\\\/samil-eliyev-tek-kino-cekmekle-is-bitmir\\\/\",\"name\":\"\u015eamil \u018fliyev: T\u0259k kino \u00e7\u0259km\u0259kl\u0259 i\u015f bitmir... - MEYDAN.TV\",\"isPartOf\":{\"@id\":\"https:\\\/\\\/www.meydan.tv\\\/az\\\/#website\"},\"primaryImageOfPage\":{\"@id\":\"https:\\\/\\\/www.meydan.tv\\\/az\\\/article\\\/samil-eliyev-tek-kino-cekmekle-is-bitmir\\\/#primaryimage\"},\"image\":{\"@id\":\"https:\\\/\\\/www.meydan.tv\\\/az\\\/article\\\/samil-eliyev-tek-kino-cekmekle-is-bitmir\\\/#primaryimage\"},\"thumbnailUrl\":\"https:\\\/\\\/www.meydan.tv\\\/wp-content\\\/uploads\\\/shutterstock_1329164267-1.jpg\",\"datePublished\":\"2021-11-17T16:51:47+00:00\",\"dateModified\":\"2021-11-17T20:47:38+00:00\",\"breadcrumb\":{\"@id\":\"https:\\\/\\\/www.meydan.tv\\\/az\\\/article\\\/samil-eliyev-tek-kino-cekmekle-is-bitmir\\\/#breadcrumb\"},\"inLanguage\":\"az\",\"potentialAction\":[{\"@type\":\"ReadAction\",\"target\":[\"https:\\\/\\\/www.meydan.tv\\\/az\\\/article\\\/samil-eliyev-tek-kino-cekmekle-is-bitmir\\\/\"]}]},{\"@type\":\"ImageObject\",\"inLanguage\":\"az\",\"@id\":\"https:\\\/\\\/www.meydan.tv\\\/az\\\/article\\\/samil-eliyev-tek-kino-cekmekle-is-bitmir\\\/#primaryimage\",\"url\":\"https:\\\/\\\/www.meydan.tv\\\/wp-content\\\/uploads\\\/shutterstock_1329164267-1.jpg\",\"contentUrl\":\"https:\\\/\\\/www.meydan.tv\\\/wp-content\\\/uploads\\\/shutterstock_1329164267-1.jpg\",\"width\":1422,\"height\":800,\"caption\":\"Foto: By Yavdat\\\/Shutterstock\"},{\"@type\":\"BreadcrumbList\",\"@id\":\"https:\\\/\\\/www.meydan.tv\\\/az\\\/article\\\/samil-eliyev-tek-kino-cekmekle-is-bitmir\\\/#breadcrumb\",\"itemListElement\":[{\"@type\":\"ListItem\",\"position\":1,\"name\":\"Ana s\u0259hif\u0259\",\"item\":\"https:\\\/\\\/www.meydan.tv\\\/az\\\/\"},{\"@type\":\"ListItem\",\"position\":2,\"name\":\"M\u0259d\u0259niyy\u0259t\",\"item\":\"https:\\\/\\\/www.meydan.tv\\\/az\\\/section\\\/medeniyyet\\\/\"},{\"@type\":\"ListItem\",\"position\":3,\"name\":\"\u015eamil \u018fliyev: T\u0259k kino \u00e7\u0259km\u0259kl\u0259 i\u015f bitmir&#8230;\"}]},{\"@type\":\"WebSite\",\"@id\":\"https:\\\/\\\/www.meydan.tv\\\/az\\\/#website\",\"url\":\"https:\\\/\\\/www.meydan.tv\\\/az\\\/\",\"name\":\"MEYDAN.TV\",\"description\":\"Meydan TV Az\u0259rbaycan\u0131n media m\u0259kan\u0131ndak\u0131 alternativ s\u0259sidir\",\"publisher\":{\"@id\":\"https:\\\/\\\/www.meydan.tv\\\/az\\\/#organization\"},\"potentialAction\":[{\"@type\":\"SearchAction\",\"target\":{\"@type\":\"EntryPoint\",\"urlTemplate\":\"https:\\\/\\\/www.meydan.tv\\\/az\\\/?s={search_term_string}\"},\"query-input\":{\"@type\":\"PropertyValueSpecification\",\"valueRequired\":true,\"valueName\":\"search_term_string\"}}],\"inLanguage\":\"az\"},{\"@type\":\"Organization\",\"@id\":\"https:\\\/\\\/www.meydan.tv\\\/az\\\/#organization\",\"name\":\"Meydan TV\",\"url\":\"https:\\\/\\\/www.meydan.tv\\\/az\\\/\",\"logo\":{\"@type\":\"ImageObject\",\"inLanguage\":\"az\",\"@id\":\"https:\\\/\\\/www.meydan.tv\\\/az\\\/#\\\/schema\\\/logo\\\/image\\\/\",\"url\":\"https:\\\/\\\/www.meydan.tv\\\/wp-content\\\/uploads\\\/2021\\\/07\\\/meydan-logo.svg\",\"contentUrl\":\"https:\\\/\\\/www.meydan.tv\\\/wp-content\\\/uploads\\\/2021\\\/07\\\/meydan-logo.svg\",\"width\":195,\"height\":46,\"caption\":\"Meydan TV\"},\"image\":{\"@id\":\"https:\\\/\\\/www.meydan.tv\\\/az\\\/#\\\/schema\\\/logo\\\/image\\\/\"}},{\"@type\":\"Person\",\"@id\":\"https:\\\/\\\/www.meydan.tv\\\/az\\\/#\\\/schema\\\/person\\\/9cdbecf90d17180ce1dfbd95b08dcf47\",\"name\":\"elli\",\"sameAs\":[\"https:\\\/\\\/x.com\\\/elli\"]}]}<\/script>\n<!-- \/ Yoast SEO plugin. -->","yoast_head_json":{"title":"\u015eamil \u018fliyev: T\u0259k kino \u00e7\u0259km\u0259kl\u0259 i\u015f bitmir... - MEYDAN.TV","robots":{"index":"index","follow":"follow","max-snippet":"max-snippet:-1","max-image-preview":"max-image-preview:large","max-video-preview":"max-video-preview:-1"},"canonical":"https:\/\/www.meydan.tv\/az\/article\/samil-eliyev-tek-kino-cekmekle-is-bitmir\/","og_locale":"az_AZ","og_type":"article","og_title":"\u015eamil \u018fliyev: T\u0259k kino \u00e7\u0259km\u0259kl\u0259 i\u015f bitmir... - MEYDAN.TV","og_description":"Az\u0259rbaycan Kinematoqraf\u00e7\u0131lar \u0130ttifaq\u0131 \u201cOskar\u201d m\u00fckafat\u0131na t\u0259qdimolunacaq filmi m\u00fc\u0259yy\u0259nl\u0259\u015fdirib \u0130ttifaq\u0131n \u201cOskar\u201d ... Davam\u0131","og_url":"https:\/\/www.meydan.tv\/az\/article\/samil-eliyev-tek-kino-cekmekle-is-bitmir\/","og_site_name":"MEYDAN.TV","article_published_time":"2021-11-17T16:51:47+00:00","article_modified_time":"2021-11-17T20:47:38+00:00","og_image":[{"width":1422,"height":800,"url":"https:\/\/www.meydan.tv\/wp-content\/uploads\/shutterstock_1329164267-1.jpg","type":"image\/jpeg"}],"author":"elli","twitter_card":"summary_large_image","twitter_creator":"@elli","schema":{"@context":"https:\/\/schema.org","@graph":[{"@type":"Article","@id":"https:\/\/www.meydan.tv\/az\/article\/samil-eliyev-tek-kino-cekmekle-is-bitmir\/#article","isPartOf":{"@id":"https:\/\/www.meydan.tv\/az\/article\/samil-eliyev-tek-kino-cekmekle-is-bitmir\/"},"author":{"name":"elli","@id":"https:\/\/www.meydan.tv\/az\/#\/schema\/person\/9cdbecf90d17180ce1dfbd95b08dcf47"},"headline":"\u015eamil \u018fliyev: T\u0259k kino \u00e7\u0259km\u0259kl\u0259 i\u015f bitmir&#8230;","datePublished":"2021-11-17T16:51:47+00:00","dateModified":"2021-11-17T20:47:38+00:00","mainEntityOfPage":{"@id":"https:\/\/www.meydan.tv\/az\/article\/samil-eliyev-tek-kino-cekmekle-is-bitmir\/"},"wordCount":434,"publisher":{"@id":"https:\/\/www.meydan.tv\/az\/#organization"},"image":{"@id":"https:\/\/www.meydan.tv\/az\/article\/samil-eliyev-tek-kino-cekmekle-is-bitmir\/#primaryimage"},"thumbnailUrl":"https:\/\/www.meydan.tv\/wp-content\/uploads\/shutterstock_1329164267-1.jpg","articleSection":["M\u0259d\u0259niyy\u0259t","X\u0259b\u0259rl\u0259r"],"inLanguage":"az"},{"@type":"WebPage","@id":"https:\/\/www.meydan.tv\/az\/article\/samil-eliyev-tek-kino-cekmekle-is-bitmir\/","url":"https:\/\/www.meydan.tv\/az\/article\/samil-eliyev-tek-kino-cekmekle-is-bitmir\/","name":"\u015eamil \u018fliyev: T\u0259k kino \u00e7\u0259km\u0259kl\u0259 i\u015f bitmir... - MEYDAN.TV","isPartOf":{"@id":"https:\/\/www.meydan.tv\/az\/#website"},"primaryImageOfPage":{"@id":"https:\/\/www.meydan.tv\/az\/article\/samil-eliyev-tek-kino-cekmekle-is-bitmir\/#primaryimage"},"image":{"@id":"https:\/\/www.meydan.tv\/az\/article\/samil-eliyev-tek-kino-cekmekle-is-bitmir\/#primaryimage"},"thumbnailUrl":"https:\/\/www.meydan.tv\/wp-content\/uploads\/shutterstock_1329164267-1.jpg","datePublished":"2021-11-17T16:51:47+00:00","dateModified":"2021-11-17T20:47:38+00:00","breadcrumb":{"@id":"https:\/\/www.meydan.tv\/az\/article\/samil-eliyev-tek-kino-cekmekle-is-bitmir\/#breadcrumb"},"inLanguage":"az","potentialAction":[{"@type":"ReadAction","target":["https:\/\/www.meydan.tv\/az\/article\/samil-eliyev-tek-kino-cekmekle-is-bitmir\/"]}]},{"@type":"ImageObject","inLanguage":"az","@id":"https:\/\/www.meydan.tv\/az\/article\/samil-eliyev-tek-kino-cekmekle-is-bitmir\/#primaryimage","url":"https:\/\/www.meydan.tv\/wp-content\/uploads\/shutterstock_1329164267-1.jpg","contentUrl":"https:\/\/www.meydan.tv\/wp-content\/uploads\/shutterstock_1329164267-1.jpg","width":1422,"height":800,"caption":"Foto: By Yavdat\/Shutterstock"},{"@type":"BreadcrumbList","@id":"https:\/\/www.meydan.tv\/az\/article\/samil-eliyev-tek-kino-cekmekle-is-bitmir\/#breadcrumb","itemListElement":[{"@type":"ListItem","position":1,"name":"Ana s\u0259hif\u0259","item":"https:\/\/www.meydan.tv\/az\/"},{"@type":"ListItem","position":2,"name":"M\u0259d\u0259niyy\u0259t","item":"https:\/\/www.meydan.tv\/az\/section\/medeniyyet\/"},{"@type":"ListItem","position":3,"name":"\u015eamil \u018fliyev: T\u0259k kino \u00e7\u0259km\u0259kl\u0259 i\u015f bitmir&#8230;"}]},{"@type":"WebSite","@id":"https:\/\/www.meydan.tv\/az\/#website","url":"https:\/\/www.meydan.tv\/az\/","name":"MEYDAN.TV","description":"Meydan TV Az\u0259rbaycan\u0131n media m\u0259kan\u0131ndak\u0131 alternativ s\u0259sidir","publisher":{"@id":"https:\/\/www.meydan.tv\/az\/#organization"},"potentialAction":[{"@type":"SearchAction","target":{"@type":"EntryPoint","urlTemplate":"https:\/\/www.meydan.tv\/az\/?s={search_term_string}"},"query-input":{"@type":"PropertyValueSpecification","valueRequired":true,"valueName":"search_term_string"}}],"inLanguage":"az"},{"@type":"Organization","@id":"https:\/\/www.meydan.tv\/az\/#organization","name":"Meydan TV","url":"https:\/\/www.meydan.tv\/az\/","logo":{"@type":"ImageObject","inLanguage":"az","@id":"https:\/\/www.meydan.tv\/az\/#\/schema\/logo\/image\/","url":"https:\/\/www.meydan.tv\/wp-content\/uploads\/2021\/07\/meydan-logo.svg","contentUrl":"https:\/\/www.meydan.tv\/wp-content\/uploads\/2021\/07\/meydan-logo.svg","width":195,"height":46,"caption":"Meydan TV"},"image":{"@id":"https:\/\/www.meydan.tv\/az\/#\/schema\/logo\/image\/"}},{"@type":"Person","@id":"https:\/\/www.meydan.tv\/az\/#\/schema\/person\/9cdbecf90d17180ce1dfbd95b08dcf47","name":"elli","sameAs":["https:\/\/x.com\/elli"]}]}},"_links":{"self":[{"href":"https:\/\/www.meydan.tv\/az\/wp-json\/wp\/v2\/posts\/226453","targetHints":{"allow":["GET"]}}],"collection":[{"href":"https:\/\/www.meydan.tv\/az\/wp-json\/wp\/v2\/posts"}],"about":[{"href":"https:\/\/www.meydan.tv\/az\/wp-json\/wp\/v2\/types\/post"}],"author":[{"embeddable":true,"href":"https:\/\/www.meydan.tv\/az\/wp-json\/wp\/v2\/users\/8"}],"replies":[{"embeddable":true,"href":"https:\/\/www.meydan.tv\/az\/wp-json\/wp\/v2\/comments?post=226453"}],"version-history":[{"count":5,"href":"https:\/\/www.meydan.tv\/az\/wp-json\/wp\/v2\/posts\/226453\/revisions"}],"predecessor-version":[{"id":226485,"href":"https:\/\/www.meydan.tv\/az\/wp-json\/wp\/v2\/posts\/226453\/revisions\/226485"}],"wp:featuredmedia":[{"embeddable":true,"href":"https:\/\/www.meydan.tv\/az\/wp-json\/wp\/v2\/media\/226457"}],"wp:attachment":[{"href":"https:\/\/www.meydan.tv\/az\/wp-json\/wp\/v2\/media?parent=226453"}],"wp:term":[{"taxonomy":"category","embeddable":true,"href":"https:\/\/www.meydan.tv\/az\/wp-json\/wp\/v2\/categories?post=226453"},{"taxonomy":"post_tag","embeddable":true,"href":"https:\/\/www.meydan.tv\/az\/wp-json\/wp\/v2\/tags?post=226453"}],"curies":[{"name":"wp","href":"https:\/\/api.w.org\/{rel}","templated":true}]}}