{"id":226443,"date":"2021-11-17T20:08:49","date_gmt":"2021-11-17T16:08:49","guid":{"rendered":"https:\/\/www.meydan.tv\/?p=226443"},"modified":"2021-11-18T14:18:15","modified_gmt":"2021-11-18T10:18:15","slug":"imisli-sakini-ozumu-dolandira-bilmeyen-adamam-ohdemde-4-usaq-da-var","status":"publish","type":"post","link":"https:\/\/www.meydan.tv\/az\/article\/imisli-sakini-ozumu-dolandira-bilmeyen-adamam-ohdemde-4-usaq-da-var\/","title":{"rendered":"\u0130mi\u015fli sakini: \u00d6z\u00fcm\u00fc doland\u0131ra bilm\u0259y\u0259n adamam, \u00f6hd\u0259md\u0259 4 u\u015faq da var (yenil\u0259nib)"},"content":{"rendered":"\n<p>***<\/p>\n\n\n\n<p>M\u0259qal\u0259 yay\u0131mland\u0131qdan sonra D\u00f6vl\u0259t Sosial M\u00fcdafi\u0259 Fondun Meydan TV-nin \u201cFacebook\u201d s\u0259hif\u0259sin\u0259 yazaraq bildirib ki, S\u0259ma Nadir q\u0131z\u0131 Kaz\u0131movan\u0131n \u00fcnvanl\u0131 d\u00f6vl\u0259t sosial yard\u0131m\u0131 almaq \u00fc\u00e7\u00fcn etdiyi m\u00fcraci\u0259tin\u0259 \u0259sas\u0259n, ail\u0259sin\u0259 elektron qaydada 01.05.2021-ci ild\u0259n 01.05.2022-ci il tarixin\u0259d\u0259k ayl\u0131q 356,54 manat m\u0259bl\u0259\u011find\u0259 sosial yard\u0131m t\u0259yin olunub v\u0259 \u00f6d\u0259ni\u015fi davam etdirilir.<br><\/p>\n\n\n\n<p>\u201cEyni zamanda S\u0259ma Kaz\u0131movaya ayl\u0131q 55 manat m\u0259bl\u0259\u011find\u0259 bir ya\u015f\u0131nad\u0259k u\u015fa\u011f\u0131 olan azt\u0259minatl\u0131 ail\u0259l\u0259r\u0259 m\u00fcavin\u0259t, o\u011flu Nadir M\u00f6hl\u0259t o\u011flu Kaz\u0131ml\u0131ya 27.01.2017-ci ild\u0259n sa\u011flaml\u0131q imkanlar\u0131 m\u0259hdud 18 ya\u015f\u0131nad\u0259k u\u015faqlar \u00fc\u015f\u00fcn 150 manat m\u0259bl\u0259\u011find\u0259 m\u00fcavin\u0259t t\u0259yin edilib. H\u0259m\u00e7inin 01.04.2019-cu ild\u0259n S\u0259ma Kaz\u0131mova sa\u011flaml\u0131q imkanlar\u0131 m\u0259hdud 18 ya\u015f\u0131nad\u0259k \u015f\u0259xsl\u0259r\u0259 qullu\u011fa g\u00f6r\u0259 50 manat m\u0259bl\u0259\u011find\u0259 prezident t\u0259qa\u00fcd\u00fc al\u0131r\u201d.<\/p>\n\n\n\n<p>***<\/p>\n\n\n\n<p>\u201cBizimki he\u00e7 ya\u015famaq say\u0131lmaz, m\u0259n buna s\u00fcr\u00fcnm\u0259k d\u0259 demir\u0259m\u201d<br><\/p>\n\n\n\n<p>Yayda u\u015faqlar\u0131n\u0131 a\u011fcaqanaddan qorumaq \u00fc\u00e7\u00fcn p\u0259nc\u0259r\u0259siz evinin i\u00e7ind\u0259 t\u0259z\u0259k yand\u0131r\u0131r. Q\u0131\u015fda da soyuq olmas\u0131n dey\u0259 p\u0259nc\u0259r\u0259l\u0259r\u0259 sellofan tutur. Bel\u0259c\u0259 yola verir f\u0259sill\u0259ri, ill\u0259ri\u2026<br><\/p>\n\n\n\n<p>\u0130mi\u015fli sakini S\u0259ma Kaz\u0131movan\u0131n 28 ya\u015f\u0131 var. 4 u\u015fa\u011f\u0131na t\u0259k baxan S\u0259man\u0131n dem\u0259sin\u0259 g\u00f6r\u0259, h\u0259yat ona ancaq pis \u00fcz\u00fcn\u00fc g\u00f6st\u0259rib:<br><\/p>\n\n\n\n<p>\u201cVallah, bir g\u00fcn \u00fcz\u00fcm g\u00fclm\u0259yib, yad\u0131ma el\u0259 g\u00fcn g\u0259lmir ki, doyunca yeyib qalx\u0131m s\u00fcfr\u0259d\u0259n. Kas\u0131b ail\u0259d\u0259 do\u011fulmu\u015fam, erk\u0259n ail\u0259 qurmu\u015fam. Dedim, b\u0259lk\u0259 ail\u0259 qurub bir g\u00fcn g\u00f6r\u0259r\u0259m, o da bel\u0259\u2026 Deyir\u0259m d\u0259, m\u0259nimki lap \u0259vv\u0259ld\u0259n g\u0259tirm\u0259yib\u201d.<br><\/p>\n\n\n\n<p>S\u0259ma \u00f6t\u0259n il h\u0259yat yolda\u015f\u0131ndan da bo\u015fan\u0131b. \u0130ndi 4 u\u015fa\u011f\u0131n\u0131 t\u0259k b\u00f6y\u00fctm\u0259lidir:<br><\/p>\n\n\n\n<p>\u201cYola getmirdik, ail\u0259y\u0259 baxm\u0131rd\u0131, \u00fcst\u0259lik, g\u00fcn\u00fcm qara idi. \u0130ndi 4 u\u015faq da qald\u0131 boynumda. M\u0259n \u00f6z\u00fcn\u00fc doland\u0131ra bilm\u0259y\u0259n adamam, indi \u00f6hd\u0259md\u0259 4 n\u0259f\u0259r d\u0259 var. Ke\u00e7mi\u015f yolda\u015f\u0131m ayda 100 manat aliment verir. <\/p>\n\n\n\n<p>Deyir ki, imkan\u0131 ancaq buna \u00e7at\u0131r. Onunla ail\u0259 doland\u0131rmaq olar?\u201d<br><\/p>\n\n\n\n<p>S\u0259man\u0131n \u00f6vladlar\u0131n\u0131n \u00fc\u00e7\u00fc o\u011flan, biri q\u0131zd\u0131r. Deyir ki, o\u011flanlardan ikisinin nitq q\u00fcsuru var, dan\u0131\u015fa bilmirl\u0259r. Buna baxmayaraq, h\u00f6kum\u0259t onlardan birin\u0259 pensiya k\u0259sib, dig\u0259rin\u0259 yox:<br><\/p>\n\n\n\n<p>\u201cDedil\u0259r ki, dan\u0131\u015facaq. \u00dcst\u00fcnd\u0259n 3 il ke\u00e7ib, h\u0259l\u0259 bir k\u0259lim\u0259sini e\u015fitm\u0259mi\u015fik. \u018fslind\u0259 dey\u0259nd\u0259 sevindim, u\u015fa\u011f\u0131n dan\u0131\u015fmas\u0131 daha yax\u015f\u0131d\u0131r m\u0259nim \u00fc\u00e7\u00fcn. H\u0259tta qon\u015fulara da dedim. D\u00fc\u015f\u00fcnd\u00fcm ki, bu kostyumlu adamlardan \u00e7ox bilm\u0259y\u0259c\u0259m ki. Ham\u0131s\u0131 oxumu\u015f insanlard\u0131r, y\u0259qin dili a\u00e7\u0131lacaq. S\u0259n dem\u0259, 200 manat verm\u0259m\u0259yin d\u0259rdi imi\u015f. El\u0259 bil \u00f6z cibl\u0259rind\u0259n \u00e7\u0131x\u0131r. Ki\u00e7ik o\u011flum k\u00f6rp\u0259dir, Allaha dua edir\u0259m ki, eyni problem onda da olmas\u0131n. Q\u0131z\u0131m normald\u0131r, \u015f\u00fck\u00fcr. \u00dcst\u0259lik, d\u0259rsl\u0259rini d\u0259 \u00e7ox yax\u015f\u0131 oxuyur, sinif n\u00fcmay\u0259nd\u0259sidir. Di g\u0259l, b\u0259z\u0259n m\u0259kt\u0259b\u0259 g\u00f6nd\u0259r\u0259 bilmir\u0259m. N\u0259 normal geyimi var, n\u0259 d\u0259 d\u0259rs l\u0259vazimatlar\u0131\u201d.<br><\/p>\n\n\n\n<p>S\u0259ma Kaz\u0131movan\u0131n s\u00f6zl\u0259rin\u0259 g\u00f6r\u0259, 5 n\u0259f\u0259rlik ail\u0259nin ayl\u0131q g\u0259liri 300 manatd\u0131r. 100 manat aliment, 200 manat u\u015faqlardan birinin pensiyas\u0131:<br><\/p>\n\n\n\n<p>\u201cOnunla nec\u0259 dolanaq? \u018frzaq alaq, p\u0259nc\u0259r\u0259siz evi isid\u0259k? Geyim\u0259, yoxsa t\u0259hsil\u0259 ver\u0259k? D\u0259f\u0259l\u0259rl\u0259 \u0130mi\u015fli \u015e\u0259h\u0259r \u0130cra Hakimiyy\u0259tind\u0259 q\u0259bulda olu\u015fam. Bu probleml\u0259rin ham\u0131s\u0131n\u0131 onlara da bildirmi\u015f\u0259m, k\u00f6m\u0259k ist\u0259mi\u015f\u0259m. M\u0259n\u0259 \u201cniy\u0259 bu q\u0259d\u0259r u\u015fa\u011f\u0131 d\u00fcnyaya g\u0259tirirdin?\u201d \u2013 cavab\u0131n\u0131 veribl\u0259r. M\u0259n u\u015faq d\u00fcnyaya g\u0259tirib k\u00fc\u00e7\u0259y\u0259 atmam\u0131\u015fam ki\u2026 Sad\u0259c\u0259 kas\u0131bam, \u00e7\u0259tinlik \u00e7\u0259kir\u0259m dey\u0259, k\u00f6m\u0259k ist\u0259yir\u0259m\u201d.<br><\/p>\n\n\n\n<figure class=\"wp-block-image size-large\"><img decoding=\"async\" width=\"1095\" height=\"821\" data-src=\"https:\/\/www.meydan.tv\/wp-content\/uploads\/image00386-1095x821.jpeg\" alt=\"\" class=\"wp-image-226425 lazyload\" src=\"data:image\/svg+xml;base64,PHN2ZyB3aWR0aD0iMSIgaGVpZ2h0PSIxIiB4bWxucz0iaHR0cDovL3d3dy53My5vcmcvMjAwMC9zdmciPjwvc3ZnPg==\" style=\"--smush-placeholder-width: 1095px; --smush-placeholder-aspect-ratio: 1095\/821;\" \/><figcaption>S\u0259ma Kaz\u0131mova, Foto: Meydan TV<\/figcaption><\/figure>\n\n\n\n<p>Evinin n\u0259mli divarlar\u0131n\u0131, d\u00f6\u015f\u0259m\u0259sini g\u00f6st\u0259rir. \u201cBurada u\u015faq b\u00f6y\u00fctm\u0259k g\u00fcnahd\u0131r\u201d, &#8211; deyir. Ancaq ba\u015fqa \u00e7ar\u0259si d\u0259 yoxdur:<br><\/p>\n\n\n\n<p>\u201cHardand\u0131r m\u0259nd\u0259 ev alacaq, kiray\u0259 tutacaq pul? Ya\u011f\u0131\u015fda h\u0259tta evin tavan\u0131ndan su dam\u0131r. Paltarlar\u0131m\u0131zdan bel\u0259 n\u0259m qoxusu g\u0259lir. Yerd\u0259 yatmaqdan belimiz a\u011fr\u0131y\u0131r. B\u0259s m\u0259n bu evd\u0259 v\u0259t\u0259n\u0259 3 o\u011ful b\u00f6y\u00fcd\u00fcr\u0259m ax\u0131. M\u00fcharib\u0259 etdil\u0259r, o torpaqlar\u0131 bunlar kimi o\u011fullar almad\u0131m\u0131? H\u0259min o\u011fullar v\u0259t\u0259n u\u011frunda \u015f\u0259hid olmad\u0131m\u0131? \u0130ndi ayda 200 manatl\u0131q pensiyan\u0131 q\u0131ym\u0131rlar h\u0259min u\u015fa\u011fa\u201d.<br><\/p>\n\n\n\n<p>S\u0259ma Kaz\u0131mova bir ne\u00e7\u0259 d\u0259f\u0259 \u00fcnvanl\u0131 sosial yard\u0131ma m\u00fcraci\u0259t etm\u0259k ist\u0259yib. Ancaq t\u0259l\u0259b olunan s\u0259n\u0259dl\u0259ri tam d\u00fcz\u0259ldib ba\u015fa \u00e7atd\u0131ra bilm\u0259yib:<br><\/p>\n\n\n\n<p>\u201cM\u00fcraci\u0259t etm\u0259k ist\u0259dim, bir xeyli s\u0259n\u0259d ist\u0259dil\u0259r. Ba\u015f\u0131m \u00e7\u0131xm\u0131r, o da qald\u0131 yar\u0131m\u00e7\u0131q. N\u0259 d\u0259 imkan\u0131m yoxdur ki, birin\u0259 5-10 manat verim, m\u0259n\u0259 k\u00f6m\u0259k etsin. N\u0259 deyim, nazirl\u0259r televizorda f\u0259r\u0259hl\u0259 Az\u0259rbaycanda ham\u0131n\u0131n yax\u015f\u0131 ya\u015fad\u0131\u011f\u0131n\u0131 deyirl\u0259r. Halbuki bizimki he\u00e7 ya\u015famaq say\u0131lmaz, m\u0259n buna s\u00fcr\u00fcnm\u0259k d\u0259 demir\u0259m. Bu, \u00f6lm\u0259kdir, amma basd\u0131ran\u0131m\u0131z yoxdur\u201d.<br><\/p>\n\n\n\n<p>S\u0259ma Kaz\u0131mova deyir ki, indiy\u0259d\u0259k d\u0259f\u0259 d\u0259 h\u00f6kum\u0259td\u0259n k\u00f6m\u0259k g\u00f6rm\u0259yib:<br><\/p>\n\n\n\n<p>\u201cSa\u011f olsunlar, n\u0259 edib, yax\u015f\u0131 insanlar edib. M\u0259n savads\u0131zam, ancaq bilir\u0259m ki, \u0259slind\u0259 bizim kimi ail\u0259l\u0259r\u0259 h\u00f6kum\u0259t yard\u0131m etm\u0259lidir. Di g\u0259l, bizi Allah \u00fcmidin\u0259 burax\u0131blar\u201d.<br><\/p>\n\n\n\n<p>\u0130mi\u015fli Rayon \u0130cra Hakimiyy\u0259tind\u0259n yard\u0131m \u00fc\u00e7\u00fcn Sosial M\u00fcdafi\u0259 Fonduna m\u00fcraci\u0259t etm\u0259yin laz\u0131m oldu\u011funu bildiribl\u0259r.<br><\/p>\n\n\n\n<p>D\u00f6vl\u0259t Sosial M\u00fcdafi\u0259 Fondunun \u0130mi\u015fli Rayon \u015e\u00f6b\u0259sind\u0259n is\u0259 bildirilib ki, b\u0259li, \u00fcnvanl\u0131 sosial yard\u0131ma m\u00fcraci\u0259t \u00fc\u00e7\u00fcn m\u00fc\u0259yy\u0259n s\u0259n\u0259dl\u0259r t\u0259l\u0259b edilir. Ancaq bu \u015f\u0259rtl\u0259ri onlar qoymay\u0131blar, d\u00f6vl\u0259tin t\u0259l\u0259bidir:<br><\/p>\n\n\n\n<figure class=\"wp-block-image size-large\"><img decoding=\"async\" width=\"1095\" height=\"821\" data-src=\"https:\/\/www.meydan.tv\/wp-content\/uploads\/sekil-1-1095x821.png\" alt=\"\" class=\"wp-image-226466 lazyload\" src=\"data:image\/svg+xml;base64,PHN2ZyB3aWR0aD0iMSIgaGVpZ2h0PSIxIiB4bWxucz0iaHR0cDovL3d3dy53My5vcmcvMjAwMC9zdmciPjwvc3ZnPg==\" style=\"--smush-placeholder-width: 1095px; --smush-placeholder-aspect-ratio: 1095\/821;\" \/><figcaption>Foto: Meydan TV<\/figcaption><\/figure>\n\n\n\n<p>\u201cOnlar h\u0259qiq\u0259t\u0259n bilm\u0259lidirl\u0259r, bu insan\u0131n v\u0259ziyy\u0259ti nec\u0259dir. Ona yard\u0131m d\u00fc\u015f\u00fcr, yoxsa yox. Bu bax\u0131mdan h\u0259min s\u0259n\u0259dl\u0259r vacibdir. Y\u0259ni biz h\u0259min adam\u0131n yerin\u0259 o s\u0259n\u0259dl\u0259ri toplaya bilm\u0259rik. Maksimum m\u0259rk\u0259z\u0259 m\u00fcraci\u0259t ed\u0259nl\u0259ri hans\u0131 s\u0259n\u0259dl\u0259rin laz\u0131m olmas\u0131 il\u0259 ba\u011fl\u0131 y\u00f6nl\u0259ndir\u0259 bil\u0259rik. Prosesin qalan\u0131 elektron h\u0259yata ke\u00e7irilir. V\u0259t\u0259nda\u015f elektron qaydada yard\u0131m \u00fc\u00e7\u00fcn m\u00fcraci\u0259t edir, \u0259g\u0259r ona yard\u0131m d\u00fc\u015f\u00fcrs\u0259, cavab da, kart da \u00f6z\u00fcn\u0259 g\u0259lir. Bizlik i\u015f deyil\u201d.<br><\/p>\n\n\n\n<p>Fonddan \u0259ll\u0259rind\u0259n g\u0259l\u0259n k\u00f6m\u0259yi etm\u0259y\u0259 haz\u0131r olduqlar\u0131n\u0131 da bildiribl\u0259r:<br><\/p>\n\n\n\n<p>\u201cG\u0259lsin, hans\u0131 s\u0259n\u0259dl\u0259r laz\u0131md\u0131r, onlar\u0131 haradan \u0259ld\u0259 ed\u0259 bil\u0259r, izah ed\u0259k\u201d.<br><\/p>\n\n\n\n<p>Az\u0259rbaycanda yoxsul ya\u015fayan \u0259halinin say\u0131 ilb\u0259il art\u0131r. Ancaq onlar\u0131n ham\u0131s\u0131 \u00fcnvanl\u0131 sosial yard\u0131m alm\u0131r. M\u0259s\u0259l\u0259n, r\u0259smi r\u0259q\u0259ml\u0259r 2019-cu ild\u0259 \u00f6lk\u0259 \u0259halisinin 4.8 faizinin yoxsul oldu\u011funu bildirirdis\u0259, 2021-ci ilin \u0259vv\u0259lind\u0259 bu r\u0259q\u0259m 6.2 faiz\u0259 y\u00fcks\u0259lib. Y\u0259ni, 1 il \u0259rzind\u0259 yoxsul say\u0131lan \u015f\u0259xsl\u0259rin say\u0131 30 faiz\u0259 yax\u0131n art\u0131b.<br><\/p>\n\n\n\n<p>Ancaq d\u00f6vl\u0259t r\u0259smil\u0259ri daim a\u00e7\u0131qlamalar\u0131nda Az\u0259rbaycanda ilb\u0259il yoxsul ya\u015fayan \u0259hali say\u0131n\u0131n azald\u0131\u011f\u0131n\u0131 bildirir.<br><\/p>\n\n\n\n<p>H\u0259tta o d\u00f6vrd\u0259 Ba\u015f nazirin m\u00fcavini v\u0259 Qa\u00e7q\u0131n v\u0259 M\u0259cburi K\u00f6\u00e7k\u00fcnl\u0259rin \u0130\u015fl\u0259ri \u00fczr\u0259 D\u00f6vl\u0259t Komit\u0259sinin s\u0259dri olan \u018fli H\u0259s\u0259nov 2017-ci ild\u0259 m\u0259tbuata a\u00e7\u0131qlamas\u0131nda bildirmi\u015fdi ki, 2020-ci ild\u0259 Az\u0259rbaycanda birc\u0259 n\u0259f\u0259r d\u0259 yoxsul <a href=\"https:\/\/www.meydan.tv\/az\/article\/eli-hesenovun-yoxsulluq-barede-dedikleri-absurddur\/\" target=\"_blank\" rel=\"noreferrer noopener\">qalmayacaq<\/a>:<br><\/p>\n\n\n\n<p>&#8220;Bug\u00fcn yoxsulluq h\u0259ddi 5 faizdirs\u0259, strateji istiqam\u0259t 2020-ci ild\u0259 yoxsullu\u011fun s\u0131f\u0131ra enm\u0259sidir. \u0130n\u015fallah, 2020-ci ild\u0259 yoxsulluq s\u0131f\u0131ra en\u0259c\u0259k, Az\u0259rbaycanda bir yoxsul bel\u0259 qalmayacaq&#8221;.<br><\/p>\n\n\n\n<p>M\u00fcst\u0259qil ekspertl\u0259r v\u0259 beyn\u0259lxalq t\u0259\u015fkilatlar\u0131n hesabatlar\u0131 is\u0259 \u0259ksini deyir. M\u0259s\u0259l\u0259n, D\u00fcnya Bank\u0131 2019-cu ild\u0259 yay\u0131mlad\u0131\u011f\u0131 hesabatda Az\u0259rbaycanda yoxsulluq g\u00f6st\u0259ricisinin h\u00f6kum\u0259tin a\u00e7\u0131qlad\u0131\u011f\u0131 4,8 faizd\u0259n t\u0259xmin\u0259n be\u015f d\u0259f\u0259 \u00e7ox &#8211; 24 faiz oldu\u011funu a\u00e7\u0131qlam\u0131\u015fd\u0131.<\/p>\n","protected":false},"excerpt":{"rendered":"<p>*** M\u0259qal\u0259 yay\u0131mland\u0131qdan sonra D\u00f6vl\u0259t Sosial M\u00fcdafi\u0259 Fondun Meydan TV-nin &#8230; <\/p>\n<p class=\"read-more-container\"><a title=\"\u0130mi\u015fli sakini: \u00d6z\u00fcm\u00fc doland\u0131ra bilm\u0259y\u0259n adamam, \u00f6hd\u0259md\u0259 4 u\u015faq da var (yenil\u0259nib)\" class=\"read-more button\" href=\"https:\/\/www.meydan.tv\/az\/article\/imisli-sakini-ozumu-dolandira-bilmeyen-adamam-ohdemde-4-usaq-da-var\/#more-226443\" aria-label=\"Read more about \u0130mi\u015fli sakini: \u00d6z\u00fcm\u00fc doland\u0131ra bilm\u0259y\u0259n adamam, \u00f6hd\u0259md\u0259 4 u\u015faq da var (yenil\u0259nib)\">Davam\u0131<\/a><\/p>\n","protected":false},"author":8,"featured_media":226472,"comment_status":"closed","ping_status":"closed","sticky":false,"template":"","format":"standard","meta":{"_acf_changed":false,"_sitemap_exclude":false,"_sitemap_priority":"","_sitemap_frequency":"","footnotes":""},"categories":[60,88,79,56],"tags":[],"class_list":["post-226443","post","type-post","status-publish","format-standard","has-post-thumbnail","hentry","category-bolge","category-redaktor-secimi","category-featured","category-xeberler","infinite-scroll-item","generate-columns","tablet-grid-50","mobile-grid-100","grid-parent","grid-33","no-featured-image-padding"],"acf":[],"yoast_head":"<!-- This site is optimized with the Yoast SEO plugin v27.5 - https:\/\/yoast.com\/product\/yoast-seo-wordpress\/ -->\n<title>\u0130mi\u015fli sakini: \u00d6z\u00fcm\u00fc doland\u0131ra bilm\u0259y\u0259n adamam, \u00f6hd\u0259md\u0259 4 u\u015faq da var (yenil\u0259nib) - MEYDAN.TV<\/title>\n<meta name=\"robots\" content=\"index, follow, max-snippet:-1, max-image-preview:large, max-video-preview:-1\" \/>\n<link rel=\"canonical\" href=\"https:\/\/www.meydan.tv\/az\/article\/imisli-sakini-ozumu-dolandira-bilmeyen-adamam-ohdemde-4-usaq-da-var\/\" \/>\n<meta property=\"og:locale\" content=\"az_AZ\" \/>\n<meta property=\"og:type\" content=\"article\" \/>\n<meta property=\"og:title\" content=\"\u0130mi\u015fli sakini: \u00d6z\u00fcm\u00fc doland\u0131ra bilm\u0259y\u0259n adamam, \u00f6hd\u0259md\u0259 4 u\u015faq da var (yenil\u0259nib) - MEYDAN.TV\" \/>\n<meta property=\"og:description\" content=\"*** M\u0259qal\u0259 yay\u0131mland\u0131qdan sonra D\u00f6vl\u0259t Sosial M\u00fcdafi\u0259 Fondun Meydan TV-nin ... Davam\u0131\" \/>\n<meta property=\"og:url\" content=\"https:\/\/www.meydan.tv\/az\/article\/imisli-sakini-ozumu-dolandira-bilmeyen-adamam-ohdemde-4-usaq-da-var\/\" \/>\n<meta property=\"og:site_name\" content=\"MEYDAN.TV\" \/>\n<meta property=\"article:published_time\" content=\"2021-11-17T16:08:49+00:00\" \/>\n<meta property=\"article:modified_time\" content=\"2021-11-18T10:18:15+00:00\" \/>\n<meta property=\"og:image\" content=\"https:\/\/www.meydan.tv\/wp-content\/uploads\/download-1.png\" \/>\n\t<meta property=\"og:image:width\" content=\"1200\" \/>\n\t<meta property=\"og:image:height\" content=\"900\" \/>\n\t<meta property=\"og:image:type\" content=\"image\/png\" \/>\n<meta name=\"author\" content=\"elli\" \/>\n<meta name=\"twitter:card\" content=\"summary_large_image\" \/>\n<meta name=\"twitter:creator\" content=\"@elli\" \/>\n<script type=\"application\/ld+json\" class=\"yoast-schema-graph\">{\"@context\":\"https:\\\/\\\/schema.org\",\"@graph\":[{\"@type\":\"Article\",\"@id\":\"https:\\\/\\\/www.meydan.tv\\\/az\\\/article\\\/imisli-sakini-ozumu-dolandira-bilmeyen-adamam-ohdemde-4-usaq-da-var\\\/#article\",\"isPartOf\":{\"@id\":\"https:\\\/\\\/www.meydan.tv\\\/az\\\/article\\\/imisli-sakini-ozumu-dolandira-bilmeyen-adamam-ohdemde-4-usaq-da-var\\\/\"},\"author\":{\"name\":\"elli\",\"@id\":\"https:\\\/\\\/www.meydan.tv\\\/az\\\/#\\\/schema\\\/person\\\/9cdbecf90d17180ce1dfbd95b08dcf47\"},\"headline\":\"\u0130mi\u015fli sakini: \u00d6z\u00fcm\u00fc doland\u0131ra bilm\u0259y\u0259n adamam, \u00f6hd\u0259md\u0259 4 u\u015faq da var (yenil\u0259nib)\",\"datePublished\":\"2021-11-17T16:08:49+00:00\",\"dateModified\":\"2021-11-18T10:18:15+00:00\",\"mainEntityOfPage\":{\"@id\":\"https:\\\/\\\/www.meydan.tv\\\/az\\\/article\\\/imisli-sakini-ozumu-dolandira-bilmeyen-adamam-ohdemde-4-usaq-da-var\\\/\"},\"wordCount\":1509,\"publisher\":{\"@id\":\"https:\\\/\\\/www.meydan.tv\\\/az\\\/#organization\"},\"image\":{\"@id\":\"https:\\\/\\\/www.meydan.tv\\\/az\\\/article\\\/imisli-sakini-ozumu-dolandira-bilmeyen-adamam-ohdemde-4-usaq-da-var\\\/#primaryimage\"},\"thumbnailUrl\":\"https:\\\/\\\/www.meydan.tv\\\/wp-content\\\/uploads\\\/download-1.png\",\"articleSection\":[\"B\u00f6lg\u0259\",\"Redaktor se\u00e7imi\",\"T\u00f6vsiy\u0259\",\"X\u0259b\u0259rl\u0259r\"],\"inLanguage\":\"az\"},{\"@type\":\"WebPage\",\"@id\":\"https:\\\/\\\/www.meydan.tv\\\/az\\\/article\\\/imisli-sakini-ozumu-dolandira-bilmeyen-adamam-ohdemde-4-usaq-da-var\\\/\",\"url\":\"https:\\\/\\\/www.meydan.tv\\\/az\\\/article\\\/imisli-sakini-ozumu-dolandira-bilmeyen-adamam-ohdemde-4-usaq-da-var\\\/\",\"name\":\"\u0130mi\u015fli sakini: \u00d6z\u00fcm\u00fc doland\u0131ra bilm\u0259y\u0259n adamam, \u00f6hd\u0259md\u0259 4 u\u015faq da var (yenil\u0259nib) - MEYDAN.TV\",\"isPartOf\":{\"@id\":\"https:\\\/\\\/www.meydan.tv\\\/az\\\/#website\"},\"primaryImageOfPage\":{\"@id\":\"https:\\\/\\\/www.meydan.tv\\\/az\\\/article\\\/imisli-sakini-ozumu-dolandira-bilmeyen-adamam-ohdemde-4-usaq-da-var\\\/#primaryimage\"},\"image\":{\"@id\":\"https:\\\/\\\/www.meydan.tv\\\/az\\\/article\\\/imisli-sakini-ozumu-dolandira-bilmeyen-adamam-ohdemde-4-usaq-da-var\\\/#primaryimage\"},\"thumbnailUrl\":\"https:\\\/\\\/www.meydan.tv\\\/wp-content\\\/uploads\\\/download-1.png\",\"datePublished\":\"2021-11-17T16:08:49+00:00\",\"dateModified\":\"2021-11-18T10:18:15+00:00\",\"breadcrumb\":{\"@id\":\"https:\\\/\\\/www.meydan.tv\\\/az\\\/article\\\/imisli-sakini-ozumu-dolandira-bilmeyen-adamam-ohdemde-4-usaq-da-var\\\/#breadcrumb\"},\"inLanguage\":\"az\",\"potentialAction\":[{\"@type\":\"ReadAction\",\"target\":[\"https:\\\/\\\/www.meydan.tv\\\/az\\\/article\\\/imisli-sakini-ozumu-dolandira-bilmeyen-adamam-ohdemde-4-usaq-da-var\\\/\"]}]},{\"@type\":\"ImageObject\",\"inLanguage\":\"az\",\"@id\":\"https:\\\/\\\/www.meydan.tv\\\/az\\\/article\\\/imisli-sakini-ozumu-dolandira-bilmeyen-adamam-ohdemde-4-usaq-da-var\\\/#primaryimage\",\"url\":\"https:\\\/\\\/www.meydan.tv\\\/wp-content\\\/uploads\\\/download-1.png\",\"contentUrl\":\"https:\\\/\\\/www.meydan.tv\\\/wp-content\\\/uploads\\\/download-1.png\",\"width\":1200,\"height\":900,\"caption\":\"S\u0259ma Kaz\u0131mova, Foto: Meydan TV\"},{\"@type\":\"BreadcrumbList\",\"@id\":\"https:\\\/\\\/www.meydan.tv\\\/az\\\/article\\\/imisli-sakini-ozumu-dolandira-bilmeyen-adamam-ohdemde-4-usaq-da-var\\\/#breadcrumb\",\"itemListElement\":[{\"@type\":\"ListItem\",\"position\":1,\"name\":\"Ana s\u0259hif\u0259\",\"item\":\"https:\\\/\\\/www.meydan.tv\\\/az\\\/\"},{\"@type\":\"ListItem\",\"position\":2,\"name\":\"B\u00f6lg\u0259\",\"item\":\"https:\\\/\\\/www.meydan.tv\\\/az\\\/section\\\/bolge\\\/\"},{\"@type\":\"ListItem\",\"position\":3,\"name\":\"\u0130mi\u015fli sakini: \u00d6z\u00fcm\u00fc doland\u0131ra bilm\u0259y\u0259n adamam, \u00f6hd\u0259md\u0259 4 u\u015faq da var (yenil\u0259nib)\"}]},{\"@type\":\"WebSite\",\"@id\":\"https:\\\/\\\/www.meydan.tv\\\/az\\\/#website\",\"url\":\"https:\\\/\\\/www.meydan.tv\\\/az\\\/\",\"name\":\"MEYDAN.TV\",\"description\":\"Meydan TV Az\u0259rbaycan\u0131n media m\u0259kan\u0131ndak\u0131 alternativ s\u0259sidir\",\"publisher\":{\"@id\":\"https:\\\/\\\/www.meydan.tv\\\/az\\\/#organization\"},\"potentialAction\":[{\"@type\":\"SearchAction\",\"target\":{\"@type\":\"EntryPoint\",\"urlTemplate\":\"https:\\\/\\\/www.meydan.tv\\\/az\\\/?s={search_term_string}\"},\"query-input\":{\"@type\":\"PropertyValueSpecification\",\"valueRequired\":true,\"valueName\":\"search_term_string\"}}],\"inLanguage\":\"az\"},{\"@type\":\"Organization\",\"@id\":\"https:\\\/\\\/www.meydan.tv\\\/az\\\/#organization\",\"name\":\"Meydan TV\",\"url\":\"https:\\\/\\\/www.meydan.tv\\\/az\\\/\",\"logo\":{\"@type\":\"ImageObject\",\"inLanguage\":\"az\",\"@id\":\"https:\\\/\\\/www.meydan.tv\\\/az\\\/#\\\/schema\\\/logo\\\/image\\\/\",\"url\":\"https:\\\/\\\/www.meydan.tv\\\/wp-content\\\/uploads\\\/2021\\\/07\\\/meydan-logo.svg\",\"contentUrl\":\"https:\\\/\\\/www.meydan.tv\\\/wp-content\\\/uploads\\\/2021\\\/07\\\/meydan-logo.svg\",\"width\":195,\"height\":46,\"caption\":\"Meydan TV\"},\"image\":{\"@id\":\"https:\\\/\\\/www.meydan.tv\\\/az\\\/#\\\/schema\\\/logo\\\/image\\\/\"}},{\"@type\":\"Person\",\"@id\":\"https:\\\/\\\/www.meydan.tv\\\/az\\\/#\\\/schema\\\/person\\\/9cdbecf90d17180ce1dfbd95b08dcf47\",\"name\":\"elli\",\"sameAs\":[\"https:\\\/\\\/x.com\\\/elli\"]}]}<\/script>\n<!-- \/ Yoast SEO plugin. -->","yoast_head_json":{"title":"\u0130mi\u015fli sakini: \u00d6z\u00fcm\u00fc doland\u0131ra bilm\u0259y\u0259n adamam, \u00f6hd\u0259md\u0259 4 u\u015faq da var (yenil\u0259nib) - MEYDAN.TV","robots":{"index":"index","follow":"follow","max-snippet":"max-snippet:-1","max-image-preview":"max-image-preview:large","max-video-preview":"max-video-preview:-1"},"canonical":"https:\/\/www.meydan.tv\/az\/article\/imisli-sakini-ozumu-dolandira-bilmeyen-adamam-ohdemde-4-usaq-da-var\/","og_locale":"az_AZ","og_type":"article","og_title":"\u0130mi\u015fli sakini: \u00d6z\u00fcm\u00fc doland\u0131ra bilm\u0259y\u0259n adamam, \u00f6hd\u0259md\u0259 4 u\u015faq da var (yenil\u0259nib) - MEYDAN.TV","og_description":"*** M\u0259qal\u0259 yay\u0131mland\u0131qdan sonra D\u00f6vl\u0259t Sosial M\u00fcdafi\u0259 Fondun Meydan TV-nin ... Davam\u0131","og_url":"https:\/\/www.meydan.tv\/az\/article\/imisli-sakini-ozumu-dolandira-bilmeyen-adamam-ohdemde-4-usaq-da-var\/","og_site_name":"MEYDAN.TV","article_published_time":"2021-11-17T16:08:49+00:00","article_modified_time":"2021-11-18T10:18:15+00:00","og_image":[{"width":1200,"height":900,"url":"https:\/\/www.meydan.tv\/wp-content\/uploads\/download-1.png","type":"image\/png"}],"author":"elli","twitter_card":"summary_large_image","twitter_creator":"@elli","schema":{"@context":"https:\/\/schema.org","@graph":[{"@type":"Article","@id":"https:\/\/www.meydan.tv\/az\/article\/imisli-sakini-ozumu-dolandira-bilmeyen-adamam-ohdemde-4-usaq-da-var\/#article","isPartOf":{"@id":"https:\/\/www.meydan.tv\/az\/article\/imisli-sakini-ozumu-dolandira-bilmeyen-adamam-ohdemde-4-usaq-da-var\/"},"author":{"name":"elli","@id":"https:\/\/www.meydan.tv\/az\/#\/schema\/person\/9cdbecf90d17180ce1dfbd95b08dcf47"},"headline":"\u0130mi\u015fli sakini: \u00d6z\u00fcm\u00fc doland\u0131ra bilm\u0259y\u0259n adamam, \u00f6hd\u0259md\u0259 4 u\u015faq da var (yenil\u0259nib)","datePublished":"2021-11-17T16:08:49+00:00","dateModified":"2021-11-18T10:18:15+00:00","mainEntityOfPage":{"@id":"https:\/\/www.meydan.tv\/az\/article\/imisli-sakini-ozumu-dolandira-bilmeyen-adamam-ohdemde-4-usaq-da-var\/"},"wordCount":1509,"publisher":{"@id":"https:\/\/www.meydan.tv\/az\/#organization"},"image":{"@id":"https:\/\/www.meydan.tv\/az\/article\/imisli-sakini-ozumu-dolandira-bilmeyen-adamam-ohdemde-4-usaq-da-var\/#primaryimage"},"thumbnailUrl":"https:\/\/www.meydan.tv\/wp-content\/uploads\/download-1.png","articleSection":["B\u00f6lg\u0259","Redaktor se\u00e7imi","T\u00f6vsiy\u0259","X\u0259b\u0259rl\u0259r"],"inLanguage":"az"},{"@type":"WebPage","@id":"https:\/\/www.meydan.tv\/az\/article\/imisli-sakini-ozumu-dolandira-bilmeyen-adamam-ohdemde-4-usaq-da-var\/","url":"https:\/\/www.meydan.tv\/az\/article\/imisli-sakini-ozumu-dolandira-bilmeyen-adamam-ohdemde-4-usaq-da-var\/","name":"\u0130mi\u015fli sakini: \u00d6z\u00fcm\u00fc doland\u0131ra bilm\u0259y\u0259n adamam, \u00f6hd\u0259md\u0259 4 u\u015faq da var (yenil\u0259nib) - MEYDAN.TV","isPartOf":{"@id":"https:\/\/www.meydan.tv\/az\/#website"},"primaryImageOfPage":{"@id":"https:\/\/www.meydan.tv\/az\/article\/imisli-sakini-ozumu-dolandira-bilmeyen-adamam-ohdemde-4-usaq-da-var\/#primaryimage"},"image":{"@id":"https:\/\/www.meydan.tv\/az\/article\/imisli-sakini-ozumu-dolandira-bilmeyen-adamam-ohdemde-4-usaq-da-var\/#primaryimage"},"thumbnailUrl":"https:\/\/www.meydan.tv\/wp-content\/uploads\/download-1.png","datePublished":"2021-11-17T16:08:49+00:00","dateModified":"2021-11-18T10:18:15+00:00","breadcrumb":{"@id":"https:\/\/www.meydan.tv\/az\/article\/imisli-sakini-ozumu-dolandira-bilmeyen-adamam-ohdemde-4-usaq-da-var\/#breadcrumb"},"inLanguage":"az","potentialAction":[{"@type":"ReadAction","target":["https:\/\/www.meydan.tv\/az\/article\/imisli-sakini-ozumu-dolandira-bilmeyen-adamam-ohdemde-4-usaq-da-var\/"]}]},{"@type":"ImageObject","inLanguage":"az","@id":"https:\/\/www.meydan.tv\/az\/article\/imisli-sakini-ozumu-dolandira-bilmeyen-adamam-ohdemde-4-usaq-da-var\/#primaryimage","url":"https:\/\/www.meydan.tv\/wp-content\/uploads\/download-1.png","contentUrl":"https:\/\/www.meydan.tv\/wp-content\/uploads\/download-1.png","width":1200,"height":900,"caption":"S\u0259ma Kaz\u0131mova, Foto: Meydan TV"},{"@type":"BreadcrumbList","@id":"https:\/\/www.meydan.tv\/az\/article\/imisli-sakini-ozumu-dolandira-bilmeyen-adamam-ohdemde-4-usaq-da-var\/#breadcrumb","itemListElement":[{"@type":"ListItem","position":1,"name":"Ana s\u0259hif\u0259","item":"https:\/\/www.meydan.tv\/az\/"},{"@type":"ListItem","position":2,"name":"B\u00f6lg\u0259","item":"https:\/\/www.meydan.tv\/az\/section\/bolge\/"},{"@type":"ListItem","position":3,"name":"\u0130mi\u015fli sakini: \u00d6z\u00fcm\u00fc doland\u0131ra bilm\u0259y\u0259n adamam, \u00f6hd\u0259md\u0259 4 u\u015faq da var (yenil\u0259nib)"}]},{"@type":"WebSite","@id":"https:\/\/www.meydan.tv\/az\/#website","url":"https:\/\/www.meydan.tv\/az\/","name":"MEYDAN.TV","description":"Meydan TV Az\u0259rbaycan\u0131n media m\u0259kan\u0131ndak\u0131 alternativ s\u0259sidir","publisher":{"@id":"https:\/\/www.meydan.tv\/az\/#organization"},"potentialAction":[{"@type":"SearchAction","target":{"@type":"EntryPoint","urlTemplate":"https:\/\/www.meydan.tv\/az\/?s={search_term_string}"},"query-input":{"@type":"PropertyValueSpecification","valueRequired":true,"valueName":"search_term_string"}}],"inLanguage":"az"},{"@type":"Organization","@id":"https:\/\/www.meydan.tv\/az\/#organization","name":"Meydan TV","url":"https:\/\/www.meydan.tv\/az\/","logo":{"@type":"ImageObject","inLanguage":"az","@id":"https:\/\/www.meydan.tv\/az\/#\/schema\/logo\/image\/","url":"https:\/\/www.meydan.tv\/wp-content\/uploads\/2021\/07\/meydan-logo.svg","contentUrl":"https:\/\/www.meydan.tv\/wp-content\/uploads\/2021\/07\/meydan-logo.svg","width":195,"height":46,"caption":"Meydan TV"},"image":{"@id":"https:\/\/www.meydan.tv\/az\/#\/schema\/logo\/image\/"}},{"@type":"Person","@id":"https:\/\/www.meydan.tv\/az\/#\/schema\/person\/9cdbecf90d17180ce1dfbd95b08dcf47","name":"elli","sameAs":["https:\/\/x.com\/elli"]}]}},"_links":{"self":[{"href":"https:\/\/www.meydan.tv\/az\/wp-json\/wp\/v2\/posts\/226443","targetHints":{"allow":["GET"]}}],"collection":[{"href":"https:\/\/www.meydan.tv\/az\/wp-json\/wp\/v2\/posts"}],"about":[{"href":"https:\/\/www.meydan.tv\/az\/wp-json\/wp\/v2\/types\/post"}],"author":[{"embeddable":true,"href":"https:\/\/www.meydan.tv\/az\/wp-json\/wp\/v2\/users\/8"}],"replies":[{"embeddable":true,"href":"https:\/\/www.meydan.tv\/az\/wp-json\/wp\/v2\/comments?post=226443"}],"version-history":[{"count":3,"href":"https:\/\/www.meydan.tv\/az\/wp-json\/wp\/v2\/posts\/226443\/revisions"}],"predecessor-version":[{"id":226548,"href":"https:\/\/www.meydan.tv\/az\/wp-json\/wp\/v2\/posts\/226443\/revisions\/226548"}],"wp:featuredmedia":[{"embeddable":true,"href":"https:\/\/www.meydan.tv\/az\/wp-json\/wp\/v2\/media\/226472"}],"wp:attachment":[{"href":"https:\/\/www.meydan.tv\/az\/wp-json\/wp\/v2\/media?parent=226443"}],"wp:term":[{"taxonomy":"category","embeddable":true,"href":"https:\/\/www.meydan.tv\/az\/wp-json\/wp\/v2\/categories?post=226443"},{"taxonomy":"post_tag","embeddable":true,"href":"https:\/\/www.meydan.tv\/az\/wp-json\/wp\/v2\/tags?post=226443"}],"curies":[{"name":"wp","href":"https:\/\/api.w.org\/{rel}","templated":true}]}}