{"id":226315,"date":"2021-11-16T21:26:12","date_gmt":"2021-11-16T17:26:12","guid":{"rendered":"https:\/\/www.meydan.tv\/?p=226315"},"modified":"2021-11-16T22:44:00","modified_gmt":"2021-11-16T18:44:00","slug":"mtn-generalinin-isi-vusal-elekberov-meni-hedeleyir","status":"publish","type":"post","link":"https:\/\/www.meydan.tv\/az\/article\/mtn-generalinin-isi-vusal-elekberov-meni-hedeleyir\/","title":{"rendered":"MTN general\u0131n\u0131n i\u015fi: V\u00fcsal \u018fl\u0259kb\u0259rov m\u0259ni h\u0259d\u0259l\u0259yir"},"content":{"rendered":"\n<p>\u201cDedi ki, nazirin g\u00f6st\u0259ri\u015fidir, 3 milyon verm\u0259lis\u0259n\u201d<br><\/p>\n\n\n\n<p>L\u0259\u011fv olunmu\u015f Milli T\u0259hl\u00fck\u0259sizlik Nazirliyinin (MTN) \u0130stintaq Ba\u015f \u0130dar\u0259sinin ke\u00e7mi\u015f r\u0259isi, general M\u00f6vlam \u015e\u0131x\u0259liyev, el\u0259c\u0259 d\u0259 Ba\u015f \u0130dar\u0259nin tabeliyind\u0259 olan idar\u0259 v\u0259 \u015f\u00f6b\u0259l\u0259r\u0259 r\u0259hb\u0259rlik etmi\u015f V\u00fcsal \u018fl\u0259kb\u0259rov, Yasin M\u0259mm\u0259dov v\u0259 Sahib \u018fl\u0259kb\u0259rovun m\u0259hk\u0259m\u0259si davam edir. M\u00f6vlam \u015e\u0131x\u0259liyevd\u0259n f\u0259rqli olaraq, dig\u0259r \u00fc\u00e7 n\u0259f\u0259r h\u0259bsd\u0259 deyil.<br><\/p>\n\n\n\n<p><strong>\u201cV\u00fcsal \u018fl\u0259kb\u0259rov da h\u0259bs olunsun\u201d<br><\/strong><\/p>\n\n\n\n<p>Noyabr\u0131n 16-da Bak\u0131 H\u0259rbi M\u0259hk\u0259m\u0259sind\u0259 hakim Elb\u0259y Allahverdiyevin s\u0259drliyil\u0259 ke\u00e7iril\u0259n m\u0259hk\u0259m\u0259 iclas\u0131nda bu i\u015fd\u0259 32 z\u0259r\u0259r\u00e7\u0259kmi\u015fd\u0259n biri olan H\u00fcseyn S\u0259f\u0259rov ifad\u0259 ver\u0259rk\u0259n V\u00fcsal \u018fl\u0259kb\u0259rovun da h\u0259bs olunmas\u0131n\u0131 t\u0259l\u0259b edib. Bu bar\u0259d\u0259 v\u0259sat\u0259t qald\u0131ran H\u00fcseyn S\u0259f\u0259rov bildirib ki, V\u00fcsal \u018fl\u0259kb\u0259rov ondan \u015fikay\u0259tini geri g\u00f6t\u00fcrm\u0259yi t\u0259l\u0259b edir, onu h\u0259d\u0259l\u0259yir:<br><\/p>\n\n\n\n<p>\u201cBu g\u00fcn azadl\u0131qda saxlad\u0131\u011f\u0131n\u0131z V\u00fcsal \u018fl\u0259kb\u0259rov m\u0259n\u0259 h\u0259d\u0259-qorxu g\u0259lir. M\u0259hk\u0259m\u0259nin qaba\u011f\u0131nda m\u0259ni h\u0259d\u0259l\u0259yib deyir ki, \u0259riz\u0259ni geri g\u00f6t\u00fcrm\u0259s\u0259m, m\u0259nim \u00fc\u00e7\u00fcn pis olacaq. Xahi\u015f edir\u0259m, onun bar\u0259sind\u0259 h\u0259bs q\u0259timkan t\u0259dbiri se\u00e7ilsin. Biz\u0259 qar\u015f\u0131 t\u0259zyiql\u0259rin qar\u015f\u0131s\u0131 al\u0131ns\u0131n\u201d.<br><\/p>\n\n\n\n<p><strong>\u201cDeyirdi ki, pulu d\u00fcz\u0259ldin verin, s\u0259ni buraxaq\u201d<br><\/strong><\/p>\n\n\n\n<p>\u201cKapitalbank\u201d\u0131n ke\u00e7mi\u015f filial m\u00fcdiri H\u00fcseyn S\u0259f\u0259rov ifad\u0259sind\u0259 deyib ki, o, MTN daxilind\u0259 yuva salm\u0131\u015f m\u00fct\u0259\u015f\u0259kkil cinay\u0259tkar d\u0259st\u0259nin qurban\u0131 olub:<br><\/p>\n\n\n\n<p>\u201cBu g\u00fcn t\u0259qsirl\u0259ndiril\u0259n \u015f\u0259xs kimi m\u0259hk\u0259m\u0259 qar\u015f\u0131s\u0131nda dayanan M\u00f6vlam \u015e\u0131x\u0259liyev, V\u00fcsal \u018fl\u0259kb\u0259rov v\u0259 dig\u0259ril\u0259ri m\u0259n\u0259 qar\u015f\u0131 d\u0259h\u015f\u0259tli cinay\u0259t t\u00f6r\u0259dibl\u0259r. \u00d6zl\u0259rind\u0259n cinay\u0259t i\u015fi uydurub, m\u0259ni girov g\u00f6t\u00fcr\u00fcb, 67 g\u00fcn MTN-in binas\u0131nda saxlay\u0131blar. O m\u00fcdd\u0259td\u0259 m\u0259n g\u00fcnboyu MTN-d\u0259 m\u00fcst\u0259ntiql\u0259rin kabinetind\u0259 oturub g\u00f6zl\u0259mi\u015f\u0259m ki, qohum-qarda\u015f\u0131m bu cinay\u0259tkar d\u0259st\u0259nin m\u0259nd\u0259n t\u0259l\u0259b etdiyi 3 milyon dollar\u0131 n\u0259 vaxt toplayacaq\u201d.<br><\/p>\n\n\n\n<p>Z\u0259r\u0259r\u00e7\u0259k\u0259n daha sonra deyib:<br><\/p>\n\n\n\n<p>\u201cAncaq gec\u0259l\u0259r t\u0259cridxanada kamerada yat\u0131rd\u0131m, s\u0259h\u0259r yuxudan ay\u0131l\u0131b V\u00fcsal \u018fl\u0259kb\u0259rov v\u0259 dig\u0259ril\u0259rinin kabinetind\u0259 girovlu\u011fumun bit\u0259c\u0259yi g\u00fcn\u00fc g\u00f6zl\u0259yirdim. M\u00f6vlam \u015e\u0131x\u0259liyev o g\u00fcnl\u0259rd\u0259 5 d\u0259f\u0259 m\u0259ni kabinetin\u0259 \u00e7a\u011f\u0131rtd\u0131rm\u0131\u015fd\u0131. H\u0259r d\u0259f\u0259 d\u0259 pul t\u0259l\u0259b edirdi. Deyirdi ki, pulu d\u00fcz\u0259ldin verin, s\u0259ni buraxaq. \u018fks halda, uzunm\u00fcdd\u0259tli h\u0259bs c\u0259zas\u0131 alaca\u011f\u0131m\u0131, i\u015fg\u0259nc\u0259y\u0259 m\u0259ruz qalaca\u011f\u0131m\u0131 deyib, h\u0259d\u0259l\u0259yirdil\u0259r\u201d.<br>\u201cBu q\u0259f\u0259sd\u0259 M\u00f6vlam \u015e\u0131x\u0259liyevin yan\u0131nda Eldar Mahmudov da oturmal\u0131d\u0131r\u201d<br><\/p>\n\n\n\n<p>Z\u0259r\u0259r\u00e7\u0259kmi\u015fin s\u00f6zl\u0259rin\u0259 g\u00f6r\u0259, M\u00f6vlam \u015e\u0131x\u0259liyev h\u0259bsd\u0259n burax\u0131lmas\u0131 \u00fc\u00e7\u00fcn ondan pul t\u0259l\u0259b ed\u0259nd\u0259 nazir Eldar Mahmudovun bel\u0259 g\u00f6st\u0259ri\u015f verdiyini deyirdi:<br><\/p>\n\n\n\n<p>\u201cBu m\u0259hk\u0259m\u0259d\u0259ki q\u0259f\u0259sd\u0259 M\u00f6vlam \u015e\u0131x\u0259liyevin yan\u0131nda Eldar Mahmudov da oturmal\u0131d\u0131r. M\u0259n\u0259 qar\u015f\u0131 cinay\u0259td\u0259n onun da x\u0259b\u0259ri vard\u0131. M\u00f6vlam \u015e\u0131x\u0259liyev \u00f6z\u00fc deyirdi\u201d.<br><\/p>\n\n\n\n<p>H\u00fcseyn S\u0259f\u0259rov bildirib ki, qohumlar\u0131 3 milyonu d\u00fcz\u0259ld\u0259 bilmirdi. Bunu s\u00f6hb\u0259tl\u0259rin birind\u0259 M\u00f6vlam \u015e\u0131x\u0259liyev\u0259 \u00e7atd\u0131r\u0131b. \u0130stintaq Ba\u015f \u0130dar\u0259sinin r\u0259isi m\u0259bl\u0259\u011fi 2 milyona sal\u0131b: \u201cDedi ki, he\u00e7 olmasa, 2 milyon dollar g\u0259tirsinl\u0259r. G\u00f6rd\u00fcl\u0259r ki, pulu d\u00fcz\u0259ld\u0259 bilmirik, t\u0259klif el\u0259dil\u0259r ki, b\u00f6y\u00fck hiss\u0259sini g\u0259tirsinl\u0259r, sonra qalan\u0131 da veril\u0259r\u201d.<br><\/p>\n\n\n\n<p>Z\u0259r\u0259r\u00e7\u0259kmi\u015f deyir ki, qohumlar\u0131 1 milyon 650 min dollar d\u00fcz\u0259ldib, o\u011flu R\u00fcst\u0259m S\u0259f\u0259rova veribl\u0259r. O da g\u0259tirib MTN-in poliklinikas\u0131n\u0131n yax\u0131nl\u0131\u011f\u0131nda V\u00fcsal \u018fl\u0259kb\u0259rova t\u0259qdim edib. Bundan sonra H\u00fcseyn S\u0259f\u0259rov haqq\u0131nda h\u0259bs q\u0259timkan t\u0259dbiri d\u0259yi\u015fib v\u0259 o, azadl\u0131\u011fa burax\u0131l\u0131b. Q\u0259timkan t\u0259dbirinin d\u0259yi\u015fm\u0259sin\u0259 \u0259sas kimi is\u0259 onun s\u0259hh\u0259tind\u0259 probleml\u0259rin olmas\u0131 g\u00f6st\u0259rilib. H\u0259bsd\u0259n buraxanda da x\u0259b\u0259rdarl\u0131q edilib ki, qalan 350 min dollar\u0131 g\u0259tirm\u0259s\u0259, bu d\u0259f\u0259 h\u0259m \u00f6z\u00fc, h\u0259m d\u0259 o\u011flu h\u0259bs olunacaq:<br><\/p>\n\n\n\n<p>\u201cV\u00fcsal \u018fl\u0259kb\u0259rov o\u011fluma z\u0259ng el\u0259yib ki, pulu g\u00f6t\u00fcr\u00fcb g\u0259lsin. Cinay\u0259t i\u015find\u0259 dedikl\u0259rimi s\u00fcbut ed\u0259n telefon dan\u0131\u015f\u0131qlar\u0131n\u0131n \u00e7\u0131xar\u0131\u015f\u0131 var. Pul al\u0131nandan sonra MTN-\u0259 h\u0259kim briqadas\u0131 \u00e7a\u011f\u0131r\u0131b, m\u0259nim a\u011f\u0131r x\u0259st\u0259 olma\u011f\u0131m bar\u0259d\u0259 r\u0259y ald\u0131lar v\u0259 bunun \u0259sas\u0131nda da h\u0259bs q\u0259timkan t\u0259dbiri d\u0259yi\u015fdi\u201d.<br><\/p>\n\n\n\n<p>\u201cZ\u0259ng el\u0259di ki, M\u00f6vlam m\u00fc\u0259llim general r\u00fctb\u0259si al\u0131b, ona h\u0259diyy\u0259 g\u0259tir\u201d<br><\/p>\n\n\n\n<p>Z\u0259r\u0259r\u00e7\u0259k\u0259n deyir ki, dekabrda burax\u0131l\u0131b, apreld\u0259 V\u00fcsal \u018fl\u0259kb\u0259rov MTN-nin inzibati binas\u0131n\u0131n arxa n\u0259zar\u0259t-burax\u0131l\u0131\u015f m\u0259nt\u0259q\u0259sinin yax\u0131nl\u0131\u011f\u0131nda qalan 350 min dollar\u0131 o\u011flu il\u0259 ondan al\u0131b.<br><\/p>\n\n\n\n<p>\u201cBu adamlar\u0131n g\u00f6zl\u0259ri doymurdu. Bir ay sonra V\u00fcsal \u018fl\u0259kb\u0259rov m\u0259n\u0259 z\u0259ng el\u0259di ki, M\u00f6vlam m\u00fc\u0259llim general r\u00fctb\u0259si al\u0131b, ona h\u0259diyy\u0259 g\u0259tir. M\u0259n\u0259 2 \u201cVertu\u201d telefonu ald\u0131rd\u0131, h\u0259r\u0259si d\u0259 6500 manata. V\u00fcsal \u018fl\u0259kb\u0259rovun xidm\u0259ti ota\u011f\u0131nda telefonlar\u0131 apar\u0131b verdim. Bir ne\u00e7\u0259 ay sonra yen\u0259 z\u0259ng el\u0259di ki, M\u00f6vlam m\u00fc\u0259llimin ad g\u00fcn\u00fcd\u00fcr, ona bahal\u0131 h\u0259diyy\u0259 g\u0259tir. 21 min dollarl\u0131q q\u0131z\u0131l saat\u0131 apar\u0131b M\u00f6vlam \u015e\u0131x\u0259liyev\u0259 kabinetind\u0259 verdim. Yen\u0259 \u0259l \u00e7\u0259km\u0259dil\u0259r. V\u00fcsal \u018fl\u0259kb\u0259rov z\u0259ng el\u0259yib m\u0259nd\u0259n ov silah\u0131 ist\u0259di. Q\u0259l\u0259b\u0259 dair\u0259sind\u0259 800 manatl\u0131q ov t\u00fcf\u0259ngini ona verdim. H\u0259min silah\u0131 m\u0259nim yan\u0131nda qarda\u015f\u0131na verdi. Bu adamlar\u0131n tamahkarl\u0131\u011f\u0131 sonsuzdur\u201d, &#8211; H\u00fcseyn S\u0259f\u0259rov deyib.<br><\/p>\n\n\n\n<p><strong>\u201cMTN-\u00e7il\u0259r ail\u0259 \u00fczvl\u0259rimin m\u00fcflisl\u0259\u015fm\u0259sin\u0259, x\u0259st\u0259lik tapmalar\u0131na s\u0259b\u0259b olublar\u201d<br><\/strong><\/p>\n\n\n\n<p>Z\u0259r\u0259r\u00e7\u0259kmi\u015f \u0259lav\u0259 edib ki, haz\u0131rda m\u0259hk\u0259m\u0259 qar\u015f\u0131s\u0131nda dayanan sabiq MTN-\u00e7il\u0259r onun v\u0259 ail\u0259 \u00fczvl\u0259rinin m\u00fcflisl\u0259\u015fm\u0259sin\u0259, x\u0259st\u0259lik tapmalar\u0131na s\u0259b\u0259b olublar:<br><\/p>\n\n\n\n<p>\u201cM\u0259n girovluqda qald\u0131\u011f\u0131m g\u00fcnl\u0259rd\u0259 ke\u00e7irdiyim stress sonradan s\u0259hh\u0259timd\u0259 \u00f6z\u00fcn\u00fc g\u00f6st\u0259rdi. \u00dcr\u0259yimd\u0259 a\u00e7\u0131q \u0259m\u0259liyyat apar\u0131ld\u0131, g\u00f6z\u00fcmd\u0259n \u0259m\u0259liyyat olundum\u201d.<br><\/p>\n\n\n\n<p>V\u00fcsal \u018fl\u0259kb\u0259rovun h\u0259bsi bar\u0259d\u0259 z\u0259r\u0259r\u00e7\u0259kmi\u015fin qald\u0131rd\u0131\u011f\u0131 v\u0259sat\u0259tl\u0259 ba\u011fl\u0131 m\u0259hk\u0259m\u0259nin q\u0259rar\u0131 noyabr\u0131n 23-d\u0259 ke\u00e7iril\u0259c\u0259k n\u00f6vb\u0259ti m\u0259hk\u0259m\u0259 iclas\u0131nda m\u0259lum olacaq.<br><\/p>\n\n\n\n<p><strong>Xat\u0131rlatma<br><\/strong><\/p>\n\n\n\n<p>M\u00f6vlam \u015eix\u0259liyev dig\u0259r t\u0259qsirl\u0259ndiril\u0259n \u015f\u0259xsl\u0259rl\u0259 birl\u0259\u015fib \u00fcmumilikd\u0259 14 milyon 292 min manat r\u00fc\u015fv\u0259t almaqda, h\u0259d\u0259-qorxu il\u0259 ba\u015fqalar\u0131n\u0131n 5 milyon 77 min manat\u0131n\u0131 \u0259l\u0259 ke\u00e7irm\u0259kd\u0259, h\u0259m\u00e7inin s\u0259lahiyy\u0259t h\u0259ddini a\u015fma v\u0259 s\u00fcbutlar\u0131 saxtala\u015fd\u0131rma kimi \u0259m\u0259ll\u0259rd\u0259 ittiham <a href=\"https:\/\/www.meydan.tv\/az\/article\/mtn-generali-oz-mehkemesinde-yixildi\/\" target=\"_blank\" rel=\"noreferrer noopener\">edilir<\/a>. <\/p>\n\n\n\n<p>M\u00f6vlam \u015eix\u0259liyev\u0259 Cinay\u0259t M\u0259c\u0259ll\u0259sinin 182.3.1, 182.3.2 (k\u00fclli miqdarda \u0259mlak \u0259ld\u0259 etm\u0259k m\u0259qs\u0259dil\u0259 m\u00fct\u0259\u015f\u0259kkil d\u0259st\u0259 t\u0259r\u0259find\u0259n h\u0259d\u0259 qorxu il\u0259 t\u0259l\u0259b etm\u0259), 294.3 (s\u00fcbutlar\u0131 saxtala\u015fd\u0131rma), 311.3.1 (qabaqcadan \u0259lbir olan bir qrup \u015f\u0259xs v\u0259 ya m\u00fct\u0259\u015f\u0259kkil d\u0259st\u0259 t\u0259r\u0259find\u0259n r\u00fc\u015fv\u0259t alma) v\u0259 dig\u0259r madd\u0259l\u0259ril\u0259 ittiham olunur.<br>V\u00fcsal \u018fl\u0259kb\u0259rov, Yasin M\u0259mm\u0259dov v\u0259 Sahib \u018fl\u0259kb\u0259rova is\u0259 Cinay\u0259t M\u0259c\u0259ll\u0259sinin 311.3.1 (m\u00fct\u0259\u015f\u0259kkil d\u0259st\u0259 t\u0259r\u0259find\u0259n r\u00fc\u015fv\u0259t alma), 341.2.1, 341.2.3-c\u00fc (v\u0259zif\u0259 s\u0259lahiyy\u0259tl\u0259rind\u0259n sui-istifad\u0259 v\u0259 ya v\u0259zif\u0259 s\u0259lahiyy\u0259tl\u0259rini a\u015fma) v\u0259 ba\u015fqa madd\u0259l\u0259ril\u0259 ittiham verilib. \u0130stintaq d\u00f6vr\u00fc \u00fc\u00e7\u00fcn onlar\u0131n bar\u0259sind\u0259 ba\u015fqa yer\u0259 getm\u0259m\u0259y\u0259 dair iltizam q\u0259timkan t\u0259dbiri se\u00e7ilib.<br><\/p>\n\n\n\n<p>M\u00f6vlam \u015e\u0131x\u0259liyev v\u0259 onunla birlikd\u0259 t\u0259qsirl\u0259ndiril\u0259n \u015f\u0259xsl\u0259rin adlar\u0131 zaman-zaman bir s\u0131ra ictimai-siyasi f\u0259allar\u0131n h\u0259bsind\u0259 hallan\u0131b.<br><\/p>\n\n\n\n<p>Z\u0259r\u0259r\u00e7\u0259kmi\u015fl\u0259r aras\u0131nda \u201cTexnikabank\u201d\u0131n sahibi Etibar \u018fliyev, onun o\u011flu K\u0259ram\u0259t \u018fliyev v\u0259 dig\u0259rl\u0259ri var.<\/p>\n","protected":false},"excerpt":{"rendered":"<p>\u201cDedi ki, nazirin g\u00f6st\u0259ri\u015fidir, 3 milyon verm\u0259lis\u0259n\u201d L\u0259\u011fv olunmu\u015f Milli &#8230; <\/p>\n<p class=\"read-more-container\"><a title=\"MTN general\u0131n\u0131n i\u015fi: V\u00fcsal \u018fl\u0259kb\u0259rov m\u0259ni h\u0259d\u0259l\u0259yir\" class=\"read-more button\" href=\"https:\/\/www.meydan.tv\/az\/article\/mtn-generalinin-isi-vusal-elekberov-meni-hedeleyir\/#more-226315\" aria-label=\"Read more about MTN general\u0131n\u0131n i\u015fi: V\u00fcsal \u018fl\u0259kb\u0259rov m\u0259ni h\u0259d\u0259l\u0259yir\">Davam\u0131<\/a><\/p>\n","protected":false},"author":8,"featured_media":225366,"comment_status":"closed","ping_status":"closed","sticky":false,"template":"","format":"standard","meta":{"_acf_changed":false,"_sitemap_exclude":false,"_sitemap_priority":"","_sitemap_frequency":"","footnotes":""},"categories":[88,59,79,56],"tags":[],"class_list":["post-226315","post","type-post","status-publish","format-standard","has-post-thumbnail","hentry","category-redaktor-secimi","category-siyaset","category-featured","category-xeberler","infinite-scroll-item","generate-columns","tablet-grid-50","mobile-grid-100","grid-parent","grid-33","no-featured-image-padding"],"acf":[],"yoast_head":"<!-- This site is optimized with the Yoast SEO plugin v27.5 - https:\/\/yoast.com\/product\/yoast-seo-wordpress\/ -->\n<title>MTN general\u0131n\u0131n i\u015fi: V\u00fcsal \u018fl\u0259kb\u0259rov m\u0259ni h\u0259d\u0259l\u0259yir - MEYDAN.TV<\/title>\n<meta name=\"robots\" content=\"index, follow, max-snippet:-1, max-image-preview:large, max-video-preview:-1\" \/>\n<link rel=\"canonical\" href=\"https:\/\/www.meydan.tv\/az\/article\/mtn-generalinin-isi-vusal-elekberov-meni-hedeleyir\/\" \/>\n<meta property=\"og:locale\" content=\"az_AZ\" \/>\n<meta property=\"og:type\" content=\"article\" \/>\n<meta property=\"og:title\" content=\"MTN general\u0131n\u0131n i\u015fi: V\u00fcsal \u018fl\u0259kb\u0259rov m\u0259ni h\u0259d\u0259l\u0259yir - MEYDAN.TV\" \/>\n<meta property=\"og:description\" content=\"\u201cDedi ki, nazirin g\u00f6st\u0259ri\u015fidir, 3 milyon verm\u0259lis\u0259n\u201d L\u0259\u011fv olunmu\u015f Milli ... Davam\u0131\" \/>\n<meta property=\"og:url\" content=\"https:\/\/www.meydan.tv\/az\/article\/mtn-generalinin-isi-vusal-elekberov-meni-hedeleyir\/\" \/>\n<meta property=\"og:site_name\" content=\"MEYDAN.TV\" \/>\n<meta property=\"article:published_time\" content=\"2021-11-16T17:26:12+00:00\" \/>\n<meta property=\"article:modified_time\" content=\"2021-11-16T18:44:00+00:00\" \/>\n<meta property=\"og:image\" content=\"https:\/\/www.meydan.tv\/wp-content\/uploads\/movlam_sixeliyev_000_medium.jpg\" \/>\n\t<meta property=\"og:image:width\" content=\"1256\" \/>\n\t<meta property=\"og:image:height\" content=\"800\" \/>\n\t<meta property=\"og:image:type\" content=\"image\/jpeg\" \/>\n<meta name=\"author\" content=\"elli\" \/>\n<meta name=\"twitter:card\" content=\"summary_large_image\" \/>\n<meta name=\"twitter:creator\" content=\"@elli\" \/>\n<script type=\"application\/ld+json\" class=\"yoast-schema-graph\">{\"@context\":\"https:\\\/\\\/schema.org\",\"@graph\":[{\"@type\":\"Article\",\"@id\":\"https:\\\/\\\/www.meydan.tv\\\/az\\\/article\\\/mtn-generalinin-isi-vusal-elekberov-meni-hedeleyir\\\/#article\",\"isPartOf\":{\"@id\":\"https:\\\/\\\/www.meydan.tv\\\/az\\\/article\\\/mtn-generalinin-isi-vusal-elekberov-meni-hedeleyir\\\/\"},\"author\":{\"name\":\"elli\",\"@id\":\"https:\\\/\\\/www.meydan.tv\\\/az\\\/#\\\/schema\\\/person\\\/9cdbecf90d17180ce1dfbd95b08dcf47\"},\"headline\":\"MTN general\u0131n\u0131n i\u015fi: V\u00fcsal \u018fl\u0259kb\u0259rov m\u0259ni h\u0259d\u0259l\u0259yir\",\"datePublished\":\"2021-11-16T17:26:12+00:00\",\"dateModified\":\"2021-11-16T18:44:00+00:00\",\"mainEntityOfPage\":{\"@id\":\"https:\\\/\\\/www.meydan.tv\\\/az\\\/article\\\/mtn-generalinin-isi-vusal-elekberov-meni-hedeleyir\\\/\"},\"wordCount\":1515,\"publisher\":{\"@id\":\"https:\\\/\\\/www.meydan.tv\\\/az\\\/#organization\"},\"image\":{\"@id\":\"https:\\\/\\\/www.meydan.tv\\\/az\\\/article\\\/mtn-generalinin-isi-vusal-elekberov-meni-hedeleyir\\\/#primaryimage\"},\"thumbnailUrl\":\"https:\\\/\\\/www.meydan.tv\\\/wp-content\\\/uploads\\\/movlam_sixeliyev_000_medium.jpg\",\"articleSection\":[\"Redaktor se\u00e7imi\",\"Siyas\u0259t\",\"T\u00f6vsiy\u0259\",\"X\u0259b\u0259rl\u0259r\"],\"inLanguage\":\"az\"},{\"@type\":\"WebPage\",\"@id\":\"https:\\\/\\\/www.meydan.tv\\\/az\\\/article\\\/mtn-generalinin-isi-vusal-elekberov-meni-hedeleyir\\\/\",\"url\":\"https:\\\/\\\/www.meydan.tv\\\/az\\\/article\\\/mtn-generalinin-isi-vusal-elekberov-meni-hedeleyir\\\/\",\"name\":\"MTN general\u0131n\u0131n i\u015fi: V\u00fcsal \u018fl\u0259kb\u0259rov m\u0259ni h\u0259d\u0259l\u0259yir - MEYDAN.TV\",\"isPartOf\":{\"@id\":\"https:\\\/\\\/www.meydan.tv\\\/az\\\/#website\"},\"primaryImageOfPage\":{\"@id\":\"https:\\\/\\\/www.meydan.tv\\\/az\\\/article\\\/mtn-generalinin-isi-vusal-elekberov-meni-hedeleyir\\\/#primaryimage\"},\"image\":{\"@id\":\"https:\\\/\\\/www.meydan.tv\\\/az\\\/article\\\/mtn-generalinin-isi-vusal-elekberov-meni-hedeleyir\\\/#primaryimage\"},\"thumbnailUrl\":\"https:\\\/\\\/www.meydan.tv\\\/wp-content\\\/uploads\\\/movlam_sixeliyev_000_medium.jpg\",\"datePublished\":\"2021-11-16T17:26:12+00:00\",\"dateModified\":\"2021-11-16T18:44:00+00:00\",\"breadcrumb\":{\"@id\":\"https:\\\/\\\/www.meydan.tv\\\/az\\\/article\\\/mtn-generalinin-isi-vusal-elekberov-meni-hedeleyir\\\/#breadcrumb\"},\"inLanguage\":\"az\",\"potentialAction\":[{\"@type\":\"ReadAction\",\"target\":[\"https:\\\/\\\/www.meydan.tv\\\/az\\\/article\\\/mtn-generalinin-isi-vusal-elekberov-meni-hedeleyir\\\/\"]}]},{\"@type\":\"ImageObject\",\"inLanguage\":\"az\",\"@id\":\"https:\\\/\\\/www.meydan.tv\\\/az\\\/article\\\/mtn-generalinin-isi-vusal-elekberov-meni-hedeleyir\\\/#primaryimage\",\"url\":\"https:\\\/\\\/www.meydan.tv\\\/wp-content\\\/uploads\\\/movlam_sixeliyev_000_medium.jpg\",\"contentUrl\":\"https:\\\/\\\/www.meydan.tv\\\/wp-content\\\/uploads\\\/movlam_sixeliyev_000_medium.jpg\",\"width\":1256,\"height\":800,\"caption\":\"M\u00f6vlam \u015e\u0131x\u0259liyev, Foto: Report.az\"},{\"@type\":\"BreadcrumbList\",\"@id\":\"https:\\\/\\\/www.meydan.tv\\\/az\\\/article\\\/mtn-generalinin-isi-vusal-elekberov-meni-hedeleyir\\\/#breadcrumb\",\"itemListElement\":[{\"@type\":\"ListItem\",\"position\":1,\"name\":\"Ana s\u0259hif\u0259\",\"item\":\"https:\\\/\\\/www.meydan.tv\\\/az\\\/\"},{\"@type\":\"ListItem\",\"position\":2,\"name\":\"Siyas\u0259t\",\"item\":\"https:\\\/\\\/www.meydan.tv\\\/az\\\/section\\\/siyaset\\\/\"},{\"@type\":\"ListItem\",\"position\":3,\"name\":\"MTN general\u0131n\u0131n i\u015fi: V\u00fcsal \u018fl\u0259kb\u0259rov m\u0259ni h\u0259d\u0259l\u0259yir\"}]},{\"@type\":\"WebSite\",\"@id\":\"https:\\\/\\\/www.meydan.tv\\\/az\\\/#website\",\"url\":\"https:\\\/\\\/www.meydan.tv\\\/az\\\/\",\"name\":\"MEYDAN.TV\",\"description\":\"Meydan TV Az\u0259rbaycan\u0131n media m\u0259kan\u0131ndak\u0131 alternativ s\u0259sidir\",\"publisher\":{\"@id\":\"https:\\\/\\\/www.meydan.tv\\\/az\\\/#organization\"},\"potentialAction\":[{\"@type\":\"SearchAction\",\"target\":{\"@type\":\"EntryPoint\",\"urlTemplate\":\"https:\\\/\\\/www.meydan.tv\\\/az\\\/?s={search_term_string}\"},\"query-input\":{\"@type\":\"PropertyValueSpecification\",\"valueRequired\":true,\"valueName\":\"search_term_string\"}}],\"inLanguage\":\"az\"},{\"@type\":\"Organization\",\"@id\":\"https:\\\/\\\/www.meydan.tv\\\/az\\\/#organization\",\"name\":\"Meydan TV\",\"url\":\"https:\\\/\\\/www.meydan.tv\\\/az\\\/\",\"logo\":{\"@type\":\"ImageObject\",\"inLanguage\":\"az\",\"@id\":\"https:\\\/\\\/www.meydan.tv\\\/az\\\/#\\\/schema\\\/logo\\\/image\\\/\",\"url\":\"https:\\\/\\\/www.meydan.tv\\\/wp-content\\\/uploads\\\/2021\\\/07\\\/meydan-logo.svg\",\"contentUrl\":\"https:\\\/\\\/www.meydan.tv\\\/wp-content\\\/uploads\\\/2021\\\/07\\\/meydan-logo.svg\",\"width\":195,\"height\":46,\"caption\":\"Meydan TV\"},\"image\":{\"@id\":\"https:\\\/\\\/www.meydan.tv\\\/az\\\/#\\\/schema\\\/logo\\\/image\\\/\"}},{\"@type\":\"Person\",\"@id\":\"https:\\\/\\\/www.meydan.tv\\\/az\\\/#\\\/schema\\\/person\\\/9cdbecf90d17180ce1dfbd95b08dcf47\",\"name\":\"elli\",\"sameAs\":[\"https:\\\/\\\/x.com\\\/elli\"]}]}<\/script>\n<!-- \/ Yoast SEO plugin. -->","yoast_head_json":{"title":"MTN general\u0131n\u0131n i\u015fi: V\u00fcsal \u018fl\u0259kb\u0259rov m\u0259ni h\u0259d\u0259l\u0259yir - MEYDAN.TV","robots":{"index":"index","follow":"follow","max-snippet":"max-snippet:-1","max-image-preview":"max-image-preview:large","max-video-preview":"max-video-preview:-1"},"canonical":"https:\/\/www.meydan.tv\/az\/article\/mtn-generalinin-isi-vusal-elekberov-meni-hedeleyir\/","og_locale":"az_AZ","og_type":"article","og_title":"MTN general\u0131n\u0131n i\u015fi: V\u00fcsal \u018fl\u0259kb\u0259rov m\u0259ni h\u0259d\u0259l\u0259yir - MEYDAN.TV","og_description":"\u201cDedi ki, nazirin g\u00f6st\u0259ri\u015fidir, 3 milyon verm\u0259lis\u0259n\u201d L\u0259\u011fv olunmu\u015f Milli ... Davam\u0131","og_url":"https:\/\/www.meydan.tv\/az\/article\/mtn-generalinin-isi-vusal-elekberov-meni-hedeleyir\/","og_site_name":"MEYDAN.TV","article_published_time":"2021-11-16T17:26:12+00:00","article_modified_time":"2021-11-16T18:44:00+00:00","og_image":[{"width":1256,"height":800,"url":"https:\/\/www.meydan.tv\/wp-content\/uploads\/movlam_sixeliyev_000_medium.jpg","type":"image\/jpeg"}],"author":"elli","twitter_card":"summary_large_image","twitter_creator":"@elli","schema":{"@context":"https:\/\/schema.org","@graph":[{"@type":"Article","@id":"https:\/\/www.meydan.tv\/az\/article\/mtn-generalinin-isi-vusal-elekberov-meni-hedeleyir\/#article","isPartOf":{"@id":"https:\/\/www.meydan.tv\/az\/article\/mtn-generalinin-isi-vusal-elekberov-meni-hedeleyir\/"},"author":{"name":"elli","@id":"https:\/\/www.meydan.tv\/az\/#\/schema\/person\/9cdbecf90d17180ce1dfbd95b08dcf47"},"headline":"MTN general\u0131n\u0131n i\u015fi: V\u00fcsal \u018fl\u0259kb\u0259rov m\u0259ni h\u0259d\u0259l\u0259yir","datePublished":"2021-11-16T17:26:12+00:00","dateModified":"2021-11-16T18:44:00+00:00","mainEntityOfPage":{"@id":"https:\/\/www.meydan.tv\/az\/article\/mtn-generalinin-isi-vusal-elekberov-meni-hedeleyir\/"},"wordCount":1515,"publisher":{"@id":"https:\/\/www.meydan.tv\/az\/#organization"},"image":{"@id":"https:\/\/www.meydan.tv\/az\/article\/mtn-generalinin-isi-vusal-elekberov-meni-hedeleyir\/#primaryimage"},"thumbnailUrl":"https:\/\/www.meydan.tv\/wp-content\/uploads\/movlam_sixeliyev_000_medium.jpg","articleSection":["Redaktor se\u00e7imi","Siyas\u0259t","T\u00f6vsiy\u0259","X\u0259b\u0259rl\u0259r"],"inLanguage":"az"},{"@type":"WebPage","@id":"https:\/\/www.meydan.tv\/az\/article\/mtn-generalinin-isi-vusal-elekberov-meni-hedeleyir\/","url":"https:\/\/www.meydan.tv\/az\/article\/mtn-generalinin-isi-vusal-elekberov-meni-hedeleyir\/","name":"MTN general\u0131n\u0131n i\u015fi: V\u00fcsal \u018fl\u0259kb\u0259rov m\u0259ni h\u0259d\u0259l\u0259yir - MEYDAN.TV","isPartOf":{"@id":"https:\/\/www.meydan.tv\/az\/#website"},"primaryImageOfPage":{"@id":"https:\/\/www.meydan.tv\/az\/article\/mtn-generalinin-isi-vusal-elekberov-meni-hedeleyir\/#primaryimage"},"image":{"@id":"https:\/\/www.meydan.tv\/az\/article\/mtn-generalinin-isi-vusal-elekberov-meni-hedeleyir\/#primaryimage"},"thumbnailUrl":"https:\/\/www.meydan.tv\/wp-content\/uploads\/movlam_sixeliyev_000_medium.jpg","datePublished":"2021-11-16T17:26:12+00:00","dateModified":"2021-11-16T18:44:00+00:00","breadcrumb":{"@id":"https:\/\/www.meydan.tv\/az\/article\/mtn-generalinin-isi-vusal-elekberov-meni-hedeleyir\/#breadcrumb"},"inLanguage":"az","potentialAction":[{"@type":"ReadAction","target":["https:\/\/www.meydan.tv\/az\/article\/mtn-generalinin-isi-vusal-elekberov-meni-hedeleyir\/"]}]},{"@type":"ImageObject","inLanguage":"az","@id":"https:\/\/www.meydan.tv\/az\/article\/mtn-generalinin-isi-vusal-elekberov-meni-hedeleyir\/#primaryimage","url":"https:\/\/www.meydan.tv\/wp-content\/uploads\/movlam_sixeliyev_000_medium.jpg","contentUrl":"https:\/\/www.meydan.tv\/wp-content\/uploads\/movlam_sixeliyev_000_medium.jpg","width":1256,"height":800,"caption":"M\u00f6vlam \u015e\u0131x\u0259liyev, Foto: Report.az"},{"@type":"BreadcrumbList","@id":"https:\/\/www.meydan.tv\/az\/article\/mtn-generalinin-isi-vusal-elekberov-meni-hedeleyir\/#breadcrumb","itemListElement":[{"@type":"ListItem","position":1,"name":"Ana s\u0259hif\u0259","item":"https:\/\/www.meydan.tv\/az\/"},{"@type":"ListItem","position":2,"name":"Siyas\u0259t","item":"https:\/\/www.meydan.tv\/az\/section\/siyaset\/"},{"@type":"ListItem","position":3,"name":"MTN general\u0131n\u0131n i\u015fi: V\u00fcsal \u018fl\u0259kb\u0259rov m\u0259ni h\u0259d\u0259l\u0259yir"}]},{"@type":"WebSite","@id":"https:\/\/www.meydan.tv\/az\/#website","url":"https:\/\/www.meydan.tv\/az\/","name":"MEYDAN.TV","description":"Meydan TV Az\u0259rbaycan\u0131n media m\u0259kan\u0131ndak\u0131 alternativ s\u0259sidir","publisher":{"@id":"https:\/\/www.meydan.tv\/az\/#organization"},"potentialAction":[{"@type":"SearchAction","target":{"@type":"EntryPoint","urlTemplate":"https:\/\/www.meydan.tv\/az\/?s={search_term_string}"},"query-input":{"@type":"PropertyValueSpecification","valueRequired":true,"valueName":"search_term_string"}}],"inLanguage":"az"},{"@type":"Organization","@id":"https:\/\/www.meydan.tv\/az\/#organization","name":"Meydan TV","url":"https:\/\/www.meydan.tv\/az\/","logo":{"@type":"ImageObject","inLanguage":"az","@id":"https:\/\/www.meydan.tv\/az\/#\/schema\/logo\/image\/","url":"https:\/\/www.meydan.tv\/wp-content\/uploads\/2021\/07\/meydan-logo.svg","contentUrl":"https:\/\/www.meydan.tv\/wp-content\/uploads\/2021\/07\/meydan-logo.svg","width":195,"height":46,"caption":"Meydan TV"},"image":{"@id":"https:\/\/www.meydan.tv\/az\/#\/schema\/logo\/image\/"}},{"@type":"Person","@id":"https:\/\/www.meydan.tv\/az\/#\/schema\/person\/9cdbecf90d17180ce1dfbd95b08dcf47","name":"elli","sameAs":["https:\/\/x.com\/elli"]}]}},"_links":{"self":[{"href":"https:\/\/www.meydan.tv\/az\/wp-json\/wp\/v2\/posts\/226315","targetHints":{"allow":["GET"]}}],"collection":[{"href":"https:\/\/www.meydan.tv\/az\/wp-json\/wp\/v2\/posts"}],"about":[{"href":"https:\/\/www.meydan.tv\/az\/wp-json\/wp\/v2\/types\/post"}],"author":[{"embeddable":true,"href":"https:\/\/www.meydan.tv\/az\/wp-json\/wp\/v2\/users\/8"}],"replies":[{"embeddable":true,"href":"https:\/\/www.meydan.tv\/az\/wp-json\/wp\/v2\/comments?post=226315"}],"version-history":[{"count":2,"href":"https:\/\/www.meydan.tv\/az\/wp-json\/wp\/v2\/posts\/226315\/revisions"}],"predecessor-version":[{"id":226326,"href":"https:\/\/www.meydan.tv\/az\/wp-json\/wp\/v2\/posts\/226315\/revisions\/226326"}],"wp:featuredmedia":[{"embeddable":true,"href":"https:\/\/www.meydan.tv\/az\/wp-json\/wp\/v2\/media\/225366"}],"wp:attachment":[{"href":"https:\/\/www.meydan.tv\/az\/wp-json\/wp\/v2\/media?parent=226315"}],"wp:term":[{"taxonomy":"category","embeddable":true,"href":"https:\/\/www.meydan.tv\/az\/wp-json\/wp\/v2\/categories?post=226315"},{"taxonomy":"post_tag","embeddable":true,"href":"https:\/\/www.meydan.tv\/az\/wp-json\/wp\/v2\/tags?post=226315"}],"curies":[{"name":"wp","href":"https:\/\/api.w.org\/{rel}","templated":true}]}}