{"id":226268,"date":"2021-11-16T17:24:27","date_gmt":"2021-11-16T13:24:27","guid":{"rendered":"https:\/\/www.meydan.tv\/?p=226268"},"modified":"2021-11-16T17:24:28","modified_gmt":"2021-11-16T13:24:28","slug":"sekide-15-sahibkarin-obyekti-isiqsiz-qalib","status":"publish","type":"post","link":"https:\/\/www.meydan.tv\/az\/article\/sekide-15-sahibkarin-obyekti-isiqsiz-qalib\/","title":{"rendered":"\u015e\u0259kid\u0259 15 sahibkar\u0131n obyekti i\u015f\u0131qs\u0131z qal\u0131b"},"content":{"rendered":"\n<p>\u015e\u0259ki Regional Elektrik \u015e\u0259b\u0259k\u0259si obyektl\u0259rd\u0259n transformator almas\u0131n\u0131 t\u0259l\u0259b edir<br><\/p>\n\n\n\n<p>\u201cSahibkar kimi vergimizi \u00f6d\u0259yirik, d\u00f6vl\u0259t\u0259 xeyir veririk. Ancaq b\u0259zi qurumlar biz\u0259 s\u00fcni \u0259ng\u0259ll\u0259r yaratmaqla h\u0259m sahibkar olaraq biz\u0259 z\u0259r\u0259r vururlar, h\u0259m d\u0259 d\u00f6vl\u0259t\u0259. Bir aydan \u00e7oxdur ki, obyektl\u0259rimizin i\u015f\u0131qlar\u0131 k\u0259silib, qap\u0131lar\u0131m\u0131z ba\u011fl\u0131, oturmu\u015fuq evl\u0259rimizd\u0259, bir yerd\u0259n 1 manat g\u0259lir yox, \u00e7\u00f6r\u0259k yox, d\u0259rdimizi kim\u0259 dey\u0259k, bilmirik\u201d.<br><\/p>\n\n\n\n<p>Bir qrup \u015f\u0259kili sahibkar Meydan TV-y\u0259 m\u00fcraci\u0259t edib. <\/p>\n\n\n\n<p>Onlar bildirirl\u0259r ki, 30 il\u0259 yax\u0131nd\u0131r ki, \u015e\u0259ki rayonu, Z\u0259yzid k\u0259ndi, \u201cD\u00f6rdyol\u201d deyil\u0259n \u0259razid\u0259 x\u0131rda sahibkarl\u0131qla m\u0259\u015f\u011fuldular. Ancaq 1 aydan \u00e7oxdur ki, \u015e\u0259ki Regional Elektrik \u015e\u0259b\u0259k\u0259si onlar\u0131n f\u0259aliyy\u0259tin\u0259 probleml\u0259r yarad\u0131r. S\u00f6hb\u0259t ondan gedir ki, bu sahibkarlar \u00f6z obyektl\u0259rini i\u015f\u0131qland\u0131rmaq \u00fc\u00e7\u00fcn indiy\u0259d\u0259k yax\u0131nl\u0131qdak\u0131 k\u00f6hn\u0259 d\u0259yirmandan \u00e7\u0259kib g\u0259tirdikl\u0259ri elektrikd\u0259n istifad\u0259 edibl\u0259r. Ancaq son vaxtlar \u015e\u0259ki Regional Elektrik \u015e\u0259b\u0259k\u0259si obyektl\u0259ri i\u015f\u0131qs\u0131z qoyub.<br><\/p>\n\n\n\n<p><strong>\u201c\u0130\u015f\u0131\u011f\u0131 k\u00f6hn\u0259 d\u0259yirmandan g\u00f6t\u00fcr\u00fcrd\u00fck\u201d<br><\/strong><\/p>\n\n\n\n<p>\u0130ll\u0259rdir ki, \u0259razid\u0259 qaynaq\u00e7\u0131 sexi i\u015fl\u0259d\u0259n \u015eahid R\u0259sulov dan\u0131\u015f\u0131r:<br><\/p>\n\n\n\n<p>\u201cO d\u0259yirman\u0131n sahibiyl\u0259 aram\u0131zda he\u00e7 bir problem olmay\u0131b, indi d\u0259 yoxdur. \u0130stifad\u0259 etdiyimiz enerjiy\u0259 g\u00f6r\u0259 vaxtl\u0131-vaxt\u0131nda \u00f6d\u0259ni\u015fl\u0259rimizi edirdik. \u015e\u0259kinin i\u015f\u0131q idar\u0259sin\u0259 yeni r\u0259hb\u0259rlik t\u0259yin olunandan g\u00fcn\u00fcm\u00fcz nec\u0259 dey\u0259rl\u0259r, g\u00f6y \u0259sgiy\u0259 b\u00fck\u00fcl\u00fcb\u201d.<br><\/p>\n\n\n\n<p>\u201c\u018fvv\u0259lc\u0259 idar\u0259nin \u0259m\u0259kda\u015flar\u0131 g\u0259lib bildirdil\u0259r ki, hans\u0131 obyektin n\u0259 q\u0259d\u0259r enerji i\u015fl\u0259tdiyini hesablaya bilm\u0259yimiz \u00fc\u00e7\u00fcn h\u0259r birinizin obyektin\u0259 ayr\u0131ca say\u011fac qura\u015fd\u0131r\u0131lmal\u0131d\u0131r. N\u00f6vb\u0259ti d\u0259f\u0259 \u00fcst\u00fcm\u00fcz\u0259 ba\u015fqa t\u0259l\u0259bl\u0259 g\u0259ldil\u0259r. Bu d\u0259f\u0259 dedil\u0259r ki, r\u0259hb\u0259rlik t\u0259kc\u0259 say\u011facla kifay\u0259tl\u0259nmir, t\u0259l\u0259b edir ki, ayr\u0131ca transformator alaq. S\u0259b\u0259bini soru\u015fduq, dedil\u0259r, bilmirik, yeni r\u0259hb\u0259rliyin t\u0259l\u0259bidir\u201d, &#8211; sahibkar deyir.<br><\/p>\n\n\n\n<figure class=\"wp-block-image size-full\"><img decoding=\"async\" width=\"1200\" height=\"800\" data-src=\"https:\/\/www.meydan.tv\/wp-content\/uploads\/untitled-design-9.gif\" alt=\"\" class=\"wp-image-226264 lazyload\" src=\"data:image\/svg+xml;base64,PHN2ZyB3aWR0aD0iMSIgaGVpZ2h0PSIxIiB4bWxucz0iaHR0cDovL3d3dy53My5vcmcvMjAwMC9zdmciPjwvc3ZnPg==\" style=\"--smush-placeholder-width: 1200px; --smush-placeholder-aspect-ratio: 1200\/800;\" \/><figcaption>\u015e\u0259ki, Foto: Meydan TV<\/figcaption><\/figure>\n\n\n\n<p>Sahibkarlar i\u015f\u0131q idar\u0259sind\u0259 olublar. Onlara bildirilib ki, obyektl\u0259rin enerjiyl\u0259 t\u0259chizat\u0131 \u00fc\u00e7\u00fcn transformator al\u0131nmal\u0131d\u0131r.<br><\/p>\n\n\n\n<p>\u201c\u0130dar\u0259nin m\u00fcdiri dedi, transformator 12 min manatd\u0131r, pul y\u0131\u011f\u0131n, g\u0259tirin, bir transformator al\u0131n. Bildirdik ki, x\u0131rda sahibkarlar\u0131q, bizd\u0259 el\u0259 geni\u015f imkan yoxdur ki, y\u0131\u011f\u0131\u015f\u0131b o transformatoru alaq. G\u0259tir, h\u0259r\u0259nin obyektin\u0259 bir say\u011fac qura\u015fd\u0131r, kim n\u0259 i\u015fl\u0259dir, onun pulunu \u00f6d\u0259sin, i\u015fin\u0259 davam el\u0259sin\u201d.<br><\/p>\n\n\n\n<p>Sahibkarlar idar\u0259 r\u0259isin\u0259 deyibl\u0259r ki, s\u0259n bizi a\u00e7\u0131q-a\u015fkar s\u0131x\u0131\u015fd\u0131r\u0131rsan: <\/p>\n\n\n\n<p>\u201c\u00d6lk\u0259 ba\u015f\u00e7\u0131m\u0131z \u00e7\u0131x\u0131\u015flar\u0131nda d\u00f6n\u0259-d\u00f6n\u0259 deyib, sahibkarlara imkan yaratmaq laz\u0131md\u0131r ki, \u00f6lk\u0259 iqtisadiyyat\u0131na t\u00f6hf\u0259 versinl\u0259r, s\u0259n is\u0259 qazanc yerimizi z\u00fclm\u0259t\u0259 \u00e7evirirs\u0259n, bizi ruhdan sal\u0131rsan. Bu s\u00f6z\u00fcm\u00fcz onu daha da \u00f6z\u00fcnd\u0259n \u00e7\u0131xartd\u0131. Dedi, prezident harda n\u0259 deyib, x\u0259b\u0259rim yoxdur, bir halda ki, raz\u0131la\u015fm\u0131rs\u0131z, transformatorun qiym\u0259ti oldu 14 min manat\u2026 Ya gedin, pulu g\u0259tirin, g\u0259tirib transformatoru qura\u015fd\u0131raq, ya da obyektl\u0259riniz\u0259 i\u015f\u0131q verilm\u0259y\u0259c\u0259k\u201d.<br><\/p>\n\n\n\n<p><strong>H\u00fcquq\u015f\u00fcnas: \u201cT\u0259l\u0259b qanunidir\u201d<br><\/strong><\/p>\n\n\n\n<p>Sahibkar s\u00f6zl\u0259rin\u0259 g\u00f6r\u0259, bu g\u00f6r\u00fc\u015fd\u0259n bir g\u00fcn sonra g\u0259lib obyektl\u0259rin i\u015f\u0131\u011f\u0131n\u0131 k\u0259sibl\u0259r. Bununla da obyektl\u0259r i\u015f\u0131qs\u0131z, sahibkarlarsa qazancs\u0131z qal\u0131b:<br><\/p>\n\n\n\n<p>\u201cH\u0259r\u0259miz bir i\u015fl\u0259 m\u0259\u015f\u011fuluq, m\u0259s\u0259l\u0259n, m\u0259n qaynaq\u00e7\u0131 sexi i\u015fl\u0259dir\u0259m, yan\u0131mda \u0259t d\u00fckan\u0131 var, onun yan\u0131nda baytar apteki var v\u0259 sair\u2026 K\u0259nd \u0259razisidir dey\u0259, \u00e7oxu k\u0259nd t\u0259s\u0259rr\u00fcfat\u0131yla \u0259laq\u0259li obyektl\u0259rdir. Biz x\u0131rda sahibkar\u0131q, g\u00fcc\u00fcm\u00fcz say\u011fac alma\u011fa yet\u0259r, transformatora yox\u2026 \u0130ndi bizd\u0259n h\u0259m say\u011fac t\u0259l\u0259b olunur, h\u0259m d\u0259 transformator\u2026\u201d<br><\/p>\n\n\n\n<figure class=\"wp-block-image size-full\"><img decoding=\"async\" width=\"1200\" height=\"800\" data-src=\"https:\/\/www.meydan.tv\/wp-content\/uploads\/untitled-design-7.gif\" alt=\"\" class=\"wp-image-226258 lazyload\" src=\"data:image\/svg+xml;base64,PHN2ZyB3aWR0aD0iMSIgaGVpZ2h0PSIxIiB4bWxucz0iaHR0cDovL3d3dy53My5vcmcvMjAwMC9zdmciPjwvc3ZnPg==\" style=\"--smush-placeholder-width: 1200px; --smush-placeholder-aspect-ratio: 1200\/800;\" \/><figcaption>\u015e\u0259ki, Foto: Meydan TV<\/figcaption><\/figure>\n\n\n\n<p>\u015e\u0259ki Regional Elektrik \u015e\u0259b\u0259k\u0259sind\u0259n Meydan TV-y\u0259 bildirilib ki, bir m\u00fcdd\u0259t \u0259vv\u0259l \u201cD\u00f6rdyol\u201d adlanan \u0259razid\u0259ki sahibkarlar\u0131n obyektl\u0259r\u0259 k\u0259nardan \u00f6zba\u015f\u0131na \u00e7\u0259kdikl\u0259ri x\u0259tl\u0259r k\u0259silib. Onlara x\u0259b\u0259rdarl\u0131q olunub v\u0259 bundan sonra obyektl\u0259rinin i\u015f\u0131qland\u0131r\u0131lmas\u0131 \u00fc\u00e7\u00fcn \u00f6hd\u0259l\u0259rin\u0259 d\u00fc\u015f\u0259nl\u0259r t\u00f6vsiy\u0259 edilib.<br><\/p>\n\n\n\n<p>H\u00fcquq\u015f\u00fcnas B\u0259hruz Bayramov deyir, idar\u0259nin t\u0259l\u0259bi qanunidir: \u201cNazirl\u0259r Kabinetinin 2013-c\u00fc ild\u0259 q\u0259bul edilmi\u015f 234 n\u00f6mr\u0259li q\u0259rar\u0131na \u0259sas\u0259n, kommersiya obyektin\u0259 texniki \u015f\u0259rtin al\u0131nmas\u0131, transformatorun al\u0131nmas\u0131, elektrik x\u0259ttinin \u00e7\u0259kilm\u0259si sahibkar\u0131n hesab\u0131na h\u0259yata ke\u00e7irilir\u201d.<br><\/p>\n\n\n\n<p>M\u00fct\u0259x\u0259ssisl\u0259r \u0259sas\u0259n, ki\u00e7ik sahibkarlar\u0131n bel\u0259 v\u0259ziyy\u0259tl\u0259rd\u0259 \u00e7\u0259tin duruma d\u00fc\u015fm\u0259sinin s\u0259b\u0259bi kimi d\u00f6vl\u0259tin n\u0259z\u0259rd\u0259 tutdu\u011fu yard\u0131mlardan k\u0259narda qalmas\u0131n\u0131 g\u00f6st\u0259rirl\u0259r.<\/p>\n","protected":false},"excerpt":{"rendered":"<p>\u015e\u0259ki Regional Elektrik \u015e\u0259b\u0259k\u0259si obyektl\u0259rd\u0259n transformator almas\u0131n\u0131 t\u0259l\u0259b edir \u201cSahibkar &#8230; <\/p>\n<p class=\"read-more-container\"><a title=\"\u015e\u0259kid\u0259 15 sahibkar\u0131n obyekti i\u015f\u0131qs\u0131z qal\u0131b\" class=\"read-more button\" href=\"https:\/\/www.meydan.tv\/az\/article\/sekide-15-sahibkarin-obyekti-isiqsiz-qalib\/#more-226268\" aria-label=\"Read more about \u015e\u0259kid\u0259 15 sahibkar\u0131n obyekti i\u015f\u0131qs\u0131z qal\u0131b\">Davam\u0131<\/a><\/p>\n","protected":false},"author":8,"featured_media":226261,"comment_status":"closed","ping_status":"closed","sticky":false,"template":"","format":"standard","meta":{"_acf_changed":false,"_sitemap_exclude":false,"_sitemap_priority":"","_sitemap_frequency":"","footnotes":""},"categories":[60,79,56],"tags":[],"class_list":["post-226268","post","type-post","status-publish","format-standard","has-post-thumbnail","hentry","category-bolge","category-featured","category-xeberler","infinite-scroll-item","generate-columns","tablet-grid-50","mobile-grid-100","grid-parent","grid-33","no-featured-image-padding"],"acf":[],"yoast_head":"<!-- This site is optimized with the Yoast SEO plugin v27.5 - https:\/\/yoast.com\/product\/yoast-seo-wordpress\/ -->\n<title>\u015e\u0259kid\u0259 15 sahibkar\u0131n obyekti i\u015f\u0131qs\u0131z qal\u0131b - MEYDAN.TV<\/title>\n<meta name=\"robots\" content=\"index, follow, max-snippet:-1, max-image-preview:large, max-video-preview:-1\" \/>\n<link rel=\"canonical\" href=\"https:\/\/www.meydan.tv\/az\/article\/sekide-15-sahibkarin-obyekti-isiqsiz-qalib\/\" \/>\n<meta property=\"og:locale\" content=\"az_AZ\" \/>\n<meta property=\"og:type\" content=\"article\" \/>\n<meta property=\"og:title\" content=\"\u015e\u0259kid\u0259 15 sahibkar\u0131n obyekti i\u015f\u0131qs\u0131z qal\u0131b - MEYDAN.TV\" \/>\n<meta property=\"og:description\" content=\"\u015e\u0259ki Regional Elektrik \u015e\u0259b\u0259k\u0259si obyektl\u0259rd\u0259n transformator almas\u0131n\u0131 t\u0259l\u0259b edir \u201cSahibkar ... Davam\u0131\" \/>\n<meta property=\"og:url\" content=\"https:\/\/www.meydan.tv\/az\/article\/sekide-15-sahibkarin-obyekti-isiqsiz-qalib\/\" \/>\n<meta property=\"og:site_name\" content=\"MEYDAN.TV\" \/>\n<meta property=\"article:published_time\" content=\"2021-11-16T13:24:27+00:00\" \/>\n<meta property=\"article:modified_time\" content=\"2021-11-16T13:24:28+00:00\" \/>\n<meta property=\"og:image\" content=\"https:\/\/www.meydan.tv\/wp-content\/uploads\/untitled-design-8.gif\" \/>\n\t<meta property=\"og:image:width\" content=\"1200\" \/>\n\t<meta property=\"og:image:height\" content=\"800\" \/>\n\t<meta property=\"og:image:type\" content=\"image\/gif\" \/>\n<meta name=\"author\" content=\"elli\" \/>\n<meta name=\"twitter:card\" content=\"summary_large_image\" \/>\n<meta name=\"twitter:creator\" content=\"@elli\" \/>\n<script type=\"application\/ld+json\" class=\"yoast-schema-graph\">{\"@context\":\"https:\\\/\\\/schema.org\",\"@graph\":[{\"@type\":\"Article\",\"@id\":\"https:\\\/\\\/www.meydan.tv\\\/az\\\/article\\\/sekide-15-sahibkarin-obyekti-isiqsiz-qalib\\\/#article\",\"isPartOf\":{\"@id\":\"https:\\\/\\\/www.meydan.tv\\\/az\\\/article\\\/sekide-15-sahibkarin-obyekti-isiqsiz-qalib\\\/\"},\"author\":{\"name\":\"elli\",\"@id\":\"https:\\\/\\\/www.meydan.tv\\\/az\\\/#\\\/schema\\\/person\\\/9cdbecf90d17180ce1dfbd95b08dcf47\"},\"headline\":\"\u015e\u0259kid\u0259 15 sahibkar\u0131n obyekti i\u015f\u0131qs\u0131z qal\u0131b\",\"datePublished\":\"2021-11-16T13:24:27+00:00\",\"dateModified\":\"2021-11-16T13:24:28+00:00\",\"mainEntityOfPage\":{\"@id\":\"https:\\\/\\\/www.meydan.tv\\\/az\\\/article\\\/sekide-15-sahibkarin-obyekti-isiqsiz-qalib\\\/\"},\"wordCount\":863,\"publisher\":{\"@id\":\"https:\\\/\\\/www.meydan.tv\\\/az\\\/#organization\"},\"image\":{\"@id\":\"https:\\\/\\\/www.meydan.tv\\\/az\\\/article\\\/sekide-15-sahibkarin-obyekti-isiqsiz-qalib\\\/#primaryimage\"},\"thumbnailUrl\":\"https:\\\/\\\/www.meydan.tv\\\/wp-content\\\/uploads\\\/untitled-design-8.gif\",\"articleSection\":[\"B\u00f6lg\u0259\",\"T\u00f6vsiy\u0259\",\"X\u0259b\u0259rl\u0259r\"],\"inLanguage\":\"az\"},{\"@type\":\"WebPage\",\"@id\":\"https:\\\/\\\/www.meydan.tv\\\/az\\\/article\\\/sekide-15-sahibkarin-obyekti-isiqsiz-qalib\\\/\",\"url\":\"https:\\\/\\\/www.meydan.tv\\\/az\\\/article\\\/sekide-15-sahibkarin-obyekti-isiqsiz-qalib\\\/\",\"name\":\"\u015e\u0259kid\u0259 15 sahibkar\u0131n obyekti i\u015f\u0131qs\u0131z qal\u0131b - MEYDAN.TV\",\"isPartOf\":{\"@id\":\"https:\\\/\\\/www.meydan.tv\\\/az\\\/#website\"},\"primaryImageOfPage\":{\"@id\":\"https:\\\/\\\/www.meydan.tv\\\/az\\\/article\\\/sekide-15-sahibkarin-obyekti-isiqsiz-qalib\\\/#primaryimage\"},\"image\":{\"@id\":\"https:\\\/\\\/www.meydan.tv\\\/az\\\/article\\\/sekide-15-sahibkarin-obyekti-isiqsiz-qalib\\\/#primaryimage\"},\"thumbnailUrl\":\"https:\\\/\\\/www.meydan.tv\\\/wp-content\\\/uploads\\\/untitled-design-8.gif\",\"datePublished\":\"2021-11-16T13:24:27+00:00\",\"dateModified\":\"2021-11-16T13:24:28+00:00\",\"breadcrumb\":{\"@id\":\"https:\\\/\\\/www.meydan.tv\\\/az\\\/article\\\/sekide-15-sahibkarin-obyekti-isiqsiz-qalib\\\/#breadcrumb\"},\"inLanguage\":\"az\",\"potentialAction\":[{\"@type\":\"ReadAction\",\"target\":[\"https:\\\/\\\/www.meydan.tv\\\/az\\\/article\\\/sekide-15-sahibkarin-obyekti-isiqsiz-qalib\\\/\"]}]},{\"@type\":\"ImageObject\",\"inLanguage\":\"az\",\"@id\":\"https:\\\/\\\/www.meydan.tv\\\/az\\\/article\\\/sekide-15-sahibkarin-obyekti-isiqsiz-qalib\\\/#primaryimage\",\"url\":\"https:\\\/\\\/www.meydan.tv\\\/wp-content\\\/uploads\\\/untitled-design-8.gif\",\"contentUrl\":\"https:\\\/\\\/www.meydan.tv\\\/wp-content\\\/uploads\\\/untitled-design-8.gif\",\"width\":1200,\"height\":800,\"caption\":\"\u015e\u0259ki, Foto: Meydan TV\"},{\"@type\":\"BreadcrumbList\",\"@id\":\"https:\\\/\\\/www.meydan.tv\\\/az\\\/article\\\/sekide-15-sahibkarin-obyekti-isiqsiz-qalib\\\/#breadcrumb\",\"itemListElement\":[{\"@type\":\"ListItem\",\"position\":1,\"name\":\"Ana s\u0259hif\u0259\",\"item\":\"https:\\\/\\\/www.meydan.tv\\\/az\\\/\"},{\"@type\":\"ListItem\",\"position\":2,\"name\":\"B\u00f6lg\u0259\",\"item\":\"https:\\\/\\\/www.meydan.tv\\\/az\\\/section\\\/bolge\\\/\"},{\"@type\":\"ListItem\",\"position\":3,\"name\":\"\u015e\u0259kid\u0259 15 sahibkar\u0131n obyekti i\u015f\u0131qs\u0131z qal\u0131b\"}]},{\"@type\":\"WebSite\",\"@id\":\"https:\\\/\\\/www.meydan.tv\\\/az\\\/#website\",\"url\":\"https:\\\/\\\/www.meydan.tv\\\/az\\\/\",\"name\":\"MEYDAN.TV\",\"description\":\"Meydan TV Az\u0259rbaycan\u0131n media m\u0259kan\u0131ndak\u0131 alternativ s\u0259sidir\",\"publisher\":{\"@id\":\"https:\\\/\\\/www.meydan.tv\\\/az\\\/#organization\"},\"potentialAction\":[{\"@type\":\"SearchAction\",\"target\":{\"@type\":\"EntryPoint\",\"urlTemplate\":\"https:\\\/\\\/www.meydan.tv\\\/az\\\/?s={search_term_string}\"},\"query-input\":{\"@type\":\"PropertyValueSpecification\",\"valueRequired\":true,\"valueName\":\"search_term_string\"}}],\"inLanguage\":\"az\"},{\"@type\":\"Organization\",\"@id\":\"https:\\\/\\\/www.meydan.tv\\\/az\\\/#organization\",\"name\":\"Meydan TV\",\"url\":\"https:\\\/\\\/www.meydan.tv\\\/az\\\/\",\"logo\":{\"@type\":\"ImageObject\",\"inLanguage\":\"az\",\"@id\":\"https:\\\/\\\/www.meydan.tv\\\/az\\\/#\\\/schema\\\/logo\\\/image\\\/\",\"url\":\"https:\\\/\\\/www.meydan.tv\\\/wp-content\\\/uploads\\\/2021\\\/07\\\/meydan-logo.svg\",\"contentUrl\":\"https:\\\/\\\/www.meydan.tv\\\/wp-content\\\/uploads\\\/2021\\\/07\\\/meydan-logo.svg\",\"width\":195,\"height\":46,\"caption\":\"Meydan TV\"},\"image\":{\"@id\":\"https:\\\/\\\/www.meydan.tv\\\/az\\\/#\\\/schema\\\/logo\\\/image\\\/\"}},{\"@type\":\"Person\",\"@id\":\"https:\\\/\\\/www.meydan.tv\\\/az\\\/#\\\/schema\\\/person\\\/9cdbecf90d17180ce1dfbd95b08dcf47\",\"name\":\"elli\",\"sameAs\":[\"https:\\\/\\\/x.com\\\/elli\"]}]}<\/script>\n<!-- \/ Yoast SEO plugin. -->","yoast_head_json":{"title":"\u015e\u0259kid\u0259 15 sahibkar\u0131n obyekti i\u015f\u0131qs\u0131z qal\u0131b - MEYDAN.TV","robots":{"index":"index","follow":"follow","max-snippet":"max-snippet:-1","max-image-preview":"max-image-preview:large","max-video-preview":"max-video-preview:-1"},"canonical":"https:\/\/www.meydan.tv\/az\/article\/sekide-15-sahibkarin-obyekti-isiqsiz-qalib\/","og_locale":"az_AZ","og_type":"article","og_title":"\u015e\u0259kid\u0259 15 sahibkar\u0131n obyekti i\u015f\u0131qs\u0131z qal\u0131b - MEYDAN.TV","og_description":"\u015e\u0259ki Regional Elektrik \u015e\u0259b\u0259k\u0259si obyektl\u0259rd\u0259n transformator almas\u0131n\u0131 t\u0259l\u0259b edir \u201cSahibkar ... Davam\u0131","og_url":"https:\/\/www.meydan.tv\/az\/article\/sekide-15-sahibkarin-obyekti-isiqsiz-qalib\/","og_site_name":"MEYDAN.TV","article_published_time":"2021-11-16T13:24:27+00:00","article_modified_time":"2021-11-16T13:24:28+00:00","og_image":[{"width":1200,"height":800,"url":"https:\/\/www.meydan.tv\/wp-content\/uploads\/untitled-design-8.gif","type":"image\/gif"}],"author":"elli","twitter_card":"summary_large_image","twitter_creator":"@elli","schema":{"@context":"https:\/\/schema.org","@graph":[{"@type":"Article","@id":"https:\/\/www.meydan.tv\/az\/article\/sekide-15-sahibkarin-obyekti-isiqsiz-qalib\/#article","isPartOf":{"@id":"https:\/\/www.meydan.tv\/az\/article\/sekide-15-sahibkarin-obyekti-isiqsiz-qalib\/"},"author":{"name":"elli","@id":"https:\/\/www.meydan.tv\/az\/#\/schema\/person\/9cdbecf90d17180ce1dfbd95b08dcf47"},"headline":"\u015e\u0259kid\u0259 15 sahibkar\u0131n obyekti i\u015f\u0131qs\u0131z qal\u0131b","datePublished":"2021-11-16T13:24:27+00:00","dateModified":"2021-11-16T13:24:28+00:00","mainEntityOfPage":{"@id":"https:\/\/www.meydan.tv\/az\/article\/sekide-15-sahibkarin-obyekti-isiqsiz-qalib\/"},"wordCount":863,"publisher":{"@id":"https:\/\/www.meydan.tv\/az\/#organization"},"image":{"@id":"https:\/\/www.meydan.tv\/az\/article\/sekide-15-sahibkarin-obyekti-isiqsiz-qalib\/#primaryimage"},"thumbnailUrl":"https:\/\/www.meydan.tv\/wp-content\/uploads\/untitled-design-8.gif","articleSection":["B\u00f6lg\u0259","T\u00f6vsiy\u0259","X\u0259b\u0259rl\u0259r"],"inLanguage":"az"},{"@type":"WebPage","@id":"https:\/\/www.meydan.tv\/az\/article\/sekide-15-sahibkarin-obyekti-isiqsiz-qalib\/","url":"https:\/\/www.meydan.tv\/az\/article\/sekide-15-sahibkarin-obyekti-isiqsiz-qalib\/","name":"\u015e\u0259kid\u0259 15 sahibkar\u0131n obyekti i\u015f\u0131qs\u0131z qal\u0131b - MEYDAN.TV","isPartOf":{"@id":"https:\/\/www.meydan.tv\/az\/#website"},"primaryImageOfPage":{"@id":"https:\/\/www.meydan.tv\/az\/article\/sekide-15-sahibkarin-obyekti-isiqsiz-qalib\/#primaryimage"},"image":{"@id":"https:\/\/www.meydan.tv\/az\/article\/sekide-15-sahibkarin-obyekti-isiqsiz-qalib\/#primaryimage"},"thumbnailUrl":"https:\/\/www.meydan.tv\/wp-content\/uploads\/untitled-design-8.gif","datePublished":"2021-11-16T13:24:27+00:00","dateModified":"2021-11-16T13:24:28+00:00","breadcrumb":{"@id":"https:\/\/www.meydan.tv\/az\/article\/sekide-15-sahibkarin-obyekti-isiqsiz-qalib\/#breadcrumb"},"inLanguage":"az","potentialAction":[{"@type":"ReadAction","target":["https:\/\/www.meydan.tv\/az\/article\/sekide-15-sahibkarin-obyekti-isiqsiz-qalib\/"]}]},{"@type":"ImageObject","inLanguage":"az","@id":"https:\/\/www.meydan.tv\/az\/article\/sekide-15-sahibkarin-obyekti-isiqsiz-qalib\/#primaryimage","url":"https:\/\/www.meydan.tv\/wp-content\/uploads\/untitled-design-8.gif","contentUrl":"https:\/\/www.meydan.tv\/wp-content\/uploads\/untitled-design-8.gif","width":1200,"height":800,"caption":"\u015e\u0259ki, Foto: Meydan TV"},{"@type":"BreadcrumbList","@id":"https:\/\/www.meydan.tv\/az\/article\/sekide-15-sahibkarin-obyekti-isiqsiz-qalib\/#breadcrumb","itemListElement":[{"@type":"ListItem","position":1,"name":"Ana s\u0259hif\u0259","item":"https:\/\/www.meydan.tv\/az\/"},{"@type":"ListItem","position":2,"name":"B\u00f6lg\u0259","item":"https:\/\/www.meydan.tv\/az\/section\/bolge\/"},{"@type":"ListItem","position":3,"name":"\u015e\u0259kid\u0259 15 sahibkar\u0131n obyekti i\u015f\u0131qs\u0131z qal\u0131b"}]},{"@type":"WebSite","@id":"https:\/\/www.meydan.tv\/az\/#website","url":"https:\/\/www.meydan.tv\/az\/","name":"MEYDAN.TV","description":"Meydan TV Az\u0259rbaycan\u0131n media m\u0259kan\u0131ndak\u0131 alternativ s\u0259sidir","publisher":{"@id":"https:\/\/www.meydan.tv\/az\/#organization"},"potentialAction":[{"@type":"SearchAction","target":{"@type":"EntryPoint","urlTemplate":"https:\/\/www.meydan.tv\/az\/?s={search_term_string}"},"query-input":{"@type":"PropertyValueSpecification","valueRequired":true,"valueName":"search_term_string"}}],"inLanguage":"az"},{"@type":"Organization","@id":"https:\/\/www.meydan.tv\/az\/#organization","name":"Meydan TV","url":"https:\/\/www.meydan.tv\/az\/","logo":{"@type":"ImageObject","inLanguage":"az","@id":"https:\/\/www.meydan.tv\/az\/#\/schema\/logo\/image\/","url":"https:\/\/www.meydan.tv\/wp-content\/uploads\/2021\/07\/meydan-logo.svg","contentUrl":"https:\/\/www.meydan.tv\/wp-content\/uploads\/2021\/07\/meydan-logo.svg","width":195,"height":46,"caption":"Meydan TV"},"image":{"@id":"https:\/\/www.meydan.tv\/az\/#\/schema\/logo\/image\/"}},{"@type":"Person","@id":"https:\/\/www.meydan.tv\/az\/#\/schema\/person\/9cdbecf90d17180ce1dfbd95b08dcf47","name":"elli","sameAs":["https:\/\/x.com\/elli"]}]}},"_links":{"self":[{"href":"https:\/\/www.meydan.tv\/az\/wp-json\/wp\/v2\/posts\/226268","targetHints":{"allow":["GET"]}}],"collection":[{"href":"https:\/\/www.meydan.tv\/az\/wp-json\/wp\/v2\/posts"}],"about":[{"href":"https:\/\/www.meydan.tv\/az\/wp-json\/wp\/v2\/types\/post"}],"author":[{"embeddable":true,"href":"https:\/\/www.meydan.tv\/az\/wp-json\/wp\/v2\/users\/8"}],"replies":[{"embeddable":true,"href":"https:\/\/www.meydan.tv\/az\/wp-json\/wp\/v2\/comments?post=226268"}],"version-history":[{"count":1,"href":"https:\/\/www.meydan.tv\/az\/wp-json\/wp\/v2\/posts\/226268\/revisions"}],"predecessor-version":[{"id":226272,"href":"https:\/\/www.meydan.tv\/az\/wp-json\/wp\/v2\/posts\/226268\/revisions\/226272"}],"wp:featuredmedia":[{"embeddable":true,"href":"https:\/\/www.meydan.tv\/az\/wp-json\/wp\/v2\/media\/226261"}],"wp:attachment":[{"href":"https:\/\/www.meydan.tv\/az\/wp-json\/wp\/v2\/media?parent=226268"}],"wp:term":[{"taxonomy":"category","embeddable":true,"href":"https:\/\/www.meydan.tv\/az\/wp-json\/wp\/v2\/categories?post=226268"},{"taxonomy":"post_tag","embeddable":true,"href":"https:\/\/www.meydan.tv\/az\/wp-json\/wp\/v2\/tags?post=226268"}],"curies":[{"name":"wp","href":"https:\/\/api.w.org\/{rel}","templated":true}]}}