{"id":226237,"date":"2021-11-16T17:20:24","date_gmt":"2021-11-16T13:20:24","guid":{"rendered":"https:\/\/www.meydan.tv\/?p=226237"},"modified":"2021-11-16T17:20:25","modified_gmt":"2021-11-16T13:20:25","slug":"bakida-qisa-filmler-festivali-baslayir","status":"publish","type":"post","link":"https:\/\/www.meydan.tv\/az\/article\/bakida-qisa-filmler-festivali-baslayir\/","title":{"rendered":"Bak\u0131da q\u0131sa filml\u0259r festival\u0131 ba\u015flay\u0131r"},"content":{"rendered":"\n<p>Festivala 72 \u00f6lk\u0259d\u0259n 3217 q\u0131sa film g\u00f6nd\u0259rilib<br><\/p>\n\n\n\n<p>XII Bak\u0131 Beyn\u0259lxalq Q\u0131sa Filml\u0259r Festival\u0131 ba\u015flay\u0131r.<br><\/p>\n\n\n\n<p>Festival\u0131n t\u0259\u015fkilat komit\u0259sinin yayd\u0131\u011f\u0131 press-relizd\u0259 bildirilir ki, a\u00e7\u0131l\u0131\u015f m\u0259rasimi noyabr\u0131n 19-da Nizami Kino M\u0259rk\u0259zind\u0259 olacaq.<br><\/p>\n\n\n\n<p>Noyabr\u0131n 23-d\u0259k davam ed\u0259c\u0259k festivala 72 \u00f6lk\u0259d\u0259n 3217 q\u0131sa film g\u00f6nd\u0259rilib.<br><\/p>\n\n\n\n<p>Bunlardan 82 film yerli m\u00fcsabiq\u0259y\u0259 t\u0259qdim edilib.<br><\/p>\n\n\n\n<p>Se\u00e7im Komissiyas\u0131n\u0131n q\u0259rar\u0131na \u0259sas\u0259n, 18 \u00f6lk\u0259ni (\u0130spaniya, B\u00f6y\u00fck Britaniya, \u0130taliya, T\u00fcrkiy\u0259, Bel\u00e7ika, \u0130ran, Rusiya, Portuqaliya v\u0259 dig\u0259rl\u0259ri) t\u0259msil ed\u0259n 30 film festival\u0131n beyn\u0259lxalq, 26 film is\u0259 yerli m\u00fcsabiq\u0259sind\u0259 i\u015ftirak h\u00fcququ qazan\u0131b.<br><\/p>\n\n\n\n<p>Beyn\u0259lxalq m\u00fcsabiq\u0259d\u0259 yar\u0131\u015fan filml\u0259ri publisist, yaz\u0131\u00e7\u0131, bir \u00e7ox b\u0259dii, s\u0259n\u0259dli filml\u0259rin ssenari m\u00fc\u0259llifi Orxan Fikr\u0259to\u011flu, Avropa Kino Akademiyas\u0131n\u0131n, Ukraynan\u0131n \u201cOskar\u201d Komit\u0259sinin \u00fczv\u00fc, ukraynal\u0131 kinoprod\u00fcser Yuliya Sinkevi\u00e7, Belqrad Film Festival\u0131n\u0131n t\u0259sis\u00e7il\u0259rind\u0259n biri, m\u00fcxt\u0259lif festivallarda m\u00fckafat alan onlarla filmin prod\u00fcseri serbiyal\u0131 prod\u00fcser Miroslav Maqorovi\u00e7, beyn\u0259lxalq film festivallar\u0131n\u0131n qalibi t\u00fcrkiy\u0259li rejissor, ssenarist Erdem Tepeg\u00f6z qiym\u0259tl\u0259ndir\u0259c\u0259k.<br><\/p>\n\n\n\n<p>Yerli m\u00fcsabiq\u0259nin m\u00fcnsifl\u0259r hey\u0259tinin \u00fczvl\u0259ri t\u0259rc\u00fcm\u0259\u00e7i, \u015fair S\u0259lim Babullao\u011flu, Xalq artisti, aktrisa Mehriban Z\u0259ki, kinorejissor Elm\u0259ddin Al\u0131yevdir.<br><\/p>\n\n\n\n<p>Bu il festival ilk d\u0259f\u0259 olaraq \u201cAz\u0259rbaycan kinosunda xidm\u0259tl\u0259rin\u0259 g\u00f6r\u0259\u201d Q\u0131z\u0131l Nar m\u00fckafat\u0131n\u0131 t\u0259qdim ed\u0259c\u0259k.<br><\/p>\n\n\n\n<p>M\u00fckafat h\u0259r il xidm\u0259tl\u0259ri il\u0259 se\u00e7il\u0259n inc\u0259s\u0259n\u0259t xadiml\u0259rin\u0259 veril\u0259c\u0259k. Builki yenilikl\u0259rd\u0259n biri festival\u0131n \u0259sas m\u00fckafat\u0131 olan \u201cQ\u0131z\u0131l Nar\u201d heyk\u0259lciyinin g\u0259nc heyk\u0259lt\u0259ra\u015flar t\u0259r\u0259find\u0259n yeni dizaynda t\u0259qdim olunmas\u0131d\u0131r.<br><\/p>\n\n\n\n<p>Bundan ba\u015fqa, yerli m\u00fcsabiq\u0259d\u0259 \u201c\u018fn yax\u015f\u0131 b\u0259dii film\u201d, \u201c\u018fn yax\u015f\u0131 s\u0259n\u0259dli film\u201d, \u201c\u018fn yax\u015f\u0131 animasiya filmi\u201d, \u201c\u018fn yax\u015f\u0131 sosial \u00e7arx\u201d nominasiyalar\u0131 \u00fczr\u0259 qalibl\u0259r\u0259 pul m\u00fckafat\u0131 veril\u0259c\u0259k. Yerli m\u00fcsabiq\u0259sinin \u00fcmumi m\u00fckafat fondu 5 000 manatd\u0131r.<br><\/p>\n\n\n\n<figure class=\"wp-block-image size-full\"><img decoding=\"async\" width=\"1200\" height=\"800\" data-src=\"https:\/\/www.meydan.tv\/wp-content\/uploads\/untitled-design-5.gif\" alt=\"\" class=\"wp-image-226222 lazyload\" src=\"data:image\/svg+xml;base64,PHN2ZyB3aWR0aD0iMSIgaGVpZ2h0PSIxIiB4bWxucz0iaHR0cDovL3d3dy53My5vcmcvMjAwMC9zdmciPjwvc3ZnPg==\" style=\"--smush-placeholder-width: 1200px; --smush-placeholder-aspect-ratio: 1200\/800;\" \/><figcaption>Foto: \u201cCINEMA\u201d G\u0259nc Kinematoqraf\u00e7\u0131lar M\u0259rk\u0259zi<\/figcaption><\/figure>\n\n\n\n<p>Festival\u0131n daha bir s\u00fcrprizi BAFTA namiz\u0259dl\u0259rinin x\u00fcsusi n\u00fcmayi\u015fi olacaq. British Council il\u0259 \u0259m\u0259kda\u015fl\u0131\u011f\u0131n n\u0259tic\u0259sind\u0259 \u0130ngilt\u0259r\u0259 Kino v\u0259 Televiziya S\u0259n\u0259tl\u0259ri Akademiyas\u0131 t\u0259r\u0259find\u0259n veril\u0259n m\u00fckafat u\u011frunda 2020-2021-ci ill\u0259rd\u0259 nominant v\u0259 qalib olmu\u015f d\u00f6rd film yerli tama\u015fa\u00e7\u0131lara t\u0259qdim olunacaq.<br><\/p>\n\n\n\n<p>Festivalda yer alan xarici v\u0259 yerli q\u0131sa filml\u0259r be\u015f g\u00fcn m\u00fcdd\u0259tind\u0259 saat 12:00-dan Nizami Kino M\u0259rk\u0259zind\u0259 n\u00fcmayi\u015f olunacaq.<br><\/p>\n\n\n\n<p>Qalibl\u0259rin m\u00fckafatland\u0131r\u0131lmas\u0131 m\u0259rasimi noyabr\u0131n 23-d\u0259 saat 19: 00-da Nizami Kino M\u0259rk\u0259zind\u0259 ke\u00e7iril\u0259c\u0259k.<br><\/p>\n\n\n\n<p>\u201cCINEMA\u201d G\u0259nc Kinematoqraf\u00e7\u0131lar M\u0259rk\u0259zinin t\u0259sis etdiyi festival Az\u0259rbaycan Respublikas\u0131 M\u0259d\u0259niyy\u0259t Nazirliyinin t\u0259\u015fkilati d\u0259st\u0259yi il\u0259 ke\u00e7irilir.<\/p>\n","protected":false},"excerpt":{"rendered":"<p>Festivala 72 \u00f6lk\u0259d\u0259n 3217 q\u0131sa film g\u00f6nd\u0259rilib XII Bak\u0131 Beyn\u0259lxalq &#8230; <\/p>\n<p class=\"read-more-container\"><a title=\"Bak\u0131da q\u0131sa filml\u0259r festival\u0131 ba\u015flay\u0131r\" class=\"read-more button\" href=\"https:\/\/www.meydan.tv\/az\/article\/bakida-qisa-filmler-festivali-baslayir\/#more-226237\" aria-label=\"Read more about Bak\u0131da q\u0131sa filml\u0259r festival\u0131 ba\u015flay\u0131r\">Davam\u0131<\/a><\/p>\n","protected":false},"author":8,"featured_media":226225,"comment_status":"closed","ping_status":"closed","sticky":false,"template":"","format":"standard","meta":{"_acf_changed":false,"_sitemap_exclude":false,"_sitemap_priority":"","_sitemap_frequency":"","footnotes":""},"categories":[52,56],"tags":[],"class_list":["post-226237","post","type-post","status-publish","format-standard","has-post-thumbnail","hentry","category-medeniyyet","category-xeberler","infinite-scroll-item","generate-columns","tablet-grid-50","mobile-grid-100","grid-parent","grid-33","no-featured-image-padding"],"acf":[],"yoast_head":"<!-- This site is optimized with the Yoast SEO plugin v27.4 - https:\/\/yoast.com\/product\/yoast-seo-wordpress\/ -->\n<title>Bak\u0131da q\u0131sa filml\u0259r festival\u0131 ba\u015flay\u0131r - MEYDAN.TV<\/title>\n<meta name=\"robots\" content=\"index, follow, max-snippet:-1, max-image-preview:large, max-video-preview:-1\" \/>\n<link rel=\"canonical\" href=\"https:\/\/www.meydan.tv\/az\/article\/bakida-qisa-filmler-festivali-baslayir\/\" \/>\n<meta property=\"og:locale\" content=\"az_AZ\" \/>\n<meta property=\"og:type\" content=\"article\" \/>\n<meta property=\"og:title\" content=\"Bak\u0131da q\u0131sa filml\u0259r festival\u0131 ba\u015flay\u0131r - MEYDAN.TV\" \/>\n<meta property=\"og:description\" content=\"Festivala 72 \u00f6lk\u0259d\u0259n 3217 q\u0131sa film g\u00f6nd\u0259rilib XII Bak\u0131 Beyn\u0259lxalq ... Davam\u0131\" \/>\n<meta property=\"og:url\" content=\"https:\/\/www.meydan.tv\/az\/article\/bakida-qisa-filmler-festivali-baslayir\/\" \/>\n<meta property=\"og:site_name\" content=\"MEYDAN.TV\" \/>\n<meta property=\"article:published_time\" content=\"2021-11-16T13:20:24+00:00\" \/>\n<meta property=\"article:modified_time\" content=\"2021-11-16T13:20:25+00:00\" \/>\n<meta property=\"og:image\" content=\"https:\/\/www.meydan.tv\/wp-content\/uploads\/untitled-design-6.gif\" \/>\n\t<meta property=\"og:image:width\" content=\"1200\" \/>\n\t<meta property=\"og:image:height\" content=\"800\" \/>\n\t<meta property=\"og:image:type\" content=\"image\/gif\" \/>\n<meta name=\"author\" content=\"elli\" \/>\n<meta name=\"twitter:card\" content=\"summary_large_image\" \/>\n<meta name=\"twitter:creator\" content=\"@elli\" \/>\n<script type=\"application\/ld+json\" class=\"yoast-schema-graph\">{\"@context\":\"https:\\\/\\\/schema.org\",\"@graph\":[{\"@type\":\"Article\",\"@id\":\"https:\\\/\\\/www.meydan.tv\\\/az\\\/article\\\/bakida-qisa-filmler-festivali-baslayir\\\/#article\",\"isPartOf\":{\"@id\":\"https:\\\/\\\/www.meydan.tv\\\/az\\\/article\\\/bakida-qisa-filmler-festivali-baslayir\\\/\"},\"author\":{\"name\":\"elli\",\"@id\":\"https:\\\/\\\/www.meydan.tv\\\/az\\\/#\\\/schema\\\/person\\\/9cdbecf90d17180ce1dfbd95b08dcf47\"},\"headline\":\"Bak\u0131da q\u0131sa filml\u0259r festival\u0131 ba\u015flay\u0131r\",\"datePublished\":\"2021-11-16T13:20:24+00:00\",\"dateModified\":\"2021-11-16T13:20:25+00:00\",\"mainEntityOfPage\":{\"@id\":\"https:\\\/\\\/www.meydan.tv\\\/az\\\/article\\\/bakida-qisa-filmler-festivali-baslayir\\\/\"},\"wordCount\":530,\"publisher\":{\"@id\":\"https:\\\/\\\/www.meydan.tv\\\/az\\\/#organization\"},\"image\":{\"@id\":\"https:\\\/\\\/www.meydan.tv\\\/az\\\/article\\\/bakida-qisa-filmler-festivali-baslayir\\\/#primaryimage\"},\"thumbnailUrl\":\"https:\\\/\\\/www.meydan.tv\\\/wp-content\\\/uploads\\\/untitled-design-6.gif\",\"articleSection\":[\"M\u0259d\u0259niyy\u0259t\",\"X\u0259b\u0259rl\u0259r\"],\"inLanguage\":\"az\"},{\"@type\":\"WebPage\",\"@id\":\"https:\\\/\\\/www.meydan.tv\\\/az\\\/article\\\/bakida-qisa-filmler-festivali-baslayir\\\/\",\"url\":\"https:\\\/\\\/www.meydan.tv\\\/az\\\/article\\\/bakida-qisa-filmler-festivali-baslayir\\\/\",\"name\":\"Bak\u0131da q\u0131sa filml\u0259r festival\u0131 ba\u015flay\u0131r - MEYDAN.TV\",\"isPartOf\":{\"@id\":\"https:\\\/\\\/www.meydan.tv\\\/az\\\/#website\"},\"primaryImageOfPage\":{\"@id\":\"https:\\\/\\\/www.meydan.tv\\\/az\\\/article\\\/bakida-qisa-filmler-festivali-baslayir\\\/#primaryimage\"},\"image\":{\"@id\":\"https:\\\/\\\/www.meydan.tv\\\/az\\\/article\\\/bakida-qisa-filmler-festivali-baslayir\\\/#primaryimage\"},\"thumbnailUrl\":\"https:\\\/\\\/www.meydan.tv\\\/wp-content\\\/uploads\\\/untitled-design-6.gif\",\"datePublished\":\"2021-11-16T13:20:24+00:00\",\"dateModified\":\"2021-11-16T13:20:25+00:00\",\"breadcrumb\":{\"@id\":\"https:\\\/\\\/www.meydan.tv\\\/az\\\/article\\\/bakida-qisa-filmler-festivali-baslayir\\\/#breadcrumb\"},\"inLanguage\":\"az\",\"potentialAction\":[{\"@type\":\"ReadAction\",\"target\":[\"https:\\\/\\\/www.meydan.tv\\\/az\\\/article\\\/bakida-qisa-filmler-festivali-baslayir\\\/\"]}]},{\"@type\":\"ImageObject\",\"inLanguage\":\"az\",\"@id\":\"https:\\\/\\\/www.meydan.tv\\\/az\\\/article\\\/bakida-qisa-filmler-festivali-baslayir\\\/#primaryimage\",\"url\":\"https:\\\/\\\/www.meydan.tv\\\/wp-content\\\/uploads\\\/untitled-design-6.gif\",\"contentUrl\":\"https:\\\/\\\/www.meydan.tv\\\/wp-content\\\/uploads\\\/untitled-design-6.gif\",\"width\":1200,\"height\":800,\"caption\":\"Foto: \u201cCINEMA\u201d G\u0259nc Kinematoqraf\u00e7\u0131lar M\u0259rk\u0259zi\"},{\"@type\":\"BreadcrumbList\",\"@id\":\"https:\\\/\\\/www.meydan.tv\\\/az\\\/article\\\/bakida-qisa-filmler-festivali-baslayir\\\/#breadcrumb\",\"itemListElement\":[{\"@type\":\"ListItem\",\"position\":1,\"name\":\"Ana s\u0259hif\u0259\",\"item\":\"https:\\\/\\\/www.meydan.tv\\\/az\\\/\"},{\"@type\":\"ListItem\",\"position\":2,\"name\":\"M\u0259d\u0259niyy\u0259t\",\"item\":\"https:\\\/\\\/www.meydan.tv\\\/az\\\/section\\\/medeniyyet\\\/\"},{\"@type\":\"ListItem\",\"position\":3,\"name\":\"Bak\u0131da q\u0131sa filml\u0259r festival\u0131 ba\u015flay\u0131r\"}]},{\"@type\":\"WebSite\",\"@id\":\"https:\\\/\\\/www.meydan.tv\\\/az\\\/#website\",\"url\":\"https:\\\/\\\/www.meydan.tv\\\/az\\\/\",\"name\":\"MEYDAN.TV\",\"description\":\"Meydan TV Az\u0259rbaycan\u0131n media m\u0259kan\u0131ndak\u0131 alternativ s\u0259sidir\",\"publisher\":{\"@id\":\"https:\\\/\\\/www.meydan.tv\\\/az\\\/#organization\"},\"potentialAction\":[{\"@type\":\"SearchAction\",\"target\":{\"@type\":\"EntryPoint\",\"urlTemplate\":\"https:\\\/\\\/www.meydan.tv\\\/az\\\/?s={search_term_string}\"},\"query-input\":{\"@type\":\"PropertyValueSpecification\",\"valueRequired\":true,\"valueName\":\"search_term_string\"}}],\"inLanguage\":\"az\"},{\"@type\":\"Organization\",\"@id\":\"https:\\\/\\\/www.meydan.tv\\\/az\\\/#organization\",\"name\":\"Meydan TV\",\"url\":\"https:\\\/\\\/www.meydan.tv\\\/az\\\/\",\"logo\":{\"@type\":\"ImageObject\",\"inLanguage\":\"az\",\"@id\":\"https:\\\/\\\/www.meydan.tv\\\/az\\\/#\\\/schema\\\/logo\\\/image\\\/\",\"url\":\"https:\\\/\\\/www.meydan.tv\\\/wp-content\\\/uploads\\\/2021\\\/07\\\/meydan-logo.svg\",\"contentUrl\":\"https:\\\/\\\/www.meydan.tv\\\/wp-content\\\/uploads\\\/2021\\\/07\\\/meydan-logo.svg\",\"width\":195,\"height\":46,\"caption\":\"Meydan TV\"},\"image\":{\"@id\":\"https:\\\/\\\/www.meydan.tv\\\/az\\\/#\\\/schema\\\/logo\\\/image\\\/\"}},{\"@type\":\"Person\",\"@id\":\"https:\\\/\\\/www.meydan.tv\\\/az\\\/#\\\/schema\\\/person\\\/9cdbecf90d17180ce1dfbd95b08dcf47\",\"name\":\"elli\",\"sameAs\":[\"https:\\\/\\\/x.com\\\/elli\"]}]}<\/script>\n<!-- \/ Yoast SEO plugin. -->","yoast_head_json":{"title":"Bak\u0131da q\u0131sa filml\u0259r festival\u0131 ba\u015flay\u0131r - MEYDAN.TV","robots":{"index":"index","follow":"follow","max-snippet":"max-snippet:-1","max-image-preview":"max-image-preview:large","max-video-preview":"max-video-preview:-1"},"canonical":"https:\/\/www.meydan.tv\/az\/article\/bakida-qisa-filmler-festivali-baslayir\/","og_locale":"az_AZ","og_type":"article","og_title":"Bak\u0131da q\u0131sa filml\u0259r festival\u0131 ba\u015flay\u0131r - MEYDAN.TV","og_description":"Festivala 72 \u00f6lk\u0259d\u0259n 3217 q\u0131sa film g\u00f6nd\u0259rilib XII Bak\u0131 Beyn\u0259lxalq ... Davam\u0131","og_url":"https:\/\/www.meydan.tv\/az\/article\/bakida-qisa-filmler-festivali-baslayir\/","og_site_name":"MEYDAN.TV","article_published_time":"2021-11-16T13:20:24+00:00","article_modified_time":"2021-11-16T13:20:25+00:00","og_image":[{"width":1200,"height":800,"url":"https:\/\/www.meydan.tv\/wp-content\/uploads\/untitled-design-6.gif","type":"image\/gif"}],"author":"elli","twitter_card":"summary_large_image","twitter_creator":"@elli","schema":{"@context":"https:\/\/schema.org","@graph":[{"@type":"Article","@id":"https:\/\/www.meydan.tv\/az\/article\/bakida-qisa-filmler-festivali-baslayir\/#article","isPartOf":{"@id":"https:\/\/www.meydan.tv\/az\/article\/bakida-qisa-filmler-festivali-baslayir\/"},"author":{"name":"elli","@id":"https:\/\/www.meydan.tv\/az\/#\/schema\/person\/9cdbecf90d17180ce1dfbd95b08dcf47"},"headline":"Bak\u0131da q\u0131sa filml\u0259r festival\u0131 ba\u015flay\u0131r","datePublished":"2021-11-16T13:20:24+00:00","dateModified":"2021-11-16T13:20:25+00:00","mainEntityOfPage":{"@id":"https:\/\/www.meydan.tv\/az\/article\/bakida-qisa-filmler-festivali-baslayir\/"},"wordCount":530,"publisher":{"@id":"https:\/\/www.meydan.tv\/az\/#organization"},"image":{"@id":"https:\/\/www.meydan.tv\/az\/article\/bakida-qisa-filmler-festivali-baslayir\/#primaryimage"},"thumbnailUrl":"https:\/\/www.meydan.tv\/wp-content\/uploads\/untitled-design-6.gif","articleSection":["M\u0259d\u0259niyy\u0259t","X\u0259b\u0259rl\u0259r"],"inLanguage":"az"},{"@type":"WebPage","@id":"https:\/\/www.meydan.tv\/az\/article\/bakida-qisa-filmler-festivali-baslayir\/","url":"https:\/\/www.meydan.tv\/az\/article\/bakida-qisa-filmler-festivali-baslayir\/","name":"Bak\u0131da q\u0131sa filml\u0259r festival\u0131 ba\u015flay\u0131r - MEYDAN.TV","isPartOf":{"@id":"https:\/\/www.meydan.tv\/az\/#website"},"primaryImageOfPage":{"@id":"https:\/\/www.meydan.tv\/az\/article\/bakida-qisa-filmler-festivali-baslayir\/#primaryimage"},"image":{"@id":"https:\/\/www.meydan.tv\/az\/article\/bakida-qisa-filmler-festivali-baslayir\/#primaryimage"},"thumbnailUrl":"https:\/\/www.meydan.tv\/wp-content\/uploads\/untitled-design-6.gif","datePublished":"2021-11-16T13:20:24+00:00","dateModified":"2021-11-16T13:20:25+00:00","breadcrumb":{"@id":"https:\/\/www.meydan.tv\/az\/article\/bakida-qisa-filmler-festivali-baslayir\/#breadcrumb"},"inLanguage":"az","potentialAction":[{"@type":"ReadAction","target":["https:\/\/www.meydan.tv\/az\/article\/bakida-qisa-filmler-festivali-baslayir\/"]}]},{"@type":"ImageObject","inLanguage":"az","@id":"https:\/\/www.meydan.tv\/az\/article\/bakida-qisa-filmler-festivali-baslayir\/#primaryimage","url":"https:\/\/www.meydan.tv\/wp-content\/uploads\/untitled-design-6.gif","contentUrl":"https:\/\/www.meydan.tv\/wp-content\/uploads\/untitled-design-6.gif","width":1200,"height":800,"caption":"Foto: \u201cCINEMA\u201d G\u0259nc Kinematoqraf\u00e7\u0131lar M\u0259rk\u0259zi"},{"@type":"BreadcrumbList","@id":"https:\/\/www.meydan.tv\/az\/article\/bakida-qisa-filmler-festivali-baslayir\/#breadcrumb","itemListElement":[{"@type":"ListItem","position":1,"name":"Ana s\u0259hif\u0259","item":"https:\/\/www.meydan.tv\/az\/"},{"@type":"ListItem","position":2,"name":"M\u0259d\u0259niyy\u0259t","item":"https:\/\/www.meydan.tv\/az\/section\/medeniyyet\/"},{"@type":"ListItem","position":3,"name":"Bak\u0131da q\u0131sa filml\u0259r festival\u0131 ba\u015flay\u0131r"}]},{"@type":"WebSite","@id":"https:\/\/www.meydan.tv\/az\/#website","url":"https:\/\/www.meydan.tv\/az\/","name":"MEYDAN.TV","description":"Meydan TV Az\u0259rbaycan\u0131n media m\u0259kan\u0131ndak\u0131 alternativ s\u0259sidir","publisher":{"@id":"https:\/\/www.meydan.tv\/az\/#organization"},"potentialAction":[{"@type":"SearchAction","target":{"@type":"EntryPoint","urlTemplate":"https:\/\/www.meydan.tv\/az\/?s={search_term_string}"},"query-input":{"@type":"PropertyValueSpecification","valueRequired":true,"valueName":"search_term_string"}}],"inLanguage":"az"},{"@type":"Organization","@id":"https:\/\/www.meydan.tv\/az\/#organization","name":"Meydan TV","url":"https:\/\/www.meydan.tv\/az\/","logo":{"@type":"ImageObject","inLanguage":"az","@id":"https:\/\/www.meydan.tv\/az\/#\/schema\/logo\/image\/","url":"https:\/\/www.meydan.tv\/wp-content\/uploads\/2021\/07\/meydan-logo.svg","contentUrl":"https:\/\/www.meydan.tv\/wp-content\/uploads\/2021\/07\/meydan-logo.svg","width":195,"height":46,"caption":"Meydan TV"},"image":{"@id":"https:\/\/www.meydan.tv\/az\/#\/schema\/logo\/image\/"}},{"@type":"Person","@id":"https:\/\/www.meydan.tv\/az\/#\/schema\/person\/9cdbecf90d17180ce1dfbd95b08dcf47","name":"elli","sameAs":["https:\/\/x.com\/elli"]}]}},"_links":{"self":[{"href":"https:\/\/www.meydan.tv\/az\/wp-json\/wp\/v2\/posts\/226237","targetHints":{"allow":["GET"]}}],"collection":[{"href":"https:\/\/www.meydan.tv\/az\/wp-json\/wp\/v2\/posts"}],"about":[{"href":"https:\/\/www.meydan.tv\/az\/wp-json\/wp\/v2\/types\/post"}],"author":[{"embeddable":true,"href":"https:\/\/www.meydan.tv\/az\/wp-json\/wp\/v2\/users\/8"}],"replies":[{"embeddable":true,"href":"https:\/\/www.meydan.tv\/az\/wp-json\/wp\/v2\/comments?post=226237"}],"version-history":[{"count":1,"href":"https:\/\/www.meydan.tv\/az\/wp-json\/wp\/v2\/posts\/226237\/revisions"}],"predecessor-version":[{"id":226238,"href":"https:\/\/www.meydan.tv\/az\/wp-json\/wp\/v2\/posts\/226237\/revisions\/226238"}],"wp:featuredmedia":[{"embeddable":true,"href":"https:\/\/www.meydan.tv\/az\/wp-json\/wp\/v2\/media\/226225"}],"wp:attachment":[{"href":"https:\/\/www.meydan.tv\/az\/wp-json\/wp\/v2\/media?parent=226237"}],"wp:term":[{"taxonomy":"category","embeddable":true,"href":"https:\/\/www.meydan.tv\/az\/wp-json\/wp\/v2\/categories?post=226237"},{"taxonomy":"post_tag","embeddable":true,"href":"https:\/\/www.meydan.tv\/az\/wp-json\/wp\/v2\/tags?post=226237"}],"curies":[{"name":"wp","href":"https:\/\/api.w.org\/{rel}","templated":true}]}}