{"id":226214,"date":"2021-11-16T14:50:07","date_gmt":"2021-11-16T10:50:07","guid":{"rendered":"https:\/\/www.meydan.tv\/?p=226214"},"modified":"2021-11-16T14:50:08","modified_gmt":"2021-11-16T10:50:08","slug":"icra-hakimiyyetinde-adamim-olsaydi-usagima-bagcalarda-yer-tapardim","status":"publish","type":"post","link":"https:\/\/www.meydan.tv\/az\/article\/icra-hakimiyyetinde-adamim-olsaydi-usagima-bagcalarda-yer-tapardim\/","title":{"rendered":"\u201c\u0130cra hakimiyy\u0259tind\u0259 adam\u0131m olsayd\u0131, u\u015fa\u011f\u0131ma ba\u011f\u00e7alarda yer tapard\u0131m\u201d"},"content":{"rendered":"\n<p>Valideyn u\u015fa\u011f\u0131n\u0131 ba\u011f\u00e7alar\u0131n rus b\u00f6lm\u0259sin\u0259 yerl\u0259\u015fdir\u0259 bilmir<br><\/p>\n\n\n\n<p>\u201cU\u015fa\u011f\u0131m\u0131 \u00f6z\u0259l ba\u011f\u00e7aya qoyma\u011fa maddi imkan\u0131m yoxdur. D\u00f6vl\u0259t ba\u011f\u00e7alar\u0131nda da yer q\u0131tl\u0131\u011f\u0131n\u0131 b\u0259han\u0259 edirl\u0259r. Bak\u0131 \u015e\u0259h\u0259r \u0130cra Hakimiyy\u0259tind\u0259 adam\u0131m olsayd\u0131, onun \u0259li il\u0259 pulu verib, rahatl\u0131qla yer tapacaqd\u0131m\u201d.<br><\/p>\n\n\n\n<p>Bak\u0131 sakini Af\u0259t \u018flipa\u015fayeva Meydan TV-y\u0259 bel\u0259 deyir.<br><\/p>\n\n\n\n<p>Bildirir ki, d\u00f6rd ya\u015fl\u0131 q\u0131z\u0131na ba\u011f\u00e7a tapmaqda \u00e7\u0259tinlik \u00e7\u0259kir. Dediyin\u0259 g\u00f6r\u0259, ya\u015fad\u0131\u011f\u0131 \u0259raziy\u0259 yax\u0131n olan 181 sayl\u0131 u\u015faq ba\u011f\u00e7as\u0131na m\u00fcraci\u0259t ets\u0259 d\u0259, m\u00fcdriyy\u0259t u\u015fa\u011f\u0131 rus b\u00f6lm\u0259sin\u0259 yerl\u0259\u015fdirm\u0259kd\u0259n imtina edib:<br><\/p>\n\n\n\n<p>\u201c\u00d6z\u0259l ba\u011f\u00e7alar \u00e7ox bahad\u0131r, ayda 300 manat verm\u0259y\u0259 imkan\u0131m\u0131z \u00e7atm\u0131r. U\u015fa\u011f\u0131n iki ya\u015f\u0131 olanda d\u00f6vl\u0259t ba\u011f\u00e7alar\u0131ndan birinin m\u00fcdirin\u0259 300 manat verib ora yerl\u0259\u015fdirdim. Sonradan evi d\u0259yi\u015fdik, h\u0259min ba\u011f\u00e7a uzaq oldu\u011fu \u00fc\u00e7\u00fcn u\u015fa\u011f\u0131 yax\u0131nl\u0131\u011f\u0131m\u0131zdak\u0131 dig\u0259r d\u00f6vl\u0259t ba\u011f\u00e7as\u0131na k\u00f6\u00e7\u00fcrd\u00fcl\u0259r. H\u0259min vaxt m\u00fcdir\u0259 150 manat pul verdim. \u00dcst\u0259lik, h\u0259r ay da \u0259lav\u0259 pul verirdim ki, ba\u011f\u00e7ada t\u0259rbiy\u0259\u00e7il\u0259r u\u015fa\u011f\u0131n \u00fcz\u00fcn\u0259 xo\u015f baxs\u0131nlar. Pandemiya il\u0259 \u0259lq\u0259dar ba\u011f\u00e7a ba\u011flananda pulun 100 manat\u0131n\u0131 geri ala bildim. Haz\u0131rda u\u015fa\u011f\u0131 181 sayl\u0131 u\u015faq ba\u011f\u00e7as\u0131na qoymaq ist\u0259yir\u0259m. Z\u0259ng etdim, dedil\u0259r ki, iki ildir rus b\u00f6lm\u0259sin\u0259 q\u0259bul dayand\u0131r\u0131l\u0131b. Soru\u015fdum ki, b\u00f6lm\u0259 l\u0259\u011fv olunub? Sual\u0131ma cavab verm\u0259dil\u0259r\u201d.<br><\/p>\n\n\n\n<p>Haz\u0131rda Bak\u0131da 341 u\u015faq ba\u011f\u00e7as\u0131 f\u0259aliyy\u0259t g\u00f6st\u0259rir. Bak\u0131 \u015e\u0259h\u0259r \u0130cra Hakimiyy\u0259tinin tabeliyind\u0259 olan ba\u011f\u00e7alarda 2 min 152 qrupda 40 min 634 u\u015faq t\u0259rbiy\u0259 al\u0131r. Pandemiya il\u0259 \u0259laq\u0259dar u\u015faq ba\u011f\u00e7alar\u0131na q\u0259bul 20 n\u0259f\u0259r\u0259 q\u0259d\u0259r n\u0259z\u0259rd\u0259 tutulub.<br><\/p>\n\n\n\n<p>T\u0259hsil eksperti Kamran \u018fs\u0259dov Meydan TV-y\u0259 a\u00e7\u0131qlamas\u0131nda deyir ki, bu kimi probleml\u0259rl\u0259 \u00fczl\u0259\u015fm\u0259m\u0259k \u00fc\u00e7\u00fcn u\u015faqlar\u0131n ba\u011f\u00e7aya q\u0259bulu prosesi elektron qaydada apar\u0131lmal\u0131d\u0131r:<br><\/p>\n\n\n\n<figure class=\"wp-block-image size-large\"><img decoding=\"async\" width=\"1200\" height=\"754\" data-src=\"https:\/\/www.meydan.tv\/wp-content\/uploads\/416066412_0_0_1999_1257_1920x0_80_0_0_575a7e071661e2d93bfc8185f31f7110-1200x754.jpg\" alt=\"\" class=\"wp-image-226215 lazyload\" src=\"data:image\/svg+xml;base64,PHN2ZyB3aWR0aD0iMSIgaGVpZ2h0PSIxIiB4bWxucz0iaHR0cDovL3d3dy53My5vcmcvMjAwMC9zdmciPjwvc3ZnPg==\" style=\"--smush-placeholder-width: 1200px; --smush-placeholder-aspect-ratio: 1200\/754;\" \/><figcaption>Kamran \u018fs\u0259dov, Foto: Sputnik.az <\/figcaption><\/figure>\n\n\n\n<p>\u201cB\u00fct\u00fcn ba\u011f\u00e7alarda u\u015faq q\u0259bulu zaman\u0131 ciddi qanun pozuntusuna yol verilir. Y\u0259ni valideynl\u0259r h\u0259r hans\u0131 bir d\u00f6vl\u0259t ba\u011f\u00e7as\u0131na yax\u0131nla\u015f\u0131r, pulunu verib, q\u0259bulunu al\u0131r. Hesab edir\u0259m ki, u\u015faqlar\u0131n ba\u011f\u00e7aya q\u0259bulu elektron qaydada h\u0259yata ke\u00e7irilm\u0259lidir\u201d.<br><\/p>\n\n\n\n<p>Rus dilin\u0259 g\u0259linc\u0259, ekspert deyir ki, 2017-ci ild\u0259 q\u0259bul edilmi\u015f \u201cM\u0259kt\u0259b\u0259q\u0259d\u0259r t\u0259hsil haqq\u0131nda\u201d qanunda yaln\u0131z Az\u0259rbaycan dilind\u0259 xidm\u0259tin g\u00f6st\u0259rilm\u0259si n\u0259z\u0259rd\u0259 tutulub:<br><\/p>\n\n\n\n<p>\u201cB\u0259zi m\u0259kt\u0259b\u0259q\u0259d\u0259r t\u0259hsil m\u00fc\u0259ssis\u0259l\u0259ri valideynl\u0259rin ist\u0259yini n\u0259z\u0259r\u0259 alaraq, bu b\u00f6lm\u0259 \u00fczr\u0259 t\u0259hsili h\u0259yata ke\u00e7irirl\u0259r. Haz\u0131rda rus b\u00f6lm\u0259sind\u0259 t\u0259hsil\u0259 meyillilik \u00e7oxdur. Bir \u00e7oxu d\u00fc\u015f\u00fcn\u00fcr ki, Az\u0259rbaycan dilind\u0259 t\u0259hsilin keyfiyy\u0259ti a\u015fa\u011f\u0131d\u0131r. Rus b\u00f6lm\u0259sind\u0259 d\u0259 eyni t\u0259hsil sistemi v\u0259 d\u0259rslikl\u0259rdir. Rus b\u00f6lm\u0259si \u00fczr\u0259 yuxar\u0131 sinifl\u0259rd\u0259 is\u0259 \u00fcmumiyy\u0259tl\u0259, m\u00fc\u0259llim tapmaq m\u00fcmk\u00fcn deyil\u201d.<br><\/p>\n\n\n\n<p>Bak\u0131 \u015e\u0259h\u0259r \u0130cra Hakimiyy\u0259tinin M\u0259kt\u0259b\u0259q\u0259d\u0259r T\u0259hsil M\u00fc\u0259ssis\u0259l\u0259ri \u0130dar\u0259sind\u0259n Meydan TV-y\u0259 bildirilib ki, 2021-ci il avqustun 2-d\u0259n etibar\u0259n paytaxt\u0131n Nizami rayonu \u0259razisind\u0259 yerl\u0259\u015f\u0259n m\u0259kt\u0259b\u0259q\u0259d\u0259r t\u0259hsil m\u00fc\u0259ss\u0259l\u0259rin\u0259 u\u015faqlar\u0131n elektron qaydada q\u0259bulu h\u0259yata ke\u00e7irilir. Valideynl\u0259r \u201cbakibagcayaqebul.edu.az\u201d sayt\u0131na daxil olmaqla u\u015faqlar\u0131n\u0131 qeydiyyatdan ke\u00e7ir\u0259 <a href=\"https:\/\/azedu.az\/az\/news\/48907-bagcalara-qebul-bu-formada-heyata-kecirilir-izahi\" target=\"_blank\" rel=\"noreferrer noopener\">bil\u0259rl\u0259r<\/a>.<br><\/p>\n\n\n\n<p>Bu qayda h\u0259l\u0259 ki Nizami rayonu \u0259razisind\u0259 yerl\u0259\u015f\u0259n d\u00f6vl\u0259t ba\u011f\u00e7alar\u0131 \u00fc\u00e7\u00fcn ke\u00e7\u0259rlidir.<br><\/p>\n\n\n\n<p>181 sayl\u0131 ba\u011f\u00e7an\u0131n m\u00fcdiri S\u0259ad\u0259t H\u00fcmb\u0259tova Meydan TV-y\u0259 bildirib ki, m\u0259kt\u0259b\u0259q\u0259d\u0259r t\u0259hsil m\u00fc\u0259ssis\u0259sind\u0259 haz\u0131rda iki rus b\u00f6lm\u0259si f\u0259aliyy\u0259t g\u00f6st\u0259rir. Pandemiya il\u0259 \u0259laq\u0259dar h\u0259min qruplara 20 u\u015faqdan art\u0131q g\u00f6t\u00fcrm\u0259k m\u00fcmk\u00fcn deyil:<br><\/p>\n\n\n\n<p>\u201c\u0130yirmi birinci g\u0259lir ki, m\u0259nim u\u015fa\u011f\u0131m\u0131 da g\u00f6t\u00fcr\u00fcn. Deyir\u0259m ki, Az\u0259rbaycan b\u00f6lm\u0259sin\u0259 g\u00f6t\u00fcr\u0259k, raz\u0131 olmur. Soru\u015furam ki, ay xan\u0131m, rus dilind\u0259 bilirs\u0259n? Cavab verir ki, yox. \u0130kinci sual\u0131 verir\u0259m ki, b\u0259s yax\u015f\u0131, onda niy\u0259 u\u015fa\u011f\u0131 rus b\u00f6lm\u0259sin\u0259 qoymaq ist\u0259yirs\u0259n? Cavab verir ki, u\u015fa\u011f\u0131m\u0131n rusdilli olma\u011f\u0131n\u0131 ist\u0259yir\u0259m. Bizim problemimiz budur. Halbuki Az\u0259rbaycan b\u00f6lm\u0259si rusdan qat-qat yax\u015f\u0131d\u0131r. G\u0259l\u0259n ild\u0259n rus b\u00f6lm\u0259l\u0259rini t\u0259xir\u0259 salaca\u011f\u0131q. B\u00fct\u00fcn qruplar\u0131 Az\u0259rbaycan b\u00f6lm\u0259si ed\u0259c\u0259yik. \u00d6z dilini m\u00fck\u0259mm\u0259l \u00f6yr\u0259n\u0259n u\u015faq g\u0259l\u0259c\u0259kd\u0259 rus dilin\u0259 d\u0259 yiy\u0259l\u0259n\u0259c\u0259k.<br><\/p>\n\n\n\n<p>U\u015faqlar\u0131n qeydiyyat prosesi is\u0259 bir il \u0259rzind\u0259 yanvar ay\u0131ndan may ay\u0131na kimi apar\u0131l\u0131r. Mayda is\u0259 q\u0259bul prosesin\u0259 ba\u015flay\u0131r\u0131q\u201d.<br><\/p>\n\n\n\n<p>Haz\u0131rda Bak\u0131 \u00f6z\u0259l ba\u011f\u00e7alar\u0131n say\u0131 63-d\u00fcr. Meydan TV \u0259m\u0259kda\u015f\u0131 m\u0259rk\u0259z v\u0259 k\u0259narda yerl\u0259\u015f\u0259n bir ne\u00e7\u0259 \u00f6z\u0259l ba\u011f\u00e7a il\u0259 \u0259laq\u0259 saxlayaraq qiym\u0259tl\u0259rl\u0259 maraqlan\u0131b.<br><\/p>\n\n\n\n<p>M\u0259lum olub ki, \u015f\u0259h\u0259rin m\u0259rk\u0259zin\u0259 yax\u0131n \u0259razil\u0259rd\u0259 yerl\u0259\u015f\u0259n \u00f6z\u0259l ba\u011f\u00e7alarda qiym\u0259tl\u0259r 350-400 manatd\u0131r.<br><\/p>\n\n\n\n<p>K\u0259nardak\u0131 \u00f6z\u0259l ba\u011f\u00e7alarda ayl\u0131q qiym\u0259t 160-250 manat aras\u0131nda d\u0259yi\u015fir. \u018fks\u0259r ba\u011f\u00e7alarda qiym\u0259tl\u0259r\u0259 servis xidm\u0259ti daxil deyil. U\u015fa\u011f\u0131n\u0131 ba\u011f\u00e7aya servisl\u0259 g\u00f6nd\u0259rm\u0259k ist\u0259y\u0259n valideyn \u0259lav\u0259 50-100 manat \u00f6d\u0259m\u0259lidir.<br>Ba\u011f\u00e7alarda bir ail\u0259d\u0259n iki u\u015faq g\u0259ldiyi halda 50 manat g\u00fcz\u0259\u015ft edil\u0259c\u0259yi bildirilir.<br><\/p>\n\n\n\n<p>Bak\u0131 \u015e\u0259h\u0259r \u0130cra Hakimiyy\u0259tinin M\u0259kt\u0259b\u0259q\u0259d\u0259r T\u0259hsil M\u00fc\u0259ssis\u0259l\u0259ri \u0130dar\u0259sind\u0259n Meydan TV-y\u0259 bildirilib ki, haz\u0131rda 181 sayl\u0131 u\u015faq ba\u011f\u00e7as\u0131nda rus b\u00f6lm\u0259si \u00fczr\u0259 bo\u015f yer yoxdur. Qurum valideyn\u0259 u\u015fa\u011f\u0131n\u0131 Az\u0259rbaycan b\u00f6lm\u0259sin\u0259 qoyma\u011f\u0131 m\u0259sl\u0259h\u0259t g\u00f6r\u00fcr.<br><\/p>\n\n\n\n<figure class=\"wp-block-image size-full\"><img decoding=\"async\" width=\"1200\" height=\"800\" data-src=\"https:\/\/www.meydan.tv\/wp-content\/uploads\/untitled-design-4.gif\" alt=\"\" class=\"wp-image-226218 lazyload\" src=\"data:image\/svg+xml;base64,PHN2ZyB3aWR0aD0iMSIgaGVpZ2h0PSIxIiB4bWxucz0iaHR0cDovL3d3dy53My5vcmcvMjAwMC9zdmciPjwvc3ZnPg==\" style=\"--smush-placeholder-width: 1200px; --smush-placeholder-aspect-ratio: 1200\/800;\" \/><figcaption>Bak\u0131 \u015e\u0259h\u0259r \u0130cra Hakimiyy\u0259ti, Foto: Az\u0259rtac<\/figcaption><\/figure>\n\n\n\n<p>M\u0259kt\u0259b\u0259q\u0259d\u0259r T\u0259hsil M\u00fc\u0259ssis\u0259l\u0259ri \u0130dar\u0259si d\u00f6vl\u0259t ba\u011f\u00e7alar\u0131na u\u015faqlar\u0131n pulla q\u0259bul edilm\u0259si il\u0259 ba\u011fl\u0131 iddialar\u0131 da cavabland\u0131r\u0131b. Bildirilib ki, icra hakimiyy\u0259tinin tabeliyind\u0259 olan ba\u011f\u00e7alar tam \u00f6d\u0259ni\u015fsiz, d\u00f6vl\u0259t hesab\u0131na f\u0259aliyy\u0259t g\u00f6st\u0259rir. \u018fg\u0259r h\u0259r hans\u0131 bir \u015fikay\u0259t daxil olarsa, bax\u0131l\u0131r, laz\u0131mi t\u0259dbirl\u0259r g\u00f6r\u00fcl\u00fcr.<br><\/p>\n\n\n\n<p>Prezident \u0130lham \u018fliyevin 2011-ci il dekabr\u0131n 27-d\u0259 imzalad\u0131\u011f\u0131 s\u0259r\u0259ncamla T\u0259hsil Nazirliyinin tabeliyind\u0259 olan k\u00f6rp\u0259l\u0259r evl\u0259ri, k\u00f6rp\u0259l\u0259r evi-u\u015faq ba\u011f\u00e7alar\u0131, u\u015faq ba\u011f\u00e7alar\u0131, x\u00fcsusi u\u015faq ba\u011f\u00e7alar\u0131 v\u0259 u\u015faq evl\u0259rini yerli icra hakimiyy\u0259ti orqanlar\u0131n\u0131n (Bak\u0131 \u015f\u0259h\u0259ri \u00fczr\u0259 Bak\u0131 \u015e\u0259h\u0259r \u0130cra Hakimiyy\u0259tinin, G\u0259nc\u0259 \u015f\u0259h\u0259ri \u00fczr\u0259 G\u0259nc\u0259 \u015e\u0259h\u0259r \u0130cra Hakimiyy\u0259tinin) tabeliyin\u0259 <a href=\"https:\/\/president.az\/articles\/4015\" target=\"_blank\" rel=\"noreferrer noopener\">verilib<\/a>.<br><br><\/p>\n\n\n\n<p>Az\u0259rbaycanda koronavirus pandemiyasi il\u0259 \u0259laq\u0259dar 2020-ci il mart\u0131n 24-d\u0259n \u00fcmumt\u0259hsil m\u00fc\u0259ssis\u0259l\u0259rinin f\u0259aliyy\u0259ti dayand\u0131rl\u0131b.<br><\/p>\n\n\n\n<p>2021-ci il 15 fevral tarixind\u0259n m\u0259kt\u0259b\u0259q\u0259d\u0259r t\u0259hsil m\u00fc\u0259ssis\u0259l\u0259rind\u0259 (ba\u011f\u00e7a) d\u0259 t\u0259dris b\u0259rpa olunub.<\/p>\n","protected":false},"excerpt":{"rendered":"<p>Valideyn u\u015fa\u011f\u0131n\u0131 ba\u011f\u00e7alar\u0131n rus b\u00f6lm\u0259sin\u0259 yerl\u0259\u015fdir\u0259 bilmir \u201cU\u015fa\u011f\u0131m\u0131 \u00f6z\u0259l ba\u011f\u00e7aya &#8230; <\/p>\n<p class=\"read-more-container\"><a title=\"\u201c\u0130cra hakimiyy\u0259tind\u0259 adam\u0131m olsayd\u0131, u\u015fa\u011f\u0131ma ba\u011f\u00e7alarda yer tapard\u0131m\u201d\" class=\"read-more button\" href=\"https:\/\/www.meydan.tv\/az\/article\/icra-hakimiyyetinde-adamim-olsaydi-usagima-bagcalarda-yer-tapardim\/#more-226214\" aria-label=\"Read more about \u201c\u0130cra hakimiyy\u0259tind\u0259 adam\u0131m olsayd\u0131, u\u015fa\u011f\u0131ma ba\u011f\u00e7alarda yer tapard\u0131m\u201d\">Davam\u0131<\/a><\/p>\n","protected":false},"author":8,"featured_media":226211,"comment_status":"closed","ping_status":"closed","sticky":false,"template":"","format":"standard","meta":{"_acf_changed":false,"_sitemap_exclude":false,"_sitemap_priority":"","_sitemap_frequency":"","footnotes":""},"categories":[62,79,56],"tags":[],"class_list":["post-226214","post","type-post","status-publish","format-standard","has-post-thumbnail","hentry","category-sosial","category-featured","category-xeberler","infinite-scroll-item","generate-columns","tablet-grid-50","mobile-grid-100","grid-parent","grid-33","no-featured-image-padding"],"acf":[],"yoast_head":"<!-- This site is optimized with the Yoast SEO plugin v27.5 - https:\/\/yoast.com\/product\/yoast-seo-wordpress\/ -->\n<title>\u201c\u0130cra hakimiyy\u0259tind\u0259 adam\u0131m olsayd\u0131, u\u015fa\u011f\u0131ma ba\u011f\u00e7alarda yer tapard\u0131m\u201d - MEYDAN.TV<\/title>\n<meta name=\"robots\" content=\"index, follow, max-snippet:-1, max-image-preview:large, max-video-preview:-1\" \/>\n<link rel=\"canonical\" href=\"https:\/\/www.meydan.tv\/az\/article\/icra-hakimiyyetinde-adamim-olsaydi-usagima-bagcalarda-yer-tapardim\/\" \/>\n<meta property=\"og:locale\" content=\"az_AZ\" \/>\n<meta property=\"og:type\" content=\"article\" \/>\n<meta property=\"og:title\" content=\"\u201c\u0130cra hakimiyy\u0259tind\u0259 adam\u0131m olsayd\u0131, u\u015fa\u011f\u0131ma ba\u011f\u00e7alarda yer tapard\u0131m\u201d - MEYDAN.TV\" \/>\n<meta property=\"og:description\" content=\"Valideyn u\u015fa\u011f\u0131n\u0131 ba\u011f\u00e7alar\u0131n rus b\u00f6lm\u0259sin\u0259 yerl\u0259\u015fdir\u0259 bilmir \u201cU\u015fa\u011f\u0131m\u0131 \u00f6z\u0259l ba\u011f\u00e7aya ... Davam\u0131\" \/>\n<meta property=\"og:url\" content=\"https:\/\/www.meydan.tv\/az\/article\/icra-hakimiyyetinde-adamim-olsaydi-usagima-bagcalarda-yer-tapardim\/\" \/>\n<meta property=\"og:site_name\" content=\"MEYDAN.TV\" \/>\n<meta property=\"article:published_time\" content=\"2021-11-16T10:50:07+00:00\" \/>\n<meta property=\"article:modified_time\" content=\"2021-11-16T10:50:08+00:00\" \/>\n<meta property=\"og:image\" content=\"https:\/\/www.meydan.tv\/wp-content\/uploads\/untitled-design-3.gif\" \/>\n\t<meta property=\"og:image:width\" content=\"1200\" \/>\n\t<meta property=\"og:image:height\" content=\"800\" \/>\n\t<meta property=\"og:image:type\" content=\"image\/gif\" \/>\n<meta name=\"author\" content=\"elli\" \/>\n<meta name=\"twitter:card\" content=\"summary_large_image\" \/>\n<meta name=\"twitter:creator\" content=\"@elli\" \/>\n<script type=\"application\/ld+json\" class=\"yoast-schema-graph\">{\"@context\":\"https:\\\/\\\/schema.org\",\"@graph\":[{\"@type\":\"Article\",\"@id\":\"https:\\\/\\\/www.meydan.tv\\\/az\\\/article\\\/icra-hakimiyyetinde-adamim-olsaydi-usagima-bagcalarda-yer-tapardim\\\/#article\",\"isPartOf\":{\"@id\":\"https:\\\/\\\/www.meydan.tv\\\/az\\\/article\\\/icra-hakimiyyetinde-adamim-olsaydi-usagima-bagcalarda-yer-tapardim\\\/\"},\"author\":{\"name\":\"elli\",\"@id\":\"https:\\\/\\\/www.meydan.tv\\\/az\\\/#\\\/schema\\\/person\\\/9cdbecf90d17180ce1dfbd95b08dcf47\"},\"headline\":\"\u201c\u0130cra hakimiyy\u0259tind\u0259 adam\u0131m olsayd\u0131, u\u015fa\u011f\u0131ma ba\u011f\u00e7alarda yer tapard\u0131m\u201d\",\"datePublished\":\"2021-11-16T10:50:07+00:00\",\"dateModified\":\"2021-11-16T10:50:08+00:00\",\"mainEntityOfPage\":{\"@id\":\"https:\\\/\\\/www.meydan.tv\\\/az\\\/article\\\/icra-hakimiyyetinde-adamim-olsaydi-usagima-bagcalarda-yer-tapardim\\\/\"},\"wordCount\":1306,\"publisher\":{\"@id\":\"https:\\\/\\\/www.meydan.tv\\\/az\\\/#organization\"},\"image\":{\"@id\":\"https:\\\/\\\/www.meydan.tv\\\/az\\\/article\\\/icra-hakimiyyetinde-adamim-olsaydi-usagima-bagcalarda-yer-tapardim\\\/#primaryimage\"},\"thumbnailUrl\":\"https:\\\/\\\/www.meydan.tv\\\/wp-content\\\/uploads\\\/untitled-design-3.gif\",\"articleSection\":[\"Sosial\",\"T\u00f6vsiy\u0259\",\"X\u0259b\u0259rl\u0259r\"],\"inLanguage\":\"az\"},{\"@type\":\"WebPage\",\"@id\":\"https:\\\/\\\/www.meydan.tv\\\/az\\\/article\\\/icra-hakimiyyetinde-adamim-olsaydi-usagima-bagcalarda-yer-tapardim\\\/\",\"url\":\"https:\\\/\\\/www.meydan.tv\\\/az\\\/article\\\/icra-hakimiyyetinde-adamim-olsaydi-usagima-bagcalarda-yer-tapardim\\\/\",\"name\":\"\u201c\u0130cra hakimiyy\u0259tind\u0259 adam\u0131m olsayd\u0131, u\u015fa\u011f\u0131ma ba\u011f\u00e7alarda yer tapard\u0131m\u201d - MEYDAN.TV\",\"isPartOf\":{\"@id\":\"https:\\\/\\\/www.meydan.tv\\\/az\\\/#website\"},\"primaryImageOfPage\":{\"@id\":\"https:\\\/\\\/www.meydan.tv\\\/az\\\/article\\\/icra-hakimiyyetinde-adamim-olsaydi-usagima-bagcalarda-yer-tapardim\\\/#primaryimage\"},\"image\":{\"@id\":\"https:\\\/\\\/www.meydan.tv\\\/az\\\/article\\\/icra-hakimiyyetinde-adamim-olsaydi-usagima-bagcalarda-yer-tapardim\\\/#primaryimage\"},\"thumbnailUrl\":\"https:\\\/\\\/www.meydan.tv\\\/wp-content\\\/uploads\\\/untitled-design-3.gif\",\"datePublished\":\"2021-11-16T10:50:07+00:00\",\"dateModified\":\"2021-11-16T10:50:08+00:00\",\"breadcrumb\":{\"@id\":\"https:\\\/\\\/www.meydan.tv\\\/az\\\/article\\\/icra-hakimiyyetinde-adamim-olsaydi-usagima-bagcalarda-yer-tapardim\\\/#breadcrumb\"},\"inLanguage\":\"az\",\"potentialAction\":[{\"@type\":\"ReadAction\",\"target\":[\"https:\\\/\\\/www.meydan.tv\\\/az\\\/article\\\/icra-hakimiyyetinde-adamim-olsaydi-usagima-bagcalarda-yer-tapardim\\\/\"]}]},{\"@type\":\"ImageObject\",\"inLanguage\":\"az\",\"@id\":\"https:\\\/\\\/www.meydan.tv\\\/az\\\/article\\\/icra-hakimiyyetinde-adamim-olsaydi-usagima-bagcalarda-yer-tapardim\\\/#primaryimage\",\"url\":\"https:\\\/\\\/www.meydan.tv\\\/wp-content\\\/uploads\\\/untitled-design-3.gif\",\"contentUrl\":\"https:\\\/\\\/www.meydan.tv\\\/wp-content\\\/uploads\\\/untitled-design-3.gif\",\"width\":1200,\"height\":800,\"caption\":\"U\u015faq ba\u011f\u00e7as\u0131, Foto: Z\u0259rdab Rayon \u0130cra Hakimiyy\u0259ti\"},{\"@type\":\"BreadcrumbList\",\"@id\":\"https:\\\/\\\/www.meydan.tv\\\/az\\\/article\\\/icra-hakimiyyetinde-adamim-olsaydi-usagima-bagcalarda-yer-tapardim\\\/#breadcrumb\",\"itemListElement\":[{\"@type\":\"ListItem\",\"position\":1,\"name\":\"Ana s\u0259hif\u0259\",\"item\":\"https:\\\/\\\/www.meydan.tv\\\/az\\\/\"},{\"@type\":\"ListItem\",\"position\":2,\"name\":\"Sosial\",\"item\":\"https:\\\/\\\/www.meydan.tv\\\/az\\\/section\\\/sosial\\\/\"},{\"@type\":\"ListItem\",\"position\":3,\"name\":\"\u201c\u0130cra hakimiyy\u0259tind\u0259 adam\u0131m olsayd\u0131, u\u015fa\u011f\u0131ma ba\u011f\u00e7alarda yer tapard\u0131m\u201d\"}]},{\"@type\":\"WebSite\",\"@id\":\"https:\\\/\\\/www.meydan.tv\\\/az\\\/#website\",\"url\":\"https:\\\/\\\/www.meydan.tv\\\/az\\\/\",\"name\":\"MEYDAN.TV\",\"description\":\"Meydan TV Az\u0259rbaycan\u0131n media m\u0259kan\u0131ndak\u0131 alternativ s\u0259sidir\",\"publisher\":{\"@id\":\"https:\\\/\\\/www.meydan.tv\\\/az\\\/#organization\"},\"potentialAction\":[{\"@type\":\"SearchAction\",\"target\":{\"@type\":\"EntryPoint\",\"urlTemplate\":\"https:\\\/\\\/www.meydan.tv\\\/az\\\/?s={search_term_string}\"},\"query-input\":{\"@type\":\"PropertyValueSpecification\",\"valueRequired\":true,\"valueName\":\"search_term_string\"}}],\"inLanguage\":\"az\"},{\"@type\":\"Organization\",\"@id\":\"https:\\\/\\\/www.meydan.tv\\\/az\\\/#organization\",\"name\":\"Meydan TV\",\"url\":\"https:\\\/\\\/www.meydan.tv\\\/az\\\/\",\"logo\":{\"@type\":\"ImageObject\",\"inLanguage\":\"az\",\"@id\":\"https:\\\/\\\/www.meydan.tv\\\/az\\\/#\\\/schema\\\/logo\\\/image\\\/\",\"url\":\"https:\\\/\\\/www.meydan.tv\\\/wp-content\\\/uploads\\\/2021\\\/07\\\/meydan-logo.svg\",\"contentUrl\":\"https:\\\/\\\/www.meydan.tv\\\/wp-content\\\/uploads\\\/2021\\\/07\\\/meydan-logo.svg\",\"width\":195,\"height\":46,\"caption\":\"Meydan TV\"},\"image\":{\"@id\":\"https:\\\/\\\/www.meydan.tv\\\/az\\\/#\\\/schema\\\/logo\\\/image\\\/\"}},{\"@type\":\"Person\",\"@id\":\"https:\\\/\\\/www.meydan.tv\\\/az\\\/#\\\/schema\\\/person\\\/9cdbecf90d17180ce1dfbd95b08dcf47\",\"name\":\"elli\",\"sameAs\":[\"https:\\\/\\\/x.com\\\/elli\"]}]}<\/script>\n<!-- \/ Yoast SEO plugin. -->","yoast_head_json":{"title":"\u201c\u0130cra hakimiyy\u0259tind\u0259 adam\u0131m olsayd\u0131, u\u015fa\u011f\u0131ma ba\u011f\u00e7alarda yer tapard\u0131m\u201d - MEYDAN.TV","robots":{"index":"index","follow":"follow","max-snippet":"max-snippet:-1","max-image-preview":"max-image-preview:large","max-video-preview":"max-video-preview:-1"},"canonical":"https:\/\/www.meydan.tv\/az\/article\/icra-hakimiyyetinde-adamim-olsaydi-usagima-bagcalarda-yer-tapardim\/","og_locale":"az_AZ","og_type":"article","og_title":"\u201c\u0130cra hakimiyy\u0259tind\u0259 adam\u0131m olsayd\u0131, u\u015fa\u011f\u0131ma ba\u011f\u00e7alarda yer tapard\u0131m\u201d - MEYDAN.TV","og_description":"Valideyn u\u015fa\u011f\u0131n\u0131 ba\u011f\u00e7alar\u0131n rus b\u00f6lm\u0259sin\u0259 yerl\u0259\u015fdir\u0259 bilmir \u201cU\u015fa\u011f\u0131m\u0131 \u00f6z\u0259l ba\u011f\u00e7aya ... Davam\u0131","og_url":"https:\/\/www.meydan.tv\/az\/article\/icra-hakimiyyetinde-adamim-olsaydi-usagima-bagcalarda-yer-tapardim\/","og_site_name":"MEYDAN.TV","article_published_time":"2021-11-16T10:50:07+00:00","article_modified_time":"2021-11-16T10:50:08+00:00","og_image":[{"width":1200,"height":800,"url":"https:\/\/www.meydan.tv\/wp-content\/uploads\/untitled-design-3.gif","type":"image\/gif"}],"author":"elli","twitter_card":"summary_large_image","twitter_creator":"@elli","schema":{"@context":"https:\/\/schema.org","@graph":[{"@type":"Article","@id":"https:\/\/www.meydan.tv\/az\/article\/icra-hakimiyyetinde-adamim-olsaydi-usagima-bagcalarda-yer-tapardim\/#article","isPartOf":{"@id":"https:\/\/www.meydan.tv\/az\/article\/icra-hakimiyyetinde-adamim-olsaydi-usagima-bagcalarda-yer-tapardim\/"},"author":{"name":"elli","@id":"https:\/\/www.meydan.tv\/az\/#\/schema\/person\/9cdbecf90d17180ce1dfbd95b08dcf47"},"headline":"\u201c\u0130cra hakimiyy\u0259tind\u0259 adam\u0131m olsayd\u0131, u\u015fa\u011f\u0131ma ba\u011f\u00e7alarda yer tapard\u0131m\u201d","datePublished":"2021-11-16T10:50:07+00:00","dateModified":"2021-11-16T10:50:08+00:00","mainEntityOfPage":{"@id":"https:\/\/www.meydan.tv\/az\/article\/icra-hakimiyyetinde-adamim-olsaydi-usagima-bagcalarda-yer-tapardim\/"},"wordCount":1306,"publisher":{"@id":"https:\/\/www.meydan.tv\/az\/#organization"},"image":{"@id":"https:\/\/www.meydan.tv\/az\/article\/icra-hakimiyyetinde-adamim-olsaydi-usagima-bagcalarda-yer-tapardim\/#primaryimage"},"thumbnailUrl":"https:\/\/www.meydan.tv\/wp-content\/uploads\/untitled-design-3.gif","articleSection":["Sosial","T\u00f6vsiy\u0259","X\u0259b\u0259rl\u0259r"],"inLanguage":"az"},{"@type":"WebPage","@id":"https:\/\/www.meydan.tv\/az\/article\/icra-hakimiyyetinde-adamim-olsaydi-usagima-bagcalarda-yer-tapardim\/","url":"https:\/\/www.meydan.tv\/az\/article\/icra-hakimiyyetinde-adamim-olsaydi-usagima-bagcalarda-yer-tapardim\/","name":"\u201c\u0130cra hakimiyy\u0259tind\u0259 adam\u0131m olsayd\u0131, u\u015fa\u011f\u0131ma ba\u011f\u00e7alarda yer tapard\u0131m\u201d - MEYDAN.TV","isPartOf":{"@id":"https:\/\/www.meydan.tv\/az\/#website"},"primaryImageOfPage":{"@id":"https:\/\/www.meydan.tv\/az\/article\/icra-hakimiyyetinde-adamim-olsaydi-usagima-bagcalarda-yer-tapardim\/#primaryimage"},"image":{"@id":"https:\/\/www.meydan.tv\/az\/article\/icra-hakimiyyetinde-adamim-olsaydi-usagima-bagcalarda-yer-tapardim\/#primaryimage"},"thumbnailUrl":"https:\/\/www.meydan.tv\/wp-content\/uploads\/untitled-design-3.gif","datePublished":"2021-11-16T10:50:07+00:00","dateModified":"2021-11-16T10:50:08+00:00","breadcrumb":{"@id":"https:\/\/www.meydan.tv\/az\/article\/icra-hakimiyyetinde-adamim-olsaydi-usagima-bagcalarda-yer-tapardim\/#breadcrumb"},"inLanguage":"az","potentialAction":[{"@type":"ReadAction","target":["https:\/\/www.meydan.tv\/az\/article\/icra-hakimiyyetinde-adamim-olsaydi-usagima-bagcalarda-yer-tapardim\/"]}]},{"@type":"ImageObject","inLanguage":"az","@id":"https:\/\/www.meydan.tv\/az\/article\/icra-hakimiyyetinde-adamim-olsaydi-usagima-bagcalarda-yer-tapardim\/#primaryimage","url":"https:\/\/www.meydan.tv\/wp-content\/uploads\/untitled-design-3.gif","contentUrl":"https:\/\/www.meydan.tv\/wp-content\/uploads\/untitled-design-3.gif","width":1200,"height":800,"caption":"U\u015faq ba\u011f\u00e7as\u0131, Foto: Z\u0259rdab Rayon \u0130cra Hakimiyy\u0259ti"},{"@type":"BreadcrumbList","@id":"https:\/\/www.meydan.tv\/az\/article\/icra-hakimiyyetinde-adamim-olsaydi-usagima-bagcalarda-yer-tapardim\/#breadcrumb","itemListElement":[{"@type":"ListItem","position":1,"name":"Ana s\u0259hif\u0259","item":"https:\/\/www.meydan.tv\/az\/"},{"@type":"ListItem","position":2,"name":"Sosial","item":"https:\/\/www.meydan.tv\/az\/section\/sosial\/"},{"@type":"ListItem","position":3,"name":"\u201c\u0130cra hakimiyy\u0259tind\u0259 adam\u0131m olsayd\u0131, u\u015fa\u011f\u0131ma ba\u011f\u00e7alarda yer tapard\u0131m\u201d"}]},{"@type":"WebSite","@id":"https:\/\/www.meydan.tv\/az\/#website","url":"https:\/\/www.meydan.tv\/az\/","name":"MEYDAN.TV","description":"Meydan TV Az\u0259rbaycan\u0131n media m\u0259kan\u0131ndak\u0131 alternativ s\u0259sidir","publisher":{"@id":"https:\/\/www.meydan.tv\/az\/#organization"},"potentialAction":[{"@type":"SearchAction","target":{"@type":"EntryPoint","urlTemplate":"https:\/\/www.meydan.tv\/az\/?s={search_term_string}"},"query-input":{"@type":"PropertyValueSpecification","valueRequired":true,"valueName":"search_term_string"}}],"inLanguage":"az"},{"@type":"Organization","@id":"https:\/\/www.meydan.tv\/az\/#organization","name":"Meydan TV","url":"https:\/\/www.meydan.tv\/az\/","logo":{"@type":"ImageObject","inLanguage":"az","@id":"https:\/\/www.meydan.tv\/az\/#\/schema\/logo\/image\/","url":"https:\/\/www.meydan.tv\/wp-content\/uploads\/2021\/07\/meydan-logo.svg","contentUrl":"https:\/\/www.meydan.tv\/wp-content\/uploads\/2021\/07\/meydan-logo.svg","width":195,"height":46,"caption":"Meydan TV"},"image":{"@id":"https:\/\/www.meydan.tv\/az\/#\/schema\/logo\/image\/"}},{"@type":"Person","@id":"https:\/\/www.meydan.tv\/az\/#\/schema\/person\/9cdbecf90d17180ce1dfbd95b08dcf47","name":"elli","sameAs":["https:\/\/x.com\/elli"]}]}},"_links":{"self":[{"href":"https:\/\/www.meydan.tv\/az\/wp-json\/wp\/v2\/posts\/226214","targetHints":{"allow":["GET"]}}],"collection":[{"href":"https:\/\/www.meydan.tv\/az\/wp-json\/wp\/v2\/posts"}],"about":[{"href":"https:\/\/www.meydan.tv\/az\/wp-json\/wp\/v2\/types\/post"}],"author":[{"embeddable":true,"href":"https:\/\/www.meydan.tv\/az\/wp-json\/wp\/v2\/users\/8"}],"replies":[{"embeddable":true,"href":"https:\/\/www.meydan.tv\/az\/wp-json\/wp\/v2\/comments?post=226214"}],"version-history":[{"count":1,"href":"https:\/\/www.meydan.tv\/az\/wp-json\/wp\/v2\/posts\/226214\/revisions"}],"predecessor-version":[{"id":226221,"href":"https:\/\/www.meydan.tv\/az\/wp-json\/wp\/v2\/posts\/226214\/revisions\/226221"}],"wp:featuredmedia":[{"embeddable":true,"href":"https:\/\/www.meydan.tv\/az\/wp-json\/wp\/v2\/media\/226211"}],"wp:attachment":[{"href":"https:\/\/www.meydan.tv\/az\/wp-json\/wp\/v2\/media?parent=226214"}],"wp:term":[{"taxonomy":"category","embeddable":true,"href":"https:\/\/www.meydan.tv\/az\/wp-json\/wp\/v2\/categories?post=226214"},{"taxonomy":"post_tag","embeddable":true,"href":"https:\/\/www.meydan.tv\/az\/wp-json\/wp\/v2\/tags?post=226214"}],"curies":[{"name":"wp","href":"https:\/\/api.w.org\/{rel}","templated":true}]}}