{"id":226193,"date":"2021-11-16T14:23:56","date_gmt":"2021-11-16T10:23:56","guid":{"rendered":"https:\/\/www.meydan.tv\/?p=226193"},"modified":"2021-11-16T14:23:58","modified_gmt":"2021-11-16T10:23:58","slug":"emekdar-artist-vefat-edib","status":"publish","type":"post","link":"https:\/\/www.meydan.tv\/az\/article\/emekdar-artist-vefat-edib\/","title":{"rendered":"\u018fm\u0259kdar artist v\u0259fat edib"},"content":{"rendered":"\n<p>O\u011flu: &#8220;H\u0259kim dedi ki, iflicd\u0259n ke\u00e7inib&#8221;<br><\/p>\n\n\n\n<p>\u018fm\u0259kdar artist, kino v\u0259 teatr aktyoru M\u0259cnun Hac\u0131b\u0259yov bu g\u00fcn s\u0259h\u0259r saatlar\u0131nda v\u0259fat edib.<br><\/p>\n\n\n\n<p>Bu haqda Meydan TV-y\u0259 m\u0259rhumun o\u011flu P\u0259rviz Hac\u0131b\u0259yov m\u0259lumat verib.<br><\/p>\n\n\n\n<p>\u201cS\u0259h\u0259r saat 8 olard\u0131, \u0259vv\u0259lc\u0259 q\u0131colma tutdu, sonra da v\u0259fat etdi. M\u00fcalic\u0259 h\u0259kimi dedi ki, iflicd\u0259n ke\u00e7inib. Atam bir m\u00fcdd\u0259t \u00f6nc\u0259 COV\u0130D infeksiyas\u0131na yoluxmu\u015fdu, amma tamamil\u0259 sa\u011falm\u0131\u015fd\u0131\u201d, &#8211; dey\u0259 o bildirib.<br><\/p>\n\n\n\n<p>86 ya\u015fl\u0131 aktyor bu g\u00fcn saat 2-3 rad\u0259l\u0259rind\u0259 Quban\u0131n \u0130kinci N\u00fcg\u0259di k\u0259nd m\u0259zarl\u0131\u011f\u0131nda d\u0259fn olunacaq.<br><\/p>\n\n\n\n<p>M\u0259cnun Hac\u0131b\u0259yov 1935-ci ilin oktyabr\u0131nda Quban\u0131n \u0130kinci N\u00fcg\u0259di k\u0259ndind\u0259 do\u011fulub.<br><\/p>\n\n\n\n<p>10 illik orta m\u0259kt\u0259bi d\u0259 h\u0259min k\u0259ndd\u0259 bitirib.<br><\/p>\n\n\n\n<p>1965-ci ild\u0259 Az\u0259rbaycan D\u00f6vl\u0259t M\u0259d\u0259niyy\u0259t v\u0259 \u0130nc\u0259s\u0259n\u0259t Universitetinin aktyorluq fak\u00fclt\u0259sini bitirib.<br><\/p>\n\n\n\n<p>O, \u201cCanavar balas\u0131\u201d, \u201cEvl\u0259nm\u0259k ist\u0259yir\u0259m\u201d, \u201cG\u0259nclik Mac\u0259ras\u0131\u201d, \u201cG\u00f6z h\u0259kimi\u201d, \u201cG\u00fcl\u00fc\u015f sanatoriyas\u0131\u201d, \u201cKi\u015fil\u0259r\u201d, \u201cQatarda\u201d, \u201cQ\u0259z\u0259lxan\u201d, \u201cYar\u0131m\u015ftat\u201d kimi film v\u0259 televiziya tama\u015falar\u0131nda obrazlar yarad\u0131b.<br><\/p>\n\n\n\n<p>Aktyor 15 il idi ki, do\u011fuldu\u011fu \u0130kinci N\u00fcg\u0259di k\u0259ndin\u0259 k\u00f6\u00e7\u00fcb, orada ya\u015fay\u0131rd\u0131.<\/p>\n","protected":false},"excerpt":{"rendered":"<p>O\u011flu: &#8220;H\u0259kim dedi ki, iflicd\u0259n ke\u00e7inib&#8221; \u018fm\u0259kdar artist, kino v\u0259 &#8230; <\/p>\n<p class=\"read-more-container\"><a title=\"\u018fm\u0259kdar artist v\u0259fat edib\" class=\"read-more button\" href=\"https:\/\/www.meydan.tv\/az\/article\/emekdar-artist-vefat-edib\/#more-226193\" aria-label=\"Read more about \u018fm\u0259kdar artist v\u0259fat edib\">Davam\u0131<\/a><\/p>\n","protected":false},"author":8,"featured_media":226197,"comment_status":"closed","ping_status":"closed","sticky":false,"template":"","format":"standard","meta":{"_acf_changed":false,"_sitemap_exclude":false,"_sitemap_priority":"","_sitemap_frequency":"","footnotes":""},"categories":[52,56],"tags":[],"class_list":["post-226193","post","type-post","status-publish","format-standard","has-post-thumbnail","hentry","category-medeniyyet","category-xeberler","infinite-scroll-item","generate-columns","tablet-grid-50","mobile-grid-100","grid-parent","grid-33","no-featured-image-padding"],"acf":[],"yoast_head":"<!-- This site is optimized with the Yoast SEO plugin v27.4 - https:\/\/yoast.com\/product\/yoast-seo-wordpress\/ -->\n<title>\u018fm\u0259kdar artist v\u0259fat edib - MEYDAN.TV<\/title>\n<meta name=\"robots\" content=\"index, follow, max-snippet:-1, max-image-preview:large, max-video-preview:-1\" \/>\n<link rel=\"canonical\" href=\"https:\/\/www.meydan.tv\/az\/article\/emekdar-artist-vefat-edib\/\" \/>\n<meta property=\"og:locale\" content=\"az_AZ\" \/>\n<meta property=\"og:type\" content=\"article\" \/>\n<meta property=\"og:title\" content=\"\u018fm\u0259kdar artist v\u0259fat edib - MEYDAN.TV\" \/>\n<meta property=\"og:description\" content=\"O\u011flu: &#8220;H\u0259kim dedi ki, iflicd\u0259n ke\u00e7inib&#8221; \u018fm\u0259kdar artist, kino v\u0259 ... Davam\u0131\" \/>\n<meta property=\"og:url\" content=\"https:\/\/www.meydan.tv\/az\/article\/emekdar-artist-vefat-edib\/\" \/>\n<meta property=\"og:site_name\" content=\"MEYDAN.TV\" \/>\n<meta property=\"article:published_time\" content=\"2021-11-16T10:23:56+00:00\" \/>\n<meta property=\"article:modified_time\" content=\"2021-11-16T10:23:58+00:00\" \/>\n<meta property=\"og:image\" content=\"https:\/\/www.meydan.tv\/wp-content\/uploads\/untitled-design-1.gif\" \/>\n\t<meta property=\"og:image:width\" content=\"1200\" \/>\n\t<meta property=\"og:image:height\" content=\"800\" \/>\n\t<meta property=\"og:image:type\" content=\"image\/gif\" \/>\n<meta name=\"author\" content=\"elli\" \/>\n<meta name=\"twitter:card\" content=\"summary_large_image\" \/>\n<meta name=\"twitter:creator\" content=\"@elli\" \/>\n<script type=\"application\/ld+json\" class=\"yoast-schema-graph\">{\"@context\":\"https:\\\/\\\/schema.org\",\"@graph\":[{\"@type\":\"Article\",\"@id\":\"https:\\\/\\\/www.meydan.tv\\\/az\\\/article\\\/emekdar-artist-vefat-edib\\\/#article\",\"isPartOf\":{\"@id\":\"https:\\\/\\\/www.meydan.tv\\\/az\\\/article\\\/emekdar-artist-vefat-edib\\\/\"},\"author\":{\"name\":\"elli\",\"@id\":\"https:\\\/\\\/www.meydan.tv\\\/az\\\/#\\\/schema\\\/person\\\/9cdbecf90d17180ce1dfbd95b08dcf47\"},\"headline\":\"\u018fm\u0259kdar artist v\u0259fat edib\",\"datePublished\":\"2021-11-16T10:23:56+00:00\",\"dateModified\":\"2021-11-16T10:23:58+00:00\",\"mainEntityOfPage\":{\"@id\":\"https:\\\/\\\/www.meydan.tv\\\/az\\\/article\\\/emekdar-artist-vefat-edib\\\/\"},\"wordCount\":237,\"publisher\":{\"@id\":\"https:\\\/\\\/www.meydan.tv\\\/az\\\/#organization\"},\"image\":{\"@id\":\"https:\\\/\\\/www.meydan.tv\\\/az\\\/article\\\/emekdar-artist-vefat-edib\\\/#primaryimage\"},\"thumbnailUrl\":\"https:\\\/\\\/www.meydan.tv\\\/wp-content\\\/uploads\\\/untitled-design-1.gif\",\"articleSection\":[\"M\u0259d\u0259niyy\u0259t\",\"X\u0259b\u0259rl\u0259r\"],\"inLanguage\":\"az\"},{\"@type\":\"WebPage\",\"@id\":\"https:\\\/\\\/www.meydan.tv\\\/az\\\/article\\\/emekdar-artist-vefat-edib\\\/\",\"url\":\"https:\\\/\\\/www.meydan.tv\\\/az\\\/article\\\/emekdar-artist-vefat-edib\\\/\",\"name\":\"\u018fm\u0259kdar artist v\u0259fat edib - MEYDAN.TV\",\"isPartOf\":{\"@id\":\"https:\\\/\\\/www.meydan.tv\\\/az\\\/#website\"},\"primaryImageOfPage\":{\"@id\":\"https:\\\/\\\/www.meydan.tv\\\/az\\\/article\\\/emekdar-artist-vefat-edib\\\/#primaryimage\"},\"image\":{\"@id\":\"https:\\\/\\\/www.meydan.tv\\\/az\\\/article\\\/emekdar-artist-vefat-edib\\\/#primaryimage\"},\"thumbnailUrl\":\"https:\\\/\\\/www.meydan.tv\\\/wp-content\\\/uploads\\\/untitled-design-1.gif\",\"datePublished\":\"2021-11-16T10:23:56+00:00\",\"dateModified\":\"2021-11-16T10:23:58+00:00\",\"breadcrumb\":{\"@id\":\"https:\\\/\\\/www.meydan.tv\\\/az\\\/article\\\/emekdar-artist-vefat-edib\\\/#breadcrumb\"},\"inLanguage\":\"az\",\"potentialAction\":[{\"@type\":\"ReadAction\",\"target\":[\"https:\\\/\\\/www.meydan.tv\\\/az\\\/article\\\/emekdar-artist-vefat-edib\\\/\"]}]},{\"@type\":\"ImageObject\",\"inLanguage\":\"az\",\"@id\":\"https:\\\/\\\/www.meydan.tv\\\/az\\\/article\\\/emekdar-artist-vefat-edib\\\/#primaryimage\",\"url\":\"https:\\\/\\\/www.meydan.tv\\\/wp-content\\\/uploads\\\/untitled-design-1.gif\",\"contentUrl\":\"https:\\\/\\\/www.meydan.tv\\\/wp-content\\\/uploads\\\/untitled-design-1.gif\",\"width\":1200,\"height\":800,\"caption\":\"M\u0259cnun Hac\u0131b\u0259yov Foto: Report.az\"},{\"@type\":\"BreadcrumbList\",\"@id\":\"https:\\\/\\\/www.meydan.tv\\\/az\\\/article\\\/emekdar-artist-vefat-edib\\\/#breadcrumb\",\"itemListElement\":[{\"@type\":\"ListItem\",\"position\":1,\"name\":\"Ana s\u0259hif\u0259\",\"item\":\"https:\\\/\\\/www.meydan.tv\\\/az\\\/\"},{\"@type\":\"ListItem\",\"position\":2,\"name\":\"M\u0259d\u0259niyy\u0259t\",\"item\":\"https:\\\/\\\/www.meydan.tv\\\/az\\\/section\\\/medeniyyet\\\/\"},{\"@type\":\"ListItem\",\"position\":3,\"name\":\"\u018fm\u0259kdar artist v\u0259fat edib\"}]},{\"@type\":\"WebSite\",\"@id\":\"https:\\\/\\\/www.meydan.tv\\\/az\\\/#website\",\"url\":\"https:\\\/\\\/www.meydan.tv\\\/az\\\/\",\"name\":\"MEYDAN.TV\",\"description\":\"Meydan TV Az\u0259rbaycan\u0131n media m\u0259kan\u0131ndak\u0131 alternativ s\u0259sidir\",\"publisher\":{\"@id\":\"https:\\\/\\\/www.meydan.tv\\\/az\\\/#organization\"},\"potentialAction\":[{\"@type\":\"SearchAction\",\"target\":{\"@type\":\"EntryPoint\",\"urlTemplate\":\"https:\\\/\\\/www.meydan.tv\\\/az\\\/?s={search_term_string}\"},\"query-input\":{\"@type\":\"PropertyValueSpecification\",\"valueRequired\":true,\"valueName\":\"search_term_string\"}}],\"inLanguage\":\"az\"},{\"@type\":\"Organization\",\"@id\":\"https:\\\/\\\/www.meydan.tv\\\/az\\\/#organization\",\"name\":\"Meydan TV\",\"url\":\"https:\\\/\\\/www.meydan.tv\\\/az\\\/\",\"logo\":{\"@type\":\"ImageObject\",\"inLanguage\":\"az\",\"@id\":\"https:\\\/\\\/www.meydan.tv\\\/az\\\/#\\\/schema\\\/logo\\\/image\\\/\",\"url\":\"https:\\\/\\\/www.meydan.tv\\\/wp-content\\\/uploads\\\/2021\\\/07\\\/meydan-logo.svg\",\"contentUrl\":\"https:\\\/\\\/www.meydan.tv\\\/wp-content\\\/uploads\\\/2021\\\/07\\\/meydan-logo.svg\",\"width\":195,\"height\":46,\"caption\":\"Meydan TV\"},\"image\":{\"@id\":\"https:\\\/\\\/www.meydan.tv\\\/az\\\/#\\\/schema\\\/logo\\\/image\\\/\"}},{\"@type\":\"Person\",\"@id\":\"https:\\\/\\\/www.meydan.tv\\\/az\\\/#\\\/schema\\\/person\\\/9cdbecf90d17180ce1dfbd95b08dcf47\",\"name\":\"elli\",\"sameAs\":[\"https:\\\/\\\/x.com\\\/elli\"]}]}<\/script>\n<!-- \/ Yoast SEO plugin. -->","yoast_head_json":{"title":"\u018fm\u0259kdar artist v\u0259fat edib - MEYDAN.TV","robots":{"index":"index","follow":"follow","max-snippet":"max-snippet:-1","max-image-preview":"max-image-preview:large","max-video-preview":"max-video-preview:-1"},"canonical":"https:\/\/www.meydan.tv\/az\/article\/emekdar-artist-vefat-edib\/","og_locale":"az_AZ","og_type":"article","og_title":"\u018fm\u0259kdar artist v\u0259fat edib - MEYDAN.TV","og_description":"O\u011flu: &#8220;H\u0259kim dedi ki, iflicd\u0259n ke\u00e7inib&#8221; \u018fm\u0259kdar artist, kino v\u0259 ... Davam\u0131","og_url":"https:\/\/www.meydan.tv\/az\/article\/emekdar-artist-vefat-edib\/","og_site_name":"MEYDAN.TV","article_published_time":"2021-11-16T10:23:56+00:00","article_modified_time":"2021-11-16T10:23:58+00:00","og_image":[{"width":1200,"height":800,"url":"https:\/\/www.meydan.tv\/wp-content\/uploads\/untitled-design-1.gif","type":"image\/gif"}],"author":"elli","twitter_card":"summary_large_image","twitter_creator":"@elli","schema":{"@context":"https:\/\/schema.org","@graph":[{"@type":"Article","@id":"https:\/\/www.meydan.tv\/az\/article\/emekdar-artist-vefat-edib\/#article","isPartOf":{"@id":"https:\/\/www.meydan.tv\/az\/article\/emekdar-artist-vefat-edib\/"},"author":{"name":"elli","@id":"https:\/\/www.meydan.tv\/az\/#\/schema\/person\/9cdbecf90d17180ce1dfbd95b08dcf47"},"headline":"\u018fm\u0259kdar artist v\u0259fat edib","datePublished":"2021-11-16T10:23:56+00:00","dateModified":"2021-11-16T10:23:58+00:00","mainEntityOfPage":{"@id":"https:\/\/www.meydan.tv\/az\/article\/emekdar-artist-vefat-edib\/"},"wordCount":237,"publisher":{"@id":"https:\/\/www.meydan.tv\/az\/#organization"},"image":{"@id":"https:\/\/www.meydan.tv\/az\/article\/emekdar-artist-vefat-edib\/#primaryimage"},"thumbnailUrl":"https:\/\/www.meydan.tv\/wp-content\/uploads\/untitled-design-1.gif","articleSection":["M\u0259d\u0259niyy\u0259t","X\u0259b\u0259rl\u0259r"],"inLanguage":"az"},{"@type":"WebPage","@id":"https:\/\/www.meydan.tv\/az\/article\/emekdar-artist-vefat-edib\/","url":"https:\/\/www.meydan.tv\/az\/article\/emekdar-artist-vefat-edib\/","name":"\u018fm\u0259kdar artist v\u0259fat edib - MEYDAN.TV","isPartOf":{"@id":"https:\/\/www.meydan.tv\/az\/#website"},"primaryImageOfPage":{"@id":"https:\/\/www.meydan.tv\/az\/article\/emekdar-artist-vefat-edib\/#primaryimage"},"image":{"@id":"https:\/\/www.meydan.tv\/az\/article\/emekdar-artist-vefat-edib\/#primaryimage"},"thumbnailUrl":"https:\/\/www.meydan.tv\/wp-content\/uploads\/untitled-design-1.gif","datePublished":"2021-11-16T10:23:56+00:00","dateModified":"2021-11-16T10:23:58+00:00","breadcrumb":{"@id":"https:\/\/www.meydan.tv\/az\/article\/emekdar-artist-vefat-edib\/#breadcrumb"},"inLanguage":"az","potentialAction":[{"@type":"ReadAction","target":["https:\/\/www.meydan.tv\/az\/article\/emekdar-artist-vefat-edib\/"]}]},{"@type":"ImageObject","inLanguage":"az","@id":"https:\/\/www.meydan.tv\/az\/article\/emekdar-artist-vefat-edib\/#primaryimage","url":"https:\/\/www.meydan.tv\/wp-content\/uploads\/untitled-design-1.gif","contentUrl":"https:\/\/www.meydan.tv\/wp-content\/uploads\/untitled-design-1.gif","width":1200,"height":800,"caption":"M\u0259cnun Hac\u0131b\u0259yov Foto: Report.az"},{"@type":"BreadcrumbList","@id":"https:\/\/www.meydan.tv\/az\/article\/emekdar-artist-vefat-edib\/#breadcrumb","itemListElement":[{"@type":"ListItem","position":1,"name":"Ana s\u0259hif\u0259","item":"https:\/\/www.meydan.tv\/az\/"},{"@type":"ListItem","position":2,"name":"M\u0259d\u0259niyy\u0259t","item":"https:\/\/www.meydan.tv\/az\/section\/medeniyyet\/"},{"@type":"ListItem","position":3,"name":"\u018fm\u0259kdar artist v\u0259fat edib"}]},{"@type":"WebSite","@id":"https:\/\/www.meydan.tv\/az\/#website","url":"https:\/\/www.meydan.tv\/az\/","name":"MEYDAN.TV","description":"Meydan TV Az\u0259rbaycan\u0131n media m\u0259kan\u0131ndak\u0131 alternativ s\u0259sidir","publisher":{"@id":"https:\/\/www.meydan.tv\/az\/#organization"},"potentialAction":[{"@type":"SearchAction","target":{"@type":"EntryPoint","urlTemplate":"https:\/\/www.meydan.tv\/az\/?s={search_term_string}"},"query-input":{"@type":"PropertyValueSpecification","valueRequired":true,"valueName":"search_term_string"}}],"inLanguage":"az"},{"@type":"Organization","@id":"https:\/\/www.meydan.tv\/az\/#organization","name":"Meydan TV","url":"https:\/\/www.meydan.tv\/az\/","logo":{"@type":"ImageObject","inLanguage":"az","@id":"https:\/\/www.meydan.tv\/az\/#\/schema\/logo\/image\/","url":"https:\/\/www.meydan.tv\/wp-content\/uploads\/2021\/07\/meydan-logo.svg","contentUrl":"https:\/\/www.meydan.tv\/wp-content\/uploads\/2021\/07\/meydan-logo.svg","width":195,"height":46,"caption":"Meydan TV"},"image":{"@id":"https:\/\/www.meydan.tv\/az\/#\/schema\/logo\/image\/"}},{"@type":"Person","@id":"https:\/\/www.meydan.tv\/az\/#\/schema\/person\/9cdbecf90d17180ce1dfbd95b08dcf47","name":"elli","sameAs":["https:\/\/x.com\/elli"]}]}},"_links":{"self":[{"href":"https:\/\/www.meydan.tv\/az\/wp-json\/wp\/v2\/posts\/226193","targetHints":{"allow":["GET"]}}],"collection":[{"href":"https:\/\/www.meydan.tv\/az\/wp-json\/wp\/v2\/posts"}],"about":[{"href":"https:\/\/www.meydan.tv\/az\/wp-json\/wp\/v2\/types\/post"}],"author":[{"embeddable":true,"href":"https:\/\/www.meydan.tv\/az\/wp-json\/wp\/v2\/users\/8"}],"replies":[{"embeddable":true,"href":"https:\/\/www.meydan.tv\/az\/wp-json\/wp\/v2\/comments?post=226193"}],"version-history":[{"count":3,"href":"https:\/\/www.meydan.tv\/az\/wp-json\/wp\/v2\/posts\/226193\/revisions"}],"predecessor-version":[{"id":226207,"href":"https:\/\/www.meydan.tv\/az\/wp-json\/wp\/v2\/posts\/226193\/revisions\/226207"}],"wp:featuredmedia":[{"embeddable":true,"href":"https:\/\/www.meydan.tv\/az\/wp-json\/wp\/v2\/media\/226197"}],"wp:attachment":[{"href":"https:\/\/www.meydan.tv\/az\/wp-json\/wp\/v2\/media?parent=226193"}],"wp:term":[{"taxonomy":"category","embeddable":true,"href":"https:\/\/www.meydan.tv\/az\/wp-json\/wp\/v2\/categories?post=226193"},{"taxonomy":"post_tag","embeddable":true,"href":"https:\/\/www.meydan.tv\/az\/wp-json\/wp\/v2\/tags?post=226193"}],"curies":[{"name":"wp","href":"https:\/\/api.w.org\/{rel}","templated":true}]}}