{"id":226005,"date":"2021-11-15T12:13:57","date_gmt":"2021-11-15T08:13:57","guid":{"rendered":"https:\/\/www.meydan.tv\/?p=226005"},"modified":"2021-11-15T16:56:07","modified_gmt":"2021-11-15T12:56:07","slug":"ilham-eliyevi-tenqid-eden-axcp-uzvu-10-il-azadliqdan-mehrum-edildi","status":"publish","type":"post","link":"https:\/\/www.meydan.tv\/az\/article\/ilham-eliyevi-tenqid-eden-axcp-uzvu-10-il-azadliqdan-mehrum-edildi\/","title":{"rendered":"\u0130lham \u018fliyevi t\u0259nqid ed\u0259n AXCP \u00fczv\u00fc 10 il azadl\u0131qdan m\u0259hrum edildi"},"content":{"rendered":"\n<p>V\u0259kil m\u0259hk\u0259m\u0259 h\u00f6km\u00fcnd\u0259n apelyasiya \u015fikay\u0259ti ver\u0259c\u0259k<br><\/p>\n\n\n\n<p>Sosial \u015f\u0259b\u0259k\u0259l\u0259rd\u0259 h\u00f6kum\u0259ti, o c\u00fcml\u0259d\u0259n \u015f\u0259xs\u0259n Prezident \u0130lham \u018fliyevi t\u0259nqid ed\u0259r\u0259k, u\u015faqpulu verilm\u0259sini t\u0259l\u0259b ed\u0259n AXCP \u00fczv\u00fc Aqil H\u00fcmb\u0259tov 10 il azadl\u0131qdan m\u0259hrum edildi. Noyabr\u0131n 15-d\u0259 Bak\u0131 A\u011f\u0131r Cinay\u0259tl\u0259r M\u0259hk\u0259m\u0259sind\u0259 hakim Samir \u018fliyevin s\u0259drliyil\u0259 \u00e7\u0131xar\u0131lan h\u00f6km\u0259 \u0259sas\u0259n, o, Cinay\u0259t M\u0259c\u0259ll\u0259sinin 126.2.4 (\u00fcmumi t\u0259hl\u00fck\u0259li \u00fcsulla, xuliqanl\u0131q niyy\u0259til\u0259 q\u0259sd\u0259n sa\u011flaml\u0131\u011fa a\u011f\u0131r z\u0259r\u0259r vurma) madd\u0259sil\u0259 t\u0259qsirli bilinib. <\/p>\n\n\n\n<p>\u0130ddia olunur ki, o, X\u0259z\u0259r rayonu, Zir\u0259 q\u0259s\u0259b\u0259sind\u0259 Yam\u0259n M\u0259mm\u0259dov adl\u0131 \u015f\u0259xsi b\u0131\u00e7aqlay\u0131b.<br><\/p>\n\n\n\n<p>Aqil H\u00fcmb\u0259tov is\u0259 bu ittiham\u0131n yalan oldu\u011funu, siyasi sifari\u015fl\u0259 h\u0259bs edildiyini bildirib. H\u00f6kmd\u0259n \u0259vv\u0259l son s\u00f6z\u00fcnd\u0259 d\u0259 deyib ki, h\u0259bsinin s\u0259b\u0259bi sosial \u015f\u0259b\u0259k\u0259l\u0259rd\u0259ki canl\u0131 yay\u0131mlarda \u00e7\u0131x\u0131\u015flar\u0131d\u0131r. H\u0259min \u00e7\u0131x\u0131\u015flar\u0131nda o, h\u00f6kum\u0259tin sosial siyas\u0259tini t\u0259nqid edir, Prezident ail\u0259si d\u0259 daxil olmaqla, m\u0259mur \u00f6vladlar\u0131n\u0131n milyonlarla manatl\u0131q \u0259mlaka sahib oldu\u011fu halda, sad\u0259 insanlar\u0131n u\u015faqlar\u0131na \u00e7\u00f6r\u0259k alma\u011fa imkan\u0131 olmad\u0131\u011f\u0131n\u0131 bildirirdi. O, h\u00f6kum\u0259tin u\u015faqpulu verm\u0259sini t\u0259l\u0259b edirdi.<br><\/p>\n\n\n\n<p>Aqil H\u00fcmb\u0259tov son s\u00f6z\u00fcnd\u0259 bildirib ki, Yam\u0259n M\u0259mm\u0259dov \u00f6z-\u00f6z\u00fcn\u00fc b\u0131\u00e7aqlay\u0131b. Onun s\u00f6zl\u0259rin\u0259 g\u00f6r\u0259, zibill\u0259rini atmaq ad\u0131yla onu \u00e7a\u011f\u0131r\u0131b, orada t\u0259xribat yarad\u0131blar. AXCP f\u0259al\u0131n\u0131n s\u00f6zl\u0259rin\u0259 g\u00f6r\u0259, d\u0259rhal polisl\u0259rin hadis\u0259 yerin\u0259 \u00e7atmas\u0131, t\u0259cili yard\u0131ma z\u0259ng ed\u0259n n\u00f6mr\u0259nin X\u0259z\u0259r Rayon Polis \u0130dar\u0259sinin r\u0259is m\u00fcavinin\u0259 m\u0259xsuslu\u011fu da bu hadis\u0259nin \u0259vv\u0259ld\u0259n planla\u015fd\u0131r\u0131lm\u0131\u015f t\u0259xribat oldu\u011funu s\u00fcbut edir: <\/p>\n\n\n\n<p>\u201c215-l\u0259 ba\u015flayan n\u00f6mr\u0259d\u0259n z\u0259ng olunub. Amma yaz\u0131blar ki, guya t\u0259cili yard\u0131ma Yam\u0259n M\u0259mm\u0259dovun anas\u0131 z\u0259ng el\u0259yib. Guya \u0259vv\u0259l t\u0259cili yard\u0131m g\u0259lib, sonra polisl\u0259r, amma \u0259slind\u0259 bel\u0259 olmay\u0131b\u201d.<br><\/p>\n\n\n\n<p>Aqil H\u00fcmb\u0259tov deyib ki, onu saxlay\u0131b polis idar\u0259sin\u0259 aparandan sonra orada i\u015fg\u0259nc\u0259 verib, zorlamaqla h\u0259d\u0259l\u0259yib, \u00f6z \u0259leyhin\u0259 olan yalan ifad\u0259ni imzalama\u011fa m\u0259cbur edibl\u0259r.<br><\/p>\n\n\n\n<p>Aqil H\u00fcmb\u0259tovun v\u0259kili Nem\u0259t K\u0259rimli Meydan TV-y\u0259 bildirib ki, m\u0259hk\u0259m\u0259 bu cinay\u0259t i\u015fi il\u0259 ba\u011fl\u0131 bir \u00e7ox zidiyy\u0259ti ara\u015fd\u0131rmad\u0131, ekspertiza ke\u00e7irm\u0259kd\u0259n imtina etdi. V\u0259kil h\u00f6kmd\u0259n apelyasiya \u015fikay\u0259ti ver\u0259c\u0259k.<br>Aqil H\u00fcmb\u0259tov k\u00fc\u00e7\u0259d\u0259n y\u0131\u011fd\u0131\u011f\u0131 tullant\u0131lar\u0131 \u00e7e\u015fidl\u0259yib t\u0259hvil verm\u0259kl\u0259, ya\u015fad\u0131\u011f\u0131 q\u0259s\u0259b\u0259d\u0259 zibill\u0259rin y\u0131\u011f\u0131\u015fd\u0131r\u0131lmas\u0131 v\u0259 s. i\u015fl\u0259rl\u0259 m\u0259\u015f\u011ful olmaqla ail\u0259sini doland\u0131r\u0131rd\u0131.<br><\/p>\n\n\n\n<p>O, 2020-ci mart\u0131n 29-da \u201cFacebook\u201d hesab\u0131ndan t\u0259nqidi \u00e7\u0131x\u0131\u015flar\u0131ndan birind\u0259n sonra tutulub X\u0259z\u0259r rayonu, 1-ci polis b\u00f6lm\u0259sin\u0259 apar\u0131l\u0131b. Daha sonra b\u00f6lm\u0259y\u0259 \u00e7a\u011fr\u0131lan T\u0259cili Tibbi Yard\u0131m ma\u015f\u0131n\u0131yla onu Ma\u015fta\u011fadak\u0131 1 sayl\u0131 Psixiatriya X\u0259st\u0259xanas\u0131na <a href=\"https:\/\/www.meydan.tv\/az\/article\/aqil-humbetovu-daha-1-ay-psixiatriya-xestexanasinda-saxlayacaqlar\/\" target=\"_blank\" rel=\"noreferrer noopener\">yerl\u0259\u015fdiribl\u0259r<\/a>. Orada onu \u00fc\u00e7 ay m\u0259cburi saxlad\u0131qdan sonra burax\u0131blar.<br><\/p>\n\n\n\n<p>Aqil H\u00fcmm\u0259tova ondan \u0259vv\u0259l d\u0259 inzibati h\u0259bs c\u0259zas\u0131 verilmi\u015fdi. O zaman o, polis\u0259 m\u00fcqavim\u0259td\u0259 t\u0259qsirl\u0259ndirils\u0259 d\u0259, \u00f6z\u00fc deyirdi ki, yaland\u0131r, h\u0259bsinin s\u0259b\u0259bi iki g\u00fcn \u00f6nc\u0259 prezidenti t\u0259nqid etm\u0259sidir.<\/p>\n","protected":false},"excerpt":{"rendered":"<p>V\u0259kil m\u0259hk\u0259m\u0259 h\u00f6km\u00fcnd\u0259n apelyasiya \u015fikay\u0259ti ver\u0259c\u0259k Sosial \u015f\u0259b\u0259k\u0259l\u0259rd\u0259 h\u00f6kum\u0259ti, o &#8230; <\/p>\n<p class=\"read-more-container\"><a title=\"\u0130lham \u018fliyevi t\u0259nqid ed\u0259n AXCP \u00fczv\u00fc 10 il azadl\u0131qdan m\u0259hrum edildi\" class=\"read-more button\" href=\"https:\/\/www.meydan.tv\/az\/article\/ilham-eliyevi-tenqid-eden-axcp-uzvu-10-il-azadliqdan-mehrum-edildi\/#more-226005\" aria-label=\"Read more about \u0130lham \u018fliyevi t\u0259nqid ed\u0259n AXCP \u00fczv\u00fc 10 il azadl\u0131qdan m\u0259hrum edildi\">Davam\u0131<\/a><\/p>\n","protected":false},"author":8,"featured_media":121355,"comment_status":"closed","ping_status":"closed","sticky":false,"template":"","format":"standard","meta":{"_acf_changed":false,"_sitemap_exclude":false,"_sitemap_priority":"","_sitemap_frequency":"","footnotes":""},"categories":[59,79,56],"tags":[],"class_list":["post-226005","post","type-post","status-publish","format-standard","has-post-thumbnail","hentry","category-siyaset","category-featured","category-xeberler","infinite-scroll-item","generate-columns","tablet-grid-50","mobile-grid-100","grid-parent","grid-33","no-featured-image-padding"],"acf":[],"yoast_head":"<!-- This site is optimized with the Yoast SEO plugin v27.4 - https:\/\/yoast.com\/product\/yoast-seo-wordpress\/ -->\n<title>\u0130lham \u018fliyevi t\u0259nqid ed\u0259n AXCP \u00fczv\u00fc 10 il azadl\u0131qdan m\u0259hrum edildi - MEYDAN.TV<\/title>\n<meta name=\"robots\" content=\"index, follow, max-snippet:-1, max-image-preview:large, max-video-preview:-1\" \/>\n<link rel=\"canonical\" href=\"https:\/\/www.meydan.tv\/az\/article\/ilham-eliyevi-tenqid-eden-axcp-uzvu-10-il-azadliqdan-mehrum-edildi\/\" \/>\n<meta property=\"og:locale\" content=\"az_AZ\" \/>\n<meta property=\"og:type\" content=\"article\" \/>\n<meta property=\"og:title\" content=\"\u0130lham \u018fliyevi t\u0259nqid ed\u0259n AXCP \u00fczv\u00fc 10 il azadl\u0131qdan m\u0259hrum edildi - MEYDAN.TV\" \/>\n<meta property=\"og:description\" content=\"V\u0259kil m\u0259hk\u0259m\u0259 h\u00f6km\u00fcnd\u0259n apelyasiya \u015fikay\u0259ti ver\u0259c\u0259k Sosial \u015f\u0259b\u0259k\u0259l\u0259rd\u0259 h\u00f6kum\u0259ti, o ... Davam\u0131\" \/>\n<meta property=\"og:url\" content=\"https:\/\/www.meydan.tv\/az\/article\/ilham-eliyevi-tenqid-eden-axcp-uzvu-10-il-azadliqdan-mehrum-edildi\/\" \/>\n<meta property=\"og:site_name\" content=\"MEYDAN.TV\" \/>\n<meta property=\"article:published_time\" content=\"2021-11-15T08:13:57+00:00\" \/>\n<meta property=\"article:modified_time\" content=\"2021-11-15T12:56:07+00:00\" \/>\n<meta property=\"og:image\" content=\"https:\/\/www.meydan.tv\/wp-content\/uploads\/untitled_design_26.png\" \/>\n\t<meta property=\"og:image:width\" content=\"1280\" \/>\n\t<meta property=\"og:image:height\" content=\"720\" \/>\n\t<meta property=\"og:image:type\" content=\"image\/png\" \/>\n<meta name=\"author\" content=\"elli\" \/>\n<meta name=\"twitter:card\" content=\"summary_large_image\" \/>\n<meta name=\"twitter:creator\" content=\"@elli\" \/>\n<script type=\"application\/ld+json\" class=\"yoast-schema-graph\">{\"@context\":\"https:\\\/\\\/schema.org\",\"@graph\":[{\"@type\":\"Article\",\"@id\":\"https:\\\/\\\/www.meydan.tv\\\/az\\\/article\\\/ilham-eliyevi-tenqid-eden-axcp-uzvu-10-il-azadliqdan-mehrum-edildi\\\/#article\",\"isPartOf\":{\"@id\":\"https:\\\/\\\/www.meydan.tv\\\/az\\\/article\\\/ilham-eliyevi-tenqid-eden-axcp-uzvu-10-il-azadliqdan-mehrum-edildi\\\/\"},\"author\":{\"name\":\"elli\",\"@id\":\"https:\\\/\\\/www.meydan.tv\\\/az\\\/#\\\/schema\\\/person\\\/9cdbecf90d17180ce1dfbd95b08dcf47\"},\"headline\":\"\u0130lham \u018fliyevi t\u0259nqid ed\u0259n AXCP \u00fczv\u00fc 10 il azadl\u0131qdan m\u0259hrum edildi\",\"datePublished\":\"2021-11-15T08:13:57+00:00\",\"dateModified\":\"2021-11-15T12:56:07+00:00\",\"mainEntityOfPage\":{\"@id\":\"https:\\\/\\\/www.meydan.tv\\\/az\\\/article\\\/ilham-eliyevi-tenqid-eden-axcp-uzvu-10-il-azadliqdan-mehrum-edildi\\\/\"},\"wordCount\":651,\"publisher\":{\"@id\":\"https:\\\/\\\/www.meydan.tv\\\/az\\\/#organization\"},\"image\":{\"@id\":\"https:\\\/\\\/www.meydan.tv\\\/az\\\/article\\\/ilham-eliyevi-tenqid-eden-axcp-uzvu-10-il-azadliqdan-mehrum-edildi\\\/#primaryimage\"},\"thumbnailUrl\":\"https:\\\/\\\/www.meydan.tv\\\/wp-content\\\/uploads\\\/untitled_design_26.png\",\"articleSection\":[\"Siyas\u0259t\",\"T\u00f6vsiy\u0259\",\"X\u0259b\u0259rl\u0259r\"],\"inLanguage\":\"az\"},{\"@type\":\"WebPage\",\"@id\":\"https:\\\/\\\/www.meydan.tv\\\/az\\\/article\\\/ilham-eliyevi-tenqid-eden-axcp-uzvu-10-il-azadliqdan-mehrum-edildi\\\/\",\"url\":\"https:\\\/\\\/www.meydan.tv\\\/az\\\/article\\\/ilham-eliyevi-tenqid-eden-axcp-uzvu-10-il-azadliqdan-mehrum-edildi\\\/\",\"name\":\"\u0130lham \u018fliyevi t\u0259nqid ed\u0259n AXCP \u00fczv\u00fc 10 il azadl\u0131qdan m\u0259hrum edildi - MEYDAN.TV\",\"isPartOf\":{\"@id\":\"https:\\\/\\\/www.meydan.tv\\\/az\\\/#website\"},\"primaryImageOfPage\":{\"@id\":\"https:\\\/\\\/www.meydan.tv\\\/az\\\/article\\\/ilham-eliyevi-tenqid-eden-axcp-uzvu-10-il-azadliqdan-mehrum-edildi\\\/#primaryimage\"},\"image\":{\"@id\":\"https:\\\/\\\/www.meydan.tv\\\/az\\\/article\\\/ilham-eliyevi-tenqid-eden-axcp-uzvu-10-il-azadliqdan-mehrum-edildi\\\/#primaryimage\"},\"thumbnailUrl\":\"https:\\\/\\\/www.meydan.tv\\\/wp-content\\\/uploads\\\/untitled_design_26.png\",\"datePublished\":\"2021-11-15T08:13:57+00:00\",\"dateModified\":\"2021-11-15T12:56:07+00:00\",\"breadcrumb\":{\"@id\":\"https:\\\/\\\/www.meydan.tv\\\/az\\\/article\\\/ilham-eliyevi-tenqid-eden-axcp-uzvu-10-il-azadliqdan-mehrum-edildi\\\/#breadcrumb\"},\"inLanguage\":\"az\",\"potentialAction\":[{\"@type\":\"ReadAction\",\"target\":[\"https:\\\/\\\/www.meydan.tv\\\/az\\\/article\\\/ilham-eliyevi-tenqid-eden-axcp-uzvu-10-il-azadliqdan-mehrum-edildi\\\/\"]}]},{\"@type\":\"ImageObject\",\"inLanguage\":\"az\",\"@id\":\"https:\\\/\\\/www.meydan.tv\\\/az\\\/article\\\/ilham-eliyevi-tenqid-eden-axcp-uzvu-10-il-azadliqdan-mehrum-edildi\\\/#primaryimage\",\"url\":\"https:\\\/\\\/www.meydan.tv\\\/wp-content\\\/uploads\\\/untitled_design_26.png\",\"contentUrl\":\"https:\\\/\\\/www.meydan.tv\\\/wp-content\\\/uploads\\\/untitled_design_26.png\",\"width\":1280,\"height\":720,\"caption\":\"Foto: Meydan TV\"},{\"@type\":\"BreadcrumbList\",\"@id\":\"https:\\\/\\\/www.meydan.tv\\\/az\\\/article\\\/ilham-eliyevi-tenqid-eden-axcp-uzvu-10-il-azadliqdan-mehrum-edildi\\\/#breadcrumb\",\"itemListElement\":[{\"@type\":\"ListItem\",\"position\":1,\"name\":\"Ana s\u0259hif\u0259\",\"item\":\"https:\\\/\\\/www.meydan.tv\\\/az\\\/\"},{\"@type\":\"ListItem\",\"position\":2,\"name\":\"Siyas\u0259t\",\"item\":\"https:\\\/\\\/www.meydan.tv\\\/az\\\/section\\\/siyaset\\\/\"},{\"@type\":\"ListItem\",\"position\":3,\"name\":\"\u0130lham \u018fliyevi t\u0259nqid ed\u0259n AXCP \u00fczv\u00fc 10 il azadl\u0131qdan m\u0259hrum edildi\"}]},{\"@type\":\"WebSite\",\"@id\":\"https:\\\/\\\/www.meydan.tv\\\/az\\\/#website\",\"url\":\"https:\\\/\\\/www.meydan.tv\\\/az\\\/\",\"name\":\"MEYDAN.TV\",\"description\":\"Meydan TV Az\u0259rbaycan\u0131n media m\u0259kan\u0131ndak\u0131 alternativ s\u0259sidir\",\"publisher\":{\"@id\":\"https:\\\/\\\/www.meydan.tv\\\/az\\\/#organization\"},\"potentialAction\":[{\"@type\":\"SearchAction\",\"target\":{\"@type\":\"EntryPoint\",\"urlTemplate\":\"https:\\\/\\\/www.meydan.tv\\\/az\\\/?s={search_term_string}\"},\"query-input\":{\"@type\":\"PropertyValueSpecification\",\"valueRequired\":true,\"valueName\":\"search_term_string\"}}],\"inLanguage\":\"az\"},{\"@type\":\"Organization\",\"@id\":\"https:\\\/\\\/www.meydan.tv\\\/az\\\/#organization\",\"name\":\"Meydan TV\",\"url\":\"https:\\\/\\\/www.meydan.tv\\\/az\\\/\",\"logo\":{\"@type\":\"ImageObject\",\"inLanguage\":\"az\",\"@id\":\"https:\\\/\\\/www.meydan.tv\\\/az\\\/#\\\/schema\\\/logo\\\/image\\\/\",\"url\":\"https:\\\/\\\/www.meydan.tv\\\/wp-content\\\/uploads\\\/2021\\\/07\\\/meydan-logo.svg\",\"contentUrl\":\"https:\\\/\\\/www.meydan.tv\\\/wp-content\\\/uploads\\\/2021\\\/07\\\/meydan-logo.svg\",\"width\":195,\"height\":46,\"caption\":\"Meydan TV\"},\"image\":{\"@id\":\"https:\\\/\\\/www.meydan.tv\\\/az\\\/#\\\/schema\\\/logo\\\/image\\\/\"}},{\"@type\":\"Person\",\"@id\":\"https:\\\/\\\/www.meydan.tv\\\/az\\\/#\\\/schema\\\/person\\\/9cdbecf90d17180ce1dfbd95b08dcf47\",\"name\":\"elli\",\"sameAs\":[\"https:\\\/\\\/x.com\\\/elli\"]}]}<\/script>\n<!-- \/ Yoast SEO plugin. -->","yoast_head_json":{"title":"\u0130lham \u018fliyevi t\u0259nqid ed\u0259n AXCP \u00fczv\u00fc 10 il azadl\u0131qdan m\u0259hrum edildi - MEYDAN.TV","robots":{"index":"index","follow":"follow","max-snippet":"max-snippet:-1","max-image-preview":"max-image-preview:large","max-video-preview":"max-video-preview:-1"},"canonical":"https:\/\/www.meydan.tv\/az\/article\/ilham-eliyevi-tenqid-eden-axcp-uzvu-10-il-azadliqdan-mehrum-edildi\/","og_locale":"az_AZ","og_type":"article","og_title":"\u0130lham \u018fliyevi t\u0259nqid ed\u0259n AXCP \u00fczv\u00fc 10 il azadl\u0131qdan m\u0259hrum edildi - MEYDAN.TV","og_description":"V\u0259kil m\u0259hk\u0259m\u0259 h\u00f6km\u00fcnd\u0259n apelyasiya \u015fikay\u0259ti ver\u0259c\u0259k Sosial \u015f\u0259b\u0259k\u0259l\u0259rd\u0259 h\u00f6kum\u0259ti, o ... Davam\u0131","og_url":"https:\/\/www.meydan.tv\/az\/article\/ilham-eliyevi-tenqid-eden-axcp-uzvu-10-il-azadliqdan-mehrum-edildi\/","og_site_name":"MEYDAN.TV","article_published_time":"2021-11-15T08:13:57+00:00","article_modified_time":"2021-11-15T12:56:07+00:00","og_image":[{"width":1280,"height":720,"url":"https:\/\/www.meydan.tv\/wp-content\/uploads\/untitled_design_26.png","type":"image\/png"}],"author":"elli","twitter_card":"summary_large_image","twitter_creator":"@elli","schema":{"@context":"https:\/\/schema.org","@graph":[{"@type":"Article","@id":"https:\/\/www.meydan.tv\/az\/article\/ilham-eliyevi-tenqid-eden-axcp-uzvu-10-il-azadliqdan-mehrum-edildi\/#article","isPartOf":{"@id":"https:\/\/www.meydan.tv\/az\/article\/ilham-eliyevi-tenqid-eden-axcp-uzvu-10-il-azadliqdan-mehrum-edildi\/"},"author":{"name":"elli","@id":"https:\/\/www.meydan.tv\/az\/#\/schema\/person\/9cdbecf90d17180ce1dfbd95b08dcf47"},"headline":"\u0130lham \u018fliyevi t\u0259nqid ed\u0259n AXCP \u00fczv\u00fc 10 il azadl\u0131qdan m\u0259hrum edildi","datePublished":"2021-11-15T08:13:57+00:00","dateModified":"2021-11-15T12:56:07+00:00","mainEntityOfPage":{"@id":"https:\/\/www.meydan.tv\/az\/article\/ilham-eliyevi-tenqid-eden-axcp-uzvu-10-il-azadliqdan-mehrum-edildi\/"},"wordCount":651,"publisher":{"@id":"https:\/\/www.meydan.tv\/az\/#organization"},"image":{"@id":"https:\/\/www.meydan.tv\/az\/article\/ilham-eliyevi-tenqid-eden-axcp-uzvu-10-il-azadliqdan-mehrum-edildi\/#primaryimage"},"thumbnailUrl":"https:\/\/www.meydan.tv\/wp-content\/uploads\/untitled_design_26.png","articleSection":["Siyas\u0259t","T\u00f6vsiy\u0259","X\u0259b\u0259rl\u0259r"],"inLanguage":"az"},{"@type":"WebPage","@id":"https:\/\/www.meydan.tv\/az\/article\/ilham-eliyevi-tenqid-eden-axcp-uzvu-10-il-azadliqdan-mehrum-edildi\/","url":"https:\/\/www.meydan.tv\/az\/article\/ilham-eliyevi-tenqid-eden-axcp-uzvu-10-il-azadliqdan-mehrum-edildi\/","name":"\u0130lham \u018fliyevi t\u0259nqid ed\u0259n AXCP \u00fczv\u00fc 10 il azadl\u0131qdan m\u0259hrum edildi - MEYDAN.TV","isPartOf":{"@id":"https:\/\/www.meydan.tv\/az\/#website"},"primaryImageOfPage":{"@id":"https:\/\/www.meydan.tv\/az\/article\/ilham-eliyevi-tenqid-eden-axcp-uzvu-10-il-azadliqdan-mehrum-edildi\/#primaryimage"},"image":{"@id":"https:\/\/www.meydan.tv\/az\/article\/ilham-eliyevi-tenqid-eden-axcp-uzvu-10-il-azadliqdan-mehrum-edildi\/#primaryimage"},"thumbnailUrl":"https:\/\/www.meydan.tv\/wp-content\/uploads\/untitled_design_26.png","datePublished":"2021-11-15T08:13:57+00:00","dateModified":"2021-11-15T12:56:07+00:00","breadcrumb":{"@id":"https:\/\/www.meydan.tv\/az\/article\/ilham-eliyevi-tenqid-eden-axcp-uzvu-10-il-azadliqdan-mehrum-edildi\/#breadcrumb"},"inLanguage":"az","potentialAction":[{"@type":"ReadAction","target":["https:\/\/www.meydan.tv\/az\/article\/ilham-eliyevi-tenqid-eden-axcp-uzvu-10-il-azadliqdan-mehrum-edildi\/"]}]},{"@type":"ImageObject","inLanguage":"az","@id":"https:\/\/www.meydan.tv\/az\/article\/ilham-eliyevi-tenqid-eden-axcp-uzvu-10-il-azadliqdan-mehrum-edildi\/#primaryimage","url":"https:\/\/www.meydan.tv\/wp-content\/uploads\/untitled_design_26.png","contentUrl":"https:\/\/www.meydan.tv\/wp-content\/uploads\/untitled_design_26.png","width":1280,"height":720,"caption":"Foto: Meydan TV"},{"@type":"BreadcrumbList","@id":"https:\/\/www.meydan.tv\/az\/article\/ilham-eliyevi-tenqid-eden-axcp-uzvu-10-il-azadliqdan-mehrum-edildi\/#breadcrumb","itemListElement":[{"@type":"ListItem","position":1,"name":"Ana s\u0259hif\u0259","item":"https:\/\/www.meydan.tv\/az\/"},{"@type":"ListItem","position":2,"name":"Siyas\u0259t","item":"https:\/\/www.meydan.tv\/az\/section\/siyaset\/"},{"@type":"ListItem","position":3,"name":"\u0130lham \u018fliyevi t\u0259nqid ed\u0259n AXCP \u00fczv\u00fc 10 il azadl\u0131qdan m\u0259hrum edildi"}]},{"@type":"WebSite","@id":"https:\/\/www.meydan.tv\/az\/#website","url":"https:\/\/www.meydan.tv\/az\/","name":"MEYDAN.TV","description":"Meydan TV Az\u0259rbaycan\u0131n media m\u0259kan\u0131ndak\u0131 alternativ s\u0259sidir","publisher":{"@id":"https:\/\/www.meydan.tv\/az\/#organization"},"potentialAction":[{"@type":"SearchAction","target":{"@type":"EntryPoint","urlTemplate":"https:\/\/www.meydan.tv\/az\/?s={search_term_string}"},"query-input":{"@type":"PropertyValueSpecification","valueRequired":true,"valueName":"search_term_string"}}],"inLanguage":"az"},{"@type":"Organization","@id":"https:\/\/www.meydan.tv\/az\/#organization","name":"Meydan TV","url":"https:\/\/www.meydan.tv\/az\/","logo":{"@type":"ImageObject","inLanguage":"az","@id":"https:\/\/www.meydan.tv\/az\/#\/schema\/logo\/image\/","url":"https:\/\/www.meydan.tv\/wp-content\/uploads\/2021\/07\/meydan-logo.svg","contentUrl":"https:\/\/www.meydan.tv\/wp-content\/uploads\/2021\/07\/meydan-logo.svg","width":195,"height":46,"caption":"Meydan TV"},"image":{"@id":"https:\/\/www.meydan.tv\/az\/#\/schema\/logo\/image\/"}},{"@type":"Person","@id":"https:\/\/www.meydan.tv\/az\/#\/schema\/person\/9cdbecf90d17180ce1dfbd95b08dcf47","name":"elli","sameAs":["https:\/\/x.com\/elli"]}]}},"_links":{"self":[{"href":"https:\/\/www.meydan.tv\/az\/wp-json\/wp\/v2\/posts\/226005","targetHints":{"allow":["GET"]}}],"collection":[{"href":"https:\/\/www.meydan.tv\/az\/wp-json\/wp\/v2\/posts"}],"about":[{"href":"https:\/\/www.meydan.tv\/az\/wp-json\/wp\/v2\/types\/post"}],"author":[{"embeddable":true,"href":"https:\/\/www.meydan.tv\/az\/wp-json\/wp\/v2\/users\/8"}],"replies":[{"embeddable":true,"href":"https:\/\/www.meydan.tv\/az\/wp-json\/wp\/v2\/comments?post=226005"}],"version-history":[{"count":3,"href":"https:\/\/www.meydan.tv\/az\/wp-json\/wp\/v2\/posts\/226005\/revisions"}],"predecessor-version":[{"id":226092,"href":"https:\/\/www.meydan.tv\/az\/wp-json\/wp\/v2\/posts\/226005\/revisions\/226092"}],"wp:featuredmedia":[{"embeddable":true,"href":"https:\/\/www.meydan.tv\/az\/wp-json\/wp\/v2\/media\/121355"}],"wp:attachment":[{"href":"https:\/\/www.meydan.tv\/az\/wp-json\/wp\/v2\/media?parent=226005"}],"wp:term":[{"taxonomy":"category","embeddable":true,"href":"https:\/\/www.meydan.tv\/az\/wp-json\/wp\/v2\/categories?post=226005"},{"taxonomy":"post_tag","embeddable":true,"href":"https:\/\/www.meydan.tv\/az\/wp-json\/wp\/v2\/tags?post=226005"}],"curies":[{"name":"wp","href":"https:\/\/api.w.org\/{rel}","templated":true}]}}