{"id":225973,"date":"2021-11-14T02:40:48","date_gmt":"2021-11-13T22:40:48","guid":{"rendered":"https:\/\/www.meydan.tv\/?p=225973"},"modified":"2021-11-14T02:40:50","modified_gmt":"2021-11-13T22:40:50","slug":"tarix-tekrar-olur","status":"publish","type":"post","link":"https:\/\/www.meydan.tv\/az\/article\/tarix-tekrar-olur\/","title":{"rendered":"Tarix t\u0259krar olur"},"content":{"rendered":"\n<p>Vaxt deyilmi ki, soru\u015faq: \u201cN\u0259yin hesab\u0131na v\u0259t\u0259ndaslar\u0131m\u0131z\u0131n q\u0259sb olunmu\u015f h\u00fcquq v\u0259 azadl\u0131qlar\u0131n\u0131 qaytara bil\u0259c\u0259yik?\u201d<br><\/p>\n\n\n\n<p>1941-ci ild\u0259 ba\u015flam\u0131\u015f m\u00fcharib\u0259d\u0259 sovet xalq\u0131 olmaz\u0131n q\u0259hr\u0259manl\u0131q v\u0259 qurbanlar hesab\u0131na q\u0259sbkar d\u00fc\u015fm\u0259n\u0259 qalib g\u0259lib do\u011fma torpaqlar\u0131n\u0131 i\u015f\u011faldan azad etdi v\u0259 1945-ci ilin may\u0131nda onu z\u0259f\u0259rl\u0259 ba\u015fa vurdu.<br><\/p>\n\n\n\n<p>Q\u0259l\u0259b\u0259 ziyaf\u0259tind\u0259 Ali Ba\u015f Komandan \u0130osif Vissarionovi\u00e7 Stalin xalq\u0131n bu xidm\u0259tl\u0259rini qeyd edib q\u0259hr\u0259manlar\u0131n \u015f\u0259r\u0259fin\u0259 v\u0259 qurbanlar\u0131n xatir\u0259sin\u0259 m\u0259zmunlu nitq s\u00f6yl\u0259di.<br><\/p>\n\n\n\n<p>Lakin eyni zamanda bu q\u0259hr\u0259manlar \u201cqudurmas\u0131n\u201d dey\u0259 c\u0259za qurumlar\u0131na m\u00fcvafiq tap\u015f\u0131r\u0131qlar verdi. <\/p>\n\n\n\n<p>Q\u0259l\u0259b\u0259sind\u0259n raz\u0131, h\u0259dd\u0259n ziyad\u0259 m\u0259\u011frur v\u0259 \u00f6z\u00fcn\u0259 laz\u0131mi h\u00f6rm\u0259ti t\u0259l\u0259b ed\u0259n m\u00fcz\u0259ff\u0259r sovet \u0259sg\u0259r v\u0259 zabitl\u0259rini \u0259zm\u0259y\u0259, d\u00f6ym\u0259y\u0259 v\u0259 tutma\u011fa ba\u015flad\u0131lar. Lap dikba\u015flar\u0131 QULAQa sald\u0131lar, tez s\u0131nanlar\u0131 sad\u0259c\u0259 d\u00f6y\u00fcb onlara izah etdil\u0259r ki, B\u00f6y\u00fck V\u0259t\u0259n M\u00fcharib\u0259sind\u0259 \u015fanl\u0131 z\u0259f\u0259r he\u00e7 d\u0259 o dem\u0259k deyil ki, zal\u0131m siyasi qurulu\u015fun mahiyy\u0259ti d\u0259yi\u015fib. Xalq partokratlar\u0131n istibdad\u0131ndan qurtula bilm\u0259y\u0259c\u0259k, yax\u015f\u0131s\u0131 budur ki, ba\u015f\u0131n\u0131 a\u015fa\u011f\u0131 sal\u0131b s\u0259sini \u00e7\u0131xarmas\u0131n, haqq\u0131n\u0131 t\u0259l\u0259b etm\u0259sin.<br><\/p>\n\n\n\n<p>Bu ac\u0131 tarix bar\u0259d\u0259, m\u00fcz\u0259ff\u0259r sovet d\u00f6y\u00fc\u015f\u00e7\u00fcl\u0259rinin v\u0259t\u0259nda\u015f q\u00fcrur v\u0259 l\u0259yaq\u0259tinin q\u0131r\u0131lmas\u0131 bar\u0259d\u0259 rus \u0259d\u0259biyyat\u0131 v\u0259 tarixi kifay\u0259t q\u0259d\u0259r yaz\u0131b, t\u0259svir v\u0259 t\u0259hlil edib.<br><\/p>\n\n\n\n<p>\u0130ndi bizim \u0259dib v\u0259 tarix\u00e7il\u0259rimiz \u00f6z borclar\u0131n\u0131 yerin\u0259 yetirm\u0259lidirl\u0259r, Az\u0259rbaycan Respublikas\u0131na a\u011fal\u0131q ed\u0259n siyasi z\u00fcmr\u0259nin bizim V\u0259t\u0259n M\u00fcharib\u0259sind\u0259 q\u0259l\u0259b\u0259 \u00e7alm\u0131\u015f d\u00f6y\u00fc\u015f\u00e7\u00fcl\u0259rimizi d\u00f6vl\u0259tin c\u0259za ma\u015f\u0131n\u0131 vasit\u0259sil\u0259 s\u0131nd\u0131rmas\u0131n\u0131 t\u0259svir v\u0259 t\u0259hlil etm\u0259lidirl\u0259r. Bacaracaqlarm\u0131?<br><\/p>\n\n\n\n<p>44 g\u00fcnl\u00fck sava\u015fda can\u0131 v\u0259 qan\u0131 hesab\u0131na q\u0259l\u0259b\u0259 \u00e7alm\u0131\u015f qazi d\u00f6vl\u0259td\u0259n n\u0259 ist\u0259yir? Deyir ki, \u00e7\u0259kilib hakimiyy\u0259ti v\u0259 neft milyardlar\u0131n\u0131 m\u0259n\u0259 ver? Deyir ki, mahiyy\u0259ti v\u0259 bacar\u0131\u011f\u0131 bir abbas\u0131ya d\u0259ym\u0259y\u0259n o\u011fru m\u0259mur bahal\u0131 villas\u0131ndan \u00e7\u0131x\u0131b onu evsiz-e\u015fiksiz qaziy\u0259 versin?<br><\/p>\n\n\n\n<p>\u018fsla yox, bizim qazi insafl\u0131 v\u0259 t\u0259vaz\u00f6kar insand\u0131r, o, sad\u0259c\u0259 \u00f6z\u00fcn\u0259 v\u0259 ail\u0259sin\u0259 yuva, i\u015f v\u0259 \u00e7\u00f6r\u0259k ist\u0259yir. Yuva, y\u0259ni m\u0259nzil, i\u015f, y\u0259ni z\u0259hm\u0259til\u0259 halal ruzu qazanmaq imkan\u0131 ist\u0259yir. V\u0259ssalam.<br><\/p>\n\n\n\n<p>Z\u0259f\u0259r nitqind\u0259 Az\u0259rbaycan d\u00f6y\u00fc\u015f\u00e7\u00fcs\u00fcn\u00fcn r\u0259\u015fad\u0259ti bar\u0259d\u0259 a\u011f\u0131zdolusu dan\u0131\u015fm\u0131\u015f Ali Ba\u015f Komandan\u0131n x\u0259b\u0259ri varm\u0131 ki, Az\u0259rbaycan polisi m\u00fcz\u0259ff\u0259r qazil\u0259ri bas\u0131b d\u00f6y\u00fcr?<br><\/p>\n\n\n\n<p>Niy\u0259? Onlar hans\u0131sa m\u00fcst\u0259sna imtiyaz deyil, i\u015fl\u0259m\u0259k, ail\u0259l\u0259ri \u00fc\u00e7\u00fcn ruzu qazanmaq h\u00fcququnu t\u0259l\u0259b edir.<br><\/p>\n\n\n\n<p>Sizi bilmir\u0259m, f\u0259q\u0259t m\u0259n \u0259z\u0259ld\u0259n bilirdim ki, yadelli \u0259sar\u0259td\u0259n qurtulu\u015f he\u00e7 d\u0259 ictimai \u0259sar\u0259td\u0259n qurtulmaq deyil. Milli qurtulu\u015f sad\u0259c\u0259 ictimai qurtulu\u015f \u00fc\u00e7\u00fcn z\u0259min yarad\u0131r. He\u00e7 d\u0259 b\u00fct\u00fcn xalqlar bu z\u0259mind\u0259n laz\u0131mi bacar\u0131qla istifad\u0259 edir. El\u0259 xalqlar var ki, 70 ildir yadelli q\u0259sbkarlar\u0131 \u00f6lk\u0259sind\u0259n qovub, lakin yerli q\u0259sbkarlardan he\u00e7 c\u00fcr xilas ola bilmir. \u018fn parlaq misal \u0259r\u0259b xalqlar\u0131d\u0131r, ingilis v\u0259 frans\u0131z m\u00fcst\u0259ml\u0259k\u0259\u00e7il\u0259rini qovandan b\u0259ri ke\u00e7ibl\u0259r do\u011fma, Etibar M\u0259mm\u0259dov demi\u015fk\u0259n, \u201c\u00f6z mill\u0259tind\u0259n olan diktator\u201dlar\u0131n \u00e7\u0259ngin\u0259.<br><\/p>\n\n\n\n<p>Bu diktatorlar \u00fc\u00e7\u00fcn \u0259n \u0259ziz, \u0259n d\u0259y\u0259rli m\u0259fhum n\u0259dir? \u0130stiqlaliyy\u0259t! Suverenlik!<br><\/p>\n\n\n\n<p>N\u0259dir bu suverenlik? D\u00fcnyada he\u00e7 kim g\u0259lib soru\u015fmas\u0131n ki, siz bu m\u0259zlum xalq\u0131 niy\u0259 bel\u0259 q\u0259ddar \u00fcsullarla \u0259zib-soyursunuz? Niy\u0259 bu yaz\u0131q insanlar\u0131n h\u00fcquqlar\u0131n\u0131 tapdalay\u0131rs\u0131n\u0131z? Niy\u0259 kas\u0131b xalq\u0131n cibin\u0259 girib o\u011furlad\u0131\u011f\u0131n\u0131z milyardlar\u0131 b\u0259y\u0259nm\u0259diyiniz Q\u0259rb d\u00f6vl\u0259tl\u0259rin\u0259 da\u015f\u0131y\u0131rs\u0131n\u0131z? Niy\u0259 milli g\u0259lirin \u015fir pay\u0131 bir ovuc hakim z\u00fcmr\u0259y\u0259, miskin pay\u0131 milyonlarla say\u0131 olan \u0259sas xalqa \u00e7at\u0131r? Niy\u0259 hakimiyy\u0259td\u0259n sui-istifad\u0259 edib d\u00f6vl\u0259tin b\u00fct\u00fcn g\u0259lirli sah\u0259l\u0259rini ail\u0259 v\u0259 tayfa inhisar\u0131na g\u00f6t\u00fcrm\u00fcs\u00fcn\u00fcz?<br><\/p>\n\n\n\n<p>Niy\u0259 neft-qaz \u00f6lk\u0259si olan Az\u0259rbaycanda yanaca\u011f\u0131n v\u0259 enerjinin qiym\u0259ti durmadan bahala\u015f\u0131r? Niy\u0259 sizin m\u0259hk\u0259m\u0259l\u0259r h\u00f6km ver\u0259nd\u0259 qanunlara deyil, Prezident Aparat\u0131n\u0131n g\u00f6st\u0259ri\u015fl\u0259rin\u0259 \u0259saslan\u0131r? Niy\u0259 Avropa \u015euras\u0131n\u0131n \u00fczv\u00fc, y\u0259ni Avropa qit\u0259sin\u0259 m\u0259nsublu\u011fu m\u00f6t\u0259b\u0259r beyn\u0259lxalq t\u0259\u015fkilat\u0131n \u00fczvl\u00fcy\u00fc il\u0259 t\u0259sdiql\u0259nm\u0131\u015f Az\u0259rbaycanda polis n\u0259f\u0259rl\u0259ri v\u0259t\u0259nda\u015flara he\u00e7 n\u0259d\u0259n v\u0259 he\u00e7 kimd\u0259n \u00e7\u0259kinm\u0259d\u0259n i\u015fg\u0259nc\u0259 verir? Bu m\u00fcasir gestapo \u00fcsul-idar\u0259si bar\u0259d\u0259 b\u00fct\u00fcn d\u00fcnya bilirs\u0259 v\u0259 etiraz s\u0259sini ucald\u0131rsa, \u00f6z\u00fcn\u00fc m\u0259d\u0259ni v\u0259 m\u00fcasir insan kimi t\u0259qdim etm\u0259y\u0259 \u00e7al\u0131\u015fan Prezident \u0130lham \u018fliyevin x\u0259b\u0259ri yoxdur?<br><\/p>\n\n\n\n<p>Soru\u015fan kimi \u0259r\u0259b d\u00f6vl\u0259tl\u0259rinin ba\u015f\u00e7\u0131lar\u0131 da, Vladimir Putin d\u0259, Aleksandr Luka\u015fenko da, Orta Aziya d\u00f6vl\u0259tl\u0259rinin r\u0259hb\u0259rl\u0259ri d\u0259, Az\u0259rbaycan Respublikas\u0131n\u0131n prezidenti \u0130lham \u018fliyev d\u0259, x\u00fclas\u0259, b\u00fct\u00fcn m\u00fcst\u0259bidl\u0259r ba\u011f\u0131r\u0131r: \u201cQar\u0131\u015fmay\u0131n bizim daxili i\u015fl\u0259rimiz\u0259! Biz suveren d\u00f6vl\u0259tik v\u0259 he\u00e7 k\u0259s\u0259 imkan verm\u0259rik ki, bizim m\u00fcst\u0259qil d\u00f6vl\u0259t i\u015fl\u0259rimiz\u0259 qar\u0131\u015fs\u0131n!\u201d<br><\/p>\n\n\n\n<p>Etiraf ed\u0259k ki, bu f\u0259nd g\u00f6z\u0259l i\u015fl\u0259yir. Avam k\u00fctl\u0259 bu f\u0259nd\u0259 uyub onu minib s\u00fcr\u0259n m\u00fcst\u0259bidin \u0259cn\u0259bi t\u0259nqid\u00e7il\u0259r\u0259 cavab\u0131n\u0131 alq\u0131\u015flay\u0131r v\u0259 bu riyakar cavab\u0131 \u0259sl v\u0259t\u0259np\u0259rv\u0259rlik ni\u015fan\u0259si say\u0131r.<br><\/p>\n\n\n\n<p>B\u0259s n\u0259! Bizim m\u00fcst\u0259qillik d\u00f6nm\u0259zdir, \u0259b\u0259didir, he\u00e7 k\u0259s\u0259 imkan verm\u0259rik ki, bizim daxili i\u015fl\u0259rimiz\u0259 qar\u0131\u015fs\u0131n!<br>Sizin h\u0259qir b\u0259nd\u0259niz ham\u0131n\u0131n bildiyi bu h\u0259qiq\u0259tl\u0259r bar\u0259sind\u0259 yazanda, hans\u0131 m\u0259qs\u0259di g\u00fcd\u00fcr? M\u0259qs\u0259dim \u0259sla hakimiyy\u0259ti t\u0259nqid etm\u0259k deyil. Az\u0259rbaycan hakimiyy\u0259ti s\u0131ravi v\u0259t\u0259nda\u015f\u0131, o c\u00fcml\u0259d\u0259n onu t\u0259nqid ed\u0259n v\u0259t\u0259nda\u015f\u0131 saya alm\u0131r. Hakimiyy\u0259t \u00fc\u00e7\u00fcn m\u0259n yoxam. M\u0259nim yazd\u0131qlar\u0131m\u0131n onlar \u00fc\u00e7\u00fcn qara q\u0259piklik qiym\u0259ti yoxdur.<br><\/p>\n\n\n\n<p>M\u0259nim m\u0259qs\u0259dim v\u0259t\u0259np\u0259rv\u0259rlik horras\u0131 il\u0259 qidalan\u0131b v\u0259t\u0259nda\u015fl\u0131q l\u0259yaq\u0259tinin v\u0259 azadl\u0131qlar\u0131n\u0131n m\u00f6vcudlu\u011funu unutmu\u015f h\u0259mv\u0259t\u0259nl\u0259rim\u0259 insan xo\u015fb\u0259xtliyinin he\u00e7 d\u0259 \u0130nternetd\u0259 \u201cQaraba\u011f Az\u0259rbaycand\u0131r!\u201d yazmaqdan ibar\u0259t olmad\u0131\u011f\u0131n\u0131 xat\u0131rlatmaqd\u0131r. B\u0259li, Qaraba\u011f Az\u0259rbaycand\u0131r, s\u00fcbhan\u0259-l-lah, qazil\u0259rimizin can\u0131 v\u0259 qan\u0131 hesab\u0131na v\u0259t\u0259n torpa\u011f\u0131n\u0131 \u00f6z\u00fcm\u00fcz\u0259 qaytara bilmi\u015fik. Vaxt deyilmi ki, soru\u015faq: \u201cN\u0259yin hesab\u0131na v\u0259t\u0259ndaslar\u0131m\u0131z\u0131n q\u0259sb olunmu\u015f h\u00fcquq v\u0259 azadl\u0131qlar\u0131n\u0131 qaytara bil\u0259c\u0259yik?\u201d<br><\/p>\n\n\n\n<p>\u0130nan\u0131n m\u0259n\u0259, bu azadl\u0131qlar\u0131n qaytar\u0131lmas\u0131 Qaraba\u011f\u0131n qaytar\u0131lmas\u0131 m\u00fccadil\u0259sind\u0259n he\u00e7 d\u0259 asan olmayacaq. Rus-erm\u0259ni q\u0259sbkarlar\u0131 xalq\u0131m\u0131zdan al\u0131nm\u0131\u015f torpaqlar\u0131 \u00f6zl\u0259rind\u0259 saxlamaq m\u0259qs\u0259dil\u0259 hans\u0131 hiyl\u0259 v\u0259 f\u0259ndl\u0259rd\u0259n istifad\u0259 etmi\u015fdil\u0259rs\u0259 v\u0259 edirl\u0259rs\u0259, yerli q\u0259sbkarlar da \u00f6zl\u0259rinin halal q\u0259nim\u0259ti sayd\u0131qlar\u0131 Az\u0259rbaycan\u0131 onlardan minqat art\u0131q hiyl\u0259 v\u0259 f\u0259ndl\u0259rl\u0259 qoruma\u011fa \u00e7al\u0131\u015facaqlar.<br><\/p>\n\n\n\n<p>\u0130ndi is\u0259 ictimai qurtulu\u015fu s\u0259mimi-q\u0259lbd\u0259n ist\u0259y\u0259n h\u0259mv\u0259t\u0259nl\u0259rim\u0259 \u00fcz\u00fcm\u00fc tutub deyir\u0259m: bu m\u00fccadil\u0259d\u0259 sizin he\u00e7 n\u0259yiniz yoxdur. N\u0259 pulunuz, n\u0259 qo\u015fununuz, n\u0259 xarici havadarlar\u0131n\u0131z. Bunlardan he\u00e7 biri!<br><\/p>\n\n\n\n<p>Sizin iki x\u0259zin\u0259niz ola bil\u0259r, o da onlardan istifad\u0259 etm\u0259k ist\u0259yiniz olsa v\u0259 qabiliyy\u0259tiniz \u00e7atsa.<br><\/p>\n\n\n\n<p>Biri insan\u0131n daxilind\u0259n qidalanan azadl\u0131q v\u0259 l\u0259yaq\u0259t hissidir ki, he\u00e7 d\u0259 ham\u0131da olmur. T\u0259\u0259ss\u00fcf ki, k\u00fctl\u0259y\u0259 m\u0259nsubluq, f\u0259rdin v\u00fccudunun s\u0259lam\u0259tliyi ist\u0259yi, z\u0259if insan\u0131n maddiyyat qar\u015f\u0131s\u0131nda n\u0259fsin\u0259 m\u0259\u011flub olmas\u0131 \u2013 b\u00fct\u00fcn bunlar insan azadl\u0131\u011f\u0131 v\u0259 l\u0259yaq\u0259ti namin\u0259 meydana at\u0131lanlar\u0131n say\u0131n\u0131 h\u0259dsiz azald\u0131r, hakimiyy\u0259t\u0259 imkan verir ki, z\u0259ifl\u0259ri qorxudub s\u0131nd\u0131rs\u0131n, tamahkarlar\u0131 sat\u0131n al\u0131b t\u00f6vl\u0259sin\u0259 qats\u0131n.<br><\/p>\n\n\n\n<p>\u0130kincisi z\u0259kad\u0131r ki, Allah onu yaln\u0131z insana b\u0259x\u015f edib, amma he\u00e7 d\u0259 ham\u0131 ondan b\u0259hr\u0259l\u0259n\u0259 bilir. Bu z\u0259kan\u0131n say\u0259sind\u0259 xalq yax\u015f\u0131n\u0131 pisd\u0259n, haqq\u0131 nahaqdan, savab\u0131 g\u00fcnahdan, d\u00fcz\u00fc \u0259yrid\u0259n ay\u0131rma\u011f\u0131 bacarmal\u0131d\u0131r.<br><\/p>\n\n\n\n<p>\u018fg\u0259r \u015fanl\u0131 milli-azadl\u0131q m\u00fccadil\u0259mizin tarixini d\u00fcr\u00fcst \u00f6yr\u0259ns\u0259niz, n\u0259 dem\u0259k ist\u0259diyimi d\u0259rk ed\u0259rsiniz. H\u0259min bu m\u00fccadil\u0259 tarixind\u0259 xalq\u0131m\u0131z z\u0259ka x\u0259zin\u0259sind\u0259n \u0259sla b\u0259hr\u0259l\u0259n\u0259 bilm\u0259mi\u015fdi.<br><\/p>\n\n\n\n<p>B\u0259s nec\u0259 b\u0259hr\u0259l\u0259n\u0259 bil\u0259r? Birc\u0259 yolu var: a\u00e7\u0131q dan\u0131\u015fmaqla, Mirz\u0259 \u018fl\u0259kb\u0259r Sabir demi\u015fk\u0259n, d\u00fcz\u00fc d\u00fcz, \u0259yrini \u0259yri dem\u0259kl\u0259 v\u0259 g\u00f6rm\u0259kl\u0259.<br><\/p>\n\n\n\n<p>Buna demokratik m\u00fczakir\u0259 v\u0259 m\u00fckalim\u0259 deyirl\u0259r.<br><\/p>\n\n\n\n<p>M\u0259n ba\u015fqa yol, ba\u015fqa \u00e7ar\u0259 g\u00f6rm\u00fcr\u0259m v\u0259 tan\u0131m\u0131ram.<br><\/p>\n\n\n\n<p>\u0130ctimai qurtulu\u015fun ba\u015fqa yolu yoxdur. Ba\u015fqa yollar bizi oldu\u011fumuz m\u0259kana v\u0259 zamana g\u0259tirir.<\/p>\n","protected":false},"excerpt":{"rendered":"<p>Vaxt deyilmi ki, soru\u015faq: \u201cN\u0259yin hesab\u0131na v\u0259t\u0259ndaslar\u0131m\u0131z\u0131n q\u0259sb olunmu\u015f h\u00fcquq &#8230; <\/p>\n<p class=\"read-more-container\"><a title=\"Tarix t\u0259krar olur\" class=\"read-more button\" href=\"https:\/\/www.meydan.tv\/az\/article\/tarix-tekrar-olur\/#more-225973\" aria-label=\"Read more about Tarix t\u0259krar olur\">Davam\u0131<\/a><\/p>\n","protected":false},"author":8,"featured_media":126053,"comment_status":"closed","ping_status":"closed","sticky":false,"template":"","format":"standard","meta":{"_acf_changed":false,"_sitemap_exclude":false,"_sitemap_priority":"","_sitemap_frequency":"","footnotes":""},"categories":[57],"tags":[],"class_list":["post-225973","post","type-post","status-publish","format-standard","has-post-thumbnail","hentry","category-menim-fikrimce","infinite-scroll-item","generate-columns","tablet-grid-50","mobile-grid-100","grid-parent","grid-33","no-featured-image-padding"],"acf":[],"yoast_head":"<!-- This site is optimized with the Yoast SEO plugin v27.4 - https:\/\/yoast.com\/product\/yoast-seo-wordpress\/ -->\n<title>Tarix t\u0259krar olur - MEYDAN.TV<\/title>\n<meta name=\"robots\" content=\"index, follow, max-snippet:-1, max-image-preview:large, max-video-preview:-1\" \/>\n<link rel=\"canonical\" href=\"https:\/\/www.meydan.tv\/az\/article\/tarix-tekrar-olur\/\" \/>\n<meta property=\"og:locale\" content=\"az_AZ\" \/>\n<meta property=\"og:type\" content=\"article\" \/>\n<meta property=\"og:title\" content=\"Tarix t\u0259krar olur - MEYDAN.TV\" \/>\n<meta property=\"og:description\" content=\"Vaxt deyilmi ki, soru\u015faq: \u201cN\u0259yin hesab\u0131na v\u0259t\u0259ndaslar\u0131m\u0131z\u0131n q\u0259sb olunmu\u015f h\u00fcquq ... Davam\u0131\" \/>\n<meta property=\"og:url\" content=\"https:\/\/www.meydan.tv\/az\/article\/tarix-tekrar-olur\/\" \/>\n<meta property=\"og:site_name\" content=\"MEYDAN.TV\" \/>\n<meta property=\"article:published_time\" content=\"2021-11-13T22:40:48+00:00\" \/>\n<meta property=\"article:modified_time\" content=\"2021-11-13T22:40:50+00:00\" \/>\n<meta property=\"og:image\" content=\"https:\/\/www.meydan.tv\/wp-content\/uploads\/image_from_ios_2_p52ittc.original-scaled.jpg\" \/>\n\t<meta property=\"og:image:width\" content=\"2560\" \/>\n\t<meta property=\"og:image:height\" content=\"1440\" \/>\n\t<meta property=\"og:image:type\" content=\"image\/jpeg\" \/>\n<meta name=\"author\" content=\"elli\" \/>\n<meta name=\"twitter:card\" content=\"summary_large_image\" \/>\n<meta name=\"twitter:creator\" content=\"@elli\" \/>\n<script type=\"application\/ld+json\" class=\"yoast-schema-graph\">{\"@context\":\"https:\\\/\\\/schema.org\",\"@graph\":[{\"@type\":\"Article\",\"@id\":\"https:\\\/\\\/www.meydan.tv\\\/az\\\/article\\\/tarix-tekrar-olur\\\/#article\",\"isPartOf\":{\"@id\":\"https:\\\/\\\/www.meydan.tv\\\/az\\\/article\\\/tarix-tekrar-olur\\\/\"},\"author\":{\"name\":\"elli\",\"@id\":\"https:\\\/\\\/www.meydan.tv\\\/az\\\/#\\\/schema\\\/person\\\/9cdbecf90d17180ce1dfbd95b08dcf47\"},\"headline\":\"Tarix t\u0259krar olur\",\"datePublished\":\"2021-11-13T22:40:48+00:00\",\"dateModified\":\"2021-11-13T22:40:50+00:00\",\"mainEntityOfPage\":{\"@id\":\"https:\\\/\\\/www.meydan.tv\\\/az\\\/article\\\/tarix-tekrar-olur\\\/\"},\"wordCount\":1700,\"publisher\":{\"@id\":\"https:\\\/\\\/www.meydan.tv\\\/az\\\/#organization\"},\"image\":{\"@id\":\"https:\\\/\\\/www.meydan.tv\\\/az\\\/article\\\/tarix-tekrar-olur\\\/#primaryimage\"},\"thumbnailUrl\":\"https:\\\/\\\/www.meydan.tv\\\/wp-content\\\/uploads\\\/image_from_ios_2_p52ittc.original-scaled-e1657365012673.jpg\",\"articleSection\":[\"M\u0259nim Fikrimc\u0259\"],\"inLanguage\":\"az\"},{\"@type\":\"WebPage\",\"@id\":\"https:\\\/\\\/www.meydan.tv\\\/az\\\/article\\\/tarix-tekrar-olur\\\/\",\"url\":\"https:\\\/\\\/www.meydan.tv\\\/az\\\/article\\\/tarix-tekrar-olur\\\/\",\"name\":\"Tarix t\u0259krar olur - MEYDAN.TV\",\"isPartOf\":{\"@id\":\"https:\\\/\\\/www.meydan.tv\\\/az\\\/#website\"},\"primaryImageOfPage\":{\"@id\":\"https:\\\/\\\/www.meydan.tv\\\/az\\\/article\\\/tarix-tekrar-olur\\\/#primaryimage\"},\"image\":{\"@id\":\"https:\\\/\\\/www.meydan.tv\\\/az\\\/article\\\/tarix-tekrar-olur\\\/#primaryimage\"},\"thumbnailUrl\":\"https:\\\/\\\/www.meydan.tv\\\/wp-content\\\/uploads\\\/image_from_ios_2_p52ittc.original-scaled-e1657365012673.jpg\",\"datePublished\":\"2021-11-13T22:40:48+00:00\",\"dateModified\":\"2021-11-13T22:40:50+00:00\",\"breadcrumb\":{\"@id\":\"https:\\\/\\\/www.meydan.tv\\\/az\\\/article\\\/tarix-tekrar-olur\\\/#breadcrumb\"},\"inLanguage\":\"az\",\"potentialAction\":[{\"@type\":\"ReadAction\",\"target\":[\"https:\\\/\\\/www.meydan.tv\\\/az\\\/article\\\/tarix-tekrar-olur\\\/\"]}]},{\"@type\":\"ImageObject\",\"inLanguage\":\"az\",\"@id\":\"https:\\\/\\\/www.meydan.tv\\\/az\\\/article\\\/tarix-tekrar-olur\\\/#primaryimage\",\"url\":\"https:\\\/\\\/www.meydan.tv\\\/wp-content\\\/uploads\\\/image_from_ios_2_p52ittc.original-scaled-e1657365012673.jpg\",\"contentUrl\":\"https:\\\/\\\/www.meydan.tv\\\/wp-content\\\/uploads\\\/image_from_ios_2_p52ittc.original-scaled-e1657365012673.jpg\",\"width\":2560,\"height\":1286,\"caption\":\"Foto: Meydan.tv\"},{\"@type\":\"BreadcrumbList\",\"@id\":\"https:\\\/\\\/www.meydan.tv\\\/az\\\/article\\\/tarix-tekrar-olur\\\/#breadcrumb\",\"itemListElement\":[{\"@type\":\"ListItem\",\"position\":1,\"name\":\"Ana s\u0259hif\u0259\",\"item\":\"https:\\\/\\\/www.meydan.tv\\\/az\\\/\"},{\"@type\":\"ListItem\",\"position\":2,\"name\":\"M\u0259nim Fikrimc\u0259\",\"item\":\"https:\\\/\\\/www.meydan.tv\\\/az\\\/section\\\/menim-fikrimce\\\/\"},{\"@type\":\"ListItem\",\"position\":3,\"name\":\"Tarix t\u0259krar olur\"}]},{\"@type\":\"WebSite\",\"@id\":\"https:\\\/\\\/www.meydan.tv\\\/az\\\/#website\",\"url\":\"https:\\\/\\\/www.meydan.tv\\\/az\\\/\",\"name\":\"MEYDAN.TV\",\"description\":\"Meydan TV Az\u0259rbaycan\u0131n media m\u0259kan\u0131ndak\u0131 alternativ s\u0259sidir\",\"publisher\":{\"@id\":\"https:\\\/\\\/www.meydan.tv\\\/az\\\/#organization\"},\"potentialAction\":[{\"@type\":\"SearchAction\",\"target\":{\"@type\":\"EntryPoint\",\"urlTemplate\":\"https:\\\/\\\/www.meydan.tv\\\/az\\\/?s={search_term_string}\"},\"query-input\":{\"@type\":\"PropertyValueSpecification\",\"valueRequired\":true,\"valueName\":\"search_term_string\"}}],\"inLanguage\":\"az\"},{\"@type\":\"Organization\",\"@id\":\"https:\\\/\\\/www.meydan.tv\\\/az\\\/#organization\",\"name\":\"Meydan TV\",\"url\":\"https:\\\/\\\/www.meydan.tv\\\/az\\\/\",\"logo\":{\"@type\":\"ImageObject\",\"inLanguage\":\"az\",\"@id\":\"https:\\\/\\\/www.meydan.tv\\\/az\\\/#\\\/schema\\\/logo\\\/image\\\/\",\"url\":\"https:\\\/\\\/www.meydan.tv\\\/wp-content\\\/uploads\\\/2021\\\/07\\\/meydan-logo.svg\",\"contentUrl\":\"https:\\\/\\\/www.meydan.tv\\\/wp-content\\\/uploads\\\/2021\\\/07\\\/meydan-logo.svg\",\"width\":195,\"height\":46,\"caption\":\"Meydan TV\"},\"image\":{\"@id\":\"https:\\\/\\\/www.meydan.tv\\\/az\\\/#\\\/schema\\\/logo\\\/image\\\/\"}},{\"@type\":\"Person\",\"@id\":\"https:\\\/\\\/www.meydan.tv\\\/az\\\/#\\\/schema\\\/person\\\/9cdbecf90d17180ce1dfbd95b08dcf47\",\"name\":\"elli\",\"sameAs\":[\"https:\\\/\\\/x.com\\\/elli\"]}]}<\/script>\n<!-- \/ Yoast SEO plugin. -->","yoast_head_json":{"title":"Tarix t\u0259krar olur - MEYDAN.TV","robots":{"index":"index","follow":"follow","max-snippet":"max-snippet:-1","max-image-preview":"max-image-preview:large","max-video-preview":"max-video-preview:-1"},"canonical":"https:\/\/www.meydan.tv\/az\/article\/tarix-tekrar-olur\/","og_locale":"az_AZ","og_type":"article","og_title":"Tarix t\u0259krar olur - MEYDAN.TV","og_description":"Vaxt deyilmi ki, soru\u015faq: \u201cN\u0259yin hesab\u0131na v\u0259t\u0259ndaslar\u0131m\u0131z\u0131n q\u0259sb olunmu\u015f h\u00fcquq ... Davam\u0131","og_url":"https:\/\/www.meydan.tv\/az\/article\/tarix-tekrar-olur\/","og_site_name":"MEYDAN.TV","article_published_time":"2021-11-13T22:40:48+00:00","article_modified_time":"2021-11-13T22:40:50+00:00","og_image":[{"width":2560,"height":1440,"url":"https:\/\/www.meydan.tv\/wp-content\/uploads\/image_from_ios_2_p52ittc.original-scaled.jpg","type":"image\/jpeg"}],"author":"elli","twitter_card":"summary_large_image","twitter_creator":"@elli","schema":{"@context":"https:\/\/schema.org","@graph":[{"@type":"Article","@id":"https:\/\/www.meydan.tv\/az\/article\/tarix-tekrar-olur\/#article","isPartOf":{"@id":"https:\/\/www.meydan.tv\/az\/article\/tarix-tekrar-olur\/"},"author":{"name":"elli","@id":"https:\/\/www.meydan.tv\/az\/#\/schema\/person\/9cdbecf90d17180ce1dfbd95b08dcf47"},"headline":"Tarix t\u0259krar olur","datePublished":"2021-11-13T22:40:48+00:00","dateModified":"2021-11-13T22:40:50+00:00","mainEntityOfPage":{"@id":"https:\/\/www.meydan.tv\/az\/article\/tarix-tekrar-olur\/"},"wordCount":1700,"publisher":{"@id":"https:\/\/www.meydan.tv\/az\/#organization"},"image":{"@id":"https:\/\/www.meydan.tv\/az\/article\/tarix-tekrar-olur\/#primaryimage"},"thumbnailUrl":"https:\/\/www.meydan.tv\/wp-content\/uploads\/image_from_ios_2_p52ittc.original-scaled-e1657365012673.jpg","articleSection":["M\u0259nim Fikrimc\u0259"],"inLanguage":"az"},{"@type":"WebPage","@id":"https:\/\/www.meydan.tv\/az\/article\/tarix-tekrar-olur\/","url":"https:\/\/www.meydan.tv\/az\/article\/tarix-tekrar-olur\/","name":"Tarix t\u0259krar olur - MEYDAN.TV","isPartOf":{"@id":"https:\/\/www.meydan.tv\/az\/#website"},"primaryImageOfPage":{"@id":"https:\/\/www.meydan.tv\/az\/article\/tarix-tekrar-olur\/#primaryimage"},"image":{"@id":"https:\/\/www.meydan.tv\/az\/article\/tarix-tekrar-olur\/#primaryimage"},"thumbnailUrl":"https:\/\/www.meydan.tv\/wp-content\/uploads\/image_from_ios_2_p52ittc.original-scaled-e1657365012673.jpg","datePublished":"2021-11-13T22:40:48+00:00","dateModified":"2021-11-13T22:40:50+00:00","breadcrumb":{"@id":"https:\/\/www.meydan.tv\/az\/article\/tarix-tekrar-olur\/#breadcrumb"},"inLanguage":"az","potentialAction":[{"@type":"ReadAction","target":["https:\/\/www.meydan.tv\/az\/article\/tarix-tekrar-olur\/"]}]},{"@type":"ImageObject","inLanguage":"az","@id":"https:\/\/www.meydan.tv\/az\/article\/tarix-tekrar-olur\/#primaryimage","url":"https:\/\/www.meydan.tv\/wp-content\/uploads\/image_from_ios_2_p52ittc.original-scaled-e1657365012673.jpg","contentUrl":"https:\/\/www.meydan.tv\/wp-content\/uploads\/image_from_ios_2_p52ittc.original-scaled-e1657365012673.jpg","width":2560,"height":1286,"caption":"Foto: Meydan.tv"},{"@type":"BreadcrumbList","@id":"https:\/\/www.meydan.tv\/az\/article\/tarix-tekrar-olur\/#breadcrumb","itemListElement":[{"@type":"ListItem","position":1,"name":"Ana s\u0259hif\u0259","item":"https:\/\/www.meydan.tv\/az\/"},{"@type":"ListItem","position":2,"name":"M\u0259nim Fikrimc\u0259","item":"https:\/\/www.meydan.tv\/az\/section\/menim-fikrimce\/"},{"@type":"ListItem","position":3,"name":"Tarix t\u0259krar olur"}]},{"@type":"WebSite","@id":"https:\/\/www.meydan.tv\/az\/#website","url":"https:\/\/www.meydan.tv\/az\/","name":"MEYDAN.TV","description":"Meydan TV Az\u0259rbaycan\u0131n media m\u0259kan\u0131ndak\u0131 alternativ s\u0259sidir","publisher":{"@id":"https:\/\/www.meydan.tv\/az\/#organization"},"potentialAction":[{"@type":"SearchAction","target":{"@type":"EntryPoint","urlTemplate":"https:\/\/www.meydan.tv\/az\/?s={search_term_string}"},"query-input":{"@type":"PropertyValueSpecification","valueRequired":true,"valueName":"search_term_string"}}],"inLanguage":"az"},{"@type":"Organization","@id":"https:\/\/www.meydan.tv\/az\/#organization","name":"Meydan TV","url":"https:\/\/www.meydan.tv\/az\/","logo":{"@type":"ImageObject","inLanguage":"az","@id":"https:\/\/www.meydan.tv\/az\/#\/schema\/logo\/image\/","url":"https:\/\/www.meydan.tv\/wp-content\/uploads\/2021\/07\/meydan-logo.svg","contentUrl":"https:\/\/www.meydan.tv\/wp-content\/uploads\/2021\/07\/meydan-logo.svg","width":195,"height":46,"caption":"Meydan TV"},"image":{"@id":"https:\/\/www.meydan.tv\/az\/#\/schema\/logo\/image\/"}},{"@type":"Person","@id":"https:\/\/www.meydan.tv\/az\/#\/schema\/person\/9cdbecf90d17180ce1dfbd95b08dcf47","name":"elli","sameAs":["https:\/\/x.com\/elli"]}]}},"_links":{"self":[{"href":"https:\/\/www.meydan.tv\/az\/wp-json\/wp\/v2\/posts\/225973","targetHints":{"allow":["GET"]}}],"collection":[{"href":"https:\/\/www.meydan.tv\/az\/wp-json\/wp\/v2\/posts"}],"about":[{"href":"https:\/\/www.meydan.tv\/az\/wp-json\/wp\/v2\/types\/post"}],"author":[{"embeddable":true,"href":"https:\/\/www.meydan.tv\/az\/wp-json\/wp\/v2\/users\/8"}],"replies":[{"embeddable":true,"href":"https:\/\/www.meydan.tv\/az\/wp-json\/wp\/v2\/comments?post=225973"}],"version-history":[{"count":2,"href":"https:\/\/www.meydan.tv\/az\/wp-json\/wp\/v2\/posts\/225973\/revisions"}],"predecessor-version":[{"id":228145,"href":"https:\/\/www.meydan.tv\/az\/wp-json\/wp\/v2\/posts\/225973\/revisions\/228145"}],"wp:featuredmedia":[{"embeddable":true,"href":"https:\/\/www.meydan.tv\/az\/wp-json\/wp\/v2\/media\/126053"}],"wp:attachment":[{"href":"https:\/\/www.meydan.tv\/az\/wp-json\/wp\/v2\/media?parent=225973"}],"wp:term":[{"taxonomy":"category","embeddable":true,"href":"https:\/\/www.meydan.tv\/az\/wp-json\/wp\/v2\/categories?post=225973"},{"taxonomy":"post_tag","embeddable":true,"href":"https:\/\/www.meydan.tv\/az\/wp-json\/wp\/v2\/tags?post=225973"}],"curies":[{"name":"wp","href":"https:\/\/api.w.org\/{rel}","templated":true}]}}