{"id":225767,"date":"2021-11-11T15:07:04","date_gmt":"2021-11-11T11:07:04","guid":{"rendered":"https:\/\/www.meydan.tv\/?p=225767"},"modified":"2021-11-11T15:13:51","modified_gmt":"2021-11-11T11:13:51","slug":"moskvada-tahir-salahova-hesr-olunus-sergi-kecirilecek","status":"publish","type":"post","link":"https:\/\/www.meydan.tv\/az\/article\/moskvada-tahir-salahova-hesr-olunus-sergi-kecirilecek\/","title":{"rendered":"Moskvada Tahir Salahova h\u0259sr olunu\u015f s\u0259rgi ke\u00e7iril\u0259c\u0259k"},"content":{"rendered":"\n<p>M\u00fc\u0259llif Xalq artistinin n\u0259v\u0259si Kayhan Salahovdur<br><\/p>\n\n\n\n<p>Moskvan\u0131n \u201cYekaterina\u201d M\u0259d\u0259niyy\u0259t Fondunda Az\u0259rbaycan SSR\u0130 Xalq artisti Tahir Salahova h\u0259sr olunmu\u015f videoinstalyasiya n\u00fcmayi\u015f olunacaq.<br><\/p>\n\n\n\n<p>TASS agentliyi <a href=\"https:\/\/tass.ru\/kultura\/12877251\" target=\"_blank\" rel=\"noreferrer noopener\">x\u0259b\u0259r<\/a> verir ki, noyabr\u0131n 30-d\u0259k davam ed\u0259c\u0259k s\u0259rginin m\u00fc\u0259llifi Tahir Salahovun n\u0259v\u0259si Kayhan Salahovdur.<br><br>O, arxitektor, r\u0259ssam, memar v\u0259 heyk\u0259lt\u0259ra\u015fd\u0131r.<br><\/p>\n\n\n\n<p>\u201cM\u0259n elmi-fantastik r\u0259ssamam, h\u0259l\u0259 u\u015faql\u0131qdan bu sah\u0259y\u0259 mara\u011f\u0131m olub. Babamla Ayzek Azimov (yaz\u0131\u00e7\u0131-fantast-red.) tan\u0131\u015f idil\u0259r. Ona g\u00f6r d\u0259 kibernetikaya y\u00f6n\u0259lm\u0259yim babamda \u015f\u00fcbh\u0259, narahatl\u0131q yaratmad\u0131, m\u0259n\u0259 mane olmad\u0131. Babam h\u0259yatda m\u0259n\u0259 \u0259n yax\u0131n v\u0259 do\u011fma insan idi. Onun yoxlu\u011fuyla bar\u0131\u015fmaq \u00e7ox a\u011f\u0131rd\u0131r. H\u0259r d\u0259f\u0259 Bak\u0131ya gedib onun q\u0259brini ziyar\u0259t etm\u0259k imkan\u0131m olmur. \u201cElektron c\u0259nn\u0259t\u201di m\u0259hz buna g\u00f6r\u0259 yaratd\u0131m ki, \u00fcr\u0259yim ist\u0259y\u0259nd\u0259 babamla \u00fcnsiyy\u0259td\u0259 olum\u201d, &#8211; Kayhan Salahov a\u00e7\u0131qlamas\u0131nda deyib.<br><\/p>\n\n\n\n<p>Videoinstalyasiyaya Tahir Salahovun r\u0259q\u0259msalla\u015fd\u0131r\u0131lm\u0131\u015f \u0259s\u0259rl\u0259ri, h\u0259m\u00e7inin ail\u0259 arxivind\u0259n foto\u015f\u0259kill\u0259r, videolar daxildir.<br><\/p>\n\n\n\n<p>\u0130yirmi iki videoproyeksiyada \u00fcmumilikd\u0259 600-\u0259 yax\u0131n foto\u015f\u0259kil, 500 eskiz v\u0259 400 r\u0259sm \u0259s\u0259ri r\u0259q\u0259msalla\u015fd\u0131r\u0131l\u0131b.<br><\/p>\n\n\n\n<p>Bundan \u0259lav\u0259, instalyasiyada musiqi\u015f\u00fcnas-publisist Raya Abbasovan\u0131n Tahir Salahova h\u0259sr etdiyi \u201cDialoq\u201d kitab\u0131 da yer al\u0131b. Bu kitabdan se\u00e7ilmi\u015f par\u00e7alar neyron \u015f\u0259b\u0259k\u0259 t\u0259r\u0259find\u0259n s\u0259sl\u0259ndirilir.<br><\/p>\n\n\n\n<p>R\u0259ssam\u0131n h\u0259yat\u0131ndan b\u0259hs ed\u0259c\u0259k \u201cTaira-108\u201d robotu s\u0259rginin ziyar\u0259t\u00e7il\u0259ri il\u0259 \u00fcnsiyy\u0259t quracaq.<br>Az\u0259rbaycan Xalq r\u0259ssam\u0131 Tahir Salahov 2021-ci il may\u0131n 21-d\u0259 92 ya\u015f\u0131nda Almaniyada v\u0259fat edib.<br>R\u0259ssam I F\u0259xri xiyabanda d\u0259fn olunub.<br><\/p>\n\n\n\n<p>Az\u0259rbaycan v\u0259 Rusiyan\u0131n Xalq r\u0259ssam\u0131, Rusiya R\u0259ssaml\u0131q Akademiyas\u0131n\u0131n vitse-prezidenti, Avropa Elm v\u0259 \u0130nc\u0259s\u0259n\u0259t Akademiyas\u0131n\u0131n h\u0259qiqi \u00fczv\u00fc, D\u00f6vl\u0259t m\u00fckafat\u0131 laureat\u0131 Tahir Salahov 1928-ci ild\u0259 Bak\u0131da do\u011fulub.<\/p>\n","protected":false},"excerpt":{"rendered":"<p>M\u00fc\u0259llif Xalq artistinin n\u0259v\u0259si Kayhan Salahovdur Moskvan\u0131n \u201cYekaterina\u201d M\u0259d\u0259niyy\u0259t Fondunda &#8230; <\/p>\n<p class=\"read-more-container\"><a title=\"Moskvada Tahir Salahova h\u0259sr olunu\u015f s\u0259rgi ke\u00e7iril\u0259c\u0259k\" class=\"read-more button\" href=\"https:\/\/www.meydan.tv\/az\/article\/moskvada-tahir-salahova-hesr-olunus-sergi-kecirilecek\/#more-225767\" aria-label=\"Read more about Moskvada Tahir Salahova h\u0259sr olunu\u015f s\u0259rgi ke\u00e7iril\u0259c\u0259k\">Davam\u0131<\/a><\/p>\n","protected":false},"author":8,"featured_media":225768,"comment_status":"closed","ping_status":"closed","sticky":false,"template":"","format":"standard","meta":{"_acf_changed":false,"_sitemap_exclude":false,"_sitemap_priority":"","_sitemap_frequency":"","footnotes":""},"categories":[52,56],"tags":[],"class_list":["post-225767","post","type-post","status-publish","format-standard","has-post-thumbnail","hentry","category-medeniyyet","category-xeberler","infinite-scroll-item","generate-columns","tablet-grid-50","mobile-grid-100","grid-parent","grid-33","no-featured-image-padding"],"acf":[],"yoast_head":"<!-- This site is optimized with the Yoast SEO plugin v27.4 - https:\/\/yoast.com\/product\/yoast-seo-wordpress\/ -->\n<title>Moskvada Tahir Salahova h\u0259sr olunu\u015f s\u0259rgi ke\u00e7iril\u0259c\u0259k - MEYDAN.TV<\/title>\n<meta name=\"robots\" content=\"index, follow, max-snippet:-1, max-image-preview:large, max-video-preview:-1\" \/>\n<link rel=\"canonical\" href=\"https:\/\/www.meydan.tv\/az\/article\/moskvada-tahir-salahova-hesr-olunus-sergi-kecirilecek\/\" \/>\n<meta property=\"og:locale\" content=\"az_AZ\" \/>\n<meta property=\"og:type\" content=\"article\" \/>\n<meta property=\"og:title\" content=\"Moskvada Tahir Salahova h\u0259sr olunu\u015f s\u0259rgi ke\u00e7iril\u0259c\u0259k - MEYDAN.TV\" \/>\n<meta property=\"og:description\" content=\"M\u00fc\u0259llif Xalq artistinin n\u0259v\u0259si Kayhan Salahovdur Moskvan\u0131n \u201cYekaterina\u201d M\u0259d\u0259niyy\u0259t Fondunda ... Davam\u0131\" \/>\n<meta property=\"og:url\" content=\"https:\/\/www.meydan.tv\/az\/article\/moskvada-tahir-salahova-hesr-olunus-sergi-kecirilecek\/\" \/>\n<meta property=\"og:site_name\" content=\"MEYDAN.TV\" \/>\n<meta property=\"article:published_time\" content=\"2021-11-11T11:07:04+00:00\" \/>\n<meta property=\"article:modified_time\" content=\"2021-11-11T11:13:51+00:00\" \/>\n<meta property=\"og:image\" content=\"https:\/\/www.meydan.tv\/wp-content\/uploads\/taxir.jpg\" \/>\n\t<meta property=\"og:image:width\" content=\"1200\" \/>\n\t<meta property=\"og:image:height\" content=\"929\" \/>\n\t<meta property=\"og:image:type\" content=\"image\/jpeg\" \/>\n<meta name=\"author\" content=\"elli\" \/>\n<meta name=\"twitter:card\" content=\"summary_large_image\" \/>\n<meta name=\"twitter:creator\" content=\"@elli\" \/>\n<script type=\"application\/ld+json\" class=\"yoast-schema-graph\">{\"@context\":\"https:\\\/\\\/schema.org\",\"@graph\":[{\"@type\":\"Article\",\"@id\":\"https:\\\/\\\/www.meydan.tv\\\/az\\\/article\\\/moskvada-tahir-salahova-hesr-olunus-sergi-kecirilecek\\\/#article\",\"isPartOf\":{\"@id\":\"https:\\\/\\\/www.meydan.tv\\\/az\\\/article\\\/moskvada-tahir-salahova-hesr-olunus-sergi-kecirilecek\\\/\"},\"author\":{\"name\":\"elli\",\"@id\":\"https:\\\/\\\/www.meydan.tv\\\/az\\\/#\\\/schema\\\/person\\\/9cdbecf90d17180ce1dfbd95b08dcf47\"},\"headline\":\"Moskvada Tahir Salahova h\u0259sr olunu\u015f s\u0259rgi ke\u00e7iril\u0259c\u0259k\",\"datePublished\":\"2021-11-11T11:07:04+00:00\",\"dateModified\":\"2021-11-11T11:13:51+00:00\",\"mainEntityOfPage\":{\"@id\":\"https:\\\/\\\/www.meydan.tv\\\/az\\\/article\\\/moskvada-tahir-salahova-hesr-olunus-sergi-kecirilecek\\\/\"},\"wordCount\":363,\"publisher\":{\"@id\":\"https:\\\/\\\/www.meydan.tv\\\/az\\\/#organization\"},\"image\":{\"@id\":\"https:\\\/\\\/www.meydan.tv\\\/az\\\/article\\\/moskvada-tahir-salahova-hesr-olunus-sergi-kecirilecek\\\/#primaryimage\"},\"thumbnailUrl\":\"https:\\\/\\\/www.meydan.tv\\\/wp-content\\\/uploads\\\/taxir.jpg\",\"articleSection\":[\"M\u0259d\u0259niyy\u0259t\",\"X\u0259b\u0259rl\u0259r\"],\"inLanguage\":\"az\"},{\"@type\":\"WebPage\",\"@id\":\"https:\\\/\\\/www.meydan.tv\\\/az\\\/article\\\/moskvada-tahir-salahova-hesr-olunus-sergi-kecirilecek\\\/\",\"url\":\"https:\\\/\\\/www.meydan.tv\\\/az\\\/article\\\/moskvada-tahir-salahova-hesr-olunus-sergi-kecirilecek\\\/\",\"name\":\"Moskvada Tahir Salahova h\u0259sr olunu\u015f s\u0259rgi ke\u00e7iril\u0259c\u0259k - MEYDAN.TV\",\"isPartOf\":{\"@id\":\"https:\\\/\\\/www.meydan.tv\\\/az\\\/#website\"},\"primaryImageOfPage\":{\"@id\":\"https:\\\/\\\/www.meydan.tv\\\/az\\\/article\\\/moskvada-tahir-salahova-hesr-olunus-sergi-kecirilecek\\\/#primaryimage\"},\"image\":{\"@id\":\"https:\\\/\\\/www.meydan.tv\\\/az\\\/article\\\/moskvada-tahir-salahova-hesr-olunus-sergi-kecirilecek\\\/#primaryimage\"},\"thumbnailUrl\":\"https:\\\/\\\/www.meydan.tv\\\/wp-content\\\/uploads\\\/taxir.jpg\",\"datePublished\":\"2021-11-11T11:07:04+00:00\",\"dateModified\":\"2021-11-11T11:13:51+00:00\",\"breadcrumb\":{\"@id\":\"https:\\\/\\\/www.meydan.tv\\\/az\\\/article\\\/moskvada-tahir-salahova-hesr-olunus-sergi-kecirilecek\\\/#breadcrumb\"},\"inLanguage\":\"az\",\"potentialAction\":[{\"@type\":\"ReadAction\",\"target\":[\"https:\\\/\\\/www.meydan.tv\\\/az\\\/article\\\/moskvada-tahir-salahova-hesr-olunus-sergi-kecirilecek\\\/\"]}]},{\"@type\":\"ImageObject\",\"inLanguage\":\"az\",\"@id\":\"https:\\\/\\\/www.meydan.tv\\\/az\\\/article\\\/moskvada-tahir-salahova-hesr-olunus-sergi-kecirilecek\\\/#primaryimage\",\"url\":\"https:\\\/\\\/www.meydan.tv\\\/wp-content\\\/uploads\\\/taxir.jpg\",\"contentUrl\":\"https:\\\/\\\/www.meydan.tv\\\/wp-content\\\/uploads\\\/taxir.jpg\",\"width\":1200,\"height\":929,\"caption\":\"Foto: Tahir Salahovun Twitter s\u0259hif\u0259sind\u0259n\"},{\"@type\":\"BreadcrumbList\",\"@id\":\"https:\\\/\\\/www.meydan.tv\\\/az\\\/article\\\/moskvada-tahir-salahova-hesr-olunus-sergi-kecirilecek\\\/#breadcrumb\",\"itemListElement\":[{\"@type\":\"ListItem\",\"position\":1,\"name\":\"Ana s\u0259hif\u0259\",\"item\":\"https:\\\/\\\/www.meydan.tv\\\/az\\\/\"},{\"@type\":\"ListItem\",\"position\":2,\"name\":\"M\u0259d\u0259niyy\u0259t\",\"item\":\"https:\\\/\\\/www.meydan.tv\\\/az\\\/section\\\/medeniyyet\\\/\"},{\"@type\":\"ListItem\",\"position\":3,\"name\":\"Moskvada Tahir Salahova h\u0259sr olunu\u015f s\u0259rgi ke\u00e7iril\u0259c\u0259k\"}]},{\"@type\":\"WebSite\",\"@id\":\"https:\\\/\\\/www.meydan.tv\\\/az\\\/#website\",\"url\":\"https:\\\/\\\/www.meydan.tv\\\/az\\\/\",\"name\":\"MEYDAN.TV\",\"description\":\"Meydan TV Az\u0259rbaycan\u0131n media m\u0259kan\u0131ndak\u0131 alternativ s\u0259sidir\",\"publisher\":{\"@id\":\"https:\\\/\\\/www.meydan.tv\\\/az\\\/#organization\"},\"potentialAction\":[{\"@type\":\"SearchAction\",\"target\":{\"@type\":\"EntryPoint\",\"urlTemplate\":\"https:\\\/\\\/www.meydan.tv\\\/az\\\/?s={search_term_string}\"},\"query-input\":{\"@type\":\"PropertyValueSpecification\",\"valueRequired\":true,\"valueName\":\"search_term_string\"}}],\"inLanguage\":\"az\"},{\"@type\":\"Organization\",\"@id\":\"https:\\\/\\\/www.meydan.tv\\\/az\\\/#organization\",\"name\":\"Meydan TV\",\"url\":\"https:\\\/\\\/www.meydan.tv\\\/az\\\/\",\"logo\":{\"@type\":\"ImageObject\",\"inLanguage\":\"az\",\"@id\":\"https:\\\/\\\/www.meydan.tv\\\/az\\\/#\\\/schema\\\/logo\\\/image\\\/\",\"url\":\"https:\\\/\\\/www.meydan.tv\\\/wp-content\\\/uploads\\\/2021\\\/07\\\/meydan-logo.svg\",\"contentUrl\":\"https:\\\/\\\/www.meydan.tv\\\/wp-content\\\/uploads\\\/2021\\\/07\\\/meydan-logo.svg\",\"width\":195,\"height\":46,\"caption\":\"Meydan TV\"},\"image\":{\"@id\":\"https:\\\/\\\/www.meydan.tv\\\/az\\\/#\\\/schema\\\/logo\\\/image\\\/\"}},{\"@type\":\"Person\",\"@id\":\"https:\\\/\\\/www.meydan.tv\\\/az\\\/#\\\/schema\\\/person\\\/9cdbecf90d17180ce1dfbd95b08dcf47\",\"name\":\"elli\",\"sameAs\":[\"https:\\\/\\\/x.com\\\/elli\"]}]}<\/script>\n<!-- \/ Yoast SEO plugin. -->","yoast_head_json":{"title":"Moskvada Tahir Salahova h\u0259sr olunu\u015f s\u0259rgi ke\u00e7iril\u0259c\u0259k - MEYDAN.TV","robots":{"index":"index","follow":"follow","max-snippet":"max-snippet:-1","max-image-preview":"max-image-preview:large","max-video-preview":"max-video-preview:-1"},"canonical":"https:\/\/www.meydan.tv\/az\/article\/moskvada-tahir-salahova-hesr-olunus-sergi-kecirilecek\/","og_locale":"az_AZ","og_type":"article","og_title":"Moskvada Tahir Salahova h\u0259sr olunu\u015f s\u0259rgi ke\u00e7iril\u0259c\u0259k - MEYDAN.TV","og_description":"M\u00fc\u0259llif Xalq artistinin n\u0259v\u0259si Kayhan Salahovdur Moskvan\u0131n \u201cYekaterina\u201d M\u0259d\u0259niyy\u0259t Fondunda ... Davam\u0131","og_url":"https:\/\/www.meydan.tv\/az\/article\/moskvada-tahir-salahova-hesr-olunus-sergi-kecirilecek\/","og_site_name":"MEYDAN.TV","article_published_time":"2021-11-11T11:07:04+00:00","article_modified_time":"2021-11-11T11:13:51+00:00","og_image":[{"width":1200,"height":929,"url":"https:\/\/www.meydan.tv\/wp-content\/uploads\/taxir.jpg","type":"image\/jpeg"}],"author":"elli","twitter_card":"summary_large_image","twitter_creator":"@elli","schema":{"@context":"https:\/\/schema.org","@graph":[{"@type":"Article","@id":"https:\/\/www.meydan.tv\/az\/article\/moskvada-tahir-salahova-hesr-olunus-sergi-kecirilecek\/#article","isPartOf":{"@id":"https:\/\/www.meydan.tv\/az\/article\/moskvada-tahir-salahova-hesr-olunus-sergi-kecirilecek\/"},"author":{"name":"elli","@id":"https:\/\/www.meydan.tv\/az\/#\/schema\/person\/9cdbecf90d17180ce1dfbd95b08dcf47"},"headline":"Moskvada Tahir Salahova h\u0259sr olunu\u015f s\u0259rgi ke\u00e7iril\u0259c\u0259k","datePublished":"2021-11-11T11:07:04+00:00","dateModified":"2021-11-11T11:13:51+00:00","mainEntityOfPage":{"@id":"https:\/\/www.meydan.tv\/az\/article\/moskvada-tahir-salahova-hesr-olunus-sergi-kecirilecek\/"},"wordCount":363,"publisher":{"@id":"https:\/\/www.meydan.tv\/az\/#organization"},"image":{"@id":"https:\/\/www.meydan.tv\/az\/article\/moskvada-tahir-salahova-hesr-olunus-sergi-kecirilecek\/#primaryimage"},"thumbnailUrl":"https:\/\/www.meydan.tv\/wp-content\/uploads\/taxir.jpg","articleSection":["M\u0259d\u0259niyy\u0259t","X\u0259b\u0259rl\u0259r"],"inLanguage":"az"},{"@type":"WebPage","@id":"https:\/\/www.meydan.tv\/az\/article\/moskvada-tahir-salahova-hesr-olunus-sergi-kecirilecek\/","url":"https:\/\/www.meydan.tv\/az\/article\/moskvada-tahir-salahova-hesr-olunus-sergi-kecirilecek\/","name":"Moskvada Tahir Salahova h\u0259sr olunu\u015f s\u0259rgi ke\u00e7iril\u0259c\u0259k - MEYDAN.TV","isPartOf":{"@id":"https:\/\/www.meydan.tv\/az\/#website"},"primaryImageOfPage":{"@id":"https:\/\/www.meydan.tv\/az\/article\/moskvada-tahir-salahova-hesr-olunus-sergi-kecirilecek\/#primaryimage"},"image":{"@id":"https:\/\/www.meydan.tv\/az\/article\/moskvada-tahir-salahova-hesr-olunus-sergi-kecirilecek\/#primaryimage"},"thumbnailUrl":"https:\/\/www.meydan.tv\/wp-content\/uploads\/taxir.jpg","datePublished":"2021-11-11T11:07:04+00:00","dateModified":"2021-11-11T11:13:51+00:00","breadcrumb":{"@id":"https:\/\/www.meydan.tv\/az\/article\/moskvada-tahir-salahova-hesr-olunus-sergi-kecirilecek\/#breadcrumb"},"inLanguage":"az","potentialAction":[{"@type":"ReadAction","target":["https:\/\/www.meydan.tv\/az\/article\/moskvada-tahir-salahova-hesr-olunus-sergi-kecirilecek\/"]}]},{"@type":"ImageObject","inLanguage":"az","@id":"https:\/\/www.meydan.tv\/az\/article\/moskvada-tahir-salahova-hesr-olunus-sergi-kecirilecek\/#primaryimage","url":"https:\/\/www.meydan.tv\/wp-content\/uploads\/taxir.jpg","contentUrl":"https:\/\/www.meydan.tv\/wp-content\/uploads\/taxir.jpg","width":1200,"height":929,"caption":"Foto: Tahir Salahovun Twitter s\u0259hif\u0259sind\u0259n"},{"@type":"BreadcrumbList","@id":"https:\/\/www.meydan.tv\/az\/article\/moskvada-tahir-salahova-hesr-olunus-sergi-kecirilecek\/#breadcrumb","itemListElement":[{"@type":"ListItem","position":1,"name":"Ana s\u0259hif\u0259","item":"https:\/\/www.meydan.tv\/az\/"},{"@type":"ListItem","position":2,"name":"M\u0259d\u0259niyy\u0259t","item":"https:\/\/www.meydan.tv\/az\/section\/medeniyyet\/"},{"@type":"ListItem","position":3,"name":"Moskvada Tahir Salahova h\u0259sr olunu\u015f s\u0259rgi ke\u00e7iril\u0259c\u0259k"}]},{"@type":"WebSite","@id":"https:\/\/www.meydan.tv\/az\/#website","url":"https:\/\/www.meydan.tv\/az\/","name":"MEYDAN.TV","description":"Meydan TV Az\u0259rbaycan\u0131n media m\u0259kan\u0131ndak\u0131 alternativ s\u0259sidir","publisher":{"@id":"https:\/\/www.meydan.tv\/az\/#organization"},"potentialAction":[{"@type":"SearchAction","target":{"@type":"EntryPoint","urlTemplate":"https:\/\/www.meydan.tv\/az\/?s={search_term_string}"},"query-input":{"@type":"PropertyValueSpecification","valueRequired":true,"valueName":"search_term_string"}}],"inLanguage":"az"},{"@type":"Organization","@id":"https:\/\/www.meydan.tv\/az\/#organization","name":"Meydan TV","url":"https:\/\/www.meydan.tv\/az\/","logo":{"@type":"ImageObject","inLanguage":"az","@id":"https:\/\/www.meydan.tv\/az\/#\/schema\/logo\/image\/","url":"https:\/\/www.meydan.tv\/wp-content\/uploads\/2021\/07\/meydan-logo.svg","contentUrl":"https:\/\/www.meydan.tv\/wp-content\/uploads\/2021\/07\/meydan-logo.svg","width":195,"height":46,"caption":"Meydan TV"},"image":{"@id":"https:\/\/www.meydan.tv\/az\/#\/schema\/logo\/image\/"}},{"@type":"Person","@id":"https:\/\/www.meydan.tv\/az\/#\/schema\/person\/9cdbecf90d17180ce1dfbd95b08dcf47","name":"elli","sameAs":["https:\/\/x.com\/elli"]}]}},"_links":{"self":[{"href":"https:\/\/www.meydan.tv\/az\/wp-json\/wp\/v2\/posts\/225767","targetHints":{"allow":["GET"]}}],"collection":[{"href":"https:\/\/www.meydan.tv\/az\/wp-json\/wp\/v2\/posts"}],"about":[{"href":"https:\/\/www.meydan.tv\/az\/wp-json\/wp\/v2\/types\/post"}],"author":[{"embeddable":true,"href":"https:\/\/www.meydan.tv\/az\/wp-json\/wp\/v2\/users\/8"}],"replies":[{"embeddable":true,"href":"https:\/\/www.meydan.tv\/az\/wp-json\/wp\/v2\/comments?post=225767"}],"version-history":[{"count":1,"href":"https:\/\/www.meydan.tv\/az\/wp-json\/wp\/v2\/posts\/225767\/revisions"}],"predecessor-version":[{"id":225771,"href":"https:\/\/www.meydan.tv\/az\/wp-json\/wp\/v2\/posts\/225767\/revisions\/225771"}],"wp:featuredmedia":[{"embeddable":true,"href":"https:\/\/www.meydan.tv\/az\/wp-json\/wp\/v2\/media\/225768"}],"wp:attachment":[{"href":"https:\/\/www.meydan.tv\/az\/wp-json\/wp\/v2\/media?parent=225767"}],"wp:term":[{"taxonomy":"category","embeddable":true,"href":"https:\/\/www.meydan.tv\/az\/wp-json\/wp\/v2\/categories?post=225767"},{"taxonomy":"post_tag","embeddable":true,"href":"https:\/\/www.meydan.tv\/az\/wp-json\/wp\/v2\/tags?post=225767"}],"curies":[{"name":"wp","href":"https:\/\/api.w.org\/{rel}","templated":true}]}}