{"id":225311,"date":"2021-11-05T14:30:33","date_gmt":"2021-11-05T10:30:33","guid":{"rendered":"https:\/\/www.meydan.tv\/?p=225311"},"modified":"2021-11-05T14:32:22","modified_gmt":"2021-11-05T10:32:22","slug":"deputatin-mehkemesine-jurnalistler-buraxilmir","status":"publish","type":"post","link":"https:\/\/www.meydan.tv\/az\/article\/deputatin-mehkemesine-jurnalistler-buraxilmir\/","title":{"rendered":"Deputat\u0131n m\u0259hk\u0259m\u0259sin\u0259 jurnalistl\u0259r burax\u0131lm\u0131r"},"content":{"rendered":"\n<p>N\u00f6vb\u0259ti prosesd\u0259 prokurorun ittiham akt\u0131n\u0131 elan ed\u0259c\u0259yi g\u00f6zl\u0259nilir<br><\/p>\n\n\n\n<p>Xa\u00e7mazda \u201cStar\u0131y dvor\u201d restoran\u0131nda polisi d\u00f6ym\u0259kd\u0259 t\u0259qsirl\u0259ndiril\u0259r\u0259k h\u0259bs olunan deputat Eld\u0259niz S\u0259limovun m\u0259hk\u0259m\u0259si ba\u015flay\u0131b. Onun i\u015fin\u0259 Sumqay\u0131t A\u011f\u0131r Cinay\u0259tl\u0259r M\u0259hk\u0259m\u0259sind\u0259 hakim Hafiz \u018fliyevin s\u0259drliyil\u0259 bax\u0131l\u0131r.<br><\/p>\n\n\n\n<p>Noyabr\u0131n 5-d\u0259 m\u0259hk\u0259m\u0259nin haz\u0131rl\u0131q iclas\u0131 ke\u00e7irilib. M\u0259hk\u0259m\u0259 prosesi r\u0259sm\u0259n a\u00e7\u0131q ke\u00e7irils\u0259 d\u0259, media n\u00fcmay\u0259nd\u0259l\u0259ri m\u0259hk\u0259m\u0259y\u0259 burax\u0131lmay\u0131b. \u0130ctimaiyy\u0259tin diqq\u0259tind\u0259 olan bu m\u0259hk\u0259m\u0259 prosesinin faktiki qapal\u0131 ke\u00e7irilm\u0259sinin s\u0259b\u0259bi haqda is\u0259 he\u00e7 bir izahat verilm\u0259yib.<br><\/p>\n\n\n\n<p>Meydan TV-nin \u0259ld\u0259 etdiyi m\u0259lumata g\u00f6r\u0259, haz\u0131rl\u0131q iclas\u0131nda t\u0259qsirl\u0259ndiril\u0259n deputat\u0131n anket m\u0259lumatlar\u0131 d\u0259qiql\u0259\u015fdirilib. Onun ev dustaql\u0131\u011f\u0131na burax\u0131lmas\u0131 ist\u0259nils\u0259 d\u0259, hakiml\u0259r bu v\u0259sat\u0259ti t\u0259min etm\u0259yib.<br>Deputat\u0131n i\u015fi \u00fczr\u0259 m\u0259hk\u0259m\u0259 bax\u0131\u015f\u0131 noyabr\u0131n 17-n\u0259 t\u0259yin edilib. H\u0259min g\u00fcn prokuror ittiham akt\u0131n\u0131 elan ed\u0259c\u0259k, ard\u0131nca dindirm\u0259l\u0259r ba\u015flayacaq.<br><\/p>\n\n\n\n<p>Eld\u0259niz S\u0259limov avqustun 3-d\u0259 h\u0259bs <a href=\"https:\/\/www.meydan.tv\/az\/article\/eldeniz-selimov-cinayet-mesuliyyetine-celb-olunub\/\" target=\"_blank\" rel=\"noreferrer noopener\">olunub<\/a>. 45 ya\u015fl\u0131 deputat iyulun 29-da qohumuna m\u0259xsus restoranda Xa\u00e7maz Rayon Qeydiyyat v\u0259 \u015e\u0259xsiyy\u0259t V\u0259siq\u0259si \u015e\u00f6b\u0259sinin \u0259m\u0259kda\u015f\u0131 Zaur Mirz\u0259yevi vurmaqda ittiham olunur. Ona qar\u015f\u0131 Cinay\u0259t M\u0259c\u0259ll\u0259sinin 309.2 (zor t\u0259tbiq etm\u0259 v\u0259zif\u0259 s\u0259lahiyy\u0259tl\u0259rini a\u015fma) madd\u0259sil\u0259 ittiham ir\u0259li s\u00fcr\u00fcl\u00fcb. Bu madd\u0259d\u0259 3 ild\u0259n 8 il\u0259 q\u0259d\u0259r azadl\u0131qdan m\u0259hrumetm\u0259 c\u0259zas\u0131 n\u0259z\u0259rd\u0259 tutulub. H\u0259m\u00e7inin 3 il\u0259 q\u0259d\u0259r m\u00fc\u0259yy\u0259n v\u0259zif\u0259 tutma v\u0259 ya m\u00fc\u0259yy\u0259n f\u0259aliyy\u0259tl\u0259 m\u0259\u015f\u011ful olma h\u00fcququndan m\u0259hrum edilm\u0259 d\u0259 \u0259lav\u0259 c\u0259za kimi bu madd\u0259d\u0259 \u0259ksini tap\u0131b.<br><\/p>\n\n\n\n<p>Eld\u0259niz S\u0259limov \u0259m\u0259linin yanl\u0131\u015f oldu\u011funu etiraf ed\u0259r\u0259k, avqustun 2-d\u0259 \u00fczr ist\u0259s\u0259 d\u0259, yayd\u0131\u011f\u0131 a\u00e7\u0131qlamada bu n\u0259tic\u0259y\u0259 g\u0259tirib \u00e7\u0131xaran s\u0259b\u0259bl\u0259r oldu\u011funu vur\u011fulam\u0131\u015fd\u0131: \u201c\u00dcst\u00fcnd\u0259 dayanmayaca\u011fam, lakin dem\u0259liy\u0259m ki, bu s\u0259hv\u0259 g\u0259tirib \u00e7\u0131xaran \u00e7oxlu s\u0259b\u0259b, t\u0259hdid v\u0259 t\u0259zyiql\u0259r d\u0259 olub\u201d.<br><\/p>\n\n\n\n<p>1976-c\u0131 il t\u0259v\u0259ll\u00fcdl\u00fc Eld\u0259niz S\u0259limov 2010-cu ild\u0259n Milli M\u0259clisin deputat\u0131d\u0131r. O, 2020-ci ilin fevral\u0131nda ke\u00e7iril\u0259n son oarlament se\u00e7kil\u0259rind\u0259 55 sayl\u0131 Xa\u00e7maz \u015f\u0259h\u0259r dair\u0259sind\u0259n Yeni Az\u0259rbaycan Partiyas\u0131n\u0131n deputat\u0131 kimi parlamentd\u0259 t\u0259msil olunub. Amma bu ilin yay\u0131nda m\u0259lum qalmaqaldan sonra o, YAP-dan <a href=\"http:\/\/imov-yap-dan-cixarildi\/\" target=\"_blank\" rel=\"noreferrer noopener\">\u00e7\u0131xar\u0131l\u0131b<\/a>.<\/p>\n","protected":false},"excerpt":{"rendered":"<p>N\u00f6vb\u0259ti prosesd\u0259 prokurorun ittiham akt\u0131n\u0131 elan ed\u0259c\u0259yi g\u00f6zl\u0259nilir Xa\u00e7mazda \u201cStar\u0131y &#8230; <\/p>\n<p class=\"read-more-container\"><a title=\"Deputat\u0131n m\u0259hk\u0259m\u0259sin\u0259 jurnalistl\u0259r burax\u0131lm\u0131r\" class=\"read-more button\" href=\"https:\/\/www.meydan.tv\/az\/article\/deputatin-mehkemesine-jurnalistler-buraxilmir\/#more-225311\" aria-label=\"Read more about Deputat\u0131n m\u0259hk\u0259m\u0259sin\u0259 jurnalistl\u0259r burax\u0131lm\u0131r\">Davam\u0131<\/a><\/p>\n","protected":false},"author":8,"featured_media":208877,"comment_status":"closed","ping_status":"closed","sticky":false,"template":"","format":"standard","meta":{"_acf_changed":false,"_sitemap_exclude":false,"_sitemap_priority":"","_sitemap_frequency":"","footnotes":""},"categories":[88,56],"tags":[],"class_list":["post-225311","post","type-post","status-publish","format-standard","has-post-thumbnail","hentry","category-redaktor-secimi","category-xeberler","infinite-scroll-item","generate-columns","tablet-grid-50","mobile-grid-100","grid-parent","grid-33","no-featured-image-padding"],"acf":[],"yoast_head":"<!-- This site is optimized with the Yoast SEO plugin v27.5 - https:\/\/yoast.com\/product\/yoast-seo-wordpress\/ -->\n<title>Deputat\u0131n m\u0259hk\u0259m\u0259sin\u0259 jurnalistl\u0259r burax\u0131lm\u0131r - MEYDAN.TV<\/title>\n<meta name=\"robots\" content=\"index, follow, max-snippet:-1, max-image-preview:large, max-video-preview:-1\" \/>\n<link rel=\"canonical\" href=\"https:\/\/www.meydan.tv\/az\/article\/deputatin-mehkemesine-jurnalistler-buraxilmir\/\" \/>\n<meta property=\"og:locale\" content=\"az_AZ\" \/>\n<meta property=\"og:type\" content=\"article\" \/>\n<meta property=\"og:title\" content=\"Deputat\u0131n m\u0259hk\u0259m\u0259sin\u0259 jurnalistl\u0259r burax\u0131lm\u0131r - MEYDAN.TV\" \/>\n<meta property=\"og:description\" content=\"N\u00f6vb\u0259ti prosesd\u0259 prokurorun ittiham akt\u0131n\u0131 elan ed\u0259c\u0259yi g\u00f6zl\u0259nilir Xa\u00e7mazda \u201cStar\u0131y ... Davam\u0131\" \/>\n<meta property=\"og:url\" content=\"https:\/\/www.meydan.tv\/az\/article\/deputatin-mehkemesine-jurnalistler-buraxilmir\/\" \/>\n<meta property=\"og:site_name\" content=\"MEYDAN.TV\" \/>\n<meta property=\"article:published_time\" content=\"2021-11-05T10:30:33+00:00\" \/>\n<meta property=\"article:modified_time\" content=\"2021-11-05T10:32:22+00:00\" \/>\n<meta property=\"og:image\" content=\"https:\/\/www.meydan.tv\/wp-content\/uploads\/b64c8d44-3b99-4440-af6e-6dfea17ce672.png\" \/>\n\t<meta property=\"og:image:width\" content=\"1280\" \/>\n\t<meta property=\"og:image:height\" content=\"720\" \/>\n\t<meta property=\"og:image:type\" content=\"image\/png\" \/>\n<meta name=\"author\" content=\"elli\" \/>\n<meta name=\"twitter:card\" content=\"summary_large_image\" \/>\n<meta name=\"twitter:creator\" content=\"@elli\" \/>\n<script type=\"application\/ld+json\" class=\"yoast-schema-graph\">{\"@context\":\"https:\\\/\\\/schema.org\",\"@graph\":[{\"@type\":\"Article\",\"@id\":\"https:\\\/\\\/www.meydan.tv\\\/az\\\/article\\\/deputatin-mehkemesine-jurnalistler-buraxilmir\\\/#article\",\"isPartOf\":{\"@id\":\"https:\\\/\\\/www.meydan.tv\\\/az\\\/article\\\/deputatin-mehkemesine-jurnalistler-buraxilmir\\\/\"},\"author\":{\"name\":\"elli\",\"@id\":\"https:\\\/\\\/www.meydan.tv\\\/az\\\/#\\\/schema\\\/person\\\/9cdbecf90d17180ce1dfbd95b08dcf47\"},\"headline\":\"Deputat\u0131n m\u0259hk\u0259m\u0259sin\u0259 jurnalistl\u0259r burax\u0131lm\u0131r\",\"datePublished\":\"2021-11-05T10:30:33+00:00\",\"dateModified\":\"2021-11-05T10:32:22+00:00\",\"mainEntityOfPage\":{\"@id\":\"https:\\\/\\\/www.meydan.tv\\\/az\\\/article\\\/deputatin-mehkemesine-jurnalistler-buraxilmir\\\/\"},\"wordCount\":477,\"publisher\":{\"@id\":\"https:\\\/\\\/www.meydan.tv\\\/az\\\/#organization\"},\"image\":{\"@id\":\"https:\\\/\\\/www.meydan.tv\\\/az\\\/article\\\/deputatin-mehkemesine-jurnalistler-buraxilmir\\\/#primaryimage\"},\"thumbnailUrl\":\"https:\\\/\\\/www.meydan.tv\\\/wp-content\\\/uploads\\\/b64c8d44-3b99-4440-af6e-6dfea17ce672-e1640623573344.png\",\"articleSection\":[\"Redaktor se\u00e7imi\",\"X\u0259b\u0259rl\u0259r\"],\"inLanguage\":\"az\"},{\"@type\":\"WebPage\",\"@id\":\"https:\\\/\\\/www.meydan.tv\\\/az\\\/article\\\/deputatin-mehkemesine-jurnalistler-buraxilmir\\\/\",\"url\":\"https:\\\/\\\/www.meydan.tv\\\/az\\\/article\\\/deputatin-mehkemesine-jurnalistler-buraxilmir\\\/\",\"name\":\"Deputat\u0131n m\u0259hk\u0259m\u0259sin\u0259 jurnalistl\u0259r burax\u0131lm\u0131r - MEYDAN.TV\",\"isPartOf\":{\"@id\":\"https:\\\/\\\/www.meydan.tv\\\/az\\\/#website\"},\"primaryImageOfPage\":{\"@id\":\"https:\\\/\\\/www.meydan.tv\\\/az\\\/article\\\/deputatin-mehkemesine-jurnalistler-buraxilmir\\\/#primaryimage\"},\"image\":{\"@id\":\"https:\\\/\\\/www.meydan.tv\\\/az\\\/article\\\/deputatin-mehkemesine-jurnalistler-buraxilmir\\\/#primaryimage\"},\"thumbnailUrl\":\"https:\\\/\\\/www.meydan.tv\\\/wp-content\\\/uploads\\\/b64c8d44-3b99-4440-af6e-6dfea17ce672-e1640623573344.png\",\"datePublished\":\"2021-11-05T10:30:33+00:00\",\"dateModified\":\"2021-11-05T10:32:22+00:00\",\"breadcrumb\":{\"@id\":\"https:\\\/\\\/www.meydan.tv\\\/az\\\/article\\\/deputatin-mehkemesine-jurnalistler-buraxilmir\\\/#breadcrumb\"},\"inLanguage\":\"az\",\"potentialAction\":[{\"@type\":\"ReadAction\",\"target\":[\"https:\\\/\\\/www.meydan.tv\\\/az\\\/article\\\/deputatin-mehkemesine-jurnalistler-buraxilmir\\\/\"]}]},{\"@type\":\"ImageObject\",\"inLanguage\":\"az\",\"@id\":\"https:\\\/\\\/www.meydan.tv\\\/az\\\/article\\\/deputatin-mehkemesine-jurnalistler-buraxilmir\\\/#primaryimage\",\"url\":\"https:\\\/\\\/www.meydan.tv\\\/wp-content\\\/uploads\\\/b64c8d44-3b99-4440-af6e-6dfea17ce672-e1640623573344.png\",\"contentUrl\":\"https:\\\/\\\/www.meydan.tv\\\/wp-content\\\/uploads\\\/b64c8d44-3b99-4440-af6e-6dfea17ce672-e1640623573344.png\",\"width\":1280,\"height\":643,\"caption\":\"Foto: arxiv\"},{\"@type\":\"BreadcrumbList\",\"@id\":\"https:\\\/\\\/www.meydan.tv\\\/az\\\/article\\\/deputatin-mehkemesine-jurnalistler-buraxilmir\\\/#breadcrumb\",\"itemListElement\":[{\"@type\":\"ListItem\",\"position\":1,\"name\":\"Ana s\u0259hif\u0259\",\"item\":\"https:\\\/\\\/www.meydan.tv\\\/az\\\/\"},{\"@type\":\"ListItem\",\"position\":2,\"name\":\"X\u0259b\u0259rl\u0259r\",\"item\":\"https:\\\/\\\/www.meydan.tv\\\/az\\\/section\\\/xeberler\\\/\"},{\"@type\":\"ListItem\",\"position\":3,\"name\":\"Deputat\u0131n m\u0259hk\u0259m\u0259sin\u0259 jurnalistl\u0259r burax\u0131lm\u0131r\"}]},{\"@type\":\"WebSite\",\"@id\":\"https:\\\/\\\/www.meydan.tv\\\/az\\\/#website\",\"url\":\"https:\\\/\\\/www.meydan.tv\\\/az\\\/\",\"name\":\"MEYDAN.TV\",\"description\":\"Meydan TV Az\u0259rbaycan\u0131n media m\u0259kan\u0131ndak\u0131 alternativ s\u0259sidir\",\"publisher\":{\"@id\":\"https:\\\/\\\/www.meydan.tv\\\/az\\\/#organization\"},\"potentialAction\":[{\"@type\":\"SearchAction\",\"target\":{\"@type\":\"EntryPoint\",\"urlTemplate\":\"https:\\\/\\\/www.meydan.tv\\\/az\\\/?s={search_term_string}\"},\"query-input\":{\"@type\":\"PropertyValueSpecification\",\"valueRequired\":true,\"valueName\":\"search_term_string\"}}],\"inLanguage\":\"az\"},{\"@type\":\"Organization\",\"@id\":\"https:\\\/\\\/www.meydan.tv\\\/az\\\/#organization\",\"name\":\"Meydan TV\",\"url\":\"https:\\\/\\\/www.meydan.tv\\\/az\\\/\",\"logo\":{\"@type\":\"ImageObject\",\"inLanguage\":\"az\",\"@id\":\"https:\\\/\\\/www.meydan.tv\\\/az\\\/#\\\/schema\\\/logo\\\/image\\\/\",\"url\":\"https:\\\/\\\/www.meydan.tv\\\/wp-content\\\/uploads\\\/2021\\\/07\\\/meydan-logo.svg\",\"contentUrl\":\"https:\\\/\\\/www.meydan.tv\\\/wp-content\\\/uploads\\\/2021\\\/07\\\/meydan-logo.svg\",\"width\":195,\"height\":46,\"caption\":\"Meydan TV\"},\"image\":{\"@id\":\"https:\\\/\\\/www.meydan.tv\\\/az\\\/#\\\/schema\\\/logo\\\/image\\\/\"}},{\"@type\":\"Person\",\"@id\":\"https:\\\/\\\/www.meydan.tv\\\/az\\\/#\\\/schema\\\/person\\\/9cdbecf90d17180ce1dfbd95b08dcf47\",\"name\":\"elli\",\"sameAs\":[\"https:\\\/\\\/x.com\\\/elli\"]}]}<\/script>\n<!-- \/ Yoast SEO plugin. -->","yoast_head_json":{"title":"Deputat\u0131n m\u0259hk\u0259m\u0259sin\u0259 jurnalistl\u0259r burax\u0131lm\u0131r - MEYDAN.TV","robots":{"index":"index","follow":"follow","max-snippet":"max-snippet:-1","max-image-preview":"max-image-preview:large","max-video-preview":"max-video-preview:-1"},"canonical":"https:\/\/www.meydan.tv\/az\/article\/deputatin-mehkemesine-jurnalistler-buraxilmir\/","og_locale":"az_AZ","og_type":"article","og_title":"Deputat\u0131n m\u0259hk\u0259m\u0259sin\u0259 jurnalistl\u0259r burax\u0131lm\u0131r - MEYDAN.TV","og_description":"N\u00f6vb\u0259ti prosesd\u0259 prokurorun ittiham akt\u0131n\u0131 elan ed\u0259c\u0259yi g\u00f6zl\u0259nilir Xa\u00e7mazda \u201cStar\u0131y ... Davam\u0131","og_url":"https:\/\/www.meydan.tv\/az\/article\/deputatin-mehkemesine-jurnalistler-buraxilmir\/","og_site_name":"MEYDAN.TV","article_published_time":"2021-11-05T10:30:33+00:00","article_modified_time":"2021-11-05T10:32:22+00:00","og_image":[{"width":1280,"height":720,"url":"https:\/\/www.meydan.tv\/wp-content\/uploads\/b64c8d44-3b99-4440-af6e-6dfea17ce672.png","type":"image\/png"}],"author":"elli","twitter_card":"summary_large_image","twitter_creator":"@elli","schema":{"@context":"https:\/\/schema.org","@graph":[{"@type":"Article","@id":"https:\/\/www.meydan.tv\/az\/article\/deputatin-mehkemesine-jurnalistler-buraxilmir\/#article","isPartOf":{"@id":"https:\/\/www.meydan.tv\/az\/article\/deputatin-mehkemesine-jurnalistler-buraxilmir\/"},"author":{"name":"elli","@id":"https:\/\/www.meydan.tv\/az\/#\/schema\/person\/9cdbecf90d17180ce1dfbd95b08dcf47"},"headline":"Deputat\u0131n m\u0259hk\u0259m\u0259sin\u0259 jurnalistl\u0259r burax\u0131lm\u0131r","datePublished":"2021-11-05T10:30:33+00:00","dateModified":"2021-11-05T10:32:22+00:00","mainEntityOfPage":{"@id":"https:\/\/www.meydan.tv\/az\/article\/deputatin-mehkemesine-jurnalistler-buraxilmir\/"},"wordCount":477,"publisher":{"@id":"https:\/\/www.meydan.tv\/az\/#organization"},"image":{"@id":"https:\/\/www.meydan.tv\/az\/article\/deputatin-mehkemesine-jurnalistler-buraxilmir\/#primaryimage"},"thumbnailUrl":"https:\/\/www.meydan.tv\/wp-content\/uploads\/b64c8d44-3b99-4440-af6e-6dfea17ce672-e1640623573344.png","articleSection":["Redaktor se\u00e7imi","X\u0259b\u0259rl\u0259r"],"inLanguage":"az"},{"@type":"WebPage","@id":"https:\/\/www.meydan.tv\/az\/article\/deputatin-mehkemesine-jurnalistler-buraxilmir\/","url":"https:\/\/www.meydan.tv\/az\/article\/deputatin-mehkemesine-jurnalistler-buraxilmir\/","name":"Deputat\u0131n m\u0259hk\u0259m\u0259sin\u0259 jurnalistl\u0259r burax\u0131lm\u0131r - MEYDAN.TV","isPartOf":{"@id":"https:\/\/www.meydan.tv\/az\/#website"},"primaryImageOfPage":{"@id":"https:\/\/www.meydan.tv\/az\/article\/deputatin-mehkemesine-jurnalistler-buraxilmir\/#primaryimage"},"image":{"@id":"https:\/\/www.meydan.tv\/az\/article\/deputatin-mehkemesine-jurnalistler-buraxilmir\/#primaryimage"},"thumbnailUrl":"https:\/\/www.meydan.tv\/wp-content\/uploads\/b64c8d44-3b99-4440-af6e-6dfea17ce672-e1640623573344.png","datePublished":"2021-11-05T10:30:33+00:00","dateModified":"2021-11-05T10:32:22+00:00","breadcrumb":{"@id":"https:\/\/www.meydan.tv\/az\/article\/deputatin-mehkemesine-jurnalistler-buraxilmir\/#breadcrumb"},"inLanguage":"az","potentialAction":[{"@type":"ReadAction","target":["https:\/\/www.meydan.tv\/az\/article\/deputatin-mehkemesine-jurnalistler-buraxilmir\/"]}]},{"@type":"ImageObject","inLanguage":"az","@id":"https:\/\/www.meydan.tv\/az\/article\/deputatin-mehkemesine-jurnalistler-buraxilmir\/#primaryimage","url":"https:\/\/www.meydan.tv\/wp-content\/uploads\/b64c8d44-3b99-4440-af6e-6dfea17ce672-e1640623573344.png","contentUrl":"https:\/\/www.meydan.tv\/wp-content\/uploads\/b64c8d44-3b99-4440-af6e-6dfea17ce672-e1640623573344.png","width":1280,"height":643,"caption":"Foto: arxiv"},{"@type":"BreadcrumbList","@id":"https:\/\/www.meydan.tv\/az\/article\/deputatin-mehkemesine-jurnalistler-buraxilmir\/#breadcrumb","itemListElement":[{"@type":"ListItem","position":1,"name":"Ana s\u0259hif\u0259","item":"https:\/\/www.meydan.tv\/az\/"},{"@type":"ListItem","position":2,"name":"X\u0259b\u0259rl\u0259r","item":"https:\/\/www.meydan.tv\/az\/section\/xeberler\/"},{"@type":"ListItem","position":3,"name":"Deputat\u0131n m\u0259hk\u0259m\u0259sin\u0259 jurnalistl\u0259r burax\u0131lm\u0131r"}]},{"@type":"WebSite","@id":"https:\/\/www.meydan.tv\/az\/#website","url":"https:\/\/www.meydan.tv\/az\/","name":"MEYDAN.TV","description":"Meydan TV Az\u0259rbaycan\u0131n media m\u0259kan\u0131ndak\u0131 alternativ s\u0259sidir","publisher":{"@id":"https:\/\/www.meydan.tv\/az\/#organization"},"potentialAction":[{"@type":"SearchAction","target":{"@type":"EntryPoint","urlTemplate":"https:\/\/www.meydan.tv\/az\/?s={search_term_string}"},"query-input":{"@type":"PropertyValueSpecification","valueRequired":true,"valueName":"search_term_string"}}],"inLanguage":"az"},{"@type":"Organization","@id":"https:\/\/www.meydan.tv\/az\/#organization","name":"Meydan TV","url":"https:\/\/www.meydan.tv\/az\/","logo":{"@type":"ImageObject","inLanguage":"az","@id":"https:\/\/www.meydan.tv\/az\/#\/schema\/logo\/image\/","url":"https:\/\/www.meydan.tv\/wp-content\/uploads\/2021\/07\/meydan-logo.svg","contentUrl":"https:\/\/www.meydan.tv\/wp-content\/uploads\/2021\/07\/meydan-logo.svg","width":195,"height":46,"caption":"Meydan TV"},"image":{"@id":"https:\/\/www.meydan.tv\/az\/#\/schema\/logo\/image\/"}},{"@type":"Person","@id":"https:\/\/www.meydan.tv\/az\/#\/schema\/person\/9cdbecf90d17180ce1dfbd95b08dcf47","name":"elli","sameAs":["https:\/\/x.com\/elli"]}]}},"_links":{"self":[{"href":"https:\/\/www.meydan.tv\/az\/wp-json\/wp\/v2\/posts\/225311","targetHints":{"allow":["GET"]}}],"collection":[{"href":"https:\/\/www.meydan.tv\/az\/wp-json\/wp\/v2\/posts"}],"about":[{"href":"https:\/\/www.meydan.tv\/az\/wp-json\/wp\/v2\/types\/post"}],"author":[{"embeddable":true,"href":"https:\/\/www.meydan.tv\/az\/wp-json\/wp\/v2\/users\/8"}],"replies":[{"embeddable":true,"href":"https:\/\/www.meydan.tv\/az\/wp-json\/wp\/v2\/comments?post=225311"}],"version-history":[{"count":1,"href":"https:\/\/www.meydan.tv\/az\/wp-json\/wp\/v2\/posts\/225311\/revisions"}],"predecessor-version":[{"id":225316,"href":"https:\/\/www.meydan.tv\/az\/wp-json\/wp\/v2\/posts\/225311\/revisions\/225316"}],"wp:featuredmedia":[{"embeddable":true,"href":"https:\/\/www.meydan.tv\/az\/wp-json\/wp\/v2\/media\/208877"}],"wp:attachment":[{"href":"https:\/\/www.meydan.tv\/az\/wp-json\/wp\/v2\/media?parent=225311"}],"wp:term":[{"taxonomy":"category","embeddable":true,"href":"https:\/\/www.meydan.tv\/az\/wp-json\/wp\/v2\/categories?post=225311"},{"taxonomy":"post_tag","embeddable":true,"href":"https:\/\/www.meydan.tv\/az\/wp-json\/wp\/v2\/tags?post=225311"}],"curies":[{"name":"wp","href":"https:\/\/api.w.org\/{rel}","templated":true}]}}