{"id":225252,"date":"2021-11-04T19:17:31","date_gmt":"2021-11-04T15:17:31","guid":{"rendered":"https:\/\/www.meydan.tv\/?p=225252"},"modified":"2021-11-04T19:58:45","modified_gmt":"2021-11-04T15:58:45","slug":"konteksti-tutmagin-xeyri","status":"publish","type":"post","link":"https:\/\/www.meydan.tv\/az\/article\/konteksti-tutmagin-xeyri\/","title":{"rendered":"Konteksti tutma\u011f\u0131n xeyri"},"content":{"rendered":"\n<p><\/p>\n\n\n\n<p>M\u0259n \u00f6z\u00fcmd\u0259 c\u00fcr\u0259t tap\u0131b iddia edir\u0259m ki, Sevda Sultanova h\u0259min d\u00f6vr\u00fcn tarixinin kontekstini tuta bilm\u0259yib<br><\/p>\n\n\n\n<p>Az\u0259rbaycanda s\u0259viyy\u0259li fikir minb\u0259rl\u0259ri cox azd\u0131r. S\u00f6z al\u0259minin 99 faizi laqq\u0131rt\u0131, bo\u015fbo\u011fazl\u0131q, \u00e7\u0259r\u0259n\u00e7ilik, yaltaql\u0131q, q\u0259r\u0259zlilik v\u0259 lov\u011fal\u0131q kontekstini ehtiva edir. 1 faizind\u0259 faydal\u0131 m\u0259na axtarma\u011fa d\u0259y\u0259r. Bu 1 faiz\u0259 \u201cAzlogos\u201d sayt\u0131nda d\u0259rc edil\u0259n yaz\u0131lar da daxildir.<br><\/p>\n\n\n\n<p>Bir il bundan \u0259vv\u0259l saytda Sevda Sultanovan\u0131n AXC banil\u0259rind\u0259n olan m\u0259rhum Hikm\u0259t b\u0259y Hac\u0131zad\u0259 haqq\u0131nda yaz\u0131s\u0131n\u0131 maraqla oxumu\u015fdum. Maraqla ona g\u00f6r\u0259 ki, bu yaz\u0131 m\u0259nim d\u0259 m\u0259nsub oldu\u011fum getm\u0259kd\u0259 olan n\u0259slin indiki n\u0259sil t\u0259r\u0259find\u0259n nec\u0259 qavranmas\u0131 bar\u0259d\u0259 t\u0259s\u0259vv\u00fcr yarad\u0131r.<br><\/p>\n\n\n\n<p>G\u00f6rd\u00fcy\u00fc h\u0259r \u015feyi \u2013 Hikm\u0259t b\u0259yin m\u0259caz\u0131n\u0131 da, mahiyy\u0259tini d\u0259, c\u0259miyy\u0259td\u0259 v\u0259 tarixd\u0259 yerini d\u0259 &#8211; d\u00fcr\u00fcst anlay\u0131b v\u0259 d\u00fczg\u00fcn t\u0259svir edib. T\u0259k sonluqda m\u00fc\u0259llifin verdiyi ki\u00e7ik ha\u015fiy\u0259 g\u00f6st\u0259rib ki, he\u00e7 d\u0259 h\u0259r zaman m\u00fchitin kontekstini adekvat qavramaq \u00fc\u00e7\u00fcn z\u0259ruri olan bilgisi var. V\u0259 bu, onun deyil, bizim n\u0259slin g\u00fcnah\u0131d\u0131r. <\/p>\n\n\n\n<p>M\u0259hz bizim n\u0259sil tariximizi, olub ke\u00e7\u0259nl\u0259rin m\u0259zmun v\u0259 mahiyy\u0259tini xalqa d\u00fczg\u00fcn v\u0259 dol\u011fun \u00e7atd\u0131ra bilm\u0259mi\u015fdir.<br><\/p>\n\n\n\n<p>Dem\u0259k, Sevda Sultanova yaz\u0131s\u0131n\u0131n ax\u0131r\u0131nda t\u0259svir edir ki, 1990-lar\u0131n sonunda M\u00fcsavat iqam\u0259tgah\u0131nda m\u0259rhum \u018fb\u00fclf\u0259z \u018fliyev pill\u0259kanla ikinci m\u0259rt\u0259b\u0259y\u0259 qalxanda Hikm\u0259t b\u0259y \u0259lind\u0259 bulka \u201cat\u0131la-at\u0131la\u201d a\u015fa\u011f\u0131 d\u00fc\u015f\u00fcrm\u00fc\u015f v\u0259 eks vitse-premyer eks prezidentin yan\u0131ndan ke\u00e7\u0259nd\u0259 ona g\u00f6zucu bax\u0131b v\u0259 \u201cm\u0131z\u0131ldan\u0131b\u201d salam ver\u0259r\u0259k \u00f6tm\u0259k ist\u0259yib. Lakin El\u00e7ib\u0259y \u00f6z h\u00f6kum\u0259tinin Ba\u015f nazirinin m\u00fcavinini v\u0259 Rusiyadak\u0131 F\u00f6vq\u0259lad\u0259 v\u0259 S\u0259lahiyy\u0259tli s\u0259firini saxlay\u0131b, onunla k\u0259mali-s\u0259liq\u0259 il\u0259, \u201cd\u0259rin say\u011f\u0131 il\u0259 hal-\u0259hval\u201d tutub: \u201cDaha n\u0259s\u0259 dem\u0259k ist\u0259yirdi ki, Hac\u0131zad\u0259 ona dilucu, etinas\u0131z cavab verib pill\u0259kanlarla yen\u0259 at\u0131la-at\u0131la d\u00fc\u015fm\u0259y\u0259 ba\u015flad\u0131\u201d.<br><\/p>\n\n\n\n<p>Sevda xan\u0131m bu h\u0259yat\u0131n ani-\u00f6t\u0259ri hadis\u0259sin\u0259 \u00f6z\u00fcn\u00fcn qiym\u0259tini v\u0259 m\u00fcnasib\u0259tini a\u015fa\u011f\u0131dak\u0131 s\u00f6zl\u0259rl\u0259 dolay\u0131s\u0131 il\u0259 bildirib: \u201cYeri g\u0259lmi\u015fk\u0259n, El\u00e7ib\u0259yi reall\u0131qda iki d\u0259f\u0259 g\u00f6rm\u00fc\u015f\u0259m. H\u0259r ikisind\u0259 d\u0259 , o, m\u0259nim yad\u0131mda m\u00fct\u0259vazi, eleqant, alic\u0259nab adam kimi qal\u0131b\u201d. N\u0259z\u0259r\u0259 alsaq ki, m\u0259tninin bundan \u0259vv\u0259lki hiss\u0259sind\u0259 o, Hikm\u0259t Hac\u0131zad\u0259ni s\u00f6hb\u0259tind\u0259 s\u00f6y\u00fc\u015f \u0259sirg\u0259m\u0259y\u0259n y\u00fcng\u00fclm\u0259caz \u201cvesel\u00e7ak\u201dkimi t\u0259svir edib, m\u00fc\u0259llifin r\u0259\u011fb\u0259tinin kimin t\u0259r\u0259find\u0259 olmas\u0131 \u015f\u00fcbh\u0259 oyatmamal\u0131d\u0131r.<br><\/p>\n\n\n\n<p>M\u0259hz buna g\u00f6r\u0259 m\u0259n \u00f6z\u00fcmd\u0259 c\u00fcr\u0259t tap\u0131b iddia edir\u0259m ki, Sevda Sultanova h\u0259min d\u00f6vr\u00fcn tarixinin kontekstini tuta bilm\u0259yib.<br><\/p>\n\n\n\n<p>\u0130mkan\u0131m daxilind\u0259 bu konteksti a\u00e7ma\u011fa c\u0259hd ed\u0259c\u0259y\u0259m.<br><\/p>\n\n\n\n<p>Z\u0259man\u0259 kontekstinin dan\u0131lmaz, f\u0259q\u0259t \u0259ks\u0259riyy\u0259tin anlamad\u0131\u011f\u0131 v\u0259 ya q\u0259bul etm\u0259k ist\u0259m\u0259diyi d\u0259yi\u015fm\u0259z m\u0259fhumlar\u0131, konstantalar\u0131 var. Bu konstantalar\u0131 m\u0259nim kimi a\u015fkar dey\u0259n insanlar c\u0259miyy\u0259td\u0259 r\u0259\u011fb\u0259t deyil, q\u0259z\u0259b do\u011furur. Birincisini deyim, \u00f6z\u00fcn\u00fcz\u0259 v\u0259 \u0259hval\u0131n\u0131za fikir verin, t\u0259hlil edin, g\u00f6r\u00fcn d\u00fcz deyir\u0259m, ya yox. <\/p>\n\n\n\n<p><strong>1.<\/strong>Az\u0259rbaycan xalq\u0131n\u0131n 90 faizi Qaraba\u011f m\u00fcnaqi\u015f\u0259si ba\u015flamazdan \u0259vv\u0259l m\u00fcst\u0259qillik ist\u0259mirdi, onun n\u0259 oldu\u011funu bilmirdi, onun u\u011frunda f\u0259al m\u00fcbariz\u0259 aparmaq fikrind\u0259 deyildi. Xalq\u0131m\u0131z\u0131 m\u00fcst\u0259qilliy\u0259 m\u00fcnaqi\u015f\u0259 qam\u00e7\u0131s\u0131 il\u0259, \u0259dal\u0259tsiz c\u0259zalar zopas\u0131 il\u0259 vura-vura, SSR\u0130 r\u0259hb\u0259rliyinin \u00f6lk\u0259ni da\u011f\u0131tmaq \u0259zmi il\u0259 qovdular.<br>Nec\u0259dir sizin \u00fc\u00e7\u00fcn s\u00f6yl\u0259diyim bu fikir? Q\u0259z\u0259bl\u0259ndinizmi? H\u0259qir b\u0259nd\u0259nizin bu s\u00f6zl\u0259rini sevimli v\u0259 azadixah xalq\u0131n\u0131za t\u0259hqir v\u0259 \u015f\u0259xs\u0259n sizin hissl\u0259riniz\u0259 z\u0259d\u0259 kimi q\u0259bul etdinizmi? \u018fg\u0259r bel\u0259dirs\u0259, onda m\u0259nim dig\u0259r z\u0131nd\u0131q fikrim\u0259 d\u0259 m\u00fcnasib\u0259t bildirin: Az\u0259rbaycan xalq\u0131n\u0131n 90 faizi insan v\u0259 v\u0259t\u0259nda\u015f h\u00fcquq v\u0259 azadl\u0131qlar\u0131 bar\u0259sind\u0259 he\u00e7 bir anlay\u0131\u015f\u0131 yoxdur. M\u0259hz buna g\u00f6r\u0259 h\u0259r g\u00fcn v\u0259 h\u0259r an qanuni h\u00fcquqlar\u0131n\u0131n pozulmas\u0131n\u0131 n\u0259 d\u0259rk edir, n\u0259 d\u0259 bu b\u0259dnam v\u0259ziyy\u0259t\u0259 qar\u015f\u0131 m\u00fcbariz\u0259 apar\u0131r.<br><\/p>\n\n\n\n<p>Yoxsa d\u0259rk edir v\u0259 apar\u0131r?<br><\/p>\n\n\n\n<p>\u201cXalq bir olsa z\u0259rbi k\u0259r\u0259n s\u0131nd\u0131rar\u201d m\u0259s\u0259lin\u0259 m\u00fcnasib\u0259tiniz nec\u0259dir? Haqq\u0131n\u0131 bil\u0259n v\u0259 azadl\u0131\u011f\u0131 sev\u0259n 7-10 milyonluq \u015f\u00fcurlu xalq bir ovuc m\u00fcst\u0259bidin v\u0259 zal\u0131m\u0131n \u0259lind\u0259 50 il \u0259sir-yesir qala bil\u0259rmi?<\/p>\n\n\n\n<p><strong>2.<\/strong> Az\u0259rbaycan\u0131n m\u00fcst\u0259qilliyind\u0259 siyasi v\u0259 iqtisadi maraqlar\u0131 olan 10 faiz k\u0259sim \u0259sla partiya-t\u0259s\u0259rr\u00fcfat nomenklaturas\u0131na aid deyildi, onlar, i\u00e7\u0259risind\u0259 Hikm\u0259t Hac\u0131zad\u0259 olmaqla, s\u0131ravi ayd\u0131nlar idi. SSR\u0130-y\u0259 qar\u015f\u0131 \u00e7\u0259tin m\u00fcbariz\u0259y\u0259 at\u0131landa onlar \u00f6zl\u0259rini g\u0259l\u0259c\u0259k m\u00fcst\u0259qil d\u00f6vl\u0259td\u0259 i\u015f ba\u015f\u0131nda, m\u00fch\u00fcm q\u0259rarlar q\u0259bul ed\u0259n, imtiyazl\u0131 v\u0259 imkanl\u0131 insan kimi t\u0259s\u0259vv\u00fcr edirdil\u0259r. Bel\u0259 d\u0259 oldu. Elml\u0259r Akademiyas\u0131n\u0131n Botanika \u0130nstitutunun ba\u015f elmi i\u015f\u00e7isi, elml\u0259r namiz\u0259di biofizik Hikm\u0259t Hac\u0131zad\u0259 hopp el\u0259yib Az\u0259rbaycan\u0131n Rusiya Federasiyas\u0131nda F\u00f6vq\u0259lad\u0259 v\u0259 S\u0259lahiyy\u0259tli s\u0259firi oldu, Moskvaya k\u00f6\u00e7d\u00fc, oradak\u0131 \u00e7oxm\u0259rt\u0259b\u0259li s\u0259far\u0259txana binas\u0131n\u0131n, ma\u015f\u0131nlar\u0131n, illik b\u00fcdc\u0259nin sahibin\u0259, xeyli sayda t\u0259cr\u00fcb\u0259li diplomatik i\u015f\u00e7inin r\u0259hb\u0259rin\u0259 \u00e7evrildi. Oturub-durdu\u011fu adamlar miskin Akademiya i\u015f\u00e7il\u0259ri deyil, beyn\u0259lxalq miqyasda tan\u0131nan siyasil\u0259r v\u0259 diplomatlar, rus d\u00f6vl\u0259tinin r\u0259hb\u0259r i\u015f\u00e7il\u0259ri oldu.<br><\/p>\n\n\n\n<p>Bel\u0259 g\u00fcz\u0259ran Hikm\u0259t Hac\u0131zad\u0259nin m\u00fcst\u0259qillik namin\u0259 \u00e7\u0259kdiyi z\u0259hm\u0259ti, onun m\u0259nsub oldu\u011fu ictimai-siyasi t\u0259\u015fkilat\u0131n d\u00f6rdillik q\u0131z\u011f\u0131n f\u0259aliyy\u0259tini tamamil\u0259 do\u011fruldurdu. Bu \u0259la v\u0259ziyy\u0259ti saxlamaq \u00fc\u00e7\u00fcn yaln\u0131z birc\u0259 i\u015fi g\u00f6rm\u0259k &#8211; Bak\u0131da hakimiyy\u0259ti AXC-nin \u0259lind\u0259 saxlamaq laz\u0131m idi.<br><\/p>\n\n\n\n<p>Hikm\u0259t b\u0259y bu m\u0259qs\u0259d\u0259 \u00e7atma\u011f\u0131n yolunu dalbadal Bak\u0131ya, dostu Tofiq Qas\u0131movun r\u0259hb\u0259rlik etdiyi Xarici \u0130\u015fl\u0259r Nazirliyin\u0259, bilavasit\u0259 prezident El\u00e7ib\u0259y\u0259 yaz\u0131b t\u0259svir, t\u0259l\u0259b v\u0259 t\u0259kid edirdi.<br><\/p>\n\n\n\n<p>Yaz\u0131rd\u0131 ki, Rusiya il\u0259 dil tap\u0131n, Rusiyaya k\u0259ll\u0259 v\u0259 \u015f\u0131llaq atmay\u0131n, yoxsa rus tanklar\u0131 g\u0259l\u0259r, hakimiyy\u0259timizi y\u0131xar, v\u0259zif\u0259l\u0259rimizi itir\u0259rik.<br><\/p>\n\n\n\n<p>\u00c7ox yazd\u0131, cox dedi, El\u00e7ib\u0259y v\u0259 \u0259traf\u0131na toplad\u0131\u011f\u0131 komandas\u0131 e\u015fitm\u0259di.<br><\/p>\n\n\n\n<p>Bir il ke\u00e7m\u0259di ki, a\u011fa qay\u0131td\u0131, n\u00f6k\u0259rl\u0259ri qovalay\u0131b xan saray\u0131n\u0131 tutdu. Hikm\u0259t b\u0259yi iki \u015firin v\u0259zif\u0259sind\u0259n azad edib Bak\u0131ya qaytard\u0131lar, burada El\u00e7ib\u0259yin Milli Q\u0259hr\u0259man ad\u0131 verdiyi \u015eahin Ta\u011f\u0131yev naml\u0131 biri v\u0259t\u0259np\u0259rv\u0259r ziyal\u0131 Hikm\u0259t b\u0259yi D\u0259nizk\u0259nar\u0131 parkda v\u0259h\u015fic\u0259sin\u0259 d\u00f6yd\u00fc.<br><\/p>\n\n\n\n<p>El\u00e7ib\u0259y is\u0259 do\u011fma K\u0259l\u0259ki k\u0259ndin\u0259 \u0259kildi v\u0259 orada t\u0259bi\u0259tin qoynunda \u00fc\u00e7 il asud\u0259 ya\u015fad\u0131. Sonra Heyd\u0259r \u018fliyevin \u00e7a\u011f\u0131r\u0131\u015f\u0131 il\u0259 Bak\u0131ya qay\u0131td\u0131 ki, 1998-ci il prezident se\u00e7kisind\u0259 \u201cm\u00fcxalif\u0259tin vahid namiz\u0259di\u201d olsun v\u0259 Ulu \u00d6nd\u0259r\u0259 parlaq v\u0259 \u015f\u0259ksiz q\u0259l\u0259b\u0259 qazand\u0131rs\u0131n. AXC hakimiyy\u0259tind\u0259 parlament s\u0259dri olmu\u015f \u0130sa Q\u0259mb\u0259r El\u00e7ib\u0259yin bu arzusunu icra etm\u0259k \u00fc\u00e7\u00fcn M\u00fcsavat Partiyas\u0131nda m\u0259s\u0259l\u0259 qald\u0131randa m\u0259hz Hikm\u0259t b\u0259y qeyzl\u0259 \u201cbir adam bir xalq\u0131 ne\u00e7\u0259 d\u0259f\u0259 aldad\u0131b bada verm\u0259lidir\u201d sual\u0131 il\u0259 El\u00e7ib\u0259yin vahid namiz\u0259dlik ist\u0259yin\u0259 xitam vermi\u015fdi.<br><\/p>\n\n\n\n<p>T\u0259bii ki, Hikm\u0259t b\u0259yin bu m\u00f6vqeyi El\u00e7ib\u0259y\u0259 b\u0259lli idi, f\u0259q\u0259t buna baxmayaraq \u0259lind\u0259 bulka at\u0131la-at\u0131la pill\u0259kanla a\u015fa\u011f\u0131 en\u0259n Hikm\u0259t Hac\u0131zad\u0259ni saxlay\u0131r v\u0259 say\u011f\u0131 il\u0259 onun hal-\u0259hval\u0131n\u0131 soru\u015fur.<br><\/p>\n\n\n\n<p>A b\u0259y, Hikm\u0259t b\u0259yin hal\u0131 v\u0259 \u0259hval\u0131 nec\u0259 olas\u0131d\u0131r? S\u0259nin sayeyi-m\u0259rh\u0259m\u0259tind\u0259n h\u0259yat\u0131n\u0131n b\u00fct\u00fcn \u00fclvu amallar\u0131 da\u015fa d\u0259yib \u00e7ilik-\u00e7ilik olmu\u015f, s\u0131ravi v\u0259t\u0259nda\u015f kimi bir tik\u0259 \u00e7\u00f6r\u0259k namin\u0259 m\u00fcbariz\u0259 aparan v\u0259 m\u0259\u015f\u0259qq\u0259tli h\u0259yat s\u00fcr\u0259n bir insan\u0131n hal\u0131 v\u0259 \u0259hval\u0131 nec\u0259 olmal\u0131d\u0131r?<br><\/p>\n\n\n\n<p>Sevda Sultanova konteksti asan tutsun dey\u0259 m\u00fcqayis\u0259 \u00fc\u00e7\u00fcn bir k\u00f6hn\u0259 sovet l\u0259tif\u0259si yerin\u0259 d\u00fc\u015f\u0259rdi.<br><\/p>\n\n\n\n<p>\u201cSovet partizan d\u0259st\u0259si silah-sursat dolu alman qatar\u0131n\u0131 partladandan sonra \u00e7\u0259kilir Bryansk me\u015f\u0259l\u0259rinin ortas\u0131ndak\u0131 b\u00f6y\u00fck bataql\u0131\u011fa. Bataql\u0131qdak\u0131 partizan d\u00fc\u015f\u0259rg\u0259sin\u0259 yaln\u0131z he\u00e7 k\u0259sin bilm\u0259diyi c\u0131\u011f\u0131rla getm\u0259k m\u00fcmk\u00fcnm\u00fc\u015f. Fa\u015fistl\u0259r elan verirl\u0259r ki, kim d\u00fc\u015f\u0259rg\u0259y\u0259 \u00e7\u0131\u011f\u0131r\u0131 g\u00f6st\u0259rs\u0259, ona b\u00f6y\u00fck m\u0259bl\u0259\u011fd\u0259 m\u00fckafat veril\u0259c\u0259k. Partizan d\u0259st\u0259sind\u0259n bir n\u0259f\u0259r bu m\u00fckafata \u015firnikl\u0259nir v\u0259 c\u0131\u011f\u0131r\u0131 d\u00fc\u015fm\u0259n\u0259 g\u00f6st\u0259rir. Fa\u015fistl\u0259r g\u0259lib partizanlar\u0131 tuturlar v\u0259 \u0259li-qolu ba\u011fl\u0131 bir-bir g\u00fcll\u0259l\u0259m\u0259y\u0259 apar\u0131rlar. Partizanlar\u0131 onlar\u0131 satm\u0131\u015f, indi is\u0259 k\u00f6t\u00fcy\u00fcn \u00fcst\u00fcn\u0259 qoyulmu\u015f yek\u0259 bir qabdan bor\u015f v\u0259 salo yey\u0259n xainin yan\u0131ndan ke\u00e7irirl\u0259r. Partizanlardan biri xain\u0259 v\u0259 onun yediyi bor\u015fa t\u00fcp\u00fcr\u00fcr. Xain ba\u015f\u0131n\u0131 qald\u0131r\u0131b t\u0259\u0259cc\u00fcbl\u0259 soru\u015fur:<br><\/p>\n\n\n\n<p>-M\u0131kola, olmaya incimis\u0259n?\u201d<br><\/p>\n\n\n\n<p>Az\u0259rbaycan\u0131n demokratik c\u0259bh\u0259sinin daxilind\u0259ki m\u00fcnasib\u0259tl\u0259rin konteksti bax budur. Sevda Sultanova konteksti bilm\u0259diyind\u0259n anlam\u0131r ki, n\u0259 \u00fc\u00e7\u00fcn Ba\u015f nazirin sabiq m\u00fcavini, Az\u0259rbaycan\u0131n Rusiya Federasiyas\u0131ndak\u0131 F\u00f6vq\u0259lad\u0259 v\u0259 S\u0259lahiyy\u0259tli s\u0259firi Hikm\u0259t b\u0259y Hac\u0131zad\u0259 Az\u0259rbaycan Respublikas\u0131n\u0131n sabiq prezidenti \u018fliyev \u018fb\u00fclf\u0259z Q\u0259dirqulu o\u011flunun yan\u0131ndan \u0259lind\u0259 bulka at\u0131la-at\u0131la ke\u00e7ir v\u0259 onun say\u011f\u0131l\u0131 hal-\u0259hval tutma c\u0259hdin\u0259 etinas\u0131z yana\u015f\u0131r.<br><\/p>\n\n\n\n<p>\u018fliyev \u018fb\u00fclf\u0259z Hikm\u0259t b\u0259yin bel\u0259 davran\u0131\u015f\u0131na h\u0259l\u0259 \u015f\u00fck\u00fcr etm\u0259liydi. \u00c7\u00fcnki onun etdiyi \u0259m\u0259ll\u0259r\u0259 f\u0259rqli m\u00fcnasib\u0259t n\u00fcmun\u0259si d\u0259 xalq\u0131m\u0131za yax\u015f\u0131 m\u0259lumdur. Yad\u0131n\u0131za \u00dczeyirb\u0259y Hac\u0131b\u0259yovun \u201cO olmas\u0131n, bu olsun\u201d musiqili komediyas\u0131nda R\u00fcst\u0259m b\u0259yin evind\u0259ki ziyaf\u0259tin sonunda ham\u0131n\u0131n g\u00f6z\u00fc \u00f6n\u00fcnd\u0259 M\u0259\u015f\u0259di \u0130bad\u0131 t\u0259hqir etmi\u015f kefkomun onunla m\u0259hr\u0259man\u0259 sa\u011folla\u015fmaq c\u0259hdin\u0259 qar\u015f\u0131 etdiyi h\u0259r\u0259k\u0259t d\u0259 d\u00fc\u015f\u0259 bil\u0259r. H\u00f6rm\u0259tli M\u0259\u015f\u0259di \u0130bad bu ab\u0131rs\u0131za h\u00fccum edib \u201cM\u00fcrt\u0259d o\u011flu, m\u00fcrt\u0259d, m\u0259n\u0259 \u201cmeymun\u201d dediyi b\u0259s deyil, h\u0259l\u0259 m\u0259n\u0259 \u0259l d\u0259 uzad\u0131r\u201d demi\u015fdi v\u0259 ayaqqab\u0131s\u0131n\u0131 \u00e7\u0131xar\u0131b kefkom intelligenti vurma\u011fa c\u0259hd g\u00f6st\u0259rmi\u015fdi.<br><\/p>\n\n\n\n<p>N\u0259 is\u0259, ruslarda deyim var, \u201cu\u00e7ite mat\u00e7ast\u201d.<br><\/p>\n\n\n\n<p>Y\u0259qin ki, t\u00fcrkl\u0259rd\u0259 d\u0259 buna b\u0259nz\u0259r deyim var, sad\u0259c\u0259 m\u0259n k\u00f6hn\u0259 \u0259yyam\u0131n \u00f6vlad\u0131yam v\u0259 t\u0259z\u0259 s\u00f6zl\u0259ri h\u0259l\u0259 bilmir\u0259m. \u00c7ox g\u00fcman ki, he\u00e7 bilm\u0259y\u0259c\u0259y\u0259m d\u0259.<\/p>\n","protected":false},"excerpt":{"rendered":"<p>M\u0259n \u00f6z\u00fcmd\u0259 c\u00fcr\u0259t tap\u0131b iddia edir\u0259m ki, Sevda Sultanova h\u0259min &#8230; <\/p>\n<p class=\"read-more-container\"><a title=\"Konteksti tutma\u011f\u0131n xeyri\" class=\"read-more button\" href=\"https:\/\/www.meydan.tv\/az\/article\/konteksti-tutmagin-xeyri\/#more-225252\" aria-label=\"Read more about Konteksti tutma\u011f\u0131n xeyri\">Davam\u0131<\/a><\/p>\n","protected":false},"author":8,"featured_media":126823,"comment_status":"closed","ping_status":"closed","sticky":false,"template":"","format":"standard","meta":{"_acf_changed":false,"_sitemap_exclude":false,"_sitemap_priority":"","_sitemap_frequency":"","footnotes":""},"categories":[57],"tags":[],"class_list":["post-225252","post","type-post","status-publish","format-standard","has-post-thumbnail","hentry","category-menim-fikrimce","infinite-scroll-item","generate-columns","tablet-grid-50","mobile-grid-100","grid-parent","grid-33","no-featured-image-padding"],"acf":[],"yoast_head":"<!-- This site is optimized with the Yoast SEO plugin v27.4 - https:\/\/yoast.com\/product\/yoast-seo-wordpress\/ -->\n<title>Konteksti tutma\u011f\u0131n xeyri - MEYDAN.TV<\/title>\n<meta name=\"robots\" content=\"index, follow, max-snippet:-1, max-image-preview:large, max-video-preview:-1\" \/>\n<link rel=\"canonical\" href=\"https:\/\/www.meydan.tv\/az\/article\/konteksti-tutmagin-xeyri\/\" \/>\n<meta property=\"og:locale\" content=\"az_AZ\" \/>\n<meta property=\"og:type\" content=\"article\" \/>\n<meta property=\"og:title\" content=\"Konteksti tutma\u011f\u0131n xeyri - MEYDAN.TV\" \/>\n<meta property=\"og:description\" content=\"M\u0259n \u00f6z\u00fcmd\u0259 c\u00fcr\u0259t tap\u0131b iddia edir\u0259m ki, Sevda Sultanova h\u0259min ... Davam\u0131\" \/>\n<meta property=\"og:url\" content=\"https:\/\/www.meydan.tv\/az\/article\/konteksti-tutmagin-xeyri\/\" \/>\n<meta property=\"og:site_name\" content=\"MEYDAN.TV\" \/>\n<meta property=\"article:published_time\" content=\"2021-11-04T15:17:31+00:00\" \/>\n<meta property=\"article:modified_time\" content=\"2021-11-04T15:58:45+00:00\" \/>\n<meta property=\"og:image\" content=\"https:\/\/www.meydan.tv\/wp-content\/uploads\/image_from_ios_2_p52ittc.original.original-scaled.jpg\" \/>\n\t<meta property=\"og:image:width\" content=\"2560\" \/>\n\t<meta property=\"og:image:height\" content=\"1440\" \/>\n\t<meta property=\"og:image:type\" content=\"image\/jpeg\" \/>\n<meta name=\"author\" content=\"elli\" \/>\n<meta name=\"twitter:card\" content=\"summary_large_image\" \/>\n<meta name=\"twitter:creator\" content=\"@elli\" \/>\n<script type=\"application\/ld+json\" class=\"yoast-schema-graph\">{\"@context\":\"https:\\\/\\\/schema.org\",\"@graph\":[{\"@type\":\"Article\",\"@id\":\"https:\\\/\\\/www.meydan.tv\\\/az\\\/article\\\/konteksti-tutmagin-xeyri\\\/#article\",\"isPartOf\":{\"@id\":\"https:\\\/\\\/www.meydan.tv\\\/az\\\/article\\\/konteksti-tutmagin-xeyri\\\/\"},\"author\":{\"name\":\"elli\",\"@id\":\"https:\\\/\\\/www.meydan.tv\\\/az\\\/#\\\/schema\\\/person\\\/9cdbecf90d17180ce1dfbd95b08dcf47\"},\"headline\":\"Konteksti tutma\u011f\u0131n xeyri\",\"datePublished\":\"2021-11-04T15:17:31+00:00\",\"dateModified\":\"2021-11-04T15:58:45+00:00\",\"mainEntityOfPage\":{\"@id\":\"https:\\\/\\\/www.meydan.tv\\\/az\\\/article\\\/konteksti-tutmagin-xeyri\\\/\"},\"wordCount\":1998,\"publisher\":{\"@id\":\"https:\\\/\\\/www.meydan.tv\\\/az\\\/#organization\"},\"image\":{\"@id\":\"https:\\\/\\\/www.meydan.tv\\\/az\\\/article\\\/konteksti-tutmagin-xeyri\\\/#primaryimage\"},\"thumbnailUrl\":\"https:\\\/\\\/www.meydan.tv\\\/wp-content\\\/uploads\\\/image_from_ios_2_p52ittc.original.original-scaled-e1682070233838.jpg\",\"articleSection\":[\"M\u0259nim Fikrimc\u0259\"],\"inLanguage\":\"az\"},{\"@type\":\"WebPage\",\"@id\":\"https:\\\/\\\/www.meydan.tv\\\/az\\\/article\\\/konteksti-tutmagin-xeyri\\\/\",\"url\":\"https:\\\/\\\/www.meydan.tv\\\/az\\\/article\\\/konteksti-tutmagin-xeyri\\\/\",\"name\":\"Konteksti tutma\u011f\u0131n xeyri - MEYDAN.TV\",\"isPartOf\":{\"@id\":\"https:\\\/\\\/www.meydan.tv\\\/az\\\/#website\"},\"primaryImageOfPage\":{\"@id\":\"https:\\\/\\\/www.meydan.tv\\\/az\\\/article\\\/konteksti-tutmagin-xeyri\\\/#primaryimage\"},\"image\":{\"@id\":\"https:\\\/\\\/www.meydan.tv\\\/az\\\/article\\\/konteksti-tutmagin-xeyri\\\/#primaryimage\"},\"thumbnailUrl\":\"https:\\\/\\\/www.meydan.tv\\\/wp-content\\\/uploads\\\/image_from_ios_2_p52ittc.original.original-scaled-e1682070233838.jpg\",\"datePublished\":\"2021-11-04T15:17:31+00:00\",\"dateModified\":\"2021-11-04T15:58:45+00:00\",\"breadcrumb\":{\"@id\":\"https:\\\/\\\/www.meydan.tv\\\/az\\\/article\\\/konteksti-tutmagin-xeyri\\\/#breadcrumb\"},\"inLanguage\":\"az\",\"potentialAction\":[{\"@type\":\"ReadAction\",\"target\":[\"https:\\\/\\\/www.meydan.tv\\\/az\\\/article\\\/konteksti-tutmagin-xeyri\\\/\"]}]},{\"@type\":\"ImageObject\",\"inLanguage\":\"az\",\"@id\":\"https:\\\/\\\/www.meydan.tv\\\/az\\\/article\\\/konteksti-tutmagin-xeyri\\\/#primaryimage\",\"url\":\"https:\\\/\\\/www.meydan.tv\\\/wp-content\\\/uploads\\\/image_from_ios_2_p52ittc.original.original-scaled-e1682070233838.jpg\",\"contentUrl\":\"https:\\\/\\\/www.meydan.tv\\\/wp-content\\\/uploads\\\/image_from_ios_2_p52ittc.original.original-scaled-e1682070233838.jpg\",\"width\":2560,\"height\":1158,\"caption\":\"Foto: Meydan TV\"},{\"@type\":\"BreadcrumbList\",\"@id\":\"https:\\\/\\\/www.meydan.tv\\\/az\\\/article\\\/konteksti-tutmagin-xeyri\\\/#breadcrumb\",\"itemListElement\":[{\"@type\":\"ListItem\",\"position\":1,\"name\":\"Ana s\u0259hif\u0259\",\"item\":\"https:\\\/\\\/www.meydan.tv\\\/az\\\/\"},{\"@type\":\"ListItem\",\"position\":2,\"name\":\"M\u0259nim Fikrimc\u0259\",\"item\":\"https:\\\/\\\/www.meydan.tv\\\/az\\\/section\\\/menim-fikrimce\\\/\"},{\"@type\":\"ListItem\",\"position\":3,\"name\":\"Konteksti tutma\u011f\u0131n xeyri\"}]},{\"@type\":\"WebSite\",\"@id\":\"https:\\\/\\\/www.meydan.tv\\\/az\\\/#website\",\"url\":\"https:\\\/\\\/www.meydan.tv\\\/az\\\/\",\"name\":\"MEYDAN.TV\",\"description\":\"Meydan TV Az\u0259rbaycan\u0131n media m\u0259kan\u0131ndak\u0131 alternativ s\u0259sidir\",\"publisher\":{\"@id\":\"https:\\\/\\\/www.meydan.tv\\\/az\\\/#organization\"},\"potentialAction\":[{\"@type\":\"SearchAction\",\"target\":{\"@type\":\"EntryPoint\",\"urlTemplate\":\"https:\\\/\\\/www.meydan.tv\\\/az\\\/?s={search_term_string}\"},\"query-input\":{\"@type\":\"PropertyValueSpecification\",\"valueRequired\":true,\"valueName\":\"search_term_string\"}}],\"inLanguage\":\"az\"},{\"@type\":\"Organization\",\"@id\":\"https:\\\/\\\/www.meydan.tv\\\/az\\\/#organization\",\"name\":\"Meydan TV\",\"url\":\"https:\\\/\\\/www.meydan.tv\\\/az\\\/\",\"logo\":{\"@type\":\"ImageObject\",\"inLanguage\":\"az\",\"@id\":\"https:\\\/\\\/www.meydan.tv\\\/az\\\/#\\\/schema\\\/logo\\\/image\\\/\",\"url\":\"https:\\\/\\\/www.meydan.tv\\\/wp-content\\\/uploads\\\/2021\\\/07\\\/meydan-logo.svg\",\"contentUrl\":\"https:\\\/\\\/www.meydan.tv\\\/wp-content\\\/uploads\\\/2021\\\/07\\\/meydan-logo.svg\",\"width\":195,\"height\":46,\"caption\":\"Meydan TV\"},\"image\":{\"@id\":\"https:\\\/\\\/www.meydan.tv\\\/az\\\/#\\\/schema\\\/logo\\\/image\\\/\"}},{\"@type\":\"Person\",\"@id\":\"https:\\\/\\\/www.meydan.tv\\\/az\\\/#\\\/schema\\\/person\\\/9cdbecf90d17180ce1dfbd95b08dcf47\",\"name\":\"elli\",\"sameAs\":[\"https:\\\/\\\/x.com\\\/elli\"]}]}<\/script>\n<!-- \/ Yoast SEO plugin. -->","yoast_head_json":{"title":"Konteksti tutma\u011f\u0131n xeyri - MEYDAN.TV","robots":{"index":"index","follow":"follow","max-snippet":"max-snippet:-1","max-image-preview":"max-image-preview:large","max-video-preview":"max-video-preview:-1"},"canonical":"https:\/\/www.meydan.tv\/az\/article\/konteksti-tutmagin-xeyri\/","og_locale":"az_AZ","og_type":"article","og_title":"Konteksti tutma\u011f\u0131n xeyri - MEYDAN.TV","og_description":"M\u0259n \u00f6z\u00fcmd\u0259 c\u00fcr\u0259t tap\u0131b iddia edir\u0259m ki, Sevda Sultanova h\u0259min ... Davam\u0131","og_url":"https:\/\/www.meydan.tv\/az\/article\/konteksti-tutmagin-xeyri\/","og_site_name":"MEYDAN.TV","article_published_time":"2021-11-04T15:17:31+00:00","article_modified_time":"2021-11-04T15:58:45+00:00","og_image":[{"width":2560,"height":1440,"url":"https:\/\/www.meydan.tv\/wp-content\/uploads\/image_from_ios_2_p52ittc.original.original-scaled.jpg","type":"image\/jpeg"}],"author":"elli","twitter_card":"summary_large_image","twitter_creator":"@elli","schema":{"@context":"https:\/\/schema.org","@graph":[{"@type":"Article","@id":"https:\/\/www.meydan.tv\/az\/article\/konteksti-tutmagin-xeyri\/#article","isPartOf":{"@id":"https:\/\/www.meydan.tv\/az\/article\/konteksti-tutmagin-xeyri\/"},"author":{"name":"elli","@id":"https:\/\/www.meydan.tv\/az\/#\/schema\/person\/9cdbecf90d17180ce1dfbd95b08dcf47"},"headline":"Konteksti tutma\u011f\u0131n xeyri","datePublished":"2021-11-04T15:17:31+00:00","dateModified":"2021-11-04T15:58:45+00:00","mainEntityOfPage":{"@id":"https:\/\/www.meydan.tv\/az\/article\/konteksti-tutmagin-xeyri\/"},"wordCount":1998,"publisher":{"@id":"https:\/\/www.meydan.tv\/az\/#organization"},"image":{"@id":"https:\/\/www.meydan.tv\/az\/article\/konteksti-tutmagin-xeyri\/#primaryimage"},"thumbnailUrl":"https:\/\/www.meydan.tv\/wp-content\/uploads\/image_from_ios_2_p52ittc.original.original-scaled-e1682070233838.jpg","articleSection":["M\u0259nim Fikrimc\u0259"],"inLanguage":"az"},{"@type":"WebPage","@id":"https:\/\/www.meydan.tv\/az\/article\/konteksti-tutmagin-xeyri\/","url":"https:\/\/www.meydan.tv\/az\/article\/konteksti-tutmagin-xeyri\/","name":"Konteksti tutma\u011f\u0131n xeyri - MEYDAN.TV","isPartOf":{"@id":"https:\/\/www.meydan.tv\/az\/#website"},"primaryImageOfPage":{"@id":"https:\/\/www.meydan.tv\/az\/article\/konteksti-tutmagin-xeyri\/#primaryimage"},"image":{"@id":"https:\/\/www.meydan.tv\/az\/article\/konteksti-tutmagin-xeyri\/#primaryimage"},"thumbnailUrl":"https:\/\/www.meydan.tv\/wp-content\/uploads\/image_from_ios_2_p52ittc.original.original-scaled-e1682070233838.jpg","datePublished":"2021-11-04T15:17:31+00:00","dateModified":"2021-11-04T15:58:45+00:00","breadcrumb":{"@id":"https:\/\/www.meydan.tv\/az\/article\/konteksti-tutmagin-xeyri\/#breadcrumb"},"inLanguage":"az","potentialAction":[{"@type":"ReadAction","target":["https:\/\/www.meydan.tv\/az\/article\/konteksti-tutmagin-xeyri\/"]}]},{"@type":"ImageObject","inLanguage":"az","@id":"https:\/\/www.meydan.tv\/az\/article\/konteksti-tutmagin-xeyri\/#primaryimage","url":"https:\/\/www.meydan.tv\/wp-content\/uploads\/image_from_ios_2_p52ittc.original.original-scaled-e1682070233838.jpg","contentUrl":"https:\/\/www.meydan.tv\/wp-content\/uploads\/image_from_ios_2_p52ittc.original.original-scaled-e1682070233838.jpg","width":2560,"height":1158,"caption":"Foto: Meydan TV"},{"@type":"BreadcrumbList","@id":"https:\/\/www.meydan.tv\/az\/article\/konteksti-tutmagin-xeyri\/#breadcrumb","itemListElement":[{"@type":"ListItem","position":1,"name":"Ana s\u0259hif\u0259","item":"https:\/\/www.meydan.tv\/az\/"},{"@type":"ListItem","position":2,"name":"M\u0259nim Fikrimc\u0259","item":"https:\/\/www.meydan.tv\/az\/section\/menim-fikrimce\/"},{"@type":"ListItem","position":3,"name":"Konteksti tutma\u011f\u0131n xeyri"}]},{"@type":"WebSite","@id":"https:\/\/www.meydan.tv\/az\/#website","url":"https:\/\/www.meydan.tv\/az\/","name":"MEYDAN.TV","description":"Meydan TV Az\u0259rbaycan\u0131n media m\u0259kan\u0131ndak\u0131 alternativ s\u0259sidir","publisher":{"@id":"https:\/\/www.meydan.tv\/az\/#organization"},"potentialAction":[{"@type":"SearchAction","target":{"@type":"EntryPoint","urlTemplate":"https:\/\/www.meydan.tv\/az\/?s={search_term_string}"},"query-input":{"@type":"PropertyValueSpecification","valueRequired":true,"valueName":"search_term_string"}}],"inLanguage":"az"},{"@type":"Organization","@id":"https:\/\/www.meydan.tv\/az\/#organization","name":"Meydan TV","url":"https:\/\/www.meydan.tv\/az\/","logo":{"@type":"ImageObject","inLanguage":"az","@id":"https:\/\/www.meydan.tv\/az\/#\/schema\/logo\/image\/","url":"https:\/\/www.meydan.tv\/wp-content\/uploads\/2021\/07\/meydan-logo.svg","contentUrl":"https:\/\/www.meydan.tv\/wp-content\/uploads\/2021\/07\/meydan-logo.svg","width":195,"height":46,"caption":"Meydan TV"},"image":{"@id":"https:\/\/www.meydan.tv\/az\/#\/schema\/logo\/image\/"}},{"@type":"Person","@id":"https:\/\/www.meydan.tv\/az\/#\/schema\/person\/9cdbecf90d17180ce1dfbd95b08dcf47","name":"elli","sameAs":["https:\/\/x.com\/elli"]}]}},"_links":{"self":[{"href":"https:\/\/www.meydan.tv\/az\/wp-json\/wp\/v2\/posts\/225252","targetHints":{"allow":["GET"]}}],"collection":[{"href":"https:\/\/www.meydan.tv\/az\/wp-json\/wp\/v2\/posts"}],"about":[{"href":"https:\/\/www.meydan.tv\/az\/wp-json\/wp\/v2\/types\/post"}],"author":[{"embeddable":true,"href":"https:\/\/www.meydan.tv\/az\/wp-json\/wp\/v2\/users\/8"}],"replies":[{"embeddable":true,"href":"https:\/\/www.meydan.tv\/az\/wp-json\/wp\/v2\/comments?post=225252"}],"version-history":[{"count":2,"href":"https:\/\/www.meydan.tv\/az\/wp-json\/wp\/v2\/posts\/225252\/revisions"}],"predecessor-version":[{"id":225265,"href":"https:\/\/www.meydan.tv\/az\/wp-json\/wp\/v2\/posts\/225252\/revisions\/225265"}],"wp:featuredmedia":[{"embeddable":true,"href":"https:\/\/www.meydan.tv\/az\/wp-json\/wp\/v2\/media\/126823"}],"wp:attachment":[{"href":"https:\/\/www.meydan.tv\/az\/wp-json\/wp\/v2\/media?parent=225252"}],"wp:term":[{"taxonomy":"category","embeddable":true,"href":"https:\/\/www.meydan.tv\/az\/wp-json\/wp\/v2\/categories?post=225252"},{"taxonomy":"post_tag","embeddable":true,"href":"https:\/\/www.meydan.tv\/az\/wp-json\/wp\/v2\/tags?post=225252"}],"curies":[{"name":"wp","href":"https:\/\/api.w.org\/{rel}","templated":true}]}}