{"id":225185,"date":"2021-11-04T12:03:24","date_gmt":"2021-11-04T08:03:24","guid":{"rendered":"https:\/\/www.meydan.tv\/?p=225185"},"modified":"2021-11-04T12:04:19","modified_gmt":"2021-11-04T08:04:19","slug":"azerbaycan-huququ-felsefesi-ve-gercekleri-2","status":"publish","type":"post","link":"https:\/\/www.meydan.tv\/az\/article\/azerbaycan-huququ-felsefesi-ve-gercekleri-2\/","title":{"rendered":"Az\u0259rbaycan h\u00fcququ: f\u0259ls\u0259f\u0259si v\u0259 ger\u00e7\u0259kl\u0259ri"},"content":{"rendered":"\n<p><strong>(ikinci yaz\u0131)<\/strong><\/p>\n\n\n\n<p><strong>H\u00fcquq v\u0259 h\u00fcquq f\u0259ls\u0259f\u0259si<\/strong><br><br>H\u00fcquq \u2013 azadl\u0131qd\u0131r deyirl\u0259r. F\u0259rdl\u0259rin azadl\u0131\u011f\u0131 onlar\u0131n irad\u0259sinin azadl\u0131\u011f\u0131d\u0131r. Aristotel, H.Hrotsi v\u0259 ard\u0131c\u0131llar\u0131 h\u00fcququn iradi xarakterini iradi qaydalarda, Russo \u00fcmumi irad\u0259nin ifad\u0259sind\u0259, marksistl\u0259r is\u0259 sinfi irad\u0259d\u0259 g\u00f6r\u00fcrl\u0259r.<br>\u00a0<br>Bir d\u0259 \u201cinsanlar b\u0259rab\u0259r olduqlar\u0131 q\u0259d\u0259r azad, azad olduqlar\u0131 q\u0259d\u0259r b\u0259rab\u0259rdirl\u0259r\u201d deyirl\u0259r.<br>\u00a0<br>H\u00fcququn dayand\u0131\u011f\u0131 \u0259dal\u0259t v\u0259 qanun qar\u015f\u0131s\u0131nda b\u0259rab\u0259rlik prinsipl\u0259ri antih\u00fcquq qanunlar\u0131n q\u0259bulunu istisna edir. Bu prinsipl\u0259r, qanunun \u00fcst\u00fcnl\u00fcy\u00fc prinsipi ayr\u0131-ayr\u0131 adamlara f\u0259rqli yana\u015fman\u0131, h\u00fcququ h\u0259r\u0259nin \u00f6z ar\u015f\u0131n\u0131 il\u0259 \u00f6l\u00e7m\u0259sini r\u0259dd edir.<br>\u00a0<br>B\u0259z\u0259n \u201ch\u00fcquqi qanunlar\u201d ifad\u0259sin\u0259 rast g\u0259lirik. \u018fslind\u0259, h\u00fcquqi olmayan qanun nonsensdir, qanun deyil, anormall\u0131qd\u0131r, antikonstitusiondur. Bu ifad\u0259 bir halda anla\u015f\u0131lmazl\u0131qdan, h\u00fcququn mahiyy\u0259tinin d\u0259rk edilm\u0259m\u0259sind\u0259n qaynaqlan\u0131r. Ba\u015fqa halda m\u0259hz h\u00fcququn mahiyy\u0259tin\u0259 varmaqdan, qanunun h\u00fcquqiliyini qiym\u0259tl\u0259ndirm\u0259k bacar\u0131\u011f\u0131ndan ir\u0259li g\u0259lir. H\u00fcquq da, d\u00f6vl\u0259t d\u0259 h\u00fcquqi olmal\u0131d\u0131r. H\u00fcquqa uy\u011fun olmayan qanunlar\u0131n peyda olmas\u0131 sifari\u015fli qanunvericilikd\u0259n, anormal qanunvericilik prosesi v\u0259 texnikas\u0131ndan, d\u00f6vl\u0259tin h\u00fcquq d\u00f6vl\u0259ti olmamas\u0131ndan qaynaqlan\u0131r.<br>\u00a0<br>Konstitusiya v\u0259 qanunlara d\u0259qiq \u0259m\u0259l edilm\u0259kl\u0259 q\u0259bul edil\u0259n qanun m\u0259hz h\u00fcquqi qanundur, \u00e7\u00fcnki bu zaman qanun h\u00fcququn qanunlar\u0131na uy\u011fun olmayan siyasi sifari\u015fd\u0259n deyil, ictimai m\u00fcnasib\u0259tl\u0259rin h\u00fcquq prinsipl\u0259ri \u0259sas\u0131nda nizamlanmas\u0131 z\u0259rur\u0259tind\u0259n ir\u0259li g\u0259lir.<br>\u00a0<br>Qanun \u2013 hakim irad\u0259nin sanksiyala\u015fd\u0131rd\u0131\u011f\u0131 qaydalard\u0131lr. Ona g\u00f6r\u0259 d\u0259 hakimiyy\u0259tin nec\u0259 formala\u015fd\u0131r\u0131lmas\u0131 qanunun h\u00fcquqiliyin\u0259 bilavasit\u0259 t\u0259sir ed\u0259n amildir. Hakimiyy\u0259tin \u00e7oxlu\u011fun irad\u0259si il\u0259 formala\u015fmas\u0131 onun q\u0259bul etdiyi qanunlarda m\u0259hz \u00e7oxlu\u011fun irad\u0259sinin t\u0259zah\u00fcr\u00fcn\u00fc \u015f\u0259rtl\u0259ndirir. Azad, \u0259dal\u0259tli, demokratik se\u00e7kil\u0259rl\u0259 formala\u015fmayan hakimiyy\u0259tin q\u0259bul etdiyi qanunlarda daha \u00e7ox\u00a0qrup, ail\u0259, tayfa maraqlar\u0131 g\u00f6zl\u0259nilir. Bel\u0259 qanunlarda h\u00fcququn prinsipl\u0259rinin inkar edilm\u0259si t\u0259biidir. Bel\u0259 qanunlar pozitiv h\u00fcquq say\u0131la bilm\u0259z.<br>\u00a0<br>\u201c\u015e\u0259xsiyy\u0259t (adam) ol, ba\u015fqalar\u0131na da \u015f\u0259xsiyy\u0259t kimi say\u011f\u0131 g\u00f6st\u0259r\u201d (Hegel).<br>\u00a0<br>Amma yox, on doqquzuncu \u0259srin zehniyy\u0259ti h\u0259l\u0259 d\u0259 ya\u015fay\u0131r. Adam ola bilm\u0259y\u0259n hakimiyy\u0259tl\u0259r n\u0259inki ba\u015fqalar\u0131na \u015f\u0259xsiyy\u0259t kimi yana\u015fm\u0131r, insan h\u00fcquq v\u0259 azadl\u0131qlar\u0131n\u0131 pozmaqla \u0259slind\u0259 onlar\u0131 insan saymad\u0131\u011f\u0131n\u0131, h\u00fcququn onlar \u00fc\u00e7\u00fcn formal m\u00fcdd\u0259alardan ba\u015fqa bir \u015fey olmad\u0131\u011f\u0131n\u0131 ortaya qoyur.<br>\u00a0<br>Kanta g\u00f6r\u0259, h\u00fcquq Tanr\u0131n\u0131n yer \u00fcz\u00fcn\u0259 b\u0259x\u015f etdiyi \u0259n m\u00fcq\u0259dd\u0259s nem\u0259tdir. Kant\u0131n g\u00f6rm\u0259k ist\u0259diyi v\u0259t\u0259nda\u015f c\u0259miyy\u0259ti, h\u00fcquq c\u0259miyy\u0259tini yaratmam\u0131\u015f v\u0259 ya yaratmaq ist\u0259m\u0259y\u0259n hakimiyy\u0259tl\u0259r o filosofdan iki y\u00fcz il sonra ondan daha iki y\u00fcz il geri qal\u0131rlar.<br>\u00a0<br>Hakimiyy\u0259t v\u0259 ya m\u00fcxalif\u0259t olmas\u0131ndan as\u0131l\u0131 olmayaraq xalq\u0131n azadl\u0131q v\u0259 demokratiyaya haz\u0131r olmad\u0131\u011f\u0131n\u0131 iddia ed\u0259nl\u0259r\u0259 Kantdan yax\u015f\u0131 cavab ver\u0259n olmayacaq: \u201cHans\u0131sa xalq azadl\u0131q \u00fc\u00e7\u00fcn yeti\u015fm\u0259yib\u201d ifad\u0259si yax\u015f\u0131 ifad\u0259 say\u0131la bilm\u0259z. Bu ehtimalla azadl\u0131q he\u00e7 vaxt g\u0259lm\u0259y\u0259c\u0259k, \u00e7\u00fcnki insanlara azad \u015f\u0259rait yaratmadan azadl\u0131q \u00fc\u00e7\u00fcn yeti\u015fmirl\u0259r.<br>\u00a0<br>H\u00fcquq \u2013 d\u0259y\u0259rdir (Kant). \u018fxlaq kimi. Onlar\u0131n qoruyucular\u0131 (h\u00fcquq sanksiyalar\u0131 v\u0259 q\u0131naq) f\u0259rqli olsa da, onlar\u0131 birl\u0259\u015fdir\u0259n m\u0259qamlar da var. Sanksiya da q\u0131naqd\u0131r, q\u0131naq is\u0259 \u0259xlaq pozucusuna qar\u015f\u0131 toplumun t\u0259tbiq etdiyi sanksiyad\u0131r. Bunlar\u0131n he\u00e7 biri rolunu yet\u0259rinc\u0259 icra etm\u0259y\u0259nd\u0259 toplum \u0259xlaq v\u0259 h\u00fcquq orientirl\u0259rini itirir. \u0130dealda h\u0259r ikisinin i\u015fl\u0259k mexanizm olmas\u0131 g\u0259r\u0259kir. Lakin qanunlar\u0131n icras\u0131nda \u0259xlaq n\u0259 q\u0259d\u0259r g\u0259r\u0259kli olsa da, h\u0259tta qanun qar\u015f\u0131s\u0131nda da dayanmayan\u0131 \u0259xlaq\u0131n dayand\u0131raca\u011f\u0131 ill\u00fcziyad\u0131r. H\u0259m d\u0259 ona g\u00f6r\u0259 ki, \u0259xlaq \u2013 toplumun k\u00f6n\u00fcll\u00fc tabe\u00e7iliyidir.<br>\u00a0<br>Kimliyind\u0259n as\u0131l\u0131 olmayaraq (d\u00f6vl\u0259t (hakimiyy\u0259t), toplum, f\u0259rd), qanuna tap\u0131nmamaq \u0259xlaqs\u0131zl\u0131qd\u0131r.<br>\u00a0<br>Q\u0259rib\u0259dir, qanun qar\u015f\u0131s\u0131nda dayanmamaq, b\u0259lk\u0259 d\u0259, m\u0259hz \u0259xlaq problemind\u0259n qaynaqlan\u0131r. H\u0259r k\u0259sin daxilind\u0259 bir \u0259xlaq baryeri var v\u0259 onu tapday\u0131b ke\u00e7\u0259n g\u00fcc qar\u015f\u0131s\u0131nda h\u00fcquq da acizdir. \u018fxlaq\u0131n d\u0259y\u0259rl\u0259rin\u0259 say\u011f\u0131s\u0131z olan\u0131n h\u00fcquq d\u0259y\u0259rl\u0259rini pozmas\u0131 el\u0259 d\u0259 \u00e7\u0259tin m\u0259s\u0259l\u0259 deyil\u2026<br>\u00a0<br>H\u00fcquq \u2013 toplumun d\u0259y\u0259ri olmal\u0131d\u0131r. O, azad, \u0259dal\u0259tli, demokratik se\u00e7ki yolu il\u0259 formala\u015fmayan hakimiyy\u0259tin d\u0259y\u0259ridirs\u0259, ona toplumun d\u0259y\u0259ri kimi baxmaq olmaz. B\u0259z\u0259n m\u0259hz d\u0259y\u0259rin qrup d\u0259y\u0259ri olmas\u0131 toplumda ona qar\u015f\u0131 laqeydlik yarad\u0131r. M\u0259s\u0259l\u0259n, korrupsiya b\u00fcdc\u0259sini doldurmaq \u00fc\u00e7\u00fcn xalq\u0131n h\u0259yat s\u0259viyy\u0259si il\u0259 ayaqla\u015fmayan astronomik c\u0259rim\u0259l\u0259r m\u00fc\u0259yy\u0259n ed\u0259n h\u00fcquq \u0259dal\u0259tli deyil, h\u00fcququn prinsipl\u0259rin\u0259 ziddir, buna g\u00f6r\u0259 d\u0259 toplumun q\u0259bul etdiyi qaydaya \u00e7evrilmir. T\u0259kc\u0259 zor g\u00fcc\u00fcn\u0259 icra etdiril\u0259n h\u00fcquq is\u0259 h\u00fcquq deyil. D\u00f6vl\u0259tin boynunda insanlar\u0131n layiqli h\u0259yat s\u0259viyy\u0259sini t\u0259min etm\u0259k \u00f6hd\u0259liyi var. K\u00f6hn\u0259 v\u0259 yeni d\u00f6vl\u0259tl\u0259rd\u0259 indi \u201csosial y\u00f6n\u00fcml\u00fc d\u00f6vl\u0259t qururuq\u201d \u00e7a\u011f\u0131r\u0131\u015flar\u0131 d\u0259b hal\u0131n\u0131 al\u0131b. Sosial y\u00f6n\u00fcml\u00fc d\u00f6vl\u0259t yeni ideya deyil.<br>\u00a0<br>Platon, Aristotel v\u0259 Siseronun \u201c\u00fcmumi rifah\u201d d\u00f6vl\u0259ti \u00e7a\u011fda\u015f Avropa d\u00f6vl\u0259t v\u0259 h\u00fcququnun ana prinsip v\u0259 ideyalar\u0131ndan biridir. Sosial rifah d\u00f6vl\u0259ti azad v\u0259 b\u0259rab\u0259r h\u00fcquqlu subyektl\u0259rin d\u00f6vl\u0259tidir. Bu bax\u0131mdan ist\u0259nil\u0259n \u00f6lk\u0259nin ger\u00e7\u0259kliyini g\u00f6rm\u0259k \u00fc\u00e7\u00fcn onun Konstitusiya v\u0259 qanunlar\u0131na, onlar\u0131n t\u0259tbiqi praktikas\u0131na, \u00f6z\u0259llikl\u0259 b\u00fcdc\u0259 x\u0259rcl\u0259rin\u0259 baxmaq yet\u0259rlidir. Sosial d\u00f6vl\u0259t propaqandas\u0131 \u0259n tez if\u015fa olunan u\u011fursuz siyasi k\u0259l\u0259kdir. \u00c7\u00fcnki onun ger\u00e7\u0259kliyini toplumun \u00e7oxlu\u011fu \u00f6z d\u0259risind\u0259 daha tez hiss edir v\u0259 a\u011fr\u0131l\u0131 ya\u015fay\u0131r.<br>D\u00f6vl\u0259t \u2013 h\u00fcquq hadis\u0259sidir. Pozitiv h\u00fcquq onun m\u0259hsuludur. D\u00f6vl\u0259t qoydu\u011fu qaydalar\u0131 \u00f6nc\u0259 \u00f6z\u00fc d\u0259qiq icra etm\u0259li, sonra bunu ba\u015fqalar\u0131ndan t\u0259l\u0259b etm\u0259lidir. Qanunun \u00fcst\u00fcnl\u00fcy\u00fc, b\u0259rab\u0259rlik, m\u0259suliyy\u0259tin ham\u0131 \u00fc\u00e7\u00fcn qa\u00e7\u0131lmazl\u0131\u011f\u0131 prinsipl\u0259rini pozan, insan haqlar\u0131na say\u011f\u0131s\u0131zl\u0131q ed\u0259n d\u00f6vl\u0259t toplumdan qanuna h\u00f6rm\u0259t t\u0259l\u0259b etm\u0259k haqq\u0131n\u0131 itirir. Formal olaraq bu haqq\u0131n \u0259ld\u0259 saxlanmas\u0131 g\u00fcv\u0259nli perspektiv v\u0259d ed\u0259 bilm\u0259z.<br>\u00a0<br>Pozitiv h\u00fcquq \u2013 d\u00f6vl\u0259tin q\u0259bul etdiyi qanunlar yaz\u0131l\u0131 h\u00fcquqdur. Toplum t\u0259kc\u0259 onunla idar\u0259 olunmur. Pozitiv h\u00fcquq institutlar sistemidir. D\u00f6vl\u0259t orqanlar\u0131, dini qurumlar, v\u0259t\u0259nda\u015f c\u0259miyy\u0259ti t\u0259\u015fkilatlar\u0131 pozitiv h\u00fcququn institutlar\u0131 kimi c\u0259miyy\u0259tin idar\u0259 olunmas\u0131nda i\u015ftirak edir (etm\u0259lidir). Bu institutlar\u0131n f\u0259aliyy\u0259tinin s\u0259viyy\u0259si, g\u00fcc\u00fc, ger\u00e7\u0259kliyi d\u00f6vl\u0259tin demokratikliyinin \u0259yani g\u00f6st\u0259ricisidir.<br>\u00a0<br>\u201cMilli demokratiya\u201d, \u201cbizim \u00f6z yolumuz var\u201d, \u201cbiz n\u0259y\u0259 g\u00f6r\u0259 kimis\u0259 t\u0259krar etm\u0259liyik\u201d v\u0259 s. anla\u015f\u0131lmaz orijinall\u0131qlar\u0131n ciddi s\u00f6hb\u0259t olmad\u0131\u011f\u0131n\u0131 bu siyasi k\u0259l\u0259kbazl\u0131\u011f\u0131n m\u00fc\u0259llifl\u0259ri ham\u0131dan yax\u015f\u0131 bilirl\u0259r.<br>\u00a0<br>\u018fslind\u0259, m\u00fc\u0259llifi rus neom\u00fcst\u0259ml\u0259k\u0259\u00e7il\u0259ri olan bu absurdlar\u0131n milli ifa\u00e7\u0131lar\u0131 i\u015fl\u0259rin\u0259 yarayan bel\u0259 propaqandalardan ail\u0259-klan hakimiyy\u0259ti qurmaq \u00fc\u00e7\u00fcn yararlan\u0131rlar. Konstitusiya v\u0259 qanunlara edil\u0259n avtoritar, insan h\u00fcquq v\u0259 azadl\u0131qlar\u0131n\u0131 q\u0131s\u0131dan d\u0259yi\u015fiklikl\u0259r h\u00fcququn ham\u0131l\u0131qla (\u201cmilli demokratiya\u201d quranlar xaric) q\u0259bul edil\u0259n prinsipl\u0259rin\u0259 meydan oxuyur. N\u0259tic\u0259d\u0259 biz demokratik h\u00fcquq d\u00f6vl\u0259tinin \u00e7\u0259p\u0259rl\u0259diyi \u0259razinin h\u0259dl\u0259rind\u0259 azadl\u0131q v\u0259 h\u00fcquq \u0259ld\u0259 edirik.<br>\u00a0<br><strong>Demokratik h\u00fcquq d\u00f6vl\u0259ti \u2013 \u00e7\u0259p\u0259r \u2013 azadl\u0131q&#8230;<\/strong><br>\u00a0<br>B\u00f6y\u00fck rus h\u00fcquq filosofu S.Alekseyev \u201cx\u00fcsusi yol\u201d azarke\u015fl\u0259rin\u0259 xat\u0131rlad\u0131rd\u0131 ki, sizin n\u0259 q\u0259d\u0259r x\u00fcsusi yolunuz olsa da, o, h\u00fcquq yolu olmaya bilm\u0259z. Asiya v\u0259 C\u0259nubi Amerikan\u0131n t\u0259bii s\u0259rv\u0259tl\u0259r hesab\u0131na inki\u015faf etmi\u015f d\u00f6vl\u0259tl\u0259rinin iqtisadi y\u00fcks\u0259li\u015fi yolundak\u0131 \u00e7\u0259tinlikl\u0259r v\u0259 \u201ctupik\u201dl\u0259r m\u0259hz \u201cx\u00fcsusi yol\u201dun \u00fcmumsivilizasiya kriteriyalar\u0131 v\u0259 t\u0259l\u0259bl\u0259rin\u0259 (h\u00fcquq v\u0259 insan haqlar\u0131) uy\u011fun g\u0259lm\u0259y\u0259n t\u0259r\u0259fl\u0259ri il\u0259 ba\u011fl\u0131d\u0131r.<br>\u00a0<br>B\u0259\u015f\u0259riyy\u0259t insan c\u0259miyy\u0259tini h\u00fcquqla idar\u0259 etm\u0259kd\u0259n yax\u015f\u0131 bir \u00fcsul tapa bilm\u0259yib, \u00e7\u00fcnki h\u00fcquq b\u0259rab\u0259rlikdir, \u0259dal\u0259tdir, m\u0259n\u0259viyyatd\u0131r, ham\u0131 \u00fc\u00e7\u00fcn q\u0259bul edil\u0259 bil\u0259c\u0259k ortaq m\u00f6vqedir.<\/p>\n","protected":false},"excerpt":{"rendered":"<p>(ikinci yaz\u0131) H\u00fcquq v\u0259 h\u00fcquq f\u0259ls\u0259f\u0259si H\u00fcquq \u2013 azadl\u0131qd\u0131r deyirl\u0259r. &#8230; <\/p>\n<p class=\"read-more-container\"><a title=\"Az\u0259rbaycan h\u00fcququ: f\u0259ls\u0259f\u0259si v\u0259 ger\u00e7\u0259kl\u0259ri\" class=\"read-more button\" href=\"https:\/\/www.meydan.tv\/az\/article\/azerbaycan-huququ-felsefesi-ve-gercekleri-2\/#more-225185\" aria-label=\"Read more about Az\u0259rbaycan h\u00fcququ: f\u0259ls\u0259f\u0259si v\u0259 ger\u00e7\u0259kl\u0259ri\">Davam\u0131<\/a><\/p>\n","protected":false},"author":8,"featured_media":213950,"comment_status":"closed","ping_status":"closed","sticky":false,"template":"","format":"standard","meta":{"_acf_changed":false,"_sitemap_exclude":false,"_sitemap_priority":"","_sitemap_frequency":"","footnotes":""},"categories":[57],"tags":[],"class_list":["post-225185","post","type-post","status-publish","format-standard","has-post-thumbnail","hentry","category-menim-fikrimce","infinite-scroll-item","generate-columns","tablet-grid-50","mobile-grid-100","grid-parent","grid-33","no-featured-image-padding"],"acf":[],"yoast_head":"<!-- This site is optimized with the Yoast SEO plugin v27.4 - https:\/\/yoast.com\/product\/yoast-seo-wordpress\/ -->\n<title>Az\u0259rbaycan h\u00fcququ: f\u0259ls\u0259f\u0259si v\u0259 ger\u00e7\u0259kl\u0259ri - MEYDAN.TV<\/title>\n<meta name=\"robots\" content=\"index, follow, max-snippet:-1, max-image-preview:large, max-video-preview:-1\" \/>\n<link rel=\"canonical\" href=\"https:\/\/www.meydan.tv\/az\/article\/azerbaycan-huququ-felsefesi-ve-gercekleri-2\/\" \/>\n<meta property=\"og:locale\" content=\"az_AZ\" \/>\n<meta property=\"og:type\" content=\"article\" \/>\n<meta property=\"og:title\" content=\"Az\u0259rbaycan h\u00fcququ: f\u0259ls\u0259f\u0259si v\u0259 ger\u00e7\u0259kl\u0259ri - MEYDAN.TV\" \/>\n<meta property=\"og:description\" content=\"(ikinci yaz\u0131) H\u00fcquq v\u0259 h\u00fcquq f\u0259ls\u0259f\u0259si H\u00fcquq \u2013 azadl\u0131qd\u0131r deyirl\u0259r. ... Davam\u0131\" \/>\n<meta property=\"og:url\" content=\"https:\/\/www.meydan.tv\/az\/article\/azerbaycan-huququ-felsefesi-ve-gercekleri-2\/\" \/>\n<meta property=\"og:site_name\" content=\"MEYDAN.TV\" \/>\n<meta property=\"article:published_time\" content=\"2021-11-04T08:03:24+00:00\" \/>\n<meta property=\"article:modified_time\" content=\"2021-11-04T08:04:19+00:00\" \/>\n<meta property=\"og:image\" content=\"https:\/\/www.meydan.tv\/wp-content\/uploads\/annaqi-1.jpg\" \/>\n\t<meta property=\"og:image:width\" content=\"1200\" \/>\n\t<meta property=\"og:image:height\" content=\"900\" \/>\n\t<meta property=\"og:image:type\" content=\"image\/jpeg\" \/>\n<meta name=\"author\" content=\"elli\" \/>\n<meta name=\"twitter:card\" content=\"summary_large_image\" \/>\n<meta name=\"twitter:creator\" content=\"@elli\" \/>\n<script type=\"application\/ld+json\" class=\"yoast-schema-graph\">{\"@context\":\"https:\\\/\\\/schema.org\",\"@graph\":[{\"@type\":\"Article\",\"@id\":\"https:\\\/\\\/www.meydan.tv\\\/az\\\/article\\\/azerbaycan-huququ-felsefesi-ve-gercekleri-2\\\/#article\",\"isPartOf\":{\"@id\":\"https:\\\/\\\/www.meydan.tv\\\/az\\\/article\\\/azerbaycan-huququ-felsefesi-ve-gercekleri-2\\\/\"},\"author\":{\"name\":\"elli\",\"@id\":\"https:\\\/\\\/www.meydan.tv\\\/az\\\/#\\\/schema\\\/person\\\/9cdbecf90d17180ce1dfbd95b08dcf47\"},\"headline\":\"Az\u0259rbaycan h\u00fcququ: f\u0259ls\u0259f\u0259si v\u0259 ger\u00e7\u0259kl\u0259ri\",\"datePublished\":\"2021-11-04T08:03:24+00:00\",\"dateModified\":\"2021-11-04T08:04:19+00:00\",\"mainEntityOfPage\":{\"@id\":\"https:\\\/\\\/www.meydan.tv\\\/az\\\/article\\\/azerbaycan-huququ-felsefesi-ve-gercekleri-2\\\/\"},\"wordCount\":1573,\"publisher\":{\"@id\":\"https:\\\/\\\/www.meydan.tv\\\/az\\\/#organization\"},\"image\":{\"@id\":\"https:\\\/\\\/www.meydan.tv\\\/az\\\/article\\\/azerbaycan-huququ-felsefesi-ve-gercekleri-2\\\/#primaryimage\"},\"thumbnailUrl\":\"https:\\\/\\\/www.meydan.tv\\\/wp-content\\\/uploads\\\/annaqi-1-e1652622738889.jpg\",\"articleSection\":[\"M\u0259nim Fikrimc\u0259\"],\"inLanguage\":\"az\"},{\"@type\":\"WebPage\",\"@id\":\"https:\\\/\\\/www.meydan.tv\\\/az\\\/article\\\/azerbaycan-huququ-felsefesi-ve-gercekleri-2\\\/\",\"url\":\"https:\\\/\\\/www.meydan.tv\\\/az\\\/article\\\/azerbaycan-huququ-felsefesi-ve-gercekleri-2\\\/\",\"name\":\"Az\u0259rbaycan h\u00fcququ: f\u0259ls\u0259f\u0259si v\u0259 ger\u00e7\u0259kl\u0259ri - MEYDAN.TV\",\"isPartOf\":{\"@id\":\"https:\\\/\\\/www.meydan.tv\\\/az\\\/#website\"},\"primaryImageOfPage\":{\"@id\":\"https:\\\/\\\/www.meydan.tv\\\/az\\\/article\\\/azerbaycan-huququ-felsefesi-ve-gercekleri-2\\\/#primaryimage\"},\"image\":{\"@id\":\"https:\\\/\\\/www.meydan.tv\\\/az\\\/article\\\/azerbaycan-huququ-felsefesi-ve-gercekleri-2\\\/#primaryimage\"},\"thumbnailUrl\":\"https:\\\/\\\/www.meydan.tv\\\/wp-content\\\/uploads\\\/annaqi-1-e1652622738889.jpg\",\"datePublished\":\"2021-11-04T08:03:24+00:00\",\"dateModified\":\"2021-11-04T08:04:19+00:00\",\"breadcrumb\":{\"@id\":\"https:\\\/\\\/www.meydan.tv\\\/az\\\/article\\\/azerbaycan-huququ-felsefesi-ve-gercekleri-2\\\/#breadcrumb\"},\"inLanguage\":\"az\",\"potentialAction\":[{\"@type\":\"ReadAction\",\"target\":[\"https:\\\/\\\/www.meydan.tv\\\/az\\\/article\\\/azerbaycan-huququ-felsefesi-ve-gercekleri-2\\\/\"]}]},{\"@type\":\"ImageObject\",\"inLanguage\":\"az\",\"@id\":\"https:\\\/\\\/www.meydan.tv\\\/az\\\/article\\\/azerbaycan-huququ-felsefesi-ve-gercekleri-2\\\/#primaryimage\",\"url\":\"https:\\\/\\\/www.meydan.tv\\\/wp-content\\\/uploads\\\/annaqi-1-e1652622738889.jpg\",\"contentUrl\":\"https:\\\/\\\/www.meydan.tv\\\/wp-content\\\/uploads\\\/annaqi-1-e1652622738889.jpg\",\"width\":1200,\"height\":762,\"caption\":\"Foto: Meydan TV\"},{\"@type\":\"BreadcrumbList\",\"@id\":\"https:\\\/\\\/www.meydan.tv\\\/az\\\/article\\\/azerbaycan-huququ-felsefesi-ve-gercekleri-2\\\/#breadcrumb\",\"itemListElement\":[{\"@type\":\"ListItem\",\"position\":1,\"name\":\"Ana s\u0259hif\u0259\",\"item\":\"https:\\\/\\\/www.meydan.tv\\\/az\\\/\"},{\"@type\":\"ListItem\",\"position\":2,\"name\":\"M\u0259nim Fikrimc\u0259\",\"item\":\"https:\\\/\\\/www.meydan.tv\\\/az\\\/section\\\/menim-fikrimce\\\/\"},{\"@type\":\"ListItem\",\"position\":3,\"name\":\"Az\u0259rbaycan h\u00fcququ: f\u0259ls\u0259f\u0259si v\u0259 ger\u00e7\u0259kl\u0259ri\"}]},{\"@type\":\"WebSite\",\"@id\":\"https:\\\/\\\/www.meydan.tv\\\/az\\\/#website\",\"url\":\"https:\\\/\\\/www.meydan.tv\\\/az\\\/\",\"name\":\"MEYDAN.TV\",\"description\":\"Meydan TV Az\u0259rbaycan\u0131n media m\u0259kan\u0131ndak\u0131 alternativ s\u0259sidir\",\"publisher\":{\"@id\":\"https:\\\/\\\/www.meydan.tv\\\/az\\\/#organization\"},\"potentialAction\":[{\"@type\":\"SearchAction\",\"target\":{\"@type\":\"EntryPoint\",\"urlTemplate\":\"https:\\\/\\\/www.meydan.tv\\\/az\\\/?s={search_term_string}\"},\"query-input\":{\"@type\":\"PropertyValueSpecification\",\"valueRequired\":true,\"valueName\":\"search_term_string\"}}],\"inLanguage\":\"az\"},{\"@type\":\"Organization\",\"@id\":\"https:\\\/\\\/www.meydan.tv\\\/az\\\/#organization\",\"name\":\"Meydan TV\",\"url\":\"https:\\\/\\\/www.meydan.tv\\\/az\\\/\",\"logo\":{\"@type\":\"ImageObject\",\"inLanguage\":\"az\",\"@id\":\"https:\\\/\\\/www.meydan.tv\\\/az\\\/#\\\/schema\\\/logo\\\/image\\\/\",\"url\":\"https:\\\/\\\/www.meydan.tv\\\/wp-content\\\/uploads\\\/2021\\\/07\\\/meydan-logo.svg\",\"contentUrl\":\"https:\\\/\\\/www.meydan.tv\\\/wp-content\\\/uploads\\\/2021\\\/07\\\/meydan-logo.svg\",\"width\":195,\"height\":46,\"caption\":\"Meydan TV\"},\"image\":{\"@id\":\"https:\\\/\\\/www.meydan.tv\\\/az\\\/#\\\/schema\\\/logo\\\/image\\\/\"}},{\"@type\":\"Person\",\"@id\":\"https:\\\/\\\/www.meydan.tv\\\/az\\\/#\\\/schema\\\/person\\\/9cdbecf90d17180ce1dfbd95b08dcf47\",\"name\":\"elli\",\"sameAs\":[\"https:\\\/\\\/x.com\\\/elli\"]}]}<\/script>\n<!-- \/ Yoast SEO plugin. -->","yoast_head_json":{"title":"Az\u0259rbaycan h\u00fcququ: f\u0259ls\u0259f\u0259si v\u0259 ger\u00e7\u0259kl\u0259ri - MEYDAN.TV","robots":{"index":"index","follow":"follow","max-snippet":"max-snippet:-1","max-image-preview":"max-image-preview:large","max-video-preview":"max-video-preview:-1"},"canonical":"https:\/\/www.meydan.tv\/az\/article\/azerbaycan-huququ-felsefesi-ve-gercekleri-2\/","og_locale":"az_AZ","og_type":"article","og_title":"Az\u0259rbaycan h\u00fcququ: f\u0259ls\u0259f\u0259si v\u0259 ger\u00e7\u0259kl\u0259ri - MEYDAN.TV","og_description":"(ikinci yaz\u0131) H\u00fcquq v\u0259 h\u00fcquq f\u0259ls\u0259f\u0259si H\u00fcquq \u2013 azadl\u0131qd\u0131r deyirl\u0259r. ... Davam\u0131","og_url":"https:\/\/www.meydan.tv\/az\/article\/azerbaycan-huququ-felsefesi-ve-gercekleri-2\/","og_site_name":"MEYDAN.TV","article_published_time":"2021-11-04T08:03:24+00:00","article_modified_time":"2021-11-04T08:04:19+00:00","og_image":[{"width":1200,"height":900,"url":"https:\/\/www.meydan.tv\/wp-content\/uploads\/annaqi-1.jpg","type":"image\/jpeg"}],"author":"elli","twitter_card":"summary_large_image","twitter_creator":"@elli","schema":{"@context":"https:\/\/schema.org","@graph":[{"@type":"Article","@id":"https:\/\/www.meydan.tv\/az\/article\/azerbaycan-huququ-felsefesi-ve-gercekleri-2\/#article","isPartOf":{"@id":"https:\/\/www.meydan.tv\/az\/article\/azerbaycan-huququ-felsefesi-ve-gercekleri-2\/"},"author":{"name":"elli","@id":"https:\/\/www.meydan.tv\/az\/#\/schema\/person\/9cdbecf90d17180ce1dfbd95b08dcf47"},"headline":"Az\u0259rbaycan h\u00fcququ: f\u0259ls\u0259f\u0259si v\u0259 ger\u00e7\u0259kl\u0259ri","datePublished":"2021-11-04T08:03:24+00:00","dateModified":"2021-11-04T08:04:19+00:00","mainEntityOfPage":{"@id":"https:\/\/www.meydan.tv\/az\/article\/azerbaycan-huququ-felsefesi-ve-gercekleri-2\/"},"wordCount":1573,"publisher":{"@id":"https:\/\/www.meydan.tv\/az\/#organization"},"image":{"@id":"https:\/\/www.meydan.tv\/az\/article\/azerbaycan-huququ-felsefesi-ve-gercekleri-2\/#primaryimage"},"thumbnailUrl":"https:\/\/www.meydan.tv\/wp-content\/uploads\/annaqi-1-e1652622738889.jpg","articleSection":["M\u0259nim Fikrimc\u0259"],"inLanguage":"az"},{"@type":"WebPage","@id":"https:\/\/www.meydan.tv\/az\/article\/azerbaycan-huququ-felsefesi-ve-gercekleri-2\/","url":"https:\/\/www.meydan.tv\/az\/article\/azerbaycan-huququ-felsefesi-ve-gercekleri-2\/","name":"Az\u0259rbaycan h\u00fcququ: f\u0259ls\u0259f\u0259si v\u0259 ger\u00e7\u0259kl\u0259ri - MEYDAN.TV","isPartOf":{"@id":"https:\/\/www.meydan.tv\/az\/#website"},"primaryImageOfPage":{"@id":"https:\/\/www.meydan.tv\/az\/article\/azerbaycan-huququ-felsefesi-ve-gercekleri-2\/#primaryimage"},"image":{"@id":"https:\/\/www.meydan.tv\/az\/article\/azerbaycan-huququ-felsefesi-ve-gercekleri-2\/#primaryimage"},"thumbnailUrl":"https:\/\/www.meydan.tv\/wp-content\/uploads\/annaqi-1-e1652622738889.jpg","datePublished":"2021-11-04T08:03:24+00:00","dateModified":"2021-11-04T08:04:19+00:00","breadcrumb":{"@id":"https:\/\/www.meydan.tv\/az\/article\/azerbaycan-huququ-felsefesi-ve-gercekleri-2\/#breadcrumb"},"inLanguage":"az","potentialAction":[{"@type":"ReadAction","target":["https:\/\/www.meydan.tv\/az\/article\/azerbaycan-huququ-felsefesi-ve-gercekleri-2\/"]}]},{"@type":"ImageObject","inLanguage":"az","@id":"https:\/\/www.meydan.tv\/az\/article\/azerbaycan-huququ-felsefesi-ve-gercekleri-2\/#primaryimage","url":"https:\/\/www.meydan.tv\/wp-content\/uploads\/annaqi-1-e1652622738889.jpg","contentUrl":"https:\/\/www.meydan.tv\/wp-content\/uploads\/annaqi-1-e1652622738889.jpg","width":1200,"height":762,"caption":"Foto: Meydan TV"},{"@type":"BreadcrumbList","@id":"https:\/\/www.meydan.tv\/az\/article\/azerbaycan-huququ-felsefesi-ve-gercekleri-2\/#breadcrumb","itemListElement":[{"@type":"ListItem","position":1,"name":"Ana s\u0259hif\u0259","item":"https:\/\/www.meydan.tv\/az\/"},{"@type":"ListItem","position":2,"name":"M\u0259nim Fikrimc\u0259","item":"https:\/\/www.meydan.tv\/az\/section\/menim-fikrimce\/"},{"@type":"ListItem","position":3,"name":"Az\u0259rbaycan h\u00fcququ: f\u0259ls\u0259f\u0259si v\u0259 ger\u00e7\u0259kl\u0259ri"}]},{"@type":"WebSite","@id":"https:\/\/www.meydan.tv\/az\/#website","url":"https:\/\/www.meydan.tv\/az\/","name":"MEYDAN.TV","description":"Meydan TV Az\u0259rbaycan\u0131n media m\u0259kan\u0131ndak\u0131 alternativ s\u0259sidir","publisher":{"@id":"https:\/\/www.meydan.tv\/az\/#organization"},"potentialAction":[{"@type":"SearchAction","target":{"@type":"EntryPoint","urlTemplate":"https:\/\/www.meydan.tv\/az\/?s={search_term_string}"},"query-input":{"@type":"PropertyValueSpecification","valueRequired":true,"valueName":"search_term_string"}}],"inLanguage":"az"},{"@type":"Organization","@id":"https:\/\/www.meydan.tv\/az\/#organization","name":"Meydan TV","url":"https:\/\/www.meydan.tv\/az\/","logo":{"@type":"ImageObject","inLanguage":"az","@id":"https:\/\/www.meydan.tv\/az\/#\/schema\/logo\/image\/","url":"https:\/\/www.meydan.tv\/wp-content\/uploads\/2021\/07\/meydan-logo.svg","contentUrl":"https:\/\/www.meydan.tv\/wp-content\/uploads\/2021\/07\/meydan-logo.svg","width":195,"height":46,"caption":"Meydan TV"},"image":{"@id":"https:\/\/www.meydan.tv\/az\/#\/schema\/logo\/image\/"}},{"@type":"Person","@id":"https:\/\/www.meydan.tv\/az\/#\/schema\/person\/9cdbecf90d17180ce1dfbd95b08dcf47","name":"elli","sameAs":["https:\/\/x.com\/elli"]}]}},"_links":{"self":[{"href":"https:\/\/www.meydan.tv\/az\/wp-json\/wp\/v2\/posts\/225185","targetHints":{"allow":["GET"]}}],"collection":[{"href":"https:\/\/www.meydan.tv\/az\/wp-json\/wp\/v2\/posts"}],"about":[{"href":"https:\/\/www.meydan.tv\/az\/wp-json\/wp\/v2\/types\/post"}],"author":[{"embeddable":true,"href":"https:\/\/www.meydan.tv\/az\/wp-json\/wp\/v2\/users\/8"}],"replies":[{"embeddable":true,"href":"https:\/\/www.meydan.tv\/az\/wp-json\/wp\/v2\/comments?post=225185"}],"version-history":[{"count":1,"href":"https:\/\/www.meydan.tv\/az\/wp-json\/wp\/v2\/posts\/225185\/revisions"}],"predecessor-version":[{"id":225186,"href":"https:\/\/www.meydan.tv\/az\/wp-json\/wp\/v2\/posts\/225185\/revisions\/225186"}],"wp:featuredmedia":[{"embeddable":true,"href":"https:\/\/www.meydan.tv\/az\/wp-json\/wp\/v2\/media\/213950"}],"wp:attachment":[{"href":"https:\/\/www.meydan.tv\/az\/wp-json\/wp\/v2\/media?parent=225185"}],"wp:term":[{"taxonomy":"category","embeddable":true,"href":"https:\/\/www.meydan.tv\/az\/wp-json\/wp\/v2\/categories?post=225185"},{"taxonomy":"post_tag","embeddable":true,"href":"https:\/\/www.meydan.tv\/az\/wp-json\/wp\/v2\/tags?post=225185"}],"curies":[{"name":"wp","href":"https:\/\/api.w.org\/{rel}","templated":true}]}}