{"id":222845,"date":"2021-10-29T21:50:32","date_gmt":"2021-10-29T17:50:32","guid":{"rendered":"https:\/\/www.meydan.tv\/?p=222845"},"modified":"2021-10-30T11:15:41","modified_gmt":"2021-10-30T07:15:41","slug":"ilham-eliyevin-veto-huququ","status":"publish","type":"post","link":"https:\/\/www.meydan.tv\/az\/article\/ilham-eliyevin-veto-huququ\/","title":{"rendered":"\u0130lham \u018fliyevin veto h\u00fcququ"},"content":{"rendered":"\n<p><\/p>\n\n\n\n<p>H\u0259r g\u00fcn yenil\u0259n\u0259n qiym\u0259t art\u0131mlar\u0131nasa veto qoyan yoxdur\u2026<br><\/p>\n\n\n\n<p>D\u00fcnyada bel\u0259 bir h\u00fcquq var. Veto h\u00fcququ termininin q\u0259dim Romada yarand\u0131\u011f\u0131 deyilir. \u00c7a\u011fda\u015f d\u00f6vr\u00fcm\u00fczd\u0259 bir \u00e7ox \u00f6lk\u0259d\u0259 d\u00f6vl\u0259t ba\u015f\u00e7\u0131s\u0131n\u0131n qanunverici orqan\u0131n q\u0259bul etdiyi normativ s\u0259n\u0259di imzalamaqdan imtina etm\u0259k, y\u0259ni veto h\u00fcququ var. Bundan ba\u015fqa, BMT T\u0259hl\u00fck\u0259sizlik \u015euras\u0131n\u0131n be\u015f daimi \u00fczv\u00fcn\u00fcn (AB\u015e, \u00c7in, Fransa, B\u00f6y\u00fck Britaniya v\u0259 Rusiya) d\u0259 h\u0259min qurumun ist\u0259nil\u0259n q\u0259rar\u0131na veto qoymaq h\u00fcququ var.<\/p>\n\n\n\n<p>Az\u0259rbaycanda bel\u0259 bir h\u00fcquq prezidentd\u0259dir. Yada d\u00fc\u015fm\u0259y\u0259n, unudulmaqda olan h\u00fcquqdur. 18 illik prezidentliyi \u0259rzind\u0259 \u0130lham \u018fliyevin ondan bir d\u0259f\u0259 istifad\u0259 etdiyini xat\u0131rlay\u0131ram. O da 2016-c\u0131 ild\u0259 \u0130nzibati X\u0259talar M\u0259c\u0259ll\u0259sin\u0259 edil\u0259n d\u0259yi\u015fiklikl\u0259 ba\u011fl\u0131 olmu\u015fdu. 2016-c\u0131 il yanvar\u0131n 19-da Milli M\u0259clis \u00abValyuta t\u0259nziml\u0259nm\u0259si haqq\u0131nda\u00bb qanuna d\u0259yi\u015fiklikl\u0259r etmi\u015fdi. D\u0259yi\u015fiklikl\u0259r\u0259 g\u00f6r\u0259, \u00f6lk\u0259d\u0259n valyuta \u00e7\u0131xaran \u015f\u0259xsl\u0259r h\u0259min m\u0259bl\u0259\u011fin 20%-i q\u0259d\u0259r d\u00f6vl\u0259t b\u00fcdc\u0259sin\u0259 icbari y\u0131\u011f\u0131m \u00f6d\u0259m\u0259li idil\u0259r. Paralel olaraq Milli M\u0259clis \u0130nziati X\u0259talar M\u0259c\u0259ll\u0259sin\u0259 d\u0259 d\u0259yi\u015fiklik etdi v\u0259 m\u0259c\u0259ll\u0259y\u0259 bu qaydaya \u0259m\u0259l etm\u0259y\u0259nl\u0259r \u00fc\u00e7\u00fcn c\u0259rim\u0259l\u0259r daxil edildi. \u0130nzibati X\u0259talar M\u0259c\u0259ll\u0259sinin 225.5-ci madd\u0259sin\u0259 edil\u0259n \u0259lav\u0259y\u0259 g\u00f6r\u0259, \u00f6d\u0259ni\u015f kart\u0131 il\u0259 apar\u0131lan valyuta \u0259m\u0259liyyatlar\u0131 \u00fczr\u0259 icbari y\u0131\u011f\u0131m\u0131n \u00f6d\u0259nilm\u0259m\u0259sin\u0259 g\u00f6r\u0259 fiziki v\u0259 h\u00fcquqi \u015f\u0259xsl\u0259r \u00f6d\u0259nilm\u0259mi\u015f m\u0259bl\u0259\u011f q\u0259d\u0259r c\u0259rim\u0259 \u00f6d\u0259m\u0259li idi. D\u00f6vl\u0259t ba\u015f\u00e7\u0131s\u0131 bu q\u0259rar\u0131n investorlara m\u0259nfi t\u0259sirini n\u0259z\u0259r\u0259 alaraq qanuna veto qoymu\u015fdu v\u0259 d\u0259yi\u015fiklikl\u0259rin l\u0259\u011fv edilm\u0259si il\u0259 ba\u011fl\u0131 Milli M\u0259clis\u0259 etiraz \u00fcnvanlam\u0131\u015fd\u0131. Onlar da \u00f6z q\u0259rarlar\u0131n\u0131 l\u0259\u011fv etmi\u015fdi. T\u0259yinatl\u0131 \u00f6z\u00fcn\u00fcburaxanlar parlamentind\u0259n ba\u015fqa add\u0131m da g\u00f6zl\u0259m\u0259k olmazd\u0131.<\/p>\n\n\n\n<p>Prezidentin bu qanunla ba\u011fl\u0131 veto h\u00fcququndan istifad\u0259 etm\u0259si anla\u015f\u0131land\u0131r. Valyuta ciddi m\u0259s\u0259l\u0259dir. Onunla ciddi d\u0259 davranmaq g\u0259r\u0259kdir, h\u0259r yoldan \u00f6t\u0259nin bu m\u00fcq\u0259dd\u0259s, ba\u011fl\u0131 qap\u0131lar\u0131 a\u00e7an, qanunlar\u0131 ayaqalt\u0131 ed\u0259n varl\u0131qla ba\u011fl\u0131 q\u0259rar \u00e7\u0131xarmas\u0131 yolverilm\u0259zdir. \u00c7\u00fcnki o, h\u0259r adamda olmur. Y\u0259ni \u0259n \u00e7ox kimd\u0259 olur: prezidentl\u0259rd\u0259, korrupsioner v\u0259 r\u00fc\u015fv\u0259txor m\u0259murlarda. \u00d6lk\u0259d\u0259n \u0259n \u00e7ox valyutan\u0131 da onlar \u00e7\u0131xar\u0131r. Dubay, London, Karlov\u0131 Var\u0131, Praqa, Nyu-York v\u0259 ba\u015fqa \u015f\u0259h\u0259rl\u0259rd\u0259 milyonlarla dollara al\u0131nm\u0131\u015f m\u00fclkl\u0259r, of\u015for zonalara \u00f6t\u00fcr\u00fclm\u00fc\u015f milyardlar\u2026 siz\u0259 zarafat g\u0259lm\u0259sin, \u00f6lk\u0259d\u0259n \u00e7\u0131xar\u0131lan o pullardan c\u0259rim\u0259l\u0259r tutulsayd\u0131, g\u00f6z\u0259lim Az\u0259rbaycan v\u0259 az\u0259rbaycanl\u0131lar tamam ba\u015fqa g\u00f6rk\u0259md\u0259 olard\u0131. Olmad\u0131. M\u0259h\u0259mm\u0259dh\u0259s\u0259n \u0259mi demi\u015fk\u0259n, qoymad\u0131lar\u2026<\/p>\n\n\n\n<p>Ta o \u00e7a\u011fdan prezidentin veto h\u00fcququndan yararlanmas\u0131 il\u0259 ba\u011fl\u0131 h\u0259r hans\u0131 informasiya yoxdur. Yaln\u0131z bu g\u00fcnl\u0259rd\u0259, Qubadl\u0131n\u0131n i\u015f\u011faldan azad edilm\u0259sinin ild\u00f6n\u00fcm\u00fcnd\u0259 rayon sakinl\u0259rind\u0259n bir qrupu il\u0259 g\u00f6r\u00fc\u015f\u00fcnd\u0259 prezident bu s\u00f6z\u00fc dilin\u0259 g\u0259tirdi. Onu \u201cAz\u0259rbaycan\u0131n daimi prezidenti\u201d etm\u0259k \u00fc\u00e7\u00fcn Milli M\u0259clis\u0259 xahi\u015f \u00fcnvanlayan qocan\u0131n s\u00f6z\u00fcn\u0259 g\u00fcl\u0259-g\u00fcl\u0259 \u201cm\u0259n veto qoyacam ona, bel\u0259 h\u00fcququm var\u201d deyib reaksiya verdi. B\u0259li, h\u00fcququ var. Ancaq bu s\u00f6zl\u0259ri 4 d\u0259f\u0259 ard\u0131c\u0131l prezident se\u00e7kisind\u0259 \u201cqalib\u201d g\u0259l\u0259n \u0130lham \u018fliyev dedi. Bunu ill\u0259rdir neft \u00f6lk\u0259sind\u0259 yanaca\u011f\u0131n qiym\u0259tinin qald\u0131r\u0131lmas\u0131na, korrupsiyaya, r\u00fc\u015fv\u0259t\u0259, b\u00fcdc\u0259 talan\u00e7\u0131l\u0131\u011f\u0131na, m\u0259mur \u00f6zba\u015f\u0131nal\u0131\u011f\u0131na, nazir oliqarxl\u0131\u011f\u0131na, monopoliyaya, Prezident Administrasiyas\u0131ndan g\u00f6nd\u0259ril\u0259n, Milli M\u0259clisd\u0259 m\u00fczakir\u0259siz q\u0259bul olunan antihumanist qanunlara, \u0259dal\u0259tsiz m\u0259hk\u0259m\u0259 h\u00f6kml\u0259rin\u0259, insan haqlar\u0131n\u0131n pozulmas\u0131na, \u0259sg\u0259r \u00f6l\u00fcml\u0259rin\u0259, adamlar\u0131n \u015f\u0259rl\u0259n\u0259r\u0259k tutulmas\u0131na\u2026 veto qoymayan prezident dedi, h\u0259m d\u0259 g\u00fcl\u0259-g\u00fcl\u0259 dedi; \u0259trafdak\u0131lar\u0131n gurultulu alq\u0131\u015flar\u0131 alt\u0131nda\u2026<\/p>\n\n\n\n<p>H\u0259r g\u00fcn yenil\u0259n\u0259n qiym\u0259t art\u0131mlar\u0131nasa veto qoyan yoxdur\u2026<\/p>\n\n\n\n<p>Qar\u015f\u0131dan i\u015f\u011faldan azad edilmi\u015f ba\u015fqa rayonlar\u0131n ild\u00f6n\u00fcml\u0259ri g\u0259lir, yeni vetolar ola bil\u0259r; h\u0259m d\u0259 gurultulu, s\u00fcr\u0259kli, ard\u0131-aras\u0131 k\u0259silm\u0259y\u0259n alq\u0131\u015flarla\u2026<\/p>\n\n\n\n<p><strong>R\u00f6v\u015f\u0259n Hac\u0131b\u0259yli<\/strong><\/p>\n","protected":false},"excerpt":{"rendered":"<p>H\u0259r g\u00fcn yenil\u0259n\u0259n qiym\u0259t art\u0131mlar\u0131nasa veto qoyan yoxdur\u2026 D\u00fcnyada bel\u0259 &#8230; <\/p>\n<p class=\"read-more-container\"><a title=\"\u0130lham \u018fliyevin veto h\u00fcququ\" class=\"read-more button\" href=\"https:\/\/www.meydan.tv\/az\/article\/ilham-eliyevin-veto-huququ\/#more-222845\" aria-label=\"Read more about \u0130lham \u018fliyevin veto h\u00fcququ\">Davam\u0131<\/a><\/p>\n","protected":false},"author":8,"featured_media":125837,"comment_status":"closed","ping_status":"closed","sticky":false,"template":"","format":"standard","meta":{"_acf_changed":false,"_sitemap_exclude":false,"_sitemap_priority":"","_sitemap_frequency":"","footnotes":""},"categories":[57],"tags":[],"class_list":["post-222845","post","type-post","status-publish","format-standard","has-post-thumbnail","hentry","category-menim-fikrimce","infinite-scroll-item","generate-columns","tablet-grid-50","mobile-grid-100","grid-parent","grid-33","no-featured-image-padding"],"acf":[],"yoast_head":"<!-- This site is optimized with the Yoast SEO plugin v27.4 - https:\/\/yoast.com\/product\/yoast-seo-wordpress\/ -->\n<title>\u0130lham \u018fliyevin veto h\u00fcququ - MEYDAN.TV<\/title>\n<meta name=\"robots\" content=\"index, follow, max-snippet:-1, max-image-preview:large, max-video-preview:-1\" \/>\n<link rel=\"canonical\" href=\"https:\/\/www.meydan.tv\/az\/article\/ilham-eliyevin-veto-huququ\/\" \/>\n<meta property=\"og:locale\" content=\"az_AZ\" \/>\n<meta property=\"og:type\" content=\"article\" \/>\n<meta property=\"og:title\" content=\"\u0130lham \u018fliyevin veto h\u00fcququ - MEYDAN.TV\" \/>\n<meta property=\"og:description\" content=\"H\u0259r g\u00fcn yenil\u0259n\u0259n qiym\u0259t art\u0131mlar\u0131nasa veto qoyan yoxdur\u2026 D\u00fcnyada bel\u0259 ... Davam\u0131\" \/>\n<meta property=\"og:url\" content=\"https:\/\/www.meydan.tv\/az\/article\/ilham-eliyevin-veto-huququ\/\" \/>\n<meta property=\"og:site_name\" content=\"MEYDAN.TV\" \/>\n<meta property=\"article:published_time\" content=\"2021-10-29T17:50:32+00:00\" \/>\n<meta property=\"article:modified_time\" content=\"2021-10-30T07:15:41+00:00\" \/>\n<meta property=\"og:image\" content=\"https:\/\/www.meydan.tv\/wp-content\/uploads\/image_from_ios_unrqckb.original-scaled.jpg\" \/>\n\t<meta property=\"og:image:width\" content=\"2560\" \/>\n\t<meta property=\"og:image:height\" content=\"1440\" \/>\n\t<meta property=\"og:image:type\" content=\"image\/jpeg\" \/>\n<meta name=\"author\" content=\"elli\" \/>\n<meta name=\"twitter:card\" content=\"summary_large_image\" \/>\n<meta name=\"twitter:creator\" content=\"@elli\" \/>\n<script type=\"application\/ld+json\" class=\"yoast-schema-graph\">{\"@context\":\"https:\\\/\\\/schema.org\",\"@graph\":[{\"@type\":\"Article\",\"@id\":\"https:\\\/\\\/www.meydan.tv\\\/az\\\/article\\\/ilham-eliyevin-veto-huququ\\\/#article\",\"isPartOf\":{\"@id\":\"https:\\\/\\\/www.meydan.tv\\\/az\\\/article\\\/ilham-eliyevin-veto-huququ\\\/\"},\"author\":{\"name\":\"elli\",\"@id\":\"https:\\\/\\\/www.meydan.tv\\\/az\\\/#\\\/schema\\\/person\\\/9cdbecf90d17180ce1dfbd95b08dcf47\"},\"headline\":\"\u0130lham \u018fliyevin veto h\u00fcququ\",\"datePublished\":\"2021-10-29T17:50:32+00:00\",\"dateModified\":\"2021-10-30T07:15:41+00:00\",\"mainEntityOfPage\":{\"@id\":\"https:\\\/\\\/www.meydan.tv\\\/az\\\/article\\\/ilham-eliyevin-veto-huququ\\\/\"},\"wordCount\":807,\"publisher\":{\"@id\":\"https:\\\/\\\/www.meydan.tv\\\/az\\\/#organization\"},\"image\":{\"@id\":\"https:\\\/\\\/www.meydan.tv\\\/az\\\/article\\\/ilham-eliyevin-veto-huququ\\\/#primaryimage\"},\"thumbnailUrl\":\"https:\\\/\\\/www.meydan.tv\\\/wp-content\\\/uploads\\\/image_from_ios_unrqckb.original-scaled-e1685106480202.jpg\",\"articleSection\":[\"M\u0259nim Fikrimc\u0259\"],\"inLanguage\":\"az\"},{\"@type\":\"WebPage\",\"@id\":\"https:\\\/\\\/www.meydan.tv\\\/az\\\/article\\\/ilham-eliyevin-veto-huququ\\\/\",\"url\":\"https:\\\/\\\/www.meydan.tv\\\/az\\\/article\\\/ilham-eliyevin-veto-huququ\\\/\",\"name\":\"\u0130lham \u018fliyevin veto h\u00fcququ - MEYDAN.TV\",\"isPartOf\":{\"@id\":\"https:\\\/\\\/www.meydan.tv\\\/az\\\/#website\"},\"primaryImageOfPage\":{\"@id\":\"https:\\\/\\\/www.meydan.tv\\\/az\\\/article\\\/ilham-eliyevin-veto-huququ\\\/#primaryimage\"},\"image\":{\"@id\":\"https:\\\/\\\/www.meydan.tv\\\/az\\\/article\\\/ilham-eliyevin-veto-huququ\\\/#primaryimage\"},\"thumbnailUrl\":\"https:\\\/\\\/www.meydan.tv\\\/wp-content\\\/uploads\\\/image_from_ios_unrqckb.original-scaled-e1685106480202.jpg\",\"datePublished\":\"2021-10-29T17:50:32+00:00\",\"dateModified\":\"2021-10-30T07:15:41+00:00\",\"breadcrumb\":{\"@id\":\"https:\\\/\\\/www.meydan.tv\\\/az\\\/article\\\/ilham-eliyevin-veto-huququ\\\/#breadcrumb\"},\"inLanguage\":\"az\",\"potentialAction\":[{\"@type\":\"ReadAction\",\"target\":[\"https:\\\/\\\/www.meydan.tv\\\/az\\\/article\\\/ilham-eliyevin-veto-huququ\\\/\"]}]},{\"@type\":\"ImageObject\",\"inLanguage\":\"az\",\"@id\":\"https:\\\/\\\/www.meydan.tv\\\/az\\\/article\\\/ilham-eliyevin-veto-huququ\\\/#primaryimage\",\"url\":\"https:\\\/\\\/www.meydan.tv\\\/wp-content\\\/uploads\\\/image_from_ios_unrqckb.original-scaled-e1685106480202.jpg\",\"contentUrl\":\"https:\\\/\\\/www.meydan.tv\\\/wp-content\\\/uploads\\\/image_from_ios_unrqckb.original-scaled-e1685106480202.jpg\",\"width\":2560,\"height\":1228,\"caption\":\"M\u0259nb\u0259: Meydan TV\"},{\"@type\":\"BreadcrumbList\",\"@id\":\"https:\\\/\\\/www.meydan.tv\\\/az\\\/article\\\/ilham-eliyevin-veto-huququ\\\/#breadcrumb\",\"itemListElement\":[{\"@type\":\"ListItem\",\"position\":1,\"name\":\"Ana s\u0259hif\u0259\",\"item\":\"https:\\\/\\\/www.meydan.tv\\\/az\\\/\"},{\"@type\":\"ListItem\",\"position\":2,\"name\":\"M\u0259nim Fikrimc\u0259\",\"item\":\"https:\\\/\\\/www.meydan.tv\\\/az\\\/section\\\/menim-fikrimce\\\/\"},{\"@type\":\"ListItem\",\"position\":3,\"name\":\"\u0130lham \u018fliyevin veto h\u00fcququ\"}]},{\"@type\":\"WebSite\",\"@id\":\"https:\\\/\\\/www.meydan.tv\\\/az\\\/#website\",\"url\":\"https:\\\/\\\/www.meydan.tv\\\/az\\\/\",\"name\":\"MEYDAN.TV\",\"description\":\"Meydan TV Az\u0259rbaycan\u0131n media m\u0259kan\u0131ndak\u0131 alternativ s\u0259sidir\",\"publisher\":{\"@id\":\"https:\\\/\\\/www.meydan.tv\\\/az\\\/#organization\"},\"potentialAction\":[{\"@type\":\"SearchAction\",\"target\":{\"@type\":\"EntryPoint\",\"urlTemplate\":\"https:\\\/\\\/www.meydan.tv\\\/az\\\/?s={search_term_string}\"},\"query-input\":{\"@type\":\"PropertyValueSpecification\",\"valueRequired\":true,\"valueName\":\"search_term_string\"}}],\"inLanguage\":\"az\"},{\"@type\":\"Organization\",\"@id\":\"https:\\\/\\\/www.meydan.tv\\\/az\\\/#organization\",\"name\":\"Meydan TV\",\"url\":\"https:\\\/\\\/www.meydan.tv\\\/az\\\/\",\"logo\":{\"@type\":\"ImageObject\",\"inLanguage\":\"az\",\"@id\":\"https:\\\/\\\/www.meydan.tv\\\/az\\\/#\\\/schema\\\/logo\\\/image\\\/\",\"url\":\"https:\\\/\\\/www.meydan.tv\\\/wp-content\\\/uploads\\\/2021\\\/07\\\/meydan-logo.svg\",\"contentUrl\":\"https:\\\/\\\/www.meydan.tv\\\/wp-content\\\/uploads\\\/2021\\\/07\\\/meydan-logo.svg\",\"width\":195,\"height\":46,\"caption\":\"Meydan TV\"},\"image\":{\"@id\":\"https:\\\/\\\/www.meydan.tv\\\/az\\\/#\\\/schema\\\/logo\\\/image\\\/\"}},{\"@type\":\"Person\",\"@id\":\"https:\\\/\\\/www.meydan.tv\\\/az\\\/#\\\/schema\\\/person\\\/9cdbecf90d17180ce1dfbd95b08dcf47\",\"name\":\"elli\",\"sameAs\":[\"https:\\\/\\\/x.com\\\/elli\"]}]}<\/script>\n<!-- \/ Yoast SEO plugin. -->","yoast_head_json":{"title":"\u0130lham \u018fliyevin veto h\u00fcququ - MEYDAN.TV","robots":{"index":"index","follow":"follow","max-snippet":"max-snippet:-1","max-image-preview":"max-image-preview:large","max-video-preview":"max-video-preview:-1"},"canonical":"https:\/\/www.meydan.tv\/az\/article\/ilham-eliyevin-veto-huququ\/","og_locale":"az_AZ","og_type":"article","og_title":"\u0130lham \u018fliyevin veto h\u00fcququ - MEYDAN.TV","og_description":"H\u0259r g\u00fcn yenil\u0259n\u0259n qiym\u0259t art\u0131mlar\u0131nasa veto qoyan yoxdur\u2026 D\u00fcnyada bel\u0259 ... Davam\u0131","og_url":"https:\/\/www.meydan.tv\/az\/article\/ilham-eliyevin-veto-huququ\/","og_site_name":"MEYDAN.TV","article_published_time":"2021-10-29T17:50:32+00:00","article_modified_time":"2021-10-30T07:15:41+00:00","og_image":[{"width":2560,"height":1440,"url":"https:\/\/www.meydan.tv\/wp-content\/uploads\/image_from_ios_unrqckb.original-scaled.jpg","type":"image\/jpeg"}],"author":"elli","twitter_card":"summary_large_image","twitter_creator":"@elli","schema":{"@context":"https:\/\/schema.org","@graph":[{"@type":"Article","@id":"https:\/\/www.meydan.tv\/az\/article\/ilham-eliyevin-veto-huququ\/#article","isPartOf":{"@id":"https:\/\/www.meydan.tv\/az\/article\/ilham-eliyevin-veto-huququ\/"},"author":{"name":"elli","@id":"https:\/\/www.meydan.tv\/az\/#\/schema\/person\/9cdbecf90d17180ce1dfbd95b08dcf47"},"headline":"\u0130lham \u018fliyevin veto h\u00fcququ","datePublished":"2021-10-29T17:50:32+00:00","dateModified":"2021-10-30T07:15:41+00:00","mainEntityOfPage":{"@id":"https:\/\/www.meydan.tv\/az\/article\/ilham-eliyevin-veto-huququ\/"},"wordCount":807,"publisher":{"@id":"https:\/\/www.meydan.tv\/az\/#organization"},"image":{"@id":"https:\/\/www.meydan.tv\/az\/article\/ilham-eliyevin-veto-huququ\/#primaryimage"},"thumbnailUrl":"https:\/\/www.meydan.tv\/wp-content\/uploads\/image_from_ios_unrqckb.original-scaled-e1685106480202.jpg","articleSection":["M\u0259nim Fikrimc\u0259"],"inLanguage":"az"},{"@type":"WebPage","@id":"https:\/\/www.meydan.tv\/az\/article\/ilham-eliyevin-veto-huququ\/","url":"https:\/\/www.meydan.tv\/az\/article\/ilham-eliyevin-veto-huququ\/","name":"\u0130lham \u018fliyevin veto h\u00fcququ - MEYDAN.TV","isPartOf":{"@id":"https:\/\/www.meydan.tv\/az\/#website"},"primaryImageOfPage":{"@id":"https:\/\/www.meydan.tv\/az\/article\/ilham-eliyevin-veto-huququ\/#primaryimage"},"image":{"@id":"https:\/\/www.meydan.tv\/az\/article\/ilham-eliyevin-veto-huququ\/#primaryimage"},"thumbnailUrl":"https:\/\/www.meydan.tv\/wp-content\/uploads\/image_from_ios_unrqckb.original-scaled-e1685106480202.jpg","datePublished":"2021-10-29T17:50:32+00:00","dateModified":"2021-10-30T07:15:41+00:00","breadcrumb":{"@id":"https:\/\/www.meydan.tv\/az\/article\/ilham-eliyevin-veto-huququ\/#breadcrumb"},"inLanguage":"az","potentialAction":[{"@type":"ReadAction","target":["https:\/\/www.meydan.tv\/az\/article\/ilham-eliyevin-veto-huququ\/"]}]},{"@type":"ImageObject","inLanguage":"az","@id":"https:\/\/www.meydan.tv\/az\/article\/ilham-eliyevin-veto-huququ\/#primaryimage","url":"https:\/\/www.meydan.tv\/wp-content\/uploads\/image_from_ios_unrqckb.original-scaled-e1685106480202.jpg","contentUrl":"https:\/\/www.meydan.tv\/wp-content\/uploads\/image_from_ios_unrqckb.original-scaled-e1685106480202.jpg","width":2560,"height":1228,"caption":"M\u0259nb\u0259: Meydan TV"},{"@type":"BreadcrumbList","@id":"https:\/\/www.meydan.tv\/az\/article\/ilham-eliyevin-veto-huququ\/#breadcrumb","itemListElement":[{"@type":"ListItem","position":1,"name":"Ana s\u0259hif\u0259","item":"https:\/\/www.meydan.tv\/az\/"},{"@type":"ListItem","position":2,"name":"M\u0259nim Fikrimc\u0259","item":"https:\/\/www.meydan.tv\/az\/section\/menim-fikrimce\/"},{"@type":"ListItem","position":3,"name":"\u0130lham \u018fliyevin veto h\u00fcququ"}]},{"@type":"WebSite","@id":"https:\/\/www.meydan.tv\/az\/#website","url":"https:\/\/www.meydan.tv\/az\/","name":"MEYDAN.TV","description":"Meydan TV Az\u0259rbaycan\u0131n media m\u0259kan\u0131ndak\u0131 alternativ s\u0259sidir","publisher":{"@id":"https:\/\/www.meydan.tv\/az\/#organization"},"potentialAction":[{"@type":"SearchAction","target":{"@type":"EntryPoint","urlTemplate":"https:\/\/www.meydan.tv\/az\/?s={search_term_string}"},"query-input":{"@type":"PropertyValueSpecification","valueRequired":true,"valueName":"search_term_string"}}],"inLanguage":"az"},{"@type":"Organization","@id":"https:\/\/www.meydan.tv\/az\/#organization","name":"Meydan TV","url":"https:\/\/www.meydan.tv\/az\/","logo":{"@type":"ImageObject","inLanguage":"az","@id":"https:\/\/www.meydan.tv\/az\/#\/schema\/logo\/image\/","url":"https:\/\/www.meydan.tv\/wp-content\/uploads\/2021\/07\/meydan-logo.svg","contentUrl":"https:\/\/www.meydan.tv\/wp-content\/uploads\/2021\/07\/meydan-logo.svg","width":195,"height":46,"caption":"Meydan TV"},"image":{"@id":"https:\/\/www.meydan.tv\/az\/#\/schema\/logo\/image\/"}},{"@type":"Person","@id":"https:\/\/www.meydan.tv\/az\/#\/schema\/person\/9cdbecf90d17180ce1dfbd95b08dcf47","name":"elli","sameAs":["https:\/\/x.com\/elli"]}]}},"_links":{"self":[{"href":"https:\/\/www.meydan.tv\/az\/wp-json\/wp\/v2\/posts\/222845","targetHints":{"allow":["GET"]}}],"collection":[{"href":"https:\/\/www.meydan.tv\/az\/wp-json\/wp\/v2\/posts"}],"about":[{"href":"https:\/\/www.meydan.tv\/az\/wp-json\/wp\/v2\/types\/post"}],"author":[{"embeddable":true,"href":"https:\/\/www.meydan.tv\/az\/wp-json\/wp\/v2\/users\/8"}],"replies":[{"embeddable":true,"href":"https:\/\/www.meydan.tv\/az\/wp-json\/wp\/v2\/comments?post=222845"}],"version-history":[{"count":5,"href":"https:\/\/www.meydan.tv\/az\/wp-json\/wp\/v2\/posts\/222845\/revisions"}],"predecessor-version":[{"id":224801,"href":"https:\/\/www.meydan.tv\/az\/wp-json\/wp\/v2\/posts\/222845\/revisions\/224801"}],"wp:featuredmedia":[{"embeddable":true,"href":"https:\/\/www.meydan.tv\/az\/wp-json\/wp\/v2\/media\/125837"}],"wp:attachment":[{"href":"https:\/\/www.meydan.tv\/az\/wp-json\/wp\/v2\/media?parent=222845"}],"wp:term":[{"taxonomy":"category","embeddable":true,"href":"https:\/\/www.meydan.tv\/az\/wp-json\/wp\/v2\/categories?post=222845"},{"taxonomy":"post_tag","embeddable":true,"href":"https:\/\/www.meydan.tv\/az\/wp-json\/wp\/v2\/tags?post=222845"}],"curies":[{"name":"wp","href":"https:\/\/api.w.org\/{rel}","templated":true}]}}