{"id":214223,"date":"2021-10-28T18:36:44","date_gmt":"2021-10-28T14:36:44","guid":{"rendered":"https:\/\/www.meydan.tv\/?p=214223"},"modified":"2021-10-28T18:37:22","modified_gmt":"2021-10-28T14:37:22","slug":"erdoganin-ireli-addimi","status":"publish","type":"post","link":"https:\/\/www.meydan.tv\/az\/article\/erdoganin-ireli-addimi\/","title":{"rendered":"\u018frdo\u011fan\u0131n ir\u0259li add\u0131m\u0131"},"content":{"rendered":"\n<p><em>\u201cS\u0259firl\u0259r skandal\u0131\u201cndan bu c\u00fcr s\u0131yr\u0131lmaq u\u011fur say\u0131lmal\u0131d\u0131r<\/em><\/p>\n\n\n\n<p>AB\u015e D\u00f6vl\u0259t Departamentinin n\u00fcmay\u0259nd\u0259si Cen Psaki T\u00fcrkiy\u0259 prezidenti R\u0259c\u0259b Tayyib \u018frdo\u011fan\u0131n 10 Q\u0259rb \u00f6lk\u0259sinin s\u0259firini \u00f6lk\u0259d\u0259n qovmaqla ba\u011fl\u0131 \u00e7\u0131x\u0131\u015f\u0131na <a href=\"https:\/\/www.sozcu.com.tr\/2021\/dunya\/buyukelci-krizi-sonrasi-beyaz-saraydan-turkiye-aciklamasi-6731155\/\">m\u00fcnasib\u0259t<\/a>&nbsp;&nbsp;bildirib. Baxmayaraq ki, s\u00f6z\u00fcged\u0259n \u00f6lk\u0259l\u0259rd\u0259n 7-sinin s\u0259firl\u0259ri (AB\u015e, Hollandiya, Kanada, \u0130sve\u00e7, Finlandiya, Norve\u00e7, Danimarka) ortaq b\u0259yanat yayaraq Vyana konvensiyas\u0131n\u0131n 41-ci madd\u0259sin\u0259 sadiq olduqlar\u0131n\u0131 (diplomatik xidm\u0259td\u0259 oldu\u011fu \u00f6lk\u0259l\u0259rin daxili i\u015fl\u0259rin\u0259 qar\u0131\u015fmamaq) b\u0259yan edibl\u0259r.<\/p>\n\n\n\n<p>A\u011f Ev n\u00fcmay\u0259nd\u0259si bildirib ki, onlar insan haqlar\u0131 v\u0259 demokratiyan\u0131n prinsipl\u0259rinin pozulmas\u0131 bar\u0259d\u0259 dan\u0131\u015f\u0131\u011fa davam ed\u0259c\u0259kl\u0259r. Bunun ard\u0131nca n\u00fcfuzlu Q\u0259rb medias\u0131 subyektl\u0259ri&nbsp; ba\u015f ver\u0259n prosesi \u201cqabarma-\u00e7\u0259kilm\u0259\u201d kimi q\u0259l\u0259m\u0259 veribl\u0259r. T\u00fcrkiy\u0259nin \u00f6z\u00fcn\u00fcn k\u00f6n\u00fcll\u00fc olaraq qo\u015fuldu\u011fu Avropa \u015euras\u0131 h\u00fcquq sisteminin&nbsp; &#8211; Avropa \u0130nsan H\u00fcquqlar\u0131 M\u0259hk\u0259m\u0259sinin (A\u0130HM) q\u0259rarlar\u0131n\u0131 icra etm\u0259k \u00f6hd\u0259liyinind\u0259n imtina etm\u0259si, s\u00f6zs\u00fcz ki, onun daxili i\u015fi deyil. \u018fg\u0259r bu bir daxili i\u015fdirs\u0259, o zaman A\u015e-\u0131n daxili i\u015fidir. \u00c7\u00fcnki oraya qo\u015fulan \u00f6lk\u0259l\u0259r \u00f6hd\u0259likl\u0259r\u0259 sadiq qalma\u011fa borcludurlar. El\u0259 is\u0259 n\u0259 ba\u015f verir?<\/p>\n\n\n\n<p>Plan, yoxsa, q\u0259fil \u0259s\u0259b?<\/p>\n\n\n\n<p>T\u00fcrkiy\u0259 prezidentinin Osman Kavalaya m\u00fcnasib\u0259tinin s\u0259rt olmas\u0131n\u0131n ba\u015fl\u0131ca s\u0259b\u0259bl\u0259rind\u0259n biri s\u00f6z\u00fcged\u0259n \u015f\u0259xsin demokratiya m\u0259s\u0259l\u0259sin\u0259 siyasi m\u00fcbariz\u0259nin bir detal\u0131 kimi yana\u015fmaqdan ba\u015fqa, buna bir h\u0259yat amal\u0131 kimi yana\u015fmas\u0131d\u0131r. O, siyas\u0259td\u0259n pul qazanm\u0131r. Siyas\u0259tl\u0259 birba\u015fa m\u0259\u015f\u011ful olmur, amma s\u0259rv\u0259tini siyasi iddias\u0131zl\u0131qla demokratiyan\u0131n inki\u015faf\u0131na x\u0259rcl\u0259yir. Bel\u0259 bir adam avtoritar xarakterli, siyas\u0259td\u0259n varlanan \u015f\u0259xsl\u0259r \u00fc\u00e7\u00fcn \u00e7ox t\u0259hl\u00fck\u0259lidir.<\/p>\n\n\n\n<p>Birincisi ona g\u00f6r\u0259 ki onlar \u201cpis\u201d n\u00fcmun\u0259 olurlar. Bel\u0259 adamlar\u0131n varl\u0131\u011f\u0131 h\u0259m d\u0259 siyasi m\u00fcxalif\u0259ti f\u0259aliyy\u0259t \u00fc\u00e7\u00fcn yax\u015f\u0131 m\u0259nada \u015fantaj edir. Ba\u015fqa t\u0259r\u0259fd\u0259n is\u0259 siyas\u0259td\u0259 idealizmin \u00f6r\u0259n\u0259yini yaratmaq \u201cbulan\u0131q suda bal\u0131q tutanlar\u201d\u0131 ac qoya bil\u0259r.<\/p>\n\n\n\n<p>\u018frdo\u011fan permanent q\u0259z\u0259b duydu\u011fu bir adam\u0131n n\u00fcfuzlu Q\u0259rb \u00f6lk\u0259l\u0259rinin s\u0259firl\u0259ri t\u0259r\u0259find\u0259n bu c\u00fcr d\u0259st\u0259k g\u00f6rm\u0259sini \u00f6z\u00fcn\u0259 qar\u015f\u0131 qiyam kimi qiym\u0259tl\u0259ndirib. S\u00f6zs\u00fcz ki, bu d\u0259y\u0259rl\u0259ndirm\u0259 do\u011fru deyil. \u00c7\u00fcnki A\u0130HM q\u0259rarlar\u0131n\u0131n icras\u0131&nbsp; \u00f6lk\u0259l\u0259r \u00fc\u00e7\u00fcn siyasi&nbsp; \u00f6hd\u0259likdir.<\/p>\n\n\n\n<p>\u018frdo\u011fan\u0131n bel\u0259 s\u0259rt reaksiya verm\u0259si is\u0259 d\u00fc\u015f\u00fcn\u00fclm\u00fc\u015f bir plan deyildi. Onun a\u00e7\u0131qlamas\u0131ndan d\u0259rhal sonra b\u0259zi analitikl\u0259r bunu n\u00f6vb\u0259d\u0259nk\u0259nar se\u00e7ki \u00fc\u00e7\u00fcn bir taktika olaraq qiym\u0259tl\u0259ndirdil\u0259r. Y\u0259ni \u018frdo\u011fan yen\u0259 Q\u0259rbi (bu d\u0259f\u0259 v\u0259ziyy\u0259tin a\u011f\u0131rl\u0131\u011f\u0131na uy\u011fun olaraq daha k\u0259skin) h\u0259d\u0259f\u0259 al\u0131r v\u0259 se\u00e7kiy\u0259 gedir. Antiq\u0259rb \u0259hval-ruhiyy\u0259li c\u0259miyy\u0259td\u0131n s\u0259s al\u0131r, sonra geri \u00e7\u0259kilib, m\u00fcnasib\u0259tl\u0259ri qaydas\u0131na qoyur. Ancaq bu versiya \u00f6z\u00fcn\u00fc do\u011frultmad\u0131\u011f\u0131 kimi, h\u0259m d\u0259 xeyli riskli s\u0259sl\u0259nir. \u00c7\u00fcnki bel\u0259 bir g\u0259rginlik AKP-ni se\u00e7kid\u0259n \u00e7\u0131xarmaya bil\u0259rdi.<\/p>\n\n\n\n<p>T\u00fcrkiy\u0259 Xarici \u0130\u015fl\u0259r Nazirliyinin add\u0131mlar\u0131ndan da g\u00f6r\u00fcnd\u00fc ki, ba\u015f ver\u0259n hadis\u0259 r\u0259smi Ankaran\u0131n g\u00fcnd\u0259min\u0259 d\u0259 adekvat olmay\u0131b. \u00c7\u00fcnki T\u00fcrkiy\u0259 el\u0259 h\u0259min g\u00fcnl\u0259rd\u0259 AB\u015e-dan yeni F16 d\u00f6y\u00fc\u015f t\u0259yyar\u0259l\u0259ri v\u0259 \u0259lind\u0259ki d\u00f6y\u00fc\u015f t\u0259yyar\u0259l\u0259rini yenil\u0259m\u0259k \u00fc\u00e7\u00fcn ehtiyat hiss\u0259l\u0259ri almaq \u00fc\u00e7\u00fcn prosedur ba\u015flam\u0131\u015fd\u0131. Bu bax\u0131mdan T\u00fcrkiy\u0259 s\u0259firl\u0259rin Vyana Konvensiyas\u0131n\u0131n 41-ci madd\u0259sin\u0259 sadiqlikl\u0259rini&nbsp; b\u0259yan etm\u0259si il\u0259 raz\u0131la\u015fmaya bilm\u0259zdi.&nbsp; \u018fslind\u0259 praqmatik v\u0259 daha uy\u011fun olan da bu idi.<\/p>\n\n\n\n<p>AB\u015e \u201cdavam\u201d dedi<\/p>\n\n\n\n<p>Yuxar\u0131da xat\u0131rlat\u0131\u011f\u0131m\u0131z kimi, Psaki \u0259b\u0259s yer\u0259 bel\u0259 bir fikir s\u0259sl\u0259ndirm\u0259yib: \u201cT\u00fcrkiy\u0259 daxil b\u00fct\u00fcn d\u00fcnyada jurnalistl\u0259r v\u0259 f\u0259allar\u0131n h\u0259bs edilm\u0259si m\u00f6vzusunda dan\u0131\u015fma\u011fa davam ed\u0259c\u0259yik. Bu m\u00f6vzuda oldu\u011fu kimi, bizi narahat ed\u0259n m\u0259s\u0259l\u0259l\u0259ri h\u0259m birba\u015fa v\u0259 \u015f\u0259xsi t\u0259maslarda h\u0259m d\u0259 ictimaiyy\u0259tin qar\u015f\u0131s\u0131nda qald\u0131raca\u011f\u0131q. T\u00fcrkiy\u0259 NATO-da ortaq maraqlar\u0131m\u0131z olan v\u0259 bu maraqlar \u00fcz\u0259rind\u0259 i\u015fl\u0259y\u0259c\u0259yimiz bir m\u00fctt\u0259fiqimizdir\u201d.<\/p>\n\n\n\n<p>Burada h\u0259m d\u0259 Ankaraya ortaq maraqlar xat\u0131rlad\u0131l\u0131r. Ankaran\u0131n m\u0259s\u0259l\u0259y\u0259 son d\u0259r\u0259c\u0259 soyuq yana\u015fmas\u0131 v\u0259 ba\u015f ver\u0259nl\u0259ri&nbsp; bir skandala \u00e7evirm\u0259kd\u0259n u\u011furla yay\u0131nmas\u0131 onu dem\u0259y\u0259 \u0259sas verir ki, burada da T\u00fcrkiy\u0259nin strateji m\u00fctt\u0259fiql\u0259ri v\u0259 se\u00e7imi bar\u0259d\u0259 \u0259lav\u0259 suallar yoxdur. Bu bax\u0131mdan \u018frdo\u011fan\u0131n v\u0259ziyy\u0259td\u0259n bel\u0259 \u00e7\u0131xmas\u0131n\u0131 biz geri deyil, ir\u0259lin add\u0131m saya bil\u0259rik\u2026<\/p>\n","protected":false},"excerpt":{"rendered":"<p>\u201cS\u0259firl\u0259r skandal\u0131\u201cndan bu c\u00fcr s\u0131yr\u0131lmaq u\u011fur say\u0131lmal\u0131d\u0131r AB\u015e D\u00f6vl\u0259t Departamentinin &#8230; <\/p>\n<p class=\"read-more-container\"><a title=\"\u018frdo\u011fan\u0131n ir\u0259li add\u0131m\u0131\" class=\"read-more button\" href=\"https:\/\/www.meydan.tv\/az\/article\/erdoganin-ireli-addimi\/#more-214223\" aria-label=\"Read more about \u018frdo\u011fan\u0131n ir\u0259li add\u0131m\u0131\">Davam\u0131<\/a><\/p>\n","protected":false},"author":12,"featured_media":129937,"comment_status":"closed","ping_status":"closed","sticky":false,"template":"","format":"standard","meta":{"_acf_changed":false,"_sitemap_exclude":false,"_sitemap_priority":"","_sitemap_frequency":"","footnotes":""},"categories":[57,59],"tags":[],"class_list":["post-214223","post","type-post","status-publish","format-standard","has-post-thumbnail","hentry","category-menim-fikrimce","category-siyaset","infinite-scroll-item","generate-columns","tablet-grid-50","mobile-grid-100","grid-parent","grid-33","no-featured-image-padding"],"acf":[],"yoast_head":"<!-- This site is optimized with the Yoast SEO plugin v27.4 - https:\/\/yoast.com\/product\/yoast-seo-wordpress\/ -->\n<title>\u018frdo\u011fan\u0131n ir\u0259li add\u0131m\u0131 - MEYDAN.TV<\/title>\n<meta name=\"robots\" content=\"index, follow, max-snippet:-1, max-image-preview:large, max-video-preview:-1\" \/>\n<link rel=\"canonical\" href=\"https:\/\/www.meydan.tv\/az\/article\/erdoganin-ireli-addimi\/\" \/>\n<meta property=\"og:locale\" content=\"az_AZ\" \/>\n<meta property=\"og:type\" content=\"article\" \/>\n<meta property=\"og:title\" content=\"\u018frdo\u011fan\u0131n ir\u0259li add\u0131m\u0131 - MEYDAN.TV\" \/>\n<meta property=\"og:description\" content=\"\u201cS\u0259firl\u0259r skandal\u0131\u201cndan bu c\u00fcr s\u0131yr\u0131lmaq u\u011fur say\u0131lmal\u0131d\u0131r AB\u015e D\u00f6vl\u0259t Departamentinin ... Davam\u0131\" \/>\n<meta property=\"og:url\" content=\"https:\/\/www.meydan.tv\/az\/article\/erdoganin-ireli-addimi\/\" \/>\n<meta property=\"og:site_name\" content=\"MEYDAN.TV\" \/>\n<meta property=\"article:published_time\" content=\"2021-10-28T14:36:44+00:00\" \/>\n<meta property=\"article:modified_time\" content=\"2021-10-28T14:37:22+00:00\" \/>\n<meta property=\"og:image\" content=\"https:\/\/www.meydan.tv\/wp-content\/uploads\/untitled_artwork_5iccn6j-scaled.jpg\" \/>\n\t<meta property=\"og:image:width\" content=\"2560\" \/>\n\t<meta property=\"og:image:height\" content=\"1440\" \/>\n\t<meta property=\"og:image:type\" content=\"image\/jpeg\" \/>\n<meta name=\"author\" content=\"aleks\" \/>\n<meta name=\"twitter:card\" content=\"summary_large_image\" \/>\n<script type=\"application\/ld+json\" class=\"yoast-schema-graph\">{\"@context\":\"https:\\\/\\\/schema.org\",\"@graph\":[{\"@type\":\"Article\",\"@id\":\"https:\\\/\\\/www.meydan.tv\\\/az\\\/article\\\/erdoganin-ireli-addimi\\\/#article\",\"isPartOf\":{\"@id\":\"https:\\\/\\\/www.meydan.tv\\\/az\\\/article\\\/erdoganin-ireli-addimi\\\/\"},\"author\":{\"name\":\"aleks\",\"@id\":\"https:\\\/\\\/www.meydan.tv\\\/az\\\/#\\\/schema\\\/person\\\/476e9360e593fa131d5d71d51866f8da\"},\"headline\":\"\u018frdo\u011fan\u0131n ir\u0259li add\u0131m\u0131\",\"datePublished\":\"2021-10-28T14:36:44+00:00\",\"dateModified\":\"2021-10-28T14:37:22+00:00\",\"mainEntityOfPage\":{\"@id\":\"https:\\\/\\\/www.meydan.tv\\\/az\\\/article\\\/erdoganin-ireli-addimi\\\/\"},\"wordCount\":907,\"publisher\":{\"@id\":\"https:\\\/\\\/www.meydan.tv\\\/az\\\/#organization\"},\"image\":{\"@id\":\"https:\\\/\\\/www.meydan.tv\\\/az\\\/article\\\/erdoganin-ireli-addimi\\\/#primaryimage\"},\"thumbnailUrl\":\"https:\\\/\\\/www.meydan.tv\\\/wp-content\\\/uploads\\\/untitled_artwork_5iccn6j-scaled.jpg\",\"articleSection\":[\"M\u0259nim Fikrimc\u0259\",\"Siyas\u0259t\"],\"inLanguage\":\"az\"},{\"@type\":\"WebPage\",\"@id\":\"https:\\\/\\\/www.meydan.tv\\\/az\\\/article\\\/erdoganin-ireli-addimi\\\/\",\"url\":\"https:\\\/\\\/www.meydan.tv\\\/az\\\/article\\\/erdoganin-ireli-addimi\\\/\",\"name\":\"\u018frdo\u011fan\u0131n ir\u0259li add\u0131m\u0131 - MEYDAN.TV\",\"isPartOf\":{\"@id\":\"https:\\\/\\\/www.meydan.tv\\\/az\\\/#website\"},\"primaryImageOfPage\":{\"@id\":\"https:\\\/\\\/www.meydan.tv\\\/az\\\/article\\\/erdoganin-ireli-addimi\\\/#primaryimage\"},\"image\":{\"@id\":\"https:\\\/\\\/www.meydan.tv\\\/az\\\/article\\\/erdoganin-ireli-addimi\\\/#primaryimage\"},\"thumbnailUrl\":\"https:\\\/\\\/www.meydan.tv\\\/wp-content\\\/uploads\\\/untitled_artwork_5iccn6j-scaled.jpg\",\"datePublished\":\"2021-10-28T14:36:44+00:00\",\"dateModified\":\"2021-10-28T14:37:22+00:00\",\"breadcrumb\":{\"@id\":\"https:\\\/\\\/www.meydan.tv\\\/az\\\/article\\\/erdoganin-ireli-addimi\\\/#breadcrumb\"},\"inLanguage\":\"az\",\"potentialAction\":[{\"@type\":\"ReadAction\",\"target\":[\"https:\\\/\\\/www.meydan.tv\\\/az\\\/article\\\/erdoganin-ireli-addimi\\\/\"]}]},{\"@type\":\"ImageObject\",\"inLanguage\":\"az\",\"@id\":\"https:\\\/\\\/www.meydan.tv\\\/az\\\/article\\\/erdoganin-ireli-addimi\\\/#primaryimage\",\"url\":\"https:\\\/\\\/www.meydan.tv\\\/wp-content\\\/uploads\\\/untitled_artwork_5iccn6j-scaled.jpg\",\"contentUrl\":\"https:\\\/\\\/www.meydan.tv\\\/wp-content\\\/uploads\\\/untitled_artwork_5iccn6j-scaled.jpg\",\"width\":2560,\"height\":1440,\"caption\":\"Seymur H\u0259zi, Foto:: Meydan TV\"},{\"@type\":\"BreadcrumbList\",\"@id\":\"https:\\\/\\\/www.meydan.tv\\\/az\\\/article\\\/erdoganin-ireli-addimi\\\/#breadcrumb\",\"itemListElement\":[{\"@type\":\"ListItem\",\"position\":1,\"name\":\"Ana s\u0259hif\u0259\",\"item\":\"https:\\\/\\\/www.meydan.tv\\\/az\\\/\"},{\"@type\":\"ListItem\",\"position\":2,\"name\":\"M\u0259nim Fikrimc\u0259\",\"item\":\"https:\\\/\\\/www.meydan.tv\\\/az\\\/section\\\/menim-fikrimce\\\/\"},{\"@type\":\"ListItem\",\"position\":3,\"name\":\"\u018frdo\u011fan\u0131n ir\u0259li add\u0131m\u0131\"}]},{\"@type\":\"WebSite\",\"@id\":\"https:\\\/\\\/www.meydan.tv\\\/az\\\/#website\",\"url\":\"https:\\\/\\\/www.meydan.tv\\\/az\\\/\",\"name\":\"MEYDAN.TV\",\"description\":\"Meydan TV Az\u0259rbaycan\u0131n media m\u0259kan\u0131ndak\u0131 alternativ s\u0259sidir\",\"publisher\":{\"@id\":\"https:\\\/\\\/www.meydan.tv\\\/az\\\/#organization\"},\"potentialAction\":[{\"@type\":\"SearchAction\",\"target\":{\"@type\":\"EntryPoint\",\"urlTemplate\":\"https:\\\/\\\/www.meydan.tv\\\/az\\\/?s={search_term_string}\"},\"query-input\":{\"@type\":\"PropertyValueSpecification\",\"valueRequired\":true,\"valueName\":\"search_term_string\"}}],\"inLanguage\":\"az\"},{\"@type\":\"Organization\",\"@id\":\"https:\\\/\\\/www.meydan.tv\\\/az\\\/#organization\",\"name\":\"Meydan TV\",\"url\":\"https:\\\/\\\/www.meydan.tv\\\/az\\\/\",\"logo\":{\"@type\":\"ImageObject\",\"inLanguage\":\"az\",\"@id\":\"https:\\\/\\\/www.meydan.tv\\\/az\\\/#\\\/schema\\\/logo\\\/image\\\/\",\"url\":\"https:\\\/\\\/www.meydan.tv\\\/wp-content\\\/uploads\\\/2021\\\/07\\\/meydan-logo.svg\",\"contentUrl\":\"https:\\\/\\\/www.meydan.tv\\\/wp-content\\\/uploads\\\/2021\\\/07\\\/meydan-logo.svg\",\"width\":195,\"height\":46,\"caption\":\"Meydan TV\"},\"image\":{\"@id\":\"https:\\\/\\\/www.meydan.tv\\\/az\\\/#\\\/schema\\\/logo\\\/image\\\/\"}},{\"@type\":\"Person\",\"@id\":\"https:\\\/\\\/www.meydan.tv\\\/az\\\/#\\\/schema\\\/person\\\/476e9360e593fa131d5d71d51866f8da\",\"name\":\"aleks\"}]}<\/script>\n<!-- \/ Yoast SEO plugin. -->","yoast_head_json":{"title":"\u018frdo\u011fan\u0131n ir\u0259li add\u0131m\u0131 - MEYDAN.TV","robots":{"index":"index","follow":"follow","max-snippet":"max-snippet:-1","max-image-preview":"max-image-preview:large","max-video-preview":"max-video-preview:-1"},"canonical":"https:\/\/www.meydan.tv\/az\/article\/erdoganin-ireli-addimi\/","og_locale":"az_AZ","og_type":"article","og_title":"\u018frdo\u011fan\u0131n ir\u0259li add\u0131m\u0131 - MEYDAN.TV","og_description":"\u201cS\u0259firl\u0259r skandal\u0131\u201cndan bu c\u00fcr s\u0131yr\u0131lmaq u\u011fur say\u0131lmal\u0131d\u0131r AB\u015e D\u00f6vl\u0259t Departamentinin ... Davam\u0131","og_url":"https:\/\/www.meydan.tv\/az\/article\/erdoganin-ireli-addimi\/","og_site_name":"MEYDAN.TV","article_published_time":"2021-10-28T14:36:44+00:00","article_modified_time":"2021-10-28T14:37:22+00:00","og_image":[{"width":2560,"height":1440,"url":"https:\/\/www.meydan.tv\/wp-content\/uploads\/untitled_artwork_5iccn6j-scaled.jpg","type":"image\/jpeg"}],"author":"aleks","twitter_card":"summary_large_image","schema":{"@context":"https:\/\/schema.org","@graph":[{"@type":"Article","@id":"https:\/\/www.meydan.tv\/az\/article\/erdoganin-ireli-addimi\/#article","isPartOf":{"@id":"https:\/\/www.meydan.tv\/az\/article\/erdoganin-ireli-addimi\/"},"author":{"name":"aleks","@id":"https:\/\/www.meydan.tv\/az\/#\/schema\/person\/476e9360e593fa131d5d71d51866f8da"},"headline":"\u018frdo\u011fan\u0131n ir\u0259li add\u0131m\u0131","datePublished":"2021-10-28T14:36:44+00:00","dateModified":"2021-10-28T14:37:22+00:00","mainEntityOfPage":{"@id":"https:\/\/www.meydan.tv\/az\/article\/erdoganin-ireli-addimi\/"},"wordCount":907,"publisher":{"@id":"https:\/\/www.meydan.tv\/az\/#organization"},"image":{"@id":"https:\/\/www.meydan.tv\/az\/article\/erdoganin-ireli-addimi\/#primaryimage"},"thumbnailUrl":"https:\/\/www.meydan.tv\/wp-content\/uploads\/untitled_artwork_5iccn6j-scaled.jpg","articleSection":["M\u0259nim Fikrimc\u0259","Siyas\u0259t"],"inLanguage":"az"},{"@type":"WebPage","@id":"https:\/\/www.meydan.tv\/az\/article\/erdoganin-ireli-addimi\/","url":"https:\/\/www.meydan.tv\/az\/article\/erdoganin-ireli-addimi\/","name":"\u018frdo\u011fan\u0131n ir\u0259li add\u0131m\u0131 - MEYDAN.TV","isPartOf":{"@id":"https:\/\/www.meydan.tv\/az\/#website"},"primaryImageOfPage":{"@id":"https:\/\/www.meydan.tv\/az\/article\/erdoganin-ireli-addimi\/#primaryimage"},"image":{"@id":"https:\/\/www.meydan.tv\/az\/article\/erdoganin-ireli-addimi\/#primaryimage"},"thumbnailUrl":"https:\/\/www.meydan.tv\/wp-content\/uploads\/untitled_artwork_5iccn6j-scaled.jpg","datePublished":"2021-10-28T14:36:44+00:00","dateModified":"2021-10-28T14:37:22+00:00","breadcrumb":{"@id":"https:\/\/www.meydan.tv\/az\/article\/erdoganin-ireli-addimi\/#breadcrumb"},"inLanguage":"az","potentialAction":[{"@type":"ReadAction","target":["https:\/\/www.meydan.tv\/az\/article\/erdoganin-ireli-addimi\/"]}]},{"@type":"ImageObject","inLanguage":"az","@id":"https:\/\/www.meydan.tv\/az\/article\/erdoganin-ireli-addimi\/#primaryimage","url":"https:\/\/www.meydan.tv\/wp-content\/uploads\/untitled_artwork_5iccn6j-scaled.jpg","contentUrl":"https:\/\/www.meydan.tv\/wp-content\/uploads\/untitled_artwork_5iccn6j-scaled.jpg","width":2560,"height":1440,"caption":"Seymur H\u0259zi, Foto:: Meydan TV"},{"@type":"BreadcrumbList","@id":"https:\/\/www.meydan.tv\/az\/article\/erdoganin-ireli-addimi\/#breadcrumb","itemListElement":[{"@type":"ListItem","position":1,"name":"Ana s\u0259hif\u0259","item":"https:\/\/www.meydan.tv\/az\/"},{"@type":"ListItem","position":2,"name":"M\u0259nim Fikrimc\u0259","item":"https:\/\/www.meydan.tv\/az\/section\/menim-fikrimce\/"},{"@type":"ListItem","position":3,"name":"\u018frdo\u011fan\u0131n ir\u0259li add\u0131m\u0131"}]},{"@type":"WebSite","@id":"https:\/\/www.meydan.tv\/az\/#website","url":"https:\/\/www.meydan.tv\/az\/","name":"MEYDAN.TV","description":"Meydan TV Az\u0259rbaycan\u0131n media m\u0259kan\u0131ndak\u0131 alternativ s\u0259sidir","publisher":{"@id":"https:\/\/www.meydan.tv\/az\/#organization"},"potentialAction":[{"@type":"SearchAction","target":{"@type":"EntryPoint","urlTemplate":"https:\/\/www.meydan.tv\/az\/?s={search_term_string}"},"query-input":{"@type":"PropertyValueSpecification","valueRequired":true,"valueName":"search_term_string"}}],"inLanguage":"az"},{"@type":"Organization","@id":"https:\/\/www.meydan.tv\/az\/#organization","name":"Meydan TV","url":"https:\/\/www.meydan.tv\/az\/","logo":{"@type":"ImageObject","inLanguage":"az","@id":"https:\/\/www.meydan.tv\/az\/#\/schema\/logo\/image\/","url":"https:\/\/www.meydan.tv\/wp-content\/uploads\/2021\/07\/meydan-logo.svg","contentUrl":"https:\/\/www.meydan.tv\/wp-content\/uploads\/2021\/07\/meydan-logo.svg","width":195,"height":46,"caption":"Meydan TV"},"image":{"@id":"https:\/\/www.meydan.tv\/az\/#\/schema\/logo\/image\/"}},{"@type":"Person","@id":"https:\/\/www.meydan.tv\/az\/#\/schema\/person\/476e9360e593fa131d5d71d51866f8da","name":"aleks"}]}},"_links":{"self":[{"href":"https:\/\/www.meydan.tv\/az\/wp-json\/wp\/v2\/posts\/214223","targetHints":{"allow":["GET"]}}],"collection":[{"href":"https:\/\/www.meydan.tv\/az\/wp-json\/wp\/v2\/posts"}],"about":[{"href":"https:\/\/www.meydan.tv\/az\/wp-json\/wp\/v2\/types\/post"}],"author":[{"embeddable":true,"href":"https:\/\/www.meydan.tv\/az\/wp-json\/wp\/v2\/users\/12"}],"replies":[{"embeddable":true,"href":"https:\/\/www.meydan.tv\/az\/wp-json\/wp\/v2\/comments?post=214223"}],"version-history":[{"count":3,"href":"https:\/\/www.meydan.tv\/az\/wp-json\/wp\/v2\/posts\/214223\/revisions"}],"predecessor-version":[{"id":214226,"href":"https:\/\/www.meydan.tv\/az\/wp-json\/wp\/v2\/posts\/214223\/revisions\/214226"}],"wp:featuredmedia":[{"embeddable":true,"href":"https:\/\/www.meydan.tv\/az\/wp-json\/wp\/v2\/media\/129937"}],"wp:attachment":[{"href":"https:\/\/www.meydan.tv\/az\/wp-json\/wp\/v2\/media?parent=214223"}],"wp:term":[{"taxonomy":"category","embeddable":true,"href":"https:\/\/www.meydan.tv\/az\/wp-json\/wp\/v2\/categories?post=214223"},{"taxonomy":"post_tag","embeddable":true,"href":"https:\/\/www.meydan.tv\/az\/wp-json\/wp\/v2\/tags?post=214223"}],"curies":[{"name":"wp","href":"https:\/\/api.w.org\/{rel}","templated":true}]}}