{"id":214176,"date":"2021-10-28T15:35:35","date_gmt":"2021-10-28T11:35:35","guid":{"rendered":"https:\/\/www.meydan.tv\/?p=214176"},"modified":"2021-10-28T15:35:36","modified_gmt":"2021-10-28T11:35:36","slug":"pandemiya-dovrunde-isden-cixarildim-maasim-da-tam-verilmedi","status":"publish","type":"post","link":"https:\/\/www.meydan.tv\/az\/article\/pandemiya-dovrunde-isden-cixarildim-maasim-da-tam-verilmedi\/","title":{"rendered":"\u201cPandemiya d\u00f6vr\u00fcnd\u0259 i\u015fd\u0259n \u00e7\u0131xar\u0131ld\u0131m, maa\u015f\u0131m da tam verilm\u0259di\u201d"},"content":{"rendered":"\n<p>G\u00f6<em>y\u00e7ay sakini \u201cGilan Holding\u201dd\u0259n \u015fikay\u0259t\u00e7idir<\/em><\/p>\n\n\n\n<p><br>G\u00f6y\u00e7ay\u0131n Q\u0131z\u0131la\u011fac k\u0259ndinin sakini Az\u0259r \u0130slamovun \u015fikay\u0259ti var. Dem\u0259sin\u0259 g\u00f6r\u0259, pandemiya d\u00f6vr\u00fc, prezidentin tap\u015f\u0131r\u0131\u011f\u0131 n\u0259z\u0259r\u0259 al\u0131nmadan i\u015fd\u0259n \u00e7\u0131xar\u0131l\u0131b, i\u015f staj\u0131 d\u00fczg\u00fcn hesablanmay\u0131b. Buna g\u00f6r\u0259 son \u00f6d\u0259ni\u015f d\u00fczg\u00fcn verilm\u0259yib. \u00dcst\u0259lik, i\u015f zaman\u0131 x\u0259st\u0259lik tap\u0131b, bunun \u00fc\u00e7\u00fcn d\u0259 ona kompensasiya \u00f6d\u0259nm\u0259yib.<\/p>\n\n\n\n<p><br>Az\u0259r \u0130slamov 2008-ci ild\u0259n 2019-cu il\u0259d\u0259k, y\u0259ni 11 il \u201cGilan Holding\u201din G\u00f6y\u00e7aydak\u0131 meyv\u0259 ba\u011flar\u0131nda traktor s\u00fcr\u00fcc\u00fcs\u00fc kimi \u00e7al\u0131\u015fd\u0131\u011f\u0131n\u0131 s\u00f6yl\u0259yir:<\/p>\n\n\n\n<p><br>\u201c2008-ci ild\u0259 i\u015f\u0259 girm\u0259m\u0259 baxmayaraq, m\u0259niml\u0259 m\u00fcqavil\u0259 3 il sonra, 2012-ci ild\u0259 ba\u011flan\u0131b. Bel\u0259likl\u0259, haqs\u0131z yer\u0259 i\u015f staj\u0131m 8 il yaz\u0131l\u0131b. Bunun \u0259vv\u0259ll\u0259r f\u0259rqind\u0259 deyildim. \u0130\u015fd\u0259n \u00e7\u0131xar\u0131landa anlad\u0131m ki, s\u0259n dem\u0259, \u00f6n\u0259mi var imi\u015f. N\u0259 etdims\u0259, i\u015f staj\u0131m\u0131 2008-ci ild\u0259n yazd\u0131ra bilm\u0259dim. Bu da ald\u0131\u011f\u0131m son haqq-hesab puluna t\u0259sir etdi\u201d.<\/p>\n\n\n\n<p><br>\u0130\u015fd\u0259n \u00e7\u0131xar\u0131lmas\u0131na g\u0259linc\u0259, Az\u0259r \u0130slamov deyir ki, ona bununla ba\u011fl\u0131 he\u00e7 bir s\u0259b\u0259b g\u00f6st\u0259rilm\u0259yib:<\/p>\n\n\n\n<p><br>\u201c\u018fvv\u0259ll\u0259r d\u0259 bir ne\u00e7\u0259 d\u0259f\u0259 olmu\u015fdu. Biz eyni i\u015fi g\u00f6rm\u0259yimiz\u0259, ba\u011fda \u00e7al\u0131\u015fma\u011f\u0131m\u0131za baxmayaraq, \u015firk\u0259tin ad\u0131 bir ne\u00e7\u0259 d\u0259f\u0259 d\u0259yi\u015fmi\u015fdi. M\u0259nim o \u015feyl\u0259rd\u0259n \u00e7ox ba\u015f\u0131m \u00e7\u0131xmaz. El\u0259 g\u0259lirdil\u0259r ki, i\u015fd\u0259n \u00e7\u0131xmaqla ba\u011fl\u0131 \u0259riz\u0259 yaz\u0131n, n\u00f6vb\u0259ti \u015firk\u0259t\u0259 i\u015f\u0259 g\u00f6t\u00fcr\u00fcl\u0259c\u0259ksiz. Birind\u0259n \u00e7\u0131x\u0131rd\u0131q, dig\u0259rin\u0259 q\u0259bul olunurduq. Sonuncu q\u0259bul olundu\u011fum \u015firk\u0259t d\u0259 \u201cGilan Orchards\u201d olmu\u015fdu. 2019-cu ild\u0259 d\u0259 direktor g\u0259ldi ki, i\u015fd\u0259n \u00e7\u0131xmaqla ba\u011fl\u0131 \u0259riz\u0259 yaz. 1-2 aya yeni m\u00fcqavil\u0259 ba\u011flanacaq s\u0259ninl\u0259. M\u0259n d\u0259 yazd\u0131m, amma yeni m\u00fcqavil\u0259 ba\u011flanmad\u0131. Bir m\u00fcdd\u0259t sonra dedil\u0259r ki, ixtisara d\u00fc\u015fm\u00fc\u015f\u0259m\u201d.<\/p>\n\n\n\n<p><br>\u015eikay\u0259t\u00e7i m\u00fcqavil\u0259sinin n\u0259 s\u0259b\u0259b\u0259 uzad\u0131lmamas\u0131n\u0131 sual ed\u0259nd\u0259 ona h\u0259r hans\u0131 s\u0259b\u0259b g\u00f6st\u0259rilm\u0259diyini bildirir:<br>\u201cSoru\u015fdum, bir normal izah ver\u0259n d\u0259 olmad\u0131. Daha \u00f6nc\u0259 d\u0259 i\u015fimd\u0259n naraz\u0131l\u0131q olmam\u0131\u015fd\u0131. El\u0259 dedil\u0259r, \u00e7\u0131xar\u0131lm\u0131san\u201d.<\/p>\n\n\n\n<p><br>Pandemiya d\u00f6vr\u00fcnd\u0259 Prezident \u0130lham \u018fliyev a\u00e7\u0131qlamas\u0131nda <a href=\"https:\/\/apa.az\/az\/xeber\/daxili-siyaset\/Prezident-Ilham-liyev-Iscilrin-ixtisar-edilmmsi-cagirisim-nzr-alinmalidir-579157\">bildirmi\u015fdi<\/a> ki, insanlar\u0131n i\u015fd\u0259n \u00e7\u0131xar\u0131lmas\u0131na yol verm\u0259k olmaz. Bel\u0259 bir d\u00f6vrd\u0259 he\u00e7 bir qurum i\u015f\u00e7il\u0259ri ixtisar etm\u0259m\u0259lidir.<\/p>\n\n\n\n<p><br>Az\u0259r \u0130slamov da prezidentin bu \u00e7\u0131x\u0131\u015f\u0131ndan x\u0259b\u0259rdard\u0131r. Deyir: \u201cBuna m\u0259h\u0259l qoyan yoxdur\u201d.<\/p>\n\n\n\n<p><br>\u015eikay\u0259t\u00e7i bildirir ki, i\u015fd\u0259n \u00e7\u0131xar\u0131lmas\u0131 azm\u0131\u015f kimi i\u015f staj\u0131 il\u0259 b\u0259rab\u0259r maa\u015f\u0131n\u0131 da m\u00fcqavil\u0259d\u0259 do\u011fru g\u00f6st\u0259rm\u0259yibl\u0259r. N\u0259tic\u0259d\u0259 ald\u0131\u011f\u0131 pul da h\u0259min az g\u00f6st\u0259ril\u0259n maa\u015f\u0131n ne\u00e7\u0259s\u0259 faizi kimi \u00f6d\u0259nib:<br>\u201c\u0130\u015fl\u0259y\u0259nd\u0259 ayl\u0131q maa\u015f\u0131m 700-800 manat \u00e7\u0131x\u0131rd\u0131. \u0130\u015fd\u0259n xaric edil\u0259nd\u0259 m\u0259lum oldu ki, m\u00fcqavil\u0259d\u0259 100 manat yaz\u0131l\u0131b. M\u0259nim ba\u015f\u0131ma h\u0259rt\u0259r\u0259fli oyun a\u00e7\u0131blar. S\u0259n dem\u0259, do\u011fru bildiyim h\u0259r \u015fey yalan imi\u015f\u201c.<\/p>\n\n\n\n<p><br>\u015eikay\u0259t\u00e7i bildirir ki, \u00e7al\u0131\u015fd\u0131\u011f\u0131 zaman bir d\u0259f\u0259 q\u0259zaya d\u00fc\u015f\u00fcb. El\u0259 orada ald\u0131\u011f\u0131 travma v\u0259 qorxudan \u015f\u0259k\u0259rli diabet x\u0259st\u0259liyin\u0259 tutulub:<\/p>\n\n\n\n<p><br>\u201c\u0130dar\u0259 etdiyim traktor a\u015fd\u0131. \u018fslind\u0259 m\u0259nim g\u00fcnah\u0131m olmad\u0131. Arxdan ke\u00e7m\u0259yi m\u0259cbur etdil\u0259r, ke\u00e7dim. Hadis\u0259 bu zaman oldu. 8 ildir \u0259ziyy\u0259t \u00e7\u0259kir\u0259m. Hara m\u00fcraci\u0259t edir\u0259m, baxm\u0131rlar. \u0130\u015fd\u0259n \u00e7\u0131xar\u0131landan is\u0259 el\u0259 bir hala d\u00fc\u015fm\u00fc\u015f\u0259m ki, he\u00e7 d\u0259rmanlar\u0131m\u0131 da ala bilmir\u0259m. Pensiya ya\u015f\u0131ma da h\u0259l\u0259 \u00e7ox var, bu da i\u015fl\u0259ri \u00e7\u0259tinl\u0259\u015fdirir, inan\u0131n, dolana bilmirik\u201d.<\/p>\n\n\n\n<p><br>Az\u0259r \u0130slamovun dem\u0259sin\u0259 g\u00f6r\u0259, i\u015fd\u0259n \u00e7\u0131xar\u0131landa m\u00fcqavil\u0259siz \u00e7al\u0131\u015fd\u0131\u011f\u0131 4 ilin m\u0259zuniyy\u0259t haqq\u0131n\u0131 ala bilm\u0259yib. Ancaq qalanlar\u0131n\u0131 \u00f6d\u0259yibl\u0259r:<\/p>\n\n\n\n<p><br>\u201c\u0130ndi \u00f6z\u00fcm\u00fc toplay\u0131b t\u0259s\u0259rr\u00fcfatla m\u0259\u015f\u011ful olma\u011fa \u00e7al\u0131\u015f\u0131ram. Ancaq \u00e7ox \u00e7\u0259tindir. H\u0259m yolda\u015f\u0131m, h\u0259m \u00f6z\u00fcm x\u0259st\u0259y\u0259m, \u00e7atd\u0131rm\u0131r\u0131q. Ayl\u0131q stabil maa\u015fa \u00f6yr\u0259\u015f\u0259n \u00fc\u00e7\u00fcn ba\u015fqa c\u00fcr ya\u015famaq \u00e7ox \u00e7\u0259tindir\u201d.<\/p>\n\n\n\n<p><br>\u201cGilan Holding\u201din b\u00f6lg\u0259l\u0259rd\u0259 \u00e7al\u0131\u015fan ba\u015fqa \u0259m\u0259kda\u015flar\u0131 da daha \u00f6nc\u0259 Meydan TV-y\u0259 m\u00fcraci\u0259t edib. Onlardan kimi Az\u0259r \u0130slamov kimi pandemiya d\u00f6vr\u00fc i\u015fd\u0259n <a href=\"https:\/\/www.meydan.tv\/az\/article\/goycay-sakini-gilan-orchards-pandemiya-dovrunde-meni-isden-cixardi\/?ref=search\" target=\"_blank\" rel=\"noreferrer noopener\">\u00e7\u0131xar\u0131lmas\u0131ndan<\/a>, \u00a0kimi d\u0259 y\u0131\u011f\u0131l\u0131b qalm\u0131\u015f maa\u015f\u0131n\u0131 ala bilm\u0259m\u0259kd\u0259n <a href=\"https:\/\/www.meydan.tv\/az\/article\/9-aydir-gilan-orchard-sirketinden-maasimi-ala-bilmirem\/?ref=search\" target=\"_blank\" rel=\"noreferrer noopener\">gileyl\u0259nib<\/a>.<\/p>\n\n\n\n<p><br>\u201cGilan Orchards\u201d MMC 2015-ci ild\u0259 d\u00f6vl\u0259t qeydiyyat\u0131na al\u0131n\u0131b. Nizamnam\u0259 kapital\u0131 100 manat olan \u015firk\u0259tin qanuni t\u0259msil\u00e7isi \u0130lham \u015eir\u0259li o\u011flu \u015e\u00fck\u00fcrovdur.<\/p>\n\n\n\n<p><br>2018-ci ild\u0259 Meydan TV-d\u0259 \u00e7\u0131xan bir ara\u015fd\u0131rmada <a href=\"https:\/\/www.meydan.tv\/en\/article\/the-extraordinary-businessman-kamaladdin-heydarov\/\" target=\"_blank\" rel=\"noreferrer noopener\">bildirilir<\/a> \u00a0ki, K\u0259mal\u0259ddin Heyd\u0259rova v\u0259 onun ail\u0259 \u00fczvl\u0259rin\u0259 m\u0259xsus 350-d\u0259n \u00e7ox \u015firk\u0259t var. \u201cGilan Orchards\u201d MMC d\u0259 bunlardan biridir. Yaln\u0131z \u015firk\u0259tl\u0259rin h\u0259qiq\u0259t\u0259n K\u0259mal\u0259ddin Heyd\u0259rov v\u0259 ail\u0259 \u00fczvl\u0259rin\u0259 aid olmas\u0131 il\u0259 ba\u011fl\u0131 \u201cGilan Holding\u201d\u0259 g\u00f6nd\u0259ril\u0259n sor\u011fuya cavab g\u0259lm\u0259yib.<\/p>\n\n\n\n<p><br>\u201cGilan Orchards\u201d-dan is\u0259 pandemiya d\u00f6vr\u00fc he\u00e7 kimi i\u015fd\u0259n azad etm\u0259dikl\u0259rini bildiribl\u0259r:<\/p>\n\n\n\n<p><br>\u201cKims\u0259 \u00f6z ist\u0259yi il\u0259 \u0259riz\u0259 yaz\u0131b i\u015fd\u0259n \u00e7\u0131xmaq ist\u0259yirs\u0259, biz onu m\u0259cbur saxlaya bilm\u0259rik\u201d.<\/p>\n\n\n\n<p><br>Daha \u00f6nc\u0259ki \u015fikay\u0259tl\u0259rl\u0259 ba\u011fl\u0131 da \u015firk\u0259td\u0259n Meydan TV-y\u0259 ox\u015far cavablar verilib.<\/p>\n\n\n\n<figure class=\"wp-block-image size-large\"><img decoding=\"async\" width=\"616\" height=\"821\" data-src=\"https:\/\/www.meydan.tv\/wp-content\/uploads\/image00210-616x821.jpeg\" alt=\"\" class=\"wp-image-214181 lazyload\" src=\"data:image\/svg+xml;base64,PHN2ZyB3aWR0aD0iMSIgaGVpZ2h0PSIxIiB4bWxucz0iaHR0cDovL3d3dy53My5vcmcvMjAwMC9zdmciPjwvc3ZnPg==\" style=\"--smush-placeholder-width: 616px; --smush-placeholder-aspect-ratio: 616\/821;\" \/><\/figure>\n\n\n\n<figure class=\"wp-block-gallery columns-1 is-cropped wp-block-gallery-1 is-layout-flex wp-block-gallery-is-layout-flex\"><ul class=\"blocks-gallery-grid\"><li class=\"blocks-gallery-item\"><figure><img decoding=\"async\" width=\"616\" height=\"821\" data-src=\"https:\/\/www.meydan.tv\/wp-content\/uploads\/image00208-616x821.jpeg\" alt=\"\" data-id=\"214184\" data-full-url=\"https:\/\/www.meydan.tv\/wp-content\/uploads\/image00208-scaled.jpeg\" data-link=\"https:\/\/www.meydan.tv\/az\/?attachment_id=214184#main\" class=\"wp-image-214184 lazyload\" src=\"data:image\/svg+xml;base64,PHN2ZyB3aWR0aD0iMSIgaGVpZ2h0PSIxIiB4bWxucz0iaHR0cDovL3d3dy53My5vcmcvMjAwMC9zdmciPjwvc3ZnPg==\" style=\"--smush-placeholder-width: 616px; --smush-placeholder-aspect-ratio: 616\/821;\" \/><\/figure><\/li><\/ul><\/figure>\n","protected":false},"excerpt":{"rendered":"<p>G\u00f6y\u00e7ay sakini \u201cGilan Holding\u201dd\u0259n \u015fikay\u0259t\u00e7idir G\u00f6y\u00e7ay\u0131n Q\u0131z\u0131la\u011fac k\u0259ndinin sakini Az\u0259r &#8230; <\/p>\n<p class=\"read-more-container\"><a title=\"\u201cPandemiya d\u00f6vr\u00fcnd\u0259 i\u015fd\u0259n \u00e7\u0131xar\u0131ld\u0131m, maa\u015f\u0131m da tam verilm\u0259di\u201d\" class=\"read-more button\" href=\"https:\/\/www.meydan.tv\/az\/article\/pandemiya-dovrunde-isden-cixarildim-maasim-da-tam-verilmedi\/#more-214176\" aria-label=\"Read more about \u201cPandemiya d\u00f6vr\u00fcnd\u0259 i\u015fd\u0259n \u00e7\u0131xar\u0131ld\u0131m, maa\u015f\u0131m da tam verilm\u0259di\u201d\">Davam\u0131<\/a><\/p>\n","protected":false},"author":12,"featured_media":214178,"comment_status":"closed","ping_status":"closed","sticky":false,"template":"","format":"standard","meta":{"_acf_changed":false,"_sitemap_exclude":false,"_sitemap_priority":"","_sitemap_frequency":"","footnotes":""},"categories":[60,56],"tags":[],"class_list":["post-214176","post","type-post","status-publish","format-standard","has-post-thumbnail","hentry","category-bolge","category-xeberler","infinite-scroll-item","generate-columns","tablet-grid-50","mobile-grid-100","grid-parent","grid-33","no-featured-image-padding"],"acf":[],"yoast_head":"<!-- This site is optimized with the Yoast SEO plugin v27.5 - https:\/\/yoast.com\/product\/yoast-seo-wordpress\/ -->\n<title>\u201cPandemiya d\u00f6vr\u00fcnd\u0259 i\u015fd\u0259n \u00e7\u0131xar\u0131ld\u0131m, maa\u015f\u0131m da tam verilm\u0259di\u201d - MEYDAN.TV<\/title>\n<meta name=\"robots\" content=\"index, follow, max-snippet:-1, max-image-preview:large, max-video-preview:-1\" \/>\n<link rel=\"canonical\" href=\"https:\/\/www.meydan.tv\/az\/article\/pandemiya-dovrunde-isden-cixarildim-maasim-da-tam-verilmedi\/\" \/>\n<meta property=\"og:locale\" content=\"az_AZ\" \/>\n<meta property=\"og:type\" content=\"article\" \/>\n<meta property=\"og:title\" content=\"\u201cPandemiya d\u00f6vr\u00fcnd\u0259 i\u015fd\u0259n \u00e7\u0131xar\u0131ld\u0131m, maa\u015f\u0131m da tam verilm\u0259di\u201d - MEYDAN.TV\" \/>\n<meta property=\"og:description\" content=\"G\u00f6y\u00e7ay sakini \u201cGilan Holding\u201dd\u0259n \u015fikay\u0259t\u00e7idir G\u00f6y\u00e7ay\u0131n Q\u0131z\u0131la\u011fac k\u0259ndinin sakini Az\u0259r ... Davam\u0131\" \/>\n<meta property=\"og:url\" content=\"https:\/\/www.meydan.tv\/az\/article\/pandemiya-dovrunde-isden-cixarildim-maasim-da-tam-verilmedi\/\" \/>\n<meta property=\"og:site_name\" content=\"MEYDAN.TV\" \/>\n<meta property=\"article:published_time\" content=\"2021-10-28T11:35:35+00:00\" \/>\n<meta property=\"article:modified_time\" content=\"2021-10-28T11:35:36+00:00\" \/>\n<meta property=\"og:image\" content=\"https:\/\/www.meydan.tv\/wp-content\/uploads\/image00202-scaled.jpeg\" \/>\n\t<meta property=\"og:image:width\" content=\"2560\" \/>\n\t<meta property=\"og:image:height\" content=\"1920\" \/>\n\t<meta property=\"og:image:type\" content=\"image\/jpeg\" \/>\n<meta name=\"author\" content=\"aleks\" \/>\n<meta name=\"twitter:card\" content=\"summary_large_image\" \/>\n<script type=\"application\/ld+json\" class=\"yoast-schema-graph\">{\"@context\":\"https:\\\/\\\/schema.org\",\"@graph\":[{\"@type\":\"Article\",\"@id\":\"https:\\\/\\\/www.meydan.tv\\\/az\\\/article\\\/pandemiya-dovrunde-isden-cixarildim-maasim-da-tam-verilmedi\\\/#article\",\"isPartOf\":{\"@id\":\"https:\\\/\\\/www.meydan.tv\\\/az\\\/article\\\/pandemiya-dovrunde-isden-cixarildim-maasim-da-tam-verilmedi\\\/\"},\"author\":{\"name\":\"aleks\",\"@id\":\"https:\\\/\\\/www.meydan.tv\\\/az\\\/#\\\/schema\\\/person\\\/476e9360e593fa131d5d71d51866f8da\"},\"headline\":\"\u201cPandemiya d\u00f6vr\u00fcnd\u0259 i\u015fd\u0259n \u00e7\u0131xar\u0131ld\u0131m, maa\u015f\u0131m da tam verilm\u0259di\u201d\",\"datePublished\":\"2021-10-28T11:35:35+00:00\",\"dateModified\":\"2021-10-28T11:35:36+00:00\",\"mainEntityOfPage\":{\"@id\":\"https:\\\/\\\/www.meydan.tv\\\/az\\\/article\\\/pandemiya-dovrunde-isden-cixarildim-maasim-da-tam-verilmedi\\\/\"},\"wordCount\":983,\"publisher\":{\"@id\":\"https:\\\/\\\/www.meydan.tv\\\/az\\\/#organization\"},\"image\":{\"@id\":\"https:\\\/\\\/www.meydan.tv\\\/az\\\/article\\\/pandemiya-dovrunde-isden-cixarildim-maasim-da-tam-verilmedi\\\/#primaryimage\"},\"thumbnailUrl\":\"https:\\\/\\\/www.meydan.tv\\\/wp-content\\\/uploads\\\/image00202-scaled.jpeg\",\"articleSection\":[\"B\u00f6lg\u0259\",\"X\u0259b\u0259rl\u0259r\"],\"inLanguage\":\"az\"},{\"@type\":\"WebPage\",\"@id\":\"https:\\\/\\\/www.meydan.tv\\\/az\\\/article\\\/pandemiya-dovrunde-isden-cixarildim-maasim-da-tam-verilmedi\\\/\",\"url\":\"https:\\\/\\\/www.meydan.tv\\\/az\\\/article\\\/pandemiya-dovrunde-isden-cixarildim-maasim-da-tam-verilmedi\\\/\",\"name\":\"\u201cPandemiya d\u00f6vr\u00fcnd\u0259 i\u015fd\u0259n \u00e7\u0131xar\u0131ld\u0131m, maa\u015f\u0131m da tam verilm\u0259di\u201d - MEYDAN.TV\",\"isPartOf\":{\"@id\":\"https:\\\/\\\/www.meydan.tv\\\/az\\\/#website\"},\"primaryImageOfPage\":{\"@id\":\"https:\\\/\\\/www.meydan.tv\\\/az\\\/article\\\/pandemiya-dovrunde-isden-cixarildim-maasim-da-tam-verilmedi\\\/#primaryimage\"},\"image\":{\"@id\":\"https:\\\/\\\/www.meydan.tv\\\/az\\\/article\\\/pandemiya-dovrunde-isden-cixarildim-maasim-da-tam-verilmedi\\\/#primaryimage\"},\"thumbnailUrl\":\"https:\\\/\\\/www.meydan.tv\\\/wp-content\\\/uploads\\\/image00202-scaled.jpeg\",\"datePublished\":\"2021-10-28T11:35:35+00:00\",\"dateModified\":\"2021-10-28T11:35:36+00:00\",\"breadcrumb\":{\"@id\":\"https:\\\/\\\/www.meydan.tv\\\/az\\\/article\\\/pandemiya-dovrunde-isden-cixarildim-maasim-da-tam-verilmedi\\\/#breadcrumb\"},\"inLanguage\":\"az\",\"potentialAction\":[{\"@type\":\"ReadAction\",\"target\":[\"https:\\\/\\\/www.meydan.tv\\\/az\\\/article\\\/pandemiya-dovrunde-isden-cixarildim-maasim-da-tam-verilmedi\\\/\"]}]},{\"@type\":\"ImageObject\",\"inLanguage\":\"az\",\"@id\":\"https:\\\/\\\/www.meydan.tv\\\/az\\\/article\\\/pandemiya-dovrunde-isden-cixarildim-maasim-da-tam-verilmedi\\\/#primaryimage\",\"url\":\"https:\\\/\\\/www.meydan.tv\\\/wp-content\\\/uploads\\\/image00202-scaled.jpeg\",\"contentUrl\":\"https:\\\/\\\/www.meydan.tv\\\/wp-content\\\/uploads\\\/image00202-scaled.jpeg\",\"width\":2560,\"height\":1920,\"caption\":\"Az\u0259r \u0130slamov\"},{\"@type\":\"BreadcrumbList\",\"@id\":\"https:\\\/\\\/www.meydan.tv\\\/az\\\/article\\\/pandemiya-dovrunde-isden-cixarildim-maasim-da-tam-verilmedi\\\/#breadcrumb\",\"itemListElement\":[{\"@type\":\"ListItem\",\"position\":1,\"name\":\"Ana s\u0259hif\u0259\",\"item\":\"https:\\\/\\\/www.meydan.tv\\\/az\\\/\"},{\"@type\":\"ListItem\",\"position\":2,\"name\":\"B\u00f6lg\u0259\",\"item\":\"https:\\\/\\\/www.meydan.tv\\\/az\\\/section\\\/bolge\\\/\"},{\"@type\":\"ListItem\",\"position\":3,\"name\":\"\u201cPandemiya d\u00f6vr\u00fcnd\u0259 i\u015fd\u0259n \u00e7\u0131xar\u0131ld\u0131m, maa\u015f\u0131m da tam verilm\u0259di\u201d\"}]},{\"@type\":\"WebSite\",\"@id\":\"https:\\\/\\\/www.meydan.tv\\\/az\\\/#website\",\"url\":\"https:\\\/\\\/www.meydan.tv\\\/az\\\/\",\"name\":\"MEYDAN.TV\",\"description\":\"Meydan TV Az\u0259rbaycan\u0131n media m\u0259kan\u0131ndak\u0131 alternativ s\u0259sidir\",\"publisher\":{\"@id\":\"https:\\\/\\\/www.meydan.tv\\\/az\\\/#organization\"},\"potentialAction\":[{\"@type\":\"SearchAction\",\"target\":{\"@type\":\"EntryPoint\",\"urlTemplate\":\"https:\\\/\\\/www.meydan.tv\\\/az\\\/?s={search_term_string}\"},\"query-input\":{\"@type\":\"PropertyValueSpecification\",\"valueRequired\":true,\"valueName\":\"search_term_string\"}}],\"inLanguage\":\"az\"},{\"@type\":\"Organization\",\"@id\":\"https:\\\/\\\/www.meydan.tv\\\/az\\\/#organization\",\"name\":\"Meydan TV\",\"url\":\"https:\\\/\\\/www.meydan.tv\\\/az\\\/\",\"logo\":{\"@type\":\"ImageObject\",\"inLanguage\":\"az\",\"@id\":\"https:\\\/\\\/www.meydan.tv\\\/az\\\/#\\\/schema\\\/logo\\\/image\\\/\",\"url\":\"https:\\\/\\\/www.meydan.tv\\\/wp-content\\\/uploads\\\/2021\\\/07\\\/meydan-logo.svg\",\"contentUrl\":\"https:\\\/\\\/www.meydan.tv\\\/wp-content\\\/uploads\\\/2021\\\/07\\\/meydan-logo.svg\",\"width\":195,\"height\":46,\"caption\":\"Meydan TV\"},\"image\":{\"@id\":\"https:\\\/\\\/www.meydan.tv\\\/az\\\/#\\\/schema\\\/logo\\\/image\\\/\"}},{\"@type\":\"Person\",\"@id\":\"https:\\\/\\\/www.meydan.tv\\\/az\\\/#\\\/schema\\\/person\\\/476e9360e593fa131d5d71d51866f8da\",\"name\":\"aleks\"}]}<\/script>\n<!-- \/ Yoast SEO plugin. -->","yoast_head_json":{"title":"\u201cPandemiya d\u00f6vr\u00fcnd\u0259 i\u015fd\u0259n \u00e7\u0131xar\u0131ld\u0131m, maa\u015f\u0131m da tam verilm\u0259di\u201d - MEYDAN.TV","robots":{"index":"index","follow":"follow","max-snippet":"max-snippet:-1","max-image-preview":"max-image-preview:large","max-video-preview":"max-video-preview:-1"},"canonical":"https:\/\/www.meydan.tv\/az\/article\/pandemiya-dovrunde-isden-cixarildim-maasim-da-tam-verilmedi\/","og_locale":"az_AZ","og_type":"article","og_title":"\u201cPandemiya d\u00f6vr\u00fcnd\u0259 i\u015fd\u0259n \u00e7\u0131xar\u0131ld\u0131m, maa\u015f\u0131m da tam verilm\u0259di\u201d - MEYDAN.TV","og_description":"G\u00f6y\u00e7ay sakini \u201cGilan Holding\u201dd\u0259n \u015fikay\u0259t\u00e7idir G\u00f6y\u00e7ay\u0131n Q\u0131z\u0131la\u011fac k\u0259ndinin sakini Az\u0259r ... Davam\u0131","og_url":"https:\/\/www.meydan.tv\/az\/article\/pandemiya-dovrunde-isden-cixarildim-maasim-da-tam-verilmedi\/","og_site_name":"MEYDAN.TV","article_published_time":"2021-10-28T11:35:35+00:00","article_modified_time":"2021-10-28T11:35:36+00:00","og_image":[{"width":2560,"height":1920,"url":"https:\/\/www.meydan.tv\/wp-content\/uploads\/image00202-scaled.jpeg","type":"image\/jpeg"}],"author":"aleks","twitter_card":"summary_large_image","schema":{"@context":"https:\/\/schema.org","@graph":[{"@type":"Article","@id":"https:\/\/www.meydan.tv\/az\/article\/pandemiya-dovrunde-isden-cixarildim-maasim-da-tam-verilmedi\/#article","isPartOf":{"@id":"https:\/\/www.meydan.tv\/az\/article\/pandemiya-dovrunde-isden-cixarildim-maasim-da-tam-verilmedi\/"},"author":{"name":"aleks","@id":"https:\/\/www.meydan.tv\/az\/#\/schema\/person\/476e9360e593fa131d5d71d51866f8da"},"headline":"\u201cPandemiya d\u00f6vr\u00fcnd\u0259 i\u015fd\u0259n \u00e7\u0131xar\u0131ld\u0131m, maa\u015f\u0131m da tam verilm\u0259di\u201d","datePublished":"2021-10-28T11:35:35+00:00","dateModified":"2021-10-28T11:35:36+00:00","mainEntityOfPage":{"@id":"https:\/\/www.meydan.tv\/az\/article\/pandemiya-dovrunde-isden-cixarildim-maasim-da-tam-verilmedi\/"},"wordCount":983,"publisher":{"@id":"https:\/\/www.meydan.tv\/az\/#organization"},"image":{"@id":"https:\/\/www.meydan.tv\/az\/article\/pandemiya-dovrunde-isden-cixarildim-maasim-da-tam-verilmedi\/#primaryimage"},"thumbnailUrl":"https:\/\/www.meydan.tv\/wp-content\/uploads\/image00202-scaled.jpeg","articleSection":["B\u00f6lg\u0259","X\u0259b\u0259rl\u0259r"],"inLanguage":"az"},{"@type":"WebPage","@id":"https:\/\/www.meydan.tv\/az\/article\/pandemiya-dovrunde-isden-cixarildim-maasim-da-tam-verilmedi\/","url":"https:\/\/www.meydan.tv\/az\/article\/pandemiya-dovrunde-isden-cixarildim-maasim-da-tam-verilmedi\/","name":"\u201cPandemiya d\u00f6vr\u00fcnd\u0259 i\u015fd\u0259n \u00e7\u0131xar\u0131ld\u0131m, maa\u015f\u0131m da tam verilm\u0259di\u201d - MEYDAN.TV","isPartOf":{"@id":"https:\/\/www.meydan.tv\/az\/#website"},"primaryImageOfPage":{"@id":"https:\/\/www.meydan.tv\/az\/article\/pandemiya-dovrunde-isden-cixarildim-maasim-da-tam-verilmedi\/#primaryimage"},"image":{"@id":"https:\/\/www.meydan.tv\/az\/article\/pandemiya-dovrunde-isden-cixarildim-maasim-da-tam-verilmedi\/#primaryimage"},"thumbnailUrl":"https:\/\/www.meydan.tv\/wp-content\/uploads\/image00202-scaled.jpeg","datePublished":"2021-10-28T11:35:35+00:00","dateModified":"2021-10-28T11:35:36+00:00","breadcrumb":{"@id":"https:\/\/www.meydan.tv\/az\/article\/pandemiya-dovrunde-isden-cixarildim-maasim-da-tam-verilmedi\/#breadcrumb"},"inLanguage":"az","potentialAction":[{"@type":"ReadAction","target":["https:\/\/www.meydan.tv\/az\/article\/pandemiya-dovrunde-isden-cixarildim-maasim-da-tam-verilmedi\/"]}]},{"@type":"ImageObject","inLanguage":"az","@id":"https:\/\/www.meydan.tv\/az\/article\/pandemiya-dovrunde-isden-cixarildim-maasim-da-tam-verilmedi\/#primaryimage","url":"https:\/\/www.meydan.tv\/wp-content\/uploads\/image00202-scaled.jpeg","contentUrl":"https:\/\/www.meydan.tv\/wp-content\/uploads\/image00202-scaled.jpeg","width":2560,"height":1920,"caption":"Az\u0259r \u0130slamov"},{"@type":"BreadcrumbList","@id":"https:\/\/www.meydan.tv\/az\/article\/pandemiya-dovrunde-isden-cixarildim-maasim-da-tam-verilmedi\/#breadcrumb","itemListElement":[{"@type":"ListItem","position":1,"name":"Ana s\u0259hif\u0259","item":"https:\/\/www.meydan.tv\/az\/"},{"@type":"ListItem","position":2,"name":"B\u00f6lg\u0259","item":"https:\/\/www.meydan.tv\/az\/section\/bolge\/"},{"@type":"ListItem","position":3,"name":"\u201cPandemiya d\u00f6vr\u00fcnd\u0259 i\u015fd\u0259n \u00e7\u0131xar\u0131ld\u0131m, maa\u015f\u0131m da tam verilm\u0259di\u201d"}]},{"@type":"WebSite","@id":"https:\/\/www.meydan.tv\/az\/#website","url":"https:\/\/www.meydan.tv\/az\/","name":"MEYDAN.TV","description":"Meydan TV Az\u0259rbaycan\u0131n media m\u0259kan\u0131ndak\u0131 alternativ s\u0259sidir","publisher":{"@id":"https:\/\/www.meydan.tv\/az\/#organization"},"potentialAction":[{"@type":"SearchAction","target":{"@type":"EntryPoint","urlTemplate":"https:\/\/www.meydan.tv\/az\/?s={search_term_string}"},"query-input":{"@type":"PropertyValueSpecification","valueRequired":true,"valueName":"search_term_string"}}],"inLanguage":"az"},{"@type":"Organization","@id":"https:\/\/www.meydan.tv\/az\/#organization","name":"Meydan TV","url":"https:\/\/www.meydan.tv\/az\/","logo":{"@type":"ImageObject","inLanguage":"az","@id":"https:\/\/www.meydan.tv\/az\/#\/schema\/logo\/image\/","url":"https:\/\/www.meydan.tv\/wp-content\/uploads\/2021\/07\/meydan-logo.svg","contentUrl":"https:\/\/www.meydan.tv\/wp-content\/uploads\/2021\/07\/meydan-logo.svg","width":195,"height":46,"caption":"Meydan TV"},"image":{"@id":"https:\/\/www.meydan.tv\/az\/#\/schema\/logo\/image\/"}},{"@type":"Person","@id":"https:\/\/www.meydan.tv\/az\/#\/schema\/person\/476e9360e593fa131d5d71d51866f8da","name":"aleks"}]}},"_links":{"self":[{"href":"https:\/\/www.meydan.tv\/az\/wp-json\/wp\/v2\/posts\/214176","targetHints":{"allow":["GET"]}}],"collection":[{"href":"https:\/\/www.meydan.tv\/az\/wp-json\/wp\/v2\/posts"}],"about":[{"href":"https:\/\/www.meydan.tv\/az\/wp-json\/wp\/v2\/types\/post"}],"author":[{"embeddable":true,"href":"https:\/\/www.meydan.tv\/az\/wp-json\/wp\/v2\/users\/12"}],"replies":[{"embeddable":true,"href":"https:\/\/www.meydan.tv\/az\/wp-json\/wp\/v2\/comments?post=214176"}],"version-history":[{"count":1,"href":"https:\/\/www.meydan.tv\/az\/wp-json\/wp\/v2\/posts\/214176\/revisions"}],"predecessor-version":[{"id":214187,"href":"https:\/\/www.meydan.tv\/az\/wp-json\/wp\/v2\/posts\/214176\/revisions\/214187"}],"wp:featuredmedia":[{"embeddable":true,"href":"https:\/\/www.meydan.tv\/az\/wp-json\/wp\/v2\/media\/214178"}],"wp:attachment":[{"href":"https:\/\/www.meydan.tv\/az\/wp-json\/wp\/v2\/media?parent=214176"}],"wp:term":[{"taxonomy":"category","embeddable":true,"href":"https:\/\/www.meydan.tv\/az\/wp-json\/wp\/v2\/categories?post=214176"},{"taxonomy":"post_tag","embeddable":true,"href":"https:\/\/www.meydan.tv\/az\/wp-json\/wp\/v2\/tags?post=214176"}],"curies":[{"name":"wp","href":"https:\/\/api.w.org\/{rel}","templated":true}]}}