{"id":213756,"date":"2021-10-26T14:36:48","date_gmt":"2021-10-26T12:36:48","guid":{"rendered":"https:\/\/www.meydan.tv\/?p=213756"},"modified":"2021-10-27T20:18:59","modified_gmt":"2021-10-27T16:18:59","slug":"koronavirus-dunyada-ve-azerbaycanda","status":"publish","type":"post","link":"https:\/\/www.meydan.tv\/az\/article\/koronavirus-dunyada-ve-azerbaycanda\/","title":{"rendered":"Koronavirus: D\u00fcnyada v\u0259 Az\u0259rbaycanda"},"content":{"rendered":"\n<p><i><br>\u00d6lk\u0259l\u0259r \u00fczr\u0259 yoluxma statistikas\u0131 v\u0259 vaksinasiya prosesi<br><\/i><\/p>\n\n\n\n<p>Oktyabr\u0131n 26-da Az\u0259rbaycanda 2 min 266 n\u0259f\u0259r COVID-19 infeksiyas\u0131na yoluxub.<\/p>\n\n\n\n<p>\u0130nfeksiyadan \u0259ziyy\u0259t \u00e7\u0259k\u0259n 24 n\u0259f\u0259r is\u0259 v\u0259fat edib.<\/p>\n\n\n\n<p>Bu bar\u0259d\u0259<a href=\"https:\/\/nk.gov.az\/az\/article\/1866\/\"> m\u0259lumat<\/a> \u0131 Nazirl\u0259r Kabineti yan\u0131nda Operativ Q\u0259rargah a\u00e7\u0131qlay\u0131b.<\/p>\n\n\n\n<p>A\u00e7\u0131qlamada bildirilir ki, daha \u00f6nc\u0259 infeksiyaya yoluxmu\u015f 1 194 n\u0259f\u0259r m\u00fcalic\u0259 olunaraq sa\u011fal\u0131b: \u201c\u0130ndiy\u0259d\u0259k 520 068 n\u0259f\u0259r yeni koronavirus infeksiyas\u0131na yoluxub. Onlardan 486 426 n\u0259f\u0259r m\u00fcalic\u0259 olunaraq sa\u011fal\u0131b, 6 939 pasiyent is\u0259 \u00f6l\u00fcb\u201d.<\/p>\n\n\n\n<p>Operativ Q\u0259rargah bu g\u00fcn\u0259 olan aktiv x\u0259st\u0259 say\u0131n\u0131n 26 min 703 n\u0259f\u0259r oldu\u011funu qeyd edib: \u201cSon bir g\u00fcnd\u0259 yeni yoluxma hallar\u0131n\u0131n m\u00fc\u0259yy\u0259nl\u0259\u015fdirilm\u0259si il\u0259 \u0259laq\u0259dar 13 552, \u00f6t\u0259n m\u00fcdd\u0259td\u0259 is\u0259 5 milyon 131 min 33 test apar\u0131l\u0131b\u201d.<\/p>\n\n\n\n<p><b><br>D\u00fcnyada COVID-19-la ba\u011fl\u0131 durum<br><\/b><\/p>\n\n\n\n<p>Almaniyada koronavirusa yoluxma maydan b\u0259ri \u0259n y\u00fcks\u0259k h\u0259dd\u0259 \u00e7at\u0131b.<\/p>\n\n\n\n<p>\u201cDeutsche Welle\u201d<a href=\"https:\/\/www.dw.com\/en\/german-covid-rate-soars-to-highest-level-since-may\/a-59603528\"> yaz\u0131r<\/a> ki, son bir h\u0259ft\u0259d\u0259 bu \u00f6lk\u0259d\u0259 \u0259halinin h\u0259r 100 min n\u0259f\u0259rin\u0259 100 yoluxma hal\u0131 d\u00fc\u015f\u00fcr. Ox\u015far v\u0259ziyy\u0259t \u0259n son may\u0131n 13-d\u0259 ya\u015fan\u0131b v\u0259 bundan sonra \u00f6lk\u0259 qapanmaya gedib.<\/p>\n\n\n\n<figure class=\"wp-block-image size-large\"><img decoding=\"async\" src=\"https:\/\/www.meydan.tv\/az\/58296401_303-jpg-2\/\" alt=\"58296401_303.jpg\" class=\"wp-image-213695\"\/><figcaption>Almaniya<\/figcaption><\/figure>\n\n\n\n<p><b><br>4-c\u00fc dal\u011fa r\u0259sm\u0259n ba\u015flay\u0131b<br><\/b><\/p>\n\n\n\n<p>Bel\u00e7ika h\u00f6kum\u0259ti is\u0259 son g\u00fcnl\u0259r koronavirusa yoluxma hallar\u0131n\u0131n s\u00fcr\u0259tl\u0259 artmas\u0131 s\u0259b\u0259bind\u0259m virusun d\u00f6rd\u00fcnc\u00fc dal\u011fan\u0131n ba\u015flad\u0131\u011f\u0131n\u0131 r\u0259sm\u0259n elan<a href=\"https:\/\/www.bbc.com\/turkce\/haberler-dunya-58994256\"> edib<\/a>.<\/p>\n\n\n\n<p>Yax\u0131n g\u00fcnl\u0259rd\u0259 yoluxma say\u0131n\u0131n k\u0259skin \u015f\u0259kild\u0259 artaca\u011f\u0131n\u0131 vur\u011fulayan prezident k\u00f6m\u0259k\u00e7isi Frank Vandenbroucke bu d\u00f6vr\u00fcn olduqca a\u011f\u0131r ke\u00e7\u0259c\u0259yini bildirib.<\/p>\n\n\n\n<p>\u201cKoronavirusa yoluxma s\u0259b\u0259bi il\u0259 x\u0259st\u0259xanalara m\u00fcraci\u0259tl\u0259rin d\u0259 say\u0131 artacaq. T\u0259\u0259ss\u00fcf ki, bu \u00e7ox b\u00f6y\u00fck bir dal\u011fa olacaq. Ancaq panikaya d\u00fc\u015fm\u0259k yerin\u0259, 4-c\u00fc dal\u011fa il\u0259 m\u00fcbariz\u0259y\u0259 haz\u0131rla\u015fmaq laz\u0131md\u0131r\u201d, &#8211; Vandenbroucke deyib.<\/p>\n\n\n\n<p>Prezident k\u00f6m\u0259k\u00e7isi tibb i\u015f\u00e7il\u0259ri v\u0259 risk qrupuna daxil olan 65 ya\u015fdan yuxar\u0131 insanlara \u00fc\u00e7\u00fcnc\u00fc doza peyv\u0259nd vurdurmalar\u0131n\u0131n g\u00fcnd\u0259m\u0259 g\u0259ldiyini qeyd edib.<\/p>\n\n\n\n<p>Bel\u00e7ika COVID-19-dan \u0259n \u00e7ox itki ver\u0259n Avropa \u00f6lk\u0259sidir. \u00d6lk\u0259d\u0259 sentyabrdan bu yana yoluxma say\u0131nda azalma oldu\u011fu \u00fc\u00e7\u00fcn karantin t\u0259dbirl\u0259ri xeyli yum\u015fald\u0131lm\u0131\u015fd\u0131.<\/p>\n\n\n\n<figure class=\"wp-block-image size-large\"><img decoding=\"async\" src=\"https:\/\/www.meydan.tv\/az\/_121162498_75cf66e4-4d86-4514-8888-80d43f9b6a1a-jpg\/\" alt=\"_121162498_75cf66e4-4d86-4514-8888-80d43f9b6a1a.jpg\" class=\"wp-image-213698\"\/><figcaption>Bel\u00e7ika<\/figcaption><\/figure>\n\n\n\n<p><b><br>\u0130taliyada peyv\u0259nd olunmamaq = i\u015fsizlik<br><\/b><\/p>\n\n\n\n<p>\u0130taliyada peyv\u0259nd olunmamaq i\u015fsizliy\u0259<a href=\"https:\/\/www.dw.com\/tr\/bu-k%C4%B1%C5%9F-hangi-%C3%BClkeler-koronaya-haz%C4%B1rl%C4%B1kl%C4%B1\/a-59596286\"> b\u0259rab\u0259rdir<\/a>.<\/p>\n\n\n\n<p>Bu \u00f6lk\u0259d\u0259 h\u00f6kum\u0259t oktyabr\u0131n 15-d\u0259n s\u0259rt karantin t\u0259dbirl\u0259ri t\u0259tbiq edib. \u0130lk h\u0259ft\u0259 s\u0259rt karantin\u0259 etirazlar olsa da, haz\u0131rda bu etirazlar xeyli azal\u0131b.<\/p>\n\n\n\n<p>\u0130taliyada i\u015fl\u0259y\u0259n h\u0259r k\u0259sin peyv\u0259nd olmas\u0131 m\u0259cburidir.<\/p>\n\n\n\n<p>Restorana, film\u0259 getm\u0259k \u00fc\u00e7\u00fcn d\u0259 COVID pasportu t\u0259l\u0259b edilir.<\/p>\n\n\n\n<p>Bu g\u00fcn \u0130taliyada yoluxma il\u0259 ba\u011fl\u0131 v\u0259ziyy\u0259t xeyli yax\u015f\u0131d\u0131r. H\u0259r 100 min \u0259haliy\u0259 h\u0259ft\u0259d\u0259 29 yoluxma qeyd\u0259 al\u0131n\u0131r. \u0130talyanlar\u0131n 80 faizi peyv\u0259nd olunub.<\/p>\n\n\n\n<p><b><br>\u0130ngilt\u0259r\u0259 \u00f6t\u0259n il\u0259 baxanda yax\u015f\u0131 v\u0259ziyy\u0259td\u0259 oldu\u011funu a\u00e7\u0131qlay\u0131b<br><\/b><\/p>\n\n\n\n<p>Koronavirusa yoluxanlar\u0131n say\u0131n\u0131n artmas\u0131na baxmayaraq, \u0130ngilt\u0259r\u0259 h\u00f6kum\u0259ti qapanma olmayaca\u011f\u0131n\u0131 a\u00e7\u0131qlay\u0131b. \u00d6lk\u0259nin maliyy\u0259 naziri Rishi Sunak \u201cTimes\u201d q\u0259zetin\u0259 verdiyi m\u00fcsahib\u0259d\u0259 bildirib ki, peyv\u0259ndl\u0259r say\u0259sind\u0259 \u00f6lk\u0259 ke\u00e7\u0259n ilkind\u0259n yax\u015f\u0131 v\u0259ziyy\u0259td\u0259dir.<\/p>\n\n\n\n<p>B\u00f6y\u00fck Britaniyada ilin \u0259vv\u0259lind\u0259n s\u00fcr\u0259tl\u0259 ir\u0259lil\u0259y\u0259n peyv\u0259nd kampaniyas\u0131n\u0131n yax\u015f\u0131 yol q\u0259t etdiyi bildirilir.<\/p>\n\n\n\n<p>B\u0259zi virusoloqlar iddia edirl\u0259r ki, \u0130ngilt\u0259r\u0259d\u0259 istifad\u0259 edil\u0259n AstraZeneca peyv\u0259ndinin qoruyucu t\u0259siri alt\u0131 aydan sonra azal\u0131r.<\/p>\n\n\n\n<p>Haz\u0131rda B\u00f6y\u00fck Britaniyada yetkinlik ya\u015f\u0131na \u00e7atm\u0131\u015f \u015f\u0259xsl\u0259rin 79 faizinin peyv\u0259nd olundu\u011fu bildirilir. Yoluxma v\u0259ziyy\u0259tin\u0259 g\u0259linc\u0259, h\u0259r 100 min \u0259haliy\u0259 h\u0259ft\u0259d\u0259 458 yeni yoluxma hal\u0131 qeyd\u0259 al\u0131n\u0131r. \u00d6t\u0259n h\u0259ft\u0259l\u0259r\u0259 baxanda yoluxma say\u0131nda art\u0131m n\u0259z\u0259r\u0259 \u00e7arp\u0131r. B\u00f6y\u00fck Britaniya iyulun 19-dan karantin m\u0259hdudiyy\u0259tl\u0259rini aradan qald\u0131r\u0131b.<\/p>\n\n\n\n<figure class=\"wp-block-image size-large\"><img decoding=\"async\" src=\"https:\/\/www.meydan.tv\/az\/59516627_401-jpg\/\" alt=\"59516627_401.jpg\" class=\"wp-image-213701\"\/><figcaption>\u0130taliya<\/figcaption><\/figure>\n\n\n\n<p><b><br>Peyv\u0259nd\u0259 v\u0259 h\u00f6kum\u0259t idar\u0259l\u0259rin\u0259 inams\u0131zl\u0131q<br><\/b><\/p>\n\n\n\n<p>Bir \u00e7ox Avropa \u00f6lk\u0259l\u0259rind\u0259n f\u0259rqli olaraq, Latviya \u00f6lk\u0259d\u0259 s\u0259rt karantin rejimini noyabr\u0131n ortalar\u0131na q\u0259d\u0259r uzad\u0131b.<\/p>\n\n\n\n<p>Latviyada h\u0259r 100 min \u0259haliy\u0259 d\u00fc\u015f\u0259n h\u0259ft\u0259lik yeni yoluxma say\u0131 765-dir. Bu da Avropada \u0259n y\u00fcks\u0259k g\u00f6st\u0259ricidir.<\/p>\n\n\n\n<p>\u00d6l\u00fcm v\u0259 x\u0259st\u0259xanaya yerl\u0259\u015fdirilm\u0259 nisb\u0259ti d\u0259 s\u00fcr\u0259tl\u0259 art\u0131b.<\/p>\n\n\n\n<p>R\u0259smi a\u00e7\u0131qlamaya g\u00f6r\u0259, Latviyada \u0259halinin yaln\u0131z yar\u0131dan bir q\u0259d\u0259r \u00e7oxu peyv\u0259nd olunub. Bu da peyv\u0259ndl\u0259 ba\u011fl\u0131 \u00f6lk\u0259ni Q\u0259rbi Avropa \u00f6lk\u0259l\u0259rind\u0259n xeyli geri sal\u0131b.<\/p>\n\n\n\n<p>Latviyada \u0259hali peyv\u0259ndl\u0259nm\u0259y\u0259 \u015f\u00fcbh\u0259 il\u0259 yana\u015f\u0131r v\u0259 onlarda d\u00f6vl\u0259t idar\u0259l\u0259rin\u0259 etibars\u0131zl\u0131q problemi var. \u00d6lk\u0259nin ba\u015f naziri Krisjanis Karins \u00f6lk\u0259d\u0259 davam ed\u0259n t\u0259dbirl\u0259r\u0259 g\u00f6r\u0259 peyv\u0259nd olunanlardan \u00fczr ist\u0259yib.<\/p>\n\n\n\n<p>Bildirib ki, restoranlar, kafel\u0259r, kinoteatrlar v\u0259 dig\u0259r ictimai yerl\u0259r ba\u011fl\u0131 olaraq qalacaq. Eyni zamanda, Latviyada ax\u015fam saat 8-d\u0259n sonra k\u00fc\u00e7\u0259y\u0259 \u00e7\u0131xmaq yasaqd\u0131r.<\/p>\n\n\n\n<p><b><br>\u018fn yax\u015f\u0131 durumda olan Portuqaliya<br><\/b><\/p>\n\n\n\n<p>Portuqaliya is\u0259 Avropan\u0131n bir \u00e7ox \u00f6lk\u0259sind\u0259n f\u0259rqli olaraq \u00e7ox erk\u0259n m\u0259rh\u0259l\u0259d\u0259 tam ba\u011flanma\u011fa v\u0259 s\u0259rt m\u0259hdudiyy\u0259tl\u0259r\u0259 ke\u00e7ib.<\/p>\n\n\n\n<p>Haz\u0131rda Portuqaliya Avropada h\u0259ft\u0259lik yoluxma say\u0131n\u0131n \u0259n a\u015fa\u011f\u0131 oldu\u011fu \u00f6lk\u0259ldir. H\u0259r 100 min \u0259hali aras\u0131nda h\u0259ft\u0259lik orta hesabla yeni yoluxma hallar\u0131 c\u0259mi 43-d\u00fcr.<\/p>\n\n\n\n<p>R\u0259smil\u0259r bildirirl\u0259r ki, bu u\u011furun s\u0259b\u0259bi intensiv peyv\u0259ndl\u0259nm\u0259kdir. \u00d6lk\u0259 \u0259halisinin 85 faizi peyv\u0259nd olunub v\u0259 bu \u00f6lk\u0259ni beyn\u0259lxalq statistikada siyah\u0131n\u0131n ilk pill\u0259sin\u0259 \u00e7\u0131xar\u0131b.<\/p>\n\n\n\n<p><b><br>Pol\u015fada ikinci s\u0259rt q\u0131\u015f g\u00f6zl\u0259nilir<br><\/b><\/p>\n\n\n\n<p>Son g\u00fcnl\u0259r Pol\u015fada yeni koronavirusa yoluxma hallar\u0131nda k\u0259skin art\u0131m m\u00fc\u015fahid\u0259 edilib.<\/p>\n\n\n\n<p>\u00d6lk\u0259nin s\u0259hiyy\u0259 naziri bu h\u0259ft\u0259 verdiyi a\u00e7\u0131qlamada v\u0259ziyy\u0259tin bu \u015f\u0259kild\u0259 davam ed\u0259c\u0259yi t\u0259qdird\u0259 \u00e7ox s\u0259rt t\u0259dbirl\u0259r\u0259 \u0259l atma\u011f\u0131n qa\u00e7\u0131n\u0131lmaz olaca\u011f\u0131n\u0131 a\u00e7\u0131qlay\u0131b.<\/p>\n\n\n\n<p>Pol\u015fa h\u00f6kum\u0259ti \u00f6lk\u0259d\u0259 d\u00f6rd\u00fcnc\u00fc pandemiya dal\u011fas\u0131 il\u0259 ba\u011fl\u0131 \u0259haliy\u0259 x\u0259b\u0259rdarl\u0131q edib.<\/p>\n\n\n\n<p>Bildirilib ki, t\u0259kc\u0259 yeni yoluxma hallar\u0131 deyil, h\u0259m d\u0259 \u00f6l\u00fcm say\u0131 yazdan b\u0259ri \u0259n y\u00fcks\u0259k s\u0259viyy\u0259d\u0259dir.<\/p>\n\n\n\n<p><b><br>T\u00fcrkiy\u0259d\u0259 yoluxma ya\u015f\u0131 g\u0259ncl\u0259\u015fib<br><\/b><\/p>\n\n\n\n<p>T\u00fcrkiy\u0259d\u0259 aktiv koronavirus x\u0259st\u0259l\u0259rinin say\u0131 28-30 min aras\u0131ndad\u0131r. Aktiv x\u0259st\u0259 say\u0131n\u0131n 10 min oldu\u011fu avqustda T\u00fcrkiy\u0259 m\u0259kt\u0259bl\u0259rin a\u00e7\u0131lmas\u0131 q\u0259rar\u0131n\u0131 vermi\u015fdi.<\/p>\n\n\n\n<p>\u018fn \u00e7ox yoluxma hal\u0131 is\u0259 Zonquldak b\u00f6lg\u0259sind\u0259dir. H\u0259r 100 min \u0259haliy\u0259 h\u0259ft\u0259lik 551 yoluxma hal\u0131 d\u00fc\u015f\u00fcr. S\u0259hiyy\u0259 naziri Fahrettin Koca \u201cTwitter\u201d-d\u0259 v\u0259t\u0259nda\u015flar\u0131 peyv\u0259nd olunma\u011fa \u00e7a\u011f\u0131r\u0131b: \u201cCOVID-19-a yoluxanlar\u0131n orta ya\u015f\u0131 azal\u0131b. Yoluxma hallar\u0131n\u0131n yar\u0131s\u0131 30 ya\u015fdan a\u015fa\u011f\u0131d\u0131r\u201d.<\/p>\n\n\n\n<p>Bu g\u00fcn T\u00fcrkiy\u0259d\u0259 \u0259halinin 77 faizi tam doza peyv\u0259nd olunub. Ancaq bu \u00f6lk\u0259d\u0259 b\u00f6lg\u0259 v\u0259 vilay\u0259tl\u0259r\u0259 g\u00f6r\u0259 peyv\u0259nd nisb\u0259tl\u0259ri aras\u0131nda b\u00f6y\u00fck f\u0259rql\u0259r var. Ordu y\u00fczd\u0259 81,7 il\u0259 \u0259n y\u00fcks\u0259k peyv\u0259nd nisb\u0259tin\u0259 sahibdir. \u018fn a\u015fa\u011f\u0131 peyv\u0259nd nisb\u0259ti y\u00fczd\u0259 51,5 il\u0259 Urfadad\u0131r.<\/p>\n\n\n\n<figure class=\"wp-block-image size-large\"><img decoding=\"async\" src=\"https:\/\/www.meydan.tv\/az\/061200027782-jpeg\/\" alt=\"061200027782.jpeg\" class=\"wp-image-142994\"\/><figcaption>COV\u0130D-19<\/figcaption><\/figure>\n\n\n\n<p><b><br>G\u00fcrc\u00fcstanda g\u00fcnl\u00fck 5 min\u0259 yax\u0131n yoluxma<br><\/b><\/p>\n\n\n\n<p>G\u00fcrc\u00fcstanda \u00f6t\u0259n sutkada koronavirusa 4 762 yeni yoluxma fakt\u0131 qeyd\u0259 al\u0131n\u0131b. Daha \u00f6nc\u0259 yoluxanlardan 3 953 n\u0259f\u0259r m\u00fcalic\u0259 olunaraq sa\u011fal\u0131b, 43 pasiyent v\u0259fat edib.<\/p>\n\n\n\n<p>Bu bar\u0259d\u0259 \u00f6lk\u0259nin X\u0259st\u0259likl\u0259r\u0259 N\u0259zar\u0259t v\u0259 \u0130ctimai Sa\u011flaml\u0131q Milli M\u0259rk\u0259zind\u0259n bildirilib.<\/p>\n\n\n\n<p>Haz\u0131rk\u0131 d\u00f6vr\u0259d\u0259k qon\u015fu \u00f6lk\u0259d\u0259 COVID-19 infeksiyas\u0131na 698 944 n\u0259f\u0259r yoluxub. Onlar\u0131n 639 564-\u00fc sa\u011fal\u0131b, 9 831-i h\u0259yat\u0131n\u0131 itirib.<\/p>\n\n\n\n<p>Bu g\u00fcn\u0259 olan aktiv x\u0259st\u0259 say\u0131 49 523 n\u0259f\u0259rdir.<\/p>\n\n\n\n<p>Rusiya v\u0259 Ukraynada da koronavirusa yoluxmu\u015f insanlar\u0131n \u00f6l\u00fcm say\u0131nda k\u0259skin art\u0131m m\u00fc\u015fahid\u0259 edilib.<\/p>\n\n\n\n<p>Rusiyada sutkal\u0131q \u00f6l\u00fcm say\u0131 1000 n\u0259f\u0259ri, Ukraynada is\u0259 700-\u00fc ke\u00e7ib. H\u0259r iki \u00f6lk\u0259d\u0259 karantin rejimind\u0259 s\u0259rtl\u0259\u015fdirm\u0259y\u0259 gedilib.<\/p>\n\n\n\n<p>2019-cu ilin sonlar\u0131nda d\u00fcnyada yeni koronavirus a\u015fkar edilib.<\/p>\n\n\n\n<p>2020-ci il mart\u0131n 11-d\u0259 D\u00fcnya S\u0259hiyy\u0259 T\u0259\u015fkilat\u0131 koronavirusu pandemiya elan edib.<\/p>\n\n\n\n<p>D\u00fcnyada s\u00fcr\u0259tl\u0259 yay\u0131lan bu virusdan indiy\u0259 q\u0259d\u0259r 4.9 milyondan \u00e7ox \u015f\u0259xsin v\u0259fat etdiyi a\u00e7\u0131qlan\u0131b.<\/p>\n","protected":false},"excerpt":{"rendered":"<p>Haz\u0131rk\u0131 d\u00f6vr\u0259d\u0259k qon\u015fu \u00f6lk\u0259d\u0259 COVID-19 infeksiyas\u0131na 698 944 n\u0259f\u0259r yoluxub.<\/p>\n","protected":false},"author":11,"featured_media":213704,"comment_status":"closed","ping_status":"open","sticky":false,"template":"","format":"standard","meta":{"_acf_changed":false,"_sitemap_exclude":false,"_sitemap_priority":"","_sitemap_frequency":"","footnotes":""},"categories":[54],"tags":[],"class_list":["post-213756","post","type-post","status-publish","format-standard","has-post-thumbnail","hentry","category-sagliq","infinite-scroll-item","generate-columns","tablet-grid-50","mobile-grid-100","grid-parent","grid-33","no-featured-image-padding"],"acf":[],"yoast_head":"<!-- This site is optimized with the Yoast SEO plugin v27.4 - https:\/\/yoast.com\/product\/yoast-seo-wordpress\/ -->\n<title>Koronavirus: D\u00fcnyada v\u0259 Az\u0259rbaycanda - MEYDAN.TV<\/title>\n<meta name=\"robots\" content=\"index, follow, max-snippet:-1, max-image-preview:large, max-video-preview:-1\" \/>\n<link rel=\"canonical\" href=\"https:\/\/www.meydan.tv\/az\/article\/koronavirus-dunyada-ve-azerbaycanda\/\" \/>\n<meta property=\"og:locale\" content=\"az_AZ\" \/>\n<meta property=\"og:type\" content=\"article\" \/>\n<meta property=\"og:title\" content=\"Koronavirus: D\u00fcnyada v\u0259 Az\u0259rbaycanda - MEYDAN.TV\" \/>\n<meta property=\"og:description\" content=\"Haz\u0131rk\u0131 d\u00f6vr\u0259d\u0259k qon\u015fu \u00f6lk\u0259d\u0259 COVID-19 infeksiyas\u0131na 698 944 n\u0259f\u0259r yoluxub.\" \/>\n<meta property=\"og:url\" content=\"https:\/\/www.meydan.tv\/az\/article\/koronavirus-dunyada-ve-azerbaycanda\/\" \/>\n<meta property=\"og:site_name\" content=\"MEYDAN.TV\" \/>\n<meta property=\"article:published_time\" content=\"2021-10-26T12:36:48+00:00\" \/>\n<meta property=\"article:modified_time\" content=\"2021-10-27T16:18:59+00:00\" \/>\n<meta property=\"og:image\" content=\"https:\/\/www.meydan.tv\/wp-content\/uploads\/korona1_ervicuk-1-scaled.jpg\" \/>\n\t<meta property=\"og:image:width\" content=\"2560\" \/>\n\t<meta property=\"og:image:height\" content=\"1440\" \/>\n\t<meta property=\"og:image:type\" content=\"image\/jpeg\" \/>\n<meta name=\"author\" content=\"user-manager\" \/>\n<meta name=\"twitter:card\" content=\"summary_large_image\" \/>\n<script type=\"application\/ld+json\" class=\"yoast-schema-graph\">{\"@context\":\"https:\\\/\\\/schema.org\",\"@graph\":[{\"@type\":\"Article\",\"@id\":\"https:\\\/\\\/www.meydan.tv\\\/az\\\/article\\\/koronavirus-dunyada-ve-azerbaycanda\\\/#article\",\"isPartOf\":{\"@id\":\"https:\\\/\\\/www.meydan.tv\\\/az\\\/article\\\/koronavirus-dunyada-ve-azerbaycanda\\\/\"},\"author\":{\"name\":\"user-manager\",\"@id\":\"https:\\\/\\\/www.meydan.tv\\\/az\\\/#\\\/schema\\\/person\\\/10d11eccf6da3662cf5fdab9806ea91a\"},\"headline\":\"Koronavirus: D\u00fcnyada v\u0259 Az\u0259rbaycanda\",\"datePublished\":\"2021-10-26T12:36:48+00:00\",\"dateModified\":\"2021-10-27T16:18:59+00:00\",\"mainEntityOfPage\":{\"@id\":\"https:\\\/\\\/www.meydan.tv\\\/az\\\/article\\\/koronavirus-dunyada-ve-azerbaycanda\\\/\"},\"wordCount\":1489,\"publisher\":{\"@id\":\"https:\\\/\\\/www.meydan.tv\\\/az\\\/#organization\"},\"image\":{\"@id\":\"https:\\\/\\\/www.meydan.tv\\\/az\\\/article\\\/koronavirus-dunyada-ve-azerbaycanda\\\/#primaryimage\"},\"thumbnailUrl\":\"https:\\\/\\\/www.meydan.tv\\\/wp-content\\\/uploads\\\/korona1_ervicuk-1-scaled.jpg\",\"articleSection\":[\"Sa\u011fl\u0131q\"],\"inLanguage\":\"az\"},{\"@type\":\"WebPage\",\"@id\":\"https:\\\/\\\/www.meydan.tv\\\/az\\\/article\\\/koronavirus-dunyada-ve-azerbaycanda\\\/\",\"url\":\"https:\\\/\\\/www.meydan.tv\\\/az\\\/article\\\/koronavirus-dunyada-ve-azerbaycanda\\\/\",\"name\":\"Koronavirus: D\u00fcnyada v\u0259 Az\u0259rbaycanda - MEYDAN.TV\",\"isPartOf\":{\"@id\":\"https:\\\/\\\/www.meydan.tv\\\/az\\\/#website\"},\"primaryImageOfPage\":{\"@id\":\"https:\\\/\\\/www.meydan.tv\\\/az\\\/article\\\/koronavirus-dunyada-ve-azerbaycanda\\\/#primaryimage\"},\"image\":{\"@id\":\"https:\\\/\\\/www.meydan.tv\\\/az\\\/article\\\/koronavirus-dunyada-ve-azerbaycanda\\\/#primaryimage\"},\"thumbnailUrl\":\"https:\\\/\\\/www.meydan.tv\\\/wp-content\\\/uploads\\\/korona1_ervicuk-1-scaled.jpg\",\"datePublished\":\"2021-10-26T12:36:48+00:00\",\"dateModified\":\"2021-10-27T16:18:59+00:00\",\"breadcrumb\":{\"@id\":\"https:\\\/\\\/www.meydan.tv\\\/az\\\/article\\\/koronavirus-dunyada-ve-azerbaycanda\\\/#breadcrumb\"},\"inLanguage\":\"az\",\"potentialAction\":[{\"@type\":\"ReadAction\",\"target\":[\"https:\\\/\\\/www.meydan.tv\\\/az\\\/article\\\/koronavirus-dunyada-ve-azerbaycanda\\\/\"]}]},{\"@type\":\"ImageObject\",\"inLanguage\":\"az\",\"@id\":\"https:\\\/\\\/www.meydan.tv\\\/az\\\/article\\\/koronavirus-dunyada-ve-azerbaycanda\\\/#primaryimage\",\"url\":\"https:\\\/\\\/www.meydan.tv\\\/wp-content\\\/uploads\\\/korona1_ervicuk-1-scaled.jpg\",\"contentUrl\":\"https:\\\/\\\/www.meydan.tv\\\/wp-content\\\/uploads\\\/korona1_ervicuk-1-scaled.jpg\",\"width\":2560,\"height\":1440,\"caption\":\"Foto: Meydan TV\"},{\"@type\":\"BreadcrumbList\",\"@id\":\"https:\\\/\\\/www.meydan.tv\\\/az\\\/article\\\/koronavirus-dunyada-ve-azerbaycanda\\\/#breadcrumb\",\"itemListElement\":[{\"@type\":\"ListItem\",\"position\":1,\"name\":\"Ana s\u0259hif\u0259\",\"item\":\"https:\\\/\\\/www.meydan.tv\\\/az\\\/\"},{\"@type\":\"ListItem\",\"position\":2,\"name\":\"Sa\u011fl\u0131q\",\"item\":\"https:\\\/\\\/www.meydan.tv\\\/az\\\/section\\\/sagliq\\\/\"},{\"@type\":\"ListItem\",\"position\":3,\"name\":\"Koronavirus: D\u00fcnyada v\u0259 Az\u0259rbaycanda\"}]},{\"@type\":\"WebSite\",\"@id\":\"https:\\\/\\\/www.meydan.tv\\\/az\\\/#website\",\"url\":\"https:\\\/\\\/www.meydan.tv\\\/az\\\/\",\"name\":\"MEYDAN.TV\",\"description\":\"Meydan TV Az\u0259rbaycan\u0131n media m\u0259kan\u0131ndak\u0131 alternativ s\u0259sidir\",\"publisher\":{\"@id\":\"https:\\\/\\\/www.meydan.tv\\\/az\\\/#organization\"},\"potentialAction\":[{\"@type\":\"SearchAction\",\"target\":{\"@type\":\"EntryPoint\",\"urlTemplate\":\"https:\\\/\\\/www.meydan.tv\\\/az\\\/?s={search_term_string}\"},\"query-input\":{\"@type\":\"PropertyValueSpecification\",\"valueRequired\":true,\"valueName\":\"search_term_string\"}}],\"inLanguage\":\"az\"},{\"@type\":\"Organization\",\"@id\":\"https:\\\/\\\/www.meydan.tv\\\/az\\\/#organization\",\"name\":\"Meydan TV\",\"url\":\"https:\\\/\\\/www.meydan.tv\\\/az\\\/\",\"logo\":{\"@type\":\"ImageObject\",\"inLanguage\":\"az\",\"@id\":\"https:\\\/\\\/www.meydan.tv\\\/az\\\/#\\\/schema\\\/logo\\\/image\\\/\",\"url\":\"https:\\\/\\\/www.meydan.tv\\\/wp-content\\\/uploads\\\/2021\\\/07\\\/meydan-logo.svg\",\"contentUrl\":\"https:\\\/\\\/www.meydan.tv\\\/wp-content\\\/uploads\\\/2021\\\/07\\\/meydan-logo.svg\",\"width\":195,\"height\":46,\"caption\":\"Meydan TV\"},\"image\":{\"@id\":\"https:\\\/\\\/www.meydan.tv\\\/az\\\/#\\\/schema\\\/logo\\\/image\\\/\"}},{\"@type\":\"Person\",\"@id\":\"https:\\\/\\\/www.meydan.tv\\\/az\\\/#\\\/schema\\\/person\\\/10d11eccf6da3662cf5fdab9806ea91a\",\"name\":\"user-manager\"}]}<\/script>\n<!-- \/ Yoast SEO plugin. -->","yoast_head_json":{"title":"Koronavirus: D\u00fcnyada v\u0259 Az\u0259rbaycanda - MEYDAN.TV","robots":{"index":"index","follow":"follow","max-snippet":"max-snippet:-1","max-image-preview":"max-image-preview:large","max-video-preview":"max-video-preview:-1"},"canonical":"https:\/\/www.meydan.tv\/az\/article\/koronavirus-dunyada-ve-azerbaycanda\/","og_locale":"az_AZ","og_type":"article","og_title":"Koronavirus: D\u00fcnyada v\u0259 Az\u0259rbaycanda - MEYDAN.TV","og_description":"Haz\u0131rk\u0131 d\u00f6vr\u0259d\u0259k qon\u015fu \u00f6lk\u0259d\u0259 COVID-19 infeksiyas\u0131na 698 944 n\u0259f\u0259r yoluxub.","og_url":"https:\/\/www.meydan.tv\/az\/article\/koronavirus-dunyada-ve-azerbaycanda\/","og_site_name":"MEYDAN.TV","article_published_time":"2021-10-26T12:36:48+00:00","article_modified_time":"2021-10-27T16:18:59+00:00","og_image":[{"width":2560,"height":1440,"url":"https:\/\/www.meydan.tv\/wp-content\/uploads\/korona1_ervicuk-1-scaled.jpg","type":"image\/jpeg"}],"author":"user-manager","twitter_card":"summary_large_image","schema":{"@context":"https:\/\/schema.org","@graph":[{"@type":"Article","@id":"https:\/\/www.meydan.tv\/az\/article\/koronavirus-dunyada-ve-azerbaycanda\/#article","isPartOf":{"@id":"https:\/\/www.meydan.tv\/az\/article\/koronavirus-dunyada-ve-azerbaycanda\/"},"author":{"name":"user-manager","@id":"https:\/\/www.meydan.tv\/az\/#\/schema\/person\/10d11eccf6da3662cf5fdab9806ea91a"},"headline":"Koronavirus: D\u00fcnyada v\u0259 Az\u0259rbaycanda","datePublished":"2021-10-26T12:36:48+00:00","dateModified":"2021-10-27T16:18:59+00:00","mainEntityOfPage":{"@id":"https:\/\/www.meydan.tv\/az\/article\/koronavirus-dunyada-ve-azerbaycanda\/"},"wordCount":1489,"publisher":{"@id":"https:\/\/www.meydan.tv\/az\/#organization"},"image":{"@id":"https:\/\/www.meydan.tv\/az\/article\/koronavirus-dunyada-ve-azerbaycanda\/#primaryimage"},"thumbnailUrl":"https:\/\/www.meydan.tv\/wp-content\/uploads\/korona1_ervicuk-1-scaled.jpg","articleSection":["Sa\u011fl\u0131q"],"inLanguage":"az"},{"@type":"WebPage","@id":"https:\/\/www.meydan.tv\/az\/article\/koronavirus-dunyada-ve-azerbaycanda\/","url":"https:\/\/www.meydan.tv\/az\/article\/koronavirus-dunyada-ve-azerbaycanda\/","name":"Koronavirus: D\u00fcnyada v\u0259 Az\u0259rbaycanda - MEYDAN.TV","isPartOf":{"@id":"https:\/\/www.meydan.tv\/az\/#website"},"primaryImageOfPage":{"@id":"https:\/\/www.meydan.tv\/az\/article\/koronavirus-dunyada-ve-azerbaycanda\/#primaryimage"},"image":{"@id":"https:\/\/www.meydan.tv\/az\/article\/koronavirus-dunyada-ve-azerbaycanda\/#primaryimage"},"thumbnailUrl":"https:\/\/www.meydan.tv\/wp-content\/uploads\/korona1_ervicuk-1-scaled.jpg","datePublished":"2021-10-26T12:36:48+00:00","dateModified":"2021-10-27T16:18:59+00:00","breadcrumb":{"@id":"https:\/\/www.meydan.tv\/az\/article\/koronavirus-dunyada-ve-azerbaycanda\/#breadcrumb"},"inLanguage":"az","potentialAction":[{"@type":"ReadAction","target":["https:\/\/www.meydan.tv\/az\/article\/koronavirus-dunyada-ve-azerbaycanda\/"]}]},{"@type":"ImageObject","inLanguage":"az","@id":"https:\/\/www.meydan.tv\/az\/article\/koronavirus-dunyada-ve-azerbaycanda\/#primaryimage","url":"https:\/\/www.meydan.tv\/wp-content\/uploads\/korona1_ervicuk-1-scaled.jpg","contentUrl":"https:\/\/www.meydan.tv\/wp-content\/uploads\/korona1_ervicuk-1-scaled.jpg","width":2560,"height":1440,"caption":"Foto: Meydan TV"},{"@type":"BreadcrumbList","@id":"https:\/\/www.meydan.tv\/az\/article\/koronavirus-dunyada-ve-azerbaycanda\/#breadcrumb","itemListElement":[{"@type":"ListItem","position":1,"name":"Ana s\u0259hif\u0259","item":"https:\/\/www.meydan.tv\/az\/"},{"@type":"ListItem","position":2,"name":"Sa\u011fl\u0131q","item":"https:\/\/www.meydan.tv\/az\/section\/sagliq\/"},{"@type":"ListItem","position":3,"name":"Koronavirus: D\u00fcnyada v\u0259 Az\u0259rbaycanda"}]},{"@type":"WebSite","@id":"https:\/\/www.meydan.tv\/az\/#website","url":"https:\/\/www.meydan.tv\/az\/","name":"MEYDAN.TV","description":"Meydan TV Az\u0259rbaycan\u0131n media m\u0259kan\u0131ndak\u0131 alternativ s\u0259sidir","publisher":{"@id":"https:\/\/www.meydan.tv\/az\/#organization"},"potentialAction":[{"@type":"SearchAction","target":{"@type":"EntryPoint","urlTemplate":"https:\/\/www.meydan.tv\/az\/?s={search_term_string}"},"query-input":{"@type":"PropertyValueSpecification","valueRequired":true,"valueName":"search_term_string"}}],"inLanguage":"az"},{"@type":"Organization","@id":"https:\/\/www.meydan.tv\/az\/#organization","name":"Meydan TV","url":"https:\/\/www.meydan.tv\/az\/","logo":{"@type":"ImageObject","inLanguage":"az","@id":"https:\/\/www.meydan.tv\/az\/#\/schema\/logo\/image\/","url":"https:\/\/www.meydan.tv\/wp-content\/uploads\/2021\/07\/meydan-logo.svg","contentUrl":"https:\/\/www.meydan.tv\/wp-content\/uploads\/2021\/07\/meydan-logo.svg","width":195,"height":46,"caption":"Meydan TV"},"image":{"@id":"https:\/\/www.meydan.tv\/az\/#\/schema\/logo\/image\/"}},{"@type":"Person","@id":"https:\/\/www.meydan.tv\/az\/#\/schema\/person\/10d11eccf6da3662cf5fdab9806ea91a","name":"user-manager"}]}},"_links":{"self":[{"href":"https:\/\/www.meydan.tv\/az\/wp-json\/wp\/v2\/posts\/213756","targetHints":{"allow":["GET"]}}],"collection":[{"href":"https:\/\/www.meydan.tv\/az\/wp-json\/wp\/v2\/posts"}],"about":[{"href":"https:\/\/www.meydan.tv\/az\/wp-json\/wp\/v2\/types\/post"}],"author":[{"embeddable":true,"href":"https:\/\/www.meydan.tv\/az\/wp-json\/wp\/v2\/users\/11"}],"replies":[{"embeddable":true,"href":"https:\/\/www.meydan.tv\/az\/wp-json\/wp\/v2\/comments?post=213756"}],"version-history":[{"count":4,"href":"https:\/\/www.meydan.tv\/az\/wp-json\/wp\/v2\/posts\/213756\/revisions"}],"predecessor-version":[{"id":214061,"href":"https:\/\/www.meydan.tv\/az\/wp-json\/wp\/v2\/posts\/213756\/revisions\/214061"}],"wp:featuredmedia":[{"embeddable":true,"href":"https:\/\/www.meydan.tv\/az\/wp-json\/wp\/v2\/media\/213704"}],"wp:attachment":[{"href":"https:\/\/www.meydan.tv\/az\/wp-json\/wp\/v2\/media?parent=213756"}],"wp:term":[{"taxonomy":"category","embeddable":true,"href":"https:\/\/www.meydan.tv\/az\/wp-json\/wp\/v2\/categories?post=213756"},{"taxonomy":"post_tag","embeddable":true,"href":"https:\/\/www.meydan.tv\/az\/wp-json\/wp\/v2\/tags?post=213756"}],"curies":[{"name":"wp","href":"https:\/\/api.w.org\/{rel}","templated":true}]}}