{"id":213752,"date":"2021-10-26T13:45:09","date_gmt":"2021-10-26T11:45:09","guid":{"rendered":"https:\/\/www.meydan.tv\/?p=213752"},"modified":"2021-10-26T15:30:57","modified_gmt":"2021-10-26T13:30:57","slug":"bakida-daha-bir-mektebde-eyani-tehsil-dayandirilib","status":"publish","type":"post","link":"https:\/\/www.meydan.tv\/az\/article\/bakida-daha-bir-mektebde-eyani-tehsil-dayandirilib\/","title":{"rendered":"Bak\u0131da daha bir m\u0259kt\u0259bd\u0259 \u0259yani t\u0259hsil dayand\u0131r\u0131l\u0131b"},"content":{"rendered":"<p>\n  <i><br \/>\n    Bak\u0131 \u015e\u0259h\u0259ri \u00fczr\u0259 T\u0259hsil \u0130dar\u0259si: &quot;\u018fyani t\u0259hsil 14 g\u00fcn distant t\u0259hsill\u0259 \u0259v\u0259z olunub&quot;<br \/>\n  <\/i>\n<\/p>\n<p>\n  Bak\u0131n\u0131n 73 n\u00f6mr\u0259li tam orta m\u0259kt\u0259bi 14 g\u00fcnl\u00fck distant t\u0259hsil\u0259 ke\u00e7ib.\n<\/p>\n<p>\n  Bak\u0131 \u015e\u0259h\u0259ri \u00fczr\u0259 T\u0259hsil \u0130dar\u0259sinin yayd\u0131\u011f\u0131 press-relizd\u0259 bel\u0259 deyilir.\n<\/p>\n<p>\n  Bildirilir ki, m\u0259kt\u0259bin 3 \u015fagird v\u0259 5 m\u00fc\u0259lliminin COV\u0130D-19 infeksiyas\u0131na yoluxmas\u0131 t\u0259sdiq olunub.\n<\/p>\n<p>\n  S\u0259hiyy\u0259 Nazirliyinin Gigiyena v\u0259 Epidemiologiya M\u0259rk\u0259zinin r\u0259yi \u0259sas\u0131nda m\u0259kt\u0259bd\u0259 \u0259yani t\u0259dris prosesi 14 g\u00fcn m\u00fcdd\u0259tin\u0259 distant t\u0259hsill\u0259 \u0259v\u0259z olunub.\n<\/p>\n<p>\n  Az\u0259rbaycanda 2021-ci il sentyabr\u0131n 22-d\u0259n I-IV, 29-dan is\u0259 V-XI sinifl\u0259r \u00fczr\u0259, el\u0259c\u0259 d\u0259 b\u00fct\u00fcn t\u0259hsil m\u00fc\u0259ssis\u0259l\u0259rind\u0259 \u0259yani t\u0259dris\u0259 ba\u015flan\u0131l\u0131b.\n<\/p>\n<p>\n  H\u0259min m\u00fcdd\u0259td\u0259n indiy\u0259d\u0259k 19 m\u0259kt\u0259b, 505 sinif distant t\u0259hsil\u0259 ke\u00e7ib.\n<\/p>\n<p>\n  S\u0259hiyy\u0259 Nazirliyi h\u0259r iki valideynin raz\u0131l\u0131\u011f\u0131na \u0259sas\u0259n, 12-15 ya\u015f\u0131 tamam olmu\u015f yeniyetm\u0259l\u0259r\u0259 COVID-19 x\u0259st\u0259liyi \u0259leyhin\u0259 mRNT Pfizer (\u201cComirnaty\u201d) peyv\u0259ndini vurma\u011f\u0131 t\u00f6vsiy\u0259<br \/>\n  <a href=\"http:\/\/sehiyye.gov.az\/xeberler\/3477-azrbaycan-respublikas-shiyy-nazirliyinin-mlumati.html\"><br \/>\n    edir<br \/>\n  <\/a><br \/>\n  .\n<\/p>\n<p>\n  T\u0259hsil Nazirliyinin statistikas\u0131nda bildirilir ki, t\u0259hsil i\u015f\u00e7il\u0259rinin 86 faizi COVID-19 \u0259leyhin\u0259 vaksinasiyadan<br \/>\n  <a href=\"https:\/\/edu.gov.az\/az\/news-and-updates\/16880-\"><br \/>\n    ke\u00e7ib<br \/>\n  <\/a><br \/>\n  .\n<\/p>\n<p>\n  Oktyabr\u0131n 13-d\u0259 Az\u0259rbaycanda koronavirusdan \u00f6l\u0259n ilk u\u015faq fakt\u0131 qeyd\u0259 al\u0131n\u0131b.\n<\/p>\n<p>\n  Yusif M\u0259mm\u0259d\u0259liyev ad\u0131na Sumqay\u0131t \u015f\u0259h\u0259r 31 n\u00f6mr\u0259li tam orta m\u0259kt\u0259bin 9 b sinif \u015fagirdi \u018fsg\u0259rov Kamil \u0130slam o\u011flu yeni n\u00f6v koronavirusdan v\u0259fat<br \/>\n  <a href=\"https:\/\/www.meydan.tv\/az\/article\/azerbaycanda-mektebli-koronavirusdan-olub\/?ref=search\"><br \/>\n    edib<br \/>\n  <\/a><br \/>\n  .\n<\/p>\n<p>\n  Oktyabr\u0131n 25-d\u0259 is\u0259 Bak\u0131 \u015f\u0259h\u0259ri 236 sayl\u0131 orta m\u0259kt\u0259bin ibtidai sinif m\u00fc\u0259llimi G\u00fclp\u0259ri \u018fliyeva koronavirusdan v\u0259fat edib.\n<\/p>\n<p>\n  Yerli m\u0259tbuat\u0131n yayd\u0131\u011f\u0131 m\u0259lumatlara \u0259sas\u0259n, son 1 ayda COV\u0130D-19-dan \u00f6l\u0259n m\u00fc\u0259lliml\u0259rin say\u0131 10-a<br \/>\n  <a href=\"https:\/\/www.meydan.tv\/az\/article\/ibtidai-sinif-muellimi-koronavirusdan-heyatini-itirib\/?ref=search\"><br \/>\n    \u00e7at\u0131b<br \/>\n  <\/a><br \/>\n  .\n<\/p>\n<p>\n  Haz\u0131rda \u00fcmumt\u0259hsil m\u0259kt\u0259bl\u0259rind\u0259 t\u0259dris prosesi pandemiya qaydalar\u0131na uy\u011fun \u015f\u0259kild\u0259 davam etdirilir v\u0259 yax\u0131n h\u0259ft\u0259l\u0259rd\u0259 distant t\u0259dris\u0259 ke\u00e7id planla\u015fd\u0131r\u0131lm\u0131r.\n<\/p>\n<p>\n  Oktyabr\u0131n 19-da Bak\u0131da 322 n\u00f6mr\u0259li tam orta m\u0259kt\u0259bin f\u0259aliyy\u0259ti distant t\u0259hsil formas\u0131na<br \/>\n  <a href=\"https:\/\/axar.az\/news\/toplum\/595236.html\"><br \/>\n    ke\u00e7ib<br \/>\n  <\/a><br \/>\n  .\n<\/p>\n<p>\n  Bak\u0131 \u015e\u0259h\u0259ri \u00fczr\u0259 T\u0259hsil \u0130dar\u0259sind\u0259n bildirilib ki, m\u0259kt\u0259bd\u0259 COVID-19 infeksiyas\u0131na yoluxma hallar\u0131 il\u0259 \u0259laq\u0259dar m\u0259kt\u0259bin f\u0259aliyy\u0259ti m\u00fcv\u0259qq\u0259ti dayand\u0131r\u0131l\u0131b v\u0259 \u0259yani t\u0259dris prosesi 14 g\u00fcn m\u00fcdd\u0259tin\u0259 distant t\u0259hsill\u0259 \u0259v\u0259z olunub.<\/p>\n","protected":false},"excerpt":{"rendered":"<p>H\u0259min m\u00fcdd\u0259td\u0259n indiy\u0259d\u0259k 19 m\u0259kt\u0259b, 505 sinif distant t\u0259hsil\u0259 ke\u00e7ib.<\/p>\n","protected":false},"author":11,"featured_media":162030,"comment_status":"closed","ping_status":"open","sticky":false,"template":"","format":"standard","meta":{"_acf_changed":false,"_sitemap_exclude":false,"_sitemap_priority":"","_sitemap_frequency":"","footnotes":""},"categories":[54],"tags":[],"class_list":["post-213752","post","type-post","status-publish","format-standard","has-post-thumbnail","hentry","category-sagliq","infinite-scroll-item","generate-columns","tablet-grid-50","mobile-grid-100","grid-parent","grid-33","no-featured-image-padding"],"acf":[],"yoast_head":"<!-- This site is optimized with the Yoast SEO plugin v27.4 - https:\/\/yoast.com\/product\/yoast-seo-wordpress\/ -->\n<title>Bak\u0131da daha bir m\u0259kt\u0259bd\u0259 \u0259yani t\u0259hsil dayand\u0131r\u0131l\u0131b - MEYDAN.TV<\/title>\n<meta name=\"robots\" content=\"index, follow, max-snippet:-1, max-image-preview:large, max-video-preview:-1\" \/>\n<link rel=\"canonical\" href=\"https:\/\/www.meydan.tv\/az\/article\/bakida-daha-bir-mektebde-eyani-tehsil-dayandirilib\/\" \/>\n<meta property=\"og:locale\" content=\"az_AZ\" \/>\n<meta property=\"og:type\" content=\"article\" \/>\n<meta property=\"og:title\" content=\"Bak\u0131da daha bir m\u0259kt\u0259bd\u0259 \u0259yani t\u0259hsil dayand\u0131r\u0131l\u0131b - MEYDAN.TV\" \/>\n<meta property=\"og:description\" content=\"H\u0259min m\u00fcdd\u0259td\u0259n indiy\u0259d\u0259k 19 m\u0259kt\u0259b, 505 sinif distant t\u0259hsil\u0259 ke\u00e7ib.\" \/>\n<meta property=\"og:url\" content=\"https:\/\/www.meydan.tv\/az\/article\/bakida-daha-bir-mektebde-eyani-tehsil-dayandirilib\/\" \/>\n<meta property=\"og:site_name\" content=\"MEYDAN.TV\" \/>\n<meta property=\"article:published_time\" content=\"2021-10-26T11:45:09+00:00\" \/>\n<meta property=\"article:modified_time\" content=\"2021-10-26T13:30:57+00:00\" \/>\n<meta property=\"og:image\" content=\"https:\/\/www.meydan.tv\/wp-content\/uploads\/kovid_yekaxf1.jpg\" \/>\n\t<meta property=\"og:image:width\" content=\"1066\" \/>\n\t<meta property=\"og:image:height\" content=\"600\" \/>\n\t<meta property=\"og:image:type\" content=\"image\/jpeg\" \/>\n<meta name=\"author\" content=\"user-manager\" \/>\n<meta name=\"twitter:card\" content=\"summary_large_image\" \/>\n<script type=\"application\/ld+json\" class=\"yoast-schema-graph\">{\"@context\":\"https:\\\/\\\/schema.org\",\"@graph\":[{\"@type\":\"Article\",\"@id\":\"https:\\\/\\\/www.meydan.tv\\\/az\\\/article\\\/bakida-daha-bir-mektebde-eyani-tehsil-dayandirilib\\\/#article\",\"isPartOf\":{\"@id\":\"https:\\\/\\\/www.meydan.tv\\\/az\\\/article\\\/bakida-daha-bir-mektebde-eyani-tehsil-dayandirilib\\\/\"},\"author\":{\"name\":\"user-manager\",\"@id\":\"https:\\\/\\\/www.meydan.tv\\\/az\\\/#\\\/schema\\\/person\\\/10d11eccf6da3662cf5fdab9806ea91a\"},\"headline\":\"Bak\u0131da daha bir m\u0259kt\u0259bd\u0259 \u0259yani t\u0259hsil dayand\u0131r\u0131l\u0131b\",\"datePublished\":\"2021-10-26T11:45:09+00:00\",\"dateModified\":\"2021-10-26T13:30:57+00:00\",\"mainEntityOfPage\":{\"@id\":\"https:\\\/\\\/www.meydan.tv\\\/az\\\/article\\\/bakida-daha-bir-mektebde-eyani-tehsil-dayandirilib\\\/\"},\"wordCount\":426,\"publisher\":{\"@id\":\"https:\\\/\\\/www.meydan.tv\\\/az\\\/#organization\"},\"image\":{\"@id\":\"https:\\\/\\\/www.meydan.tv\\\/az\\\/article\\\/bakida-daha-bir-mektebde-eyani-tehsil-dayandirilib\\\/#primaryimage\"},\"thumbnailUrl\":\"https:\\\/\\\/www.meydan.tv\\\/wp-content\\\/uploads\\\/kovid_yekaxf1.jpg\",\"articleSection\":[\"Sa\u011fl\u0131q\"],\"inLanguage\":\"az\"},{\"@type\":\"WebPage\",\"@id\":\"https:\\\/\\\/www.meydan.tv\\\/az\\\/article\\\/bakida-daha-bir-mektebde-eyani-tehsil-dayandirilib\\\/\",\"url\":\"https:\\\/\\\/www.meydan.tv\\\/az\\\/article\\\/bakida-daha-bir-mektebde-eyani-tehsil-dayandirilib\\\/\",\"name\":\"Bak\u0131da daha bir m\u0259kt\u0259bd\u0259 \u0259yani t\u0259hsil dayand\u0131r\u0131l\u0131b - MEYDAN.TV\",\"isPartOf\":{\"@id\":\"https:\\\/\\\/www.meydan.tv\\\/az\\\/#website\"},\"primaryImageOfPage\":{\"@id\":\"https:\\\/\\\/www.meydan.tv\\\/az\\\/article\\\/bakida-daha-bir-mektebde-eyani-tehsil-dayandirilib\\\/#primaryimage\"},\"image\":{\"@id\":\"https:\\\/\\\/www.meydan.tv\\\/az\\\/article\\\/bakida-daha-bir-mektebde-eyani-tehsil-dayandirilib\\\/#primaryimage\"},\"thumbnailUrl\":\"https:\\\/\\\/www.meydan.tv\\\/wp-content\\\/uploads\\\/kovid_yekaxf1.jpg\",\"datePublished\":\"2021-10-26T11:45:09+00:00\",\"dateModified\":\"2021-10-26T13:30:57+00:00\",\"breadcrumb\":{\"@id\":\"https:\\\/\\\/www.meydan.tv\\\/az\\\/article\\\/bakida-daha-bir-mektebde-eyani-tehsil-dayandirilib\\\/#breadcrumb\"},\"inLanguage\":\"az\",\"potentialAction\":[{\"@type\":\"ReadAction\",\"target\":[\"https:\\\/\\\/www.meydan.tv\\\/az\\\/article\\\/bakida-daha-bir-mektebde-eyani-tehsil-dayandirilib\\\/\"]}]},{\"@type\":\"ImageObject\",\"inLanguage\":\"az\",\"@id\":\"https:\\\/\\\/www.meydan.tv\\\/az\\\/article\\\/bakida-daha-bir-mektebde-eyani-tehsil-dayandirilib\\\/#primaryimage\",\"url\":\"https:\\\/\\\/www.meydan.tv\\\/wp-content\\\/uploads\\\/kovid_yekaxf1.jpg\",\"contentUrl\":\"https:\\\/\\\/www.meydan.tv\\\/wp-content\\\/uploads\\\/kovid_yekaxf1.jpg\",\"width\":1066,\"height\":600,\"caption\":\"Source: Meydan TV\"},{\"@type\":\"BreadcrumbList\",\"@id\":\"https:\\\/\\\/www.meydan.tv\\\/az\\\/article\\\/bakida-daha-bir-mektebde-eyani-tehsil-dayandirilib\\\/#breadcrumb\",\"itemListElement\":[{\"@type\":\"ListItem\",\"position\":1,\"name\":\"Ana s\u0259hif\u0259\",\"item\":\"https:\\\/\\\/www.meydan.tv\\\/az\\\/\"},{\"@type\":\"ListItem\",\"position\":2,\"name\":\"Sa\u011fl\u0131q\",\"item\":\"https:\\\/\\\/www.meydan.tv\\\/az\\\/section\\\/sagliq\\\/\"},{\"@type\":\"ListItem\",\"position\":3,\"name\":\"Bak\u0131da daha bir m\u0259kt\u0259bd\u0259 \u0259yani t\u0259hsil dayand\u0131r\u0131l\u0131b\"}]},{\"@type\":\"WebSite\",\"@id\":\"https:\\\/\\\/www.meydan.tv\\\/az\\\/#website\",\"url\":\"https:\\\/\\\/www.meydan.tv\\\/az\\\/\",\"name\":\"MEYDAN.TV\",\"description\":\"Meydan TV Az\u0259rbaycan\u0131n media m\u0259kan\u0131ndak\u0131 alternativ s\u0259sidir\",\"publisher\":{\"@id\":\"https:\\\/\\\/www.meydan.tv\\\/az\\\/#organization\"},\"potentialAction\":[{\"@type\":\"SearchAction\",\"target\":{\"@type\":\"EntryPoint\",\"urlTemplate\":\"https:\\\/\\\/www.meydan.tv\\\/az\\\/?s={search_term_string}\"},\"query-input\":{\"@type\":\"PropertyValueSpecification\",\"valueRequired\":true,\"valueName\":\"search_term_string\"}}],\"inLanguage\":\"az\"},{\"@type\":\"Organization\",\"@id\":\"https:\\\/\\\/www.meydan.tv\\\/az\\\/#organization\",\"name\":\"Meydan TV\",\"url\":\"https:\\\/\\\/www.meydan.tv\\\/az\\\/\",\"logo\":{\"@type\":\"ImageObject\",\"inLanguage\":\"az\",\"@id\":\"https:\\\/\\\/www.meydan.tv\\\/az\\\/#\\\/schema\\\/logo\\\/image\\\/\",\"url\":\"https:\\\/\\\/www.meydan.tv\\\/wp-content\\\/uploads\\\/2021\\\/07\\\/meydan-logo.svg\",\"contentUrl\":\"https:\\\/\\\/www.meydan.tv\\\/wp-content\\\/uploads\\\/2021\\\/07\\\/meydan-logo.svg\",\"width\":195,\"height\":46,\"caption\":\"Meydan TV\"},\"image\":{\"@id\":\"https:\\\/\\\/www.meydan.tv\\\/az\\\/#\\\/schema\\\/logo\\\/image\\\/\"}},{\"@type\":\"Person\",\"@id\":\"https:\\\/\\\/www.meydan.tv\\\/az\\\/#\\\/schema\\\/person\\\/10d11eccf6da3662cf5fdab9806ea91a\",\"name\":\"user-manager\"}]}<\/script>\n<!-- \/ Yoast SEO plugin. -->","yoast_head_json":{"title":"Bak\u0131da daha bir m\u0259kt\u0259bd\u0259 \u0259yani t\u0259hsil dayand\u0131r\u0131l\u0131b - MEYDAN.TV","robots":{"index":"index","follow":"follow","max-snippet":"max-snippet:-1","max-image-preview":"max-image-preview:large","max-video-preview":"max-video-preview:-1"},"canonical":"https:\/\/www.meydan.tv\/az\/article\/bakida-daha-bir-mektebde-eyani-tehsil-dayandirilib\/","og_locale":"az_AZ","og_type":"article","og_title":"Bak\u0131da daha bir m\u0259kt\u0259bd\u0259 \u0259yani t\u0259hsil dayand\u0131r\u0131l\u0131b - MEYDAN.TV","og_description":"H\u0259min m\u00fcdd\u0259td\u0259n indiy\u0259d\u0259k 19 m\u0259kt\u0259b, 505 sinif distant t\u0259hsil\u0259 ke\u00e7ib.","og_url":"https:\/\/www.meydan.tv\/az\/article\/bakida-daha-bir-mektebde-eyani-tehsil-dayandirilib\/","og_site_name":"MEYDAN.TV","article_published_time":"2021-10-26T11:45:09+00:00","article_modified_time":"2021-10-26T13:30:57+00:00","og_image":[{"width":1066,"height":600,"url":"https:\/\/www.meydan.tv\/wp-content\/uploads\/kovid_yekaxf1.jpg","type":"image\/jpeg"}],"author":"user-manager","twitter_card":"summary_large_image","schema":{"@context":"https:\/\/schema.org","@graph":[{"@type":"Article","@id":"https:\/\/www.meydan.tv\/az\/article\/bakida-daha-bir-mektebde-eyani-tehsil-dayandirilib\/#article","isPartOf":{"@id":"https:\/\/www.meydan.tv\/az\/article\/bakida-daha-bir-mektebde-eyani-tehsil-dayandirilib\/"},"author":{"name":"user-manager","@id":"https:\/\/www.meydan.tv\/az\/#\/schema\/person\/10d11eccf6da3662cf5fdab9806ea91a"},"headline":"Bak\u0131da daha bir m\u0259kt\u0259bd\u0259 \u0259yani t\u0259hsil dayand\u0131r\u0131l\u0131b","datePublished":"2021-10-26T11:45:09+00:00","dateModified":"2021-10-26T13:30:57+00:00","mainEntityOfPage":{"@id":"https:\/\/www.meydan.tv\/az\/article\/bakida-daha-bir-mektebde-eyani-tehsil-dayandirilib\/"},"wordCount":426,"publisher":{"@id":"https:\/\/www.meydan.tv\/az\/#organization"},"image":{"@id":"https:\/\/www.meydan.tv\/az\/article\/bakida-daha-bir-mektebde-eyani-tehsil-dayandirilib\/#primaryimage"},"thumbnailUrl":"https:\/\/www.meydan.tv\/wp-content\/uploads\/kovid_yekaxf1.jpg","articleSection":["Sa\u011fl\u0131q"],"inLanguage":"az"},{"@type":"WebPage","@id":"https:\/\/www.meydan.tv\/az\/article\/bakida-daha-bir-mektebde-eyani-tehsil-dayandirilib\/","url":"https:\/\/www.meydan.tv\/az\/article\/bakida-daha-bir-mektebde-eyani-tehsil-dayandirilib\/","name":"Bak\u0131da daha bir m\u0259kt\u0259bd\u0259 \u0259yani t\u0259hsil dayand\u0131r\u0131l\u0131b - MEYDAN.TV","isPartOf":{"@id":"https:\/\/www.meydan.tv\/az\/#website"},"primaryImageOfPage":{"@id":"https:\/\/www.meydan.tv\/az\/article\/bakida-daha-bir-mektebde-eyani-tehsil-dayandirilib\/#primaryimage"},"image":{"@id":"https:\/\/www.meydan.tv\/az\/article\/bakida-daha-bir-mektebde-eyani-tehsil-dayandirilib\/#primaryimage"},"thumbnailUrl":"https:\/\/www.meydan.tv\/wp-content\/uploads\/kovid_yekaxf1.jpg","datePublished":"2021-10-26T11:45:09+00:00","dateModified":"2021-10-26T13:30:57+00:00","breadcrumb":{"@id":"https:\/\/www.meydan.tv\/az\/article\/bakida-daha-bir-mektebde-eyani-tehsil-dayandirilib\/#breadcrumb"},"inLanguage":"az","potentialAction":[{"@type":"ReadAction","target":["https:\/\/www.meydan.tv\/az\/article\/bakida-daha-bir-mektebde-eyani-tehsil-dayandirilib\/"]}]},{"@type":"ImageObject","inLanguage":"az","@id":"https:\/\/www.meydan.tv\/az\/article\/bakida-daha-bir-mektebde-eyani-tehsil-dayandirilib\/#primaryimage","url":"https:\/\/www.meydan.tv\/wp-content\/uploads\/kovid_yekaxf1.jpg","contentUrl":"https:\/\/www.meydan.tv\/wp-content\/uploads\/kovid_yekaxf1.jpg","width":1066,"height":600,"caption":"Source: Meydan TV"},{"@type":"BreadcrumbList","@id":"https:\/\/www.meydan.tv\/az\/article\/bakida-daha-bir-mektebde-eyani-tehsil-dayandirilib\/#breadcrumb","itemListElement":[{"@type":"ListItem","position":1,"name":"Ana s\u0259hif\u0259","item":"https:\/\/www.meydan.tv\/az\/"},{"@type":"ListItem","position":2,"name":"Sa\u011fl\u0131q","item":"https:\/\/www.meydan.tv\/az\/section\/sagliq\/"},{"@type":"ListItem","position":3,"name":"Bak\u0131da daha bir m\u0259kt\u0259bd\u0259 \u0259yani t\u0259hsil dayand\u0131r\u0131l\u0131b"}]},{"@type":"WebSite","@id":"https:\/\/www.meydan.tv\/az\/#website","url":"https:\/\/www.meydan.tv\/az\/","name":"MEYDAN.TV","description":"Meydan TV Az\u0259rbaycan\u0131n media m\u0259kan\u0131ndak\u0131 alternativ s\u0259sidir","publisher":{"@id":"https:\/\/www.meydan.tv\/az\/#organization"},"potentialAction":[{"@type":"SearchAction","target":{"@type":"EntryPoint","urlTemplate":"https:\/\/www.meydan.tv\/az\/?s={search_term_string}"},"query-input":{"@type":"PropertyValueSpecification","valueRequired":true,"valueName":"search_term_string"}}],"inLanguage":"az"},{"@type":"Organization","@id":"https:\/\/www.meydan.tv\/az\/#organization","name":"Meydan TV","url":"https:\/\/www.meydan.tv\/az\/","logo":{"@type":"ImageObject","inLanguage":"az","@id":"https:\/\/www.meydan.tv\/az\/#\/schema\/logo\/image\/","url":"https:\/\/www.meydan.tv\/wp-content\/uploads\/2021\/07\/meydan-logo.svg","contentUrl":"https:\/\/www.meydan.tv\/wp-content\/uploads\/2021\/07\/meydan-logo.svg","width":195,"height":46,"caption":"Meydan TV"},"image":{"@id":"https:\/\/www.meydan.tv\/az\/#\/schema\/logo\/image\/"}},{"@type":"Person","@id":"https:\/\/www.meydan.tv\/az\/#\/schema\/person\/10d11eccf6da3662cf5fdab9806ea91a","name":"user-manager"}]}},"_links":{"self":[{"href":"https:\/\/www.meydan.tv\/az\/wp-json\/wp\/v2\/posts\/213752","targetHints":{"allow":["GET"]}}],"collection":[{"href":"https:\/\/www.meydan.tv\/az\/wp-json\/wp\/v2\/posts"}],"about":[{"href":"https:\/\/www.meydan.tv\/az\/wp-json\/wp\/v2\/types\/post"}],"author":[{"embeddable":true,"href":"https:\/\/www.meydan.tv\/az\/wp-json\/wp\/v2\/users\/11"}],"replies":[{"embeddable":true,"href":"https:\/\/www.meydan.tv\/az\/wp-json\/wp\/v2\/comments?post=213752"}],"version-history":[{"count":1,"href":"https:\/\/www.meydan.tv\/az\/wp-json\/wp\/v2\/posts\/213752\/revisions"}],"predecessor-version":[{"id":213765,"href":"https:\/\/www.meydan.tv\/az\/wp-json\/wp\/v2\/posts\/213752\/revisions\/213765"}],"wp:featuredmedia":[{"embeddable":true,"href":"https:\/\/www.meydan.tv\/az\/wp-json\/wp\/v2\/media\/162030"}],"wp:attachment":[{"href":"https:\/\/www.meydan.tv\/az\/wp-json\/wp\/v2\/media?parent=213752"}],"wp:term":[{"taxonomy":"category","embeddable":true,"href":"https:\/\/www.meydan.tv\/az\/wp-json\/wp\/v2\/categories?post=213752"},{"taxonomy":"post_tag","embeddable":true,"href":"https:\/\/www.meydan.tv\/az\/wp-json\/wp\/v2\/tags?post=213752"}],"curies":[{"name":"wp","href":"https:\/\/api.w.org\/{rel}","templated":true}]}}