{"id":213746,"date":"2021-10-26T11:54:49","date_gmt":"2021-10-26T07:54:49","guid":{"rendered":"https:\/\/www.meydan.tv\/article\/ata-oglumun-intiharina-sebeb-olmus-zastava-reisi-aidiyyeti-olmayan-maddeyle-hebsdedir\/"},"modified":"2021-11-01T20:58:01","modified_gmt":"2021-11-01T16:58:01","slug":"ata-oglumun-intiharina-sebeb-olmus-zastava-reisi-aidiyyeti-olmayan-maddeyle-hebsdedir","status":"publish","type":"post","link":"https:\/\/www.meydan.tv\/az\/article\/ata-oglumun-intiharina-sebeb-olmus-zastava-reisi-aidiyyeti-olmayan-maddeyle-hebsdedir\/","title":{"rendered":"Ata: O\u011flumun intihar\u0131na s\u0259b\u0259b olmu\u015f zastava r\u0259isi aidiyy\u0259ti olmayan madd\u0259yl\u0259 h\u0259bsd\u0259dir"},"content":{"rendered":"<p><i><br \/>\nZ\u0259r\u0259r\u00e7\u0259kmi\u015f m\u0259hk\u0259m\u0259nin gedi\u015find\u0259n naraz\u0131d\u0131r<br \/>\n<\/i><\/p>\n<p>\u0130lyar\u0131md\u0131r T\u0259rt\u0259r Rayon H\u0259rbi M\u0259hk\u0259m\u0259sind\u0259 S\u0259rh\u0259d Qo\u015funlar\u0131n\u0131n N sayl\u0131 h\u0259rbi hiss\u0259sinin h\u0259rbi qulluq\u00e7usu, zastava r\u0259isi, ba\u015f leytenant Aftandil \u0130brahimovun m\u0259hk\u0259m\u0259si gedir. O, \u0259sg\u0259rl\u0259r\u0259 zor t\u0259tbiq etm\u0259kd\u0259 t\u0259qsirl\u0259ndirilir.<\/p>\n<p>\u00d6t\u0259n il may\u0131n 23-d\u0259, ax\u015fam saat 10 rad\u0259l\u0259rind\u0259 h\u0259rbi hiss\u0259nin 21 ya\u015fl\u0131 \u0259sg\u0259ri B\u0259hlul \u018fv\u0259z o\u011flu Salmanov ona t\u0259hkim olunmu\u015f avtomat silahdan at\u0259\u015f a\u00e7maqla \u00f6z\u00fcn\u00fc \u00f6ld\u00fcr\u00fcb. Mayn 24-d\u0259 bu hadis\u0259y\u0259 g\u00f6r\u0259 Zaqatala Rayon H\u0259rbi Prokurorlu\u011funda Cinay\u0259t M\u0259c\u0259ll\u0259sinin 125-ci (\u00d6z\u00fcn\u00fc \u00f6ld\u00fcrm\u0259 h\u0259ddin\u0259 \u00e7atd\u0131rma) madd\u0259sil\u0259 cinay\u0259t i\u015fi ba\u015flan\u0131b. Bu i\u015f \u00fczr\u0259 toplanm\u0131\u015f materiallar \u0259sas\u0131nda bir ne\u00e7\u0259 g\u00fcn sonra h\u0259rbi hiss\u0259nin s\u0259rh\u0259d zastavalar\u0131ndan birinin r\u0259isi Aftandil \u0130brahimov h\u0259bs olunub. Ancaq o, 125-ci madd\u0259yl\u0259 yox, 329-cu madd\u0259nin 2.1, 2.2 v\u0259 3-c\u00fc hiss\u0259siyl\u0259 t\u0259sqirl\u0259ndirilib. Bu madd\u0259 v\u0259 madd\u0259nin qeyd olunan hiss\u0259l\u0259ri \u00f6z\u00fcnd\u0259 r\u0259is\u0259, habel\u0259 h\u0259rbi qulluq v\u0259zif\u0259sini yerin\u0259 yetir\u0259n dig\u0259r \u015f\u0259xs\u0259 m\u00fcqavim\u0259t g\u00f6st\u0259rm\u0259, zor t\u0259tbiq etm\u0259 v\u0259 ya zor t\u0259tbiq etm\u0259 h\u0259d\u0259si il\u0259 v\u0259 silah t\u0259tbiq etm\u0259kl\u0259 onu qulluq v\u0259zif\u0259sini pozma\u011fa m\u0259cbur etm\u0259 cinay\u0259tini ehtiva edir. Bu cinay\u0259t i\u015finin istintaq\u0131 sonradan Bak\u0131da H\u0259rbi Prokurorluq t\u0259r\u0259find\u0259n davam etdirilib. \u0130stintaq zaman\u0131 \u0259sg\u0259rl\u0259r Natiq \u015e\u0259f\u0259qq\u0259tov, R\u0259hman M\u0259mm\u0259dov, Qulu Samiq, M\u0259h\u0259bb\u0259t Babayev, R\u00f6yal M\u0259mm\u0259dov, \u018fli A\u011falarov, \u0130lnur \u018fliyev, Z\u0259f\u0259r H\u0259s\u0259nov, Elvin M\u0259mm\u0259dov, Natiq Yaqubov, T\u0259rlan H\u00fcseynov, Aqil Q\u0259dirli, M\u00fcbariz \u015eadmanov z\u0259r\u0259r\u00e7\u0259kmi\u015f kimi tan\u0131n\u0131b. Onlar ifad\u0259l\u0259rind\u0259 tabeliyind\u0259 olduqlar\u0131 zastava r\u0259isi t\u0259r\u0259find\u0259n h\u0259m \u00f6zl\u0259rinin, h\u0259m d\u0259 intihar etmi\u015f \u0259sg\u0259r B\u0259hlul Salmanovun tez-tez d\u00f6y\u00fclm\u0259l\u0259r\u0259, t\u0259hqirl\u0259r\u0259 m\u0259ruz qald\u0131qlar\u0131n\u0131 bildiribl\u0259r.<\/p>\n<p>B\u0259hlul Salmanovun atas\u0131, Masall\u0131n\u0131n Vil\u0259\u015f k\u0259nd sakini \u018fv\u0259z Salmanovsa istintaq t\u0259r\u0259find\u0259n z\u0259r\u0259r\u00e7\u0259kmi\u015fin h\u00fcquqi varisi kimi dindirilib. O, h\u0259m ibtidai istintaq, h\u0259m d\u0259 m\u0259hk\u0259m\u0259 ifad\u0259l\u0259rind\u0259 g\u00f6st\u0259rib ki, o\u011flu \u00f6l\u00fcm\u00fcnd\u0259n \u0259vv\u0259l \u2013 may\u0131n 21-d\u0259 ona z\u0259ng vurub, xayas\u0131nda \u015fi\u015fkinlik yarand\u0131\u011f\u0131n\u0131, buna g\u00f6r\u0259 hospitala k\u00f6\u00e7\u00fcr\u00fclm\u0259k ist\u0259diyini bildirib. Atas\u0131 ondan s\u0259b\u0259bini soru\u015fanda zastava r\u0259isi Aftandil \u0130brahimovun onun xayas\u0131na t\u0259pikl\u0259 z\u0259rb\u0259l\u0259r vurdu\u011funu deyib: \u201cM\u0259n h\u0259rbi hiss\u0259y\u0259 getm\u0259k ist\u0259dim, o\u011flum q\u0259ti raz\u0131 olmad\u0131, dedi ki, \u0259sg\u0259r yolda\u015flar\u0131m h\u0259rbi hiss\u0259d\u0259 olanlar\u0131 evd\u0259kil\u0259r\u0259 x\u0259b\u0259rl\u0259diyim\u0259 g\u00f6r\u0259 m\u0259n\u0259 pis m\u00fcnasib\u0259t g\u00f6st\u0259r\u0259rl\u0259r. Dedi ki, 2-3 g\u00fcn\u0259 hospitala ged\u0259c\u0259k, m\u0259n\u0259 d\u0259 bu bar\u0259d\u0259 x\u0259b\u0259r ver\u0259c\u0259k. May\u0131n 24-d\u0259 x\u0259b\u0259r g\u0259ldi ki, \u00f6z\u00fcn\u00fc g\u00fcll\u0259l\u0259y\u0259r\u0259k \u00f6ld\u00fcr\u00fcb. \u00d6l\u00fcm\u00fcnd\u0259n sonra \u0259sg\u0259r yolda\u015flar\u0131ndan e\u015fitdim ki, h\u0259min zastava r\u0259isi ba\u015fqa \u0259sg\u0259rl\u0259rin g\u00f6z\u00fc qar\u015f\u0131s\u0131nda o\u011flumu tez-tez d\u00f6y\u00fcr, t\u0259hqir edirmi\u015f\u201d.<\/p>\n<p>\u018fv\u0259z Salmanov Meydan TV-y\u0259 deyib ki, ilyar\u0131md\u0131r davam ed\u0259n m\u0259hk\u0259m\u0259 d\u00fczg\u00fcn apar\u0131lm\u0131r:<\/p>\n<p>\u201c\u018fvv\u0259la, m\u0259nim o\u011flum zastava r\u0259isinin i\u015fg\u0259nc\u0259l\u0259rind\u0259n \u00f6z\u00fcn\u00fc \u00f6ld\u00fcr\u00fcb, onun d\u00f6y\u00fclm\u0259l\u0259rini, t\u0259hqir olunmalar\u0131n\u0131 \u0259sg\u0259r yolda\u015flar\u0131 da, ibtidai istintaq zaman\u0131 veril\u0259n ekspertiza r\u0259yi d\u0259 t\u0259sdiql\u0259yib. Bununla bel\u0259, 125-ci madd\u0259 aradan qald\u0131r\u0131l\u0131b, zastava r\u0259isinin \u00fcz\u0259rind\u0259 sad\u0259c\u0259, zor t\u0259tbiq etm\u0259 madd\u0259si saxlan\u0131l\u0131b. \u0130kincisi, ilyar\u0131md\u0131r ki, m\u0259hk\u0259m\u0259y\u0259 gedib-g\u0259lirik, gah deyirl\u0259r, o \u015fahid g\u0259lm\u0259di, gah deyirl\u0259r, bu z\u0259r\u0259r\u00e7\u0259k\u0259n g\u0259lm\u0259di&#8230; Halbuki, g\u0259lm\u0259y\u0259n \u00fc\u00e7\u00fcn m\u0259cburi g\u0259tirilm\u0259 q\u0259rar\u0131 \u00e7\u0131xar\u0131lmal\u0131d\u0131r. G\u00f6z g\u00f6r\u0259-g\u00f6r\u0259 m\u00fcxt\u0259lif b\u0259han\u0259l\u0259rl\u0259 m\u0259hk\u0259m\u0259ni uzad\u0131rlar. Bu uzanma ona g\u0259tirib \u00e7\u0131xartd\u0131 ki, hakim o\u011flumun \u00f6l\u00fcm\u00fcyl\u0259 \u0259laq\u0259dar t\u0259krar ekspertiza t\u0259yin etdi, bu ekspertiza r\u0259yi il\u0259 h\u0259r \u015feyi o\u011flumun \u00fcz\u0259rin\u0259 y\u0131xd\u0131lar. Guya iki m\u00fclki ma\u015f\u0131n\u0131 s\u0259hv\u0259n zastavan\u0131n \u0259razisin\u0259 buraxd\u0131\u011f\u0131 \u00fc\u00e7\u00fcn h\u0259y\u0259canlan\u0131b, ona g\u00f6r\u0259 d\u0259 \u00f6z\u00fcn\u00fc g\u00fcll\u0259yl\u0259 vurub. Halbuki, ibtidai istintaq zaman\u0131 veril\u0259n ekspertiza r\u0259yi o\u011flumun m\u0259hz zastava r\u0259isinin t\u0259hqirl\u0259rin\u0259, fiziki t\u0259zyiql\u0259rin\u0259 d\u00f6zm\u0259y\u0259r\u0259k \u00f6z\u00fcn\u00fc \u00f6ld\u00fcrd\u00fcy\u00fcn\u00fc t\u0259sdiql\u0259yib. M\u0259n ikinci d\u0259f\u0259 ke\u00e7iril\u0259n ekspertizan\u0131n r\u0259yini q\u0259bul etmir\u0259m v\u0259 q\u0259ti \u015f\u0259kild\u0259 bildirir\u0259m ki, r\u0259y saxtala\u015fd\u0131r\u0131l\u0131b\u201d.<\/p>\n<p>\u0130btidai istintaq zaman\u0131 al\u0131nm\u0131\u015f ekspertiza r\u0259yind\u0259 qeyd olunub ki, ba\u015f leytenant \u0130brahimov, xidm\u0259tind\u0259 yol verdiyi n\u00f6qsanlara g\u00f6r\u0259 \u0259sg\u0259r B\u0259hlul Salmanovu m\u00fct\u0259madi olaraq \u015f\u0259xsi hey\u0259tin qar\u015f\u0131s\u0131nda t\u0259hqir edib, i\u015fg\u0259nc\u0259 verib. Sonuncu d\u0259f\u0259 16 may 2020-ci il tarixd\u0259 ona qar\u015f\u0131 zor t\u0259tbiq etm\u0259sind\u0259n, onu d\u00f6ym\u0259sind\u0259n sonra Salmanov bezdiyini bildirib, psixikas\u0131nda m\u0259nfi d\u0259yi\u015fiklikl\u0259r ba\u015f verib, \u00f6z\u00fcn\u00fcidar\u0259etm\u0259si a\u015fa\u011f\u0131 d\u00fc\u015f\u00fcb, v\u0259ziyy\u0259td\u0259n \u00e7\u0131x\u0131\u015f yolunu \u00f6z\u00fcn\u00fc \u00f6ld\u00fcrm\u0259kd\u0259 g\u00f6r\u00fcb: \u201c\u0130brahimovun d\u0259f\u0259l\u0259rl\u0259 Salmanovun l\u0259yaq\u0259tini al\u00e7altmas\u0131 onun psixi emossional sferas\u0131nda depressiv \u0259lam\u0259tl\u0259r, \u00f6z\u00fcn\u0259qapanma, s\u0131x\u0131nt\u0131, q\u0259mginlik, bezikm\u0259 v\u0259 sair hallar\u0131n yaranmas\u0131na s\u0259b\u0259b olub\u201d.<\/p>\n<p>\u018fv\u0259z Salmanov deyir, B\u0259hlulun \u00f6l\u00fcm\u00fcnd\u0259n sonra \u0259sg\u0259r yolda\u015flar\u0131 v\u0259 h\u0259rbi hiss\u0259 r\u0259hb\u0259rliyi onun 17 ay q\u00fcsursuz xidm\u0259t g\u00f6st\u0259rdiyini, intizaml\u0131 \u0259sg\u0259r oldu\u011funu deyibl\u0259r: \u201cO\u011flumun ev\u0259 d\u00f6nm\u0259sin\u0259 c\u0259mi 1 ay qalm\u0131\u015fd\u0131. Onun intihara \u0259l atmas\u0131 ilk g\u00fcnd\u0259n m\u0259nd\u0259 \u015f\u00fcbh\u0259l\u0259r yaratm\u0131\u015fd\u0131. O, \u00f6z\u00fcn\u00fc \u00f6ld\u00fcr\u0259c\u0259k o\u011ful deyildi, bu u\u015fa\u011fa n\u0259 q\u0259d\u0259r z\u00fclm olunub ki, o, d\u0259rdini i\u00e7ind\u0259 \u00e7\u0259kib, evd\u0259kil\u0259r\u0259 bildirm\u0259yib, \u00e7\u0131x\u0131\u015f yolunu \u00f6z\u00fcn\u00fc \u00f6ld\u00fcrm\u0259kd\u0259 g\u00f6r\u00fcb\u201d.<\/p>\n<p>Aftandil \u0130brahimov h\u0259m ibtidai istintaq, h\u0259m d\u0259 m\u0259hk\u0259m\u0259 ifad\u0259sind\u0259 \u00f6z\u00fcn\u00fc qism\u0259n t\u0259qsirli bilib. O, \u0259sg\u0259rl\u0259r\u0259 qar\u015f\u0131 zor i\u015fl\u0259tm\u0259siyl\u0259 ba\u011fl\u0131 ittihamlar\u0131n b\u0259zil\u0259rini q\u0259bul ets\u0259 d\u0259, b\u0259zil\u0259rini inkar edib. B\u0259hlul Salmanovun \u00f6l\u00fcm\u00fcnd\u0259 is\u0259 \u00f6z\u00fcn\u00fc t\u0259qsirli bilm\u0259yib.<\/p>\n<p>T\u0259rt\u0259r Rayon M\u0259hk\u0259m\u0259sind\u0259n Meydan TV-y\u0259 bildirilib ki, bu i\u015f hakim \u018fhm\u0259d Sar\u0131yevin icraat\u0131ndad\u0131r v\u0259 n\u00f6vb\u0259ti m\u0259hk\u0259m\u0259 iclas\u0131 noyabr\u0131n 3-n\u0259 t\u0259yin olunub.<\/p>\n","protected":false},"excerpt":{"rendered":"<p>Z\u0259r\u0259r\u00e7\u0259kmi\u015f m\u0259hk\u0259m\u0259nin gedi\u015find\u0259n naraz\u0131d\u0131r \u0130lyar\u0131md\u0131r T\u0259rt\u0259r Rayon H\u0259rbi M\u0259hk\u0259m\u0259sind\u0259 S\u0259rh\u0259d &#8230; <\/p>\n<p class=\"read-more-container\"><a title=\"Ata: O\u011flumun intihar\u0131na s\u0259b\u0259b olmu\u015f zastava r\u0259isi aidiyy\u0259ti olmayan madd\u0259yl\u0259 h\u0259bsd\u0259dir\" class=\"read-more button\" href=\"https:\/\/www.meydan.tv\/az\/article\/ata-oglumun-intiharina-sebeb-olmus-zastava-reisi-aidiyyeti-olmayan-maddeyle-hebsdedir\/#more-213746\" aria-label=\"Read more about Ata: O\u011flumun intihar\u0131na s\u0259b\u0259b olmu\u015f zastava r\u0259isi aidiyy\u0259ti olmayan madd\u0259yl\u0259 h\u0259bsd\u0259dir\">Davam\u0131<\/a><\/p>\n","protected":false},"author":11,"featured_media":213683,"comment_status":"closed","ping_status":"open","sticky":false,"template":"","format":"standard","meta":{"_acf_changed":false,"_sitemap_exclude":false,"_sitemap_priority":"","_sitemap_frequency":"","footnotes":""},"categories":[60,88],"tags":[],"class_list":["post-213746","post","type-post","status-publish","format-standard","has-post-thumbnail","hentry","category-bolge","category-redaktor-secimi","infinite-scroll-item","generate-columns","tablet-grid-50","mobile-grid-100","grid-parent","grid-33","no-featured-image-padding"],"acf":[],"yoast_head":"<!-- This site is optimized with the Yoast SEO plugin v27.5 - https:\/\/yoast.com\/product\/yoast-seo-wordpress\/ -->\n<title>Ata: O\u011flumun intihar\u0131na s\u0259b\u0259b olmu\u015f zastava r\u0259isi aidiyy\u0259ti olmayan madd\u0259yl\u0259 h\u0259bsd\u0259dir - MEYDAN.TV<\/title>\n<meta name=\"robots\" content=\"index, follow, max-snippet:-1, max-image-preview:large, max-video-preview:-1\" \/>\n<link rel=\"canonical\" href=\"https:\/\/www.meydan.tv\/az\/article\/ata-oglumun-intiharina-sebeb-olmus-zastava-reisi-aidiyyeti-olmayan-maddeyle-hebsdedir\/\" \/>\n<meta property=\"og:locale\" content=\"az_AZ\" \/>\n<meta property=\"og:type\" content=\"article\" \/>\n<meta property=\"og:title\" content=\"Ata: O\u011flumun intihar\u0131na s\u0259b\u0259b olmu\u015f zastava r\u0259isi aidiyy\u0259ti olmayan madd\u0259yl\u0259 h\u0259bsd\u0259dir - MEYDAN.TV\" \/>\n<meta property=\"og:description\" content=\"Z\u0259r\u0259r\u00e7\u0259kmi\u015f m\u0259hk\u0259m\u0259nin gedi\u015find\u0259n naraz\u0131d\u0131r \u0130lyar\u0131md\u0131r T\u0259rt\u0259r Rayon H\u0259rbi M\u0259hk\u0259m\u0259sind\u0259 S\u0259rh\u0259d ... Davam\u0131\" \/>\n<meta property=\"og:url\" content=\"https:\/\/www.meydan.tv\/az\/article\/ata-oglumun-intiharina-sebeb-olmus-zastava-reisi-aidiyyeti-olmayan-maddeyle-hebsdedir\/\" \/>\n<meta property=\"og:site_name\" content=\"MEYDAN.TV\" \/>\n<meta property=\"article:published_time\" content=\"2021-10-26T07:54:49+00:00\" \/>\n<meta property=\"article:modified_time\" content=\"2021-11-01T16:58:01+00:00\" \/>\n<meta property=\"og:image\" content=\"https:\/\/www.meydan.tv\/wp-content\/uploads\/photo-2021-10-25-17-26-10-1.jpg\" \/>\n\t<meta property=\"og:image:width\" content=\"1280\" \/>\n\t<meta property=\"og:image:height\" content=\"800\" \/>\n\t<meta property=\"og:image:type\" content=\"image\/jpeg\" \/>\n<meta name=\"author\" content=\"user-manager\" \/>\n<meta name=\"twitter:card\" content=\"summary_large_image\" \/>\n<script type=\"application\/ld+json\" class=\"yoast-schema-graph\">{\"@context\":\"https:\\\/\\\/schema.org\",\"@graph\":[{\"@type\":\"Article\",\"@id\":\"https:\\\/\\\/www.meydan.tv\\\/az\\\/article\\\/ata-oglumun-intiharina-sebeb-olmus-zastava-reisi-aidiyyeti-olmayan-maddeyle-hebsdedir\\\/#article\",\"isPartOf\":{\"@id\":\"https:\\\/\\\/www.meydan.tv\\\/az\\\/article\\\/ata-oglumun-intiharina-sebeb-olmus-zastava-reisi-aidiyyeti-olmayan-maddeyle-hebsdedir\\\/\"},\"author\":{\"name\":\"user-manager\",\"@id\":\"https:\\\/\\\/www.meydan.tv\\\/az\\\/#\\\/schema\\\/person\\\/10d11eccf6da3662cf5fdab9806ea91a\"},\"headline\":\"Ata: O\u011flumun intihar\u0131na s\u0259b\u0259b olmu\u015f zastava r\u0259isi aidiyy\u0259ti olmayan madd\u0259yl\u0259 h\u0259bsd\u0259dir\",\"datePublished\":\"2021-10-26T07:54:49+00:00\",\"dateModified\":\"2021-11-01T16:58:01+00:00\",\"mainEntityOfPage\":{\"@id\":\"https:\\\/\\\/www.meydan.tv\\\/az\\\/article\\\/ata-oglumun-intiharina-sebeb-olmus-zastava-reisi-aidiyyeti-olmayan-maddeyle-hebsdedir\\\/\"},\"wordCount\":1264,\"publisher\":{\"@id\":\"https:\\\/\\\/www.meydan.tv\\\/az\\\/#organization\"},\"image\":{\"@id\":\"https:\\\/\\\/www.meydan.tv\\\/az\\\/article\\\/ata-oglumun-intiharina-sebeb-olmus-zastava-reisi-aidiyyeti-olmayan-maddeyle-hebsdedir\\\/#primaryimage\"},\"thumbnailUrl\":\"https:\\\/\\\/www.meydan.tv\\\/wp-content\\\/uploads\\\/photo-2021-10-25-17-26-10-1.jpg\",\"articleSection\":[\"B\u00f6lg\u0259\",\"Redaktor se\u00e7imi\"],\"inLanguage\":\"az\"},{\"@type\":\"WebPage\",\"@id\":\"https:\\\/\\\/www.meydan.tv\\\/az\\\/article\\\/ata-oglumun-intiharina-sebeb-olmus-zastava-reisi-aidiyyeti-olmayan-maddeyle-hebsdedir\\\/\",\"url\":\"https:\\\/\\\/www.meydan.tv\\\/az\\\/article\\\/ata-oglumun-intiharina-sebeb-olmus-zastava-reisi-aidiyyeti-olmayan-maddeyle-hebsdedir\\\/\",\"name\":\"Ata: O\u011flumun intihar\u0131na s\u0259b\u0259b olmu\u015f zastava r\u0259isi aidiyy\u0259ti olmayan madd\u0259yl\u0259 h\u0259bsd\u0259dir - MEYDAN.TV\",\"isPartOf\":{\"@id\":\"https:\\\/\\\/www.meydan.tv\\\/az\\\/#website\"},\"primaryImageOfPage\":{\"@id\":\"https:\\\/\\\/www.meydan.tv\\\/az\\\/article\\\/ata-oglumun-intiharina-sebeb-olmus-zastava-reisi-aidiyyeti-olmayan-maddeyle-hebsdedir\\\/#primaryimage\"},\"image\":{\"@id\":\"https:\\\/\\\/www.meydan.tv\\\/az\\\/article\\\/ata-oglumun-intiharina-sebeb-olmus-zastava-reisi-aidiyyeti-olmayan-maddeyle-hebsdedir\\\/#primaryimage\"},\"thumbnailUrl\":\"https:\\\/\\\/www.meydan.tv\\\/wp-content\\\/uploads\\\/photo-2021-10-25-17-26-10-1.jpg\",\"datePublished\":\"2021-10-26T07:54:49+00:00\",\"dateModified\":\"2021-11-01T16:58:01+00:00\",\"breadcrumb\":{\"@id\":\"https:\\\/\\\/www.meydan.tv\\\/az\\\/article\\\/ata-oglumun-intiharina-sebeb-olmus-zastava-reisi-aidiyyeti-olmayan-maddeyle-hebsdedir\\\/#breadcrumb\"},\"inLanguage\":\"az\",\"potentialAction\":[{\"@type\":\"ReadAction\",\"target\":[\"https:\\\/\\\/www.meydan.tv\\\/az\\\/article\\\/ata-oglumun-intiharina-sebeb-olmus-zastava-reisi-aidiyyeti-olmayan-maddeyle-hebsdedir\\\/\"]}]},{\"@type\":\"ImageObject\",\"inLanguage\":\"az\",\"@id\":\"https:\\\/\\\/www.meydan.tv\\\/az\\\/article\\\/ata-oglumun-intiharina-sebeb-olmus-zastava-reisi-aidiyyeti-olmayan-maddeyle-hebsdedir\\\/#primaryimage\",\"url\":\"https:\\\/\\\/www.meydan.tv\\\/wp-content\\\/uploads\\\/photo-2021-10-25-17-26-10-1.jpg\",\"contentUrl\":\"https:\\\/\\\/www.meydan.tv\\\/wp-content\\\/uploads\\\/photo-2021-10-25-17-26-10-1.jpg\",\"width\":1280,\"height\":800,\"caption\":\"Source: Specify Source\"},{\"@type\":\"BreadcrumbList\",\"@id\":\"https:\\\/\\\/www.meydan.tv\\\/az\\\/article\\\/ata-oglumun-intiharina-sebeb-olmus-zastava-reisi-aidiyyeti-olmayan-maddeyle-hebsdedir\\\/#breadcrumb\",\"itemListElement\":[{\"@type\":\"ListItem\",\"position\":1,\"name\":\"Ana s\u0259hif\u0259\",\"item\":\"https:\\\/\\\/www.meydan.tv\\\/az\\\/\"},{\"@type\":\"ListItem\",\"position\":2,\"name\":\"B\u00f6lg\u0259\",\"item\":\"https:\\\/\\\/www.meydan.tv\\\/az\\\/section\\\/bolge\\\/\"},{\"@type\":\"ListItem\",\"position\":3,\"name\":\"Ata: O\u011flumun intihar\u0131na s\u0259b\u0259b olmu\u015f zastava r\u0259isi aidiyy\u0259ti olmayan madd\u0259yl\u0259 h\u0259bsd\u0259dir\"}]},{\"@type\":\"WebSite\",\"@id\":\"https:\\\/\\\/www.meydan.tv\\\/az\\\/#website\",\"url\":\"https:\\\/\\\/www.meydan.tv\\\/az\\\/\",\"name\":\"MEYDAN.TV\",\"description\":\"Meydan TV Az\u0259rbaycan\u0131n media m\u0259kan\u0131ndak\u0131 alternativ s\u0259sidir\",\"publisher\":{\"@id\":\"https:\\\/\\\/www.meydan.tv\\\/az\\\/#organization\"},\"potentialAction\":[{\"@type\":\"SearchAction\",\"target\":{\"@type\":\"EntryPoint\",\"urlTemplate\":\"https:\\\/\\\/www.meydan.tv\\\/az\\\/?s={search_term_string}\"},\"query-input\":{\"@type\":\"PropertyValueSpecification\",\"valueRequired\":true,\"valueName\":\"search_term_string\"}}],\"inLanguage\":\"az\"},{\"@type\":\"Organization\",\"@id\":\"https:\\\/\\\/www.meydan.tv\\\/az\\\/#organization\",\"name\":\"Meydan TV\",\"url\":\"https:\\\/\\\/www.meydan.tv\\\/az\\\/\",\"logo\":{\"@type\":\"ImageObject\",\"inLanguage\":\"az\",\"@id\":\"https:\\\/\\\/www.meydan.tv\\\/az\\\/#\\\/schema\\\/logo\\\/image\\\/\",\"url\":\"https:\\\/\\\/www.meydan.tv\\\/wp-content\\\/uploads\\\/2021\\\/07\\\/meydan-logo.svg\",\"contentUrl\":\"https:\\\/\\\/www.meydan.tv\\\/wp-content\\\/uploads\\\/2021\\\/07\\\/meydan-logo.svg\",\"width\":195,\"height\":46,\"caption\":\"Meydan TV\"},\"image\":{\"@id\":\"https:\\\/\\\/www.meydan.tv\\\/az\\\/#\\\/schema\\\/logo\\\/image\\\/\"}},{\"@type\":\"Person\",\"@id\":\"https:\\\/\\\/www.meydan.tv\\\/az\\\/#\\\/schema\\\/person\\\/10d11eccf6da3662cf5fdab9806ea91a\",\"name\":\"user-manager\"}]}<\/script>\n<!-- \/ Yoast SEO plugin. -->","yoast_head_json":{"title":"Ata: O\u011flumun intihar\u0131na s\u0259b\u0259b olmu\u015f zastava r\u0259isi aidiyy\u0259ti olmayan madd\u0259yl\u0259 h\u0259bsd\u0259dir - MEYDAN.TV","robots":{"index":"index","follow":"follow","max-snippet":"max-snippet:-1","max-image-preview":"max-image-preview:large","max-video-preview":"max-video-preview:-1"},"canonical":"https:\/\/www.meydan.tv\/az\/article\/ata-oglumun-intiharina-sebeb-olmus-zastava-reisi-aidiyyeti-olmayan-maddeyle-hebsdedir\/","og_locale":"az_AZ","og_type":"article","og_title":"Ata: O\u011flumun intihar\u0131na s\u0259b\u0259b olmu\u015f zastava r\u0259isi aidiyy\u0259ti olmayan madd\u0259yl\u0259 h\u0259bsd\u0259dir - MEYDAN.TV","og_description":"Z\u0259r\u0259r\u00e7\u0259kmi\u015f m\u0259hk\u0259m\u0259nin gedi\u015find\u0259n naraz\u0131d\u0131r \u0130lyar\u0131md\u0131r T\u0259rt\u0259r Rayon H\u0259rbi M\u0259hk\u0259m\u0259sind\u0259 S\u0259rh\u0259d ... Davam\u0131","og_url":"https:\/\/www.meydan.tv\/az\/article\/ata-oglumun-intiharina-sebeb-olmus-zastava-reisi-aidiyyeti-olmayan-maddeyle-hebsdedir\/","og_site_name":"MEYDAN.TV","article_published_time":"2021-10-26T07:54:49+00:00","article_modified_time":"2021-11-01T16:58:01+00:00","og_image":[{"width":1280,"height":800,"url":"https:\/\/www.meydan.tv\/wp-content\/uploads\/photo-2021-10-25-17-26-10-1.jpg","type":"image\/jpeg"}],"author":"user-manager","twitter_card":"summary_large_image","schema":{"@context":"https:\/\/schema.org","@graph":[{"@type":"Article","@id":"https:\/\/www.meydan.tv\/az\/article\/ata-oglumun-intiharina-sebeb-olmus-zastava-reisi-aidiyyeti-olmayan-maddeyle-hebsdedir\/#article","isPartOf":{"@id":"https:\/\/www.meydan.tv\/az\/article\/ata-oglumun-intiharina-sebeb-olmus-zastava-reisi-aidiyyeti-olmayan-maddeyle-hebsdedir\/"},"author":{"name":"user-manager","@id":"https:\/\/www.meydan.tv\/az\/#\/schema\/person\/10d11eccf6da3662cf5fdab9806ea91a"},"headline":"Ata: O\u011flumun intihar\u0131na s\u0259b\u0259b olmu\u015f zastava r\u0259isi aidiyy\u0259ti olmayan madd\u0259yl\u0259 h\u0259bsd\u0259dir","datePublished":"2021-10-26T07:54:49+00:00","dateModified":"2021-11-01T16:58:01+00:00","mainEntityOfPage":{"@id":"https:\/\/www.meydan.tv\/az\/article\/ata-oglumun-intiharina-sebeb-olmus-zastava-reisi-aidiyyeti-olmayan-maddeyle-hebsdedir\/"},"wordCount":1264,"publisher":{"@id":"https:\/\/www.meydan.tv\/az\/#organization"},"image":{"@id":"https:\/\/www.meydan.tv\/az\/article\/ata-oglumun-intiharina-sebeb-olmus-zastava-reisi-aidiyyeti-olmayan-maddeyle-hebsdedir\/#primaryimage"},"thumbnailUrl":"https:\/\/www.meydan.tv\/wp-content\/uploads\/photo-2021-10-25-17-26-10-1.jpg","articleSection":["B\u00f6lg\u0259","Redaktor se\u00e7imi"],"inLanguage":"az"},{"@type":"WebPage","@id":"https:\/\/www.meydan.tv\/az\/article\/ata-oglumun-intiharina-sebeb-olmus-zastava-reisi-aidiyyeti-olmayan-maddeyle-hebsdedir\/","url":"https:\/\/www.meydan.tv\/az\/article\/ata-oglumun-intiharina-sebeb-olmus-zastava-reisi-aidiyyeti-olmayan-maddeyle-hebsdedir\/","name":"Ata: O\u011flumun intihar\u0131na s\u0259b\u0259b olmu\u015f zastava r\u0259isi aidiyy\u0259ti olmayan madd\u0259yl\u0259 h\u0259bsd\u0259dir - MEYDAN.TV","isPartOf":{"@id":"https:\/\/www.meydan.tv\/az\/#website"},"primaryImageOfPage":{"@id":"https:\/\/www.meydan.tv\/az\/article\/ata-oglumun-intiharina-sebeb-olmus-zastava-reisi-aidiyyeti-olmayan-maddeyle-hebsdedir\/#primaryimage"},"image":{"@id":"https:\/\/www.meydan.tv\/az\/article\/ata-oglumun-intiharina-sebeb-olmus-zastava-reisi-aidiyyeti-olmayan-maddeyle-hebsdedir\/#primaryimage"},"thumbnailUrl":"https:\/\/www.meydan.tv\/wp-content\/uploads\/photo-2021-10-25-17-26-10-1.jpg","datePublished":"2021-10-26T07:54:49+00:00","dateModified":"2021-11-01T16:58:01+00:00","breadcrumb":{"@id":"https:\/\/www.meydan.tv\/az\/article\/ata-oglumun-intiharina-sebeb-olmus-zastava-reisi-aidiyyeti-olmayan-maddeyle-hebsdedir\/#breadcrumb"},"inLanguage":"az","potentialAction":[{"@type":"ReadAction","target":["https:\/\/www.meydan.tv\/az\/article\/ata-oglumun-intiharina-sebeb-olmus-zastava-reisi-aidiyyeti-olmayan-maddeyle-hebsdedir\/"]}]},{"@type":"ImageObject","inLanguage":"az","@id":"https:\/\/www.meydan.tv\/az\/article\/ata-oglumun-intiharina-sebeb-olmus-zastava-reisi-aidiyyeti-olmayan-maddeyle-hebsdedir\/#primaryimage","url":"https:\/\/www.meydan.tv\/wp-content\/uploads\/photo-2021-10-25-17-26-10-1.jpg","contentUrl":"https:\/\/www.meydan.tv\/wp-content\/uploads\/photo-2021-10-25-17-26-10-1.jpg","width":1280,"height":800,"caption":"Source: Specify Source"},{"@type":"BreadcrumbList","@id":"https:\/\/www.meydan.tv\/az\/article\/ata-oglumun-intiharina-sebeb-olmus-zastava-reisi-aidiyyeti-olmayan-maddeyle-hebsdedir\/#breadcrumb","itemListElement":[{"@type":"ListItem","position":1,"name":"Ana s\u0259hif\u0259","item":"https:\/\/www.meydan.tv\/az\/"},{"@type":"ListItem","position":2,"name":"B\u00f6lg\u0259","item":"https:\/\/www.meydan.tv\/az\/section\/bolge\/"},{"@type":"ListItem","position":3,"name":"Ata: O\u011flumun intihar\u0131na s\u0259b\u0259b olmu\u015f zastava r\u0259isi aidiyy\u0259ti olmayan madd\u0259yl\u0259 h\u0259bsd\u0259dir"}]},{"@type":"WebSite","@id":"https:\/\/www.meydan.tv\/az\/#website","url":"https:\/\/www.meydan.tv\/az\/","name":"MEYDAN.TV","description":"Meydan TV Az\u0259rbaycan\u0131n media m\u0259kan\u0131ndak\u0131 alternativ s\u0259sidir","publisher":{"@id":"https:\/\/www.meydan.tv\/az\/#organization"},"potentialAction":[{"@type":"SearchAction","target":{"@type":"EntryPoint","urlTemplate":"https:\/\/www.meydan.tv\/az\/?s={search_term_string}"},"query-input":{"@type":"PropertyValueSpecification","valueRequired":true,"valueName":"search_term_string"}}],"inLanguage":"az"},{"@type":"Organization","@id":"https:\/\/www.meydan.tv\/az\/#organization","name":"Meydan TV","url":"https:\/\/www.meydan.tv\/az\/","logo":{"@type":"ImageObject","inLanguage":"az","@id":"https:\/\/www.meydan.tv\/az\/#\/schema\/logo\/image\/","url":"https:\/\/www.meydan.tv\/wp-content\/uploads\/2021\/07\/meydan-logo.svg","contentUrl":"https:\/\/www.meydan.tv\/wp-content\/uploads\/2021\/07\/meydan-logo.svg","width":195,"height":46,"caption":"Meydan TV"},"image":{"@id":"https:\/\/www.meydan.tv\/az\/#\/schema\/logo\/image\/"}},{"@type":"Person","@id":"https:\/\/www.meydan.tv\/az\/#\/schema\/person\/10d11eccf6da3662cf5fdab9806ea91a","name":"user-manager"}]}},"_links":{"self":[{"href":"https:\/\/www.meydan.tv\/az\/wp-json\/wp\/v2\/posts\/213746","targetHints":{"allow":["GET"]}}],"collection":[{"href":"https:\/\/www.meydan.tv\/az\/wp-json\/wp\/v2\/posts"}],"about":[{"href":"https:\/\/www.meydan.tv\/az\/wp-json\/wp\/v2\/types\/post"}],"author":[{"embeddable":true,"href":"https:\/\/www.meydan.tv\/az\/wp-json\/wp\/v2\/users\/11"}],"replies":[{"embeddable":true,"href":"https:\/\/www.meydan.tv\/az\/wp-json\/wp\/v2\/comments?post=213746"}],"version-history":[{"count":3,"href":"https:\/\/www.meydan.tv\/az\/wp-json\/wp\/v2\/posts\/213746\/revisions"}],"predecessor-version":[{"id":224914,"href":"https:\/\/www.meydan.tv\/az\/wp-json\/wp\/v2\/posts\/213746\/revisions\/224914"}],"wp:featuredmedia":[{"embeddable":true,"href":"https:\/\/www.meydan.tv\/az\/wp-json\/wp\/v2\/media\/213683"}],"wp:attachment":[{"href":"https:\/\/www.meydan.tv\/az\/wp-json\/wp\/v2\/media?parent=213746"}],"wp:term":[{"taxonomy":"category","embeddable":true,"href":"https:\/\/www.meydan.tv\/az\/wp-json\/wp\/v2\/categories?post=213746"},{"taxonomy":"post_tag","embeddable":true,"href":"https:\/\/www.meydan.tv\/az\/wp-json\/wp\/v2\/tags?post=213746"}],"curies":[{"name":"wp","href":"https:\/\/api.w.org\/{rel}","templated":true}]}}