{"id":213741,"date":"2021-10-25T15:53:44","date_gmt":"2021-10-25T15:53:44","guid":{"rendered":"https:\/\/www.meydan.tv\/article\/sonuncu-burunc-qesr-mukafatina-layiq-gorulub\/"},"modified":"2021-10-25T15:53:44","modified_gmt":"2021-10-25T15:53:44","slug":"sonuncu-burunc-qesr-mukafatina-layiq-gorulub","status":"publish","type":"post","link":"https:\/\/www.meydan.tv\/az\/article\/sonuncu-burunc-qesr-mukafatina-layiq-gorulub\/","title":{"rendered":"\u201cSonuncu\u201d \u201cB\u00fcr\u00fcnc Q\u0259sr\u201d m\u00fckafat\u0131na layiq g\u00f6r\u00fcl\u00fcb"},"content":{"rendered":"<p>\n  <i><br \/>\n    Film Poznanda ke\u00e7iril\u0259n festivalda 13 filml\u0259 yar\u0131\u015f\u0131b<br \/>\n  <\/i>\n<\/p>\n<p>\n  Az\u0259rbaycan istehsal\u0131 olan \u201cSonuncu\u201d s\u0259n\u0259dli filmi \u201cOFF CINEMA\u201d 25-ci Beyn\u0259lxalq S\u0259n\u0259dli Film Festival\u0131nda \u201cB\u00fcr\u00fcnc Q\u0259sr\u201d (\u201cBronze Castle\u201d) m\u00fckafat\u0131na layiq g\u00f6r\u00fcl\u00fcb.\n<\/p>\n<p>\n  Bu bar\u0259d\u0259 m\u0259lumat\u0131 M\u0259d\u0259niyy\u0259t Nazirliyi<br \/>\n  <a href=\"http:\/\/mct.gov.az\/az\/umumi-xeberler\/13833\"><br \/>\n    yay\u0131b<br \/>\n  <\/a><br \/>\n  .\n<\/p>\n<p>\n  Bildirilir ki, \u201cSonuncu\u201d Pol\u015fan\u0131n Poznan \u015f\u0259h\u0259rind\u0259 ke\u00e7iril\u0259n festival\u0131n tammetrajl\u0131 s\u0259n\u0259dli filml\u0259r m\u00fcsabiq\u0259sind\u0259 13 filml\u0259 yar\u0131\u015f\u0131b.\n<\/p>\n<p>\n  Film Neft\u00e7ala yax\u0131nl\u0131\u011f\u0131nda yerl\u0259\u015f\u0259n K\u00fcr dili adas\u0131n\u0131n sonuncu sakini Vitali Pronind\u0259n b\u0259hs edir.\n<\/p>\n<p>\n  Ba\u015f prod\u00fcseri Arzu \u018fliyeva, prod\u00fcserl\u0259ri Orman \u018fliyev v\u0259 Nazim H\u00fcseynov, rejissoru Fariz \u018fhm\u0259dov, ssenari m\u00fc\u0259llifl\u0259ri Esmira \u018fyyub v\u0259 Fariz \u018fhm\u0259dovdur.\n<\/p>\n<p>\n  T\u0259svir rejissoru is\u0259 Pol\u015fadan d\u0259v\u0259t edilmi\u015f kino m\u00fct\u0259x\u0259ssisi Mateu\u015f \u00c7uxnovskidir.\n<\/p>\n<p>\n  M\u0259d\u0259niyy\u0259t Nazirliyinin d\u0259st\u0259yi il\u0259 \u201cBak\u0131 Media M\u0259rk\u0259zi\u201d v\u0259 \u201cSalnam\u0259film\u201d Studiyas\u0131 t\u0259r\u0259find\u0259n istehsal olunmu\u015f \u201cSonuncu\u201d s\u0259n\u0259dli filmi h\u0259m\u00e7inin noyabr\u0131n 13-d\u0259n 20-d\u0259k Pol\u015fan\u0131n Torun \u015f\u0259h\u0259rind\u0259 ke\u00e7iril\u0259c\u0259k 29-cu \u201cENERGACamerimage\u201d Beyn\u0259lxalq Film Festival\u0131n\u0131n q\u0131sametrajl\u0131 s\u0259n\u0259dli filml\u0259r \u00fczr\u0259 m\u00fcsabiq\u0259 b\u00f6lm\u0259sind\u0259 d\u0259 yar\u0131\u015facaq.<\/p>\n","protected":false},"excerpt":{"rendered":"<p>Film Neft\u00e7ala yax\u0131nl\u0131\u011f\u0131nda yerl\u0259\u015f\u0259n K\u00fcr dili adas\u0131n\u0131n sonuncu sakini Vitali Pronind\u0259n b\u0259hs edir.<\/p>\n","protected":false},"author":11,"featured_media":213677,"comment_status":"closed","ping_status":"open","sticky":false,"template":"","format":"standard","meta":{"_acf_changed":false,"_sitemap_exclude":false,"_sitemap_priority":"","_sitemap_frequency":"","footnotes":""},"categories":[52],"tags":[],"class_list":["post-213741","post","type-post","status-publish","format-standard","has-post-thumbnail","hentry","category-medeniyyet","infinite-scroll-item","generate-columns","tablet-grid-50","mobile-grid-100","grid-parent","grid-33","no-featured-image-padding"],"acf":[],"yoast_head":"<!-- This site is optimized with the Yoast SEO plugin v27.4 - https:\/\/yoast.com\/product\/yoast-seo-wordpress\/ -->\n<title>\u201cSonuncu\u201d \u201cB\u00fcr\u00fcnc Q\u0259sr\u201d m\u00fckafat\u0131na layiq g\u00f6r\u00fcl\u00fcb - MEYDAN.TV<\/title>\n<meta name=\"robots\" content=\"index, follow, max-snippet:-1, max-image-preview:large, max-video-preview:-1\" \/>\n<link rel=\"canonical\" href=\"https:\/\/www.meydan.tv\/az\/article\/sonuncu-burunc-qesr-mukafatina-layiq-gorulub\/\" \/>\n<meta property=\"og:locale\" content=\"az_AZ\" \/>\n<meta property=\"og:type\" content=\"article\" \/>\n<meta property=\"og:title\" content=\"\u201cSonuncu\u201d \u201cB\u00fcr\u00fcnc Q\u0259sr\u201d m\u00fckafat\u0131na layiq g\u00f6r\u00fcl\u00fcb - MEYDAN.TV\" \/>\n<meta property=\"og:description\" content=\"Film Neft\u00e7ala yax\u0131nl\u0131\u011f\u0131nda yerl\u0259\u015f\u0259n K\u00fcr dili adas\u0131n\u0131n sonuncu sakini Vitali Pronind\u0259n b\u0259hs edir.\" \/>\n<meta property=\"og:url\" content=\"https:\/\/www.meydan.tv\/az\/article\/sonuncu-burunc-qesr-mukafatina-layiq-gorulub\/\" \/>\n<meta property=\"og:site_name\" content=\"MEYDAN.TV\" \/>\n<meta property=\"article:published_time\" content=\"2021-10-25T15:53:44+00:00\" \/>\n<meta property=\"og:image\" content=\"https:\/\/www.meydan.tv\/wp-content\/uploads\/sonuncu-1.png\" \/>\n\t<meta property=\"og:image:width\" content=\"1024\" \/>\n\t<meta property=\"og:image:height\" content=\"576\" \/>\n\t<meta property=\"og:image:type\" content=\"image\/png\" \/>\n<meta name=\"author\" content=\"user-manager\" \/>\n<meta name=\"twitter:card\" content=\"summary_large_image\" \/>\n<script type=\"application\/ld+json\" class=\"yoast-schema-graph\">{\"@context\":\"https:\\\/\\\/schema.org\",\"@graph\":[{\"@type\":\"Article\",\"@id\":\"https:\\\/\\\/www.meydan.tv\\\/az\\\/article\\\/sonuncu-burunc-qesr-mukafatina-layiq-gorulub\\\/#article\",\"isPartOf\":{\"@id\":\"https:\\\/\\\/www.meydan.tv\\\/az\\\/article\\\/sonuncu-burunc-qesr-mukafatina-layiq-gorulub\\\/\"},\"author\":{\"name\":\"user-manager\",\"@id\":\"https:\\\/\\\/www.meydan.tv\\\/az\\\/#\\\/schema\\\/person\\\/10d11eccf6da3662cf5fdab9806ea91a\"},\"headline\":\"\u201cSonuncu\u201d \u201cB\u00fcr\u00fcnc Q\u0259sr\u201d m\u00fckafat\u0131na layiq g\u00f6r\u00fcl\u00fcb\",\"datePublished\":\"2021-10-25T15:53:44+00:00\",\"mainEntityOfPage\":{\"@id\":\"https:\\\/\\\/www.meydan.tv\\\/az\\\/article\\\/sonuncu-burunc-qesr-mukafatina-layiq-gorulub\\\/\"},\"wordCount\":235,\"publisher\":{\"@id\":\"https:\\\/\\\/www.meydan.tv\\\/az\\\/#organization\"},\"image\":{\"@id\":\"https:\\\/\\\/www.meydan.tv\\\/az\\\/article\\\/sonuncu-burunc-qesr-mukafatina-layiq-gorulub\\\/#primaryimage\"},\"thumbnailUrl\":\"https:\\\/\\\/www.meydan.tv\\\/wp-content\\\/uploads\\\/sonuncu-1.png\",\"articleSection\":[\"M\u0259d\u0259niyy\u0259t\"],\"inLanguage\":\"az\"},{\"@type\":\"WebPage\",\"@id\":\"https:\\\/\\\/www.meydan.tv\\\/az\\\/article\\\/sonuncu-burunc-qesr-mukafatina-layiq-gorulub\\\/\",\"url\":\"https:\\\/\\\/www.meydan.tv\\\/az\\\/article\\\/sonuncu-burunc-qesr-mukafatina-layiq-gorulub\\\/\",\"name\":\"\u201cSonuncu\u201d \u201cB\u00fcr\u00fcnc Q\u0259sr\u201d m\u00fckafat\u0131na layiq g\u00f6r\u00fcl\u00fcb - MEYDAN.TV\",\"isPartOf\":{\"@id\":\"https:\\\/\\\/www.meydan.tv\\\/az\\\/#website\"},\"primaryImageOfPage\":{\"@id\":\"https:\\\/\\\/www.meydan.tv\\\/az\\\/article\\\/sonuncu-burunc-qesr-mukafatina-layiq-gorulub\\\/#primaryimage\"},\"image\":{\"@id\":\"https:\\\/\\\/www.meydan.tv\\\/az\\\/article\\\/sonuncu-burunc-qesr-mukafatina-layiq-gorulub\\\/#primaryimage\"},\"thumbnailUrl\":\"https:\\\/\\\/www.meydan.tv\\\/wp-content\\\/uploads\\\/sonuncu-1.png\",\"datePublished\":\"2021-10-25T15:53:44+00:00\",\"breadcrumb\":{\"@id\":\"https:\\\/\\\/www.meydan.tv\\\/az\\\/article\\\/sonuncu-burunc-qesr-mukafatina-layiq-gorulub\\\/#breadcrumb\"},\"inLanguage\":\"az\",\"potentialAction\":[{\"@type\":\"ReadAction\",\"target\":[\"https:\\\/\\\/www.meydan.tv\\\/az\\\/article\\\/sonuncu-burunc-qesr-mukafatina-layiq-gorulub\\\/\"]}]},{\"@type\":\"ImageObject\",\"inLanguage\":\"az\",\"@id\":\"https:\\\/\\\/www.meydan.tv\\\/az\\\/article\\\/sonuncu-burunc-qesr-mukafatina-layiq-gorulub\\\/#primaryimage\",\"url\":\"https:\\\/\\\/www.meydan.tv\\\/wp-content\\\/uploads\\\/sonuncu-1.png\",\"contentUrl\":\"https:\\\/\\\/www.meydan.tv\\\/wp-content\\\/uploads\\\/sonuncu-1.png\",\"width\":1024,\"height\":576,\"caption\":\"Source: Specify Source\"},{\"@type\":\"BreadcrumbList\",\"@id\":\"https:\\\/\\\/www.meydan.tv\\\/az\\\/article\\\/sonuncu-burunc-qesr-mukafatina-layiq-gorulub\\\/#breadcrumb\",\"itemListElement\":[{\"@type\":\"ListItem\",\"position\":1,\"name\":\"Ana s\u0259hif\u0259\",\"item\":\"https:\\\/\\\/www.meydan.tv\\\/az\\\/\"},{\"@type\":\"ListItem\",\"position\":2,\"name\":\"M\u0259d\u0259niyy\u0259t\",\"item\":\"https:\\\/\\\/www.meydan.tv\\\/az\\\/section\\\/medeniyyet\\\/\"},{\"@type\":\"ListItem\",\"position\":3,\"name\":\"\u201cSonuncu\u201d \u201cB\u00fcr\u00fcnc Q\u0259sr\u201d m\u00fckafat\u0131na layiq g\u00f6r\u00fcl\u00fcb\"}]},{\"@type\":\"WebSite\",\"@id\":\"https:\\\/\\\/www.meydan.tv\\\/az\\\/#website\",\"url\":\"https:\\\/\\\/www.meydan.tv\\\/az\\\/\",\"name\":\"MEYDAN.TV\",\"description\":\"Meydan TV Az\u0259rbaycan\u0131n media m\u0259kan\u0131ndak\u0131 alternativ s\u0259sidir\",\"publisher\":{\"@id\":\"https:\\\/\\\/www.meydan.tv\\\/az\\\/#organization\"},\"potentialAction\":[{\"@type\":\"SearchAction\",\"target\":{\"@type\":\"EntryPoint\",\"urlTemplate\":\"https:\\\/\\\/www.meydan.tv\\\/az\\\/?s={search_term_string}\"},\"query-input\":{\"@type\":\"PropertyValueSpecification\",\"valueRequired\":true,\"valueName\":\"search_term_string\"}}],\"inLanguage\":\"az\"},{\"@type\":\"Organization\",\"@id\":\"https:\\\/\\\/www.meydan.tv\\\/az\\\/#organization\",\"name\":\"Meydan TV\",\"url\":\"https:\\\/\\\/www.meydan.tv\\\/az\\\/\",\"logo\":{\"@type\":\"ImageObject\",\"inLanguage\":\"az\",\"@id\":\"https:\\\/\\\/www.meydan.tv\\\/az\\\/#\\\/schema\\\/logo\\\/image\\\/\",\"url\":\"https:\\\/\\\/www.meydan.tv\\\/wp-content\\\/uploads\\\/2021\\\/07\\\/meydan-logo.svg\",\"contentUrl\":\"https:\\\/\\\/www.meydan.tv\\\/wp-content\\\/uploads\\\/2021\\\/07\\\/meydan-logo.svg\",\"width\":195,\"height\":46,\"caption\":\"Meydan TV\"},\"image\":{\"@id\":\"https:\\\/\\\/www.meydan.tv\\\/az\\\/#\\\/schema\\\/logo\\\/image\\\/\"}},{\"@type\":\"Person\",\"@id\":\"https:\\\/\\\/www.meydan.tv\\\/az\\\/#\\\/schema\\\/person\\\/10d11eccf6da3662cf5fdab9806ea91a\",\"name\":\"user-manager\"}]}<\/script>\n<!-- \/ Yoast SEO plugin. -->","yoast_head_json":{"title":"\u201cSonuncu\u201d \u201cB\u00fcr\u00fcnc Q\u0259sr\u201d m\u00fckafat\u0131na layiq g\u00f6r\u00fcl\u00fcb - MEYDAN.TV","robots":{"index":"index","follow":"follow","max-snippet":"max-snippet:-1","max-image-preview":"max-image-preview:large","max-video-preview":"max-video-preview:-1"},"canonical":"https:\/\/www.meydan.tv\/az\/article\/sonuncu-burunc-qesr-mukafatina-layiq-gorulub\/","og_locale":"az_AZ","og_type":"article","og_title":"\u201cSonuncu\u201d \u201cB\u00fcr\u00fcnc Q\u0259sr\u201d m\u00fckafat\u0131na layiq g\u00f6r\u00fcl\u00fcb - MEYDAN.TV","og_description":"Film Neft\u00e7ala yax\u0131nl\u0131\u011f\u0131nda yerl\u0259\u015f\u0259n K\u00fcr dili adas\u0131n\u0131n sonuncu sakini Vitali Pronind\u0259n b\u0259hs edir.","og_url":"https:\/\/www.meydan.tv\/az\/article\/sonuncu-burunc-qesr-mukafatina-layiq-gorulub\/","og_site_name":"MEYDAN.TV","article_published_time":"2021-10-25T15:53:44+00:00","og_image":[{"width":1024,"height":576,"url":"https:\/\/www.meydan.tv\/wp-content\/uploads\/sonuncu-1.png","type":"image\/png"}],"author":"user-manager","twitter_card":"summary_large_image","schema":{"@context":"https:\/\/schema.org","@graph":[{"@type":"Article","@id":"https:\/\/www.meydan.tv\/az\/article\/sonuncu-burunc-qesr-mukafatina-layiq-gorulub\/#article","isPartOf":{"@id":"https:\/\/www.meydan.tv\/az\/article\/sonuncu-burunc-qesr-mukafatina-layiq-gorulub\/"},"author":{"name":"user-manager","@id":"https:\/\/www.meydan.tv\/az\/#\/schema\/person\/10d11eccf6da3662cf5fdab9806ea91a"},"headline":"\u201cSonuncu\u201d \u201cB\u00fcr\u00fcnc Q\u0259sr\u201d m\u00fckafat\u0131na layiq g\u00f6r\u00fcl\u00fcb","datePublished":"2021-10-25T15:53:44+00:00","mainEntityOfPage":{"@id":"https:\/\/www.meydan.tv\/az\/article\/sonuncu-burunc-qesr-mukafatina-layiq-gorulub\/"},"wordCount":235,"publisher":{"@id":"https:\/\/www.meydan.tv\/az\/#organization"},"image":{"@id":"https:\/\/www.meydan.tv\/az\/article\/sonuncu-burunc-qesr-mukafatina-layiq-gorulub\/#primaryimage"},"thumbnailUrl":"https:\/\/www.meydan.tv\/wp-content\/uploads\/sonuncu-1.png","articleSection":["M\u0259d\u0259niyy\u0259t"],"inLanguage":"az"},{"@type":"WebPage","@id":"https:\/\/www.meydan.tv\/az\/article\/sonuncu-burunc-qesr-mukafatina-layiq-gorulub\/","url":"https:\/\/www.meydan.tv\/az\/article\/sonuncu-burunc-qesr-mukafatina-layiq-gorulub\/","name":"\u201cSonuncu\u201d \u201cB\u00fcr\u00fcnc Q\u0259sr\u201d m\u00fckafat\u0131na layiq g\u00f6r\u00fcl\u00fcb - MEYDAN.TV","isPartOf":{"@id":"https:\/\/www.meydan.tv\/az\/#website"},"primaryImageOfPage":{"@id":"https:\/\/www.meydan.tv\/az\/article\/sonuncu-burunc-qesr-mukafatina-layiq-gorulub\/#primaryimage"},"image":{"@id":"https:\/\/www.meydan.tv\/az\/article\/sonuncu-burunc-qesr-mukafatina-layiq-gorulub\/#primaryimage"},"thumbnailUrl":"https:\/\/www.meydan.tv\/wp-content\/uploads\/sonuncu-1.png","datePublished":"2021-10-25T15:53:44+00:00","breadcrumb":{"@id":"https:\/\/www.meydan.tv\/az\/article\/sonuncu-burunc-qesr-mukafatina-layiq-gorulub\/#breadcrumb"},"inLanguage":"az","potentialAction":[{"@type":"ReadAction","target":["https:\/\/www.meydan.tv\/az\/article\/sonuncu-burunc-qesr-mukafatina-layiq-gorulub\/"]}]},{"@type":"ImageObject","inLanguage":"az","@id":"https:\/\/www.meydan.tv\/az\/article\/sonuncu-burunc-qesr-mukafatina-layiq-gorulub\/#primaryimage","url":"https:\/\/www.meydan.tv\/wp-content\/uploads\/sonuncu-1.png","contentUrl":"https:\/\/www.meydan.tv\/wp-content\/uploads\/sonuncu-1.png","width":1024,"height":576,"caption":"Source: Specify Source"},{"@type":"BreadcrumbList","@id":"https:\/\/www.meydan.tv\/az\/article\/sonuncu-burunc-qesr-mukafatina-layiq-gorulub\/#breadcrumb","itemListElement":[{"@type":"ListItem","position":1,"name":"Ana s\u0259hif\u0259","item":"https:\/\/www.meydan.tv\/az\/"},{"@type":"ListItem","position":2,"name":"M\u0259d\u0259niyy\u0259t","item":"https:\/\/www.meydan.tv\/az\/section\/medeniyyet\/"},{"@type":"ListItem","position":3,"name":"\u201cSonuncu\u201d \u201cB\u00fcr\u00fcnc Q\u0259sr\u201d m\u00fckafat\u0131na layiq g\u00f6r\u00fcl\u00fcb"}]},{"@type":"WebSite","@id":"https:\/\/www.meydan.tv\/az\/#website","url":"https:\/\/www.meydan.tv\/az\/","name":"MEYDAN.TV","description":"Meydan TV Az\u0259rbaycan\u0131n media m\u0259kan\u0131ndak\u0131 alternativ s\u0259sidir","publisher":{"@id":"https:\/\/www.meydan.tv\/az\/#organization"},"potentialAction":[{"@type":"SearchAction","target":{"@type":"EntryPoint","urlTemplate":"https:\/\/www.meydan.tv\/az\/?s={search_term_string}"},"query-input":{"@type":"PropertyValueSpecification","valueRequired":true,"valueName":"search_term_string"}}],"inLanguage":"az"},{"@type":"Organization","@id":"https:\/\/www.meydan.tv\/az\/#organization","name":"Meydan TV","url":"https:\/\/www.meydan.tv\/az\/","logo":{"@type":"ImageObject","inLanguage":"az","@id":"https:\/\/www.meydan.tv\/az\/#\/schema\/logo\/image\/","url":"https:\/\/www.meydan.tv\/wp-content\/uploads\/2021\/07\/meydan-logo.svg","contentUrl":"https:\/\/www.meydan.tv\/wp-content\/uploads\/2021\/07\/meydan-logo.svg","width":195,"height":46,"caption":"Meydan TV"},"image":{"@id":"https:\/\/www.meydan.tv\/az\/#\/schema\/logo\/image\/"}},{"@type":"Person","@id":"https:\/\/www.meydan.tv\/az\/#\/schema\/person\/10d11eccf6da3662cf5fdab9806ea91a","name":"user-manager"}]}},"_links":{"self":[{"href":"https:\/\/www.meydan.tv\/az\/wp-json\/wp\/v2\/posts\/213741","targetHints":{"allow":["GET"]}}],"collection":[{"href":"https:\/\/www.meydan.tv\/az\/wp-json\/wp\/v2\/posts"}],"about":[{"href":"https:\/\/www.meydan.tv\/az\/wp-json\/wp\/v2\/types\/post"}],"author":[{"embeddable":true,"href":"https:\/\/www.meydan.tv\/az\/wp-json\/wp\/v2\/users\/11"}],"replies":[{"embeddable":true,"href":"https:\/\/www.meydan.tv\/az\/wp-json\/wp\/v2\/comments?post=213741"}],"version-history":[{"count":0,"href":"https:\/\/www.meydan.tv\/az\/wp-json\/wp\/v2\/posts\/213741\/revisions"}],"wp:featuredmedia":[{"embeddable":true,"href":"https:\/\/www.meydan.tv\/az\/wp-json\/wp\/v2\/media\/213677"}],"wp:attachment":[{"href":"https:\/\/www.meydan.tv\/az\/wp-json\/wp\/v2\/media?parent=213741"}],"wp:term":[{"taxonomy":"category","embeddable":true,"href":"https:\/\/www.meydan.tv\/az\/wp-json\/wp\/v2\/categories?post=213741"},{"taxonomy":"post_tag","embeddable":true,"href":"https:\/\/www.meydan.tv\/az\/wp-json\/wp\/v2\/tags?post=213741"}],"curies":[{"name":"wp","href":"https:\/\/api.w.org\/{rel}","templated":true}]}}