{"id":213731,"date":"2021-10-25T12:02:13","date_gmt":"2021-10-25T12:02:13","guid":{"rendered":"https:\/\/www.meydan.tv\/article\/birinci-qrup-qarabag-elili-yoxa-cixib\/"},"modified":"2021-10-25T12:02:13","modified_gmt":"2021-10-25T12:02:13","slug":"birinci-qrup-qarabag-elili-yoxa-cixib","status":"publish","type":"post","link":"https:\/\/www.meydan.tv\/az\/article\/birinci-qrup-qarabag-elili-yoxa-cixib\/","title":{"rendered":"Birinci qrup Qaraba\u011f \u0259lili yoxa \u00e7\u0131x\u0131b"},"content":{"rendered":"<p>\n  <i><br \/>\n    Bac\u0131s\u0131: \u201cG\u0259nc ya\u015f\u0131nda h\u0259yat\u0131 alt-\u00fcst oldu, V\u0259t\u0259ni \u00fc\u00e7\u00fcn can\u0131n\u0131 ver\u0259n adama bel\u0259 m\u00fcnasib\u0259t g\u00f6st\u0259rilm\u0259m\u0259liydi&#8230;\u201d<br \/>\n  <\/i>\n<\/p>\n<p>\n  Masall\u0131 rayonunun Q\u0131z\u0131la\u011fac k\u0259nd sakini, Birinci Qaraba\u011f M\u00fcharib\u0259sind\u0259 sa\u011flaml\u0131\u011f\u0131n\u0131 itirmi\u015f S\u0259m\u0259d \u018fsg\u0259rovdan do\u011fmalar\u0131 14 ild\u0259n \u00e7oxdur ki, he\u00e7 bir m\u0259lumat ala bilmir. 2007-ci ilin iyunundan yoxa \u00e7\u0131xan Qaraba\u011f \u0259lilinin bu g\u00fcn\u0259 q\u0259d\u0259r n\u0259 \u00f6l\u00fcs\u00fcnd\u0259n x\u0259b\u0259r var, n\u0259 d\u0259 dirisind\u0259n.\n<\/p>\n<p>\n  <b><br \/>\n    \u201cQarda\u015f\u0131m\u0131n o\u011furlan\u0131b \u00f6ld\u00fcr\u00fclm\u0259sind\u0259n \u015f\u00fcbh\u0259l\u0259nirik\u201d<br \/>\n  <\/b>\n<\/p>\n<p>\n  Meydan TV-y\u0259 dan\u0131\u015fan bac\u0131s\u0131 R\u0259saq\u0259t H\u00fcseynova iddia edir ki, h\u00fcquq-m\u00fchafiz\u0259 orqanlar\u0131 bu i\u015f\u0259 ciddi yana\u015fsayd\u0131lar, \u00e7oxdan ortada n\u0259tic\u0259 olard\u0131. Onun s\u00f6zl\u0259rin\u0259 g\u00f6r\u0259, S\u0259m\u0259d \u018fsg\u0259rovun yoxa \u00e7\u0131xmas\u0131nda \u015f\u00fcbh\u0259l\u0259ndikl\u0259ri adamlar olub. H\u0259min \u015f\u0259xsl\u0259rin adlar\u0131n\u0131 da h\u0259l\u0259 ill\u0259r \u00f6nc\u0259 h\u00fcquq-m\u00fchafiz\u0259 orqanlar\u0131na t\u0259qdim edibl\u0259r: \u201cBiz \u0259vv\u0259ld\u0259n demi\u015fdik ki, qarda\u015f\u0131m\u0131n itkin d\u00fc\u015fd\u00fcy\u00fcn\u00fc d\u00fc\u015f\u00fcnm\u00fcr\u00fck. Onun o\u011furlan\u0131b \u00f6ld\u00fcr\u00fclm\u0259sind\u0259n \u015f\u00fcbh\u0259l\u0259nirik. \u00c7\u00fcnki bundan bir m\u00fcdd\u0259t \u0259vv\u0259l o adamlar qarda\u015f\u0131m\u0131 k\u00f6m\u0259ksiz v\u0259ziyy\u0259td\u0259 v\u0259h\u015fic\u0259sin\u0259 d\u00f6ym\u00fc\u015fd\u00fcl\u0259r\u201d.\n<\/p>\n<p>\n  1971-ci il t\u0259v\u0259ll\u00fcdl\u00fc S\u0259m\u0259d \u018fsg\u0259rov h\u0259rbi xidm\u0259tini Murmansk vilay\u0259tind\u0259 \u00e7\u0259kib. Bac\u0131s\u0131 dan\u0131\u015f\u0131r ki, 1992-ci ild\u0259 &#8211; 3 illik h\u0259rbi xidm\u0259td\u0259n qay\u0131dandan t\u0259xmin\u0259n iki ay sonra Az\u0259rbaycanda s\u0259f\u0259rb\u0259rlik d\u00f6vr\u00fcnd\u0259 m\u00fcharib\u0259y\u0259 yollan\u0131b. La\u00e7\u0131nda ba\u015f\u0131ndan yaralan\u0131b: \u201cBizim x\u0259b\u0259rimiz olmam\u0131\u015fd\u0131. Qarda\u015f\u0131m meyitl\u0259rin aras\u0131nda olub. Zar\u0131lt\u0131 s\u0259si e\u015fid\u0259nd\u0259 g\u00f6r\u00fcbl\u0259r ki, bu sa\u011fd\u0131r. Be\u015f d\u0259f\u0259 ba\u015f\u0131ndan \u0259m\u0259liyyat olundu. Ba\u015f\u0131n\u0131n bir t\u0259r\u0259fini q\u0259lp\u0259 aparm\u0131\u015fd\u0131. \u018fm\u0259liyyat zaman\u0131 ora s\u00fcm\u00fck kimi n\u0259s\u0259 qoydular ki, ba\u015f\u0131n d\u0259risi beyin\u0259 d\u0259yib \u015fok verm\u0259sin. Bel\u0259c\u0259, g\u0259nc ya\u015f\u0131nda h\u0259yat\u0131 alt-\u00fcst oldu. V\u0259t\u0259ni \u00fc\u00e7\u00fcn can\u0131n\u0131 ver\u0259n adam\u0131n aqib\u0259ti bel\u0259 olmamal\u0131yd\u0131, ona bel\u0259 m\u00fcnasib\u0259t g\u00f6st\u0259rilm\u0259m\u0259liydi&#8230;\u201d\n<\/p>\n<p>\n  <b><br \/>\n    \u201cQarda\u015f\u0131m\u0131 o q\u0259d\u0259r d\u00f6y\u00fcbl\u0259r, \u00fcz-g\u00f6z\u00fc qan i\u00e7ind\u0259 olub\u201d<br \/>\n  <\/b>\n<\/p>\n<p>\n  S\u0259m\u0259d \u018fsg\u0259rov h\u0259yata qay\u0131tsa da, s\u0259rb\u0259st h\u0259r\u0259k\u0259t ed\u0259 bilm\u0259yib. K\u0259ndd\u0259 78 ya\u015fl\u0131 anas\u0131yla birlikd\u0259 ya\u015fayan Qaraba\u011f \u0259lili ild\u0259 iki d\u0259f\u0259 m\u00fcalic\u0259 al\u0131rm\u0131\u015f ki, h\u0259r\u0259k\u0259t qabiliyy\u0259tini tam itirm\u0259sin. R\u0259saq\u0259t H\u00fcseynovan\u0131n s\u00f6zl\u0259rin\u0259 g\u00f6r\u0259, 2007-ci ild\u0259 anas\u0131 y\u0131x\u0131l\u0131b, aya\u011f\u0131 \u0259zildiyin\u0259 g\u00f6r\u0259 x\u0259st\u0259xanaya yerl\u0259\u015fdirilib: \u201cO iki-\u00fc\u00e7 g\u00fcn \u0259rzind\u0259 qarda\u015f\u0131m k\u0259ndd\u0259 evd\u0259 t\u0259k, bax\u0131ms\u0131z qald\u0131. \u00c7\u00fcnki ona anam qulluq edirdi. O m\u00fcdd\u0259td\u0259 qarda\u015f\u0131m qon\u015funun h\u0259y\u0259tin\u0259 gedib ki, yem\u0259y\u0259 n\u0259s\u0259 ist\u0259sin. H\u0259min qon\u015funun iki o\u011flu bilib ki, S\u0259m\u0259d onlar\u0131n h\u0259y\u0259tin\u0259 g\u0259libmi\u015f. Ax\u015fam g\u0259lib bizim evimizd\u0259 qarda\u015f\u0131m\u0131 o q\u0259d\u0259r d\u00f6y\u00fcbl\u0259r, \u00fcz-g\u00f6z\u00fc qan i\u00e7ind\u0259 olub. K\u0259ndd\u0259ki bac\u0131m bunu e\u015fidib, g\u0259lib deyib ki, x\u0259st\u0259 adamd\u0131r, onu niy\u0259 bu v\u0259ziyy\u0259t\u0259 salm\u0131s\u0131z? Deyibl\u0259r ki, \u201cyax\u015f\u0131 el\u0259mi\u015fik\u201d. Polis\u0259 \u0259riz\u0259 veribl\u0259r ki, guya h\u0259y\u0259tl\u0259rin\u0259 o\u011furlu\u011fa girmi\u015fdi. O yaz\u0131q paltarlar\u0131n\u0131 g\u00fccl\u0259 geyinirdi&#8230;\u201d\n<\/p>\n<p>\n  R\u0259saq\u0259t H\u00fcseynova bildirib ki, bu hadis\u0259 2007-ci il may\u0131n 28-d\u0259 olub. \u00dcst\u00fcnd\u0259n \u00fc\u00e7 g\u00fcn ke\u00e7\u0259nd\u0259n sonra S\u0259m\u0259d \u018fsg\u0259rov yoxa \u00e7\u0131x\u0131b. Bac\u0131lar\u0131 onu axtaranda k\u0259ndin icra n\u00fcmay\u0259nd\u0259si deyib ki, \u015fikay\u0259t vard\u0131, ona g\u00f6r\u0259 L\u0259nk\u0259randak\u0131 ruhi-\u0259s\u0259b dispanserin\u0259 yerl\u0259\u015fdirilib: \u201cBac\u0131m d\u0259rhal dispanser\u0259 gedib, yem\u0259k v\u0259 paltar apar\u0131b. Onun apard\u0131qlar\u0131n\u0131 g\u00f6t\u00fcr\u00fcbl\u0259r, amma g\u00f6r\u00fc\u015fm\u0259y\u0259 qoymay\u0131blar. Deyibl\u0259r ki, ona iyn\u0259 vurulub, yat\u0131b. Bac\u0131m iki g\u00fcn sonra yenid\u0259n ged\u0259nd\u0259 bildiribl\u0259r ki, ev\u0259 burax\u0131l\u0131b. Bac\u0131m deyib ki, ax\u0131 ev\u0259 g\u0259lm\u0259yib. Deyibl\u0259r ki, gedin, g\u0259lib \u00e7\u0131xar. O g\u0259l\u0259n, bu g\u0259l\u0259n, indiy\u0259 q\u0259d\u0259r qarda\u015f\u0131mdan x\u0259b\u0259r yoxdur\u201d.\n<\/p>\n<figure class=\"wp-block-image size-large\">\n  <img decoding=\"async\" src=\"https:\/\/www.meydan.tv\/az\/photo-2021-10-25-11-56-24-jpg\/\" alt=\"photo-2021-10-25-11-56-24.jpg\" class=\"wp-image-213596\"\/><figcaption>\n    Masall\u0131 Rayon Prokurorlu\u011fundan cavab m\u0259<br \/>\n  <\/figcaption><\/figure>\n<p>\n  <b><br \/>\n    \u201cDedil\u0259r ki, H\u00f6vsan q\u0259biristanl\u0131\u011f\u0131nda nam\u0259lum meyit var, getdim&#8230;\u201d<br \/>\n  <\/b>\n<\/p>\n<p>\n  Ail\u0259 birinci qrup \u0259lilin ba\u015f\u0131na g\u0259l\u0259nl\u0259rl\u0259 \u0259laq\u0259dar Masall\u0131 Rayon Polis \u015e\u00f6b\u0259sin\u0259 m\u00fcraci\u0259t edib. \u018friz\u0259d\u0259 son g\u00fcnl\u0259rd\u0259 ba\u015f ver\u0259n hadis\u0259l\u0259rin ham\u0131s\u0131n\u0131 yaz\u0131blar. Onlar qon\u015fudak\u0131 qarda\u015flardan tutmu\u015f, icra n\u00fcmay\u0259nd\u0259sin\u0259 q\u0259d\u0259r h\u0259r k\u0259sin \u00e7a\u011fr\u0131l\u0131b dindirilm\u0259sini ist\u0259yibl\u0259r.\n<\/p>\n<p>\n  R\u0259saq\u0259t H\u00fcseynova deyir ki, o biri qarda\u015f\u0131 da Qaraba\u011f qazisi idi. S\u0259m\u0259d \u018fsg\u0259rovdan f\u0259rqli olaraq, o, polis idi, m\u00fcharib\u0259y\u0259 d\u0259 k\u00f6n\u00fcll\u00fc \u015f\u0259kild\u0259 getmi\u015fdi. 90-c\u0131 ill\u0259rd\u0259 m\u00fcharib\u0259d\u0259n qay\u0131tsa da, qarda\u015f\u0131 yoxa \u00e7\u0131xmam\u0131\u015fdan bir m\u00fcdd\u0259t \u0259vv\u0259l v\u0259fat edib.\n<\/p>\n<p>\n  \u201cS\u0259m\u0259d he\u00e7 yerd\u0259 qalan deyildi. 15 ildir ki, ka\u011f\u0131z \u00fcz\u0259rind\u0259 axtar\u0131rlar. \u018fg\u0259r do\u011frudan da axtarsayd\u0131lar, \u00e7oxdan h\u0259r \u015fey ortaya \u00e7\u0131xard\u0131. \u0130ki il \u0259vv\u0259l z\u0259ng g\u0259ldi, dedil\u0259r ki, H\u00f6vsan q\u0259biristanl\u0131\u011f\u0131nda kimliyi m\u0259lum olmayan meyit var. Getdim, dedim ki, qarda\u015f\u0131m\u0131n ba\u015f\u0131nda ni\u015fan\u0131 var. D\u0259ri n\u0259 q\u0259d\u0259r \u00e7\u00fcr\u00fcs\u0259 d\u0259, s\u00fcm\u00fck qal\u0131r. N\u0259\u015fi \u00e7\u0131xaranda ba\u015f\u0131ndan bildil\u0259r ki, o deyil\u201d, &#8211; bac\u0131s\u0131 yada sal\u0131r.\n<\/p>\n<p>\n  R\u0259saq\u0259t H\u00fcseynova \u0259lav\u0259 edib ki, \u00f6t\u0259n ill\u0259r \u0259rzind\u0259 polis, prokurorluq orqanlar\u0131na, Prezident Administrasiyas\u0131na onlarla m\u0259ktub v\u0259 teleqramlar g\u00f6nd\u0259rib. Lakin he\u00e7 bir n\u0259tic\u0259si olmay\u0131b.\n<\/p>\n<p>\n  <b><br \/>\n    Prokuror: \u201c\u00c7oxsayl\u0131 \u0259m\u0259liyyat-axtar\u0131\u015f t\u0259dbirl\u0259ri ke\u00e7irilm\u0259sin\u0259 baxmayaraq&#8230;\u201d<br \/>\n  <\/b>\n<\/p>\n<p>\n  Obyektiv v\u0259 h\u0259rt\u0259r\u0259fli ara\u015fd\u0131rma apar\u0131lmad\u0131\u011f\u0131n\u0131 dey\u0259n R\u0259saq\u0259t H\u00fcseynovan\u0131n bu bar\u0259d\u0259 Ba\u015f Prokurorlu\u011fa \u00fcnvanlad\u0131\u011f\u0131 \u015fikay\u0259t m\u0259ktubu Masall\u0131 Rayon Prokurorlu\u011funa y\u00f6n\u0259ldilib.\n<\/p>\n<p>\n  Masall\u0131n\u0131n prokuroru v\u0259zif\u0259sini icra ed\u0259n Cahangir Qurbanov bildirib ki, S\u0259m\u0259d \u018fsg\u0259rovun 2007-ci ilin iyununda itkin d\u00fc\u015fm\u0259siyl\u0259 \u0259laq\u0259dar Rayon Polis \u015e\u00f6b\u0259sinin T\u0259hqiqat B\u00f6lm\u0259sind\u0259 ara\u015fd\u0131rma apar\u0131l\u0131b:\n<\/p>\n<p>\n  \u201c18 iyul 2007-ci ild\u0259 cinay\u0259t i\u015fi ba\u015flanmas\u0131 r\u0259dd edilib. H\u0259min tarixd\u0259 S\u0259m\u0259d \u018fsg\u0259rov bar\u0259sind\u0259 Masall\u0131 Rayon Polis \u015e\u00f6b\u0259sind\u0259 23627 sayl\u0131 axtar\u0131\u015f i\u015fi a\u00e7\u0131l\u0131b. H\u0259min axtar\u0131\u015f i\u015fi \u00fczr\u0259 \u00e7oxsayl\u0131 \u0259m\u0259liyyat-axtar\u0131\u015f t\u0259dbirl\u0259ri ke\u00e7irilm\u0259sin\u0259 baxmayaraq, S\u0259m\u0259d \u018fsg\u0259rovun yerini m\u00fc\u0259yy\u0259n etm\u0259k m\u00fcmk\u00fcn olmay\u0131b.\n<\/p>\n<p>\n  S\u0259m\u0259d \u018fsg\u0259rov bar\u0259sind\u0259ki axtar\u0131\u015f i\u015fi Masall\u0131 Rayon Prokurorlu\u011funda \u00f6yr\u0259nilib. Onun oldu\u011fu yerin m\u00fc\u0259yy\u0259nl\u0259\u015fdirilm\u0259si m\u0259qs\u0259dil\u0259 axtar\u0131\u015f i\u015fi \u00fczr\u0259 yaz\u0131l\u0131 g\u00f6st\u0259ri\u015f verilm\u0259kl\u0259, icra icra olunmas\u0131 \u00fc\u00e7\u00fcn Masall\u0131 Rayon Polis \u015e\u00f6b\u0259sin\u0259 g\u00f6nd\u0259rilib\u201d.<\/p>\n","protected":false},"excerpt":{"rendered":"<p>&#8220;\u018fg\u0259r do\u011frudan da axtarsayd\u0131lar, \u00e7oxdan h\u0259r \u015fey ortaya \u00e7\u0131xard\u0131&#8221;<\/p>\n","protected":false},"author":11,"featured_media":213599,"comment_status":"closed","ping_status":"open","sticky":false,"template":"","format":"standard","meta":{"_acf_changed":false,"_sitemap_exclude":false,"_sitemap_priority":"","_sitemap_frequency":"","footnotes":""},"categories":[60],"tags":[],"class_list":["post-213731","post","type-post","status-publish","format-standard","has-post-thumbnail","hentry","category-bolge","infinite-scroll-item","generate-columns","tablet-grid-50","mobile-grid-100","grid-parent","grid-33","no-featured-image-padding"],"acf":[],"yoast_head":"<!-- This site is optimized with the Yoast SEO plugin v27.5 - https:\/\/yoast.com\/product\/yoast-seo-wordpress\/ -->\n<title>Birinci qrup Qaraba\u011f \u0259lili yoxa \u00e7\u0131x\u0131b - MEYDAN.TV<\/title>\n<meta name=\"robots\" content=\"index, follow, max-snippet:-1, max-image-preview:large, max-video-preview:-1\" \/>\n<link rel=\"canonical\" href=\"https:\/\/www.meydan.tv\/az\/article\/birinci-qrup-qarabag-elili-yoxa-cixib\/\" \/>\n<meta property=\"og:locale\" content=\"az_AZ\" \/>\n<meta property=\"og:type\" content=\"article\" \/>\n<meta property=\"og:title\" content=\"Birinci qrup Qaraba\u011f \u0259lili yoxa \u00e7\u0131x\u0131b - MEYDAN.TV\" \/>\n<meta property=\"og:description\" content=\"&quot;\u018fg\u0259r do\u011frudan da axtarsayd\u0131lar, \u00e7oxdan h\u0259r \u015fey ortaya \u00e7\u0131xard\u0131&quot;\" \/>\n<meta property=\"og:url\" content=\"https:\/\/www.meydan.tv\/az\/article\/birinci-qrup-qarabag-elili-yoxa-cixib\/\" \/>\n<meta property=\"og:site_name\" content=\"MEYDAN.TV\" \/>\n<meta property=\"article:published_time\" content=\"2021-10-25T12:02:13+00:00\" \/>\n<meta property=\"og:image\" content=\"https:\/\/www.meydan.tv\/wp-content\/uploads\/1_vw7mq5z.jpg\" \/>\n\t<meta property=\"og:image:width\" content=\"1220\" \/>\n\t<meta property=\"og:image:height\" content=\"686\" \/>\n\t<meta property=\"og:image:type\" content=\"image\/jpeg\" \/>\n<meta name=\"author\" content=\"user-manager\" \/>\n<meta name=\"twitter:card\" content=\"summary_large_image\" \/>\n<script type=\"application\/ld+json\" class=\"yoast-schema-graph\">{\"@context\":\"https:\\\/\\\/schema.org\",\"@graph\":[{\"@type\":\"Article\",\"@id\":\"https:\\\/\\\/www.meydan.tv\\\/az\\\/article\\\/birinci-qrup-qarabag-elili-yoxa-cixib\\\/#article\",\"isPartOf\":{\"@id\":\"https:\\\/\\\/www.meydan.tv\\\/az\\\/article\\\/birinci-qrup-qarabag-elili-yoxa-cixib\\\/\"},\"author\":{\"name\":\"user-manager\",\"@id\":\"https:\\\/\\\/www.meydan.tv\\\/az\\\/#\\\/schema\\\/person\\\/10d11eccf6da3662cf5fdab9806ea91a\"},\"headline\":\"Birinci qrup Qaraba\u011f \u0259lili yoxa \u00e7\u0131x\u0131b\",\"datePublished\":\"2021-10-25T12:02:13+00:00\",\"mainEntityOfPage\":{\"@id\":\"https:\\\/\\\/www.meydan.tv\\\/az\\\/article\\\/birinci-qrup-qarabag-elili-yoxa-cixib\\\/\"},\"wordCount\":1260,\"publisher\":{\"@id\":\"https:\\\/\\\/www.meydan.tv\\\/az\\\/#organization\"},\"image\":{\"@id\":\"https:\\\/\\\/www.meydan.tv\\\/az\\\/article\\\/birinci-qrup-qarabag-elili-yoxa-cixib\\\/#primaryimage\"},\"thumbnailUrl\":\"https:\\\/\\\/www.meydan.tv\\\/wp-content\\\/uploads\\\/1_vw7mq5z.jpg\",\"articleSection\":[\"B\u00f6lg\u0259\"],\"inLanguage\":\"az\"},{\"@type\":\"WebPage\",\"@id\":\"https:\\\/\\\/www.meydan.tv\\\/az\\\/article\\\/birinci-qrup-qarabag-elili-yoxa-cixib\\\/\",\"url\":\"https:\\\/\\\/www.meydan.tv\\\/az\\\/article\\\/birinci-qrup-qarabag-elili-yoxa-cixib\\\/\",\"name\":\"Birinci qrup Qaraba\u011f \u0259lili yoxa \u00e7\u0131x\u0131b - MEYDAN.TV\",\"isPartOf\":{\"@id\":\"https:\\\/\\\/www.meydan.tv\\\/az\\\/#website\"},\"primaryImageOfPage\":{\"@id\":\"https:\\\/\\\/www.meydan.tv\\\/az\\\/article\\\/birinci-qrup-qarabag-elili-yoxa-cixib\\\/#primaryimage\"},\"image\":{\"@id\":\"https:\\\/\\\/www.meydan.tv\\\/az\\\/article\\\/birinci-qrup-qarabag-elili-yoxa-cixib\\\/#primaryimage\"},\"thumbnailUrl\":\"https:\\\/\\\/www.meydan.tv\\\/wp-content\\\/uploads\\\/1_vw7mq5z.jpg\",\"datePublished\":\"2021-10-25T12:02:13+00:00\",\"breadcrumb\":{\"@id\":\"https:\\\/\\\/www.meydan.tv\\\/az\\\/article\\\/birinci-qrup-qarabag-elili-yoxa-cixib\\\/#breadcrumb\"},\"inLanguage\":\"az\",\"potentialAction\":[{\"@type\":\"ReadAction\",\"target\":[\"https:\\\/\\\/www.meydan.tv\\\/az\\\/article\\\/birinci-qrup-qarabag-elili-yoxa-cixib\\\/\"]}]},{\"@type\":\"ImageObject\",\"inLanguage\":\"az\",\"@id\":\"https:\\\/\\\/www.meydan.tv\\\/az\\\/article\\\/birinci-qrup-qarabag-elili-yoxa-cixib\\\/#primaryimage\",\"url\":\"https:\\\/\\\/www.meydan.tv\\\/wp-content\\\/uploads\\\/1_vw7mq5z.jpg\",\"contentUrl\":\"https:\\\/\\\/www.meydan.tv\\\/wp-content\\\/uploads\\\/1_vw7mq5z.jpg\",\"width\":1220,\"height\":686,\"caption\":\"Source: Meydan TV\"},{\"@type\":\"BreadcrumbList\",\"@id\":\"https:\\\/\\\/www.meydan.tv\\\/az\\\/article\\\/birinci-qrup-qarabag-elili-yoxa-cixib\\\/#breadcrumb\",\"itemListElement\":[{\"@type\":\"ListItem\",\"position\":1,\"name\":\"Ana s\u0259hif\u0259\",\"item\":\"https:\\\/\\\/www.meydan.tv\\\/az\\\/\"},{\"@type\":\"ListItem\",\"position\":2,\"name\":\"B\u00f6lg\u0259\",\"item\":\"https:\\\/\\\/www.meydan.tv\\\/az\\\/section\\\/bolge\\\/\"},{\"@type\":\"ListItem\",\"position\":3,\"name\":\"Birinci qrup Qaraba\u011f \u0259lili yoxa \u00e7\u0131x\u0131b\"}]},{\"@type\":\"WebSite\",\"@id\":\"https:\\\/\\\/www.meydan.tv\\\/az\\\/#website\",\"url\":\"https:\\\/\\\/www.meydan.tv\\\/az\\\/\",\"name\":\"MEYDAN.TV\",\"description\":\"Meydan TV Az\u0259rbaycan\u0131n media m\u0259kan\u0131ndak\u0131 alternativ s\u0259sidir\",\"publisher\":{\"@id\":\"https:\\\/\\\/www.meydan.tv\\\/az\\\/#organization\"},\"potentialAction\":[{\"@type\":\"SearchAction\",\"target\":{\"@type\":\"EntryPoint\",\"urlTemplate\":\"https:\\\/\\\/www.meydan.tv\\\/az\\\/?s={search_term_string}\"},\"query-input\":{\"@type\":\"PropertyValueSpecification\",\"valueRequired\":true,\"valueName\":\"search_term_string\"}}],\"inLanguage\":\"az\"},{\"@type\":\"Organization\",\"@id\":\"https:\\\/\\\/www.meydan.tv\\\/az\\\/#organization\",\"name\":\"Meydan TV\",\"url\":\"https:\\\/\\\/www.meydan.tv\\\/az\\\/\",\"logo\":{\"@type\":\"ImageObject\",\"inLanguage\":\"az\",\"@id\":\"https:\\\/\\\/www.meydan.tv\\\/az\\\/#\\\/schema\\\/logo\\\/image\\\/\",\"url\":\"https:\\\/\\\/www.meydan.tv\\\/wp-content\\\/uploads\\\/2021\\\/07\\\/meydan-logo.svg\",\"contentUrl\":\"https:\\\/\\\/www.meydan.tv\\\/wp-content\\\/uploads\\\/2021\\\/07\\\/meydan-logo.svg\",\"width\":195,\"height\":46,\"caption\":\"Meydan TV\"},\"image\":{\"@id\":\"https:\\\/\\\/www.meydan.tv\\\/az\\\/#\\\/schema\\\/logo\\\/image\\\/\"}},{\"@type\":\"Person\",\"@id\":\"https:\\\/\\\/www.meydan.tv\\\/az\\\/#\\\/schema\\\/person\\\/10d11eccf6da3662cf5fdab9806ea91a\",\"name\":\"user-manager\"}]}<\/script>\n<!-- \/ Yoast SEO plugin. -->","yoast_head_json":{"title":"Birinci qrup Qaraba\u011f \u0259lili yoxa \u00e7\u0131x\u0131b - MEYDAN.TV","robots":{"index":"index","follow":"follow","max-snippet":"max-snippet:-1","max-image-preview":"max-image-preview:large","max-video-preview":"max-video-preview:-1"},"canonical":"https:\/\/www.meydan.tv\/az\/article\/birinci-qrup-qarabag-elili-yoxa-cixib\/","og_locale":"az_AZ","og_type":"article","og_title":"Birinci qrup Qaraba\u011f \u0259lili yoxa \u00e7\u0131x\u0131b - MEYDAN.TV","og_description":"\"\u018fg\u0259r do\u011frudan da axtarsayd\u0131lar, \u00e7oxdan h\u0259r \u015fey ortaya \u00e7\u0131xard\u0131\"","og_url":"https:\/\/www.meydan.tv\/az\/article\/birinci-qrup-qarabag-elili-yoxa-cixib\/","og_site_name":"MEYDAN.TV","article_published_time":"2021-10-25T12:02:13+00:00","og_image":[{"width":1220,"height":686,"url":"https:\/\/www.meydan.tv\/wp-content\/uploads\/1_vw7mq5z.jpg","type":"image\/jpeg"}],"author":"user-manager","twitter_card":"summary_large_image","schema":{"@context":"https:\/\/schema.org","@graph":[{"@type":"Article","@id":"https:\/\/www.meydan.tv\/az\/article\/birinci-qrup-qarabag-elili-yoxa-cixib\/#article","isPartOf":{"@id":"https:\/\/www.meydan.tv\/az\/article\/birinci-qrup-qarabag-elili-yoxa-cixib\/"},"author":{"name":"user-manager","@id":"https:\/\/www.meydan.tv\/az\/#\/schema\/person\/10d11eccf6da3662cf5fdab9806ea91a"},"headline":"Birinci qrup Qaraba\u011f \u0259lili yoxa \u00e7\u0131x\u0131b","datePublished":"2021-10-25T12:02:13+00:00","mainEntityOfPage":{"@id":"https:\/\/www.meydan.tv\/az\/article\/birinci-qrup-qarabag-elili-yoxa-cixib\/"},"wordCount":1260,"publisher":{"@id":"https:\/\/www.meydan.tv\/az\/#organization"},"image":{"@id":"https:\/\/www.meydan.tv\/az\/article\/birinci-qrup-qarabag-elili-yoxa-cixib\/#primaryimage"},"thumbnailUrl":"https:\/\/www.meydan.tv\/wp-content\/uploads\/1_vw7mq5z.jpg","articleSection":["B\u00f6lg\u0259"],"inLanguage":"az"},{"@type":"WebPage","@id":"https:\/\/www.meydan.tv\/az\/article\/birinci-qrup-qarabag-elili-yoxa-cixib\/","url":"https:\/\/www.meydan.tv\/az\/article\/birinci-qrup-qarabag-elili-yoxa-cixib\/","name":"Birinci qrup Qaraba\u011f \u0259lili yoxa \u00e7\u0131x\u0131b - MEYDAN.TV","isPartOf":{"@id":"https:\/\/www.meydan.tv\/az\/#website"},"primaryImageOfPage":{"@id":"https:\/\/www.meydan.tv\/az\/article\/birinci-qrup-qarabag-elili-yoxa-cixib\/#primaryimage"},"image":{"@id":"https:\/\/www.meydan.tv\/az\/article\/birinci-qrup-qarabag-elili-yoxa-cixib\/#primaryimage"},"thumbnailUrl":"https:\/\/www.meydan.tv\/wp-content\/uploads\/1_vw7mq5z.jpg","datePublished":"2021-10-25T12:02:13+00:00","breadcrumb":{"@id":"https:\/\/www.meydan.tv\/az\/article\/birinci-qrup-qarabag-elili-yoxa-cixib\/#breadcrumb"},"inLanguage":"az","potentialAction":[{"@type":"ReadAction","target":["https:\/\/www.meydan.tv\/az\/article\/birinci-qrup-qarabag-elili-yoxa-cixib\/"]}]},{"@type":"ImageObject","inLanguage":"az","@id":"https:\/\/www.meydan.tv\/az\/article\/birinci-qrup-qarabag-elili-yoxa-cixib\/#primaryimage","url":"https:\/\/www.meydan.tv\/wp-content\/uploads\/1_vw7mq5z.jpg","contentUrl":"https:\/\/www.meydan.tv\/wp-content\/uploads\/1_vw7mq5z.jpg","width":1220,"height":686,"caption":"Source: Meydan TV"},{"@type":"BreadcrumbList","@id":"https:\/\/www.meydan.tv\/az\/article\/birinci-qrup-qarabag-elili-yoxa-cixib\/#breadcrumb","itemListElement":[{"@type":"ListItem","position":1,"name":"Ana s\u0259hif\u0259","item":"https:\/\/www.meydan.tv\/az\/"},{"@type":"ListItem","position":2,"name":"B\u00f6lg\u0259","item":"https:\/\/www.meydan.tv\/az\/section\/bolge\/"},{"@type":"ListItem","position":3,"name":"Birinci qrup Qaraba\u011f \u0259lili yoxa \u00e7\u0131x\u0131b"}]},{"@type":"WebSite","@id":"https:\/\/www.meydan.tv\/az\/#website","url":"https:\/\/www.meydan.tv\/az\/","name":"MEYDAN.TV","description":"Meydan TV Az\u0259rbaycan\u0131n media m\u0259kan\u0131ndak\u0131 alternativ s\u0259sidir","publisher":{"@id":"https:\/\/www.meydan.tv\/az\/#organization"},"potentialAction":[{"@type":"SearchAction","target":{"@type":"EntryPoint","urlTemplate":"https:\/\/www.meydan.tv\/az\/?s={search_term_string}"},"query-input":{"@type":"PropertyValueSpecification","valueRequired":true,"valueName":"search_term_string"}}],"inLanguage":"az"},{"@type":"Organization","@id":"https:\/\/www.meydan.tv\/az\/#organization","name":"Meydan TV","url":"https:\/\/www.meydan.tv\/az\/","logo":{"@type":"ImageObject","inLanguage":"az","@id":"https:\/\/www.meydan.tv\/az\/#\/schema\/logo\/image\/","url":"https:\/\/www.meydan.tv\/wp-content\/uploads\/2021\/07\/meydan-logo.svg","contentUrl":"https:\/\/www.meydan.tv\/wp-content\/uploads\/2021\/07\/meydan-logo.svg","width":195,"height":46,"caption":"Meydan TV"},"image":{"@id":"https:\/\/www.meydan.tv\/az\/#\/schema\/logo\/image\/"}},{"@type":"Person","@id":"https:\/\/www.meydan.tv\/az\/#\/schema\/person\/10d11eccf6da3662cf5fdab9806ea91a","name":"user-manager"}]}},"_links":{"self":[{"href":"https:\/\/www.meydan.tv\/az\/wp-json\/wp\/v2\/posts\/213731","targetHints":{"allow":["GET"]}}],"collection":[{"href":"https:\/\/www.meydan.tv\/az\/wp-json\/wp\/v2\/posts"}],"about":[{"href":"https:\/\/www.meydan.tv\/az\/wp-json\/wp\/v2\/types\/post"}],"author":[{"embeddable":true,"href":"https:\/\/www.meydan.tv\/az\/wp-json\/wp\/v2\/users\/11"}],"replies":[{"embeddable":true,"href":"https:\/\/www.meydan.tv\/az\/wp-json\/wp\/v2\/comments?post=213731"}],"version-history":[{"count":0,"href":"https:\/\/www.meydan.tv\/az\/wp-json\/wp\/v2\/posts\/213731\/revisions"}],"wp:featuredmedia":[{"embeddable":true,"href":"https:\/\/www.meydan.tv\/az\/wp-json\/wp\/v2\/media\/213599"}],"wp:attachment":[{"href":"https:\/\/www.meydan.tv\/az\/wp-json\/wp\/v2\/media?parent=213731"}],"wp:term":[{"taxonomy":"category","embeddable":true,"href":"https:\/\/www.meydan.tv\/az\/wp-json\/wp\/v2\/categories?post=213731"},{"taxonomy":"post_tag","embeddable":true,"href":"https:\/\/www.meydan.tv\/az\/wp-json\/wp\/v2\/tags?post=213731"}],"curies":[{"name":"wp","href":"https:\/\/api.w.org\/{rel}","templated":true}]}}