{"id":213730,"date":"2021-10-24T15:49:10","date_gmt":"2021-10-24T15:49:10","guid":{"rendered":"https:\/\/www.meydan.tv\/article\/imislinin-kendlerinde-teleb-sert-qis-qapidadir-kende-qaz-cekin\/"},"modified":"2021-10-24T15:49:10","modified_gmt":"2021-10-24T15:49:10","slug":"imislinin-kendlerinde-teleb-sert-qis-qapidadir-kende-qaz-cekin","status":"publish","type":"post","link":"https:\/\/www.meydan.tv\/az\/article\/imislinin-kendlerinde-teleb-sert-qis-qapidadir-kende-qaz-cekin\/","title":{"rendered":"\u0130mi\u015flinin k\u0259ndl\u0259rind\u0259 t\u0259l\u0259b: S\u0259rt q\u0131\u015f qap\u0131dad\u0131r, k\u0259nd\u0259 qaz \u00e7\u0259kin"},"content":{"rendered":"<p>\n  <i><br \/>\n    X\u0259lf\u0259lil\u0259r deyir, qaz problemi yax\u0131n vaxtda h\u0259ll olunmasa, yol ba\u011flamaqdan, icra hakimiyy\u0259tinin qar\u015f\u0131s\u0131na topla\u015fmaqdan ba\u015fqa \u00e7ar\u0259l\u0259ri qalmayacaq<br \/>\n  <\/i>\n<\/p>\n<p>\n  \u201cDeyir, me\u015f\u0259y\u0259 yax\u0131n gets\u0259n, bir \u00e7\u0131rp\u0131ya toxunsan, qanun qar\u015f\u0131s\u0131nda cavab ver\u0259c\u0259ks\u0259n, ancaq d\u00fc\u015f\u00fcnm\u00fcr ki, k\u0259ndd\u0259ki bu q\u0259d\u0259r qoca, k\u00f6rp\u0259, x\u0259st\u0259 insan qar\u015f\u0131dan g\u0259l\u0259n q\u0131\u015f\u0131 nec\u0259 ke\u00e7ir\u0259c\u0259k? Me\u015f\u0259y\u0259 gir\u0259 bilmirik, yax\u0131n ged\u0259n kimi c\u0259rim\u0259 k\u00fcr\u0259yimizd\u0259dir. Yax\u015f\u0131, b\u0259s biz nec\u0259 ya\u015fayaq, nec\u0259 idar\u0259 ed\u0259k?\u201d\n<\/p>\n<p>\n  Meydan TV-y\u0259 \u00fcz tutan \u0130mi\u015flinin X\u0259lf\u0259li k\u0259nd sakinl\u0259ri k\u0259ndd\u0259ki qazs\u0131zl\u0131\u011f\u0131 \u0259vv\u0259l\u0259r odunla idar\u0259 edirl\u0259rmi\u015f. Ancaq son ill\u0259r t\u0259tbiq olunan qada\u011falar k\u0259ndlil\u0259rin \u0259lini bo\u015fa \u00e7\u0131xar\u0131b.\n<\/p>\n<p>\n  <b><br \/>\n    \u201cYerin alt\u0131 qaz yataqlar\u0131, yerin \u00fcst\u00fcd\u0259 donuruq\u201d<br \/>\n  <\/b>\n<\/p>\n<p>\n  \u201cEvd\u0259 d\u00f6rd u\u015faq var, ham\u0131s\u0131 da azya\u015fl\u0131d\u0131r, 81 ya\u015f\u0131nda x\u0259st\u0259 anam var, h\u0259yat yolda\u015f\u0131m da yenic\u0259 \u0259m\u0259liyyatdan \u00e7\u0131x\u0131b. Bir ma\u015f\u0131n odunun qiym\u0259ti 400 manata yax\u0131nd\u0131r. Bilirsiniz ki, k\u0259nd evl\u0259rid\u0259 aynab\u0259ndl\u0259rin sah\u0259si iri olur. Bir ma\u015f\u0131n odun ikim\u0259rt\u0259b\u0259li evin, hamam\u0131n isidilmsin\u0259, m\u0259i\u015f\u0259td\u0259 istifad\u0259y\u0259 hec ayyar\u0131m davam g\u0259tirmir. Qaz olsa, isitm\u0259 sistemi qurar\u0131q, evl\u0259rimizi ist\u0259diyimiz kimi isid\u0259rik. Ax\u0131 Az\u0259rbaycan t\u0259kc\u0259 paytaxtdan ibar\u0259t deyil. B\u00f6lg\u0259l\u0259rd\u0259ki d\u0259 bu \u00f6lk\u0259nin v\u0259t\u0259nda\u015flar\u0131d\u0131r. Yerin alt\u0131 qaz yataqlar\u0131, yerin \u00fcst\u00fcnd\u0259 soyuqdan donuruq. Qar\u015f\u0131dan s\u0259rt q\u0131\u015f g\u0259lir, h\u00f6kum\u0259t bu m\u0259s\u0259l\u0259nin \u00e7ar\u0259sin\u0259 baxmal\u0131d\u0131r. \u0130ll\u0259rdir ki, z\u00fclm i\u00e7ind\u0259yik\u201d, &#8211; k\u0259nd sakinl\u0259rind\u0259n biri deyir.\n<\/p>\n<p>\n  <b><br \/>\n    \u201cXaric\u0259 qaz \u00f6t\u00fcr\u00fcr\u00fck, \u00f6z\u00fcm\u00fcz o\u011furluq odunla isinirik\u201d<br \/>\n  <\/b>\n<\/p>\n<p>\n  \u201cBu yax\u0131nlarda yen\u0259 prezidentimiz Avropaya qaz n\u0259qliyl\u0259 ba\u011fl\u0131 dan\u0131\u015f\u0131rd\u0131. T\u0259s\u0259vv\u00fcr edin ki, X\u0259lf\u0259lid\u0259 soyuq evd\u0259 yor\u011fana b\u00fcr\u00fcn\u00fcb bunlar\u0131 televizordan e\u015fid\u0259n k\u0259ndlid\u0259 q\u0259z\u0259b yaran\u0131r. Niy\u0259 az qala d\u00fcnyan\u0131n yar\u0131s\u0131na qaz \u00f6t\u00fcr\u00fcrl\u0259r, ancaq k\u0259ndd\u0259-k\u0259s\u0259kd\u0259 donan xalq\u0131 d\u00fc\u015f\u00fcnm\u00fcrl\u0259r? Xaric\u0259 qaz \u00f6t\u00fcr\u00fcr\u00fck, \u00f6z\u00fcm\u00fcz o\u011furluq odunla isinirik. B\u0259li, odun alma\u011fa imkan\u0131 olmayan m\u0259cburdur ki, h\u0259yat\u0131n\u0131 risk\u0259 at\u0131b, balas\u0131, x\u0259st\u0259 valideyni soyuqdan donmas\u0131n dey\u0259, \u0259lin\u0259 balta als\u0131n, me\u015f\u0259y\u0259 girsin, a\u011fac k\u0259ssin. Biz d\u0259 bu \u00f6lk\u0259nin yeralt\u0131, yer\u00fcst\u00fc s\u0259rv\u0259tl\u0259rind\u0259n yararlan\u0131b firavan ya\u015famaq ist\u0259yirik\u201d, &#8211; ad\u0131n\u0131n a\u00e7\u0131qlanmas\u0131n\u0131 ist\u0259m\u0259y\u0259n k\u0259nd sakini s\u00f6yl\u0259yib.\n<\/p>\n<p>\n  <b><br \/>\n    \u201cQaz verilm\u0259s\u0259, m\u0259cburuq ki, k\u00fc\u00e7\u0259l\u0259r\u0259 \u00e7\u0131xaq\u201d<br \/>\n  <\/b>\n<\/p>\n<p>\n  X\u0259lf\u0259lil\u0259r ad\u0131ndan dan\u0131\u015fan bir qrup k\u0259nd sakini deyir, qaz problemi yax\u0131n varda h\u0259ll olunmasa, yol ba\u011flamaqdan, icra hakimiyy\u0259tinin qar\u015f\u0131s\u0131na topla\u015fmaqdan ba\u015fqa \u00e7ar\u0259l\u0259ri qalmayacaq:\n<\/p>\n<p>\n  \u201cBir deyil, iki deyil, xeyli k\u0259ndd\u0259 eyni problem ya\u015fan\u0131r. Qon\u015fuluqdak\u0131 Qulub\u0259yli, Hacalmuradl\u0131, A\u011famal\u0131lar k\u0259ndl\u0259rind\u0259 d\u0259 eyni v\u0259ziyy\u0259tdir. H\u0259y\u0259tl\u0259rimizd\u0259ki a\u011faclar\u0131 da \u00f6t\u0259n ill\u0259r \u0259rzind\u0259 k\u0259sib bitirmi\u015fik. Biz g\u00f6rm\u00fc\u015f\u00fck ki, a\u011fac\u0131 meyv\u0259 g\u0259tirsin dey\u0259 \u0259k\u0259rl\u0259r, ancaq biz h\u0259r il a\u011fac \u0259kirik ki, q\u0131\u015fa q\u0259d\u0259r bir azca qol-budaq ats\u0131n, k\u0259sib odun kimi istifad\u0259 ed\u0259k. \u018fhali bir i\u015far\u0259y\u0259 b\u0259nddir ki, aya\u011fa qalxs\u0131n, yol k\u0259ssin, icra hakimiyy\u0259tinin qar\u015f\u0131s\u0131na ax\u0131\u015fs\u0131n. Bu q\u0259d\u0259r k\u0259ndin \u0259halisi k\u00fc\u00e7\u0259y\u0259 ax\u0131\u015fsa, qar\u015f\u0131s\u0131n\u0131 almaq olmayacaq, b\u0131\u00e7aq s\u00fcm\u00fcy\u0259 dir\u0259nib. Bu v\u0259t\u0259nin s\u0259rv\u0259tl\u0259rin\u0259 bizim d\u0259 haqq\u0131m\u0131z \u00e7at\u0131r v\u0259 biz haqq\u0131m\u0131z olan\u0131 ist\u0259yirik, t\u0259l\u0259b edirik\u201d.\n<\/p>\n<p>\n  <b><br \/>\n    \u201cYax\u0131n iki il \u0259rzind\u0259 b\u00fct\u00fcn k\u0259ndl\u0259r qazla\u015fd\u0131r\u0131lacaq\u201d<br \/>\n  <\/b>\n<\/p>\n<p>\n  Ekologiya v\u0259 T\u0259bii S\u0259rv\u0259tl\u0259r Nazirliyinin r\u0259smi m\u0259lumat\u0131na g\u00f6r\u0259, q\u0131\u015fa haz\u0131rl\u0131q m\u0259qs\u0259dil\u0259 qazla\u015fd\u0131r\u0131lmayan k\u0259ndl\u0259rin \u0259halisinin t\u0259minat\u0131 \u00fc\u00e7\u00fcn Regional Me\u015f\u0259 T\u0259s\u0259rr\u00fcfat\u0131 m\u0259rk\u0259zl\u0259rinin xidm\u0259ti \u0259razil\u0259rind\u0259 odun t\u0259dar\u00fck\u00fc davam edib: \u201c\u00d6lk\u0259 \u00fczr\u0259 5 oktyabr 2021-ci il tarixind\u0259 \u00fcmumilikd\u0259 1 min 447 kubmetr h\u0259cmind\u0259 odun t\u0259dar\u00fck olunub&quot;.\n<\/p>\n<p>\n  \u0130mili Rayon \u0130cra Hakimiyy\u0259tind\u0259n bildirilib ki, \u0259halinin mavi yanacaqla ba\u011fl\u0131 m\u00fcraci\u0259tl\u0259ri m\u00fct\u0259madi olaraq aidiyy\u0259ti \u00fczr\u0259 \u201cAz\u0259riqaz\u201d \u0130B \u0130mi\u015fli Q\u0130S-n\u0259 (Qaz \u0130dar\u0259si) y\u00f6nl\u0259ndirilir. Qaz \u0130dar\u0259sind\u0259n is\u0259 Meydan TV-y\u0259 bildirilib ki, k\u0259ndl\u0259rin qazla\u015fd\u0131r\u0131lmas\u0131 m\u0259rh\u0259l\u0259li qaydada h\u0259yata ke\u00e7irilir. Haz\u0131rda 20-d\u0259n \u00e7ox k\u0259ndd\u0259 qazla\u015fd\u0131rma i\u015fl\u0259ri apar\u0131l\u0131r. Qeyd olunan k\u0259ndl\u0259r bir-birin\u0259 qon\u015fudur v\u0259 h\u0259min k\u0259ndl\u0259r d\u0259 yax\u0131n 2 il \u0259rzind\u0259 qazla\u015fd\u0131r\u0131lacaq. Bununla ba\u011fl\u0131 texniki m\u0259s\u0259l\u0259l\u0259r m\u00fczakir\u0259 olunur.\n<\/p>\n<p>\n  X\u0259lf\u0259li k\u0259ndinin 3 min\u0259 yax\u0131n \u0259halisi var. K\u0259nd \u0259halisi \u0259sas\u0259n heyvandarl\u0131q v\u0259 \u0259kinl\u0259 m\u0259\u015f\u011ful olur.<\/p>\n","protected":false},"excerpt":{"rendered":"<p>\u201cBir deyil, iki deyil, xeyli k\u0259ndd\u0259 eyni problem ya\u015fan\u0131r&#8221;<\/p>\n","protected":false},"author":11,"featured_media":115935,"comment_status":"closed","ping_status":"open","sticky":false,"template":"","format":"standard","meta":{"_acf_changed":false,"_sitemap_exclude":false,"_sitemap_priority":"","_sitemap_frequency":"","footnotes":""},"categories":[60],"tags":[],"class_list":["post-213730","post","type-post","status-publish","format-standard","has-post-thumbnail","hentry","category-bolge","infinite-scroll-item","generate-columns","tablet-grid-50","mobile-grid-100","grid-parent","grid-33","no-featured-image-padding"],"acf":[],"yoast_head":"<!-- This site is optimized with the Yoast SEO plugin v27.5 - https:\/\/yoast.com\/product\/yoast-seo-wordpress\/ -->\n<title>\u0130mi\u015flinin k\u0259ndl\u0259rind\u0259 t\u0259l\u0259b: S\u0259rt q\u0131\u015f qap\u0131dad\u0131r, k\u0259nd\u0259 qaz \u00e7\u0259kin - MEYDAN.TV<\/title>\n<meta name=\"robots\" content=\"index, follow, max-snippet:-1, max-image-preview:large, max-video-preview:-1\" \/>\n<link rel=\"canonical\" href=\"https:\/\/www.meydan.tv\/az\/article\/imislinin-kendlerinde-teleb-sert-qis-qapidadir-kende-qaz-cekin\/\" \/>\n<meta property=\"og:locale\" content=\"az_AZ\" \/>\n<meta property=\"og:type\" content=\"article\" \/>\n<meta property=\"og:title\" content=\"\u0130mi\u015flinin k\u0259ndl\u0259rind\u0259 t\u0259l\u0259b: S\u0259rt q\u0131\u015f qap\u0131dad\u0131r, k\u0259nd\u0259 qaz \u00e7\u0259kin - MEYDAN.TV\" \/>\n<meta property=\"og:description\" content=\"\u201cBir deyil, iki deyil, xeyli k\u0259ndd\u0259 eyni problem ya\u015fan\u0131r&quot;\" \/>\n<meta property=\"og:url\" content=\"https:\/\/www.meydan.tv\/az\/article\/imislinin-kendlerinde-teleb-sert-qis-qapidadir-kende-qaz-cekin\/\" \/>\n<meta property=\"og:site_name\" content=\"MEYDAN.TV\" \/>\n<meta property=\"article:published_time\" content=\"2021-10-24T15:49:10+00:00\" \/>\n<meta property=\"og:image\" content=\"https:\/\/www.meydan.tv\/wp-content\/uploads\/46182-1200x797.png\" \/>\n\t<meta property=\"og:image:width\" content=\"1200\" \/>\n\t<meta property=\"og:image:height\" content=\"797\" \/>\n\t<meta property=\"og:image:type\" content=\"image\/png\" \/>\n<meta name=\"author\" content=\"user-manager\" \/>\n<meta name=\"twitter:card\" content=\"summary_large_image\" \/>\n<script type=\"application\/ld+json\" class=\"yoast-schema-graph\">{\"@context\":\"https:\\\/\\\/schema.org\",\"@graph\":[{\"@type\":\"Article\",\"@id\":\"https:\\\/\\\/www.meydan.tv\\\/az\\\/article\\\/imislinin-kendlerinde-teleb-sert-qis-qapidadir-kende-qaz-cekin\\\/#article\",\"isPartOf\":{\"@id\":\"https:\\\/\\\/www.meydan.tv\\\/az\\\/article\\\/imislinin-kendlerinde-teleb-sert-qis-qapidadir-kende-qaz-cekin\\\/\"},\"author\":{\"name\":\"user-manager\",\"@id\":\"https:\\\/\\\/www.meydan.tv\\\/az\\\/#\\\/schema\\\/person\\\/10d11eccf6da3662cf5fdab9806ea91a\"},\"headline\":\"\u0130mi\u015flinin k\u0259ndl\u0259rind\u0259 t\u0259l\u0259b: S\u0259rt q\u0131\u015f qap\u0131dad\u0131r, k\u0259nd\u0259 qaz \u00e7\u0259kin\",\"datePublished\":\"2021-10-24T15:49:10+00:00\",\"mainEntityOfPage\":{\"@id\":\"https:\\\/\\\/www.meydan.tv\\\/az\\\/article\\\/imislinin-kendlerinde-teleb-sert-qis-qapidadir-kende-qaz-cekin\\\/\"},\"wordCount\":926,\"publisher\":{\"@id\":\"https:\\\/\\\/www.meydan.tv\\\/az\\\/#organization\"},\"image\":{\"@id\":\"https:\\\/\\\/www.meydan.tv\\\/az\\\/article\\\/imislinin-kendlerinde-teleb-sert-qis-qapidadir-kende-qaz-cekin\\\/#primaryimage\"},\"thumbnailUrl\":\"https:\\\/\\\/www.meydan.tv\\\/wp-content\\\/uploads\\\/46182-e1725025912165.png\",\"articleSection\":[\"B\u00f6lg\u0259\"],\"inLanguage\":\"az\"},{\"@type\":\"WebPage\",\"@id\":\"https:\\\/\\\/www.meydan.tv\\\/az\\\/article\\\/imislinin-kendlerinde-teleb-sert-qis-qapidadir-kende-qaz-cekin\\\/\",\"url\":\"https:\\\/\\\/www.meydan.tv\\\/az\\\/article\\\/imislinin-kendlerinde-teleb-sert-qis-qapidadir-kende-qaz-cekin\\\/\",\"name\":\"\u0130mi\u015flinin k\u0259ndl\u0259rind\u0259 t\u0259l\u0259b: S\u0259rt q\u0131\u015f qap\u0131dad\u0131r, k\u0259nd\u0259 qaz \u00e7\u0259kin - MEYDAN.TV\",\"isPartOf\":{\"@id\":\"https:\\\/\\\/www.meydan.tv\\\/az\\\/#website\"},\"primaryImageOfPage\":{\"@id\":\"https:\\\/\\\/www.meydan.tv\\\/az\\\/article\\\/imislinin-kendlerinde-teleb-sert-qis-qapidadir-kende-qaz-cekin\\\/#primaryimage\"},\"image\":{\"@id\":\"https:\\\/\\\/www.meydan.tv\\\/az\\\/article\\\/imislinin-kendlerinde-teleb-sert-qis-qapidadir-kende-qaz-cekin\\\/#primaryimage\"},\"thumbnailUrl\":\"https:\\\/\\\/www.meydan.tv\\\/wp-content\\\/uploads\\\/46182-e1725025912165.png\",\"datePublished\":\"2021-10-24T15:49:10+00:00\",\"breadcrumb\":{\"@id\":\"https:\\\/\\\/www.meydan.tv\\\/az\\\/article\\\/imislinin-kendlerinde-teleb-sert-qis-qapidadir-kende-qaz-cekin\\\/#breadcrumb\"},\"inLanguage\":\"az\",\"potentialAction\":[{\"@type\":\"ReadAction\",\"target\":[\"https:\\\/\\\/www.meydan.tv\\\/az\\\/article\\\/imislinin-kendlerinde-teleb-sert-qis-qapidadir-kende-qaz-cekin\\\/\"]}]},{\"@type\":\"ImageObject\",\"inLanguage\":\"az\",\"@id\":\"https:\\\/\\\/www.meydan.tv\\\/az\\\/article\\\/imislinin-kendlerinde-teleb-sert-qis-qapidadir-kende-qaz-cekin\\\/#primaryimage\",\"url\":\"https:\\\/\\\/www.meydan.tv\\\/wp-content\\\/uploads\\\/46182-e1725025912165.png\",\"contentUrl\":\"https:\\\/\\\/www.meydan.tv\\\/wp-content\\\/uploads\\\/46182-e1725025912165.png\",\"width\":3215,\"height\":1495,\"caption\":\"Foto: \u0130mi\u015fli Rayon \u0130cra Hakimiyy\u0259ti\"},{\"@type\":\"BreadcrumbList\",\"@id\":\"https:\\\/\\\/www.meydan.tv\\\/az\\\/article\\\/imislinin-kendlerinde-teleb-sert-qis-qapidadir-kende-qaz-cekin\\\/#breadcrumb\",\"itemListElement\":[{\"@type\":\"ListItem\",\"position\":1,\"name\":\"Ana s\u0259hif\u0259\",\"item\":\"https:\\\/\\\/www.meydan.tv\\\/az\\\/\"},{\"@type\":\"ListItem\",\"position\":2,\"name\":\"B\u00f6lg\u0259\",\"item\":\"https:\\\/\\\/www.meydan.tv\\\/az\\\/section\\\/bolge\\\/\"},{\"@type\":\"ListItem\",\"position\":3,\"name\":\"\u0130mi\u015flinin k\u0259ndl\u0259rind\u0259 t\u0259l\u0259b: S\u0259rt q\u0131\u015f qap\u0131dad\u0131r, k\u0259nd\u0259 qaz \u00e7\u0259kin\"}]},{\"@type\":\"WebSite\",\"@id\":\"https:\\\/\\\/www.meydan.tv\\\/az\\\/#website\",\"url\":\"https:\\\/\\\/www.meydan.tv\\\/az\\\/\",\"name\":\"MEYDAN.TV\",\"description\":\"Meydan TV Az\u0259rbaycan\u0131n media m\u0259kan\u0131ndak\u0131 alternativ s\u0259sidir\",\"publisher\":{\"@id\":\"https:\\\/\\\/www.meydan.tv\\\/az\\\/#organization\"},\"potentialAction\":[{\"@type\":\"SearchAction\",\"target\":{\"@type\":\"EntryPoint\",\"urlTemplate\":\"https:\\\/\\\/www.meydan.tv\\\/az\\\/?s={search_term_string}\"},\"query-input\":{\"@type\":\"PropertyValueSpecification\",\"valueRequired\":true,\"valueName\":\"search_term_string\"}}],\"inLanguage\":\"az\"},{\"@type\":\"Organization\",\"@id\":\"https:\\\/\\\/www.meydan.tv\\\/az\\\/#organization\",\"name\":\"Meydan TV\",\"url\":\"https:\\\/\\\/www.meydan.tv\\\/az\\\/\",\"logo\":{\"@type\":\"ImageObject\",\"inLanguage\":\"az\",\"@id\":\"https:\\\/\\\/www.meydan.tv\\\/az\\\/#\\\/schema\\\/logo\\\/image\\\/\",\"url\":\"https:\\\/\\\/www.meydan.tv\\\/wp-content\\\/uploads\\\/2021\\\/07\\\/meydan-logo.svg\",\"contentUrl\":\"https:\\\/\\\/www.meydan.tv\\\/wp-content\\\/uploads\\\/2021\\\/07\\\/meydan-logo.svg\",\"width\":195,\"height\":46,\"caption\":\"Meydan TV\"},\"image\":{\"@id\":\"https:\\\/\\\/www.meydan.tv\\\/az\\\/#\\\/schema\\\/logo\\\/image\\\/\"}},{\"@type\":\"Person\",\"@id\":\"https:\\\/\\\/www.meydan.tv\\\/az\\\/#\\\/schema\\\/person\\\/10d11eccf6da3662cf5fdab9806ea91a\",\"name\":\"user-manager\"}]}<\/script>\n<!-- \/ Yoast SEO plugin. -->","yoast_head_json":{"title":"\u0130mi\u015flinin k\u0259ndl\u0259rind\u0259 t\u0259l\u0259b: S\u0259rt q\u0131\u015f qap\u0131dad\u0131r, k\u0259nd\u0259 qaz \u00e7\u0259kin - MEYDAN.TV","robots":{"index":"index","follow":"follow","max-snippet":"max-snippet:-1","max-image-preview":"max-image-preview:large","max-video-preview":"max-video-preview:-1"},"canonical":"https:\/\/www.meydan.tv\/az\/article\/imislinin-kendlerinde-teleb-sert-qis-qapidadir-kende-qaz-cekin\/","og_locale":"az_AZ","og_type":"article","og_title":"\u0130mi\u015flinin k\u0259ndl\u0259rind\u0259 t\u0259l\u0259b: S\u0259rt q\u0131\u015f qap\u0131dad\u0131r, k\u0259nd\u0259 qaz \u00e7\u0259kin - MEYDAN.TV","og_description":"\u201cBir deyil, iki deyil, xeyli k\u0259ndd\u0259 eyni problem ya\u015fan\u0131r\"","og_url":"https:\/\/www.meydan.tv\/az\/article\/imislinin-kendlerinde-teleb-sert-qis-qapidadir-kende-qaz-cekin\/","og_site_name":"MEYDAN.TV","article_published_time":"2021-10-24T15:49:10+00:00","og_image":[{"width":1200,"height":797,"url":"https:\/\/www.meydan.tv\/wp-content\/uploads\/46182-1200x797.png","type":"image\/png"}],"author":"user-manager","twitter_card":"summary_large_image","schema":{"@context":"https:\/\/schema.org","@graph":[{"@type":"Article","@id":"https:\/\/www.meydan.tv\/az\/article\/imislinin-kendlerinde-teleb-sert-qis-qapidadir-kende-qaz-cekin\/#article","isPartOf":{"@id":"https:\/\/www.meydan.tv\/az\/article\/imislinin-kendlerinde-teleb-sert-qis-qapidadir-kende-qaz-cekin\/"},"author":{"name":"user-manager","@id":"https:\/\/www.meydan.tv\/az\/#\/schema\/person\/10d11eccf6da3662cf5fdab9806ea91a"},"headline":"\u0130mi\u015flinin k\u0259ndl\u0259rind\u0259 t\u0259l\u0259b: S\u0259rt q\u0131\u015f qap\u0131dad\u0131r, k\u0259nd\u0259 qaz \u00e7\u0259kin","datePublished":"2021-10-24T15:49:10+00:00","mainEntityOfPage":{"@id":"https:\/\/www.meydan.tv\/az\/article\/imislinin-kendlerinde-teleb-sert-qis-qapidadir-kende-qaz-cekin\/"},"wordCount":926,"publisher":{"@id":"https:\/\/www.meydan.tv\/az\/#organization"},"image":{"@id":"https:\/\/www.meydan.tv\/az\/article\/imislinin-kendlerinde-teleb-sert-qis-qapidadir-kende-qaz-cekin\/#primaryimage"},"thumbnailUrl":"https:\/\/www.meydan.tv\/wp-content\/uploads\/46182-e1725025912165.png","articleSection":["B\u00f6lg\u0259"],"inLanguage":"az"},{"@type":"WebPage","@id":"https:\/\/www.meydan.tv\/az\/article\/imislinin-kendlerinde-teleb-sert-qis-qapidadir-kende-qaz-cekin\/","url":"https:\/\/www.meydan.tv\/az\/article\/imislinin-kendlerinde-teleb-sert-qis-qapidadir-kende-qaz-cekin\/","name":"\u0130mi\u015flinin k\u0259ndl\u0259rind\u0259 t\u0259l\u0259b: S\u0259rt q\u0131\u015f qap\u0131dad\u0131r, k\u0259nd\u0259 qaz \u00e7\u0259kin - MEYDAN.TV","isPartOf":{"@id":"https:\/\/www.meydan.tv\/az\/#website"},"primaryImageOfPage":{"@id":"https:\/\/www.meydan.tv\/az\/article\/imislinin-kendlerinde-teleb-sert-qis-qapidadir-kende-qaz-cekin\/#primaryimage"},"image":{"@id":"https:\/\/www.meydan.tv\/az\/article\/imislinin-kendlerinde-teleb-sert-qis-qapidadir-kende-qaz-cekin\/#primaryimage"},"thumbnailUrl":"https:\/\/www.meydan.tv\/wp-content\/uploads\/46182-e1725025912165.png","datePublished":"2021-10-24T15:49:10+00:00","breadcrumb":{"@id":"https:\/\/www.meydan.tv\/az\/article\/imislinin-kendlerinde-teleb-sert-qis-qapidadir-kende-qaz-cekin\/#breadcrumb"},"inLanguage":"az","potentialAction":[{"@type":"ReadAction","target":["https:\/\/www.meydan.tv\/az\/article\/imislinin-kendlerinde-teleb-sert-qis-qapidadir-kende-qaz-cekin\/"]}]},{"@type":"ImageObject","inLanguage":"az","@id":"https:\/\/www.meydan.tv\/az\/article\/imislinin-kendlerinde-teleb-sert-qis-qapidadir-kende-qaz-cekin\/#primaryimage","url":"https:\/\/www.meydan.tv\/wp-content\/uploads\/46182-e1725025912165.png","contentUrl":"https:\/\/www.meydan.tv\/wp-content\/uploads\/46182-e1725025912165.png","width":3215,"height":1495,"caption":"Foto: \u0130mi\u015fli Rayon \u0130cra Hakimiyy\u0259ti"},{"@type":"BreadcrumbList","@id":"https:\/\/www.meydan.tv\/az\/article\/imislinin-kendlerinde-teleb-sert-qis-qapidadir-kende-qaz-cekin\/#breadcrumb","itemListElement":[{"@type":"ListItem","position":1,"name":"Ana s\u0259hif\u0259","item":"https:\/\/www.meydan.tv\/az\/"},{"@type":"ListItem","position":2,"name":"B\u00f6lg\u0259","item":"https:\/\/www.meydan.tv\/az\/section\/bolge\/"},{"@type":"ListItem","position":3,"name":"\u0130mi\u015flinin k\u0259ndl\u0259rind\u0259 t\u0259l\u0259b: S\u0259rt q\u0131\u015f qap\u0131dad\u0131r, k\u0259nd\u0259 qaz \u00e7\u0259kin"}]},{"@type":"WebSite","@id":"https:\/\/www.meydan.tv\/az\/#website","url":"https:\/\/www.meydan.tv\/az\/","name":"MEYDAN.TV","description":"Meydan TV Az\u0259rbaycan\u0131n media m\u0259kan\u0131ndak\u0131 alternativ s\u0259sidir","publisher":{"@id":"https:\/\/www.meydan.tv\/az\/#organization"},"potentialAction":[{"@type":"SearchAction","target":{"@type":"EntryPoint","urlTemplate":"https:\/\/www.meydan.tv\/az\/?s={search_term_string}"},"query-input":{"@type":"PropertyValueSpecification","valueRequired":true,"valueName":"search_term_string"}}],"inLanguage":"az"},{"@type":"Organization","@id":"https:\/\/www.meydan.tv\/az\/#organization","name":"Meydan TV","url":"https:\/\/www.meydan.tv\/az\/","logo":{"@type":"ImageObject","inLanguage":"az","@id":"https:\/\/www.meydan.tv\/az\/#\/schema\/logo\/image\/","url":"https:\/\/www.meydan.tv\/wp-content\/uploads\/2021\/07\/meydan-logo.svg","contentUrl":"https:\/\/www.meydan.tv\/wp-content\/uploads\/2021\/07\/meydan-logo.svg","width":195,"height":46,"caption":"Meydan TV"},"image":{"@id":"https:\/\/www.meydan.tv\/az\/#\/schema\/logo\/image\/"}},{"@type":"Person","@id":"https:\/\/www.meydan.tv\/az\/#\/schema\/person\/10d11eccf6da3662cf5fdab9806ea91a","name":"user-manager"}]}},"_links":{"self":[{"href":"https:\/\/www.meydan.tv\/az\/wp-json\/wp\/v2\/posts\/213730","targetHints":{"allow":["GET"]}}],"collection":[{"href":"https:\/\/www.meydan.tv\/az\/wp-json\/wp\/v2\/posts"}],"about":[{"href":"https:\/\/www.meydan.tv\/az\/wp-json\/wp\/v2\/types\/post"}],"author":[{"embeddable":true,"href":"https:\/\/www.meydan.tv\/az\/wp-json\/wp\/v2\/users\/11"}],"replies":[{"embeddable":true,"href":"https:\/\/www.meydan.tv\/az\/wp-json\/wp\/v2\/comments?post=213730"}],"version-history":[{"count":0,"href":"https:\/\/www.meydan.tv\/az\/wp-json\/wp\/v2\/posts\/213730\/revisions"}],"wp:featuredmedia":[{"embeddable":true,"href":"https:\/\/www.meydan.tv\/az\/wp-json\/wp\/v2\/media\/115935"}],"wp:attachment":[{"href":"https:\/\/www.meydan.tv\/az\/wp-json\/wp\/v2\/media?parent=213730"}],"wp:term":[{"taxonomy":"category","embeddable":true,"href":"https:\/\/www.meydan.tv\/az\/wp-json\/wp\/v2\/categories?post=213730"},{"taxonomy":"post_tag","embeddable":true,"href":"https:\/\/www.meydan.tv\/az\/wp-json\/wp\/v2\/tags?post=213730"}],"curies":[{"name":"wp","href":"https:\/\/api.w.org\/{rel}","templated":true}]}}