{"id":213728,"date":"2021-10-24T07:43:08","date_gmt":"2021-10-24T07:43:08","guid":{"rendered":"https:\/\/www.meydan.tv\/article\/agsu-sakini-48-yasinda-emek-qabiliyyetimi-tam-itirmisemse-60-yasinda-bunu-nece-berpa-ede-bilerdim\/"},"modified":"2021-10-24T07:43:08","modified_gmt":"2021-10-24T07:43:08","slug":"agsu-sakini-48-yasinda-emek-qabiliyyetimi-tam-itirmisemse-60-yasinda-bunu-nece-berpa-ede-bilerdim","status":"publish","type":"post","link":"https:\/\/www.meydan.tv\/az\/article\/agsu-sakini-48-yasinda-emek-qabiliyyetimi-tam-itirmisemse-60-yasinda-bunu-nece-berpa-ede-bilerdim\/","title":{"rendered":"A\u011fsu sakini: 48 ya\u015f\u0131nda \u0259m\u0259k qabiliyy\u0259timi tam itirmi\u015f\u0259ms\u0259, 60 ya\u015f\u0131nda bunu nec\u0259 b\u0259rpa ed\u0259 bil\u0259rdim?!"},"content":{"rendered":"<p>\n  <i><br \/>\n    H\u00fcseyn Ba\u011f\u0131rov: \u201cBu v\u0259ziyy\u0259td\u0259 olan adam\u0131n pensiyas\u0131n\u0131 k\u0259sm\u0259k insafs\u0131zl\u0131qd\u0131r\u201d<br \/>\n  <\/i>\n<\/p>\n<p>\n  A\u011fsu sakini H\u00fcseyn Ba\u011f\u0131rov 13 il ikinci qrup \u0259lil kimi pensiya al\u0131b. Bu ilin may\u0131nda o, pensiyadan m\u0259hrum edilib. H\u00fcseyn Ba\u011f\u0131rov haz\u0131rda ail\u0259sinin he\u00e7 bir g\u0259liri olmad\u0131\u011f\u0131n\u0131 bildirir.\n<\/p>\n<p>\n  <b><br \/>\n    \u201cHe\u00e7 bir k\u00f6m\u0259yimiz yoxdu\u201d<br \/>\n  <\/b>\n<\/p>\n<p>\n  A\u011fsu sakininin 23 il t\u0259cr\u00fcb\u0259si var, 2008-ci il\u0259 q\u0259d\u0259r Teleradio \u0130stehsalat Birliyind\u0259 \u00e7al\u0131\u015f\u0131b. 2007-ci ild\u0259 onur\u011fas\u0131nda probleml\u0259r \u00fcz\u0259 \u00e7\u0131x\u0131b. Onun \u00fcz\u0259rind\u0259 c\u0259rrahiyy\u0259 \u0259m\u0259liyyat\u0131 apar\u0131l\u0131b. M\u0259lum olub ki, art\u0131q i\u015f qabiliyy\u0259tini itirib:\n<\/p>\n<p>\n  \u201cAlt\u0131 ay x\u0259st\u0259 yatd\u0131m. Tibbi ekspertiza m\u0259n\u0259 ikinci qrup \u0259lillik d\u0259r\u0259c\u0259si t\u0259yin etdi. Aray\u0131\u015fda g\u00f6st\u0259rilmi\u015fdi ki, v\u0259t\u0259nda\u015f i\u015f qabiliyy\u0259tini tam itirib. Buna g\u00f6r\u0259 d\u0259 m\u0259ni i\u015fd\u0259n \u00e7\u0131xard\u0131lar. M\u0259n\u0259 pensiya t\u0259yin olundu. 2011-ci ild\u0259 yen\u0259 eyni x\u0259st\u0259liy\u0259 g\u00f6r\u0259 \u0259m\u0259liyyat olundum. Sonradan, dem\u0259k olar, h\u0259r il m\u00fcalic\u0259 kurslar\u0131 ke\u00e7irdim. 2020-ci ild\u0259 yen\u0259 2 ay 10 g\u00fcn intensiv m\u00fcalic\u0259 almal\u0131 oldum. Maydan pensiyam\u0131 k\u0259sibl\u0259r. Laz\u0131m olan s\u0259n\u0259dl\u0259ri \u015eamax\u0131 rayonlararas\u0131 tibb komissiyas\u0131na t\u0259qdim etmi\u015f\u0259m. D\u00f6rd ay ke\u00e7\u0259nd\u0259n sonra m\u0259n\u0259 imtina cavab\u0131 verdil\u0259r\u201d.\n<\/p>\n<p>\n  H\u00fcseyn Ba\u011f\u0131rov ayda 437 manat pensiya al\u0131rm\u0131\u015f. Deyir ki, h\u0259yat yolda\u015f\u0131 il\u0259 birlikd\u0259 h\u0259min pula bir ay dolanma\u011fa \u00e7al\u0131\u015f\u0131rd\u0131lar.\n<\/p>\n<p>\n  \u201c2015-ci ild\u0259 o\u011flumuzu itirmi\u015fik. He\u00e7 bir k\u00f6m\u0259yimiz yoxdu. M\u0259n d\u0259 \u015f\u0259k\u0259r x\u0259st\u0259siy\u0259m, h\u0259yat yolda\u015f\u0131m da. Bu d\u0259qiq\u0259 b\u00f6yr\u0259k a\u011fr\u0131lar\u0131ndan \u0259ziyy\u0259t \u00e7\u0259kir\u0259m. Onur\u011famdak\u0131 probleml\u0259r h\u0259r\u0259k\u0259t m\u0259hdudiyy\u0259ti yarad\u0131b. M\u0259n o vaxt x\u0259st\u0259liyin ilk vaxtlar\u0131nda alt\u0131 ay bir t\u0259r\u0259f \u00fcst\u00fcnd\u0259 yatanda h\u0259yat yolda\u015f\u0131m qulluq etm\u0259li olurdu. \u00c7ox a\u011f\u0131r v\u0259ziyy\u0259td\u0259 idim. 2020-ci ild\u0259 d\u0259 eyni v\u0259ziyy\u0259t\u0259 d\u00fc\u015fm\u00fc\u015fd\u00fcm, t\u0259cili tibbi yard\u0131m ma\u015f\u0131n\u0131 il\u0259 G\u00f6y\u00e7aydak\u0131 reabilitasiya m\u0259rk\u0259zin\u0259 aparmal\u0131 olmu\u015fdular. M\u0259n he\u00e7 g\u0259z\u0259 bilmirdim. Bel\u0259 bir v\u0259ziyy\u0259td\u0259 olan adam\u0131n pensiyas\u0131n\u0131 dayand\u0131rmaq h\u0259m \u0259dal\u0259tsizlik, insafs\u0131zl\u0131qd\u0131r\u201d, &#8211; A\u011fsu sakini bel\u0259 deyir.\n<\/p>\n<figure class=\"wp-block-image size-large\">\n  <img decoding=\"async\" src=\"https:\/\/www.meydan.tv\/az\/sened-jpg\/\" alt=\"sened.jpg\" class=\"wp-image-213560\"\/><figcaption>\n    Ambulator kartdan \u00e7\u0131xar\u0131\u015f<br \/>\n  <\/figcaption><\/figure>\n<p>\n  <b><br \/>\n    \u201cQon\u015fu \u00e7\u00f6r\u0259k g\u0259tirir, yeyirik\u201d<br \/>\n  <\/b>\n<\/p>\n<p>\n  H\u00fcseyn Ba\u011f\u0131rov bir \u00e7ox instansiyaya m\u00fcraci\u0259t edib. Prezident Administrasiyas\u0131na da teleqram vurub. He\u00e7 bir d\u00f6vl\u0259t strukturundan adekvat reaksiya g\u00f6rm\u0259m\u0259yind\u0259n m\u0259yuslu\u011funu ifad\u0259 edir:\n<\/p>\n<p>\n  \u201cDemir\u0259m ki, prezident \u00f6z\u00fc m\u0259n\u0259 cavab versin. Administrasiyadan \u0259laq\u0259 saxlaya bil\u0259rdil\u0259r. M\u0259n o teleqramlara 40 manatdan \u00e7ox pul vermi\u015fdim. Bizi dil\u0259n\u00e7i v\u0259ziyy\u0259tin\u0259 qoyublar. Qon\u015funun biri 5 manat, o birisi 10 manat verir, onunla dolan\u0131ram. S\u00f6z\u00fcm\u00fc dem\u0259y\u0259 yer tapa bilmir\u0259m. H\u0259tta s\u0259firlikl\u0259rin elektron \u00fcnvanlar\u0131na m\u0259ktub g\u00f6nd\u0259rmi\u015f\u0259m. Onlar da cavab verm\u0259yib. Qon\u015fu \u00e7\u00f6r\u0259k g\u0259tirir, yeyirik. He\u00e7 bir m\u0259mur x\u0259st\u0259 insan\u0131n qay\u011f\u0131s\u0131na qalm\u0131r. M\u0259n 2008-ci ild\u0259 48 ya\u015f\u0131nda \u0259m\u0259k qabiliyy\u0259timi tam itirmi\u015f\u0259ms\u0259, 60 ya\u015f\u0131nda bunu nec\u0259 b\u0259rpa el\u0259y\u0259 bil\u0259rdim?! M\u0259n qon\u015funun 2 manat\u0131n\u0131 g\u00f6zl\u0259m\u0259k ist\u0259mir\u0259m. Bel\u0259 ya\u015fay\u0131\u015f olmaz. \u018fr-arvad x\u0259st\u0259 adamlar\u0131q, i\u015f qabiliyy\u0259timiz yoxdu. M\u0259n sa\u011flam olsam da, bu ya\u015fda i\u015f\u0259 q\u0259bul el\u0259m\u0259zl\u0259r. Uza\u011f\u0131 yar\u0131m saat ayaq \u00fcst\u0259 dayana bilir\u0259m\u201d.\n<\/p>\n<p>\n  H\u00fcseyn Ba\u011f\u0131rov yada sal\u0131r ki, o\u011flunun sa\u011fl\u0131\u011f\u0131nda pis dolanm\u0131rlarm\u0131\u015f. \u00d6vlad\u0131 onun \u00fc\u00e7\u00fcn h\u0259tta avtomobil d\u0259 al\u0131b. \u0130ndi a\u011f\u0131r duruma d\u00fc\u015fd\u00fcy\u00fcn\u0259 g\u00f6r\u0259 h\u0259min ma\u015f\u0131n\u0131 satmaq m\u0259cburiyy\u0259tind\u0259 qal\u0131b:\n<\/p>\n<p>\n  \u201cSra\u011fag\u00fcn aptekd\u0259n 10 g\u00fcnl\u00fck borca 48 manatl\u0131q d\u0259rman g\u00f6t\u00fcrm\u00fc\u015f\u0259m. D\u00f6rd ay sonra r\u0259dd cavab\u0131 verirl\u0259r. Bu q\u0259d\u0259r m\u0259suliyy\u0259tsiz davran\u0131blar. M\u0259ni s\u0259n\u0259dl\u0259ri bir daha haz\u0131rlama\u011fa m\u0259cbur edirl\u0259r. Yenid\u0259n m\u00fc\u0259yy\u0259n m\u00fcayin\u0259l\u0259rd\u0259n ke\u00e7m\u0259liy\u0259m. Bunlara 500-600 manat laz\u0131md\u0131. M\u0259n indi he\u00e7 \u00e7\u00f6r\u0259y\u0259 pul tapm\u0131ram. G\u0259tirib iki kilo kartof verirl\u0259r ki, bi\u015firib yey\u0259 bil\u0259k&#8230;\u201d\n<\/p>\n<figure class=\"wp-block-image size-large\">\n  <img decoding=\"async\" src=\"https:\/\/www.meydan.tv\/az\/sened2-jpg\/\" alt=\"sened2.jpg\" class=\"wp-image-213564\"\/><figcaption>\n    \u018fm\u0259k v\u0259 \u018fhalinin Sosial M\u00fcdafi\u0259si Nazirliyinin tabeliyind\u0259ki D\u00f6vl\u0259t Tibbi-Sosial Ekspertiza v\u0259 Reabilitasiya Agentliyinin cavab m\u0259ktubu<br \/>\n  <\/figcaption><\/figure>\n<p>\n  <b><br \/>\n    D\u00f6vl\u0259t orqan\u0131n\u0131n cavab\u0131<br \/>\n  <\/b>\n<\/p>\n<p>\n  \u018fm\u0259k v\u0259 \u018fhalinin Sosial M\u00fcdafi\u0259si Nazirliyinin tabeliyind\u0259ki D\u00f6vl\u0259t Tibbi-Sosial Ekspertiza v\u0259 Reabilitasiya Agentliyinin s\u0259dr m\u00fcavini M\u0259tan\u0259t M\u0259mm\u0259dova bildirib ki, x\u0259st\u0259xanan\u0131n g\u00f6nd\u0259ri\u015fi \u0259sas\u0131nda avqustun 24-d\u0259 H\u00fcseyn Ba\u011f\u0131rovun \u0259lillik v\u0259ziyy\u0259til\u0259 ba\u011fl\u0131 qiym\u0259tl\u0259ndirm\u0259 apar\u0131l\u0131b. \u018flav\u0259 m\u00fcalic\u0259y\u0259 ehtiyac olmas\u0131 bar\u0259d\u0259 q\u0259rar q\u0259bul edilib:\n<\/p>\n<p>\n  \u201cH\u00fcseyn Ba\u011f\u0131rova dair \u015eamax\u0131 Rayon M\u0259rk\u0259zi X\u0259st\u0259xanas\u0131 t\u0259r\u0259find\u0259n r\u0259smil\u0259\u015fdirilmi\u015f g\u00f6nd\u0259ri\u015fd\u0259 ixtisasla\u015fm\u0131\u015f m\u00fcayin\u0259 v\u0259 m\u00fcalic\u0259 m\u0259sl\u0259h\u0259t g\u00f6r\u00fcld\u00fcy\u00fc \u00fc\u00e7\u00fcn \u0259lillik t\u0259yinat\u0131n\u0131n apar\u0131lmas\u0131 m\u00fcmk\u00fcn olmay\u0131b. S\u0259hiyy\u0259 m\u00fc\u0259ssis\u0259si t\u0259r\u0259find\u0259n \u0259trafl\u0131 m\u00fcayin\u0259 olunub, ixtisasla\u015fm\u0131\u015f m\u00fcalic\u0259 ald\u0131qdan sonra H\u00fcseyn Ba\u011f\u0131rov haqq\u0131nda yenid\u0259n g\u00f6nd\u0259ri\u015f r\u0259smil\u0259\u015fdiril\u0259c\u0259yi halda, \u0259lillik v\u0259ziyy\u0259ti qanunvericiliy\u0259 uy\u011fun qiym\u0259tl\u0259ndiril\u0259c\u0259k\u201d.<\/p>\n","protected":false},"excerpt":{"rendered":"<p>&#8220;Uza\u011f\u0131 yar\u0131m saat ayaq \u00fcst\u0259 dayana bilir\u0259m&#8221;<\/p>\n","protected":false},"author":11,"featured_media":213557,"comment_status":"closed","ping_status":"open","sticky":false,"template":"","format":"standard","meta":{"_acf_changed":false,"_sitemap_exclude":false,"_sitemap_priority":"","_sitemap_frequency":"","footnotes":""},"categories":[60],"tags":[],"class_list":["post-213728","post","type-post","status-publish","format-standard","has-post-thumbnail","hentry","category-bolge","infinite-scroll-item","generate-columns","tablet-grid-50","mobile-grid-100","grid-parent","grid-33","no-featured-image-padding"],"acf":[],"yoast_head":"<!-- This site is optimized with the Yoast SEO plugin v27.5 - https:\/\/yoast.com\/product\/yoast-seo-wordpress\/ -->\n<title>A\u011fsu sakini: 48 ya\u015f\u0131nda \u0259m\u0259k qabiliyy\u0259timi tam itirmi\u015f\u0259ms\u0259, 60 ya\u015f\u0131nda bunu nec\u0259 b\u0259rpa ed\u0259 bil\u0259rdim?! - MEYDAN.TV<\/title>\n<meta name=\"robots\" content=\"index, follow, max-snippet:-1, max-image-preview:large, max-video-preview:-1\" \/>\n<link rel=\"canonical\" href=\"https:\/\/www.meydan.tv\/az\/article\/agsu-sakini-48-yasinda-emek-qabiliyyetimi-tam-itirmisemse-60-yasinda-bunu-nece-berpa-ede-bilerdim\/\" \/>\n<meta property=\"og:locale\" content=\"az_AZ\" \/>\n<meta property=\"og:type\" content=\"article\" \/>\n<meta property=\"og:title\" content=\"A\u011fsu sakini: 48 ya\u015f\u0131nda \u0259m\u0259k qabiliyy\u0259timi tam itirmi\u015f\u0259ms\u0259, 60 ya\u015f\u0131nda bunu nec\u0259 b\u0259rpa ed\u0259 bil\u0259rdim?! - MEYDAN.TV\" \/>\n<meta property=\"og:description\" content=\"&quot;Uza\u011f\u0131 yar\u0131m saat ayaq \u00fcst\u0259 dayana bilir\u0259m&quot;\" \/>\n<meta property=\"og:url\" content=\"https:\/\/www.meydan.tv\/az\/article\/agsu-sakini-48-yasinda-emek-qabiliyyetimi-tam-itirmisemse-60-yasinda-bunu-nece-berpa-ede-bilerdim\/\" \/>\n<meta property=\"og:site_name\" content=\"MEYDAN.TV\" \/>\n<meta property=\"article:published_time\" content=\"2021-10-24T07:43:08+00:00\" \/>\n<meta property=\"og:image\" content=\"https:\/\/www.meydan.tv\/wp-content\/uploads\/sakil.jpg\" \/>\n\t<meta property=\"og:image:width\" content=\"746\" \/>\n\t<meta property=\"og:image:height\" content=\"816\" \/>\n\t<meta property=\"og:image:type\" content=\"image\/jpeg\" \/>\n<meta name=\"author\" content=\"user-manager\" \/>\n<meta name=\"twitter:card\" content=\"summary_large_image\" \/>\n<script type=\"application\/ld+json\" class=\"yoast-schema-graph\">{\"@context\":\"https:\\\/\\\/schema.org\",\"@graph\":[{\"@type\":\"Article\",\"@id\":\"https:\\\/\\\/www.meydan.tv\\\/az\\\/article\\\/agsu-sakini-48-yasinda-emek-qabiliyyetimi-tam-itirmisemse-60-yasinda-bunu-nece-berpa-ede-bilerdim\\\/#article\",\"isPartOf\":{\"@id\":\"https:\\\/\\\/www.meydan.tv\\\/az\\\/article\\\/agsu-sakini-48-yasinda-emek-qabiliyyetimi-tam-itirmisemse-60-yasinda-bunu-nece-berpa-ede-bilerdim\\\/\"},\"author\":{\"name\":\"user-manager\",\"@id\":\"https:\\\/\\\/www.meydan.tv\\\/az\\\/#\\\/schema\\\/person\\\/10d11eccf6da3662cf5fdab9806ea91a\"},\"headline\":\"A\u011fsu sakini: 48 ya\u015f\u0131nda \u0259m\u0259k qabiliyy\u0259timi tam itirmi\u015f\u0259ms\u0259, 60 ya\u015f\u0131nda bunu nec\u0259 b\u0259rpa ed\u0259 bil\u0259rdim?!\",\"datePublished\":\"2021-10-24T07:43:08+00:00\",\"mainEntityOfPage\":{\"@id\":\"https:\\\/\\\/www.meydan.tv\\\/az\\\/article\\\/agsu-sakini-48-yasinda-emek-qabiliyyetimi-tam-itirmisemse-60-yasinda-bunu-nece-berpa-ede-bilerdim\\\/\"},\"wordCount\":978,\"publisher\":{\"@id\":\"https:\\\/\\\/www.meydan.tv\\\/az\\\/#organization\"},\"image\":{\"@id\":\"https:\\\/\\\/www.meydan.tv\\\/az\\\/article\\\/agsu-sakini-48-yasinda-emek-qabiliyyetimi-tam-itirmisemse-60-yasinda-bunu-nece-berpa-ede-bilerdim\\\/#primaryimage\"},\"thumbnailUrl\":\"https:\\\/\\\/www.meydan.tv\\\/wp-content\\\/uploads\\\/sakil.jpg\",\"articleSection\":[\"B\u00f6lg\u0259\"],\"inLanguage\":\"az\"},{\"@type\":\"WebPage\",\"@id\":\"https:\\\/\\\/www.meydan.tv\\\/az\\\/article\\\/agsu-sakini-48-yasinda-emek-qabiliyyetimi-tam-itirmisemse-60-yasinda-bunu-nece-berpa-ede-bilerdim\\\/\",\"url\":\"https:\\\/\\\/www.meydan.tv\\\/az\\\/article\\\/agsu-sakini-48-yasinda-emek-qabiliyyetimi-tam-itirmisemse-60-yasinda-bunu-nece-berpa-ede-bilerdim\\\/\",\"name\":\"A\u011fsu sakini: 48 ya\u015f\u0131nda \u0259m\u0259k qabiliyy\u0259timi tam itirmi\u015f\u0259ms\u0259, 60 ya\u015f\u0131nda bunu nec\u0259 b\u0259rpa ed\u0259 bil\u0259rdim?! - MEYDAN.TV\",\"isPartOf\":{\"@id\":\"https:\\\/\\\/www.meydan.tv\\\/az\\\/#website\"},\"primaryImageOfPage\":{\"@id\":\"https:\\\/\\\/www.meydan.tv\\\/az\\\/article\\\/agsu-sakini-48-yasinda-emek-qabiliyyetimi-tam-itirmisemse-60-yasinda-bunu-nece-berpa-ede-bilerdim\\\/#primaryimage\"},\"image\":{\"@id\":\"https:\\\/\\\/www.meydan.tv\\\/az\\\/article\\\/agsu-sakini-48-yasinda-emek-qabiliyyetimi-tam-itirmisemse-60-yasinda-bunu-nece-berpa-ede-bilerdim\\\/#primaryimage\"},\"thumbnailUrl\":\"https:\\\/\\\/www.meydan.tv\\\/wp-content\\\/uploads\\\/sakil.jpg\",\"datePublished\":\"2021-10-24T07:43:08+00:00\",\"breadcrumb\":{\"@id\":\"https:\\\/\\\/www.meydan.tv\\\/az\\\/article\\\/agsu-sakini-48-yasinda-emek-qabiliyyetimi-tam-itirmisemse-60-yasinda-bunu-nece-berpa-ede-bilerdim\\\/#breadcrumb\"},\"inLanguage\":\"az\",\"potentialAction\":[{\"@type\":\"ReadAction\",\"target\":[\"https:\\\/\\\/www.meydan.tv\\\/az\\\/article\\\/agsu-sakini-48-yasinda-emek-qabiliyyetimi-tam-itirmisemse-60-yasinda-bunu-nece-berpa-ede-bilerdim\\\/\"]}]},{\"@type\":\"ImageObject\",\"inLanguage\":\"az\",\"@id\":\"https:\\\/\\\/www.meydan.tv\\\/az\\\/article\\\/agsu-sakini-48-yasinda-emek-qabiliyyetimi-tam-itirmisemse-60-yasinda-bunu-nece-berpa-ede-bilerdim\\\/#primaryimage\",\"url\":\"https:\\\/\\\/www.meydan.tv\\\/wp-content\\\/uploads\\\/sakil.jpg\",\"contentUrl\":\"https:\\\/\\\/www.meydan.tv\\\/wp-content\\\/uploads\\\/sakil.jpg\",\"width\":746,\"height\":816,\"caption\":\"Source: Meydan TV\"},{\"@type\":\"BreadcrumbList\",\"@id\":\"https:\\\/\\\/www.meydan.tv\\\/az\\\/article\\\/agsu-sakini-48-yasinda-emek-qabiliyyetimi-tam-itirmisemse-60-yasinda-bunu-nece-berpa-ede-bilerdim\\\/#breadcrumb\",\"itemListElement\":[{\"@type\":\"ListItem\",\"position\":1,\"name\":\"Ana s\u0259hif\u0259\",\"item\":\"https:\\\/\\\/www.meydan.tv\\\/az\\\/\"},{\"@type\":\"ListItem\",\"position\":2,\"name\":\"B\u00f6lg\u0259\",\"item\":\"https:\\\/\\\/www.meydan.tv\\\/az\\\/section\\\/bolge\\\/\"},{\"@type\":\"ListItem\",\"position\":3,\"name\":\"A\u011fsu sakini: 48 ya\u015f\u0131nda \u0259m\u0259k qabiliyy\u0259timi tam itirmi\u015f\u0259ms\u0259, 60 ya\u015f\u0131nda bunu nec\u0259 b\u0259rpa ed\u0259 bil\u0259rdim?!\"}]},{\"@type\":\"WebSite\",\"@id\":\"https:\\\/\\\/www.meydan.tv\\\/az\\\/#website\",\"url\":\"https:\\\/\\\/www.meydan.tv\\\/az\\\/\",\"name\":\"MEYDAN.TV\",\"description\":\"Meydan TV Az\u0259rbaycan\u0131n media m\u0259kan\u0131ndak\u0131 alternativ s\u0259sidir\",\"publisher\":{\"@id\":\"https:\\\/\\\/www.meydan.tv\\\/az\\\/#organization\"},\"potentialAction\":[{\"@type\":\"SearchAction\",\"target\":{\"@type\":\"EntryPoint\",\"urlTemplate\":\"https:\\\/\\\/www.meydan.tv\\\/az\\\/?s={search_term_string}\"},\"query-input\":{\"@type\":\"PropertyValueSpecification\",\"valueRequired\":true,\"valueName\":\"search_term_string\"}}],\"inLanguage\":\"az\"},{\"@type\":\"Organization\",\"@id\":\"https:\\\/\\\/www.meydan.tv\\\/az\\\/#organization\",\"name\":\"Meydan TV\",\"url\":\"https:\\\/\\\/www.meydan.tv\\\/az\\\/\",\"logo\":{\"@type\":\"ImageObject\",\"inLanguage\":\"az\",\"@id\":\"https:\\\/\\\/www.meydan.tv\\\/az\\\/#\\\/schema\\\/logo\\\/image\\\/\",\"url\":\"https:\\\/\\\/www.meydan.tv\\\/wp-content\\\/uploads\\\/2021\\\/07\\\/meydan-logo.svg\",\"contentUrl\":\"https:\\\/\\\/www.meydan.tv\\\/wp-content\\\/uploads\\\/2021\\\/07\\\/meydan-logo.svg\",\"width\":195,\"height\":46,\"caption\":\"Meydan TV\"},\"image\":{\"@id\":\"https:\\\/\\\/www.meydan.tv\\\/az\\\/#\\\/schema\\\/logo\\\/image\\\/\"}},{\"@type\":\"Person\",\"@id\":\"https:\\\/\\\/www.meydan.tv\\\/az\\\/#\\\/schema\\\/person\\\/10d11eccf6da3662cf5fdab9806ea91a\",\"name\":\"user-manager\"}]}<\/script>\n<!-- \/ Yoast SEO plugin. -->","yoast_head_json":{"title":"A\u011fsu sakini: 48 ya\u015f\u0131nda \u0259m\u0259k qabiliyy\u0259timi tam itirmi\u015f\u0259ms\u0259, 60 ya\u015f\u0131nda bunu nec\u0259 b\u0259rpa ed\u0259 bil\u0259rdim?! - MEYDAN.TV","robots":{"index":"index","follow":"follow","max-snippet":"max-snippet:-1","max-image-preview":"max-image-preview:large","max-video-preview":"max-video-preview:-1"},"canonical":"https:\/\/www.meydan.tv\/az\/article\/agsu-sakini-48-yasinda-emek-qabiliyyetimi-tam-itirmisemse-60-yasinda-bunu-nece-berpa-ede-bilerdim\/","og_locale":"az_AZ","og_type":"article","og_title":"A\u011fsu sakini: 48 ya\u015f\u0131nda \u0259m\u0259k qabiliyy\u0259timi tam itirmi\u015f\u0259ms\u0259, 60 ya\u015f\u0131nda bunu nec\u0259 b\u0259rpa ed\u0259 bil\u0259rdim?! - MEYDAN.TV","og_description":"\"Uza\u011f\u0131 yar\u0131m saat ayaq \u00fcst\u0259 dayana bilir\u0259m\"","og_url":"https:\/\/www.meydan.tv\/az\/article\/agsu-sakini-48-yasinda-emek-qabiliyyetimi-tam-itirmisemse-60-yasinda-bunu-nece-berpa-ede-bilerdim\/","og_site_name":"MEYDAN.TV","article_published_time":"2021-10-24T07:43:08+00:00","og_image":[{"width":746,"height":816,"url":"https:\/\/www.meydan.tv\/wp-content\/uploads\/sakil.jpg","type":"image\/jpeg"}],"author":"user-manager","twitter_card":"summary_large_image","schema":{"@context":"https:\/\/schema.org","@graph":[{"@type":"Article","@id":"https:\/\/www.meydan.tv\/az\/article\/agsu-sakini-48-yasinda-emek-qabiliyyetimi-tam-itirmisemse-60-yasinda-bunu-nece-berpa-ede-bilerdim\/#article","isPartOf":{"@id":"https:\/\/www.meydan.tv\/az\/article\/agsu-sakini-48-yasinda-emek-qabiliyyetimi-tam-itirmisemse-60-yasinda-bunu-nece-berpa-ede-bilerdim\/"},"author":{"name":"user-manager","@id":"https:\/\/www.meydan.tv\/az\/#\/schema\/person\/10d11eccf6da3662cf5fdab9806ea91a"},"headline":"A\u011fsu sakini: 48 ya\u015f\u0131nda \u0259m\u0259k qabiliyy\u0259timi tam itirmi\u015f\u0259ms\u0259, 60 ya\u015f\u0131nda bunu nec\u0259 b\u0259rpa ed\u0259 bil\u0259rdim?!","datePublished":"2021-10-24T07:43:08+00:00","mainEntityOfPage":{"@id":"https:\/\/www.meydan.tv\/az\/article\/agsu-sakini-48-yasinda-emek-qabiliyyetimi-tam-itirmisemse-60-yasinda-bunu-nece-berpa-ede-bilerdim\/"},"wordCount":978,"publisher":{"@id":"https:\/\/www.meydan.tv\/az\/#organization"},"image":{"@id":"https:\/\/www.meydan.tv\/az\/article\/agsu-sakini-48-yasinda-emek-qabiliyyetimi-tam-itirmisemse-60-yasinda-bunu-nece-berpa-ede-bilerdim\/#primaryimage"},"thumbnailUrl":"https:\/\/www.meydan.tv\/wp-content\/uploads\/sakil.jpg","articleSection":["B\u00f6lg\u0259"],"inLanguage":"az"},{"@type":"WebPage","@id":"https:\/\/www.meydan.tv\/az\/article\/agsu-sakini-48-yasinda-emek-qabiliyyetimi-tam-itirmisemse-60-yasinda-bunu-nece-berpa-ede-bilerdim\/","url":"https:\/\/www.meydan.tv\/az\/article\/agsu-sakini-48-yasinda-emek-qabiliyyetimi-tam-itirmisemse-60-yasinda-bunu-nece-berpa-ede-bilerdim\/","name":"A\u011fsu sakini: 48 ya\u015f\u0131nda \u0259m\u0259k qabiliyy\u0259timi tam itirmi\u015f\u0259ms\u0259, 60 ya\u015f\u0131nda bunu nec\u0259 b\u0259rpa ed\u0259 bil\u0259rdim?! - MEYDAN.TV","isPartOf":{"@id":"https:\/\/www.meydan.tv\/az\/#website"},"primaryImageOfPage":{"@id":"https:\/\/www.meydan.tv\/az\/article\/agsu-sakini-48-yasinda-emek-qabiliyyetimi-tam-itirmisemse-60-yasinda-bunu-nece-berpa-ede-bilerdim\/#primaryimage"},"image":{"@id":"https:\/\/www.meydan.tv\/az\/article\/agsu-sakini-48-yasinda-emek-qabiliyyetimi-tam-itirmisemse-60-yasinda-bunu-nece-berpa-ede-bilerdim\/#primaryimage"},"thumbnailUrl":"https:\/\/www.meydan.tv\/wp-content\/uploads\/sakil.jpg","datePublished":"2021-10-24T07:43:08+00:00","breadcrumb":{"@id":"https:\/\/www.meydan.tv\/az\/article\/agsu-sakini-48-yasinda-emek-qabiliyyetimi-tam-itirmisemse-60-yasinda-bunu-nece-berpa-ede-bilerdim\/#breadcrumb"},"inLanguage":"az","potentialAction":[{"@type":"ReadAction","target":["https:\/\/www.meydan.tv\/az\/article\/agsu-sakini-48-yasinda-emek-qabiliyyetimi-tam-itirmisemse-60-yasinda-bunu-nece-berpa-ede-bilerdim\/"]}]},{"@type":"ImageObject","inLanguage":"az","@id":"https:\/\/www.meydan.tv\/az\/article\/agsu-sakini-48-yasinda-emek-qabiliyyetimi-tam-itirmisemse-60-yasinda-bunu-nece-berpa-ede-bilerdim\/#primaryimage","url":"https:\/\/www.meydan.tv\/wp-content\/uploads\/sakil.jpg","contentUrl":"https:\/\/www.meydan.tv\/wp-content\/uploads\/sakil.jpg","width":746,"height":816,"caption":"Source: Meydan TV"},{"@type":"BreadcrumbList","@id":"https:\/\/www.meydan.tv\/az\/article\/agsu-sakini-48-yasinda-emek-qabiliyyetimi-tam-itirmisemse-60-yasinda-bunu-nece-berpa-ede-bilerdim\/#breadcrumb","itemListElement":[{"@type":"ListItem","position":1,"name":"Ana s\u0259hif\u0259","item":"https:\/\/www.meydan.tv\/az\/"},{"@type":"ListItem","position":2,"name":"B\u00f6lg\u0259","item":"https:\/\/www.meydan.tv\/az\/section\/bolge\/"},{"@type":"ListItem","position":3,"name":"A\u011fsu sakini: 48 ya\u015f\u0131nda \u0259m\u0259k qabiliyy\u0259timi tam itirmi\u015f\u0259ms\u0259, 60 ya\u015f\u0131nda bunu nec\u0259 b\u0259rpa ed\u0259 bil\u0259rdim?!"}]},{"@type":"WebSite","@id":"https:\/\/www.meydan.tv\/az\/#website","url":"https:\/\/www.meydan.tv\/az\/","name":"MEYDAN.TV","description":"Meydan TV Az\u0259rbaycan\u0131n media m\u0259kan\u0131ndak\u0131 alternativ s\u0259sidir","publisher":{"@id":"https:\/\/www.meydan.tv\/az\/#organization"},"potentialAction":[{"@type":"SearchAction","target":{"@type":"EntryPoint","urlTemplate":"https:\/\/www.meydan.tv\/az\/?s={search_term_string}"},"query-input":{"@type":"PropertyValueSpecification","valueRequired":true,"valueName":"search_term_string"}}],"inLanguage":"az"},{"@type":"Organization","@id":"https:\/\/www.meydan.tv\/az\/#organization","name":"Meydan TV","url":"https:\/\/www.meydan.tv\/az\/","logo":{"@type":"ImageObject","inLanguage":"az","@id":"https:\/\/www.meydan.tv\/az\/#\/schema\/logo\/image\/","url":"https:\/\/www.meydan.tv\/wp-content\/uploads\/2021\/07\/meydan-logo.svg","contentUrl":"https:\/\/www.meydan.tv\/wp-content\/uploads\/2021\/07\/meydan-logo.svg","width":195,"height":46,"caption":"Meydan TV"},"image":{"@id":"https:\/\/www.meydan.tv\/az\/#\/schema\/logo\/image\/"}},{"@type":"Person","@id":"https:\/\/www.meydan.tv\/az\/#\/schema\/person\/10d11eccf6da3662cf5fdab9806ea91a","name":"user-manager"}]}},"_links":{"self":[{"href":"https:\/\/www.meydan.tv\/az\/wp-json\/wp\/v2\/posts\/213728","targetHints":{"allow":["GET"]}}],"collection":[{"href":"https:\/\/www.meydan.tv\/az\/wp-json\/wp\/v2\/posts"}],"about":[{"href":"https:\/\/www.meydan.tv\/az\/wp-json\/wp\/v2\/types\/post"}],"author":[{"embeddable":true,"href":"https:\/\/www.meydan.tv\/az\/wp-json\/wp\/v2\/users\/11"}],"replies":[{"embeddable":true,"href":"https:\/\/www.meydan.tv\/az\/wp-json\/wp\/v2\/comments?post=213728"}],"version-history":[{"count":0,"href":"https:\/\/www.meydan.tv\/az\/wp-json\/wp\/v2\/posts\/213728\/revisions"}],"wp:featuredmedia":[{"embeddable":true,"href":"https:\/\/www.meydan.tv\/az\/wp-json\/wp\/v2\/media\/213557"}],"wp:attachment":[{"href":"https:\/\/www.meydan.tv\/az\/wp-json\/wp\/v2\/media?parent=213728"}],"wp:term":[{"taxonomy":"category","embeddable":true,"href":"https:\/\/www.meydan.tv\/az\/wp-json\/wp\/v2\/categories?post=213728"},{"taxonomy":"post_tag","embeddable":true,"href":"https:\/\/www.meydan.tv\/az\/wp-json\/wp\/v2\/tags?post=213728"}],"curies":[{"name":"wp","href":"https:\/\/api.w.org\/{rel}","templated":true}]}}