{"id":213711,"date":"2021-10-22T10:18:39","date_gmt":"2021-10-22T10:18:39","guid":{"rendered":"https:\/\/www.meydan.tv\/article\/isterdim-oglumu-resad-mahmudov-emeliyyat-etsin-amma-maddi-imkanim-catmir\/"},"modified":"2021-10-22T10:18:39","modified_gmt":"2021-10-22T10:18:39","slug":"isterdim-oglumu-resad-mahmudov-emeliyyat-etsin-amma-maddi-imkanim-catmir","status":"publish","type":"post","link":"https:\/\/www.meydan.tv\/az\/article\/isterdim-oglumu-resad-mahmudov-emeliyyat-etsin-amma-maddi-imkanim-catmir\/","title":{"rendered":"\u201c\u0130st\u0259rdim o\u011flumu R\u0259\u015fad Mahmudov \u0259m\u0259liyyat etsin, amma maddi imkan\u0131m \u00e7atm\u0131r\u201d"},"content":{"rendered":"<p>\n  <i><br \/>\n    \u015eamax\u0131 sakini \u00f6vlad\u0131n\u0131n \u0259m\u0259liyyat\u0131 \u00fc\u00e7\u00fcn \u00f6lk\u0259 r\u0259hb\u0259rliyind\u0259n yard\u0131m ist\u0259yir<br \/>\n  <\/i>\n<\/p>\n<p>\n  \u201cO\u011flum anad\u0259ng\u0259lm\u0259 \u00fcr\u0259k q\u00fcsurludur. Buna g\u00f6r\u0259 ona I qrup \u0259lillik d\u0259 t\u0259yin olunub. Yataq x\u0259st\u0259sidir, adi bir st\u0259kan suyu g\u00f6t\u00fcrm\u0259y\u0259 bel\u0259 g\u00fcc\u00fc yoxdur. H\u0259kiml\u0259r deyir, \u00fcr\u0259yind\u0259 5 de\u015fik var. \u00dcr\u0259yin\u0259 ged\u0259n damarlar\u0131 geni\u015fl\u0259ndiyind\u0259n \u0259li-aya\u011f\u0131 \u0259sir. T\u0259cili \u0259m\u0259liyyat olunmal\u0131d\u0131r, ancaq pulumuz yoxdur\u201d.\n<\/p>\n<p>\n  \u015eamax\u0131n\u0131n Da\u011f Ba\u011f\u0131rl\u0131 k\u0259ndind\u0259n olan P\u0259rviz\u0259 Abdurreyimova o\u011flu 21 ya\u015fl\u0131 Cabar Abdurreyimovun \u0259m\u0259liyyat\u0131 \u00fc\u00e7\u00fcn Prezident \u0130lham \u018fliyevd\u0259n, Birinci vitse-prezident Mehriban \u018fliyevadan k\u00f6m\u0259k ist\u0259yir:\n<\/p>\n<p>\n  \u201cM\u0259rk\u0259zi G\u00f6mr\u00fck Hospital\u0131nda o\u011flumu m\u00fcayin\u0259 edibl\u0259r, orada \u0259m\u0259liyyat\u0131 h\u0259yata ke\u00e7ir\u0259c\u0259k g\u00fccl\u00fc h\u0259kiml\u0259r d\u0259 var. Ancaq bizim bu \u0259m\u0259liyyat\u0131 qar\u015f\u0131lama\u011fa g\u00fcc\u00fcm\u00fcz yoxdur. \u0130nan\u0131n, m\u00fcayin\u0259y\u0259 bel\u0259 borc-x\u0259rcl\u0259 getmi\u015fik. U\u015fa\u011f\u0131n v\u0259ziyy\u0259ti getdikc\u0259 daha da pisl\u0259\u015fir. \u018flimizd\u0259n he\u00e7 n\u0259 g\u0259lmir, bu da bizi t\u00fck\u0259dir. Xahi\u015f edirik, biz\u0259 k\u00f6m\u0259k edin. O\u011flumun \u0259m\u0259liyyat\u0131na d\u0259st\u0259k olun\u201d.\n<\/p>\n<p>\n  P\u0259rviz\u0259 Abdurreyimova o\u011flunun \u0259m\u0259liyyat\u0131n\u0131 mill\u0259t v\u0259kili, \u00fcr\u0259k-damar c\u0259rrah\u0131 R\u0259\u015fad Mahmudovun etm\u0259sini ist\u0259yir. Deyir, b\u0259lk\u0259 d\u0259 h\u0259kim pulsuz \u0259m\u0259liyyat ed\u0259r, ancaq x\u0259st\u0259xana x\u0259rcl\u0259rini bel\u0259 qar\u015f\u0131layacaq g\u00fccl\u0259ri yoxdur:\n<\/p>\n<figure class=\"wp-block-image size-large\">\n  <img decoding=\"async\" src=\"https:\/\/www.meydan.tv\/az\/a6b8a63a-b00a-4ddc-8674-2130f6abca79-jpg\/\" alt=\"a6b8a63a-b00a-4ddc-8674-2130f6abca79.jpg\" class=\"wp-image-213493\"\/><figcaption>\n    Tusi ad\u0131na Klinikadan analizin cavablar\u0131<br \/>\n  <\/figcaption><\/figure>\n<p>\n  \u201cG\u00f6z\u00fcm\u00fcz\u00fcn \u00f6n\u00fcnd\u0259 h\u0259r g\u00fcn daha da pisl\u0259\u015fir. Tez-tez bo\u011fulmas\u0131 oldu\u011fundan n\u0259 gec\u0259, n\u0259 g\u00fcnd\u00fcz yata bilir. Biz d\u0259 ba\u015f\u0131n\u0131n \u00fcst\u00fcnd\u0259 dayan\u0131r\u0131q. Vallah, d\u00f6zm\u0259k olmur\u201d.\n<\/p>\n<p>\n  Ail\u0259 bildirir ki, Cabar\u0131 sonuncu d\u0259f\u0259 h\u0259kim\u0259 aparanda onlar\u0131 \u00fcmidl\u0259ndiribl\u0259r:\n<\/p>\n<p>\n  \u201cBiz\u0259 bildirdil\u0259r ki, onun \u0259m\u0259liyyat\u0131 m\u00fcmk\u00fcnd\u00fcr. Ancaq o \u0259m\u0259liyyat \u00fc\u00e7\u00fcn laz\u0131m olan pul bizd\u0259 yoxdur\u201d.\n<\/p>\n<p>\n  Ana d\u00fc\u015f\u00fcn\u00fcr ki, \u00f6vlad\u0131 olanlar onu yax\u015f\u0131 anlayar:\n<\/p>\n<p>\n  \u201c\u0130ndi bir d\u0259 \u00e7ar\u0259si oldu\u011funu bilirik ax\u0131. \u00c7ar\u0259si oldu\u011fu halda onun \u0259ziyy\u0259t \u00e7\u0259km\u0259sin\u0259 d\u00f6zm\u0259k lap \u00e7\u0259tindir. T\u0259\u0259ss\u00fcf ki, biz imkanl\u0131 ola bilm\u0259dik. T\u0259s\u0259rr\u00fcfatla ail\u0259mizi g\u00fcc-b\u0259la il\u0259 doland\u0131r\u0131r\u0131q. Qohumlarda, tan\u0131\u015flarda da el\u0259 imkanl\u0131 insan yoxdur ki, ona a\u011f\u0131z a\u00e7aq. C\u0259nab Prezident, t\u0259k \u00e7ar\u0259miz sizsiniz, sizin d\u0259 \u00f6vladlar\u0131n\u0131z var, onlar\u0131n ba\u015f\u0131ndan bir t\u00fck \u0259skik olsun ist\u0259m\u0259zsiniz. Onlar\u0131n xatirin\u0259 m\u0259n\u0259 k\u00f6m\u0259k edin\u201d.\n<\/p>\n<p>\n  P\u0259rviz\u0259 Abdurreyimova bildirir ki, onun n\u0259inki \u0259m\u0259liyyata he\u00e7 Bak\u0131ya getm\u0259k \u00fc\u00e7\u00fcn tutacaqlar\u0131 ma\u015f\u0131n\u0131n pulunu \u00f6d\u0259m\u0259y\u0259 d\u0259 imkanlar\u0131 yoxdur:\n<\/p>\n<figure class=\"wp-block-image size-large\">\n  <img decoding=\"async\" src=\"https:\/\/www.meydan.tv\/az\/386f39a9-6204-4af2-b376-246600af71f8-jpg\/\" alt=\"386f39a9-6204-4af2-b376-246600af71f8.jpg\" class=\"wp-image-213494\"\/><figcaption>\n    &#8220;Bak\u0131 sa\u011flaml\u0131q&#8221; m\u0259rk\u0259zi, analizl\u0259rin cavab\u0131<br \/>\n  <\/figcaption><\/figure>\n<p>\n  \u201c\u0130ndiy\u0259 q\u0259d\u0259r \u00e7ox yerl\u0259r\u0259 m\u00fcraci\u0259t etmi\u015fik. \u018fslind\u0259 rayon x\u0259st\u0259xanas\u0131n\u0131n h\u0259kiml\u0259rinin g\u00fcnah\u0131 yoxdur. \u00dcr\u0259k \u0259m\u0259liyyat\u0131d\u0131r, burda o imkan yoxdur. Yaln\u0131z Bak\u0131dak\u0131 b\u00f6y\u00fck, bahal\u0131 klinikalarda m\u00fcmk\u00fcn olar. El\u0259 biz d\u0259 xahi\u015f etdik, bizim \u00fc\u00e7\u00fcn ara\u015fd\u0131rd\u0131lar v\u0259 dedil\u0259r ki, bu i\u015f \u00fc\u00e7\u00fcn \u0259n yax\u015f\u0131s\u0131 R\u0259\u015fad Mahmudovdur. Biz \u00e7ox ist\u0259yirik ki, mill\u0259t v\u0259kilimiz o\u011flumuzu \u0259m\u0259liyyat etsin. Bizi bu d\u0259rdd\u0259n qurtars\u0131n. \u00d6mr\u00fcm\u00fcz\u00fcn sonunacan ona minn\u0259tdar olar\u0131q. T\u0259ki bizim u\u015fa\u011f\u0131m\u0131z\u0131 \u0259m\u0259liyyat etm\u0259yi boynuna g\u00f6t\u00fcrs\u00fcn. T\u0259bii, ist\u0259rdik \u0259vv\u0259lc\u0259 prezidentimiz, Mehriban xan\u0131m maddi problemi aradan qald\u0131rma\u011fa k\u00f6m\u0259k etsin\u201d.\n<\/p>\n<p>\n  Meydan TV R\u0259\u015fad Mahmudovdan m\u00fcnasib\u0259t \u00f6yr\u0259n\u0259 bilm\u0259yib.<\/p>\n","protected":false},"excerpt":{"rendered":"<p>\u201cYaln\u0131z Bak\u0131dak\u0131 b\u00f6y\u00fck, bahal\u0131 klinikalarda m\u00fcmk\u00fcn olar&#8221;.<\/p>\n","protected":false},"author":11,"featured_media":213495,"comment_status":"closed","ping_status":"open","sticky":false,"template":"","format":"standard","meta":{"_acf_changed":false,"_sitemap_exclude":false,"_sitemap_priority":"","_sitemap_frequency":"","footnotes":""},"categories":[60],"tags":[],"class_list":["post-213711","post","type-post","status-publish","format-standard","has-post-thumbnail","hentry","category-bolge","infinite-scroll-item","generate-columns","tablet-grid-50","mobile-grid-100","grid-parent","grid-33","no-featured-image-padding"],"acf":[],"yoast_head":"<!-- This site is optimized with the Yoast SEO plugin v27.5 - https:\/\/yoast.com\/product\/yoast-seo-wordpress\/ -->\n<title>\u201c\u0130st\u0259rdim o\u011flumu R\u0259\u015fad Mahmudov \u0259m\u0259liyyat etsin, amma maddi imkan\u0131m \u00e7atm\u0131r\u201d - MEYDAN.TV<\/title>\n<meta name=\"robots\" content=\"index, follow, max-snippet:-1, max-image-preview:large, max-video-preview:-1\" \/>\n<link rel=\"canonical\" href=\"https:\/\/www.meydan.tv\/az\/article\/isterdim-oglumu-resad-mahmudov-emeliyyat-etsin-amma-maddi-imkanim-catmir\/\" \/>\n<meta property=\"og:locale\" content=\"az_AZ\" \/>\n<meta property=\"og:type\" content=\"article\" \/>\n<meta property=\"og:title\" content=\"\u201c\u0130st\u0259rdim o\u011flumu R\u0259\u015fad Mahmudov \u0259m\u0259liyyat etsin, amma maddi imkan\u0131m \u00e7atm\u0131r\u201d - MEYDAN.TV\" \/>\n<meta property=\"og:description\" content=\"\u201cYaln\u0131z Bak\u0131dak\u0131 b\u00f6y\u00fck, bahal\u0131 klinikalarda m\u00fcmk\u00fcn olar&quot;.\" \/>\n<meta property=\"og:url\" content=\"https:\/\/www.meydan.tv\/az\/article\/isterdim-oglumu-resad-mahmudov-emeliyyat-etsin-amma-maddi-imkanim-catmir\/\" \/>\n<meta property=\"og:site_name\" content=\"MEYDAN.TV\" \/>\n<meta property=\"article:published_time\" content=\"2021-10-22T10:18:39+00:00\" \/>\n<meta property=\"og:image\" content=\"https:\/\/www.meydan.tv\/wp-content\/uploads\/amax__-foto.png\" \/>\n\t<meta property=\"og:image:width\" content=\"1232\" \/>\n\t<meta property=\"og:image:height\" content=\"789\" \/>\n\t<meta property=\"og:image:type\" content=\"image\/png\" \/>\n<meta name=\"author\" content=\"user-manager\" \/>\n<meta name=\"twitter:card\" content=\"summary_large_image\" \/>\n<script type=\"application\/ld+json\" class=\"yoast-schema-graph\">{\"@context\":\"https:\\\/\\\/schema.org\",\"@graph\":[{\"@type\":\"Article\",\"@id\":\"https:\\\/\\\/www.meydan.tv\\\/az\\\/article\\\/isterdim-oglumu-resad-mahmudov-emeliyyat-etsin-amma-maddi-imkanim-catmir\\\/#article\",\"isPartOf\":{\"@id\":\"https:\\\/\\\/www.meydan.tv\\\/az\\\/article\\\/isterdim-oglumu-resad-mahmudov-emeliyyat-etsin-amma-maddi-imkanim-catmir\\\/\"},\"author\":{\"name\":\"user-manager\",\"@id\":\"https:\\\/\\\/www.meydan.tv\\\/az\\\/#\\\/schema\\\/person\\\/10d11eccf6da3662cf5fdab9806ea91a\"},\"headline\":\"\u201c\u0130st\u0259rdim o\u011flumu R\u0259\u015fad Mahmudov \u0259m\u0259liyyat etsin, amma maddi imkan\u0131m \u00e7atm\u0131r\u201d\",\"datePublished\":\"2021-10-22T10:18:39+00:00\",\"mainEntityOfPage\":{\"@id\":\"https:\\\/\\\/www.meydan.tv\\\/az\\\/article\\\/isterdim-oglumu-resad-mahmudov-emeliyyat-etsin-amma-maddi-imkanim-catmir\\\/\"},\"wordCount\":654,\"publisher\":{\"@id\":\"https:\\\/\\\/www.meydan.tv\\\/az\\\/#organization\"},\"image\":{\"@id\":\"https:\\\/\\\/www.meydan.tv\\\/az\\\/article\\\/isterdim-oglumu-resad-mahmudov-emeliyyat-etsin-amma-maddi-imkanim-catmir\\\/#primaryimage\"},\"thumbnailUrl\":\"https:\\\/\\\/www.meydan.tv\\\/wp-content\\\/uploads\\\/amax__-foto.png\",\"articleSection\":[\"B\u00f6lg\u0259\"],\"inLanguage\":\"az\"},{\"@type\":\"WebPage\",\"@id\":\"https:\\\/\\\/www.meydan.tv\\\/az\\\/article\\\/isterdim-oglumu-resad-mahmudov-emeliyyat-etsin-amma-maddi-imkanim-catmir\\\/\",\"url\":\"https:\\\/\\\/www.meydan.tv\\\/az\\\/article\\\/isterdim-oglumu-resad-mahmudov-emeliyyat-etsin-amma-maddi-imkanim-catmir\\\/\",\"name\":\"\u201c\u0130st\u0259rdim o\u011flumu R\u0259\u015fad Mahmudov \u0259m\u0259liyyat etsin, amma maddi imkan\u0131m \u00e7atm\u0131r\u201d - MEYDAN.TV\",\"isPartOf\":{\"@id\":\"https:\\\/\\\/www.meydan.tv\\\/az\\\/#website\"},\"primaryImageOfPage\":{\"@id\":\"https:\\\/\\\/www.meydan.tv\\\/az\\\/article\\\/isterdim-oglumu-resad-mahmudov-emeliyyat-etsin-amma-maddi-imkanim-catmir\\\/#primaryimage\"},\"image\":{\"@id\":\"https:\\\/\\\/www.meydan.tv\\\/az\\\/article\\\/isterdim-oglumu-resad-mahmudov-emeliyyat-etsin-amma-maddi-imkanim-catmir\\\/#primaryimage\"},\"thumbnailUrl\":\"https:\\\/\\\/www.meydan.tv\\\/wp-content\\\/uploads\\\/amax__-foto.png\",\"datePublished\":\"2021-10-22T10:18:39+00:00\",\"breadcrumb\":{\"@id\":\"https:\\\/\\\/www.meydan.tv\\\/az\\\/article\\\/isterdim-oglumu-resad-mahmudov-emeliyyat-etsin-amma-maddi-imkanim-catmir\\\/#breadcrumb\"},\"inLanguage\":\"az\",\"potentialAction\":[{\"@type\":\"ReadAction\",\"target\":[\"https:\\\/\\\/www.meydan.tv\\\/az\\\/article\\\/isterdim-oglumu-resad-mahmudov-emeliyyat-etsin-amma-maddi-imkanim-catmir\\\/\"]}]},{\"@type\":\"ImageObject\",\"inLanguage\":\"az\",\"@id\":\"https:\\\/\\\/www.meydan.tv\\\/az\\\/article\\\/isterdim-oglumu-resad-mahmudov-emeliyyat-etsin-amma-maddi-imkanim-catmir\\\/#primaryimage\",\"url\":\"https:\\\/\\\/www.meydan.tv\\\/wp-content\\\/uploads\\\/amax__-foto.png\",\"contentUrl\":\"https:\\\/\\\/www.meydan.tv\\\/wp-content\\\/uploads\\\/amax__-foto.png\",\"width\":1232,\"height\":789,\"caption\":\"Source: Specify Source\"},{\"@type\":\"BreadcrumbList\",\"@id\":\"https:\\\/\\\/www.meydan.tv\\\/az\\\/article\\\/isterdim-oglumu-resad-mahmudov-emeliyyat-etsin-amma-maddi-imkanim-catmir\\\/#breadcrumb\",\"itemListElement\":[{\"@type\":\"ListItem\",\"position\":1,\"name\":\"Ana s\u0259hif\u0259\",\"item\":\"https:\\\/\\\/www.meydan.tv\\\/az\\\/\"},{\"@type\":\"ListItem\",\"position\":2,\"name\":\"B\u00f6lg\u0259\",\"item\":\"https:\\\/\\\/www.meydan.tv\\\/az\\\/section\\\/bolge\\\/\"},{\"@type\":\"ListItem\",\"position\":3,\"name\":\"\u201c\u0130st\u0259rdim o\u011flumu R\u0259\u015fad Mahmudov \u0259m\u0259liyyat etsin, amma maddi imkan\u0131m \u00e7atm\u0131r\u201d\"}]},{\"@type\":\"WebSite\",\"@id\":\"https:\\\/\\\/www.meydan.tv\\\/az\\\/#website\",\"url\":\"https:\\\/\\\/www.meydan.tv\\\/az\\\/\",\"name\":\"MEYDAN.TV\",\"description\":\"Meydan TV Az\u0259rbaycan\u0131n media m\u0259kan\u0131ndak\u0131 alternativ s\u0259sidir\",\"publisher\":{\"@id\":\"https:\\\/\\\/www.meydan.tv\\\/az\\\/#organization\"},\"potentialAction\":[{\"@type\":\"SearchAction\",\"target\":{\"@type\":\"EntryPoint\",\"urlTemplate\":\"https:\\\/\\\/www.meydan.tv\\\/az\\\/?s={search_term_string}\"},\"query-input\":{\"@type\":\"PropertyValueSpecification\",\"valueRequired\":true,\"valueName\":\"search_term_string\"}}],\"inLanguage\":\"az\"},{\"@type\":\"Organization\",\"@id\":\"https:\\\/\\\/www.meydan.tv\\\/az\\\/#organization\",\"name\":\"Meydan TV\",\"url\":\"https:\\\/\\\/www.meydan.tv\\\/az\\\/\",\"logo\":{\"@type\":\"ImageObject\",\"inLanguage\":\"az\",\"@id\":\"https:\\\/\\\/www.meydan.tv\\\/az\\\/#\\\/schema\\\/logo\\\/image\\\/\",\"url\":\"https:\\\/\\\/www.meydan.tv\\\/wp-content\\\/uploads\\\/2021\\\/07\\\/meydan-logo.svg\",\"contentUrl\":\"https:\\\/\\\/www.meydan.tv\\\/wp-content\\\/uploads\\\/2021\\\/07\\\/meydan-logo.svg\",\"width\":195,\"height\":46,\"caption\":\"Meydan TV\"},\"image\":{\"@id\":\"https:\\\/\\\/www.meydan.tv\\\/az\\\/#\\\/schema\\\/logo\\\/image\\\/\"}},{\"@type\":\"Person\",\"@id\":\"https:\\\/\\\/www.meydan.tv\\\/az\\\/#\\\/schema\\\/person\\\/10d11eccf6da3662cf5fdab9806ea91a\",\"name\":\"user-manager\"}]}<\/script>\n<!-- \/ Yoast SEO plugin. -->","yoast_head_json":{"title":"\u201c\u0130st\u0259rdim o\u011flumu R\u0259\u015fad Mahmudov \u0259m\u0259liyyat etsin, amma maddi imkan\u0131m \u00e7atm\u0131r\u201d - MEYDAN.TV","robots":{"index":"index","follow":"follow","max-snippet":"max-snippet:-1","max-image-preview":"max-image-preview:large","max-video-preview":"max-video-preview:-1"},"canonical":"https:\/\/www.meydan.tv\/az\/article\/isterdim-oglumu-resad-mahmudov-emeliyyat-etsin-amma-maddi-imkanim-catmir\/","og_locale":"az_AZ","og_type":"article","og_title":"\u201c\u0130st\u0259rdim o\u011flumu R\u0259\u015fad Mahmudov \u0259m\u0259liyyat etsin, amma maddi imkan\u0131m \u00e7atm\u0131r\u201d - MEYDAN.TV","og_description":"\u201cYaln\u0131z Bak\u0131dak\u0131 b\u00f6y\u00fck, bahal\u0131 klinikalarda m\u00fcmk\u00fcn olar\".","og_url":"https:\/\/www.meydan.tv\/az\/article\/isterdim-oglumu-resad-mahmudov-emeliyyat-etsin-amma-maddi-imkanim-catmir\/","og_site_name":"MEYDAN.TV","article_published_time":"2021-10-22T10:18:39+00:00","og_image":[{"width":1232,"height":789,"url":"https:\/\/www.meydan.tv\/wp-content\/uploads\/amax__-foto.png","type":"image\/png"}],"author":"user-manager","twitter_card":"summary_large_image","schema":{"@context":"https:\/\/schema.org","@graph":[{"@type":"Article","@id":"https:\/\/www.meydan.tv\/az\/article\/isterdim-oglumu-resad-mahmudov-emeliyyat-etsin-amma-maddi-imkanim-catmir\/#article","isPartOf":{"@id":"https:\/\/www.meydan.tv\/az\/article\/isterdim-oglumu-resad-mahmudov-emeliyyat-etsin-amma-maddi-imkanim-catmir\/"},"author":{"name":"user-manager","@id":"https:\/\/www.meydan.tv\/az\/#\/schema\/person\/10d11eccf6da3662cf5fdab9806ea91a"},"headline":"\u201c\u0130st\u0259rdim o\u011flumu R\u0259\u015fad Mahmudov \u0259m\u0259liyyat etsin, amma maddi imkan\u0131m \u00e7atm\u0131r\u201d","datePublished":"2021-10-22T10:18:39+00:00","mainEntityOfPage":{"@id":"https:\/\/www.meydan.tv\/az\/article\/isterdim-oglumu-resad-mahmudov-emeliyyat-etsin-amma-maddi-imkanim-catmir\/"},"wordCount":654,"publisher":{"@id":"https:\/\/www.meydan.tv\/az\/#organization"},"image":{"@id":"https:\/\/www.meydan.tv\/az\/article\/isterdim-oglumu-resad-mahmudov-emeliyyat-etsin-amma-maddi-imkanim-catmir\/#primaryimage"},"thumbnailUrl":"https:\/\/www.meydan.tv\/wp-content\/uploads\/amax__-foto.png","articleSection":["B\u00f6lg\u0259"],"inLanguage":"az"},{"@type":"WebPage","@id":"https:\/\/www.meydan.tv\/az\/article\/isterdim-oglumu-resad-mahmudov-emeliyyat-etsin-amma-maddi-imkanim-catmir\/","url":"https:\/\/www.meydan.tv\/az\/article\/isterdim-oglumu-resad-mahmudov-emeliyyat-etsin-amma-maddi-imkanim-catmir\/","name":"\u201c\u0130st\u0259rdim o\u011flumu R\u0259\u015fad Mahmudov \u0259m\u0259liyyat etsin, amma maddi imkan\u0131m \u00e7atm\u0131r\u201d - MEYDAN.TV","isPartOf":{"@id":"https:\/\/www.meydan.tv\/az\/#website"},"primaryImageOfPage":{"@id":"https:\/\/www.meydan.tv\/az\/article\/isterdim-oglumu-resad-mahmudov-emeliyyat-etsin-amma-maddi-imkanim-catmir\/#primaryimage"},"image":{"@id":"https:\/\/www.meydan.tv\/az\/article\/isterdim-oglumu-resad-mahmudov-emeliyyat-etsin-amma-maddi-imkanim-catmir\/#primaryimage"},"thumbnailUrl":"https:\/\/www.meydan.tv\/wp-content\/uploads\/amax__-foto.png","datePublished":"2021-10-22T10:18:39+00:00","breadcrumb":{"@id":"https:\/\/www.meydan.tv\/az\/article\/isterdim-oglumu-resad-mahmudov-emeliyyat-etsin-amma-maddi-imkanim-catmir\/#breadcrumb"},"inLanguage":"az","potentialAction":[{"@type":"ReadAction","target":["https:\/\/www.meydan.tv\/az\/article\/isterdim-oglumu-resad-mahmudov-emeliyyat-etsin-amma-maddi-imkanim-catmir\/"]}]},{"@type":"ImageObject","inLanguage":"az","@id":"https:\/\/www.meydan.tv\/az\/article\/isterdim-oglumu-resad-mahmudov-emeliyyat-etsin-amma-maddi-imkanim-catmir\/#primaryimage","url":"https:\/\/www.meydan.tv\/wp-content\/uploads\/amax__-foto.png","contentUrl":"https:\/\/www.meydan.tv\/wp-content\/uploads\/amax__-foto.png","width":1232,"height":789,"caption":"Source: Specify Source"},{"@type":"BreadcrumbList","@id":"https:\/\/www.meydan.tv\/az\/article\/isterdim-oglumu-resad-mahmudov-emeliyyat-etsin-amma-maddi-imkanim-catmir\/#breadcrumb","itemListElement":[{"@type":"ListItem","position":1,"name":"Ana s\u0259hif\u0259","item":"https:\/\/www.meydan.tv\/az\/"},{"@type":"ListItem","position":2,"name":"B\u00f6lg\u0259","item":"https:\/\/www.meydan.tv\/az\/section\/bolge\/"},{"@type":"ListItem","position":3,"name":"\u201c\u0130st\u0259rdim o\u011flumu R\u0259\u015fad Mahmudov \u0259m\u0259liyyat etsin, amma maddi imkan\u0131m \u00e7atm\u0131r\u201d"}]},{"@type":"WebSite","@id":"https:\/\/www.meydan.tv\/az\/#website","url":"https:\/\/www.meydan.tv\/az\/","name":"MEYDAN.TV","description":"Meydan TV Az\u0259rbaycan\u0131n media m\u0259kan\u0131ndak\u0131 alternativ s\u0259sidir","publisher":{"@id":"https:\/\/www.meydan.tv\/az\/#organization"},"potentialAction":[{"@type":"SearchAction","target":{"@type":"EntryPoint","urlTemplate":"https:\/\/www.meydan.tv\/az\/?s={search_term_string}"},"query-input":{"@type":"PropertyValueSpecification","valueRequired":true,"valueName":"search_term_string"}}],"inLanguage":"az"},{"@type":"Organization","@id":"https:\/\/www.meydan.tv\/az\/#organization","name":"Meydan TV","url":"https:\/\/www.meydan.tv\/az\/","logo":{"@type":"ImageObject","inLanguage":"az","@id":"https:\/\/www.meydan.tv\/az\/#\/schema\/logo\/image\/","url":"https:\/\/www.meydan.tv\/wp-content\/uploads\/2021\/07\/meydan-logo.svg","contentUrl":"https:\/\/www.meydan.tv\/wp-content\/uploads\/2021\/07\/meydan-logo.svg","width":195,"height":46,"caption":"Meydan TV"},"image":{"@id":"https:\/\/www.meydan.tv\/az\/#\/schema\/logo\/image\/"}},{"@type":"Person","@id":"https:\/\/www.meydan.tv\/az\/#\/schema\/person\/10d11eccf6da3662cf5fdab9806ea91a","name":"user-manager"}]}},"_links":{"self":[{"href":"https:\/\/www.meydan.tv\/az\/wp-json\/wp\/v2\/posts\/213711","targetHints":{"allow":["GET"]}}],"collection":[{"href":"https:\/\/www.meydan.tv\/az\/wp-json\/wp\/v2\/posts"}],"about":[{"href":"https:\/\/www.meydan.tv\/az\/wp-json\/wp\/v2\/types\/post"}],"author":[{"embeddable":true,"href":"https:\/\/www.meydan.tv\/az\/wp-json\/wp\/v2\/users\/11"}],"replies":[{"embeddable":true,"href":"https:\/\/www.meydan.tv\/az\/wp-json\/wp\/v2\/comments?post=213711"}],"version-history":[{"count":0,"href":"https:\/\/www.meydan.tv\/az\/wp-json\/wp\/v2\/posts\/213711\/revisions"}],"wp:featuredmedia":[{"embeddable":true,"href":"https:\/\/www.meydan.tv\/az\/wp-json\/wp\/v2\/media\/213495"}],"wp:attachment":[{"href":"https:\/\/www.meydan.tv\/az\/wp-json\/wp\/v2\/media?parent=213711"}],"wp:term":[{"taxonomy":"category","embeddable":true,"href":"https:\/\/www.meydan.tv\/az\/wp-json\/wp\/v2\/categories?post=213711"},{"taxonomy":"post_tag","embeddable":true,"href":"https:\/\/www.meydan.tv\/az\/wp-json\/wp\/v2\/tags?post=213711"}],"curies":[{"name":"wp","href":"https:\/\/api.w.org\/{rel}","templated":true}]}}