{"id":213407,"date":"2021-10-21T14:59:08","date_gmt":"2021-10-21T14:59:08","guid":{"rendered":"https:\/\/www.meydan.tv\/article\/neftcalali-robinzon-kruzodan-behs-eden-film-beynelxalq-festivalda\/"},"modified":"2021-10-21T14:59:08","modified_gmt":"2021-10-21T14:59:08","slug":"neftcalali-robinzon-kruzodan-behs-eden-film-beynelxalq-festivalda","status":"publish","type":"post","link":"https:\/\/www.meydan.tv\/az\/article\/neftcalali-robinzon-kruzodan-behs-eden-film-beynelxalq-festivalda\/","title":{"rendered":"Neft\u00e7alal\u0131 \u201cRobinzon Kruzo\u201ddan b\u0259hs ed\u0259n film beyn\u0259lxalq festivalda"},"content":{"rendered":"<p>\n  <i><br \/>\n    Film K\u00fcr dili adas\u0131n\u0131n sonuncu sakini Vitali Pronind\u0259n b\u0259hs edir<br \/>\n  <\/i>\n<\/p>\n<p>\n  Rejissor Fariz \u018fhm\u0259dovun \u201cSonuncu\u201d s\u0259n\u0259dli filmi Pol\u015fada ke\u00e7iril\u0259c\u0259k beyn\u0259lxalq \u201cENERGACamerimage\u201d festival\u0131nda n\u00fcmayi\u015f olunacaq.\n<\/p>\n<p>\n  M\u0259lumat\u0131 Meydan TV-y\u0259 \u201cAz\u0259rbaycanfilm\u201d kinostudiyas\u0131n\u0131n PR meneceri L\u0259tif L\u0259tifsoy verib.\n<\/p>\n<p>\n  M\u0259d\u0259niyy\u0259t Nazirliyinin d\u0259st\u0259yi il\u0259 \u201cBak\u0131 Media M\u0259rk\u0259zi\u201d v\u0259 \u201cSalnam\u0259film\u201d Studiyas\u0131 t\u0259r\u0259find\u0259n istehsal olunmu\u015f \u201cSonuncu\u201d s\u0259n\u0259dli filmi 29-cu \u201cENERGACamerimage\u201d Beyn\u0259lxalq Film Festival\u0131n\u0131n q\u0131sametrajl\u0131 s\u0259n\u0259dli filml\u0259r \u00fczr\u0259 m\u00fcsabiq\u0259 b\u00f6lm\u0259sind\u0259 yar\u0131\u015facaq.\n<\/p>\n<p>\n  Festival bu il noyabr\u0131n 13-20-d\u0259k Pol\u015fan\u0131n Torun \u015f\u0259h\u0259rind\u0259 ke\u00e7iril\u0259c\u0259k.\n<\/p>\n<p>\n  Filmin ba\u015f prod\u00fcseri Arzu \u018fliyeva, prod\u00fcserl\u0259ri Orman \u018fliyev v\u0259 Nazim H\u00fcseynov, rejissoru Fariz \u018fhm\u0259dov, ssenari m\u00fc\u0259llifl\u0259ri Esmira \u018fyyubla Fariz \u018fhm\u0259dovdur.\n<\/p>\n<p>\n  Filmin operatoru Pol\u015fadan d\u0259v\u0259t olunmu\u015f t\u0259svir rejissoru Mateu\u015f \u00c7uxnovskidir.\n<\/p>\n<p>\n  Film Neft\u00e7ala yax\u0131nl\u0131\u011f\u0131nda yerl\u0259\u015f\u0259n K\u00fcr dili adas\u0131n\u0131n sonuncu sakini Vitali Pronind\u0259n b\u0259hs edir.\n<\/p>\n<p>\n  1981-ci ild\u0259 X\u0259z\u0259r d\u0259nizind\u0259 suyun s\u0259viyy\u0259sinin qalxmas\u0131 n\u0259tic\u0259sind\u0259 vaxtil\u0259 h\u0259yat qaynayan K\u00fcr dili adaya \u00e7evril\u0259r\u0259k ya\u015fay\u0131\u015f \u00fc\u00e7\u00fcn \u0259lveri\u015fsiz hala g\u0259lib.\n<\/p>\n<p>\n  \u018fhalinin \u0259ks\u0259riyy\u0259ti adadan k\u00f6\u00e7\u00fcb. Qazs\u0131z, i\u015f\u0131qs\u0131z v\u0259 dem\u0259k olar ki, insans\u0131z qalan ada t\u0259nhala\u015fd\u0131, t\u0259bi\u0259ti, heyvanlar\u0131 v\u0259h\u015fil\u0259\u015fdi, evl\u0259ri da\u011f\u0131l\u0131b. 68 ya\u015fl\u0131 Vitalid\u0259n ba\u015fqa orada he\u00e7 k\u0259s ya\u015famay\u0131b. O, adayla n\u0259f\u0259s al\u0131r, el\u0259 son n\u0259f\u0259sini d\u0259 adada &#8211; kamera qar\u015f\u0131s\u0131nda verir.\n<\/p>\n<p>\n  Neft\u00e7alada yerli sakinl\u0259rin \u201cRobinzon Kruzo\u201d l\u0259q\u0259bi il\u0259 tan\u0131d\u0131\u011f\u0131 Vitali Pronin \u00e7\u0259kili\u015fl\u0259rd\u0259n sonra 2020-ci ild\u0259 v\u0259fat edib.\n<\/p>\n<p>\n  \u201cSonuncu\u201d bu il premyeras\u0131n\u0131 50-ci Rotterdam Beyn\u0259lxalq Film Festival\u0131nda etdikd\u0259n sonra, m\u00fcxt\u0259lif \u00f6lk\u0259l\u0259rin m\u00fchim film festivallar\u0131nda da g\u00f6st\u0259rilib.\n<\/p>\n<p>\n  Eyni zamanda, Bosniya v\u0259 Hersoqovinada ke\u00e7iril\u0259n 15-ci Jahorina Film Festival\u0131nda is\u0259 \u201c\u018fn yax\u015f\u0131 s\u0259n\u0259dli film\u201d nominasiyas\u0131 \u00fczr\u0259 \u201cGolden Maple\u201d (Q\u0131z\u0131l A\u011fcaqay\u0131n) m\u00fckafat\u0131na layiq g\u00f6r\u00fcl\u00fcb.\n<\/p>\n<p>\n  Kinorejissor Fariz \u018fhm\u0259dov haz\u0131rda C\u0259f\u0259r Cabbarl\u0131 ad\u0131na \u201cAz\u0259rbaycanfilm\u201d kinostudiyas\u0131n\u0131n direktorudur.\n<\/p>\n<p>\n  Onun filml\u0259ri indiy\u0259 q\u0259d\u0259r bir \u00e7ox beyn\u0259lxalq festivallar\u0131n i\u015ftirak\u00e7\u0131s\u0131 v\u0259 m\u00fckafat\u00e7\u0131s\u0131 olub.<\/p>\n","protected":false},"excerpt":{"rendered":"<p>Filmin ba\u015f prod\u00fcseri Arzu \u018fliyeva, prod\u00fcserl\u0259ri Orman \u018fliyev v\u0259 Nazim H\u00fcseynov, rejissoru Fariz \u018fhm\u0259dov, ssenari m\u00fc\u0259llifl\u0259ri Esmira \u018fyyubla Fariz \u018fhm\u0259dovdur.<\/p>\n","protected":false},"author":11,"featured_media":211497,"comment_status":"closed","ping_status":"open","sticky":false,"template":"","format":"standard","meta":{"_acf_changed":false,"_sitemap_exclude":false,"_sitemap_priority":"","_sitemap_frequency":"","footnotes":""},"categories":[52],"tags":[],"class_list":["post-213407","post","type-post","status-publish","format-standard","has-post-thumbnail","hentry","category-medeniyyet","infinite-scroll-item","generate-columns","tablet-grid-50","mobile-grid-100","grid-parent","grid-33","no-featured-image-padding"],"acf":[],"yoast_head":"<!-- This site is optimized with the Yoast SEO plugin v27.4 - https:\/\/yoast.com\/product\/yoast-seo-wordpress\/ -->\n<title>Neft\u00e7alal\u0131 \u201cRobinzon Kruzo\u201ddan b\u0259hs ed\u0259n film beyn\u0259lxalq festivalda - MEYDAN.TV<\/title>\n<meta name=\"robots\" content=\"index, follow, max-snippet:-1, max-image-preview:large, max-video-preview:-1\" \/>\n<link rel=\"canonical\" href=\"https:\/\/www.meydan.tv\/az\/article\/neftcalali-robinzon-kruzodan-behs-eden-film-beynelxalq-festivalda\/\" \/>\n<meta property=\"og:locale\" content=\"az_AZ\" \/>\n<meta property=\"og:type\" content=\"article\" \/>\n<meta property=\"og:title\" content=\"Neft\u00e7alal\u0131 \u201cRobinzon Kruzo\u201ddan b\u0259hs ed\u0259n film beyn\u0259lxalq festivalda - MEYDAN.TV\" \/>\n<meta property=\"og:description\" content=\"Filmin ba\u015f prod\u00fcseri Arzu \u018fliyeva, prod\u00fcserl\u0259ri Orman \u018fliyev v\u0259 Nazim H\u00fcseynov, rejissoru Fariz \u018fhm\u0259dov, ssenari m\u00fc\u0259llifl\u0259ri Esmira \u018fyyubla Fariz \u018fhm\u0259dovdur.\" \/>\n<meta property=\"og:url\" content=\"https:\/\/www.meydan.tv\/az\/article\/neftcalali-robinzon-kruzodan-behs-eden-film-beynelxalq-festivalda\/\" \/>\n<meta property=\"og:site_name\" content=\"MEYDAN.TV\" \/>\n<meta property=\"article:published_time\" content=\"2021-10-21T14:59:08+00:00\" \/>\n<meta property=\"og:image\" content=\"https:\/\/www.meydan.tv\/wp-content\/uploads\/1-1.jpg\" \/>\n\t<meta property=\"og:image:width\" content=\"1115\" \/>\n\t<meta property=\"og:image:height\" content=\"580\" \/>\n\t<meta property=\"og:image:type\" content=\"image\/jpeg\" \/>\n<meta name=\"author\" content=\"user-manager\" \/>\n<meta name=\"twitter:card\" content=\"summary_large_image\" \/>\n<script type=\"application\/ld+json\" class=\"yoast-schema-graph\">{\"@context\":\"https:\\\/\\\/schema.org\",\"@graph\":[{\"@type\":\"Article\",\"@id\":\"https:\\\/\\\/www.meydan.tv\\\/az\\\/article\\\/neftcalali-robinzon-kruzodan-behs-eden-film-beynelxalq-festivalda\\\/#article\",\"isPartOf\":{\"@id\":\"https:\\\/\\\/www.meydan.tv\\\/az\\\/article\\\/neftcalali-robinzon-kruzodan-behs-eden-film-beynelxalq-festivalda\\\/\"},\"author\":{\"name\":\"user-manager\",\"@id\":\"https:\\\/\\\/www.meydan.tv\\\/az\\\/#\\\/schema\\\/person\\\/10d11eccf6da3662cf5fdab9806ea91a\"},\"headline\":\"Neft\u00e7alal\u0131 \u201cRobinzon Kruzo\u201ddan b\u0259hs ed\u0259n film beyn\u0259lxalq festivalda\",\"datePublished\":\"2021-10-21T14:59:08+00:00\",\"mainEntityOfPage\":{\"@id\":\"https:\\\/\\\/www.meydan.tv\\\/az\\\/article\\\/neftcalali-robinzon-kruzodan-behs-eden-film-beynelxalq-festivalda\\\/\"},\"wordCount\":436,\"publisher\":{\"@id\":\"https:\\\/\\\/www.meydan.tv\\\/az\\\/#organization\"},\"image\":{\"@id\":\"https:\\\/\\\/www.meydan.tv\\\/az\\\/article\\\/neftcalali-robinzon-kruzodan-behs-eden-film-beynelxalq-festivalda\\\/#primaryimage\"},\"thumbnailUrl\":\"https:\\\/\\\/www.meydan.tv\\\/wp-content\\\/uploads\\\/1-1.jpg\",\"articleSection\":[\"M\u0259d\u0259niyy\u0259t\"],\"inLanguage\":\"az\"},{\"@type\":\"WebPage\",\"@id\":\"https:\\\/\\\/www.meydan.tv\\\/az\\\/article\\\/neftcalali-robinzon-kruzodan-behs-eden-film-beynelxalq-festivalda\\\/\",\"url\":\"https:\\\/\\\/www.meydan.tv\\\/az\\\/article\\\/neftcalali-robinzon-kruzodan-behs-eden-film-beynelxalq-festivalda\\\/\",\"name\":\"Neft\u00e7alal\u0131 \u201cRobinzon Kruzo\u201ddan b\u0259hs ed\u0259n film beyn\u0259lxalq festivalda - MEYDAN.TV\",\"isPartOf\":{\"@id\":\"https:\\\/\\\/www.meydan.tv\\\/az\\\/#website\"},\"primaryImageOfPage\":{\"@id\":\"https:\\\/\\\/www.meydan.tv\\\/az\\\/article\\\/neftcalali-robinzon-kruzodan-behs-eden-film-beynelxalq-festivalda\\\/#primaryimage\"},\"image\":{\"@id\":\"https:\\\/\\\/www.meydan.tv\\\/az\\\/article\\\/neftcalali-robinzon-kruzodan-behs-eden-film-beynelxalq-festivalda\\\/#primaryimage\"},\"thumbnailUrl\":\"https:\\\/\\\/www.meydan.tv\\\/wp-content\\\/uploads\\\/1-1.jpg\",\"datePublished\":\"2021-10-21T14:59:08+00:00\",\"breadcrumb\":{\"@id\":\"https:\\\/\\\/www.meydan.tv\\\/az\\\/article\\\/neftcalali-robinzon-kruzodan-behs-eden-film-beynelxalq-festivalda\\\/#breadcrumb\"},\"inLanguage\":\"az\",\"potentialAction\":[{\"@type\":\"ReadAction\",\"target\":[\"https:\\\/\\\/www.meydan.tv\\\/az\\\/article\\\/neftcalali-robinzon-kruzodan-behs-eden-film-beynelxalq-festivalda\\\/\"]}]},{\"@type\":\"ImageObject\",\"inLanguage\":\"az\",\"@id\":\"https:\\\/\\\/www.meydan.tv\\\/az\\\/article\\\/neftcalali-robinzon-kruzodan-behs-eden-film-beynelxalq-festivalda\\\/#primaryimage\",\"url\":\"https:\\\/\\\/www.meydan.tv\\\/wp-content\\\/uploads\\\/1-1.jpg\",\"contentUrl\":\"https:\\\/\\\/www.meydan.tv\\\/wp-content\\\/uploads\\\/1-1.jpg\",\"width\":1115,\"height\":580,\"caption\":\"Source: Specify Source\"},{\"@type\":\"BreadcrumbList\",\"@id\":\"https:\\\/\\\/www.meydan.tv\\\/az\\\/article\\\/neftcalali-robinzon-kruzodan-behs-eden-film-beynelxalq-festivalda\\\/#breadcrumb\",\"itemListElement\":[{\"@type\":\"ListItem\",\"position\":1,\"name\":\"Ana s\u0259hif\u0259\",\"item\":\"https:\\\/\\\/www.meydan.tv\\\/az\\\/\"},{\"@type\":\"ListItem\",\"position\":2,\"name\":\"M\u0259d\u0259niyy\u0259t\",\"item\":\"https:\\\/\\\/www.meydan.tv\\\/az\\\/section\\\/medeniyyet\\\/\"},{\"@type\":\"ListItem\",\"position\":3,\"name\":\"Neft\u00e7alal\u0131 \u201cRobinzon Kruzo\u201ddan b\u0259hs ed\u0259n film beyn\u0259lxalq festivalda\"}]},{\"@type\":\"WebSite\",\"@id\":\"https:\\\/\\\/www.meydan.tv\\\/az\\\/#website\",\"url\":\"https:\\\/\\\/www.meydan.tv\\\/az\\\/\",\"name\":\"MEYDAN.TV\",\"description\":\"Meydan TV Az\u0259rbaycan\u0131n media m\u0259kan\u0131ndak\u0131 alternativ s\u0259sidir\",\"publisher\":{\"@id\":\"https:\\\/\\\/www.meydan.tv\\\/az\\\/#organization\"},\"potentialAction\":[{\"@type\":\"SearchAction\",\"target\":{\"@type\":\"EntryPoint\",\"urlTemplate\":\"https:\\\/\\\/www.meydan.tv\\\/az\\\/?s={search_term_string}\"},\"query-input\":{\"@type\":\"PropertyValueSpecification\",\"valueRequired\":true,\"valueName\":\"search_term_string\"}}],\"inLanguage\":\"az\"},{\"@type\":\"Organization\",\"@id\":\"https:\\\/\\\/www.meydan.tv\\\/az\\\/#organization\",\"name\":\"Meydan TV\",\"url\":\"https:\\\/\\\/www.meydan.tv\\\/az\\\/\",\"logo\":{\"@type\":\"ImageObject\",\"inLanguage\":\"az\",\"@id\":\"https:\\\/\\\/www.meydan.tv\\\/az\\\/#\\\/schema\\\/logo\\\/image\\\/\",\"url\":\"https:\\\/\\\/www.meydan.tv\\\/wp-content\\\/uploads\\\/2021\\\/07\\\/meydan-logo.svg\",\"contentUrl\":\"https:\\\/\\\/www.meydan.tv\\\/wp-content\\\/uploads\\\/2021\\\/07\\\/meydan-logo.svg\",\"width\":195,\"height\":46,\"caption\":\"Meydan TV\"},\"image\":{\"@id\":\"https:\\\/\\\/www.meydan.tv\\\/az\\\/#\\\/schema\\\/logo\\\/image\\\/\"}},{\"@type\":\"Person\",\"@id\":\"https:\\\/\\\/www.meydan.tv\\\/az\\\/#\\\/schema\\\/person\\\/10d11eccf6da3662cf5fdab9806ea91a\",\"name\":\"user-manager\"}]}<\/script>\n<!-- \/ Yoast SEO plugin. -->","yoast_head_json":{"title":"Neft\u00e7alal\u0131 \u201cRobinzon Kruzo\u201ddan b\u0259hs ed\u0259n film beyn\u0259lxalq festivalda - MEYDAN.TV","robots":{"index":"index","follow":"follow","max-snippet":"max-snippet:-1","max-image-preview":"max-image-preview:large","max-video-preview":"max-video-preview:-1"},"canonical":"https:\/\/www.meydan.tv\/az\/article\/neftcalali-robinzon-kruzodan-behs-eden-film-beynelxalq-festivalda\/","og_locale":"az_AZ","og_type":"article","og_title":"Neft\u00e7alal\u0131 \u201cRobinzon Kruzo\u201ddan b\u0259hs ed\u0259n film beyn\u0259lxalq festivalda - MEYDAN.TV","og_description":"Filmin ba\u015f prod\u00fcseri Arzu \u018fliyeva, prod\u00fcserl\u0259ri Orman \u018fliyev v\u0259 Nazim H\u00fcseynov, rejissoru Fariz \u018fhm\u0259dov, ssenari m\u00fc\u0259llifl\u0259ri Esmira \u018fyyubla Fariz \u018fhm\u0259dovdur.","og_url":"https:\/\/www.meydan.tv\/az\/article\/neftcalali-robinzon-kruzodan-behs-eden-film-beynelxalq-festivalda\/","og_site_name":"MEYDAN.TV","article_published_time":"2021-10-21T14:59:08+00:00","og_image":[{"width":1115,"height":580,"url":"https:\/\/www.meydan.tv\/wp-content\/uploads\/1-1.jpg","type":"image\/jpeg"}],"author":"user-manager","twitter_card":"summary_large_image","schema":{"@context":"https:\/\/schema.org","@graph":[{"@type":"Article","@id":"https:\/\/www.meydan.tv\/az\/article\/neftcalali-robinzon-kruzodan-behs-eden-film-beynelxalq-festivalda\/#article","isPartOf":{"@id":"https:\/\/www.meydan.tv\/az\/article\/neftcalali-robinzon-kruzodan-behs-eden-film-beynelxalq-festivalda\/"},"author":{"name":"user-manager","@id":"https:\/\/www.meydan.tv\/az\/#\/schema\/person\/10d11eccf6da3662cf5fdab9806ea91a"},"headline":"Neft\u00e7alal\u0131 \u201cRobinzon Kruzo\u201ddan b\u0259hs ed\u0259n film beyn\u0259lxalq festivalda","datePublished":"2021-10-21T14:59:08+00:00","mainEntityOfPage":{"@id":"https:\/\/www.meydan.tv\/az\/article\/neftcalali-robinzon-kruzodan-behs-eden-film-beynelxalq-festivalda\/"},"wordCount":436,"publisher":{"@id":"https:\/\/www.meydan.tv\/az\/#organization"},"image":{"@id":"https:\/\/www.meydan.tv\/az\/article\/neftcalali-robinzon-kruzodan-behs-eden-film-beynelxalq-festivalda\/#primaryimage"},"thumbnailUrl":"https:\/\/www.meydan.tv\/wp-content\/uploads\/1-1.jpg","articleSection":["M\u0259d\u0259niyy\u0259t"],"inLanguage":"az"},{"@type":"WebPage","@id":"https:\/\/www.meydan.tv\/az\/article\/neftcalali-robinzon-kruzodan-behs-eden-film-beynelxalq-festivalda\/","url":"https:\/\/www.meydan.tv\/az\/article\/neftcalali-robinzon-kruzodan-behs-eden-film-beynelxalq-festivalda\/","name":"Neft\u00e7alal\u0131 \u201cRobinzon Kruzo\u201ddan b\u0259hs ed\u0259n film beyn\u0259lxalq festivalda - MEYDAN.TV","isPartOf":{"@id":"https:\/\/www.meydan.tv\/az\/#website"},"primaryImageOfPage":{"@id":"https:\/\/www.meydan.tv\/az\/article\/neftcalali-robinzon-kruzodan-behs-eden-film-beynelxalq-festivalda\/#primaryimage"},"image":{"@id":"https:\/\/www.meydan.tv\/az\/article\/neftcalali-robinzon-kruzodan-behs-eden-film-beynelxalq-festivalda\/#primaryimage"},"thumbnailUrl":"https:\/\/www.meydan.tv\/wp-content\/uploads\/1-1.jpg","datePublished":"2021-10-21T14:59:08+00:00","breadcrumb":{"@id":"https:\/\/www.meydan.tv\/az\/article\/neftcalali-robinzon-kruzodan-behs-eden-film-beynelxalq-festivalda\/#breadcrumb"},"inLanguage":"az","potentialAction":[{"@type":"ReadAction","target":["https:\/\/www.meydan.tv\/az\/article\/neftcalali-robinzon-kruzodan-behs-eden-film-beynelxalq-festivalda\/"]}]},{"@type":"ImageObject","inLanguage":"az","@id":"https:\/\/www.meydan.tv\/az\/article\/neftcalali-robinzon-kruzodan-behs-eden-film-beynelxalq-festivalda\/#primaryimage","url":"https:\/\/www.meydan.tv\/wp-content\/uploads\/1-1.jpg","contentUrl":"https:\/\/www.meydan.tv\/wp-content\/uploads\/1-1.jpg","width":1115,"height":580,"caption":"Source: Specify Source"},{"@type":"BreadcrumbList","@id":"https:\/\/www.meydan.tv\/az\/article\/neftcalali-robinzon-kruzodan-behs-eden-film-beynelxalq-festivalda\/#breadcrumb","itemListElement":[{"@type":"ListItem","position":1,"name":"Ana s\u0259hif\u0259","item":"https:\/\/www.meydan.tv\/az\/"},{"@type":"ListItem","position":2,"name":"M\u0259d\u0259niyy\u0259t","item":"https:\/\/www.meydan.tv\/az\/section\/medeniyyet\/"},{"@type":"ListItem","position":3,"name":"Neft\u00e7alal\u0131 \u201cRobinzon Kruzo\u201ddan b\u0259hs ed\u0259n film beyn\u0259lxalq festivalda"}]},{"@type":"WebSite","@id":"https:\/\/www.meydan.tv\/az\/#website","url":"https:\/\/www.meydan.tv\/az\/","name":"MEYDAN.TV","description":"Meydan TV Az\u0259rbaycan\u0131n media m\u0259kan\u0131ndak\u0131 alternativ s\u0259sidir","publisher":{"@id":"https:\/\/www.meydan.tv\/az\/#organization"},"potentialAction":[{"@type":"SearchAction","target":{"@type":"EntryPoint","urlTemplate":"https:\/\/www.meydan.tv\/az\/?s={search_term_string}"},"query-input":{"@type":"PropertyValueSpecification","valueRequired":true,"valueName":"search_term_string"}}],"inLanguage":"az"},{"@type":"Organization","@id":"https:\/\/www.meydan.tv\/az\/#organization","name":"Meydan TV","url":"https:\/\/www.meydan.tv\/az\/","logo":{"@type":"ImageObject","inLanguage":"az","@id":"https:\/\/www.meydan.tv\/az\/#\/schema\/logo\/image\/","url":"https:\/\/www.meydan.tv\/wp-content\/uploads\/2021\/07\/meydan-logo.svg","contentUrl":"https:\/\/www.meydan.tv\/wp-content\/uploads\/2021\/07\/meydan-logo.svg","width":195,"height":46,"caption":"Meydan TV"},"image":{"@id":"https:\/\/www.meydan.tv\/az\/#\/schema\/logo\/image\/"}},{"@type":"Person","@id":"https:\/\/www.meydan.tv\/az\/#\/schema\/person\/10d11eccf6da3662cf5fdab9806ea91a","name":"user-manager"}]}},"_links":{"self":[{"href":"https:\/\/www.meydan.tv\/az\/wp-json\/wp\/v2\/posts\/213407","targetHints":{"allow":["GET"]}}],"collection":[{"href":"https:\/\/www.meydan.tv\/az\/wp-json\/wp\/v2\/posts"}],"about":[{"href":"https:\/\/www.meydan.tv\/az\/wp-json\/wp\/v2\/types\/post"}],"author":[{"embeddable":true,"href":"https:\/\/www.meydan.tv\/az\/wp-json\/wp\/v2\/users\/11"}],"replies":[{"embeddable":true,"href":"https:\/\/www.meydan.tv\/az\/wp-json\/wp\/v2\/comments?post=213407"}],"version-history":[{"count":0,"href":"https:\/\/www.meydan.tv\/az\/wp-json\/wp\/v2\/posts\/213407\/revisions"}],"wp:featuredmedia":[{"embeddable":true,"href":"https:\/\/www.meydan.tv\/az\/wp-json\/wp\/v2\/media\/211497"}],"wp:attachment":[{"href":"https:\/\/www.meydan.tv\/az\/wp-json\/wp\/v2\/media?parent=213407"}],"wp:term":[{"taxonomy":"category","embeddable":true,"href":"https:\/\/www.meydan.tv\/az\/wp-json\/wp\/v2\/categories?post=213407"},{"taxonomy":"post_tag","embeddable":true,"href":"https:\/\/www.meydan.tv\/az\/wp-json\/wp\/v2\/tags?post=213407"}],"curies":[{"name":"wp","href":"https:\/\/api.w.org\/{rel}","templated":true}]}}