{"id":213403,"date":"2021-10-21T11:59:38","date_gmt":"2021-10-21T11:59:38","guid":{"rendered":"https:\/\/www.meydan.tv\/article\/4-yasli-oglumu-yasatmaq-ucun-mene-yardim-edin\/"},"modified":"2021-10-21T11:59:38","modified_gmt":"2021-10-21T11:59:38","slug":"4-yasli-oglumu-yasatmaq-ucun-mene-yardim-edin","status":"publish","type":"post","link":"https:\/\/www.meydan.tv\/az\/article\/4-yasli-oglumu-yasatmaq-ucun-mene-yardim-edin\/","title":{"rendered":"\u201c4 ya\u015fl\u0131 o\u011flumu ya\u015fatmaq \u00fc\u00e7\u00fcn m\u0259n\u0259 yard\u0131m edin\u201d"},"content":{"rendered":"<p>\n  <i><br \/>\n    Sevinc M\u0259mm\u0259dova \u00fcz tutmad\u0131\u011f\u0131 d\u00f6vl\u0259t qurumu qalmad\u0131\u011f\u0131n\u0131 deyir<br \/>\n  <\/i>\n<\/p>\n<p>\n  4 ya\u015fl\u0131 \u00d6m\u0259r M\u0259mm\u0259dli x\u0259r\u00e7\u0259ng x\u0259st\u0259liyind\u0259n \u0259ziyy\u0259t \u00e7\u0259kir. Ail\u0259si is\u0259 deyir ki, u\u015fa\u011f\u0131n d\u0259rman v\u0259 m\u00fcalic\u0259 x\u0259rcl\u0259rini qar\u0131laya bilmir. Meydan TV-y\u0259 \u00fcz tutan ana Sevinc M\u0259mm\u0259dovan\u0131n s\u00f6zl\u0259rin\u0259 g\u00f6r\u0259, h\u0259yat yolda\u015f\u0131 3-c\u00fc qrup \u0259lildir, qazanc\u0131 x\u0259rcl\u0259r\u0259 yetmir.\n<\/p>\n<p>\n  \u201c\u00d6t\u0259n ilin mart\u0131nda u\u015fa\u011f\u0131n g\u00f6z\u00fc sarald\u0131. Sumqay\u0131tda s\u0259hv diaqnoz qoyuldu v\u0259 2 ay hepatit diaqnozu il\u0259 m\u00fcalic\u0259 getdi. Sonra m\u0259lum oldu ki, diaqnoz yanl\u0131\u015fd\u0131, \u00f6d\u00fcnd\u0259 3 santimetrlik t\u00f6r\u0259m\u0259 var. Mayda \u0259m\u0259liyyat edildi, \u00f6d axar\u0131, qaraciy\u0259rin yar\u0131s\u0131 k\u0259sildi. O zaman \u00d6m\u0259rin x\u0259r\u00e7\u0259ng oldu\u011funu \u00f6yr\u0259ndik\u201d,-ana dan\u0131\u015f\u0131r.\n<\/p>\n<p>\n  \u018fm\u0259liyyatdan 1 ay sonra \u015fi\u015f metastaz (x\u0259r\u00e7\u0259ng h\u00fcceyr\u0259l\u0259rinin m\u0259n\u015f\u0259yind\u0259n ald\u0131\u011f\u0131 orqan v\u0259 yerl\u0259\u015fdiyi yerd\u0259n uzaq b\u00f6lg\u0259l\u0259r\u0259 k\u00f6\u00e7m\u0259si v\u0259 bura yerl\u0259\u015fm\u0259si) verib. X\u0259st\u0259lik h\u0259r g\u00fcn bir az daha a\u011f\u0131rla\u015f\u0131r:\n<\/p>\n<p>\n  \u201c16 kurs \u015f\u00fcaterapeya, 16 kurs kimyaterapeya al\u0131b. Art\u0131q satma\u011fa he\u00e7 n\u0259yimiz, borc alma\u011fa kims\u0259miz qalmay\u0131b. Yolda\u015f\u0131m qazanxanada \u00e7al\u0131\u015f\u0131r, m\u0259nim 6 ayl\u0131q k\u00f6rp\u0259m var, i\u015fl\u0259y\u0259 bilmir\u0259m. \u00d6m\u0259rin ya\u015famas\u0131 \u00fc\u00e7\u00fcn n\u00f6vb\u0259ti m\u00fcalic\u0259 kursu ke\u00e7m\u0259lidir, kimyaterapiya olunmal\u0131d\u0131r. Bunun \u00fc\u00e7\u00fcn d\u0259 12 min manat laz\u0131md\u0131r. H\u0259r ke\u00e7\u0259n g\u00fcn v\u0259ziyy\u0259ti pisl\u0259\u015fir\u201d.\n<\/p>\n<p>\n  Ana deyir ki, \u00f6lk\u0259d\u0259ki b\u00fct\u00fcn d\u00f6vl\u0259t qurumlar\u0131na, fondlara m\u00fcraci\u0259t ets\u0259 d\u0259, s\u0259sin\u0259 s\u0259s ver\u0259n olmay\u0131b. Bildiribl\u0259r ki, \u00d6m\u0259r kimi problemi olan u\u015faqlar \u00e7oxdur:\n<\/p>\n<figure class=\"wp-block-image size-large\">\n  <img decoding=\"async\" src=\"https:\/\/www.meydan.tv\/az\/c8c70424-1a0d-4021-a98f-bab06b166d2a-jpg\/\" alt=\"c8c70424-1a0d-4021-a98f-bab06b166d2a.jpg\" class=\"wp-image-211473\"\/><figcaption>\n    Tibb kartas\u0131ndan \u00e7\u0131xar\u0131\u015f<br \/>\n  <\/figcaption><\/figure>\n<p>\n  \u201cBir anan\u0131n g\u00f6z\u00fc qar\u0131s\u0131nda k\u00f6rp\u0259 balas\u0131n\u0131n nec\u0259 a\u011fr\u0131-ac\u0131 \u00e7\u0259kdiyini izl\u0259m\u0259sini s\u00f6zl\u0259rl\u0259 t\u0259s\u0259vv\u00fcr ed\u0259 bilmir\u0259m. D\u00f6rd ya\u015fl\u0131 \u00f6vlad\u0131m\u0131 ya\u015fatmaq \u00fc\u00e7\u00fcn m\u0259n\u0259 yard\u0131m edin\u201d.\n<\/p>\n<p>\n  7 mart 2012- ci ild\u0259 Bak\u0131da Milli Onkologiya M\u0259rk\u0259zinin n\u0259zdind\u0259 U\u015faq Onkoloji Klinikas\u0131 a\u00e7\u0131l\u0131b. Klinikadan Meydan TV-y\u0259 cavab verm\u0259yibl\u0259r.\n<\/p>\n<p>\n  Onkoloji x\u0259st\u0259likd\u0259n \u0259ziyy\u0259t \u00e7\u0259k\u0259n u\u015faqlar\u0131n say\u0131 haqda son iki ilin r\u0259smi statistikas\u0131 yoxdur. \u018fn son statistik g\u00f6st\u0259ricil\u0259r 2019-cu ili \u0259hat\u0259 edir ki, orada da \u00fcmumi m\u0259lumatlard\u0131r. Bildirilir ki, 0-13 ya\u015fl\u0131 u\u015faqlar aras\u0131nda qoyulmu\u015f diaqnoza \u0259sas\u0259n, yeni t\u00f6r\u0259m\u0259 249 n\u0259f\u0259rd\u0259 a\u015fkarlan\u0131b.\n<\/p>\n<p>\n  H\u0259r il fevral\u0131n 15-d\u0259 Bak\u0131da Beyn\u0259lxalq U\u015faq Onkoloji X\u0259st\u0259likl\u0259rl\u0259 M\u00fcbariz\u0259 G\u00fcn\u00fc qeyd olunur. Sonuncu d\u0259f\u0259 \u00f6t\u0259n il qeyd olunmu\u015f t\u0259dbird\u0259 U\u015faq Onkoloji Klinikas\u0131n\u0131n m\u00fct\u0259x\u0259ssisi Reyman \u0130smay\u0131lzad\u0259 deyib ki, klinika yarand\u0131\u011f\u0131 g\u00fcnd\u0259n, y\u0259ni 2012-2020-ci ill\u0259r aras\u0131nda 1200 u\u015faq m\u00fcalic\u0259<br \/>\n  <a href=\"http:\/\/www.mom.gov.az\/?smode=metbuat-bulleteni&amp;item=Bakida_Beynelxalq_Ushaq_Onkoloji_Xestelikleri_ile_Mubarize_Gunune_hesr_olunmush_ma&amp;lang=az\"><br \/>\n    olunub<br \/>\n  <\/a><br \/>\n  . Sa\u011falma v\u0259 ya \u00f6l\u00fcm hallar\u0131 bar\u0259d\u0259 r\u0259q\u0259m a\u00e7\u0131qlamayan m\u00fct\u0259x\u0259ssis m\u00fcalic\u0259nin n\u0259tic\u0259sini q\u0259na\u0259tb\u0259x\u015f hesab edib.\n<\/p>\n<figure class=\"wp-block-image size-large\">\n  <img decoding=\"async\" src=\"https:\/\/www.meydan.tv\/az\/e581dbed-dc48-4d0e-a196-a2fb4bc0cb4f-jpg\/\" alt=\"e581dbed-dc48-4d0e-a196-a2fb4bc0cb4f.jpg\" class=\"wp-image-211467\"\/><figcaption>\n    M\u00fcayin\u0259 raporu<br \/>\n  <\/figcaption><\/figure>\n","protected":false},"excerpt":{"rendered":"<p>&#8220;H\u0259r ke\u00e7\u0259n g\u00fcn v\u0259ziyy\u0259ti pisl\u0259\u015fir&#8221;<\/p>\n","protected":false},"author":11,"featured_media":211479,"comment_status":"closed","ping_status":"open","sticky":false,"template":"","format":"standard","meta":{"_acf_changed":false,"_sitemap_exclude":false,"_sitemap_priority":"","_sitemap_frequency":"","footnotes":""},"categories":[62],"tags":[],"class_list":["post-213403","post","type-post","status-publish","format-standard","has-post-thumbnail","hentry","category-sosial","infinite-scroll-item","generate-columns","tablet-grid-50","mobile-grid-100","grid-parent","grid-33","no-featured-image-padding"],"acf":[],"yoast_head":"<!-- This site is optimized with the Yoast SEO plugin v27.4 - https:\/\/yoast.com\/product\/yoast-seo-wordpress\/ -->\n<title>\u201c4 ya\u015fl\u0131 o\u011flumu ya\u015fatmaq \u00fc\u00e7\u00fcn m\u0259n\u0259 yard\u0131m edin\u201d - MEYDAN.TV<\/title>\n<meta name=\"robots\" content=\"index, follow, max-snippet:-1, max-image-preview:large, max-video-preview:-1\" \/>\n<link rel=\"canonical\" href=\"https:\/\/www.meydan.tv\/az\/article\/4-yasli-oglumu-yasatmaq-ucun-mene-yardim-edin\/\" \/>\n<meta property=\"og:locale\" content=\"az_AZ\" \/>\n<meta property=\"og:type\" content=\"article\" \/>\n<meta property=\"og:title\" content=\"\u201c4 ya\u015fl\u0131 o\u011flumu ya\u015fatmaq \u00fc\u00e7\u00fcn m\u0259n\u0259 yard\u0131m edin\u201d - MEYDAN.TV\" \/>\n<meta property=\"og:description\" content=\"&quot;H\u0259r ke\u00e7\u0259n g\u00fcn v\u0259ziyy\u0259ti pisl\u0259\u015fir&quot;\" \/>\n<meta property=\"og:url\" content=\"https:\/\/www.meydan.tv\/az\/article\/4-yasli-oglumu-yasatmaq-ucun-mene-yardim-edin\/\" \/>\n<meta property=\"og:site_name\" content=\"MEYDAN.TV\" \/>\n<meta property=\"article:published_time\" content=\"2021-10-21T11:59:38+00:00\" \/>\n<meta property=\"og:image\" content=\"https:\/\/www.meydan.tv\/wp-content\/uploads\/1_nyayecc.png\" \/>\n\t<meta property=\"og:image:width\" content=\"1120\" \/>\n\t<meta property=\"og:image:height\" content=\"630\" \/>\n\t<meta property=\"og:image:type\" content=\"image\/png\" \/>\n<meta name=\"author\" content=\"user-manager\" \/>\n<meta name=\"twitter:card\" content=\"summary_large_image\" \/>\n<script type=\"application\/ld+json\" class=\"yoast-schema-graph\">{\"@context\":\"https:\\\/\\\/schema.org\",\"@graph\":[{\"@type\":\"Article\",\"@id\":\"https:\\\/\\\/www.meydan.tv\\\/az\\\/article\\\/4-yasli-oglumu-yasatmaq-ucun-mene-yardim-edin\\\/#article\",\"isPartOf\":{\"@id\":\"https:\\\/\\\/www.meydan.tv\\\/az\\\/article\\\/4-yasli-oglumu-yasatmaq-ucun-mene-yardim-edin\\\/\"},\"author\":{\"name\":\"user-manager\",\"@id\":\"https:\\\/\\\/www.meydan.tv\\\/az\\\/#\\\/schema\\\/person\\\/10d11eccf6da3662cf5fdab9806ea91a\"},\"headline\":\"\u201c4 ya\u015fl\u0131 o\u011flumu ya\u015fatmaq \u00fc\u00e7\u00fcn m\u0259n\u0259 yard\u0131m edin\u201d\",\"datePublished\":\"2021-10-21T11:59:38+00:00\",\"mainEntityOfPage\":{\"@id\":\"https:\\\/\\\/www.meydan.tv\\\/az\\\/article\\\/4-yasli-oglumu-yasatmaq-ucun-mene-yardim-edin\\\/\"},\"wordCount\":555,\"publisher\":{\"@id\":\"https:\\\/\\\/www.meydan.tv\\\/az\\\/#organization\"},\"image\":{\"@id\":\"https:\\\/\\\/www.meydan.tv\\\/az\\\/article\\\/4-yasli-oglumu-yasatmaq-ucun-mene-yardim-edin\\\/#primaryimage\"},\"thumbnailUrl\":\"https:\\\/\\\/www.meydan.tv\\\/wp-content\\\/uploads\\\/1_nyayecc.png\",\"articleSection\":[\"Sosial\"],\"inLanguage\":\"az\"},{\"@type\":\"WebPage\",\"@id\":\"https:\\\/\\\/www.meydan.tv\\\/az\\\/article\\\/4-yasli-oglumu-yasatmaq-ucun-mene-yardim-edin\\\/\",\"url\":\"https:\\\/\\\/www.meydan.tv\\\/az\\\/article\\\/4-yasli-oglumu-yasatmaq-ucun-mene-yardim-edin\\\/\",\"name\":\"\u201c4 ya\u015fl\u0131 o\u011flumu ya\u015fatmaq \u00fc\u00e7\u00fcn m\u0259n\u0259 yard\u0131m edin\u201d - MEYDAN.TV\",\"isPartOf\":{\"@id\":\"https:\\\/\\\/www.meydan.tv\\\/az\\\/#website\"},\"primaryImageOfPage\":{\"@id\":\"https:\\\/\\\/www.meydan.tv\\\/az\\\/article\\\/4-yasli-oglumu-yasatmaq-ucun-mene-yardim-edin\\\/#primaryimage\"},\"image\":{\"@id\":\"https:\\\/\\\/www.meydan.tv\\\/az\\\/article\\\/4-yasli-oglumu-yasatmaq-ucun-mene-yardim-edin\\\/#primaryimage\"},\"thumbnailUrl\":\"https:\\\/\\\/www.meydan.tv\\\/wp-content\\\/uploads\\\/1_nyayecc.png\",\"datePublished\":\"2021-10-21T11:59:38+00:00\",\"breadcrumb\":{\"@id\":\"https:\\\/\\\/www.meydan.tv\\\/az\\\/article\\\/4-yasli-oglumu-yasatmaq-ucun-mene-yardim-edin\\\/#breadcrumb\"},\"inLanguage\":\"az\",\"potentialAction\":[{\"@type\":\"ReadAction\",\"target\":[\"https:\\\/\\\/www.meydan.tv\\\/az\\\/article\\\/4-yasli-oglumu-yasatmaq-ucun-mene-yardim-edin\\\/\"]}]},{\"@type\":\"ImageObject\",\"inLanguage\":\"az\",\"@id\":\"https:\\\/\\\/www.meydan.tv\\\/az\\\/article\\\/4-yasli-oglumu-yasatmaq-ucun-mene-yardim-edin\\\/#primaryimage\",\"url\":\"https:\\\/\\\/www.meydan.tv\\\/wp-content\\\/uploads\\\/1_nyayecc.png\",\"contentUrl\":\"https:\\\/\\\/www.meydan.tv\\\/wp-content\\\/uploads\\\/1_nyayecc.png\",\"width\":1120,\"height\":630,\"caption\":\"Source: Meydan TV\"},{\"@type\":\"BreadcrumbList\",\"@id\":\"https:\\\/\\\/www.meydan.tv\\\/az\\\/article\\\/4-yasli-oglumu-yasatmaq-ucun-mene-yardim-edin\\\/#breadcrumb\",\"itemListElement\":[{\"@type\":\"ListItem\",\"position\":1,\"name\":\"Ana s\u0259hif\u0259\",\"item\":\"https:\\\/\\\/www.meydan.tv\\\/az\\\/\"},{\"@type\":\"ListItem\",\"position\":2,\"name\":\"Sosial\",\"item\":\"https:\\\/\\\/www.meydan.tv\\\/az\\\/section\\\/sosial\\\/\"},{\"@type\":\"ListItem\",\"position\":3,\"name\":\"\u201c4 ya\u015fl\u0131 o\u011flumu ya\u015fatmaq \u00fc\u00e7\u00fcn m\u0259n\u0259 yard\u0131m edin\u201d\"}]},{\"@type\":\"WebSite\",\"@id\":\"https:\\\/\\\/www.meydan.tv\\\/az\\\/#website\",\"url\":\"https:\\\/\\\/www.meydan.tv\\\/az\\\/\",\"name\":\"MEYDAN.TV\",\"description\":\"Meydan TV Az\u0259rbaycan\u0131n media m\u0259kan\u0131ndak\u0131 alternativ s\u0259sidir\",\"publisher\":{\"@id\":\"https:\\\/\\\/www.meydan.tv\\\/az\\\/#organization\"},\"potentialAction\":[{\"@type\":\"SearchAction\",\"target\":{\"@type\":\"EntryPoint\",\"urlTemplate\":\"https:\\\/\\\/www.meydan.tv\\\/az\\\/?s={search_term_string}\"},\"query-input\":{\"@type\":\"PropertyValueSpecification\",\"valueRequired\":true,\"valueName\":\"search_term_string\"}}],\"inLanguage\":\"az\"},{\"@type\":\"Organization\",\"@id\":\"https:\\\/\\\/www.meydan.tv\\\/az\\\/#organization\",\"name\":\"Meydan TV\",\"url\":\"https:\\\/\\\/www.meydan.tv\\\/az\\\/\",\"logo\":{\"@type\":\"ImageObject\",\"inLanguage\":\"az\",\"@id\":\"https:\\\/\\\/www.meydan.tv\\\/az\\\/#\\\/schema\\\/logo\\\/image\\\/\",\"url\":\"https:\\\/\\\/www.meydan.tv\\\/wp-content\\\/uploads\\\/2021\\\/07\\\/meydan-logo.svg\",\"contentUrl\":\"https:\\\/\\\/www.meydan.tv\\\/wp-content\\\/uploads\\\/2021\\\/07\\\/meydan-logo.svg\",\"width\":195,\"height\":46,\"caption\":\"Meydan TV\"},\"image\":{\"@id\":\"https:\\\/\\\/www.meydan.tv\\\/az\\\/#\\\/schema\\\/logo\\\/image\\\/\"}},{\"@type\":\"Person\",\"@id\":\"https:\\\/\\\/www.meydan.tv\\\/az\\\/#\\\/schema\\\/person\\\/10d11eccf6da3662cf5fdab9806ea91a\",\"name\":\"user-manager\"}]}<\/script>\n<!-- \/ Yoast SEO plugin. -->","yoast_head_json":{"title":"\u201c4 ya\u015fl\u0131 o\u011flumu ya\u015fatmaq \u00fc\u00e7\u00fcn m\u0259n\u0259 yard\u0131m edin\u201d - MEYDAN.TV","robots":{"index":"index","follow":"follow","max-snippet":"max-snippet:-1","max-image-preview":"max-image-preview:large","max-video-preview":"max-video-preview:-1"},"canonical":"https:\/\/www.meydan.tv\/az\/article\/4-yasli-oglumu-yasatmaq-ucun-mene-yardim-edin\/","og_locale":"az_AZ","og_type":"article","og_title":"\u201c4 ya\u015fl\u0131 o\u011flumu ya\u015fatmaq \u00fc\u00e7\u00fcn m\u0259n\u0259 yard\u0131m edin\u201d - MEYDAN.TV","og_description":"\"H\u0259r ke\u00e7\u0259n g\u00fcn v\u0259ziyy\u0259ti pisl\u0259\u015fir\"","og_url":"https:\/\/www.meydan.tv\/az\/article\/4-yasli-oglumu-yasatmaq-ucun-mene-yardim-edin\/","og_site_name":"MEYDAN.TV","article_published_time":"2021-10-21T11:59:38+00:00","og_image":[{"width":1120,"height":630,"url":"https:\/\/www.meydan.tv\/wp-content\/uploads\/1_nyayecc.png","type":"image\/png"}],"author":"user-manager","twitter_card":"summary_large_image","schema":{"@context":"https:\/\/schema.org","@graph":[{"@type":"Article","@id":"https:\/\/www.meydan.tv\/az\/article\/4-yasli-oglumu-yasatmaq-ucun-mene-yardim-edin\/#article","isPartOf":{"@id":"https:\/\/www.meydan.tv\/az\/article\/4-yasli-oglumu-yasatmaq-ucun-mene-yardim-edin\/"},"author":{"name":"user-manager","@id":"https:\/\/www.meydan.tv\/az\/#\/schema\/person\/10d11eccf6da3662cf5fdab9806ea91a"},"headline":"\u201c4 ya\u015fl\u0131 o\u011flumu ya\u015fatmaq \u00fc\u00e7\u00fcn m\u0259n\u0259 yard\u0131m edin\u201d","datePublished":"2021-10-21T11:59:38+00:00","mainEntityOfPage":{"@id":"https:\/\/www.meydan.tv\/az\/article\/4-yasli-oglumu-yasatmaq-ucun-mene-yardim-edin\/"},"wordCount":555,"publisher":{"@id":"https:\/\/www.meydan.tv\/az\/#organization"},"image":{"@id":"https:\/\/www.meydan.tv\/az\/article\/4-yasli-oglumu-yasatmaq-ucun-mene-yardim-edin\/#primaryimage"},"thumbnailUrl":"https:\/\/www.meydan.tv\/wp-content\/uploads\/1_nyayecc.png","articleSection":["Sosial"],"inLanguage":"az"},{"@type":"WebPage","@id":"https:\/\/www.meydan.tv\/az\/article\/4-yasli-oglumu-yasatmaq-ucun-mene-yardim-edin\/","url":"https:\/\/www.meydan.tv\/az\/article\/4-yasli-oglumu-yasatmaq-ucun-mene-yardim-edin\/","name":"\u201c4 ya\u015fl\u0131 o\u011flumu ya\u015fatmaq \u00fc\u00e7\u00fcn m\u0259n\u0259 yard\u0131m edin\u201d - MEYDAN.TV","isPartOf":{"@id":"https:\/\/www.meydan.tv\/az\/#website"},"primaryImageOfPage":{"@id":"https:\/\/www.meydan.tv\/az\/article\/4-yasli-oglumu-yasatmaq-ucun-mene-yardim-edin\/#primaryimage"},"image":{"@id":"https:\/\/www.meydan.tv\/az\/article\/4-yasli-oglumu-yasatmaq-ucun-mene-yardim-edin\/#primaryimage"},"thumbnailUrl":"https:\/\/www.meydan.tv\/wp-content\/uploads\/1_nyayecc.png","datePublished":"2021-10-21T11:59:38+00:00","breadcrumb":{"@id":"https:\/\/www.meydan.tv\/az\/article\/4-yasli-oglumu-yasatmaq-ucun-mene-yardim-edin\/#breadcrumb"},"inLanguage":"az","potentialAction":[{"@type":"ReadAction","target":["https:\/\/www.meydan.tv\/az\/article\/4-yasli-oglumu-yasatmaq-ucun-mene-yardim-edin\/"]}]},{"@type":"ImageObject","inLanguage":"az","@id":"https:\/\/www.meydan.tv\/az\/article\/4-yasli-oglumu-yasatmaq-ucun-mene-yardim-edin\/#primaryimage","url":"https:\/\/www.meydan.tv\/wp-content\/uploads\/1_nyayecc.png","contentUrl":"https:\/\/www.meydan.tv\/wp-content\/uploads\/1_nyayecc.png","width":1120,"height":630,"caption":"Source: Meydan TV"},{"@type":"BreadcrumbList","@id":"https:\/\/www.meydan.tv\/az\/article\/4-yasli-oglumu-yasatmaq-ucun-mene-yardim-edin\/#breadcrumb","itemListElement":[{"@type":"ListItem","position":1,"name":"Ana s\u0259hif\u0259","item":"https:\/\/www.meydan.tv\/az\/"},{"@type":"ListItem","position":2,"name":"Sosial","item":"https:\/\/www.meydan.tv\/az\/section\/sosial\/"},{"@type":"ListItem","position":3,"name":"\u201c4 ya\u015fl\u0131 o\u011flumu ya\u015fatmaq \u00fc\u00e7\u00fcn m\u0259n\u0259 yard\u0131m edin\u201d"}]},{"@type":"WebSite","@id":"https:\/\/www.meydan.tv\/az\/#website","url":"https:\/\/www.meydan.tv\/az\/","name":"MEYDAN.TV","description":"Meydan TV Az\u0259rbaycan\u0131n media m\u0259kan\u0131ndak\u0131 alternativ s\u0259sidir","publisher":{"@id":"https:\/\/www.meydan.tv\/az\/#organization"},"potentialAction":[{"@type":"SearchAction","target":{"@type":"EntryPoint","urlTemplate":"https:\/\/www.meydan.tv\/az\/?s={search_term_string}"},"query-input":{"@type":"PropertyValueSpecification","valueRequired":true,"valueName":"search_term_string"}}],"inLanguage":"az"},{"@type":"Organization","@id":"https:\/\/www.meydan.tv\/az\/#organization","name":"Meydan TV","url":"https:\/\/www.meydan.tv\/az\/","logo":{"@type":"ImageObject","inLanguage":"az","@id":"https:\/\/www.meydan.tv\/az\/#\/schema\/logo\/image\/","url":"https:\/\/www.meydan.tv\/wp-content\/uploads\/2021\/07\/meydan-logo.svg","contentUrl":"https:\/\/www.meydan.tv\/wp-content\/uploads\/2021\/07\/meydan-logo.svg","width":195,"height":46,"caption":"Meydan TV"},"image":{"@id":"https:\/\/www.meydan.tv\/az\/#\/schema\/logo\/image\/"}},{"@type":"Person","@id":"https:\/\/www.meydan.tv\/az\/#\/schema\/person\/10d11eccf6da3662cf5fdab9806ea91a","name":"user-manager"}]}},"_links":{"self":[{"href":"https:\/\/www.meydan.tv\/az\/wp-json\/wp\/v2\/posts\/213403","targetHints":{"allow":["GET"]}}],"collection":[{"href":"https:\/\/www.meydan.tv\/az\/wp-json\/wp\/v2\/posts"}],"about":[{"href":"https:\/\/www.meydan.tv\/az\/wp-json\/wp\/v2\/types\/post"}],"author":[{"embeddable":true,"href":"https:\/\/www.meydan.tv\/az\/wp-json\/wp\/v2\/users\/11"}],"replies":[{"embeddable":true,"href":"https:\/\/www.meydan.tv\/az\/wp-json\/wp\/v2\/comments?post=213403"}],"version-history":[{"count":1,"href":"https:\/\/www.meydan.tv\/az\/wp-json\/wp\/v2\/posts\/213403\/revisions"}],"predecessor-version":[{"id":224934,"href":"https:\/\/www.meydan.tv\/az\/wp-json\/wp\/v2\/posts\/213403\/revisions\/224934"}],"wp:featuredmedia":[{"embeddable":true,"href":"https:\/\/www.meydan.tv\/az\/wp-json\/wp\/v2\/media\/211479"}],"wp:attachment":[{"href":"https:\/\/www.meydan.tv\/az\/wp-json\/wp\/v2\/media?parent=213403"}],"wp:term":[{"taxonomy":"category","embeddable":true,"href":"https:\/\/www.meydan.tv\/az\/wp-json\/wp\/v2\/categories?post=213403"},{"taxonomy":"post_tag","embeddable":true,"href":"https:\/\/www.meydan.tv\/az\/wp-json\/wp\/v2\/tags?post=213403"}],"curies":[{"name":"wp","href":"https:\/\/api.w.org\/{rel}","templated":true}]}}