{"id":213401,"date":"2021-10-21T13:36:03","date_gmt":"2021-10-21T13:36:03","guid":{"rendered":"https:\/\/www.meydan.tv\/article\/xalq-artisti-komaya-dusub\/"},"modified":"2021-10-21T13:36:03","modified_gmt":"2021-10-21T13:36:03","slug":"xalq-artisti-komaya-dusub","status":"publish","type":"post","link":"https:\/\/www.meydan.tv\/az\/article\/xalq-artisti-komaya-dusub\/","title":{"rendered":"Xalq artisti komaya d\u00fc\u015f\u00fcb"},"content":{"rendered":"<p>\n  <i><br \/>\n    Xan\u0259nd\u0259nin \u015f\u0259k\u0259rli diabet x\u0259st\u0259liyind\u0259n \u0259ziyy\u0259t \u00e7\u0259kdiyi deyilir<br \/>\n  <\/i>\n<\/p>\n<p>\n  Xalq artisti Can\u0259li \u018fkb\u0259rov komaya d\u00fc\u015f\u00fcb.\n<\/p>\n<p>\n  Xan\u0259nd\u0259nin v\u0259ziyy\u0259tinin a\u011f\u0131rla\u015fmas\u0131n\u0131n s\u0259b\u0259bi \u015f\u0259k\u0259rli diabet x\u0259st\u0259liyind\u0259n \u0259ziyy\u0259t \u00e7\u0259km\u0259sidir.\n<\/p>\n<p>\n  S\u0259n\u0259t\u00e7inin o\u011flu Sabir \u018fkb\u0259rov \u201cReport\u201da a\u00e7\u0131qlamas\u0131nda Can\u0259li \u018fkb\u0259rovun sisteml\u0259rin hesab\u0131na h\u0259yatda qald\u0131\u011f\u0131n\u0131<br \/>\n  <a href=\"https:\/\/report.az\/incesenet-xeberleri\/xalq-artisti-caneli-ekberov-komaya-dusub\/\"><br \/>\n    deyib<br \/>\n  <\/a><br \/>\n  .\n<\/p>\n<p>\n  \u201c\u00d6z\u00fcm h\u0259kim\u0259m, h\u0259r an onun yan\u0131ndayam. Atam\u0131n s\u0259hh\u0259ti ke\u00e7\u0259n il d\u0259 a\u011f\u0131rla\u015fm\u0131\u015fd\u0131. Ayaqlar\u0131nda problem yaranm\u0131\u015fd\u0131. Bu d\u0259f\u0259 h\u0259r \u015fey bir an\u0131n i\u00e7ind\u0259 oldu. \u015e\u0259k\u0259ri qalxd\u0131 v\u0259 komaya d\u00fc\u015fd\u00fc. \u00dc\u00e7 g\u00fcnd\u00fcr sisteml\u0259rin hesab\u0131na h\u0259yatda qal\u0131r\u201d, &#8211; dey\u0259 o bildirib.\n<\/p>\n<p>\n  Xan\u0259nd\u0259 iki il \u00f6nc\u0259 insult ke\u00e7irib.\n<\/p>\n<p>\n  Can\u0259li \u018fkb\u0259rov 1940-c\u0131 ild\u0259 L\u0259nk\u0259randa do\u011fulub.\n<\/p>\n<p>\n  Musiqi t\u0259hsilini Az\u0259rbaycan D\u00f6vl\u0259t Musiqi M\u0259kt\u0259bind\u0259 al\u0131b.\n<\/p>\n<p>\n  M\u00fc\u0259lliml\u0259ri, xan\u0259nd\u0259l\u0259r Seyid \u015eu\u015finski v\u0259 Xan \u015eu\u015finski olub.\n<\/p>\n<p>\n  1965-ci ild\u0259n Filarmoniyan\u0131n, 1976-c\u0131 ild\u0259n is\u0259 Opera v\u0259 Balet Teatr\u0131n\u0131n solistidir.\n<\/p>\n<p>\n  Mu\u011fam operalar\u0131nda M\u0259cnun v\u0259 \u0130bn-S\u0259lam (\u00dczeyir Hac\u0131b\u0259yli \u2013 \u201cLeyli v\u0259 M\u0259cnun\u201d), \u015eah \u0130smay\u0131l (M\u00fcsl\u00fcm Maqomayev \u2013 \u201c\u015eah \u0130smay\u0131l\u201d), A\u015f\u0131q q\u0259rib (Z\u00fclf\u00fcqar Hac\u0131b\u0259yov \u2013 \u201cA\u015f\u0131q Q\u0259rib\u201d) obrazlar\u0131n\u0131 yarad\u0131b.\n<\/p>\n<p>\n  Az\u0259rbaycan D\u00f6vl\u0259t M\u0259d\u0259niyy\u0259t v\u0259 \u0130nc\u0259s\u0259n\u0259t Universitetind\u0259 \u201cMu\u011fam s\u0259n\u0259ti\u201d kafedras\u0131n\u0131n m\u00fcdiri v\u0259zif\u0259sind\u0259 \u00e7al\u0131\u015f\u0131r.\n<\/p>\n<p>\n  1989-cu ild\u0259 \u018fm\u0259kdar artisti, 1992-ci ild\u0259 Xalq artisti adlar\u0131na layiq g\u00f6r\u00fcl\u00fcb.<\/p>\n","protected":false},"excerpt":{"rendered":"<p>Xan\u0259nd\u0259 iki il \u00f6nc\u0259 insult ke\u00e7irib.<\/p>\n","protected":false},"author":11,"featured_media":211476,"comment_status":"closed","ping_status":"open","sticky":false,"template":"","format":"standard","meta":{"_acf_changed":false,"_sitemap_exclude":false,"_sitemap_priority":"","_sitemap_frequency":"","footnotes":""},"categories":[52],"tags":[],"class_list":["post-213401","post","type-post","status-publish","format-standard","has-post-thumbnail","hentry","category-medeniyyet","infinite-scroll-item","generate-columns","tablet-grid-50","mobile-grid-100","grid-parent","grid-33","no-featured-image-padding"],"acf":[],"yoast_head":"<!-- This site is optimized with the Yoast SEO plugin v28.4 - https:\/\/yoast.com\/product\/yoast-seo-wordpress\/ -->\n<title>Xalq artisti komaya d\u00fc\u015f\u00fcb - MEYDAN.TV<\/title>\n<meta name=\"robots\" content=\"index, follow, max-snippet:-1, max-image-preview:large, max-video-preview:-1\" \/>\n<link rel=\"canonical\" href=\"https:\/\/www.meydan.tv\/az\/article\/xalq-artisti-komaya-dusub\/\" \/>\n<meta property=\"og:locale\" content=\"az_AZ\" \/>\n<meta property=\"og:type\" content=\"article\" \/>\n<meta property=\"og:title\" content=\"Xalq artisti komaya d\u00fc\u015f\u00fcb - MEYDAN.TV\" \/>\n<meta property=\"og:description\" content=\"Xan\u0259nd\u0259 iki il \u00f6nc\u0259 insult ke\u00e7irib.\" \/>\n<meta property=\"og:url\" content=\"https:\/\/www.meydan.tv\/az\/article\/xalq-artisti-komaya-dusub\/\" \/>\n<meta property=\"og:site_name\" content=\"MEYDAN.TV\" \/>\n<meta property=\"article:published_time\" content=\"2021-10-21T13:36:03+00:00\" \/>\n<meta property=\"og:image\" content=\"https:\/\/www.meydan.tv\/wp-content\/uploads\/1583750328_ce0e5f6e-5b11-4722-9c49-248fa4cb402d.jpg\" \/>\n\t<meta property=\"og:image:width\" content=\"853\" \/>\n\t<meta property=\"og:image:height\" content=\"480\" \/>\n\t<meta property=\"og:image:type\" content=\"image\/jpeg\" \/>\n<meta name=\"twitter:card\" content=\"summary_large_image\" \/>\n<!-- \/ Yoast SEO plugin. -->","yoast_head_json":{"title":"Xalq artisti komaya d\u00fc\u015f\u00fcb - MEYDAN.TV","robots":{"index":"index","follow":"follow","max-snippet":"max-snippet:-1","max-image-preview":"max-image-preview:large","max-video-preview":"max-video-preview:-1"},"canonical":"https:\/\/www.meydan.tv\/az\/article\/xalq-artisti-komaya-dusub\/","og_locale":"az_AZ","og_type":"article","og_title":"Xalq artisti komaya d\u00fc\u015f\u00fcb - MEYDAN.TV","og_description":"Xan\u0259nd\u0259 iki il \u00f6nc\u0259 insult ke\u00e7irib.","og_url":"https:\/\/www.meydan.tv\/az\/article\/xalq-artisti-komaya-dusub\/","og_site_name":"MEYDAN.TV","article_published_time":"2021-10-21T13:36:03+00:00","og_image":[{"width":853,"height":480,"url":"https:\/\/www.meydan.tv\/wp-content\/uploads\/1583750328_ce0e5f6e-5b11-4722-9c49-248fa4cb402d.jpg","type":"image\/jpeg"}],"twitter_card":"summary_large_image","schema":{"@context":"https:\/\/schema.org","@graph":[{"@type":"Article","@id":"https:\/\/www.meydan.tv\/az\/article\/xalq-artisti-komaya-dusub\/#article","isPartOf":{"@id":"https:\/\/www.meydan.tv\/az\/article\/xalq-artisti-komaya-dusub\/"},"author":{"name":"user-manager","@id":"https:\/\/www.meydan.tv\/az\/#\/schema\/person\/10d11eccf6da3662cf5fdab9806ea91a"},"headline":"Xalq artisti komaya d\u00fc\u015f\u00fcb","datePublished":"2021-10-21T13:36:03+00:00","mainEntityOfPage":{"@id":"https:\/\/www.meydan.tv\/az\/article\/xalq-artisti-komaya-dusub\/"},"wordCount":298,"publisher":{"@id":"https:\/\/www.meydan.tv\/az\/#organization"},"image":{"@id":"https:\/\/www.meydan.tv\/az\/article\/xalq-artisti-komaya-dusub\/#primaryimage"},"thumbnailUrl":"https:\/\/www.meydan.tv\/wp-content\/uploads\/1583750328_ce0e5f6e-5b11-4722-9c49-248fa4cb402d.jpg","articleSection":["M\u0259d\u0259niyy\u0259t"],"inLanguage":"az"},{"@type":"WebPage","@id":"https:\/\/www.meydan.tv\/az\/article\/xalq-artisti-komaya-dusub\/","url":"https:\/\/www.meydan.tv\/az\/article\/xalq-artisti-komaya-dusub\/","name":"Xalq artisti komaya d\u00fc\u015f\u00fcb - MEYDAN.TV","isPartOf":{"@id":"https:\/\/www.meydan.tv\/az\/#website"},"primaryImageOfPage":{"@id":"https:\/\/www.meydan.tv\/az\/article\/xalq-artisti-komaya-dusub\/#primaryimage"},"image":{"@id":"https:\/\/www.meydan.tv\/az\/article\/xalq-artisti-komaya-dusub\/#primaryimage"},"thumbnailUrl":"https:\/\/www.meydan.tv\/wp-content\/uploads\/1583750328_ce0e5f6e-5b11-4722-9c49-248fa4cb402d.jpg","datePublished":"2021-10-21T13:36:03+00:00","breadcrumb":{"@id":"https:\/\/www.meydan.tv\/az\/article\/xalq-artisti-komaya-dusub\/#breadcrumb"},"inLanguage":"az","potentialAction":[{"@type":"ReadAction","target":["https:\/\/www.meydan.tv\/az\/article\/xalq-artisti-komaya-dusub\/"]}]},{"@type":"ImageObject","inLanguage":"az","@id":"https:\/\/www.meydan.tv\/az\/article\/xalq-artisti-komaya-dusub\/#primaryimage","url":"https:\/\/www.meydan.tv\/wp-content\/uploads\/1583750328_ce0e5f6e-5b11-4722-9c49-248fa4cb402d.jpg","contentUrl":"https:\/\/www.meydan.tv\/wp-content\/uploads\/1583750328_ce0e5f6e-5b11-4722-9c49-248fa4cb402d.jpg","width":853,"height":480,"caption":"Source: Specify Source"},{"@type":"BreadcrumbList","@id":"https:\/\/www.meydan.tv\/az\/article\/xalq-artisti-komaya-dusub\/#breadcrumb","itemListElement":[{"@type":"ListItem","position":1,"name":"Ana s\u0259hif\u0259","item":"https:\/\/www.meydan.tv\/az\/"},{"@type":"ListItem","position":2,"name":"M\u0259d\u0259niyy\u0259t","item":"https:\/\/www.meydan.tv\/az\/section\/medeniyyet\/"},{"@type":"ListItem","position":3,"name":"Xalq artisti komaya d\u00fc\u015f\u00fcb"}]},{"@type":"WebSite","@id":"https:\/\/www.meydan.tv\/az\/#website","url":"https:\/\/www.meydan.tv\/az\/","name":"MEYDAN.TV","description":"Meydan TV Az\u0259rbaycan\u0131n media m\u0259kan\u0131ndak\u0131 alternativ s\u0259sidir","publisher":{"@id":"https:\/\/www.meydan.tv\/az\/#organization"},"potentialAction":[{"@type":"SearchAction","target":{"@type":"EntryPoint","urlTemplate":"https:\/\/www.meydan.tv\/az\/?s={search_term_string}"},"query-input":{"@type":"PropertyValueSpecification","valueRequired":true,"valueName":"search_term_string"}}],"inLanguage":"az"},{"@type":"Organization","@id":"https:\/\/www.meydan.tv\/az\/#organization","name":"Meydan TV","url":"https:\/\/www.meydan.tv\/az\/","logo":{"@type":"ImageObject","inLanguage":"az","@id":"https:\/\/www.meydan.tv\/az\/#\/schema\/logo\/image\/","url":"https:\/\/www.meydan.tv\/wp-content\/uploads\/2021\/07\/meydan-logo.svg","contentUrl":"https:\/\/www.meydan.tv\/wp-content\/uploads\/2021\/07\/meydan-logo.svg","width":195,"height":46,"caption":"Meydan TV"},"image":{"@id":"https:\/\/www.meydan.tv\/az\/#\/schema\/logo\/image\/"}},{"@type":"Person","@id":"https:\/\/www.meydan.tv\/az\/#\/schema\/person\/10d11eccf6da3662cf5fdab9806ea91a","name":"user-manager"}]}},"_links":{"self":[{"href":"https:\/\/www.meydan.tv\/az\/wp-json\/wp\/v2\/posts\/213401","targetHints":{"allow":["GET"]}}],"collection":[{"href":"https:\/\/www.meydan.tv\/az\/wp-json\/wp\/v2\/posts"}],"about":[{"href":"https:\/\/www.meydan.tv\/az\/wp-json\/wp\/v2\/types\/post"}],"author":[{"embeddable":true,"href":"https:\/\/www.meydan.tv\/az\/wp-json\/wp\/v2\/users\/11"}],"replies":[{"embeddable":true,"href":"https:\/\/www.meydan.tv\/az\/wp-json\/wp\/v2\/comments?post=213401"}],"version-history":[{"count":0,"href":"https:\/\/www.meydan.tv\/az\/wp-json\/wp\/v2\/posts\/213401\/revisions"}],"wp:featuredmedia":[{"embeddable":true,"href":"https:\/\/www.meydan.tv\/az\/wp-json\/wp\/v2\/media\/211476"}],"wp:attachment":[{"href":"https:\/\/www.meydan.tv\/az\/wp-json\/wp\/v2\/media?parent=213401"}],"wp:term":[{"taxonomy":"category","embeddable":true,"href":"https:\/\/www.meydan.tv\/az\/wp-json\/wp\/v2\/categories?post=213401"},{"taxonomy":"post_tag","embeddable":true,"href":"https:\/\/www.meydan.tv\/az\/wp-json\/wp\/v2\/tags?post=213401"}],"curies":[{"name":"wp","href":"https:\/\/api.w.org\/{rel}","templated":true}]}}