{"id":213392,"date":"2021-10-20T17:52:19","date_gmt":"2021-10-20T17:52:19","guid":{"rendered":"https:\/\/www.meydan.tv\/article\/yuksek-iqtisadi-artimlarin-tesiri-budce-gelirlerinde-de-ozunu-gostermeyib\/"},"modified":"2021-10-20T17:52:19","modified_gmt":"2021-10-20T17:52:19","slug":"yuksek-iqtisadi-artimlarin-tesiri-budce-gelirlerinde-de-ozunu-gostermeyib","status":"publish","type":"post","link":"https:\/\/www.meydan.tv\/az\/article\/yuksek-iqtisadi-artimlarin-tesiri-budce-gelirlerinde-de-ozunu-gostermeyib\/","title":{"rendered":"\u201cY\u00fcks\u0259k iqtisadi art\u0131mlar\u0131n t\u0259siri b\u00fcdc\u0259 g\u0259lirl\u0259rind\u0259 d\u0259 \u00f6z\u00fcn\u00fc g\u00f6st\u0259rm\u0259yib\u201d"},"content":{"rendered":"<p>\n  <i><br \/>\n    R\u0259smi r\u0259q\u0259ml\u0259r iqtisadiyyat\u0131n artd\u0131\u011f\u0131n\u0131 des\u0259 d\u0259, ekspert bunun \u0259halinin rifah\u0131na pozitiv t\u0259sirl\u0259rini g\u00f6rm\u00fcr<br \/>\n  <\/i>\n<\/p>\n<p>\n  R\u0259smi r\u0259q\u0259ml\u0259r g\u00f6st\u0259rir ki, \u00f6lk\u0259 iqtisadiyyat\u0131 bu ilin 9 ay\u0131nda 4,8 faiz art\u0131b.\n<\/p>\n<p>\n  D\u00f6vl\u0259t Statistika Komit\u0259sinin (DSK)<br \/>\n  <a href=\"https:\/\/www.stat.gov.az\/news\/index.php?id=5032\"><br \/>\n    m\u0259lumat\u0131nda<br \/>\n  <\/a><br \/>\n  bildirilir ki, bu ilin yanvar-sentyabr aylar\u0131nda \u00f6lk\u0259d\u0259 62877,4 milyon manatl\u0131q v\u0259 ya \u0259vv\u0259lki ilin eyni d\u00f6vr\u00fc il\u0259 m\u00fcqayis\u0259d\u0259 4,8 faiz \u00e7ox \u00fcmumi daxili m\u0259hsul istehsal olunub.\n<\/p>\n<p>\n  \u0130qtisadiyyat\u0131n neft-qaz sektorunda \u0259lav\u0259 d\u0259y\u0259r 1,4, qeyri neft-qaz sektorunda is\u0259 6,2 faiz art\u0131b.\n<\/p>\n<p>\n  \u201c\u00dcDM istehsal\u0131n\u0131n 40,1 faizi s\u0259naye, 10,3 faizi ticar\u0259t; n\u0259qliyyat vasit\u0259l\u0259rinin t\u0259miri, 7,1 faizi n\u0259qliyyat v\u0259 anbar t\u0259s\u0259rr\u00fcfat\u0131, 6,9 faizi k\u0259nd t\u0259s\u0259rr\u00fcfat\u0131, me\u015f\u0259 t\u0259s\u0259rr\u00fcfat\u0131 v\u0259 bal\u0131q\u00e7\u0131l\u0131q, 5,2 faizi tikinti, 1,8 faizi informasiya v\u0259 rabit\u0259, 1,1 faizi turistl\u0259rin yerl\u0259\u015fdirilm\u0259si v\u0259 ictimai ia\u015f\u0259 sah\u0259l\u0259rinin, 18,4 faizi dig\u0259r sah\u0259l\u0259rin pay\u0131na d\u00fc\u015f\u00fcb. M\u0259hsula v\u0259 idxala xalis vergil\u0259r \u00dcDM-in 9,1 faizini t\u0259\u015fkil edib\u201d, &#8211; m\u0259lumatda deyilir.\n<\/p>\n<p>\n  DSK \u0259lav\u0259 edir ki, \u0259halinin h\u0259r n\u0259f\u0259rin\u0259 d\u00fc\u015f\u0259n \u00dcDM 6279,0 manata b\u0259rab\u0259r olub.\n<\/p>\n<p>\n  \u0130qtisad\u00e7\u0131 R\u00f6v\u015f\u0259n A\u011fayev komit\u0259nin a\u00e7\u0131qlad\u0131\u011f\u0131 r\u0259q\u0259ml\u0259ri hesablay\u0131b. Deyir, bel\u0259 \u00e7\u0131x\u0131r ki, ilin sonunad\u0259k haz\u0131rk\u0131 art\u0131m qalsa, g\u0259l\u0259n il is\u0259 iqtisadiyyat \u0259n az\u0131 2 faiz artsa, 2022-ci ilin sonunda iqtisadiyyat\u0131n miqyas\u0131 2019-cu ild\u0259ki s\u0259viyy\u0259y\u0259 \u00e7atacaq. \u00c7\u00fcnki 2020-ci ild\u0259ki azalma kifay\u0259t q\u0259d\u0259r y\u00fcks\u0259k olub:\n<\/p>\n<p>\n  \u201cDig\u0259r t\u0259r\u0259fd\u0259n, haz\u0131rk\u0131 art\u0131m y\u00fcks\u0259k olsa da, \u0259halinin rifah\u0131 bu art\u0131mdan pozitiv t\u0259sirl\u0259r g\u00f6rm\u00fcr. \u00c7\u00fcnki \u0259halinin h\u0259r n\u0259f\u0259ri hesab\u0131 il\u0259 nominal g\u0259lirl\u0259ri c\u0259mi 1.5 faiz, orta ayl\u0131q nominal \u0259m\u0259k haqq\u0131 2.2 faiz artd\u0131\u011f\u0131 halda, inflyasiya 5.2 faiz\u0259 \u00e7at\u0131b. Bu, o dem\u0259kdir ki, \u0259halinin real g\u0259lirl\u0259ri 3.5 faiz\u0259 yax\u0131n azal\u0131b\u201d.\n<\/p>\n<p>\n  \u0130qtisad\u00e7\u0131 bildirir ki, daha sad\u0259 dill\u0259 deyils\u0259, orta statistik az\u0259rbaycanl\u0131n\u0131n nominal g\u0259lirl\u0259ri \u00f6t\u0259n il\u0259 nisb\u0259t\u0259n 3.5 faiz daha az istehlak\u0131 t\u0259min edir:\n<\/p>\n<p>\n  \u201cY\u00fcks\u0259k iqtisadi art\u0131mlar\u0131n t\u0259siri b\u00fcdc\u0259 g\u0259lirl\u0259rind\u0259 d\u0259 \u00f6z\u00fcn\u00fc g\u00f6st\u0259rm\u0259yib. \u00d6t\u0259n ilin eyni d\u00f6vr\u00fcn\u0259 nisb\u0259t\u0259n 9 ayda b\u00fcdc\u0259 m\u0259daxili 0.5 faiz azal\u0131b. Y\u0259ni iqtisadi art\u0131m \u00f6z-\u00f6z\u00fcn\u0259 m\u0259qs\u0259d deyil. Bu b\u00f6y\u00fcm\u0259 ilk n\u00f6vb\u0259d\u0259 c\u0259miyy\u0259tin rifah\u0131nda \u00f6z\u00fcn\u00fc g\u00f6st\u0259rm\u0259lidir\u201d.\n<\/p>\n<p>\n  \u00d6n\u0259mli m\u0259qamlardan biri d\u0259 qeyri-neft s\u0259nayesind\u0259ki y\u00fcks\u0259k iqtisadi art\u0131m\u0131n n\u0259 d\u0259r\u0259c\u0259d\u0259 \u00f6z\u0259l biznes hesab\u0131na ba\u015f verm\u0259sidir. R\u00f6v\u015f\u0259n A\u011fayev deyir ki, bu art\u0131m\u0131n inkl\u00fcziv olmas\u0131, iqtisadiyyat\u0131n sah\u0259 v\u0259 m\u0259\u015f\u011fulluq strukturu bax\u0131m\u0131ndan b\u00fct\u00fcn seqmentl\u0259rd\u0259n qaynaqlanmas\u0131 \u00e7ox \u00f6n\u0259mlidir:\n<\/p>\n<p>\n  \u201cT\u0259\u0259ss\u00fcf ki, m\u00f6vcud statistika \u00f6z\u0259l v\u0259 d\u00f6vl\u0259t sektoru \u00fczr\u0259 iqtisadi art\u0131m tempini a\u00e7\u0131qlam\u0131r. Lakin b\u0259zi a\u00e7\u0131q m\u0259lumatlar m\u0259nz\u0259r\u0259ni m\u00fc\u0259yy\u0259n q\u0259d\u0259r g\u00f6rm\u0259y\u0259 imkan verir. M\u0259s\u0259l\u0259n, qida s\u0259nayesi \u0259sas\u0259n \u00f6z\u0259l sektora aiddir. Bu seqmentd\u0259 ist\u0259r \u0259ks\u0259r m\u0259hsul n\u00f6vl\u0259ri \u00fczr\u0259 natural ifad\u0259d\u0259, ist\u0259rs\u0259 d\u0259 seqment \u00fczr\u0259 d\u0259y\u0259r ifad\u0259sind\u0259 art\u0131mlar qeyri-neft s\u0259nayesind\u0259 yaranan \u0259lav\u0259 d\u0259y\u0259rin art\u0131m tempind\u0259n \u0259h\u0259miyy\u0259tli d\u0259r\u0259c\u0259d\u0259 geri qal\u0131r\u201d.\n<\/p>\n<p>\n  R\u00f6v\u015f\u0259n A\u011fayev bildirir ki, b\u0259zi m\u0259hsul n\u00f6vl\u0259rinin istehsal\u0131nda k\u0259skin azalmalar var. Amma, m\u0259s\u0259l\u0259n, \u0259sas\u0259n d\u00f6vl\u0259t sektoruna aid olan kimya s\u0259nayesind\u0259 \u00e7ox y\u00fcks\u0259k art\u0131m (88 faiz) qeyd\u0259 al\u0131n\u0131b:\n<\/p>\n<p>\n  \u201c\u015e\u00fcbh\u0259siz ki, qeyri-neft s\u0259nayesind\u0259 bu seqment \u00fczr\u0259 art\u0131m\u0131n t\u0259siri h\u0259lledici olub\u201d.\n<\/p>\n<p>\n  \u018fn son a\u00e7\u0131qlanan r\u0259smi statistikada yoxsulluq g\u00f6st\u0259ricisind\u0259 art\u0131m m\u00fc\u015fahid\u0259 edilib. 2019-cu ild\u0259 r\u0259smi r\u0259q\u0259ml\u0259r \u00f6lk\u0259 \u0259halisinin 4.8 faizinin yoxsul oldu\u011funu bildirirdis\u0259, 2021-ci ilin \u0259vv\u0259lind\u0259 bu r\u0259q\u0259m 6.2 faiz\u0259 y\u00fcks\u0259lib. Y\u0259ni, 1 il \u0259rzind\u0259 yoxsul say\u0131lan \u015f\u0259xsl\u0259rin say\u0131 30 faiz\u0259 yax\u0131n art\u0131b. Bu, h\u0259m d\u0259 2011-ci ild\u0259n sonra yoxsullu\u011fun s\u0259viyy\u0259sinin \u00e7atd\u0131\u011f\u0131 \u0259n y\u00fcks\u0259k h\u0259ddir. Ya\u015fan\u0131lan ilin \u0259vv\u0259lind\u0259 \u00f6lk\u0259 \u0259halisinin t\u0259xmin\u0259n 10 milyon 120 min n\u0259f\u0259r oldu\u011funu n\u0259z\u0259r\u0259 alsaq, dem\u0259li, h\u00f6kum\u0259t meyarlar\u0131na g\u00f6r\u0259, \u00f6lk\u0259d\u0259 t\u0259xmin\u0259n 630 min yoxsul \u015f\u0259xs var.\n<\/p>\n<p>\n  M\u00fcst\u0259qil ekspertl\u0259r, iqtisad\u00e7\u0131lar ad\u0259t\u0259n DSK-n\u0131n a\u00e7\u0131qlad\u0131\u011f\u0131 r\u0259q\u0259ml\u0259rl\u0259 raz\u0131la\u015fm\u0131rlar. Bu r\u0259q\u0259ml\u0259rin b\u0259zi m\u0259s\u0259l\u0259l\u0259rd\u0259 \u015fi\u015firdilmi\u015f, b\u0259zil\u0259rind\u0259 is\u0259 azald\u0131lm\u0131\u015f oldu\u011funu deyirl\u0259r.\n<\/p>\n<p>\n  M\u0259s\u0259l\u0259n, r\u0259smi r\u0259q\u0259ml\u0259rd\u0259 2019-cu ild\u0259 yoxsulluq faizi 4,8 faizdir. Ancaq D\u00fcnya Bank\u0131n\u0131n hesabat\u0131nda h\u0259min il Az\u0259rbaycanda yoxsulluq g\u00f6st\u0259ricisinin h\u00f6kum\u0259tin a\u00e7\u0131qlad\u0131\u011f\u0131 r\u0259q\u0259md\u0259n t\u0259xmin\u0259n be\u015f d\u0259f\u0259 \u00e7ox &#8211; 24 faiz oldu\u011funu a\u00e7\u0131qlam\u0131\u015fd\u0131.<\/p>\n","protected":false},"excerpt":{"rendered":"<p>R\u0259smi r\u0259q\u0259ml\u0259r iqtisadiyyat\u0131n artd\u0131\u011f\u0131n\u0131 des\u0259 d\u0259, ekspert bunun \u0259halinin rifah\u0131na pozitiv t\u0259sirl\u0259rini g\u00f6rm\u00fcr<\/p>\n","protected":false},"author":11,"featured_media":210010,"comment_status":"closed","ping_status":"open","sticky":false,"template":"","format":"standard","meta":{"_acf_changed":false,"_sitemap_exclude":false,"_sitemap_priority":"","_sitemap_frequency":"","footnotes":""},"categories":[56],"tags":[],"class_list":["post-213392","post","type-post","status-publish","format-standard","has-post-thumbnail","hentry","category-xeberler","infinite-scroll-item","generate-columns","tablet-grid-50","mobile-grid-100","grid-parent","grid-33","no-featured-image-padding"],"acf":[],"yoast_head":"<!-- This site is optimized with the Yoast SEO plugin v27.5 - https:\/\/yoast.com\/product\/yoast-seo-wordpress\/ -->\n<title>\u201cY\u00fcks\u0259k iqtisadi art\u0131mlar\u0131n t\u0259siri b\u00fcdc\u0259 g\u0259lirl\u0259rind\u0259 d\u0259 \u00f6z\u00fcn\u00fc g\u00f6st\u0259rm\u0259yib\u201d - MEYDAN.TV<\/title>\n<meta name=\"robots\" content=\"index, follow, max-snippet:-1, max-image-preview:large, max-video-preview:-1\" \/>\n<link rel=\"canonical\" href=\"https:\/\/www.meydan.tv\/az\/article\/yuksek-iqtisadi-artimlarin-tesiri-budce-gelirlerinde-de-ozunu-gostermeyib\/\" \/>\n<meta property=\"og:locale\" content=\"az_AZ\" \/>\n<meta property=\"og:type\" content=\"article\" \/>\n<meta property=\"og:title\" content=\"\u201cY\u00fcks\u0259k iqtisadi art\u0131mlar\u0131n t\u0259siri b\u00fcdc\u0259 g\u0259lirl\u0259rind\u0259 d\u0259 \u00f6z\u00fcn\u00fc g\u00f6st\u0259rm\u0259yib\u201d - MEYDAN.TV\" \/>\n<meta property=\"og:description\" content=\"R\u0259smi r\u0259q\u0259ml\u0259r iqtisadiyyat\u0131n artd\u0131\u011f\u0131n\u0131 des\u0259 d\u0259, ekspert bunun \u0259halinin rifah\u0131na pozitiv t\u0259sirl\u0259rini g\u00f6rm\u00fcr\" \/>\n<meta property=\"og:url\" content=\"https:\/\/www.meydan.tv\/az\/article\/yuksek-iqtisadi-artimlarin-tesiri-budce-gelirlerinde-de-ozunu-gostermeyib\/\" \/>\n<meta property=\"og:site_name\" content=\"MEYDAN.TV\" \/>\n<meta property=\"article:published_time\" content=\"2021-10-20T17:52:19+00:00\" \/>\n<meta property=\"og:image\" content=\"https:\/\/www.meydan.tv\/wp-content\/uploads\/image_from_ios_177-scaled.jpg\" \/>\n\t<meta property=\"og:image:width\" content=\"2560\" \/>\n\t<meta property=\"og:image:height\" content=\"1707\" \/>\n\t<meta property=\"og:image:type\" content=\"image\/jpeg\" \/>\n<meta name=\"author\" content=\"user-manager\" \/>\n<meta name=\"twitter:card\" content=\"summary_large_image\" \/>\n<script type=\"application\/ld+json\" class=\"yoast-schema-graph\">{\"@context\":\"https:\\\/\\\/schema.org\",\"@graph\":[{\"@type\":\"Article\",\"@id\":\"https:\\\/\\\/www.meydan.tv\\\/az\\\/article\\\/yuksek-iqtisadi-artimlarin-tesiri-budce-gelirlerinde-de-ozunu-gostermeyib\\\/#article\",\"isPartOf\":{\"@id\":\"https:\\\/\\\/www.meydan.tv\\\/az\\\/article\\\/yuksek-iqtisadi-artimlarin-tesiri-budce-gelirlerinde-de-ozunu-gostermeyib\\\/\"},\"author\":{\"name\":\"user-manager\",\"@id\":\"https:\\\/\\\/www.meydan.tv\\\/az\\\/#\\\/schema\\\/person\\\/10d11eccf6da3662cf5fdab9806ea91a\"},\"headline\":\"\u201cY\u00fcks\u0259k iqtisadi art\u0131mlar\u0131n t\u0259siri b\u00fcdc\u0259 g\u0259lirl\u0259rind\u0259 d\u0259 \u00f6z\u00fcn\u00fc g\u00f6st\u0259rm\u0259yib\u201d\",\"datePublished\":\"2021-10-20T17:52:19+00:00\",\"mainEntityOfPage\":{\"@id\":\"https:\\\/\\\/www.meydan.tv\\\/az\\\/article\\\/yuksek-iqtisadi-artimlarin-tesiri-budce-gelirlerinde-de-ozunu-gostermeyib\\\/\"},\"wordCount\":917,\"publisher\":{\"@id\":\"https:\\\/\\\/www.meydan.tv\\\/az\\\/#organization\"},\"image\":{\"@id\":\"https:\\\/\\\/www.meydan.tv\\\/az\\\/article\\\/yuksek-iqtisadi-artimlarin-tesiri-budce-gelirlerinde-de-ozunu-gostermeyib\\\/#primaryimage\"},\"thumbnailUrl\":\"https:\\\/\\\/www.meydan.tv\\\/wp-content\\\/uploads\\\/image_from_ios_177-scaled.jpg\",\"articleSection\":[\"X\u0259b\u0259rl\u0259r\"],\"inLanguage\":\"az\"},{\"@type\":\"WebPage\",\"@id\":\"https:\\\/\\\/www.meydan.tv\\\/az\\\/article\\\/yuksek-iqtisadi-artimlarin-tesiri-budce-gelirlerinde-de-ozunu-gostermeyib\\\/\",\"url\":\"https:\\\/\\\/www.meydan.tv\\\/az\\\/article\\\/yuksek-iqtisadi-artimlarin-tesiri-budce-gelirlerinde-de-ozunu-gostermeyib\\\/\",\"name\":\"\u201cY\u00fcks\u0259k iqtisadi art\u0131mlar\u0131n t\u0259siri b\u00fcdc\u0259 g\u0259lirl\u0259rind\u0259 d\u0259 \u00f6z\u00fcn\u00fc g\u00f6st\u0259rm\u0259yib\u201d - MEYDAN.TV\",\"isPartOf\":{\"@id\":\"https:\\\/\\\/www.meydan.tv\\\/az\\\/#website\"},\"primaryImageOfPage\":{\"@id\":\"https:\\\/\\\/www.meydan.tv\\\/az\\\/article\\\/yuksek-iqtisadi-artimlarin-tesiri-budce-gelirlerinde-de-ozunu-gostermeyib\\\/#primaryimage\"},\"image\":{\"@id\":\"https:\\\/\\\/www.meydan.tv\\\/az\\\/article\\\/yuksek-iqtisadi-artimlarin-tesiri-budce-gelirlerinde-de-ozunu-gostermeyib\\\/#primaryimage\"},\"thumbnailUrl\":\"https:\\\/\\\/www.meydan.tv\\\/wp-content\\\/uploads\\\/image_from_ios_177-scaled.jpg\",\"datePublished\":\"2021-10-20T17:52:19+00:00\",\"breadcrumb\":{\"@id\":\"https:\\\/\\\/www.meydan.tv\\\/az\\\/article\\\/yuksek-iqtisadi-artimlarin-tesiri-budce-gelirlerinde-de-ozunu-gostermeyib\\\/#breadcrumb\"},\"inLanguage\":\"az\",\"potentialAction\":[{\"@type\":\"ReadAction\",\"target\":[\"https:\\\/\\\/www.meydan.tv\\\/az\\\/article\\\/yuksek-iqtisadi-artimlarin-tesiri-budce-gelirlerinde-de-ozunu-gostermeyib\\\/\"]}]},{\"@type\":\"ImageObject\",\"inLanguage\":\"az\",\"@id\":\"https:\\\/\\\/www.meydan.tv\\\/az\\\/article\\\/yuksek-iqtisadi-artimlarin-tesiri-budce-gelirlerinde-de-ozunu-gostermeyib\\\/#primaryimage\",\"url\":\"https:\\\/\\\/www.meydan.tv\\\/wp-content\\\/uploads\\\/image_from_ios_177-scaled.jpg\",\"contentUrl\":\"https:\\\/\\\/www.meydan.tv\\\/wp-content\\\/uploads\\\/image_from_ios_177-scaled.jpg\",\"width\":2560,\"height\":1707,\"caption\":\"R\u00f6v\u015f\u0259n A\u011fayev, foto: Meydan TV\"},{\"@type\":\"BreadcrumbList\",\"@id\":\"https:\\\/\\\/www.meydan.tv\\\/az\\\/article\\\/yuksek-iqtisadi-artimlarin-tesiri-budce-gelirlerinde-de-ozunu-gostermeyib\\\/#breadcrumb\",\"itemListElement\":[{\"@type\":\"ListItem\",\"position\":1,\"name\":\"Ana s\u0259hif\u0259\",\"item\":\"https:\\\/\\\/www.meydan.tv\\\/az\\\/\"},{\"@type\":\"ListItem\",\"position\":2,\"name\":\"X\u0259b\u0259rl\u0259r\",\"item\":\"https:\\\/\\\/www.meydan.tv\\\/az\\\/section\\\/xeberler\\\/\"},{\"@type\":\"ListItem\",\"position\":3,\"name\":\"\u201cY\u00fcks\u0259k iqtisadi art\u0131mlar\u0131n t\u0259siri b\u00fcdc\u0259 g\u0259lirl\u0259rind\u0259 d\u0259 \u00f6z\u00fcn\u00fc g\u00f6st\u0259rm\u0259yib\u201d\"}]},{\"@type\":\"WebSite\",\"@id\":\"https:\\\/\\\/www.meydan.tv\\\/az\\\/#website\",\"url\":\"https:\\\/\\\/www.meydan.tv\\\/az\\\/\",\"name\":\"MEYDAN.TV\",\"description\":\"Meydan TV Az\u0259rbaycan\u0131n media m\u0259kan\u0131ndak\u0131 alternativ s\u0259sidir\",\"publisher\":{\"@id\":\"https:\\\/\\\/www.meydan.tv\\\/az\\\/#organization\"},\"potentialAction\":[{\"@type\":\"SearchAction\",\"target\":{\"@type\":\"EntryPoint\",\"urlTemplate\":\"https:\\\/\\\/www.meydan.tv\\\/az\\\/?s={search_term_string}\"},\"query-input\":{\"@type\":\"PropertyValueSpecification\",\"valueRequired\":true,\"valueName\":\"search_term_string\"}}],\"inLanguage\":\"az\"},{\"@type\":\"Organization\",\"@id\":\"https:\\\/\\\/www.meydan.tv\\\/az\\\/#organization\",\"name\":\"Meydan TV\",\"url\":\"https:\\\/\\\/www.meydan.tv\\\/az\\\/\",\"logo\":{\"@type\":\"ImageObject\",\"inLanguage\":\"az\",\"@id\":\"https:\\\/\\\/www.meydan.tv\\\/az\\\/#\\\/schema\\\/logo\\\/image\\\/\",\"url\":\"https:\\\/\\\/www.meydan.tv\\\/wp-content\\\/uploads\\\/2021\\\/07\\\/meydan-logo.svg\",\"contentUrl\":\"https:\\\/\\\/www.meydan.tv\\\/wp-content\\\/uploads\\\/2021\\\/07\\\/meydan-logo.svg\",\"width\":195,\"height\":46,\"caption\":\"Meydan TV\"},\"image\":{\"@id\":\"https:\\\/\\\/www.meydan.tv\\\/az\\\/#\\\/schema\\\/logo\\\/image\\\/\"}},{\"@type\":\"Person\",\"@id\":\"https:\\\/\\\/www.meydan.tv\\\/az\\\/#\\\/schema\\\/person\\\/10d11eccf6da3662cf5fdab9806ea91a\",\"name\":\"user-manager\"}]}<\/script>\n<!-- \/ Yoast SEO plugin. -->","yoast_head_json":{"title":"\u201cY\u00fcks\u0259k iqtisadi art\u0131mlar\u0131n t\u0259siri b\u00fcdc\u0259 g\u0259lirl\u0259rind\u0259 d\u0259 \u00f6z\u00fcn\u00fc g\u00f6st\u0259rm\u0259yib\u201d - MEYDAN.TV","robots":{"index":"index","follow":"follow","max-snippet":"max-snippet:-1","max-image-preview":"max-image-preview:large","max-video-preview":"max-video-preview:-1"},"canonical":"https:\/\/www.meydan.tv\/az\/article\/yuksek-iqtisadi-artimlarin-tesiri-budce-gelirlerinde-de-ozunu-gostermeyib\/","og_locale":"az_AZ","og_type":"article","og_title":"\u201cY\u00fcks\u0259k iqtisadi art\u0131mlar\u0131n t\u0259siri b\u00fcdc\u0259 g\u0259lirl\u0259rind\u0259 d\u0259 \u00f6z\u00fcn\u00fc g\u00f6st\u0259rm\u0259yib\u201d - MEYDAN.TV","og_description":"R\u0259smi r\u0259q\u0259ml\u0259r iqtisadiyyat\u0131n artd\u0131\u011f\u0131n\u0131 des\u0259 d\u0259, ekspert bunun \u0259halinin rifah\u0131na pozitiv t\u0259sirl\u0259rini g\u00f6rm\u00fcr","og_url":"https:\/\/www.meydan.tv\/az\/article\/yuksek-iqtisadi-artimlarin-tesiri-budce-gelirlerinde-de-ozunu-gostermeyib\/","og_site_name":"MEYDAN.TV","article_published_time":"2021-10-20T17:52:19+00:00","og_image":[{"width":2560,"height":1707,"url":"https:\/\/www.meydan.tv\/wp-content\/uploads\/image_from_ios_177-scaled.jpg","type":"image\/jpeg"}],"author":"user-manager","twitter_card":"summary_large_image","schema":{"@context":"https:\/\/schema.org","@graph":[{"@type":"Article","@id":"https:\/\/www.meydan.tv\/az\/article\/yuksek-iqtisadi-artimlarin-tesiri-budce-gelirlerinde-de-ozunu-gostermeyib\/#article","isPartOf":{"@id":"https:\/\/www.meydan.tv\/az\/article\/yuksek-iqtisadi-artimlarin-tesiri-budce-gelirlerinde-de-ozunu-gostermeyib\/"},"author":{"name":"user-manager","@id":"https:\/\/www.meydan.tv\/az\/#\/schema\/person\/10d11eccf6da3662cf5fdab9806ea91a"},"headline":"\u201cY\u00fcks\u0259k iqtisadi art\u0131mlar\u0131n t\u0259siri b\u00fcdc\u0259 g\u0259lirl\u0259rind\u0259 d\u0259 \u00f6z\u00fcn\u00fc g\u00f6st\u0259rm\u0259yib\u201d","datePublished":"2021-10-20T17:52:19+00:00","mainEntityOfPage":{"@id":"https:\/\/www.meydan.tv\/az\/article\/yuksek-iqtisadi-artimlarin-tesiri-budce-gelirlerinde-de-ozunu-gostermeyib\/"},"wordCount":917,"publisher":{"@id":"https:\/\/www.meydan.tv\/az\/#organization"},"image":{"@id":"https:\/\/www.meydan.tv\/az\/article\/yuksek-iqtisadi-artimlarin-tesiri-budce-gelirlerinde-de-ozunu-gostermeyib\/#primaryimage"},"thumbnailUrl":"https:\/\/www.meydan.tv\/wp-content\/uploads\/image_from_ios_177-scaled.jpg","articleSection":["X\u0259b\u0259rl\u0259r"],"inLanguage":"az"},{"@type":"WebPage","@id":"https:\/\/www.meydan.tv\/az\/article\/yuksek-iqtisadi-artimlarin-tesiri-budce-gelirlerinde-de-ozunu-gostermeyib\/","url":"https:\/\/www.meydan.tv\/az\/article\/yuksek-iqtisadi-artimlarin-tesiri-budce-gelirlerinde-de-ozunu-gostermeyib\/","name":"\u201cY\u00fcks\u0259k iqtisadi art\u0131mlar\u0131n t\u0259siri b\u00fcdc\u0259 g\u0259lirl\u0259rind\u0259 d\u0259 \u00f6z\u00fcn\u00fc g\u00f6st\u0259rm\u0259yib\u201d - MEYDAN.TV","isPartOf":{"@id":"https:\/\/www.meydan.tv\/az\/#website"},"primaryImageOfPage":{"@id":"https:\/\/www.meydan.tv\/az\/article\/yuksek-iqtisadi-artimlarin-tesiri-budce-gelirlerinde-de-ozunu-gostermeyib\/#primaryimage"},"image":{"@id":"https:\/\/www.meydan.tv\/az\/article\/yuksek-iqtisadi-artimlarin-tesiri-budce-gelirlerinde-de-ozunu-gostermeyib\/#primaryimage"},"thumbnailUrl":"https:\/\/www.meydan.tv\/wp-content\/uploads\/image_from_ios_177-scaled.jpg","datePublished":"2021-10-20T17:52:19+00:00","breadcrumb":{"@id":"https:\/\/www.meydan.tv\/az\/article\/yuksek-iqtisadi-artimlarin-tesiri-budce-gelirlerinde-de-ozunu-gostermeyib\/#breadcrumb"},"inLanguage":"az","potentialAction":[{"@type":"ReadAction","target":["https:\/\/www.meydan.tv\/az\/article\/yuksek-iqtisadi-artimlarin-tesiri-budce-gelirlerinde-de-ozunu-gostermeyib\/"]}]},{"@type":"ImageObject","inLanguage":"az","@id":"https:\/\/www.meydan.tv\/az\/article\/yuksek-iqtisadi-artimlarin-tesiri-budce-gelirlerinde-de-ozunu-gostermeyib\/#primaryimage","url":"https:\/\/www.meydan.tv\/wp-content\/uploads\/image_from_ios_177-scaled.jpg","contentUrl":"https:\/\/www.meydan.tv\/wp-content\/uploads\/image_from_ios_177-scaled.jpg","width":2560,"height":1707,"caption":"R\u00f6v\u015f\u0259n A\u011fayev, foto: Meydan TV"},{"@type":"BreadcrumbList","@id":"https:\/\/www.meydan.tv\/az\/article\/yuksek-iqtisadi-artimlarin-tesiri-budce-gelirlerinde-de-ozunu-gostermeyib\/#breadcrumb","itemListElement":[{"@type":"ListItem","position":1,"name":"Ana s\u0259hif\u0259","item":"https:\/\/www.meydan.tv\/az\/"},{"@type":"ListItem","position":2,"name":"X\u0259b\u0259rl\u0259r","item":"https:\/\/www.meydan.tv\/az\/section\/xeberler\/"},{"@type":"ListItem","position":3,"name":"\u201cY\u00fcks\u0259k iqtisadi art\u0131mlar\u0131n t\u0259siri b\u00fcdc\u0259 g\u0259lirl\u0259rind\u0259 d\u0259 \u00f6z\u00fcn\u00fc g\u00f6st\u0259rm\u0259yib\u201d"}]},{"@type":"WebSite","@id":"https:\/\/www.meydan.tv\/az\/#website","url":"https:\/\/www.meydan.tv\/az\/","name":"MEYDAN.TV","description":"Meydan TV Az\u0259rbaycan\u0131n media m\u0259kan\u0131ndak\u0131 alternativ s\u0259sidir","publisher":{"@id":"https:\/\/www.meydan.tv\/az\/#organization"},"potentialAction":[{"@type":"SearchAction","target":{"@type":"EntryPoint","urlTemplate":"https:\/\/www.meydan.tv\/az\/?s={search_term_string}"},"query-input":{"@type":"PropertyValueSpecification","valueRequired":true,"valueName":"search_term_string"}}],"inLanguage":"az"},{"@type":"Organization","@id":"https:\/\/www.meydan.tv\/az\/#organization","name":"Meydan TV","url":"https:\/\/www.meydan.tv\/az\/","logo":{"@type":"ImageObject","inLanguage":"az","@id":"https:\/\/www.meydan.tv\/az\/#\/schema\/logo\/image\/","url":"https:\/\/www.meydan.tv\/wp-content\/uploads\/2021\/07\/meydan-logo.svg","contentUrl":"https:\/\/www.meydan.tv\/wp-content\/uploads\/2021\/07\/meydan-logo.svg","width":195,"height":46,"caption":"Meydan TV"},"image":{"@id":"https:\/\/www.meydan.tv\/az\/#\/schema\/logo\/image\/"}},{"@type":"Person","@id":"https:\/\/www.meydan.tv\/az\/#\/schema\/person\/10d11eccf6da3662cf5fdab9806ea91a","name":"user-manager"}]}},"_links":{"self":[{"href":"https:\/\/www.meydan.tv\/az\/wp-json\/wp\/v2\/posts\/213392","targetHints":{"allow":["GET"]}}],"collection":[{"href":"https:\/\/www.meydan.tv\/az\/wp-json\/wp\/v2\/posts"}],"about":[{"href":"https:\/\/www.meydan.tv\/az\/wp-json\/wp\/v2\/types\/post"}],"author":[{"embeddable":true,"href":"https:\/\/www.meydan.tv\/az\/wp-json\/wp\/v2\/users\/11"}],"replies":[{"embeddable":true,"href":"https:\/\/www.meydan.tv\/az\/wp-json\/wp\/v2\/comments?post=213392"}],"version-history":[{"count":0,"href":"https:\/\/www.meydan.tv\/az\/wp-json\/wp\/v2\/posts\/213392\/revisions"}],"wp:featuredmedia":[{"embeddable":true,"href":"https:\/\/www.meydan.tv\/az\/wp-json\/wp\/v2\/media\/210010"}],"wp:attachment":[{"href":"https:\/\/www.meydan.tv\/az\/wp-json\/wp\/v2\/media?parent=213392"}],"wp:term":[{"taxonomy":"category","embeddable":true,"href":"https:\/\/www.meydan.tv\/az\/wp-json\/wp\/v2\/categories?post=213392"},{"taxonomy":"post_tag","embeddable":true,"href":"https:\/\/www.meydan.tv\/az\/wp-json\/wp\/v2\/tags?post=213392"}],"curies":[{"name":"wp","href":"https:\/\/api.w.org\/{rel}","templated":true}]}}