{"id":213391,"date":"2021-10-20T16:43:10","date_gmt":"2021-10-20T16:43:10","guid":{"rendered":"https:\/\/www.meydan.tv\/article\/iran-yuk-masinlarinin-qarabaga-seferini-qadagan-edib\/"},"modified":"2021-10-20T16:43:10","modified_gmt":"2021-10-20T16:43:10","slug":"iran-yuk-masinlarinin-qarabaga-seferini-qadagan-edib","status":"publish","type":"post","link":"https:\/\/www.meydan.tv\/az\/article\/iran-yuk-masinlarinin-qarabaga-seferini-qadagan-edib\/","title":{"rendered":"\u0130ran y\u00fck ma\u015f\u0131nlar\u0131n\u0131n Qaraba\u011fa s\u0259f\u0259rini qada\u011fan edib"},"content":{"rendered":"<p>\n  <i><br \/>\n    Bu \u00f6lk\u0259nin X\u0130N-i n\u0259qliyyat \u015firk\u0259tl\u0259rin\u0259 m\u0259ktub g\u00f6nd\u0259rib<br \/>\n  <\/i>\n<\/p>\n<p>\n  \u0130ran \u0130slam Respublikas\u0131 \u00f6z\u0259l \u015firk\u0259tl\u0259rin y\u00fck avtomobill\u0259rinin Da\u011fl\u0131q Qaraba\u011f v\u0259 La\u00e7\u0131n b\u00f6lg\u0259l\u0259rin\u0259 s\u0259f\u0259rini qada\u011fan edib.\n<\/p>\n<p>\n  M\u0259lumat\u0131 &quot;Mehr&quot; agentliyi \u0130ran\u0131n Beyn\u0259lxalq Da\u015f\u0131malar v\u0259 Tranzit Yollar\u0131 \u0130dar\u0259sinin ba\u015f direktoru M\u0259h\u0259mm\u0259d Cavad Heday\u0259tiy\u0259 istinad\u0259n<br \/>\n  <a href=\"https:\/\/tr.mehrnews.com\/news\/1898014\/%C4%B0ran-kamyonlar%C4%B1n%C4%B1n-Karaba%C4%9F-a-giri%C5%9Fi-yasakland%C4%B1\"><br \/>\n    yay\u0131b<br \/>\n  <\/a><br \/>\n  . O, \u0130ran Xarici \u0130\u015fl\u0259r Nazirliyinin 9 oktyabr tarixli t\u0259limat\u0131na istinad\u0259n beyn\u0259lxalq n\u0259qliyyat \u015firk\u0259tl\u0259rinin h\u0259mkarlar ittifaqlar\u0131na bu bar\u0259d\u0259 m\u0259ktub g\u00f6nd\u0259rdiyini deyib.\n<\/p>\n<p>\n  \u0130ran \u0130slam Respublikas\u0131n\u0131n \u0259rzaq v\u0259 yanacaq-s\u00fcrtk\u00fc materiallar\u0131 il\u0259 dolu 60 furas\u0131n\u0131n Xank\u0259ndiy\u0259 getm\u0259si bar\u0259d\u0259 ilk m\u0259lumatlar sentyabr ay\u0131nda<br \/>\n  <a href=\"https:\/\/www.meydan.tv\/az\/article\/iran-suruculeri-gprus-qafan-yolunu-kesecekleri-ile-hedeleyirler\/?ref=search\"><br \/>\n    yay\u0131l\u0131b<br \/>\n  <\/a><br \/>\n  . Ma\u015f\u0131nlar\u0131n ke\u00e7diyi yolun 20 km-d\u0259n \u00e7ox hiss\u0259si Az\u0259rbaycan \u0259razisin\u0259 d\u00fc\u015f\u00fcr. H\u0259min m\u0259lumatlar yay\u0131lan \u0259r\u0259f\u0259d\u0259 Az\u0259rbaycan D\u0130N v\u0259 D\u00f6vl\u0259t G\u00f6mr\u00fck Komit\u0259sinin x\u00fcsusi b\u00f6lm\u0259l\u0259ri \u0259razid\u0259 yerl\u0259\u015fdirilib.\n<\/p>\n<p>\n  Bununla da Az\u0259rbaycan D\u00f6vl\u0259t G\u00f6mr\u00fck Komit\u0259sinin \u0259m\u0259kda\u015flar\u0131 sentyabr\u0131n 12-d\u0259n \u0130ran avtomobill\u0259rinin s\u00fcr\u00fcc\u00fcl\u0259rind\u0259n \u00f6lk\u0259 \u0259razisind\u0259n ke\u00e7dikl\u0259ri \u00fc\u00e7\u00fcn r\u00fcsum tutma\u011fa ba\u015flay\u0131b.\n<\/p>\n<p>\n  Oktyabr\u0131n 27-d\u0259 Az\u0259rbaycan Prezidenti \u0130lham \u018fliyev &quot;Anadolu\u201d Agentliyin\u0259 m\u00fcsahib\u0259 ver\u0259r\u0259k<br \/>\n  <a href=\"https:\/\/www.meydan.tv\/az\/article\/ilham-eliyev-o-eraziler-isgalda-olanda-iran-niye-herbi-telim-kecirmirdi\/?ref=list-news\"><br \/>\n    demi\u015fdi<br \/>\n  <\/a><br \/>\n  ki, \u0130ran \u0130slam Respublikas\u0131n\u0131n y\u00fck ma\u015f\u0131nlar\u0131 m\u00fcnt\u0259z\u0259m \u015f\u0259kild\u0259 Qaraba\u011f\u0131n erm\u0259nil\u0259r ya\u015fayan b\u00f6lg\u0259sin\u0259 gedirl\u0259r:\n<\/p>\n<p>\n  &quot;Bu bar\u0259d\u0259 m\u0259lumat\u0131m\u0131z vard\u0131. \u018flb\u0259tt\u0259 ki, indiki kimi d\u0259qiq m\u0259lumat\u0131m\u0131z yox idi. Bunu n\u0259z\u0259r\u0259 alaraq, naraz\u0131l\u0131\u011f\u0131m\u0131z\u0131 m\u00fcxt\u0259lif kanallarla \u0130ran t\u0259r\u0259fin\u0259 bildirirdik. Lakin bu m\u00fcdd\u0259t davam edirdi. M\u00fcharib\u0259 bitdikd\u0259n sonra art\u0131q La\u00e7\u0131n d\u0259hlizi bizim g\u00f6z\u00fcm\u00fcz\u00fcn \u00f6n\u00fcnd\u0259dir. Az\u0259rbaycan\u0131n h\u0259rbi m\u00f6vqel\u0259rind\u0259n Xank\u0259ndin\u0259 ged\u0259n yola q\u0259d\u0259r olan m\u0259saf\u0259, b\u0259lk\u0259 d\u0259, 5-6 metr t\u0259\u015fkil edir: \u201cLa\u00e7\u0131n d\u0259hlizi boyunca, el\u0259c\u0259 d\u0259 \u015eu\u015fa \u0259traf\u0131nda v\u0259 dig\u0259r b\u00f6lg\u0259l\u0259rd\u0259 kifay\u0259t q\u0259d\u0259r texniki imkanlara sahibik. Kameralar var. Peykd\u0259n, dronlardan istifad\u0259 edirik. G\u00f6rd\u00fck ki, y\u00fck ma\u015f\u0131nlar\u0131 m\u00fcharib\u0259d\u0259n sonra da ora getm\u0259y\u0259 davam edir. Bel\u0259 olan halda Prezident Administrasiyas\u0131n\u0131n i\u015f\u00e7il\u0259rin\u0259 \u0130ran\u0131n Az\u0259rbaycandak\u0131 s\u0259firi il\u0259 dan\u0131\u015fmaqla ba\u011fl\u0131 g\u00f6st\u0259ri\u015f verdim. Bunu r\u0259smi etm\u0259k ist\u0259mirik. Dostca dan\u0131\u015fs\u0131nlar v\u0259 buna son qoymaq laz\u0131m g\u0259ldiyini desinl\u0259r. Bu, biz\u0259 qar\u015f\u0131, Az\u0259rbaycan\u0131n \u0259razi b\u00fct\u00f6vl\u00fcy\u00fcn\u0259 qar\u015f\u0131 h\u00f6rm\u0259tsizlikdir. Buna son qoyulmal\u0131d\u0131r. S\u00f6hb\u0259t s\u0259hv etmir\u0259ms\u0259, iyul ay\u0131nda oldu. Bundan sonra, \u0259lb\u0259tt\u0259 ki, bu m\u0259s\u0259l\u0259ni izl\u0259m\u0259y\u0259 ba\u015flad\u0131q v\u0259 h\u0259r ay\u0131n \u0259vv\u0259lind\u0259 n\u0259 q\u0259d\u0259r y\u00fck ma\u015f\u0131n\u0131n\u0131n \u00e7\u0131xd\u0131\u011f\u0131, ne\u00e7\u0259 ma\u015f\u0131n\u0131n girdiyi, n\u0259 g\u0259tirdiyi, n\u0259 g\u00f6t\u00fcrd\u00fcy\u00fc bar\u0259d\u0259 bizd\u0259 m\u0259lumat olur. Avtomobill\u0259rin n\u00f6mr\u0259l\u0259rin\u0259 q\u0259d\u0259r bizd\u0259 b\u00fct\u00fcn m\u0259lumatlar var\u201d.<\/p>\n","protected":false},"excerpt":{"rendered":"<p>O, \u0130ran Xarici \u0130\u015fl\u0259r Nazirliyinin 9 oktyabr tarixli t\u0259limat\u0131na istinad\u0259n beyn\u0259lxalq n\u0259qliyyat \u015firk\u0259tl\u0259rinin h\u0259mkarlar ittifaqlar\u0131na bu bar\u0259d\u0259 m\u0259ktub g\u00f6nd\u0259rdiyini deyib.<\/p>\n","protected":false},"author":11,"featured_media":211422,"comment_status":"closed","ping_status":"open","sticky":false,"template":"","format":"standard","meta":{"_acf_changed":false,"_sitemap_exclude":false,"_sitemap_priority":"","_sitemap_frequency":"","footnotes":""},"categories":[59],"tags":[],"class_list":["post-213391","post","type-post","status-publish","format-standard","has-post-thumbnail","hentry","category-siyaset","infinite-scroll-item","generate-columns","tablet-grid-50","mobile-grid-100","grid-parent","grid-33","no-featured-image-padding"],"acf":[],"yoast_head":"<!-- This site is optimized with the Yoast SEO plugin v27.5 - https:\/\/yoast.com\/product\/yoast-seo-wordpress\/ -->\n<title>\u0130ran y\u00fck ma\u015f\u0131nlar\u0131n\u0131n Qaraba\u011fa s\u0259f\u0259rini qada\u011fan edib - MEYDAN.TV<\/title>\n<meta name=\"robots\" content=\"index, follow, max-snippet:-1, max-image-preview:large, max-video-preview:-1\" \/>\n<link rel=\"canonical\" href=\"https:\/\/www.meydan.tv\/az\/article\/iran-yuk-masinlarinin-qarabaga-seferini-qadagan-edib\/\" \/>\n<meta property=\"og:locale\" content=\"az_AZ\" \/>\n<meta property=\"og:type\" content=\"article\" \/>\n<meta property=\"og:title\" content=\"\u0130ran y\u00fck ma\u015f\u0131nlar\u0131n\u0131n Qaraba\u011fa s\u0259f\u0259rini qada\u011fan edib - MEYDAN.TV\" \/>\n<meta property=\"og:description\" content=\"O, \u0130ran Xarici \u0130\u015fl\u0259r Nazirliyinin 9 oktyabr tarixli t\u0259limat\u0131na istinad\u0259n beyn\u0259lxalq n\u0259qliyyat \u015firk\u0259tl\u0259rinin h\u0259mkarlar ittifaqlar\u0131na bu bar\u0259d\u0259 m\u0259ktub g\u00f6nd\u0259rdiyini deyib.\" \/>\n<meta property=\"og:url\" content=\"https:\/\/www.meydan.tv\/az\/article\/iran-yuk-masinlarinin-qarabaga-seferini-qadagan-edib\/\" \/>\n<meta property=\"og:site_name\" content=\"MEYDAN.TV\" \/>\n<meta property=\"article:published_time\" content=\"2021-10-20T16:43:10+00:00\" \/>\n<meta property=\"og:image\" content=\"https:\/\/www.meydan.tv\/wp-content\/uploads\/3157512.jpg\" \/>\n\t<meta property=\"og:image:width\" content=\"725\" \/>\n\t<meta property=\"og:image:height\" content=\"483\" \/>\n\t<meta property=\"og:image:type\" content=\"image\/jpeg\" \/>\n<meta name=\"author\" content=\"user-manager\" \/>\n<meta name=\"twitter:card\" content=\"summary_large_image\" \/>\n<script type=\"application\/ld+json\" class=\"yoast-schema-graph\">{\"@context\":\"https:\\\/\\\/schema.org\",\"@graph\":[{\"@type\":\"Article\",\"@id\":\"https:\\\/\\\/www.meydan.tv\\\/az\\\/article\\\/iran-yuk-masinlarinin-qarabaga-seferini-qadagan-edib\\\/#article\",\"isPartOf\":{\"@id\":\"https:\\\/\\\/www.meydan.tv\\\/az\\\/article\\\/iran-yuk-masinlarinin-qarabaga-seferini-qadagan-edib\\\/\"},\"author\":{\"name\":\"user-manager\",\"@id\":\"https:\\\/\\\/www.meydan.tv\\\/az\\\/#\\\/schema\\\/person\\\/10d11eccf6da3662cf5fdab9806ea91a\"},\"headline\":\"\u0130ran y\u00fck ma\u015f\u0131nlar\u0131n\u0131n Qaraba\u011fa s\u0259f\u0259rini qada\u011fan edib\",\"datePublished\":\"2021-10-20T16:43:10+00:00\",\"mainEntityOfPage\":{\"@id\":\"https:\\\/\\\/www.meydan.tv\\\/az\\\/article\\\/iran-yuk-masinlarinin-qarabaga-seferini-qadagan-edib\\\/\"},\"wordCount\":581,\"publisher\":{\"@id\":\"https:\\\/\\\/www.meydan.tv\\\/az\\\/#organization\"},\"image\":{\"@id\":\"https:\\\/\\\/www.meydan.tv\\\/az\\\/article\\\/iran-yuk-masinlarinin-qarabaga-seferini-qadagan-edib\\\/#primaryimage\"},\"thumbnailUrl\":\"https:\\\/\\\/www.meydan.tv\\\/wp-content\\\/uploads\\\/3157512.jpg\",\"articleSection\":[\"Siyas\u0259t\"],\"inLanguage\":\"az\"},{\"@type\":\"WebPage\",\"@id\":\"https:\\\/\\\/www.meydan.tv\\\/az\\\/article\\\/iran-yuk-masinlarinin-qarabaga-seferini-qadagan-edib\\\/\",\"url\":\"https:\\\/\\\/www.meydan.tv\\\/az\\\/article\\\/iran-yuk-masinlarinin-qarabaga-seferini-qadagan-edib\\\/\",\"name\":\"\u0130ran y\u00fck ma\u015f\u0131nlar\u0131n\u0131n Qaraba\u011fa s\u0259f\u0259rini qada\u011fan edib - MEYDAN.TV\",\"isPartOf\":{\"@id\":\"https:\\\/\\\/www.meydan.tv\\\/az\\\/#website\"},\"primaryImageOfPage\":{\"@id\":\"https:\\\/\\\/www.meydan.tv\\\/az\\\/article\\\/iran-yuk-masinlarinin-qarabaga-seferini-qadagan-edib\\\/#primaryimage\"},\"image\":{\"@id\":\"https:\\\/\\\/www.meydan.tv\\\/az\\\/article\\\/iran-yuk-masinlarinin-qarabaga-seferini-qadagan-edib\\\/#primaryimage\"},\"thumbnailUrl\":\"https:\\\/\\\/www.meydan.tv\\\/wp-content\\\/uploads\\\/3157512.jpg\",\"datePublished\":\"2021-10-20T16:43:10+00:00\",\"breadcrumb\":{\"@id\":\"https:\\\/\\\/www.meydan.tv\\\/az\\\/article\\\/iran-yuk-masinlarinin-qarabaga-seferini-qadagan-edib\\\/#breadcrumb\"},\"inLanguage\":\"az\",\"potentialAction\":[{\"@type\":\"ReadAction\",\"target\":[\"https:\\\/\\\/www.meydan.tv\\\/az\\\/article\\\/iran-yuk-masinlarinin-qarabaga-seferini-qadagan-edib\\\/\"]}]},{\"@type\":\"ImageObject\",\"inLanguage\":\"az\",\"@id\":\"https:\\\/\\\/www.meydan.tv\\\/az\\\/article\\\/iran-yuk-masinlarinin-qarabaga-seferini-qadagan-edib\\\/#primaryimage\",\"url\":\"https:\\\/\\\/www.meydan.tv\\\/wp-content\\\/uploads\\\/3157512.jpg\",\"contentUrl\":\"https:\\\/\\\/www.meydan.tv\\\/wp-content\\\/uploads\\\/3157512.jpg\",\"width\":725,\"height\":483,\"caption\":\"Source: Specify Source\"},{\"@type\":\"BreadcrumbList\",\"@id\":\"https:\\\/\\\/www.meydan.tv\\\/az\\\/article\\\/iran-yuk-masinlarinin-qarabaga-seferini-qadagan-edib\\\/#breadcrumb\",\"itemListElement\":[{\"@type\":\"ListItem\",\"position\":1,\"name\":\"Ana s\u0259hif\u0259\",\"item\":\"https:\\\/\\\/www.meydan.tv\\\/az\\\/\"},{\"@type\":\"ListItem\",\"position\":2,\"name\":\"Siyas\u0259t\",\"item\":\"https:\\\/\\\/www.meydan.tv\\\/az\\\/section\\\/siyaset\\\/\"},{\"@type\":\"ListItem\",\"position\":3,\"name\":\"\u0130ran y\u00fck ma\u015f\u0131nlar\u0131n\u0131n Qaraba\u011fa s\u0259f\u0259rini qada\u011fan edib\"}]},{\"@type\":\"WebSite\",\"@id\":\"https:\\\/\\\/www.meydan.tv\\\/az\\\/#website\",\"url\":\"https:\\\/\\\/www.meydan.tv\\\/az\\\/\",\"name\":\"MEYDAN.TV\",\"description\":\"Meydan TV Az\u0259rbaycan\u0131n media m\u0259kan\u0131ndak\u0131 alternativ s\u0259sidir\",\"publisher\":{\"@id\":\"https:\\\/\\\/www.meydan.tv\\\/az\\\/#organization\"},\"potentialAction\":[{\"@type\":\"SearchAction\",\"target\":{\"@type\":\"EntryPoint\",\"urlTemplate\":\"https:\\\/\\\/www.meydan.tv\\\/az\\\/?s={search_term_string}\"},\"query-input\":{\"@type\":\"PropertyValueSpecification\",\"valueRequired\":true,\"valueName\":\"search_term_string\"}}],\"inLanguage\":\"az\"},{\"@type\":\"Organization\",\"@id\":\"https:\\\/\\\/www.meydan.tv\\\/az\\\/#organization\",\"name\":\"Meydan TV\",\"url\":\"https:\\\/\\\/www.meydan.tv\\\/az\\\/\",\"logo\":{\"@type\":\"ImageObject\",\"inLanguage\":\"az\",\"@id\":\"https:\\\/\\\/www.meydan.tv\\\/az\\\/#\\\/schema\\\/logo\\\/image\\\/\",\"url\":\"https:\\\/\\\/www.meydan.tv\\\/wp-content\\\/uploads\\\/2021\\\/07\\\/meydan-logo.svg\",\"contentUrl\":\"https:\\\/\\\/www.meydan.tv\\\/wp-content\\\/uploads\\\/2021\\\/07\\\/meydan-logo.svg\",\"width\":195,\"height\":46,\"caption\":\"Meydan TV\"},\"image\":{\"@id\":\"https:\\\/\\\/www.meydan.tv\\\/az\\\/#\\\/schema\\\/logo\\\/image\\\/\"}},{\"@type\":\"Person\",\"@id\":\"https:\\\/\\\/www.meydan.tv\\\/az\\\/#\\\/schema\\\/person\\\/10d11eccf6da3662cf5fdab9806ea91a\",\"name\":\"user-manager\"}]}<\/script>\n<!-- \/ Yoast SEO plugin. -->","yoast_head_json":{"title":"\u0130ran y\u00fck ma\u015f\u0131nlar\u0131n\u0131n Qaraba\u011fa s\u0259f\u0259rini qada\u011fan edib - MEYDAN.TV","robots":{"index":"index","follow":"follow","max-snippet":"max-snippet:-1","max-image-preview":"max-image-preview:large","max-video-preview":"max-video-preview:-1"},"canonical":"https:\/\/www.meydan.tv\/az\/article\/iran-yuk-masinlarinin-qarabaga-seferini-qadagan-edib\/","og_locale":"az_AZ","og_type":"article","og_title":"\u0130ran y\u00fck ma\u015f\u0131nlar\u0131n\u0131n Qaraba\u011fa s\u0259f\u0259rini qada\u011fan edib - MEYDAN.TV","og_description":"O, \u0130ran Xarici \u0130\u015fl\u0259r Nazirliyinin 9 oktyabr tarixli t\u0259limat\u0131na istinad\u0259n beyn\u0259lxalq n\u0259qliyyat \u015firk\u0259tl\u0259rinin h\u0259mkarlar ittifaqlar\u0131na bu bar\u0259d\u0259 m\u0259ktub g\u00f6nd\u0259rdiyini deyib.","og_url":"https:\/\/www.meydan.tv\/az\/article\/iran-yuk-masinlarinin-qarabaga-seferini-qadagan-edib\/","og_site_name":"MEYDAN.TV","article_published_time":"2021-10-20T16:43:10+00:00","og_image":[{"width":725,"height":483,"url":"https:\/\/www.meydan.tv\/wp-content\/uploads\/3157512.jpg","type":"image\/jpeg"}],"author":"user-manager","twitter_card":"summary_large_image","schema":{"@context":"https:\/\/schema.org","@graph":[{"@type":"Article","@id":"https:\/\/www.meydan.tv\/az\/article\/iran-yuk-masinlarinin-qarabaga-seferini-qadagan-edib\/#article","isPartOf":{"@id":"https:\/\/www.meydan.tv\/az\/article\/iran-yuk-masinlarinin-qarabaga-seferini-qadagan-edib\/"},"author":{"name":"user-manager","@id":"https:\/\/www.meydan.tv\/az\/#\/schema\/person\/10d11eccf6da3662cf5fdab9806ea91a"},"headline":"\u0130ran y\u00fck ma\u015f\u0131nlar\u0131n\u0131n Qaraba\u011fa s\u0259f\u0259rini qada\u011fan edib","datePublished":"2021-10-20T16:43:10+00:00","mainEntityOfPage":{"@id":"https:\/\/www.meydan.tv\/az\/article\/iran-yuk-masinlarinin-qarabaga-seferini-qadagan-edib\/"},"wordCount":581,"publisher":{"@id":"https:\/\/www.meydan.tv\/az\/#organization"},"image":{"@id":"https:\/\/www.meydan.tv\/az\/article\/iran-yuk-masinlarinin-qarabaga-seferini-qadagan-edib\/#primaryimage"},"thumbnailUrl":"https:\/\/www.meydan.tv\/wp-content\/uploads\/3157512.jpg","articleSection":["Siyas\u0259t"],"inLanguage":"az"},{"@type":"WebPage","@id":"https:\/\/www.meydan.tv\/az\/article\/iran-yuk-masinlarinin-qarabaga-seferini-qadagan-edib\/","url":"https:\/\/www.meydan.tv\/az\/article\/iran-yuk-masinlarinin-qarabaga-seferini-qadagan-edib\/","name":"\u0130ran y\u00fck ma\u015f\u0131nlar\u0131n\u0131n Qaraba\u011fa s\u0259f\u0259rini qada\u011fan edib - MEYDAN.TV","isPartOf":{"@id":"https:\/\/www.meydan.tv\/az\/#website"},"primaryImageOfPage":{"@id":"https:\/\/www.meydan.tv\/az\/article\/iran-yuk-masinlarinin-qarabaga-seferini-qadagan-edib\/#primaryimage"},"image":{"@id":"https:\/\/www.meydan.tv\/az\/article\/iran-yuk-masinlarinin-qarabaga-seferini-qadagan-edib\/#primaryimage"},"thumbnailUrl":"https:\/\/www.meydan.tv\/wp-content\/uploads\/3157512.jpg","datePublished":"2021-10-20T16:43:10+00:00","breadcrumb":{"@id":"https:\/\/www.meydan.tv\/az\/article\/iran-yuk-masinlarinin-qarabaga-seferini-qadagan-edib\/#breadcrumb"},"inLanguage":"az","potentialAction":[{"@type":"ReadAction","target":["https:\/\/www.meydan.tv\/az\/article\/iran-yuk-masinlarinin-qarabaga-seferini-qadagan-edib\/"]}]},{"@type":"ImageObject","inLanguage":"az","@id":"https:\/\/www.meydan.tv\/az\/article\/iran-yuk-masinlarinin-qarabaga-seferini-qadagan-edib\/#primaryimage","url":"https:\/\/www.meydan.tv\/wp-content\/uploads\/3157512.jpg","contentUrl":"https:\/\/www.meydan.tv\/wp-content\/uploads\/3157512.jpg","width":725,"height":483,"caption":"Source: Specify Source"},{"@type":"BreadcrumbList","@id":"https:\/\/www.meydan.tv\/az\/article\/iran-yuk-masinlarinin-qarabaga-seferini-qadagan-edib\/#breadcrumb","itemListElement":[{"@type":"ListItem","position":1,"name":"Ana s\u0259hif\u0259","item":"https:\/\/www.meydan.tv\/az\/"},{"@type":"ListItem","position":2,"name":"Siyas\u0259t","item":"https:\/\/www.meydan.tv\/az\/section\/siyaset\/"},{"@type":"ListItem","position":3,"name":"\u0130ran y\u00fck ma\u015f\u0131nlar\u0131n\u0131n Qaraba\u011fa s\u0259f\u0259rini qada\u011fan edib"}]},{"@type":"WebSite","@id":"https:\/\/www.meydan.tv\/az\/#website","url":"https:\/\/www.meydan.tv\/az\/","name":"MEYDAN.TV","description":"Meydan TV Az\u0259rbaycan\u0131n media m\u0259kan\u0131ndak\u0131 alternativ s\u0259sidir","publisher":{"@id":"https:\/\/www.meydan.tv\/az\/#organization"},"potentialAction":[{"@type":"SearchAction","target":{"@type":"EntryPoint","urlTemplate":"https:\/\/www.meydan.tv\/az\/?s={search_term_string}"},"query-input":{"@type":"PropertyValueSpecification","valueRequired":true,"valueName":"search_term_string"}}],"inLanguage":"az"},{"@type":"Organization","@id":"https:\/\/www.meydan.tv\/az\/#organization","name":"Meydan TV","url":"https:\/\/www.meydan.tv\/az\/","logo":{"@type":"ImageObject","inLanguage":"az","@id":"https:\/\/www.meydan.tv\/az\/#\/schema\/logo\/image\/","url":"https:\/\/www.meydan.tv\/wp-content\/uploads\/2021\/07\/meydan-logo.svg","contentUrl":"https:\/\/www.meydan.tv\/wp-content\/uploads\/2021\/07\/meydan-logo.svg","width":195,"height":46,"caption":"Meydan TV"},"image":{"@id":"https:\/\/www.meydan.tv\/az\/#\/schema\/logo\/image\/"}},{"@type":"Person","@id":"https:\/\/www.meydan.tv\/az\/#\/schema\/person\/10d11eccf6da3662cf5fdab9806ea91a","name":"user-manager"}]}},"_links":{"self":[{"href":"https:\/\/www.meydan.tv\/az\/wp-json\/wp\/v2\/posts\/213391","targetHints":{"allow":["GET"]}}],"collection":[{"href":"https:\/\/www.meydan.tv\/az\/wp-json\/wp\/v2\/posts"}],"about":[{"href":"https:\/\/www.meydan.tv\/az\/wp-json\/wp\/v2\/types\/post"}],"author":[{"embeddable":true,"href":"https:\/\/www.meydan.tv\/az\/wp-json\/wp\/v2\/users\/11"}],"replies":[{"embeddable":true,"href":"https:\/\/www.meydan.tv\/az\/wp-json\/wp\/v2\/comments?post=213391"}],"version-history":[{"count":0,"href":"https:\/\/www.meydan.tv\/az\/wp-json\/wp\/v2\/posts\/213391\/revisions"}],"wp:featuredmedia":[{"embeddable":true,"href":"https:\/\/www.meydan.tv\/az\/wp-json\/wp\/v2\/media\/211422"}],"wp:attachment":[{"href":"https:\/\/www.meydan.tv\/az\/wp-json\/wp\/v2\/media?parent=213391"}],"wp:term":[{"taxonomy":"category","embeddable":true,"href":"https:\/\/www.meydan.tv\/az\/wp-json\/wp\/v2\/categories?post=213391"},{"taxonomy":"post_tag","embeddable":true,"href":"https:\/\/www.meydan.tv\/az\/wp-json\/wp\/v2\/tags?post=213391"}],"curies":[{"name":"wp","href":"https:\/\/api.w.org\/{rel}","templated":true}]}}