{"id":213386,"date":"2021-10-20T14:57:49","date_gmt":"2021-10-20T14:57:49","guid":{"rendered":"https:\/\/www.meydan.tv\/article\/qusar-rayon-merkezi-xestexanasinin-bas-hekimi-saxlanilib\/"},"modified":"2021-10-20T14:57:49","modified_gmt":"2021-10-20T14:57:49","slug":"qusar-rayon-merkezi-xestexanasinin-bas-hekimi-saxlanilib","status":"publish","type":"post","link":"https:\/\/www.meydan.tv\/az\/article\/qusar-rayon-merkezi-xestexanasinin-bas-hekimi-saxlanilib\/","title":{"rendered":"Qusar Rayon M\u0259rk\u0259zi X\u0259st\u0259xanas\u0131n\u0131n ba\u015f h\u0259kimi saxlan\u0131l\u0131b"},"content":{"rendered":"<p>\n  <i><br \/>\n    O, r\u0259hb\u0259rlik etdiyi x\u0259st\u0259xanan\u0131n stomotoloqundan r\u00fc\u015fv\u0259t almaqda g\u00fcnahland\u0131r\u0131l\u0131r<br \/>\n  <\/i>\n<\/p>\n<p>\n  \u201cQusar rayon M\u0259rk\u0259zi X\u0259st\u0259xanas\u0131\u201d Publik H\u00fcquqi \u015e\u0259xsin direktoru M\u00fcbariz Zeynalov saxlan\u0131l\u0131b. Ba\u015f Prokurorlu\u011fun m\u0259tbuat xidm\u0259tinin yayd\u0131\u011f\u0131 press-relizd\u0259 bildirilir ki, M\u00fcbariz Zeynalovu Korrupsiyaya Qar\u015f\u0131 M\u00fcbariz\u0259 \u0130dar\u0259sinin \u0259m\u0259kda\u015flar\u0131 saxlay\u0131b. O, r\u0259hb\u0259rlik etdiyi x\u0259st\u0259xanan\u0131n stomotoloqundan r\u00fc\u015fv\u0259t almaqda g\u00fcnahland\u0131r\u0131l\u0131r.\n<\/p>\n<p>\n  \u0130ddia olunur ki, x\u0259st\u0259xanada h\u0259kim-stomatoloqunun istifad\u0259sin\u0259 veril\u0259c\u0259k stomatoloji qur\u011funun tibb m\u00fc\u0259ssis\u0259sinin hesab\u0131na al\u0131nmas\u0131ndan \u00f6tr\u00fc direktor 2000 manat r\u00fc\u015fv\u0259t ist\u0259yib. Bunun da 1000 manat\u0131n\u0131 oktyabr\u0131n 19-da xidm\u0259ti ota\u011f\u0131nda alanda saxlan\u0131l\u0131b.\n<\/p>\n<p>\n  Faktla ba\u011fl\u0131 Korrupsiyaya Qar\u015f\u0131 M\u00fcbariz\u0259 \u0130dar\u0259sind\u0259 Cinay\u0259t M\u0259c\u0259ll\u0259sinin 308.1 (v\u0259zif\u0259 s\u0259lahiyy\u0259tl\u0259rind\u0259n sui-istifad\u0259) v\u0259 311.1-ci (r\u00fc\u015fv\u0259t alma) madd\u0259l\u0259ri il\u0259 cinay\u0259t i\u015fi ba\u015flan\u0131b. M\u00fcbariz Zeynalov \u015f\u00fcbh\u0259li \u015f\u0259xs qismind\u0259 tutulub.\n<\/p>\n<p>\n  M\u00fcbariz Zeynalovun ittihama m\u00fcnasib\u0259ti m\u0259lum deyil.\n<\/p>\n<p>\n  M\u00fcbariz Zeynalovun ad\u0131 bundan \u0259vv\u0259l ba\u015fqa bir cinay\u0259t i\u015find\u0259 ke\u00e7irdi. H\u0259min i\u015fd\u0259 o, z\u0259r\u0259r\u00e7\u0259kmi\u015f qismind\u0259 tan\u0131nm\u0131\u015fd\u0131. \u0130ddia olunurdu ki, t\u0259qsirl\u0259ndiril\u0259n \u015f\u0259xsl\u0259r onu \u015f\u0259xsi h\u0259yat\u0131na aid g\u00f6r\u00fcnt\u00fc v\u0259 m\u0259lumatlar\u0131 yaymaqla \u015fantaj ed\u0259r\u0259k, ondan pul al\u0131blar.\n<\/p>\n<p>\n  T\u0259qsirl\u0259ndiril\u0259n \u015f\u0259xsl\u0259r is\u0259 bildirirdi ki, bu iddia yaland\u0131r. M\u00fcbariz Zeynalov 130 min manat\u0131 Sumqay\u0131t M\u0259rk\u0259zi X\u0259st\u0259xanas\u0131na ba\u015f h\u0259kim t\u0259yin olunmaq \u00fc\u00e7\u00fcn vermi\u015fdi.\n<\/p>\n<p>\n  &quot;Sumqay\u0131ta ba\u015f h\u0259kim kimi i\u015f\u0259 d\u00fcz\u0259lm\u0259k ist\u0259yirdi. Pulu da ona g\u00f6r\u0259 verib. Bir ne\u00e7\u0259 d\u0259f\u0259y\u0259 m\u0259n\u0259 130 min manat verib. Onu yalandan istintaqda \u00f6yr\u0259dibl\u0259r ki, bel\u0259 desin. M\u00fcbariz h\u0259kimi Sumqay\u0131t\u0131n icra ba\u015f\u00e7\u0131s\u0131 il\u0259 g\u00f6r\u00fc\u015fd\u00fcr\u0259c\u0259kdik. \u0130\u015f al\u0131nmasa, pulunu geri qaytaracaqd\u0131q. Art\u0131q M\u00fcbariz h\u0259kim m\u0259nim day\u0131m \u018fl\u0259kb\u0259r H\u0259s\u0259novu da tan\u0131y\u0131rd\u0131. \u0130\u015fi d\u0259 day\u0131m\u0131n k\u00f6m\u0259kliyi il\u0259 h\u0259ll ed\u0259c\u0259kdik&quot;, &#8211; t\u0259qsirl\u0259ndiril\u0259n El\u015f\u0259n H\u00fcmb\u0259tov bel\u0259 deyirdi.<\/p>\n","protected":false},"excerpt":{"rendered":"<p>M\u00fcbariz Zeynalovun ittihama m\u00fcnasib\u0259ti m\u0259lum deyil.<\/p>\n","protected":false},"author":11,"featured_media":211416,"comment_status":"closed","ping_status":"open","sticky":false,"template":"","format":"standard","meta":{"_acf_changed":false,"_sitemap_exclude":false,"_sitemap_priority":"","_sitemap_frequency":"","footnotes":""},"categories":[60],"tags":[],"class_list":["post-213386","post","type-post","status-publish","format-standard","has-post-thumbnail","hentry","category-bolge","infinite-scroll-item","generate-columns","tablet-grid-50","mobile-grid-100","grid-parent","grid-33","no-featured-image-padding"],"acf":[],"yoast_head":"<!-- This site is optimized with the Yoast SEO plugin v27.5 - https:\/\/yoast.com\/product\/yoast-seo-wordpress\/ -->\n<title>Qusar Rayon M\u0259rk\u0259zi X\u0259st\u0259xanas\u0131n\u0131n ba\u015f h\u0259kimi saxlan\u0131l\u0131b - MEYDAN.TV<\/title>\n<meta name=\"robots\" content=\"index, follow, max-snippet:-1, max-image-preview:large, max-video-preview:-1\" \/>\n<link rel=\"canonical\" href=\"https:\/\/www.meydan.tv\/az\/article\/qusar-rayon-merkezi-xestexanasinin-bas-hekimi-saxlanilib\/\" \/>\n<meta property=\"og:locale\" content=\"az_AZ\" \/>\n<meta property=\"og:type\" content=\"article\" \/>\n<meta property=\"og:title\" content=\"Qusar Rayon M\u0259rk\u0259zi X\u0259st\u0259xanas\u0131n\u0131n ba\u015f h\u0259kimi saxlan\u0131l\u0131b - MEYDAN.TV\" \/>\n<meta property=\"og:description\" content=\"M\u00fcbariz Zeynalovun ittihama m\u00fcnasib\u0259ti m\u0259lum deyil.\" \/>\n<meta property=\"og:url\" content=\"https:\/\/www.meydan.tv\/az\/article\/qusar-rayon-merkezi-xestexanasinin-bas-hekimi-saxlanilib\/\" \/>\n<meta property=\"og:site_name\" content=\"MEYDAN.TV\" \/>\n<meta property=\"article:published_time\" content=\"2021-10-20T14:57:49+00:00\" \/>\n<meta property=\"og:image\" content=\"https:\/\/www.meydan.tv\/wp-content\/uploads\/15593836861290050692_1000x669.jpg\" \/>\n\t<meta property=\"og:image:width\" content=\"892\" \/>\n\t<meta property=\"og:image:height\" content=\"669\" \/>\n\t<meta property=\"og:image:type\" content=\"image\/jpeg\" \/>\n<meta name=\"author\" content=\"user-manager\" \/>\n<meta name=\"twitter:card\" content=\"summary_large_image\" \/>\n<script type=\"application\/ld+json\" class=\"yoast-schema-graph\">{\"@context\":\"https:\\\/\\\/schema.org\",\"@graph\":[{\"@type\":\"Article\",\"@id\":\"https:\\\/\\\/www.meydan.tv\\\/az\\\/article\\\/qusar-rayon-merkezi-xestexanasinin-bas-hekimi-saxlanilib\\\/#article\",\"isPartOf\":{\"@id\":\"https:\\\/\\\/www.meydan.tv\\\/az\\\/article\\\/qusar-rayon-merkezi-xestexanasinin-bas-hekimi-saxlanilib\\\/\"},\"author\":{\"name\":\"user-manager\",\"@id\":\"https:\\\/\\\/www.meydan.tv\\\/az\\\/#\\\/schema\\\/person\\\/10d11eccf6da3662cf5fdab9806ea91a\"},\"headline\":\"Qusar Rayon M\u0259rk\u0259zi X\u0259st\u0259xanas\u0131n\u0131n ba\u015f h\u0259kimi saxlan\u0131l\u0131b\",\"datePublished\":\"2021-10-20T14:57:49+00:00\",\"mainEntityOfPage\":{\"@id\":\"https:\\\/\\\/www.meydan.tv\\\/az\\\/article\\\/qusar-rayon-merkezi-xestexanasinin-bas-hekimi-saxlanilib\\\/\"},\"wordCount\":408,\"publisher\":{\"@id\":\"https:\\\/\\\/www.meydan.tv\\\/az\\\/#organization\"},\"image\":{\"@id\":\"https:\\\/\\\/www.meydan.tv\\\/az\\\/article\\\/qusar-rayon-merkezi-xestexanasinin-bas-hekimi-saxlanilib\\\/#primaryimage\"},\"thumbnailUrl\":\"https:\\\/\\\/www.meydan.tv\\\/wp-content\\\/uploads\\\/15593836861290050692_1000x669.jpg\",\"articleSection\":[\"B\u00f6lg\u0259\"],\"inLanguage\":\"az\"},{\"@type\":\"WebPage\",\"@id\":\"https:\\\/\\\/www.meydan.tv\\\/az\\\/article\\\/qusar-rayon-merkezi-xestexanasinin-bas-hekimi-saxlanilib\\\/\",\"url\":\"https:\\\/\\\/www.meydan.tv\\\/az\\\/article\\\/qusar-rayon-merkezi-xestexanasinin-bas-hekimi-saxlanilib\\\/\",\"name\":\"Qusar Rayon M\u0259rk\u0259zi X\u0259st\u0259xanas\u0131n\u0131n ba\u015f h\u0259kimi saxlan\u0131l\u0131b - MEYDAN.TV\",\"isPartOf\":{\"@id\":\"https:\\\/\\\/www.meydan.tv\\\/az\\\/#website\"},\"primaryImageOfPage\":{\"@id\":\"https:\\\/\\\/www.meydan.tv\\\/az\\\/article\\\/qusar-rayon-merkezi-xestexanasinin-bas-hekimi-saxlanilib\\\/#primaryimage\"},\"image\":{\"@id\":\"https:\\\/\\\/www.meydan.tv\\\/az\\\/article\\\/qusar-rayon-merkezi-xestexanasinin-bas-hekimi-saxlanilib\\\/#primaryimage\"},\"thumbnailUrl\":\"https:\\\/\\\/www.meydan.tv\\\/wp-content\\\/uploads\\\/15593836861290050692_1000x669.jpg\",\"datePublished\":\"2021-10-20T14:57:49+00:00\",\"breadcrumb\":{\"@id\":\"https:\\\/\\\/www.meydan.tv\\\/az\\\/article\\\/qusar-rayon-merkezi-xestexanasinin-bas-hekimi-saxlanilib\\\/#breadcrumb\"},\"inLanguage\":\"az\",\"potentialAction\":[{\"@type\":\"ReadAction\",\"target\":[\"https:\\\/\\\/www.meydan.tv\\\/az\\\/article\\\/qusar-rayon-merkezi-xestexanasinin-bas-hekimi-saxlanilib\\\/\"]}]},{\"@type\":\"ImageObject\",\"inLanguage\":\"az\",\"@id\":\"https:\\\/\\\/www.meydan.tv\\\/az\\\/article\\\/qusar-rayon-merkezi-xestexanasinin-bas-hekimi-saxlanilib\\\/#primaryimage\",\"url\":\"https:\\\/\\\/www.meydan.tv\\\/wp-content\\\/uploads\\\/15593836861290050692_1000x669.jpg\",\"contentUrl\":\"https:\\\/\\\/www.meydan.tv\\\/wp-content\\\/uploads\\\/15593836861290050692_1000x669.jpg\",\"width\":892,\"height\":669,\"caption\":\"Source: Specify Source\"},{\"@type\":\"BreadcrumbList\",\"@id\":\"https:\\\/\\\/www.meydan.tv\\\/az\\\/article\\\/qusar-rayon-merkezi-xestexanasinin-bas-hekimi-saxlanilib\\\/#breadcrumb\",\"itemListElement\":[{\"@type\":\"ListItem\",\"position\":1,\"name\":\"Ana s\u0259hif\u0259\",\"item\":\"https:\\\/\\\/www.meydan.tv\\\/az\\\/\"},{\"@type\":\"ListItem\",\"position\":2,\"name\":\"B\u00f6lg\u0259\",\"item\":\"https:\\\/\\\/www.meydan.tv\\\/az\\\/section\\\/bolge\\\/\"},{\"@type\":\"ListItem\",\"position\":3,\"name\":\"Qusar Rayon M\u0259rk\u0259zi X\u0259st\u0259xanas\u0131n\u0131n ba\u015f h\u0259kimi saxlan\u0131l\u0131b\"}]},{\"@type\":\"WebSite\",\"@id\":\"https:\\\/\\\/www.meydan.tv\\\/az\\\/#website\",\"url\":\"https:\\\/\\\/www.meydan.tv\\\/az\\\/\",\"name\":\"MEYDAN.TV\",\"description\":\"Meydan TV Az\u0259rbaycan\u0131n media m\u0259kan\u0131ndak\u0131 alternativ s\u0259sidir\",\"publisher\":{\"@id\":\"https:\\\/\\\/www.meydan.tv\\\/az\\\/#organization\"},\"potentialAction\":[{\"@type\":\"SearchAction\",\"target\":{\"@type\":\"EntryPoint\",\"urlTemplate\":\"https:\\\/\\\/www.meydan.tv\\\/az\\\/?s={search_term_string}\"},\"query-input\":{\"@type\":\"PropertyValueSpecification\",\"valueRequired\":true,\"valueName\":\"search_term_string\"}}],\"inLanguage\":\"az\"},{\"@type\":\"Organization\",\"@id\":\"https:\\\/\\\/www.meydan.tv\\\/az\\\/#organization\",\"name\":\"Meydan TV\",\"url\":\"https:\\\/\\\/www.meydan.tv\\\/az\\\/\",\"logo\":{\"@type\":\"ImageObject\",\"inLanguage\":\"az\",\"@id\":\"https:\\\/\\\/www.meydan.tv\\\/az\\\/#\\\/schema\\\/logo\\\/image\\\/\",\"url\":\"https:\\\/\\\/www.meydan.tv\\\/wp-content\\\/uploads\\\/2021\\\/07\\\/meydan-logo.svg\",\"contentUrl\":\"https:\\\/\\\/www.meydan.tv\\\/wp-content\\\/uploads\\\/2021\\\/07\\\/meydan-logo.svg\",\"width\":195,\"height\":46,\"caption\":\"Meydan TV\"},\"image\":{\"@id\":\"https:\\\/\\\/www.meydan.tv\\\/az\\\/#\\\/schema\\\/logo\\\/image\\\/\"}},{\"@type\":\"Person\",\"@id\":\"https:\\\/\\\/www.meydan.tv\\\/az\\\/#\\\/schema\\\/person\\\/10d11eccf6da3662cf5fdab9806ea91a\",\"name\":\"user-manager\"}]}<\/script>\n<!-- \/ Yoast SEO plugin. -->","yoast_head_json":{"title":"Qusar Rayon M\u0259rk\u0259zi X\u0259st\u0259xanas\u0131n\u0131n ba\u015f h\u0259kimi saxlan\u0131l\u0131b - MEYDAN.TV","robots":{"index":"index","follow":"follow","max-snippet":"max-snippet:-1","max-image-preview":"max-image-preview:large","max-video-preview":"max-video-preview:-1"},"canonical":"https:\/\/www.meydan.tv\/az\/article\/qusar-rayon-merkezi-xestexanasinin-bas-hekimi-saxlanilib\/","og_locale":"az_AZ","og_type":"article","og_title":"Qusar Rayon M\u0259rk\u0259zi X\u0259st\u0259xanas\u0131n\u0131n ba\u015f h\u0259kimi saxlan\u0131l\u0131b - MEYDAN.TV","og_description":"M\u00fcbariz Zeynalovun ittihama m\u00fcnasib\u0259ti m\u0259lum deyil.","og_url":"https:\/\/www.meydan.tv\/az\/article\/qusar-rayon-merkezi-xestexanasinin-bas-hekimi-saxlanilib\/","og_site_name":"MEYDAN.TV","article_published_time":"2021-10-20T14:57:49+00:00","og_image":[{"width":892,"height":669,"url":"https:\/\/www.meydan.tv\/wp-content\/uploads\/15593836861290050692_1000x669.jpg","type":"image\/jpeg"}],"author":"user-manager","twitter_card":"summary_large_image","schema":{"@context":"https:\/\/schema.org","@graph":[{"@type":"Article","@id":"https:\/\/www.meydan.tv\/az\/article\/qusar-rayon-merkezi-xestexanasinin-bas-hekimi-saxlanilib\/#article","isPartOf":{"@id":"https:\/\/www.meydan.tv\/az\/article\/qusar-rayon-merkezi-xestexanasinin-bas-hekimi-saxlanilib\/"},"author":{"name":"user-manager","@id":"https:\/\/www.meydan.tv\/az\/#\/schema\/person\/10d11eccf6da3662cf5fdab9806ea91a"},"headline":"Qusar Rayon M\u0259rk\u0259zi X\u0259st\u0259xanas\u0131n\u0131n ba\u015f h\u0259kimi saxlan\u0131l\u0131b","datePublished":"2021-10-20T14:57:49+00:00","mainEntityOfPage":{"@id":"https:\/\/www.meydan.tv\/az\/article\/qusar-rayon-merkezi-xestexanasinin-bas-hekimi-saxlanilib\/"},"wordCount":408,"publisher":{"@id":"https:\/\/www.meydan.tv\/az\/#organization"},"image":{"@id":"https:\/\/www.meydan.tv\/az\/article\/qusar-rayon-merkezi-xestexanasinin-bas-hekimi-saxlanilib\/#primaryimage"},"thumbnailUrl":"https:\/\/www.meydan.tv\/wp-content\/uploads\/15593836861290050692_1000x669.jpg","articleSection":["B\u00f6lg\u0259"],"inLanguage":"az"},{"@type":"WebPage","@id":"https:\/\/www.meydan.tv\/az\/article\/qusar-rayon-merkezi-xestexanasinin-bas-hekimi-saxlanilib\/","url":"https:\/\/www.meydan.tv\/az\/article\/qusar-rayon-merkezi-xestexanasinin-bas-hekimi-saxlanilib\/","name":"Qusar Rayon M\u0259rk\u0259zi X\u0259st\u0259xanas\u0131n\u0131n ba\u015f h\u0259kimi saxlan\u0131l\u0131b - MEYDAN.TV","isPartOf":{"@id":"https:\/\/www.meydan.tv\/az\/#website"},"primaryImageOfPage":{"@id":"https:\/\/www.meydan.tv\/az\/article\/qusar-rayon-merkezi-xestexanasinin-bas-hekimi-saxlanilib\/#primaryimage"},"image":{"@id":"https:\/\/www.meydan.tv\/az\/article\/qusar-rayon-merkezi-xestexanasinin-bas-hekimi-saxlanilib\/#primaryimage"},"thumbnailUrl":"https:\/\/www.meydan.tv\/wp-content\/uploads\/15593836861290050692_1000x669.jpg","datePublished":"2021-10-20T14:57:49+00:00","breadcrumb":{"@id":"https:\/\/www.meydan.tv\/az\/article\/qusar-rayon-merkezi-xestexanasinin-bas-hekimi-saxlanilib\/#breadcrumb"},"inLanguage":"az","potentialAction":[{"@type":"ReadAction","target":["https:\/\/www.meydan.tv\/az\/article\/qusar-rayon-merkezi-xestexanasinin-bas-hekimi-saxlanilib\/"]}]},{"@type":"ImageObject","inLanguage":"az","@id":"https:\/\/www.meydan.tv\/az\/article\/qusar-rayon-merkezi-xestexanasinin-bas-hekimi-saxlanilib\/#primaryimage","url":"https:\/\/www.meydan.tv\/wp-content\/uploads\/15593836861290050692_1000x669.jpg","contentUrl":"https:\/\/www.meydan.tv\/wp-content\/uploads\/15593836861290050692_1000x669.jpg","width":892,"height":669,"caption":"Source: Specify Source"},{"@type":"BreadcrumbList","@id":"https:\/\/www.meydan.tv\/az\/article\/qusar-rayon-merkezi-xestexanasinin-bas-hekimi-saxlanilib\/#breadcrumb","itemListElement":[{"@type":"ListItem","position":1,"name":"Ana s\u0259hif\u0259","item":"https:\/\/www.meydan.tv\/az\/"},{"@type":"ListItem","position":2,"name":"B\u00f6lg\u0259","item":"https:\/\/www.meydan.tv\/az\/section\/bolge\/"},{"@type":"ListItem","position":3,"name":"Qusar Rayon M\u0259rk\u0259zi X\u0259st\u0259xanas\u0131n\u0131n ba\u015f h\u0259kimi saxlan\u0131l\u0131b"}]},{"@type":"WebSite","@id":"https:\/\/www.meydan.tv\/az\/#website","url":"https:\/\/www.meydan.tv\/az\/","name":"MEYDAN.TV","description":"Meydan TV Az\u0259rbaycan\u0131n media m\u0259kan\u0131ndak\u0131 alternativ s\u0259sidir","publisher":{"@id":"https:\/\/www.meydan.tv\/az\/#organization"},"potentialAction":[{"@type":"SearchAction","target":{"@type":"EntryPoint","urlTemplate":"https:\/\/www.meydan.tv\/az\/?s={search_term_string}"},"query-input":{"@type":"PropertyValueSpecification","valueRequired":true,"valueName":"search_term_string"}}],"inLanguage":"az"},{"@type":"Organization","@id":"https:\/\/www.meydan.tv\/az\/#organization","name":"Meydan TV","url":"https:\/\/www.meydan.tv\/az\/","logo":{"@type":"ImageObject","inLanguage":"az","@id":"https:\/\/www.meydan.tv\/az\/#\/schema\/logo\/image\/","url":"https:\/\/www.meydan.tv\/wp-content\/uploads\/2021\/07\/meydan-logo.svg","contentUrl":"https:\/\/www.meydan.tv\/wp-content\/uploads\/2021\/07\/meydan-logo.svg","width":195,"height":46,"caption":"Meydan TV"},"image":{"@id":"https:\/\/www.meydan.tv\/az\/#\/schema\/logo\/image\/"}},{"@type":"Person","@id":"https:\/\/www.meydan.tv\/az\/#\/schema\/person\/10d11eccf6da3662cf5fdab9806ea91a","name":"user-manager"}]}},"_links":{"self":[{"href":"https:\/\/www.meydan.tv\/az\/wp-json\/wp\/v2\/posts\/213386","targetHints":{"allow":["GET"]}}],"collection":[{"href":"https:\/\/www.meydan.tv\/az\/wp-json\/wp\/v2\/posts"}],"about":[{"href":"https:\/\/www.meydan.tv\/az\/wp-json\/wp\/v2\/types\/post"}],"author":[{"embeddable":true,"href":"https:\/\/www.meydan.tv\/az\/wp-json\/wp\/v2\/users\/11"}],"replies":[{"embeddable":true,"href":"https:\/\/www.meydan.tv\/az\/wp-json\/wp\/v2\/comments?post=213386"}],"version-history":[{"count":0,"href":"https:\/\/www.meydan.tv\/az\/wp-json\/wp\/v2\/posts\/213386\/revisions"}],"wp:featuredmedia":[{"embeddable":true,"href":"https:\/\/www.meydan.tv\/az\/wp-json\/wp\/v2\/media\/211416"}],"wp:attachment":[{"href":"https:\/\/www.meydan.tv\/az\/wp-json\/wp\/v2\/media?parent=213386"}],"wp:term":[{"taxonomy":"category","embeddable":true,"href":"https:\/\/www.meydan.tv\/az\/wp-json\/wp\/v2\/categories?post=213386"},{"taxonomy":"post_tag","embeddable":true,"href":"https:\/\/www.meydan.tv\/az\/wp-json\/wp\/v2\/tags?post=213386"}],"curies":[{"name":"wp","href":"https:\/\/api.w.org\/{rel}","templated":true}]}}