{"id":213385,"date":"2021-10-20T12:25:24","date_gmt":"2021-10-20T12:25:24","guid":{"rendered":"https:\/\/www.meydan.tv\/article\/azerbaycanli-ressam-beynelxalq-tedbirlerden-imtina-etdi\/"},"modified":"2021-10-20T12:25:24","modified_gmt":"2021-10-20T12:25:24","slug":"azerbaycanli-ressam-beynelxalq-tedbirlerden-imtina-etdi","status":"publish","type":"post","link":"https:\/\/www.meydan.tv\/az\/article\/azerbaycanli-ressam-beynelxalq-tedbirlerden-imtina-etdi\/","title":{"rendered":"R\u0259ssam Az\u0259rbaycan\u0131 beyn\u0259lxalq t\u0259dbirl\u0259rd\u0259 t\u0259msil etm\u0259kd\u0259n imtina etdi"},"content":{"rendered":"<p>\n  <i><br \/>\n    &quot;\u201cM\u0259d\u0259niyy\u0259t nazirin\u0259 m\u00fcraci\u0259t etmi\u015f\u0259m ki, d\u0259rdimi, s\u0131x\u0131nt\u0131lar\u0131m\u0131 dinl\u0259sin&quot;<br \/>\n  <\/i>\n<\/p>\n<p>\n  Karikatura\u00e7\u0131 r\u0259ssam Seyran C\u0259f\u0259rli Az\u0259rbaycan\u0131 beyn\u0259lxalq t\u0259dbirl\u0259rd\u0259 t\u0259msild\u0259n imtina edib.\n<\/p>\n<p>\n  O bu bar\u0259d\u0259 Meydan TV-y\u0259 a\u00e7\u0131qlama verib.\n<\/p>\n<p>\n  R\u0259ssam bildirib ki, buna s\u0259b\u0259b s\u0259n\u0259tin\u0259 layiqli d\u0259y\u0259rin verilm\u0259m\u0259sidir: \u201cM\u0259d\u0259niyy\u0259t naziri Anar K\u0259rimova m\u00fcraci\u0259t etmi\u015f\u0259m ki, d\u0259rdimi, s\u0131x\u0131nt\u0131lar\u0131m\u0131 dinl\u0259sin. \u0130ki aydan \u00e7ox vaxt ke\u00e7s\u0259 d\u0259, h\u0259l\u0259 cavab g\u0259lm\u0259yib. M\u0259d\u0259niyy\u0259t Nazirliyinin i\u015fi ondan ibar\u0259tdir ki, bu sah\u0259d\u0259 \u00e7al\u0131\u015fan insanlar: r\u0259ssam, heyk\u0259ltara\u015f, musiqi\u00e7i v\u0259 dig\u0259rl\u0259ri il\u0259 maraqlans\u0131n. Karikatura Az\u0259rbaycan m\u0259d\u0259niyy\u0259tinin bir qoludur. \u00d6lk\u0259d\u0259 karikatura\u00e7\u0131lar barmaqla say\u0131lacaq q\u0259d\u0259rdir. M\u0259hz buna g\u00f6r\u0259 M\u0259d\u0259niyy\u0259t Nazirliyi d\u0259 bilm\u0259lidir ki, bel\u0259 bir s\u0259n\u0259t adam\u0131 var. \u00d6lk\u0259ni karikatura sah\u0259sind\u0259 tan\u0131dan bir insan\u0131, m\u0259d\u0259niyy\u0259t naziri \u00f6z\u00fc q\u0259bul etm\u0259s\u0259 d\u0259, he\u00e7 olmasa m\u00fcavini dinl\u0259m\u0259lidir. Niy\u0259 karikatura\u00e7\u0131larla maraqlanm\u0131rlar? Niy\u0259 m\u0259n indiy\u0259 kimi \u00f6z \u00f6lk\u0259md\u0259 bir s\u0259rgi a\u00e7a bilmir\u0259m? Niy\u0259 prezidentin s\u0259n\u0259t adamlar\u0131 \u00fc\u00e7\u00fcn d\u0259 t\u0259yin etdiyi f\u0259rdi t\u0259qa\u00fcd\u00fc ala bilmir\u0259m? On be\u015f ildir ki, susuram. \u00d6lk\u0259ni bu q\u0259d\u0259r t\u0259msil etm\u0259yimin, m\u00fckafatlar\u0131m\u0131n qar\u015f\u0131l\u0131\u011f\u0131nda niy\u0259 prezident t\u0259qa\u00fcd\u00fcn\u0259 layiq g\u00f6r\u00fclm\u0259yim? \u00c7ox ciddi maddi s\u0131x\u0131nt\u0131lar\u0131m var. \u0130\u015fl\u0259yir\u0259m, amma \u00e7\u0259tinlikl\u0259 ya\u015fay\u0131ram. Normal i\u015f masam yoxdur. Kitablar\u0131m\u0131 ye\u015fikl\u0259rd\u0259 saxlay\u0131ram. Adi kitab \u015fkaf\u0131m yoxdur ki, m\u00fckafatlar\u0131m\u0131 v\u0259 kitablar\u0131m\u0131 y\u0131\u011f\u0131m. Prezident t\u0259qa\u00fcd\u00fc yarad\u0131c\u0131 insanlara stimul verm\u0259k \u00fc\u00e7\u00fcn n\u0259z\u0259rd\u0259 tutulub. R\u0259ssam he\u00e7 olmasa ka\u011f\u0131z\u0131n\u0131 ala bilsin. \u00d6z m\u0259n\u0259vi yarad\u0131c\u0131l\u0131q ehtiyaclar\u0131n\u0131 \u00f6d\u0259y\u0259 bilsin. K\u00fcs\u0259y\u0259nliyim h\u0259m d\u0259 m\u0259n\u0259vidir. \u00c7ox t\u0259\u0259ss\u00fcf ki, \u00f6z \u00f6lk\u0259md\u0259 s\u0259n\u0259tim\u0259 d\u0259y\u0259r verilmir. Karikatura\u00e7\u0131 olaraq i\u015fim\u0259 d\u0259y\u0259r verilm\u0259m\u0259si m\u0259n\u0259 \u00e7ox a\u011f\u0131r g\u0259lir\u201d.\n<\/p>\n<figure class=\"wp-block-image size-large\">\n  <img decoding=\"async\" src=\"https:\/\/www.meydan.tv\/az\/covid19-3-jpg\/\" alt=\"covid19-3.jpg\" class=\"wp-image-211398\"\/><figcaption>\n    Karikatura<br \/>\n  <\/figcaption><\/figure>\n<p>\n  Karikatura\u00e7\u0131 beyn\u0259lxalq s\u0259rgil\u0259rd\u0259 bundan sonra T\u00fcrkiy\u0259 t\u0259msil\u00e7isi kimi \u00e7\u0131x\u0131\u015f ed\u0259c\u0259yini s\u00f6yl\u0259yir: \u201c\u00d6z sah\u0259min ustas\u0131 olaraq Az\u0259rbaycan\u0131 beyn\u0259lxalq t\u0259dbirl\u0259rd\u0259 t\u0259msil etm\u0259kd\u0259n h\u0259mi\u015f\u0259 q\u00fcrur duymu\u015fam. Lakin art\u0131q yorulmu\u015fam. Ona g\u00f6r\u0259 d\u0259 m\u0259n\u0259vi yor\u011funlu\u011fumu \u00e7\u0131xarmaq \u00fc\u00e7\u00fcn bundan sonra yar\u0131\u015flarda T\u00fcrkiy\u0259ni t\u0259msil ed\u0259c\u0259y\u0259m. \u0130nsana layiqli d\u0259y\u0259ri ver\u0259nd\u0259 daha rahat olur. Bunu m\u0259n \u00f6z\u00fcm dem\u0259m\u0259liy\u0259m, d\u0259y\u0259ri verm\u0259lidirl\u0259r. On be\u015f il \u0259rzind\u0259 Az\u0259rbaycana beyn\u0259lxaq festivallardan y\u00fcz altm\u0131\u015fdan \u00e7ox m\u00fckafat g\u0259tirmi\u015f\u0259m. Bunu h\u0259tta xaricd\u0259ki karikatura\u00e7\u0131lar da t\u0259\u0259cc\u00fcbl\u0259 qar\u015f\u0131lay\u0131r, q\u0259hr\u0259manl\u0131q hesab edirl\u0259r. S\u0259b\u0259b odur ki, h\u0259r yar\u0131\u015fda t\u0259qdim olunan \u00fc\u00e7 min i\u015fin i\u00e7ind\u0259n \u0259l\u0259nib se\u00e7ilirs\u0259n. \u018fllid\u0259n \u00e7ox beyn\u0259lxalq yar\u0131\u015f\u0131n m\u00fcnsifl\u0259r hey\u0259tind\u0259 i\u015ftirak etmi\u015f\u0259m. Noyabrda T\u00fcrkiy\u0259d\u0259 ke\u00e7iril\u0259c\u0259k \u201cUluslararas\u0131 Organ Ba\u011f\u0131\u015f\u0131 Karikat\u00fcr Yar\u0131\u015fmas\u0131\u201dda m\u00fcnsif \u00fczv\u00fc kimi t\u0259msil olunaca\u011fam. Avropadan Asiyaya q\u0259d\u0259r el\u0259 bir \u00f6lk\u0259 yoxdur ki, orada s\u0259rgim ke\u00e7irilm\u0259sin, \u00fcst\u0259lik, m\u00fckafat almay\u0131m. Bel\u00e7ikada s\u0259rgim a\u00e7\u0131landa c\u0259mi on avro il\u0259 gemi\u015fdim. Bax\u0131n, m\u0259n \u00f6lk\u0259ni bel\u0259 t\u0259msil etmi\u015f\u0259m. Bu, Az\u0259rbaycan\u0131 t\u0259bli\u011f etm\u0259k deyil b\u0259s n\u0259dir? \u00c7\u0259kdiyim karikaturalarda Az\u0259rbaycanda, h\u0259m\u00e7inin d\u00fcnyada ged\u0259n prosesl\u0259r, sosial s\u0131x\u0131nt\u0131lar \u0259ks olunub. He\u00e7 vaxt kimd\u0259ns\u0259 n\u0259s\u0259 ummam\u0131\u015fam, \u00f6z\u00fcm\u00fc reklam etm\u0259mi\u015f\u0259m. H\u0259mi\u015f\u0259 m\u0259tbuatdan da qa\u00e7m\u0131\u015fam. B\u0259z\u0259n soru\u015furlar ki, niy\u0259 \u00f6z\u00fcn\u00fc t\u0259bli\u011f etmirs\u0259n? M\u0259g\u0259r \u00f6z\u00fcm\u00fc t\u0259bli\u011f etm\u0259liy\u0259m? Dem\u0259liy\u0259m ki, m\u0259n varam? Bunu dem\u0259m\u0259liy\u0259m. Nazirlik \u00f6z\u00fc s\u0259n\u0259t adamlar\u0131 il\u0259 maraqlanmal\u0131, probleml\u0259rini dinl\u0259m\u0259lidir\u201d.\n<\/p>\n<figure class=\"wp-block-image size-large\">\n  <img decoding=\"async\" src=\"https:\/\/www.meydan.tv\/az\/covid19-2-jpg\/\" alt=\"covid19-2.jpg\" class=\"wp-image-211395\"\/><figcaption>\n    karikatura<br \/>\n  <\/figcaption><\/figure>\n<p>\n  <b><br \/>\n    Nazirlik: &quot;Seyran C\u0259f\u0259rli il\u0259 \u0259laq\u0259 saxlan\u0131l\u0131b, g\u00f6r\u00fc\u015f\u0259 d\u0259v\u0259t edilib\u201d<br \/>\n  <\/b>\n<\/p>\n<p>\n  M\u0259d\u0259niyy\u0259t Nazirliyinin S\u0259n\u0259d v\u0259 v\u0259t\u0259nda\u015flarla i\u015f \u015f\u00f6b\u0259sinin m\u00fcdiri \u0130smay\u0131l \u018fbd\u00fcl\u0259zimov Meydan TV-y\u0259 bildirib ki, Seyran C\u0259f\u0259rlinin nazirliy\u0259 h\u0259r hans\u0131 r\u0259smi m\u00fcraci\u0259ti daxil olmay\u0131b: \u201cM\u00f6vzunu \u0259trafl\u0131 m\u00fczakir\u0259 edib, m\u0259s\u0259l\u0259ni yoluna qoymaq m\u0259qs\u0259dil\u0259 Seyran C\u0259f\u0259rli il\u0259 \u0259laq\u0259 saxlan\u0131l\u0131b v\u0259 M\u0259d\u0259niyy\u0259t Nazirliyin\u0259 g\u00f6r\u00fc\u015f\u0259 d\u0259v\u0259t edilib\u201d.\n<\/p>\n<p>\n  Seyran C\u0259f\u0259rli Meydan TV-\u0259m\u0259kda\u015f\u0131 il\u0259 s\u00f6hb\u0259tind\u0259 fakt\u0131 t\u0259sdiql\u0259yib: \u201cNazirlikd\u0259n m\u0259niml\u0259 \u0259laq\u0259 saxlad\u0131lar, \u015fikay\u0259timl\u0259 maraqlan\u0131b, g\u00f6r\u00fc\u015f\u0259 d\u0259v\u0259t etdil\u0259r\u201d.\n<\/p>\n<p>\n  Seyran C\u0259f\u0259rli 1982-ci ild\u0259n \u201cKirpi\u201d satirik jurnal\u0131nda karikatura\u00e7\u0131 kimi f\u0259aliyy\u0259t g\u00f6st\u0259rib.\n<\/p>\n<p>\n  1992-ci ild\u0259 Az\u0259rbaycan Jurnalist S\u0259n\u0259tkarl\u0131\u011f\u0131 kursunu bitirib.\n<\/p>\n<p>\n  2002-2005-ci ill\u0259r \u201cMolla N\u0259sr\u0259ddin\u201d beyn\u0259lxalq karikatura m\u00fcsabiq\u0259l\u0259rinin t\u0259\u015fkilat\u00e7\u0131s\u0131 olub.\n<\/p>\n<p>\n  M\u00fcxt\u0259lif \u00f6lk\u0259l\u0259rind\u0259 ke\u00e7iril\u0259n beyn\u0259lxalq m\u00fcsabiq\u0259 v\u0259 s\u0259rgil\u0259rin m\u00fcnsifl\u0259r hey\u0259tinin \u00fczv\u00fc olub.\n<\/p>\n<p>\n  2002-ci ild\u0259n \u201cWITTY WORLD\u201d (AB\u015e) elektron jurnal\u0131nda karikatura\u00e7\u0131lar qrupunun \u00fczv\u00fcd\u00fcr.\n<\/p>\n<p>\n  Beyn\u0259lxalq karikatura yar\u0131\u015fmalar\u0131nda y\u00fcz altm\u0131\u015fdan \u00e7ox m\u00fckafat al\u0131b.\n<\/p>\n<p>\n  \u018fs\u0259rl\u0259ri q\u0131z\u0131l, g\u00fcm\u00fc\u015f, b\u00fcr\u00fcnc medallara v\u0259 x\u00fcsusi diplomlara layiq g\u00f6r\u00fcl\u00fcb, 200-\u0259 yax\u0131n kataloqlarda \u0259s\u0259rl\u0259ri \u00e7ap olunub.\n<\/p>\n<p>\n  2003-c\u00fc ild\u0259 \u201cKarikaturistl\u0259r Birliyi\u201dni t\u0259sis edib.\n<\/p>\n<p>\n  \u201cBeyn\u0259lxalq Karikatura X\u0259b\u0259r M\u0259rk\u0259zi\u201d sayt\u0131n\u0131n direktorudur. 2007-ci ild\u0259n \u201cDon Kixot Karikatura Komit\u0259si\u201dnin \u00fczv\u00fcd\u00fcr.\n<\/p>\n<p>\n  2008-ci ild\u0259n \u201cYumor\u201d satirik jurnal\u0131n\u0131n t\u0259sis\u00e7isi v\u0259 ba\u015f redaktorudur.\n<\/p>\n<p>\n  Prezidentin f\u0259rdi t\u0259qa\u00fcd\u00fc &#8211; Heyd\u0259r \u018fliyevin 2002-ci il 11 iyun tarixli f\u0259rman\u0131 il\u0259 \u0259d\u0259biyyat, inc\u0259s\u0259n\u0259t xadiml\u0259rin\u0259, elm, t\u0259hsil, m\u0259d\u0259niyy\u0259t, iqtisadiyyat v\u0259 dig\u0259r sah\u0259l\u0259rd\u0259 \u0259m\u0259yi olmu\u015f \u015f\u0259xsl\u0259rin xidm\u0259tl\u0259rinin qiym\u0259tl\u0259ndirilm\u0259si v\u0259 onlar\u0131n sosial v\u0259ziyy\u0259tinin yax\u015f\u0131la\u015fd\u0131r\u0131lmas\u0131 m\u0259qs\u0259di il\u0259 t\u0259sis edilib.\n<\/p>\n<p>\n  F\u0259rdi t\u0259qa\u00fcd 1450 manat olmaqla d\u00f6vl\u0259t b\u00fcdc\u0259si hesab\u0131na verilir.\n<\/p>\n<figure class=\"wp-block-image size-large\">\n  <img decoding=\"async\" src=\"https:\/\/www.meydan.tv\/az\/destruction_of_nature-1-jpeg\/\" alt=\"destruction_of_nature-1.jpeg\" class=\"wp-image-211401\"\/><figcaption>\n    Karikatura<br \/>\n  <\/figcaption><\/figure>\n","protected":false},"excerpt":{"rendered":"<p>&#8220;K\u00fcs\u0259y\u0259nliyim h\u0259m d\u0259 m\u0259n\u0259vidir&#8221;<\/p>\n","protected":false},"author":11,"featured_media":211392,"comment_status":"closed","ping_status":"open","sticky":false,"template":"","format":"standard","meta":{"_acf_changed":false,"_sitemap_exclude":false,"_sitemap_priority":"","_sitemap_frequency":"","footnotes":""},"categories":[52],"tags":[],"class_list":["post-213385","post","type-post","status-publish","format-standard","has-post-thumbnail","hentry","category-medeniyyet","infinite-scroll-item","generate-columns","tablet-grid-50","mobile-grid-100","grid-parent","grid-33","no-featured-image-padding"],"acf":[],"yoast_head":"<!-- This site is optimized with the Yoast SEO plugin v27.4 - https:\/\/yoast.com\/product\/yoast-seo-wordpress\/ -->\n<title>R\u0259ssam Az\u0259rbaycan\u0131 beyn\u0259lxalq t\u0259dbirl\u0259rd\u0259 t\u0259msil etm\u0259kd\u0259n imtina etdi - MEYDAN.TV<\/title>\n<meta name=\"robots\" content=\"index, follow, max-snippet:-1, max-image-preview:large, max-video-preview:-1\" \/>\n<link rel=\"canonical\" href=\"https:\/\/www.meydan.tv\/az\/article\/azerbaycanli-ressam-beynelxalq-tedbirlerden-imtina-etdi\/\" \/>\n<meta property=\"og:locale\" content=\"az_AZ\" \/>\n<meta property=\"og:type\" content=\"article\" \/>\n<meta property=\"og:title\" content=\"R\u0259ssam Az\u0259rbaycan\u0131 beyn\u0259lxalq t\u0259dbirl\u0259rd\u0259 t\u0259msil etm\u0259kd\u0259n imtina etdi - MEYDAN.TV\" \/>\n<meta property=\"og:description\" content=\"&quot;K\u00fcs\u0259y\u0259nliyim h\u0259m d\u0259 m\u0259n\u0259vidir&quot;\" \/>\n<meta property=\"og:url\" content=\"https:\/\/www.meydan.tv\/az\/article\/azerbaycanli-ressam-beynelxalq-tedbirlerden-imtina-etdi\/\" \/>\n<meta property=\"og:site_name\" content=\"MEYDAN.TV\" \/>\n<meta property=\"article:published_time\" content=\"2021-10-20T12:25:24+00:00\" \/>\n<meta property=\"og:image\" content=\"https:\/\/www.meydan.tv\/wp-content\/uploads\/seyran_caferli-photo-scaled.jpg\" \/>\n\t<meta property=\"og:image:width\" content=\"2560\" \/>\n\t<meta property=\"og:image:height\" content=\"2449\" \/>\n\t<meta property=\"og:image:type\" content=\"image\/jpeg\" \/>\n<meta name=\"author\" content=\"user-manager\" \/>\n<meta name=\"twitter:card\" content=\"summary_large_image\" \/>\n<script type=\"application\/ld+json\" class=\"yoast-schema-graph\">{\"@context\":\"https:\\\/\\\/schema.org\",\"@graph\":[{\"@type\":\"Article\",\"@id\":\"https:\\\/\\\/www.meydan.tv\\\/az\\\/article\\\/azerbaycanli-ressam-beynelxalq-tedbirlerden-imtina-etdi\\\/#article\",\"isPartOf\":{\"@id\":\"https:\\\/\\\/www.meydan.tv\\\/az\\\/article\\\/azerbaycanli-ressam-beynelxalq-tedbirlerden-imtina-etdi\\\/\"},\"author\":{\"name\":\"user-manager\",\"@id\":\"https:\\\/\\\/www.meydan.tv\\\/az\\\/#\\\/schema\\\/person\\\/10d11eccf6da3662cf5fdab9806ea91a\"},\"headline\":\"R\u0259ssam Az\u0259rbaycan\u0131 beyn\u0259lxalq t\u0259dbirl\u0259rd\u0259 t\u0259msil etm\u0259kd\u0259n imtina etdi\",\"datePublished\":\"2021-10-20T12:25:24+00:00\",\"mainEntityOfPage\":{\"@id\":\"https:\\\/\\\/www.meydan.tv\\\/az\\\/article\\\/azerbaycanli-ressam-beynelxalq-tedbirlerden-imtina-etdi\\\/\"},\"wordCount\":1159,\"publisher\":{\"@id\":\"https:\\\/\\\/www.meydan.tv\\\/az\\\/#organization\"},\"image\":{\"@id\":\"https:\\\/\\\/www.meydan.tv\\\/az\\\/article\\\/azerbaycanli-ressam-beynelxalq-tedbirlerden-imtina-etdi\\\/#primaryimage\"},\"thumbnailUrl\":\"https:\\\/\\\/www.meydan.tv\\\/wp-content\\\/uploads\\\/seyran_caferli-photo-scaled.jpg\",\"articleSection\":[\"M\u0259d\u0259niyy\u0259t\"],\"inLanguage\":\"az\"},{\"@type\":\"WebPage\",\"@id\":\"https:\\\/\\\/www.meydan.tv\\\/az\\\/article\\\/azerbaycanli-ressam-beynelxalq-tedbirlerden-imtina-etdi\\\/\",\"url\":\"https:\\\/\\\/www.meydan.tv\\\/az\\\/article\\\/azerbaycanli-ressam-beynelxalq-tedbirlerden-imtina-etdi\\\/\",\"name\":\"R\u0259ssam Az\u0259rbaycan\u0131 beyn\u0259lxalq t\u0259dbirl\u0259rd\u0259 t\u0259msil etm\u0259kd\u0259n imtina etdi - MEYDAN.TV\",\"isPartOf\":{\"@id\":\"https:\\\/\\\/www.meydan.tv\\\/az\\\/#website\"},\"primaryImageOfPage\":{\"@id\":\"https:\\\/\\\/www.meydan.tv\\\/az\\\/article\\\/azerbaycanli-ressam-beynelxalq-tedbirlerden-imtina-etdi\\\/#primaryimage\"},\"image\":{\"@id\":\"https:\\\/\\\/www.meydan.tv\\\/az\\\/article\\\/azerbaycanli-ressam-beynelxalq-tedbirlerden-imtina-etdi\\\/#primaryimage\"},\"thumbnailUrl\":\"https:\\\/\\\/www.meydan.tv\\\/wp-content\\\/uploads\\\/seyran_caferli-photo-scaled.jpg\",\"datePublished\":\"2021-10-20T12:25:24+00:00\",\"breadcrumb\":{\"@id\":\"https:\\\/\\\/www.meydan.tv\\\/az\\\/article\\\/azerbaycanli-ressam-beynelxalq-tedbirlerden-imtina-etdi\\\/#breadcrumb\"},\"inLanguage\":\"az\",\"potentialAction\":[{\"@type\":\"ReadAction\",\"target\":[\"https:\\\/\\\/www.meydan.tv\\\/az\\\/article\\\/azerbaycanli-ressam-beynelxalq-tedbirlerden-imtina-etdi\\\/\"]}]},{\"@type\":\"ImageObject\",\"inLanguage\":\"az\",\"@id\":\"https:\\\/\\\/www.meydan.tv\\\/az\\\/article\\\/azerbaycanli-ressam-beynelxalq-tedbirlerden-imtina-etdi\\\/#primaryimage\",\"url\":\"https:\\\/\\\/www.meydan.tv\\\/wp-content\\\/uploads\\\/seyran_caferli-photo-scaled.jpg\",\"contentUrl\":\"https:\\\/\\\/www.meydan.tv\\\/wp-content\\\/uploads\\\/seyran_caferli-photo-scaled.jpg\",\"width\":2560,\"height\":2449,\"caption\":\"Source: Specify Source\"},{\"@type\":\"BreadcrumbList\",\"@id\":\"https:\\\/\\\/www.meydan.tv\\\/az\\\/article\\\/azerbaycanli-ressam-beynelxalq-tedbirlerden-imtina-etdi\\\/#breadcrumb\",\"itemListElement\":[{\"@type\":\"ListItem\",\"position\":1,\"name\":\"Ana s\u0259hif\u0259\",\"item\":\"https:\\\/\\\/www.meydan.tv\\\/az\\\/\"},{\"@type\":\"ListItem\",\"position\":2,\"name\":\"M\u0259d\u0259niyy\u0259t\",\"item\":\"https:\\\/\\\/www.meydan.tv\\\/az\\\/section\\\/medeniyyet\\\/\"},{\"@type\":\"ListItem\",\"position\":3,\"name\":\"R\u0259ssam Az\u0259rbaycan\u0131 beyn\u0259lxalq t\u0259dbirl\u0259rd\u0259 t\u0259msil etm\u0259kd\u0259n imtina etdi\"}]},{\"@type\":\"WebSite\",\"@id\":\"https:\\\/\\\/www.meydan.tv\\\/az\\\/#website\",\"url\":\"https:\\\/\\\/www.meydan.tv\\\/az\\\/\",\"name\":\"MEYDAN.TV\",\"description\":\"Meydan TV Az\u0259rbaycan\u0131n media m\u0259kan\u0131ndak\u0131 alternativ s\u0259sidir\",\"publisher\":{\"@id\":\"https:\\\/\\\/www.meydan.tv\\\/az\\\/#organization\"},\"potentialAction\":[{\"@type\":\"SearchAction\",\"target\":{\"@type\":\"EntryPoint\",\"urlTemplate\":\"https:\\\/\\\/www.meydan.tv\\\/az\\\/?s={search_term_string}\"},\"query-input\":{\"@type\":\"PropertyValueSpecification\",\"valueRequired\":true,\"valueName\":\"search_term_string\"}}],\"inLanguage\":\"az\"},{\"@type\":\"Organization\",\"@id\":\"https:\\\/\\\/www.meydan.tv\\\/az\\\/#organization\",\"name\":\"Meydan TV\",\"url\":\"https:\\\/\\\/www.meydan.tv\\\/az\\\/\",\"logo\":{\"@type\":\"ImageObject\",\"inLanguage\":\"az\",\"@id\":\"https:\\\/\\\/www.meydan.tv\\\/az\\\/#\\\/schema\\\/logo\\\/image\\\/\",\"url\":\"https:\\\/\\\/www.meydan.tv\\\/wp-content\\\/uploads\\\/2021\\\/07\\\/meydan-logo.svg\",\"contentUrl\":\"https:\\\/\\\/www.meydan.tv\\\/wp-content\\\/uploads\\\/2021\\\/07\\\/meydan-logo.svg\",\"width\":195,\"height\":46,\"caption\":\"Meydan TV\"},\"image\":{\"@id\":\"https:\\\/\\\/www.meydan.tv\\\/az\\\/#\\\/schema\\\/logo\\\/image\\\/\"}},{\"@type\":\"Person\",\"@id\":\"https:\\\/\\\/www.meydan.tv\\\/az\\\/#\\\/schema\\\/person\\\/10d11eccf6da3662cf5fdab9806ea91a\",\"name\":\"user-manager\"}]}<\/script>\n<!-- \/ Yoast SEO plugin. -->","yoast_head_json":{"title":"R\u0259ssam Az\u0259rbaycan\u0131 beyn\u0259lxalq t\u0259dbirl\u0259rd\u0259 t\u0259msil etm\u0259kd\u0259n imtina etdi - MEYDAN.TV","robots":{"index":"index","follow":"follow","max-snippet":"max-snippet:-1","max-image-preview":"max-image-preview:large","max-video-preview":"max-video-preview:-1"},"canonical":"https:\/\/www.meydan.tv\/az\/article\/azerbaycanli-ressam-beynelxalq-tedbirlerden-imtina-etdi\/","og_locale":"az_AZ","og_type":"article","og_title":"R\u0259ssam Az\u0259rbaycan\u0131 beyn\u0259lxalq t\u0259dbirl\u0259rd\u0259 t\u0259msil etm\u0259kd\u0259n imtina etdi - MEYDAN.TV","og_description":"\"K\u00fcs\u0259y\u0259nliyim h\u0259m d\u0259 m\u0259n\u0259vidir\"","og_url":"https:\/\/www.meydan.tv\/az\/article\/azerbaycanli-ressam-beynelxalq-tedbirlerden-imtina-etdi\/","og_site_name":"MEYDAN.TV","article_published_time":"2021-10-20T12:25:24+00:00","og_image":[{"width":2560,"height":2449,"url":"https:\/\/www.meydan.tv\/wp-content\/uploads\/seyran_caferli-photo-scaled.jpg","type":"image\/jpeg"}],"author":"user-manager","twitter_card":"summary_large_image","schema":{"@context":"https:\/\/schema.org","@graph":[{"@type":"Article","@id":"https:\/\/www.meydan.tv\/az\/article\/azerbaycanli-ressam-beynelxalq-tedbirlerden-imtina-etdi\/#article","isPartOf":{"@id":"https:\/\/www.meydan.tv\/az\/article\/azerbaycanli-ressam-beynelxalq-tedbirlerden-imtina-etdi\/"},"author":{"name":"user-manager","@id":"https:\/\/www.meydan.tv\/az\/#\/schema\/person\/10d11eccf6da3662cf5fdab9806ea91a"},"headline":"R\u0259ssam Az\u0259rbaycan\u0131 beyn\u0259lxalq t\u0259dbirl\u0259rd\u0259 t\u0259msil etm\u0259kd\u0259n imtina etdi","datePublished":"2021-10-20T12:25:24+00:00","mainEntityOfPage":{"@id":"https:\/\/www.meydan.tv\/az\/article\/azerbaycanli-ressam-beynelxalq-tedbirlerden-imtina-etdi\/"},"wordCount":1159,"publisher":{"@id":"https:\/\/www.meydan.tv\/az\/#organization"},"image":{"@id":"https:\/\/www.meydan.tv\/az\/article\/azerbaycanli-ressam-beynelxalq-tedbirlerden-imtina-etdi\/#primaryimage"},"thumbnailUrl":"https:\/\/www.meydan.tv\/wp-content\/uploads\/seyran_caferli-photo-scaled.jpg","articleSection":["M\u0259d\u0259niyy\u0259t"],"inLanguage":"az"},{"@type":"WebPage","@id":"https:\/\/www.meydan.tv\/az\/article\/azerbaycanli-ressam-beynelxalq-tedbirlerden-imtina-etdi\/","url":"https:\/\/www.meydan.tv\/az\/article\/azerbaycanli-ressam-beynelxalq-tedbirlerden-imtina-etdi\/","name":"R\u0259ssam Az\u0259rbaycan\u0131 beyn\u0259lxalq t\u0259dbirl\u0259rd\u0259 t\u0259msil etm\u0259kd\u0259n imtina etdi - MEYDAN.TV","isPartOf":{"@id":"https:\/\/www.meydan.tv\/az\/#website"},"primaryImageOfPage":{"@id":"https:\/\/www.meydan.tv\/az\/article\/azerbaycanli-ressam-beynelxalq-tedbirlerden-imtina-etdi\/#primaryimage"},"image":{"@id":"https:\/\/www.meydan.tv\/az\/article\/azerbaycanli-ressam-beynelxalq-tedbirlerden-imtina-etdi\/#primaryimage"},"thumbnailUrl":"https:\/\/www.meydan.tv\/wp-content\/uploads\/seyran_caferli-photo-scaled.jpg","datePublished":"2021-10-20T12:25:24+00:00","breadcrumb":{"@id":"https:\/\/www.meydan.tv\/az\/article\/azerbaycanli-ressam-beynelxalq-tedbirlerden-imtina-etdi\/#breadcrumb"},"inLanguage":"az","potentialAction":[{"@type":"ReadAction","target":["https:\/\/www.meydan.tv\/az\/article\/azerbaycanli-ressam-beynelxalq-tedbirlerden-imtina-etdi\/"]}]},{"@type":"ImageObject","inLanguage":"az","@id":"https:\/\/www.meydan.tv\/az\/article\/azerbaycanli-ressam-beynelxalq-tedbirlerden-imtina-etdi\/#primaryimage","url":"https:\/\/www.meydan.tv\/wp-content\/uploads\/seyran_caferli-photo-scaled.jpg","contentUrl":"https:\/\/www.meydan.tv\/wp-content\/uploads\/seyran_caferli-photo-scaled.jpg","width":2560,"height":2449,"caption":"Source: Specify Source"},{"@type":"BreadcrumbList","@id":"https:\/\/www.meydan.tv\/az\/article\/azerbaycanli-ressam-beynelxalq-tedbirlerden-imtina-etdi\/#breadcrumb","itemListElement":[{"@type":"ListItem","position":1,"name":"Ana s\u0259hif\u0259","item":"https:\/\/www.meydan.tv\/az\/"},{"@type":"ListItem","position":2,"name":"M\u0259d\u0259niyy\u0259t","item":"https:\/\/www.meydan.tv\/az\/section\/medeniyyet\/"},{"@type":"ListItem","position":3,"name":"R\u0259ssam Az\u0259rbaycan\u0131 beyn\u0259lxalq t\u0259dbirl\u0259rd\u0259 t\u0259msil etm\u0259kd\u0259n imtina etdi"}]},{"@type":"WebSite","@id":"https:\/\/www.meydan.tv\/az\/#website","url":"https:\/\/www.meydan.tv\/az\/","name":"MEYDAN.TV","description":"Meydan TV Az\u0259rbaycan\u0131n media m\u0259kan\u0131ndak\u0131 alternativ s\u0259sidir","publisher":{"@id":"https:\/\/www.meydan.tv\/az\/#organization"},"potentialAction":[{"@type":"SearchAction","target":{"@type":"EntryPoint","urlTemplate":"https:\/\/www.meydan.tv\/az\/?s={search_term_string}"},"query-input":{"@type":"PropertyValueSpecification","valueRequired":true,"valueName":"search_term_string"}}],"inLanguage":"az"},{"@type":"Organization","@id":"https:\/\/www.meydan.tv\/az\/#organization","name":"Meydan TV","url":"https:\/\/www.meydan.tv\/az\/","logo":{"@type":"ImageObject","inLanguage":"az","@id":"https:\/\/www.meydan.tv\/az\/#\/schema\/logo\/image\/","url":"https:\/\/www.meydan.tv\/wp-content\/uploads\/2021\/07\/meydan-logo.svg","contentUrl":"https:\/\/www.meydan.tv\/wp-content\/uploads\/2021\/07\/meydan-logo.svg","width":195,"height":46,"caption":"Meydan TV"},"image":{"@id":"https:\/\/www.meydan.tv\/az\/#\/schema\/logo\/image\/"}},{"@type":"Person","@id":"https:\/\/www.meydan.tv\/az\/#\/schema\/person\/10d11eccf6da3662cf5fdab9806ea91a","name":"user-manager"}]}},"_links":{"self":[{"href":"https:\/\/www.meydan.tv\/az\/wp-json\/wp\/v2\/posts\/213385","targetHints":{"allow":["GET"]}}],"collection":[{"href":"https:\/\/www.meydan.tv\/az\/wp-json\/wp\/v2\/posts"}],"about":[{"href":"https:\/\/www.meydan.tv\/az\/wp-json\/wp\/v2\/types\/post"}],"author":[{"embeddable":true,"href":"https:\/\/www.meydan.tv\/az\/wp-json\/wp\/v2\/users\/11"}],"replies":[{"embeddable":true,"href":"https:\/\/www.meydan.tv\/az\/wp-json\/wp\/v2\/comments?post=213385"}],"version-history":[{"count":0,"href":"https:\/\/www.meydan.tv\/az\/wp-json\/wp\/v2\/posts\/213385\/revisions"}],"wp:featuredmedia":[{"embeddable":true,"href":"https:\/\/www.meydan.tv\/az\/wp-json\/wp\/v2\/media\/211392"}],"wp:attachment":[{"href":"https:\/\/www.meydan.tv\/az\/wp-json\/wp\/v2\/media?parent=213385"}],"wp:term":[{"taxonomy":"category","embeddable":true,"href":"https:\/\/www.meydan.tv\/az\/wp-json\/wp\/v2\/categories?post=213385"},{"taxonomy":"post_tag","embeddable":true,"href":"https:\/\/www.meydan.tv\/az\/wp-json\/wp\/v2\/tags?post=213385"}],"curies":[{"name":"wp","href":"https:\/\/api.w.org\/{rel}","templated":true}]}}