{"id":213383,"date":"2021-10-20T13:22:03","date_gmt":"2021-10-20T13:22:03","guid":{"rendered":"https:\/\/www.meydan.tv\/article\/15-yasinda-aile-qurdum-indi-iki-usaqla-kucelerde-qalmisam\/"},"modified":"2021-10-20T13:22:03","modified_gmt":"2021-10-20T13:22:03","slug":"15-yasinda-aile-qurdum-indi-iki-usaqla-kucelerde-qalmisam","status":"publish","type":"post","link":"https:\/\/www.meydan.tv\/az\/article\/15-yasinda-aile-qurdum-indi-iki-usaqla-kucelerde-qalmisam\/","title":{"rendered":"\u201c15 ya\u015f\u0131nda ail\u0259 qurdum, indi iki u\u015faqla k\u00fc\u00e7\u0259l\u0259rd\u0259 qalm\u0131\u015fam\u201d"},"content":{"rendered":"<p>\n  <i><br \/>\n    \u0130mi\u015fli sakini \u00f6lk\u0259 r\u0259hb\u0259rliyind\u0259n k\u00f6m\u0259k ist\u0259yir<br \/>\n  <\/i>\n<\/p>\n<p>\n  \u201c15 ya\u015f\u0131mda dedil\u0259r ki, bu g\u00fcnd\u0259n evli qad\u0131nsan, ona g\u00f6r\u0259 davran, raz\u0131la\u015fd\u0131m. 16 ya\u015f\u0131mda k\u00f6rp\u0259mi quca\u011f\u0131ma ver\u0259nd\u0259 \u201cart\u0131q anasan\u201d, &#8211; dedil\u0259r, etiraz etm\u0259dim. H\u0259yat\u0131m g\u0259tirm\u0259di, ayr\u0131ld\u0131m. Bu d\u0259f\u0259 d\u0259 dedil\u0259r: \u201cBir u\u015faqla t\u0259k qad\u0131n olmaz, \u0259r\u0259 get\u201d. Onu da etdim. N\u0259tic\u0259d\u0259, t\u0259hsilsiz, i\u015fsiz, 2 u\u015faqla k\u00fc\u00e7\u0259l\u0259rd\u0259y\u0259m. \u0130ndi is\u0259 he\u00e7 bir m\u0259sl\u0259h\u0259t ver\u0259n yoxdur, s\u0259sl\u0259r k\u0259silib v\u0259 m\u0259n t\u0259nhayam\u201d.\n<\/p>\n<p>\n  28 ya\u015fl\u0131 \u0130mi\u015fli sakini N\u0259rmin\u0259 H\u00fcseynovan\u0131n s\u00f6zl\u0259ridir.\n<\/p>\n<p>\n  N\u0259rmin\u0259 H\u00fcseynova erk\u0259n ail\u0259 qurub v\u0259 bunun \u00f6z ist\u0259yi il\u0259 olmad\u0131\u011f\u0131n\u0131 bildirir. Dem\u0259sin\u0259 g\u00f6r\u0259, ilk evliliyind\u0259n olan 11 ya\u015fl\u0131 q\u0131z\u0131n\u0131n \u0259qli geriliyi var, m\u00fcalic\u0259 laz\u0131md\u0131r, ancaq imkan\u0131 yoxdur. \u0130kinci evliliyind\u0259n olan 2 ya\u015fl\u0131 o\u011flunun is\u0259 beyindaxili t\u0259zyiqi var. N\u0259rmin\u0259 onu h\u0259kim\u0259 aparma\u011fa da pul tapm\u0131r. Deyir: \u201cAld\u0131\u011f\u0131m 165 manat sosial m\u00fcavin\u0259tdir. O da he\u00e7 n\u0259y\u0259 \u00e7atm\u0131r\u201d.\n<\/p>\n<p>\n  \u0130kinci evliliyi d\u0259 yar\u0131m\u00e7\u0131q qalan N\u0259rmin\u0259 indi t\u0259kdir v\u0259 i\u015fl\u0259mir, \u0259lav\u0259 g\u0259liri yoxdur. Odur ki, n\u0259 u\u015faqlar\u0131n\u0131n, n\u0259 d\u0259 \u00f6z\u00fcn\u00fcn h\u0259yat\u0131n\u0131 t\u0259min ed\u0259 bilir. H\u0259tta bir ay \u00f6nc\u0259y\u0259 q\u0259d\u0259r qalma\u011fa yeri olmayan N\u0259rmin\u0259y\u0259 bu g\u00fcn bir ail\u0259 s\u0131\u011f\u0131nacaq verib. \u201c\u00c7ox yox, ayda 50 manat \u00f6d\u0259s\u0259n\u201d, &#8211; b\u0259sdir deyibl\u0259r. Ancaq N\u0259rmin\u0259nin o 50 manat\u0131 verm\u0259y\u0259 d\u0259 g\u00fcc\u00fc \u00e7atm\u0131r:\n<\/p>\n<p>\n  \u201cK\u00fc\u00e7\u0259d\u0259ydik, Allah raz\u0131 olsun, s\u0131\u011f\u0131nacaq verdil\u0259r. Q\u0131\u015f g\u0259lirdi, n\u0259 ed\u0259rdim? \u0130st\u0259dikl\u0259ri d\u0259 b\u00f6y\u00fck m\u0259bl\u0259\u011f deyil. Ancaq bir ayd\u0131r onu da toplay\u0131b ver\u0259 bilm\u0259mi\u015f\u0259m\u201d.\n<\/p>\n<p>\n  N\u0259rmin\u0259 H\u00fcseynova deyir ki, \u00f6z\u00fcn\u00fcn d\u0259 sa\u011fl\u0131q probleml\u0259ri var. Epilepsiyadan \u0259ziyy\u0259t \u00e7\u0259kir. Odur ki, i\u015f tap\u0131b \u00e7al\u0131\u015fa da bilmir:\n<\/p>\n<p>\n  \u201cH\u0259m d\u0259 lap dey\u0259k tapd\u0131m, getdim s\u00fcp\u00fcrg\u0259\u00e7ilik etdim. 2 ya\u015fl\u0131 u\u015fa\u011fa kim baxacaq? Onu kimin yan\u0131na qoyacam? \u00c7ox \u00e7ar\u0259siz, \u00e7\u0131x\u0131lmaz v\u0259ziyy\u0259td\u0259y\u0259m. \u0130ki ay \u0259vv\u0259l v\u0259ziyy\u0259tim \u00e7ox pisl\u0259\u015fdi v\u0259 sosial m\u00fcavin\u0259t kart\u0131m\u0131 s\u0259l\u0259m\u00e7iy\u0259 verib 500 manat g\u00f6t\u00fcrd\u00fcm. \u00d6z\u00fcm\u00fcn, u\u015faqlar\u0131m\u0131n d\u0259rmanlar\u0131n\u0131 ald\u0131m. \u0130ndi v\u0259ziyy\u0259t daha da pisl\u0259\u015fib. D\u0259rman atmaq \u00fc\u00e7\u00fcn d\u0259 yem\u0259k yem\u0259k laz\u0131md\u0131r ax\u0131. \u0130ki ayd\u0131r ev\u0259 bir q\u0259pik d\u0259 girmir\u201d.\n<\/p>\n<p>\n  N\u0259rmin\u0259nin \u0259li h\u0259r yerd\u0259n \u00fcz\u00fcl\u00fcb. Deyir, art\u0131q g\u0259l\u0259c\u0259kl\u0259 ba\u011fl\u0131 plan qurmur:\n<\/p>\n<p>\n  \u201cQ\u0131z\u0131m\u0131 n\u0259 \u00e7\u0259tinlikl\u0259rl\u0259, borcla-x\u0259rcl\u0259, bo\u011faz\u0131mdan k\u0259sib m\u0259kt\u0259b\u0259 g\u00f6nd\u0259rir\u0259m ki, m\u0259nim kimi olmas\u0131n. Yazs\u0131n, oxusun, g\u0259l\u0259c\u0259kd\u0259 normal i\u015fi, h\u0259yat\u0131 olsun. Ancaq ba\u015f\u0131na d\u0259rs girmir. Oxuya, yaza bilmir. H\u0259tta nitqind\u0259 d\u0259 problem var. Yeni dil a\u00e7m\u0131\u015f u\u015faq kimi \u00e7\u0259tinlikl\u0259 dan\u0131\u015f\u0131r. Amma yen\u0259 d\u0259 m\u0259kt\u0259bd\u0259n saxlam\u0131ram. D\u00fc\u015f\u00fcn\u00fcr\u0259m he\u00e7 olmazsa, ad\u0131n\u0131 yaza bilsin, h\u0259rf tan\u0131s\u0131n. Art\u0131q b\u00f6y\u00fck x\u0259yallar qurmama\u011f\u0131 \u00f6yr\u0259nmi\u015f\u0259m\u201d.\n<\/p>\n<p>\n  N\u0259rmin\u0259 q\u0131z\u0131n\u0131n probleminin n\u0259d\u0259n qaynaqland\u0131\u011f\u0131n\u0131 bilmir. H\u0259kiml\u0259r erk\u0259n ya\u015fda hamil\u0259likd\u0259n d\u0259 ola bil\u0259c\u0259yini s\u00f6yl\u0259yibl\u0259r:\n<\/p>\n<p>\n  \u201cH\u0259r bir halda yax\u015f\u0131 h\u0259kim v\u0259 m\u00fcalic\u0259 laz\u0131md\u0131r, ancaq m\u0259nim buna g\u00fcc\u00fcm \u00e7atm\u0131r. U\u015faqlar\u0131n da, \u00f6z\u00fcm\u00fcn d\u0259 ya\u015fay\u0131\u015f\u0131m\u0131za baxsan\u0131z, g\u00f6r\u0259rsiniz. Geyim yox, ayaqyal\u0131n, yar\u0131ac ya\u015fay\u0131r\u0131q. B\u0259z\u0259n el\u0259 olur ki, 40 q\u0259piklik makaron al\u0131b qaynada bilmir\u0259m evd\u0259\u201d.\n<\/p>\n<p>\n  N\u0259rmin\u0259 H\u00fcseynova Prezident \u0130lham \u018fliyevd\u0259n, Birinci vitse-prezident Mehriban \u018fliyevadan k\u00f6m\u0259k ist\u0259yir:\n<\/p>\n<p>\n  \u201cVar-d\u00f6vl\u0259t ist\u0259mir\u0259m, s\u0259hiyy\u0259 x\u0259rcl\u0259rim qar\u015f\u0131lans\u0131n, ald\u0131\u011f\u0131m sosial m\u00fcavin\u0259tin vaxt\u0131 uzad\u0131ls\u0131n (dekabrda bitir), bir d\u0259 m\u00fcmk\u00fcns\u0259, illik kiray\u0259 haqq\u0131m qar\u015f\u0131lans\u0131n, yaxud u\u015faqlar\u0131mla birlikd\u0259 s\u0131\u011f\u0131naca\u011fa yerl\u0259\u015fdirilim\u201d.\n<\/p>\n<p>\n  N\u0259rmin\u0259 H\u00fcseynova deyir ki, Qaraba\u011f\u0131 s\u0131f\u0131rdan in\u015fa ed\u0259n neft \u00f6lk\u0259si \u00fc\u00e7\u00fcn bu dedikl\u0259ri he\u00e7 n\u0259dir:\n<\/p>\n<p>\n  \u201cH\u0259kim\u0259 gedir\u0259m, m\u00fcxt\u0259lif aparatlara g\u00f6nd\u0259rir, pulum olmur. N\u0259tic\u0259d\u0259 d\u0259rdimizin n\u0259 oldu\u011fu b\u0259lli olmur. D\u0259rman yaz\u0131rlar, ala bilmirik. Biz\u0259 bunlarda yard\u0131m g\u00f6st\u0259r\u0259 bil\u0259rsinizmi? 165 manat sosial yard\u0131m al\u0131ram. Ondan ba\u015fqa g\u0259lirim yoxdur. Dekabrda t\u0259yin olunan m\u00fcavin\u0259tin vaxt\u0131 bitir. Onu uzada bil\u0259rsinizmi? \u0130ld\u0259 he\u00e7 2 min manata \u00e7atm\u0131r. Buna imkan\u0131n\u0131z \u00e7atarm\u0131? M\u0259n\u0259 bir bax\u0131n, 28 ya\u015f\u0131m var, a\u011fz\u0131mda di\u015fim yox, u\u015faqlar\u0131m x\u0259st\u0259. Bunun bir s\u0259b\u0259bi var y\u0259qin. Yax\u015f\u0131 yemirik, vitaminsizik, Allah\u0131n \u00fcmidin\u0259 ya\u015fay\u0131r\u0131q. Bir d\u0259 yatma\u011fa yer olsa, ba\u015fqa he\u00e7 n\u0259 ist\u0259mir\u0259m\u201d.\n<\/p>\n<p>\n  N\u0259rmin\u0259 H\u00fcseynova deyir ki, Prezident\u0259 q\u0259d\u0259r yerli orqanlara m\u00fcraci\u0259t edib. Bu, son \u00fcmididir:\n<\/p>\n<p>\n  \u201c\u0130mi\u015fli Rayon \u0130cra Hakimiyy\u0259tin\u0259 bir ne\u00e7\u0259 d\u0259f\u0259 m\u00fcraci\u0259t etmi\u015f\u0259m. B\u0259l\u0259diyy\u0259y\u0259 getmi\u015f\u0259m. He\u00e7 \u00fcz\u00fcm\u0259 qap\u0131 a\u00e7an olmay\u0131b. Bu, son \u00e7ar\u0259dir ki, m\u0259n prezidenti, onun xan\u0131m\u0131n\u0131 narahat edir\u0259m. C\u0259nab Prezident, x\u0259st\u0259yik, u\u015faqlar\u0131m acd\u0131r, qalma\u011fa yerimiz yoxdur, biz\u0259 k\u00f6m\u0259k edin\u201d.\n<\/p>\n<p>\n  \u0130mi\u015fli Rayon \u0130cra Hakimiyy\u0259tinin s\u0259n\u0259dl\u0259rl\u0259 v\u0259 v\u0259t\u0259nda\u015flar\u0131n m\u00fcraci\u0259tl\u0259ri il\u0259 i\u015f \u015f\u00f6b\u0259sind\u0259n bildirilib ki, ad\u0259t\u0259n r\u0259smi olan he\u00e7 bir m\u00fcraci\u0259t cavabs\u0131z qalm\u0131r:\n<\/p>\n<p>\n  \u201cSad\u0259c\u0259 m\u0259rh\u0259l\u0259li \u015f\u0259kild\u0259 ara\u015fd\u0131r\u0131l\u0131r. H\u0259min xan\u0131m \u0259g\u0259r m\u00fcraci\u0259t edibs\u0259, bax\u0131lacaq v\u0259 icra hakimiyy\u0259tinin k\u00f6m\u0259k ed\u0259 bil\u0259c\u0259yi bir m\u0259s\u0259l\u0259dirs\u0259, m\u00fctl\u0259q yard\u0131m edil\u0259c\u0259k\u201d.\n<\/p>\n<p>\n  D\u00f6vl\u0259t Statistika Komit\u0259sinin (DSK) m\u0259lumat\u0131na g\u00f6r\u0259, 2019-cu ild\u0259 Az\u0259rbaycanda 4.8 faiz \u0259hali yoxsul olub. 2021-ci ilin \u0259vv\u0259lind\u0259 bu r\u0259q\u0259m 6.2 faiz\u0259 y\u00fcks\u0259lib. Bu, 630 min yoxsul \u015f\u0259xs dem\u0259kdir.\n<\/p>\n<p>\n  M\u00fcst\u0259qil ekspertl\u0259r is\u0259 ad\u0259t\u0259n bununla raz\u0131la\u015fm\u0131r. DSK-n\u0131n r\u0259q\u0259ml\u0259ri yum\u015faltd\u0131\u011f\u0131n\u0131 d\u00fc\u015f\u00fcn\u00fcrl\u0259r. D\u00fcnya Bank\u0131n\u0131n 2019-cu ild\u0259 yay\u0131mlad\u0131\u011f\u0131 hesabatda Az\u0259rbaycanda yoxsulluq g\u00f6st\u0259ricisinin h\u00f6kum\u0259tin a\u00e7\u0131qlad\u0131\u011f\u0131 r\u0259q\u0259md\u0259n t\u0259xmin\u0259n be\u015f d\u0259f\u0259 \u00e7ox &#8211; 24 faiz oldu\u011funu a\u00e7\u0131qlam\u0131\u015fd\u0131. H\u0259min hesabatda Bak\u0131 \u015f\u0259h\u0259rind\u0259 yoxsulluq g\u00f6st\u0259ricisinin 16 faiz, dig\u0259r b\u00f6lg\u0259l\u0259rd\u0259 is\u0259, \u0259sas\u0259n, 20-30 faiz aras\u0131nda oldu\u011fu vur\u011fulan\u0131rd\u0131. Bank\u0131n bu il yay\u0131mlad\u0131\u011f\u0131 dig\u0259r bir hesabatda is\u0259 qeyd edilirdi ki, \u00f6lk\u0259d\u0259 yoxsul \u0259halinin 60 faizind\u0259n \u00e7oxu k\u0259ndl\u0259rd\u0259 ya\u015fay\u0131r. K\u0259nd yerl\u0259rind\u0259 ya\u015fayan b\u00fct\u00fcn sakinl\u0259rin 57 faizi yoxsulluq riski da\u015f\u0131y\u0131r. Y\u0259ni, h\u0259min \u0259hali qrupu haz\u0131rda yoxsul say\u0131lmasa da, g\u00f6zl\u0259nilm\u0259d\u0259n \u00fczl\u0259\u015f\u0259c\u0259kl\u0259ri iqtisadi v\u0259 ya s\u0259hiyy\u0259 probleml\u0259ri onlar\u0131 asanl\u0131qla yoxsul \u0259hali qrupuna sala bil\u0259r.<\/p>\n","protected":false},"excerpt":{"rendered":"<p>&#8220;B\u0259z\u0259n el\u0259 olur ki, 40 q\u0259piklik makaron al\u0131b qaynada bilmir\u0259m evd\u0259\u201d.<\/p>\n","protected":false},"author":11,"featured_media":211410,"comment_status":"closed","ping_status":"open","sticky":false,"template":"","format":"standard","meta":{"_acf_changed":false,"_sitemap_exclude":false,"_sitemap_priority":"","_sitemap_frequency":"","footnotes":""},"categories":[60],"tags":[],"class_list":["post-213383","post","type-post","status-publish","format-standard","has-post-thumbnail","hentry","category-bolge","infinite-scroll-item","generate-columns","tablet-grid-50","mobile-grid-100","grid-parent","grid-33","no-featured-image-padding"],"acf":[],"yoast_head":"<!-- This site is optimized with the Yoast SEO plugin v27.5 - https:\/\/yoast.com\/product\/yoast-seo-wordpress\/ -->\n<title>\u201c15 ya\u015f\u0131nda ail\u0259 qurdum, indi iki u\u015faqla k\u00fc\u00e7\u0259l\u0259rd\u0259 qalm\u0131\u015fam\u201d - MEYDAN.TV<\/title>\n<meta name=\"robots\" content=\"index, follow, max-snippet:-1, max-image-preview:large, max-video-preview:-1\" \/>\n<link rel=\"canonical\" href=\"https:\/\/www.meydan.tv\/az\/article\/15-yasinda-aile-qurdum-indi-iki-usaqla-kucelerde-qalmisam\/\" \/>\n<meta property=\"og:locale\" content=\"az_AZ\" \/>\n<meta property=\"og:type\" content=\"article\" \/>\n<meta property=\"og:title\" content=\"\u201c15 ya\u015f\u0131nda ail\u0259 qurdum, indi iki u\u015faqla k\u00fc\u00e7\u0259l\u0259rd\u0259 qalm\u0131\u015fam\u201d - MEYDAN.TV\" \/>\n<meta property=\"og:description\" content=\"&quot;B\u0259z\u0259n el\u0259 olur ki, 40 q\u0259piklik makaron al\u0131b qaynada bilmir\u0259m evd\u0259\u201d.\" \/>\n<meta property=\"og:url\" content=\"https:\/\/www.meydan.tv\/az\/article\/15-yasinda-aile-qurdum-indi-iki-usaqla-kucelerde-qalmisam\/\" \/>\n<meta property=\"og:site_name\" content=\"MEYDAN.TV\" \/>\n<meta property=\"article:published_time\" content=\"2021-10-20T13:22:03+00:00\" \/>\n<meta property=\"og:image\" content=\"https:\/\/www.meydan.tv\/wp-content\/uploads\/2021-10-20_13.09.39_censored.jpg\" \/>\n\t<meta property=\"og:image:width\" content=\"1280\" \/>\n\t<meta property=\"og:image:height\" content=\"960\" \/>\n\t<meta property=\"og:image:type\" content=\"image\/jpeg\" \/>\n<meta name=\"author\" content=\"user-manager\" \/>\n<meta name=\"twitter:card\" content=\"summary_large_image\" \/>\n<script type=\"application\/ld+json\" class=\"yoast-schema-graph\">{\"@context\":\"https:\\\/\\\/schema.org\",\"@graph\":[{\"@type\":\"Article\",\"@id\":\"https:\\\/\\\/www.meydan.tv\\\/az\\\/article\\\/15-yasinda-aile-qurdum-indi-iki-usaqla-kucelerde-qalmisam\\\/#article\",\"isPartOf\":{\"@id\":\"https:\\\/\\\/www.meydan.tv\\\/az\\\/article\\\/15-yasinda-aile-qurdum-indi-iki-usaqla-kucelerde-qalmisam\\\/\"},\"author\":{\"name\":\"user-manager\",\"@id\":\"https:\\\/\\\/www.meydan.tv\\\/az\\\/#\\\/schema\\\/person\\\/10d11eccf6da3662cf5fdab9806ea91a\"},\"headline\":\"\u201c15 ya\u015f\u0131nda ail\u0259 qurdum, indi iki u\u015faqla k\u00fc\u00e7\u0259l\u0259rd\u0259 qalm\u0131\u015fam\u201d\",\"datePublished\":\"2021-10-20T13:22:03+00:00\",\"mainEntityOfPage\":{\"@id\":\"https:\\\/\\\/www.meydan.tv\\\/az\\\/article\\\/15-yasinda-aile-qurdum-indi-iki-usaqla-kucelerde-qalmisam\\\/\"},\"wordCount\":1299,\"publisher\":{\"@id\":\"https:\\\/\\\/www.meydan.tv\\\/az\\\/#organization\"},\"image\":{\"@id\":\"https:\\\/\\\/www.meydan.tv\\\/az\\\/article\\\/15-yasinda-aile-qurdum-indi-iki-usaqla-kucelerde-qalmisam\\\/#primaryimage\"},\"thumbnailUrl\":\"https:\\\/\\\/www.meydan.tv\\\/wp-content\\\/uploads\\\/2021-10-20_13.09.39_censored.jpg\",\"articleSection\":[\"B\u00f6lg\u0259\"],\"inLanguage\":\"az\"},{\"@type\":\"WebPage\",\"@id\":\"https:\\\/\\\/www.meydan.tv\\\/az\\\/article\\\/15-yasinda-aile-qurdum-indi-iki-usaqla-kucelerde-qalmisam\\\/\",\"url\":\"https:\\\/\\\/www.meydan.tv\\\/az\\\/article\\\/15-yasinda-aile-qurdum-indi-iki-usaqla-kucelerde-qalmisam\\\/\",\"name\":\"\u201c15 ya\u015f\u0131nda ail\u0259 qurdum, indi iki u\u015faqla k\u00fc\u00e7\u0259l\u0259rd\u0259 qalm\u0131\u015fam\u201d - MEYDAN.TV\",\"isPartOf\":{\"@id\":\"https:\\\/\\\/www.meydan.tv\\\/az\\\/#website\"},\"primaryImageOfPage\":{\"@id\":\"https:\\\/\\\/www.meydan.tv\\\/az\\\/article\\\/15-yasinda-aile-qurdum-indi-iki-usaqla-kucelerde-qalmisam\\\/#primaryimage\"},\"image\":{\"@id\":\"https:\\\/\\\/www.meydan.tv\\\/az\\\/article\\\/15-yasinda-aile-qurdum-indi-iki-usaqla-kucelerde-qalmisam\\\/#primaryimage\"},\"thumbnailUrl\":\"https:\\\/\\\/www.meydan.tv\\\/wp-content\\\/uploads\\\/2021-10-20_13.09.39_censored.jpg\",\"datePublished\":\"2021-10-20T13:22:03+00:00\",\"breadcrumb\":{\"@id\":\"https:\\\/\\\/www.meydan.tv\\\/az\\\/article\\\/15-yasinda-aile-qurdum-indi-iki-usaqla-kucelerde-qalmisam\\\/#breadcrumb\"},\"inLanguage\":\"az\",\"potentialAction\":[{\"@type\":\"ReadAction\",\"target\":[\"https:\\\/\\\/www.meydan.tv\\\/az\\\/article\\\/15-yasinda-aile-qurdum-indi-iki-usaqla-kucelerde-qalmisam\\\/\"]}]},{\"@type\":\"ImageObject\",\"inLanguage\":\"az\",\"@id\":\"https:\\\/\\\/www.meydan.tv\\\/az\\\/article\\\/15-yasinda-aile-qurdum-indi-iki-usaqla-kucelerde-qalmisam\\\/#primaryimage\",\"url\":\"https:\\\/\\\/www.meydan.tv\\\/wp-content\\\/uploads\\\/2021-10-20_13.09.39_censored.jpg\",\"contentUrl\":\"https:\\\/\\\/www.meydan.tv\\\/wp-content\\\/uploads\\\/2021-10-20_13.09.39_censored.jpg\",\"width\":1280,\"height\":960,\"caption\":\"Source: Specify Source\"},{\"@type\":\"BreadcrumbList\",\"@id\":\"https:\\\/\\\/www.meydan.tv\\\/az\\\/article\\\/15-yasinda-aile-qurdum-indi-iki-usaqla-kucelerde-qalmisam\\\/#breadcrumb\",\"itemListElement\":[{\"@type\":\"ListItem\",\"position\":1,\"name\":\"Ana s\u0259hif\u0259\",\"item\":\"https:\\\/\\\/www.meydan.tv\\\/az\\\/\"},{\"@type\":\"ListItem\",\"position\":2,\"name\":\"B\u00f6lg\u0259\",\"item\":\"https:\\\/\\\/www.meydan.tv\\\/az\\\/section\\\/bolge\\\/\"},{\"@type\":\"ListItem\",\"position\":3,\"name\":\"\u201c15 ya\u015f\u0131nda ail\u0259 qurdum, indi iki u\u015faqla k\u00fc\u00e7\u0259l\u0259rd\u0259 qalm\u0131\u015fam\u201d\"}]},{\"@type\":\"WebSite\",\"@id\":\"https:\\\/\\\/www.meydan.tv\\\/az\\\/#website\",\"url\":\"https:\\\/\\\/www.meydan.tv\\\/az\\\/\",\"name\":\"MEYDAN.TV\",\"description\":\"Meydan TV Az\u0259rbaycan\u0131n media m\u0259kan\u0131ndak\u0131 alternativ s\u0259sidir\",\"publisher\":{\"@id\":\"https:\\\/\\\/www.meydan.tv\\\/az\\\/#organization\"},\"potentialAction\":[{\"@type\":\"SearchAction\",\"target\":{\"@type\":\"EntryPoint\",\"urlTemplate\":\"https:\\\/\\\/www.meydan.tv\\\/az\\\/?s={search_term_string}\"},\"query-input\":{\"@type\":\"PropertyValueSpecification\",\"valueRequired\":true,\"valueName\":\"search_term_string\"}}],\"inLanguage\":\"az\"},{\"@type\":\"Organization\",\"@id\":\"https:\\\/\\\/www.meydan.tv\\\/az\\\/#organization\",\"name\":\"Meydan TV\",\"url\":\"https:\\\/\\\/www.meydan.tv\\\/az\\\/\",\"logo\":{\"@type\":\"ImageObject\",\"inLanguage\":\"az\",\"@id\":\"https:\\\/\\\/www.meydan.tv\\\/az\\\/#\\\/schema\\\/logo\\\/image\\\/\",\"url\":\"https:\\\/\\\/www.meydan.tv\\\/wp-content\\\/uploads\\\/2021\\\/07\\\/meydan-logo.svg\",\"contentUrl\":\"https:\\\/\\\/www.meydan.tv\\\/wp-content\\\/uploads\\\/2021\\\/07\\\/meydan-logo.svg\",\"width\":195,\"height\":46,\"caption\":\"Meydan TV\"},\"image\":{\"@id\":\"https:\\\/\\\/www.meydan.tv\\\/az\\\/#\\\/schema\\\/logo\\\/image\\\/\"}},{\"@type\":\"Person\",\"@id\":\"https:\\\/\\\/www.meydan.tv\\\/az\\\/#\\\/schema\\\/person\\\/10d11eccf6da3662cf5fdab9806ea91a\",\"name\":\"user-manager\"}]}<\/script>\n<!-- \/ Yoast SEO plugin. -->","yoast_head_json":{"title":"\u201c15 ya\u015f\u0131nda ail\u0259 qurdum, indi iki u\u015faqla k\u00fc\u00e7\u0259l\u0259rd\u0259 qalm\u0131\u015fam\u201d - MEYDAN.TV","robots":{"index":"index","follow":"follow","max-snippet":"max-snippet:-1","max-image-preview":"max-image-preview:large","max-video-preview":"max-video-preview:-1"},"canonical":"https:\/\/www.meydan.tv\/az\/article\/15-yasinda-aile-qurdum-indi-iki-usaqla-kucelerde-qalmisam\/","og_locale":"az_AZ","og_type":"article","og_title":"\u201c15 ya\u015f\u0131nda ail\u0259 qurdum, indi iki u\u015faqla k\u00fc\u00e7\u0259l\u0259rd\u0259 qalm\u0131\u015fam\u201d - MEYDAN.TV","og_description":"\"B\u0259z\u0259n el\u0259 olur ki, 40 q\u0259piklik makaron al\u0131b qaynada bilmir\u0259m evd\u0259\u201d.","og_url":"https:\/\/www.meydan.tv\/az\/article\/15-yasinda-aile-qurdum-indi-iki-usaqla-kucelerde-qalmisam\/","og_site_name":"MEYDAN.TV","article_published_time":"2021-10-20T13:22:03+00:00","og_image":[{"width":1280,"height":960,"url":"https:\/\/www.meydan.tv\/wp-content\/uploads\/2021-10-20_13.09.39_censored.jpg","type":"image\/jpeg"}],"author":"user-manager","twitter_card":"summary_large_image","schema":{"@context":"https:\/\/schema.org","@graph":[{"@type":"Article","@id":"https:\/\/www.meydan.tv\/az\/article\/15-yasinda-aile-qurdum-indi-iki-usaqla-kucelerde-qalmisam\/#article","isPartOf":{"@id":"https:\/\/www.meydan.tv\/az\/article\/15-yasinda-aile-qurdum-indi-iki-usaqla-kucelerde-qalmisam\/"},"author":{"name":"user-manager","@id":"https:\/\/www.meydan.tv\/az\/#\/schema\/person\/10d11eccf6da3662cf5fdab9806ea91a"},"headline":"\u201c15 ya\u015f\u0131nda ail\u0259 qurdum, indi iki u\u015faqla k\u00fc\u00e7\u0259l\u0259rd\u0259 qalm\u0131\u015fam\u201d","datePublished":"2021-10-20T13:22:03+00:00","mainEntityOfPage":{"@id":"https:\/\/www.meydan.tv\/az\/article\/15-yasinda-aile-qurdum-indi-iki-usaqla-kucelerde-qalmisam\/"},"wordCount":1299,"publisher":{"@id":"https:\/\/www.meydan.tv\/az\/#organization"},"image":{"@id":"https:\/\/www.meydan.tv\/az\/article\/15-yasinda-aile-qurdum-indi-iki-usaqla-kucelerde-qalmisam\/#primaryimage"},"thumbnailUrl":"https:\/\/www.meydan.tv\/wp-content\/uploads\/2021-10-20_13.09.39_censored.jpg","articleSection":["B\u00f6lg\u0259"],"inLanguage":"az"},{"@type":"WebPage","@id":"https:\/\/www.meydan.tv\/az\/article\/15-yasinda-aile-qurdum-indi-iki-usaqla-kucelerde-qalmisam\/","url":"https:\/\/www.meydan.tv\/az\/article\/15-yasinda-aile-qurdum-indi-iki-usaqla-kucelerde-qalmisam\/","name":"\u201c15 ya\u015f\u0131nda ail\u0259 qurdum, indi iki u\u015faqla k\u00fc\u00e7\u0259l\u0259rd\u0259 qalm\u0131\u015fam\u201d - MEYDAN.TV","isPartOf":{"@id":"https:\/\/www.meydan.tv\/az\/#website"},"primaryImageOfPage":{"@id":"https:\/\/www.meydan.tv\/az\/article\/15-yasinda-aile-qurdum-indi-iki-usaqla-kucelerde-qalmisam\/#primaryimage"},"image":{"@id":"https:\/\/www.meydan.tv\/az\/article\/15-yasinda-aile-qurdum-indi-iki-usaqla-kucelerde-qalmisam\/#primaryimage"},"thumbnailUrl":"https:\/\/www.meydan.tv\/wp-content\/uploads\/2021-10-20_13.09.39_censored.jpg","datePublished":"2021-10-20T13:22:03+00:00","breadcrumb":{"@id":"https:\/\/www.meydan.tv\/az\/article\/15-yasinda-aile-qurdum-indi-iki-usaqla-kucelerde-qalmisam\/#breadcrumb"},"inLanguage":"az","potentialAction":[{"@type":"ReadAction","target":["https:\/\/www.meydan.tv\/az\/article\/15-yasinda-aile-qurdum-indi-iki-usaqla-kucelerde-qalmisam\/"]}]},{"@type":"ImageObject","inLanguage":"az","@id":"https:\/\/www.meydan.tv\/az\/article\/15-yasinda-aile-qurdum-indi-iki-usaqla-kucelerde-qalmisam\/#primaryimage","url":"https:\/\/www.meydan.tv\/wp-content\/uploads\/2021-10-20_13.09.39_censored.jpg","contentUrl":"https:\/\/www.meydan.tv\/wp-content\/uploads\/2021-10-20_13.09.39_censored.jpg","width":1280,"height":960,"caption":"Source: Specify Source"},{"@type":"BreadcrumbList","@id":"https:\/\/www.meydan.tv\/az\/article\/15-yasinda-aile-qurdum-indi-iki-usaqla-kucelerde-qalmisam\/#breadcrumb","itemListElement":[{"@type":"ListItem","position":1,"name":"Ana s\u0259hif\u0259","item":"https:\/\/www.meydan.tv\/az\/"},{"@type":"ListItem","position":2,"name":"B\u00f6lg\u0259","item":"https:\/\/www.meydan.tv\/az\/section\/bolge\/"},{"@type":"ListItem","position":3,"name":"\u201c15 ya\u015f\u0131nda ail\u0259 qurdum, indi iki u\u015faqla k\u00fc\u00e7\u0259l\u0259rd\u0259 qalm\u0131\u015fam\u201d"}]},{"@type":"WebSite","@id":"https:\/\/www.meydan.tv\/az\/#website","url":"https:\/\/www.meydan.tv\/az\/","name":"MEYDAN.TV","description":"Meydan TV Az\u0259rbaycan\u0131n media m\u0259kan\u0131ndak\u0131 alternativ s\u0259sidir","publisher":{"@id":"https:\/\/www.meydan.tv\/az\/#organization"},"potentialAction":[{"@type":"SearchAction","target":{"@type":"EntryPoint","urlTemplate":"https:\/\/www.meydan.tv\/az\/?s={search_term_string}"},"query-input":{"@type":"PropertyValueSpecification","valueRequired":true,"valueName":"search_term_string"}}],"inLanguage":"az"},{"@type":"Organization","@id":"https:\/\/www.meydan.tv\/az\/#organization","name":"Meydan TV","url":"https:\/\/www.meydan.tv\/az\/","logo":{"@type":"ImageObject","inLanguage":"az","@id":"https:\/\/www.meydan.tv\/az\/#\/schema\/logo\/image\/","url":"https:\/\/www.meydan.tv\/wp-content\/uploads\/2021\/07\/meydan-logo.svg","contentUrl":"https:\/\/www.meydan.tv\/wp-content\/uploads\/2021\/07\/meydan-logo.svg","width":195,"height":46,"caption":"Meydan TV"},"image":{"@id":"https:\/\/www.meydan.tv\/az\/#\/schema\/logo\/image\/"}},{"@type":"Person","@id":"https:\/\/www.meydan.tv\/az\/#\/schema\/person\/10d11eccf6da3662cf5fdab9806ea91a","name":"user-manager"}]}},"_links":{"self":[{"href":"https:\/\/www.meydan.tv\/az\/wp-json\/wp\/v2\/posts\/213383","targetHints":{"allow":["GET"]}}],"collection":[{"href":"https:\/\/www.meydan.tv\/az\/wp-json\/wp\/v2\/posts"}],"about":[{"href":"https:\/\/www.meydan.tv\/az\/wp-json\/wp\/v2\/types\/post"}],"author":[{"embeddable":true,"href":"https:\/\/www.meydan.tv\/az\/wp-json\/wp\/v2\/users\/11"}],"replies":[{"embeddable":true,"href":"https:\/\/www.meydan.tv\/az\/wp-json\/wp\/v2\/comments?post=213383"}],"version-history":[{"count":0,"href":"https:\/\/www.meydan.tv\/az\/wp-json\/wp\/v2\/posts\/213383\/revisions"}],"wp:featuredmedia":[{"embeddable":true,"href":"https:\/\/www.meydan.tv\/az\/wp-json\/wp\/v2\/media\/211410"}],"wp:attachment":[{"href":"https:\/\/www.meydan.tv\/az\/wp-json\/wp\/v2\/media?parent=213383"}],"wp:term":[{"taxonomy":"category","embeddable":true,"href":"https:\/\/www.meydan.tv\/az\/wp-json\/wp\/v2\/categories?post=213383"},{"taxonomy":"post_tag","embeddable":true,"href":"https:\/\/www.meydan.tv\/az\/wp-json\/wp\/v2\/tags?post=213383"}],"curies":[{"name":"wp","href":"https:\/\/api.w.org\/{rel}","templated":true}]}}