{"id":213369,"date":"2021-10-19T16:30:59","date_gmt":"2021-10-19T16:30:59","guid":{"rendered":"https:\/\/www.meydan.tv\/article\/imisli-sakini-dtx-ya-yazdim-ki-yolumuz-tehlukelidir\/"},"modified":"2021-10-19T16:30:59","modified_gmt":"2021-10-19T16:30:59","slug":"imisli-sakini-dtx-ya-yazdim-ki-yolumuz-tehlukelidir","status":"publish","type":"post","link":"https:\/\/www.meydan.tv\/az\/article\/imisli-sakini-dtx-ya-yazdim-ki-yolumuz-tehlukelidir\/","title":{"rendered":"\u0130mi\u015fli sakini: DTX-ya yazd\u0131m ki, yolumuz t\u0259hl\u00fck\u0259lidir"},"content":{"rendered":"<p>\n  <i><br \/>\n    \u201c\u0130ndiki icra ba\u015f\u00e7\u0131s\u0131n\u0131n he\u00e7 yax\u0131n\u0131na da d\u00fc\u015fm\u0259k olmur\u201d<br \/>\n  <\/i>\n<\/p>\n<p>\n  \u0130mi\u015flinin Cavadxanl\u0131 k\u0259ndinin sakini 81 ya\u015fl\u0131 Qara Feyzullayev k\u0259ndaras\u0131 yollar\u0131n pis olmas\u0131ndan \u015fikay\u0259t edir.\n<\/p>\n<p>\n  Deyir, insanlar\u0131 el\u0259 g\u00fcn\u0259 sal\u0131blar ki, olan\u0131 da dem\u0259kd\u0259n qorxurlar: \u201cAmma m\u0259n qoymaram desinl\u0259r ki, bu k\u0259ndin bir a\u011fsaqqal\u0131 yoxdurmu?\u201d\n<\/p>\n<p>\n  Qara Feyzullayev bildirir ki, bir ne\u00e7\u0259 il \u0259vv\u0259l k\u0259ndin dolmu\u015f arx\u0131n\u0131 t\u0259mizl\u0259yib i\u00e7ind\u0259n \u00e7\u0131xan lili v\u0259 pal\u00e7\u0131\u011f\u0131 b\u0259zi evl\u0259r\u0259, \u0259kin v\u0259 \u00f6r\u00fc\u015f sah\u0259l\u0259rin\u0259 ged\u0259n yolun \u00fcst\u00fcn\u0259 t\u00f6k\u00fcbl\u0259r. N\u0259tic\u0259d\u0259 oradan n\u0259 heyvanlar, n\u0259 insanlar ke\u00e7\u0259 bilir:\n<\/p>\n<p>\n  \u201cProbleml\u0259 ba\u011fl\u0131 h\u0259r yer\u0259 yazm\u0131\u015fam. \u018fvv\u0259lc\u0259 k\u0259ndin b\u0259l\u0259diyy\u0259sin\u0259 dedim. \u015e\u0131xal\u0131 G\u00fclm\u0259mm\u0259dov cavab verdi ki, pulumuz yoxdur, camaatdan pul y\u0131\u011f ver, g\u0259tirib da\u015f t\u00f6k\u0259k. Sonra icra hakimiyy\u0259tin\u0259 m\u00fcraci\u0259t etdim. Onlardan da s\u0259s \u00e7\u0131xmad\u0131. Ax\u0131rda Bak\u0131ya, D\u00f6vl\u0259t T\u0259hl\u00fck\u0259sizlik Xidm\u0259tin\u0259 (DTX) yazd\u0131m. Qeyd etdim ki, t\u0259hl\u00fck\u0259d\u0259yik, h\u0259min yol \u0259m\u0259lli t\u0259hl\u00fck\u0259dir, s\u00fcr\u00fc\u015fk\u0259ndir. Qoca ki\u015fiy\u0259m, gets\u0259m s\u00fcr\u00fc\u015f\u00fcb arxa d\u00fc\u015f\u0259 bil\u0259r\u0259m. N\u0259 is\u0259 ordan da y\u00f6nl\u0259ndirdil\u0259r icra hakimiyy\u0259tin\u0259 ki, k\u00f6m\u0259k etsinl\u0259r. Onlar da b\u0259l\u0259diyy\u0259y\u0259 tap\u015f\u0131rd\u0131lar, yen\u0259 h\u0259ll ed\u0259n olmad\u0131. Bir s\u00f6zl\u0259, \u015fikay\u0259t edirs\u0259n, ham\u0131 bir-birinin \u00fcst\u00fcn\u0259 at\u0131r\u201d.\n<\/p>\n<p>\n  Qara Feyzullayev deyir ki, h\u0259l\u0259 Sovet d\u00f6vr\u00fcnd\u0259n ya\u015fad\u0131\u011f\u0131 k\u0259ndin b\u0259l\u0259diyy\u0259si qon\u015fu Qaralar k\u0259ndi il\u0259 bir olub. Y\u0259ni Qaralar B\u0259l\u0259diyy\u0259si h\u0259r iki k\u0259nd\u0259 bax\u0131r. Odur ki, probleml\u0259 ba\u011fl\u0131 \u0130mi\u015flinin Qaralar B\u0259l\u0259diyy\u0259sin\u0259 m\u00fcraci\u0259t etdik. B\u0259l\u0259diyy\u0259nin s\u0259dri \u015e\u0131xal\u0131 G\u00fclm\u0259mm\u0259dov Meydan TV-y\u0259 bildirdi ki, deyil\u0259nl\u0259r h\u0259qiq\u0259t\u0259 \u0259ks etdirmir. He\u00e7 kim arx\u0131 qaz\u0131b yola t\u00f6km\u0259yib:\n<\/p>\n<figure class=\"wp-block-image size-large\">\n  <img decoding=\"async\" src=\"https:\/\/www.meydan.tv\/az\/image00023-jpeg-2\/\" alt=\"image00023.jpeg\" class=\"wp-image-211359\"\/><figcaption>\n    \u201c\u0130ndi arx\u0131n zir-zibilini t\u00f6k\u00fcbl\u0259r yola, he\u00e7 ke\u00e7m\u0259k olmur&#8221;<br \/>\n  <\/figcaption><\/figure>\n<p>\n  \u201c\u015e\u0259xs\u0259n m\u0259n o k\u0259ndd\u0259 el\u0259 bir yer tan\u0131m\u0131ram. Onlar bir az q\u0259r\u0259zli insanlard\u0131r. H\u0259tta b\u0259zi k\u0259ndlil\u0259rin b\u0259l\u0259diyy\u0259y\u0259 torpaq iddias\u0131 var idi. M\u0259n onlar\u0131n haqs\u0131z \u015fikay\u0259tl\u0259ri il\u0259 ba\u011fl\u0131 m\u0259hk\u0259m\u0259y\u0259 m\u00fcraci\u0259t etmi\u015f\u0259n. El\u0259 ona g\u00f6r\u0259 bilmirl\u0259r n\u0259 ed\u0259l\u0259r. H\u0259r g\u00fcn bir problem \u00e7\u0131xar\u0131b, \u015fikay\u0259t edirl\u0259r. D\u0259rdl\u0259ri hans\u0131sa yollarla k\u0259ndin, rayonun ad\u0131n\u0131 g\u00fcnd\u0259m\u0259 g\u0259tirm\u0259kdir. M\u0259n bilir\u0259m, onlar\u0131n problemi ba\u015fqad\u0131r\u201d.\n<\/p>\n<p>\n  B\u0259l\u0259diyy\u0259 s\u0259dri yen\u0259 d\u0259 problemi ara\u015fd\u0131raca\u011f\u0131n\u0131, \u0259g\u0259r h\u0259qiq\u0259t\u0259n arx\u0131 qaz\u0131b yolun \u00fcst\u00fcn\u0259 t\u00f6k\u00fcbl\u0259rs\u0259, h\u0259ll ed\u0259c\u0259yini bildirib:\n<\/p>\n<p>\n  \u201cProblem varsa, h\u0259ll ed\u0259rik. V\u0259t\u0259nda\u015flara xidm\u0259t etm\u0259k b\u0259l\u0259diyy\u0259 s\u0259dri kimi borcumdur\u201d.\n<\/p>\n<p>\n  Qara Feyzullayev is\u0259 deyir ki, \u0259n son icra hakimiyy\u0259tind\u0259 q\u0259bulda olanda ona bu yay problemi h\u0259ll ed\u0259c\u0259kl\u0259rin\u0259 s\u00f6z veribl\u0259r:\n<\/p>\n<p>\n  \u201cArt\u0131q pay\u0131z bitir. Yen\u0259 yayda pal\u00e7\u0131q qurumu\u015fdu, insanlar birt\u0259h\u0259r gedib-g\u0259lirdil\u0259r. \u0130ndi ya\u011f\u0131nt\u0131lar ba\u015flay\u0131b. Bir bax\u0131n, g\u00f6r\u00fcn n\u0259 g\u00fcnd\u0259dir\u201d.\n<\/p>\n<p>\n  \u015eikay\u0259t\u00e7inin s\u00f6zl\u0259rin\u0259 g\u00f6r\u0259, \u0259vv\u0259l problem olanda ke\u00e7mi\u015f icra ba\u015f\u00e7\u0131s\u0131n\u0131n q\u0259buluna d\u00fc\u015f\u0259 bilirdil\u0259r:\n<\/p>\n<p>\n  \u201cD\u00fczd\u00fcr, des\u0259m ki, h\u0259ll edirdi yalan olar. Yen\u0259 d\u0259 \u00fcr\u0259yimizi bo\u015fald\u0131r, \u00fcmidl\u0259 ya\u015fay\u0131rd\u0131q. \u0130ndiki icra ba\u015f\u00e7\u0131s\u0131n\u0131n he\u00e7 yax\u0131n\u0131na da d\u00fc\u015fm\u0259k olmur. X\u0259st\u0259liyi b\u0259han\u0259 edib, he\u00e7 kimi q\u0259bul etmir. B\u0259lk\u0259 he\u00e7 bu x\u0259st\u0259lik bitm\u0259y\u0259c\u0259k? Biz problem i\u00e7ind\u0259 ya\u015famal\u0131y\u0131q?\u201d\n<\/p>\n<figure class=\"wp-block-image size-large\">\n  <img decoding=\"async\" src=\"https:\/\/www.meydan.tv\/az\/image00031-jpeg\/\" alt=\"image00031.jpeg\" class=\"wp-image-211347\"\/><figcaption>\n    &#8220;Onlar da b\u0259l\u0259diyy\u0259y\u0259 tap\u015f\u0131rd\u0131lar, yen\u0259 h\u0259ll ed\u0259n olmad\u0131&#8221;<br \/>\n  <\/figcaption><\/figure>\n<p>\n  \u0130mi\u015fli Rayon \u0130cra Hakimiyy\u0259tind\u0259n v\u0259t\u0259nda\u015f\u0131n dedikl\u0259rin\u0259 m\u00fcnasib\u0259t \u00f6yr\u0259nm\u0259k m\u00fcmk\u00fcn olmay\u0131b.\n<\/p>\n<p>\n  Qara Feyzullayev \u0259lav\u0259 edir ki, h\u0259min yol \u0259vv\u0259l d\u0259 t\u0259mirsiz olub, ancaq gedib-g\u0259lm\u0259k m\u00fcmk\u00fcn imi\u015f:\n<\/p>\n<p>\n  \u201c\u0130ndi arx\u0131n zir-zibilini t\u00f6k\u00fcbl\u0259r yola, he\u00e7 ke\u00e7m\u0259k olmur. Sah\u0259l\u0259r\u0259, otla\u011fa gedil\u0259n yollard\u0131r. Heyvanlar burdan gedib-g\u0259lir. \u0130ndiki durumda mal-heyvan ged\u0259 bilmir, otumuzu sah\u0259d\u0259n g\u0259tir\u0259 bilmirik, \u0259ziyy\u0259t \u00e7\u0259kirik\u201d.\n<\/p>\n<p>\n  \u015eikay\u0259t\u00e7i b\u0259l\u0259diyy\u0259nin pulu olmad\u0131\u011f\u0131na da inanm\u0131r:\n<\/p>\n<p>\n  \u201c300 hektardan art\u0131q torpa\u011f\u0131 var. \u0130car\u0259y\u0259 verir, n\u0259 bilim, satanda sat\u0131r. B\u0259s onun pulunu n\u0259 edir ki, yola da\u015f t\u00f6km\u0259k \u00fc\u00e7\u00fcn pulunu camaatdan y\u0131\u011fmaq ist\u0259yir? Camaat milyon\u00e7u deyil ki. Ham\u0131s\u0131 t\u0259s\u0259rr\u00fcfata, heyvana baxan kas\u0131b insanlard\u0131r. \u00d6z\u00fc d\u0259 bir-iki d\u0259f\u0259 pul y\u0131\u011f\u0131b h\u0259min yola torpaq t\u00f6kd\u00fcrm\u00fc\u015f\u00fck, ancaq yen\u0259 pis g\u00fcn\u0259 qal\u0131b. Dem\u0259li, bizim bir-iki manat\u0131m\u0131zla h\u0259ll olan i\u015f deyil\u201d.\n<\/p>\n<figure class=\"wp-block-image size-large\">\n  <img decoding=\"async\" src=\"https:\/\/www.meydan.tv\/az\/image00001-jpeg-26\/\" alt=\"image00001.jpeg\" class=\"wp-image-211353\"\/><figcaption>\n    &#8220;Qoca ki\u015fiy\u0259m, gets\u0259m s\u00fcr\u00fc\u015f\u00fcb arxa d\u00fc\u015f\u0259 bil\u0259r\u0259m&#8221;<br \/>\n  <\/figcaption><\/figure>\n","protected":false},"excerpt":{"rendered":"<p>&#8220;\u0130ndiki durumda mal-heyvan ged\u0259 bilmir, otumuzu sah\u0259d\u0259n g\u0259tir\u0259 bilmirik, \u0259ziyy\u0259t \u00e7\u0259kirik\u201d.<\/p>\n","protected":false},"author":11,"featured_media":211350,"comment_status":"closed","ping_status":"open","sticky":false,"template":"","format":"standard","meta":{"_acf_changed":false,"_sitemap_exclude":false,"_sitemap_priority":"","_sitemap_frequency":"","footnotes":""},"categories":[60],"tags":[],"class_list":["post-213369","post","type-post","status-publish","format-standard","has-post-thumbnail","hentry","category-bolge","infinite-scroll-item","generate-columns","tablet-grid-50","mobile-grid-100","grid-parent","grid-33","no-featured-image-padding"],"acf":[],"yoast_head":"<!-- This site is optimized with the Yoast SEO plugin v27.5 - https:\/\/yoast.com\/product\/yoast-seo-wordpress\/ -->\n<title>\u0130mi\u015fli sakini: DTX-ya yazd\u0131m ki, yolumuz t\u0259hl\u00fck\u0259lidir - MEYDAN.TV<\/title>\n<meta name=\"robots\" content=\"index, follow, max-snippet:-1, max-image-preview:large, max-video-preview:-1\" \/>\n<link rel=\"canonical\" href=\"https:\/\/www.meydan.tv\/az\/article\/imisli-sakini-dtx-ya-yazdim-ki-yolumuz-tehlukelidir\/\" \/>\n<meta property=\"og:locale\" content=\"az_AZ\" \/>\n<meta property=\"og:type\" content=\"article\" \/>\n<meta property=\"og:title\" content=\"\u0130mi\u015fli sakini: DTX-ya yazd\u0131m ki, yolumuz t\u0259hl\u00fck\u0259lidir - MEYDAN.TV\" \/>\n<meta property=\"og:description\" content=\"&quot;\u0130ndiki durumda mal-heyvan ged\u0259 bilmir, otumuzu sah\u0259d\u0259n g\u0259tir\u0259 bilmirik, \u0259ziyy\u0259t \u00e7\u0259kirik\u201d.\" \/>\n<meta property=\"og:url\" content=\"https:\/\/www.meydan.tv\/az\/article\/imisli-sakini-dtx-ya-yazdim-ki-yolumuz-tehlukelidir\/\" \/>\n<meta property=\"og:site_name\" content=\"MEYDAN.TV\" \/>\n<meta property=\"article:published_time\" content=\"2021-10-19T16:30:59+00:00\" \/>\n<meta property=\"og:image\" content=\"https:\/\/www.meydan.tv\/wp-content\/uploads\/image00006_36blyyw.jpeg\" \/>\n\t<meta property=\"og:image:width\" content=\"1032\" \/>\n\t<meta property=\"og:image:height\" content=\"774\" \/>\n\t<meta property=\"og:image:type\" content=\"image\/jpeg\" \/>\n<meta name=\"author\" content=\"user-manager\" \/>\n<meta name=\"twitter:card\" content=\"summary_large_image\" \/>\n<script type=\"application\/ld+json\" class=\"yoast-schema-graph\">{\"@context\":\"https:\\\/\\\/schema.org\",\"@graph\":[{\"@type\":\"Article\",\"@id\":\"https:\\\/\\\/www.meydan.tv\\\/az\\\/article\\\/imisli-sakini-dtx-ya-yazdim-ki-yolumuz-tehlukelidir\\\/#article\",\"isPartOf\":{\"@id\":\"https:\\\/\\\/www.meydan.tv\\\/az\\\/article\\\/imisli-sakini-dtx-ya-yazdim-ki-yolumuz-tehlukelidir\\\/\"},\"author\":{\"name\":\"user-manager\",\"@id\":\"https:\\\/\\\/www.meydan.tv\\\/az\\\/#\\\/schema\\\/person\\\/10d11eccf6da3662cf5fdab9806ea91a\"},\"headline\":\"\u0130mi\u015fli sakini: DTX-ya yazd\u0131m ki, yolumuz t\u0259hl\u00fck\u0259lidir\",\"datePublished\":\"2021-10-19T16:30:59+00:00\",\"mainEntityOfPage\":{\"@id\":\"https:\\\/\\\/www.meydan.tv\\\/az\\\/article\\\/imisli-sakini-dtx-ya-yazdim-ki-yolumuz-tehlukelidir\\\/\"},\"wordCount\":906,\"publisher\":{\"@id\":\"https:\\\/\\\/www.meydan.tv\\\/az\\\/#organization\"},\"image\":{\"@id\":\"https:\\\/\\\/www.meydan.tv\\\/az\\\/article\\\/imisli-sakini-dtx-ya-yazdim-ki-yolumuz-tehlukelidir\\\/#primaryimage\"},\"thumbnailUrl\":\"https:\\\/\\\/www.meydan.tv\\\/wp-content\\\/uploads\\\/image00006_36blyyw.jpeg\",\"articleSection\":[\"B\u00f6lg\u0259\"],\"inLanguage\":\"az\"},{\"@type\":\"WebPage\",\"@id\":\"https:\\\/\\\/www.meydan.tv\\\/az\\\/article\\\/imisli-sakini-dtx-ya-yazdim-ki-yolumuz-tehlukelidir\\\/\",\"url\":\"https:\\\/\\\/www.meydan.tv\\\/az\\\/article\\\/imisli-sakini-dtx-ya-yazdim-ki-yolumuz-tehlukelidir\\\/\",\"name\":\"\u0130mi\u015fli sakini: DTX-ya yazd\u0131m ki, yolumuz t\u0259hl\u00fck\u0259lidir - MEYDAN.TV\",\"isPartOf\":{\"@id\":\"https:\\\/\\\/www.meydan.tv\\\/az\\\/#website\"},\"primaryImageOfPage\":{\"@id\":\"https:\\\/\\\/www.meydan.tv\\\/az\\\/article\\\/imisli-sakini-dtx-ya-yazdim-ki-yolumuz-tehlukelidir\\\/#primaryimage\"},\"image\":{\"@id\":\"https:\\\/\\\/www.meydan.tv\\\/az\\\/article\\\/imisli-sakini-dtx-ya-yazdim-ki-yolumuz-tehlukelidir\\\/#primaryimage\"},\"thumbnailUrl\":\"https:\\\/\\\/www.meydan.tv\\\/wp-content\\\/uploads\\\/image00006_36blyyw.jpeg\",\"datePublished\":\"2021-10-19T16:30:59+00:00\",\"breadcrumb\":{\"@id\":\"https:\\\/\\\/www.meydan.tv\\\/az\\\/article\\\/imisli-sakini-dtx-ya-yazdim-ki-yolumuz-tehlukelidir\\\/#breadcrumb\"},\"inLanguage\":\"az\",\"potentialAction\":[{\"@type\":\"ReadAction\",\"target\":[\"https:\\\/\\\/www.meydan.tv\\\/az\\\/article\\\/imisli-sakini-dtx-ya-yazdim-ki-yolumuz-tehlukelidir\\\/\"]}]},{\"@type\":\"ImageObject\",\"inLanguage\":\"az\",\"@id\":\"https:\\\/\\\/www.meydan.tv\\\/az\\\/article\\\/imisli-sakini-dtx-ya-yazdim-ki-yolumuz-tehlukelidir\\\/#primaryimage\",\"url\":\"https:\\\/\\\/www.meydan.tv\\\/wp-content\\\/uploads\\\/image00006_36blyyw.jpeg\",\"contentUrl\":\"https:\\\/\\\/www.meydan.tv\\\/wp-content\\\/uploads\\\/image00006_36blyyw.jpeg\",\"width\":1032,\"height\":774,\"caption\":\"Source: Specify Source\"},{\"@type\":\"BreadcrumbList\",\"@id\":\"https:\\\/\\\/www.meydan.tv\\\/az\\\/article\\\/imisli-sakini-dtx-ya-yazdim-ki-yolumuz-tehlukelidir\\\/#breadcrumb\",\"itemListElement\":[{\"@type\":\"ListItem\",\"position\":1,\"name\":\"Ana s\u0259hif\u0259\",\"item\":\"https:\\\/\\\/www.meydan.tv\\\/az\\\/\"},{\"@type\":\"ListItem\",\"position\":2,\"name\":\"B\u00f6lg\u0259\",\"item\":\"https:\\\/\\\/www.meydan.tv\\\/az\\\/section\\\/bolge\\\/\"},{\"@type\":\"ListItem\",\"position\":3,\"name\":\"\u0130mi\u015fli sakini: DTX-ya yazd\u0131m ki, yolumuz t\u0259hl\u00fck\u0259lidir\"}]},{\"@type\":\"WebSite\",\"@id\":\"https:\\\/\\\/www.meydan.tv\\\/az\\\/#website\",\"url\":\"https:\\\/\\\/www.meydan.tv\\\/az\\\/\",\"name\":\"MEYDAN.TV\",\"description\":\"Meydan TV Az\u0259rbaycan\u0131n media m\u0259kan\u0131ndak\u0131 alternativ s\u0259sidir\",\"publisher\":{\"@id\":\"https:\\\/\\\/www.meydan.tv\\\/az\\\/#organization\"},\"potentialAction\":[{\"@type\":\"SearchAction\",\"target\":{\"@type\":\"EntryPoint\",\"urlTemplate\":\"https:\\\/\\\/www.meydan.tv\\\/az\\\/?s={search_term_string}\"},\"query-input\":{\"@type\":\"PropertyValueSpecification\",\"valueRequired\":true,\"valueName\":\"search_term_string\"}}],\"inLanguage\":\"az\"},{\"@type\":\"Organization\",\"@id\":\"https:\\\/\\\/www.meydan.tv\\\/az\\\/#organization\",\"name\":\"Meydan TV\",\"url\":\"https:\\\/\\\/www.meydan.tv\\\/az\\\/\",\"logo\":{\"@type\":\"ImageObject\",\"inLanguage\":\"az\",\"@id\":\"https:\\\/\\\/www.meydan.tv\\\/az\\\/#\\\/schema\\\/logo\\\/image\\\/\",\"url\":\"https:\\\/\\\/www.meydan.tv\\\/wp-content\\\/uploads\\\/2021\\\/07\\\/meydan-logo.svg\",\"contentUrl\":\"https:\\\/\\\/www.meydan.tv\\\/wp-content\\\/uploads\\\/2021\\\/07\\\/meydan-logo.svg\",\"width\":195,\"height\":46,\"caption\":\"Meydan TV\"},\"image\":{\"@id\":\"https:\\\/\\\/www.meydan.tv\\\/az\\\/#\\\/schema\\\/logo\\\/image\\\/\"}},{\"@type\":\"Person\",\"@id\":\"https:\\\/\\\/www.meydan.tv\\\/az\\\/#\\\/schema\\\/person\\\/10d11eccf6da3662cf5fdab9806ea91a\",\"name\":\"user-manager\"}]}<\/script>\n<!-- \/ Yoast SEO plugin. -->","yoast_head_json":{"title":"\u0130mi\u015fli sakini: DTX-ya yazd\u0131m ki, yolumuz t\u0259hl\u00fck\u0259lidir - MEYDAN.TV","robots":{"index":"index","follow":"follow","max-snippet":"max-snippet:-1","max-image-preview":"max-image-preview:large","max-video-preview":"max-video-preview:-1"},"canonical":"https:\/\/www.meydan.tv\/az\/article\/imisli-sakini-dtx-ya-yazdim-ki-yolumuz-tehlukelidir\/","og_locale":"az_AZ","og_type":"article","og_title":"\u0130mi\u015fli sakini: DTX-ya yazd\u0131m ki, yolumuz t\u0259hl\u00fck\u0259lidir - MEYDAN.TV","og_description":"\"\u0130ndiki durumda mal-heyvan ged\u0259 bilmir, otumuzu sah\u0259d\u0259n g\u0259tir\u0259 bilmirik, \u0259ziyy\u0259t \u00e7\u0259kirik\u201d.","og_url":"https:\/\/www.meydan.tv\/az\/article\/imisli-sakini-dtx-ya-yazdim-ki-yolumuz-tehlukelidir\/","og_site_name":"MEYDAN.TV","article_published_time":"2021-10-19T16:30:59+00:00","og_image":[{"width":1032,"height":774,"url":"https:\/\/www.meydan.tv\/wp-content\/uploads\/image00006_36blyyw.jpeg","type":"image\/jpeg"}],"author":"user-manager","twitter_card":"summary_large_image","schema":{"@context":"https:\/\/schema.org","@graph":[{"@type":"Article","@id":"https:\/\/www.meydan.tv\/az\/article\/imisli-sakini-dtx-ya-yazdim-ki-yolumuz-tehlukelidir\/#article","isPartOf":{"@id":"https:\/\/www.meydan.tv\/az\/article\/imisli-sakini-dtx-ya-yazdim-ki-yolumuz-tehlukelidir\/"},"author":{"name":"user-manager","@id":"https:\/\/www.meydan.tv\/az\/#\/schema\/person\/10d11eccf6da3662cf5fdab9806ea91a"},"headline":"\u0130mi\u015fli sakini: DTX-ya yazd\u0131m ki, yolumuz t\u0259hl\u00fck\u0259lidir","datePublished":"2021-10-19T16:30:59+00:00","mainEntityOfPage":{"@id":"https:\/\/www.meydan.tv\/az\/article\/imisli-sakini-dtx-ya-yazdim-ki-yolumuz-tehlukelidir\/"},"wordCount":906,"publisher":{"@id":"https:\/\/www.meydan.tv\/az\/#organization"},"image":{"@id":"https:\/\/www.meydan.tv\/az\/article\/imisli-sakini-dtx-ya-yazdim-ki-yolumuz-tehlukelidir\/#primaryimage"},"thumbnailUrl":"https:\/\/www.meydan.tv\/wp-content\/uploads\/image00006_36blyyw.jpeg","articleSection":["B\u00f6lg\u0259"],"inLanguage":"az"},{"@type":"WebPage","@id":"https:\/\/www.meydan.tv\/az\/article\/imisli-sakini-dtx-ya-yazdim-ki-yolumuz-tehlukelidir\/","url":"https:\/\/www.meydan.tv\/az\/article\/imisli-sakini-dtx-ya-yazdim-ki-yolumuz-tehlukelidir\/","name":"\u0130mi\u015fli sakini: DTX-ya yazd\u0131m ki, yolumuz t\u0259hl\u00fck\u0259lidir - MEYDAN.TV","isPartOf":{"@id":"https:\/\/www.meydan.tv\/az\/#website"},"primaryImageOfPage":{"@id":"https:\/\/www.meydan.tv\/az\/article\/imisli-sakini-dtx-ya-yazdim-ki-yolumuz-tehlukelidir\/#primaryimage"},"image":{"@id":"https:\/\/www.meydan.tv\/az\/article\/imisli-sakini-dtx-ya-yazdim-ki-yolumuz-tehlukelidir\/#primaryimage"},"thumbnailUrl":"https:\/\/www.meydan.tv\/wp-content\/uploads\/image00006_36blyyw.jpeg","datePublished":"2021-10-19T16:30:59+00:00","breadcrumb":{"@id":"https:\/\/www.meydan.tv\/az\/article\/imisli-sakini-dtx-ya-yazdim-ki-yolumuz-tehlukelidir\/#breadcrumb"},"inLanguage":"az","potentialAction":[{"@type":"ReadAction","target":["https:\/\/www.meydan.tv\/az\/article\/imisli-sakini-dtx-ya-yazdim-ki-yolumuz-tehlukelidir\/"]}]},{"@type":"ImageObject","inLanguage":"az","@id":"https:\/\/www.meydan.tv\/az\/article\/imisli-sakini-dtx-ya-yazdim-ki-yolumuz-tehlukelidir\/#primaryimage","url":"https:\/\/www.meydan.tv\/wp-content\/uploads\/image00006_36blyyw.jpeg","contentUrl":"https:\/\/www.meydan.tv\/wp-content\/uploads\/image00006_36blyyw.jpeg","width":1032,"height":774,"caption":"Source: Specify Source"},{"@type":"BreadcrumbList","@id":"https:\/\/www.meydan.tv\/az\/article\/imisli-sakini-dtx-ya-yazdim-ki-yolumuz-tehlukelidir\/#breadcrumb","itemListElement":[{"@type":"ListItem","position":1,"name":"Ana s\u0259hif\u0259","item":"https:\/\/www.meydan.tv\/az\/"},{"@type":"ListItem","position":2,"name":"B\u00f6lg\u0259","item":"https:\/\/www.meydan.tv\/az\/section\/bolge\/"},{"@type":"ListItem","position":3,"name":"\u0130mi\u015fli sakini: DTX-ya yazd\u0131m ki, yolumuz t\u0259hl\u00fck\u0259lidir"}]},{"@type":"WebSite","@id":"https:\/\/www.meydan.tv\/az\/#website","url":"https:\/\/www.meydan.tv\/az\/","name":"MEYDAN.TV","description":"Meydan TV Az\u0259rbaycan\u0131n media m\u0259kan\u0131ndak\u0131 alternativ s\u0259sidir","publisher":{"@id":"https:\/\/www.meydan.tv\/az\/#organization"},"potentialAction":[{"@type":"SearchAction","target":{"@type":"EntryPoint","urlTemplate":"https:\/\/www.meydan.tv\/az\/?s={search_term_string}"},"query-input":{"@type":"PropertyValueSpecification","valueRequired":true,"valueName":"search_term_string"}}],"inLanguage":"az"},{"@type":"Organization","@id":"https:\/\/www.meydan.tv\/az\/#organization","name":"Meydan TV","url":"https:\/\/www.meydan.tv\/az\/","logo":{"@type":"ImageObject","inLanguage":"az","@id":"https:\/\/www.meydan.tv\/az\/#\/schema\/logo\/image\/","url":"https:\/\/www.meydan.tv\/wp-content\/uploads\/2021\/07\/meydan-logo.svg","contentUrl":"https:\/\/www.meydan.tv\/wp-content\/uploads\/2021\/07\/meydan-logo.svg","width":195,"height":46,"caption":"Meydan TV"},"image":{"@id":"https:\/\/www.meydan.tv\/az\/#\/schema\/logo\/image\/"}},{"@type":"Person","@id":"https:\/\/www.meydan.tv\/az\/#\/schema\/person\/10d11eccf6da3662cf5fdab9806ea91a","name":"user-manager"}]}},"_links":{"self":[{"href":"https:\/\/www.meydan.tv\/az\/wp-json\/wp\/v2\/posts\/213369","targetHints":{"allow":["GET"]}}],"collection":[{"href":"https:\/\/www.meydan.tv\/az\/wp-json\/wp\/v2\/posts"}],"about":[{"href":"https:\/\/www.meydan.tv\/az\/wp-json\/wp\/v2\/types\/post"}],"author":[{"embeddable":true,"href":"https:\/\/www.meydan.tv\/az\/wp-json\/wp\/v2\/users\/11"}],"replies":[{"embeddable":true,"href":"https:\/\/www.meydan.tv\/az\/wp-json\/wp\/v2\/comments?post=213369"}],"version-history":[{"count":0,"href":"https:\/\/www.meydan.tv\/az\/wp-json\/wp\/v2\/posts\/213369\/revisions"}],"wp:featuredmedia":[{"embeddable":true,"href":"https:\/\/www.meydan.tv\/az\/wp-json\/wp\/v2\/media\/211350"}],"wp:attachment":[{"href":"https:\/\/www.meydan.tv\/az\/wp-json\/wp\/v2\/media?parent=213369"}],"wp:term":[{"taxonomy":"category","embeddable":true,"href":"https:\/\/www.meydan.tv\/az\/wp-json\/wp\/v2\/categories?post=213369"},{"taxonomy":"post_tag","embeddable":true,"href":"https:\/\/www.meydan.tv\/az\/wp-json\/wp\/v2\/tags?post=213369"}],"curies":[{"name":"wp","href":"https:\/\/api.w.org\/{rel}","templated":true}]}}