{"id":213364,"date":"2021-10-19T16:13:41","date_gmt":"2021-10-19T16:13:41","guid":{"rendered":"https:\/\/www.meydan.tv\/article\/eger-kendli-orusde-mal-qarasini-arxayinliqla-otara-bilmeyecekse-o-dord-polis-orda-niye-xidmet-aparir\/"},"modified":"2021-10-19T16:13:41","modified_gmt":"2021-10-19T16:13:41","slug":"eger-kendli-orusde-mal-qarasini-arxayinliqla-otara-bilmeyecekse-o-dord-polis-orda-niye-xidmet-aparir","status":"publish","type":"post","link":"https:\/\/www.meydan.tv\/az\/article\/eger-kendli-orusde-mal-qarasini-arxayinliqla-otara-bilmeyecekse-o-dord-polis-orda-niye-xidmet-aparir\/","title":{"rendered":"\u201c\u018fg\u0259r k\u0259ndli \u00f6r\u00fc\u015fd\u0259 mal-qaras\u0131n\u0131 arxay\u0131nl\u0131qla otara bilm\u0259y\u0259c\u0259ks\u0259, o d\u00f6rd polis orda niy\u0259 xidm\u0259t apar\u0131r?\u201d"},"content":{"rendered":"<p>\n  <i><br \/>\n    Qax sakini polisin f\u0259aliyy\u0259tsizliyind\u0259n naraz\u0131d\u0131r<br \/>\n  <\/i>\n<\/p>\n<p>\n  \u201cKi\u00e7ik bir k\u0259ndd\u0259 3 aya yax\u0131nd\u0131r it\u0259n bir ba\u015f heyvan\u0131 polis tapa bilmir. Halbuki, bu ki\u00e7ik k\u0259ndd\u0259 d\u00f6rd polis xidm\u0259t g\u00f6st\u0259rir, gec\u0259-g\u00fcnd\u00fcz k\u0259ndi dola\u015f\u0131rlar. Polis \u015f\u00f6b\u0259sind\u0259 m\u0259s\u0259l\u0259y\u0259 \u00e7ox etinas\u0131z yana\u015f\u0131l\u0131r. Bu da v\u0259t\u0259nda\u015fda \u0259sasl\u0131 \u015f\u00fcbh\u0259 yaran\u0131r ki, bu o\u011furluqda el\u0259 polisin d\u0259 \u0259li var\u201d.\n<\/p>\n<p>\n  Bunu Meydan TV-y\u0259 Qax\u0131n G\u00fcll\u00fck k\u0259ndinin sakini Qurban Qurbanov deyir.\n<\/p>\n<p>\n  Qurban Qurbanov G\u00fcll\u00fck k\u0259nd sakini olsa da, Bak\u0131da g\u00fcn\u0259muzd f\u0259hl\u0259likl\u0259 m\u0259\u015f\u011ful olur. K\u0259ndd\u0259 is\u0259 ki\u00e7ik bir heyvandarl\u0131q m\u0259\u015f\u011fuliyy\u0259ti var. Bu ilin iyulunda heyvanlardan \u0259n bahal\u0131s\u0131 \u2013 d\u0259y\u0259ri 2 min manat olan \u201cSimmental\u201d sortlu in\u0259k \u00f6r\u00fc\u015fd\u0259n yoxa \u00e7\u0131x\u0131b.\n<\/p>\n<p>\n  <b><br \/>\n    \u201cYoxa \u00e7\u0131xan heyvan\u0131n 2 min manat d\u0259y\u0259ri vard\u0131\u201d<br \/>\n  <\/b>\n<\/p>\n<p>\n  \u201cK\u0259ndd\u0259 ke\u00e7mi\u015f kolxozdan qalan fermalar\u0131n birind\u0259 8 ba\u015f iribuynuzlu heyvan saxlay\u0131rd\u0131m. Heyvanlar\u0131n 3 ba\u015f\u0131 \u201cSimmental\u201d sortludur. Fermada m\u0259niml\u0259 yana\u015f\u0131 h\u0259mk\u0259ndlil\u0259rim Hafiz v\u0259 Zahid d\u0259 heyvan saxlay\u0131rd\u0131. Biz heyvanlar\u0131 \u00f6r\u00fc\u015f\u0259 apar\u0131b-g\u0259tirm\u0259k \u00fc\u00e7\u00fcn el\u0259 h\u0259mk\u0259ndlimiz olan H\u0259mid adl\u0131 \u015f\u0259xsi \u00e7oban tutduq. H\u0259mid h\u0259r s\u0259h\u0259r o ba\u015fdan heyvanlar\u0131 \u00f6r\u00fc\u015f\u0259 apar\u0131b, g\u00fcn batana yax\u0131n fermaya qaytar\u0131rd\u0131. \u00d6r\u00fc\u015f el\u0259 fermadan 300 metr aral\u0131da \u2013 30 hektarl\u0131q ba\u011fl\u0131 sah\u0259d\u0259 yerl\u0259\u015fir. \u0130yulun 25-d\u0259 ax\u015fam \u00e7oban x\u0259b\u0259r verdi ki, evin\u0259 gedib, geri qay\u0131danda bir heyvan\u0131n \u00f6r\u00fc\u015fd\u0259n yoxa \u00e7\u0131xd\u0131\u011f\u0131n\u0131 g\u00f6r\u00fcb. Yoxa \u00e7\u0131xan heyvan\u0131n 2 min manat d\u0259y\u0259ri var. 3 g\u00fcn axtard\u0131q, o boyda heyvan\u0131 ki\u00e7k bir k\u0259ndd\u0259 tapa bilm\u0259dik\u201d, &#8211; \u015fikay\u0259t\u00e7i deyir.\n<\/p>\n<p>\n  <b><br \/>\n    \u201c\u015e\u00fcbh\u0259l\u0259rimi bildirmi\u015f\u0259m, polis ara\u015fd\u0131rm\u0131r\u201d<br \/>\n  <\/b>\n<\/p>\n<p>\n  \u0130yulun 28-d\u0259 Qurban Qurbanov bu bar\u0259d\u0259 Qax Rayon Polis \u015e\u00f6b\u0259sin\u0259 m\u0259lumat verib, \u015f\u00fcbhl\u0259ri bar\u0259d\u0259 d\u0259 bildirib:\n<\/p>\n<p>\n  \u201cYax\u0131nl\u0131\u011f\u0131m\u0131zda iri heyvandarl\u0131q t\u0259s\u0259rr\u00fcfat\u0131 olan bir fermer var, biz\u0259 g\u00f6z verib, i\u015f\u0131q vermirdi, heyvanlar\u0131m\u0131z\u0131 \u00f6r\u00fc\u015fd\u0259n \u00e7\u0131xarmaq \u00fc\u00e7\u00fcn min oyundan \u00e7\u0131x\u0131rd\u0131. H\u0259r d\u0259f\u0259 x\u0259b\u0259r g\u00f6nd\u0259rirdi ki, gec-tez \u00f6r\u00fc\u015f\u00fc \u0259limizd\u0259n alacaq. Tez-tez bir b\u0259han\u0259 tap\u0131b D\u0130N 102 Xidm\u0259tin\u0259 bizd\u0259n \u015fikay\u0259t edirdi ki, bu yolla t\u0259zyiq g\u00f6st\u0259rib bizi oradan uzaqla\u015fd\u0131rs\u0131n. M\u0259n Qax Rayon Polis \u015e\u00f6b\u0259sind\u0259 yazd\u0131\u011f\u0131m izahatda o adam\u0131n ad\u0131n\u0131 qeyd etmi\u015f\u0259m. \u00c7\u00fcnki m\u0259nim heyvan\u0131m\u0131 h\u0259min g\u00fcn onun heyvanlar\u0131n\u0131n aras\u0131nda g\u00f6r\u0259nl\u0259r olub. Ancaq polis n\u0259 h\u0259min adam\u0131, n\u0259 d\u0259 \u015fahidl\u0259ri d\u0259v\u0259t edib dindirir. H\u0259min fermerin qarda\u015f\u0131 ke\u00e7mi\u015f polis r\u0259isidir v\u0259 m\u0259nd\u0259 bel\u0259 \u015f\u00fcbh\u0259 var ki, m\u0259hz buna g\u00f6r\u0259 h\u0259min fermeri he\u00e7 \u015f\u00f6b\u0259y\u0259 d\u0259 \u00e7a\u011f\u0131rm\u0131rlar. T\u0259s\u0259vv\u00fcr edin ki, \u015f\u00f6b\u0259nin i\u015f\u00e7il\u0259ri \u0259raziy\u0259 bax\u0131\u015f ke\u00e7irm\u0259y\u0259 g\u0259l\u0259nd\u0259 he\u00e7 ma\u015f\u0131ndan d\u00fc\u015fm\u0259dil\u0259r, ma\u015f\u0131n\u0131n p\u0259nc\u0259r\u0259 \u015f\u00fc\u015f\u0259sini a\u015fa\u011f\u0131 endirib, ma\u015f\u0131ndan seyr edib, getdil\u0259r. Halbuki, m\u0259n iddia edirdim ki, o boyda in\u0259k qapal\u0131 sah\u0259d\u0259n \u00f6zba\u015f\u0131na \u00e7\u0131xa bilm\u0259zdi\u201d.\n<\/p>\n<p>\n  <b><br \/>\n    \u201cQohumuma t\u0259zyiq g\u00f6st\u0259rilib\u201d<br \/>\n  <\/b>\n<\/p>\n<p>\n  Qurban Qurbanov Bak\u0131da f\u0259hl\u0259likl\u0259 m\u0259\u015f\u011ful olur, deyir, bir in\u0259yin itkisini \u00f6z\u00fcn\u0259 b\u00f6y\u00fck z\u0259r\u0259r hesab edir:\n<\/p>\n<p>\n  \u201cB\u0259lk\u0259 o polis r\u0259isi \u00fc\u00e7\u00fcn 2 min manat b\u00f6y\u00fck m\u0259bl\u0259\u011f deyil, ancaq m\u0259n g\u00fcnd\u0259lik \u00e7\u00f6r\u0259kpuluna s\u0259h\u0259rd\u0259n ax\u015fama kimi \u0259n a\u011f\u0131r i\u015fl\u0259rd\u0259 \u00e7al\u0131\u015fan f\u0259hl\u0259y\u0259m, 2 min manat\u0131n da d\u0259y\u0259ri m\u0259nim\u00e7\u00fcn b\u00f6y\u00fckd\u00fcr. \u00dcst\u0259lik d\u0259, bu g\u00fcn bir in\u0259yi ke\u00e7s\u0259m, kim z\u0259man\u0259t verir ki, sabah o biril\u0259ri d\u0259 o\u011furlamayacaqlar? \u018fg\u0259r k\u0259ndli \u00f6r\u00fc\u015fd\u0259 mal-qaras\u0131n\u0131 arxay\u0131nl\u0131qla otara bilm\u0259y\u0259c\u0259ks\u0259, o d\u00f6rd polis orda niy\u0259 xidm\u0259t apar\u0131r, n\u0259y\u0259 n\u0259zar\u0259t edir? M\u0259n \u015fikay\u0259t\u00e7i oldu\u011fuma g\u00f6r\u0259 h\u0259min polis \u015f\u00f6b\u0259sind\u0259 i\u015fl\u0259y\u0259n yax\u0131n qohumumu i\u015fd\u0259n \u00e7\u0131xarmaqla h\u0259d\u0259l\u0259yibl\u0259r. Ona x\u0259b\u0259rdarl\u0131q edibl\u0259r ki, get qohumuna de, a\u011fl\u0131n\u0131 ba\u015f\u0131na y\u0131\u011fs\u0131n, \u0259riz\u0259sini geri g\u00f6t\u00fcrs\u00fcn, ora-bura da az \u015fikay\u0259t yazs\u0131n&#8230; Bu boyda h\u0259ngam\u0259 yaratmaqdansa, olmazm\u0131 v\u0259t\u0259nda\u015f\u0131n g\u00fcn\u00fcn g\u00fcnd\u00fcz \u00e7a\u011f\u0131 yoxa \u00e7\u0131xm\u0131\u015f heyvan\u0131n\u0131 tap\u0131b qaytars\u0131nlar, onu raz\u0131 sals\u0131nlar? Dem\u0259li, burda q\u0259sd var, m\u0259n d\u0259 bu i\u015fin sonunad\u0259k ged\u0259c\u0259m\u201d.\n<\/p>\n<p>\n  Qax Rayon Polis \u015e\u00f6b\u0259sind\u0259n Meydan TV-y\u0259 bildirilib ki, Qurban Qurbanovun dedikl\u0259ri \u0259sass\u0131zd\u0131r. Onun \u0259riz\u0259si \u015f\u00f6b\u0259nin t\u0259hqiqat b\u00f6lm\u0259sind\u0259 ba\u015f t\u0259hqiqat\u00e7\u0131 Zamir X\u0259lilov t\u0259r\u0259find\u0259n ara\u015fd\u0131r\u0131l\u0131b:\n<\/p>\n<p>\n  \u201cBir ba\u015f iribuynuzlu heyvan\u0131n itkisind\u0259 cinay\u0259t izi a\u015fkar edilm\u0259diyin\u0259 g\u00f6r\u0259 fakt \u00fczr\u0259 cinay\u0259t i\u015fi ba\u015flanmas\u0131 r\u0259dd edilib. \u0130tmi\u015f heyvan\u0131n axtar\u0131\u015f\u0131n\u0131n davam etdirim\u0259si \u00fc\u00e7\u00fcn q\u0259rar\u0131n sur\u0259ti Qax Rayon Polis \u015e\u00f6b\u0259sinin Cinay\u0259t Axtar\u0131\u015f B\u00f6lm\u0259sin\u0259 g\u00f6nd\u0259rilib, heyvan\u0131n axtar\u0131\u015f\u0131 davam etdirilir.<\/p>\n","protected":false},"excerpt":{"rendered":"<p>\u201cB\u0259lk\u0259 o polis r\u0259isi \u00fc\u00e7\u00fcn 2 min manat b\u00f6y\u00fck m\u0259bl\u0259\u011f deyil, ancaq m\u0259n g\u00fcnd\u0259lik \u00e7\u00f6r\u0259kpuluna s\u0259h\u0259rd\u0259n ax\u015fama kimi \u0259n a\u011f\u0131r i\u015fl\u0259rd\u0259 \u00e7al\u0131\u015fan f\u0259hl\u0259y\u0259m, 2 min manat\u0131n da d\u0259y\u0259ri m\u0259nim\u00e7\u00fcn b\u00f6y\u00fckd\u00fcr&#8221;<\/p>\n","protected":false},"author":11,"featured_media":211344,"comment_status":"closed","ping_status":"open","sticky":false,"template":"","format":"standard","meta":{"_acf_changed":false,"_sitemap_exclude":false,"_sitemap_priority":"","_sitemap_frequency":"","footnotes":""},"categories":[60],"tags":[],"class_list":["post-213364","post","type-post","status-publish","format-standard","has-post-thumbnail","hentry","category-bolge","infinite-scroll-item","generate-columns","tablet-grid-50","mobile-grid-100","grid-parent","grid-33","no-featured-image-padding"],"acf":[],"yoast_head":"<!-- This site is optimized with the Yoast SEO plugin v27.5 - https:\/\/yoast.com\/product\/yoast-seo-wordpress\/ -->\n<title>\u201c\u018fg\u0259r k\u0259ndli \u00f6r\u00fc\u015fd\u0259 mal-qaras\u0131n\u0131 arxay\u0131nl\u0131qla otara bilm\u0259y\u0259c\u0259ks\u0259, o d\u00f6rd polis orda niy\u0259 xidm\u0259t apar\u0131r?\u201d - MEYDAN.TV<\/title>\n<meta name=\"robots\" content=\"index, follow, max-snippet:-1, max-image-preview:large, max-video-preview:-1\" \/>\n<link rel=\"canonical\" href=\"https:\/\/www.meydan.tv\/az\/article\/eger-kendli-orusde-mal-qarasini-arxayinliqla-otara-bilmeyecekse-o-dord-polis-orda-niye-xidmet-aparir\/\" \/>\n<meta property=\"og:locale\" content=\"az_AZ\" \/>\n<meta property=\"og:type\" content=\"article\" \/>\n<meta property=\"og:title\" content=\"\u201c\u018fg\u0259r k\u0259ndli \u00f6r\u00fc\u015fd\u0259 mal-qaras\u0131n\u0131 arxay\u0131nl\u0131qla otara bilm\u0259y\u0259c\u0259ks\u0259, o d\u00f6rd polis orda niy\u0259 xidm\u0259t apar\u0131r?\u201d - MEYDAN.TV\" \/>\n<meta property=\"og:description\" content=\"\u201cB\u0259lk\u0259 o polis r\u0259isi \u00fc\u00e7\u00fcn 2 min manat b\u00f6y\u00fck m\u0259bl\u0259\u011f deyil, ancaq m\u0259n g\u00fcnd\u0259lik \u00e7\u00f6r\u0259kpuluna s\u0259h\u0259rd\u0259n ax\u015fama kimi \u0259n a\u011f\u0131r i\u015fl\u0259rd\u0259 \u00e7al\u0131\u015fan f\u0259hl\u0259y\u0259m, 2 min manat\u0131n da d\u0259y\u0259ri m\u0259nim\u00e7\u00fcn b\u00f6y\u00fckd\u00fcr&quot;\" \/>\n<meta property=\"og:url\" content=\"https:\/\/www.meydan.tv\/az\/article\/eger-kendli-orusde-mal-qarasini-arxayinliqla-otara-bilmeyecekse-o-dord-polis-orda-niye-xidmet-aparir\/\" \/>\n<meta property=\"og:site_name\" content=\"MEYDAN.TV\" \/>\n<meta property=\"article:published_time\" content=\"2021-10-19T16:13:41+00:00\" \/>\n<meta property=\"og:image\" content=\"https:\/\/www.meydan.tv\/wp-content\/uploads\/sikayetci.jpg\" \/>\n\t<meta property=\"og:image:width\" content=\"1600\" \/>\n\t<meta property=\"og:image:height\" content=\"885\" \/>\n\t<meta property=\"og:image:type\" content=\"image\/jpeg\" \/>\n<meta name=\"author\" content=\"user-manager\" \/>\n<meta name=\"twitter:card\" content=\"summary_large_image\" \/>\n<script type=\"application\/ld+json\" class=\"yoast-schema-graph\">{\"@context\":\"https:\\\/\\\/schema.org\",\"@graph\":[{\"@type\":\"Article\",\"@id\":\"https:\\\/\\\/www.meydan.tv\\\/az\\\/article\\\/eger-kendli-orusde-mal-qarasini-arxayinliqla-otara-bilmeyecekse-o-dord-polis-orda-niye-xidmet-aparir\\\/#article\",\"isPartOf\":{\"@id\":\"https:\\\/\\\/www.meydan.tv\\\/az\\\/article\\\/eger-kendli-orusde-mal-qarasini-arxayinliqla-otara-bilmeyecekse-o-dord-polis-orda-niye-xidmet-aparir\\\/\"},\"author\":{\"name\":\"user-manager\",\"@id\":\"https:\\\/\\\/www.meydan.tv\\\/az\\\/#\\\/schema\\\/person\\\/10d11eccf6da3662cf5fdab9806ea91a\"},\"headline\":\"\u201c\u018fg\u0259r k\u0259ndli \u00f6r\u00fc\u015fd\u0259 mal-qaras\u0131n\u0131 arxay\u0131nl\u0131qla otara bilm\u0259y\u0259c\u0259ks\u0259, o d\u00f6rd polis orda niy\u0259 xidm\u0259t apar\u0131r?\u201d\",\"datePublished\":\"2021-10-19T16:13:41+00:00\",\"mainEntityOfPage\":{\"@id\":\"https:\\\/\\\/www.meydan.tv\\\/az\\\/article\\\/eger-kendli-orusde-mal-qarasini-arxayinliqla-otara-bilmeyecekse-o-dord-polis-orda-niye-xidmet-aparir\\\/\"},\"wordCount\":944,\"publisher\":{\"@id\":\"https:\\\/\\\/www.meydan.tv\\\/az\\\/#organization\"},\"image\":{\"@id\":\"https:\\\/\\\/www.meydan.tv\\\/az\\\/article\\\/eger-kendli-orusde-mal-qarasini-arxayinliqla-otara-bilmeyecekse-o-dord-polis-orda-niye-xidmet-aparir\\\/#primaryimage\"},\"thumbnailUrl\":\"https:\\\/\\\/www.meydan.tv\\\/wp-content\\\/uploads\\\/sikayetci.jpg\",\"articleSection\":[\"B\u00f6lg\u0259\"],\"inLanguage\":\"az\"},{\"@type\":\"WebPage\",\"@id\":\"https:\\\/\\\/www.meydan.tv\\\/az\\\/article\\\/eger-kendli-orusde-mal-qarasini-arxayinliqla-otara-bilmeyecekse-o-dord-polis-orda-niye-xidmet-aparir\\\/\",\"url\":\"https:\\\/\\\/www.meydan.tv\\\/az\\\/article\\\/eger-kendli-orusde-mal-qarasini-arxayinliqla-otara-bilmeyecekse-o-dord-polis-orda-niye-xidmet-aparir\\\/\",\"name\":\"\u201c\u018fg\u0259r k\u0259ndli \u00f6r\u00fc\u015fd\u0259 mal-qaras\u0131n\u0131 arxay\u0131nl\u0131qla otara bilm\u0259y\u0259c\u0259ks\u0259, o d\u00f6rd polis orda niy\u0259 xidm\u0259t apar\u0131r?\u201d - MEYDAN.TV\",\"isPartOf\":{\"@id\":\"https:\\\/\\\/www.meydan.tv\\\/az\\\/#website\"},\"primaryImageOfPage\":{\"@id\":\"https:\\\/\\\/www.meydan.tv\\\/az\\\/article\\\/eger-kendli-orusde-mal-qarasini-arxayinliqla-otara-bilmeyecekse-o-dord-polis-orda-niye-xidmet-aparir\\\/#primaryimage\"},\"image\":{\"@id\":\"https:\\\/\\\/www.meydan.tv\\\/az\\\/article\\\/eger-kendli-orusde-mal-qarasini-arxayinliqla-otara-bilmeyecekse-o-dord-polis-orda-niye-xidmet-aparir\\\/#primaryimage\"},\"thumbnailUrl\":\"https:\\\/\\\/www.meydan.tv\\\/wp-content\\\/uploads\\\/sikayetci.jpg\",\"datePublished\":\"2021-10-19T16:13:41+00:00\",\"breadcrumb\":{\"@id\":\"https:\\\/\\\/www.meydan.tv\\\/az\\\/article\\\/eger-kendli-orusde-mal-qarasini-arxayinliqla-otara-bilmeyecekse-o-dord-polis-orda-niye-xidmet-aparir\\\/#breadcrumb\"},\"inLanguage\":\"az\",\"potentialAction\":[{\"@type\":\"ReadAction\",\"target\":[\"https:\\\/\\\/www.meydan.tv\\\/az\\\/article\\\/eger-kendli-orusde-mal-qarasini-arxayinliqla-otara-bilmeyecekse-o-dord-polis-orda-niye-xidmet-aparir\\\/\"]}]},{\"@type\":\"ImageObject\",\"inLanguage\":\"az\",\"@id\":\"https:\\\/\\\/www.meydan.tv\\\/az\\\/article\\\/eger-kendli-orusde-mal-qarasini-arxayinliqla-otara-bilmeyecekse-o-dord-polis-orda-niye-xidmet-aparir\\\/#primaryimage\",\"url\":\"https:\\\/\\\/www.meydan.tv\\\/wp-content\\\/uploads\\\/sikayetci.jpg\",\"contentUrl\":\"https:\\\/\\\/www.meydan.tv\\\/wp-content\\\/uploads\\\/sikayetci.jpg\",\"width\":1600,\"height\":885,\"caption\":\"Source: Meydan TV\"},{\"@type\":\"BreadcrumbList\",\"@id\":\"https:\\\/\\\/www.meydan.tv\\\/az\\\/article\\\/eger-kendli-orusde-mal-qarasini-arxayinliqla-otara-bilmeyecekse-o-dord-polis-orda-niye-xidmet-aparir\\\/#breadcrumb\",\"itemListElement\":[{\"@type\":\"ListItem\",\"position\":1,\"name\":\"Ana s\u0259hif\u0259\",\"item\":\"https:\\\/\\\/www.meydan.tv\\\/az\\\/\"},{\"@type\":\"ListItem\",\"position\":2,\"name\":\"B\u00f6lg\u0259\",\"item\":\"https:\\\/\\\/www.meydan.tv\\\/az\\\/section\\\/bolge\\\/\"},{\"@type\":\"ListItem\",\"position\":3,\"name\":\"\u201c\u018fg\u0259r k\u0259ndli \u00f6r\u00fc\u015fd\u0259 mal-qaras\u0131n\u0131 arxay\u0131nl\u0131qla otara bilm\u0259y\u0259c\u0259ks\u0259, o d\u00f6rd polis orda niy\u0259 xidm\u0259t apar\u0131r?\u201d\"}]},{\"@type\":\"WebSite\",\"@id\":\"https:\\\/\\\/www.meydan.tv\\\/az\\\/#website\",\"url\":\"https:\\\/\\\/www.meydan.tv\\\/az\\\/\",\"name\":\"MEYDAN.TV\",\"description\":\"Meydan TV Az\u0259rbaycan\u0131n media m\u0259kan\u0131ndak\u0131 alternativ s\u0259sidir\",\"publisher\":{\"@id\":\"https:\\\/\\\/www.meydan.tv\\\/az\\\/#organization\"},\"potentialAction\":[{\"@type\":\"SearchAction\",\"target\":{\"@type\":\"EntryPoint\",\"urlTemplate\":\"https:\\\/\\\/www.meydan.tv\\\/az\\\/?s={search_term_string}\"},\"query-input\":{\"@type\":\"PropertyValueSpecification\",\"valueRequired\":true,\"valueName\":\"search_term_string\"}}],\"inLanguage\":\"az\"},{\"@type\":\"Organization\",\"@id\":\"https:\\\/\\\/www.meydan.tv\\\/az\\\/#organization\",\"name\":\"Meydan TV\",\"url\":\"https:\\\/\\\/www.meydan.tv\\\/az\\\/\",\"logo\":{\"@type\":\"ImageObject\",\"inLanguage\":\"az\",\"@id\":\"https:\\\/\\\/www.meydan.tv\\\/az\\\/#\\\/schema\\\/logo\\\/image\\\/\",\"url\":\"https:\\\/\\\/www.meydan.tv\\\/wp-content\\\/uploads\\\/2021\\\/07\\\/meydan-logo.svg\",\"contentUrl\":\"https:\\\/\\\/www.meydan.tv\\\/wp-content\\\/uploads\\\/2021\\\/07\\\/meydan-logo.svg\",\"width\":195,\"height\":46,\"caption\":\"Meydan TV\"},\"image\":{\"@id\":\"https:\\\/\\\/www.meydan.tv\\\/az\\\/#\\\/schema\\\/logo\\\/image\\\/\"}},{\"@type\":\"Person\",\"@id\":\"https:\\\/\\\/www.meydan.tv\\\/az\\\/#\\\/schema\\\/person\\\/10d11eccf6da3662cf5fdab9806ea91a\",\"name\":\"user-manager\"}]}<\/script>\n<!-- \/ Yoast SEO plugin. -->","yoast_head_json":{"title":"\u201c\u018fg\u0259r k\u0259ndli \u00f6r\u00fc\u015fd\u0259 mal-qaras\u0131n\u0131 arxay\u0131nl\u0131qla otara bilm\u0259y\u0259c\u0259ks\u0259, o d\u00f6rd polis orda niy\u0259 xidm\u0259t apar\u0131r?\u201d - MEYDAN.TV","robots":{"index":"index","follow":"follow","max-snippet":"max-snippet:-1","max-image-preview":"max-image-preview:large","max-video-preview":"max-video-preview:-1"},"canonical":"https:\/\/www.meydan.tv\/az\/article\/eger-kendli-orusde-mal-qarasini-arxayinliqla-otara-bilmeyecekse-o-dord-polis-orda-niye-xidmet-aparir\/","og_locale":"az_AZ","og_type":"article","og_title":"\u201c\u018fg\u0259r k\u0259ndli \u00f6r\u00fc\u015fd\u0259 mal-qaras\u0131n\u0131 arxay\u0131nl\u0131qla otara bilm\u0259y\u0259c\u0259ks\u0259, o d\u00f6rd polis orda niy\u0259 xidm\u0259t apar\u0131r?\u201d - MEYDAN.TV","og_description":"\u201cB\u0259lk\u0259 o polis r\u0259isi \u00fc\u00e7\u00fcn 2 min manat b\u00f6y\u00fck m\u0259bl\u0259\u011f deyil, ancaq m\u0259n g\u00fcnd\u0259lik \u00e7\u00f6r\u0259kpuluna s\u0259h\u0259rd\u0259n ax\u015fama kimi \u0259n a\u011f\u0131r i\u015fl\u0259rd\u0259 \u00e7al\u0131\u015fan f\u0259hl\u0259y\u0259m, 2 min manat\u0131n da d\u0259y\u0259ri m\u0259nim\u00e7\u00fcn b\u00f6y\u00fckd\u00fcr\"","og_url":"https:\/\/www.meydan.tv\/az\/article\/eger-kendli-orusde-mal-qarasini-arxayinliqla-otara-bilmeyecekse-o-dord-polis-orda-niye-xidmet-aparir\/","og_site_name":"MEYDAN.TV","article_published_time":"2021-10-19T16:13:41+00:00","og_image":[{"width":1600,"height":885,"url":"https:\/\/www.meydan.tv\/wp-content\/uploads\/sikayetci.jpg","type":"image\/jpeg"}],"author":"user-manager","twitter_card":"summary_large_image","schema":{"@context":"https:\/\/schema.org","@graph":[{"@type":"Article","@id":"https:\/\/www.meydan.tv\/az\/article\/eger-kendli-orusde-mal-qarasini-arxayinliqla-otara-bilmeyecekse-o-dord-polis-orda-niye-xidmet-aparir\/#article","isPartOf":{"@id":"https:\/\/www.meydan.tv\/az\/article\/eger-kendli-orusde-mal-qarasini-arxayinliqla-otara-bilmeyecekse-o-dord-polis-orda-niye-xidmet-aparir\/"},"author":{"name":"user-manager","@id":"https:\/\/www.meydan.tv\/az\/#\/schema\/person\/10d11eccf6da3662cf5fdab9806ea91a"},"headline":"\u201c\u018fg\u0259r k\u0259ndli \u00f6r\u00fc\u015fd\u0259 mal-qaras\u0131n\u0131 arxay\u0131nl\u0131qla otara bilm\u0259y\u0259c\u0259ks\u0259, o d\u00f6rd polis orda niy\u0259 xidm\u0259t apar\u0131r?\u201d","datePublished":"2021-10-19T16:13:41+00:00","mainEntityOfPage":{"@id":"https:\/\/www.meydan.tv\/az\/article\/eger-kendli-orusde-mal-qarasini-arxayinliqla-otara-bilmeyecekse-o-dord-polis-orda-niye-xidmet-aparir\/"},"wordCount":944,"publisher":{"@id":"https:\/\/www.meydan.tv\/az\/#organization"},"image":{"@id":"https:\/\/www.meydan.tv\/az\/article\/eger-kendli-orusde-mal-qarasini-arxayinliqla-otara-bilmeyecekse-o-dord-polis-orda-niye-xidmet-aparir\/#primaryimage"},"thumbnailUrl":"https:\/\/www.meydan.tv\/wp-content\/uploads\/sikayetci.jpg","articleSection":["B\u00f6lg\u0259"],"inLanguage":"az"},{"@type":"WebPage","@id":"https:\/\/www.meydan.tv\/az\/article\/eger-kendli-orusde-mal-qarasini-arxayinliqla-otara-bilmeyecekse-o-dord-polis-orda-niye-xidmet-aparir\/","url":"https:\/\/www.meydan.tv\/az\/article\/eger-kendli-orusde-mal-qarasini-arxayinliqla-otara-bilmeyecekse-o-dord-polis-orda-niye-xidmet-aparir\/","name":"\u201c\u018fg\u0259r k\u0259ndli \u00f6r\u00fc\u015fd\u0259 mal-qaras\u0131n\u0131 arxay\u0131nl\u0131qla otara bilm\u0259y\u0259c\u0259ks\u0259, o d\u00f6rd polis orda niy\u0259 xidm\u0259t apar\u0131r?\u201d - MEYDAN.TV","isPartOf":{"@id":"https:\/\/www.meydan.tv\/az\/#website"},"primaryImageOfPage":{"@id":"https:\/\/www.meydan.tv\/az\/article\/eger-kendli-orusde-mal-qarasini-arxayinliqla-otara-bilmeyecekse-o-dord-polis-orda-niye-xidmet-aparir\/#primaryimage"},"image":{"@id":"https:\/\/www.meydan.tv\/az\/article\/eger-kendli-orusde-mal-qarasini-arxayinliqla-otara-bilmeyecekse-o-dord-polis-orda-niye-xidmet-aparir\/#primaryimage"},"thumbnailUrl":"https:\/\/www.meydan.tv\/wp-content\/uploads\/sikayetci.jpg","datePublished":"2021-10-19T16:13:41+00:00","breadcrumb":{"@id":"https:\/\/www.meydan.tv\/az\/article\/eger-kendli-orusde-mal-qarasini-arxayinliqla-otara-bilmeyecekse-o-dord-polis-orda-niye-xidmet-aparir\/#breadcrumb"},"inLanguage":"az","potentialAction":[{"@type":"ReadAction","target":["https:\/\/www.meydan.tv\/az\/article\/eger-kendli-orusde-mal-qarasini-arxayinliqla-otara-bilmeyecekse-o-dord-polis-orda-niye-xidmet-aparir\/"]}]},{"@type":"ImageObject","inLanguage":"az","@id":"https:\/\/www.meydan.tv\/az\/article\/eger-kendli-orusde-mal-qarasini-arxayinliqla-otara-bilmeyecekse-o-dord-polis-orda-niye-xidmet-aparir\/#primaryimage","url":"https:\/\/www.meydan.tv\/wp-content\/uploads\/sikayetci.jpg","contentUrl":"https:\/\/www.meydan.tv\/wp-content\/uploads\/sikayetci.jpg","width":1600,"height":885,"caption":"Source: Meydan TV"},{"@type":"BreadcrumbList","@id":"https:\/\/www.meydan.tv\/az\/article\/eger-kendli-orusde-mal-qarasini-arxayinliqla-otara-bilmeyecekse-o-dord-polis-orda-niye-xidmet-aparir\/#breadcrumb","itemListElement":[{"@type":"ListItem","position":1,"name":"Ana s\u0259hif\u0259","item":"https:\/\/www.meydan.tv\/az\/"},{"@type":"ListItem","position":2,"name":"B\u00f6lg\u0259","item":"https:\/\/www.meydan.tv\/az\/section\/bolge\/"},{"@type":"ListItem","position":3,"name":"\u201c\u018fg\u0259r k\u0259ndli \u00f6r\u00fc\u015fd\u0259 mal-qaras\u0131n\u0131 arxay\u0131nl\u0131qla otara bilm\u0259y\u0259c\u0259ks\u0259, o d\u00f6rd polis orda niy\u0259 xidm\u0259t apar\u0131r?\u201d"}]},{"@type":"WebSite","@id":"https:\/\/www.meydan.tv\/az\/#website","url":"https:\/\/www.meydan.tv\/az\/","name":"MEYDAN.TV","description":"Meydan TV Az\u0259rbaycan\u0131n media m\u0259kan\u0131ndak\u0131 alternativ s\u0259sidir","publisher":{"@id":"https:\/\/www.meydan.tv\/az\/#organization"},"potentialAction":[{"@type":"SearchAction","target":{"@type":"EntryPoint","urlTemplate":"https:\/\/www.meydan.tv\/az\/?s={search_term_string}"},"query-input":{"@type":"PropertyValueSpecification","valueRequired":true,"valueName":"search_term_string"}}],"inLanguage":"az"},{"@type":"Organization","@id":"https:\/\/www.meydan.tv\/az\/#organization","name":"Meydan TV","url":"https:\/\/www.meydan.tv\/az\/","logo":{"@type":"ImageObject","inLanguage":"az","@id":"https:\/\/www.meydan.tv\/az\/#\/schema\/logo\/image\/","url":"https:\/\/www.meydan.tv\/wp-content\/uploads\/2021\/07\/meydan-logo.svg","contentUrl":"https:\/\/www.meydan.tv\/wp-content\/uploads\/2021\/07\/meydan-logo.svg","width":195,"height":46,"caption":"Meydan TV"},"image":{"@id":"https:\/\/www.meydan.tv\/az\/#\/schema\/logo\/image\/"}},{"@type":"Person","@id":"https:\/\/www.meydan.tv\/az\/#\/schema\/person\/10d11eccf6da3662cf5fdab9806ea91a","name":"user-manager"}]}},"_links":{"self":[{"href":"https:\/\/www.meydan.tv\/az\/wp-json\/wp\/v2\/posts\/213364","targetHints":{"allow":["GET"]}}],"collection":[{"href":"https:\/\/www.meydan.tv\/az\/wp-json\/wp\/v2\/posts"}],"about":[{"href":"https:\/\/www.meydan.tv\/az\/wp-json\/wp\/v2\/types\/post"}],"author":[{"embeddable":true,"href":"https:\/\/www.meydan.tv\/az\/wp-json\/wp\/v2\/users\/11"}],"replies":[{"embeddable":true,"href":"https:\/\/www.meydan.tv\/az\/wp-json\/wp\/v2\/comments?post=213364"}],"version-history":[{"count":0,"href":"https:\/\/www.meydan.tv\/az\/wp-json\/wp\/v2\/posts\/213364\/revisions"}],"wp:featuredmedia":[{"embeddable":true,"href":"https:\/\/www.meydan.tv\/az\/wp-json\/wp\/v2\/media\/211344"}],"wp:attachment":[{"href":"https:\/\/www.meydan.tv\/az\/wp-json\/wp\/v2\/media?parent=213364"}],"wp:term":[{"taxonomy":"category","embeddable":true,"href":"https:\/\/www.meydan.tv\/az\/wp-json\/wp\/v2\/categories?post=213364"},{"taxonomy":"post_tag","embeddable":true,"href":"https:\/\/www.meydan.tv\/az\/wp-json\/wp\/v2\/tags?post=213364"}],"curies":[{"name":"wp","href":"https:\/\/api.w.org\/{rel}","templated":true}]}}