{"id":213361,"date":"2021-10-19T14:43:26","date_gmt":"2021-10-19T14:43:26","guid":{"rendered":"https:\/\/www.meydan.tv\/article\/nazirlik-kukla-teatrinin-direktoru-menimsemeye-gore-isden-cixarilib\/"},"modified":"2021-10-19T14:43:26","modified_gmt":"2021-10-19T14:43:26","slug":"nazirlik-kukla-teatrinin-direktoru-menimsemeye-gore-isden-cixarilib","status":"publish","type":"post","link":"https:\/\/www.meydan.tv\/az\/article\/nazirlik-kukla-teatrinin-direktoru-menimsemeye-gore-isden-cixarilib\/","title":{"rendered":"Nazirlik: Kukla Teatr\u0131n\u0131n direktoru m\u0259nims\u0259m\u0259y\u0259 g\u00f6r\u0259 i\u015fd\u0259n \u00e7\u0131xar\u0131l\u0131b"},"content":{"rendered":"<p>\n  <i><br \/>\n    Nazim Mahmudov qulluq m\u00f6vqeyind\u0259n sui-istifad\u0259d\u0259 g\u00fcnahland\u0131r\u0131l\u0131r<br \/>\n  <\/i>\n<\/p>\n<p>\n  M\u0259d\u0259niyy\u0259t naziri Anar K\u0259rimov Qax D\u00f6vl\u0259t Kukla Teatr\u0131n\u0131n direktoru Nazim Mahmudovu i\u015fd\u0259n \u00e7\u0131xar\u0131b.\n<\/p>\n<p>\n  Bu bar\u0259d\u0259 Nazirlikd\u0259n \u201cReport\u201da m\u0259lumat<br \/>\n  <a href=\"https:\/\/report.az\/medeniyyet-siyaseti\/nazir-kukla-teatrinin-direktorunu-menimsemeye-gore-isden-cixarib\/\"><br \/>\n    verilib.<br \/>\n  <\/a>\n<\/p>\n<p>\n  Bildirilib ki, direktorun f\u0259aliyy\u0259ti ara\u015fd\u0131r\u0131lan zaman onun v\u0259zif\u0259 s\u0259lahiyy\u0259tl\u0259rind\u0259n sui-istifad\u0259 etdiyi ortaya \u00e7\u0131x\u0131b: \u201cQulluq m\u00f6vqeyind\u0259n istifad\u0259 etm\u0259kl\u0259 m\u0259nims\u0259m\u0259 v\u0259 israfetm\u0259 \u0259m\u0259li t\u00f6r\u0259tm\u0259si, h\u00fcquq pozuntular\u0131 n\u0259tic\u0259sind\u0259 m\u0259rk\u0259zi icra hakimiyy\u0259ti orqan\u0131n\u0131n n\u00fcfuzuna x\u0259l\u0259l g\u0259tir\u0259n \u0259m\u0259ll\u0259r\u0259 yol verm\u0259si s\u0259b\u0259bind\u0259n Qax D\u00f6vl\u0259t Kukla Teatr\u0131n\u0131n direktoru Nazim Davud o\u011flu Mahmudovun \u0259m\u0259k m\u00fcqavil\u0259sin\u0259 \u018fm\u0259k M\u0259c\u0259ll\u0259sinin m\u00fcvafiq b\u0259ndl\u0259rin\u0259 \u0259sas\u0259n xitam verilib\u201d.\n<\/p>\n<p>\n  Qax D\u00f6vl\u0259t Kukla Teatr\u0131 1971-ci ild\u0259 rayon m\u0259d\u0259niyy\u0259t evinin n\u0259zdind\u0259 d\u0259rn\u0259k, 1976-c\u0131 ild\u0259 is\u0259 xalq teatr\u0131 kimi f\u0259aliyy\u0259t g\u00f6st\u0259rib.\n<\/p>\n<p>\n  1992-ci ild\u0259n D\u00f6vl\u0259t Kukla Teatr\u0131 statusu al\u0131b.\n<\/p>\n<p>\n  Teatr \u00f6lk\u0259d\u0259 ke\u00e7iril\u0259n festivallarda i\u015ftirak edib.\n<\/p>\n<p>\n  2005-ci ild\u0259 Az\u0259rbaycan Teatr Xadiml\u0259ri \u0130ttifaq\u0131n\u0131n t\u0259sis etdiyi \u201cQ\u0131z\u0131l D\u0259rvi\u015f\u201d m\u00fckafat\u0131na layiq g\u00f6r\u00fcl\u00fcb.\n<\/p>\n<p>\n  Teatr kollektivi T\u00fcrkiy\u0259, Rusiya, Ukrayna, Estoniya v\u0259 G\u00fcrc\u00fcstanda ke\u00e7iril\u0259n beyn\u0259lxalq festivallarda Az\u0259rbaycan\u0131 t\u0259msil edib.\n<\/p>\n<p>\n  Nazim Mahmudov 1990-1998-ci ill\u0259rd\u0259 Xalq artisti, aktyor \u0130smay\u0131l Da\u011f\u0131stanl\u0131n\u0131n ev-muzeyinin direktoru olub.\n<\/p>\n<p>\n  1998-ci ild\u0259n Qax D\u00f6vl\u0259t Kukla teatr\u0131n\u0131n direktoru v\u0259zif\u0259sind\u0259 \u00e7al\u0131\u015f\u0131b.\n<\/p>\n<p>\n  2014-c\u00fc ild\u0259 \u018fm\u0259kdar m\u0259d\u0259niyy\u0259t i\u015f\u00e7isi f\u0259xri ad\u0131na layiq g\u00f6r\u00fcl\u00fcb.<\/p>\n","protected":false},"excerpt":{"rendered":"<p>Nazim Mahmudov qulluq m\u00f6vqeyind\u0259n sui-istifad\u0259d\u0259 g\u00fcnahland\u0131r\u0131l\u0131r<\/p>\n","protected":false},"author":11,"featured_media":211333,"comment_status":"closed","ping_status":"open","sticky":false,"template":"","format":"standard","meta":{"_acf_changed":false,"_sitemap_exclude":false,"_sitemap_priority":"","_sitemap_frequency":"","footnotes":""},"categories":[52],"tags":[],"class_list":["post-213361","post","type-post","status-publish","format-standard","has-post-thumbnail","hentry","category-medeniyyet","infinite-scroll-item","generate-columns","tablet-grid-50","mobile-grid-100","grid-parent","grid-33","no-featured-image-padding"],"acf":[],"yoast_head":"<!-- This site is optimized with the Yoast SEO plugin v28.4 - https:\/\/yoast.com\/product\/yoast-seo-wordpress\/ -->\n<title>Nazirlik: Kukla Teatr\u0131n\u0131n direktoru m\u0259nims\u0259m\u0259y\u0259 g\u00f6r\u0259 i\u015fd\u0259n \u00e7\u0131xar\u0131l\u0131b - MEYDAN.TV<\/title>\n<meta name=\"robots\" content=\"index, follow, max-snippet:-1, max-image-preview:large, max-video-preview:-1\" \/>\n<link rel=\"canonical\" href=\"https:\/\/www.meydan.tv\/az\/article\/nazirlik-kukla-teatrinin-direktoru-menimsemeye-gore-isden-cixarilib\/\" \/>\n<meta property=\"og:locale\" content=\"az_AZ\" \/>\n<meta property=\"og:type\" content=\"article\" \/>\n<meta property=\"og:title\" content=\"Nazirlik: Kukla Teatr\u0131n\u0131n direktoru m\u0259nims\u0259m\u0259y\u0259 g\u00f6r\u0259 i\u015fd\u0259n \u00e7\u0131xar\u0131l\u0131b - MEYDAN.TV\" \/>\n<meta property=\"og:description\" content=\"Nazim Mahmudov qulluq m\u00f6vqeyind\u0259n sui-istifad\u0259d\u0259 g\u00fcnahland\u0131r\u0131l\u0131r\" \/>\n<meta property=\"og:url\" content=\"https:\/\/www.meydan.tv\/az\/article\/nazirlik-kukla-teatrinin-direktoru-menimsemeye-gore-isden-cixarilib\/\" \/>\n<meta property=\"og:site_name\" content=\"MEYDAN.TV\" \/>\n<meta property=\"article:published_time\" content=\"2021-10-19T14:43:26+00:00\" \/>\n<meta property=\"og:image\" content=\"https:\/\/www.meydan.tv\/wp-content\/uploads\/15555784204027259262_1200x630.jpeg\" \/>\n\t<meta property=\"og:image:width\" content=\"923\" \/>\n\t<meta property=\"og:image:height\" content=\"630\" \/>\n\t<meta property=\"og:image:type\" content=\"image\/jpeg\" \/>\n<meta name=\"twitter:card\" content=\"summary_large_image\" \/>\n<!-- \/ Yoast SEO plugin. -->","yoast_head_json":{"title":"Nazirlik: Kukla Teatr\u0131n\u0131n direktoru m\u0259nims\u0259m\u0259y\u0259 g\u00f6r\u0259 i\u015fd\u0259n \u00e7\u0131xar\u0131l\u0131b - MEYDAN.TV","robots":{"index":"index","follow":"follow","max-snippet":"max-snippet:-1","max-image-preview":"max-image-preview:large","max-video-preview":"max-video-preview:-1"},"canonical":"https:\/\/www.meydan.tv\/az\/article\/nazirlik-kukla-teatrinin-direktoru-menimsemeye-gore-isden-cixarilib\/","og_locale":"az_AZ","og_type":"article","og_title":"Nazirlik: Kukla Teatr\u0131n\u0131n direktoru m\u0259nims\u0259m\u0259y\u0259 g\u00f6r\u0259 i\u015fd\u0259n \u00e7\u0131xar\u0131l\u0131b - MEYDAN.TV","og_description":"Nazim Mahmudov qulluq m\u00f6vqeyind\u0259n sui-istifad\u0259d\u0259 g\u00fcnahland\u0131r\u0131l\u0131r","og_url":"https:\/\/www.meydan.tv\/az\/article\/nazirlik-kukla-teatrinin-direktoru-menimsemeye-gore-isden-cixarilib\/","og_site_name":"MEYDAN.TV","article_published_time":"2021-10-19T14:43:26+00:00","og_image":[{"width":923,"height":630,"url":"https:\/\/www.meydan.tv\/wp-content\/uploads\/15555784204027259262_1200x630.jpeg","type":"image\/jpeg"}],"twitter_card":"summary_large_image","schema":{"@context":"https:\/\/schema.org","@graph":[{"@type":"Article","@id":"https:\/\/www.meydan.tv\/az\/article\/nazirlik-kukla-teatrinin-direktoru-menimsemeye-gore-isden-cixarilib\/#article","isPartOf":{"@id":"https:\/\/www.meydan.tv\/az\/article\/nazirlik-kukla-teatrinin-direktoru-menimsemeye-gore-isden-cixarilib\/"},"author":{"name":"user-manager","@id":"https:\/\/www.meydan.tv\/az\/#\/schema\/person\/10d11eccf6da3662cf5fdab9806ea91a"},"headline":"Nazirlik: Kukla Teatr\u0131n\u0131n direktoru m\u0259nims\u0259m\u0259y\u0259 g\u00f6r\u0259 i\u015fd\u0259n \u00e7\u0131xar\u0131l\u0131b","datePublished":"2021-10-19T14:43:26+00:00","mainEntityOfPage":{"@id":"https:\/\/www.meydan.tv\/az\/article\/nazirlik-kukla-teatrinin-direktoru-menimsemeye-gore-isden-cixarilib\/"},"wordCount":328,"publisher":{"@id":"https:\/\/www.meydan.tv\/az\/#organization"},"image":{"@id":"https:\/\/www.meydan.tv\/az\/article\/nazirlik-kukla-teatrinin-direktoru-menimsemeye-gore-isden-cixarilib\/#primaryimage"},"thumbnailUrl":"https:\/\/www.meydan.tv\/wp-content\/uploads\/15555784204027259262_1200x630.jpeg","articleSection":["M\u0259d\u0259niyy\u0259t"],"inLanguage":"az"},{"@type":"WebPage","@id":"https:\/\/www.meydan.tv\/az\/article\/nazirlik-kukla-teatrinin-direktoru-menimsemeye-gore-isden-cixarilib\/","url":"https:\/\/www.meydan.tv\/az\/article\/nazirlik-kukla-teatrinin-direktoru-menimsemeye-gore-isden-cixarilib\/","name":"Nazirlik: Kukla Teatr\u0131n\u0131n direktoru m\u0259nims\u0259m\u0259y\u0259 g\u00f6r\u0259 i\u015fd\u0259n \u00e7\u0131xar\u0131l\u0131b - MEYDAN.TV","isPartOf":{"@id":"https:\/\/www.meydan.tv\/az\/#website"},"primaryImageOfPage":{"@id":"https:\/\/www.meydan.tv\/az\/article\/nazirlik-kukla-teatrinin-direktoru-menimsemeye-gore-isden-cixarilib\/#primaryimage"},"image":{"@id":"https:\/\/www.meydan.tv\/az\/article\/nazirlik-kukla-teatrinin-direktoru-menimsemeye-gore-isden-cixarilib\/#primaryimage"},"thumbnailUrl":"https:\/\/www.meydan.tv\/wp-content\/uploads\/15555784204027259262_1200x630.jpeg","datePublished":"2021-10-19T14:43:26+00:00","breadcrumb":{"@id":"https:\/\/www.meydan.tv\/az\/article\/nazirlik-kukla-teatrinin-direktoru-menimsemeye-gore-isden-cixarilib\/#breadcrumb"},"inLanguage":"az","potentialAction":[{"@type":"ReadAction","target":["https:\/\/www.meydan.tv\/az\/article\/nazirlik-kukla-teatrinin-direktoru-menimsemeye-gore-isden-cixarilib\/"]}]},{"@type":"ImageObject","inLanguage":"az","@id":"https:\/\/www.meydan.tv\/az\/article\/nazirlik-kukla-teatrinin-direktoru-menimsemeye-gore-isden-cixarilib\/#primaryimage","url":"https:\/\/www.meydan.tv\/wp-content\/uploads\/15555784204027259262_1200x630.jpeg","contentUrl":"https:\/\/www.meydan.tv\/wp-content\/uploads\/15555784204027259262_1200x630.jpeg","width":923,"height":630,"caption":"Source: Meydan.tv"},{"@type":"BreadcrumbList","@id":"https:\/\/www.meydan.tv\/az\/article\/nazirlik-kukla-teatrinin-direktoru-menimsemeye-gore-isden-cixarilib\/#breadcrumb","itemListElement":[{"@type":"ListItem","position":1,"name":"Ana s\u0259hif\u0259","item":"https:\/\/www.meydan.tv\/az\/"},{"@type":"ListItem","position":2,"name":"M\u0259d\u0259niyy\u0259t","item":"https:\/\/www.meydan.tv\/az\/section\/medeniyyet\/"},{"@type":"ListItem","position":3,"name":"Nazirlik: Kukla Teatr\u0131n\u0131n direktoru m\u0259nims\u0259m\u0259y\u0259 g\u00f6r\u0259 i\u015fd\u0259n \u00e7\u0131xar\u0131l\u0131b"}]},{"@type":"WebSite","@id":"https:\/\/www.meydan.tv\/az\/#website","url":"https:\/\/www.meydan.tv\/az\/","name":"MEYDAN.TV","description":"Meydan TV Az\u0259rbaycan\u0131n media m\u0259kan\u0131ndak\u0131 alternativ s\u0259sidir","publisher":{"@id":"https:\/\/www.meydan.tv\/az\/#organization"},"potentialAction":[{"@type":"SearchAction","target":{"@type":"EntryPoint","urlTemplate":"https:\/\/www.meydan.tv\/az\/?s={search_term_string}"},"query-input":{"@type":"PropertyValueSpecification","valueRequired":true,"valueName":"search_term_string"}}],"inLanguage":"az"},{"@type":"Organization","@id":"https:\/\/www.meydan.tv\/az\/#organization","name":"Meydan TV","url":"https:\/\/www.meydan.tv\/az\/","logo":{"@type":"ImageObject","inLanguage":"az","@id":"https:\/\/www.meydan.tv\/az\/#\/schema\/logo\/image\/","url":"https:\/\/www.meydan.tv\/wp-content\/uploads\/2021\/07\/meydan-logo.svg","contentUrl":"https:\/\/www.meydan.tv\/wp-content\/uploads\/2021\/07\/meydan-logo.svg","width":195,"height":46,"caption":"Meydan TV"},"image":{"@id":"https:\/\/www.meydan.tv\/az\/#\/schema\/logo\/image\/"}},{"@type":"Person","@id":"https:\/\/www.meydan.tv\/az\/#\/schema\/person\/10d11eccf6da3662cf5fdab9806ea91a","name":"user-manager"}]}},"_links":{"self":[{"href":"https:\/\/www.meydan.tv\/az\/wp-json\/wp\/v2\/posts\/213361","targetHints":{"allow":["GET"]}}],"collection":[{"href":"https:\/\/www.meydan.tv\/az\/wp-json\/wp\/v2\/posts"}],"about":[{"href":"https:\/\/www.meydan.tv\/az\/wp-json\/wp\/v2\/types\/post"}],"author":[{"embeddable":true,"href":"https:\/\/www.meydan.tv\/az\/wp-json\/wp\/v2\/users\/11"}],"replies":[{"embeddable":true,"href":"https:\/\/www.meydan.tv\/az\/wp-json\/wp\/v2\/comments?post=213361"}],"version-history":[{"count":0,"href":"https:\/\/www.meydan.tv\/az\/wp-json\/wp\/v2\/posts\/213361\/revisions"}],"wp:featuredmedia":[{"embeddable":true,"href":"https:\/\/www.meydan.tv\/az\/wp-json\/wp\/v2\/media\/211333"}],"wp:attachment":[{"href":"https:\/\/www.meydan.tv\/az\/wp-json\/wp\/v2\/media?parent=213361"}],"wp:term":[{"taxonomy":"category","embeddable":true,"href":"https:\/\/www.meydan.tv\/az\/wp-json\/wp\/v2\/categories?post=213361"},{"taxonomy":"post_tag","embeddable":true,"href":"https:\/\/www.meydan.tv\/az\/wp-json\/wp\/v2\/tags?post=213361"}],"curies":[{"name":"wp","href":"https:\/\/api.w.org\/{rel}","templated":true}]}}