{"id":213357,"date":"2021-10-19T14:41:38","date_gmt":"2021-10-19T14:41:38","guid":{"rendered":"https:\/\/www.meydan.tv\/article\/nadir-qafarzade-fexri-ad-verilende-nedense-xatirlanmiram\/"},"modified":"2021-10-19T14:41:38","modified_gmt":"2021-10-19T14:41:38","slug":"nadir-qafarzade-fexri-ad-verilende-nedense-xatirlanmiram","status":"publish","type":"post","link":"https:\/\/www.meydan.tv\/az\/article\/nadir-qafarzade-fexri-ad-verilende-nedense-xatirlanmiram\/","title":{"rendered":"Nadir Qafarzad\u0259: F\u0259xri ad veril\u0259nd\u0259 n\u0259d\u0259ns\u0259 xat\u0131rlanm\u0131ram"},"content":{"rendered":"<p>\n  <i><br \/>\n    \u201cD\u0259f\u0259l\u0259rl\u0259 Prezident \u0130lham \u018fliyev\u0259, Birinci vitse-prezident Mehriban \u018fliyevaya m\u00fcraci\u0259t etmi\u015f\u0259m\u201d<br \/>\n  <\/i>\n<\/p>\n<p>\n  \u201cB\u00fct\u00fcn t\u0259dbirl\u0259r\u0259 d\u0259v\u0259t edibl\u0259r, t\u0259m\u0259nnas\u0131z getmi\u015f\u0259m. Oxumaq laz\u0131m olanda, Nadir yada d\u00fc\u015f\u00fcrd\u00fc. Amma f\u0259xri ad veril\u0259nd\u0259, n\u0259d\u0259ns\u0259 xat\u0131rlanm\u0131ram\u201d.\n<\/p>\n<p>\n  Bu s\u00f6zl\u0259ri Meydan TV-y\u0259 m\u00fc\u011f\u0259nni Nadir Qafarzad\u0259 deyib.\n<\/p>\n<p>\n  \u0130fa\u00e7\u0131 uzun ill\u0259rdir s\u0259n\u0259td\u0259 olsa da, f\u0259xri ad\u0131n\u0131n olmamas\u0131ndan gileyl\u0259nib.\n<\/p>\n<p>\n  Prezident \u0130lham \u018fliyev oktyabr\u0131n 16-da bir s\u0131ra m\u0259d\u0259niyy\u0259t i\u015f\u00e7isinin \u018fm\u0259kdar artist ad\u0131 almas\u0131 il\u0259 ba\u011fl\u0131 s\u0259r\u0259ncam<br \/>\n  <a href=\"https:\/\/president.az\/articles\/53497\"><br \/>\n    imzalay\u0131b.<br \/>\n  <\/a>\n<\/p>\n<p>\n  Siyah\u0131da m\u00fc\u011f\u0259nnil\u0259r X\u0259yyam Nisanov v\u0259 Elton H\u00fcseyn\u0259liyevin d\u0259 ad\u0131 var.\n<\/p>\n<p>\n  Nadir Qafarzad\u0259 s\u00f6yl\u0259yir ki, f\u0259xri ad almas\u0131 il\u0259 ba\u011fl\u0131 d\u0259f\u0259l\u0259rl\u0259 Prezident \u0130lham \u018fliyev\u0259, Birinci vitse-prezident Mehriban \u018fliyevaya v\u0259 M\u0259d\u0259niyy\u0259t Nazirliyin\u0259 m\u00fcraci\u0259t edib:\n<\/p>\n<p>\n  \u201cBu ilin \u0259vv\u0259lind\u0259 Heyd\u0259r \u018fliyev Fonduna etdiyim m\u00fcraci\u0259t\u0259 cavab yanvar\u0131n 25-d\u0259 g\u0259lib. Bildirilirdi ki, m\u00fcraci\u0259tim M\u0259d\u0259niyy\u0259t Nazirliyin\u0259 y\u00f6nl\u0259ndirilib, m\u0259s\u0259l\u0259y\u0259 bax\u0131lacaq. Nazirlik h\u0259l\u0259 d\u0259 m\u00fcraci\u0259timl\u0259 maraqlanmay\u0131b. H\u0259tta Mehriban \u018fliyevan\u0131n m\u0259ktubuna bel\u0259 m\u0259h\u0259l qoymad\u0131lar. D\u0259f\u0259l\u0259rl\u0259 Prezident \u0130lham \u018fliyev\u0259, Birinci vitse-prezident Mehriban \u018fliyevaya m\u00fcraci\u0259t etmi\u015f\u0259m. M\u0259ktublar\u0131m M\u0259d\u0259niyy\u0259t Nazirliyin\u0259 y\u00f6nl\u0259ndirilib. Sad\u0259c\u0259, baxan yoxdur. F\u0259xri ad alan h\u0259mkarlar\u0131m\u0131 t\u0259brik edir\u0259m. Dedikl\u0259rim pax\u0131ll\u0131q deyil. Bu, m\u0259nim haqq\u0131md\u0131r. Haqq\u0131m\u0131 da t\u0259l\u0259b edir\u0259m. D\u00fc\u015f\u00fcn\u00fcr\u0259m ki, s\u0259simi aidiyy\u0259ti orqanlar e\u015fid\u0259c\u0259k. C\u0259nab Prezident\u0259 \u00e7atd\u0131racaqlar. H\u0259r halda uzun ill\u0259rin s\u0259n\u0259tkar\u0131yam, m\u00fc\u011f\u0259nnisiy\u0259m. Demir\u0259m ki, kims\u0259 g\u0259tirib, cibim\u0259 y\u00fcz manat pul qoysun. Xeyr, \u0259m\u0259yimi, z\u0259hm\u0259timi d\u0259y\u0259rl\u0259ndirm\u0259kl\u0259rini ist\u0259yir\u0259m. H\u0259mya\u015f\u0131d h\u0259mkarlar\u0131m aras\u0131nda m\u0259nim q\u0259d\u0259r \u0259ziyy\u0259ti olan yoxdur. B\u0259z\u0259n evimd\u0259n g\u00fcnl\u0259rl\u0259 \u00e7\u0131xm\u0131\u015fam, rayon-rayon g\u0259zib, \u00e7\u0131x\u0131\u015flar etmi\u015f\u0259m. Ham\u0131s\u0131 da t\u0259m\u0259nnas\u0131z. Rusiyaya q\u0259d\u0259r getdiyim olub. B\u00fct\u00fcn bunlar ham\u0131s\u0131 \u0259ziyy\u0259tdir. 1983-c\u00fc ild\u0259n Az\u0259rbaycan D\u00f6vl\u0259t Tele-Radio \u015eirk\u0259tinin n\u0259zdind\u0259 f\u0259aliyy\u0259t g\u00f6st\u0259r\u0259n \u201cQ\u0131rm\u0131z\u0131 Q\u0259r\u0259nfil\u201d m\u0259kt\u0259blil\u0259r ansambl\u0131n\u0131n solisti olmu\u015fam. Az\u0259rbaycan D\u00f6vl\u0259t Xalq \u00c7al\u011f\u0131 Al\u0259tl\u0259ri Orkestri, \u201cDan ulduzu\u201d instrumental ansambl\u0131 v\u0259 Az\u0259rbaycan D\u00f6vl\u0259t Simfonik Orkestri il\u0259 birg\u0259 \u00e7\u0131x\u0131\u015flar\u0131m var. B\u00f6y\u00fck \u0259s\u0259rl\u0259r oxumu\u015fam, b\u00fct\u00fcn retro musiqil\u0259rimizi yenid\u0259n canland\u0131rm\u0131\u015fam. T\u0259\u0259ss\u00fcf ki, s\u0259n\u0259tim\u0259 d\u0259y\u0259r verilmir\u201d.\n<\/p>\n<p>\n  M\u0259s\u0259l\u0259y\u0259 M\u0259d\u0259niyy\u0259t Nazirliyinin m\u00fcnasib\u0259tini \u00f6yr\u0259nm\u0259k m\u00fcmk\u00fcn olmay\u0131b.\n<\/p>\n<p>\n  Nadir Qafarzad\u0259 1971-ci ild\u0259 \u015eabranda do\u011fulub. As\u0259f Zeynall\u0131 ad\u0131na Musiqi Kollecini opera m\u00fc\u011f\u0259nnisi v\u0259 musiqi m\u00fc\u0259llimi ixtisas\u0131 \u00fczr\u0259 bitirib.\n<\/p>\n<p>\n  Az\u0259rbaycan D\u00f6vl\u0259t Tele-Radio \u015eirk\u0259tinin \u201cQ\u0131rm\u0131z\u0131 Q\u0259r\u0259nfil\u201d m\u0259kt\u0259blil\u0259r ansambl\u0131nda solist kimi f\u0259aliyy\u0259t g\u00f6st\u0259rib. \u201cQ\u0131z\u0131l Buta\u201d, \u201cGrand\u201d (2 d\u0259f\u0259), \u201c\u0130llin mahn\u0131s\u0131\u201c, \u201c\u0130lin m\u00fc\u011f\u0259nnisi\u201d v\u0259 \u201c\u0130lin klipi\u201d m\u00fckafatlar\u0131na layiq g\u00f6r\u00fcl\u00fcb.\n<\/p>\n<p>\n  2006-c\u0131 ild\u0259 Yalta \u015f\u0259h\u0259rind\u0259 ke\u00e7iril\u0259n Beyn\u0259lxalq Mahn\u0131 Festival\u0131nda Az\u0259rbaycan\u0131 t\u0259msil edib.\n<\/p>\n<p>\n  H\u0259m\u00e7inin \u201cMoskva-Bak\u0131\u201d qatar\u0131 (2005), \u201cH\u0259r\u0259nin \u00f6z pay\u0131-tay\u0131\u201d 2006), \u201cQon\u015fular\u201d (2006) filml\u0259rin\u0259 \u00e7\u0259kilib.\n<\/p>\n<p>\n  Az\u0259rbaycanda f\u0259xri adlar m\u0259d\u0259niyy\u0259t, \u0259d\u0259biyyat, elm, t\u0259hsil, s\u0259hiyy\u0259, memarl\u0131q, jurnalistika, m\u00fch\u0259ndislik, b\u0259d\u0259n t\u0259rbiy\u0259si v\u0259 idman, m\u00fclki aviasiya, habel\u0259, d\u00f6vl\u0259t qullu\u011fu v\u0259 h\u00fcquq sah\u0259sind\u0259 x\u00fcsusi xidm\u0259tl\u0259r\u0259, y\u00fcks\u0259k pe\u015f\u0259 ustal\u0131\u011f\u0131na, ictimai h\u0259yatda f\u0259al i\u015ftiraka g\u00f6r\u0259 h\u0259m d\u00f6vl\u0259t, h\u0259m ictimai t\u0259\u015fkilat t\u0259r\u0259find\u0259n verilir.\n<\/p>\n<p>\n  Az\u0259rbaycanda f\u0259xri adlar\u0131n verilm\u0259si \u015f\u0259rtl\u0259ri \u201cAz\u0259rbaycan Respublikas\u0131n\u0131n f\u0259xri adlar\u0131 haqq\u0131nda \u018fsasnam\u0259\u201d il\u0259 t\u0259nziml\u0259nir v\u0259 Prezidentin s\u0259r\u0259ncam\u0131 \u0259sas\u0131nda verilir.<\/p>\n","protected":false},"excerpt":{"rendered":"<p>\u201cD\u0259f\u0259l\u0259rl\u0259 Prezident \u0130lham \u018fliyev\u0259, Birinci vitse-prezident Mehriban \u018fliyevaya m\u00fcraci\u0259t etmi\u015f\u0259m\u201d<\/p>\n","protected":false},"author":11,"featured_media":211332,"comment_status":"closed","ping_status":"open","sticky":false,"template":"","format":"standard","meta":{"_acf_changed":false,"_sitemap_exclude":false,"_sitemap_priority":"","_sitemap_frequency":"","footnotes":""},"categories":[52],"tags":[],"class_list":["post-213357","post","type-post","status-publish","format-standard","has-post-thumbnail","hentry","category-medeniyyet","infinite-scroll-item","generate-columns","tablet-grid-50","mobile-grid-100","grid-parent","grid-33","no-featured-image-padding"],"acf":[],"yoast_head":"<!-- This site is optimized with the Yoast SEO plugin v27.4 - https:\/\/yoast.com\/product\/yoast-seo-wordpress\/ -->\n<title>Nadir Qafarzad\u0259: F\u0259xri ad veril\u0259nd\u0259 n\u0259d\u0259ns\u0259 xat\u0131rlanm\u0131ram - MEYDAN.TV<\/title>\n<meta name=\"robots\" content=\"index, follow, max-snippet:-1, max-image-preview:large, max-video-preview:-1\" \/>\n<link rel=\"canonical\" href=\"https:\/\/www.meydan.tv\/az\/article\/nadir-qafarzade-fexri-ad-verilende-nedense-xatirlanmiram\/\" \/>\n<meta property=\"og:locale\" content=\"az_AZ\" \/>\n<meta property=\"og:type\" content=\"article\" \/>\n<meta property=\"og:title\" content=\"Nadir Qafarzad\u0259: F\u0259xri ad veril\u0259nd\u0259 n\u0259d\u0259ns\u0259 xat\u0131rlanm\u0131ram - MEYDAN.TV\" \/>\n<meta property=\"og:description\" content=\"\u201cD\u0259f\u0259l\u0259rl\u0259 Prezident \u0130lham \u018fliyev\u0259, Birinci vitse-prezident Mehriban \u018fliyevaya m\u00fcraci\u0259t etmi\u015f\u0259m\u201d\" \/>\n<meta property=\"og:url\" content=\"https:\/\/www.meydan.tv\/az\/article\/nadir-qafarzade-fexri-ad-verilende-nedense-xatirlanmiram\/\" \/>\n<meta property=\"og:site_name\" content=\"MEYDAN.TV\" \/>\n<meta property=\"article:published_time\" content=\"2021-10-19T14:41:38+00:00\" \/>\n<meta property=\"og:image\" content=\"https:\/\/www.meydan.tv\/wp-content\/uploads\/screenshot_2021-10-19_at_14.09.40.png\" \/>\n\t<meta property=\"og:image:width\" content=\"1634\" \/>\n\t<meta property=\"og:image:height\" content=\"966\" \/>\n\t<meta property=\"og:image:type\" content=\"image\/png\" \/>\n<meta name=\"author\" content=\"user-manager\" \/>\n<meta name=\"twitter:card\" content=\"summary_large_image\" \/>\n<script type=\"application\/ld+json\" class=\"yoast-schema-graph\">{\"@context\":\"https:\\\/\\\/schema.org\",\"@graph\":[{\"@type\":\"Article\",\"@id\":\"https:\\\/\\\/www.meydan.tv\\\/az\\\/article\\\/nadir-qafarzade-fexri-ad-verilende-nedense-xatirlanmiram\\\/#article\",\"isPartOf\":{\"@id\":\"https:\\\/\\\/www.meydan.tv\\\/az\\\/article\\\/nadir-qafarzade-fexri-ad-verilende-nedense-xatirlanmiram\\\/\"},\"author\":{\"name\":\"user-manager\",\"@id\":\"https:\\\/\\\/www.meydan.tv\\\/az\\\/#\\\/schema\\\/person\\\/10d11eccf6da3662cf5fdab9806ea91a\"},\"headline\":\"Nadir Qafarzad\u0259: F\u0259xri ad veril\u0259nd\u0259 n\u0259d\u0259ns\u0259 xat\u0131rlanm\u0131ram\",\"datePublished\":\"2021-10-19T14:41:38+00:00\",\"mainEntityOfPage\":{\"@id\":\"https:\\\/\\\/www.meydan.tv\\\/az\\\/article\\\/nadir-qafarzade-fexri-ad-verilende-nedense-xatirlanmiram\\\/\"},\"wordCount\":745,\"publisher\":{\"@id\":\"https:\\\/\\\/www.meydan.tv\\\/az\\\/#organization\"},\"image\":{\"@id\":\"https:\\\/\\\/www.meydan.tv\\\/az\\\/article\\\/nadir-qafarzade-fexri-ad-verilende-nedense-xatirlanmiram\\\/#primaryimage\"},\"thumbnailUrl\":\"https:\\\/\\\/www.meydan.tv\\\/wp-content\\\/uploads\\\/screenshot_2021-10-19_at_14.09.40.png\",\"articleSection\":[\"M\u0259d\u0259niyy\u0259t\"],\"inLanguage\":\"az\"},{\"@type\":\"WebPage\",\"@id\":\"https:\\\/\\\/www.meydan.tv\\\/az\\\/article\\\/nadir-qafarzade-fexri-ad-verilende-nedense-xatirlanmiram\\\/\",\"url\":\"https:\\\/\\\/www.meydan.tv\\\/az\\\/article\\\/nadir-qafarzade-fexri-ad-verilende-nedense-xatirlanmiram\\\/\",\"name\":\"Nadir Qafarzad\u0259: F\u0259xri ad veril\u0259nd\u0259 n\u0259d\u0259ns\u0259 xat\u0131rlanm\u0131ram - MEYDAN.TV\",\"isPartOf\":{\"@id\":\"https:\\\/\\\/www.meydan.tv\\\/az\\\/#website\"},\"primaryImageOfPage\":{\"@id\":\"https:\\\/\\\/www.meydan.tv\\\/az\\\/article\\\/nadir-qafarzade-fexri-ad-verilende-nedense-xatirlanmiram\\\/#primaryimage\"},\"image\":{\"@id\":\"https:\\\/\\\/www.meydan.tv\\\/az\\\/article\\\/nadir-qafarzade-fexri-ad-verilende-nedense-xatirlanmiram\\\/#primaryimage\"},\"thumbnailUrl\":\"https:\\\/\\\/www.meydan.tv\\\/wp-content\\\/uploads\\\/screenshot_2021-10-19_at_14.09.40.png\",\"datePublished\":\"2021-10-19T14:41:38+00:00\",\"breadcrumb\":{\"@id\":\"https:\\\/\\\/www.meydan.tv\\\/az\\\/article\\\/nadir-qafarzade-fexri-ad-verilende-nedense-xatirlanmiram\\\/#breadcrumb\"},\"inLanguage\":\"az\",\"potentialAction\":[{\"@type\":\"ReadAction\",\"target\":[\"https:\\\/\\\/www.meydan.tv\\\/az\\\/article\\\/nadir-qafarzade-fexri-ad-verilende-nedense-xatirlanmiram\\\/\"]}]},{\"@type\":\"ImageObject\",\"inLanguage\":\"az\",\"@id\":\"https:\\\/\\\/www.meydan.tv\\\/az\\\/article\\\/nadir-qafarzade-fexri-ad-verilende-nedense-xatirlanmiram\\\/#primaryimage\",\"url\":\"https:\\\/\\\/www.meydan.tv\\\/wp-content\\\/uploads\\\/screenshot_2021-10-19_at_14.09.40.png\",\"contentUrl\":\"https:\\\/\\\/www.meydan.tv\\\/wp-content\\\/uploads\\\/screenshot_2021-10-19_at_14.09.40.png\",\"width\":1634,\"height\":966,\"caption\":\"Source: Meydan.tv\"},{\"@type\":\"BreadcrumbList\",\"@id\":\"https:\\\/\\\/www.meydan.tv\\\/az\\\/article\\\/nadir-qafarzade-fexri-ad-verilende-nedense-xatirlanmiram\\\/#breadcrumb\",\"itemListElement\":[{\"@type\":\"ListItem\",\"position\":1,\"name\":\"Ana s\u0259hif\u0259\",\"item\":\"https:\\\/\\\/www.meydan.tv\\\/az\\\/\"},{\"@type\":\"ListItem\",\"position\":2,\"name\":\"M\u0259d\u0259niyy\u0259t\",\"item\":\"https:\\\/\\\/www.meydan.tv\\\/az\\\/section\\\/medeniyyet\\\/\"},{\"@type\":\"ListItem\",\"position\":3,\"name\":\"Nadir Qafarzad\u0259: F\u0259xri ad veril\u0259nd\u0259 n\u0259d\u0259ns\u0259 xat\u0131rlanm\u0131ram\"}]},{\"@type\":\"WebSite\",\"@id\":\"https:\\\/\\\/www.meydan.tv\\\/az\\\/#website\",\"url\":\"https:\\\/\\\/www.meydan.tv\\\/az\\\/\",\"name\":\"MEYDAN.TV\",\"description\":\"Meydan TV Az\u0259rbaycan\u0131n media m\u0259kan\u0131ndak\u0131 alternativ s\u0259sidir\",\"publisher\":{\"@id\":\"https:\\\/\\\/www.meydan.tv\\\/az\\\/#organization\"},\"potentialAction\":[{\"@type\":\"SearchAction\",\"target\":{\"@type\":\"EntryPoint\",\"urlTemplate\":\"https:\\\/\\\/www.meydan.tv\\\/az\\\/?s={search_term_string}\"},\"query-input\":{\"@type\":\"PropertyValueSpecification\",\"valueRequired\":true,\"valueName\":\"search_term_string\"}}],\"inLanguage\":\"az\"},{\"@type\":\"Organization\",\"@id\":\"https:\\\/\\\/www.meydan.tv\\\/az\\\/#organization\",\"name\":\"Meydan TV\",\"url\":\"https:\\\/\\\/www.meydan.tv\\\/az\\\/\",\"logo\":{\"@type\":\"ImageObject\",\"inLanguage\":\"az\",\"@id\":\"https:\\\/\\\/www.meydan.tv\\\/az\\\/#\\\/schema\\\/logo\\\/image\\\/\",\"url\":\"https:\\\/\\\/www.meydan.tv\\\/wp-content\\\/uploads\\\/2021\\\/07\\\/meydan-logo.svg\",\"contentUrl\":\"https:\\\/\\\/www.meydan.tv\\\/wp-content\\\/uploads\\\/2021\\\/07\\\/meydan-logo.svg\",\"width\":195,\"height\":46,\"caption\":\"Meydan TV\"},\"image\":{\"@id\":\"https:\\\/\\\/www.meydan.tv\\\/az\\\/#\\\/schema\\\/logo\\\/image\\\/\"}},{\"@type\":\"Person\",\"@id\":\"https:\\\/\\\/www.meydan.tv\\\/az\\\/#\\\/schema\\\/person\\\/10d11eccf6da3662cf5fdab9806ea91a\",\"name\":\"user-manager\"}]}<\/script>\n<!-- \/ Yoast SEO plugin. -->","yoast_head_json":{"title":"Nadir Qafarzad\u0259: F\u0259xri ad veril\u0259nd\u0259 n\u0259d\u0259ns\u0259 xat\u0131rlanm\u0131ram - MEYDAN.TV","robots":{"index":"index","follow":"follow","max-snippet":"max-snippet:-1","max-image-preview":"max-image-preview:large","max-video-preview":"max-video-preview:-1"},"canonical":"https:\/\/www.meydan.tv\/az\/article\/nadir-qafarzade-fexri-ad-verilende-nedense-xatirlanmiram\/","og_locale":"az_AZ","og_type":"article","og_title":"Nadir Qafarzad\u0259: F\u0259xri ad veril\u0259nd\u0259 n\u0259d\u0259ns\u0259 xat\u0131rlanm\u0131ram - MEYDAN.TV","og_description":"\u201cD\u0259f\u0259l\u0259rl\u0259 Prezident \u0130lham \u018fliyev\u0259, Birinci vitse-prezident Mehriban \u018fliyevaya m\u00fcraci\u0259t etmi\u015f\u0259m\u201d","og_url":"https:\/\/www.meydan.tv\/az\/article\/nadir-qafarzade-fexri-ad-verilende-nedense-xatirlanmiram\/","og_site_name":"MEYDAN.TV","article_published_time":"2021-10-19T14:41:38+00:00","og_image":[{"width":1634,"height":966,"url":"https:\/\/www.meydan.tv\/wp-content\/uploads\/screenshot_2021-10-19_at_14.09.40.png","type":"image\/png"}],"author":"user-manager","twitter_card":"summary_large_image","schema":{"@context":"https:\/\/schema.org","@graph":[{"@type":"Article","@id":"https:\/\/www.meydan.tv\/az\/article\/nadir-qafarzade-fexri-ad-verilende-nedense-xatirlanmiram\/#article","isPartOf":{"@id":"https:\/\/www.meydan.tv\/az\/article\/nadir-qafarzade-fexri-ad-verilende-nedense-xatirlanmiram\/"},"author":{"name":"user-manager","@id":"https:\/\/www.meydan.tv\/az\/#\/schema\/person\/10d11eccf6da3662cf5fdab9806ea91a"},"headline":"Nadir Qafarzad\u0259: F\u0259xri ad veril\u0259nd\u0259 n\u0259d\u0259ns\u0259 xat\u0131rlanm\u0131ram","datePublished":"2021-10-19T14:41:38+00:00","mainEntityOfPage":{"@id":"https:\/\/www.meydan.tv\/az\/article\/nadir-qafarzade-fexri-ad-verilende-nedense-xatirlanmiram\/"},"wordCount":745,"publisher":{"@id":"https:\/\/www.meydan.tv\/az\/#organization"},"image":{"@id":"https:\/\/www.meydan.tv\/az\/article\/nadir-qafarzade-fexri-ad-verilende-nedense-xatirlanmiram\/#primaryimage"},"thumbnailUrl":"https:\/\/www.meydan.tv\/wp-content\/uploads\/screenshot_2021-10-19_at_14.09.40.png","articleSection":["M\u0259d\u0259niyy\u0259t"],"inLanguage":"az"},{"@type":"WebPage","@id":"https:\/\/www.meydan.tv\/az\/article\/nadir-qafarzade-fexri-ad-verilende-nedense-xatirlanmiram\/","url":"https:\/\/www.meydan.tv\/az\/article\/nadir-qafarzade-fexri-ad-verilende-nedense-xatirlanmiram\/","name":"Nadir Qafarzad\u0259: F\u0259xri ad veril\u0259nd\u0259 n\u0259d\u0259ns\u0259 xat\u0131rlanm\u0131ram - MEYDAN.TV","isPartOf":{"@id":"https:\/\/www.meydan.tv\/az\/#website"},"primaryImageOfPage":{"@id":"https:\/\/www.meydan.tv\/az\/article\/nadir-qafarzade-fexri-ad-verilende-nedense-xatirlanmiram\/#primaryimage"},"image":{"@id":"https:\/\/www.meydan.tv\/az\/article\/nadir-qafarzade-fexri-ad-verilende-nedense-xatirlanmiram\/#primaryimage"},"thumbnailUrl":"https:\/\/www.meydan.tv\/wp-content\/uploads\/screenshot_2021-10-19_at_14.09.40.png","datePublished":"2021-10-19T14:41:38+00:00","breadcrumb":{"@id":"https:\/\/www.meydan.tv\/az\/article\/nadir-qafarzade-fexri-ad-verilende-nedense-xatirlanmiram\/#breadcrumb"},"inLanguage":"az","potentialAction":[{"@type":"ReadAction","target":["https:\/\/www.meydan.tv\/az\/article\/nadir-qafarzade-fexri-ad-verilende-nedense-xatirlanmiram\/"]}]},{"@type":"ImageObject","inLanguage":"az","@id":"https:\/\/www.meydan.tv\/az\/article\/nadir-qafarzade-fexri-ad-verilende-nedense-xatirlanmiram\/#primaryimage","url":"https:\/\/www.meydan.tv\/wp-content\/uploads\/screenshot_2021-10-19_at_14.09.40.png","contentUrl":"https:\/\/www.meydan.tv\/wp-content\/uploads\/screenshot_2021-10-19_at_14.09.40.png","width":1634,"height":966,"caption":"Source: Meydan.tv"},{"@type":"BreadcrumbList","@id":"https:\/\/www.meydan.tv\/az\/article\/nadir-qafarzade-fexri-ad-verilende-nedense-xatirlanmiram\/#breadcrumb","itemListElement":[{"@type":"ListItem","position":1,"name":"Ana s\u0259hif\u0259","item":"https:\/\/www.meydan.tv\/az\/"},{"@type":"ListItem","position":2,"name":"M\u0259d\u0259niyy\u0259t","item":"https:\/\/www.meydan.tv\/az\/section\/medeniyyet\/"},{"@type":"ListItem","position":3,"name":"Nadir Qafarzad\u0259: F\u0259xri ad veril\u0259nd\u0259 n\u0259d\u0259ns\u0259 xat\u0131rlanm\u0131ram"}]},{"@type":"WebSite","@id":"https:\/\/www.meydan.tv\/az\/#website","url":"https:\/\/www.meydan.tv\/az\/","name":"MEYDAN.TV","description":"Meydan TV Az\u0259rbaycan\u0131n media m\u0259kan\u0131ndak\u0131 alternativ s\u0259sidir","publisher":{"@id":"https:\/\/www.meydan.tv\/az\/#organization"},"potentialAction":[{"@type":"SearchAction","target":{"@type":"EntryPoint","urlTemplate":"https:\/\/www.meydan.tv\/az\/?s={search_term_string}"},"query-input":{"@type":"PropertyValueSpecification","valueRequired":true,"valueName":"search_term_string"}}],"inLanguage":"az"},{"@type":"Organization","@id":"https:\/\/www.meydan.tv\/az\/#organization","name":"Meydan TV","url":"https:\/\/www.meydan.tv\/az\/","logo":{"@type":"ImageObject","inLanguage":"az","@id":"https:\/\/www.meydan.tv\/az\/#\/schema\/logo\/image\/","url":"https:\/\/www.meydan.tv\/wp-content\/uploads\/2021\/07\/meydan-logo.svg","contentUrl":"https:\/\/www.meydan.tv\/wp-content\/uploads\/2021\/07\/meydan-logo.svg","width":195,"height":46,"caption":"Meydan TV"},"image":{"@id":"https:\/\/www.meydan.tv\/az\/#\/schema\/logo\/image\/"}},{"@type":"Person","@id":"https:\/\/www.meydan.tv\/az\/#\/schema\/person\/10d11eccf6da3662cf5fdab9806ea91a","name":"user-manager"}]}},"_links":{"self":[{"href":"https:\/\/www.meydan.tv\/az\/wp-json\/wp\/v2\/posts\/213357","targetHints":{"allow":["GET"]}}],"collection":[{"href":"https:\/\/www.meydan.tv\/az\/wp-json\/wp\/v2\/posts"}],"about":[{"href":"https:\/\/www.meydan.tv\/az\/wp-json\/wp\/v2\/types\/post"}],"author":[{"embeddable":true,"href":"https:\/\/www.meydan.tv\/az\/wp-json\/wp\/v2\/users\/11"}],"replies":[{"embeddable":true,"href":"https:\/\/www.meydan.tv\/az\/wp-json\/wp\/v2\/comments?post=213357"}],"version-history":[{"count":0,"href":"https:\/\/www.meydan.tv\/az\/wp-json\/wp\/v2\/posts\/213357\/revisions"}],"wp:featuredmedia":[{"embeddable":true,"href":"https:\/\/www.meydan.tv\/az\/wp-json\/wp\/v2\/media\/211332"}],"wp:attachment":[{"href":"https:\/\/www.meydan.tv\/az\/wp-json\/wp\/v2\/media?parent=213357"}],"wp:term":[{"taxonomy":"category","embeddable":true,"href":"https:\/\/www.meydan.tv\/az\/wp-json\/wp\/v2\/categories?post=213357"},{"taxonomy":"post_tag","embeddable":true,"href":"https:\/\/www.meydan.tv\/az\/wp-json\/wp\/v2\/tags?post=213357"}],"curies":[{"name":"wp","href":"https:\/\/api.w.org\/{rel}","templated":true}]}}