{"id":213354,"date":"2021-10-19T13:10:39","date_gmt":"2021-10-19T13:10:39","guid":{"rendered":"https:\/\/www.meydan.tv\/article\/iran-yuk-masinlarinin-astarada-saxlanildigini-deyir-azerbaycan-tekzib-edir\/"},"modified":"2021-10-19T13:10:39","modified_gmt":"2021-10-19T13:10:39","slug":"iran-yuk-masinlarinin-astarada-saxlanildigini-deyir-azerbaycan-tekzib-edir","status":"publish","type":"post","link":"https:\/\/www.meydan.tv\/az\/article\/iran-yuk-masinlarinin-astarada-saxlanildigini-deyir-azerbaycan-tekzib-edir\/","title":{"rendered":"\u0130ran y\u00fck ma\u015f\u0131nlar\u0131n\u0131n Astarada saxlan\u0131ld\u0131\u011f\u0131n\u0131 deyir, Az\u0259rbaycan t\u0259kzib edir"},"content":{"rendered":"<p>\n  <i><br \/>\n    Az\u0259rbaycan G\u00f6mr\u00fck Komit\u0259si: \u201cBuna siyasi don geyindirm\u0259k yolverilm\u0259zdir\u201d<br \/>\n  <\/i>\n<\/p>\n<p>\n  \u0130ran-Rusiya Ticar\u0259t Palatas\u0131n\u0131n \u00fczv\u00fc Seyid C\u0259lalif\u0259ri Az\u0259rbaycan g\u00f6mr\u00fcy\u00fcn\u00fcn Astarada \u0130ran y\u00fck ma\u015f\u0131nlar\u0131n\u0131 saxlad\u0131\u011f\u0131n\u0131 iddia edib.\n<\/p>\n<p>\n  O, bu bar\u0259d\u0259 \u0130ran\u0131n ILNA agentliyin\u0259 m\u00fcsahib\u0259sind\u0259 deyib.\n<\/p>\n<p>\n  C\u0259lalif\u0259r bildirib ki, Az\u0259rbaycan t\u0259r\u0259fi q\u0259sd\u0259n elektrik enerjisini k\u0259sir: \u201cRentgenin i\u015fl\u0259m\u0259diyin\u0259 v\u0259 ya narkotik yoxlayan itl\u0259rin olmad\u0131\u011f\u0131na istinad edir v\u0259 Rusiyaya ged\u0259n \u0130ran y\u00fck ma\u015f\u0131nlar\u0131n\u0131 saxlay\u0131r. Bu s\u0259b\u0259bd\u0259n s\u0259rh\u0259dd\u0259 y\u00fck ma\u015f\u0131nlar\u0131ndan ibar\u0259t 10 kilometrlik n\u00f6vb\u0259 yaran\u0131b\u201d.\n<\/p>\n<p>\n  O qeyd edib ki, y\u00fck ma\u015f\u0131nlar\u0131 tez xarab olan meyv\u0259 v\u0259 t\u0259r\u0259v\u0259z da\u015f\u0131y\u0131r, buna g\u00f6r\u0259 y\u00fckl\u0259r xarab olur.\n<\/p>\n<p>\n  C\u0259lalif\u0259rin s\u00f6zl\u0259rin\u0259 g\u00f6r\u0259, problem \u0130ran\u0131n Az\u0259rbaycanla s\u0259rh\u0259dd\u0259 h\u0259rbi t\u0259liml\u0259r ke\u00e7irm\u0259y\u0259 ba\u015flad\u0131qdan v\u0259 bu \u00f6lk\u0259 il\u0259 m\u00fcnasib\u0259tl\u0259ri korlad\u0131qdan sonra yaran\u0131b.\n<\/p>\n<p>\n  Az\u0259rbaycan G\u00f6mr\u00fck Komit\u0259si is\u0259 \u0130ran y\u00fck ma\u015f\u0131nlar\u0131n\u0131n saxlanmas\u0131 haqq\u0131nda iddialar\u0131 t\u0259kzib edib.\n<\/p>\n<p>\n  Bu bar\u0259d\u0259 \u201cTuran\u201d Agentliyi m\u0259lumat yay\u0131b.\n<\/p>\n<p>\n  Komit\u0259nin 19 oktyabr tarixli m\u0259lumat\u0131nda deyilir ki, oktyabr\u0131n 15-d\u0259n 16-na q\u0259d\u0259r 10 saat \u0259rzind\u0259 \u0130ran t\u0259r\u0259find\u0259 komp\u00fcter sistemind\u0259 yaranan nasazl\u0131q v\u0259 bu m\u00fcdd\u0259t \u0259rzind\u0259 y\u00fck avtomobill\u0259rinin ke\u00e7idinin t\u0259min edilm\u0259m\u0259si, el\u0259c\u0259 d\u0259 \u0130ran\u0131n Astara \u015f\u0259h\u0259rind\u0259 meyv\u0259-t\u0259r\u0259v\u0259z anbarlar\u0131nda y\u00fckl\u0259m\u0259-bo\u015faltma \u0259m\u0259liyyatlar\u0131nda m\u00f6vcud olan uzun n\u00f6vb\u0259l\u0259r s\u0131xl\u0131\u011f\u0131n yaranmas\u0131na s\u0259b\u0259b olub.\n<\/p>\n<p>\n  \u201c\u0130ran t\u0259r\u0259find\u0259ki probleml\u0259rd\u0259n qaynaqlanan s\u0131xl\u0131qda Az\u0259rbaycan\u0131 g\u00fcnahland\u0131rmaq v\u0259 buna siyasi don geyindirm\u0259k yolverilm\u0259zdir\u201d, &#8211; dey\u0259 m\u0259lumatda bildirilir.<\/p>\n","protected":false},"excerpt":{"rendered":"<p>Az\u0259rbaycan G\u00f6mr\u00fck Komit\u0259si: \u201cBuna siyasi don geyindirm\u0259k yolverilm\u0259zdir\u201d<\/p>\n","protected":false},"author":11,"featured_media":211326,"comment_status":"closed","ping_status":"open","sticky":false,"template":"","format":"standard","meta":{"_acf_changed":false,"_sitemap_exclude":false,"_sitemap_priority":"","_sitemap_frequency":"","footnotes":""},"categories":[56],"tags":[],"class_list":["post-213354","post","type-post","status-publish","format-standard","has-post-thumbnail","hentry","category-xeberler","infinite-scroll-item","generate-columns","tablet-grid-50","mobile-grid-100","grid-parent","grid-33","no-featured-image-padding"],"acf":[],"yoast_head":"<!-- This site is optimized with the Yoast SEO plugin v27.5 - https:\/\/yoast.com\/product\/yoast-seo-wordpress\/ -->\n<title>\u0130ran y\u00fck ma\u015f\u0131nlar\u0131n\u0131n Astarada saxlan\u0131ld\u0131\u011f\u0131n\u0131 deyir, Az\u0259rbaycan t\u0259kzib edir - MEYDAN.TV<\/title>\n<meta name=\"robots\" content=\"index, follow, max-snippet:-1, max-image-preview:large, max-video-preview:-1\" \/>\n<link rel=\"canonical\" href=\"https:\/\/www.meydan.tv\/az\/article\/iran-yuk-masinlarinin-astarada-saxlanildigini-deyir-azerbaycan-tekzib-edir\/\" \/>\n<meta property=\"og:locale\" content=\"az_AZ\" \/>\n<meta property=\"og:type\" content=\"article\" \/>\n<meta property=\"og:title\" content=\"\u0130ran y\u00fck ma\u015f\u0131nlar\u0131n\u0131n Astarada saxlan\u0131ld\u0131\u011f\u0131n\u0131 deyir, Az\u0259rbaycan t\u0259kzib edir - MEYDAN.TV\" \/>\n<meta property=\"og:description\" content=\"Az\u0259rbaycan G\u00f6mr\u00fck Komit\u0259si: \u201cBuna siyasi don geyindirm\u0259k yolverilm\u0259zdir\u201d\" \/>\n<meta property=\"og:url\" content=\"https:\/\/www.meydan.tv\/az\/article\/iran-yuk-masinlarinin-astarada-saxlanildigini-deyir-azerbaycan-tekzib-edir\/\" \/>\n<meta property=\"og:site_name\" content=\"MEYDAN.TV\" \/>\n<meta property=\"article:published_time\" content=\"2021-10-19T13:10:39+00:00\" \/>\n<meta property=\"og:image\" content=\"https:\/\/www.meydan.tv\/wp-content\/uploads\/147af91d-a33e-4f7b-ba5c-741a6d7e33d4_w1200_r1.jpeg\" \/>\n\t<meta property=\"og:image:width\" content=\"1200\" \/>\n\t<meta property=\"og:image:height\" content=\"675\" \/>\n\t<meta property=\"og:image:type\" content=\"image\/jpeg\" \/>\n<meta name=\"author\" content=\"user-manager\" \/>\n<meta name=\"twitter:card\" content=\"summary_large_image\" \/>\n<script type=\"application\/ld+json\" class=\"yoast-schema-graph\">{\"@context\":\"https:\\\/\\\/schema.org\",\"@graph\":[{\"@type\":\"Article\",\"@id\":\"https:\\\/\\\/www.meydan.tv\\\/az\\\/article\\\/iran-yuk-masinlarinin-astarada-saxlanildigini-deyir-azerbaycan-tekzib-edir\\\/#article\",\"isPartOf\":{\"@id\":\"https:\\\/\\\/www.meydan.tv\\\/az\\\/article\\\/iran-yuk-masinlarinin-astarada-saxlanildigini-deyir-azerbaycan-tekzib-edir\\\/\"},\"author\":{\"name\":\"user-manager\",\"@id\":\"https:\\\/\\\/www.meydan.tv\\\/az\\\/#\\\/schema\\\/person\\\/10d11eccf6da3662cf5fdab9806ea91a\"},\"headline\":\"\u0130ran y\u00fck ma\u015f\u0131nlar\u0131n\u0131n Astarada saxlan\u0131ld\u0131\u011f\u0131n\u0131 deyir, Az\u0259rbaycan t\u0259kzib edir\",\"datePublished\":\"2021-10-19T13:10:39+00:00\",\"mainEntityOfPage\":{\"@id\":\"https:\\\/\\\/www.meydan.tv\\\/az\\\/article\\\/iran-yuk-masinlarinin-astarada-saxlanildigini-deyir-azerbaycan-tekzib-edir\\\/\"},\"wordCount\":351,\"publisher\":{\"@id\":\"https:\\\/\\\/www.meydan.tv\\\/az\\\/#organization\"},\"image\":{\"@id\":\"https:\\\/\\\/www.meydan.tv\\\/az\\\/article\\\/iran-yuk-masinlarinin-astarada-saxlanildigini-deyir-azerbaycan-tekzib-edir\\\/#primaryimage\"},\"thumbnailUrl\":\"https:\\\/\\\/www.meydan.tv\\\/wp-content\\\/uploads\\\/147af91d-a33e-4f7b-ba5c-741a6d7e33d4_w1200_r1.jpeg\",\"articleSection\":[\"X\u0259b\u0259rl\u0259r\"],\"inLanguage\":\"az\"},{\"@type\":\"WebPage\",\"@id\":\"https:\\\/\\\/www.meydan.tv\\\/az\\\/article\\\/iran-yuk-masinlarinin-astarada-saxlanildigini-deyir-azerbaycan-tekzib-edir\\\/\",\"url\":\"https:\\\/\\\/www.meydan.tv\\\/az\\\/article\\\/iran-yuk-masinlarinin-astarada-saxlanildigini-deyir-azerbaycan-tekzib-edir\\\/\",\"name\":\"\u0130ran y\u00fck ma\u015f\u0131nlar\u0131n\u0131n Astarada saxlan\u0131ld\u0131\u011f\u0131n\u0131 deyir, Az\u0259rbaycan t\u0259kzib edir - MEYDAN.TV\",\"isPartOf\":{\"@id\":\"https:\\\/\\\/www.meydan.tv\\\/az\\\/#website\"},\"primaryImageOfPage\":{\"@id\":\"https:\\\/\\\/www.meydan.tv\\\/az\\\/article\\\/iran-yuk-masinlarinin-astarada-saxlanildigini-deyir-azerbaycan-tekzib-edir\\\/#primaryimage\"},\"image\":{\"@id\":\"https:\\\/\\\/www.meydan.tv\\\/az\\\/article\\\/iran-yuk-masinlarinin-astarada-saxlanildigini-deyir-azerbaycan-tekzib-edir\\\/#primaryimage\"},\"thumbnailUrl\":\"https:\\\/\\\/www.meydan.tv\\\/wp-content\\\/uploads\\\/147af91d-a33e-4f7b-ba5c-741a6d7e33d4_w1200_r1.jpeg\",\"datePublished\":\"2021-10-19T13:10:39+00:00\",\"breadcrumb\":{\"@id\":\"https:\\\/\\\/www.meydan.tv\\\/az\\\/article\\\/iran-yuk-masinlarinin-astarada-saxlanildigini-deyir-azerbaycan-tekzib-edir\\\/#breadcrumb\"},\"inLanguage\":\"az\",\"potentialAction\":[{\"@type\":\"ReadAction\",\"target\":[\"https:\\\/\\\/www.meydan.tv\\\/az\\\/article\\\/iran-yuk-masinlarinin-astarada-saxlanildigini-deyir-azerbaycan-tekzib-edir\\\/\"]}]},{\"@type\":\"ImageObject\",\"inLanguage\":\"az\",\"@id\":\"https:\\\/\\\/www.meydan.tv\\\/az\\\/article\\\/iran-yuk-masinlarinin-astarada-saxlanildigini-deyir-azerbaycan-tekzib-edir\\\/#primaryimage\",\"url\":\"https:\\\/\\\/www.meydan.tv\\\/wp-content\\\/uploads\\\/147af91d-a33e-4f7b-ba5c-741a6d7e33d4_w1200_r1.jpeg\",\"contentUrl\":\"https:\\\/\\\/www.meydan.tv\\\/wp-content\\\/uploads\\\/147af91d-a33e-4f7b-ba5c-741a6d7e33d4_w1200_r1.jpeg\",\"width\":1200,\"height\":675,\"caption\":\"Source: Azadl\u0131q Radiosu\"},{\"@type\":\"BreadcrumbList\",\"@id\":\"https:\\\/\\\/www.meydan.tv\\\/az\\\/article\\\/iran-yuk-masinlarinin-astarada-saxlanildigini-deyir-azerbaycan-tekzib-edir\\\/#breadcrumb\",\"itemListElement\":[{\"@type\":\"ListItem\",\"position\":1,\"name\":\"Ana s\u0259hif\u0259\",\"item\":\"https:\\\/\\\/www.meydan.tv\\\/az\\\/\"},{\"@type\":\"ListItem\",\"position\":2,\"name\":\"X\u0259b\u0259rl\u0259r\",\"item\":\"https:\\\/\\\/www.meydan.tv\\\/az\\\/section\\\/xeberler\\\/\"},{\"@type\":\"ListItem\",\"position\":3,\"name\":\"\u0130ran y\u00fck ma\u015f\u0131nlar\u0131n\u0131n Astarada saxlan\u0131ld\u0131\u011f\u0131n\u0131 deyir, Az\u0259rbaycan t\u0259kzib edir\"}]},{\"@type\":\"WebSite\",\"@id\":\"https:\\\/\\\/www.meydan.tv\\\/az\\\/#website\",\"url\":\"https:\\\/\\\/www.meydan.tv\\\/az\\\/\",\"name\":\"MEYDAN.TV\",\"description\":\"Meydan TV Az\u0259rbaycan\u0131n media m\u0259kan\u0131ndak\u0131 alternativ s\u0259sidir\",\"publisher\":{\"@id\":\"https:\\\/\\\/www.meydan.tv\\\/az\\\/#organization\"},\"potentialAction\":[{\"@type\":\"SearchAction\",\"target\":{\"@type\":\"EntryPoint\",\"urlTemplate\":\"https:\\\/\\\/www.meydan.tv\\\/az\\\/?s={search_term_string}\"},\"query-input\":{\"@type\":\"PropertyValueSpecification\",\"valueRequired\":true,\"valueName\":\"search_term_string\"}}],\"inLanguage\":\"az\"},{\"@type\":\"Organization\",\"@id\":\"https:\\\/\\\/www.meydan.tv\\\/az\\\/#organization\",\"name\":\"Meydan TV\",\"url\":\"https:\\\/\\\/www.meydan.tv\\\/az\\\/\",\"logo\":{\"@type\":\"ImageObject\",\"inLanguage\":\"az\",\"@id\":\"https:\\\/\\\/www.meydan.tv\\\/az\\\/#\\\/schema\\\/logo\\\/image\\\/\",\"url\":\"https:\\\/\\\/www.meydan.tv\\\/wp-content\\\/uploads\\\/2021\\\/07\\\/meydan-logo.svg\",\"contentUrl\":\"https:\\\/\\\/www.meydan.tv\\\/wp-content\\\/uploads\\\/2021\\\/07\\\/meydan-logo.svg\",\"width\":195,\"height\":46,\"caption\":\"Meydan TV\"},\"image\":{\"@id\":\"https:\\\/\\\/www.meydan.tv\\\/az\\\/#\\\/schema\\\/logo\\\/image\\\/\"}},{\"@type\":\"Person\",\"@id\":\"https:\\\/\\\/www.meydan.tv\\\/az\\\/#\\\/schema\\\/person\\\/10d11eccf6da3662cf5fdab9806ea91a\",\"name\":\"user-manager\"}]}<\/script>\n<!-- \/ Yoast SEO plugin. -->","yoast_head_json":{"title":"\u0130ran y\u00fck ma\u015f\u0131nlar\u0131n\u0131n Astarada saxlan\u0131ld\u0131\u011f\u0131n\u0131 deyir, Az\u0259rbaycan t\u0259kzib edir - MEYDAN.TV","robots":{"index":"index","follow":"follow","max-snippet":"max-snippet:-1","max-image-preview":"max-image-preview:large","max-video-preview":"max-video-preview:-1"},"canonical":"https:\/\/www.meydan.tv\/az\/article\/iran-yuk-masinlarinin-astarada-saxlanildigini-deyir-azerbaycan-tekzib-edir\/","og_locale":"az_AZ","og_type":"article","og_title":"\u0130ran y\u00fck ma\u015f\u0131nlar\u0131n\u0131n Astarada saxlan\u0131ld\u0131\u011f\u0131n\u0131 deyir, Az\u0259rbaycan t\u0259kzib edir - MEYDAN.TV","og_description":"Az\u0259rbaycan G\u00f6mr\u00fck Komit\u0259si: \u201cBuna siyasi don geyindirm\u0259k yolverilm\u0259zdir\u201d","og_url":"https:\/\/www.meydan.tv\/az\/article\/iran-yuk-masinlarinin-astarada-saxlanildigini-deyir-azerbaycan-tekzib-edir\/","og_site_name":"MEYDAN.TV","article_published_time":"2021-10-19T13:10:39+00:00","og_image":[{"width":1200,"height":675,"url":"https:\/\/www.meydan.tv\/wp-content\/uploads\/147af91d-a33e-4f7b-ba5c-741a6d7e33d4_w1200_r1.jpeg","type":"image\/jpeg"}],"author":"user-manager","twitter_card":"summary_large_image","schema":{"@context":"https:\/\/schema.org","@graph":[{"@type":"Article","@id":"https:\/\/www.meydan.tv\/az\/article\/iran-yuk-masinlarinin-astarada-saxlanildigini-deyir-azerbaycan-tekzib-edir\/#article","isPartOf":{"@id":"https:\/\/www.meydan.tv\/az\/article\/iran-yuk-masinlarinin-astarada-saxlanildigini-deyir-azerbaycan-tekzib-edir\/"},"author":{"name":"user-manager","@id":"https:\/\/www.meydan.tv\/az\/#\/schema\/person\/10d11eccf6da3662cf5fdab9806ea91a"},"headline":"\u0130ran y\u00fck ma\u015f\u0131nlar\u0131n\u0131n Astarada saxlan\u0131ld\u0131\u011f\u0131n\u0131 deyir, Az\u0259rbaycan t\u0259kzib edir","datePublished":"2021-10-19T13:10:39+00:00","mainEntityOfPage":{"@id":"https:\/\/www.meydan.tv\/az\/article\/iran-yuk-masinlarinin-astarada-saxlanildigini-deyir-azerbaycan-tekzib-edir\/"},"wordCount":351,"publisher":{"@id":"https:\/\/www.meydan.tv\/az\/#organization"},"image":{"@id":"https:\/\/www.meydan.tv\/az\/article\/iran-yuk-masinlarinin-astarada-saxlanildigini-deyir-azerbaycan-tekzib-edir\/#primaryimage"},"thumbnailUrl":"https:\/\/www.meydan.tv\/wp-content\/uploads\/147af91d-a33e-4f7b-ba5c-741a6d7e33d4_w1200_r1.jpeg","articleSection":["X\u0259b\u0259rl\u0259r"],"inLanguage":"az"},{"@type":"WebPage","@id":"https:\/\/www.meydan.tv\/az\/article\/iran-yuk-masinlarinin-astarada-saxlanildigini-deyir-azerbaycan-tekzib-edir\/","url":"https:\/\/www.meydan.tv\/az\/article\/iran-yuk-masinlarinin-astarada-saxlanildigini-deyir-azerbaycan-tekzib-edir\/","name":"\u0130ran y\u00fck ma\u015f\u0131nlar\u0131n\u0131n Astarada saxlan\u0131ld\u0131\u011f\u0131n\u0131 deyir, Az\u0259rbaycan t\u0259kzib edir - MEYDAN.TV","isPartOf":{"@id":"https:\/\/www.meydan.tv\/az\/#website"},"primaryImageOfPage":{"@id":"https:\/\/www.meydan.tv\/az\/article\/iran-yuk-masinlarinin-astarada-saxlanildigini-deyir-azerbaycan-tekzib-edir\/#primaryimage"},"image":{"@id":"https:\/\/www.meydan.tv\/az\/article\/iran-yuk-masinlarinin-astarada-saxlanildigini-deyir-azerbaycan-tekzib-edir\/#primaryimage"},"thumbnailUrl":"https:\/\/www.meydan.tv\/wp-content\/uploads\/147af91d-a33e-4f7b-ba5c-741a6d7e33d4_w1200_r1.jpeg","datePublished":"2021-10-19T13:10:39+00:00","breadcrumb":{"@id":"https:\/\/www.meydan.tv\/az\/article\/iran-yuk-masinlarinin-astarada-saxlanildigini-deyir-azerbaycan-tekzib-edir\/#breadcrumb"},"inLanguage":"az","potentialAction":[{"@type":"ReadAction","target":["https:\/\/www.meydan.tv\/az\/article\/iran-yuk-masinlarinin-astarada-saxlanildigini-deyir-azerbaycan-tekzib-edir\/"]}]},{"@type":"ImageObject","inLanguage":"az","@id":"https:\/\/www.meydan.tv\/az\/article\/iran-yuk-masinlarinin-astarada-saxlanildigini-deyir-azerbaycan-tekzib-edir\/#primaryimage","url":"https:\/\/www.meydan.tv\/wp-content\/uploads\/147af91d-a33e-4f7b-ba5c-741a6d7e33d4_w1200_r1.jpeg","contentUrl":"https:\/\/www.meydan.tv\/wp-content\/uploads\/147af91d-a33e-4f7b-ba5c-741a6d7e33d4_w1200_r1.jpeg","width":1200,"height":675,"caption":"Source: Azadl\u0131q Radiosu"},{"@type":"BreadcrumbList","@id":"https:\/\/www.meydan.tv\/az\/article\/iran-yuk-masinlarinin-astarada-saxlanildigini-deyir-azerbaycan-tekzib-edir\/#breadcrumb","itemListElement":[{"@type":"ListItem","position":1,"name":"Ana s\u0259hif\u0259","item":"https:\/\/www.meydan.tv\/az\/"},{"@type":"ListItem","position":2,"name":"X\u0259b\u0259rl\u0259r","item":"https:\/\/www.meydan.tv\/az\/section\/xeberler\/"},{"@type":"ListItem","position":3,"name":"\u0130ran y\u00fck ma\u015f\u0131nlar\u0131n\u0131n Astarada saxlan\u0131ld\u0131\u011f\u0131n\u0131 deyir, Az\u0259rbaycan t\u0259kzib edir"}]},{"@type":"WebSite","@id":"https:\/\/www.meydan.tv\/az\/#website","url":"https:\/\/www.meydan.tv\/az\/","name":"MEYDAN.TV","description":"Meydan TV Az\u0259rbaycan\u0131n media m\u0259kan\u0131ndak\u0131 alternativ s\u0259sidir","publisher":{"@id":"https:\/\/www.meydan.tv\/az\/#organization"},"potentialAction":[{"@type":"SearchAction","target":{"@type":"EntryPoint","urlTemplate":"https:\/\/www.meydan.tv\/az\/?s={search_term_string}"},"query-input":{"@type":"PropertyValueSpecification","valueRequired":true,"valueName":"search_term_string"}}],"inLanguage":"az"},{"@type":"Organization","@id":"https:\/\/www.meydan.tv\/az\/#organization","name":"Meydan TV","url":"https:\/\/www.meydan.tv\/az\/","logo":{"@type":"ImageObject","inLanguage":"az","@id":"https:\/\/www.meydan.tv\/az\/#\/schema\/logo\/image\/","url":"https:\/\/www.meydan.tv\/wp-content\/uploads\/2021\/07\/meydan-logo.svg","contentUrl":"https:\/\/www.meydan.tv\/wp-content\/uploads\/2021\/07\/meydan-logo.svg","width":195,"height":46,"caption":"Meydan TV"},"image":{"@id":"https:\/\/www.meydan.tv\/az\/#\/schema\/logo\/image\/"}},{"@type":"Person","@id":"https:\/\/www.meydan.tv\/az\/#\/schema\/person\/10d11eccf6da3662cf5fdab9806ea91a","name":"user-manager"}]}},"_links":{"self":[{"href":"https:\/\/www.meydan.tv\/az\/wp-json\/wp\/v2\/posts\/213354","targetHints":{"allow":["GET"]}}],"collection":[{"href":"https:\/\/www.meydan.tv\/az\/wp-json\/wp\/v2\/posts"}],"about":[{"href":"https:\/\/www.meydan.tv\/az\/wp-json\/wp\/v2\/types\/post"}],"author":[{"embeddable":true,"href":"https:\/\/www.meydan.tv\/az\/wp-json\/wp\/v2\/users\/11"}],"replies":[{"embeddable":true,"href":"https:\/\/www.meydan.tv\/az\/wp-json\/wp\/v2\/comments?post=213354"}],"version-history":[{"count":0,"href":"https:\/\/www.meydan.tv\/az\/wp-json\/wp\/v2\/posts\/213354\/revisions"}],"wp:featuredmedia":[{"embeddable":true,"href":"https:\/\/www.meydan.tv\/az\/wp-json\/wp\/v2\/media\/211326"}],"wp:attachment":[{"href":"https:\/\/www.meydan.tv\/az\/wp-json\/wp\/v2\/media?parent=213354"}],"wp:term":[{"taxonomy":"category","embeddable":true,"href":"https:\/\/www.meydan.tv\/az\/wp-json\/wp\/v2\/categories?post=213354"},{"taxonomy":"post_tag","embeddable":true,"href":"https:\/\/www.meydan.tv\/az\/wp-json\/wp\/v2\/tags?post=213354"}],"curies":[{"name":"wp","href":"https:\/\/api.w.org\/{rel}","templated":true}]}}